{"id":171183,"date":"2023-01-20T21:37:50","date_gmt":"2023-01-20T20:37:50","guid":{"rendered":"https:\/\/candas365.es\/noticias\/?p=171183"},"modified":"2023-01-20T21:37:50","modified_gmt":"2023-01-20T20:37:50","slug":"josep-borrell-hay-que-ayudar-a-ucrania-a-que-gane-esta-guerra","status":"publish","type":"post","link":"https:\/\/candas365.es\/noticias\/josep-borrell-hay-que-ayudar-a-ucrania-a-que-gane-esta-guerra\/","title":{"rendered":"Josep Borrell: \u00abHay que ayudar a Ucrania a que gane esta guerra\u00bb"},"content":{"rendered":"<p>(EP) &#8211; El Alto Representante de Pol\u00edtica Exterior de la UE, Josep Borrell, ha respaldado este viernes el env\u00edo a Ucrania de tanques, un elemento que conf\u00eda en que ayude a las fuerzas ucranianas a recuperar terreno frente a las tropas de Rusia.<\/p>\n<figure id=\"attachment_171184\" aria-describedby=\"caption-attachment-171184\" style=\"width: 650px\" class=\"wp-caption aligncenter\"><img fetchpriority=\"high\" decoding=\"async\" class=\"wp-image-171184 size-large\" src=\"https:\/\/candas365.es\/noticias\/wp-content\/uploads\/2023\/01\/Borrell-650x429.jpg\" alt=\"Borrell\" width=\"650\" height=\"429\" srcset=\"https:\/\/candas365.es\/noticias\/wp-content\/uploads\/2023\/01\/Borrell-650x429.jpg 650w, https:\/\/candas365.es\/noticias\/wp-content\/uploads\/2023\/01\/Borrell-360x238.jpg 360w, https:\/\/candas365.es\/noticias\/wp-content\/uploads\/2023\/01\/Borrell-768x507.jpg 768w, https:\/\/candas365.es\/noticias\/wp-content\/uploads\/2023\/01\/Borrell-150x99.jpg 150w, https:\/\/candas365.es\/noticias\/wp-content\/uploads\/2023\/01\/Borrell-450x297.jpg 450w, https:\/\/candas365.es\/noticias\/wp-content\/uploads\/2023\/01\/Borrell.jpg 1004w\" sizes=\"(max-width: 650px) 100vw, 650px\" \/><figcaption id=\"caption-attachment-171184\" class=\"wp-caption-text\">Foto: Alejandro Mart\u00ednez V\u00e9lez &#8211; Europa Press<\/figcaption><\/figure>\n<p>\u00abHay que ayudar a Ucrania a que gane esta guerra\u00bb, ha defendido el jefe de la diplomacia europea en declaraciones a los periodistas con motivo de la recepci\u00f3n del Premio Nueva Econom\u00eda Forum 2022 en el Teatro Real de Madrid.<\/p>\n<p>Borrell ve necesario dotar a Ucrania de armas que no s\u00f3lo sirvan para \u00abrechazar\u00bb los envites rusos, sino tambi\u00e9n otros equipos pesados como los tanques que \u00abha solicitado\u00bb expl\u00edcitamente el presidente ucraniano, Volodimir Zelenski.<\/p>\n<p>\u00abEspero que esta sea la decisi\u00f3n que se tome\u00bb, ha a\u00f1adido, en alusi\u00f3n a la reuni\u00f3n convocada en Ramstein (Alemania) para hablar del futuro de Ucrania. Sobre las reticencias del Gobierno alem\u00e1n, Borrell ha apuntado que espera que este foro sirva \u00abpara resolver las preocupaciones de unos y otros\u00bb.<\/p>\n<p>En este sentido, ha matizado que los pa\u00edses europeos no est\u00e1n \u00aben guerra con Rusia\u00bb y que durante estos \u00faltimos meses se han tomado \u00abtodas las precauciones\u00bb para que la ayuda militar brindada a Ucrania, tambi\u00e9n la militar, \u00abno se convierta en beligerancia\u00bb.<\/p>\n","protected":false},"excerpt":{"rendered":"<p>(EP) &#8211; El Alto Representante de Pol\u00edtica Exterior de la UE, Josep Borrell, ha respaldado este viernes el env\u00edo a Ucrania de tanques, un elemento que conf\u00eda en que ayude a las fuerzas ucranianas a recuperar terreno frente a las tropas de Rusia. \u00abHay que ayudar a Ucrania a que gane esta guerra\u00bb, ha defendido<\/p>\n","protected":false},"author":1,"featured_media":171184,"comment_status":"closed","ping_status":"closed","sticky":false,"template":"","format":"standard","meta":{"footnotes":""},"categories":[485],"tags":[464,418],"class_list":{"0":"post-171183","1":"post","2":"type-post","3":"status-publish","4":"format-standard","5":"has-post-thumbnail","7":"category-internacional","8":"tag-conflictos","9":"tag-internacional"},"aioseo_notices":[],"aioseo_head":"\n\t\t<!-- All in One SEO Pro 4.9.6.2 - aioseo.com -->\n\t<meta name=\"description\" content=\"(EP) - El Alto Representante de Pol\u00edtica Exterior de la UE, Josep Borrell, ha respaldado este viernes el env\u00edo a Ucrania de tanques, un elemento que conf\u00eda\" \/>\n\t<meta name=\"robots\" content=\"max-image-preview:large\" \/>\n\t<meta name=\"author\" content=\"Cand\u00e1s 365\"\/>\n\t<meta name=\"google-site-verification\" content=\"UA-32230408-1\" \/>\n\t<meta name=\"msvalidate.01\" content=\"354F3CDFB2DA171B47FBE9ABF1F88D5\" \/>\n\t<meta name=\"keywords\" content=\"internacional\" \/>\n\t<link rel=\"canonical\" href=\"https:\/\/candas365.es\/noticias\/josep-borrell-hay-que-ayudar-a-ucrania-a-que-gane-esta-guerra\/\" \/>\n\t<meta name=\"generator\" content=\"All in One SEO Pro (AIOSEO) 4.9.6.2\" \/>\n\t\t<meta property=\"og:locale\" content=\"es_ES\" \/>\n\t\t<meta property=\"og:site_name\" content=\"Cand\u00e1s 365\" \/>\n\t\t<meta property=\"og:type\" content=\"article\" \/>\n\t\t<meta property=\"og:title\" content=\"Josep Borrell: \u00abHay que ayudar a Ucrania a que gane esta guerra\u00bb | Cand\u00e1s 365\" \/>\n\t\t<meta property=\"og:description\" content=\"(EP) - El Alto Representante de Pol\u00edtica Exterior de la UE, Josep Borrell, ha respaldado este viernes el env\u00edo a Ucrania de tanques, un elemento que conf\u00eda\" \/>\n\t\t<meta property=\"og:url\" content=\"https:\/\/candas365.es\/noticias\/josep-borrell-hay-que-ayudar-a-ucrania-a-que-gane-esta-guerra\/\" \/>\n\t\t<meta property=\"og:image\" content=\"https:\/\/candas365.es\/noticias\/wp-content\/uploads\/2023\/01\/Borrell.jpg\" \/>\n\t\t<meta property=\"og:image:secure_url\" content=\"https:\/\/candas365.es\/noticias\/wp-content\/uploads\/2023\/01\/Borrell.jpg\" \/>\n\t\t<meta property=\"og:image:width\" content=\"1004\" \/>\n\t\t<meta property=\"og:image:height\" content=\"663\" \/>\n\t\t<meta property=\"article:published_time\" content=\"2023-01-20T20:37:50+00:00\" \/>\n\t\t<meta property=\"article:modified_time\" content=\"2023-01-20T20:37:50+00:00\" \/>\n\t\t<meta property=\"article:publisher\" content=\"https:\/\/www.facebook.com\/Nachofdezber\" \/>\n\t\t<meta property=\"article:author\" content=\"https:\/\/www.facebook.com\/carrenoactualidad\" \/>\n\t\t<meta name=\"twitter:card\" content=\"summary_large_image\" \/>\n\t\t<meta name=\"twitter:site\" content=\"@NabercoDigital\" \/>\n\t\t<meta name=\"twitter:title\" content=\"Josep Borrell: \u00abHay que ayudar a Ucrania a que gane esta guerra\u00bb | Cand\u00e1s 365\" \/>\n\t\t<meta name=\"twitter:description\" content=\"(EP) - El Alto Representante de Pol\u00edtica Exterior de la UE, Josep Borrell, ha respaldado este viernes el env\u00edo a Ucrania de tanques, un elemento que conf\u00eda\" \/>\n\t\t<meta name=\"twitter:creator\" content=\"@nbasturias\" \/>\n\t\t<meta name=\"twitter:image\" content=\"https:\/\/candas365.es\/noticias\/wp-content\/uploads\/2023\/01\/Borrell.jpg\" \/>\n\t\t<meta name=\"twitter:label1\" content=\"Escrito por\" \/>\n\t\t<meta name=\"twitter:data1\" content=\"Cand\u00e1s 365\" \/>\n\t\t<meta name=\"twitter:label2\" content=\"Tiempo de lectura estimado\" \/>\n\t\t<meta name=\"twitter:data2\" content=\"1 minuto\" \/>\n\t\t<script type=\"application\/ld+json\" class=\"aioseo-schema\">\n\t\t\t{\"@context\":\"https:\\\/\\\/schema.org\",\"@graph\":[{\"@type\":\"BreadcrumbList\",\"@id\":\"https:\\\/\\\/candas365.es\\\/noticias\\\/josep-borrell-hay-que-ayudar-a-ucrania-a-que-gane-esta-guerra\\\/#breadcrumblist\",\"itemListElement\":[{\"@type\":\"ListItem\",\"@id\":\"https:\\\/\\\/candas365.es\\\/noticias#listItem\",\"position\":1,\"name\":\"Home\",\"item\":\"https:\\\/\\\/candas365.es\\\/noticias\",\"nextItem\":{\"@type\":\"ListItem\",\"@id\":\"https:\\\/\\\/candas365.es\\\/noticias\\\/category\\\/internacional\\\/#listItem\",\"name\":\"Internacional\"}},{\"@type\":\"ListItem\",\"@id\":\"https:\\\/\\\/candas365.es\\\/noticias\\\/category\\\/internacional\\\/#listItem\",\"position\":2,\"name\":\"Internacional\",\"item\":\"https:\\\/\\\/candas365.es\\\/noticias\\\/category\\\/internacional\\\/\",\"nextItem\":{\"@type\":\"ListItem\",\"@id\":\"https:\\\/\\\/candas365.es\\\/noticias\\\/josep-borrell-hay-que-ayudar-a-ucrania-a-que-gane-esta-guerra\\\/#listItem\",\"name\":\"Josep Borrell: \\u00abHay que ayudar a Ucrania a que gane esta guerra\\u00bb\"},\"previousItem\":{\"@type\":\"ListItem\",\"@id\":\"https:\\\/\\\/candas365.es\\\/noticias#listItem\",\"name\":\"Home\"}},{\"@type\":\"ListItem\",\"@id\":\"https:\\\/\\\/candas365.es\\\/noticias\\\/josep-borrell-hay-que-ayudar-a-ucrania-a-que-gane-esta-guerra\\\/#listItem\",\"position\":3,\"name\":\"Josep Borrell: \\u00abHay que ayudar a Ucrania a que gane esta guerra\\u00bb\",\"previousItem\":{\"@type\":\"ListItem\",\"@id\":\"https:\\\/\\\/candas365.es\\\/noticias\\\/category\\\/internacional\\\/#listItem\",\"name\":\"Internacional\"}}]},{\"@type\":\"NewsArticle\",\"@id\":\"https:\\\/\\\/candas365.es\\\/noticias\\\/josep-borrell-hay-que-ayudar-a-ucrania-a-que-gane-esta-guerra\\\/#newsarticle\",\"name\":\"Josep Borrell: \\u00abHay que ayudar a Ucrania a que gane esta guerra\\u00bb | Cand\\u00e1s 365\",\"headline\":\"Josep Borrell: \\u00abHay que ayudar a Ucrania a que gane esta guerra\\u00bb\",\"author\":{\"@id\":\"https:\\\/\\\/candas365.es\\\/noticias\\\/author\\\/admin\\\/#author\"},\"publisher\":{\"@id\":\"https:\\\/\\\/candas365.es\\\/noticias\\\/#organization\"},\"image\":{\"@type\":\"ImageObject\",\"url\":\"https:\\\/\\\/candas365.es\\\/noticias\\\/wp-content\\\/uploads\\\/2023\\\/01\\\/Borrell.jpg\",\"width\":1004,\"height\":663,\"caption\":\"Foto: Alejandro Mart\\u00ednez V\\u00e9lez - Europa Press\"},\"datePublished\":\"2023-01-20T21:37:50+01:00\",\"dateModified\":\"2023-01-20T21:37:50+01:00\",\"inLanguage\":\"es-ES\",\"mainEntityOfPage\":{\"@id\":\"https:\\\/\\\/candas365.es\\\/noticias\\\/josep-borrell-hay-que-ayudar-a-ucrania-a-que-gane-esta-guerra\\\/#webpage\"},\"isPartOf\":{\"@id\":\"https:\\\/\\\/candas365.es\\\/noticias\\\/josep-borrell-hay-que-ayudar-a-ucrania-a-que-gane-esta-guerra\\\/#webpage\"},\"articleSection\":\"Internacional, conflictos, Internacional\",\"dateline\":\"Publicado el enero 20, 2023.\"},{\"@type\":\"Organization\",\"@id\":\"https:\\\/\\\/candas365.es\\\/noticias\\\/#organization\",\"name\":\"Cand\\u00e1s 365\",\"description\":\"Cand\\u00e1s 365 es un diario digital independiente, fundado en 2012, con base en Asturias. Informamos con rigor sobre actualidad, sociedad, cultura y ocio, con una mirada local y global.\",\"url\":\"https:\\\/\\\/candas365.es\\\/noticias\\\/\",\"email\":\"info@candas365.es\",\"telephone\":\"+34652131393\",\"foundingDate\":\"2012-06-10\",\"logo\":{\"@type\":\"ImageObject\",\"url\":\"https:\\\/\\\/candas365.es\\\/noticias\\\/wp-content\\\/uploads\\\/2024\\\/09\\\/Candas-365-Redes.jpg\",\"@id\":\"https:\\\/\\\/candas365.es\\\/noticias\\\/josep-borrell-hay-que-ayudar-a-ucrania-a-que-gane-esta-guerra\\\/#organizationLogo\",\"width\":1152,\"height\":864,\"caption\":\"Cand\\u00e1s 365 Redes\"},\"image\":{\"@id\":\"https:\\\/\\\/candas365.es\\\/noticias\\\/josep-borrell-hay-que-ayudar-a-ucrania-a-que-gane-esta-guerra\\\/#organizationLogo\"},\"sameAs\":[\"https:\\\/\\\/www.facebook.com\\\/Nachofdezber\",\"https:\\\/\\\/x.com\\\/NabercoDigital\",\"https:\\\/\\\/www.instagram.com\\\/nachofdezber\\\/\",\"https:\\\/\\\/www.youtube.com\\\/channel\\\/UCZP-2wLEB9Rv6erhFmqVnvg\"],\"address\":{\"@id\":\"https:\\\/\\\/candas365.es\\\/noticias\\\/#postaladdress\",\"@type\":\"PostalAddress\",\"streetAddress\":\"san antonio 4, san antonio 4\",\"postalCode\":\"33430\",\"addressLocality\":\"Cand\\u00e1s\",\"addressRegion\":\"Asturias\",\"addressCountry\":\"ES\"}},{\"@type\":\"Person\",\"@id\":\"https:\\\/\\\/candas365.es\\\/noticias\\\/author\\\/admin\\\/#author\",\"url\":\"https:\\\/\\\/candas365.es\\\/noticias\\\/author\\\/admin\\\/\",\"name\":\"Cand\\u00e1s 365\",\"image\":{\"@type\":\"ImageObject\",\"@id\":\"https:\\\/\\\/candas365.es\\\/noticias\\\/josep-borrell-hay-que-ayudar-a-ucrania-a-que-gane-esta-guerra\\\/#authorImage\",\"url\":\"https:\\\/\\\/secure.gravatar.com\\\/avatar\\\/496a8e03d0c493ede1718b7934145dbdf8d89be1036b0eec9544e1094c9de390?s=96&d=mm&r=g\",\"width\":96,\"height\":96,\"caption\":\"Cand\\u00e1s 365\"},\"sameAs\":[\"https:\\\/\\\/www.facebook.com\\\/carrenoactualidad\",\"https:\\\/\\\/twitter.com\\\/nbasturias\",\"https:\\\/\\\/www.instagram.com\\\/nachofdezber\\\/\",\"https:\\\/\\\/www.youtube.com\\\/channel\\\/UCZP-2wLEB9Rv6erhFmqVnvg\"]},{\"@type\":\"WebPage\",\"@id\":\"https:\\\/\\\/candas365.es\\\/noticias\\\/josep-borrell-hay-que-ayudar-a-ucrania-a-que-gane-esta-guerra\\\/#webpage\",\"url\":\"https:\\\/\\\/candas365.es\\\/noticias\\\/josep-borrell-hay-que-ayudar-a-ucrania-a-que-gane-esta-guerra\\\/\",\"name\":\"Josep Borrell: \\u00abHay que ayudar a Ucrania a que gane esta guerra\\u00bb | Cand\\u00e1s 365\",\"description\":\"(EP) - El Alto Representante de Pol\\u00edtica Exterior de la UE, Josep Borrell, ha respaldado este viernes el env\\u00edo a Ucrania de tanques, un elemento que conf\\u00eda\",\"inLanguage\":\"es-ES\",\"isPartOf\":{\"@id\":\"https:\\\/\\\/candas365.es\\\/noticias\\\/#website\"},\"breadcrumb\":{\"@id\":\"https:\\\/\\\/candas365.es\\\/noticias\\\/josep-borrell-hay-que-ayudar-a-ucrania-a-que-gane-esta-guerra\\\/#breadcrumblist\"},\"author\":{\"@id\":\"https:\\\/\\\/candas365.es\\\/noticias\\\/author\\\/admin\\\/#author\"},\"creator\":{\"@id\":\"https:\\\/\\\/candas365.es\\\/noticias\\\/author\\\/admin\\\/#author\"},\"image\":{\"@type\":\"ImageObject\",\"url\":\"https:\\\/\\\/candas365.es\\\/noticias\\\/wp-content\\\/uploads\\\/2023\\\/01\\\/Borrell.jpg\",\"@id\":\"https:\\\/\\\/candas365.es\\\/noticias\\\/josep-borrell-hay-que-ayudar-a-ucrania-a-que-gane-esta-guerra\\\/#mainImage\",\"width\":1004,\"height\":663,\"caption\":\"Foto: Alejandro Mart\\u00ednez V\\u00e9lez - Europa Press\"},\"primaryImageOfPage\":{\"@id\":\"https:\\\/\\\/candas365.es\\\/noticias\\\/josep-borrell-hay-que-ayudar-a-ucrania-a-que-gane-esta-guerra\\\/#mainImage\"},\"datePublished\":\"2023-01-20T21:37:50+01:00\",\"dateModified\":\"2023-01-20T21:37:50+01:00\"},{\"@type\":\"WebSite\",\"@id\":\"https:\\\/\\\/candas365.es\\\/noticias\\\/#website\",\"url\":\"https:\\\/\\\/candas365.es\\\/noticias\\\/\",\"name\":\"Cand\\u00e1s 365\",\"alternateName\":\"Cand\\u00e1s 365 Noticias\",\"description\":\"Actualidad desde Carre\\u00f1o para el mundo\",\"inLanguage\":\"es-ES\",\"publisher\":{\"@id\":\"https:\\\/\\\/candas365.es\\\/noticias\\\/#organization\"}}]}\n\t\t<\/script>\n\t\t<!-- All in One SEO Pro -->\r\n\t\t<title>Josep Borrell: \u00abHay que ayudar a Ucrania a que gane esta guerra\u00bb | Cand\u00e1s 365<\/title>\n\n","aioseo_head_json":{"title":"Josep Borrell: \u00abHay que ayudar a Ucrania a que gane esta guerra\u00bb | Cand\u00e1s 365","description":"(EP) - El Alto Representante de Pol\u00edtica Exterior de la UE, Josep Borrell, ha respaldado este viernes el env\u00edo a Ucrania de tanques, un elemento que conf\u00eda","canonical_url":"https:\/\/candas365.es\/noticias\/josep-borrell-hay-que-ayudar-a-ucrania-a-que-gane-esta-guerra\/","robots":"max-image-preview:large","keywords":"internacional","webmasterTools":{"google-site-verification":"UA-32230408-1","msvalidate.01":"354F3CDFB2DA171B47FBE9ABF1F88D5","miscellaneous":""},"schema":{"@context":"https:\/\/schema.org","@graph":[{"@type":"BreadcrumbList","@id":"https:\/\/candas365.es\/noticias\/josep-borrell-hay-que-ayudar-a-ucrania-a-que-gane-esta-guerra\/#breadcrumblist","itemListElement":[{"@type":"ListItem","@id":"https:\/\/candas365.es\/noticias#listItem","position":1,"name":"Home","item":"https:\/\/candas365.es\/noticias","nextItem":{"@type":"ListItem","@id":"https:\/\/candas365.es\/noticias\/category\/internacional\/#listItem","name":"Internacional"}},{"@type":"ListItem","@id":"https:\/\/candas365.es\/noticias\/category\/internacional\/#listItem","position":2,"name":"Internacional","item":"https:\/\/candas365.es\/noticias\/category\/internacional\/","nextItem":{"@type":"ListItem","@id":"https:\/\/candas365.es\/noticias\/josep-borrell-hay-que-ayudar-a-ucrania-a-que-gane-esta-guerra\/#listItem","name":"Josep Borrell: \u00abHay que ayudar a Ucrania a que gane esta guerra\u00bb"},"previousItem":{"@type":"ListItem","@id":"https:\/\/candas365.es\/noticias#listItem","name":"Home"}},{"@type":"ListItem","@id":"https:\/\/candas365.es\/noticias\/josep-borrell-hay-que-ayudar-a-ucrania-a-que-gane-esta-guerra\/#listItem","position":3,"name":"Josep Borrell: \u00abHay que ayudar a Ucrania a que gane esta guerra\u00bb","previousItem":{"@type":"ListItem","@id":"https:\/\/candas365.es\/noticias\/category\/internacional\/#listItem","name":"Internacional"}}]},{"@type":"NewsArticle","@id":"https:\/\/candas365.es\/noticias\/josep-borrell-hay-que-ayudar-a-ucrania-a-que-gane-esta-guerra\/#newsarticle","name":"Josep Borrell: \u00abHay que ayudar a Ucrania a que gane esta guerra\u00bb | Cand\u00e1s 365","headline":"Josep Borrell: \u00abHay que ayudar a Ucrania a que gane esta guerra\u00bb","author":{"@id":"https:\/\/candas365.es\/noticias\/author\/admin\/#author"},"publisher":{"@id":"https:\/\/candas365.es\/noticias\/#organization"},"image":{"@type":"ImageObject","url":"https:\/\/candas365.es\/noticias\/wp-content\/uploads\/2023\/01\/Borrell.jpg","width":1004,"height":663,"caption":"Foto: Alejandro Mart\u00ednez V\u00e9lez - Europa Press"},"datePublished":"2023-01-20T21:37:50+01:00","dateModified":"2023-01-20T21:37:50+01:00","inLanguage":"es-ES","mainEntityOfPage":{"@id":"https:\/\/candas365.es\/noticias\/josep-borrell-hay-que-ayudar-a-ucrania-a-que-gane-esta-guerra\/#webpage"},"isPartOf":{"@id":"https:\/\/candas365.es\/noticias\/josep-borrell-hay-que-ayudar-a-ucrania-a-que-gane-esta-guerra\/#webpage"},"articleSection":"Internacional, conflictos, Internacional","dateline":"Publicado el enero 20, 2023."},{"@type":"Organization","@id":"https:\/\/candas365.es\/noticias\/#organization","name":"Cand\u00e1s 365","description":"Cand\u00e1s 365 es un diario digital independiente, fundado en 2012, con base en Asturias. Informamos con rigor sobre actualidad, sociedad, cultura y ocio, con una mirada local y global.","url":"https:\/\/candas365.es\/noticias\/","email":"info@candas365.es","telephone":"+34652131393","foundingDate":"2012-06-10","logo":{"@type":"ImageObject","url":"https:\/\/candas365.es\/noticias\/wp-content\/uploads\/2024\/09\/Candas-365-Redes.jpg","@id":"https:\/\/candas365.es\/noticias\/josep-borrell-hay-que-ayudar-a-ucrania-a-que-gane-esta-guerra\/#organizationLogo","width":1152,"height":864,"caption":"Cand\u00e1s 365 Redes"},"image":{"@id":"https:\/\/candas365.es\/noticias\/josep-borrell-hay-que-ayudar-a-ucrania-a-que-gane-esta-guerra\/#organizationLogo"},"sameAs":["https:\/\/www.facebook.com\/Nachofdezber","https:\/\/x.com\/NabercoDigital","https:\/\/www.instagram.com\/nachofdezber\/","https:\/\/www.youtube.com\/channel\/UCZP-2wLEB9Rv6erhFmqVnvg"],"address":{"@id":"https:\/\/candas365.es\/noticias\/#postaladdress","@type":"PostalAddress","streetAddress":"san antonio 4, san antonio 4","postalCode":"33430","addressLocality":"Cand\u00e1s","addressRegion":"Asturias","addressCountry":"ES"}},{"@type":"Person","@id":"https:\/\/candas365.es\/noticias\/author\/admin\/#author","url":"https:\/\/candas365.es\/noticias\/author\/admin\/","name":"Cand\u00e1s 365","image":{"@type":"ImageObject","@id":"https:\/\/candas365.es\/noticias\/josep-borrell-hay-que-ayudar-a-ucrania-a-que-gane-esta-guerra\/#authorImage","url":"https:\/\/secure.gravatar.com\/avatar\/496a8e03d0c493ede1718b7934145dbdf8d89be1036b0eec9544e1094c9de390?s=96&d=mm&r=g","width":96,"height":96,"caption":"Cand\u00e1s 365"},"sameAs":["https:\/\/www.facebook.com\/carrenoactualidad","https:\/\/twitter.com\/nbasturias","https:\/\/www.instagram.com\/nachofdezber\/","https:\/\/www.youtube.com\/channel\/UCZP-2wLEB9Rv6erhFmqVnvg"]},{"@type":"WebPage","@id":"https:\/\/candas365.es\/noticias\/josep-borrell-hay-que-ayudar-a-ucrania-a-que-gane-esta-guerra\/#webpage","url":"https:\/\/candas365.es\/noticias\/josep-borrell-hay-que-ayudar-a-ucrania-a-que-gane-esta-guerra\/","name":"Josep Borrell: \u00abHay que ayudar a Ucrania a que gane esta guerra\u00bb | Cand\u00e1s 365","description":"(EP) - El Alto Representante de Pol\u00edtica Exterior de la UE, Josep Borrell, ha respaldado este viernes el env\u00edo a Ucrania de tanques, un elemento que conf\u00eda","inLanguage":"es-ES","isPartOf":{"@id":"https:\/\/candas365.es\/noticias\/#website"},"breadcrumb":{"@id":"https:\/\/candas365.es\/noticias\/josep-borrell-hay-que-ayudar-a-ucrania-a-que-gane-esta-guerra\/#breadcrumblist"},"author":{"@id":"https:\/\/candas365.es\/noticias\/author\/admin\/#author"},"creator":{"@id":"https:\/\/candas365.es\/noticias\/author\/admin\/#author"},"image":{"@type":"ImageObject","url":"https:\/\/candas365.es\/noticias\/wp-content\/uploads\/2023\/01\/Borrell.jpg","@id":"https:\/\/candas365.es\/noticias\/josep-borrell-hay-que-ayudar-a-ucrania-a-que-gane-esta-guerra\/#mainImage","width":1004,"height":663,"caption":"Foto: Alejandro Mart\u00ednez V\u00e9lez - Europa Press"},"primaryImageOfPage":{"@id":"https:\/\/candas365.es\/noticias\/josep-borrell-hay-que-ayudar-a-ucrania-a-que-gane-esta-guerra\/#mainImage"},"datePublished":"2023-01-20T21:37:50+01:00","dateModified":"2023-01-20T21:37:50+01:00"},{"@type":"WebSite","@id":"https:\/\/candas365.es\/noticias\/#website","url":"https:\/\/candas365.es\/noticias\/","name":"Cand\u00e1s 365","alternateName":"Cand\u00e1s 365 Noticias","description":"Actualidad desde Carre\u00f1o para el mundo","inLanguage":"es-ES","publisher":{"@id":"https:\/\/candas365.es\/noticias\/#organization"}}]},"og:locale":"es_ES","og:site_name":"Cand\u00e1s 365","og:type":"article","og:title":"Josep Borrell: \u00abHay que ayudar a Ucrania a que gane esta guerra\u00bb | Cand\u00e1s 365","og:description":"(EP) - El Alto Representante de Pol\u00edtica Exterior de la UE, Josep Borrell, ha respaldado este viernes el env\u00edo a Ucrania de tanques, un elemento que conf\u00eda","og:url":"https:\/\/candas365.es\/noticias\/josep-borrell-hay-que-ayudar-a-ucrania-a-que-gane-esta-guerra\/","og:image":"https:\/\/candas365.es\/noticias\/wp-content\/uploads\/2023\/01\/Borrell.jpg","og:image:secure_url":"https:\/\/candas365.es\/noticias\/wp-content\/uploads\/2023\/01\/Borrell.jpg","og:image:width":1004,"og:image:height":663,"article:published_time":"2023-01-20T20:37:50+00:00","article:modified_time":"2023-01-20T20:37:50+00:00","article:publisher":"https:\/\/www.facebook.com\/Nachofdezber","article:author":"https:\/\/www.facebook.com\/carrenoactualidad","twitter:card":"summary_large_image","twitter:site":"@NabercoDigital","twitter:title":"Josep Borrell: \u00abHay que ayudar a Ucrania a que gane esta guerra\u00bb | Cand\u00e1s 365","twitter:description":"(EP) - El Alto Representante de Pol\u00edtica Exterior de la UE, Josep Borrell, ha respaldado este viernes el env\u00edo a Ucrania de tanques, un elemento que conf\u00eda","twitter:creator":"@nbasturias","twitter:image":"https:\/\/candas365.es\/noticias\/wp-content\/uploads\/2023\/01\/Borrell.jpg","twitter:label1":"Escrito por","twitter:data1":"Cand\u00e1s 365","twitter:label2":"Tiempo de lectura estimado","twitter:data2":"1 minuto"},"aioseo_meta_data":{"post_id":"171183","title":null,"description":"(EP) - El Alto Representante de Pol\u00edtica Exterior de la UE, Josep Borrell, ha respaldado este viernes el env\u00edo a Ucrania de tanques, un elemento que conf\u00eda","keywords":[],"keyphrases":{"focus":{"keyphrase":"Borrell","score":92,"analysis":{"keyphraseInTitle":{"score":9,"maxScore":9,"error":0},"keyphraseInDescription":{"score":9,"maxScore":9,"error":0},"keyphraseLength":{"score":9,"maxScore":9,"error":0,"length":1},"keyphraseInURL":{"score":1,"maxScore":5,"error":1},"keyphraseInIntroduction":{"score":9,"maxScore":9,"error":0},"keyphraseInSubHeadings":[],"keyphraseInImageAlt":{"score":9,"maxScore":9,"error":0}}},"additional":[{"keyphrase":"Borrell","score":100,"analysis":{"keyphraseInDescription":{"score":9,"maxScore":9,"error":0},"keyphraseLength":{"score":9,"maxScore":9,"error":0,"length":1},"keyphraseInIntroduction":{"score":9,"maxScore":9,"error":0},"keyphraseInImageAlt":{"score":9,"maxScore":9,"error":0}}},{"keyphrase":"Ucrania","score":83,"analysis":{"keyphraseInDescription":{"score":9,"maxScore":9,"error":0},"keyphraseLength":{"score":9,"maxScore":9,"error":0,"length":1},"keyphraseInIntroduction":{"score":9,"maxScore":9,"error":0},"keyphraseInImageAlt":{"score":3,"maxScore":9,"error":1}}}]},"primary_term":null,"canonical_url":null,"og_title":null,"og_description":null,"og_object_type":"default","og_image_type":"default","og_image_url":null,"og_image_width":null,"og_image_height":null,"og_image_custom_url":null,"og_image_custom_fields":null,"og_video":"","og_custom_url":null,"og_article_section":null,"og_article_tags":[],"twitter_use_og":false,"twitter_card":"default","twitter_image_type":"default","twitter_image_url":null,"twitter_image_custom_url":null,"twitter_image_custom_fields":null,"twitter_title":null,"twitter_description":null,"schema":{"blockGraphs":[],"customGraphs":[],"default":{"data":{"Article":[],"Course":[],"Dataset":[],"FAQPage":[],"Movie":[],"Person":[],"Product":[],"ProductReview":[],"Car":[],"Recipe":[],"Service":[],"SoftwareApplication":[],"WebPage":[]},"graphName":"Article","isEnabled":true},"graphs":[]},"schema_type":"default","schema_type_options":null,"pillar_content":false,"robots_default":true,"robots_noindex":false,"robots_noarchive":false,"robots_nosnippet":false,"robots_nofollow":false,"robots_noimageindex":false,"robots_noodp":false,"robots_notranslate":false,"robots_max_snippet":"-1","robots_max_videopreview":"-1","robots_max_imagepreview":"large","priority":null,"frequency":"default","location":null,"local_seo":null,"seo_analyzer_scan_date":"2025-09-01 18:17:13","breadcrumb_settings":null,"limit_modified_date":false,"reviewed_by":null,"open_ai":null,"ai":null,"created":"2023-01-20 20:33:10","updated":"2025-09-01 18:17:13"},"aioseo_breadcrumb":"<div class=\"aioseo-breadcrumbs\"><span class=\"aioseo-breadcrumb\">\n\t<a href=\"https:\/\/candas365.es\/noticias\" title=\"Home\">Home<\/a>\n<\/span><span class=\"aioseo-breadcrumb-separator\">&ndash;<\/span><span class=\"aioseo-breadcrumb\">\n\t<a href=\"https:\/\/candas365.es\/noticias\/category\/internacional\/\" title=\"Internacional\">Internacional<\/a>\n<\/span><span class=\"aioseo-breadcrumb-separator\">&ndash;<\/span><span class=\"aioseo-breadcrumb\">\n\tJosep Borrell: \u00abHay que ayudar a Ucrania a que gane esta guerra\u00bb\n<\/span><\/div>","aioseo_breadcrumb_json":[{"label":"Home","link":"https:\/\/candas365.es\/noticias"},{"label":"Internacional","link":"https:\/\/candas365.es\/noticias\/category\/internacional\/"},{"label":"Josep Borrell: \u00abHay que ayudar a Ucrania a que gane esta guerra\u00bb","link":"https:\/\/candas365.es\/noticias\/josep-borrell-hay-que-ayudar-a-ucrania-a-que-gane-esta-guerra\/"}],"_links":{"self":[{"href":"https:\/\/candas365.es\/noticias\/wp-json\/wp\/v2\/posts\/171183","targetHints":{"allow":["GET"]}}],"collection":[{"href":"https:\/\/candas365.es\/noticias\/wp-json\/wp\/v2\/posts"}],"about":[{"href":"https:\/\/candas365.es\/noticias\/wp-json\/wp\/v2\/types\/post"}],"author":[{"embeddable":true,"href":"https:\/\/candas365.es\/noticias\/wp-json\/wp\/v2\/users\/1"}],"replies":[{"embeddable":true,"href":"https:\/\/candas365.es\/noticias\/wp-json\/wp\/v2\/comments?post=171183"}],"version-history":[{"count":0,"href":"https:\/\/candas365.es\/noticias\/wp-json\/wp\/v2\/posts\/171183\/revisions"}],"wp:featuredmedia":[{"embeddable":true,"href":"https:\/\/candas365.es\/noticias\/wp-json\/wp\/v2\/media\/171184"}],"wp:attachment":[{"href":"https:\/\/candas365.es\/noticias\/wp-json\/wp\/v2\/media?parent=171183"}],"wp:term":[{"taxonomy":"category","embeddable":true,"href":"https:\/\/candas365.es\/noticias\/wp-json\/wp\/v2\/categories?post=171183"},{"taxonomy":"post_tag","embeddable":true,"href":"https:\/\/candas365.es\/noticias\/wp-json\/wp\/v2\/tags?post=171183"}],"curies":[{"name":"wp","href":"https:\/\/api.w.org\/{rel}","templated":true}]}}