{"id":171156,"date":"2023-01-20T18:12:03","date_gmt":"2023-01-20T17:12:03","guid":{"rendered":"https:\/\/candas365.es\/noticias\/?p=171156"},"modified":"2023-01-20T18:12:03","modified_gmt":"2023-01-20T17:12:03","slug":"ecuador-sera-el-pais-socio-de-la-44-edicion-de-fitur","status":"publish","type":"post","link":"https:\/\/candas365.es\/noticias\/ecuador-sera-el-pais-socio-de-la-44-edicion-de-fitur\/","title":{"rendered":"Ecuador ser\u00e1 el pa\u00eds socio de la 44 edici\u00f3n de Fitur"},"content":{"rendered":"<p>(EP) &#8211; <a href=\"https:\/\/es.wikipedia.org\/wiki\/Ecuador\" target=\"_blank\" rel=\"noopener\"><span style=\"color: #ff6600;\"><strong>Ecuador<\/strong><\/span><\/a> ser\u00e1 el pa\u00eds socio de la 44 edici\u00f3n de la Feria Internacional del Turismo (<a href=\"https:\/\/candas365.es\/noticias\/los-reyes-inauguran-fitur-2023\/\"><span style=\"color: #ff6600;\"><strong>Fitur<\/strong><\/span><\/a>), que se celebrar\u00e1 en enero del pr\u00f3ximo a\u00f1o, tomando as\u00ed el relevo de Guatemala, que ha ejercido esta labor en 2023.<\/p>\n<figure id=\"attachment_171157\" aria-describedby=\"caption-attachment-171157\" style=\"width: 642px\" class=\"wp-caption aligncenter\"><img fetchpriority=\"high\" decoding=\"async\" class=\"wp-image-171157 size-large\" src=\"https:\/\/candas365.es\/noticias\/wp-content\/uploads\/2023\/01\/Ecuador-642x480.jpg\" alt=\"Ecuador\" width=\"642\" height=\"480\" srcset=\"https:\/\/candas365.es\/noticias\/wp-content\/uploads\/2023\/01\/Ecuador-642x480.jpg 642w, https:\/\/candas365.es\/noticias\/wp-content\/uploads\/2023\/01\/Ecuador-360x269.jpg 360w, https:\/\/candas365.es\/noticias\/wp-content\/uploads\/2023\/01\/Ecuador-768x574.jpg 768w, https:\/\/candas365.es\/noticias\/wp-content\/uploads\/2023\/01\/Ecuador-150x112.jpg 150w, https:\/\/candas365.es\/noticias\/wp-content\/uploads\/2023\/01\/Ecuador-450x337.jpg 450w, https:\/\/candas365.es\/noticias\/wp-content\/uploads\/2023\/01\/Ecuador.jpg 893w\" sizes=\"(max-width: 642px) 100vw, 642px\" \/><figcaption id=\"caption-attachment-171157\" class=\"wp-caption-text\">Foto: IFEMA MADRID \/ Europa Press<\/figcaption><\/figure>\n<p>El presidente ejecutivo de Ifema Madrid, Jos\u00e9 Vicente de los Mozos, junto al ministro de Turismo de Ecuador, Niels Olsen, y el embajador ecuatoriano en Espa\u00f1a, Andr\u00e9s Vallejo, han sido los encargados de hacer oficial este acuerdo entre Fitur y el pa\u00eds, en el marco de la tercera jornada de la feria tur\u00edstica, poniendo en valor las cifras de recuperaci\u00f3n y crecimiento del turismo de Ecuador.<\/p>\n<p>De los Mozos ha adelantado que Ecuador no ser\u00e1 \u00fanicamente pa\u00eds socio de Fitur durante la edici\u00f3n del pr\u00f3ximo a\u00f1o, sino que se comenzar\u00e1 ya el pr\u00f3ximo lunes a \u00abponer en valor\u00bb el destino sudamericano.<strong> \u00abComo novedad, el objetivo de Fitur ser\u00e1 potenciar tur\u00edsticamente Ecuador durante todo el a\u00f1o\u00bb, ha afirmado.<\/strong><\/p>\n<p><strong>Adem\u00e1s, animado por las cifras de este a\u00f1o, que han \u00absuperado las expectativas\u00bb, tras llegar a m\u00e1s de 135.000 visitantes en lugar de los 120.000 previstos,<\/strong> el presidente de Ifema ha avanzado que la edici\u00f3n de Fitur 2024 contar\u00e1 con un pabell\u00f3n m\u00e1s, llegando a nueve en lugar de ocho.<\/p>\n<p>\u00abSomos la feria del turismo m\u00e1s importante para el mercado iberoamericano y la que m\u00e1s profesionales moviliza a nivel mundial. Desde Ifema estamos orgullosos de este liderazgo y queremos hacer en 2024 la feria m\u00e1s grande de la historia\u00bb, ha afirmado.<\/p>\n<h2>\u00abRECONOCIDOS EN TODO EL MUNDO\u00bb<\/h2>\n<p>El ministro de Turismo de Ecuador, por su parte, se ha mostrado \u00abmuy contento y orgulloso\u00bb por llegar a este acuerdo con la organizaci\u00f3n de Fitur y conseguir que Ecuador vaya a ser reconocido en todo el mundo\u00bb en 2024.<\/p>\n<p>\u00abAgradecemos el apoyo recibido y la colaboraci\u00f3n entre el sector p\u00fablico y privado para lograr que Ecuador pueda llegar lo m\u00e1s lejos posible. El a\u00f1o que viene les aseguro que vamos a tirar la casa por la ventana\u00bb, ha destacado Olsen.<\/p>\n<p>Ecuador tomar\u00e1 as\u00ed el relevo de Guatemala, el cual ha ejercido este a\u00f1o como pa\u00eds socio. El presidente del pa\u00eds centroamericano, Alejandro Giammattei, ha liderado la delegaci\u00f3n guatemalteca durante Fitur 2023 y se ha ido \u00abencantado\u00bb con la experiencia ya que, seg\u00fan ha explicado el presidente ejecutivo de Ifema Madrid, <strong>Fitur 2023 ha sido un escaparate \u00abrentable\u00bb para el pa\u00eds.<\/strong><\/p>\n<p>\u00abDesde Fitur estamos para apoyar al <strong><a href=\"https:\/\/eldigitaldeasturias.com\/magazine365\/category\/actualidad-turismo\/\" target=\"_blank\" rel=\"noopener\"><span style=\"color: #ff6600;\">turismo<\/span><\/a><\/strong>. Nuestro objetivo es seguir avanzando. Invertir en Fitur es invertir en \u00e9xito\u00bb, ha concluido De los Mozos.<\/p>\n","protected":false},"excerpt":{"rendered":"<p>(EP) &#8211; Ecuador ser\u00e1 el pa\u00eds socio de la 44 edici\u00f3n de la Feria Internacional del Turismo (Fitur), que se celebrar\u00e1 en enero del pr\u00f3ximo a\u00f1o, tomando as\u00ed el relevo de Guatemala, que ha ejercido esta labor en 2023. El presidente ejecutivo de Ifema Madrid, Jos\u00e9 Vicente de los Mozos, junto al ministro de Turismo<\/p>\n","protected":false},"author":1,"featured_media":171157,"comment_status":"closed","ping_status":"closed","sticky":false,"template":"","format":"standard","meta":{"footnotes":""},"categories":[359],"tags":[496,523,412],"class_list":{"0":"post-171156","1":"post","2":"type-post","3":"status-publish","4":"format-standard","5":"has-post-thumbnail","7":"category-turismo","8":"tag-ecuador","9":"tag-fitur-2023","10":"tag-turismo"},"aioseo_notices":[],"aioseo_head":"\n\t\t<!-- All in One SEO Pro 4.9.6.2 - aioseo.com -->\n\t<meta name=\"description\" content=\"(EP) - Ecuador ser\u00e1 el pa\u00eds socio de la 44 edici\u00f3n de la Feria Internacional del Turismo (Fitur), que se celebrar\u00e1 en enero del pr\u00f3ximo a\u00f1o, tomando as\u00ed el\" \/>\n\t<meta name=\"robots\" content=\"max-image-preview:large\" \/>\n\t<meta name=\"author\" content=\"Cand\u00e1s 365\"\/>\n\t<meta name=\"google-site-verification\" content=\"UA-32230408-1\" \/>\n\t<meta name=\"msvalidate.01\" content=\"354F3CDFB2DA171B47FBE9ABF1F88D5\" \/>\n\t<meta name=\"keywords\" content=\"turismo\" \/>\n\t<link rel=\"canonical\" href=\"https:\/\/candas365.es\/noticias\/ecuador-sera-el-pais-socio-de-la-44-edicion-de-fitur\/\" \/>\n\t<meta name=\"generator\" content=\"All in One SEO Pro (AIOSEO) 4.9.6.2\" \/>\n\t\t<meta property=\"og:locale\" content=\"es_ES\" \/>\n\t\t<meta property=\"og:site_name\" content=\"Cand\u00e1s 365\" \/>\n\t\t<meta property=\"og:type\" content=\"article\" \/>\n\t\t<meta property=\"og:title\" content=\"Ecuador ser\u00e1 el pa\u00eds socio de la 44 edici\u00f3n de Fitur | Cand\u00e1s 365\" \/>\n\t\t<meta property=\"og:description\" content=\"(EP) - Ecuador ser\u00e1 el pa\u00eds socio de la 44 edici\u00f3n de la Feria Internacional del Turismo (Fitur), que se celebrar\u00e1 en enero del pr\u00f3ximo a\u00f1o, tomando as\u00ed el\" \/>\n\t\t<meta property=\"og:url\" content=\"https:\/\/candas365.es\/noticias\/ecuador-sera-el-pais-socio-de-la-44-edicion-de-fitur\/\" \/>\n\t\t<meta property=\"og:image\" content=\"https:\/\/candas365.es\/noticias\/wp-content\/uploads\/2023\/01\/Ecuador.jpg\" \/>\n\t\t<meta property=\"og:image:secure_url\" content=\"https:\/\/candas365.es\/noticias\/wp-content\/uploads\/2023\/01\/Ecuador.jpg\" \/>\n\t\t<meta property=\"og:image:width\" content=\"893\" \/>\n\t\t<meta property=\"og:image:height\" content=\"668\" \/>\n\t\t<meta property=\"article:published_time\" content=\"2023-01-20T17:12:03+00:00\" \/>\n\t\t<meta property=\"article:modified_time\" content=\"2023-01-20T17:12:03+00:00\" \/>\n\t\t<meta property=\"article:publisher\" content=\"https:\/\/www.facebook.com\/Nachofdezber\" \/>\n\t\t<meta property=\"article:author\" content=\"https:\/\/www.facebook.com\/carrenoactualidad\" \/>\n\t\t<meta name=\"twitter:card\" content=\"summary_large_image\" \/>\n\t\t<meta name=\"twitter:site\" content=\"@NabercoDigital\" \/>\n\t\t<meta name=\"twitter:title\" content=\"Ecuador ser\u00e1 el pa\u00eds socio de la 44 edici\u00f3n de Fitur | Cand\u00e1s 365\" \/>\n\t\t<meta name=\"twitter:description\" content=\"(EP) - Ecuador ser\u00e1 el pa\u00eds socio de la 44 edici\u00f3n de la Feria Internacional del Turismo (Fitur), que se celebrar\u00e1 en enero del pr\u00f3ximo a\u00f1o, tomando as\u00ed el\" \/>\n\t\t<meta name=\"twitter:creator\" content=\"@nbasturias\" \/>\n\t\t<meta name=\"twitter:image\" content=\"https:\/\/candas365.es\/noticias\/wp-content\/uploads\/2023\/01\/Ecuador.jpg\" \/>\n\t\t<meta name=\"twitter:label1\" content=\"Escrito por\" \/>\n\t\t<meta name=\"twitter:data1\" content=\"Cand\u00e1s 365\" \/>\n\t\t<meta name=\"twitter:label2\" content=\"Tiempo de lectura estimado\" \/>\n\t\t<meta name=\"twitter:data2\" content=\"2 minutos\" \/>\n\t\t<script type=\"application\/ld+json\" class=\"aioseo-schema\">\n\t\t\t{\"@context\":\"https:\\\/\\\/schema.org\",\"@graph\":[{\"@type\":\"BreadcrumbList\",\"@id\":\"https:\\\/\\\/candas365.es\\\/noticias\\\/ecuador-sera-el-pais-socio-de-la-44-edicion-de-fitur\\\/#breadcrumblist\",\"itemListElement\":[{\"@type\":\"ListItem\",\"@id\":\"https:\\\/\\\/candas365.es\\\/noticias#listItem\",\"position\":1,\"name\":\"Home\",\"item\":\"https:\\\/\\\/candas365.es\\\/noticias\",\"nextItem\":{\"@type\":\"ListItem\",\"@id\":\"https:\\\/\\\/candas365.es\\\/noticias\\\/category\\\/turismo\\\/#listItem\",\"name\":\"Turismo\"}},{\"@type\":\"ListItem\",\"@id\":\"https:\\\/\\\/candas365.es\\\/noticias\\\/category\\\/turismo\\\/#listItem\",\"position\":2,\"name\":\"Turismo\",\"item\":\"https:\\\/\\\/candas365.es\\\/noticias\\\/category\\\/turismo\\\/\",\"nextItem\":{\"@type\":\"ListItem\",\"@id\":\"https:\\\/\\\/candas365.es\\\/noticias\\\/ecuador-sera-el-pais-socio-de-la-44-edicion-de-fitur\\\/#listItem\",\"name\":\"Ecuador ser\\u00e1 el pa\\u00eds socio de la 44 edici\\u00f3n de Fitur\"},\"previousItem\":{\"@type\":\"ListItem\",\"@id\":\"https:\\\/\\\/candas365.es\\\/noticias#listItem\",\"name\":\"Home\"}},{\"@type\":\"ListItem\",\"@id\":\"https:\\\/\\\/candas365.es\\\/noticias\\\/ecuador-sera-el-pais-socio-de-la-44-edicion-de-fitur\\\/#listItem\",\"position\":3,\"name\":\"Ecuador ser\\u00e1 el pa\\u00eds socio de la 44 edici\\u00f3n de Fitur\",\"previousItem\":{\"@type\":\"ListItem\",\"@id\":\"https:\\\/\\\/candas365.es\\\/noticias\\\/category\\\/turismo\\\/#listItem\",\"name\":\"Turismo\"}}]},{\"@type\":\"NewsArticle\",\"@id\":\"https:\\\/\\\/candas365.es\\\/noticias\\\/ecuador-sera-el-pais-socio-de-la-44-edicion-de-fitur\\\/#newsarticle\",\"name\":\"Ecuador ser\\u00e1 el pa\\u00eds socio de la 44 edici\\u00f3n de Fitur | Cand\\u00e1s 365\",\"headline\":\"Ecuador ser\\u00e1 el pa\\u00eds socio de la 44 edici\\u00f3n de Fitur\",\"author\":{\"@id\":\"https:\\\/\\\/candas365.es\\\/noticias\\\/author\\\/admin\\\/#author\"},\"publisher\":{\"@id\":\"https:\\\/\\\/candas365.es\\\/noticias\\\/#organization\"},\"image\":{\"@type\":\"ImageObject\",\"url\":\"https:\\\/\\\/candas365.es\\\/noticias\\\/wp-content\\\/uploads\\\/2023\\\/01\\\/Ecuador.jpg\",\"width\":893,\"height\":668,\"caption\":\"Foto: IFEMA MADRID \\\/ Europa Press\"},\"datePublished\":\"2023-01-20T18:12:03+01:00\",\"dateModified\":\"2023-01-20T18:12:03+01:00\",\"inLanguage\":\"es-ES\",\"mainEntityOfPage\":{\"@id\":\"https:\\\/\\\/candas365.es\\\/noticias\\\/ecuador-sera-el-pais-socio-de-la-44-edicion-de-fitur\\\/#webpage\"},\"isPartOf\":{\"@id\":\"https:\\\/\\\/candas365.es\\\/noticias\\\/ecuador-sera-el-pais-socio-de-la-44-edicion-de-fitur\\\/#webpage\"},\"articleSection\":\"Turismo, Ecuador, Fitur 2023, turismo\",\"dateline\":\"Publicado el enero 20, 2023.\"},{\"@type\":\"Organization\",\"@id\":\"https:\\\/\\\/candas365.es\\\/noticias\\\/#organization\",\"name\":\"Cand\\u00e1s 365\",\"description\":\"Cand\\u00e1s 365 es un diario digital independiente, fundado en 2012, con base en Asturias. Informamos con rigor sobre actualidad, sociedad, cultura y ocio, con una mirada local y global.\",\"url\":\"https:\\\/\\\/candas365.es\\\/noticias\\\/\",\"email\":\"info@candas365.es\",\"telephone\":\"+34652131393\",\"foundingDate\":\"2012-06-10\",\"logo\":{\"@type\":\"ImageObject\",\"url\":\"https:\\\/\\\/candas365.es\\\/noticias\\\/wp-content\\\/uploads\\\/2024\\\/09\\\/Candas-365-Redes.jpg\",\"@id\":\"https:\\\/\\\/candas365.es\\\/noticias\\\/ecuador-sera-el-pais-socio-de-la-44-edicion-de-fitur\\\/#organizationLogo\",\"width\":1152,\"height\":864,\"caption\":\"Cand\\u00e1s 365 Redes\"},\"image\":{\"@id\":\"https:\\\/\\\/candas365.es\\\/noticias\\\/ecuador-sera-el-pais-socio-de-la-44-edicion-de-fitur\\\/#organizationLogo\"},\"sameAs\":[\"https:\\\/\\\/www.facebook.com\\\/Nachofdezber\",\"https:\\\/\\\/x.com\\\/NabercoDigital\",\"https:\\\/\\\/www.instagram.com\\\/nachofdezber\\\/\",\"https:\\\/\\\/www.youtube.com\\\/channel\\\/UCZP-2wLEB9Rv6erhFmqVnvg\"],\"address\":{\"@id\":\"https:\\\/\\\/candas365.es\\\/noticias\\\/#postaladdress\",\"@type\":\"PostalAddress\",\"streetAddress\":\"san antonio 4, san antonio 4\",\"postalCode\":\"33430\",\"addressLocality\":\"Cand\\u00e1s\",\"addressRegion\":\"Asturias\",\"addressCountry\":\"ES\"}},{\"@type\":\"Person\",\"@id\":\"https:\\\/\\\/candas365.es\\\/noticias\\\/author\\\/admin\\\/#author\",\"url\":\"https:\\\/\\\/candas365.es\\\/noticias\\\/author\\\/admin\\\/\",\"name\":\"Cand\\u00e1s 365\",\"image\":{\"@type\":\"ImageObject\",\"@id\":\"https:\\\/\\\/candas365.es\\\/noticias\\\/ecuador-sera-el-pais-socio-de-la-44-edicion-de-fitur\\\/#authorImage\",\"url\":\"https:\\\/\\\/secure.gravatar.com\\\/avatar\\\/496a8e03d0c493ede1718b7934145dbdf8d89be1036b0eec9544e1094c9de390?s=96&d=mm&r=g\",\"width\":96,\"height\":96,\"caption\":\"Cand\\u00e1s 365\"},\"sameAs\":[\"https:\\\/\\\/www.facebook.com\\\/carrenoactualidad\",\"https:\\\/\\\/twitter.com\\\/nbasturias\",\"https:\\\/\\\/www.instagram.com\\\/nachofdezber\\\/\",\"https:\\\/\\\/www.youtube.com\\\/channel\\\/UCZP-2wLEB9Rv6erhFmqVnvg\"]},{\"@type\":\"WebPage\",\"@id\":\"https:\\\/\\\/candas365.es\\\/noticias\\\/ecuador-sera-el-pais-socio-de-la-44-edicion-de-fitur\\\/#webpage\",\"url\":\"https:\\\/\\\/candas365.es\\\/noticias\\\/ecuador-sera-el-pais-socio-de-la-44-edicion-de-fitur\\\/\",\"name\":\"Ecuador ser\\u00e1 el pa\\u00eds socio de la 44 edici\\u00f3n de Fitur | Cand\\u00e1s 365\",\"description\":\"(EP) - Ecuador ser\\u00e1 el pa\\u00eds socio de la 44 edici\\u00f3n de la Feria Internacional del Turismo (Fitur), que se celebrar\\u00e1 en enero del pr\\u00f3ximo a\\u00f1o, tomando as\\u00ed el\",\"inLanguage\":\"es-ES\",\"isPartOf\":{\"@id\":\"https:\\\/\\\/candas365.es\\\/noticias\\\/#website\"},\"breadcrumb\":{\"@id\":\"https:\\\/\\\/candas365.es\\\/noticias\\\/ecuador-sera-el-pais-socio-de-la-44-edicion-de-fitur\\\/#breadcrumblist\"},\"author\":{\"@id\":\"https:\\\/\\\/candas365.es\\\/noticias\\\/author\\\/admin\\\/#author\"},\"creator\":{\"@id\":\"https:\\\/\\\/candas365.es\\\/noticias\\\/author\\\/admin\\\/#author\"},\"image\":{\"@type\":\"ImageObject\",\"url\":\"https:\\\/\\\/candas365.es\\\/noticias\\\/wp-content\\\/uploads\\\/2023\\\/01\\\/Ecuador.jpg\",\"@id\":\"https:\\\/\\\/candas365.es\\\/noticias\\\/ecuador-sera-el-pais-socio-de-la-44-edicion-de-fitur\\\/#mainImage\",\"width\":893,\"height\":668,\"caption\":\"Foto: IFEMA MADRID \\\/ Europa Press\"},\"primaryImageOfPage\":{\"@id\":\"https:\\\/\\\/candas365.es\\\/noticias\\\/ecuador-sera-el-pais-socio-de-la-44-edicion-de-fitur\\\/#mainImage\"},\"datePublished\":\"2023-01-20T18:12:03+01:00\",\"dateModified\":\"2023-01-20T18:12:03+01:00\"},{\"@type\":\"WebSite\",\"@id\":\"https:\\\/\\\/candas365.es\\\/noticias\\\/#website\",\"url\":\"https:\\\/\\\/candas365.es\\\/noticias\\\/\",\"name\":\"Cand\\u00e1s 365\",\"alternateName\":\"Cand\\u00e1s 365 Noticias\",\"description\":\"Actualidad desde Carre\\u00f1o para el mundo\",\"inLanguage\":\"es-ES\",\"publisher\":{\"@id\":\"https:\\\/\\\/candas365.es\\\/noticias\\\/#organization\"}}]}\n\t\t<\/script>\n\t\t<!-- All in One SEO Pro -->\r\n\t\t<title>Ecuador ser\u00e1 el pa\u00eds socio de la 44 edici\u00f3n de Fitur | Cand\u00e1s 365<\/title>\n\n","aioseo_head_json":{"title":"Ecuador ser\u00e1 el pa\u00eds socio de la 44 edici\u00f3n de Fitur | Cand\u00e1s 365","description":"(EP) - Ecuador ser\u00e1 el pa\u00eds socio de la 44 edici\u00f3n de la Feria Internacional del Turismo (Fitur), que se celebrar\u00e1 en enero del pr\u00f3ximo a\u00f1o, tomando as\u00ed el","canonical_url":"https:\/\/candas365.es\/noticias\/ecuador-sera-el-pais-socio-de-la-44-edicion-de-fitur\/","robots":"max-image-preview:large","keywords":"turismo","webmasterTools":{"google-site-verification":"UA-32230408-1","msvalidate.01":"354F3CDFB2DA171B47FBE9ABF1F88D5","miscellaneous":""},"schema":{"@context":"https:\/\/schema.org","@graph":[{"@type":"BreadcrumbList","@id":"https:\/\/candas365.es\/noticias\/ecuador-sera-el-pais-socio-de-la-44-edicion-de-fitur\/#breadcrumblist","itemListElement":[{"@type":"ListItem","@id":"https:\/\/candas365.es\/noticias#listItem","position":1,"name":"Home","item":"https:\/\/candas365.es\/noticias","nextItem":{"@type":"ListItem","@id":"https:\/\/candas365.es\/noticias\/category\/turismo\/#listItem","name":"Turismo"}},{"@type":"ListItem","@id":"https:\/\/candas365.es\/noticias\/category\/turismo\/#listItem","position":2,"name":"Turismo","item":"https:\/\/candas365.es\/noticias\/category\/turismo\/","nextItem":{"@type":"ListItem","@id":"https:\/\/candas365.es\/noticias\/ecuador-sera-el-pais-socio-de-la-44-edicion-de-fitur\/#listItem","name":"Ecuador ser\u00e1 el pa\u00eds socio de la 44 edici\u00f3n de Fitur"},"previousItem":{"@type":"ListItem","@id":"https:\/\/candas365.es\/noticias#listItem","name":"Home"}},{"@type":"ListItem","@id":"https:\/\/candas365.es\/noticias\/ecuador-sera-el-pais-socio-de-la-44-edicion-de-fitur\/#listItem","position":3,"name":"Ecuador ser\u00e1 el pa\u00eds socio de la 44 edici\u00f3n de Fitur","previousItem":{"@type":"ListItem","@id":"https:\/\/candas365.es\/noticias\/category\/turismo\/#listItem","name":"Turismo"}}]},{"@type":"NewsArticle","@id":"https:\/\/candas365.es\/noticias\/ecuador-sera-el-pais-socio-de-la-44-edicion-de-fitur\/#newsarticle","name":"Ecuador ser\u00e1 el pa\u00eds socio de la 44 edici\u00f3n de Fitur | Cand\u00e1s 365","headline":"Ecuador ser\u00e1 el pa\u00eds socio de la 44 edici\u00f3n de Fitur","author":{"@id":"https:\/\/candas365.es\/noticias\/author\/admin\/#author"},"publisher":{"@id":"https:\/\/candas365.es\/noticias\/#organization"},"image":{"@type":"ImageObject","url":"https:\/\/candas365.es\/noticias\/wp-content\/uploads\/2023\/01\/Ecuador.jpg","width":893,"height":668,"caption":"Foto: IFEMA MADRID \/ Europa Press"},"datePublished":"2023-01-20T18:12:03+01:00","dateModified":"2023-01-20T18:12:03+01:00","inLanguage":"es-ES","mainEntityOfPage":{"@id":"https:\/\/candas365.es\/noticias\/ecuador-sera-el-pais-socio-de-la-44-edicion-de-fitur\/#webpage"},"isPartOf":{"@id":"https:\/\/candas365.es\/noticias\/ecuador-sera-el-pais-socio-de-la-44-edicion-de-fitur\/#webpage"},"articleSection":"Turismo, Ecuador, Fitur 2023, turismo","dateline":"Publicado el enero 20, 2023."},{"@type":"Organization","@id":"https:\/\/candas365.es\/noticias\/#organization","name":"Cand\u00e1s 365","description":"Cand\u00e1s 365 es un diario digital independiente, fundado en 2012, con base en Asturias. Informamos con rigor sobre actualidad, sociedad, cultura y ocio, con una mirada local y global.","url":"https:\/\/candas365.es\/noticias\/","email":"info@candas365.es","telephone":"+34652131393","foundingDate":"2012-06-10","logo":{"@type":"ImageObject","url":"https:\/\/candas365.es\/noticias\/wp-content\/uploads\/2024\/09\/Candas-365-Redes.jpg","@id":"https:\/\/candas365.es\/noticias\/ecuador-sera-el-pais-socio-de-la-44-edicion-de-fitur\/#organizationLogo","width":1152,"height":864,"caption":"Cand\u00e1s 365 Redes"},"image":{"@id":"https:\/\/candas365.es\/noticias\/ecuador-sera-el-pais-socio-de-la-44-edicion-de-fitur\/#organizationLogo"},"sameAs":["https:\/\/www.facebook.com\/Nachofdezber","https:\/\/x.com\/NabercoDigital","https:\/\/www.instagram.com\/nachofdezber\/","https:\/\/www.youtube.com\/channel\/UCZP-2wLEB9Rv6erhFmqVnvg"],"address":{"@id":"https:\/\/candas365.es\/noticias\/#postaladdress","@type":"PostalAddress","streetAddress":"san antonio 4, san antonio 4","postalCode":"33430","addressLocality":"Cand\u00e1s","addressRegion":"Asturias","addressCountry":"ES"}},{"@type":"Person","@id":"https:\/\/candas365.es\/noticias\/author\/admin\/#author","url":"https:\/\/candas365.es\/noticias\/author\/admin\/","name":"Cand\u00e1s 365","image":{"@type":"ImageObject","@id":"https:\/\/candas365.es\/noticias\/ecuador-sera-el-pais-socio-de-la-44-edicion-de-fitur\/#authorImage","url":"https:\/\/secure.gravatar.com\/avatar\/496a8e03d0c493ede1718b7934145dbdf8d89be1036b0eec9544e1094c9de390?s=96&d=mm&r=g","width":96,"height":96,"caption":"Cand\u00e1s 365"},"sameAs":["https:\/\/www.facebook.com\/carrenoactualidad","https:\/\/twitter.com\/nbasturias","https:\/\/www.instagram.com\/nachofdezber\/","https:\/\/www.youtube.com\/channel\/UCZP-2wLEB9Rv6erhFmqVnvg"]},{"@type":"WebPage","@id":"https:\/\/candas365.es\/noticias\/ecuador-sera-el-pais-socio-de-la-44-edicion-de-fitur\/#webpage","url":"https:\/\/candas365.es\/noticias\/ecuador-sera-el-pais-socio-de-la-44-edicion-de-fitur\/","name":"Ecuador ser\u00e1 el pa\u00eds socio de la 44 edici\u00f3n de Fitur | Cand\u00e1s 365","description":"(EP) - Ecuador ser\u00e1 el pa\u00eds socio de la 44 edici\u00f3n de la Feria Internacional del Turismo (Fitur), que se celebrar\u00e1 en enero del pr\u00f3ximo a\u00f1o, tomando as\u00ed el","inLanguage":"es-ES","isPartOf":{"@id":"https:\/\/candas365.es\/noticias\/#website"},"breadcrumb":{"@id":"https:\/\/candas365.es\/noticias\/ecuador-sera-el-pais-socio-de-la-44-edicion-de-fitur\/#breadcrumblist"},"author":{"@id":"https:\/\/candas365.es\/noticias\/author\/admin\/#author"},"creator":{"@id":"https:\/\/candas365.es\/noticias\/author\/admin\/#author"},"image":{"@type":"ImageObject","url":"https:\/\/candas365.es\/noticias\/wp-content\/uploads\/2023\/01\/Ecuador.jpg","@id":"https:\/\/candas365.es\/noticias\/ecuador-sera-el-pais-socio-de-la-44-edicion-de-fitur\/#mainImage","width":893,"height":668,"caption":"Foto: IFEMA MADRID \/ Europa Press"},"primaryImageOfPage":{"@id":"https:\/\/candas365.es\/noticias\/ecuador-sera-el-pais-socio-de-la-44-edicion-de-fitur\/#mainImage"},"datePublished":"2023-01-20T18:12:03+01:00","dateModified":"2023-01-20T18:12:03+01:00"},{"@type":"WebSite","@id":"https:\/\/candas365.es\/noticias\/#website","url":"https:\/\/candas365.es\/noticias\/","name":"Cand\u00e1s 365","alternateName":"Cand\u00e1s 365 Noticias","description":"Actualidad desde Carre\u00f1o para el mundo","inLanguage":"es-ES","publisher":{"@id":"https:\/\/candas365.es\/noticias\/#organization"}}]},"og:locale":"es_ES","og:site_name":"Cand\u00e1s 365","og:type":"article","og:title":"Ecuador ser\u00e1 el pa\u00eds socio de la 44 edici\u00f3n de Fitur | Cand\u00e1s 365","og:description":"(EP) - Ecuador ser\u00e1 el pa\u00eds socio de la 44 edici\u00f3n de la Feria Internacional del Turismo (Fitur), que se celebrar\u00e1 en enero del pr\u00f3ximo a\u00f1o, tomando as\u00ed el","og:url":"https:\/\/candas365.es\/noticias\/ecuador-sera-el-pais-socio-de-la-44-edicion-de-fitur\/","og:image":"https:\/\/candas365.es\/noticias\/wp-content\/uploads\/2023\/01\/Ecuador.jpg","og:image:secure_url":"https:\/\/candas365.es\/noticias\/wp-content\/uploads\/2023\/01\/Ecuador.jpg","og:image:width":893,"og:image:height":668,"article:published_time":"2023-01-20T17:12:03+00:00","article:modified_time":"2023-01-20T17:12:03+00:00","article:publisher":"https:\/\/www.facebook.com\/Nachofdezber","article:author":"https:\/\/www.facebook.com\/carrenoactualidad","twitter:card":"summary_large_image","twitter:site":"@NabercoDigital","twitter:title":"Ecuador ser\u00e1 el pa\u00eds socio de la 44 edici\u00f3n de Fitur | Cand\u00e1s 365","twitter:description":"(EP) - Ecuador ser\u00e1 el pa\u00eds socio de la 44 edici\u00f3n de la Feria Internacional del Turismo (Fitur), que se celebrar\u00e1 en enero del pr\u00f3ximo a\u00f1o, tomando as\u00ed el","twitter:creator":"@nbasturias","twitter:image":"https:\/\/candas365.es\/noticias\/wp-content\/uploads\/2023\/01\/Ecuador.jpg","twitter:label1":"Escrito por","twitter:data1":"Cand\u00e1s 365","twitter:label2":"Tiempo de lectura estimado","twitter:data2":"2 minutos"},"aioseo_meta_data":{"post_id":"171156","title":null,"description":"(EP) - Ecuador ser\u00e1 el pa\u00eds socio de la 44 edici\u00f3n de la Feria Internacional del Turismo (Fitur), que se celebrar\u00e1 en enero del pr\u00f3ximo a\u00f1o, tomando as\u00ed el","keywords":[],"keyphrases":{"focus":{"keyphrase":"Ecuador","score":83,"analysis":{"keyphraseInTitle":{"score":9,"maxScore":9,"error":0},"keyphraseInDescription":{"score":9,"maxScore":9,"error":0},"keyphraseLength":{"score":9,"maxScore":9,"error":0,"length":1},"keyphraseInURL":{"score":1,"maxScore":5,"error":1},"keyphraseInIntroduction":{"score":9,"maxScore":9,"error":0},"keyphraseInSubHeadings":{"score":3,"maxScore":9,"error":1},"keyphraseInImageAlt":{"score":9,"maxScore":9,"error":0}}},"additional":[{"keyphrase":"Ecuador","score":100,"analysis":{"keyphraseInDescription":{"score":9,"maxScore":9,"error":0},"keyphraseLength":{"score":9,"maxScore":9,"error":0,"length":1},"keyphraseInIntroduction":{"score":9,"maxScore":9,"error":0},"keyphraseInImageAlt":{"score":9,"maxScore":9,"error":0}}},{"keyphrase":"Fitur","score":83,"analysis":{"keyphraseInDescription":{"score":9,"maxScore":9,"error":0},"keyphraseLength":{"score":9,"maxScore":9,"error":0,"length":1},"keyphraseInIntroduction":{"score":9,"maxScore":9,"error":0},"keyphraseInImageAlt":{"score":3,"maxScore":9,"error":1}}},{"keyphrase":"Turismo ","score":83,"analysis":{"keyphraseInDescription":{"score":9,"maxScore":9,"error":0},"keyphraseLength":{"score":9,"maxScore":9,"error":0,"length":1},"keyphraseInIntroduction":{"score":9,"maxScore":9,"error":0},"keyphraseInImageAlt":{"score":3,"maxScore":9,"error":1}}}]},"primary_term":null,"canonical_url":null,"og_title":null,"og_description":null,"og_object_type":"default","og_image_type":"default","og_image_url":null,"og_image_width":null,"og_image_height":null,"og_image_custom_url":null,"og_image_custom_fields":null,"og_video":"","og_custom_url":null,"og_article_section":null,"og_article_tags":[],"twitter_use_og":false,"twitter_card":"default","twitter_image_type":"default","twitter_image_url":null,"twitter_image_custom_url":null,"twitter_image_custom_fields":null,"twitter_title":null,"twitter_description":null,"schema":{"blockGraphs":[],"customGraphs":[],"default":{"data":{"Article":[],"Course":[],"Dataset":[],"FAQPage":[],"Movie":[],"Person":[],"Product":[],"ProductReview":[],"Car":[],"Recipe":[],"Service":[],"SoftwareApplication":[],"WebPage":[]},"graphName":"Article","isEnabled":true},"graphs":[]},"schema_type":"default","schema_type_options":null,"pillar_content":false,"robots_default":true,"robots_noindex":false,"robots_noarchive":false,"robots_nosnippet":false,"robots_nofollow":false,"robots_noimageindex":false,"robots_noodp":false,"robots_notranslate":false,"robots_max_snippet":"-1","robots_max_videopreview":"-1","robots_max_imagepreview":"large","priority":null,"frequency":"default","location":null,"local_seo":null,"seo_analyzer_scan_date":"2025-09-01 18:15:42","breadcrumb_settings":null,"limit_modified_date":false,"reviewed_by":null,"open_ai":null,"ai":null,"created":"2023-01-20 17:00:10","updated":"2025-09-01 18:15:42"},"aioseo_breadcrumb":"<div class=\"aioseo-breadcrumbs\"><span class=\"aioseo-breadcrumb\">\n\t<a href=\"https:\/\/candas365.es\/noticias\" title=\"Home\">Home<\/a>\n<\/span><span class=\"aioseo-breadcrumb-separator\">&ndash;<\/span><span class=\"aioseo-breadcrumb\">\n\t<a href=\"https:\/\/candas365.es\/noticias\/category\/turismo\/\" title=\"Turismo\">Turismo<\/a>\n<\/span><span class=\"aioseo-breadcrumb-separator\">&ndash;<\/span><span class=\"aioseo-breadcrumb\">\n\tEcuador ser\u00e1 el pa\u00eds socio de la 44 edici\u00f3n de Fitur\n<\/span><\/div>","aioseo_breadcrumb_json":[{"label":"Home","link":"https:\/\/candas365.es\/noticias"},{"label":"Turismo","link":"https:\/\/candas365.es\/noticias\/category\/turismo\/"},{"label":"Ecuador ser\u00e1 el pa\u00eds socio de la 44 edici\u00f3n de Fitur","link":"https:\/\/candas365.es\/noticias\/ecuador-sera-el-pais-socio-de-la-44-edicion-de-fitur\/"}],"_links":{"self":[{"href":"https:\/\/candas365.es\/noticias\/wp-json\/wp\/v2\/posts\/171156","targetHints":{"allow":["GET"]}}],"collection":[{"href":"https:\/\/candas365.es\/noticias\/wp-json\/wp\/v2\/posts"}],"about":[{"href":"https:\/\/candas365.es\/noticias\/wp-json\/wp\/v2\/types\/post"}],"author":[{"embeddable":true,"href":"https:\/\/candas365.es\/noticias\/wp-json\/wp\/v2\/users\/1"}],"replies":[{"embeddable":true,"href":"https:\/\/candas365.es\/noticias\/wp-json\/wp\/v2\/comments?post=171156"}],"version-history":[{"count":0,"href":"https:\/\/candas365.es\/noticias\/wp-json\/wp\/v2\/posts\/171156\/revisions"}],"wp:featuredmedia":[{"embeddable":true,"href":"https:\/\/candas365.es\/noticias\/wp-json\/wp\/v2\/media\/171157"}],"wp:attachment":[{"href":"https:\/\/candas365.es\/noticias\/wp-json\/wp\/v2\/media?parent=171156"}],"wp:term":[{"taxonomy":"category","embeddable":true,"href":"https:\/\/candas365.es\/noticias\/wp-json\/wp\/v2\/categories?post=171156"},{"taxonomy":"post_tag","embeddable":true,"href":"https:\/\/candas365.es\/noticias\/wp-json\/wp\/v2\/tags?post=171156"}],"curies":[{"name":"wp","href":"https:\/\/api.w.org\/{rel}","templated":true}]}}