{"id":171122,"date":"2023-01-19T13:48:15","date_gmt":"2023-01-19T12:48:15","guid":{"rendered":"https:\/\/candas365.es\/noticias\/?p=171122"},"modified":"2023-01-19T13:48:15","modified_gmt":"2023-01-19T12:48:15","slug":"los-efectos-de-la-borrasca-fien-en-asturias","status":"publish","type":"post","link":"https:\/\/candas365.es\/noticias\/los-efectos-de-la-borrasca-fien-en-asturias\/","title":{"rendered":"Los efectos de la borrasca Fien en Asturias"},"content":{"rendered":"<p>(EP) &#8211; El temporal provocado por la <a href=\"https:\/\/candas365.es\/noticias\/que-tiempo-tendremos-durante-los-proximos-dias-en-espana\/\"><span style=\"color: #ff6600;\"><strong>borrasca Fien<\/strong><\/span><\/a> afecta a la circulaci\u00f3n en 144 v\u00edas de comunicaci\u00f3n, once de ellas de la red principal, seg\u00fan ha informado la Direcci\u00f3n General de Tr\u00e1fico a trav\u00e9s de Twitter. <strong>Las carreteras con m\u00e1s incidencia pertenecen a las comunidades aut\u00f3nomas de Castilla y Le\u00f3n, Asturias, Arag\u00f3n y Cantabria.<\/strong><\/p>\n<figure id=\"attachment_171123\" aria-describedby=\"caption-attachment-171123\" style=\"width: 650px\" class=\"wp-caption aligncenter\"><img fetchpriority=\"high\" decoding=\"async\" class=\"wp-image-171123 size-large\" src=\"https:\/\/candas365.es\/noticias\/wp-content\/uploads\/2023\/01\/borrasca-650x425.jpg\" alt=\"borrasca\" width=\"650\" height=\"425\" srcset=\"https:\/\/candas365.es\/noticias\/wp-content\/uploads\/2023\/01\/borrasca-650x425.jpg 650w, https:\/\/candas365.es\/noticias\/wp-content\/uploads\/2023\/01\/borrasca-360x235.jpg 360w, https:\/\/candas365.es\/noticias\/wp-content\/uploads\/2023\/01\/borrasca-768x502.jpg 768w, https:\/\/candas365.es\/noticias\/wp-content\/uploads\/2023\/01\/borrasca-150x98.jpg 150w, https:\/\/candas365.es\/noticias\/wp-content\/uploads\/2023\/01\/borrasca-450x294.jpg 450w, https:\/\/candas365.es\/noticias\/wp-content\/uploads\/2023\/01\/borrasca.jpg 1015w\" sizes=\"(max-width: 650px) 100vw, 650px\" \/><figcaption id=\"caption-attachment-171123\" class=\"wp-caption-text\">Foto: Rosa Veiga &#8211; Europa Press<\/figcaption><\/figure>\n<p>Del total de carreteras secundarias afectadas, 29 de ellas permanecen cortadas al tr\u00e1fico, 71 en nivel rojo y en otras once est\u00e1 prohibido el tr\u00e1fico de camiones como ocurre en \u00c1lava en la A1 a la altura de Armin\u00f3n y en Navarra en la A21 en No\u00e1nin.<\/p>\n<p>Asimismo, el necesario el uso de cadenas en Huesca en la A21 en Java y en la A23 en en Almud\u00e9var. En Navarra, es necesario llevar cadenas para circular por la A21 en Yesa.<\/p>\n<p>Y en Cantabria, la autov\u00eda de la Meseta A-67 no presenta a primera hora de este jueves restricciones de tr\u00e1fico por la nieve y est\u00e1 en nivel verde, aunque hay tramos cortados para camiones en dos carreteras nacionales.<\/p>\n<p>En concreto, actualmente, y teniendo en cuenta que el estado de las carreteras es cambiante, presentan problemas la N-621 en Vega de Li\u00e9bana y la N-629 a su paso por Soba, ambas en nivel de rojo, con la circulaci\u00f3n prohibida para camiones, autobuses y veh\u00edculos articulados, y la obligatoriedad de cadenas o neum\u00e1ticos de invierno y una velocidad m\u00e1xima de 30 kil\u00f3metros por hora para el resto de veh\u00edculos.<\/p>\n<p>En la red auton\u00f3mica permanecen cortadas la CA-631 (Estacas de Trueba), la CA-665 (Puerto de la S\u00eda), la CA-633 (Puerto de la Matanela), la CA-280 (Puerto de Palombera) y la CA-643 (Puerto de Lunada). Adem\u00e1s es obligatorio el uso de cadenas en otras cinco v\u00edas (CA-183, CA-171, CA-280, CA-262 y CA-264).<\/p>\n<h2>ASTURIAS Y CASTILLA Y LE\u00d3N<\/h2>\n<p>En <a href=\"https:\/\/www.eldigitaldeasturias.com\/noticias\/category\/actualidad-asturias\/\"><span style=\"color: #ff6600;\"><strong>Asturias<\/strong><\/span><\/a>, un total de cinco puertos de alta monta\u00f1a y siete carreteras contin\u00faan cerrados al tr\u00e1fico este jueves. Adem\u00e1s, en otras 49 v\u00edas es necesario el uso de cadenas para circular.<\/p>\n<p>Seg\u00fan informaci\u00f3n actualizada por el 112 Asturias est\u00e1n cerrados los puertos del <strong>Palo y Alto de la Marta en Allande; Puerto del Connio en Cangas del Narcea; Tarna en Caso; y el Alto de San Ignacio en Ponga.<\/strong><\/p>\n<p>En cuanto a las carreteras, est\u00e1n cerradas la AS-112 en Aller; la AS-264 en Cabrales; la CO-4 de Covadonga a los Lagos en Cangas de On\u00eds; la AS-117 en Caso; la LN-8 en Lena; la AS-227 en Somiedo; y la AS-228 en Trubia.<\/p>\n<p>Adem\u00e1s, una veintena de puertos de monta\u00f1a requieren el uso de cadenas en los concejos de Allande, Aller, Cangas del Narcea, Caso, Dega\u00f1a, Grandas de Salime, Ibias, Laviana, Quir\u00f3s, Riosa, San Mart\u00edn del Rey Aurelio, Somiedo, Teverga y Tineo.<\/p>\n<p>De igual modo, <strong>29 carreteras tambi\u00e9n precisan del uso de cadenas o neum\u00e1ticos de invierno en los municipios de Allande, Cabrales, Cangas del Narcea, Ibias, Langreo, Lena, Pe\u00f1amellera Baja, Ponga, Quir\u00f3s, Somiedo y Teverga.<\/strong><\/p>\n<p>En cuanto a las dos principales v\u00edas de comunicaci\u00f3n de Asturias con la Meseta, la autopista del Huerna (AP-66) se encuentra en nivel blanco, con circulaci\u00f3n normal, y en la N-630 (puerto de Pajares) se recomienda circular con precauci\u00f3n.<\/p>\n<p>En Castilla y Le\u00f3n, los copos de nieve ca\u00eddos en las \u00faltimas horas impiden la circulaci\u00f3n en un total de 18 tramos de carreteras , casi todas ellas en la red secundaria salvo la N-621 en Portilla de la Reina (Le\u00f3n), y obligan a usar cadenas o neum\u00e1ticos de invierno en otros 25, seg\u00fan refleja la web de la Direcci\u00f3n General de Tr\u00e1fico consultada por Europa Press a las 09.30 horas.<\/p>\n<p>En concreto, los tramos de carreteras en nivel negro, cortadas al tr\u00e1fico, est\u00e1n en la CL-629 en Cernegula, BU-572 en R\u00edo de Lunada y BU-571 en Rio Trueba, en la provincia de Burgos, y en la ZA-103 en San Mart\u00edn de Casta\u00f1eda (Zamora)<\/p>\n<p>Le\u00f3n es la provincia m\u00e1s afectada por los cortes totales de carreteras por acumulaci\u00f3n de nieve que afecta, en concreto, a la citada N-621 en Portilla de la Reina y a las LE-315 en Almuzara, LE-723 en Ambasmestas, LE-126 en La Ba\u00f1a, LE-233 en Besande, LE-497 en Caboalles de Arriba, LE-473 en Geras, LE-495 en Piedrafita de Babia, LE-481 en Torrestio, LE-491 en Vega de Viejos.<\/p>\n<p>Respecto a los tramos con uso obligatorio de cadenas destaca la N-625 a su paso por Quintana de Rueda y por Ria\u00f1o, la N-621 en Santa Olaja de la Varga, todos ellos en la provincia de Le\u00f3n, y el resto afectan a la red secundaria, como la CL-631 en Matarrosa del Sil, CL-626 en Caboalles de Arriba y en La Espina, CL-635 en La U\u00f1a, en la provincia leonesa, o CL-627 en San Salvador de Cantamuda (Palencia).<\/p>\n","protected":false},"excerpt":{"rendered":"<p>(EP) &#8211; El temporal provocado por la borrasca Fien afecta a la circulaci\u00f3n en 144 v\u00edas de comunicaci\u00f3n, once de ellas de la red principal, seg\u00fan ha informado la Direcci\u00f3n General de Tr\u00e1fico a trav\u00e9s de Twitter. Las carreteras con m\u00e1s incidencia pertenecen a las comunidades aut\u00f3nomas de Castilla y Le\u00f3n, Asturias, Arag\u00f3n y Cantabria.<\/p>\n","protected":false},"author":1,"featured_media":171123,"comment_status":"closed","ping_status":"closed","sticky":false,"template":"","format":"standard","meta":{"footnotes":""},"categories":[358],"tags":[380,429,466],"class_list":{"0":"post-171122","1":"post","2":"type-post","3":"status-publish","4":"format-standard","5":"has-post-thumbnail","7":"category-el-tiempo","8":"tag-asturias","9":"tag-el-tiempo","10":"tag-espana"},"aioseo_notices":[],"aioseo_head":"\n\t\t<!-- All in One SEO Pro 4.9.6.2 - aioseo.com -->\n\t<meta name=\"description\" content=\"(EP) - El temporal provocado por la borrasca Fien afecta a la circulaci\u00f3n en 144 v\u00edas de comunicaci\u00f3n, once de ellas de la red principal, seg\u00fan ha informado\" \/>\n\t<meta name=\"robots\" content=\"max-image-preview:large\" \/>\n\t<meta name=\"author\" content=\"Cand\u00e1s 365\"\/>\n\t<meta name=\"google-site-verification\" content=\"UA-32230408-1\" \/>\n\t<meta name=\"msvalidate.01\" content=\"354F3CDFB2DA171B47FBE9ABF1F88D5\" \/>\n\t<meta name=\"keywords\" content=\"el tiempo\" \/>\n\t<link rel=\"canonical\" href=\"https:\/\/candas365.es\/noticias\/los-efectos-de-la-borrasca-fien-en-asturias\/\" \/>\n\t<meta name=\"generator\" content=\"All in One SEO Pro (AIOSEO) 4.9.6.2\" \/>\n\t\t<meta property=\"og:locale\" content=\"es_ES\" \/>\n\t\t<meta property=\"og:site_name\" content=\"Cand\u00e1s 365\" \/>\n\t\t<meta property=\"og:type\" content=\"article\" \/>\n\t\t<meta property=\"og:title\" content=\"Los efectos de la borrasca Fien en Asturias | Cand\u00e1s 365\" \/>\n\t\t<meta property=\"og:description\" content=\"(EP) - El temporal provocado por la borrasca Fien afecta a la circulaci\u00f3n en 144 v\u00edas de comunicaci\u00f3n, once de ellas de la red principal, seg\u00fan ha informado\" \/>\n\t\t<meta property=\"og:url\" content=\"https:\/\/candas365.es\/noticias\/los-efectos-de-la-borrasca-fien-en-asturias\/\" \/>\n\t\t<meta property=\"og:image\" content=\"https:\/\/candas365.es\/noticias\/wp-content\/uploads\/2023\/01\/borrasca.jpg\" \/>\n\t\t<meta property=\"og:image:secure_url\" content=\"https:\/\/candas365.es\/noticias\/wp-content\/uploads\/2023\/01\/borrasca.jpg\" \/>\n\t\t<meta property=\"og:image:width\" content=\"1015\" \/>\n\t\t<meta property=\"og:image:height\" content=\"663\" \/>\n\t\t<meta property=\"article:published_time\" content=\"2023-01-19T12:48:15+00:00\" \/>\n\t\t<meta property=\"article:modified_time\" content=\"2023-01-19T12:48:15+00:00\" \/>\n\t\t<meta property=\"article:publisher\" content=\"https:\/\/www.facebook.com\/Nachofdezber\" \/>\n\t\t<meta property=\"article:author\" content=\"https:\/\/www.facebook.com\/carrenoactualidad\" \/>\n\t\t<meta name=\"twitter:card\" content=\"summary_large_image\" \/>\n\t\t<meta name=\"twitter:site\" content=\"@NabercoDigital\" \/>\n\t\t<meta name=\"twitter:title\" content=\"Los efectos de la borrasca Fien en Asturias | Cand\u00e1s 365\" \/>\n\t\t<meta name=\"twitter:description\" content=\"(EP) - El temporal provocado por la borrasca Fien afecta a la circulaci\u00f3n en 144 v\u00edas de comunicaci\u00f3n, once de ellas de la red principal, seg\u00fan ha informado\" \/>\n\t\t<meta name=\"twitter:creator\" content=\"@nbasturias\" \/>\n\t\t<meta name=\"twitter:image\" content=\"https:\/\/candas365.es\/noticias\/wp-content\/uploads\/2023\/01\/borrasca.jpg\" \/>\n\t\t<meta name=\"twitter:label1\" content=\"Escrito por\" \/>\n\t\t<meta name=\"twitter:data1\" content=\"Cand\u00e1s 365\" \/>\n\t\t<meta name=\"twitter:label2\" content=\"Tiempo de lectura estimado\" \/>\n\t\t<meta name=\"twitter:data2\" content=\"4 minutos\" \/>\n\t\t<script type=\"application\/ld+json\" class=\"aioseo-schema\">\n\t\t\t{\"@context\":\"https:\\\/\\\/schema.org\",\"@graph\":[{\"@type\":\"BreadcrumbList\",\"@id\":\"https:\\\/\\\/candas365.es\\\/noticias\\\/los-efectos-de-la-borrasca-fien-en-asturias\\\/#breadcrumblist\",\"itemListElement\":[{\"@type\":\"ListItem\",\"@id\":\"https:\\\/\\\/candas365.es\\\/noticias#listItem\",\"position\":1,\"name\":\"Home\",\"item\":\"https:\\\/\\\/candas365.es\\\/noticias\",\"nextItem\":{\"@type\":\"ListItem\",\"@id\":\"https:\\\/\\\/candas365.es\\\/noticias\\\/category\\\/el-tiempo\\\/#listItem\",\"name\":\"El tiempo\"}},{\"@type\":\"ListItem\",\"@id\":\"https:\\\/\\\/candas365.es\\\/noticias\\\/category\\\/el-tiempo\\\/#listItem\",\"position\":2,\"name\":\"El tiempo\",\"item\":\"https:\\\/\\\/candas365.es\\\/noticias\\\/category\\\/el-tiempo\\\/\",\"nextItem\":{\"@type\":\"ListItem\",\"@id\":\"https:\\\/\\\/candas365.es\\\/noticias\\\/los-efectos-de-la-borrasca-fien-en-asturias\\\/#listItem\",\"name\":\"Los efectos de la borrasca Fien en Asturias\"},\"previousItem\":{\"@type\":\"ListItem\",\"@id\":\"https:\\\/\\\/candas365.es\\\/noticias#listItem\",\"name\":\"Home\"}},{\"@type\":\"ListItem\",\"@id\":\"https:\\\/\\\/candas365.es\\\/noticias\\\/los-efectos-de-la-borrasca-fien-en-asturias\\\/#listItem\",\"position\":3,\"name\":\"Los efectos de la borrasca Fien en Asturias\",\"previousItem\":{\"@type\":\"ListItem\",\"@id\":\"https:\\\/\\\/candas365.es\\\/noticias\\\/category\\\/el-tiempo\\\/#listItem\",\"name\":\"El tiempo\"}}]},{\"@type\":\"NewsArticle\",\"@id\":\"https:\\\/\\\/candas365.es\\\/noticias\\\/los-efectos-de-la-borrasca-fien-en-asturias\\\/#newsarticle\",\"name\":\"Los efectos de la borrasca Fien en Asturias | Cand\\u00e1s 365\",\"headline\":\"Los efectos de la borrasca Fien en Asturias\",\"author\":{\"@id\":\"https:\\\/\\\/candas365.es\\\/noticias\\\/author\\\/admin\\\/#author\"},\"publisher\":{\"@id\":\"https:\\\/\\\/candas365.es\\\/noticias\\\/#organization\"},\"image\":{\"@type\":\"ImageObject\",\"url\":\"https:\\\/\\\/candas365.es\\\/noticias\\\/wp-content\\\/uploads\\\/2023\\\/01\\\/borrasca.jpg\",\"width\":1015,\"height\":663,\"caption\":\"Foto: Rosa Veiga - Europa Press\"},\"datePublished\":\"2023-01-19T13:48:15+01:00\",\"dateModified\":\"2023-01-19T13:48:15+01:00\",\"inLanguage\":\"es-ES\",\"mainEntityOfPage\":{\"@id\":\"https:\\\/\\\/candas365.es\\\/noticias\\\/los-efectos-de-la-borrasca-fien-en-asturias\\\/#webpage\"},\"isPartOf\":{\"@id\":\"https:\\\/\\\/candas365.es\\\/noticias\\\/los-efectos-de-la-borrasca-fien-en-asturias\\\/#webpage\"},\"articleSection\":\"El tiempo, Asturias, El tiempo, Espa\\u00f1a\",\"dateline\":\"Publicado el enero 19, 2023.\"},{\"@type\":\"Organization\",\"@id\":\"https:\\\/\\\/candas365.es\\\/noticias\\\/#organization\",\"name\":\"Cand\\u00e1s 365\",\"description\":\"Cand\\u00e1s 365 es un diario digital independiente, fundado en 2012, con base en Asturias. Informamos con rigor sobre actualidad, sociedad, cultura y ocio, con una mirada local y global.\",\"url\":\"https:\\\/\\\/candas365.es\\\/noticias\\\/\",\"email\":\"info@candas365.es\",\"telephone\":\"+34652131393\",\"foundingDate\":\"2012-06-10\",\"logo\":{\"@type\":\"ImageObject\",\"url\":\"https:\\\/\\\/candas365.es\\\/noticias\\\/wp-content\\\/uploads\\\/2024\\\/09\\\/Candas-365-Redes.jpg\",\"@id\":\"https:\\\/\\\/candas365.es\\\/noticias\\\/los-efectos-de-la-borrasca-fien-en-asturias\\\/#organizationLogo\",\"width\":1152,\"height\":864,\"caption\":\"Cand\\u00e1s 365 Redes\"},\"image\":{\"@id\":\"https:\\\/\\\/candas365.es\\\/noticias\\\/los-efectos-de-la-borrasca-fien-en-asturias\\\/#organizationLogo\"},\"sameAs\":[\"https:\\\/\\\/www.facebook.com\\\/Nachofdezber\",\"https:\\\/\\\/x.com\\\/NabercoDigital\",\"https:\\\/\\\/www.instagram.com\\\/nachofdezber\\\/\",\"https:\\\/\\\/www.youtube.com\\\/channel\\\/UCZP-2wLEB9Rv6erhFmqVnvg\"],\"address\":{\"@id\":\"https:\\\/\\\/candas365.es\\\/noticias\\\/#postaladdress\",\"@type\":\"PostalAddress\",\"streetAddress\":\"san antonio 4, san antonio 4\",\"postalCode\":\"33430\",\"addressLocality\":\"Cand\\u00e1s\",\"addressRegion\":\"Asturias\",\"addressCountry\":\"ES\"}},{\"@type\":\"Person\",\"@id\":\"https:\\\/\\\/candas365.es\\\/noticias\\\/author\\\/admin\\\/#author\",\"url\":\"https:\\\/\\\/candas365.es\\\/noticias\\\/author\\\/admin\\\/\",\"name\":\"Cand\\u00e1s 365\",\"image\":{\"@type\":\"ImageObject\",\"@id\":\"https:\\\/\\\/candas365.es\\\/noticias\\\/los-efectos-de-la-borrasca-fien-en-asturias\\\/#authorImage\",\"url\":\"https:\\\/\\\/secure.gravatar.com\\\/avatar\\\/496a8e03d0c493ede1718b7934145dbdf8d89be1036b0eec9544e1094c9de390?s=96&d=mm&r=g\",\"width\":96,\"height\":96,\"caption\":\"Cand\\u00e1s 365\"},\"sameAs\":[\"https:\\\/\\\/www.facebook.com\\\/carrenoactualidad\",\"https:\\\/\\\/twitter.com\\\/nbasturias\",\"https:\\\/\\\/www.instagram.com\\\/nachofdezber\\\/\",\"https:\\\/\\\/www.youtube.com\\\/channel\\\/UCZP-2wLEB9Rv6erhFmqVnvg\"]},{\"@type\":\"WebPage\",\"@id\":\"https:\\\/\\\/candas365.es\\\/noticias\\\/los-efectos-de-la-borrasca-fien-en-asturias\\\/#webpage\",\"url\":\"https:\\\/\\\/candas365.es\\\/noticias\\\/los-efectos-de-la-borrasca-fien-en-asturias\\\/\",\"name\":\"Los efectos de la borrasca Fien en Asturias | Cand\\u00e1s 365\",\"description\":\"(EP) - El temporal provocado por la borrasca Fien afecta a la circulaci\\u00f3n en 144 v\\u00edas de comunicaci\\u00f3n, once de ellas de la red principal, seg\\u00fan ha informado\",\"inLanguage\":\"es-ES\",\"isPartOf\":{\"@id\":\"https:\\\/\\\/candas365.es\\\/noticias\\\/#website\"},\"breadcrumb\":{\"@id\":\"https:\\\/\\\/candas365.es\\\/noticias\\\/los-efectos-de-la-borrasca-fien-en-asturias\\\/#breadcrumblist\"},\"author\":{\"@id\":\"https:\\\/\\\/candas365.es\\\/noticias\\\/author\\\/admin\\\/#author\"},\"creator\":{\"@id\":\"https:\\\/\\\/candas365.es\\\/noticias\\\/author\\\/admin\\\/#author\"},\"image\":{\"@type\":\"ImageObject\",\"url\":\"https:\\\/\\\/candas365.es\\\/noticias\\\/wp-content\\\/uploads\\\/2023\\\/01\\\/borrasca.jpg\",\"@id\":\"https:\\\/\\\/candas365.es\\\/noticias\\\/los-efectos-de-la-borrasca-fien-en-asturias\\\/#mainImage\",\"width\":1015,\"height\":663,\"caption\":\"Foto: Rosa Veiga - Europa Press\"},\"primaryImageOfPage\":{\"@id\":\"https:\\\/\\\/candas365.es\\\/noticias\\\/los-efectos-de-la-borrasca-fien-en-asturias\\\/#mainImage\"},\"datePublished\":\"2023-01-19T13:48:15+01:00\",\"dateModified\":\"2023-01-19T13:48:15+01:00\"},{\"@type\":\"WebSite\",\"@id\":\"https:\\\/\\\/candas365.es\\\/noticias\\\/#website\",\"url\":\"https:\\\/\\\/candas365.es\\\/noticias\\\/\",\"name\":\"Cand\\u00e1s 365\",\"alternateName\":\"Cand\\u00e1s 365 Noticias\",\"description\":\"Actualidad desde Carre\\u00f1o para el mundo\",\"inLanguage\":\"es-ES\",\"publisher\":{\"@id\":\"https:\\\/\\\/candas365.es\\\/noticias\\\/#organization\"}}]}\n\t\t<\/script>\n\t\t<!-- All in One SEO Pro -->\r\n\t\t<title>Los efectos de la borrasca Fien en Asturias | Cand\u00e1s 365<\/title>\n\n","aioseo_head_json":{"title":"Los efectos de la borrasca Fien en Asturias | Cand\u00e1s 365","description":"(EP) - El temporal provocado por la borrasca Fien afecta a la circulaci\u00f3n en 144 v\u00edas de comunicaci\u00f3n, once de ellas de la red principal, seg\u00fan ha informado","canonical_url":"https:\/\/candas365.es\/noticias\/los-efectos-de-la-borrasca-fien-en-asturias\/","robots":"max-image-preview:large","keywords":"el tiempo","webmasterTools":{"google-site-verification":"UA-32230408-1","msvalidate.01":"354F3CDFB2DA171B47FBE9ABF1F88D5","miscellaneous":""},"schema":{"@context":"https:\/\/schema.org","@graph":[{"@type":"BreadcrumbList","@id":"https:\/\/candas365.es\/noticias\/los-efectos-de-la-borrasca-fien-en-asturias\/#breadcrumblist","itemListElement":[{"@type":"ListItem","@id":"https:\/\/candas365.es\/noticias#listItem","position":1,"name":"Home","item":"https:\/\/candas365.es\/noticias","nextItem":{"@type":"ListItem","@id":"https:\/\/candas365.es\/noticias\/category\/el-tiempo\/#listItem","name":"El tiempo"}},{"@type":"ListItem","@id":"https:\/\/candas365.es\/noticias\/category\/el-tiempo\/#listItem","position":2,"name":"El tiempo","item":"https:\/\/candas365.es\/noticias\/category\/el-tiempo\/","nextItem":{"@type":"ListItem","@id":"https:\/\/candas365.es\/noticias\/los-efectos-de-la-borrasca-fien-en-asturias\/#listItem","name":"Los efectos de la borrasca Fien en Asturias"},"previousItem":{"@type":"ListItem","@id":"https:\/\/candas365.es\/noticias#listItem","name":"Home"}},{"@type":"ListItem","@id":"https:\/\/candas365.es\/noticias\/los-efectos-de-la-borrasca-fien-en-asturias\/#listItem","position":3,"name":"Los efectos de la borrasca Fien en Asturias","previousItem":{"@type":"ListItem","@id":"https:\/\/candas365.es\/noticias\/category\/el-tiempo\/#listItem","name":"El tiempo"}}]},{"@type":"NewsArticle","@id":"https:\/\/candas365.es\/noticias\/los-efectos-de-la-borrasca-fien-en-asturias\/#newsarticle","name":"Los efectos de la borrasca Fien en Asturias | Cand\u00e1s 365","headline":"Los efectos de la borrasca Fien en Asturias","author":{"@id":"https:\/\/candas365.es\/noticias\/author\/admin\/#author"},"publisher":{"@id":"https:\/\/candas365.es\/noticias\/#organization"},"image":{"@type":"ImageObject","url":"https:\/\/candas365.es\/noticias\/wp-content\/uploads\/2023\/01\/borrasca.jpg","width":1015,"height":663,"caption":"Foto: Rosa Veiga - Europa Press"},"datePublished":"2023-01-19T13:48:15+01:00","dateModified":"2023-01-19T13:48:15+01:00","inLanguage":"es-ES","mainEntityOfPage":{"@id":"https:\/\/candas365.es\/noticias\/los-efectos-de-la-borrasca-fien-en-asturias\/#webpage"},"isPartOf":{"@id":"https:\/\/candas365.es\/noticias\/los-efectos-de-la-borrasca-fien-en-asturias\/#webpage"},"articleSection":"El tiempo, Asturias, El tiempo, Espa\u00f1a","dateline":"Publicado el enero 19, 2023."},{"@type":"Organization","@id":"https:\/\/candas365.es\/noticias\/#organization","name":"Cand\u00e1s 365","description":"Cand\u00e1s 365 es un diario digital independiente, fundado en 2012, con base en Asturias. Informamos con rigor sobre actualidad, sociedad, cultura y ocio, con una mirada local y global.","url":"https:\/\/candas365.es\/noticias\/","email":"info@candas365.es","telephone":"+34652131393","foundingDate":"2012-06-10","logo":{"@type":"ImageObject","url":"https:\/\/candas365.es\/noticias\/wp-content\/uploads\/2024\/09\/Candas-365-Redes.jpg","@id":"https:\/\/candas365.es\/noticias\/los-efectos-de-la-borrasca-fien-en-asturias\/#organizationLogo","width":1152,"height":864,"caption":"Cand\u00e1s 365 Redes"},"image":{"@id":"https:\/\/candas365.es\/noticias\/los-efectos-de-la-borrasca-fien-en-asturias\/#organizationLogo"},"sameAs":["https:\/\/www.facebook.com\/Nachofdezber","https:\/\/x.com\/NabercoDigital","https:\/\/www.instagram.com\/nachofdezber\/","https:\/\/www.youtube.com\/channel\/UCZP-2wLEB9Rv6erhFmqVnvg"],"address":{"@id":"https:\/\/candas365.es\/noticias\/#postaladdress","@type":"PostalAddress","streetAddress":"san antonio 4, san antonio 4","postalCode":"33430","addressLocality":"Cand\u00e1s","addressRegion":"Asturias","addressCountry":"ES"}},{"@type":"Person","@id":"https:\/\/candas365.es\/noticias\/author\/admin\/#author","url":"https:\/\/candas365.es\/noticias\/author\/admin\/","name":"Cand\u00e1s 365","image":{"@type":"ImageObject","@id":"https:\/\/candas365.es\/noticias\/los-efectos-de-la-borrasca-fien-en-asturias\/#authorImage","url":"https:\/\/secure.gravatar.com\/avatar\/496a8e03d0c493ede1718b7934145dbdf8d89be1036b0eec9544e1094c9de390?s=96&d=mm&r=g","width":96,"height":96,"caption":"Cand\u00e1s 365"},"sameAs":["https:\/\/www.facebook.com\/carrenoactualidad","https:\/\/twitter.com\/nbasturias","https:\/\/www.instagram.com\/nachofdezber\/","https:\/\/www.youtube.com\/channel\/UCZP-2wLEB9Rv6erhFmqVnvg"]},{"@type":"WebPage","@id":"https:\/\/candas365.es\/noticias\/los-efectos-de-la-borrasca-fien-en-asturias\/#webpage","url":"https:\/\/candas365.es\/noticias\/los-efectos-de-la-borrasca-fien-en-asturias\/","name":"Los efectos de la borrasca Fien en Asturias | Cand\u00e1s 365","description":"(EP) - El temporal provocado por la borrasca Fien afecta a la circulaci\u00f3n en 144 v\u00edas de comunicaci\u00f3n, once de ellas de la red principal, seg\u00fan ha informado","inLanguage":"es-ES","isPartOf":{"@id":"https:\/\/candas365.es\/noticias\/#website"},"breadcrumb":{"@id":"https:\/\/candas365.es\/noticias\/los-efectos-de-la-borrasca-fien-en-asturias\/#breadcrumblist"},"author":{"@id":"https:\/\/candas365.es\/noticias\/author\/admin\/#author"},"creator":{"@id":"https:\/\/candas365.es\/noticias\/author\/admin\/#author"},"image":{"@type":"ImageObject","url":"https:\/\/candas365.es\/noticias\/wp-content\/uploads\/2023\/01\/borrasca.jpg","@id":"https:\/\/candas365.es\/noticias\/los-efectos-de-la-borrasca-fien-en-asturias\/#mainImage","width":1015,"height":663,"caption":"Foto: Rosa Veiga - Europa Press"},"primaryImageOfPage":{"@id":"https:\/\/candas365.es\/noticias\/los-efectos-de-la-borrasca-fien-en-asturias\/#mainImage"},"datePublished":"2023-01-19T13:48:15+01:00","dateModified":"2023-01-19T13:48:15+01:00"},{"@type":"WebSite","@id":"https:\/\/candas365.es\/noticias\/#website","url":"https:\/\/candas365.es\/noticias\/","name":"Cand\u00e1s 365","alternateName":"Cand\u00e1s 365 Noticias","description":"Actualidad desde Carre\u00f1o para el mundo","inLanguage":"es-ES","publisher":{"@id":"https:\/\/candas365.es\/noticias\/#organization"}}]},"og:locale":"es_ES","og:site_name":"Cand\u00e1s 365","og:type":"article","og:title":"Los efectos de la borrasca Fien en Asturias | Cand\u00e1s 365","og:description":"(EP) - El temporal provocado por la borrasca Fien afecta a la circulaci\u00f3n en 144 v\u00edas de comunicaci\u00f3n, once de ellas de la red principal, seg\u00fan ha informado","og:url":"https:\/\/candas365.es\/noticias\/los-efectos-de-la-borrasca-fien-en-asturias\/","og:image":"https:\/\/candas365.es\/noticias\/wp-content\/uploads\/2023\/01\/borrasca.jpg","og:image:secure_url":"https:\/\/candas365.es\/noticias\/wp-content\/uploads\/2023\/01\/borrasca.jpg","og:image:width":1015,"og:image:height":663,"article:published_time":"2023-01-19T12:48:15+00:00","article:modified_time":"2023-01-19T12:48:15+00:00","article:publisher":"https:\/\/www.facebook.com\/Nachofdezber","article:author":"https:\/\/www.facebook.com\/carrenoactualidad","twitter:card":"summary_large_image","twitter:site":"@NabercoDigital","twitter:title":"Los efectos de la borrasca Fien en Asturias | Cand\u00e1s 365","twitter:description":"(EP) - El temporal provocado por la borrasca Fien afecta a la circulaci\u00f3n en 144 v\u00edas de comunicaci\u00f3n, once de ellas de la red principal, seg\u00fan ha informado","twitter:creator":"@nbasturias","twitter:image":"https:\/\/candas365.es\/noticias\/wp-content\/uploads\/2023\/01\/borrasca.jpg","twitter:label1":"Escrito por","twitter:data1":"Cand\u00e1s 365","twitter:label2":"Tiempo de lectura estimado","twitter:data2":"4 minutos"},"aioseo_meta_data":{"post_id":"171122","title":null,"description":"(EP) - El temporal provocado por la borrasca Fien afecta a la circulaci\u00f3n en 144 v\u00edas de comunicaci\u00f3n, once de ellas de la red principal, seg\u00fan ha informado","keywords":[],"keyphrases":{"focus":{"keyphrase":"borrasca","score":83,"analysis":{"keyphraseInTitle":{"score":9,"maxScore":9,"error":0},"keyphraseInDescription":{"score":9,"maxScore":9,"error":0},"keyphraseLength":{"score":9,"maxScore":9,"error":0,"length":1},"keyphraseInURL":{"score":1,"maxScore":5,"error":1},"keyphraseInIntroduction":{"score":9,"maxScore":9,"error":0},"keyphraseInSubHeadings":{"score":3,"maxScore":9,"error":1},"keyphraseInImageAlt":{"score":9,"maxScore":9,"error":0}}},"additional":[{"keyphrase":"borrasca Fien","score":83,"analysis":{"keyphraseInDescription":{"score":9,"maxScore":9,"error":0},"keyphraseLength":{"score":9,"maxScore":9,"error":0,"length":2},"keyphraseInIntroduction":{"score":9,"maxScore":9,"error":0},"keyphraseInImageAlt":{"score":3,"maxScore":9,"error":1}}},{"keyphrase":"borrasca","score":100,"analysis":{"keyphraseInDescription":{"score":9,"maxScore":9,"error":0},"keyphraseLength":{"score":9,"maxScore":9,"error":0,"length":1},"keyphraseInIntroduction":{"score":9,"maxScore":9,"error":0},"keyphraseInImageAlt":{"score":9,"maxScore":9,"error":0}}}]},"primary_term":null,"canonical_url":null,"og_title":null,"og_description":null,"og_object_type":"default","og_image_type":"default","og_image_url":null,"og_image_width":null,"og_image_height":null,"og_image_custom_url":null,"og_image_custom_fields":null,"og_video":"","og_custom_url":null,"og_article_section":null,"og_article_tags":[],"twitter_use_og":false,"twitter_card":"default","twitter_image_type":"default","twitter_image_url":null,"twitter_image_custom_url":null,"twitter_image_custom_fields":null,"twitter_title":null,"twitter_description":null,"schema":{"blockGraphs":[],"customGraphs":[],"default":{"data":{"Article":[],"Course":[],"Dataset":[],"FAQPage":[],"Movie":[],"Person":[],"Product":[],"ProductReview":[],"Car":[],"Recipe":[],"Service":[],"SoftwareApplication":[],"WebPage":[]},"graphName":"Article","isEnabled":true},"graphs":[]},"schema_type":"default","schema_type_options":null,"pillar_content":false,"robots_default":true,"robots_noindex":false,"robots_noarchive":false,"robots_nosnippet":false,"robots_nofollow":false,"robots_noimageindex":false,"robots_noodp":false,"robots_notranslate":false,"robots_max_snippet":"-1","robots_max_videopreview":"-1","robots_max_imagepreview":"large","priority":null,"frequency":"default","location":null,"local_seo":null,"seo_analyzer_scan_date":"2025-09-01 18:13:17","breadcrumb_settings":null,"limit_modified_date":false,"reviewed_by":null,"open_ai":null,"ai":null,"created":"2023-01-19 12:40:32","updated":"2025-09-01 18:13:17"},"aioseo_breadcrumb":"<div class=\"aioseo-breadcrumbs\"><span class=\"aioseo-breadcrumb\">\n\t<a href=\"https:\/\/candas365.es\/noticias\" title=\"Home\">Home<\/a>\n<\/span><span class=\"aioseo-breadcrumb-separator\">&ndash;<\/span><span class=\"aioseo-breadcrumb\">\n\t<a href=\"https:\/\/candas365.es\/noticias\/category\/el-tiempo\/\" title=\"El tiempo\">El tiempo<\/a>\n<\/span><span class=\"aioseo-breadcrumb-separator\">&ndash;<\/span><span class=\"aioseo-breadcrumb\">\n\tLos efectos de la borrasca Fien en Asturias\n<\/span><\/div>","aioseo_breadcrumb_json":[{"label":"Home","link":"https:\/\/candas365.es\/noticias"},{"label":"El tiempo","link":"https:\/\/candas365.es\/noticias\/category\/el-tiempo\/"},{"label":"Los efectos de la borrasca Fien en Asturias","link":"https:\/\/candas365.es\/noticias\/los-efectos-de-la-borrasca-fien-en-asturias\/"}],"_links":{"self":[{"href":"https:\/\/candas365.es\/noticias\/wp-json\/wp\/v2\/posts\/171122","targetHints":{"allow":["GET"]}}],"collection":[{"href":"https:\/\/candas365.es\/noticias\/wp-json\/wp\/v2\/posts"}],"about":[{"href":"https:\/\/candas365.es\/noticias\/wp-json\/wp\/v2\/types\/post"}],"author":[{"embeddable":true,"href":"https:\/\/candas365.es\/noticias\/wp-json\/wp\/v2\/users\/1"}],"replies":[{"embeddable":true,"href":"https:\/\/candas365.es\/noticias\/wp-json\/wp\/v2\/comments?post=171122"}],"version-history":[{"count":0,"href":"https:\/\/candas365.es\/noticias\/wp-json\/wp\/v2\/posts\/171122\/revisions"}],"wp:featuredmedia":[{"embeddable":true,"href":"https:\/\/candas365.es\/noticias\/wp-json\/wp\/v2\/media\/171123"}],"wp:attachment":[{"href":"https:\/\/candas365.es\/noticias\/wp-json\/wp\/v2\/media?parent=171122"}],"wp:term":[{"taxonomy":"category","embeddable":true,"href":"https:\/\/candas365.es\/noticias\/wp-json\/wp\/v2\/categories?post=171122"},{"taxonomy":"post_tag","embeddable":true,"href":"https:\/\/candas365.es\/noticias\/wp-json\/wp\/v2\/tags?post=171122"}],"curies":[{"name":"wp","href":"https:\/\/api.w.org\/{rel}","templated":true}]}}