{"id":171119,"date":"2023-01-19T13:39:04","date_gmt":"2023-01-19T12:39:04","guid":{"rendered":"https:\/\/candas365.es\/noticias\/?p=171119"},"modified":"2023-01-19T13:39:04","modified_gmt":"2023-01-19T12:39:04","slug":"que-tiempo-tendremos-durante-los-proximos-dias-en-espana","status":"publish","type":"post","link":"https:\/\/candas365.es\/noticias\/que-tiempo-tendremos-durante-los-proximos-dias-en-espana\/","title":{"rendered":"\u00bfQu\u00e9 tiempo tendremos durante los pr\u00f3ximos d\u00edas en Espa\u00f1a?"},"content":{"rendered":"<p>(EP) &#8211; La <span style=\"color: #ff6600;\"><a style=\"color: #ff6600;\" href=\"https:\/\/www.aemet.es\/es\/\" target=\"_blank\" rel=\"noopener\"><strong>Agencia Estatal de Meteorolog\u00eda<\/strong><\/a><\/span> ve \u00abbastante probable\u00bb que este viernes llegue progresivamente la estabilidad a la Pen\u00ednsula y Baleares y la presencia de una masa de aire \u00abalgo\u00bb m\u00e1s templada se vaya consolidando, de modo que se pondr\u00e1 fin al episodio invernal.<\/p>\n<figure id=\"attachment_171120\" aria-describedby=\"caption-attachment-171120\" style=\"width: 650px\" class=\"wp-caption aligncenter\"><img fetchpriority=\"high\" decoding=\"async\" class=\"wp-image-171120 size-large\" src=\"https:\/\/candas365.es\/noticias\/wp-content\/uploads\/2023\/01\/tiempo-650x434.jpg\" alt=\"tiempo\" width=\"650\" height=\"434\" srcset=\"https:\/\/candas365.es\/noticias\/wp-content\/uploads\/2023\/01\/tiempo-650x434.jpg 650w, https:\/\/candas365.es\/noticias\/wp-content\/uploads\/2023\/01\/tiempo-360x241.jpg 360w, https:\/\/candas365.es\/noticias\/wp-content\/uploads\/2023\/01\/tiempo-768x513.jpg 768w, https:\/\/candas365.es\/noticias\/wp-content\/uploads\/2023\/01\/tiempo-150x100.jpg 150w, https:\/\/candas365.es\/noticias\/wp-content\/uploads\/2023\/01\/tiempo-450x301.jpg 450w, https:\/\/candas365.es\/noticias\/wp-content\/uploads\/2023\/01\/tiempo.jpg 1004w\" sizes=\"(max-width: 650px) 100vw, 650px\" \/><figcaption id=\"caption-attachment-171120\" class=\"wp-caption-text\">Foto: Eduardo Sanz &#8211; Europa Press<\/figcaption><\/figure>\n<p>En todo caso,<strong> seg\u00fan la AEMET, las <a href=\"https:\/\/candas365.es\/noticias\/category\/el-tiempo\/\"><span style=\"color: #ff6600;\">temperaturas<\/span><\/a> seguir\u00e1n relativamente bajas en el este de la Pen\u00ednsula, donde seguir\u00e1n soplando los vientos de componente norte.<\/strong><\/p>\n<p>De momento, este jueves las temperaturas m\u00ednimas han seguido muy bajas y llegaron hasta -14,4\u00baC en Sierra Nevada (Granada); -13,5\u00baC en Cap de Vaqueira y -13,3\u00baC en Port Ain\u00e9 (L\u00e9rida); -12\u00baC en Ast\u00fan y -9,8\u00baC en Torla y -4,3\u00baC en Benasque (Huesca); -8,7\u00baC en La Molina (Gerona); -5,9\u00baC en Aguilar de Campo\u00f3 (Palencia); -4,2 en Brihuega (Guadalajara); -3\u00baC en Burgos-Aeropuerto; -3,4\u00baC en Cu\u00e9llar (Segovia); -4,1\u00baC en Fonfr\u00eda (Teruel); -7,3\u00baC en el Puerto de Navacerrada y -2,1\u00baC en Aranjuez (Madrid) y -1,4\u00baC en Valladolid.<\/p>\n<p>Adem\u00e1s, en lo que va de jornada hasta las 12.00 horas, se han recogido precipitaciones &#8211;algunas en forma de nieve&#8211; de 32,2 litros por metro cuadrado en Bera, 24,8 litros por metro cuadrado en Roncesvalles y 19,4 litros por metro cuadrado en Bazt\u00e1n (Navarra); 24 litros por metro cuadrado en Sopuerta y 21 litros por metro cuadrado en Amorebieta (Vizcaya).<\/p>\n<p>Para este viernes,<strong> la AEMET pronostica que se mantengan las acumulaciones significativas de nieve y las heladas fuertes en Pirineo<\/strong>s; el viento fuerte o con rachas muy fuertes en el entorno del Mediterr\u00e9nao y en el interior del tercio este peninsular, as\u00ed como en Canarias.<\/p>\n<p>Los cielos comenzar\u00e1n nubosos o cubiertos en la Pen\u00ednsula pero tender\u00e1n a abrirse claros en la segunda mitad del d\u00eda excepto en el cuadrante noroeste.<\/p>\n<p>Al principio del d\u00eda llover\u00e1 en Galicia, el \u00e1rea Cant\u00e1brica y Pirineos e ir\u00e1n remitiendo a lo largo de la ma\u00f1ana, aunque puede caer alguna lluvia d\u00e9bil y dispersa y de nuevo se reactivar\u00e1n las lluvias al final del d\u00eda en Galicia y el Cant\u00e1brico occidental.<\/p>\n<p>La AEMET no descarta alguna precipitaci\u00f3n d\u00e9bil y ocasional en el resto del pa\u00eds y prev\u00e9 intervalos nubosos en Baleares con posibilidad de alg\u00fan chubasco, en especial en el norte. En Canarias espera un viernes nubosos con lluvias en el norte de las islas de mayor relieve e intervalos nubosos, aunque en el resto del archipi\u00e9lago tender\u00e1 a estar poco nuboso.<\/p>\n<p>Las precipitaciones ser\u00e1n en forma de nieve a partir de 700 a 900 metros en Pirineos, donde se acumular\u00e1n cantidades significativas al principio del d\u00eda; a partir de 1.300 a 1.500 metros y bajando a 900 a 1.100 metros en el resto del tercio noreste peninsular y entre 1.00 y 1.300 metros y aumentando por encima de 1.600 metros en la Cant\u00e1brica y sistemas B\u00e9ticos.<\/p>\n<blockquote><p>Tambi\u00e9n ser\u00e1n probables los bancos de niebla por la ma\u00f1ana en los pricipales sistemas de monta\u00f1a de la Pen\u00ednsula y la calima en el este de Canarias.<\/p><\/blockquote>\n<p>Al mismo tiempo las temperaturas subir\u00e1n en todo el pa\u00eds y ese ascenso ser\u00e1 notable en las m\u00ednimas del centro y del oeste de la Pen\u00ednsula, excepto en el noreste, donde las m\u00e1ximas permanecer\u00e1n con pocos cambios y las m\u00ednimas descender\u00e1n. Las heladas ser\u00e1n d\u00e9biles y afectar\u00e1n al cuadrante nordeste peninsular, tambi\u00e9n en \u00e1reas de monta\u00f1a del resto de la Pen\u00ednsula, y m\u00e1s intensas en Pirineos, donde llegar\u00e1n a fuertes.<\/p>\n<p>Finalmente, el viento de componente norte predominar\u00e1 en el \u00e1rea Cant\u00e1brica y Galicia y en el resto de la Pen\u00ednsula y Baleares soplar\u00e1n vientos de componente oeste, que llegar\u00e1n a fuertes o con rachas muy fuertes en el entorno del mediterr\u00e1neo y zonas de interior del tercio este peninsular, y en general ser\u00e1n flojos en el resto.<\/p>\n<p>A lo largo del d\u00eda tender\u00e1n a componente norte e ir\u00e1n amainando, excepto en el Ampurd\u00e1n y norte de Baleares donde soplar\u00e1 tramontana fuerte. En Canarias, por su parte, predominar\u00e1n los alisios, que soplar\u00e1n fuertes entre las islas.<\/p>\n","protected":false},"excerpt":{"rendered":"<p>(EP) &#8211; La Agencia Estatal de Meteorolog\u00eda ve \u00abbastante probable\u00bb que este viernes llegue progresivamente la estabilidad a la Pen\u00ednsula y Baleares y la presencia de una masa de aire \u00abalgo\u00bb m\u00e1s templada se vaya consolidando, de modo que se pondr\u00e1 fin al episodio invernal. En todo caso, seg\u00fan la AEMET, las temperaturas seguir\u00e1n relativamente<\/p>\n","protected":false},"author":1,"featured_media":171120,"comment_status":"closed","ping_status":"closed","sticky":false,"template":"","format":"standard","meta":{"footnotes":""},"categories":[358],"tags":[429],"class_list":{"0":"post-171119","1":"post","2":"type-post","3":"status-publish","4":"format-standard","5":"has-post-thumbnail","7":"category-el-tiempo","8":"tag-el-tiempo"},"aioseo_notices":[],"aioseo_head":"\n\t\t<!-- All in One SEO Pro 4.9.6.2 - aioseo.com -->\n\t<meta name=\"description\" content=\"(EP) - La Agencia Estatal de Meteorolog\u00eda ve &quot;bastante probable&quot; que este viernes llegue progresivamente la estabilidad a la Pen\u00ednsula y Baleares\" \/>\n\t<meta name=\"robots\" content=\"max-image-preview:large\" \/>\n\t<meta name=\"author\" content=\"Cand\u00e1s 365\"\/>\n\t<meta name=\"google-site-verification\" content=\"UA-32230408-1\" \/>\n\t<meta name=\"msvalidate.01\" content=\"354F3CDFB2DA171B47FBE9ABF1F88D5\" \/>\n\t<meta name=\"keywords\" content=\"el tiempo\" \/>\n\t<link rel=\"canonical\" href=\"https:\/\/candas365.es\/noticias\/que-tiempo-tendremos-durante-los-proximos-dias-en-espana\/\" \/>\n\t<meta name=\"generator\" content=\"All in One SEO Pro (AIOSEO) 4.9.6.2\" \/>\n\t\t<meta property=\"og:locale\" content=\"es_ES\" \/>\n\t\t<meta property=\"og:site_name\" content=\"Cand\u00e1s 365\" \/>\n\t\t<meta property=\"og:type\" content=\"article\" \/>\n\t\t<meta property=\"og:title\" content=\"\u00bfQu\u00e9 tiempo tendremos durante los pr\u00f3ximos d\u00edas en Espa\u00f1a? | Cand\u00e1s 365\" \/>\n\t\t<meta property=\"og:description\" content=\"(EP) - La Agencia Estatal de Meteorolog\u00eda ve &quot;bastante probable&quot; que este viernes llegue progresivamente la estabilidad a la Pen\u00ednsula y Baleares\" \/>\n\t\t<meta property=\"og:url\" content=\"https:\/\/candas365.es\/noticias\/que-tiempo-tendremos-durante-los-proximos-dias-en-espana\/\" \/>\n\t\t<meta property=\"og:image\" content=\"https:\/\/candas365.es\/noticias\/wp-content\/uploads\/2023\/01\/tiempo.jpg\" \/>\n\t\t<meta property=\"og:image:secure_url\" content=\"https:\/\/candas365.es\/noticias\/wp-content\/uploads\/2023\/01\/tiempo.jpg\" \/>\n\t\t<meta property=\"og:image:width\" content=\"1004\" \/>\n\t\t<meta property=\"og:image:height\" content=\"671\" \/>\n\t\t<meta property=\"article:published_time\" content=\"2023-01-19T12:39:04+00:00\" \/>\n\t\t<meta property=\"article:modified_time\" content=\"2023-01-19T12:39:04+00:00\" \/>\n\t\t<meta property=\"article:publisher\" content=\"https:\/\/www.facebook.com\/Nachofdezber\" \/>\n\t\t<meta property=\"article:author\" content=\"https:\/\/www.facebook.com\/carrenoactualidad\" \/>\n\t\t<meta name=\"twitter:card\" content=\"summary_large_image\" \/>\n\t\t<meta name=\"twitter:site\" content=\"@NabercoDigital\" \/>\n\t\t<meta name=\"twitter:title\" content=\"\u00bfQu\u00e9 tiempo tendremos durante los pr\u00f3ximos d\u00edas en Espa\u00f1a? | Cand\u00e1s 365\" \/>\n\t\t<meta name=\"twitter:description\" content=\"(EP) - La Agencia Estatal de Meteorolog\u00eda ve &quot;bastante probable&quot; que este viernes llegue progresivamente la estabilidad a la Pen\u00ednsula y Baleares\" \/>\n\t\t<meta name=\"twitter:creator\" content=\"@nbasturias\" \/>\n\t\t<meta name=\"twitter:image\" content=\"https:\/\/candas365.es\/noticias\/wp-content\/uploads\/2023\/01\/tiempo.jpg\" \/>\n\t\t<meta name=\"twitter:label1\" content=\"Escrito por\" \/>\n\t\t<meta name=\"twitter:data1\" content=\"Cand\u00e1s 365\" \/>\n\t\t<meta name=\"twitter:label2\" content=\"Tiempo de lectura estimado\" \/>\n\t\t<meta name=\"twitter:data2\" content=\"4 minutos\" \/>\n\t\t<script type=\"application\/ld+json\" class=\"aioseo-schema\">\n\t\t\t{\"@context\":\"https:\\\/\\\/schema.org\",\"@graph\":[{\"@type\":\"BreadcrumbList\",\"@id\":\"https:\\\/\\\/candas365.es\\\/noticias\\\/que-tiempo-tendremos-durante-los-proximos-dias-en-espana\\\/#breadcrumblist\",\"itemListElement\":[{\"@type\":\"ListItem\",\"@id\":\"https:\\\/\\\/candas365.es\\\/noticias#listItem\",\"position\":1,\"name\":\"Home\",\"item\":\"https:\\\/\\\/candas365.es\\\/noticias\",\"nextItem\":{\"@type\":\"ListItem\",\"@id\":\"https:\\\/\\\/candas365.es\\\/noticias\\\/category\\\/el-tiempo\\\/#listItem\",\"name\":\"El tiempo\"}},{\"@type\":\"ListItem\",\"@id\":\"https:\\\/\\\/candas365.es\\\/noticias\\\/category\\\/el-tiempo\\\/#listItem\",\"position\":2,\"name\":\"El tiempo\",\"item\":\"https:\\\/\\\/candas365.es\\\/noticias\\\/category\\\/el-tiempo\\\/\",\"nextItem\":{\"@type\":\"ListItem\",\"@id\":\"https:\\\/\\\/candas365.es\\\/noticias\\\/que-tiempo-tendremos-durante-los-proximos-dias-en-espana\\\/#listItem\",\"name\":\"\\u00bfQu\\u00e9 tiempo tendremos durante los pr\\u00f3ximos d\\u00edas en Espa\\u00f1a?\"},\"previousItem\":{\"@type\":\"ListItem\",\"@id\":\"https:\\\/\\\/candas365.es\\\/noticias#listItem\",\"name\":\"Home\"}},{\"@type\":\"ListItem\",\"@id\":\"https:\\\/\\\/candas365.es\\\/noticias\\\/que-tiempo-tendremos-durante-los-proximos-dias-en-espana\\\/#listItem\",\"position\":3,\"name\":\"\\u00bfQu\\u00e9 tiempo tendremos durante los pr\\u00f3ximos d\\u00edas en Espa\\u00f1a?\",\"previousItem\":{\"@type\":\"ListItem\",\"@id\":\"https:\\\/\\\/candas365.es\\\/noticias\\\/category\\\/el-tiempo\\\/#listItem\",\"name\":\"El tiempo\"}}]},{\"@type\":\"NewsArticle\",\"@id\":\"https:\\\/\\\/candas365.es\\\/noticias\\\/que-tiempo-tendremos-durante-los-proximos-dias-en-espana\\\/#newsarticle\",\"name\":\"\\u00bfQu\\u00e9 tiempo tendremos durante los pr\\u00f3ximos d\\u00edas en Espa\\u00f1a? | Cand\\u00e1s 365\",\"headline\":\"\\u00bfQu\\u00e9 tiempo tendremos durante los pr\\u00f3ximos d\\u00edas en Espa\\u00f1a?\",\"author\":{\"@id\":\"https:\\\/\\\/candas365.es\\\/noticias\\\/author\\\/admin\\\/#author\"},\"publisher\":{\"@id\":\"https:\\\/\\\/candas365.es\\\/noticias\\\/#organization\"},\"image\":{\"@type\":\"ImageObject\",\"url\":\"https:\\\/\\\/candas365.es\\\/noticias\\\/wp-content\\\/uploads\\\/2023\\\/01\\\/tiempo.jpg\",\"width\":1004,\"height\":671,\"caption\":\"Foto: Eduardo Sanz - Europa Press\"},\"datePublished\":\"2023-01-19T13:39:04+01:00\",\"dateModified\":\"2023-01-19T13:39:04+01:00\",\"inLanguage\":\"es-ES\",\"mainEntityOfPage\":{\"@id\":\"https:\\\/\\\/candas365.es\\\/noticias\\\/que-tiempo-tendremos-durante-los-proximos-dias-en-espana\\\/#webpage\"},\"isPartOf\":{\"@id\":\"https:\\\/\\\/candas365.es\\\/noticias\\\/que-tiempo-tendremos-durante-los-proximos-dias-en-espana\\\/#webpage\"},\"articleSection\":\"El tiempo, El tiempo\",\"dateline\":\"Publicado el enero 19, 2023.\"},{\"@type\":\"Organization\",\"@id\":\"https:\\\/\\\/candas365.es\\\/noticias\\\/#organization\",\"name\":\"Cand\\u00e1s 365\",\"description\":\"Cand\\u00e1s 365 es un diario digital independiente, fundado en 2012, con base en Asturias. Informamos con rigor sobre actualidad, sociedad, cultura y ocio, con una mirada local y global.\",\"url\":\"https:\\\/\\\/candas365.es\\\/noticias\\\/\",\"email\":\"info@candas365.es\",\"telephone\":\"+34652131393\",\"foundingDate\":\"2012-06-10\",\"logo\":{\"@type\":\"ImageObject\",\"url\":\"https:\\\/\\\/candas365.es\\\/noticias\\\/wp-content\\\/uploads\\\/2024\\\/09\\\/Candas-365-Redes.jpg\",\"@id\":\"https:\\\/\\\/candas365.es\\\/noticias\\\/que-tiempo-tendremos-durante-los-proximos-dias-en-espana\\\/#organizationLogo\",\"width\":1152,\"height\":864,\"caption\":\"Cand\\u00e1s 365 Redes\"},\"image\":{\"@id\":\"https:\\\/\\\/candas365.es\\\/noticias\\\/que-tiempo-tendremos-durante-los-proximos-dias-en-espana\\\/#organizationLogo\"},\"sameAs\":[\"https:\\\/\\\/www.facebook.com\\\/Nachofdezber\",\"https:\\\/\\\/x.com\\\/NabercoDigital\",\"https:\\\/\\\/www.instagram.com\\\/nachofdezber\\\/\",\"https:\\\/\\\/www.youtube.com\\\/channel\\\/UCZP-2wLEB9Rv6erhFmqVnvg\"],\"address\":{\"@id\":\"https:\\\/\\\/candas365.es\\\/noticias\\\/#postaladdress\",\"@type\":\"PostalAddress\",\"streetAddress\":\"san antonio 4, san antonio 4\",\"postalCode\":\"33430\",\"addressLocality\":\"Cand\\u00e1s\",\"addressRegion\":\"Asturias\",\"addressCountry\":\"ES\"}},{\"@type\":\"Person\",\"@id\":\"https:\\\/\\\/candas365.es\\\/noticias\\\/author\\\/admin\\\/#author\",\"url\":\"https:\\\/\\\/candas365.es\\\/noticias\\\/author\\\/admin\\\/\",\"name\":\"Cand\\u00e1s 365\",\"image\":{\"@type\":\"ImageObject\",\"@id\":\"https:\\\/\\\/candas365.es\\\/noticias\\\/que-tiempo-tendremos-durante-los-proximos-dias-en-espana\\\/#authorImage\",\"url\":\"https:\\\/\\\/secure.gravatar.com\\\/avatar\\\/496a8e03d0c493ede1718b7934145dbdf8d89be1036b0eec9544e1094c9de390?s=96&d=mm&r=g\",\"width\":96,\"height\":96,\"caption\":\"Cand\\u00e1s 365\"},\"sameAs\":[\"https:\\\/\\\/www.facebook.com\\\/carrenoactualidad\",\"https:\\\/\\\/twitter.com\\\/nbasturias\",\"https:\\\/\\\/www.instagram.com\\\/nachofdezber\\\/\",\"https:\\\/\\\/www.youtube.com\\\/channel\\\/UCZP-2wLEB9Rv6erhFmqVnvg\"]},{\"@type\":\"WebPage\",\"@id\":\"https:\\\/\\\/candas365.es\\\/noticias\\\/que-tiempo-tendremos-durante-los-proximos-dias-en-espana\\\/#webpage\",\"url\":\"https:\\\/\\\/candas365.es\\\/noticias\\\/que-tiempo-tendremos-durante-los-proximos-dias-en-espana\\\/\",\"name\":\"\\u00bfQu\\u00e9 tiempo tendremos durante los pr\\u00f3ximos d\\u00edas en Espa\\u00f1a? | Cand\\u00e1s 365\",\"description\":\"(EP) - La Agencia Estatal de Meteorolog\\u00eda ve \\\"bastante probable\\\" que este viernes llegue progresivamente la estabilidad a la Pen\\u00ednsula y Baleares\",\"inLanguage\":\"es-ES\",\"isPartOf\":{\"@id\":\"https:\\\/\\\/candas365.es\\\/noticias\\\/#website\"},\"breadcrumb\":{\"@id\":\"https:\\\/\\\/candas365.es\\\/noticias\\\/que-tiempo-tendremos-durante-los-proximos-dias-en-espana\\\/#breadcrumblist\"},\"author\":{\"@id\":\"https:\\\/\\\/candas365.es\\\/noticias\\\/author\\\/admin\\\/#author\"},\"creator\":{\"@id\":\"https:\\\/\\\/candas365.es\\\/noticias\\\/author\\\/admin\\\/#author\"},\"image\":{\"@type\":\"ImageObject\",\"url\":\"https:\\\/\\\/candas365.es\\\/noticias\\\/wp-content\\\/uploads\\\/2023\\\/01\\\/tiempo.jpg\",\"@id\":\"https:\\\/\\\/candas365.es\\\/noticias\\\/que-tiempo-tendremos-durante-los-proximos-dias-en-espana\\\/#mainImage\",\"width\":1004,\"height\":671,\"caption\":\"Foto: Eduardo Sanz - Europa Press\"},\"primaryImageOfPage\":{\"@id\":\"https:\\\/\\\/candas365.es\\\/noticias\\\/que-tiempo-tendremos-durante-los-proximos-dias-en-espana\\\/#mainImage\"},\"datePublished\":\"2023-01-19T13:39:04+01:00\",\"dateModified\":\"2023-01-19T13:39:04+01:00\"},{\"@type\":\"WebSite\",\"@id\":\"https:\\\/\\\/candas365.es\\\/noticias\\\/#website\",\"url\":\"https:\\\/\\\/candas365.es\\\/noticias\\\/\",\"name\":\"Cand\\u00e1s 365\",\"alternateName\":\"Cand\\u00e1s 365 Noticias\",\"description\":\"Actualidad desde Carre\\u00f1o para el mundo\",\"inLanguage\":\"es-ES\",\"publisher\":{\"@id\":\"https:\\\/\\\/candas365.es\\\/noticias\\\/#organization\"}}]}\n\t\t<\/script>\n\t\t<!-- All in One SEO Pro -->\r\n\t\t<title>\u00bfQu\u00e9 tiempo tendremos durante los pr\u00f3ximos d\u00edas en Espa\u00f1a? | Cand\u00e1s 365<\/title>\n\n","aioseo_head_json":{"title":"\u00bfQu\u00e9 tiempo tendremos durante los pr\u00f3ximos d\u00edas en Espa\u00f1a? | Cand\u00e1s 365","description":"(EP) - La Agencia Estatal de Meteorolog\u00eda ve \"bastante probable\" que este viernes llegue progresivamente la estabilidad a la Pen\u00ednsula y Baleares","canonical_url":"https:\/\/candas365.es\/noticias\/que-tiempo-tendremos-durante-los-proximos-dias-en-espana\/","robots":"max-image-preview:large","keywords":"el tiempo","webmasterTools":{"google-site-verification":"UA-32230408-1","msvalidate.01":"354F3CDFB2DA171B47FBE9ABF1F88D5","miscellaneous":""},"schema":{"@context":"https:\/\/schema.org","@graph":[{"@type":"BreadcrumbList","@id":"https:\/\/candas365.es\/noticias\/que-tiempo-tendremos-durante-los-proximos-dias-en-espana\/#breadcrumblist","itemListElement":[{"@type":"ListItem","@id":"https:\/\/candas365.es\/noticias#listItem","position":1,"name":"Home","item":"https:\/\/candas365.es\/noticias","nextItem":{"@type":"ListItem","@id":"https:\/\/candas365.es\/noticias\/category\/el-tiempo\/#listItem","name":"El tiempo"}},{"@type":"ListItem","@id":"https:\/\/candas365.es\/noticias\/category\/el-tiempo\/#listItem","position":2,"name":"El tiempo","item":"https:\/\/candas365.es\/noticias\/category\/el-tiempo\/","nextItem":{"@type":"ListItem","@id":"https:\/\/candas365.es\/noticias\/que-tiempo-tendremos-durante-los-proximos-dias-en-espana\/#listItem","name":"\u00bfQu\u00e9 tiempo tendremos durante los pr\u00f3ximos d\u00edas en Espa\u00f1a?"},"previousItem":{"@type":"ListItem","@id":"https:\/\/candas365.es\/noticias#listItem","name":"Home"}},{"@type":"ListItem","@id":"https:\/\/candas365.es\/noticias\/que-tiempo-tendremos-durante-los-proximos-dias-en-espana\/#listItem","position":3,"name":"\u00bfQu\u00e9 tiempo tendremos durante los pr\u00f3ximos d\u00edas en Espa\u00f1a?","previousItem":{"@type":"ListItem","@id":"https:\/\/candas365.es\/noticias\/category\/el-tiempo\/#listItem","name":"El tiempo"}}]},{"@type":"NewsArticle","@id":"https:\/\/candas365.es\/noticias\/que-tiempo-tendremos-durante-los-proximos-dias-en-espana\/#newsarticle","name":"\u00bfQu\u00e9 tiempo tendremos durante los pr\u00f3ximos d\u00edas en Espa\u00f1a? | Cand\u00e1s 365","headline":"\u00bfQu\u00e9 tiempo tendremos durante los pr\u00f3ximos d\u00edas en Espa\u00f1a?","author":{"@id":"https:\/\/candas365.es\/noticias\/author\/admin\/#author"},"publisher":{"@id":"https:\/\/candas365.es\/noticias\/#organization"},"image":{"@type":"ImageObject","url":"https:\/\/candas365.es\/noticias\/wp-content\/uploads\/2023\/01\/tiempo.jpg","width":1004,"height":671,"caption":"Foto: Eduardo Sanz - Europa Press"},"datePublished":"2023-01-19T13:39:04+01:00","dateModified":"2023-01-19T13:39:04+01:00","inLanguage":"es-ES","mainEntityOfPage":{"@id":"https:\/\/candas365.es\/noticias\/que-tiempo-tendremos-durante-los-proximos-dias-en-espana\/#webpage"},"isPartOf":{"@id":"https:\/\/candas365.es\/noticias\/que-tiempo-tendremos-durante-los-proximos-dias-en-espana\/#webpage"},"articleSection":"El tiempo, El tiempo","dateline":"Publicado el enero 19, 2023."},{"@type":"Organization","@id":"https:\/\/candas365.es\/noticias\/#organization","name":"Cand\u00e1s 365","description":"Cand\u00e1s 365 es un diario digital independiente, fundado en 2012, con base en Asturias. Informamos con rigor sobre actualidad, sociedad, cultura y ocio, con una mirada local y global.","url":"https:\/\/candas365.es\/noticias\/","email":"info@candas365.es","telephone":"+34652131393","foundingDate":"2012-06-10","logo":{"@type":"ImageObject","url":"https:\/\/candas365.es\/noticias\/wp-content\/uploads\/2024\/09\/Candas-365-Redes.jpg","@id":"https:\/\/candas365.es\/noticias\/que-tiempo-tendremos-durante-los-proximos-dias-en-espana\/#organizationLogo","width":1152,"height":864,"caption":"Cand\u00e1s 365 Redes"},"image":{"@id":"https:\/\/candas365.es\/noticias\/que-tiempo-tendremos-durante-los-proximos-dias-en-espana\/#organizationLogo"},"sameAs":["https:\/\/www.facebook.com\/Nachofdezber","https:\/\/x.com\/NabercoDigital","https:\/\/www.instagram.com\/nachofdezber\/","https:\/\/www.youtube.com\/channel\/UCZP-2wLEB9Rv6erhFmqVnvg"],"address":{"@id":"https:\/\/candas365.es\/noticias\/#postaladdress","@type":"PostalAddress","streetAddress":"san antonio 4, san antonio 4","postalCode":"33430","addressLocality":"Cand\u00e1s","addressRegion":"Asturias","addressCountry":"ES"}},{"@type":"Person","@id":"https:\/\/candas365.es\/noticias\/author\/admin\/#author","url":"https:\/\/candas365.es\/noticias\/author\/admin\/","name":"Cand\u00e1s 365","image":{"@type":"ImageObject","@id":"https:\/\/candas365.es\/noticias\/que-tiempo-tendremos-durante-los-proximos-dias-en-espana\/#authorImage","url":"https:\/\/secure.gravatar.com\/avatar\/496a8e03d0c493ede1718b7934145dbdf8d89be1036b0eec9544e1094c9de390?s=96&d=mm&r=g","width":96,"height":96,"caption":"Cand\u00e1s 365"},"sameAs":["https:\/\/www.facebook.com\/carrenoactualidad","https:\/\/twitter.com\/nbasturias","https:\/\/www.instagram.com\/nachofdezber\/","https:\/\/www.youtube.com\/channel\/UCZP-2wLEB9Rv6erhFmqVnvg"]},{"@type":"WebPage","@id":"https:\/\/candas365.es\/noticias\/que-tiempo-tendremos-durante-los-proximos-dias-en-espana\/#webpage","url":"https:\/\/candas365.es\/noticias\/que-tiempo-tendremos-durante-los-proximos-dias-en-espana\/","name":"\u00bfQu\u00e9 tiempo tendremos durante los pr\u00f3ximos d\u00edas en Espa\u00f1a? | Cand\u00e1s 365","description":"(EP) - La Agencia Estatal de Meteorolog\u00eda ve \"bastante probable\" que este viernes llegue progresivamente la estabilidad a la Pen\u00ednsula y Baleares","inLanguage":"es-ES","isPartOf":{"@id":"https:\/\/candas365.es\/noticias\/#website"},"breadcrumb":{"@id":"https:\/\/candas365.es\/noticias\/que-tiempo-tendremos-durante-los-proximos-dias-en-espana\/#breadcrumblist"},"author":{"@id":"https:\/\/candas365.es\/noticias\/author\/admin\/#author"},"creator":{"@id":"https:\/\/candas365.es\/noticias\/author\/admin\/#author"},"image":{"@type":"ImageObject","url":"https:\/\/candas365.es\/noticias\/wp-content\/uploads\/2023\/01\/tiempo.jpg","@id":"https:\/\/candas365.es\/noticias\/que-tiempo-tendremos-durante-los-proximos-dias-en-espana\/#mainImage","width":1004,"height":671,"caption":"Foto: Eduardo Sanz - Europa Press"},"primaryImageOfPage":{"@id":"https:\/\/candas365.es\/noticias\/que-tiempo-tendremos-durante-los-proximos-dias-en-espana\/#mainImage"},"datePublished":"2023-01-19T13:39:04+01:00","dateModified":"2023-01-19T13:39:04+01:00"},{"@type":"WebSite","@id":"https:\/\/candas365.es\/noticias\/#website","url":"https:\/\/candas365.es\/noticias\/","name":"Cand\u00e1s 365","alternateName":"Cand\u00e1s 365 Noticias","description":"Actualidad desde Carre\u00f1o para el mundo","inLanguage":"es-ES","publisher":{"@id":"https:\/\/candas365.es\/noticias\/#organization"}}]},"og:locale":"es_ES","og:site_name":"Cand\u00e1s 365","og:type":"article","og:title":"\u00bfQu\u00e9 tiempo tendremos durante los pr\u00f3ximos d\u00edas en Espa\u00f1a? | Cand\u00e1s 365","og:description":"(EP) - La Agencia Estatal de Meteorolog\u00eda ve &quot;bastante probable&quot; que este viernes llegue progresivamente la estabilidad a la Pen\u00ednsula y Baleares","og:url":"https:\/\/candas365.es\/noticias\/que-tiempo-tendremos-durante-los-proximos-dias-en-espana\/","og:image":"https:\/\/candas365.es\/noticias\/wp-content\/uploads\/2023\/01\/tiempo.jpg","og:image:secure_url":"https:\/\/candas365.es\/noticias\/wp-content\/uploads\/2023\/01\/tiempo.jpg","og:image:width":1004,"og:image:height":671,"article:published_time":"2023-01-19T12:39:04+00:00","article:modified_time":"2023-01-19T12:39:04+00:00","article:publisher":"https:\/\/www.facebook.com\/Nachofdezber","article:author":"https:\/\/www.facebook.com\/carrenoactualidad","twitter:card":"summary_large_image","twitter:site":"@NabercoDigital","twitter:title":"\u00bfQu\u00e9 tiempo tendremos durante los pr\u00f3ximos d\u00edas en Espa\u00f1a? | Cand\u00e1s 365","twitter:description":"(EP) - La Agencia Estatal de Meteorolog\u00eda ve &quot;bastante probable&quot; que este viernes llegue progresivamente la estabilidad a la Pen\u00ednsula y Baleares","twitter:creator":"@nbasturias","twitter:image":"https:\/\/candas365.es\/noticias\/wp-content\/uploads\/2023\/01\/tiempo.jpg","twitter:label1":"Escrito por","twitter:data1":"Cand\u00e1s 365","twitter:label2":"Tiempo de lectura estimado","twitter:data2":"4 minutos"},"aioseo_meta_data":{"post_id":"171119","title":null,"description":"(EP) - La Agencia Estatal de Meteorolog\u00eda ve \"bastante probable\" que este viernes llegue progresivamente la estabilidad a la Pen\u00ednsula y Baleares","keywords":[],"keyphrases":{"focus":{"keyphrase":"Meteorolog\u00eda ","score":68,"analysis":{"keyphraseInTitle":{"score":3,"maxScore":9,"error":1},"keyphraseInDescription":{"score":9,"maxScore":9,"error":0},"keyphraseLength":{"score":9,"maxScore":9,"error":0,"length":1},"keyphraseInURL":{"score":1,"maxScore":5,"error":1},"keyphraseInIntroduction":{"score":9,"maxScore":9,"error":0},"keyphraseInSubHeadings":[],"keyphraseInImageAlt":{"score":3,"maxScore":9,"error":1}}},"additional":[{"keyphrase":"tiempo","score":67,"analysis":{"keyphraseInDescription":{"score":3,"maxScore":9,"error":1},"keyphraseLength":{"score":9,"maxScore":9,"error":0,"length":1},"keyphraseInIntroduction":{"score":3,"maxScore":9,"error":1},"keyphraseInImageAlt":{"score":9,"maxScore":9,"error":0}}}]},"primary_term":null,"canonical_url":null,"og_title":null,"og_description":null,"og_object_type":"default","og_image_type":"default","og_image_url":null,"og_image_width":null,"og_image_height":null,"og_image_custom_url":null,"og_image_custom_fields":null,"og_video":"","og_custom_url":null,"og_article_section":null,"og_article_tags":[],"twitter_use_og":false,"twitter_card":"default","twitter_image_type":"default","twitter_image_url":null,"twitter_image_custom_url":null,"twitter_image_custom_fields":null,"twitter_title":null,"twitter_description":null,"schema":{"blockGraphs":[],"customGraphs":[],"default":{"data":{"Article":[],"Course":[],"Dataset":[],"FAQPage":[],"Movie":[],"Person":[],"Product":[],"ProductReview":[],"Car":[],"Recipe":[],"Service":[],"SoftwareApplication":[],"WebPage":[]},"graphName":"Article","isEnabled":true},"graphs":[]},"schema_type":"default","schema_type_options":null,"pillar_content":false,"robots_default":true,"robots_noindex":false,"robots_noarchive":false,"robots_nosnippet":false,"robots_nofollow":false,"robots_noimageindex":false,"robots_noodp":false,"robots_notranslate":false,"robots_max_snippet":"-1","robots_max_videopreview":"-1","robots_max_imagepreview":"large","priority":null,"frequency":"default","location":null,"local_seo":null,"seo_analyzer_scan_date":"2025-09-01 18:13:15","breadcrumb_settings":null,"limit_modified_date":false,"reviewed_by":null,"open_ai":null,"ai":null,"created":"2023-01-19 12:32:27","updated":"2025-09-01 18:13:15"},"aioseo_breadcrumb":"<div class=\"aioseo-breadcrumbs\"><span class=\"aioseo-breadcrumb\">\n\t<a href=\"https:\/\/candas365.es\/noticias\" title=\"Home\">Home<\/a>\n<\/span><span class=\"aioseo-breadcrumb-separator\">&ndash;<\/span><span class=\"aioseo-breadcrumb\">\n\t<a href=\"https:\/\/candas365.es\/noticias\/category\/el-tiempo\/\" title=\"El tiempo\">El tiempo<\/a>\n<\/span><span class=\"aioseo-breadcrumb-separator\">&ndash;<\/span><span class=\"aioseo-breadcrumb\">\n\t\u00bfQu\u00e9 tiempo tendremos durante los pr\u00f3ximos d\u00edas en Espa\u00f1a?\n<\/span><\/div>","aioseo_breadcrumb_json":[{"label":"Home","link":"https:\/\/candas365.es\/noticias"},{"label":"El tiempo","link":"https:\/\/candas365.es\/noticias\/category\/el-tiempo\/"},{"label":"\u00bfQu\u00e9 tiempo tendremos durante los pr\u00f3ximos d\u00edas en Espa\u00f1a?","link":"https:\/\/candas365.es\/noticias\/que-tiempo-tendremos-durante-los-proximos-dias-en-espana\/"}],"_links":{"self":[{"href":"https:\/\/candas365.es\/noticias\/wp-json\/wp\/v2\/posts\/171119","targetHints":{"allow":["GET"]}}],"collection":[{"href":"https:\/\/candas365.es\/noticias\/wp-json\/wp\/v2\/posts"}],"about":[{"href":"https:\/\/candas365.es\/noticias\/wp-json\/wp\/v2\/types\/post"}],"author":[{"embeddable":true,"href":"https:\/\/candas365.es\/noticias\/wp-json\/wp\/v2\/users\/1"}],"replies":[{"embeddable":true,"href":"https:\/\/candas365.es\/noticias\/wp-json\/wp\/v2\/comments?post=171119"}],"version-history":[{"count":0,"href":"https:\/\/candas365.es\/noticias\/wp-json\/wp\/v2\/posts\/171119\/revisions"}],"wp:featuredmedia":[{"embeddable":true,"href":"https:\/\/candas365.es\/noticias\/wp-json\/wp\/v2\/media\/171120"}],"wp:attachment":[{"href":"https:\/\/candas365.es\/noticias\/wp-json\/wp\/v2\/media?parent=171119"}],"wp:term":[{"taxonomy":"category","embeddable":true,"href":"https:\/\/candas365.es\/noticias\/wp-json\/wp\/v2\/categories?post=171119"},{"taxonomy":"post_tag","embeddable":true,"href":"https:\/\/candas365.es\/noticias\/wp-json\/wp\/v2\/tags?post=171119"}],"curies":[{"name":"wp","href":"https:\/\/api.w.org\/{rel}","templated":true}]}}