{"id":171086,"date":"2023-01-19T05:19:14","date_gmt":"2023-01-19T04:19:14","guid":{"rendered":"https:\/\/candas365.es\/noticias\/?p=171086"},"modified":"2023-01-19T05:19:14","modified_gmt":"2023-01-19T04:19:14","slug":"797-anos-de-prision-para-el-jordan","status":"publish","type":"post","link":"https:\/\/candas365.es\/noticias\/797-anos-de-prision-para-el-jordan\/","title":{"rendered":"797 a\u00f1os de prisi\u00f3n para \u00abEl Jordan\u00bb"},"content":{"rendered":"<p>(EP) &#8211; La Justicia de M\u00e9xico ha sentenciado a casi <strong>800 a\u00f1os de c\u00e1rcel a Jes\u00fas Emmanuel &#8216;El Jordan&#8217; por <span style=\"color: #ff6600;\"><a style=\"color: #ff6600;\" href=\"https:\/\/candas365.es\/noticias\/category\/sucesos\/\">homicidio doloso<\/a><\/span> de 25 personas<\/strong> y por la tentativa de homicidio de otras cinco durante el 1 de junio de 2020 cuando se encontraban un centro de rehabilitaci\u00f3n de Irapuato, en el estado de Guanajuato.<\/p>\n<p><img fetchpriority=\"high\" decoding=\"async\" class=\"aligncenter wp-image-171087 size-full\" src=\"https:\/\/candas365.es\/noticias\/wp-content\/uploads\/2023\/01\/Urgente-1.jpg\" alt=\"Urgente\" width=\"640\" height=\"400\" srcset=\"https:\/\/candas365.es\/noticias\/wp-content\/uploads\/2023\/01\/Urgente-1.jpg 640w, https:\/\/candas365.es\/noticias\/wp-content\/uploads\/2023\/01\/Urgente-1-360x225.jpg 360w, https:\/\/candas365.es\/noticias\/wp-content\/uploads\/2023\/01\/Urgente-1-150x94.jpg 150w, https:\/\/candas365.es\/noticias\/wp-content\/uploads\/2023\/01\/Urgente-1-450x281.jpg 450w\" sizes=\"(max-width: 640px) 100vw, 640px\" \/><\/p>\n<p>La Fiscal\u00eda General del Estado ha informado de la pena de 797 a\u00f1os de prisi\u00f3n para &#8216;El Jordan&#8217;, que junto a dos hombres m\u00e1s, todos en nombre del C\u00e1rtel de Santa Rosa de Lima, ingres\u00f3 de manera violenta al centro de rehabilitaci\u00f3n en busca de un individuo.<strong> Al no encontrarlo, dispararon con armas de asalto contra los internos y los celadores, causando la muerte de 27 de ellos.<\/strong><\/p>\n<p>El juez penal ha decretado una sanci\u00f3n de 29 a\u00f1os por cada uno de los homicidios que cometi\u00f3, adem\u00e1s de 14 a\u00f1os por cada uno de los homicidios en grado tentativa, lo que ha dado la suma de 797 a\u00f1os.<\/p>\n<p>La condena impuesta en contra de Jes\u00fas Emmanuel, de 26 a\u00f1os de edad, es la m\u00e1s alta en la historia de hechos criminales del estado de Guanajuato. Tambi\u00e9n es la atrocidad con m\u00e1s v\u00edctimas fatales de la que se tenga registro en el estado, ha informado &#8216;El Universal&#8217;.<\/p>\n<p>No obstante, el C\u00f3digo Penal de Guanajuato establece que la pena m\u00e1xima es de 60 a\u00f1os de prisi\u00f3n, que ser\u00e1 lo m\u00e1ximo que tendr\u00eda que cumplir privado de libertad el homicida.<\/p>\n<blockquote><p>Con todo, hasta el momento se desconoce las acciones que la Justicia mexicana ha tomado contra de los dos c\u00f3mplices de &#8216;El Jordan&#8217;.<\/p><\/blockquote>\n<p>Los supervivientes del ataque testificaron a las autoridades que los sicarios que irrumpieron fuertemente armados en el centro hab\u00edan asegurado que estaban actuando bajo \u00f3rdenes de Jos\u00e9 Antonio Y\u00e9pez Ortiz, conocido como &#8216;El Marro&#8217;, l\u00edder del C\u00e1rtel de Santa Rosa de Lima y quien se desvincul\u00f3 del ataque.<\/p>\n<p><strong>Las primeras pesquisas se\u00f1alaron que el objetivo de los asaltantes era eliminar a un grupo de internos que pertenec\u00edan al C\u00e1rtel Jalisco Nueva Generaci\u00f3n<\/strong>, enemistado con la banda criminal que lidera &#8216;El Marro&#8217;.<\/p>\n","protected":false},"excerpt":{"rendered":"<p>(EP) &#8211; La Justicia de M\u00e9xico ha sentenciado a casi 800 a\u00f1os de c\u00e1rcel a Jes\u00fas Emmanuel &#8216;El Jordan&#8217; por homicidio doloso de 25 personas y por la tentativa de homicidio de otras cinco durante el 1 de junio de 2020 cuando se encontraban un centro de rehabilitaci\u00f3n de Irapuato, en el estado de Guanajuato.<\/p>\n","protected":false},"author":1,"featured_media":171087,"comment_status":"closed","ping_status":"closed","sticky":false,"template":"","format":"standard","meta":{"footnotes":""},"categories":[487],"tags":[518,391],"class_list":{"0":"post-171086","1":"post","2":"type-post","3":"status-publish","4":"format-standard","5":"has-post-thumbnail","7":"category-sucesos","8":"tag-mexico","9":"tag-sucesos"},"aioseo_notices":[],"aioseo_head":"\n\t\t<!-- All in One SEO Pro 4.9.6.2 - aioseo.com -->\n\t<meta name=\"description\" content=\"(EP) - La Justicia de M\u00e9xico ha sentenciado a casi 800 a\u00f1os de c\u00e1rcel a Jes\u00fas Emmanuel &#039;El Jordan&#039; por homicidio doloso de 25 personas y por la tentativa\" \/>\n\t<meta name=\"robots\" content=\"max-image-preview:large\" \/>\n\t<meta name=\"author\" content=\"Cand\u00e1s 365\"\/>\n\t<meta name=\"google-site-verification\" content=\"UA-32230408-1\" \/>\n\t<meta name=\"msvalidate.01\" content=\"354F3CDFB2DA171B47FBE9ABF1F88D5\" \/>\n\t<meta name=\"keywords\" content=\"sucesos\" \/>\n\t<link rel=\"canonical\" href=\"https:\/\/candas365.es\/noticias\/797-anos-de-prision-para-el-jordan\/\" \/>\n\t<meta name=\"generator\" content=\"All in One SEO Pro (AIOSEO) 4.9.6.2\" \/>\n\t\t<meta property=\"og:locale\" content=\"es_ES\" \/>\n\t\t<meta property=\"og:site_name\" content=\"Cand\u00e1s 365\" \/>\n\t\t<meta property=\"og:type\" content=\"article\" \/>\n\t\t<meta property=\"og:title\" content=\"797 a\u00f1os de prisi\u00f3n para \u00abEl Jordan\u00bb | Cand\u00e1s 365\" \/>\n\t\t<meta property=\"og:description\" content=\"(EP) - La Justicia de M\u00e9xico ha sentenciado a casi 800 a\u00f1os de c\u00e1rcel a Jes\u00fas Emmanuel &#039;El Jordan&#039; por homicidio doloso de 25 personas y por la tentativa\" \/>\n\t\t<meta property=\"og:url\" content=\"https:\/\/candas365.es\/noticias\/797-anos-de-prision-para-el-jordan\/\" \/>\n\t\t<meta property=\"og:image\" content=\"https:\/\/candas365.es\/noticias\/wp-content\/uploads\/2023\/01\/Urgente-1.jpg\" \/>\n\t\t<meta property=\"og:image:secure_url\" content=\"https:\/\/candas365.es\/noticias\/wp-content\/uploads\/2023\/01\/Urgente-1.jpg\" \/>\n\t\t<meta property=\"og:image:width\" content=\"640\" \/>\n\t\t<meta property=\"og:image:height\" content=\"400\" \/>\n\t\t<meta property=\"article:published_time\" content=\"2023-01-19T04:19:14+00:00\" \/>\n\t\t<meta property=\"article:modified_time\" content=\"2023-01-19T04:19:14+00:00\" \/>\n\t\t<meta property=\"article:publisher\" content=\"https:\/\/www.facebook.com\/Nachofdezber\" \/>\n\t\t<meta property=\"article:author\" content=\"https:\/\/www.facebook.com\/carrenoactualidad\" \/>\n\t\t<meta name=\"twitter:card\" content=\"summary_large_image\" \/>\n\t\t<meta name=\"twitter:site\" content=\"@NabercoDigital\" \/>\n\t\t<meta name=\"twitter:title\" content=\"797 a\u00f1os de prisi\u00f3n para \u00abEl Jordan\u00bb | Cand\u00e1s 365\" \/>\n\t\t<meta name=\"twitter:description\" content=\"(EP) - La Justicia de M\u00e9xico ha sentenciado a casi 800 a\u00f1os de c\u00e1rcel a Jes\u00fas Emmanuel &#039;El Jordan&#039; por homicidio doloso de 25 personas y por la tentativa\" \/>\n\t\t<meta name=\"twitter:creator\" content=\"@nbasturias\" \/>\n\t\t<meta name=\"twitter:image\" content=\"https:\/\/candas365.es\/noticias\/wp-content\/uploads\/2023\/01\/Urgente-1.jpg\" \/>\n\t\t<meta name=\"twitter:label1\" content=\"Escrito por\" \/>\n\t\t<meta name=\"twitter:data1\" content=\"Cand\u00e1s 365\" \/>\n\t\t<meta name=\"twitter:label2\" content=\"Tiempo de lectura estimado\" \/>\n\t\t<meta name=\"twitter:data2\" content=\"2 minutos\" \/>\n\t\t<script type=\"application\/ld+json\" class=\"aioseo-schema\">\n\t\t\t{\"@context\":\"https:\\\/\\\/schema.org\",\"@graph\":[{\"@type\":\"BreadcrumbList\",\"@id\":\"https:\\\/\\\/candas365.es\\\/noticias\\\/797-anos-de-prision-para-el-jordan\\\/#breadcrumblist\",\"itemListElement\":[{\"@type\":\"ListItem\",\"@id\":\"https:\\\/\\\/candas365.es\\\/noticias#listItem\",\"position\":1,\"name\":\"Home\",\"item\":\"https:\\\/\\\/candas365.es\\\/noticias\",\"nextItem\":{\"@type\":\"ListItem\",\"@id\":\"https:\\\/\\\/candas365.es\\\/noticias\\\/category\\\/sucesos\\\/#listItem\",\"name\":\"Sucesos\"}},{\"@type\":\"ListItem\",\"@id\":\"https:\\\/\\\/candas365.es\\\/noticias\\\/category\\\/sucesos\\\/#listItem\",\"position\":2,\"name\":\"Sucesos\",\"item\":\"https:\\\/\\\/candas365.es\\\/noticias\\\/category\\\/sucesos\\\/\",\"nextItem\":{\"@type\":\"ListItem\",\"@id\":\"https:\\\/\\\/candas365.es\\\/noticias\\\/797-anos-de-prision-para-el-jordan\\\/#listItem\",\"name\":\"797 a\\u00f1os de prisi\\u00f3n para \\u00abEl Jordan\\u00bb\"},\"previousItem\":{\"@type\":\"ListItem\",\"@id\":\"https:\\\/\\\/candas365.es\\\/noticias#listItem\",\"name\":\"Home\"}},{\"@type\":\"ListItem\",\"@id\":\"https:\\\/\\\/candas365.es\\\/noticias\\\/797-anos-de-prision-para-el-jordan\\\/#listItem\",\"position\":3,\"name\":\"797 a\\u00f1os de prisi\\u00f3n para \\u00abEl Jordan\\u00bb\",\"previousItem\":{\"@type\":\"ListItem\",\"@id\":\"https:\\\/\\\/candas365.es\\\/noticias\\\/category\\\/sucesos\\\/#listItem\",\"name\":\"Sucesos\"}}]},{\"@type\":\"NewsArticle\",\"@id\":\"https:\\\/\\\/candas365.es\\\/noticias\\\/797-anos-de-prision-para-el-jordan\\\/#newsarticle\",\"name\":\"797 a\\u00f1os de prisi\\u00f3n para \\u00abEl Jordan\\u00bb | Cand\\u00e1s 365\",\"headline\":\"797 a\\u00f1os de prisi\\u00f3n para \\u00abEl Jordan\\u00bb\",\"author\":{\"@id\":\"https:\\\/\\\/candas365.es\\\/noticias\\\/author\\\/admin\\\/#author\"},\"publisher\":{\"@id\":\"https:\\\/\\\/candas365.es\\\/noticias\\\/#organization\"},\"image\":{\"@type\":\"ImageObject\",\"url\":\"https:\\\/\\\/candas365.es\\\/noticias\\\/wp-content\\\/uploads\\\/2023\\\/01\\\/Urgente-1.jpg\",\"width\":640,\"height\":400,\"caption\":\"Urgente\"},\"datePublished\":\"2023-01-19T05:19:14+01:00\",\"dateModified\":\"2023-01-19T05:19:14+01:00\",\"inLanguage\":\"es-ES\",\"mainEntityOfPage\":{\"@id\":\"https:\\\/\\\/candas365.es\\\/noticias\\\/797-anos-de-prision-para-el-jordan\\\/#webpage\"},\"isPartOf\":{\"@id\":\"https:\\\/\\\/candas365.es\\\/noticias\\\/797-anos-de-prision-para-el-jordan\\\/#webpage\"},\"articleSection\":\"Sucesos, M\\u00e9xico, sucesos\",\"dateline\":\"Publicado el enero 19, 2023.\"},{\"@type\":\"Organization\",\"@id\":\"https:\\\/\\\/candas365.es\\\/noticias\\\/#organization\",\"name\":\"Cand\\u00e1s 365\",\"description\":\"Cand\\u00e1s 365 es un diario digital independiente, fundado en 2012, con base en Asturias. Informamos con rigor sobre actualidad, sociedad, cultura y ocio, con una mirada local y global.\",\"url\":\"https:\\\/\\\/candas365.es\\\/noticias\\\/\",\"email\":\"info@candas365.es\",\"telephone\":\"+34652131393\",\"foundingDate\":\"2012-06-10\",\"logo\":{\"@type\":\"ImageObject\",\"url\":\"https:\\\/\\\/candas365.es\\\/noticias\\\/wp-content\\\/uploads\\\/2024\\\/09\\\/Candas-365-Redes.jpg\",\"@id\":\"https:\\\/\\\/candas365.es\\\/noticias\\\/797-anos-de-prision-para-el-jordan\\\/#organizationLogo\",\"width\":1152,\"height\":864,\"caption\":\"Cand\\u00e1s 365 Redes\"},\"image\":{\"@id\":\"https:\\\/\\\/candas365.es\\\/noticias\\\/797-anos-de-prision-para-el-jordan\\\/#organizationLogo\"},\"sameAs\":[\"https:\\\/\\\/www.facebook.com\\\/Nachofdezber\",\"https:\\\/\\\/x.com\\\/NabercoDigital\",\"https:\\\/\\\/www.instagram.com\\\/nachofdezber\\\/\",\"https:\\\/\\\/www.youtube.com\\\/channel\\\/UCZP-2wLEB9Rv6erhFmqVnvg\"],\"address\":{\"@id\":\"https:\\\/\\\/candas365.es\\\/noticias\\\/#postaladdress\",\"@type\":\"PostalAddress\",\"streetAddress\":\"san antonio 4, san antonio 4\",\"postalCode\":\"33430\",\"addressLocality\":\"Cand\\u00e1s\",\"addressRegion\":\"Asturias\",\"addressCountry\":\"ES\"}},{\"@type\":\"Person\",\"@id\":\"https:\\\/\\\/candas365.es\\\/noticias\\\/author\\\/admin\\\/#author\",\"url\":\"https:\\\/\\\/candas365.es\\\/noticias\\\/author\\\/admin\\\/\",\"name\":\"Cand\\u00e1s 365\",\"image\":{\"@type\":\"ImageObject\",\"@id\":\"https:\\\/\\\/candas365.es\\\/noticias\\\/797-anos-de-prision-para-el-jordan\\\/#authorImage\",\"url\":\"https:\\\/\\\/secure.gravatar.com\\\/avatar\\\/496a8e03d0c493ede1718b7934145dbdf8d89be1036b0eec9544e1094c9de390?s=96&d=mm&r=g\",\"width\":96,\"height\":96,\"caption\":\"Cand\\u00e1s 365\"},\"sameAs\":[\"https:\\\/\\\/www.facebook.com\\\/carrenoactualidad\",\"https:\\\/\\\/twitter.com\\\/nbasturias\",\"https:\\\/\\\/www.instagram.com\\\/nachofdezber\\\/\",\"https:\\\/\\\/www.youtube.com\\\/channel\\\/UCZP-2wLEB9Rv6erhFmqVnvg\"]},{\"@type\":\"WebPage\",\"@id\":\"https:\\\/\\\/candas365.es\\\/noticias\\\/797-anos-de-prision-para-el-jordan\\\/#webpage\",\"url\":\"https:\\\/\\\/candas365.es\\\/noticias\\\/797-anos-de-prision-para-el-jordan\\\/\",\"name\":\"797 a\\u00f1os de prisi\\u00f3n para \\u00abEl Jordan\\u00bb | Cand\\u00e1s 365\",\"description\":\"(EP) - La Justicia de M\\u00e9xico ha sentenciado a casi 800 a\\u00f1os de c\\u00e1rcel a Jes\\u00fas Emmanuel 'El Jordan' por homicidio doloso de 25 personas y por la tentativa\",\"inLanguage\":\"es-ES\",\"isPartOf\":{\"@id\":\"https:\\\/\\\/candas365.es\\\/noticias\\\/#website\"},\"breadcrumb\":{\"@id\":\"https:\\\/\\\/candas365.es\\\/noticias\\\/797-anos-de-prision-para-el-jordan\\\/#breadcrumblist\"},\"author\":{\"@id\":\"https:\\\/\\\/candas365.es\\\/noticias\\\/author\\\/admin\\\/#author\"},\"creator\":{\"@id\":\"https:\\\/\\\/candas365.es\\\/noticias\\\/author\\\/admin\\\/#author\"},\"image\":{\"@type\":\"ImageObject\",\"url\":\"https:\\\/\\\/candas365.es\\\/noticias\\\/wp-content\\\/uploads\\\/2023\\\/01\\\/Urgente-1.jpg\",\"@id\":\"https:\\\/\\\/candas365.es\\\/noticias\\\/797-anos-de-prision-para-el-jordan\\\/#mainImage\",\"width\":640,\"height\":400,\"caption\":\"Urgente\"},\"primaryImageOfPage\":{\"@id\":\"https:\\\/\\\/candas365.es\\\/noticias\\\/797-anos-de-prision-para-el-jordan\\\/#mainImage\"},\"datePublished\":\"2023-01-19T05:19:14+01:00\",\"dateModified\":\"2023-01-19T05:19:14+01:00\"},{\"@type\":\"WebSite\",\"@id\":\"https:\\\/\\\/candas365.es\\\/noticias\\\/#website\",\"url\":\"https:\\\/\\\/candas365.es\\\/noticias\\\/\",\"name\":\"Cand\\u00e1s 365\",\"alternateName\":\"Cand\\u00e1s 365 Noticias\",\"description\":\"Actualidad desde Carre\\u00f1o para el mundo\",\"inLanguage\":\"es-ES\",\"publisher\":{\"@id\":\"https:\\\/\\\/candas365.es\\\/noticias\\\/#organization\"}}]}\n\t\t<\/script>\n\t\t<!-- All in One SEO Pro -->\r\n\t\t<title>797 a\u00f1os de prisi\u00f3n para \u00abEl Jordan\u00bb | Cand\u00e1s 365<\/title>\n\n","aioseo_head_json":{"title":"797 a\u00f1os de prisi\u00f3n para \u00abEl Jordan\u00bb | Cand\u00e1s 365","description":"(EP) - La Justicia de M\u00e9xico ha sentenciado a casi 800 a\u00f1os de c\u00e1rcel a Jes\u00fas Emmanuel 'El Jordan' por homicidio doloso de 25 personas y por la tentativa","canonical_url":"https:\/\/candas365.es\/noticias\/797-anos-de-prision-para-el-jordan\/","robots":"max-image-preview:large","keywords":"sucesos","webmasterTools":{"google-site-verification":"UA-32230408-1","msvalidate.01":"354F3CDFB2DA171B47FBE9ABF1F88D5","miscellaneous":""},"schema":{"@context":"https:\/\/schema.org","@graph":[{"@type":"BreadcrumbList","@id":"https:\/\/candas365.es\/noticias\/797-anos-de-prision-para-el-jordan\/#breadcrumblist","itemListElement":[{"@type":"ListItem","@id":"https:\/\/candas365.es\/noticias#listItem","position":1,"name":"Home","item":"https:\/\/candas365.es\/noticias","nextItem":{"@type":"ListItem","@id":"https:\/\/candas365.es\/noticias\/category\/sucesos\/#listItem","name":"Sucesos"}},{"@type":"ListItem","@id":"https:\/\/candas365.es\/noticias\/category\/sucesos\/#listItem","position":2,"name":"Sucesos","item":"https:\/\/candas365.es\/noticias\/category\/sucesos\/","nextItem":{"@type":"ListItem","@id":"https:\/\/candas365.es\/noticias\/797-anos-de-prision-para-el-jordan\/#listItem","name":"797 a\u00f1os de prisi\u00f3n para \u00abEl Jordan\u00bb"},"previousItem":{"@type":"ListItem","@id":"https:\/\/candas365.es\/noticias#listItem","name":"Home"}},{"@type":"ListItem","@id":"https:\/\/candas365.es\/noticias\/797-anos-de-prision-para-el-jordan\/#listItem","position":3,"name":"797 a\u00f1os de prisi\u00f3n para \u00abEl Jordan\u00bb","previousItem":{"@type":"ListItem","@id":"https:\/\/candas365.es\/noticias\/category\/sucesos\/#listItem","name":"Sucesos"}}]},{"@type":"NewsArticle","@id":"https:\/\/candas365.es\/noticias\/797-anos-de-prision-para-el-jordan\/#newsarticle","name":"797 a\u00f1os de prisi\u00f3n para \u00abEl Jordan\u00bb | Cand\u00e1s 365","headline":"797 a\u00f1os de prisi\u00f3n para \u00abEl Jordan\u00bb","author":{"@id":"https:\/\/candas365.es\/noticias\/author\/admin\/#author"},"publisher":{"@id":"https:\/\/candas365.es\/noticias\/#organization"},"image":{"@type":"ImageObject","url":"https:\/\/candas365.es\/noticias\/wp-content\/uploads\/2023\/01\/Urgente-1.jpg","width":640,"height":400,"caption":"Urgente"},"datePublished":"2023-01-19T05:19:14+01:00","dateModified":"2023-01-19T05:19:14+01:00","inLanguage":"es-ES","mainEntityOfPage":{"@id":"https:\/\/candas365.es\/noticias\/797-anos-de-prision-para-el-jordan\/#webpage"},"isPartOf":{"@id":"https:\/\/candas365.es\/noticias\/797-anos-de-prision-para-el-jordan\/#webpage"},"articleSection":"Sucesos, M\u00e9xico, sucesos","dateline":"Publicado el enero 19, 2023."},{"@type":"Organization","@id":"https:\/\/candas365.es\/noticias\/#organization","name":"Cand\u00e1s 365","description":"Cand\u00e1s 365 es un diario digital independiente, fundado en 2012, con base en Asturias. Informamos con rigor sobre actualidad, sociedad, cultura y ocio, con una mirada local y global.","url":"https:\/\/candas365.es\/noticias\/","email":"info@candas365.es","telephone":"+34652131393","foundingDate":"2012-06-10","logo":{"@type":"ImageObject","url":"https:\/\/candas365.es\/noticias\/wp-content\/uploads\/2024\/09\/Candas-365-Redes.jpg","@id":"https:\/\/candas365.es\/noticias\/797-anos-de-prision-para-el-jordan\/#organizationLogo","width":1152,"height":864,"caption":"Cand\u00e1s 365 Redes"},"image":{"@id":"https:\/\/candas365.es\/noticias\/797-anos-de-prision-para-el-jordan\/#organizationLogo"},"sameAs":["https:\/\/www.facebook.com\/Nachofdezber","https:\/\/x.com\/NabercoDigital","https:\/\/www.instagram.com\/nachofdezber\/","https:\/\/www.youtube.com\/channel\/UCZP-2wLEB9Rv6erhFmqVnvg"],"address":{"@id":"https:\/\/candas365.es\/noticias\/#postaladdress","@type":"PostalAddress","streetAddress":"san antonio 4, san antonio 4","postalCode":"33430","addressLocality":"Cand\u00e1s","addressRegion":"Asturias","addressCountry":"ES"}},{"@type":"Person","@id":"https:\/\/candas365.es\/noticias\/author\/admin\/#author","url":"https:\/\/candas365.es\/noticias\/author\/admin\/","name":"Cand\u00e1s 365","image":{"@type":"ImageObject","@id":"https:\/\/candas365.es\/noticias\/797-anos-de-prision-para-el-jordan\/#authorImage","url":"https:\/\/secure.gravatar.com\/avatar\/496a8e03d0c493ede1718b7934145dbdf8d89be1036b0eec9544e1094c9de390?s=96&d=mm&r=g","width":96,"height":96,"caption":"Cand\u00e1s 365"},"sameAs":["https:\/\/www.facebook.com\/carrenoactualidad","https:\/\/twitter.com\/nbasturias","https:\/\/www.instagram.com\/nachofdezber\/","https:\/\/www.youtube.com\/channel\/UCZP-2wLEB9Rv6erhFmqVnvg"]},{"@type":"WebPage","@id":"https:\/\/candas365.es\/noticias\/797-anos-de-prision-para-el-jordan\/#webpage","url":"https:\/\/candas365.es\/noticias\/797-anos-de-prision-para-el-jordan\/","name":"797 a\u00f1os de prisi\u00f3n para \u00abEl Jordan\u00bb | Cand\u00e1s 365","description":"(EP) - La Justicia de M\u00e9xico ha sentenciado a casi 800 a\u00f1os de c\u00e1rcel a Jes\u00fas Emmanuel 'El Jordan' por homicidio doloso de 25 personas y por la tentativa","inLanguage":"es-ES","isPartOf":{"@id":"https:\/\/candas365.es\/noticias\/#website"},"breadcrumb":{"@id":"https:\/\/candas365.es\/noticias\/797-anos-de-prision-para-el-jordan\/#breadcrumblist"},"author":{"@id":"https:\/\/candas365.es\/noticias\/author\/admin\/#author"},"creator":{"@id":"https:\/\/candas365.es\/noticias\/author\/admin\/#author"},"image":{"@type":"ImageObject","url":"https:\/\/candas365.es\/noticias\/wp-content\/uploads\/2023\/01\/Urgente-1.jpg","@id":"https:\/\/candas365.es\/noticias\/797-anos-de-prision-para-el-jordan\/#mainImage","width":640,"height":400,"caption":"Urgente"},"primaryImageOfPage":{"@id":"https:\/\/candas365.es\/noticias\/797-anos-de-prision-para-el-jordan\/#mainImage"},"datePublished":"2023-01-19T05:19:14+01:00","dateModified":"2023-01-19T05:19:14+01:00"},{"@type":"WebSite","@id":"https:\/\/candas365.es\/noticias\/#website","url":"https:\/\/candas365.es\/noticias\/","name":"Cand\u00e1s 365","alternateName":"Cand\u00e1s 365 Noticias","description":"Actualidad desde Carre\u00f1o para el mundo","inLanguage":"es-ES","publisher":{"@id":"https:\/\/candas365.es\/noticias\/#organization"}}]},"og:locale":"es_ES","og:site_name":"Cand\u00e1s 365","og:type":"article","og:title":"797 a\u00f1os de prisi\u00f3n para \u00abEl Jordan\u00bb | Cand\u00e1s 365","og:description":"(EP) - La Justicia de M\u00e9xico ha sentenciado a casi 800 a\u00f1os de c\u00e1rcel a Jes\u00fas Emmanuel 'El Jordan' por homicidio doloso de 25 personas y por la tentativa","og:url":"https:\/\/candas365.es\/noticias\/797-anos-de-prision-para-el-jordan\/","og:image":"https:\/\/candas365.es\/noticias\/wp-content\/uploads\/2023\/01\/Urgente-1.jpg","og:image:secure_url":"https:\/\/candas365.es\/noticias\/wp-content\/uploads\/2023\/01\/Urgente-1.jpg","og:image:width":640,"og:image:height":400,"article:published_time":"2023-01-19T04:19:14+00:00","article:modified_time":"2023-01-19T04:19:14+00:00","article:publisher":"https:\/\/www.facebook.com\/Nachofdezber","article:author":"https:\/\/www.facebook.com\/carrenoactualidad","twitter:card":"summary_large_image","twitter:site":"@NabercoDigital","twitter:title":"797 a\u00f1os de prisi\u00f3n para \u00abEl Jordan\u00bb | Cand\u00e1s 365","twitter:description":"(EP) - La Justicia de M\u00e9xico ha sentenciado a casi 800 a\u00f1os de c\u00e1rcel a Jes\u00fas Emmanuel 'El Jordan' por homicidio doloso de 25 personas y por la tentativa","twitter:creator":"@nbasturias","twitter:image":"https:\/\/candas365.es\/noticias\/wp-content\/uploads\/2023\/01\/Urgente-1.jpg","twitter:label1":"Escrito por","twitter:data1":"Cand\u00e1s 365","twitter:label2":"Tiempo de lectura estimado","twitter:data2":"2 minutos"},"aioseo_meta_data":{"post_id":"171086","title":null,"description":"(EP) - La Justicia de M\u00e9xico ha sentenciado a casi 800 a\u00f1os de c\u00e1rcel a Jes\u00fas Emmanuel 'El Jordan' por homicidio doloso de 25 personas y por la tentativa","keywords":[],"keyphrases":{"focus":{"keyphrase":"c\u00e1rcel","score":68,"analysis":{"keyphraseInTitle":{"score":3,"maxScore":9,"error":1},"keyphraseInDescription":{"score":9,"maxScore":9,"error":0},"keyphraseLength":{"score":9,"maxScore":9,"error":0,"length":1},"keyphraseInURL":{"score":1,"maxScore":5,"error":1},"keyphraseInIntroduction":{"score":9,"maxScore":9,"error":0},"keyphraseInSubHeadings":[],"keyphraseInImageAlt":{"score":3,"maxScore":9,"error":1}}},"additional":[{"keyphrase":"El Jordan","score":83,"analysis":{"keyphraseInDescription":{"score":9,"maxScore":9,"error":0},"keyphraseLength":{"score":9,"maxScore":9,"error":0,"length":2},"keyphraseInIntroduction":{"score":9,"maxScore":9,"error":0},"keyphraseInImageAlt":{"score":3,"maxScore":9,"error":1}}}]},"primary_term":null,"canonical_url":null,"og_title":null,"og_description":null,"og_object_type":"default","og_image_type":"default","og_image_url":null,"og_image_width":null,"og_image_height":null,"og_image_custom_url":null,"og_image_custom_fields":null,"og_video":"","og_custom_url":null,"og_article_section":null,"og_article_tags":[],"twitter_use_og":false,"twitter_card":"default","twitter_image_type":"default","twitter_image_url":null,"twitter_image_custom_url":null,"twitter_image_custom_fields":null,"twitter_title":null,"twitter_description":null,"schema":{"blockGraphs":[],"customGraphs":[],"default":{"data":{"Article":[],"Course":[],"Dataset":[],"FAQPage":[],"Movie":[],"Person":[],"Product":[],"ProductReview":[],"Car":[],"Recipe":[],"Service":[],"SoftwareApplication":[],"WebPage":[]},"graphName":"Article","isEnabled":true},"graphs":[]},"schema_type":"default","schema_type_options":null,"pillar_content":false,"robots_default":true,"robots_noindex":false,"robots_noarchive":false,"robots_nosnippet":false,"robots_nofollow":false,"robots_noimageindex":false,"robots_noodp":false,"robots_notranslate":false,"robots_max_snippet":"-1","robots_max_videopreview":"-1","robots_max_imagepreview":"large","priority":null,"frequency":"default","location":null,"local_seo":null,"seo_analyzer_scan_date":"2025-09-01 18:11:13","breadcrumb_settings":null,"limit_modified_date":false,"reviewed_by":null,"open_ai":null,"ai":null,"created":"2023-01-19 04:13:09","updated":"2025-09-01 18:11:13"},"aioseo_breadcrumb":"<div class=\"aioseo-breadcrumbs\"><span class=\"aioseo-breadcrumb\">\n\t<a href=\"https:\/\/candas365.es\/noticias\" title=\"Home\">Home<\/a>\n<\/span><span class=\"aioseo-breadcrumb-separator\">&ndash;<\/span><span class=\"aioseo-breadcrumb\">\n\t<a href=\"https:\/\/candas365.es\/noticias\/category\/sucesos\/\" title=\"Sucesos\">Sucesos<\/a>\n<\/span><span class=\"aioseo-breadcrumb-separator\">&ndash;<\/span><span class=\"aioseo-breadcrumb\">\n\t797 a\u00f1os de prisi\u00f3n para \u00abEl Jordan\u00bb\n<\/span><\/div>","aioseo_breadcrumb_json":[{"label":"Home","link":"https:\/\/candas365.es\/noticias"},{"label":"Sucesos","link":"https:\/\/candas365.es\/noticias\/category\/sucesos\/"},{"label":"797 a\u00f1os de prisi\u00f3n para \u00abEl Jordan\u00bb","link":"https:\/\/candas365.es\/noticias\/797-anos-de-prision-para-el-jordan\/"}],"_links":{"self":[{"href":"https:\/\/candas365.es\/noticias\/wp-json\/wp\/v2\/posts\/171086","targetHints":{"allow":["GET"]}}],"collection":[{"href":"https:\/\/candas365.es\/noticias\/wp-json\/wp\/v2\/posts"}],"about":[{"href":"https:\/\/candas365.es\/noticias\/wp-json\/wp\/v2\/types\/post"}],"author":[{"embeddable":true,"href":"https:\/\/candas365.es\/noticias\/wp-json\/wp\/v2\/users\/1"}],"replies":[{"embeddable":true,"href":"https:\/\/candas365.es\/noticias\/wp-json\/wp\/v2\/comments?post=171086"}],"version-history":[{"count":0,"href":"https:\/\/candas365.es\/noticias\/wp-json\/wp\/v2\/posts\/171086\/revisions"}],"wp:featuredmedia":[{"embeddable":true,"href":"https:\/\/candas365.es\/noticias\/wp-json\/wp\/v2\/media\/171087"}],"wp:attachment":[{"href":"https:\/\/candas365.es\/noticias\/wp-json\/wp\/v2\/media?parent=171086"}],"wp:term":[{"taxonomy":"category","embeddable":true,"href":"https:\/\/candas365.es\/noticias\/wp-json\/wp\/v2\/categories?post=171086"},{"taxonomy":"post_tag","embeddable":true,"href":"https:\/\/candas365.es\/noticias\/wp-json\/wp\/v2\/tags?post=171086"}],"curies":[{"name":"wp","href":"https:\/\/api.w.org\/{rel}","templated":true}]}}