{"id":171077,"date":"2023-01-18T18:49:29","date_gmt":"2023-01-18T17:49:29","guid":{"rendered":"https:\/\/candas365.es\/noticias\/?p=171077"},"modified":"2023-01-18T18:49:29","modified_gmt":"2023-01-18T17:49:29","slug":"2-390-migrantes-fallecieron-durante-2022-en-sus-trayectos-hacia-espana","status":"publish","type":"post","link":"https:\/\/candas365.es\/noticias\/2-390-migrantes-fallecieron-durante-2022-en-sus-trayectos-hacia-espana\/","title":{"rendered":"2.390 migrantes fallecieron durante 2022 en sus trayectos hacia Espa\u00f1a"},"content":{"rendered":"<p>(EP) &#8211; Un total de 2.390 migrantes fallecieron durante 2022 en sus trayectos hacia Espa\u00f1a, seg\u00fan ha dado a conocer la ONG Caminando Fronteras que precisa que la ruta atl\u00e1ntica hacia las Islas Canarias se sit\u00faa, por cuarto a\u00f1o consecutivo, como la m\u00e1s mort\u00edfera, con 1.784 v\u00edctimas el a\u00f1o pasado.<\/p>\n<figure id=\"attachment_171078\" aria-describedby=\"caption-attachment-171078\" style=\"width: 650px\" class=\"wp-caption aligncenter\"><img fetchpriority=\"high\" decoding=\"async\" class=\"wp-image-171078 size-large\" src=\"https:\/\/candas365.es\/noticias\/wp-content\/uploads\/2023\/01\/migrantes-650x433.jpg\" alt=\"migrantes\" width=\"650\" height=\"433\" srcset=\"https:\/\/candas365.es\/noticias\/wp-content\/uploads\/2023\/01\/migrantes-650x433.jpg 650w, https:\/\/candas365.es\/noticias\/wp-content\/uploads\/2023\/01\/migrantes-360x240.jpg 360w, https:\/\/candas365.es\/noticias\/wp-content\/uploads\/2023\/01\/migrantes-768x512.jpg 768w, https:\/\/candas365.es\/noticias\/wp-content\/uploads\/2023\/01\/migrantes-150x100.jpg 150w, https:\/\/candas365.es\/noticias\/wp-content\/uploads\/2023\/01\/migrantes-450x300.jpg 450w, https:\/\/candas365.es\/noticias\/wp-content\/uploads\/2023\/01\/migrantes.jpg 1001w\" sizes=\"(max-width: 650px) 100vw, 650px\" \/><figcaption id=\"caption-attachment-171078\" class=\"wp-caption-text\">Foto: Europa Press<\/figcaption><\/figure>\n<p>Estos datos se han dado a conocer en el informe &#8216;Derecho a la Vida &#8211; A\u00f1o 2022&#8217;, sobre las personas migrantes que pierden la vida en su trayecto migratorio hacia Espa\u00f1a por la frontera occidental euroafricana. El documento, elaborado por el Observatorio de Derechos Humanos del colectivo, da cuenta de la tendencia de las rutas migratorias en los \u00faltimos a\u00f1os.<\/p>\n<p>Las cifras de 2022 quedan lejos de las de 2021 cuando, seg\u00fan la ONG, fallecieron 4.639 personas debido al aumento exponencial del uso de la ruta canaria. En cualquier caso, superan a las registradas en 2020 por lo que Caminando Fronteras denuncia la tendencia de aumento de los fallecimientos en los \u00faltimos cinco a\u00f1os en todas las rutas, tanto mar\u00edtimas como terrestres, de acceso a Europa por Espa\u00f1a.<\/p>\n<p>La ONG menciona la ruta entre las costas occidentales norteafricanas y las Islas Canarias como la m\u00e1s mort\u00edfera, con 1.784 v\u00edctimas, y analiza en su informe una lista de consecuencias de las pol\u00edticas migratorias que, a su juicio, dificultan, obstaculizan o directamente omiten poner en marcha mecanismos de rescate para las vidas de las personas migrantes.<\/p>\n<p>Por otro lado, la ONG denuncia que la mayor\u00eda de las v\u00edctimas de las rutas migratorias fallecen sin que sus cuerpos sean jam\u00e1s encontrados (el 91,42%) lo que \u00abtiene un impacto terrible para sus familias y en sus comunidades de origen por la imposibilidad de hacer un duelo completo y por las implicaciones legales y psicol\u00f3gicas\u00bb.<\/p>\n<p>Asimismo, resalta la violencia diferenciada que sufren las mujeres y la infancia migrante, con 288 mujeres y 101 ni\u00f1as y ni\u00f1os fallecidos el a\u00f1o pasado.<\/p>\n<h2>\u00abIMPUNIDAD\u00bb EN LA FRONTERA DE MELILLA Y RUTA ARGELINA \u00abINVISIBLE\u00bb<\/h2>\n<p>El documento tambi\u00e9n recoge lo ocurrido en la frontera terrestre entre Melilla y Nador, el pasado 24 de junio, cuando perdieron la vida 40 personas y recuerda que, a finales de 2022, la Fiscal\u00eda espa\u00f1ola archiv\u00f3 la investigaci\u00f3n de la tragedia.<\/p>\n<p>Por este motivo, el colectivo denuncia \u00abla impunidad del caso, as\u00ed como la violaci\u00f3n sistem\u00e1tica de derechos humanos a uno y otro lado de la frontera para las v\u00edctimas y los sobrevivientes de la tragedia\u00bb.<\/p>\n<p>Adem\u00e1s, el trabajo resalta \u00abla invisibilizaci\u00f3n sistem\u00e1tica de la ruta argelina\u00bb, entre las costas del norte de Argelia y el levante espa\u00f1ol y las Islas Baleares, en la que al menos 464 personas han perdido la vida en 2022.<\/p>\n<p>En este sentido, la ONG denuncia que la demora en la notificaci\u00f3n de embarcaciones desaparecidas, sumada a la distancia y peligrosidad de la ruta y a la omisi\u00f3n de rescates, coloca a las personas migrantes procedentes de Argelia y a sus familias en una situaci\u00f3n de \u00abespecial vulnerabilidad\u00bb.<\/p>\n","protected":false},"excerpt":{"rendered":"<p>(EP) &#8211; Un total de 2.390 migrantes fallecieron durante 2022 en sus trayectos hacia Espa\u00f1a, seg\u00fan ha dado a conocer la ONG Caminando Fronteras que precisa que la ruta atl\u00e1ntica hacia las Islas Canarias se sit\u00faa, por cuarto a\u00f1o consecutivo, como la m\u00e1s mort\u00edfera, con 1.784 v\u00edctimas el a\u00f1o pasado. Estos datos se han dado<\/p>\n","protected":false},"author":1,"featured_media":171078,"comment_status":"closed","ping_status":"closed","sticky":false,"template":"","format":"standard","meta":{"footnotes":""},"categories":[487],"tags":[391],"class_list":{"0":"post-171077","1":"post","2":"type-post","3":"status-publish","4":"format-standard","5":"has-post-thumbnail","7":"category-sucesos","8":"tag-sucesos"},"aioseo_notices":[],"aioseo_head":"\n\t\t<!-- All in One SEO Pro 4.9.6.2 - aioseo.com -->\n\t<meta name=\"description\" content=\"(EP) - Un total de 2.390 migrantes fallecieron durante 2022 en sus trayectos hacia Espa\u00f1a, seg\u00fan ha dado a conocer la ONG Caminando Fronteras\" \/>\n\t<meta name=\"robots\" content=\"max-image-preview:large\" \/>\n\t<meta name=\"author\" content=\"Cand\u00e1s 365\"\/>\n\t<meta name=\"google-site-verification\" content=\"UA-32230408-1\" \/>\n\t<meta name=\"msvalidate.01\" content=\"354F3CDFB2DA171B47FBE9ABF1F88D5\" \/>\n\t<meta name=\"keywords\" content=\"sucesos\" \/>\n\t<link rel=\"canonical\" href=\"https:\/\/candas365.es\/noticias\/2-390-migrantes-fallecieron-durante-2022-en-sus-trayectos-hacia-espana\/\" \/>\n\t<meta name=\"generator\" content=\"All in One SEO Pro (AIOSEO) 4.9.6.2\" \/>\n\t\t<meta property=\"og:locale\" content=\"es_ES\" \/>\n\t\t<meta property=\"og:site_name\" content=\"Cand\u00e1s 365\" \/>\n\t\t<meta property=\"og:type\" content=\"article\" \/>\n\t\t<meta property=\"og:title\" content=\"2.390 migrantes fallecieron durante 2022 en sus trayectos hacia Espa\u00f1a | Cand\u00e1s 365\" \/>\n\t\t<meta property=\"og:description\" content=\"(EP) - Un total de 2.390 migrantes fallecieron durante 2022 en sus trayectos hacia Espa\u00f1a, seg\u00fan ha dado a conocer la ONG Caminando Fronteras\" \/>\n\t\t<meta property=\"og:url\" content=\"https:\/\/candas365.es\/noticias\/2-390-migrantes-fallecieron-durante-2022-en-sus-trayectos-hacia-espana\/\" \/>\n\t\t<meta property=\"og:image\" content=\"https:\/\/candas365.es\/noticias\/wp-content\/uploads\/2023\/01\/migrantes.jpg\" \/>\n\t\t<meta property=\"og:image:secure_url\" content=\"https:\/\/candas365.es\/noticias\/wp-content\/uploads\/2023\/01\/migrantes.jpg\" \/>\n\t\t<meta property=\"og:image:width\" content=\"1001\" \/>\n\t\t<meta property=\"og:image:height\" content=\"667\" \/>\n\t\t<meta property=\"article:published_time\" content=\"2023-01-18T17:49:29+00:00\" \/>\n\t\t<meta property=\"article:modified_time\" content=\"2023-01-18T17:49:29+00:00\" \/>\n\t\t<meta property=\"article:publisher\" content=\"https:\/\/www.facebook.com\/Nachofdezber\" \/>\n\t\t<meta property=\"article:author\" content=\"https:\/\/www.facebook.com\/carrenoactualidad\" \/>\n\t\t<meta name=\"twitter:card\" content=\"summary_large_image\" \/>\n\t\t<meta name=\"twitter:site\" content=\"@NabercoDigital\" \/>\n\t\t<meta name=\"twitter:title\" content=\"2.390 migrantes fallecieron durante 2022 en sus trayectos hacia Espa\u00f1a | Cand\u00e1s 365\" \/>\n\t\t<meta name=\"twitter:description\" content=\"(EP) - Un total de 2.390 migrantes fallecieron durante 2022 en sus trayectos hacia Espa\u00f1a, seg\u00fan ha dado a conocer la ONG Caminando Fronteras\" \/>\n\t\t<meta name=\"twitter:creator\" content=\"@nbasturias\" \/>\n\t\t<meta name=\"twitter:image\" content=\"https:\/\/candas365.es\/noticias\/wp-content\/uploads\/2023\/01\/migrantes.jpg\" \/>\n\t\t<meta name=\"twitter:label1\" content=\"Escrito por\" \/>\n\t\t<meta name=\"twitter:data1\" content=\"Cand\u00e1s 365\" \/>\n\t\t<meta name=\"twitter:label2\" content=\"Tiempo de lectura estimado\" \/>\n\t\t<meta name=\"twitter:data2\" content=\"3 minutos\" \/>\n\t\t<script type=\"application\/ld+json\" class=\"aioseo-schema\">\n\t\t\t{\"@context\":\"https:\\\/\\\/schema.org\",\"@graph\":[{\"@type\":\"BreadcrumbList\",\"@id\":\"https:\\\/\\\/candas365.es\\\/noticias\\\/2-390-migrantes-fallecieron-durante-2022-en-sus-trayectos-hacia-espana\\\/#breadcrumblist\",\"itemListElement\":[{\"@type\":\"ListItem\",\"@id\":\"https:\\\/\\\/candas365.es\\\/noticias#listItem\",\"position\":1,\"name\":\"Home\",\"item\":\"https:\\\/\\\/candas365.es\\\/noticias\",\"nextItem\":{\"@type\":\"ListItem\",\"@id\":\"https:\\\/\\\/candas365.es\\\/noticias\\\/category\\\/sucesos\\\/#listItem\",\"name\":\"Sucesos\"}},{\"@type\":\"ListItem\",\"@id\":\"https:\\\/\\\/candas365.es\\\/noticias\\\/category\\\/sucesos\\\/#listItem\",\"position\":2,\"name\":\"Sucesos\",\"item\":\"https:\\\/\\\/candas365.es\\\/noticias\\\/category\\\/sucesos\\\/\",\"nextItem\":{\"@type\":\"ListItem\",\"@id\":\"https:\\\/\\\/candas365.es\\\/noticias\\\/2-390-migrantes-fallecieron-durante-2022-en-sus-trayectos-hacia-espana\\\/#listItem\",\"name\":\"2.390 migrantes fallecieron durante 2022 en sus trayectos hacia Espa\\u00f1a\"},\"previousItem\":{\"@type\":\"ListItem\",\"@id\":\"https:\\\/\\\/candas365.es\\\/noticias#listItem\",\"name\":\"Home\"}},{\"@type\":\"ListItem\",\"@id\":\"https:\\\/\\\/candas365.es\\\/noticias\\\/2-390-migrantes-fallecieron-durante-2022-en-sus-trayectos-hacia-espana\\\/#listItem\",\"position\":3,\"name\":\"2.390 migrantes fallecieron durante 2022 en sus trayectos hacia Espa\\u00f1a\",\"previousItem\":{\"@type\":\"ListItem\",\"@id\":\"https:\\\/\\\/candas365.es\\\/noticias\\\/category\\\/sucesos\\\/#listItem\",\"name\":\"Sucesos\"}}]},{\"@type\":\"NewsArticle\",\"@id\":\"https:\\\/\\\/candas365.es\\\/noticias\\\/2-390-migrantes-fallecieron-durante-2022-en-sus-trayectos-hacia-espana\\\/#newsarticle\",\"name\":\"2.390 migrantes fallecieron durante 2022 en sus trayectos hacia Espa\\u00f1a | Cand\\u00e1s 365\",\"headline\":\"2.390 migrantes fallecieron durante 2022 en sus trayectos hacia Espa\\u00f1a\",\"author\":{\"@id\":\"https:\\\/\\\/candas365.es\\\/noticias\\\/author\\\/admin\\\/#author\"},\"publisher\":{\"@id\":\"https:\\\/\\\/candas365.es\\\/noticias\\\/#organization\"},\"image\":{\"@type\":\"ImageObject\",\"url\":\"https:\\\/\\\/candas365.es\\\/noticias\\\/wp-content\\\/uploads\\\/2023\\\/01\\\/migrantes.jpg\",\"width\":1001,\"height\":667,\"caption\":\"Foto: Europa Press\"},\"datePublished\":\"2023-01-18T18:49:29+01:00\",\"dateModified\":\"2023-01-18T18:49:29+01:00\",\"inLanguage\":\"es-ES\",\"mainEntityOfPage\":{\"@id\":\"https:\\\/\\\/candas365.es\\\/noticias\\\/2-390-migrantes-fallecieron-durante-2022-en-sus-trayectos-hacia-espana\\\/#webpage\"},\"isPartOf\":{\"@id\":\"https:\\\/\\\/candas365.es\\\/noticias\\\/2-390-migrantes-fallecieron-durante-2022-en-sus-trayectos-hacia-espana\\\/#webpage\"},\"articleSection\":\"Sucesos, sucesos\",\"dateline\":\"Publicado el enero 18, 2023.\"},{\"@type\":\"Organization\",\"@id\":\"https:\\\/\\\/candas365.es\\\/noticias\\\/#organization\",\"name\":\"Cand\\u00e1s 365\",\"description\":\"Cand\\u00e1s 365 es un diario digital independiente, fundado en 2012, con base en Asturias. Informamos con rigor sobre actualidad, sociedad, cultura y ocio, con una mirada local y global.\",\"url\":\"https:\\\/\\\/candas365.es\\\/noticias\\\/\",\"email\":\"info@candas365.es\",\"telephone\":\"+34652131393\",\"foundingDate\":\"2012-06-10\",\"logo\":{\"@type\":\"ImageObject\",\"url\":\"https:\\\/\\\/candas365.es\\\/noticias\\\/wp-content\\\/uploads\\\/2024\\\/09\\\/Candas-365-Redes.jpg\",\"@id\":\"https:\\\/\\\/candas365.es\\\/noticias\\\/2-390-migrantes-fallecieron-durante-2022-en-sus-trayectos-hacia-espana\\\/#organizationLogo\",\"width\":1152,\"height\":864,\"caption\":\"Cand\\u00e1s 365 Redes\"},\"image\":{\"@id\":\"https:\\\/\\\/candas365.es\\\/noticias\\\/2-390-migrantes-fallecieron-durante-2022-en-sus-trayectos-hacia-espana\\\/#organizationLogo\"},\"sameAs\":[\"https:\\\/\\\/www.facebook.com\\\/Nachofdezber\",\"https:\\\/\\\/x.com\\\/NabercoDigital\",\"https:\\\/\\\/www.instagram.com\\\/nachofdezber\\\/\",\"https:\\\/\\\/www.youtube.com\\\/channel\\\/UCZP-2wLEB9Rv6erhFmqVnvg\"],\"address\":{\"@id\":\"https:\\\/\\\/candas365.es\\\/noticias\\\/#postaladdress\",\"@type\":\"PostalAddress\",\"streetAddress\":\"san antonio 4, san antonio 4\",\"postalCode\":\"33430\",\"addressLocality\":\"Cand\\u00e1s\",\"addressRegion\":\"Asturias\",\"addressCountry\":\"ES\"}},{\"@type\":\"Person\",\"@id\":\"https:\\\/\\\/candas365.es\\\/noticias\\\/author\\\/admin\\\/#author\",\"url\":\"https:\\\/\\\/candas365.es\\\/noticias\\\/author\\\/admin\\\/\",\"name\":\"Cand\\u00e1s 365\",\"image\":{\"@type\":\"ImageObject\",\"@id\":\"https:\\\/\\\/candas365.es\\\/noticias\\\/2-390-migrantes-fallecieron-durante-2022-en-sus-trayectos-hacia-espana\\\/#authorImage\",\"url\":\"https:\\\/\\\/secure.gravatar.com\\\/avatar\\\/496a8e03d0c493ede1718b7934145dbdf8d89be1036b0eec9544e1094c9de390?s=96&d=mm&r=g\",\"width\":96,\"height\":96,\"caption\":\"Cand\\u00e1s 365\"},\"sameAs\":[\"https:\\\/\\\/www.facebook.com\\\/carrenoactualidad\",\"https:\\\/\\\/twitter.com\\\/nbasturias\",\"https:\\\/\\\/www.instagram.com\\\/nachofdezber\\\/\",\"https:\\\/\\\/www.youtube.com\\\/channel\\\/UCZP-2wLEB9Rv6erhFmqVnvg\"]},{\"@type\":\"WebPage\",\"@id\":\"https:\\\/\\\/candas365.es\\\/noticias\\\/2-390-migrantes-fallecieron-durante-2022-en-sus-trayectos-hacia-espana\\\/#webpage\",\"url\":\"https:\\\/\\\/candas365.es\\\/noticias\\\/2-390-migrantes-fallecieron-durante-2022-en-sus-trayectos-hacia-espana\\\/\",\"name\":\"2.390 migrantes fallecieron durante 2022 en sus trayectos hacia Espa\\u00f1a | Cand\\u00e1s 365\",\"description\":\"(EP) - Un total de 2.390 migrantes fallecieron durante 2022 en sus trayectos hacia Espa\\u00f1a, seg\\u00fan ha dado a conocer la ONG Caminando Fronteras\",\"inLanguage\":\"es-ES\",\"isPartOf\":{\"@id\":\"https:\\\/\\\/candas365.es\\\/noticias\\\/#website\"},\"breadcrumb\":{\"@id\":\"https:\\\/\\\/candas365.es\\\/noticias\\\/2-390-migrantes-fallecieron-durante-2022-en-sus-trayectos-hacia-espana\\\/#breadcrumblist\"},\"author\":{\"@id\":\"https:\\\/\\\/candas365.es\\\/noticias\\\/author\\\/admin\\\/#author\"},\"creator\":{\"@id\":\"https:\\\/\\\/candas365.es\\\/noticias\\\/author\\\/admin\\\/#author\"},\"image\":{\"@type\":\"ImageObject\",\"url\":\"https:\\\/\\\/candas365.es\\\/noticias\\\/wp-content\\\/uploads\\\/2023\\\/01\\\/migrantes.jpg\",\"@id\":\"https:\\\/\\\/candas365.es\\\/noticias\\\/2-390-migrantes-fallecieron-durante-2022-en-sus-trayectos-hacia-espana\\\/#mainImage\",\"width\":1001,\"height\":667,\"caption\":\"Foto: Europa Press\"},\"primaryImageOfPage\":{\"@id\":\"https:\\\/\\\/candas365.es\\\/noticias\\\/2-390-migrantes-fallecieron-durante-2022-en-sus-trayectos-hacia-espana\\\/#mainImage\"},\"datePublished\":\"2023-01-18T18:49:29+01:00\",\"dateModified\":\"2023-01-18T18:49:29+01:00\"},{\"@type\":\"WebSite\",\"@id\":\"https:\\\/\\\/candas365.es\\\/noticias\\\/#website\",\"url\":\"https:\\\/\\\/candas365.es\\\/noticias\\\/\",\"name\":\"Cand\\u00e1s 365\",\"alternateName\":\"Cand\\u00e1s 365 Noticias\",\"description\":\"Actualidad desde Carre\\u00f1o para el mundo\",\"inLanguage\":\"es-ES\",\"publisher\":{\"@id\":\"https:\\\/\\\/candas365.es\\\/noticias\\\/#organization\"}}]}\n\t\t<\/script>\n\t\t<!-- All in One SEO Pro -->\r\n\t\t<title>2.390 migrantes fallecieron durante 2022 en sus trayectos hacia Espa\u00f1a | Cand\u00e1s 365<\/title>\n\n","aioseo_head_json":{"title":"2.390 migrantes fallecieron durante 2022 en sus trayectos hacia Espa\u00f1a | Cand\u00e1s 365","description":"(EP) - Un total de 2.390 migrantes fallecieron durante 2022 en sus trayectos hacia Espa\u00f1a, seg\u00fan ha dado a conocer la ONG Caminando Fronteras","canonical_url":"https:\/\/candas365.es\/noticias\/2-390-migrantes-fallecieron-durante-2022-en-sus-trayectos-hacia-espana\/","robots":"max-image-preview:large","keywords":"sucesos","webmasterTools":{"google-site-verification":"UA-32230408-1","msvalidate.01":"354F3CDFB2DA171B47FBE9ABF1F88D5","miscellaneous":""},"schema":{"@context":"https:\/\/schema.org","@graph":[{"@type":"BreadcrumbList","@id":"https:\/\/candas365.es\/noticias\/2-390-migrantes-fallecieron-durante-2022-en-sus-trayectos-hacia-espana\/#breadcrumblist","itemListElement":[{"@type":"ListItem","@id":"https:\/\/candas365.es\/noticias#listItem","position":1,"name":"Home","item":"https:\/\/candas365.es\/noticias","nextItem":{"@type":"ListItem","@id":"https:\/\/candas365.es\/noticias\/category\/sucesos\/#listItem","name":"Sucesos"}},{"@type":"ListItem","@id":"https:\/\/candas365.es\/noticias\/category\/sucesos\/#listItem","position":2,"name":"Sucesos","item":"https:\/\/candas365.es\/noticias\/category\/sucesos\/","nextItem":{"@type":"ListItem","@id":"https:\/\/candas365.es\/noticias\/2-390-migrantes-fallecieron-durante-2022-en-sus-trayectos-hacia-espana\/#listItem","name":"2.390 migrantes fallecieron durante 2022 en sus trayectos hacia Espa\u00f1a"},"previousItem":{"@type":"ListItem","@id":"https:\/\/candas365.es\/noticias#listItem","name":"Home"}},{"@type":"ListItem","@id":"https:\/\/candas365.es\/noticias\/2-390-migrantes-fallecieron-durante-2022-en-sus-trayectos-hacia-espana\/#listItem","position":3,"name":"2.390 migrantes fallecieron durante 2022 en sus trayectos hacia Espa\u00f1a","previousItem":{"@type":"ListItem","@id":"https:\/\/candas365.es\/noticias\/category\/sucesos\/#listItem","name":"Sucesos"}}]},{"@type":"NewsArticle","@id":"https:\/\/candas365.es\/noticias\/2-390-migrantes-fallecieron-durante-2022-en-sus-trayectos-hacia-espana\/#newsarticle","name":"2.390 migrantes fallecieron durante 2022 en sus trayectos hacia Espa\u00f1a | Cand\u00e1s 365","headline":"2.390 migrantes fallecieron durante 2022 en sus trayectos hacia Espa\u00f1a","author":{"@id":"https:\/\/candas365.es\/noticias\/author\/admin\/#author"},"publisher":{"@id":"https:\/\/candas365.es\/noticias\/#organization"},"image":{"@type":"ImageObject","url":"https:\/\/candas365.es\/noticias\/wp-content\/uploads\/2023\/01\/migrantes.jpg","width":1001,"height":667,"caption":"Foto: Europa Press"},"datePublished":"2023-01-18T18:49:29+01:00","dateModified":"2023-01-18T18:49:29+01:00","inLanguage":"es-ES","mainEntityOfPage":{"@id":"https:\/\/candas365.es\/noticias\/2-390-migrantes-fallecieron-durante-2022-en-sus-trayectos-hacia-espana\/#webpage"},"isPartOf":{"@id":"https:\/\/candas365.es\/noticias\/2-390-migrantes-fallecieron-durante-2022-en-sus-trayectos-hacia-espana\/#webpage"},"articleSection":"Sucesos, sucesos","dateline":"Publicado el enero 18, 2023."},{"@type":"Organization","@id":"https:\/\/candas365.es\/noticias\/#organization","name":"Cand\u00e1s 365","description":"Cand\u00e1s 365 es un diario digital independiente, fundado en 2012, con base en Asturias. Informamos con rigor sobre actualidad, sociedad, cultura y ocio, con una mirada local y global.","url":"https:\/\/candas365.es\/noticias\/","email":"info@candas365.es","telephone":"+34652131393","foundingDate":"2012-06-10","logo":{"@type":"ImageObject","url":"https:\/\/candas365.es\/noticias\/wp-content\/uploads\/2024\/09\/Candas-365-Redes.jpg","@id":"https:\/\/candas365.es\/noticias\/2-390-migrantes-fallecieron-durante-2022-en-sus-trayectos-hacia-espana\/#organizationLogo","width":1152,"height":864,"caption":"Cand\u00e1s 365 Redes"},"image":{"@id":"https:\/\/candas365.es\/noticias\/2-390-migrantes-fallecieron-durante-2022-en-sus-trayectos-hacia-espana\/#organizationLogo"},"sameAs":["https:\/\/www.facebook.com\/Nachofdezber","https:\/\/x.com\/NabercoDigital","https:\/\/www.instagram.com\/nachofdezber\/","https:\/\/www.youtube.com\/channel\/UCZP-2wLEB9Rv6erhFmqVnvg"],"address":{"@id":"https:\/\/candas365.es\/noticias\/#postaladdress","@type":"PostalAddress","streetAddress":"san antonio 4, san antonio 4","postalCode":"33430","addressLocality":"Cand\u00e1s","addressRegion":"Asturias","addressCountry":"ES"}},{"@type":"Person","@id":"https:\/\/candas365.es\/noticias\/author\/admin\/#author","url":"https:\/\/candas365.es\/noticias\/author\/admin\/","name":"Cand\u00e1s 365","image":{"@type":"ImageObject","@id":"https:\/\/candas365.es\/noticias\/2-390-migrantes-fallecieron-durante-2022-en-sus-trayectos-hacia-espana\/#authorImage","url":"https:\/\/secure.gravatar.com\/avatar\/496a8e03d0c493ede1718b7934145dbdf8d89be1036b0eec9544e1094c9de390?s=96&d=mm&r=g","width":96,"height":96,"caption":"Cand\u00e1s 365"},"sameAs":["https:\/\/www.facebook.com\/carrenoactualidad","https:\/\/twitter.com\/nbasturias","https:\/\/www.instagram.com\/nachofdezber\/","https:\/\/www.youtube.com\/channel\/UCZP-2wLEB9Rv6erhFmqVnvg"]},{"@type":"WebPage","@id":"https:\/\/candas365.es\/noticias\/2-390-migrantes-fallecieron-durante-2022-en-sus-trayectos-hacia-espana\/#webpage","url":"https:\/\/candas365.es\/noticias\/2-390-migrantes-fallecieron-durante-2022-en-sus-trayectos-hacia-espana\/","name":"2.390 migrantes fallecieron durante 2022 en sus trayectos hacia Espa\u00f1a | Cand\u00e1s 365","description":"(EP) - Un total de 2.390 migrantes fallecieron durante 2022 en sus trayectos hacia Espa\u00f1a, seg\u00fan ha dado a conocer la ONG Caminando Fronteras","inLanguage":"es-ES","isPartOf":{"@id":"https:\/\/candas365.es\/noticias\/#website"},"breadcrumb":{"@id":"https:\/\/candas365.es\/noticias\/2-390-migrantes-fallecieron-durante-2022-en-sus-trayectos-hacia-espana\/#breadcrumblist"},"author":{"@id":"https:\/\/candas365.es\/noticias\/author\/admin\/#author"},"creator":{"@id":"https:\/\/candas365.es\/noticias\/author\/admin\/#author"},"image":{"@type":"ImageObject","url":"https:\/\/candas365.es\/noticias\/wp-content\/uploads\/2023\/01\/migrantes.jpg","@id":"https:\/\/candas365.es\/noticias\/2-390-migrantes-fallecieron-durante-2022-en-sus-trayectos-hacia-espana\/#mainImage","width":1001,"height":667,"caption":"Foto: Europa Press"},"primaryImageOfPage":{"@id":"https:\/\/candas365.es\/noticias\/2-390-migrantes-fallecieron-durante-2022-en-sus-trayectos-hacia-espana\/#mainImage"},"datePublished":"2023-01-18T18:49:29+01:00","dateModified":"2023-01-18T18:49:29+01:00"},{"@type":"WebSite","@id":"https:\/\/candas365.es\/noticias\/#website","url":"https:\/\/candas365.es\/noticias\/","name":"Cand\u00e1s 365","alternateName":"Cand\u00e1s 365 Noticias","description":"Actualidad desde Carre\u00f1o para el mundo","inLanguage":"es-ES","publisher":{"@id":"https:\/\/candas365.es\/noticias\/#organization"}}]},"og:locale":"es_ES","og:site_name":"Cand\u00e1s 365","og:type":"article","og:title":"2.390 migrantes fallecieron durante 2022 en sus trayectos hacia Espa\u00f1a | Cand\u00e1s 365","og:description":"(EP) - Un total de 2.390 migrantes fallecieron durante 2022 en sus trayectos hacia Espa\u00f1a, seg\u00fan ha dado a conocer la ONG Caminando Fronteras","og:url":"https:\/\/candas365.es\/noticias\/2-390-migrantes-fallecieron-durante-2022-en-sus-trayectos-hacia-espana\/","og:image":"https:\/\/candas365.es\/noticias\/wp-content\/uploads\/2023\/01\/migrantes.jpg","og:image:secure_url":"https:\/\/candas365.es\/noticias\/wp-content\/uploads\/2023\/01\/migrantes.jpg","og:image:width":1001,"og:image:height":667,"article:published_time":"2023-01-18T17:49:29+00:00","article:modified_time":"2023-01-18T17:49:29+00:00","article:publisher":"https:\/\/www.facebook.com\/Nachofdezber","article:author":"https:\/\/www.facebook.com\/carrenoactualidad","twitter:card":"summary_large_image","twitter:site":"@NabercoDigital","twitter:title":"2.390 migrantes fallecieron durante 2022 en sus trayectos hacia Espa\u00f1a | Cand\u00e1s 365","twitter:description":"(EP) - Un total de 2.390 migrantes fallecieron durante 2022 en sus trayectos hacia Espa\u00f1a, seg\u00fan ha dado a conocer la ONG Caminando Fronteras","twitter:creator":"@nbasturias","twitter:image":"https:\/\/candas365.es\/noticias\/wp-content\/uploads\/2023\/01\/migrantes.jpg","twitter:label1":"Escrito por","twitter:data1":"Cand\u00e1s 365","twitter:label2":"Tiempo de lectura estimado","twitter:data2":"3 minutos"},"aioseo_meta_data":{"post_id":"171077","title":null,"description":"(EP) - Un total de 2.390 migrantes fallecieron durante 2022 en sus trayectos hacia Espa\u00f1a, seg\u00fan ha dado a conocer la ONG Caminando Fronteras","keywords":[],"keyphrases":{"focus":{"keyphrase":"migrantes","score":83,"analysis":{"keyphraseInTitle":{"score":9,"maxScore":9,"error":0},"keyphraseInDescription":{"score":9,"maxScore":9,"error":0},"keyphraseLength":{"score":9,"maxScore":9,"error":0,"length":1},"keyphraseInURL":{"score":1,"maxScore":5,"error":1},"keyphraseInIntroduction":{"score":9,"maxScore":9,"error":0},"keyphraseInSubHeadings":{"score":3,"maxScore":9,"error":1},"keyphraseInImageAlt":{"score":9,"maxScore":9,"error":0}}},"additional":[{"keyphrase":"migrantes","score":100,"analysis":{"keyphraseInDescription":{"score":9,"maxScore":9,"error":0},"keyphraseLength":{"score":9,"maxScore":9,"error":0,"length":1},"keyphraseInIntroduction":{"score":9,"maxScore":9,"error":0},"keyphraseInImageAlt":{"score":9,"maxScore":9,"error":0}}}]},"primary_term":null,"canonical_url":null,"og_title":null,"og_description":null,"og_object_type":"default","og_image_type":"default","og_image_url":null,"og_image_width":null,"og_image_height":null,"og_image_custom_url":null,"og_image_custom_fields":null,"og_video":"","og_custom_url":null,"og_article_section":null,"og_article_tags":[],"twitter_use_og":false,"twitter_card":"default","twitter_image_type":"default","twitter_image_url":null,"twitter_image_custom_url":null,"twitter_image_custom_fields":null,"twitter_title":null,"twitter_description":null,"schema":{"blockGraphs":[],"customGraphs":[],"default":{"data":{"Article":[],"Course":[],"Dataset":[],"FAQPage":[],"Movie":[],"Person":[],"Product":[],"ProductReview":[],"Car":[],"Recipe":[],"Service":[],"SoftwareApplication":[],"WebPage":[]},"graphName":"Article","isEnabled":true},"graphs":[]},"schema_type":"default","schema_type_options":null,"pillar_content":false,"robots_default":true,"robots_noindex":false,"robots_noarchive":false,"robots_nosnippet":false,"robots_nofollow":false,"robots_noimageindex":false,"robots_noodp":false,"robots_notranslate":false,"robots_max_snippet":"-1","robots_max_videopreview":"-1","robots_max_imagepreview":"large","priority":null,"frequency":"default","location":null,"local_seo":null,"seo_analyzer_scan_date":"2025-09-01 18:10:08","breadcrumb_settings":null,"limit_modified_date":false,"reviewed_by":null,"open_ai":null,"ai":null,"created":"2023-01-18 17:46:02","updated":"2025-09-01 18:10:08"},"aioseo_breadcrumb":"<div class=\"aioseo-breadcrumbs\"><span class=\"aioseo-breadcrumb\">\n\t<a href=\"https:\/\/candas365.es\/noticias\" title=\"Home\">Home<\/a>\n<\/span><span class=\"aioseo-breadcrumb-separator\">&ndash;<\/span><span class=\"aioseo-breadcrumb\">\n\t<a href=\"https:\/\/candas365.es\/noticias\/category\/sucesos\/\" title=\"Sucesos\">Sucesos<\/a>\n<\/span><span class=\"aioseo-breadcrumb-separator\">&ndash;<\/span><span class=\"aioseo-breadcrumb\">\n\t2.390 migrantes fallecieron durante 2022 en sus trayectos hacia Espa\u00f1a\n<\/span><\/div>","aioseo_breadcrumb_json":[{"label":"Home","link":"https:\/\/candas365.es\/noticias"},{"label":"Sucesos","link":"https:\/\/candas365.es\/noticias\/category\/sucesos\/"},{"label":"2.390 migrantes fallecieron durante 2022 en sus trayectos hacia Espa\u00f1a","link":"https:\/\/candas365.es\/noticias\/2-390-migrantes-fallecieron-durante-2022-en-sus-trayectos-hacia-espana\/"}],"_links":{"self":[{"href":"https:\/\/candas365.es\/noticias\/wp-json\/wp\/v2\/posts\/171077","targetHints":{"allow":["GET"]}}],"collection":[{"href":"https:\/\/candas365.es\/noticias\/wp-json\/wp\/v2\/posts"}],"about":[{"href":"https:\/\/candas365.es\/noticias\/wp-json\/wp\/v2\/types\/post"}],"author":[{"embeddable":true,"href":"https:\/\/candas365.es\/noticias\/wp-json\/wp\/v2\/users\/1"}],"replies":[{"embeddable":true,"href":"https:\/\/candas365.es\/noticias\/wp-json\/wp\/v2\/comments?post=171077"}],"version-history":[{"count":0,"href":"https:\/\/candas365.es\/noticias\/wp-json\/wp\/v2\/posts\/171077\/revisions"}],"wp:featuredmedia":[{"embeddable":true,"href":"https:\/\/candas365.es\/noticias\/wp-json\/wp\/v2\/media\/171078"}],"wp:attachment":[{"href":"https:\/\/candas365.es\/noticias\/wp-json\/wp\/v2\/media?parent=171077"}],"wp:term":[{"taxonomy":"category","embeddable":true,"href":"https:\/\/candas365.es\/noticias\/wp-json\/wp\/v2\/categories?post=171077"},{"taxonomy":"post_tag","embeddable":true,"href":"https:\/\/candas365.es\/noticias\/wp-json\/wp\/v2\/tags?post=171077"}],"curies":[{"name":"wp","href":"https:\/\/api.w.org\/{rel}","templated":true}]}}