{"id":170995,"date":"2023-01-16T01:38:20","date_gmt":"2023-01-16T00:38:20","guid":{"rendered":"https:\/\/candas365.es\/noticias\/?p=170995"},"modified":"2023-01-16T01:38:20","modified_gmt":"2023-01-16T00:38:20","slug":"el-71-por-ciento-de-los-peruanos-rechazan-la-gestion-de-boluarte","status":"publish","type":"post","link":"https:\/\/candas365.es\/noticias\/el-71-por-ciento-de-los-peruanos-rechazan-la-gestion-de-boluarte\/","title":{"rendered":"El 71 por ciento de los peruanos rechazan la gesti\u00f3n de Boluarte"},"content":{"rendered":"<p>(EP) &#8211; El 71 por ciento de<strong> la poblaci\u00f3n peruana rechaza la gesti\u00f3n de la presidenta Dina Boluarte<\/strong>, quien accedi\u00f3 al cargo tras la destituci\u00f3n de Pedro Castillo, seg\u00fan una encuesta del Instituto de Estudios Peruanos (IEP) que revela tambi\u00e9n que el 58 por ciento cree que hubo excesos por parte de las fuerzas de seguridad en la represi\u00f3n de las protestas frente al 26 por ciento que cree que actuaron adecuadamente.<\/p>\n<p><img fetchpriority=\"high\" decoding=\"async\" class=\"aligncenter wp-image-170996 size-full\" src=\"https:\/\/candas365.es\/noticias\/wp-content\/uploads\/2023\/01\/Peru.jpg\" alt=\"Per\u00fa\" width=\"640\" height=\"427\" srcset=\"https:\/\/candas365.es\/noticias\/wp-content\/uploads\/2023\/01\/Peru.jpg 640w, https:\/\/candas365.es\/noticias\/wp-content\/uploads\/2023\/01\/Peru-360x240.jpg 360w, https:\/\/candas365.es\/noticias\/wp-content\/uploads\/2023\/01\/Peru-150x100.jpg 150w, https:\/\/candas365.es\/noticias\/wp-content\/uploads\/2023\/01\/Peru-450x300.jpg 450w\" sizes=\"(max-width: 640px) 100vw, 640px\" \/><\/p>\n<p>El estudio depara igualmente mala nota para el Congreso, que tiene una desaprobaci\u00f3n del 88 por ciento y un 9 por ciento de aprobaci\u00f3n, <strong>ocho puntos m\u00e1s de desaprobaci\u00f3n que hace un mes, informa el diario peruano &#8216;La Rep\u00fablica&#8217;.<\/strong><\/p>\n<p>En cuanto a las protestas, un 60 por ciento de los peruanos considera justificadas las protestas de diciembre &#8211;72 por ciento entre los j\u00f3venes&#8211; mientras el 35 por ciento considera que no tienen justificaci\u00f3n. <strong>El 50 por ciento se siente identificado con las protestas y el 46 por ciento, no.<\/strong><\/p>\n<p>El 44 por ciento cree que los actores m\u00e1s importantes de las movilizaciones son los grupos de ciudadanos espont\u00e1neos u organizados y un 27 por ciento la atribuye a colectivos violentos o vinculados a grupos terroristas.<\/p>\n<blockquote><p>Un 66 por ciento desaprueba que Castillo haya intentado perpetrar un golpe de Estado, mientras que el 30 por ciento s\u00ed lo aprueba.<\/p><\/blockquote>\n<p>El estudio se basa en entrevistas realizadas entre el 7 y el 12 de enero y tiene un margen de error de 2,8 puntos por encima y debajo de cada resultado.<\/p>\n<p>Un segundo estudio publicado este domingo y elaborado por IPSOS Per\u00fa en exclusiva para &#8216;Per\u00fa21&#8217; apunta a que el 52 por ciento de los peruanos cree que deben adelantarse las elecciones a diciembre de este a\u00f1o, incluso si eso significa que se aprueben pocas reformas pol\u00edticas.<\/p>\n<p><strong>La encuesta de IPSOS confirma la desaprobaci\u00f3n del 71 por ciento para Boluarte. Tambi\u00e9n rechazan la gesti\u00f3n del primer ministro<\/strong>, Alberto Ot\u00e1rola, (61 por ciento) y del presidente del Congreso, Jos\u00e9 Williams (62 por ciento).<\/p>\n<p>En cuanto a las reformas pol\u00edticas, el 57 por ciento defiende que la elecci\u00f3n del presidente y el Congreso sean cada cuatro a\u00f1os frente a los cinco a\u00f1os actuales, una opci\u00f3n continuista que apoya el 40 por ciento de los peruanos.<\/p>\n","protected":false},"excerpt":{"rendered":"<p>(EP) &#8211; El 71 por ciento de la poblaci\u00f3n peruana rechaza la gesti\u00f3n de la presidenta Dina Boluarte, quien accedi\u00f3 al cargo tras la destituci\u00f3n de Pedro Castillo, seg\u00fan una encuesta del Instituto de Estudios Peruanos (IEP) que revela tambi\u00e9n que el 58 por ciento cree que hubo excesos por parte de las fuerzas de<\/p>\n","protected":false},"author":1,"featured_media":170996,"comment_status":"closed","ping_status":"closed","sticky":false,"template":"","format":"standard","meta":{"footnotes":""},"categories":[485],"tags":[482],"class_list":{"0":"post-170995","1":"post","2":"type-post","3":"status-publish","4":"format-standard","5":"has-post-thumbnail","7":"category-internacional","8":"tag-peru"},"aioseo_notices":[],"aioseo_head":"\n\t\t<!-- All in One SEO Pro 4.9.6.2 - aioseo.com -->\n\t<meta name=\"description\" content=\"(EP) - El 71 por ciento de la poblaci\u00f3n peruana rechaza la gesti\u00f3n de la presidenta Dina Boluarte, quien accedi\u00f3 al cargo tras la destituci\u00f3n de Pedro Castillo\" \/>\n\t<meta name=\"robots\" content=\"max-image-preview:large\" \/>\n\t<meta name=\"author\" content=\"Cand\u00e1s 365\"\/>\n\t<meta name=\"google-site-verification\" content=\"UA-32230408-1\" \/>\n\t<meta name=\"msvalidate.01\" content=\"354F3CDFB2DA171B47FBE9ABF1F88D5\" \/>\n\t<meta name=\"keywords\" content=\"internacional\" \/>\n\t<link rel=\"canonical\" href=\"https:\/\/candas365.es\/noticias\/el-71-por-ciento-de-los-peruanos-rechazan-la-gestion-de-boluarte\/\" \/>\n\t<meta name=\"generator\" content=\"All in One SEO Pro (AIOSEO) 4.9.6.2\" \/>\n\t\t<meta property=\"og:locale\" content=\"es_ES\" \/>\n\t\t<meta property=\"og:site_name\" content=\"Cand\u00e1s 365\" \/>\n\t\t<meta property=\"og:type\" content=\"article\" \/>\n\t\t<meta property=\"og:title\" content=\"El 71 por ciento de los peruanos rechazan la gesti\u00f3n de Boluarte | Cand\u00e1s 365\" \/>\n\t\t<meta property=\"og:description\" content=\"(EP) - El 71 por ciento de la poblaci\u00f3n peruana rechaza la gesti\u00f3n de la presidenta Dina Boluarte, quien accedi\u00f3 al cargo tras la destituci\u00f3n de Pedro Castillo\" \/>\n\t\t<meta property=\"og:url\" content=\"https:\/\/candas365.es\/noticias\/el-71-por-ciento-de-los-peruanos-rechazan-la-gestion-de-boluarte\/\" \/>\n\t\t<meta property=\"og:image\" content=\"https:\/\/candas365.es\/noticias\/wp-content\/uploads\/2023\/01\/Peru.jpg\" \/>\n\t\t<meta property=\"og:image:secure_url\" content=\"https:\/\/candas365.es\/noticias\/wp-content\/uploads\/2023\/01\/Peru.jpg\" \/>\n\t\t<meta property=\"og:image:width\" content=\"640\" \/>\n\t\t<meta property=\"og:image:height\" content=\"427\" \/>\n\t\t<meta property=\"article:published_time\" content=\"2023-01-16T00:38:20+00:00\" \/>\n\t\t<meta property=\"article:modified_time\" content=\"2023-01-16T00:38:20+00:00\" \/>\n\t\t<meta property=\"article:publisher\" content=\"https:\/\/www.facebook.com\/Nachofdezber\" \/>\n\t\t<meta property=\"article:author\" content=\"https:\/\/www.facebook.com\/carrenoactualidad\" \/>\n\t\t<meta name=\"twitter:card\" content=\"summary_large_image\" \/>\n\t\t<meta name=\"twitter:site\" content=\"@NabercoDigital\" \/>\n\t\t<meta name=\"twitter:title\" content=\"El 71 por ciento de los peruanos rechazan la gesti\u00f3n de Boluarte | Cand\u00e1s 365\" \/>\n\t\t<meta name=\"twitter:description\" content=\"(EP) - El 71 por ciento de la poblaci\u00f3n peruana rechaza la gesti\u00f3n de la presidenta Dina Boluarte, quien accedi\u00f3 al cargo tras la destituci\u00f3n de Pedro Castillo\" \/>\n\t\t<meta name=\"twitter:creator\" content=\"@nbasturias\" \/>\n\t\t<meta name=\"twitter:image\" content=\"https:\/\/candas365.es\/noticias\/wp-content\/uploads\/2023\/01\/Peru.jpg\" \/>\n\t\t<meta name=\"twitter:label1\" content=\"Escrito por\" \/>\n\t\t<meta name=\"twitter:data1\" content=\"Cand\u00e1s 365\" \/>\n\t\t<meta name=\"twitter:label2\" content=\"Tiempo de lectura estimado\" \/>\n\t\t<meta name=\"twitter:data2\" content=\"2 minutos\" \/>\n\t\t<script type=\"application\/ld+json\" class=\"aioseo-schema\">\n\t\t\t{\"@context\":\"https:\\\/\\\/schema.org\",\"@graph\":[{\"@type\":\"BreadcrumbList\",\"@id\":\"https:\\\/\\\/candas365.es\\\/noticias\\\/el-71-por-ciento-de-los-peruanos-rechazan-la-gestion-de-boluarte\\\/#breadcrumblist\",\"itemListElement\":[{\"@type\":\"ListItem\",\"@id\":\"https:\\\/\\\/candas365.es\\\/noticias#listItem\",\"position\":1,\"name\":\"Home\",\"item\":\"https:\\\/\\\/candas365.es\\\/noticias\",\"nextItem\":{\"@type\":\"ListItem\",\"@id\":\"https:\\\/\\\/candas365.es\\\/noticias\\\/category\\\/internacional\\\/#listItem\",\"name\":\"Internacional\"}},{\"@type\":\"ListItem\",\"@id\":\"https:\\\/\\\/candas365.es\\\/noticias\\\/category\\\/internacional\\\/#listItem\",\"position\":2,\"name\":\"Internacional\",\"item\":\"https:\\\/\\\/candas365.es\\\/noticias\\\/category\\\/internacional\\\/\",\"nextItem\":{\"@type\":\"ListItem\",\"@id\":\"https:\\\/\\\/candas365.es\\\/noticias\\\/el-71-por-ciento-de-los-peruanos-rechazan-la-gestion-de-boluarte\\\/#listItem\",\"name\":\"El 71 por ciento de los peruanos rechazan la gesti\\u00f3n de Boluarte\"},\"previousItem\":{\"@type\":\"ListItem\",\"@id\":\"https:\\\/\\\/candas365.es\\\/noticias#listItem\",\"name\":\"Home\"}},{\"@type\":\"ListItem\",\"@id\":\"https:\\\/\\\/candas365.es\\\/noticias\\\/el-71-por-ciento-de-los-peruanos-rechazan-la-gestion-de-boluarte\\\/#listItem\",\"position\":3,\"name\":\"El 71 por ciento de los peruanos rechazan la gesti\\u00f3n de Boluarte\",\"previousItem\":{\"@type\":\"ListItem\",\"@id\":\"https:\\\/\\\/candas365.es\\\/noticias\\\/category\\\/internacional\\\/#listItem\",\"name\":\"Internacional\"}}]},{\"@type\":\"NewsArticle\",\"@id\":\"https:\\\/\\\/candas365.es\\\/noticias\\\/el-71-por-ciento-de-los-peruanos-rechazan-la-gestion-de-boluarte\\\/#newsarticle\",\"name\":\"El 71 por ciento de los peruanos rechazan la gesti\\u00f3n de Boluarte | Cand\\u00e1s 365\",\"headline\":\"El 71 por ciento de los peruanos rechazan la gesti\\u00f3n de Boluarte\",\"author\":{\"@id\":\"https:\\\/\\\/candas365.es\\\/noticias\\\/author\\\/admin\\\/#author\"},\"publisher\":{\"@id\":\"https:\\\/\\\/candas365.es\\\/noticias\\\/#organization\"},\"image\":{\"@type\":\"ImageObject\",\"url\":\"https:\\\/\\\/candas365.es\\\/noticias\\\/wp-content\\\/uploads\\\/2023\\\/01\\\/Peru.jpg\",\"width\":640,\"height\":427,\"caption\":\"Per\\u00fa\"},\"datePublished\":\"2023-01-16T01:38:20+01:00\",\"dateModified\":\"2023-01-16T01:38:20+01:00\",\"inLanguage\":\"es-ES\",\"mainEntityOfPage\":{\"@id\":\"https:\\\/\\\/candas365.es\\\/noticias\\\/el-71-por-ciento-de-los-peruanos-rechazan-la-gestion-de-boluarte\\\/#webpage\"},\"isPartOf\":{\"@id\":\"https:\\\/\\\/candas365.es\\\/noticias\\\/el-71-por-ciento-de-los-peruanos-rechazan-la-gestion-de-boluarte\\\/#webpage\"},\"articleSection\":\"Internacional, Per\\u00fa\",\"dateline\":\"Publicado el enero 16, 2023.\"},{\"@type\":\"Organization\",\"@id\":\"https:\\\/\\\/candas365.es\\\/noticias\\\/#organization\",\"name\":\"Cand\\u00e1s 365\",\"description\":\"Cand\\u00e1s 365 es un diario digital independiente, fundado en 2012, con base en Asturias. Informamos con rigor sobre actualidad, sociedad, cultura y ocio, con una mirada local y global.\",\"url\":\"https:\\\/\\\/candas365.es\\\/noticias\\\/\",\"email\":\"info@candas365.es\",\"telephone\":\"+34652131393\",\"foundingDate\":\"2012-06-10\",\"logo\":{\"@type\":\"ImageObject\",\"url\":\"https:\\\/\\\/candas365.es\\\/noticias\\\/wp-content\\\/uploads\\\/2024\\\/09\\\/Candas-365-Redes.jpg\",\"@id\":\"https:\\\/\\\/candas365.es\\\/noticias\\\/el-71-por-ciento-de-los-peruanos-rechazan-la-gestion-de-boluarte\\\/#organizationLogo\",\"width\":1152,\"height\":864,\"caption\":\"Cand\\u00e1s 365 Redes\"},\"image\":{\"@id\":\"https:\\\/\\\/candas365.es\\\/noticias\\\/el-71-por-ciento-de-los-peruanos-rechazan-la-gestion-de-boluarte\\\/#organizationLogo\"},\"sameAs\":[\"https:\\\/\\\/www.facebook.com\\\/Nachofdezber\",\"https:\\\/\\\/x.com\\\/NabercoDigital\",\"https:\\\/\\\/www.instagram.com\\\/nachofdezber\\\/\",\"https:\\\/\\\/www.youtube.com\\\/channel\\\/UCZP-2wLEB9Rv6erhFmqVnvg\"],\"address\":{\"@id\":\"https:\\\/\\\/candas365.es\\\/noticias\\\/#postaladdress\",\"@type\":\"PostalAddress\",\"streetAddress\":\"san antonio 4, san antonio 4\",\"postalCode\":\"33430\",\"addressLocality\":\"Cand\\u00e1s\",\"addressRegion\":\"Asturias\",\"addressCountry\":\"ES\"}},{\"@type\":\"Person\",\"@id\":\"https:\\\/\\\/candas365.es\\\/noticias\\\/author\\\/admin\\\/#author\",\"url\":\"https:\\\/\\\/candas365.es\\\/noticias\\\/author\\\/admin\\\/\",\"name\":\"Cand\\u00e1s 365\",\"image\":{\"@type\":\"ImageObject\",\"@id\":\"https:\\\/\\\/candas365.es\\\/noticias\\\/el-71-por-ciento-de-los-peruanos-rechazan-la-gestion-de-boluarte\\\/#authorImage\",\"url\":\"https:\\\/\\\/secure.gravatar.com\\\/avatar\\\/496a8e03d0c493ede1718b7934145dbdf8d89be1036b0eec9544e1094c9de390?s=96&d=mm&r=g\",\"width\":96,\"height\":96,\"caption\":\"Cand\\u00e1s 365\"},\"sameAs\":[\"https:\\\/\\\/www.facebook.com\\\/carrenoactualidad\",\"https:\\\/\\\/twitter.com\\\/nbasturias\",\"https:\\\/\\\/www.instagram.com\\\/nachofdezber\\\/\",\"https:\\\/\\\/www.youtube.com\\\/channel\\\/UCZP-2wLEB9Rv6erhFmqVnvg\"]},{\"@type\":\"WebPage\",\"@id\":\"https:\\\/\\\/candas365.es\\\/noticias\\\/el-71-por-ciento-de-los-peruanos-rechazan-la-gestion-de-boluarte\\\/#webpage\",\"url\":\"https:\\\/\\\/candas365.es\\\/noticias\\\/el-71-por-ciento-de-los-peruanos-rechazan-la-gestion-de-boluarte\\\/\",\"name\":\"El 71 por ciento de los peruanos rechazan la gesti\\u00f3n de Boluarte | Cand\\u00e1s 365\",\"description\":\"(EP) - El 71 por ciento de la poblaci\\u00f3n peruana rechaza la gesti\\u00f3n de la presidenta Dina Boluarte, quien accedi\\u00f3 al cargo tras la destituci\\u00f3n de Pedro Castillo\",\"inLanguage\":\"es-ES\",\"isPartOf\":{\"@id\":\"https:\\\/\\\/candas365.es\\\/noticias\\\/#website\"},\"breadcrumb\":{\"@id\":\"https:\\\/\\\/candas365.es\\\/noticias\\\/el-71-por-ciento-de-los-peruanos-rechazan-la-gestion-de-boluarte\\\/#breadcrumblist\"},\"author\":{\"@id\":\"https:\\\/\\\/candas365.es\\\/noticias\\\/author\\\/admin\\\/#author\"},\"creator\":{\"@id\":\"https:\\\/\\\/candas365.es\\\/noticias\\\/author\\\/admin\\\/#author\"},\"image\":{\"@type\":\"ImageObject\",\"url\":\"https:\\\/\\\/candas365.es\\\/noticias\\\/wp-content\\\/uploads\\\/2023\\\/01\\\/Peru.jpg\",\"@id\":\"https:\\\/\\\/candas365.es\\\/noticias\\\/el-71-por-ciento-de-los-peruanos-rechazan-la-gestion-de-boluarte\\\/#mainImage\",\"width\":640,\"height\":427,\"caption\":\"Per\\u00fa\"},\"primaryImageOfPage\":{\"@id\":\"https:\\\/\\\/candas365.es\\\/noticias\\\/el-71-por-ciento-de-los-peruanos-rechazan-la-gestion-de-boluarte\\\/#mainImage\"},\"datePublished\":\"2023-01-16T01:38:20+01:00\",\"dateModified\":\"2023-01-16T01:38:20+01:00\"},{\"@type\":\"WebSite\",\"@id\":\"https:\\\/\\\/candas365.es\\\/noticias\\\/#website\",\"url\":\"https:\\\/\\\/candas365.es\\\/noticias\\\/\",\"name\":\"Cand\\u00e1s 365\",\"alternateName\":\"Cand\\u00e1s 365 Noticias\",\"description\":\"Actualidad desde Carre\\u00f1o para el mundo\",\"inLanguage\":\"es-ES\",\"publisher\":{\"@id\":\"https:\\\/\\\/candas365.es\\\/noticias\\\/#organization\"}}]}\n\t\t<\/script>\n\t\t<!-- All in One SEO Pro -->\r\n\t\t<title>El 71 por ciento de los peruanos rechazan la gesti\u00f3n de Boluarte | Cand\u00e1s 365<\/title>\n\n","aioseo_head_json":{"title":"El 71 por ciento de los peruanos rechazan la gesti\u00f3n de Boluarte | Cand\u00e1s 365","description":"(EP) - El 71 por ciento de la poblaci\u00f3n peruana rechaza la gesti\u00f3n de la presidenta Dina Boluarte, quien accedi\u00f3 al cargo tras la destituci\u00f3n de Pedro Castillo","canonical_url":"https:\/\/candas365.es\/noticias\/el-71-por-ciento-de-los-peruanos-rechazan-la-gestion-de-boluarte\/","robots":"max-image-preview:large","keywords":"internacional","webmasterTools":{"google-site-verification":"UA-32230408-1","msvalidate.01":"354F3CDFB2DA171B47FBE9ABF1F88D5","miscellaneous":""},"schema":{"@context":"https:\/\/schema.org","@graph":[{"@type":"BreadcrumbList","@id":"https:\/\/candas365.es\/noticias\/el-71-por-ciento-de-los-peruanos-rechazan-la-gestion-de-boluarte\/#breadcrumblist","itemListElement":[{"@type":"ListItem","@id":"https:\/\/candas365.es\/noticias#listItem","position":1,"name":"Home","item":"https:\/\/candas365.es\/noticias","nextItem":{"@type":"ListItem","@id":"https:\/\/candas365.es\/noticias\/category\/internacional\/#listItem","name":"Internacional"}},{"@type":"ListItem","@id":"https:\/\/candas365.es\/noticias\/category\/internacional\/#listItem","position":2,"name":"Internacional","item":"https:\/\/candas365.es\/noticias\/category\/internacional\/","nextItem":{"@type":"ListItem","@id":"https:\/\/candas365.es\/noticias\/el-71-por-ciento-de-los-peruanos-rechazan-la-gestion-de-boluarte\/#listItem","name":"El 71 por ciento de los peruanos rechazan la gesti\u00f3n de Boluarte"},"previousItem":{"@type":"ListItem","@id":"https:\/\/candas365.es\/noticias#listItem","name":"Home"}},{"@type":"ListItem","@id":"https:\/\/candas365.es\/noticias\/el-71-por-ciento-de-los-peruanos-rechazan-la-gestion-de-boluarte\/#listItem","position":3,"name":"El 71 por ciento de los peruanos rechazan la gesti\u00f3n de Boluarte","previousItem":{"@type":"ListItem","@id":"https:\/\/candas365.es\/noticias\/category\/internacional\/#listItem","name":"Internacional"}}]},{"@type":"NewsArticle","@id":"https:\/\/candas365.es\/noticias\/el-71-por-ciento-de-los-peruanos-rechazan-la-gestion-de-boluarte\/#newsarticle","name":"El 71 por ciento de los peruanos rechazan la gesti\u00f3n de Boluarte | Cand\u00e1s 365","headline":"El 71 por ciento de los peruanos rechazan la gesti\u00f3n de Boluarte","author":{"@id":"https:\/\/candas365.es\/noticias\/author\/admin\/#author"},"publisher":{"@id":"https:\/\/candas365.es\/noticias\/#organization"},"image":{"@type":"ImageObject","url":"https:\/\/candas365.es\/noticias\/wp-content\/uploads\/2023\/01\/Peru.jpg","width":640,"height":427,"caption":"Per\u00fa"},"datePublished":"2023-01-16T01:38:20+01:00","dateModified":"2023-01-16T01:38:20+01:00","inLanguage":"es-ES","mainEntityOfPage":{"@id":"https:\/\/candas365.es\/noticias\/el-71-por-ciento-de-los-peruanos-rechazan-la-gestion-de-boluarte\/#webpage"},"isPartOf":{"@id":"https:\/\/candas365.es\/noticias\/el-71-por-ciento-de-los-peruanos-rechazan-la-gestion-de-boluarte\/#webpage"},"articleSection":"Internacional, Per\u00fa","dateline":"Publicado el enero 16, 2023."},{"@type":"Organization","@id":"https:\/\/candas365.es\/noticias\/#organization","name":"Cand\u00e1s 365","description":"Cand\u00e1s 365 es un diario digital independiente, fundado en 2012, con base en Asturias. Informamos con rigor sobre actualidad, sociedad, cultura y ocio, con una mirada local y global.","url":"https:\/\/candas365.es\/noticias\/","email":"info@candas365.es","telephone":"+34652131393","foundingDate":"2012-06-10","logo":{"@type":"ImageObject","url":"https:\/\/candas365.es\/noticias\/wp-content\/uploads\/2024\/09\/Candas-365-Redes.jpg","@id":"https:\/\/candas365.es\/noticias\/el-71-por-ciento-de-los-peruanos-rechazan-la-gestion-de-boluarte\/#organizationLogo","width":1152,"height":864,"caption":"Cand\u00e1s 365 Redes"},"image":{"@id":"https:\/\/candas365.es\/noticias\/el-71-por-ciento-de-los-peruanos-rechazan-la-gestion-de-boluarte\/#organizationLogo"},"sameAs":["https:\/\/www.facebook.com\/Nachofdezber","https:\/\/x.com\/NabercoDigital","https:\/\/www.instagram.com\/nachofdezber\/","https:\/\/www.youtube.com\/channel\/UCZP-2wLEB9Rv6erhFmqVnvg"],"address":{"@id":"https:\/\/candas365.es\/noticias\/#postaladdress","@type":"PostalAddress","streetAddress":"san antonio 4, san antonio 4","postalCode":"33430","addressLocality":"Cand\u00e1s","addressRegion":"Asturias","addressCountry":"ES"}},{"@type":"Person","@id":"https:\/\/candas365.es\/noticias\/author\/admin\/#author","url":"https:\/\/candas365.es\/noticias\/author\/admin\/","name":"Cand\u00e1s 365","image":{"@type":"ImageObject","@id":"https:\/\/candas365.es\/noticias\/el-71-por-ciento-de-los-peruanos-rechazan-la-gestion-de-boluarte\/#authorImage","url":"https:\/\/secure.gravatar.com\/avatar\/496a8e03d0c493ede1718b7934145dbdf8d89be1036b0eec9544e1094c9de390?s=96&d=mm&r=g","width":96,"height":96,"caption":"Cand\u00e1s 365"},"sameAs":["https:\/\/www.facebook.com\/carrenoactualidad","https:\/\/twitter.com\/nbasturias","https:\/\/www.instagram.com\/nachofdezber\/","https:\/\/www.youtube.com\/channel\/UCZP-2wLEB9Rv6erhFmqVnvg"]},{"@type":"WebPage","@id":"https:\/\/candas365.es\/noticias\/el-71-por-ciento-de-los-peruanos-rechazan-la-gestion-de-boluarte\/#webpage","url":"https:\/\/candas365.es\/noticias\/el-71-por-ciento-de-los-peruanos-rechazan-la-gestion-de-boluarte\/","name":"El 71 por ciento de los peruanos rechazan la gesti\u00f3n de Boluarte | Cand\u00e1s 365","description":"(EP) - El 71 por ciento de la poblaci\u00f3n peruana rechaza la gesti\u00f3n de la presidenta Dina Boluarte, quien accedi\u00f3 al cargo tras la destituci\u00f3n de Pedro Castillo","inLanguage":"es-ES","isPartOf":{"@id":"https:\/\/candas365.es\/noticias\/#website"},"breadcrumb":{"@id":"https:\/\/candas365.es\/noticias\/el-71-por-ciento-de-los-peruanos-rechazan-la-gestion-de-boluarte\/#breadcrumblist"},"author":{"@id":"https:\/\/candas365.es\/noticias\/author\/admin\/#author"},"creator":{"@id":"https:\/\/candas365.es\/noticias\/author\/admin\/#author"},"image":{"@type":"ImageObject","url":"https:\/\/candas365.es\/noticias\/wp-content\/uploads\/2023\/01\/Peru.jpg","@id":"https:\/\/candas365.es\/noticias\/el-71-por-ciento-de-los-peruanos-rechazan-la-gestion-de-boluarte\/#mainImage","width":640,"height":427,"caption":"Per\u00fa"},"primaryImageOfPage":{"@id":"https:\/\/candas365.es\/noticias\/el-71-por-ciento-de-los-peruanos-rechazan-la-gestion-de-boluarte\/#mainImage"},"datePublished":"2023-01-16T01:38:20+01:00","dateModified":"2023-01-16T01:38:20+01:00"},{"@type":"WebSite","@id":"https:\/\/candas365.es\/noticias\/#website","url":"https:\/\/candas365.es\/noticias\/","name":"Cand\u00e1s 365","alternateName":"Cand\u00e1s 365 Noticias","description":"Actualidad desde Carre\u00f1o para el mundo","inLanguage":"es-ES","publisher":{"@id":"https:\/\/candas365.es\/noticias\/#organization"}}]},"og:locale":"es_ES","og:site_name":"Cand\u00e1s 365","og:type":"article","og:title":"El 71 por ciento de los peruanos rechazan la gesti\u00f3n de Boluarte | Cand\u00e1s 365","og:description":"(EP) - El 71 por ciento de la poblaci\u00f3n peruana rechaza la gesti\u00f3n de la presidenta Dina Boluarte, quien accedi\u00f3 al cargo tras la destituci\u00f3n de Pedro Castillo","og:url":"https:\/\/candas365.es\/noticias\/el-71-por-ciento-de-los-peruanos-rechazan-la-gestion-de-boluarte\/","og:image":"https:\/\/candas365.es\/noticias\/wp-content\/uploads\/2023\/01\/Peru.jpg","og:image:secure_url":"https:\/\/candas365.es\/noticias\/wp-content\/uploads\/2023\/01\/Peru.jpg","og:image:width":640,"og:image:height":427,"article:published_time":"2023-01-16T00:38:20+00:00","article:modified_time":"2023-01-16T00:38:20+00:00","article:publisher":"https:\/\/www.facebook.com\/Nachofdezber","article:author":"https:\/\/www.facebook.com\/carrenoactualidad","twitter:card":"summary_large_image","twitter:site":"@NabercoDigital","twitter:title":"El 71 por ciento de los peruanos rechazan la gesti\u00f3n de Boluarte | Cand\u00e1s 365","twitter:description":"(EP) - El 71 por ciento de la poblaci\u00f3n peruana rechaza la gesti\u00f3n de la presidenta Dina Boluarte, quien accedi\u00f3 al cargo tras la destituci\u00f3n de Pedro Castillo","twitter:creator":"@nbasturias","twitter:image":"https:\/\/candas365.es\/noticias\/wp-content\/uploads\/2023\/01\/Peru.jpg","twitter:label1":"Escrito por","twitter:data1":"Cand\u00e1s 365","twitter:label2":"Tiempo de lectura estimado","twitter:data2":"2 minutos"},"aioseo_meta_data":{"post_id":"170995","title":null,"description":"(EP) - El 71 por ciento de la poblaci\u00f3n peruana rechaza la gesti\u00f3n de la presidenta Dina Boluarte, quien accedi\u00f3 al cargo tras la destituci\u00f3n de Pedro Castillo","keywords":[],"keyphrases":{"focus":{"keyphrase":" Boluarte","score":80,"analysis":{"keyphraseInTitle":{"score":9,"maxScore":9,"error":0},"keyphraseInDescription":{"score":9,"maxScore":9,"error":0},"keyphraseLength":{"score":9,"maxScore":9,"error":0,"length":1},"keyphraseInURL":{"score":1,"maxScore":5,"error":1},"keyphraseInIntroduction":{"score":9,"maxScore":9,"error":0},"keyphraseInSubHeadings":[],"keyphraseInImageAlt":{"score":3,"maxScore":9,"error":1}}},"additional":[{"keyphrase":"Per\u00fa","score":67,"analysis":{"keyphraseInDescription":{"score":3,"maxScore":9,"error":1},"keyphraseLength":{"score":9,"maxScore":9,"error":0,"length":1},"keyphraseInIntroduction":{"score":3,"maxScore":9,"error":1},"keyphraseInImageAlt":{"score":9,"maxScore":9,"error":0}}},{"keyphrase":"poblaci\u00f3n peruana ","score":83,"analysis":{"keyphraseInDescription":{"score":9,"maxScore":9,"error":0},"keyphraseLength":{"score":9,"maxScore":9,"error":0,"length":2},"keyphraseInIntroduction":{"score":9,"maxScore":9,"error":0},"keyphraseInImageAlt":{"score":3,"maxScore":9,"error":1}}}]},"primary_term":null,"canonical_url":null,"og_title":null,"og_description":null,"og_object_type":"default","og_image_type":"default","og_image_url":null,"og_image_width":null,"og_image_height":null,"og_image_custom_url":null,"og_image_custom_fields":null,"og_video":"","og_custom_url":null,"og_article_section":null,"og_article_tags":[],"twitter_use_og":false,"twitter_card":"default","twitter_image_type":"default","twitter_image_url":null,"twitter_image_custom_url":null,"twitter_image_custom_fields":null,"twitter_title":null,"twitter_description":null,"schema":{"blockGraphs":[],"customGraphs":[],"default":{"data":{"Article":[],"Course":[],"Dataset":[],"FAQPage":[],"Movie":[],"Person":[],"Product":[],"ProductReview":[],"Car":[],"Recipe":[],"Service":[],"SoftwareApplication":[],"WebPage":[]},"graphName":"Article","isEnabled":true},"graphs":[]},"schema_type":"default","schema_type_options":null,"pillar_content":false,"robots_default":true,"robots_noindex":false,"robots_noarchive":false,"robots_nosnippet":false,"robots_nofollow":false,"robots_noimageindex":false,"robots_noodp":false,"robots_notranslate":false,"robots_max_snippet":"-1","robots_max_videopreview":"-1","robots_max_imagepreview":"large","priority":null,"frequency":"default","location":null,"local_seo":null,"seo_analyzer_scan_date":"2025-09-01 18:05:13","breadcrumb_settings":null,"limit_modified_date":false,"reviewed_by":null,"open_ai":null,"ai":null,"created":"2023-01-16 00:34:06","updated":"2025-09-01 18:05:13"},"aioseo_breadcrumb":"<div class=\"aioseo-breadcrumbs\"><span class=\"aioseo-breadcrumb\">\n\t<a href=\"https:\/\/candas365.es\/noticias\" title=\"Home\">Home<\/a>\n<\/span><span class=\"aioseo-breadcrumb-separator\">&ndash;<\/span><span class=\"aioseo-breadcrumb\">\n\t<a href=\"https:\/\/candas365.es\/noticias\/category\/internacional\/\" title=\"Internacional\">Internacional<\/a>\n<\/span><span class=\"aioseo-breadcrumb-separator\">&ndash;<\/span><span class=\"aioseo-breadcrumb\">\n\tEl 71 por ciento de los peruanos rechazan la gesti\u00f3n de Boluarte\n<\/span><\/div>","aioseo_breadcrumb_json":[{"label":"Home","link":"https:\/\/candas365.es\/noticias"},{"label":"Internacional","link":"https:\/\/candas365.es\/noticias\/category\/internacional\/"},{"label":"El 71 por ciento de los peruanos rechazan la gesti\u00f3n de Boluarte","link":"https:\/\/candas365.es\/noticias\/el-71-por-ciento-de-los-peruanos-rechazan-la-gestion-de-boluarte\/"}],"_links":{"self":[{"href":"https:\/\/candas365.es\/noticias\/wp-json\/wp\/v2\/posts\/170995","targetHints":{"allow":["GET"]}}],"collection":[{"href":"https:\/\/candas365.es\/noticias\/wp-json\/wp\/v2\/posts"}],"about":[{"href":"https:\/\/candas365.es\/noticias\/wp-json\/wp\/v2\/types\/post"}],"author":[{"embeddable":true,"href":"https:\/\/candas365.es\/noticias\/wp-json\/wp\/v2\/users\/1"}],"replies":[{"embeddable":true,"href":"https:\/\/candas365.es\/noticias\/wp-json\/wp\/v2\/comments?post=170995"}],"version-history":[{"count":0,"href":"https:\/\/candas365.es\/noticias\/wp-json\/wp\/v2\/posts\/170995\/revisions"}],"wp:featuredmedia":[{"embeddable":true,"href":"https:\/\/candas365.es\/noticias\/wp-json\/wp\/v2\/media\/170996"}],"wp:attachment":[{"href":"https:\/\/candas365.es\/noticias\/wp-json\/wp\/v2\/media?parent=170995"}],"wp:term":[{"taxonomy":"category","embeddable":true,"href":"https:\/\/candas365.es\/noticias\/wp-json\/wp\/v2\/categories?post=170995"},{"taxonomy":"post_tag","embeddable":true,"href":"https:\/\/candas365.es\/noticias\/wp-json\/wp\/v2\/tags?post=170995"}],"curies":[{"name":"wp","href":"https:\/\/api.w.org\/{rel}","templated":true}]}}