{"id":170955,"date":"2023-01-14T22:06:36","date_gmt":"2023-01-14T21:06:36","guid":{"rendered":"https:\/\/candas365.es\/noticias\/?p=170955"},"modified":"2023-01-14T22:06:36","modified_gmt":"2023-01-14T21:06:36","slug":"asturias-se-refuerza-para-las-primeras-nevadas-de-2023","status":"publish","type":"post","link":"https:\/\/candas365.es\/noticias\/asturias-se-refuerza-para-las-primeras-nevadas-de-2023\/","title":{"rendered":"Asturias se \u00abrefuerza\u00bb para las primeras nevadas de 2023"},"content":{"rendered":"<p>El Gobierno del <a href=\"https:\/\/candas365.es\/noticias\/category\/noticias-carreno\/\"><span style=\"color: #ff6600;\"><strong>Principado de Asturias<\/strong><\/span><\/a> ha incrementado de cara a este invierno los medios t\u00e9cnicos y humanos que integran el plan de vialidad invernal, ha asignado a estas labores a m\u00e1s de 100 trabajadores de las Brigadas de Conservaci\u00f3n y Mantenimiento y un total de 47 veh\u00edculos. Este importante refuerzo permitir\u00e1 disponer de m\u00e1s recursos para hacer frente a las nevadas que las <a href=\"https:\/\/www.aemet.es\/es\/eltiempo\/prediccion\/espana\"><span style=\"color: #ff6600;\"><strong>previsiones meteorol\u00f3gica<\/strong><\/span><\/a>s pronostican para los pr\u00f3ximos d\u00edas en Asturias.<\/p>\n<p><img fetchpriority=\"high\" decoding=\"async\" class=\"aligncenter wp-image-170956 size-full\" src=\"https:\/\/candas365.es\/noticias\/wp-content\/uploads\/2023\/01\/Asturias-nevadas.jpg\" alt=\"Asturias nevadas\" width=\"640\" height=\"480\" srcset=\"https:\/\/candas365.es\/noticias\/wp-content\/uploads\/2023\/01\/Asturias-nevadas.jpg 640w, https:\/\/candas365.es\/noticias\/wp-content\/uploads\/2023\/01\/Asturias-nevadas-360x270.jpg 360w, https:\/\/candas365.es\/noticias\/wp-content\/uploads\/2023\/01\/Asturias-nevadas-150x113.jpg 150w, https:\/\/candas365.es\/noticias\/wp-content\/uploads\/2023\/01\/Asturias-nevadas-450x338.jpg 450w\" sizes=\"(max-width: 640px) 100vw, 640px\" \/><\/p>\n<p>Este invierno, el Principado ha aumentado el parque m\u00f3vil que cuenta, en total, con 34 m\u00e1quinas quitanieves, 7 m\u00e1quinas fresadoras, un veh\u00edculo todoterreno equipado con cu\u00f1a, un cami\u00f3n-gr\u00faa, dos furgones y una furgoneta. El plan de vialidad invernal, que est\u00e1 dimensionado para cubrir las necesidades de toda la red viaria auton\u00f3mica, prestar\u00e1 especial atenci\u00f3n a la situaci\u00f3n que presenten 40 puertos de monta\u00f1a y a aquellas v\u00edas que tienen un mayor riesgo y sufren m\u00e1s emergencias meteorol\u00f3gicas relacionadas con ventiscas, olas de fr\u00edo, heladas, nevadas y aludes.<\/p>\n<p>Con el objetivo de reforzar todo el servicio de Conservaci\u00f3n y Mantenimiento de carreteras, la Consejer\u00eda de Medio Rural y Cohesi\u00f3n Territorial ha incrementado en 500.000 euros la partida destinada a las retribuciones del personal de las brigadas, que supera en el presupuesto de 2023 los 5,5 millones. Este aumento, cercano al 10%, permitir\u00e1 incorporar 18 nuevos operarios a la plantilla, que mejorar\u00e1n el dispositivo del plan de vialidad invernal.<\/p>\n<p>El conjunto de actuaciones previstas, que se integran dentro del plan de Protecci\u00f3n Civil ante el riesgo de nevadas, se centran en prevenir, evitar y minimizar los efectos que los fen\u00f3menos meteorol\u00f3gicos <strong>(nieve, hielo, granizo, lluvia, niebla y viento) ocasionan en las carreteras durante la temporada invernal.<\/strong><\/p>\n<h2>Nueve zonas<\/h2>\n<p>Los recursos humanos y materiales est\u00e1n repartidos en nueve zonas de actuaci\u00f3n distribuidas por criterios geogr\u00e1ficos y est\u00e1n especialmente preparados para intervenir en las carreteras que sufren con mayor frecuencia fen\u00f3menos meteorol\u00f3gicos adversos. La red auton\u00f3mica suma 374 kil\u00f3metros de viales ubicados a altitudes superiores a los 800 metros, de los cuales 175 se sit\u00faan por encima de los mil. Una de ellas es el puerto de Valdeprado, en Zarr\u00e9u, que este a\u00f1o formar\u00e1 parte por primera vez del dispositivo, una vez que esta carretera que une Asturias con Le\u00f3n ha pasado a formar parte de la red auton\u00f3mica.<\/p>\n<p>El nuevo plan prev\u00e9 facilitar las actuaciones de emergencia cuando los temporales tengan especial incidencia en v\u00edas situadas por debajo de los 800 metros. Tambi\u00e9n clasifica los escenarios meteorol\u00f3gicos en tres tipos: temporales de nieve o de hielo sin peligro de aludes o con bajo riesgo, riesgo de aludes tras temporal de nieve y ventiscas, a los que asigna un conjunto de actuaciones singulares.<\/p>\n<p>Al igual que el a\u00f1o pasado, el personal responsable de la conservaci\u00f3n y el mantenimiento invernal ir\u00e1 provisto de un sistema de rescate de v\u00edctimas de avalancha que se mantendr\u00e1 operativo durante toda la jornada laboral.<\/p>\n<p>El plan de vialidad invernal tambi\u00e9n mantendr\u00e1 el protocolo de actuaci\u00f3n ante situaciones de riesgo y\/o emergencias meteorol\u00f3gicas como ventiscas, olas de fr\u00edo, heladas, nevadas y aludes. Estar\u00e1 listo en toda la red y prestar\u00e1 especial atenci\u00f3n a cinco carreteras: el acceso a Sotres (AS-264) y los puertos de Tarna (AS-117), San Isidro (AS-112), Ventana (AS-227) y Somiedo (AS-228).<\/p>\n<h2>Apoyo de especialistas<\/h2>\n<p>Para evaluar el riesgo de aludes se contar\u00e1 con el apoyo de t\u00e9cnicos especialistas en observaci\u00f3n nivometeorol\u00f3gica y de aludes (niv\u00f3logos) que se coordinar\u00e1n con el personal de la Consejer\u00eda de Medio Rural y Cohesi\u00f3n Territorial. <strong>El funcionamiento se basar\u00e1 en el seguimiento de<\/strong> <strong>las alertas que genera la Agencia Estatal de Meteorolog\u00eda (Aemet), que los niv\u00f3logos verificar\u00e1n y ampliar\u00e1n sobre el terreno.<\/strong><\/p>\n<p>Este protocolo incluye cuatro escenarios diferentes: riesgo bajo (nivel 1), previsi\u00f3n de riesgo en aumento (nivel 2), riesgo alto (nivel 3) y riesgo muy alto (niveles 4 y 5). Cuando se fijen niveles de riesgo superiores al 3, la Direcci\u00f3n General de Infraestructuras Viarias y Portuarias proceder\u00e1 a dar aviso al 112 y se propondr\u00e1 el cierre de la carretera a la Central Operativa de Tr\u00e1fico (COTA), que ser\u00e1 el \u00f3rgano que tome la decisi\u00f3n.<\/p>\n<p>Una vez evaluado el riesgo por la COTA, el Principado se\u00f1alizar\u00e1 el tramo de carretera como abierto, abierto con precauci\u00f3n, abierto con cadenas o cerrado. En caso de cierre, se tomar\u00e1n las medidas oportunas con el objetivo de restablecer el tr\u00e1fico lo antes posible en condiciones de seguridad para usuarios y trabajadores.<\/p>\n<p>Toda la informaci\u00f3n actualizada sobre el estado de las carreteras de la red auton\u00f3mica puede consultarse <a href=\"https:\/\/ddei5-0-ctp.trendmicro.com:443\/wis\/clicktime\/v1\/query?url=https%3a%2f%2fcutt.ly%2fD2K898e&amp;umid=16F5468C-F235-8805-89AA-7039C5EF7075&amp;auth=4ceff9107ab9c25786f1a828bbcb8ff8204474b0-aa44808bc5508c747b9e48bbb0c45e4a072b5728\" target=\"_blank\" rel=\"noopener\"><span style=\"color: #ff6600;\"><strong>pulsando aqu\u00ed.<\/strong><\/span><\/a><\/p>\n","protected":false},"excerpt":{"rendered":"<p>El Gobierno del Principado de Asturias ha incrementado de cara a este invierno los medios t\u00e9cnicos y humanos que integran el plan de vialidad invernal, ha asignado a estas labores a m\u00e1s de 100 trabajadores de las Brigadas de Conservaci\u00f3n y Mantenimiento y un total de 47 veh\u00edculos. Este importante refuerzo permitir\u00e1 disponer de m\u00e1s<\/p>\n","protected":false},"author":1,"featured_media":170956,"comment_status":"closed","ping_status":"closed","sticky":false,"template":"","format":"standard","meta":{"footnotes":""},"categories":[7,316],"tags":[380,429],"class_list":{"0":"post-170955","1":"post","2":"type-post","3":"status-publish","4":"format-standard","5":"has-post-thumbnail","7":"category-asturias","8":"category-destacadas","9":"tag-asturias","10":"tag-el-tiempo"},"aioseo_notices":[],"aioseo_head":"\n\t\t<!-- All in One SEO Pro 4.9.6.2 - aioseo.com -->\n\t<meta name=\"description\" content=\"El Gobierno del Principado de Asturias ha incrementado de cara a este invierno los medios t\u00e9cnicos y humanos que integran el plan de vialidad invernal\" \/>\n\t<meta name=\"robots\" content=\"max-image-preview:large\" \/>\n\t<meta name=\"author\" content=\"Cand\u00e1s 365\"\/>\n\t<meta name=\"google-site-verification\" content=\"UA-32230408-1\" \/>\n\t<meta name=\"msvalidate.01\" content=\"354F3CDFB2DA171B47FBE9ABF1F88D5\" \/>\n\t<meta name=\"keywords\" content=\"asturias,destacadas\" \/>\n\t<link rel=\"canonical\" href=\"https:\/\/candas365.es\/noticias\/asturias-se-refuerza-para-las-primeras-nevadas-de-2023\/\" \/>\n\t<meta name=\"generator\" content=\"All in One SEO Pro (AIOSEO) 4.9.6.2\" \/>\n\t\t<meta property=\"og:locale\" content=\"es_ES\" \/>\n\t\t<meta property=\"og:site_name\" content=\"Cand\u00e1s 365\" \/>\n\t\t<meta property=\"og:type\" content=\"article\" \/>\n\t\t<meta property=\"og:title\" content=\"Asturias se \u00abrefuerza\u00bb para las primeras nevadas de 2023 | Cand\u00e1s 365\" \/>\n\t\t<meta property=\"og:description\" content=\"El Gobierno del Principado de Asturias ha incrementado de cara a este invierno los medios t\u00e9cnicos y humanos que integran el plan de vialidad invernal\" \/>\n\t\t<meta property=\"og:url\" content=\"https:\/\/candas365.es\/noticias\/asturias-se-refuerza-para-las-primeras-nevadas-de-2023\/\" \/>\n\t\t<meta property=\"og:image\" content=\"https:\/\/candas365.es\/noticias\/wp-content\/uploads\/2023\/01\/Asturias-nevadas.jpg\" \/>\n\t\t<meta property=\"og:image:secure_url\" content=\"https:\/\/candas365.es\/noticias\/wp-content\/uploads\/2023\/01\/Asturias-nevadas.jpg\" \/>\n\t\t<meta property=\"og:image:width\" content=\"640\" \/>\n\t\t<meta property=\"og:image:height\" content=\"480\" \/>\n\t\t<meta property=\"article:published_time\" content=\"2023-01-14T21:06:36+00:00\" \/>\n\t\t<meta property=\"article:modified_time\" content=\"2023-01-14T21:06:36+00:00\" \/>\n\t\t<meta property=\"article:publisher\" content=\"https:\/\/www.facebook.com\/Nachofdezber\" \/>\n\t\t<meta property=\"article:author\" content=\"https:\/\/www.facebook.com\/carrenoactualidad\" \/>\n\t\t<meta name=\"twitter:card\" content=\"summary_large_image\" \/>\n\t\t<meta name=\"twitter:site\" content=\"@NabercoDigital\" \/>\n\t\t<meta name=\"twitter:title\" content=\"Asturias se \u00abrefuerza\u00bb para las primeras nevadas de 2023 | Cand\u00e1s 365\" \/>\n\t\t<meta name=\"twitter:description\" content=\"El Gobierno del Principado de Asturias ha incrementado de cara a este invierno los medios t\u00e9cnicos y humanos que integran el plan de vialidad invernal\" \/>\n\t\t<meta name=\"twitter:creator\" content=\"@nbasturias\" \/>\n\t\t<meta name=\"twitter:image\" content=\"https:\/\/candas365.es\/noticias\/wp-content\/uploads\/2023\/01\/Asturias-nevadas.jpg\" \/>\n\t\t<meta name=\"twitter:label1\" content=\"Escrito por\" \/>\n\t\t<meta name=\"twitter:data1\" content=\"Cand\u00e1s 365\" \/>\n\t\t<meta name=\"twitter:label2\" content=\"Tiempo de lectura estimado\" \/>\n\t\t<meta name=\"twitter:data2\" content=\"4 minutos\" \/>\n\t\t<script type=\"application\/ld+json\" class=\"aioseo-schema\">\n\t\t\t{\"@context\":\"https:\\\/\\\/schema.org\",\"@graph\":[{\"@type\":\"BreadcrumbList\",\"@id\":\"https:\\\/\\\/candas365.es\\\/noticias\\\/asturias-se-refuerza-para-las-primeras-nevadas-de-2023\\\/#breadcrumblist\",\"itemListElement\":[{\"@type\":\"ListItem\",\"@id\":\"https:\\\/\\\/candas365.es\\\/noticias#listItem\",\"position\":1,\"name\":\"Home\",\"item\":\"https:\\\/\\\/candas365.es\\\/noticias\",\"nextItem\":{\"@type\":\"ListItem\",\"@id\":\"https:\\\/\\\/candas365.es\\\/noticias\\\/category\\\/asturias\\\/#listItem\",\"name\":\"Asturias\"}},{\"@type\":\"ListItem\",\"@id\":\"https:\\\/\\\/candas365.es\\\/noticias\\\/category\\\/asturias\\\/#listItem\",\"position\":2,\"name\":\"Asturias\",\"item\":\"https:\\\/\\\/candas365.es\\\/noticias\\\/category\\\/asturias\\\/\",\"nextItem\":{\"@type\":\"ListItem\",\"@id\":\"https:\\\/\\\/candas365.es\\\/noticias\\\/asturias-se-refuerza-para-las-primeras-nevadas-de-2023\\\/#listItem\",\"name\":\"Asturias se \\u00abrefuerza\\u00bb para las primeras nevadas de 2023\"},\"previousItem\":{\"@type\":\"ListItem\",\"@id\":\"https:\\\/\\\/candas365.es\\\/noticias#listItem\",\"name\":\"Home\"}},{\"@type\":\"ListItem\",\"@id\":\"https:\\\/\\\/candas365.es\\\/noticias\\\/asturias-se-refuerza-para-las-primeras-nevadas-de-2023\\\/#listItem\",\"position\":3,\"name\":\"Asturias se \\u00abrefuerza\\u00bb para las primeras nevadas de 2023\",\"previousItem\":{\"@type\":\"ListItem\",\"@id\":\"https:\\\/\\\/candas365.es\\\/noticias\\\/category\\\/asturias\\\/#listItem\",\"name\":\"Asturias\"}}]},{\"@type\":\"NewsArticle\",\"@id\":\"https:\\\/\\\/candas365.es\\\/noticias\\\/asturias-se-refuerza-para-las-primeras-nevadas-de-2023\\\/#newsarticle\",\"name\":\"Asturias se \\u00abrefuerza\\u00bb para las primeras nevadas de 2023 | Cand\\u00e1s 365\",\"headline\":\"Asturias se \\u00abrefuerza\\u00bb para las primeras nevadas de 2023\",\"author\":{\"@id\":\"https:\\\/\\\/candas365.es\\\/noticias\\\/author\\\/admin\\\/#author\"},\"publisher\":{\"@id\":\"https:\\\/\\\/candas365.es\\\/noticias\\\/#organization\"},\"image\":{\"@type\":\"ImageObject\",\"url\":\"https:\\\/\\\/candas365.es\\\/noticias\\\/wp-content\\\/uploads\\\/2023\\\/01\\\/Asturias-nevadas.jpg\",\"width\":640,\"height\":480,\"caption\":\"Asturias nevadas\"},\"datePublished\":\"2023-01-14T22:06:36+01:00\",\"dateModified\":\"2023-01-14T22:06:36+01:00\",\"inLanguage\":\"es-ES\",\"mainEntityOfPage\":{\"@id\":\"https:\\\/\\\/candas365.es\\\/noticias\\\/asturias-se-refuerza-para-las-primeras-nevadas-de-2023\\\/#webpage\"},\"isPartOf\":{\"@id\":\"https:\\\/\\\/candas365.es\\\/noticias\\\/asturias-se-refuerza-para-las-primeras-nevadas-de-2023\\\/#webpage\"},\"articleSection\":\"Asturias, Destacadas, Asturias, El tiempo\",\"dateline\":\"Publicado el enero 14, 2023.\"},{\"@type\":\"Organization\",\"@id\":\"https:\\\/\\\/candas365.es\\\/noticias\\\/#organization\",\"name\":\"Cand\\u00e1s 365\",\"description\":\"Cand\\u00e1s 365 es un diario digital independiente, fundado en 2012, con base en Asturias. Informamos con rigor sobre actualidad, sociedad, cultura y ocio, con una mirada local y global.\",\"url\":\"https:\\\/\\\/candas365.es\\\/noticias\\\/\",\"email\":\"info@candas365.es\",\"telephone\":\"+34652131393\",\"foundingDate\":\"2012-06-10\",\"logo\":{\"@type\":\"ImageObject\",\"url\":\"https:\\\/\\\/candas365.es\\\/noticias\\\/wp-content\\\/uploads\\\/2024\\\/09\\\/Candas-365-Redes.jpg\",\"@id\":\"https:\\\/\\\/candas365.es\\\/noticias\\\/asturias-se-refuerza-para-las-primeras-nevadas-de-2023\\\/#organizationLogo\",\"width\":1152,\"height\":864,\"caption\":\"Cand\\u00e1s 365 Redes\"},\"image\":{\"@id\":\"https:\\\/\\\/candas365.es\\\/noticias\\\/asturias-se-refuerza-para-las-primeras-nevadas-de-2023\\\/#organizationLogo\"},\"sameAs\":[\"https:\\\/\\\/www.facebook.com\\\/Nachofdezber\",\"https:\\\/\\\/x.com\\\/NabercoDigital\",\"https:\\\/\\\/www.instagram.com\\\/nachofdezber\\\/\",\"https:\\\/\\\/www.youtube.com\\\/channel\\\/UCZP-2wLEB9Rv6erhFmqVnvg\"],\"address\":{\"@id\":\"https:\\\/\\\/candas365.es\\\/noticias\\\/#postaladdress\",\"@type\":\"PostalAddress\",\"streetAddress\":\"san antonio 4, san antonio 4\",\"postalCode\":\"33430\",\"addressLocality\":\"Cand\\u00e1s\",\"addressRegion\":\"Asturias\",\"addressCountry\":\"ES\"}},{\"@type\":\"Person\",\"@id\":\"https:\\\/\\\/candas365.es\\\/noticias\\\/author\\\/admin\\\/#author\",\"url\":\"https:\\\/\\\/candas365.es\\\/noticias\\\/author\\\/admin\\\/\",\"name\":\"Cand\\u00e1s 365\",\"image\":{\"@type\":\"ImageObject\",\"@id\":\"https:\\\/\\\/candas365.es\\\/noticias\\\/asturias-se-refuerza-para-las-primeras-nevadas-de-2023\\\/#authorImage\",\"url\":\"https:\\\/\\\/secure.gravatar.com\\\/avatar\\\/496a8e03d0c493ede1718b7934145dbdf8d89be1036b0eec9544e1094c9de390?s=96&d=mm&r=g\",\"width\":96,\"height\":96,\"caption\":\"Cand\\u00e1s 365\"},\"sameAs\":[\"https:\\\/\\\/www.facebook.com\\\/carrenoactualidad\",\"https:\\\/\\\/twitter.com\\\/nbasturias\",\"https:\\\/\\\/www.instagram.com\\\/nachofdezber\\\/\",\"https:\\\/\\\/www.youtube.com\\\/channel\\\/UCZP-2wLEB9Rv6erhFmqVnvg\"]},{\"@type\":\"WebPage\",\"@id\":\"https:\\\/\\\/candas365.es\\\/noticias\\\/asturias-se-refuerza-para-las-primeras-nevadas-de-2023\\\/#webpage\",\"url\":\"https:\\\/\\\/candas365.es\\\/noticias\\\/asturias-se-refuerza-para-las-primeras-nevadas-de-2023\\\/\",\"name\":\"Asturias se \\u00abrefuerza\\u00bb para las primeras nevadas de 2023 | Cand\\u00e1s 365\",\"description\":\"El Gobierno del Principado de Asturias ha incrementado de cara a este invierno los medios t\\u00e9cnicos y humanos que integran el plan de vialidad invernal\",\"inLanguage\":\"es-ES\",\"isPartOf\":{\"@id\":\"https:\\\/\\\/candas365.es\\\/noticias\\\/#website\"},\"breadcrumb\":{\"@id\":\"https:\\\/\\\/candas365.es\\\/noticias\\\/asturias-se-refuerza-para-las-primeras-nevadas-de-2023\\\/#breadcrumblist\"},\"author\":{\"@id\":\"https:\\\/\\\/candas365.es\\\/noticias\\\/author\\\/admin\\\/#author\"},\"creator\":{\"@id\":\"https:\\\/\\\/candas365.es\\\/noticias\\\/author\\\/admin\\\/#author\"},\"image\":{\"@type\":\"ImageObject\",\"url\":\"https:\\\/\\\/candas365.es\\\/noticias\\\/wp-content\\\/uploads\\\/2023\\\/01\\\/Asturias-nevadas.jpg\",\"@id\":\"https:\\\/\\\/candas365.es\\\/noticias\\\/asturias-se-refuerza-para-las-primeras-nevadas-de-2023\\\/#mainImage\",\"width\":640,\"height\":480,\"caption\":\"Asturias nevadas\"},\"primaryImageOfPage\":{\"@id\":\"https:\\\/\\\/candas365.es\\\/noticias\\\/asturias-se-refuerza-para-las-primeras-nevadas-de-2023\\\/#mainImage\"},\"datePublished\":\"2023-01-14T22:06:36+01:00\",\"dateModified\":\"2023-01-14T22:06:36+01:00\"},{\"@type\":\"WebSite\",\"@id\":\"https:\\\/\\\/candas365.es\\\/noticias\\\/#website\",\"url\":\"https:\\\/\\\/candas365.es\\\/noticias\\\/\",\"name\":\"Cand\\u00e1s 365\",\"alternateName\":\"Cand\\u00e1s 365 Noticias\",\"description\":\"Actualidad desde Carre\\u00f1o para el mundo\",\"inLanguage\":\"es-ES\",\"publisher\":{\"@id\":\"https:\\\/\\\/candas365.es\\\/noticias\\\/#organization\"}}]}\n\t\t<\/script>\n\t\t<!-- All in One SEO Pro -->\r\n\t\t<title>Asturias se \u00abrefuerza\u00bb para las primeras nevadas de 2023 | Cand\u00e1s 365<\/title>\n\n","aioseo_head_json":{"title":"Asturias se \u00abrefuerza\u00bb para las primeras nevadas de 2023 | Cand\u00e1s 365","description":"El Gobierno del Principado de Asturias ha incrementado de cara a este invierno los medios t\u00e9cnicos y humanos que integran el plan de vialidad invernal","canonical_url":"https:\/\/candas365.es\/noticias\/asturias-se-refuerza-para-las-primeras-nevadas-de-2023\/","robots":"max-image-preview:large","keywords":"asturias,destacadas","webmasterTools":{"google-site-verification":"UA-32230408-1","msvalidate.01":"354F3CDFB2DA171B47FBE9ABF1F88D5","miscellaneous":""},"schema":{"@context":"https:\/\/schema.org","@graph":[{"@type":"BreadcrumbList","@id":"https:\/\/candas365.es\/noticias\/asturias-se-refuerza-para-las-primeras-nevadas-de-2023\/#breadcrumblist","itemListElement":[{"@type":"ListItem","@id":"https:\/\/candas365.es\/noticias#listItem","position":1,"name":"Home","item":"https:\/\/candas365.es\/noticias","nextItem":{"@type":"ListItem","@id":"https:\/\/candas365.es\/noticias\/category\/asturias\/#listItem","name":"Asturias"}},{"@type":"ListItem","@id":"https:\/\/candas365.es\/noticias\/category\/asturias\/#listItem","position":2,"name":"Asturias","item":"https:\/\/candas365.es\/noticias\/category\/asturias\/","nextItem":{"@type":"ListItem","@id":"https:\/\/candas365.es\/noticias\/asturias-se-refuerza-para-las-primeras-nevadas-de-2023\/#listItem","name":"Asturias se \u00abrefuerza\u00bb para las primeras nevadas de 2023"},"previousItem":{"@type":"ListItem","@id":"https:\/\/candas365.es\/noticias#listItem","name":"Home"}},{"@type":"ListItem","@id":"https:\/\/candas365.es\/noticias\/asturias-se-refuerza-para-las-primeras-nevadas-de-2023\/#listItem","position":3,"name":"Asturias se \u00abrefuerza\u00bb para las primeras nevadas de 2023","previousItem":{"@type":"ListItem","@id":"https:\/\/candas365.es\/noticias\/category\/asturias\/#listItem","name":"Asturias"}}]},{"@type":"NewsArticle","@id":"https:\/\/candas365.es\/noticias\/asturias-se-refuerza-para-las-primeras-nevadas-de-2023\/#newsarticle","name":"Asturias se \u00abrefuerza\u00bb para las primeras nevadas de 2023 | Cand\u00e1s 365","headline":"Asturias se \u00abrefuerza\u00bb para las primeras nevadas de 2023","author":{"@id":"https:\/\/candas365.es\/noticias\/author\/admin\/#author"},"publisher":{"@id":"https:\/\/candas365.es\/noticias\/#organization"},"image":{"@type":"ImageObject","url":"https:\/\/candas365.es\/noticias\/wp-content\/uploads\/2023\/01\/Asturias-nevadas.jpg","width":640,"height":480,"caption":"Asturias nevadas"},"datePublished":"2023-01-14T22:06:36+01:00","dateModified":"2023-01-14T22:06:36+01:00","inLanguage":"es-ES","mainEntityOfPage":{"@id":"https:\/\/candas365.es\/noticias\/asturias-se-refuerza-para-las-primeras-nevadas-de-2023\/#webpage"},"isPartOf":{"@id":"https:\/\/candas365.es\/noticias\/asturias-se-refuerza-para-las-primeras-nevadas-de-2023\/#webpage"},"articleSection":"Asturias, Destacadas, Asturias, El tiempo","dateline":"Publicado el enero 14, 2023."},{"@type":"Organization","@id":"https:\/\/candas365.es\/noticias\/#organization","name":"Cand\u00e1s 365","description":"Cand\u00e1s 365 es un diario digital independiente, fundado en 2012, con base en Asturias. Informamos con rigor sobre actualidad, sociedad, cultura y ocio, con una mirada local y global.","url":"https:\/\/candas365.es\/noticias\/","email":"info@candas365.es","telephone":"+34652131393","foundingDate":"2012-06-10","logo":{"@type":"ImageObject","url":"https:\/\/candas365.es\/noticias\/wp-content\/uploads\/2024\/09\/Candas-365-Redes.jpg","@id":"https:\/\/candas365.es\/noticias\/asturias-se-refuerza-para-las-primeras-nevadas-de-2023\/#organizationLogo","width":1152,"height":864,"caption":"Cand\u00e1s 365 Redes"},"image":{"@id":"https:\/\/candas365.es\/noticias\/asturias-se-refuerza-para-las-primeras-nevadas-de-2023\/#organizationLogo"},"sameAs":["https:\/\/www.facebook.com\/Nachofdezber","https:\/\/x.com\/NabercoDigital","https:\/\/www.instagram.com\/nachofdezber\/","https:\/\/www.youtube.com\/channel\/UCZP-2wLEB9Rv6erhFmqVnvg"],"address":{"@id":"https:\/\/candas365.es\/noticias\/#postaladdress","@type":"PostalAddress","streetAddress":"san antonio 4, san antonio 4","postalCode":"33430","addressLocality":"Cand\u00e1s","addressRegion":"Asturias","addressCountry":"ES"}},{"@type":"Person","@id":"https:\/\/candas365.es\/noticias\/author\/admin\/#author","url":"https:\/\/candas365.es\/noticias\/author\/admin\/","name":"Cand\u00e1s 365","image":{"@type":"ImageObject","@id":"https:\/\/candas365.es\/noticias\/asturias-se-refuerza-para-las-primeras-nevadas-de-2023\/#authorImage","url":"https:\/\/secure.gravatar.com\/avatar\/496a8e03d0c493ede1718b7934145dbdf8d89be1036b0eec9544e1094c9de390?s=96&d=mm&r=g","width":96,"height":96,"caption":"Cand\u00e1s 365"},"sameAs":["https:\/\/www.facebook.com\/carrenoactualidad","https:\/\/twitter.com\/nbasturias","https:\/\/www.instagram.com\/nachofdezber\/","https:\/\/www.youtube.com\/channel\/UCZP-2wLEB9Rv6erhFmqVnvg"]},{"@type":"WebPage","@id":"https:\/\/candas365.es\/noticias\/asturias-se-refuerza-para-las-primeras-nevadas-de-2023\/#webpage","url":"https:\/\/candas365.es\/noticias\/asturias-se-refuerza-para-las-primeras-nevadas-de-2023\/","name":"Asturias se \u00abrefuerza\u00bb para las primeras nevadas de 2023 | Cand\u00e1s 365","description":"El Gobierno del Principado de Asturias ha incrementado de cara a este invierno los medios t\u00e9cnicos y humanos que integran el plan de vialidad invernal","inLanguage":"es-ES","isPartOf":{"@id":"https:\/\/candas365.es\/noticias\/#website"},"breadcrumb":{"@id":"https:\/\/candas365.es\/noticias\/asturias-se-refuerza-para-las-primeras-nevadas-de-2023\/#breadcrumblist"},"author":{"@id":"https:\/\/candas365.es\/noticias\/author\/admin\/#author"},"creator":{"@id":"https:\/\/candas365.es\/noticias\/author\/admin\/#author"},"image":{"@type":"ImageObject","url":"https:\/\/candas365.es\/noticias\/wp-content\/uploads\/2023\/01\/Asturias-nevadas.jpg","@id":"https:\/\/candas365.es\/noticias\/asturias-se-refuerza-para-las-primeras-nevadas-de-2023\/#mainImage","width":640,"height":480,"caption":"Asturias nevadas"},"primaryImageOfPage":{"@id":"https:\/\/candas365.es\/noticias\/asturias-se-refuerza-para-las-primeras-nevadas-de-2023\/#mainImage"},"datePublished":"2023-01-14T22:06:36+01:00","dateModified":"2023-01-14T22:06:36+01:00"},{"@type":"WebSite","@id":"https:\/\/candas365.es\/noticias\/#website","url":"https:\/\/candas365.es\/noticias\/","name":"Cand\u00e1s 365","alternateName":"Cand\u00e1s 365 Noticias","description":"Actualidad desde Carre\u00f1o para el mundo","inLanguage":"es-ES","publisher":{"@id":"https:\/\/candas365.es\/noticias\/#organization"}}]},"og:locale":"es_ES","og:site_name":"Cand\u00e1s 365","og:type":"article","og:title":"Asturias se \u00abrefuerza\u00bb para las primeras nevadas de 2023 | Cand\u00e1s 365","og:description":"El Gobierno del Principado de Asturias ha incrementado de cara a este invierno los medios t\u00e9cnicos y humanos que integran el plan de vialidad invernal","og:url":"https:\/\/candas365.es\/noticias\/asturias-se-refuerza-para-las-primeras-nevadas-de-2023\/","og:image":"https:\/\/candas365.es\/noticias\/wp-content\/uploads\/2023\/01\/Asturias-nevadas.jpg","og:image:secure_url":"https:\/\/candas365.es\/noticias\/wp-content\/uploads\/2023\/01\/Asturias-nevadas.jpg","og:image:width":640,"og:image:height":480,"article:published_time":"2023-01-14T21:06:36+00:00","article:modified_time":"2023-01-14T21:06:36+00:00","article:publisher":"https:\/\/www.facebook.com\/Nachofdezber","article:author":"https:\/\/www.facebook.com\/carrenoactualidad","twitter:card":"summary_large_image","twitter:site":"@NabercoDigital","twitter:title":"Asturias se \u00abrefuerza\u00bb para las primeras nevadas de 2023 | Cand\u00e1s 365","twitter:description":"El Gobierno del Principado de Asturias ha incrementado de cara a este invierno los medios t\u00e9cnicos y humanos que integran el plan de vialidad invernal","twitter:creator":"@nbasturias","twitter:image":"https:\/\/candas365.es\/noticias\/wp-content\/uploads\/2023\/01\/Asturias-nevadas.jpg","twitter:label1":"Escrito por","twitter:data1":"Cand\u00e1s 365","twitter:label2":"Tiempo de lectura estimado","twitter:data2":"4 minutos"},"aioseo_meta_data":{"post_id":"170955","title":null,"description":"El Gobierno del Principado de Asturias ha incrementado de cara a este invierno los medios t\u00e9cnicos y humanos que integran el plan de vialidad invernal","keywords":[],"keyphrases":{"focus":{"keyphrase":"Asturias","score":83,"analysis":{"keyphraseInTitle":{"score":9,"maxScore":9,"error":0},"keyphraseInDescription":{"score":9,"maxScore":9,"error":0},"keyphraseLength":{"score":9,"maxScore":9,"error":0,"length":1},"keyphraseInURL":{"score":1,"maxScore":5,"error":1},"keyphraseInIntroduction":{"score":9,"maxScore":9,"error":0},"keyphraseInSubHeadings":{"score":3,"maxScore":9,"error":1},"keyphraseInImageAlt":{"score":9,"maxScore":9,"error":0}}},"additional":[{"keyphrase":" Principado de Asturias","score":100,"analysis":{"keyphraseInDescription":{"score":9,"maxScore":9,"error":0},"keyphraseLength":{"score":9,"maxScore":9,"error":0,"length":3},"keyphraseInIntroduction":{"score":9,"maxScore":9,"error":0},"keyphraseInImageAlt":{"score":9,"maxScore":9,"error":0}}},{"keyphrase":"invernal","score":83,"analysis":{"keyphraseInDescription":{"score":9,"maxScore":9,"error":0},"keyphraseLength":{"score":9,"maxScore":9,"error":0,"length":1},"keyphraseInIntroduction":{"score":9,"maxScore":9,"error":0},"keyphraseInImageAlt":{"score":3,"maxScore":9,"error":1}}}]},"primary_term":null,"canonical_url":null,"og_title":null,"og_description":null,"og_object_type":"default","og_image_type":"default","og_image_url":null,"og_image_width":null,"og_image_height":null,"og_image_custom_url":null,"og_image_custom_fields":null,"og_video":"","og_custom_url":null,"og_article_section":null,"og_article_tags":[],"twitter_use_og":false,"twitter_card":"default","twitter_image_type":"default","twitter_image_url":null,"twitter_image_custom_url":null,"twitter_image_custom_fields":null,"twitter_title":null,"twitter_description":null,"schema":{"blockGraphs":[],"customGraphs":[],"default":{"data":{"Article":[],"Course":[],"Dataset":[],"FAQPage":[],"Movie":[],"Person":[],"Product":[],"ProductReview":[],"Car":[],"Recipe":[],"Service":[],"SoftwareApplication":[],"WebPage":[]},"graphName":"Article","isEnabled":true},"graphs":[]},"schema_type":"default","schema_type_options":null,"pillar_content":false,"robots_default":true,"robots_noindex":false,"robots_noarchive":false,"robots_nosnippet":false,"robots_nofollow":false,"robots_noimageindex":false,"robots_noodp":false,"robots_notranslate":false,"robots_max_snippet":"-1","robots_max_videopreview":"-1","robots_max_imagepreview":"large","priority":null,"frequency":"default","location":null,"local_seo":null,"seo_analyzer_scan_date":"2025-09-01 18:03:21","breadcrumb_settings":null,"limit_modified_date":false,"reviewed_by":null,"open_ai":null,"ai":null,"created":"2023-01-14 20:53:21","updated":"2025-09-01 18:03:21"},"aioseo_breadcrumb":"<div class=\"aioseo-breadcrumbs\"><span class=\"aioseo-breadcrumb\">\n\t<a href=\"https:\/\/candas365.es\/noticias\" title=\"Home\">Home<\/a>\n<\/span><span class=\"aioseo-breadcrumb-separator\">&ndash;<\/span><span class=\"aioseo-breadcrumb\">\n\t<a href=\"https:\/\/candas365.es\/noticias\/category\/asturias\/\" title=\"Asturias\">Asturias<\/a>\n<\/span><span class=\"aioseo-breadcrumb-separator\">&ndash;<\/span><span class=\"aioseo-breadcrumb\">\n\tAsturias se \u00abrefuerza\u00bb para las primeras nevadas de 2023\n<\/span><\/div>","aioseo_breadcrumb_json":[{"label":"Home","link":"https:\/\/candas365.es\/noticias"},{"label":"Asturias","link":"https:\/\/candas365.es\/noticias\/category\/asturias\/"},{"label":"Asturias se \u00abrefuerza\u00bb para las primeras nevadas de 2023","link":"https:\/\/candas365.es\/noticias\/asturias-se-refuerza-para-las-primeras-nevadas-de-2023\/"}],"_links":{"self":[{"href":"https:\/\/candas365.es\/noticias\/wp-json\/wp\/v2\/posts\/170955","targetHints":{"allow":["GET"]}}],"collection":[{"href":"https:\/\/candas365.es\/noticias\/wp-json\/wp\/v2\/posts"}],"about":[{"href":"https:\/\/candas365.es\/noticias\/wp-json\/wp\/v2\/types\/post"}],"author":[{"embeddable":true,"href":"https:\/\/candas365.es\/noticias\/wp-json\/wp\/v2\/users\/1"}],"replies":[{"embeddable":true,"href":"https:\/\/candas365.es\/noticias\/wp-json\/wp\/v2\/comments?post=170955"}],"version-history":[{"count":0,"href":"https:\/\/candas365.es\/noticias\/wp-json\/wp\/v2\/posts\/170955\/revisions"}],"wp:featuredmedia":[{"embeddable":true,"href":"https:\/\/candas365.es\/noticias\/wp-json\/wp\/v2\/media\/170956"}],"wp:attachment":[{"href":"https:\/\/candas365.es\/noticias\/wp-json\/wp\/v2\/media?parent=170955"}],"wp:term":[{"taxonomy":"category","embeddable":true,"href":"https:\/\/candas365.es\/noticias\/wp-json\/wp\/v2\/categories?post=170955"},{"taxonomy":"post_tag","embeddable":true,"href":"https:\/\/candas365.es\/noticias\/wp-json\/wp\/v2\/tags?post=170955"}],"curies":[{"name":"wp","href":"https:\/\/api.w.org\/{rel}","templated":true}]}}