{"id":170918,"date":"2023-01-13T23:51:05","date_gmt":"2023-01-13T22:51:05","guid":{"rendered":"https:\/\/candas365.es\/noticias\/?p=170918"},"modified":"2023-01-13T23:51:05","modified_gmt":"2023-01-13T22:51:05","slug":"un-detenido-en-gijon-por-una-agresion-en-un-bar-del-llano","status":"publish","type":"post","link":"https:\/\/candas365.es\/noticias\/un-detenido-en-gijon-por-una-agresion-en-un-bar-del-llano\/","title":{"rendered":"Un detenido en Gij\u00f3n por una agresi\u00f3n en un bar del Llano"},"content":{"rendered":"<p>(EP) &#8211; Agentes de la Polic\u00eda Nacional han <a href=\"https:\/\/candas365.es\/noticias\/category\/sucesos\/\"><span style=\"color: #ff6600;\"><strong>detenido <\/strong><\/span><\/a>a un vecino de Gij\u00f3n , <strong>natural de Colombia de 32 a\u00f1os de edad<\/strong>, acusado de un <strong>delito de homicidio en grado de tentativa en el barrio del Llano.<\/strong><\/p>\n<figure id=\"attachment_170919\" aria-describedby=\"caption-attachment-170919\" style=\"width: 650px\" class=\"wp-caption aligncenter\"><img fetchpriority=\"high\" decoding=\"async\" class=\"wp-image-170919 size-large\" src=\"https:\/\/candas365.es\/noticias\/wp-content\/uploads\/2023\/01\/detenido-650x406.jpg\" alt=\"detenido\" width=\"650\" height=\"406\" srcset=\"https:\/\/candas365.es\/noticias\/wp-content\/uploads\/2023\/01\/detenido-650x406.jpg 650w, https:\/\/candas365.es\/noticias\/wp-content\/uploads\/2023\/01\/detenido-360x225.jpg 360w, https:\/\/candas365.es\/noticias\/wp-content\/uploads\/2023\/01\/detenido-768x479.jpg 768w, https:\/\/candas365.es\/noticias\/wp-content\/uploads\/2023\/01\/detenido-150x94.jpg 150w, https:\/\/candas365.es\/noticias\/wp-content\/uploads\/2023\/01\/detenido-450x281.jpg 450w, https:\/\/candas365.es\/noticias\/wp-content\/uploads\/2023\/01\/detenido.jpg 1059w\" sizes=\"(max-width: 650px) 100vw, 650px\" \/><figcaption id=\"caption-attachment-170919\" class=\"wp-caption-text\">FOTO: POLIC\u00cdA NACIONAL \/ Europa Press<\/figcaption><\/figure>\n<p>Seg\u00fan una nota de prensa de la Comisar\u00eda gijonesa, <strong>se recibi\u00f3 una llamada en la Sala CIMACC-091 en la que se alertaba de una agresi\u00f3n con arma blanca entre dos hombres en la v\u00eda p\u00fablica.<\/strong><\/p>\n<p>Hasta el lugar se desplazaron varias patrullas de la Polic\u00eda Nacional y, ante la presencia de los agentes,<strong> el supuesto agresor depuso su actitud y tir\u00f3 un cuchillo al suelo, con el que minutos antes hab\u00eda atacado a otro hombre.<\/strong><\/p>\n<p>La v\u00edctima sufri\u00f3 tres heridas; una en la cara, otra en el pecho y una tercera en el brazo izquierdo. A pesar de las lesiones causadas, el hombre consigui\u00f3 repeler el ataque hasta la llegada de las dotaciones policiales, que procedieron al arresto de su agresor.<\/p>\n<p>Asimismo, <strong>en el transcurso de la intervenci\u00f3n, los agentes le incautan un segundo cuchillo al detenido, que llevaba guardado entre sus ropas.<\/strong><\/p>\n<p>De acuerdo al relato policial, los dos hombres hab\u00edan tenido diferencias en un bar. Tras este altercado inicial, cada uno se fue por su lado, volviendo a encontrarse unas horas m\u00e1s tarde en otro establecimiento hostelero de la misma zona, lugar donde se inici\u00f3 una nueva trifulca.<\/p>\n<blockquote><p>En esta ocasi\u00f3n, el detenido, tras marcharse del local, regres\u00f3 minutos despu\u00e9s portando las dos armas blancas \u00abcon la clara intenci\u00f3n de arremeter con ellas a la v\u00edctima\u00bb, seg\u00fan la Polic\u00eda.<\/p><\/blockquote>\n<p>El agredido fue acompa\u00f1ado por una patrulla hasta a un centro hospitalario, donde fue asistido por las lesiones sufridas. <strong>Una vez en Comisar\u00eda, se comprob\u00f3 que al arrestado le constaba una prohibici\u00f3n de tenencia y porte de armas en vigor, as\u00ed como antecedentes previos<\/strong>. Posteriormente, fue puesto a disposici\u00f3n judicial.<\/p>\n","protected":false},"excerpt":{"rendered":"<p>(EP) &#8211; Agentes de la Polic\u00eda Nacional han detenido a un vecino de Gij\u00f3n , natural de Colombia de 32 a\u00f1os de edad, acusado de un delito de homicidio en grado de tentativa en el barrio del Llano. Seg\u00fan una nota de prensa de la Comisar\u00eda gijonesa, se recibi\u00f3 una llamada en la Sala CIMACC-091<\/p>\n","protected":false},"author":1,"featured_media":170919,"comment_status":"closed","ping_status":"closed","sticky":false,"template":"","format":"standard","meta":{"footnotes":""},"categories":[487],"tags":[380,391],"class_list":{"0":"post-170918","1":"post","2":"type-post","3":"status-publish","4":"format-standard","5":"has-post-thumbnail","7":"category-sucesos","8":"tag-asturias","9":"tag-sucesos"},"aioseo_notices":[],"aioseo_head":"\n\t\t<!-- All in One SEO Pro 4.9.6.2 - aioseo.com -->\n\t<meta name=\"description\" content=\"(EP) - Agentes de la Polic\u00eda Nacional han Gij\u00f3n a un vecino de Gij\u00f3n , natural de Colombia de 32 a\u00f1os de edad, acusado de un delito de homicidio en grado\" \/>\n\t<meta name=\"robots\" content=\"max-image-preview:large\" \/>\n\t<meta name=\"author\" content=\"Cand\u00e1s 365\"\/>\n\t<meta name=\"google-site-verification\" content=\"UA-32230408-1\" \/>\n\t<meta name=\"msvalidate.01\" content=\"354F3CDFB2DA171B47FBE9ABF1F88D5\" \/>\n\t<meta name=\"keywords\" content=\"sucesos\" \/>\n\t<link rel=\"canonical\" href=\"https:\/\/candas365.es\/noticias\/un-detenido-en-gijon-por-una-agresion-en-un-bar-del-llano\/\" \/>\n\t<meta name=\"generator\" content=\"All in One SEO Pro (AIOSEO) 4.9.6.2\" \/>\n\t\t<meta property=\"og:locale\" content=\"es_ES\" \/>\n\t\t<meta property=\"og:site_name\" content=\"Cand\u00e1s 365\" \/>\n\t\t<meta property=\"og:type\" content=\"article\" \/>\n\t\t<meta property=\"og:title\" content=\"Un detenido en Gij\u00f3n por una agresi\u00f3n en un bar del Llano | Cand\u00e1s 365\" \/>\n\t\t<meta property=\"og:description\" content=\"(EP) - Agentes de la Polic\u00eda Nacional han Gij\u00f3n a un vecino de Gij\u00f3n , natural de Colombia de 32 a\u00f1os de edad, acusado de un delito de homicidio en grado\" \/>\n\t\t<meta property=\"og:url\" content=\"https:\/\/candas365.es\/noticias\/un-detenido-en-gijon-por-una-agresion-en-un-bar-del-llano\/\" \/>\n\t\t<meta property=\"og:image\" content=\"https:\/\/candas365.es\/noticias\/wp-content\/uploads\/2023\/01\/detenido.jpg\" \/>\n\t\t<meta property=\"og:image:secure_url\" content=\"https:\/\/candas365.es\/noticias\/wp-content\/uploads\/2023\/01\/detenido.jpg\" \/>\n\t\t<meta property=\"og:image:width\" content=\"1059\" \/>\n\t\t<meta property=\"og:image:height\" content=\"661\" \/>\n\t\t<meta property=\"article:published_time\" content=\"2023-01-13T22:51:05+00:00\" \/>\n\t\t<meta property=\"article:modified_time\" content=\"2023-01-13T22:51:05+00:00\" \/>\n\t\t<meta property=\"article:publisher\" content=\"https:\/\/www.facebook.com\/Nachofdezber\" \/>\n\t\t<meta property=\"article:author\" content=\"https:\/\/www.facebook.com\/carrenoactualidad\" \/>\n\t\t<meta name=\"twitter:card\" content=\"summary_large_image\" \/>\n\t\t<meta name=\"twitter:site\" content=\"@NabercoDigital\" \/>\n\t\t<meta name=\"twitter:title\" content=\"Un detenido en Gij\u00f3n por una agresi\u00f3n en un bar del Llano | Cand\u00e1s 365\" \/>\n\t\t<meta name=\"twitter:description\" content=\"(EP) - Agentes de la Polic\u00eda Nacional han Gij\u00f3n a un vecino de Gij\u00f3n , natural de Colombia de 32 a\u00f1os de edad, acusado de un delito de homicidio en grado\" \/>\n\t\t<meta name=\"twitter:creator\" content=\"@nbasturias\" \/>\n\t\t<meta name=\"twitter:image\" content=\"https:\/\/candas365.es\/noticias\/wp-content\/uploads\/2023\/01\/detenido.jpg\" \/>\n\t\t<meta name=\"twitter:label1\" content=\"Escrito por\" \/>\n\t\t<meta name=\"twitter:data1\" content=\"Cand\u00e1s 365\" \/>\n\t\t<meta name=\"twitter:label2\" content=\"Tiempo de lectura estimado\" \/>\n\t\t<meta name=\"twitter:data2\" content=\"2 minutos\" \/>\n\t\t<script type=\"application\/ld+json\" class=\"aioseo-schema\">\n\t\t\t{\"@context\":\"https:\\\/\\\/schema.org\",\"@graph\":[{\"@type\":\"BreadcrumbList\",\"@id\":\"https:\\\/\\\/candas365.es\\\/noticias\\\/un-detenido-en-gijon-por-una-agresion-en-un-bar-del-llano\\\/#breadcrumblist\",\"itemListElement\":[{\"@type\":\"ListItem\",\"@id\":\"https:\\\/\\\/candas365.es\\\/noticias#listItem\",\"position\":1,\"name\":\"Home\",\"item\":\"https:\\\/\\\/candas365.es\\\/noticias\",\"nextItem\":{\"@type\":\"ListItem\",\"@id\":\"https:\\\/\\\/candas365.es\\\/noticias\\\/category\\\/sucesos\\\/#listItem\",\"name\":\"Sucesos\"}},{\"@type\":\"ListItem\",\"@id\":\"https:\\\/\\\/candas365.es\\\/noticias\\\/category\\\/sucesos\\\/#listItem\",\"position\":2,\"name\":\"Sucesos\",\"item\":\"https:\\\/\\\/candas365.es\\\/noticias\\\/category\\\/sucesos\\\/\",\"nextItem\":{\"@type\":\"ListItem\",\"@id\":\"https:\\\/\\\/candas365.es\\\/noticias\\\/un-detenido-en-gijon-por-una-agresion-en-un-bar-del-llano\\\/#listItem\",\"name\":\"Un detenido en Gij\\u00f3n por una agresi\\u00f3n en un bar del Llano\"},\"previousItem\":{\"@type\":\"ListItem\",\"@id\":\"https:\\\/\\\/candas365.es\\\/noticias#listItem\",\"name\":\"Home\"}},{\"@type\":\"ListItem\",\"@id\":\"https:\\\/\\\/candas365.es\\\/noticias\\\/un-detenido-en-gijon-por-una-agresion-en-un-bar-del-llano\\\/#listItem\",\"position\":3,\"name\":\"Un detenido en Gij\\u00f3n por una agresi\\u00f3n en un bar del Llano\",\"previousItem\":{\"@type\":\"ListItem\",\"@id\":\"https:\\\/\\\/candas365.es\\\/noticias\\\/category\\\/sucesos\\\/#listItem\",\"name\":\"Sucesos\"}}]},{\"@type\":\"NewsArticle\",\"@id\":\"https:\\\/\\\/candas365.es\\\/noticias\\\/un-detenido-en-gijon-por-una-agresion-en-un-bar-del-llano\\\/#newsarticle\",\"name\":\"Un detenido en Gij\\u00f3n por una agresi\\u00f3n en un bar del Llano | Cand\\u00e1s 365\",\"headline\":\"Un detenido en Gij\\u00f3n por una agresi\\u00f3n en un bar del Llano\",\"author\":{\"@id\":\"https:\\\/\\\/candas365.es\\\/noticias\\\/author\\\/admin\\\/#author\"},\"publisher\":{\"@id\":\"https:\\\/\\\/candas365.es\\\/noticias\\\/#organization\"},\"image\":{\"@type\":\"ImageObject\",\"url\":\"https:\\\/\\\/candas365.es\\\/noticias\\\/wp-content\\\/uploads\\\/2023\\\/01\\\/detenido.jpg\",\"width\":1059,\"height\":661,\"caption\":\"FOTO: POLIC\\u00cdA NACIONAL \\\/ Europa Press\"},\"datePublished\":\"2023-01-13T23:51:05+01:00\",\"dateModified\":\"2023-01-13T23:51:05+01:00\",\"inLanguage\":\"es-ES\",\"mainEntityOfPage\":{\"@id\":\"https:\\\/\\\/candas365.es\\\/noticias\\\/un-detenido-en-gijon-por-una-agresion-en-un-bar-del-llano\\\/#webpage\"},\"isPartOf\":{\"@id\":\"https:\\\/\\\/candas365.es\\\/noticias\\\/un-detenido-en-gijon-por-una-agresion-en-un-bar-del-llano\\\/#webpage\"},\"articleSection\":\"Sucesos, Asturias, sucesos\",\"dateline\":\"Publicado el enero 13, 2023.\"},{\"@type\":\"Organization\",\"@id\":\"https:\\\/\\\/candas365.es\\\/noticias\\\/#organization\",\"name\":\"Cand\\u00e1s 365\",\"description\":\"Cand\\u00e1s 365 es un diario digital independiente, fundado en 2012, con base en Asturias. Informamos con rigor sobre actualidad, sociedad, cultura y ocio, con una mirada local y global.\",\"url\":\"https:\\\/\\\/candas365.es\\\/noticias\\\/\",\"email\":\"info@candas365.es\",\"telephone\":\"+34652131393\",\"foundingDate\":\"2012-06-10\",\"logo\":{\"@type\":\"ImageObject\",\"url\":\"https:\\\/\\\/candas365.es\\\/noticias\\\/wp-content\\\/uploads\\\/2024\\\/09\\\/Candas-365-Redes.jpg\",\"@id\":\"https:\\\/\\\/candas365.es\\\/noticias\\\/un-detenido-en-gijon-por-una-agresion-en-un-bar-del-llano\\\/#organizationLogo\",\"width\":1152,\"height\":864,\"caption\":\"Cand\\u00e1s 365 Redes\"},\"image\":{\"@id\":\"https:\\\/\\\/candas365.es\\\/noticias\\\/un-detenido-en-gijon-por-una-agresion-en-un-bar-del-llano\\\/#organizationLogo\"},\"sameAs\":[\"https:\\\/\\\/www.facebook.com\\\/Nachofdezber\",\"https:\\\/\\\/x.com\\\/NabercoDigital\",\"https:\\\/\\\/www.instagram.com\\\/nachofdezber\\\/\",\"https:\\\/\\\/www.youtube.com\\\/channel\\\/UCZP-2wLEB9Rv6erhFmqVnvg\"],\"address\":{\"@id\":\"https:\\\/\\\/candas365.es\\\/noticias\\\/#postaladdress\",\"@type\":\"PostalAddress\",\"streetAddress\":\"san antonio 4, san antonio 4\",\"postalCode\":\"33430\",\"addressLocality\":\"Cand\\u00e1s\",\"addressRegion\":\"Asturias\",\"addressCountry\":\"ES\"}},{\"@type\":\"Person\",\"@id\":\"https:\\\/\\\/candas365.es\\\/noticias\\\/author\\\/admin\\\/#author\",\"url\":\"https:\\\/\\\/candas365.es\\\/noticias\\\/author\\\/admin\\\/\",\"name\":\"Cand\\u00e1s 365\",\"image\":{\"@type\":\"ImageObject\",\"@id\":\"https:\\\/\\\/candas365.es\\\/noticias\\\/un-detenido-en-gijon-por-una-agresion-en-un-bar-del-llano\\\/#authorImage\",\"url\":\"https:\\\/\\\/secure.gravatar.com\\\/avatar\\\/496a8e03d0c493ede1718b7934145dbdf8d89be1036b0eec9544e1094c9de390?s=96&d=mm&r=g\",\"width\":96,\"height\":96,\"caption\":\"Cand\\u00e1s 365\"},\"sameAs\":[\"https:\\\/\\\/www.facebook.com\\\/carrenoactualidad\",\"https:\\\/\\\/twitter.com\\\/nbasturias\",\"https:\\\/\\\/www.instagram.com\\\/nachofdezber\\\/\",\"https:\\\/\\\/www.youtube.com\\\/channel\\\/UCZP-2wLEB9Rv6erhFmqVnvg\"]},{\"@type\":\"WebPage\",\"@id\":\"https:\\\/\\\/candas365.es\\\/noticias\\\/un-detenido-en-gijon-por-una-agresion-en-un-bar-del-llano\\\/#webpage\",\"url\":\"https:\\\/\\\/candas365.es\\\/noticias\\\/un-detenido-en-gijon-por-una-agresion-en-un-bar-del-llano\\\/\",\"name\":\"Un detenido en Gij\\u00f3n por una agresi\\u00f3n en un bar del Llano | Cand\\u00e1s 365\",\"description\":\"(EP) - Agentes de la Polic\\u00eda Nacional han Gij\\u00f3n a un vecino de Gij\\u00f3n , natural de Colombia de 32 a\\u00f1os de edad, acusado de un delito de homicidio en grado\",\"inLanguage\":\"es-ES\",\"isPartOf\":{\"@id\":\"https:\\\/\\\/candas365.es\\\/noticias\\\/#website\"},\"breadcrumb\":{\"@id\":\"https:\\\/\\\/candas365.es\\\/noticias\\\/un-detenido-en-gijon-por-una-agresion-en-un-bar-del-llano\\\/#breadcrumblist\"},\"author\":{\"@id\":\"https:\\\/\\\/candas365.es\\\/noticias\\\/author\\\/admin\\\/#author\"},\"creator\":{\"@id\":\"https:\\\/\\\/candas365.es\\\/noticias\\\/author\\\/admin\\\/#author\"},\"image\":{\"@type\":\"ImageObject\",\"url\":\"https:\\\/\\\/candas365.es\\\/noticias\\\/wp-content\\\/uploads\\\/2023\\\/01\\\/detenido.jpg\",\"@id\":\"https:\\\/\\\/candas365.es\\\/noticias\\\/un-detenido-en-gijon-por-una-agresion-en-un-bar-del-llano\\\/#mainImage\",\"width\":1059,\"height\":661,\"caption\":\"FOTO: POLIC\\u00cdA NACIONAL \\\/ Europa Press\"},\"primaryImageOfPage\":{\"@id\":\"https:\\\/\\\/candas365.es\\\/noticias\\\/un-detenido-en-gijon-por-una-agresion-en-un-bar-del-llano\\\/#mainImage\"},\"datePublished\":\"2023-01-13T23:51:05+01:00\",\"dateModified\":\"2023-01-13T23:51:05+01:00\"},{\"@type\":\"WebSite\",\"@id\":\"https:\\\/\\\/candas365.es\\\/noticias\\\/#website\",\"url\":\"https:\\\/\\\/candas365.es\\\/noticias\\\/\",\"name\":\"Cand\\u00e1s 365\",\"alternateName\":\"Cand\\u00e1s 365 Noticias\",\"description\":\"Actualidad desde Carre\\u00f1o para el mundo\",\"inLanguage\":\"es-ES\",\"publisher\":{\"@id\":\"https:\\\/\\\/candas365.es\\\/noticias\\\/#organization\"}}]}\n\t\t<\/script>\n\t\t<!-- All in One SEO Pro -->\r\n\t\t<title>Un detenido en Gij\u00f3n por una agresi\u00f3n en un bar del Llano | Cand\u00e1s 365<\/title>\n\n","aioseo_head_json":{"title":"Un detenido en Gij\u00f3n por una agresi\u00f3n en un bar del Llano | Cand\u00e1s 365","description":"(EP) - Agentes de la Polic\u00eda Nacional han Gij\u00f3n a un vecino de Gij\u00f3n , natural de Colombia de 32 a\u00f1os de edad, acusado de un delito de homicidio en grado","canonical_url":"https:\/\/candas365.es\/noticias\/un-detenido-en-gijon-por-una-agresion-en-un-bar-del-llano\/","robots":"max-image-preview:large","keywords":"sucesos","webmasterTools":{"google-site-verification":"UA-32230408-1","msvalidate.01":"354F3CDFB2DA171B47FBE9ABF1F88D5","miscellaneous":""},"schema":{"@context":"https:\/\/schema.org","@graph":[{"@type":"BreadcrumbList","@id":"https:\/\/candas365.es\/noticias\/un-detenido-en-gijon-por-una-agresion-en-un-bar-del-llano\/#breadcrumblist","itemListElement":[{"@type":"ListItem","@id":"https:\/\/candas365.es\/noticias#listItem","position":1,"name":"Home","item":"https:\/\/candas365.es\/noticias","nextItem":{"@type":"ListItem","@id":"https:\/\/candas365.es\/noticias\/category\/sucesos\/#listItem","name":"Sucesos"}},{"@type":"ListItem","@id":"https:\/\/candas365.es\/noticias\/category\/sucesos\/#listItem","position":2,"name":"Sucesos","item":"https:\/\/candas365.es\/noticias\/category\/sucesos\/","nextItem":{"@type":"ListItem","@id":"https:\/\/candas365.es\/noticias\/un-detenido-en-gijon-por-una-agresion-en-un-bar-del-llano\/#listItem","name":"Un detenido en Gij\u00f3n por una agresi\u00f3n en un bar del Llano"},"previousItem":{"@type":"ListItem","@id":"https:\/\/candas365.es\/noticias#listItem","name":"Home"}},{"@type":"ListItem","@id":"https:\/\/candas365.es\/noticias\/un-detenido-en-gijon-por-una-agresion-en-un-bar-del-llano\/#listItem","position":3,"name":"Un detenido en Gij\u00f3n por una agresi\u00f3n en un bar del Llano","previousItem":{"@type":"ListItem","@id":"https:\/\/candas365.es\/noticias\/category\/sucesos\/#listItem","name":"Sucesos"}}]},{"@type":"NewsArticle","@id":"https:\/\/candas365.es\/noticias\/un-detenido-en-gijon-por-una-agresion-en-un-bar-del-llano\/#newsarticle","name":"Un detenido en Gij\u00f3n por una agresi\u00f3n en un bar del Llano | Cand\u00e1s 365","headline":"Un detenido en Gij\u00f3n por una agresi\u00f3n en un bar del Llano","author":{"@id":"https:\/\/candas365.es\/noticias\/author\/admin\/#author"},"publisher":{"@id":"https:\/\/candas365.es\/noticias\/#organization"},"image":{"@type":"ImageObject","url":"https:\/\/candas365.es\/noticias\/wp-content\/uploads\/2023\/01\/detenido.jpg","width":1059,"height":661,"caption":"FOTO: POLIC\u00cdA NACIONAL \/ Europa Press"},"datePublished":"2023-01-13T23:51:05+01:00","dateModified":"2023-01-13T23:51:05+01:00","inLanguage":"es-ES","mainEntityOfPage":{"@id":"https:\/\/candas365.es\/noticias\/un-detenido-en-gijon-por-una-agresion-en-un-bar-del-llano\/#webpage"},"isPartOf":{"@id":"https:\/\/candas365.es\/noticias\/un-detenido-en-gijon-por-una-agresion-en-un-bar-del-llano\/#webpage"},"articleSection":"Sucesos, Asturias, sucesos","dateline":"Publicado el enero 13, 2023."},{"@type":"Organization","@id":"https:\/\/candas365.es\/noticias\/#organization","name":"Cand\u00e1s 365","description":"Cand\u00e1s 365 es un diario digital independiente, fundado en 2012, con base en Asturias. Informamos con rigor sobre actualidad, sociedad, cultura y ocio, con una mirada local y global.","url":"https:\/\/candas365.es\/noticias\/","email":"info@candas365.es","telephone":"+34652131393","foundingDate":"2012-06-10","logo":{"@type":"ImageObject","url":"https:\/\/candas365.es\/noticias\/wp-content\/uploads\/2024\/09\/Candas-365-Redes.jpg","@id":"https:\/\/candas365.es\/noticias\/un-detenido-en-gijon-por-una-agresion-en-un-bar-del-llano\/#organizationLogo","width":1152,"height":864,"caption":"Cand\u00e1s 365 Redes"},"image":{"@id":"https:\/\/candas365.es\/noticias\/un-detenido-en-gijon-por-una-agresion-en-un-bar-del-llano\/#organizationLogo"},"sameAs":["https:\/\/www.facebook.com\/Nachofdezber","https:\/\/x.com\/NabercoDigital","https:\/\/www.instagram.com\/nachofdezber\/","https:\/\/www.youtube.com\/channel\/UCZP-2wLEB9Rv6erhFmqVnvg"],"address":{"@id":"https:\/\/candas365.es\/noticias\/#postaladdress","@type":"PostalAddress","streetAddress":"san antonio 4, san antonio 4","postalCode":"33430","addressLocality":"Cand\u00e1s","addressRegion":"Asturias","addressCountry":"ES"}},{"@type":"Person","@id":"https:\/\/candas365.es\/noticias\/author\/admin\/#author","url":"https:\/\/candas365.es\/noticias\/author\/admin\/","name":"Cand\u00e1s 365","image":{"@type":"ImageObject","@id":"https:\/\/candas365.es\/noticias\/un-detenido-en-gijon-por-una-agresion-en-un-bar-del-llano\/#authorImage","url":"https:\/\/secure.gravatar.com\/avatar\/496a8e03d0c493ede1718b7934145dbdf8d89be1036b0eec9544e1094c9de390?s=96&d=mm&r=g","width":96,"height":96,"caption":"Cand\u00e1s 365"},"sameAs":["https:\/\/www.facebook.com\/carrenoactualidad","https:\/\/twitter.com\/nbasturias","https:\/\/www.instagram.com\/nachofdezber\/","https:\/\/www.youtube.com\/channel\/UCZP-2wLEB9Rv6erhFmqVnvg"]},{"@type":"WebPage","@id":"https:\/\/candas365.es\/noticias\/un-detenido-en-gijon-por-una-agresion-en-un-bar-del-llano\/#webpage","url":"https:\/\/candas365.es\/noticias\/un-detenido-en-gijon-por-una-agresion-en-un-bar-del-llano\/","name":"Un detenido en Gij\u00f3n por una agresi\u00f3n en un bar del Llano | Cand\u00e1s 365","description":"(EP) - Agentes de la Polic\u00eda Nacional han Gij\u00f3n a un vecino de Gij\u00f3n , natural de Colombia de 32 a\u00f1os de edad, acusado de un delito de homicidio en grado","inLanguage":"es-ES","isPartOf":{"@id":"https:\/\/candas365.es\/noticias\/#website"},"breadcrumb":{"@id":"https:\/\/candas365.es\/noticias\/un-detenido-en-gijon-por-una-agresion-en-un-bar-del-llano\/#breadcrumblist"},"author":{"@id":"https:\/\/candas365.es\/noticias\/author\/admin\/#author"},"creator":{"@id":"https:\/\/candas365.es\/noticias\/author\/admin\/#author"},"image":{"@type":"ImageObject","url":"https:\/\/candas365.es\/noticias\/wp-content\/uploads\/2023\/01\/detenido.jpg","@id":"https:\/\/candas365.es\/noticias\/un-detenido-en-gijon-por-una-agresion-en-un-bar-del-llano\/#mainImage","width":1059,"height":661,"caption":"FOTO: POLIC\u00cdA NACIONAL \/ Europa Press"},"primaryImageOfPage":{"@id":"https:\/\/candas365.es\/noticias\/un-detenido-en-gijon-por-una-agresion-en-un-bar-del-llano\/#mainImage"},"datePublished":"2023-01-13T23:51:05+01:00","dateModified":"2023-01-13T23:51:05+01:00"},{"@type":"WebSite","@id":"https:\/\/candas365.es\/noticias\/#website","url":"https:\/\/candas365.es\/noticias\/","name":"Cand\u00e1s 365","alternateName":"Cand\u00e1s 365 Noticias","description":"Actualidad desde Carre\u00f1o para el mundo","inLanguage":"es-ES","publisher":{"@id":"https:\/\/candas365.es\/noticias\/#organization"}}]},"og:locale":"es_ES","og:site_name":"Cand\u00e1s 365","og:type":"article","og:title":"Un detenido en Gij\u00f3n por una agresi\u00f3n en un bar del Llano | Cand\u00e1s 365","og:description":"(EP) - Agentes de la Polic\u00eda Nacional han Gij\u00f3n a un vecino de Gij\u00f3n , natural de Colombia de 32 a\u00f1os de edad, acusado de un delito de homicidio en grado","og:url":"https:\/\/candas365.es\/noticias\/un-detenido-en-gijon-por-una-agresion-en-un-bar-del-llano\/","og:image":"https:\/\/candas365.es\/noticias\/wp-content\/uploads\/2023\/01\/detenido.jpg","og:image:secure_url":"https:\/\/candas365.es\/noticias\/wp-content\/uploads\/2023\/01\/detenido.jpg","og:image:width":1059,"og:image:height":661,"article:published_time":"2023-01-13T22:51:05+00:00","article:modified_time":"2023-01-13T22:51:05+00:00","article:publisher":"https:\/\/www.facebook.com\/Nachofdezber","article:author":"https:\/\/www.facebook.com\/carrenoactualidad","twitter:card":"summary_large_image","twitter:site":"@NabercoDigital","twitter:title":"Un detenido en Gij\u00f3n por una agresi\u00f3n en un bar del Llano | Cand\u00e1s 365","twitter:description":"(EP) - Agentes de la Polic\u00eda Nacional han Gij\u00f3n a un vecino de Gij\u00f3n , natural de Colombia de 32 a\u00f1os de edad, acusado de un delito de homicidio en grado","twitter:creator":"@nbasturias","twitter:image":"https:\/\/candas365.es\/noticias\/wp-content\/uploads\/2023\/01\/detenido.jpg","twitter:label1":"Escrito por","twitter:data1":"Cand\u00e1s 365","twitter:label2":"Tiempo de lectura estimado","twitter:data2":"2 minutos"},"aioseo_meta_data":{"post_id":"170918","title":null,"description":"(EP) - Agentes de la Polic\u00eda Nacional han Gij\u00f3n a un vecino de Gij\u00f3n , natural de Colombia de 32 a\u00f1os de edad, acusado de un delito de homicidio en grado","keywords":[],"keyphrases":{"focus":{"keyphrase":"Gij\u00f3n ","score":80,"analysis":{"keyphraseInTitle":{"score":9,"maxScore":9,"error":0},"keyphraseInDescription":{"score":9,"maxScore":9,"error":0},"keyphraseLength":{"score":9,"maxScore":9,"error":0,"length":1},"keyphraseInURL":{"score":1,"maxScore":5,"error":1},"keyphraseInIntroduction":{"score":9,"maxScore":9,"error":0},"keyphraseInSubHeadings":[],"keyphraseInImageAlt":{"score":3,"maxScore":9,"error":1}}},"additional":[{"keyphrase":"Gij\u00f3n","score":83,"analysis":{"keyphraseInDescription":{"score":9,"maxScore":9,"error":0},"keyphraseLength":{"score":9,"maxScore":9,"error":0,"length":1},"keyphraseInIntroduction":{"score":9,"maxScore":9,"error":0},"keyphraseInImageAlt":{"score":3,"maxScore":9,"error":1}}},{"keyphrase":"detenido","score":83,"analysis":{"keyphraseInDescription":{"score":3,"maxScore":9,"error":1},"keyphraseLength":{"score":9,"maxScore":9,"error":0,"length":1},"keyphraseInIntroduction":{"score":9,"maxScore":9,"error":0},"keyphraseInImageAlt":{"score":9,"maxScore":9,"error":0}}}]},"primary_term":null,"canonical_url":null,"og_title":null,"og_description":null,"og_object_type":"default","og_image_type":"default","og_image_url":null,"og_image_width":null,"og_image_height":null,"og_image_custom_url":null,"og_image_custom_fields":null,"og_video":"","og_custom_url":null,"og_article_section":null,"og_article_tags":[],"twitter_use_og":false,"twitter_card":"default","twitter_image_type":"default","twitter_image_url":null,"twitter_image_custom_url":null,"twitter_image_custom_fields":null,"twitter_title":null,"twitter_description":null,"schema":{"blockGraphs":[],"customGraphs":[],"default":{"data":{"Article":[],"Course":[],"Dataset":[],"FAQPage":[],"Movie":[],"Person":[],"Product":[],"ProductReview":[],"Car":[],"Recipe":[],"Service":[],"SoftwareApplication":[],"WebPage":[]},"graphName":"Article","isEnabled":true},"graphs":[]},"schema_type":"default","schema_type_options":null,"pillar_content":false,"robots_default":true,"robots_noindex":false,"robots_noarchive":false,"robots_nosnippet":false,"robots_nofollow":false,"robots_noimageindex":false,"robots_noodp":false,"robots_notranslate":false,"robots_max_snippet":"-1","robots_max_videopreview":"-1","robots_max_imagepreview":"large","priority":null,"frequency":"default","location":null,"local_seo":null,"seo_analyzer_scan_date":"2025-09-01 18:01:13","breadcrumb_settings":null,"limit_modified_date":false,"reviewed_by":null,"open_ai":null,"ai":null,"created":"2023-01-13 22:45:06","updated":"2025-09-01 18:01:13"},"aioseo_breadcrumb":"<div class=\"aioseo-breadcrumbs\"><span class=\"aioseo-breadcrumb\">\n\t<a href=\"https:\/\/candas365.es\/noticias\" title=\"Home\">Home<\/a>\n<\/span><span class=\"aioseo-breadcrumb-separator\">&ndash;<\/span><span class=\"aioseo-breadcrumb\">\n\t<a href=\"https:\/\/candas365.es\/noticias\/category\/sucesos\/\" title=\"Sucesos\">Sucesos<\/a>\n<\/span><span class=\"aioseo-breadcrumb-separator\">&ndash;<\/span><span class=\"aioseo-breadcrumb\">\n\tUn detenido en Gij\u00f3n por una agresi\u00f3n en un bar del Llano\n<\/span><\/div>","aioseo_breadcrumb_json":[{"label":"Home","link":"https:\/\/candas365.es\/noticias"},{"label":"Sucesos","link":"https:\/\/candas365.es\/noticias\/category\/sucesos\/"},{"label":"Un detenido en Gij\u00f3n por una agresi\u00f3n en un bar del Llano","link":"https:\/\/candas365.es\/noticias\/un-detenido-en-gijon-por-una-agresion-en-un-bar-del-llano\/"}],"_links":{"self":[{"href":"https:\/\/candas365.es\/noticias\/wp-json\/wp\/v2\/posts\/170918","targetHints":{"allow":["GET"]}}],"collection":[{"href":"https:\/\/candas365.es\/noticias\/wp-json\/wp\/v2\/posts"}],"about":[{"href":"https:\/\/candas365.es\/noticias\/wp-json\/wp\/v2\/types\/post"}],"author":[{"embeddable":true,"href":"https:\/\/candas365.es\/noticias\/wp-json\/wp\/v2\/users\/1"}],"replies":[{"embeddable":true,"href":"https:\/\/candas365.es\/noticias\/wp-json\/wp\/v2\/comments?post=170918"}],"version-history":[{"count":0,"href":"https:\/\/candas365.es\/noticias\/wp-json\/wp\/v2\/posts\/170918\/revisions"}],"wp:featuredmedia":[{"embeddable":true,"href":"https:\/\/candas365.es\/noticias\/wp-json\/wp\/v2\/media\/170919"}],"wp:attachment":[{"href":"https:\/\/candas365.es\/noticias\/wp-json\/wp\/v2\/media?parent=170918"}],"wp:term":[{"taxonomy":"category","embeddable":true,"href":"https:\/\/candas365.es\/noticias\/wp-json\/wp\/v2\/categories?post=170918"},{"taxonomy":"post_tag","embeddable":true,"href":"https:\/\/candas365.es\/noticias\/wp-json\/wp\/v2\/tags?post=170918"}],"curies":[{"name":"wp","href":"https:\/\/api.w.org\/{rel}","templated":true}]}}