{"id":170915,"date":"2023-01-13T23:39:13","date_gmt":"2023-01-13T22:39:13","guid":{"rendered":"https:\/\/candas365.es\/noticias\/?p=170915"},"modified":"2023-01-13T23:39:13","modified_gmt":"2023-01-13T22:39:13","slug":"euroliga-derrota-del-barca-contra-el-anadolu-efes","status":"publish","type":"post","link":"https:\/\/candas365.es\/noticias\/euroliga-derrota-del-barca-contra-el-anadolu-efes\/","title":{"rendered":"Euroliga: Derrota del Bar\u00e7a contra el Anadolu Efes"},"content":{"rendered":"<p>(EP) &#8211; El Bar\u00e7a cay\u00f3 (75-80) este viernes ante el Anadolu Efes en la <strong>jornada 19 de la Euroliga celebrada en el Palau Blaugrana<\/strong>, una mala actuaci\u00f3n desde el salto inicial, con reacci\u00f3n final que no fue suficiente, que descuelga al equipo cul\u00e9 de la cabeza y espabila a un campe\u00f3n que llegaba tocado.<\/p>\n<figure id=\"attachment_170916\" aria-describedby=\"caption-attachment-170916\" style=\"width: 650px\" class=\"wp-caption aligncenter\"><img fetchpriority=\"high\" decoding=\"async\" class=\"wp-image-170916 size-large\" src=\"https:\/\/candas365.es\/noticias\/wp-content\/uploads\/2023\/01\/Barca-650x432.jpg\" alt=\"Bar\u00e7a\" width=\"650\" height=\"432\" srcset=\"https:\/\/candas365.es\/noticias\/wp-content\/uploads\/2023\/01\/Barca-650x432.jpg 650w, https:\/\/candas365.es\/noticias\/wp-content\/uploads\/2023\/01\/Barca-360x239.jpg 360w, https:\/\/candas365.es\/noticias\/wp-content\/uploads\/2023\/01\/Barca-768x510.jpg 768w, https:\/\/candas365.es\/noticias\/wp-content\/uploads\/2023\/01\/Barca-150x100.jpg 150w, https:\/\/candas365.es\/noticias\/wp-content\/uploads\/2023\/01\/Barca-450x299.jpg 450w, https:\/\/candas365.es\/noticias\/wp-content\/uploads\/2023\/01\/Barca.jpg 1007w\" sizes=\"(max-width: 650px) 100vw, 650px\" \/><figcaption id=\"caption-attachment-170916\" class=\"wp-caption-text\">FOTO: FCB \/ Europa Press<\/figcaption><\/figure>\n<p><strong>El mal inicio (9-21) conden\u00f3 al Bar\u00e7a a las prisas, malas decisiones y una defensa superada por el buen juego turc<\/strong>o. El campe\u00f3n entr\u00f3 fuerte y control\u00f3 a su rival a base de triples, con un Larkin saboreando de nuevo la &#8216;fama&#8217;, para llamar a la puerta de la igualada zona de &#8216;playoffs&#8217;. Los de Sarunas Jasikevicius, con 17 puntos de Higgins en la segunda parte, se pusieron las pilas en el \u00faltimo cuarto con un parcial de 14-0 que no evit\u00f3 la ca\u00edda del liderato europeo, que dejan en solitario al Real Madrid.<\/p>\n<p>Con muchas cuentas pendientes y todo el morbo del mundo, el Bar\u00e7a se borr\u00f3 o no compareci\u00f3 en el primer cuarto ante su verdugo en la final de hace dos campa\u00f1as. El equipo de &#8216;Saras&#8217; dej\u00f3 una pobre puesta en escena que le cost\u00f3 ir a remolque todo el partido, con Micic, Pleiss y Singleton jugando a placer (9-21).<\/p>\n<p>Un triple de Kalinic a los cinco minutos, despu\u00e9s de la primera bronca del t\u00e9cnico lituano, pareci\u00f3 ser la entrada cul\u00e9 al partido, pero el Bar\u00e7a fue penando en todas las facetas del juego. Sin el faro de Mirotic o un Laprovittola con responsabilidad doble por la baja en la direcci\u00f3n de Satoransky, el equipo local sufri\u00f3.<\/p>\n<p>El 1\/7 en triples no era el \u00fanico problema de un Bar\u00e7a con la obligaci\u00f3n de apretar en defensa, porque el Efes no dej\u00f3 de meter, y mejorar mucho su ataque. Sanli sum\u00f3 en la reanudaci\u00f3n y Higgins tuvo una notable entrada en acci\u00f3n, activo como ped\u00eda el partido. Mirotic y Laprovittola mejoraron en su regreso, pero la urgencia conden\u00f3 m\u00e1s de un ataque cul\u00e9. El Bar\u00e7a rem\u00f3 camino al descanso despu\u00e9s de verse 16 abajo y volvi\u00f3 en el segundo tiempo con la marcha m\u00e1s, pero las armas de Efes no perdieron punter\u00eda.<\/p>\n<p>En su tercer partido de la temporada tras lesi\u00f3n, Larkin confirm\u00f3 estar de vuelta castigando desde el triple los intentos catalanes de recortar diferencias. Mirotic llev\u00f3 la bandera azulgrana pero no la sujet\u00f3 mucho tiempo, mientras &#8216;Lapro&#8217; viv\u00eda contrariado su noche err\u00e1tica en el Palau. <strong>El equipo de Ergin Ataman tuvo acierto para poner una nueva m\u00e1xima (43-60) rumbo al \u00faltimo cuarto.<\/strong><\/p>\n<p>Con la p\u00f3lvora mojada,<strong> los jugadores del Bar\u00e7a parec\u00edan aceptar su sentencia, pero un parcial de 14-0 record\u00f3 que esta temporada europea est\u00e1 abierta a todo<\/strong>. El equipo de &#8216;Saras&#8217; luch\u00f3 hasta el final y crey\u00f3 con dos triples de Da Silva. Le entraron a Higgins tambi\u00e9n tarde y el Efes se llev\u00f3 este cl\u00e1sico moderno despu\u00e9s de su mala imagen en el primer plato de la semana en Valencia.<\/p>\n<h2>FICHA T\u00c9CNICA.<\/h2>\n<p>RESULTADO: BAR\u00c7A, 75 &#8211; ANADOLU EFES ESTAMBUL, 80. (28-39, al descanso).<\/p>\n<h2>EQUIPOS.<\/h2>\n<p>BAR\u00c7A: Laprovittola (5), Kuric (2), Kalinic (9), Mirotic (15) y Vesely (4) &#8211;quinteto inicial&#8211;; Da Silva (10), Higgins (17), Sanli (6), Abrines (4), Jokubaitis (3).<\/p>\n<p>ANADOLU EFES ESTAMBUL: Larkin (17), Bryant (2), Micic (17), Singleton (5) y Pleiss (12) &#8211;quinteto inicial&#8211;; Beaubois (11), Clyburn (6), Zizic (-), M&#8217;Baye (9), Dunston (1).<\/p>\n<p>PARCIALES: 9-21, 19-18, 20-23, 27-18.<\/p>\n<p>\u00c1RBITROS: Ryzhyk, Latisevs y Nedovic. Sin eliminados.<\/p>\n<p>PABELL\u00d3N: Palau Blaugrana.<\/p>\n","protected":false},"excerpt":{"rendered":"<p>(EP) &#8211; El Bar\u00e7a cay\u00f3 (75-80) este viernes ante el Anadolu Efes en la jornada 19 de la Euroliga celebrada en el Palau Blaugrana, una mala actuaci\u00f3n desde el salto inicial, con reacci\u00f3n final que no fue suficiente, que descuelga al equipo cul\u00e9 de la cabeza y espabila a un campe\u00f3n que llegaba tocado. El<\/p>\n","protected":false},"author":1,"featured_media":170916,"comment_status":"closed","ping_status":"closed","sticky":false,"template":"","format":"standard","meta":{"footnotes":""},"categories":[319],"tags":[387],"class_list":{"0":"post-170915","1":"post","2":"type-post","3":"status-publish","4":"format-standard","5":"has-post-thumbnail","7":"category-deporte","8":"tag-deporte"},"aioseo_notices":[],"aioseo_head":"\n\t\t<!-- All in One SEO Pro 4.9.6.2 - aioseo.com -->\n\t<meta name=\"description\" content=\"(EP) - El Bar\u00e7a cay\u00f3 (75-80) este viernes ante el Anadolu Efes en la jornada 19 de la Euroliga celebrada en el Palau Blaugrana, una mala actuaci\u00f3n\" \/>\n\t<meta name=\"robots\" content=\"max-image-preview:large\" \/>\n\t<meta name=\"author\" content=\"Cand\u00e1s 365\"\/>\n\t<meta name=\"google-site-verification\" content=\"UA-32230408-1\" \/>\n\t<meta name=\"msvalidate.01\" content=\"354F3CDFB2DA171B47FBE9ABF1F88D5\" \/>\n\t<meta name=\"keywords\" content=\"deporte\" \/>\n\t<link rel=\"canonical\" href=\"https:\/\/candas365.es\/noticias\/euroliga-derrota-del-barca-contra-el-anadolu-efes\/\" \/>\n\t<meta name=\"generator\" content=\"All in One SEO Pro (AIOSEO) 4.9.6.2\" \/>\n\t\t<meta property=\"og:locale\" content=\"es_ES\" \/>\n\t\t<meta property=\"og:site_name\" content=\"Cand\u00e1s 365\" \/>\n\t\t<meta property=\"og:type\" content=\"article\" \/>\n\t\t<meta property=\"og:title\" content=\"Euroliga: Derrota del Bar\u00e7a contra el Anadolu Efes | Cand\u00e1s 365\" \/>\n\t\t<meta property=\"og:description\" content=\"(EP) - El Bar\u00e7a cay\u00f3 (75-80) este viernes ante el Anadolu Efes en la jornada 19 de la Euroliga celebrada en el Palau Blaugrana, una mala actuaci\u00f3n\" \/>\n\t\t<meta property=\"og:url\" content=\"https:\/\/candas365.es\/noticias\/euroliga-derrota-del-barca-contra-el-anadolu-efes\/\" \/>\n\t\t<meta property=\"og:image\" content=\"https:\/\/candas365.es\/noticias\/wp-content\/uploads\/2023\/01\/Barca.jpg\" \/>\n\t\t<meta property=\"og:image:secure_url\" content=\"https:\/\/candas365.es\/noticias\/wp-content\/uploads\/2023\/01\/Barca.jpg\" \/>\n\t\t<meta property=\"og:image:width\" content=\"1007\" \/>\n\t\t<meta property=\"og:image:height\" content=\"669\" \/>\n\t\t<meta property=\"article:published_time\" content=\"2023-01-13T22:39:13+00:00\" \/>\n\t\t<meta property=\"article:modified_time\" content=\"2023-01-13T22:39:13+00:00\" \/>\n\t\t<meta property=\"article:publisher\" content=\"https:\/\/www.facebook.com\/Nachofdezber\" \/>\n\t\t<meta property=\"article:author\" content=\"https:\/\/www.facebook.com\/carrenoactualidad\" \/>\n\t\t<meta name=\"twitter:card\" content=\"summary_large_image\" \/>\n\t\t<meta name=\"twitter:site\" content=\"@NabercoDigital\" \/>\n\t\t<meta name=\"twitter:title\" content=\"Euroliga: Derrota del Bar\u00e7a contra el Anadolu Efes | Cand\u00e1s 365\" \/>\n\t\t<meta name=\"twitter:description\" content=\"(EP) - El Bar\u00e7a cay\u00f3 (75-80) este viernes ante el Anadolu Efes en la jornada 19 de la Euroliga celebrada en el Palau Blaugrana, una mala actuaci\u00f3n\" \/>\n\t\t<meta name=\"twitter:creator\" content=\"@nbasturias\" \/>\n\t\t<meta name=\"twitter:image\" content=\"https:\/\/candas365.es\/noticias\/wp-content\/uploads\/2023\/01\/Barca.jpg\" \/>\n\t\t<meta name=\"twitter:label1\" content=\"Escrito por\" \/>\n\t\t<meta name=\"twitter:data1\" content=\"Cand\u00e1s 365\" \/>\n\t\t<meta name=\"twitter:label2\" content=\"Tiempo de lectura estimado\" \/>\n\t\t<meta name=\"twitter:data2\" content=\"3 minutos\" \/>\n\t\t<script type=\"application\/ld+json\" class=\"aioseo-schema\">\n\t\t\t{\"@context\":\"https:\\\/\\\/schema.org\",\"@graph\":[{\"@type\":\"BreadcrumbList\",\"@id\":\"https:\\\/\\\/candas365.es\\\/noticias\\\/euroliga-derrota-del-barca-contra-el-anadolu-efes\\\/#breadcrumblist\",\"itemListElement\":[{\"@type\":\"ListItem\",\"@id\":\"https:\\\/\\\/candas365.es\\\/noticias#listItem\",\"position\":1,\"name\":\"Home\",\"item\":\"https:\\\/\\\/candas365.es\\\/noticias\",\"nextItem\":{\"@type\":\"ListItem\",\"@id\":\"https:\\\/\\\/candas365.es\\\/noticias\\\/category\\\/deporte\\\/#listItem\",\"name\":\"Deporte\"}},{\"@type\":\"ListItem\",\"@id\":\"https:\\\/\\\/candas365.es\\\/noticias\\\/category\\\/deporte\\\/#listItem\",\"position\":2,\"name\":\"Deporte\",\"item\":\"https:\\\/\\\/candas365.es\\\/noticias\\\/category\\\/deporte\\\/\",\"nextItem\":{\"@type\":\"ListItem\",\"@id\":\"https:\\\/\\\/candas365.es\\\/noticias\\\/euroliga-derrota-del-barca-contra-el-anadolu-efes\\\/#listItem\",\"name\":\"Euroliga: Derrota del Bar\\u00e7a contra el Anadolu Efes\"},\"previousItem\":{\"@type\":\"ListItem\",\"@id\":\"https:\\\/\\\/candas365.es\\\/noticias#listItem\",\"name\":\"Home\"}},{\"@type\":\"ListItem\",\"@id\":\"https:\\\/\\\/candas365.es\\\/noticias\\\/euroliga-derrota-del-barca-contra-el-anadolu-efes\\\/#listItem\",\"position\":3,\"name\":\"Euroliga: Derrota del Bar\\u00e7a contra el Anadolu Efes\",\"previousItem\":{\"@type\":\"ListItem\",\"@id\":\"https:\\\/\\\/candas365.es\\\/noticias\\\/category\\\/deporte\\\/#listItem\",\"name\":\"Deporte\"}}]},{\"@type\":\"NewsArticle\",\"@id\":\"https:\\\/\\\/candas365.es\\\/noticias\\\/euroliga-derrota-del-barca-contra-el-anadolu-efes\\\/#newsarticle\",\"name\":\"Euroliga: Derrota del Bar\\u00e7a contra el Anadolu Efes | Cand\\u00e1s 365\",\"headline\":\"Euroliga: Derrota del Bar\\u00e7a contra el Anadolu Efes\",\"author\":{\"@id\":\"https:\\\/\\\/candas365.es\\\/noticias\\\/author\\\/admin\\\/#author\"},\"publisher\":{\"@id\":\"https:\\\/\\\/candas365.es\\\/noticias\\\/#organization\"},\"image\":{\"@type\":\"ImageObject\",\"url\":\"https:\\\/\\\/candas365.es\\\/noticias\\\/wp-content\\\/uploads\\\/2023\\\/01\\\/Barca.jpg\",\"width\":1007,\"height\":669,\"caption\":\"FOTO: FCB \\\/ Europa Press\"},\"datePublished\":\"2023-01-13T23:39:13+01:00\",\"dateModified\":\"2023-01-13T23:39:13+01:00\",\"inLanguage\":\"es-ES\",\"mainEntityOfPage\":{\"@id\":\"https:\\\/\\\/candas365.es\\\/noticias\\\/euroliga-derrota-del-barca-contra-el-anadolu-efes\\\/#webpage\"},\"isPartOf\":{\"@id\":\"https:\\\/\\\/candas365.es\\\/noticias\\\/euroliga-derrota-del-barca-contra-el-anadolu-efes\\\/#webpage\"},\"articleSection\":\"Deporte, deporte\",\"dateline\":\"Publicado el enero 13, 2023.\"},{\"@type\":\"Organization\",\"@id\":\"https:\\\/\\\/candas365.es\\\/noticias\\\/#organization\",\"name\":\"Cand\\u00e1s 365\",\"description\":\"Cand\\u00e1s 365 es un diario digital independiente, fundado en 2012, con base en Asturias. Informamos con rigor sobre actualidad, sociedad, cultura y ocio, con una mirada local y global.\",\"url\":\"https:\\\/\\\/candas365.es\\\/noticias\\\/\",\"email\":\"info@candas365.es\",\"telephone\":\"+34652131393\",\"foundingDate\":\"2012-06-10\",\"logo\":{\"@type\":\"ImageObject\",\"url\":\"https:\\\/\\\/candas365.es\\\/noticias\\\/wp-content\\\/uploads\\\/2024\\\/09\\\/Candas-365-Redes.jpg\",\"@id\":\"https:\\\/\\\/candas365.es\\\/noticias\\\/euroliga-derrota-del-barca-contra-el-anadolu-efes\\\/#organizationLogo\",\"width\":1152,\"height\":864,\"caption\":\"Cand\\u00e1s 365 Redes\"},\"image\":{\"@id\":\"https:\\\/\\\/candas365.es\\\/noticias\\\/euroliga-derrota-del-barca-contra-el-anadolu-efes\\\/#organizationLogo\"},\"sameAs\":[\"https:\\\/\\\/www.facebook.com\\\/Nachofdezber\",\"https:\\\/\\\/x.com\\\/NabercoDigital\",\"https:\\\/\\\/www.instagram.com\\\/nachofdezber\\\/\",\"https:\\\/\\\/www.youtube.com\\\/channel\\\/UCZP-2wLEB9Rv6erhFmqVnvg\"],\"address\":{\"@id\":\"https:\\\/\\\/candas365.es\\\/noticias\\\/#postaladdress\",\"@type\":\"PostalAddress\",\"streetAddress\":\"san antonio 4, san antonio 4\",\"postalCode\":\"33430\",\"addressLocality\":\"Cand\\u00e1s\",\"addressRegion\":\"Asturias\",\"addressCountry\":\"ES\"}},{\"@type\":\"Person\",\"@id\":\"https:\\\/\\\/candas365.es\\\/noticias\\\/author\\\/admin\\\/#author\",\"url\":\"https:\\\/\\\/candas365.es\\\/noticias\\\/author\\\/admin\\\/\",\"name\":\"Cand\\u00e1s 365\",\"image\":{\"@type\":\"ImageObject\",\"@id\":\"https:\\\/\\\/candas365.es\\\/noticias\\\/euroliga-derrota-del-barca-contra-el-anadolu-efes\\\/#authorImage\",\"url\":\"https:\\\/\\\/secure.gravatar.com\\\/avatar\\\/496a8e03d0c493ede1718b7934145dbdf8d89be1036b0eec9544e1094c9de390?s=96&d=mm&r=g\",\"width\":96,\"height\":96,\"caption\":\"Cand\\u00e1s 365\"},\"sameAs\":[\"https:\\\/\\\/www.facebook.com\\\/carrenoactualidad\",\"https:\\\/\\\/twitter.com\\\/nbasturias\",\"https:\\\/\\\/www.instagram.com\\\/nachofdezber\\\/\",\"https:\\\/\\\/www.youtube.com\\\/channel\\\/UCZP-2wLEB9Rv6erhFmqVnvg\"]},{\"@type\":\"WebPage\",\"@id\":\"https:\\\/\\\/candas365.es\\\/noticias\\\/euroliga-derrota-del-barca-contra-el-anadolu-efes\\\/#webpage\",\"url\":\"https:\\\/\\\/candas365.es\\\/noticias\\\/euroliga-derrota-del-barca-contra-el-anadolu-efes\\\/\",\"name\":\"Euroliga: Derrota del Bar\\u00e7a contra el Anadolu Efes | Cand\\u00e1s 365\",\"description\":\"(EP) - El Bar\\u00e7a cay\\u00f3 (75-80) este viernes ante el Anadolu Efes en la jornada 19 de la Euroliga celebrada en el Palau Blaugrana, una mala actuaci\\u00f3n\",\"inLanguage\":\"es-ES\",\"isPartOf\":{\"@id\":\"https:\\\/\\\/candas365.es\\\/noticias\\\/#website\"},\"breadcrumb\":{\"@id\":\"https:\\\/\\\/candas365.es\\\/noticias\\\/euroliga-derrota-del-barca-contra-el-anadolu-efes\\\/#breadcrumblist\"},\"author\":{\"@id\":\"https:\\\/\\\/candas365.es\\\/noticias\\\/author\\\/admin\\\/#author\"},\"creator\":{\"@id\":\"https:\\\/\\\/candas365.es\\\/noticias\\\/author\\\/admin\\\/#author\"},\"image\":{\"@type\":\"ImageObject\",\"url\":\"https:\\\/\\\/candas365.es\\\/noticias\\\/wp-content\\\/uploads\\\/2023\\\/01\\\/Barca.jpg\",\"@id\":\"https:\\\/\\\/candas365.es\\\/noticias\\\/euroliga-derrota-del-barca-contra-el-anadolu-efes\\\/#mainImage\",\"width\":1007,\"height\":669,\"caption\":\"FOTO: FCB \\\/ Europa Press\"},\"primaryImageOfPage\":{\"@id\":\"https:\\\/\\\/candas365.es\\\/noticias\\\/euroliga-derrota-del-barca-contra-el-anadolu-efes\\\/#mainImage\"},\"datePublished\":\"2023-01-13T23:39:13+01:00\",\"dateModified\":\"2023-01-13T23:39:13+01:00\"},{\"@type\":\"WebSite\",\"@id\":\"https:\\\/\\\/candas365.es\\\/noticias\\\/#website\",\"url\":\"https:\\\/\\\/candas365.es\\\/noticias\\\/\",\"name\":\"Cand\\u00e1s 365\",\"alternateName\":\"Cand\\u00e1s 365 Noticias\",\"description\":\"Actualidad desde Carre\\u00f1o para el mundo\",\"inLanguage\":\"es-ES\",\"publisher\":{\"@id\":\"https:\\\/\\\/candas365.es\\\/noticias\\\/#organization\"}}]}\n\t\t<\/script>\n\t\t<!-- All in One SEO Pro -->\r\n\t\t<title>Euroliga: Derrota del Bar\u00e7a contra el Anadolu Efes | Cand\u00e1s 365<\/title>\n\n","aioseo_head_json":{"title":"Euroliga: Derrota del Bar\u00e7a contra el Anadolu Efes | Cand\u00e1s 365","description":"(EP) - El Bar\u00e7a cay\u00f3 (75-80) este viernes ante el Anadolu Efes en la jornada 19 de la Euroliga celebrada en el Palau Blaugrana, una mala actuaci\u00f3n","canonical_url":"https:\/\/candas365.es\/noticias\/euroliga-derrota-del-barca-contra-el-anadolu-efes\/","robots":"max-image-preview:large","keywords":"deporte","webmasterTools":{"google-site-verification":"UA-32230408-1","msvalidate.01":"354F3CDFB2DA171B47FBE9ABF1F88D5","miscellaneous":""},"schema":{"@context":"https:\/\/schema.org","@graph":[{"@type":"BreadcrumbList","@id":"https:\/\/candas365.es\/noticias\/euroliga-derrota-del-barca-contra-el-anadolu-efes\/#breadcrumblist","itemListElement":[{"@type":"ListItem","@id":"https:\/\/candas365.es\/noticias#listItem","position":1,"name":"Home","item":"https:\/\/candas365.es\/noticias","nextItem":{"@type":"ListItem","@id":"https:\/\/candas365.es\/noticias\/category\/deporte\/#listItem","name":"Deporte"}},{"@type":"ListItem","@id":"https:\/\/candas365.es\/noticias\/category\/deporte\/#listItem","position":2,"name":"Deporte","item":"https:\/\/candas365.es\/noticias\/category\/deporte\/","nextItem":{"@type":"ListItem","@id":"https:\/\/candas365.es\/noticias\/euroliga-derrota-del-barca-contra-el-anadolu-efes\/#listItem","name":"Euroliga: Derrota del Bar\u00e7a contra el Anadolu Efes"},"previousItem":{"@type":"ListItem","@id":"https:\/\/candas365.es\/noticias#listItem","name":"Home"}},{"@type":"ListItem","@id":"https:\/\/candas365.es\/noticias\/euroliga-derrota-del-barca-contra-el-anadolu-efes\/#listItem","position":3,"name":"Euroliga: Derrota del Bar\u00e7a contra el Anadolu Efes","previousItem":{"@type":"ListItem","@id":"https:\/\/candas365.es\/noticias\/category\/deporte\/#listItem","name":"Deporte"}}]},{"@type":"NewsArticle","@id":"https:\/\/candas365.es\/noticias\/euroliga-derrota-del-barca-contra-el-anadolu-efes\/#newsarticle","name":"Euroliga: Derrota del Bar\u00e7a contra el Anadolu Efes | Cand\u00e1s 365","headline":"Euroliga: Derrota del Bar\u00e7a contra el Anadolu Efes","author":{"@id":"https:\/\/candas365.es\/noticias\/author\/admin\/#author"},"publisher":{"@id":"https:\/\/candas365.es\/noticias\/#organization"},"image":{"@type":"ImageObject","url":"https:\/\/candas365.es\/noticias\/wp-content\/uploads\/2023\/01\/Barca.jpg","width":1007,"height":669,"caption":"FOTO: FCB \/ Europa Press"},"datePublished":"2023-01-13T23:39:13+01:00","dateModified":"2023-01-13T23:39:13+01:00","inLanguage":"es-ES","mainEntityOfPage":{"@id":"https:\/\/candas365.es\/noticias\/euroliga-derrota-del-barca-contra-el-anadolu-efes\/#webpage"},"isPartOf":{"@id":"https:\/\/candas365.es\/noticias\/euroliga-derrota-del-barca-contra-el-anadolu-efes\/#webpage"},"articleSection":"Deporte, deporte","dateline":"Publicado el enero 13, 2023."},{"@type":"Organization","@id":"https:\/\/candas365.es\/noticias\/#organization","name":"Cand\u00e1s 365","description":"Cand\u00e1s 365 es un diario digital independiente, fundado en 2012, con base en Asturias. Informamos con rigor sobre actualidad, sociedad, cultura y ocio, con una mirada local y global.","url":"https:\/\/candas365.es\/noticias\/","email":"info@candas365.es","telephone":"+34652131393","foundingDate":"2012-06-10","logo":{"@type":"ImageObject","url":"https:\/\/candas365.es\/noticias\/wp-content\/uploads\/2024\/09\/Candas-365-Redes.jpg","@id":"https:\/\/candas365.es\/noticias\/euroliga-derrota-del-barca-contra-el-anadolu-efes\/#organizationLogo","width":1152,"height":864,"caption":"Cand\u00e1s 365 Redes"},"image":{"@id":"https:\/\/candas365.es\/noticias\/euroliga-derrota-del-barca-contra-el-anadolu-efes\/#organizationLogo"},"sameAs":["https:\/\/www.facebook.com\/Nachofdezber","https:\/\/x.com\/NabercoDigital","https:\/\/www.instagram.com\/nachofdezber\/","https:\/\/www.youtube.com\/channel\/UCZP-2wLEB9Rv6erhFmqVnvg"],"address":{"@id":"https:\/\/candas365.es\/noticias\/#postaladdress","@type":"PostalAddress","streetAddress":"san antonio 4, san antonio 4","postalCode":"33430","addressLocality":"Cand\u00e1s","addressRegion":"Asturias","addressCountry":"ES"}},{"@type":"Person","@id":"https:\/\/candas365.es\/noticias\/author\/admin\/#author","url":"https:\/\/candas365.es\/noticias\/author\/admin\/","name":"Cand\u00e1s 365","image":{"@type":"ImageObject","@id":"https:\/\/candas365.es\/noticias\/euroliga-derrota-del-barca-contra-el-anadolu-efes\/#authorImage","url":"https:\/\/secure.gravatar.com\/avatar\/496a8e03d0c493ede1718b7934145dbdf8d89be1036b0eec9544e1094c9de390?s=96&d=mm&r=g","width":96,"height":96,"caption":"Cand\u00e1s 365"},"sameAs":["https:\/\/www.facebook.com\/carrenoactualidad","https:\/\/twitter.com\/nbasturias","https:\/\/www.instagram.com\/nachofdezber\/","https:\/\/www.youtube.com\/channel\/UCZP-2wLEB9Rv6erhFmqVnvg"]},{"@type":"WebPage","@id":"https:\/\/candas365.es\/noticias\/euroliga-derrota-del-barca-contra-el-anadolu-efes\/#webpage","url":"https:\/\/candas365.es\/noticias\/euroliga-derrota-del-barca-contra-el-anadolu-efes\/","name":"Euroliga: Derrota del Bar\u00e7a contra el Anadolu Efes | Cand\u00e1s 365","description":"(EP) - El Bar\u00e7a cay\u00f3 (75-80) este viernes ante el Anadolu Efes en la jornada 19 de la Euroliga celebrada en el Palau Blaugrana, una mala actuaci\u00f3n","inLanguage":"es-ES","isPartOf":{"@id":"https:\/\/candas365.es\/noticias\/#website"},"breadcrumb":{"@id":"https:\/\/candas365.es\/noticias\/euroliga-derrota-del-barca-contra-el-anadolu-efes\/#breadcrumblist"},"author":{"@id":"https:\/\/candas365.es\/noticias\/author\/admin\/#author"},"creator":{"@id":"https:\/\/candas365.es\/noticias\/author\/admin\/#author"},"image":{"@type":"ImageObject","url":"https:\/\/candas365.es\/noticias\/wp-content\/uploads\/2023\/01\/Barca.jpg","@id":"https:\/\/candas365.es\/noticias\/euroliga-derrota-del-barca-contra-el-anadolu-efes\/#mainImage","width":1007,"height":669,"caption":"FOTO: FCB \/ Europa Press"},"primaryImageOfPage":{"@id":"https:\/\/candas365.es\/noticias\/euroliga-derrota-del-barca-contra-el-anadolu-efes\/#mainImage"},"datePublished":"2023-01-13T23:39:13+01:00","dateModified":"2023-01-13T23:39:13+01:00"},{"@type":"WebSite","@id":"https:\/\/candas365.es\/noticias\/#website","url":"https:\/\/candas365.es\/noticias\/","name":"Cand\u00e1s 365","alternateName":"Cand\u00e1s 365 Noticias","description":"Actualidad desde Carre\u00f1o para el mundo","inLanguage":"es-ES","publisher":{"@id":"https:\/\/candas365.es\/noticias\/#organization"}}]},"og:locale":"es_ES","og:site_name":"Cand\u00e1s 365","og:type":"article","og:title":"Euroliga: Derrota del Bar\u00e7a contra el Anadolu Efes | Cand\u00e1s 365","og:description":"(EP) - El Bar\u00e7a cay\u00f3 (75-80) este viernes ante el Anadolu Efes en la jornada 19 de la Euroliga celebrada en el Palau Blaugrana, una mala actuaci\u00f3n","og:url":"https:\/\/candas365.es\/noticias\/euroliga-derrota-del-barca-contra-el-anadolu-efes\/","og:image":"https:\/\/candas365.es\/noticias\/wp-content\/uploads\/2023\/01\/Barca.jpg","og:image:secure_url":"https:\/\/candas365.es\/noticias\/wp-content\/uploads\/2023\/01\/Barca.jpg","og:image:width":1007,"og:image:height":669,"article:published_time":"2023-01-13T22:39:13+00:00","article:modified_time":"2023-01-13T22:39:13+00:00","article:publisher":"https:\/\/www.facebook.com\/Nachofdezber","article:author":"https:\/\/www.facebook.com\/carrenoactualidad","twitter:card":"summary_large_image","twitter:site":"@NabercoDigital","twitter:title":"Euroliga: Derrota del Bar\u00e7a contra el Anadolu Efes | Cand\u00e1s 365","twitter:description":"(EP) - El Bar\u00e7a cay\u00f3 (75-80) este viernes ante el Anadolu Efes en la jornada 19 de la Euroliga celebrada en el Palau Blaugrana, una mala actuaci\u00f3n","twitter:creator":"@nbasturias","twitter:image":"https:\/\/candas365.es\/noticias\/wp-content\/uploads\/2023\/01\/Barca.jpg","twitter:label1":"Escrito por","twitter:data1":"Cand\u00e1s 365","twitter:label2":"Tiempo de lectura estimado","twitter:data2":"3 minutos"},"aioseo_meta_data":{"post_id":"170915","title":null,"description":"(EP) - El Bar\u00e7a cay\u00f3 (75-80) este viernes ante el Anadolu Efes en la jornada 19 de la Euroliga celebrada en el Palau Blaugrana, una mala actuaci\u00f3n","keywords":[],"keyphrases":{"focus":{"keyphrase":"Bar\u00e7a","score":83,"analysis":{"keyphraseInTitle":{"score":9,"maxScore":9,"error":0},"keyphraseInDescription":{"score":9,"maxScore":9,"error":0},"keyphraseLength":{"score":9,"maxScore":9,"error":0,"length":1},"keyphraseInURL":{"score":1,"maxScore":5,"error":1},"keyphraseInIntroduction":{"score":9,"maxScore":9,"error":0},"keyphraseInSubHeadings":{"score":3,"maxScore":9,"error":1},"keyphraseInImageAlt":{"score":9,"maxScore":9,"error":0}}},"additional":[{"keyphrase":"Bar\u00e7a","score":100,"analysis":{"keyphraseInDescription":{"score":9,"maxScore":9,"error":0},"keyphraseLength":{"score":9,"maxScore":9,"error":0,"length":1},"keyphraseInIntroduction":{"score":9,"maxScore":9,"error":0},"keyphraseInImageAlt":{"score":9,"maxScore":9,"error":0}}},{"keyphrase":"Euroliga","score":83,"analysis":{"keyphraseInDescription":{"score":9,"maxScore":9,"error":0},"keyphraseLength":{"score":9,"maxScore":9,"error":0,"length":1},"keyphraseInIntroduction":{"score":9,"maxScore":9,"error":0},"keyphraseInImageAlt":{"score":3,"maxScore":9,"error":1}}}]},"primary_term":null,"canonical_url":null,"og_title":null,"og_description":null,"og_object_type":"default","og_image_type":"default","og_image_url":null,"og_image_width":null,"og_image_height":null,"og_image_custom_url":null,"og_image_custom_fields":null,"og_video":"","og_custom_url":null,"og_article_section":null,"og_article_tags":[],"twitter_use_og":false,"twitter_card":"default","twitter_image_type":"default","twitter_image_url":null,"twitter_image_custom_url":null,"twitter_image_custom_fields":null,"twitter_title":null,"twitter_description":null,"schema":{"blockGraphs":[],"customGraphs":[],"default":{"data":{"Article":[],"Course":[],"Dataset":[],"FAQPage":[],"Movie":[],"Person":[],"Product":[],"ProductReview":[],"Car":[],"Recipe":[],"Service":[],"SoftwareApplication":[],"WebPage":[]},"graphName":"Article","isEnabled":true},"graphs":[]},"schema_type":"default","schema_type_options":null,"pillar_content":false,"robots_default":true,"robots_noindex":false,"robots_noarchive":false,"robots_nosnippet":false,"robots_nofollow":false,"robots_noimageindex":false,"robots_noodp":false,"robots_notranslate":false,"robots_max_snippet":"-1","robots_max_videopreview":"-1","robots_max_imagepreview":"large","priority":null,"frequency":"default","location":null,"local_seo":null,"seo_analyzer_scan_date":"2025-09-01 17:59:18","breadcrumb_settings":null,"limit_modified_date":false,"reviewed_by":null,"open_ai":null,"ai":null,"created":"2023-01-13 22:30:07","updated":"2025-09-01 17:59:18"},"aioseo_breadcrumb":"<div class=\"aioseo-breadcrumbs\"><span class=\"aioseo-breadcrumb\">\n\t<a href=\"https:\/\/candas365.es\/noticias\" title=\"Home\">Home<\/a>\n<\/span><span class=\"aioseo-breadcrumb-separator\">&ndash;<\/span><span class=\"aioseo-breadcrumb\">\n\t<a href=\"https:\/\/candas365.es\/noticias\/category\/deporte\/\" title=\"Deporte\">Deporte<\/a>\n<\/span><span class=\"aioseo-breadcrumb-separator\">&ndash;<\/span><span class=\"aioseo-breadcrumb\">\n\tEuroliga: Derrota del Bar\u00e7a contra el Anadolu Efes\n<\/span><\/div>","aioseo_breadcrumb_json":[{"label":"Home","link":"https:\/\/candas365.es\/noticias"},{"label":"Deporte","link":"https:\/\/candas365.es\/noticias\/category\/deporte\/"},{"label":"Euroliga: Derrota del Bar\u00e7a contra el Anadolu Efes","link":"https:\/\/candas365.es\/noticias\/euroliga-derrota-del-barca-contra-el-anadolu-efes\/"}],"_links":{"self":[{"href":"https:\/\/candas365.es\/noticias\/wp-json\/wp\/v2\/posts\/170915","targetHints":{"allow":["GET"]}}],"collection":[{"href":"https:\/\/candas365.es\/noticias\/wp-json\/wp\/v2\/posts"}],"about":[{"href":"https:\/\/candas365.es\/noticias\/wp-json\/wp\/v2\/types\/post"}],"author":[{"embeddable":true,"href":"https:\/\/candas365.es\/noticias\/wp-json\/wp\/v2\/users\/1"}],"replies":[{"embeddable":true,"href":"https:\/\/candas365.es\/noticias\/wp-json\/wp\/v2\/comments?post=170915"}],"version-history":[{"count":0,"href":"https:\/\/candas365.es\/noticias\/wp-json\/wp\/v2\/posts\/170915\/revisions"}],"wp:featuredmedia":[{"embeddable":true,"href":"https:\/\/candas365.es\/noticias\/wp-json\/wp\/v2\/media\/170916"}],"wp:attachment":[{"href":"https:\/\/candas365.es\/noticias\/wp-json\/wp\/v2\/media?parent=170915"}],"wp:term":[{"taxonomy":"category","embeddable":true,"href":"https:\/\/candas365.es\/noticias\/wp-json\/wp\/v2\/categories?post=170915"},{"taxonomy":"post_tag","embeddable":true,"href":"https:\/\/candas365.es\/noticias\/wp-json\/wp\/v2\/tags?post=170915"}],"curies":[{"name":"wp","href":"https:\/\/api.w.org\/{rel}","templated":true}]}}