{"id":170674,"date":"2023-01-07T20:17:29","date_gmt":"2023-01-07T19:17:29","guid":{"rendered":"https:\/\/candas365.es\/noticias\/?p=170674"},"modified":"2023-01-07T20:17:29","modified_gmt":"2023-01-07T19:17:29","slug":"controlado-el-incendio-forestal-de-valcarlos","status":"publish","type":"post","link":"https:\/\/candas365.es\/noticias\/controlado-el-incendio-forestal-de-valcarlos\/","title":{"rendered":"Controlado el incendio forestal de Valcarlos"},"content":{"rendered":"<p>(EP) &#8211; Los efectivos de bomberos han conseguido este domingo dar por controlado el incendio forestal declarado este viernes por la tarde en una zona de <strong>pastos de dif\u00edcil acceso en la zona de Azoleta<\/strong>, en la localidad de Valcarlos. <strong>Ya han comenzado a retirarse los medios de extinci\u00f3n, seg\u00fan ha informado SOS Navarra 112 en sus redes sociales.<\/strong><\/p>\n<figure id=\"attachment_170675\" aria-describedby=\"caption-attachment-170675\" style=\"width: 650px\" class=\"wp-caption aligncenter\"><img fetchpriority=\"high\" decoding=\"async\" class=\"wp-image-170675 size-large\" src=\"https:\/\/candas365.es\/noticias\/wp-content\/uploads\/2023\/01\/Valcarlos-650x366.jpg\" alt=\"Valcarlos\" width=\"650\" height=\"366\" srcset=\"https:\/\/candas365.es\/noticias\/wp-content\/uploads\/2023\/01\/Valcarlos-650x366.jpg 650w, https:\/\/candas365.es\/noticias\/wp-content\/uploads\/2023\/01\/Valcarlos-360x203.jpg 360w, https:\/\/candas365.es\/noticias\/wp-content\/uploads\/2023\/01\/Valcarlos-768x433.jpg 768w, https:\/\/candas365.es\/noticias\/wp-content\/uploads\/2023\/01\/Valcarlos-150x85.jpg 150w, https:\/\/candas365.es\/noticias\/wp-content\/uploads\/2023\/01\/Valcarlos-450x254.jpg 450w, https:\/\/candas365.es\/noticias\/wp-content\/uploads\/2023\/01\/Valcarlos.jpg 1118w\" sizes=\"(max-width: 650px) 100vw, 650px\" \/><figcaption id=\"caption-attachment-170675\" class=\"wp-caption-text\">FOTO: BOMBEROS DE NAVARRA \/ Europa Press<\/figcaption><\/figure>\n<p>Las labores de extinci\u00f3n del fuego se han visto complicadas por las fuertes rachas de viento en la zona, alcanzando los 100 kil\u00f3metros por horas, y que han impedido el uso de medios a\u00e9reos.<\/p>\n<p>El servicio de Protecci\u00f3n Civil ha activado a las 08.00 horas de este s\u00e1bado el nivel de preemergencia (Situaci\u00f3n 0) del plan especial de Incendios Forestales de Navarra (INFONA), para llevar a cabo una valoraci\u00f3n permanente de la posible evoluci\u00f3n del fuego, que no ha afectado a viviendas ni masas forestales importantes.<\/p>\n<p>El fuerte viento en la zona y la orograf\u00eda complicada del \u00e1rea afectada dificultan las labores de los bomberos, que han estado trabajando para controlar el incendio durante la tarde de ayer y toda la noche con ayuda de ocho veh\u00edculos. <strong>Durante la noche, se ha desalojado en prevenci\u00f3n el caser\u00edo Argina, en el barrio de Azoleta, aunque el inmueble se encuentra alejado de la l\u00ednea de fuego y no ha sufrido da\u00f1os.<\/strong><\/p>\n<p>La sala de gesti\u00f3n de emergencias de SOS Navarra 112 recibi\u00f3 aviso del suceso ayer viernes alrededor de las 16.15 horas y moviliz\u00f3 efectivos de bomberos de los parques de Burguete, Cordovilla y bomberos voluntarios de Valcarlos. Junto a los bomberos, se ha activado un dispositivo de apoyo formado por efectivos del Guarder\u00edo de Medio Ambiente y patrullas de la Polic\u00eda Foral y la Guardia Civil.<\/p>\n","protected":false},"excerpt":{"rendered":"<p>(EP) &#8211; Los efectivos de bomberos han conseguido este domingo dar por controlado el incendio forestal declarado este viernes por la tarde en una zona de pastos de dif\u00edcil acceso en la zona de Azoleta, en la localidad de Valcarlos. Ya han comenzado a retirarse los medios de extinci\u00f3n, seg\u00fan ha informado SOS Navarra 112<\/p>\n","protected":false},"author":1,"featured_media":170675,"comment_status":"closed","ping_status":"closed","sticky":false,"template":"","format":"standard","meta":{"footnotes":""},"categories":[487],"tags":[391],"class_list":{"0":"post-170674","1":"post","2":"type-post","3":"status-publish","4":"format-standard","5":"has-post-thumbnail","7":"category-sucesos","8":"tag-sucesos"},"aioseo_notices":[],"aioseo_head":"\n\t\t<!-- All in One SEO Pro 4.9.6.2 - aioseo.com -->\n\t<meta name=\"description\" content=\"(EP) - Los efectivos de bomberos han conseguido este domingo dar por controlado el incendio forestal declarado este viernes por la tarde en una zona de pastos\" \/>\n\t<meta name=\"robots\" content=\"max-image-preview:large\" \/>\n\t<meta name=\"author\" content=\"Cand\u00e1s 365\"\/>\n\t<meta name=\"google-site-verification\" content=\"UA-32230408-1\" \/>\n\t<meta name=\"msvalidate.01\" content=\"354F3CDFB2DA171B47FBE9ABF1F88D5\" \/>\n\t<meta name=\"keywords\" content=\"sucesos\" \/>\n\t<link rel=\"canonical\" href=\"https:\/\/candas365.es\/noticias\/controlado-el-incendio-forestal-de-valcarlos\/\" \/>\n\t<meta name=\"generator\" content=\"All in One SEO Pro (AIOSEO) 4.9.6.2\" \/>\n\t\t<meta property=\"og:locale\" content=\"es_ES\" \/>\n\t\t<meta property=\"og:site_name\" content=\"Cand\u00e1s 365\" \/>\n\t\t<meta property=\"og:type\" content=\"article\" \/>\n\t\t<meta property=\"og:title\" content=\"Controlado el incendio forestal de Valcarlos | Cand\u00e1s 365\" \/>\n\t\t<meta property=\"og:description\" content=\"(EP) - Los efectivos de bomberos han conseguido este domingo dar por controlado el incendio forestal declarado este viernes por la tarde en una zona de pastos\" \/>\n\t\t<meta property=\"og:url\" content=\"https:\/\/candas365.es\/noticias\/controlado-el-incendio-forestal-de-valcarlos\/\" \/>\n\t\t<meta property=\"og:image\" content=\"https:\/\/candas365.es\/noticias\/wp-content\/uploads\/2023\/01\/Valcarlos.jpg\" \/>\n\t\t<meta property=\"og:image:secure_url\" content=\"https:\/\/candas365.es\/noticias\/wp-content\/uploads\/2023\/01\/Valcarlos.jpg\" \/>\n\t\t<meta property=\"og:image:width\" content=\"1118\" \/>\n\t\t<meta property=\"og:image:height\" content=\"630\" \/>\n\t\t<meta property=\"article:published_time\" content=\"2023-01-07T19:17:29+00:00\" \/>\n\t\t<meta property=\"article:modified_time\" content=\"2023-01-07T19:17:29+00:00\" \/>\n\t\t<meta property=\"article:publisher\" content=\"https:\/\/www.facebook.com\/Nachofdezber\" \/>\n\t\t<meta property=\"article:author\" content=\"https:\/\/www.facebook.com\/carrenoactualidad\" \/>\n\t\t<meta name=\"twitter:card\" content=\"summary_large_image\" \/>\n\t\t<meta name=\"twitter:site\" content=\"@NabercoDigital\" \/>\n\t\t<meta name=\"twitter:title\" content=\"Controlado el incendio forestal de Valcarlos | Cand\u00e1s 365\" \/>\n\t\t<meta name=\"twitter:description\" content=\"(EP) - Los efectivos de bomberos han conseguido este domingo dar por controlado el incendio forestal declarado este viernes por la tarde en una zona de pastos\" \/>\n\t\t<meta name=\"twitter:creator\" content=\"@nbasturias\" \/>\n\t\t<meta name=\"twitter:image\" content=\"https:\/\/candas365.es\/noticias\/wp-content\/uploads\/2023\/01\/Valcarlos.jpg\" \/>\n\t\t<meta name=\"twitter:label1\" content=\"Escrito por\" \/>\n\t\t<meta name=\"twitter:data1\" content=\"Cand\u00e1s 365\" \/>\n\t\t<meta name=\"twitter:label2\" content=\"Tiempo de lectura estimado\" \/>\n\t\t<meta name=\"twitter:data2\" content=\"2 minutos\" \/>\n\t\t<script type=\"application\/ld+json\" class=\"aioseo-schema\">\n\t\t\t{\"@context\":\"https:\\\/\\\/schema.org\",\"@graph\":[{\"@type\":\"BreadcrumbList\",\"@id\":\"https:\\\/\\\/candas365.es\\\/noticias\\\/controlado-el-incendio-forestal-de-valcarlos\\\/#breadcrumblist\",\"itemListElement\":[{\"@type\":\"ListItem\",\"@id\":\"https:\\\/\\\/candas365.es\\\/noticias#listItem\",\"position\":1,\"name\":\"Home\",\"item\":\"https:\\\/\\\/candas365.es\\\/noticias\",\"nextItem\":{\"@type\":\"ListItem\",\"@id\":\"https:\\\/\\\/candas365.es\\\/noticias\\\/category\\\/sucesos\\\/#listItem\",\"name\":\"Sucesos\"}},{\"@type\":\"ListItem\",\"@id\":\"https:\\\/\\\/candas365.es\\\/noticias\\\/category\\\/sucesos\\\/#listItem\",\"position\":2,\"name\":\"Sucesos\",\"item\":\"https:\\\/\\\/candas365.es\\\/noticias\\\/category\\\/sucesos\\\/\",\"nextItem\":{\"@type\":\"ListItem\",\"@id\":\"https:\\\/\\\/candas365.es\\\/noticias\\\/controlado-el-incendio-forestal-de-valcarlos\\\/#listItem\",\"name\":\"Controlado el incendio forestal de Valcarlos\"},\"previousItem\":{\"@type\":\"ListItem\",\"@id\":\"https:\\\/\\\/candas365.es\\\/noticias#listItem\",\"name\":\"Home\"}},{\"@type\":\"ListItem\",\"@id\":\"https:\\\/\\\/candas365.es\\\/noticias\\\/controlado-el-incendio-forestal-de-valcarlos\\\/#listItem\",\"position\":3,\"name\":\"Controlado el incendio forestal de Valcarlos\",\"previousItem\":{\"@type\":\"ListItem\",\"@id\":\"https:\\\/\\\/candas365.es\\\/noticias\\\/category\\\/sucesos\\\/#listItem\",\"name\":\"Sucesos\"}}]},{\"@type\":\"NewsArticle\",\"@id\":\"https:\\\/\\\/candas365.es\\\/noticias\\\/controlado-el-incendio-forestal-de-valcarlos\\\/#newsarticle\",\"name\":\"Controlado el incendio forestal de Valcarlos | Cand\\u00e1s 365\",\"headline\":\"Controlado el incendio forestal de Valcarlos\",\"author\":{\"@id\":\"https:\\\/\\\/candas365.es\\\/noticias\\\/author\\\/admin\\\/#author\"},\"publisher\":{\"@id\":\"https:\\\/\\\/candas365.es\\\/noticias\\\/#organization\"},\"image\":{\"@type\":\"ImageObject\",\"url\":\"https:\\\/\\\/candas365.es\\\/noticias\\\/wp-content\\\/uploads\\\/2023\\\/01\\\/Valcarlos.jpg\",\"width\":1118,\"height\":630,\"caption\":\"FOTO: BOMBEROS DE NAVARRA \\\/ Europa Press\"},\"datePublished\":\"2023-01-07T20:17:29+01:00\",\"dateModified\":\"2023-01-07T20:17:29+01:00\",\"inLanguage\":\"es-ES\",\"mainEntityOfPage\":{\"@id\":\"https:\\\/\\\/candas365.es\\\/noticias\\\/controlado-el-incendio-forestal-de-valcarlos\\\/#webpage\"},\"isPartOf\":{\"@id\":\"https:\\\/\\\/candas365.es\\\/noticias\\\/controlado-el-incendio-forestal-de-valcarlos\\\/#webpage\"},\"articleSection\":\"Sucesos, sucesos\",\"dateline\":\"Publicado el enero 7, 2023.\"},{\"@type\":\"Organization\",\"@id\":\"https:\\\/\\\/candas365.es\\\/noticias\\\/#organization\",\"name\":\"Cand\\u00e1s 365\",\"description\":\"Cand\\u00e1s 365 es un diario digital independiente, fundado en 2012, con base en Asturias. Informamos con rigor sobre actualidad, sociedad, cultura y ocio, con una mirada local y global.\",\"url\":\"https:\\\/\\\/candas365.es\\\/noticias\\\/\",\"email\":\"info@candas365.es\",\"telephone\":\"+34652131393\",\"foundingDate\":\"2012-06-10\",\"logo\":{\"@type\":\"ImageObject\",\"url\":\"https:\\\/\\\/candas365.es\\\/noticias\\\/wp-content\\\/uploads\\\/2024\\\/09\\\/Candas-365-Redes.jpg\",\"@id\":\"https:\\\/\\\/candas365.es\\\/noticias\\\/controlado-el-incendio-forestal-de-valcarlos\\\/#organizationLogo\",\"width\":1152,\"height\":864,\"caption\":\"Cand\\u00e1s 365 Redes\"},\"image\":{\"@id\":\"https:\\\/\\\/candas365.es\\\/noticias\\\/controlado-el-incendio-forestal-de-valcarlos\\\/#organizationLogo\"},\"sameAs\":[\"https:\\\/\\\/www.facebook.com\\\/Nachofdezber\",\"https:\\\/\\\/x.com\\\/NabercoDigital\",\"https:\\\/\\\/www.instagram.com\\\/nachofdezber\\\/\",\"https:\\\/\\\/www.youtube.com\\\/channel\\\/UCZP-2wLEB9Rv6erhFmqVnvg\"],\"address\":{\"@id\":\"https:\\\/\\\/candas365.es\\\/noticias\\\/#postaladdress\",\"@type\":\"PostalAddress\",\"streetAddress\":\"san antonio 4, san antonio 4\",\"postalCode\":\"33430\",\"addressLocality\":\"Cand\\u00e1s\",\"addressRegion\":\"Asturias\",\"addressCountry\":\"ES\"}},{\"@type\":\"Person\",\"@id\":\"https:\\\/\\\/candas365.es\\\/noticias\\\/author\\\/admin\\\/#author\",\"url\":\"https:\\\/\\\/candas365.es\\\/noticias\\\/author\\\/admin\\\/\",\"name\":\"Cand\\u00e1s 365\",\"image\":{\"@type\":\"ImageObject\",\"@id\":\"https:\\\/\\\/candas365.es\\\/noticias\\\/controlado-el-incendio-forestal-de-valcarlos\\\/#authorImage\",\"url\":\"https:\\\/\\\/secure.gravatar.com\\\/avatar\\\/496a8e03d0c493ede1718b7934145dbdf8d89be1036b0eec9544e1094c9de390?s=96&d=mm&r=g\",\"width\":96,\"height\":96,\"caption\":\"Cand\\u00e1s 365\"},\"sameAs\":[\"https:\\\/\\\/www.facebook.com\\\/carrenoactualidad\",\"https:\\\/\\\/twitter.com\\\/nbasturias\",\"https:\\\/\\\/www.instagram.com\\\/nachofdezber\\\/\",\"https:\\\/\\\/www.youtube.com\\\/channel\\\/UCZP-2wLEB9Rv6erhFmqVnvg\"]},{\"@type\":\"WebPage\",\"@id\":\"https:\\\/\\\/candas365.es\\\/noticias\\\/controlado-el-incendio-forestal-de-valcarlos\\\/#webpage\",\"url\":\"https:\\\/\\\/candas365.es\\\/noticias\\\/controlado-el-incendio-forestal-de-valcarlos\\\/\",\"name\":\"Controlado el incendio forestal de Valcarlos | Cand\\u00e1s 365\",\"description\":\"(EP) - Los efectivos de bomberos han conseguido este domingo dar por controlado el incendio forestal declarado este viernes por la tarde en una zona de pastos\",\"inLanguage\":\"es-ES\",\"isPartOf\":{\"@id\":\"https:\\\/\\\/candas365.es\\\/noticias\\\/#website\"},\"breadcrumb\":{\"@id\":\"https:\\\/\\\/candas365.es\\\/noticias\\\/controlado-el-incendio-forestal-de-valcarlos\\\/#breadcrumblist\"},\"author\":{\"@id\":\"https:\\\/\\\/candas365.es\\\/noticias\\\/author\\\/admin\\\/#author\"},\"creator\":{\"@id\":\"https:\\\/\\\/candas365.es\\\/noticias\\\/author\\\/admin\\\/#author\"},\"image\":{\"@type\":\"ImageObject\",\"url\":\"https:\\\/\\\/candas365.es\\\/noticias\\\/wp-content\\\/uploads\\\/2023\\\/01\\\/Valcarlos.jpg\",\"@id\":\"https:\\\/\\\/candas365.es\\\/noticias\\\/controlado-el-incendio-forestal-de-valcarlos\\\/#mainImage\",\"width\":1118,\"height\":630,\"caption\":\"FOTO: BOMBEROS DE NAVARRA \\\/ Europa Press\"},\"primaryImageOfPage\":{\"@id\":\"https:\\\/\\\/candas365.es\\\/noticias\\\/controlado-el-incendio-forestal-de-valcarlos\\\/#mainImage\"},\"datePublished\":\"2023-01-07T20:17:29+01:00\",\"dateModified\":\"2023-01-07T20:17:29+01:00\"},{\"@type\":\"WebSite\",\"@id\":\"https:\\\/\\\/candas365.es\\\/noticias\\\/#website\",\"url\":\"https:\\\/\\\/candas365.es\\\/noticias\\\/\",\"name\":\"Cand\\u00e1s 365\",\"alternateName\":\"Cand\\u00e1s 365 Noticias\",\"description\":\"Actualidad desde Carre\\u00f1o para el mundo\",\"inLanguage\":\"es-ES\",\"publisher\":{\"@id\":\"https:\\\/\\\/candas365.es\\\/noticias\\\/#organization\"}}]}\n\t\t<\/script>\n\t\t<!-- All in One SEO Pro -->\r\n\t\t<title>Controlado el incendio forestal de Valcarlos | Cand\u00e1s 365<\/title>\n\n","aioseo_head_json":{"title":"Controlado el incendio forestal de Valcarlos | Cand\u00e1s 365","description":"(EP) - Los efectivos de bomberos han conseguido este domingo dar por controlado el incendio forestal declarado este viernes por la tarde en una zona de pastos","canonical_url":"https:\/\/candas365.es\/noticias\/controlado-el-incendio-forestal-de-valcarlos\/","robots":"max-image-preview:large","keywords":"sucesos","webmasterTools":{"google-site-verification":"UA-32230408-1","msvalidate.01":"354F3CDFB2DA171B47FBE9ABF1F88D5","miscellaneous":""},"schema":{"@context":"https:\/\/schema.org","@graph":[{"@type":"BreadcrumbList","@id":"https:\/\/candas365.es\/noticias\/controlado-el-incendio-forestal-de-valcarlos\/#breadcrumblist","itemListElement":[{"@type":"ListItem","@id":"https:\/\/candas365.es\/noticias#listItem","position":1,"name":"Home","item":"https:\/\/candas365.es\/noticias","nextItem":{"@type":"ListItem","@id":"https:\/\/candas365.es\/noticias\/category\/sucesos\/#listItem","name":"Sucesos"}},{"@type":"ListItem","@id":"https:\/\/candas365.es\/noticias\/category\/sucesos\/#listItem","position":2,"name":"Sucesos","item":"https:\/\/candas365.es\/noticias\/category\/sucesos\/","nextItem":{"@type":"ListItem","@id":"https:\/\/candas365.es\/noticias\/controlado-el-incendio-forestal-de-valcarlos\/#listItem","name":"Controlado el incendio forestal de Valcarlos"},"previousItem":{"@type":"ListItem","@id":"https:\/\/candas365.es\/noticias#listItem","name":"Home"}},{"@type":"ListItem","@id":"https:\/\/candas365.es\/noticias\/controlado-el-incendio-forestal-de-valcarlos\/#listItem","position":3,"name":"Controlado el incendio forestal de Valcarlos","previousItem":{"@type":"ListItem","@id":"https:\/\/candas365.es\/noticias\/category\/sucesos\/#listItem","name":"Sucesos"}}]},{"@type":"NewsArticle","@id":"https:\/\/candas365.es\/noticias\/controlado-el-incendio-forestal-de-valcarlos\/#newsarticle","name":"Controlado el incendio forestal de Valcarlos | Cand\u00e1s 365","headline":"Controlado el incendio forestal de Valcarlos","author":{"@id":"https:\/\/candas365.es\/noticias\/author\/admin\/#author"},"publisher":{"@id":"https:\/\/candas365.es\/noticias\/#organization"},"image":{"@type":"ImageObject","url":"https:\/\/candas365.es\/noticias\/wp-content\/uploads\/2023\/01\/Valcarlos.jpg","width":1118,"height":630,"caption":"FOTO: BOMBEROS DE NAVARRA \/ Europa Press"},"datePublished":"2023-01-07T20:17:29+01:00","dateModified":"2023-01-07T20:17:29+01:00","inLanguage":"es-ES","mainEntityOfPage":{"@id":"https:\/\/candas365.es\/noticias\/controlado-el-incendio-forestal-de-valcarlos\/#webpage"},"isPartOf":{"@id":"https:\/\/candas365.es\/noticias\/controlado-el-incendio-forestal-de-valcarlos\/#webpage"},"articleSection":"Sucesos, sucesos","dateline":"Publicado el enero 7, 2023."},{"@type":"Organization","@id":"https:\/\/candas365.es\/noticias\/#organization","name":"Cand\u00e1s 365","description":"Cand\u00e1s 365 es un diario digital independiente, fundado en 2012, con base en Asturias. Informamos con rigor sobre actualidad, sociedad, cultura y ocio, con una mirada local y global.","url":"https:\/\/candas365.es\/noticias\/","email":"info@candas365.es","telephone":"+34652131393","foundingDate":"2012-06-10","logo":{"@type":"ImageObject","url":"https:\/\/candas365.es\/noticias\/wp-content\/uploads\/2024\/09\/Candas-365-Redes.jpg","@id":"https:\/\/candas365.es\/noticias\/controlado-el-incendio-forestal-de-valcarlos\/#organizationLogo","width":1152,"height":864,"caption":"Cand\u00e1s 365 Redes"},"image":{"@id":"https:\/\/candas365.es\/noticias\/controlado-el-incendio-forestal-de-valcarlos\/#organizationLogo"},"sameAs":["https:\/\/www.facebook.com\/Nachofdezber","https:\/\/x.com\/NabercoDigital","https:\/\/www.instagram.com\/nachofdezber\/","https:\/\/www.youtube.com\/channel\/UCZP-2wLEB9Rv6erhFmqVnvg"],"address":{"@id":"https:\/\/candas365.es\/noticias\/#postaladdress","@type":"PostalAddress","streetAddress":"san antonio 4, san antonio 4","postalCode":"33430","addressLocality":"Cand\u00e1s","addressRegion":"Asturias","addressCountry":"ES"}},{"@type":"Person","@id":"https:\/\/candas365.es\/noticias\/author\/admin\/#author","url":"https:\/\/candas365.es\/noticias\/author\/admin\/","name":"Cand\u00e1s 365","image":{"@type":"ImageObject","@id":"https:\/\/candas365.es\/noticias\/controlado-el-incendio-forestal-de-valcarlos\/#authorImage","url":"https:\/\/secure.gravatar.com\/avatar\/496a8e03d0c493ede1718b7934145dbdf8d89be1036b0eec9544e1094c9de390?s=96&d=mm&r=g","width":96,"height":96,"caption":"Cand\u00e1s 365"},"sameAs":["https:\/\/www.facebook.com\/carrenoactualidad","https:\/\/twitter.com\/nbasturias","https:\/\/www.instagram.com\/nachofdezber\/","https:\/\/www.youtube.com\/channel\/UCZP-2wLEB9Rv6erhFmqVnvg"]},{"@type":"WebPage","@id":"https:\/\/candas365.es\/noticias\/controlado-el-incendio-forestal-de-valcarlos\/#webpage","url":"https:\/\/candas365.es\/noticias\/controlado-el-incendio-forestal-de-valcarlos\/","name":"Controlado el incendio forestal de Valcarlos | Cand\u00e1s 365","description":"(EP) - Los efectivos de bomberos han conseguido este domingo dar por controlado el incendio forestal declarado este viernes por la tarde en una zona de pastos","inLanguage":"es-ES","isPartOf":{"@id":"https:\/\/candas365.es\/noticias\/#website"},"breadcrumb":{"@id":"https:\/\/candas365.es\/noticias\/controlado-el-incendio-forestal-de-valcarlos\/#breadcrumblist"},"author":{"@id":"https:\/\/candas365.es\/noticias\/author\/admin\/#author"},"creator":{"@id":"https:\/\/candas365.es\/noticias\/author\/admin\/#author"},"image":{"@type":"ImageObject","url":"https:\/\/candas365.es\/noticias\/wp-content\/uploads\/2023\/01\/Valcarlos.jpg","@id":"https:\/\/candas365.es\/noticias\/controlado-el-incendio-forestal-de-valcarlos\/#mainImage","width":1118,"height":630,"caption":"FOTO: BOMBEROS DE NAVARRA \/ Europa Press"},"primaryImageOfPage":{"@id":"https:\/\/candas365.es\/noticias\/controlado-el-incendio-forestal-de-valcarlos\/#mainImage"},"datePublished":"2023-01-07T20:17:29+01:00","dateModified":"2023-01-07T20:17:29+01:00"},{"@type":"WebSite","@id":"https:\/\/candas365.es\/noticias\/#website","url":"https:\/\/candas365.es\/noticias\/","name":"Cand\u00e1s 365","alternateName":"Cand\u00e1s 365 Noticias","description":"Actualidad desde Carre\u00f1o para el mundo","inLanguage":"es-ES","publisher":{"@id":"https:\/\/candas365.es\/noticias\/#organization"}}]},"og:locale":"es_ES","og:site_name":"Cand\u00e1s 365","og:type":"article","og:title":"Controlado el incendio forestal de Valcarlos | Cand\u00e1s 365","og:description":"(EP) - Los efectivos de bomberos han conseguido este domingo dar por controlado el incendio forestal declarado este viernes por la tarde en una zona de pastos","og:url":"https:\/\/candas365.es\/noticias\/controlado-el-incendio-forestal-de-valcarlos\/","og:image":"https:\/\/candas365.es\/noticias\/wp-content\/uploads\/2023\/01\/Valcarlos.jpg","og:image:secure_url":"https:\/\/candas365.es\/noticias\/wp-content\/uploads\/2023\/01\/Valcarlos.jpg","og:image:width":1118,"og:image:height":630,"article:published_time":"2023-01-07T19:17:29+00:00","article:modified_time":"2023-01-07T19:17:29+00:00","article:publisher":"https:\/\/www.facebook.com\/Nachofdezber","article:author":"https:\/\/www.facebook.com\/carrenoactualidad","twitter:card":"summary_large_image","twitter:site":"@NabercoDigital","twitter:title":"Controlado el incendio forestal de Valcarlos | Cand\u00e1s 365","twitter:description":"(EP) - Los efectivos de bomberos han conseguido este domingo dar por controlado el incendio forestal declarado este viernes por la tarde en una zona de pastos","twitter:creator":"@nbasturias","twitter:image":"https:\/\/candas365.es\/noticias\/wp-content\/uploads\/2023\/01\/Valcarlos.jpg","twitter:label1":"Escrito por","twitter:data1":"Cand\u00e1s 365","twitter:label2":"Tiempo de lectura estimado","twitter:data2":"2 minutos"},"aioseo_meta_data":{"post_id":"170674","title":null,"description":"(EP) - Los efectivos de bomberos han conseguido este domingo dar por controlado el incendio forestal declarado este viernes por la tarde en una zona de pastos","keywords":[],"keyphrases":{"focus":{"keyphrase":"incendio","score":80,"analysis":{"keyphraseInTitle":{"score":9,"maxScore":9,"error":0},"keyphraseInDescription":{"score":9,"maxScore":9,"error":0},"keyphraseLength":{"score":9,"maxScore":9,"error":0,"length":1},"keyphraseInURL":{"score":1,"maxScore":5,"error":1},"keyphraseInIntroduction":{"score":9,"maxScore":9,"error":0},"keyphraseInSubHeadings":[],"keyphraseInImageAlt":{"score":3,"maxScore":9,"error":1}}},"additional":[{"keyphrase":"incendio forestal ","score":83,"analysis":{"keyphraseInDescription":{"score":9,"maxScore":9,"error":0},"keyphraseLength":{"score":9,"maxScore":9,"error":0,"length":2},"keyphraseInIntroduction":{"score":9,"maxScore":9,"error":0},"keyphraseInImageAlt":{"score":3,"maxScore":9,"error":1}}},{"keyphrase":"incendio","score":83,"analysis":{"keyphraseInDescription":{"score":9,"maxScore":9,"error":0},"keyphraseLength":{"score":9,"maxScore":9,"error":0,"length":1},"keyphraseInIntroduction":{"score":9,"maxScore":9,"error":0},"keyphraseInImageAlt":{"score":3,"maxScore":9,"error":1}}}]},"primary_term":null,"canonical_url":null,"og_title":null,"og_description":null,"og_object_type":"default","og_image_type":"default","og_image_url":null,"og_image_width":null,"og_image_height":null,"og_image_custom_url":null,"og_image_custom_fields":null,"og_video":"","og_custom_url":null,"og_article_section":null,"og_article_tags":[],"twitter_use_og":false,"twitter_card":"default","twitter_image_type":"default","twitter_image_url":null,"twitter_image_custom_url":null,"twitter_image_custom_fields":null,"twitter_title":null,"twitter_description":null,"schema":{"blockGraphs":[],"customGraphs":[],"default":{"data":{"Article":[],"Course":[],"Dataset":[],"FAQPage":[],"Movie":[],"Person":[],"Product":[],"ProductReview":[],"Car":[],"Recipe":[],"Service":[],"SoftwareApplication":[],"WebPage":[]},"graphName":"Article","isEnabled":true},"graphs":[]},"schema_type":"default","schema_type_options":null,"pillar_content":false,"robots_default":true,"robots_noindex":false,"robots_noarchive":false,"robots_nosnippet":false,"robots_nofollow":false,"robots_noimageindex":false,"robots_noodp":false,"robots_notranslate":false,"robots_max_snippet":"-1","robots_max_videopreview":"-1","robots_max_imagepreview":"large","priority":null,"frequency":"default","location":null,"local_seo":null,"seo_analyzer_scan_date":"2025-09-01 17:43:20","breadcrumb_settings":null,"limit_modified_date":false,"reviewed_by":null,"open_ai":null,"ai":null,"created":"2023-01-07 19:08:57","updated":"2025-09-01 17:43:20"},"aioseo_breadcrumb":"<div class=\"aioseo-breadcrumbs\"><span class=\"aioseo-breadcrumb\">\n\t<a href=\"https:\/\/candas365.es\/noticias\" title=\"Home\">Home<\/a>\n<\/span><span class=\"aioseo-breadcrumb-separator\">&ndash;<\/span><span class=\"aioseo-breadcrumb\">\n\t<a href=\"https:\/\/candas365.es\/noticias\/category\/sucesos\/\" title=\"Sucesos\">Sucesos<\/a>\n<\/span><span class=\"aioseo-breadcrumb-separator\">&ndash;<\/span><span class=\"aioseo-breadcrumb\">\n\tControlado el incendio forestal de Valcarlos\n<\/span><\/div>","aioseo_breadcrumb_json":[{"label":"Home","link":"https:\/\/candas365.es\/noticias"},{"label":"Sucesos","link":"https:\/\/candas365.es\/noticias\/category\/sucesos\/"},{"label":"Controlado el incendio forestal de Valcarlos","link":"https:\/\/candas365.es\/noticias\/controlado-el-incendio-forestal-de-valcarlos\/"}],"_links":{"self":[{"href":"https:\/\/candas365.es\/noticias\/wp-json\/wp\/v2\/posts\/170674","targetHints":{"allow":["GET"]}}],"collection":[{"href":"https:\/\/candas365.es\/noticias\/wp-json\/wp\/v2\/posts"}],"about":[{"href":"https:\/\/candas365.es\/noticias\/wp-json\/wp\/v2\/types\/post"}],"author":[{"embeddable":true,"href":"https:\/\/candas365.es\/noticias\/wp-json\/wp\/v2\/users\/1"}],"replies":[{"embeddable":true,"href":"https:\/\/candas365.es\/noticias\/wp-json\/wp\/v2\/comments?post=170674"}],"version-history":[{"count":0,"href":"https:\/\/candas365.es\/noticias\/wp-json\/wp\/v2\/posts\/170674\/revisions"}],"wp:featuredmedia":[{"embeddable":true,"href":"https:\/\/candas365.es\/noticias\/wp-json\/wp\/v2\/media\/170675"}],"wp:attachment":[{"href":"https:\/\/candas365.es\/noticias\/wp-json\/wp\/v2\/media?parent=170674"}],"wp:term":[{"taxonomy":"category","embeddable":true,"href":"https:\/\/candas365.es\/noticias\/wp-json\/wp\/v2\/categories?post=170674"},{"taxonomy":"post_tag","embeddable":true,"href":"https:\/\/candas365.es\/noticias\/wp-json\/wp\/v2\/tags?post=170674"}],"curies":[{"name":"wp","href":"https:\/\/api.w.org\/{rel}","templated":true}]}}