{"id":170567,"date":"2023-01-03T06:10:01","date_gmt":"2023-01-03T05:10:01","guid":{"rendered":"https:\/\/candas365.es\/noticias\/?p=170567"},"modified":"2023-01-03T06:10:01","modified_gmt":"2023-01-03T05:10:01","slug":"nuevos-avances-en-la-atencion-sanitaria-en-asturias","status":"publish","type":"post","link":"https:\/\/candas365.es\/noticias\/nuevos-avances-en-la-atencion-sanitaria-en-asturias\/","title":{"rendered":"Nuevos avances en la atenci\u00f3n sanitaria en Asturias"},"content":{"rendered":"<p>El Gobierno de Asturias invertir\u00e1 492.236 euros en la implantaci\u00f3n de una plataforma que permitir\u00e1 generar y recoger el consentimiento informado digital de los pacientes. <strong>El Ejecutivo ha aprobado un gasto de 361.114 euros para iniciar su puesta en marcha.<\/strong><\/p>\n<p><img fetchpriority=\"high\" decoding=\"async\" class=\"aligncenter wp-image-170568 size-full\" src=\"https:\/\/candas365.es\/noticias\/wp-content\/uploads\/2023\/01\/sanitaria.jpg\" alt=\"sanitaria\" width=\"640\" height=\"427\" srcset=\"https:\/\/candas365.es\/noticias\/wp-content\/uploads\/2023\/01\/sanitaria.jpg 640w, https:\/\/candas365.es\/noticias\/wp-content\/uploads\/2023\/01\/sanitaria-360x240.jpg 360w, https:\/\/candas365.es\/noticias\/wp-content\/uploads\/2023\/01\/sanitaria-150x100.jpg 150w, https:\/\/candas365.es\/noticias\/wp-content\/uploads\/2023\/01\/sanitaria-450x300.jpg 450w\" sizes=\"(max-width: 640px) 100vw, 640px\" \/><\/p>\n<p>Muchos de los procesos asistenciales que realiza el Servicio de Salud (Sespa) exigen que se recoja el consentimiento del paciente de forma expresa. Hasta ahora, este tr\u00e1mite se realizaba en papel y el documento se digitalizaba posteriormente para incorporarlo a la historia cl\u00ednica electr\u00f3nica. <strong>Adem\u00e1s, por una cuesti\u00f3n legal, el documento original firmado deb\u00eda conservarse en los archivos f\u00edsicos.<\/strong><\/p>\n<p>El nuevo sistema que se va a implantar mejora notablemente este proceso. As\u00ed, facilita al usuario el acceso a posteriori, en formato electr\u00f3nico y fuera del recinto sanitario, a toda la informaci\u00f3n sobre distintos aspectos del tratamiento que va a recibir, incluidos sus riesgos e inconvenientes, facilitada previamente por los profesionales en la consulta. De este modo, tras la oportuna valoraci\u00f3n, cada persona puede emitir un consentimiento digital que incluya su firma por medios telem\u00e1ticos.<\/p>\n<p>Este procedimiento asegura una mayor transparencia en el acceso a la informaci\u00f3n sobre intervenciones y tratamientos, al tiempo que mejora la garant\u00eda de los derechos \u00e9ticos y legales de cada paciente. <strong>Adem\u00e1s, permitir\u00e1 agilizar la obtenci\u00f3n de los consentimientos y reducir\u00e1 costes en la gesti\u00f3n del archivo y custodia de los documentos.<\/strong><\/p>\n","protected":false},"excerpt":{"rendered":"<p>El Gobierno de Asturias invertir\u00e1 492.236 euros en la implantaci\u00f3n de una plataforma que permitir\u00e1 generar y recoger el consentimiento informado digital de los pacientes. El Ejecutivo ha aprobado un gasto de 361.114 euros para iniciar su puesta en marcha. Muchos de los procesos asistenciales que realiza el Servicio de Salud (Sespa) exigen que se<\/p>\n","protected":false},"author":1,"featured_media":170568,"comment_status":"closed","ping_status":"closed","sticky":false,"template":"","format":"standard","meta":{"footnotes":""},"categories":[7],"tags":[380,378],"class_list":{"0":"post-170567","1":"post","2":"type-post","3":"status-publish","4":"format-standard","5":"has-post-thumbnail","7":"category-asturias","8":"tag-asturias","9":"tag-salud"},"aioseo_notices":[],"aioseo_head":"\n\t\t<!-- All in One SEO Pro 4.9.6.2 - aioseo.com -->\n\t<meta name=\"description\" content=\"El Gobierno de Asturias invertir\u00e1 492.236 euros en la implantaci\u00f3n de una plataforma que permitir\u00e1 generar y recoger el consentimiento informado digital\" \/>\n\t<meta name=\"robots\" content=\"max-image-preview:large\" \/>\n\t<meta name=\"author\" content=\"Cand\u00e1s 365\"\/>\n\t<meta name=\"google-site-verification\" content=\"UA-32230408-1\" \/>\n\t<meta name=\"msvalidate.01\" content=\"354F3CDFB2DA171B47FBE9ABF1F88D5\" \/>\n\t<meta name=\"keywords\" content=\"asturias\" \/>\n\t<link rel=\"canonical\" href=\"https:\/\/candas365.es\/noticias\/nuevos-avances-en-la-atencion-sanitaria-en-asturias\/\" \/>\n\t<meta name=\"generator\" content=\"All in One SEO Pro (AIOSEO) 4.9.6.2\" \/>\n\t\t<meta property=\"og:locale\" content=\"es_ES\" \/>\n\t\t<meta property=\"og:site_name\" content=\"Cand\u00e1s 365\" \/>\n\t\t<meta property=\"og:type\" content=\"article\" \/>\n\t\t<meta property=\"og:title\" content=\"Nuevos avances en la atenci\u00f3n sanitaria en Asturias | Cand\u00e1s 365\" \/>\n\t\t<meta property=\"og:description\" content=\"El Gobierno de Asturias invertir\u00e1 492.236 euros en la implantaci\u00f3n de una plataforma que permitir\u00e1 generar y recoger el consentimiento informado digital\" \/>\n\t\t<meta property=\"og:url\" content=\"https:\/\/candas365.es\/noticias\/nuevos-avances-en-la-atencion-sanitaria-en-asturias\/\" \/>\n\t\t<meta property=\"og:image\" content=\"https:\/\/candas365.es\/noticias\/wp-content\/uploads\/2023\/01\/sanitaria.jpg\" \/>\n\t\t<meta property=\"og:image:secure_url\" content=\"https:\/\/candas365.es\/noticias\/wp-content\/uploads\/2023\/01\/sanitaria.jpg\" \/>\n\t\t<meta property=\"og:image:width\" content=\"640\" \/>\n\t\t<meta property=\"og:image:height\" content=\"427\" \/>\n\t\t<meta property=\"article:published_time\" content=\"2023-01-03T05:10:01+00:00\" \/>\n\t\t<meta property=\"article:modified_time\" content=\"2023-01-03T05:10:01+00:00\" \/>\n\t\t<meta property=\"article:publisher\" content=\"https:\/\/www.facebook.com\/Nachofdezber\" \/>\n\t\t<meta property=\"article:author\" content=\"https:\/\/www.facebook.com\/carrenoactualidad\" \/>\n\t\t<meta name=\"twitter:card\" content=\"summary_large_image\" \/>\n\t\t<meta name=\"twitter:site\" content=\"@NabercoDigital\" \/>\n\t\t<meta name=\"twitter:title\" content=\"Nuevos avances en la atenci\u00f3n sanitaria en Asturias | Cand\u00e1s 365\" \/>\n\t\t<meta name=\"twitter:description\" content=\"El Gobierno de Asturias invertir\u00e1 492.236 euros en la implantaci\u00f3n de una plataforma que permitir\u00e1 generar y recoger el consentimiento informado digital\" \/>\n\t\t<meta name=\"twitter:creator\" content=\"@nbasturias\" \/>\n\t\t<meta name=\"twitter:image\" content=\"https:\/\/candas365.es\/noticias\/wp-content\/uploads\/2023\/01\/sanitaria.jpg\" \/>\n\t\t<meta name=\"twitter:label1\" content=\"Escrito por\" \/>\n\t\t<meta name=\"twitter:data1\" content=\"Cand\u00e1s 365\" \/>\n\t\t<meta name=\"twitter:label2\" content=\"Tiempo de lectura estimado\" \/>\n\t\t<meta name=\"twitter:data2\" content=\"1 minuto\" \/>\n\t\t<script type=\"application\/ld+json\" class=\"aioseo-schema\">\n\t\t\t{\"@context\":\"https:\\\/\\\/schema.org\",\"@graph\":[{\"@type\":\"BreadcrumbList\",\"@id\":\"https:\\\/\\\/candas365.es\\\/noticias\\\/nuevos-avances-en-la-atencion-sanitaria-en-asturias\\\/#breadcrumblist\",\"itemListElement\":[{\"@type\":\"ListItem\",\"@id\":\"https:\\\/\\\/candas365.es\\\/noticias#listItem\",\"position\":1,\"name\":\"Home\",\"item\":\"https:\\\/\\\/candas365.es\\\/noticias\",\"nextItem\":{\"@type\":\"ListItem\",\"@id\":\"https:\\\/\\\/candas365.es\\\/noticias\\\/category\\\/asturias\\\/#listItem\",\"name\":\"Asturias\"}},{\"@type\":\"ListItem\",\"@id\":\"https:\\\/\\\/candas365.es\\\/noticias\\\/category\\\/asturias\\\/#listItem\",\"position\":2,\"name\":\"Asturias\",\"item\":\"https:\\\/\\\/candas365.es\\\/noticias\\\/category\\\/asturias\\\/\",\"nextItem\":{\"@type\":\"ListItem\",\"@id\":\"https:\\\/\\\/candas365.es\\\/noticias\\\/nuevos-avances-en-la-atencion-sanitaria-en-asturias\\\/#listItem\",\"name\":\"Nuevos avances en la atenci\\u00f3n sanitaria en Asturias\"},\"previousItem\":{\"@type\":\"ListItem\",\"@id\":\"https:\\\/\\\/candas365.es\\\/noticias#listItem\",\"name\":\"Home\"}},{\"@type\":\"ListItem\",\"@id\":\"https:\\\/\\\/candas365.es\\\/noticias\\\/nuevos-avances-en-la-atencion-sanitaria-en-asturias\\\/#listItem\",\"position\":3,\"name\":\"Nuevos avances en la atenci\\u00f3n sanitaria en Asturias\",\"previousItem\":{\"@type\":\"ListItem\",\"@id\":\"https:\\\/\\\/candas365.es\\\/noticias\\\/category\\\/asturias\\\/#listItem\",\"name\":\"Asturias\"}}]},{\"@type\":\"NewsArticle\",\"@id\":\"https:\\\/\\\/candas365.es\\\/noticias\\\/nuevos-avances-en-la-atencion-sanitaria-en-asturias\\\/#newsarticle\",\"name\":\"Nuevos avances en la atenci\\u00f3n sanitaria en Asturias | Cand\\u00e1s 365\",\"headline\":\"Nuevos avances en la atenci\\u00f3n sanitaria en Asturias\",\"author\":{\"@id\":\"https:\\\/\\\/candas365.es\\\/noticias\\\/author\\\/admin\\\/#author\"},\"publisher\":{\"@id\":\"https:\\\/\\\/candas365.es\\\/noticias\\\/#organization\"},\"image\":{\"@type\":\"ImageObject\",\"url\":\"https:\\\/\\\/candas365.es\\\/noticias\\\/wp-content\\\/uploads\\\/2023\\\/01\\\/sanitaria.jpg\",\"width\":640,\"height\":427,\"caption\":\"sanitaria\"},\"datePublished\":\"2023-01-03T06:10:01+01:00\",\"dateModified\":\"2023-01-03T06:10:01+01:00\",\"inLanguage\":\"es-ES\",\"mainEntityOfPage\":{\"@id\":\"https:\\\/\\\/candas365.es\\\/noticias\\\/nuevos-avances-en-la-atencion-sanitaria-en-asturias\\\/#webpage\"},\"isPartOf\":{\"@id\":\"https:\\\/\\\/candas365.es\\\/noticias\\\/nuevos-avances-en-la-atencion-sanitaria-en-asturias\\\/#webpage\"},\"articleSection\":\"Asturias, Asturias, Salud\",\"dateline\":\"Publicado el enero 3, 2023.\"},{\"@type\":\"Organization\",\"@id\":\"https:\\\/\\\/candas365.es\\\/noticias\\\/#organization\",\"name\":\"Cand\\u00e1s 365\",\"description\":\"Cand\\u00e1s 365 es un diario digital independiente, fundado en 2012, con base en Asturias. Informamos con rigor sobre actualidad, sociedad, cultura y ocio, con una mirada local y global.\",\"url\":\"https:\\\/\\\/candas365.es\\\/noticias\\\/\",\"email\":\"info@candas365.es\",\"telephone\":\"+34652131393\",\"foundingDate\":\"2012-06-10\",\"logo\":{\"@type\":\"ImageObject\",\"url\":\"https:\\\/\\\/candas365.es\\\/noticias\\\/wp-content\\\/uploads\\\/2024\\\/09\\\/Candas-365-Redes.jpg\",\"@id\":\"https:\\\/\\\/candas365.es\\\/noticias\\\/nuevos-avances-en-la-atencion-sanitaria-en-asturias\\\/#organizationLogo\",\"width\":1152,\"height\":864,\"caption\":\"Cand\\u00e1s 365 Redes\"},\"image\":{\"@id\":\"https:\\\/\\\/candas365.es\\\/noticias\\\/nuevos-avances-en-la-atencion-sanitaria-en-asturias\\\/#organizationLogo\"},\"sameAs\":[\"https:\\\/\\\/www.facebook.com\\\/Nachofdezber\",\"https:\\\/\\\/x.com\\\/NabercoDigital\",\"https:\\\/\\\/www.instagram.com\\\/nachofdezber\\\/\",\"https:\\\/\\\/www.youtube.com\\\/channel\\\/UCZP-2wLEB9Rv6erhFmqVnvg\"],\"address\":{\"@id\":\"https:\\\/\\\/candas365.es\\\/noticias\\\/#postaladdress\",\"@type\":\"PostalAddress\",\"streetAddress\":\"san antonio 4, san antonio 4\",\"postalCode\":\"33430\",\"addressLocality\":\"Cand\\u00e1s\",\"addressRegion\":\"Asturias\",\"addressCountry\":\"ES\"}},{\"@type\":\"Person\",\"@id\":\"https:\\\/\\\/candas365.es\\\/noticias\\\/author\\\/admin\\\/#author\",\"url\":\"https:\\\/\\\/candas365.es\\\/noticias\\\/author\\\/admin\\\/\",\"name\":\"Cand\\u00e1s 365\",\"image\":{\"@type\":\"ImageObject\",\"@id\":\"https:\\\/\\\/candas365.es\\\/noticias\\\/nuevos-avances-en-la-atencion-sanitaria-en-asturias\\\/#authorImage\",\"url\":\"https:\\\/\\\/secure.gravatar.com\\\/avatar\\\/496a8e03d0c493ede1718b7934145dbdf8d89be1036b0eec9544e1094c9de390?s=96&d=mm&r=g\",\"width\":96,\"height\":96,\"caption\":\"Cand\\u00e1s 365\"},\"sameAs\":[\"https:\\\/\\\/www.facebook.com\\\/carrenoactualidad\",\"https:\\\/\\\/twitter.com\\\/nbasturias\",\"https:\\\/\\\/www.instagram.com\\\/nachofdezber\\\/\",\"https:\\\/\\\/www.youtube.com\\\/channel\\\/UCZP-2wLEB9Rv6erhFmqVnvg\"]},{\"@type\":\"WebPage\",\"@id\":\"https:\\\/\\\/candas365.es\\\/noticias\\\/nuevos-avances-en-la-atencion-sanitaria-en-asturias\\\/#webpage\",\"url\":\"https:\\\/\\\/candas365.es\\\/noticias\\\/nuevos-avances-en-la-atencion-sanitaria-en-asturias\\\/\",\"name\":\"Nuevos avances en la atenci\\u00f3n sanitaria en Asturias | Cand\\u00e1s 365\",\"description\":\"El Gobierno de Asturias invertir\\u00e1 492.236 euros en la implantaci\\u00f3n de una plataforma que permitir\\u00e1 generar y recoger el consentimiento informado digital\",\"inLanguage\":\"es-ES\",\"isPartOf\":{\"@id\":\"https:\\\/\\\/candas365.es\\\/noticias\\\/#website\"},\"breadcrumb\":{\"@id\":\"https:\\\/\\\/candas365.es\\\/noticias\\\/nuevos-avances-en-la-atencion-sanitaria-en-asturias\\\/#breadcrumblist\"},\"author\":{\"@id\":\"https:\\\/\\\/candas365.es\\\/noticias\\\/author\\\/admin\\\/#author\"},\"creator\":{\"@id\":\"https:\\\/\\\/candas365.es\\\/noticias\\\/author\\\/admin\\\/#author\"},\"image\":{\"@type\":\"ImageObject\",\"url\":\"https:\\\/\\\/candas365.es\\\/noticias\\\/wp-content\\\/uploads\\\/2023\\\/01\\\/sanitaria.jpg\",\"@id\":\"https:\\\/\\\/candas365.es\\\/noticias\\\/nuevos-avances-en-la-atencion-sanitaria-en-asturias\\\/#mainImage\",\"width\":640,\"height\":427,\"caption\":\"sanitaria\"},\"primaryImageOfPage\":{\"@id\":\"https:\\\/\\\/candas365.es\\\/noticias\\\/nuevos-avances-en-la-atencion-sanitaria-en-asturias\\\/#mainImage\"},\"datePublished\":\"2023-01-03T06:10:01+01:00\",\"dateModified\":\"2023-01-03T06:10:01+01:00\"},{\"@type\":\"WebSite\",\"@id\":\"https:\\\/\\\/candas365.es\\\/noticias\\\/#website\",\"url\":\"https:\\\/\\\/candas365.es\\\/noticias\\\/\",\"name\":\"Cand\\u00e1s 365\",\"alternateName\":\"Cand\\u00e1s 365 Noticias\",\"description\":\"Actualidad desde Carre\\u00f1o para el mundo\",\"inLanguage\":\"es-ES\",\"publisher\":{\"@id\":\"https:\\\/\\\/candas365.es\\\/noticias\\\/#organization\"}}]}\n\t\t<\/script>\n\t\t<!-- All in One SEO Pro -->\r\n\t\t<title>Nuevos avances en la atenci\u00f3n sanitaria en Asturias | Cand\u00e1s 365<\/title>\n\n","aioseo_head_json":{"title":"Nuevos avances en la atenci\u00f3n sanitaria en Asturias | Cand\u00e1s 365","description":"El Gobierno de Asturias invertir\u00e1 492.236 euros en la implantaci\u00f3n de una plataforma que permitir\u00e1 generar y recoger el consentimiento informado digital","canonical_url":"https:\/\/candas365.es\/noticias\/nuevos-avances-en-la-atencion-sanitaria-en-asturias\/","robots":"max-image-preview:large","keywords":"asturias","webmasterTools":{"google-site-verification":"UA-32230408-1","msvalidate.01":"354F3CDFB2DA171B47FBE9ABF1F88D5","miscellaneous":""},"schema":{"@context":"https:\/\/schema.org","@graph":[{"@type":"BreadcrumbList","@id":"https:\/\/candas365.es\/noticias\/nuevos-avances-en-la-atencion-sanitaria-en-asturias\/#breadcrumblist","itemListElement":[{"@type":"ListItem","@id":"https:\/\/candas365.es\/noticias#listItem","position":1,"name":"Home","item":"https:\/\/candas365.es\/noticias","nextItem":{"@type":"ListItem","@id":"https:\/\/candas365.es\/noticias\/category\/asturias\/#listItem","name":"Asturias"}},{"@type":"ListItem","@id":"https:\/\/candas365.es\/noticias\/category\/asturias\/#listItem","position":2,"name":"Asturias","item":"https:\/\/candas365.es\/noticias\/category\/asturias\/","nextItem":{"@type":"ListItem","@id":"https:\/\/candas365.es\/noticias\/nuevos-avances-en-la-atencion-sanitaria-en-asturias\/#listItem","name":"Nuevos avances en la atenci\u00f3n sanitaria en Asturias"},"previousItem":{"@type":"ListItem","@id":"https:\/\/candas365.es\/noticias#listItem","name":"Home"}},{"@type":"ListItem","@id":"https:\/\/candas365.es\/noticias\/nuevos-avances-en-la-atencion-sanitaria-en-asturias\/#listItem","position":3,"name":"Nuevos avances en la atenci\u00f3n sanitaria en Asturias","previousItem":{"@type":"ListItem","@id":"https:\/\/candas365.es\/noticias\/category\/asturias\/#listItem","name":"Asturias"}}]},{"@type":"NewsArticle","@id":"https:\/\/candas365.es\/noticias\/nuevos-avances-en-la-atencion-sanitaria-en-asturias\/#newsarticle","name":"Nuevos avances en la atenci\u00f3n sanitaria en Asturias | Cand\u00e1s 365","headline":"Nuevos avances en la atenci\u00f3n sanitaria en Asturias","author":{"@id":"https:\/\/candas365.es\/noticias\/author\/admin\/#author"},"publisher":{"@id":"https:\/\/candas365.es\/noticias\/#organization"},"image":{"@type":"ImageObject","url":"https:\/\/candas365.es\/noticias\/wp-content\/uploads\/2023\/01\/sanitaria.jpg","width":640,"height":427,"caption":"sanitaria"},"datePublished":"2023-01-03T06:10:01+01:00","dateModified":"2023-01-03T06:10:01+01:00","inLanguage":"es-ES","mainEntityOfPage":{"@id":"https:\/\/candas365.es\/noticias\/nuevos-avances-en-la-atencion-sanitaria-en-asturias\/#webpage"},"isPartOf":{"@id":"https:\/\/candas365.es\/noticias\/nuevos-avances-en-la-atencion-sanitaria-en-asturias\/#webpage"},"articleSection":"Asturias, Asturias, Salud","dateline":"Publicado el enero 3, 2023."},{"@type":"Organization","@id":"https:\/\/candas365.es\/noticias\/#organization","name":"Cand\u00e1s 365","description":"Cand\u00e1s 365 es un diario digital independiente, fundado en 2012, con base en Asturias. Informamos con rigor sobre actualidad, sociedad, cultura y ocio, con una mirada local y global.","url":"https:\/\/candas365.es\/noticias\/","email":"info@candas365.es","telephone":"+34652131393","foundingDate":"2012-06-10","logo":{"@type":"ImageObject","url":"https:\/\/candas365.es\/noticias\/wp-content\/uploads\/2024\/09\/Candas-365-Redes.jpg","@id":"https:\/\/candas365.es\/noticias\/nuevos-avances-en-la-atencion-sanitaria-en-asturias\/#organizationLogo","width":1152,"height":864,"caption":"Cand\u00e1s 365 Redes"},"image":{"@id":"https:\/\/candas365.es\/noticias\/nuevos-avances-en-la-atencion-sanitaria-en-asturias\/#organizationLogo"},"sameAs":["https:\/\/www.facebook.com\/Nachofdezber","https:\/\/x.com\/NabercoDigital","https:\/\/www.instagram.com\/nachofdezber\/","https:\/\/www.youtube.com\/channel\/UCZP-2wLEB9Rv6erhFmqVnvg"],"address":{"@id":"https:\/\/candas365.es\/noticias\/#postaladdress","@type":"PostalAddress","streetAddress":"san antonio 4, san antonio 4","postalCode":"33430","addressLocality":"Cand\u00e1s","addressRegion":"Asturias","addressCountry":"ES"}},{"@type":"Person","@id":"https:\/\/candas365.es\/noticias\/author\/admin\/#author","url":"https:\/\/candas365.es\/noticias\/author\/admin\/","name":"Cand\u00e1s 365","image":{"@type":"ImageObject","@id":"https:\/\/candas365.es\/noticias\/nuevos-avances-en-la-atencion-sanitaria-en-asturias\/#authorImage","url":"https:\/\/secure.gravatar.com\/avatar\/496a8e03d0c493ede1718b7934145dbdf8d89be1036b0eec9544e1094c9de390?s=96&d=mm&r=g","width":96,"height":96,"caption":"Cand\u00e1s 365"},"sameAs":["https:\/\/www.facebook.com\/carrenoactualidad","https:\/\/twitter.com\/nbasturias","https:\/\/www.instagram.com\/nachofdezber\/","https:\/\/www.youtube.com\/channel\/UCZP-2wLEB9Rv6erhFmqVnvg"]},{"@type":"WebPage","@id":"https:\/\/candas365.es\/noticias\/nuevos-avances-en-la-atencion-sanitaria-en-asturias\/#webpage","url":"https:\/\/candas365.es\/noticias\/nuevos-avances-en-la-atencion-sanitaria-en-asturias\/","name":"Nuevos avances en la atenci\u00f3n sanitaria en Asturias | Cand\u00e1s 365","description":"El Gobierno de Asturias invertir\u00e1 492.236 euros en la implantaci\u00f3n de una plataforma que permitir\u00e1 generar y recoger el consentimiento informado digital","inLanguage":"es-ES","isPartOf":{"@id":"https:\/\/candas365.es\/noticias\/#website"},"breadcrumb":{"@id":"https:\/\/candas365.es\/noticias\/nuevos-avances-en-la-atencion-sanitaria-en-asturias\/#breadcrumblist"},"author":{"@id":"https:\/\/candas365.es\/noticias\/author\/admin\/#author"},"creator":{"@id":"https:\/\/candas365.es\/noticias\/author\/admin\/#author"},"image":{"@type":"ImageObject","url":"https:\/\/candas365.es\/noticias\/wp-content\/uploads\/2023\/01\/sanitaria.jpg","@id":"https:\/\/candas365.es\/noticias\/nuevos-avances-en-la-atencion-sanitaria-en-asturias\/#mainImage","width":640,"height":427,"caption":"sanitaria"},"primaryImageOfPage":{"@id":"https:\/\/candas365.es\/noticias\/nuevos-avances-en-la-atencion-sanitaria-en-asturias\/#mainImage"},"datePublished":"2023-01-03T06:10:01+01:00","dateModified":"2023-01-03T06:10:01+01:00"},{"@type":"WebSite","@id":"https:\/\/candas365.es\/noticias\/#website","url":"https:\/\/candas365.es\/noticias\/","name":"Cand\u00e1s 365","alternateName":"Cand\u00e1s 365 Noticias","description":"Actualidad desde Carre\u00f1o para el mundo","inLanguage":"es-ES","publisher":{"@id":"https:\/\/candas365.es\/noticias\/#organization"}}]},"og:locale":"es_ES","og:site_name":"Cand\u00e1s 365","og:type":"article","og:title":"Nuevos avances en la atenci\u00f3n sanitaria en Asturias | Cand\u00e1s 365","og:description":"El Gobierno de Asturias invertir\u00e1 492.236 euros en la implantaci\u00f3n de una plataforma que permitir\u00e1 generar y recoger el consentimiento informado digital","og:url":"https:\/\/candas365.es\/noticias\/nuevos-avances-en-la-atencion-sanitaria-en-asturias\/","og:image":"https:\/\/candas365.es\/noticias\/wp-content\/uploads\/2023\/01\/sanitaria.jpg","og:image:secure_url":"https:\/\/candas365.es\/noticias\/wp-content\/uploads\/2023\/01\/sanitaria.jpg","og:image:width":640,"og:image:height":427,"article:published_time":"2023-01-03T05:10:01+00:00","article:modified_time":"2023-01-03T05:10:01+00:00","article:publisher":"https:\/\/www.facebook.com\/Nachofdezber","article:author":"https:\/\/www.facebook.com\/carrenoactualidad","twitter:card":"summary_large_image","twitter:site":"@NabercoDigital","twitter:title":"Nuevos avances en la atenci\u00f3n sanitaria en Asturias | Cand\u00e1s 365","twitter:description":"El Gobierno de Asturias invertir\u00e1 492.236 euros en la implantaci\u00f3n de una plataforma que permitir\u00e1 generar y recoger el consentimiento informado digital","twitter:creator":"@nbasturias","twitter:image":"https:\/\/candas365.es\/noticias\/wp-content\/uploads\/2023\/01\/sanitaria.jpg","twitter:label1":"Escrito por","twitter:data1":"Cand\u00e1s 365","twitter:label2":"Tiempo de lectura estimado","twitter:data2":"1 minuto"},"aioseo_meta_data":{"post_id":"170567","title":null,"description":"El Gobierno de Asturias invertir\u00e1 492.236 euros en la implantaci\u00f3n de una plataforma que permitir\u00e1 generar y recoger el consentimiento informado digital","keywords":[],"keyphrases":{"focus":{"keyphrase":" Asturias","score":80,"analysis":{"keyphraseInTitle":{"score":9,"maxScore":9,"error":0},"keyphraseInDescription":{"score":9,"maxScore":9,"error":0},"keyphraseLength":{"score":9,"maxScore":9,"error":0,"length":1},"keyphraseInURL":{"score":1,"maxScore":5,"error":1},"keyphraseInIntroduction":{"score":9,"maxScore":9,"error":0},"keyphraseInSubHeadings":[],"keyphraseInImageAlt":{"score":3,"maxScore":9,"error":1}}},"additional":[{"keyphrase":"digital ","score":83,"analysis":{"keyphraseInDescription":{"score":9,"maxScore":9,"error":0},"keyphraseLength":{"score":9,"maxScore":9,"error":0,"length":1},"keyphraseInIntroduction":{"score":9,"maxScore":9,"error":0},"keyphraseInImageAlt":{"score":3,"maxScore":9,"error":1}}}]},"primary_term":null,"canonical_url":null,"og_title":null,"og_description":null,"og_object_type":"default","og_image_type":"default","og_image_url":null,"og_image_width":null,"og_image_height":null,"og_image_custom_url":null,"og_image_custom_fields":null,"og_video":"","og_custom_url":null,"og_article_section":null,"og_article_tags":[],"twitter_use_og":false,"twitter_card":"default","twitter_image_type":"default","twitter_image_url":null,"twitter_image_custom_url":null,"twitter_image_custom_fields":null,"twitter_title":null,"twitter_description":null,"schema":{"blockGraphs":[],"customGraphs":[],"default":{"data":{"Article":[],"Course":[],"Dataset":[],"FAQPage":[],"Movie":[],"Person":[],"Product":[],"ProductReview":[],"Car":[],"Recipe":[],"Service":[],"SoftwareApplication":[],"WebPage":[]},"graphName":"Article","isEnabled":true},"graphs":[]},"schema_type":"default","schema_type_options":null,"pillar_content":false,"robots_default":true,"robots_noindex":false,"robots_noarchive":false,"robots_nosnippet":false,"robots_nofollow":false,"robots_noimageindex":false,"robots_noodp":false,"robots_notranslate":false,"robots_max_snippet":"-1","robots_max_videopreview":"-1","robots_max_imagepreview":"large","priority":null,"frequency":"default","location":null,"local_seo":null,"seo_analyzer_scan_date":"2025-09-01 17:33:26","breadcrumb_settings":null,"limit_modified_date":false,"reviewed_by":null,"open_ai":null,"ai":null,"created":"2023-01-03 05:06:04","updated":"2025-09-01 17:33:26"},"aioseo_breadcrumb":"<div class=\"aioseo-breadcrumbs\"><span class=\"aioseo-breadcrumb\">\n\t<a href=\"https:\/\/candas365.es\/noticias\" title=\"Home\">Home<\/a>\n<\/span><span class=\"aioseo-breadcrumb-separator\">&ndash;<\/span><span class=\"aioseo-breadcrumb\">\n\t<a href=\"https:\/\/candas365.es\/noticias\/category\/asturias\/\" title=\"Asturias\">Asturias<\/a>\n<\/span><span class=\"aioseo-breadcrumb-separator\">&ndash;<\/span><span class=\"aioseo-breadcrumb\">\n\tNuevos avances en la atenci\u00f3n sanitaria en Asturias\n<\/span><\/div>","aioseo_breadcrumb_json":[{"label":"Home","link":"https:\/\/candas365.es\/noticias"},{"label":"Asturias","link":"https:\/\/candas365.es\/noticias\/category\/asturias\/"},{"label":"Nuevos avances en la atenci\u00f3n sanitaria en Asturias","link":"https:\/\/candas365.es\/noticias\/nuevos-avances-en-la-atencion-sanitaria-en-asturias\/"}],"_links":{"self":[{"href":"https:\/\/candas365.es\/noticias\/wp-json\/wp\/v2\/posts\/170567","targetHints":{"allow":["GET"]}}],"collection":[{"href":"https:\/\/candas365.es\/noticias\/wp-json\/wp\/v2\/posts"}],"about":[{"href":"https:\/\/candas365.es\/noticias\/wp-json\/wp\/v2\/types\/post"}],"author":[{"embeddable":true,"href":"https:\/\/candas365.es\/noticias\/wp-json\/wp\/v2\/users\/1"}],"replies":[{"embeddable":true,"href":"https:\/\/candas365.es\/noticias\/wp-json\/wp\/v2\/comments?post=170567"}],"version-history":[{"count":0,"href":"https:\/\/candas365.es\/noticias\/wp-json\/wp\/v2\/posts\/170567\/revisions"}],"wp:featuredmedia":[{"embeddable":true,"href":"https:\/\/candas365.es\/noticias\/wp-json\/wp\/v2\/media\/170568"}],"wp:attachment":[{"href":"https:\/\/candas365.es\/noticias\/wp-json\/wp\/v2\/media?parent=170567"}],"wp:term":[{"taxonomy":"category","embeddable":true,"href":"https:\/\/candas365.es\/noticias\/wp-json\/wp\/v2\/categories?post=170567"},{"taxonomy":"post_tag","embeddable":true,"href":"https:\/\/candas365.es\/noticias\/wp-json\/wp\/v2\/tags?post=170567"}],"curies":[{"name":"wp","href":"https:\/\/api.w.org\/{rel}","templated":true}]}}