{"id":170546,"date":"2023-01-01T23:55:25","date_gmt":"2023-01-01T22:55:25","guid":{"rendered":"https:\/\/candas365.es\/noticias\/?p=170546"},"modified":"2023-01-01T23:55:25","modified_gmt":"2023-01-01T22:55:25","slug":"motin-con-fallecidos-y-varios-fugados-en-una-carcel-de-ciudad-juarez","status":"publish","type":"post","link":"https:\/\/candas365.es\/noticias\/motin-con-fallecidos-y-varios-fugados-en-una-carcel-de-ciudad-juarez\/","title":{"rendered":"Mot\u00edn con fallecidos y varios fugados en una c\u00e1rcel de Ciudad Ju\u00e1rez"},"content":{"rendered":"<p>(EP) &#8211; Al menos 14 personas han muerto, entre ellas diez guardias, y <strong>24 presos se han fugado este domingo tras un <a href=\"https:\/\/candas365.es\/noticias\/category\/sucesos\/\"><span style=\"color: #ff6600;\">sangriento mot\u00edn<\/span><\/a> en declarado en el Centro Estatal de Reinserci\u00f3n Social<\/strong> (Cereso) n\u00famero tres de la ciudad mexicana de <strong>Ciudad Ju\u00e1rez,<\/strong> estado de Chihuahua, seg\u00fan ha informado la Fiscal\u00eda estatal en un comunicado.<\/p>\n<p><img fetchpriority=\"high\" decoding=\"async\" class=\"aligncenter wp-image-170547 size-full\" src=\"https:\/\/candas365.es\/noticias\/wp-content\/uploads\/2023\/01\/Urgente.jpg\" alt=\"Urgente\" width=\"640\" height=\"400\" srcset=\"https:\/\/candas365.es\/noticias\/wp-content\/uploads\/2023\/01\/Urgente.jpg 640w, https:\/\/candas365.es\/noticias\/wp-content\/uploads\/2023\/01\/Urgente-360x225.jpg 360w, https:\/\/candas365.es\/noticias\/wp-content\/uploads\/2023\/01\/Urgente-150x94.jpg 150w, https:\/\/candas365.es\/noticias\/wp-content\/uploads\/2023\/01\/Urgente-450x281.jpg 450w\" sizes=\"(max-width: 640px) 100vw, 640px\" \/><\/p>\n<p><strong>La Fiscal\u00eda ha anunciado que la situaci\u00f3n est\u00e1 ahora mismo bajo control, recoge el diario &#8216;Proceso&#8217;<\/strong>, y que ya han comenzado las investigaciones para determinar con exactitud lo ocurrido.<\/p>\n<p>Los incidentes, seg\u00fan informaciones locales recogidas por Infobae, comenzaron en torno a las 06.00 con<strong> la aparici\u00f3n de un \u00abcomando armado a bordo de entre tres y seis camionetas, algunas blindadas\u00bb a las puertas de la prisi\u00f3n.<\/strong><\/p>\n<p>Sus ocupantes comenzaron a abrir fuego contra los guardias de seguridad y desataron el caos en el interior del recinto, que algunos presos acabaron aprovechando para escapar.<\/p>\n<p>En el lugar se encuentran ya elementos de la Secretar\u00eda de la Defensa Nacional (Sedena), la Guardia Nacional, la Secretar\u00eda de Seguridad P\u00fablica Estatal y la Agencia Estatal de Investigaci\u00f3n para controlar la situaci\u00f3n y colaborar para \u00abdevolver la tranquilidad en el Cereso\u00bb.<\/p>\n<p>Asimismo, tambi\u00e9n ha llegado al centro un equipo del Servicio M\u00e9dico Forense y de Servicios Periciales para realizar las diligencias correspondientes, seg\u00fan el comunicado de la Fiscal\u00eda.<\/p>\n","protected":false},"excerpt":{"rendered":"<p>(EP) &#8211; Al menos 14 personas han muerto, entre ellas diez guardias, y 24 presos se han fugado este domingo tras un sangriento mot\u00edn en declarado en el Centro Estatal de Reinserci\u00f3n Social (Cereso) n\u00famero tres de la ciudad mexicana de Ciudad Ju\u00e1rez, estado de Chihuahua, seg\u00fan ha informado la Fiscal\u00eda estatal en un comunicado.<\/p>\n","protected":false},"author":1,"featured_media":170547,"comment_status":"closed","ping_status":"closed","sticky":false,"template":"","format":"standard","meta":{"footnotes":""},"categories":[487],"tags":[518,391],"class_list":{"0":"post-170546","1":"post","2":"type-post","3":"status-publish","4":"format-standard","5":"has-post-thumbnail","7":"category-sucesos","8":"tag-mexico","9":"tag-sucesos"},"aioseo_notices":[],"aioseo_head":"\n\t\t<!-- All in One SEO Pro 4.9.6.2 - aioseo.com -->\n\t<meta name=\"description\" content=\"(EP) - Al menos 14 personas han muerto, entre ellas diez guardias, y 24 presos se han fugado este domingo tras un sangriento mot\u00edn en declarado\" \/>\n\t<meta name=\"robots\" content=\"max-image-preview:large\" \/>\n\t<meta name=\"author\" content=\"Cand\u00e1s 365\"\/>\n\t<meta name=\"google-site-verification\" content=\"UA-32230408-1\" \/>\n\t<meta name=\"msvalidate.01\" content=\"354F3CDFB2DA171B47FBE9ABF1F88D5\" \/>\n\t<meta name=\"keywords\" content=\"sucesos\" \/>\n\t<link rel=\"canonical\" href=\"https:\/\/candas365.es\/noticias\/motin-con-fallecidos-y-varios-fugados-en-una-carcel-de-ciudad-juarez\/\" \/>\n\t<meta name=\"generator\" content=\"All in One SEO Pro (AIOSEO) 4.9.6.2\" \/>\n\t\t<meta property=\"og:locale\" content=\"es_ES\" \/>\n\t\t<meta property=\"og:site_name\" content=\"Cand\u00e1s 365\" \/>\n\t\t<meta property=\"og:type\" content=\"article\" \/>\n\t\t<meta property=\"og:title\" content=\"Mot\u00edn con fallecidos y varios fugados en una c\u00e1rcel de Ciudad Ju\u00e1rez | Cand\u00e1s 365\" \/>\n\t\t<meta property=\"og:description\" content=\"(EP) - Al menos 14 personas han muerto, entre ellas diez guardias, y 24 presos se han fugado este domingo tras un sangriento mot\u00edn en declarado\" \/>\n\t\t<meta property=\"og:url\" content=\"https:\/\/candas365.es\/noticias\/motin-con-fallecidos-y-varios-fugados-en-una-carcel-de-ciudad-juarez\/\" \/>\n\t\t<meta property=\"og:image\" content=\"https:\/\/candas365.es\/noticias\/wp-content\/uploads\/2023\/01\/Urgente.jpg\" \/>\n\t\t<meta property=\"og:image:secure_url\" content=\"https:\/\/candas365.es\/noticias\/wp-content\/uploads\/2023\/01\/Urgente.jpg\" \/>\n\t\t<meta property=\"og:image:width\" content=\"640\" \/>\n\t\t<meta property=\"og:image:height\" content=\"400\" \/>\n\t\t<meta property=\"article:published_time\" content=\"2023-01-01T22:55:25+00:00\" \/>\n\t\t<meta property=\"article:modified_time\" content=\"2023-01-01T22:55:25+00:00\" \/>\n\t\t<meta property=\"article:publisher\" content=\"https:\/\/www.facebook.com\/Nachofdezber\" \/>\n\t\t<meta property=\"article:author\" content=\"https:\/\/www.facebook.com\/carrenoactualidad\" \/>\n\t\t<meta name=\"twitter:card\" content=\"summary_large_image\" \/>\n\t\t<meta name=\"twitter:site\" content=\"@NabercoDigital\" \/>\n\t\t<meta name=\"twitter:title\" content=\"Mot\u00edn con fallecidos y varios fugados en una c\u00e1rcel de Ciudad Ju\u00e1rez | Cand\u00e1s 365\" \/>\n\t\t<meta name=\"twitter:description\" content=\"(EP) - Al menos 14 personas han muerto, entre ellas diez guardias, y 24 presos se han fugado este domingo tras un sangriento mot\u00edn en declarado\" \/>\n\t\t<meta name=\"twitter:creator\" content=\"@nbasturias\" \/>\n\t\t<meta name=\"twitter:image\" content=\"https:\/\/candas365.es\/noticias\/wp-content\/uploads\/2023\/01\/Urgente.jpg\" \/>\n\t\t<meta name=\"twitter:label1\" content=\"Escrito por\" \/>\n\t\t<meta name=\"twitter:data1\" content=\"Cand\u00e1s 365\" \/>\n\t\t<meta name=\"twitter:label2\" content=\"Tiempo de lectura estimado\" \/>\n\t\t<meta name=\"twitter:data2\" content=\"1 minuto\" \/>\n\t\t<script type=\"application\/ld+json\" class=\"aioseo-schema\">\n\t\t\t{\"@context\":\"https:\\\/\\\/schema.org\",\"@graph\":[{\"@type\":\"BreadcrumbList\",\"@id\":\"https:\\\/\\\/candas365.es\\\/noticias\\\/motin-con-fallecidos-y-varios-fugados-en-una-carcel-de-ciudad-juarez\\\/#breadcrumblist\",\"itemListElement\":[{\"@type\":\"ListItem\",\"@id\":\"https:\\\/\\\/candas365.es\\\/noticias#listItem\",\"position\":1,\"name\":\"Home\",\"item\":\"https:\\\/\\\/candas365.es\\\/noticias\",\"nextItem\":{\"@type\":\"ListItem\",\"@id\":\"https:\\\/\\\/candas365.es\\\/noticias\\\/category\\\/sucesos\\\/#listItem\",\"name\":\"Sucesos\"}},{\"@type\":\"ListItem\",\"@id\":\"https:\\\/\\\/candas365.es\\\/noticias\\\/category\\\/sucesos\\\/#listItem\",\"position\":2,\"name\":\"Sucesos\",\"item\":\"https:\\\/\\\/candas365.es\\\/noticias\\\/category\\\/sucesos\\\/\",\"nextItem\":{\"@type\":\"ListItem\",\"@id\":\"https:\\\/\\\/candas365.es\\\/noticias\\\/motin-con-fallecidos-y-varios-fugados-en-una-carcel-de-ciudad-juarez\\\/#listItem\",\"name\":\"Mot\\u00edn con fallecidos y varios fugados en una c\\u00e1rcel de Ciudad Ju\\u00e1rez\"},\"previousItem\":{\"@type\":\"ListItem\",\"@id\":\"https:\\\/\\\/candas365.es\\\/noticias#listItem\",\"name\":\"Home\"}},{\"@type\":\"ListItem\",\"@id\":\"https:\\\/\\\/candas365.es\\\/noticias\\\/motin-con-fallecidos-y-varios-fugados-en-una-carcel-de-ciudad-juarez\\\/#listItem\",\"position\":3,\"name\":\"Mot\\u00edn con fallecidos y varios fugados en una c\\u00e1rcel de Ciudad Ju\\u00e1rez\",\"previousItem\":{\"@type\":\"ListItem\",\"@id\":\"https:\\\/\\\/candas365.es\\\/noticias\\\/category\\\/sucesos\\\/#listItem\",\"name\":\"Sucesos\"}}]},{\"@type\":\"NewsArticle\",\"@id\":\"https:\\\/\\\/candas365.es\\\/noticias\\\/motin-con-fallecidos-y-varios-fugados-en-una-carcel-de-ciudad-juarez\\\/#newsarticle\",\"name\":\"Mot\\u00edn con fallecidos y varios fugados en una c\\u00e1rcel de Ciudad Ju\\u00e1rez | Cand\\u00e1s 365\",\"headline\":\"Mot\\u00edn con fallecidos y varios fugados en una c\\u00e1rcel de Ciudad Ju\\u00e1rez\",\"author\":{\"@id\":\"https:\\\/\\\/candas365.es\\\/noticias\\\/author\\\/admin\\\/#author\"},\"publisher\":{\"@id\":\"https:\\\/\\\/candas365.es\\\/noticias\\\/#organization\"},\"image\":{\"@type\":\"ImageObject\",\"url\":\"https:\\\/\\\/candas365.es\\\/noticias\\\/wp-content\\\/uploads\\\/2023\\\/01\\\/Urgente.jpg\",\"width\":640,\"height\":400,\"caption\":\"Urgente\"},\"datePublished\":\"2023-01-01T23:55:25+01:00\",\"dateModified\":\"2023-01-01T23:55:25+01:00\",\"inLanguage\":\"es-ES\",\"mainEntityOfPage\":{\"@id\":\"https:\\\/\\\/candas365.es\\\/noticias\\\/motin-con-fallecidos-y-varios-fugados-en-una-carcel-de-ciudad-juarez\\\/#webpage\"},\"isPartOf\":{\"@id\":\"https:\\\/\\\/candas365.es\\\/noticias\\\/motin-con-fallecidos-y-varios-fugados-en-una-carcel-de-ciudad-juarez\\\/#webpage\"},\"articleSection\":\"Sucesos, M\\u00e9xico, sucesos\",\"dateline\":\"Publicado el enero 1, 2023.\"},{\"@type\":\"Organization\",\"@id\":\"https:\\\/\\\/candas365.es\\\/noticias\\\/#organization\",\"name\":\"Cand\\u00e1s 365\",\"description\":\"Cand\\u00e1s 365 es un diario digital independiente, fundado en 2012, con base en Asturias. Informamos con rigor sobre actualidad, sociedad, cultura y ocio, con una mirada local y global.\",\"url\":\"https:\\\/\\\/candas365.es\\\/noticias\\\/\",\"email\":\"info@candas365.es\",\"telephone\":\"+34652131393\",\"foundingDate\":\"2012-06-10\",\"logo\":{\"@type\":\"ImageObject\",\"url\":\"https:\\\/\\\/candas365.es\\\/noticias\\\/wp-content\\\/uploads\\\/2024\\\/09\\\/Candas-365-Redes.jpg\",\"@id\":\"https:\\\/\\\/candas365.es\\\/noticias\\\/motin-con-fallecidos-y-varios-fugados-en-una-carcel-de-ciudad-juarez\\\/#organizationLogo\",\"width\":1152,\"height\":864,\"caption\":\"Cand\\u00e1s 365 Redes\"},\"image\":{\"@id\":\"https:\\\/\\\/candas365.es\\\/noticias\\\/motin-con-fallecidos-y-varios-fugados-en-una-carcel-de-ciudad-juarez\\\/#organizationLogo\"},\"sameAs\":[\"https:\\\/\\\/www.facebook.com\\\/Nachofdezber\",\"https:\\\/\\\/x.com\\\/NabercoDigital\",\"https:\\\/\\\/www.instagram.com\\\/nachofdezber\\\/\",\"https:\\\/\\\/www.youtube.com\\\/channel\\\/UCZP-2wLEB9Rv6erhFmqVnvg\"],\"address\":{\"@id\":\"https:\\\/\\\/candas365.es\\\/noticias\\\/#postaladdress\",\"@type\":\"PostalAddress\",\"streetAddress\":\"san antonio 4, san antonio 4\",\"postalCode\":\"33430\",\"addressLocality\":\"Cand\\u00e1s\",\"addressRegion\":\"Asturias\",\"addressCountry\":\"ES\"}},{\"@type\":\"Person\",\"@id\":\"https:\\\/\\\/candas365.es\\\/noticias\\\/author\\\/admin\\\/#author\",\"url\":\"https:\\\/\\\/candas365.es\\\/noticias\\\/author\\\/admin\\\/\",\"name\":\"Cand\\u00e1s 365\",\"image\":{\"@type\":\"ImageObject\",\"@id\":\"https:\\\/\\\/candas365.es\\\/noticias\\\/motin-con-fallecidos-y-varios-fugados-en-una-carcel-de-ciudad-juarez\\\/#authorImage\",\"url\":\"https:\\\/\\\/secure.gravatar.com\\\/avatar\\\/496a8e03d0c493ede1718b7934145dbdf8d89be1036b0eec9544e1094c9de390?s=96&d=mm&r=g\",\"width\":96,\"height\":96,\"caption\":\"Cand\\u00e1s 365\"},\"sameAs\":[\"https:\\\/\\\/www.facebook.com\\\/carrenoactualidad\",\"https:\\\/\\\/twitter.com\\\/nbasturias\",\"https:\\\/\\\/www.instagram.com\\\/nachofdezber\\\/\",\"https:\\\/\\\/www.youtube.com\\\/channel\\\/UCZP-2wLEB9Rv6erhFmqVnvg\"]},{\"@type\":\"WebPage\",\"@id\":\"https:\\\/\\\/candas365.es\\\/noticias\\\/motin-con-fallecidos-y-varios-fugados-en-una-carcel-de-ciudad-juarez\\\/#webpage\",\"url\":\"https:\\\/\\\/candas365.es\\\/noticias\\\/motin-con-fallecidos-y-varios-fugados-en-una-carcel-de-ciudad-juarez\\\/\",\"name\":\"Mot\\u00edn con fallecidos y varios fugados en una c\\u00e1rcel de Ciudad Ju\\u00e1rez | Cand\\u00e1s 365\",\"description\":\"(EP) - Al menos 14 personas han muerto, entre ellas diez guardias, y 24 presos se han fugado este domingo tras un sangriento mot\\u00edn en declarado\",\"inLanguage\":\"es-ES\",\"isPartOf\":{\"@id\":\"https:\\\/\\\/candas365.es\\\/noticias\\\/#website\"},\"breadcrumb\":{\"@id\":\"https:\\\/\\\/candas365.es\\\/noticias\\\/motin-con-fallecidos-y-varios-fugados-en-una-carcel-de-ciudad-juarez\\\/#breadcrumblist\"},\"author\":{\"@id\":\"https:\\\/\\\/candas365.es\\\/noticias\\\/author\\\/admin\\\/#author\"},\"creator\":{\"@id\":\"https:\\\/\\\/candas365.es\\\/noticias\\\/author\\\/admin\\\/#author\"},\"image\":{\"@type\":\"ImageObject\",\"url\":\"https:\\\/\\\/candas365.es\\\/noticias\\\/wp-content\\\/uploads\\\/2023\\\/01\\\/Urgente.jpg\",\"@id\":\"https:\\\/\\\/candas365.es\\\/noticias\\\/motin-con-fallecidos-y-varios-fugados-en-una-carcel-de-ciudad-juarez\\\/#mainImage\",\"width\":640,\"height\":400,\"caption\":\"Urgente\"},\"primaryImageOfPage\":{\"@id\":\"https:\\\/\\\/candas365.es\\\/noticias\\\/motin-con-fallecidos-y-varios-fugados-en-una-carcel-de-ciudad-juarez\\\/#mainImage\"},\"datePublished\":\"2023-01-01T23:55:25+01:00\",\"dateModified\":\"2023-01-01T23:55:25+01:00\"},{\"@type\":\"WebSite\",\"@id\":\"https:\\\/\\\/candas365.es\\\/noticias\\\/#website\",\"url\":\"https:\\\/\\\/candas365.es\\\/noticias\\\/\",\"name\":\"Cand\\u00e1s 365\",\"alternateName\":\"Cand\\u00e1s 365 Noticias\",\"description\":\"Actualidad desde Carre\\u00f1o para el mundo\",\"inLanguage\":\"es-ES\",\"publisher\":{\"@id\":\"https:\\\/\\\/candas365.es\\\/noticias\\\/#organization\"}}]}\n\t\t<\/script>\n\t\t<!-- All in One SEO Pro -->\r\n\t\t<title>Mot\u00edn con fallecidos y varios fugados en una c\u00e1rcel de Ciudad Ju\u00e1rez | Cand\u00e1s 365<\/title>\n\n","aioseo_head_json":{"title":"Mot\u00edn con fallecidos y varios fugados en una c\u00e1rcel de Ciudad Ju\u00e1rez | Cand\u00e1s 365","description":"(EP) - Al menos 14 personas han muerto, entre ellas diez guardias, y 24 presos se han fugado este domingo tras un sangriento mot\u00edn en declarado","canonical_url":"https:\/\/candas365.es\/noticias\/motin-con-fallecidos-y-varios-fugados-en-una-carcel-de-ciudad-juarez\/","robots":"max-image-preview:large","keywords":"sucesos","webmasterTools":{"google-site-verification":"UA-32230408-1","msvalidate.01":"354F3CDFB2DA171B47FBE9ABF1F88D5","miscellaneous":""},"schema":{"@context":"https:\/\/schema.org","@graph":[{"@type":"BreadcrumbList","@id":"https:\/\/candas365.es\/noticias\/motin-con-fallecidos-y-varios-fugados-en-una-carcel-de-ciudad-juarez\/#breadcrumblist","itemListElement":[{"@type":"ListItem","@id":"https:\/\/candas365.es\/noticias#listItem","position":1,"name":"Home","item":"https:\/\/candas365.es\/noticias","nextItem":{"@type":"ListItem","@id":"https:\/\/candas365.es\/noticias\/category\/sucesos\/#listItem","name":"Sucesos"}},{"@type":"ListItem","@id":"https:\/\/candas365.es\/noticias\/category\/sucesos\/#listItem","position":2,"name":"Sucesos","item":"https:\/\/candas365.es\/noticias\/category\/sucesos\/","nextItem":{"@type":"ListItem","@id":"https:\/\/candas365.es\/noticias\/motin-con-fallecidos-y-varios-fugados-en-una-carcel-de-ciudad-juarez\/#listItem","name":"Mot\u00edn con fallecidos y varios fugados en una c\u00e1rcel de Ciudad Ju\u00e1rez"},"previousItem":{"@type":"ListItem","@id":"https:\/\/candas365.es\/noticias#listItem","name":"Home"}},{"@type":"ListItem","@id":"https:\/\/candas365.es\/noticias\/motin-con-fallecidos-y-varios-fugados-en-una-carcel-de-ciudad-juarez\/#listItem","position":3,"name":"Mot\u00edn con fallecidos y varios fugados en una c\u00e1rcel de Ciudad Ju\u00e1rez","previousItem":{"@type":"ListItem","@id":"https:\/\/candas365.es\/noticias\/category\/sucesos\/#listItem","name":"Sucesos"}}]},{"@type":"NewsArticle","@id":"https:\/\/candas365.es\/noticias\/motin-con-fallecidos-y-varios-fugados-en-una-carcel-de-ciudad-juarez\/#newsarticle","name":"Mot\u00edn con fallecidos y varios fugados en una c\u00e1rcel de Ciudad Ju\u00e1rez | Cand\u00e1s 365","headline":"Mot\u00edn con fallecidos y varios fugados en una c\u00e1rcel de Ciudad Ju\u00e1rez","author":{"@id":"https:\/\/candas365.es\/noticias\/author\/admin\/#author"},"publisher":{"@id":"https:\/\/candas365.es\/noticias\/#organization"},"image":{"@type":"ImageObject","url":"https:\/\/candas365.es\/noticias\/wp-content\/uploads\/2023\/01\/Urgente.jpg","width":640,"height":400,"caption":"Urgente"},"datePublished":"2023-01-01T23:55:25+01:00","dateModified":"2023-01-01T23:55:25+01:00","inLanguage":"es-ES","mainEntityOfPage":{"@id":"https:\/\/candas365.es\/noticias\/motin-con-fallecidos-y-varios-fugados-en-una-carcel-de-ciudad-juarez\/#webpage"},"isPartOf":{"@id":"https:\/\/candas365.es\/noticias\/motin-con-fallecidos-y-varios-fugados-en-una-carcel-de-ciudad-juarez\/#webpage"},"articleSection":"Sucesos, M\u00e9xico, sucesos","dateline":"Publicado el enero 1, 2023."},{"@type":"Organization","@id":"https:\/\/candas365.es\/noticias\/#organization","name":"Cand\u00e1s 365","description":"Cand\u00e1s 365 es un diario digital independiente, fundado en 2012, con base en Asturias. Informamos con rigor sobre actualidad, sociedad, cultura y ocio, con una mirada local y global.","url":"https:\/\/candas365.es\/noticias\/","email":"info@candas365.es","telephone":"+34652131393","foundingDate":"2012-06-10","logo":{"@type":"ImageObject","url":"https:\/\/candas365.es\/noticias\/wp-content\/uploads\/2024\/09\/Candas-365-Redes.jpg","@id":"https:\/\/candas365.es\/noticias\/motin-con-fallecidos-y-varios-fugados-en-una-carcel-de-ciudad-juarez\/#organizationLogo","width":1152,"height":864,"caption":"Cand\u00e1s 365 Redes"},"image":{"@id":"https:\/\/candas365.es\/noticias\/motin-con-fallecidos-y-varios-fugados-en-una-carcel-de-ciudad-juarez\/#organizationLogo"},"sameAs":["https:\/\/www.facebook.com\/Nachofdezber","https:\/\/x.com\/NabercoDigital","https:\/\/www.instagram.com\/nachofdezber\/","https:\/\/www.youtube.com\/channel\/UCZP-2wLEB9Rv6erhFmqVnvg"],"address":{"@id":"https:\/\/candas365.es\/noticias\/#postaladdress","@type":"PostalAddress","streetAddress":"san antonio 4, san antonio 4","postalCode":"33430","addressLocality":"Cand\u00e1s","addressRegion":"Asturias","addressCountry":"ES"}},{"@type":"Person","@id":"https:\/\/candas365.es\/noticias\/author\/admin\/#author","url":"https:\/\/candas365.es\/noticias\/author\/admin\/","name":"Cand\u00e1s 365","image":{"@type":"ImageObject","@id":"https:\/\/candas365.es\/noticias\/motin-con-fallecidos-y-varios-fugados-en-una-carcel-de-ciudad-juarez\/#authorImage","url":"https:\/\/secure.gravatar.com\/avatar\/496a8e03d0c493ede1718b7934145dbdf8d89be1036b0eec9544e1094c9de390?s=96&d=mm&r=g","width":96,"height":96,"caption":"Cand\u00e1s 365"},"sameAs":["https:\/\/www.facebook.com\/carrenoactualidad","https:\/\/twitter.com\/nbasturias","https:\/\/www.instagram.com\/nachofdezber\/","https:\/\/www.youtube.com\/channel\/UCZP-2wLEB9Rv6erhFmqVnvg"]},{"@type":"WebPage","@id":"https:\/\/candas365.es\/noticias\/motin-con-fallecidos-y-varios-fugados-en-una-carcel-de-ciudad-juarez\/#webpage","url":"https:\/\/candas365.es\/noticias\/motin-con-fallecidos-y-varios-fugados-en-una-carcel-de-ciudad-juarez\/","name":"Mot\u00edn con fallecidos y varios fugados en una c\u00e1rcel de Ciudad Ju\u00e1rez | Cand\u00e1s 365","description":"(EP) - Al menos 14 personas han muerto, entre ellas diez guardias, y 24 presos se han fugado este domingo tras un sangriento mot\u00edn en declarado","inLanguage":"es-ES","isPartOf":{"@id":"https:\/\/candas365.es\/noticias\/#website"},"breadcrumb":{"@id":"https:\/\/candas365.es\/noticias\/motin-con-fallecidos-y-varios-fugados-en-una-carcel-de-ciudad-juarez\/#breadcrumblist"},"author":{"@id":"https:\/\/candas365.es\/noticias\/author\/admin\/#author"},"creator":{"@id":"https:\/\/candas365.es\/noticias\/author\/admin\/#author"},"image":{"@type":"ImageObject","url":"https:\/\/candas365.es\/noticias\/wp-content\/uploads\/2023\/01\/Urgente.jpg","@id":"https:\/\/candas365.es\/noticias\/motin-con-fallecidos-y-varios-fugados-en-una-carcel-de-ciudad-juarez\/#mainImage","width":640,"height":400,"caption":"Urgente"},"primaryImageOfPage":{"@id":"https:\/\/candas365.es\/noticias\/motin-con-fallecidos-y-varios-fugados-en-una-carcel-de-ciudad-juarez\/#mainImage"},"datePublished":"2023-01-01T23:55:25+01:00","dateModified":"2023-01-01T23:55:25+01:00"},{"@type":"WebSite","@id":"https:\/\/candas365.es\/noticias\/#website","url":"https:\/\/candas365.es\/noticias\/","name":"Cand\u00e1s 365","alternateName":"Cand\u00e1s 365 Noticias","description":"Actualidad desde Carre\u00f1o para el mundo","inLanguage":"es-ES","publisher":{"@id":"https:\/\/candas365.es\/noticias\/#organization"}}]},"og:locale":"es_ES","og:site_name":"Cand\u00e1s 365","og:type":"article","og:title":"Mot\u00edn con fallecidos y varios fugados en una c\u00e1rcel de Ciudad Ju\u00e1rez | Cand\u00e1s 365","og:description":"(EP) - Al menos 14 personas han muerto, entre ellas diez guardias, y 24 presos se han fugado este domingo tras un sangriento mot\u00edn en declarado","og:url":"https:\/\/candas365.es\/noticias\/motin-con-fallecidos-y-varios-fugados-en-una-carcel-de-ciudad-juarez\/","og:image":"https:\/\/candas365.es\/noticias\/wp-content\/uploads\/2023\/01\/Urgente.jpg","og:image:secure_url":"https:\/\/candas365.es\/noticias\/wp-content\/uploads\/2023\/01\/Urgente.jpg","og:image:width":640,"og:image:height":400,"article:published_time":"2023-01-01T22:55:25+00:00","article:modified_time":"2023-01-01T22:55:25+00:00","article:publisher":"https:\/\/www.facebook.com\/Nachofdezber","article:author":"https:\/\/www.facebook.com\/carrenoactualidad","twitter:card":"summary_large_image","twitter:site":"@NabercoDigital","twitter:title":"Mot\u00edn con fallecidos y varios fugados en una c\u00e1rcel de Ciudad Ju\u00e1rez | Cand\u00e1s 365","twitter:description":"(EP) - Al menos 14 personas han muerto, entre ellas diez guardias, y 24 presos se han fugado este domingo tras un sangriento mot\u00edn en declarado","twitter:creator":"@nbasturias","twitter:image":"https:\/\/candas365.es\/noticias\/wp-content\/uploads\/2023\/01\/Urgente.jpg","twitter:label1":"Escrito por","twitter:data1":"Cand\u00e1s 365","twitter:label2":"Tiempo de lectura estimado","twitter:data2":"1 minuto"},"aioseo_meta_data":{"post_id":"170546","title":null,"description":"(EP) - Al menos 14 personas han muerto, entre ellas diez guardias, y 24 presos se han fugado este domingo tras un sangriento mot\u00edn en declarado","keywords":[],"keyphrases":{"focus":{"keyphrase":"mot\u00edn ","score":80,"analysis":{"keyphraseInTitle":{"score":9,"maxScore":9,"error":0},"keyphraseInDescription":{"score":9,"maxScore":9,"error":0},"keyphraseLength":{"score":9,"maxScore":9,"error":0,"length":1},"keyphraseInURL":{"score":1,"maxScore":5,"error":1},"keyphraseInIntroduction":{"score":9,"maxScore":9,"error":0},"keyphraseInSubHeadings":[],"keyphraseInImageAlt":{"score":3,"maxScore":9,"error":1}}},"additional":[{"keyphrase":"sangriento mot\u00edn ","score":83,"analysis":{"keyphraseInDescription":{"score":9,"maxScore":9,"error":0},"keyphraseLength":{"score":9,"maxScore":9,"error":0,"length":2},"keyphraseInIntroduction":{"score":9,"maxScore":9,"error":0},"keyphraseInImageAlt":{"score":3,"maxScore":9,"error":1}}}]},"primary_term":null,"canonical_url":null,"og_title":null,"og_description":null,"og_object_type":"default","og_image_type":"default","og_image_url":null,"og_image_width":null,"og_image_height":null,"og_image_custom_url":null,"og_image_custom_fields":null,"og_video":"","og_custom_url":null,"og_article_section":null,"og_article_tags":[],"twitter_use_og":false,"twitter_card":"default","twitter_image_type":"default","twitter_image_url":null,"twitter_image_custom_url":null,"twitter_image_custom_fields":null,"twitter_title":null,"twitter_description":null,"schema":{"blockGraphs":[],"customGraphs":[],"default":{"data":{"Article":[],"Course":[],"Dataset":[],"FAQPage":[],"Movie":[],"Person":[],"Product":[],"ProductReview":[],"Car":[],"Recipe":[],"Service":[],"SoftwareApplication":[],"WebPage":[]},"graphName":"Article","isEnabled":true},"graphs":[]},"schema_type":"default","schema_type_options":null,"pillar_content":false,"robots_default":true,"robots_noindex":false,"robots_noarchive":false,"robots_nosnippet":false,"robots_nofollow":false,"robots_noimageindex":false,"robots_noodp":false,"robots_notranslate":false,"robots_max_snippet":"-1","robots_max_videopreview":"-1","robots_max_imagepreview":"large","priority":null,"frequency":"default","location":null,"local_seo":null,"seo_analyzer_scan_date":"2025-09-01 17:33:17","breadcrumb_settings":null,"limit_modified_date":false,"reviewed_by":null,"open_ai":null,"ai":null,"created":"2023-01-01 22:50:44","updated":"2025-09-01 17:33:17"},"aioseo_breadcrumb":"<div class=\"aioseo-breadcrumbs\"><span class=\"aioseo-breadcrumb\">\n\t<a href=\"https:\/\/candas365.es\/noticias\" title=\"Home\">Home<\/a>\n<\/span><span class=\"aioseo-breadcrumb-separator\">&ndash;<\/span><span class=\"aioseo-breadcrumb\">\n\t<a href=\"https:\/\/candas365.es\/noticias\/category\/sucesos\/\" title=\"Sucesos\">Sucesos<\/a>\n<\/span><span class=\"aioseo-breadcrumb-separator\">&ndash;<\/span><span class=\"aioseo-breadcrumb\">\n\tMot\u00edn con fallecidos y varios fugados en una c\u00e1rcel de Ciudad Ju\u00e1rez\n<\/span><\/div>","aioseo_breadcrumb_json":[{"label":"Home","link":"https:\/\/candas365.es\/noticias"},{"label":"Sucesos","link":"https:\/\/candas365.es\/noticias\/category\/sucesos\/"},{"label":"Mot\u00edn con fallecidos y varios fugados en una c\u00e1rcel de Ciudad Ju\u00e1rez","link":"https:\/\/candas365.es\/noticias\/motin-con-fallecidos-y-varios-fugados-en-una-carcel-de-ciudad-juarez\/"}],"_links":{"self":[{"href":"https:\/\/candas365.es\/noticias\/wp-json\/wp\/v2\/posts\/170546","targetHints":{"allow":["GET"]}}],"collection":[{"href":"https:\/\/candas365.es\/noticias\/wp-json\/wp\/v2\/posts"}],"about":[{"href":"https:\/\/candas365.es\/noticias\/wp-json\/wp\/v2\/types\/post"}],"author":[{"embeddable":true,"href":"https:\/\/candas365.es\/noticias\/wp-json\/wp\/v2\/users\/1"}],"replies":[{"embeddable":true,"href":"https:\/\/candas365.es\/noticias\/wp-json\/wp\/v2\/comments?post=170546"}],"version-history":[{"count":0,"href":"https:\/\/candas365.es\/noticias\/wp-json\/wp\/v2\/posts\/170546\/revisions"}],"wp:featuredmedia":[{"embeddable":true,"href":"https:\/\/candas365.es\/noticias\/wp-json\/wp\/v2\/media\/170547"}],"wp:attachment":[{"href":"https:\/\/candas365.es\/noticias\/wp-json\/wp\/v2\/media?parent=170546"}],"wp:term":[{"taxonomy":"category","embeddable":true,"href":"https:\/\/candas365.es\/noticias\/wp-json\/wp\/v2\/categories?post=170546"},{"taxonomy":"post_tag","embeddable":true,"href":"https:\/\/candas365.es\/noticias\/wp-json\/wp\/v2\/tags?post=170546"}],"curies":[{"name":"wp","href":"https:\/\/api.w.org\/{rel}","templated":true}]}}