{"id":170496,"date":"2023-01-01T02:16:57","date_gmt":"2023-01-01T01:16:57","guid":{"rendered":"https:\/\/candas365.es\/noticias\/?p=170496"},"modified":"2023-01-01T02:16:57","modified_gmt":"2023-01-01T01:16:57","slug":"selle-la-autocaravana-para-un-calor-confortable-en-invierno","status":"publish","type":"post","link":"https:\/\/candas365.es\/noticias\/selle-la-autocaravana-para-un-calor-confortable-en-invierno\/","title":{"rendered":"Selle la autocaravana para un calor confortable en invierno"},"content":{"rendered":"<p>(dpa) &#8211; El <a href=\"https:\/\/candas365.es\/noticias\/category\/turismo\/\"><span style=\"color: #ff6600;\"><strong>camping en invierno<\/strong><\/span><\/a> tiene su encanto, e incluso m\u00e1s cuando se pasan vacaciones en un paisaje nevado entre cumbres monta\u00f1osas en una autocaravana.<\/p>\n<figure id=\"attachment_170497\" aria-describedby=\"caption-attachment-170497\" style=\"width: 650px\" class=\"wp-caption aligncenter\"><img fetchpriority=\"high\" decoding=\"async\" class=\"wp-image-170497 size-large\" src=\"https:\/\/candas365.es\/noticias\/wp-content\/uploads\/2023\/01\/invierno-650x425.jpg\" alt=\"invierno\" width=\"650\" height=\"425\" srcset=\"https:\/\/candas365.es\/noticias\/wp-content\/uploads\/2023\/01\/invierno-650x425.jpg 650w, https:\/\/candas365.es\/noticias\/wp-content\/uploads\/2023\/01\/invierno-360x236.jpg 360w, https:\/\/candas365.es\/noticias\/wp-content\/uploads\/2023\/01\/invierno-768x503.jpg 768w, https:\/\/candas365.es\/noticias\/wp-content\/uploads\/2023\/01\/invierno-150x98.jpg 150w, https:\/\/candas365.es\/noticias\/wp-content\/uploads\/2023\/01\/invierno-450x294.jpg 450w, https:\/\/candas365.es\/noticias\/wp-content\/uploads\/2023\/01\/invierno.jpg 998w\" sizes=\"(max-width: 650px) 100vw, 650px\" \/><figcaption id=\"caption-attachment-170497\" class=\"wp-caption-text\">Un buen aislamiento t\u00e9rmico es esencial para el \u00abcamping\u00bb en autocaravana en invierno. Foto: Soeren Stache\/dpa<\/figcaption><\/figure>\n<p>Pero, mientras que afuera bien puede hacer<span style=\"color: #ff6600;\"> <a style=\"color: #ff6600;\" href=\"https:\/\/www.eldigitaldeasturias.com\/noticias\/category\/el-tiempo\/\" target=\"_blank\" rel=\"noopener\"><strong>fr\u00edo<\/strong><\/a>,<\/span> en la autocaravana es preferible tener un calor acogedor que brinde confort, para lo cual ser\u00e1 clave el aislamiento.<\/p>\n<p>Los veh\u00edculos modernos, <strong>actualmente, ya salen en general de f\u00e1brica con un buen sellado, indica la organizaci\u00f3n revisora GT\u00dc. Sin embargo, siempre se puede optimizar.<\/strong><\/p>\n<p>Por ejemplo, la zona de estar debe estar separada de la cabina del conductor con una cortina divisoria. Esto se debe a que el fr\u00edo puede penetrar m\u00e1s f\u00e1cilmente a trav\u00e9s de las ventanas de cristal simple de la cabina del conductor y deslizarse hacia la parte trasera del veh\u00edculo.<\/p>\n<p><strong>Por este motivo, es aconsejable comprar alfombrillas t\u00e9rmicas para las ventanillas de la cabina del conductor<\/strong>. Estas reducen la cantidad de fr\u00edo que entra en la cabina y, por lo tanto, a\u00fan menos puede entrar en la zona de estar, idealmente separada. Tambi\u00e9n all\u00ed pueden aislarse adicionalmente las ventanas. Lo mismo rige para los techos corredizos.<\/p>\n<h2>Una especie de calefacci\u00f3n a losa radiante para la autocaravana<\/h2>\n<p>Seg\u00fan la GT\u00dc, los acampantes de invierno tambi\u00e9n pueden considerar el aislamiento del suelo. Se recomiendan alfombrillas o moquetas resistentes, algunas de las cuales est\u00e1n disponibles con elementos calefactores integrados, una especie de calefacci\u00f3n a losa radiante para la autocaravana.<\/p>\n<p>Un punto importante: la GT\u00dc indica que para que no se acumule humedad y no se forme moho, deber\u00eda ventilarse intensamente la autocaravana varias veces al d\u00eda y, a veces, abrir al mismo tiempo tambi\u00e9n las puertas de los armarios, para que pueda circular el aire all\u00ed.<\/p>\n<h2>Toldo de invierno<\/h2>\n<p>Asimismo un toldo de invierno puede resultar de utilidad<strong>. Estos suelen ser m\u00e1s peque\u00f1os y de construcci\u00f3n m\u00e1s estable que sus variantes veraniegas, para poder resistir nevadas y las condiciones clim\u00e1ticas m\u00e1s duras.<\/strong><\/p>\n<p>Adem\u00e1s, el toldo sirve de \u00abesclusa clim\u00e1tica\u00bb. Cuando la puerta est\u00e1 abierta, el fr\u00edo glacial no penetra inmediatamente en la sala de estar. El toldo tambi\u00e9n es un buen lugar para guardar los esqu\u00edes, las botas y los trineos si el camping no dispone de secadero.<\/p>\n","protected":false},"excerpt":{"rendered":"<p>(dpa) &#8211; El camping en invierno tiene su encanto, e incluso m\u00e1s cuando se pasan vacaciones en un paisaje nevado entre cumbres monta\u00f1osas en una autocaravana. Pero, mientras que afuera bien puede hacer fr\u00edo, en la autocaravana es preferible tener un calor acogedor que brinde confort, para lo cual ser\u00e1 clave el aislamiento. Los veh\u00edculos<\/p>\n","protected":false},"author":1,"featured_media":170497,"comment_status":"closed","ping_status":"closed","sticky":false,"template":"","format":"standard","meta":{"footnotes":""},"categories":[359],"tags":[429,412],"class_list":{"0":"post-170496","1":"post","2":"type-post","3":"status-publish","4":"format-standard","5":"has-post-thumbnail","7":"category-turismo","8":"tag-el-tiempo","9":"tag-turismo"},"aioseo_notices":[],"aioseo_head":"\n\t\t<!-- All in One SEO Pro 4.9.6.2 - aioseo.com -->\n\t<meta name=\"description\" content=\"(dpa) - El camping en invierno tiene su encanto, e incluso m\u00e1s cuando se pasan vacaciones en un paisaje nevado entre cumbres monta\u00f1osas\" \/>\n\t<meta name=\"robots\" content=\"max-image-preview:large\" \/>\n\t<meta name=\"author\" content=\"Cand\u00e1s 365\"\/>\n\t<meta name=\"google-site-verification\" content=\"UA-32230408-1\" \/>\n\t<meta name=\"msvalidate.01\" content=\"354F3CDFB2DA171B47FBE9ABF1F88D5\" \/>\n\t<meta name=\"keywords\" content=\"turismo\" \/>\n\t<link rel=\"canonical\" href=\"https:\/\/candas365.es\/noticias\/selle-la-autocaravana-para-un-calor-confortable-en-invierno\/\" \/>\n\t<meta name=\"generator\" content=\"All in One SEO Pro (AIOSEO) 4.9.6.2\" \/>\n\t\t<meta property=\"og:locale\" content=\"es_ES\" \/>\n\t\t<meta property=\"og:site_name\" content=\"Cand\u00e1s 365\" \/>\n\t\t<meta property=\"og:type\" content=\"article\" \/>\n\t\t<meta property=\"og:title\" content=\"Selle la autocaravana para un calor confortable en invierno | Cand\u00e1s 365\" \/>\n\t\t<meta property=\"og:description\" content=\"(dpa) - El camping en invierno tiene su encanto, e incluso m\u00e1s cuando se pasan vacaciones en un paisaje nevado entre cumbres monta\u00f1osas\" \/>\n\t\t<meta property=\"og:url\" content=\"https:\/\/candas365.es\/noticias\/selle-la-autocaravana-para-un-calor-confortable-en-invierno\/\" \/>\n\t\t<meta property=\"og:image\" content=\"https:\/\/candas365.es\/noticias\/wp-content\/uploads\/2023\/01\/invierno.jpg\" \/>\n\t\t<meta property=\"og:image:secure_url\" content=\"https:\/\/candas365.es\/noticias\/wp-content\/uploads\/2023\/01\/invierno.jpg\" \/>\n\t\t<meta property=\"og:image:width\" content=\"998\" \/>\n\t\t<meta property=\"og:image:height\" content=\"653\" \/>\n\t\t<meta property=\"article:published_time\" content=\"2023-01-01T01:16:57+00:00\" \/>\n\t\t<meta property=\"article:modified_time\" content=\"2023-01-01T01:16:57+00:00\" \/>\n\t\t<meta property=\"article:publisher\" content=\"https:\/\/www.facebook.com\/Nachofdezber\" \/>\n\t\t<meta property=\"article:author\" content=\"https:\/\/www.facebook.com\/carrenoactualidad\" \/>\n\t\t<meta name=\"twitter:card\" content=\"summary_large_image\" \/>\n\t\t<meta name=\"twitter:site\" content=\"@NabercoDigital\" \/>\n\t\t<meta name=\"twitter:title\" content=\"Selle la autocaravana para un calor confortable en invierno | Cand\u00e1s 365\" \/>\n\t\t<meta name=\"twitter:description\" content=\"(dpa) - El camping en invierno tiene su encanto, e incluso m\u00e1s cuando se pasan vacaciones en un paisaje nevado entre cumbres monta\u00f1osas\" \/>\n\t\t<meta name=\"twitter:creator\" content=\"@nbasturias\" \/>\n\t\t<meta name=\"twitter:image\" content=\"https:\/\/candas365.es\/noticias\/wp-content\/uploads\/2023\/01\/invierno.jpg\" \/>\n\t\t<meta name=\"twitter:label1\" content=\"Escrito por\" \/>\n\t\t<meta name=\"twitter:data1\" content=\"Cand\u00e1s 365\" \/>\n\t\t<meta name=\"twitter:label2\" content=\"Tiempo de lectura estimado\" \/>\n\t\t<meta name=\"twitter:data2\" content=\"2 minutos\" \/>\n\t\t<script type=\"application\/ld+json\" class=\"aioseo-schema\">\n\t\t\t{\"@context\":\"https:\\\/\\\/schema.org\",\"@graph\":[{\"@type\":\"BreadcrumbList\",\"@id\":\"https:\\\/\\\/candas365.es\\\/noticias\\\/selle-la-autocaravana-para-un-calor-confortable-en-invierno\\\/#breadcrumblist\",\"itemListElement\":[{\"@type\":\"ListItem\",\"@id\":\"https:\\\/\\\/candas365.es\\\/noticias#listItem\",\"position\":1,\"name\":\"Home\",\"item\":\"https:\\\/\\\/candas365.es\\\/noticias\",\"nextItem\":{\"@type\":\"ListItem\",\"@id\":\"https:\\\/\\\/candas365.es\\\/noticias\\\/category\\\/turismo\\\/#listItem\",\"name\":\"Turismo\"}},{\"@type\":\"ListItem\",\"@id\":\"https:\\\/\\\/candas365.es\\\/noticias\\\/category\\\/turismo\\\/#listItem\",\"position\":2,\"name\":\"Turismo\",\"item\":\"https:\\\/\\\/candas365.es\\\/noticias\\\/category\\\/turismo\\\/\",\"nextItem\":{\"@type\":\"ListItem\",\"@id\":\"https:\\\/\\\/candas365.es\\\/noticias\\\/selle-la-autocaravana-para-un-calor-confortable-en-invierno\\\/#listItem\",\"name\":\"Selle la autocaravana para un calor confortable en invierno\"},\"previousItem\":{\"@type\":\"ListItem\",\"@id\":\"https:\\\/\\\/candas365.es\\\/noticias#listItem\",\"name\":\"Home\"}},{\"@type\":\"ListItem\",\"@id\":\"https:\\\/\\\/candas365.es\\\/noticias\\\/selle-la-autocaravana-para-un-calor-confortable-en-invierno\\\/#listItem\",\"position\":3,\"name\":\"Selle la autocaravana para un calor confortable en invierno\",\"previousItem\":{\"@type\":\"ListItem\",\"@id\":\"https:\\\/\\\/candas365.es\\\/noticias\\\/category\\\/turismo\\\/#listItem\",\"name\":\"Turismo\"}}]},{\"@type\":\"NewsArticle\",\"@id\":\"https:\\\/\\\/candas365.es\\\/noticias\\\/selle-la-autocaravana-para-un-calor-confortable-en-invierno\\\/#newsarticle\",\"name\":\"Selle la autocaravana para un calor confortable en invierno | Cand\\u00e1s 365\",\"headline\":\"Selle la autocaravana para un calor confortable en invierno\",\"author\":{\"@id\":\"https:\\\/\\\/candas365.es\\\/noticias\\\/author\\\/admin\\\/#author\"},\"publisher\":{\"@id\":\"https:\\\/\\\/candas365.es\\\/noticias\\\/#organization\"},\"image\":{\"@type\":\"ImageObject\",\"url\":\"https:\\\/\\\/candas365.es\\\/noticias\\\/wp-content\\\/uploads\\\/2023\\\/01\\\/invierno.jpg\",\"width\":998,\"height\":653,\"caption\":\"Un buen aislamiento t\\u00e9rmico es esencial para el \\\"camping\\\" en autocaravana en invierno. Foto: Soeren Stache\\\/dpa\"},\"datePublished\":\"2023-01-01T02:16:57+01:00\",\"dateModified\":\"2023-01-01T02:16:57+01:00\",\"inLanguage\":\"es-ES\",\"mainEntityOfPage\":{\"@id\":\"https:\\\/\\\/candas365.es\\\/noticias\\\/selle-la-autocaravana-para-un-calor-confortable-en-invierno\\\/#webpage\"},\"isPartOf\":{\"@id\":\"https:\\\/\\\/candas365.es\\\/noticias\\\/selle-la-autocaravana-para-un-calor-confortable-en-invierno\\\/#webpage\"},\"articleSection\":\"Turismo, El tiempo, turismo\",\"dateline\":\"Publicado el enero 1, 2023.\"},{\"@type\":\"Organization\",\"@id\":\"https:\\\/\\\/candas365.es\\\/noticias\\\/#organization\",\"name\":\"Cand\\u00e1s 365\",\"description\":\"Cand\\u00e1s 365 es un diario digital independiente, fundado en 2012, con base en Asturias. Informamos con rigor sobre actualidad, sociedad, cultura y ocio, con una mirada local y global.\",\"url\":\"https:\\\/\\\/candas365.es\\\/noticias\\\/\",\"email\":\"info@candas365.es\",\"telephone\":\"+34652131393\",\"foundingDate\":\"2012-06-10\",\"logo\":{\"@type\":\"ImageObject\",\"url\":\"https:\\\/\\\/candas365.es\\\/noticias\\\/wp-content\\\/uploads\\\/2024\\\/09\\\/Candas-365-Redes.jpg\",\"@id\":\"https:\\\/\\\/candas365.es\\\/noticias\\\/selle-la-autocaravana-para-un-calor-confortable-en-invierno\\\/#organizationLogo\",\"width\":1152,\"height\":864,\"caption\":\"Cand\\u00e1s 365 Redes\"},\"image\":{\"@id\":\"https:\\\/\\\/candas365.es\\\/noticias\\\/selle-la-autocaravana-para-un-calor-confortable-en-invierno\\\/#organizationLogo\"},\"sameAs\":[\"https:\\\/\\\/www.facebook.com\\\/Nachofdezber\",\"https:\\\/\\\/x.com\\\/NabercoDigital\",\"https:\\\/\\\/www.instagram.com\\\/nachofdezber\\\/\",\"https:\\\/\\\/www.youtube.com\\\/channel\\\/UCZP-2wLEB9Rv6erhFmqVnvg\"],\"address\":{\"@id\":\"https:\\\/\\\/candas365.es\\\/noticias\\\/#postaladdress\",\"@type\":\"PostalAddress\",\"streetAddress\":\"san antonio 4, san antonio 4\",\"postalCode\":\"33430\",\"addressLocality\":\"Cand\\u00e1s\",\"addressRegion\":\"Asturias\",\"addressCountry\":\"ES\"}},{\"@type\":\"Person\",\"@id\":\"https:\\\/\\\/candas365.es\\\/noticias\\\/author\\\/admin\\\/#author\",\"url\":\"https:\\\/\\\/candas365.es\\\/noticias\\\/author\\\/admin\\\/\",\"name\":\"Cand\\u00e1s 365\",\"image\":{\"@type\":\"ImageObject\",\"@id\":\"https:\\\/\\\/candas365.es\\\/noticias\\\/selle-la-autocaravana-para-un-calor-confortable-en-invierno\\\/#authorImage\",\"url\":\"https:\\\/\\\/secure.gravatar.com\\\/avatar\\\/496a8e03d0c493ede1718b7934145dbdf8d89be1036b0eec9544e1094c9de390?s=96&d=mm&r=g\",\"width\":96,\"height\":96,\"caption\":\"Cand\\u00e1s 365\"},\"sameAs\":[\"https:\\\/\\\/www.facebook.com\\\/carrenoactualidad\",\"https:\\\/\\\/twitter.com\\\/nbasturias\",\"https:\\\/\\\/www.instagram.com\\\/nachofdezber\\\/\",\"https:\\\/\\\/www.youtube.com\\\/channel\\\/UCZP-2wLEB9Rv6erhFmqVnvg\"]},{\"@type\":\"WebPage\",\"@id\":\"https:\\\/\\\/candas365.es\\\/noticias\\\/selle-la-autocaravana-para-un-calor-confortable-en-invierno\\\/#webpage\",\"url\":\"https:\\\/\\\/candas365.es\\\/noticias\\\/selle-la-autocaravana-para-un-calor-confortable-en-invierno\\\/\",\"name\":\"Selle la autocaravana para un calor confortable en invierno | Cand\\u00e1s 365\",\"description\":\"(dpa) - El camping en invierno tiene su encanto, e incluso m\\u00e1s cuando se pasan vacaciones en un paisaje nevado entre cumbres monta\\u00f1osas\",\"inLanguage\":\"es-ES\",\"isPartOf\":{\"@id\":\"https:\\\/\\\/candas365.es\\\/noticias\\\/#website\"},\"breadcrumb\":{\"@id\":\"https:\\\/\\\/candas365.es\\\/noticias\\\/selle-la-autocaravana-para-un-calor-confortable-en-invierno\\\/#breadcrumblist\"},\"author\":{\"@id\":\"https:\\\/\\\/candas365.es\\\/noticias\\\/author\\\/admin\\\/#author\"},\"creator\":{\"@id\":\"https:\\\/\\\/candas365.es\\\/noticias\\\/author\\\/admin\\\/#author\"},\"image\":{\"@type\":\"ImageObject\",\"url\":\"https:\\\/\\\/candas365.es\\\/noticias\\\/wp-content\\\/uploads\\\/2023\\\/01\\\/invierno.jpg\",\"@id\":\"https:\\\/\\\/candas365.es\\\/noticias\\\/selle-la-autocaravana-para-un-calor-confortable-en-invierno\\\/#mainImage\",\"width\":998,\"height\":653,\"caption\":\"Un buen aislamiento t\\u00e9rmico es esencial para el \\\"camping\\\" en autocaravana en invierno. Foto: Soeren Stache\\\/dpa\"},\"primaryImageOfPage\":{\"@id\":\"https:\\\/\\\/candas365.es\\\/noticias\\\/selle-la-autocaravana-para-un-calor-confortable-en-invierno\\\/#mainImage\"},\"datePublished\":\"2023-01-01T02:16:57+01:00\",\"dateModified\":\"2023-01-01T02:16:57+01:00\"},{\"@type\":\"WebSite\",\"@id\":\"https:\\\/\\\/candas365.es\\\/noticias\\\/#website\",\"url\":\"https:\\\/\\\/candas365.es\\\/noticias\\\/\",\"name\":\"Cand\\u00e1s 365\",\"alternateName\":\"Cand\\u00e1s 365 Noticias\",\"description\":\"Actualidad desde Carre\\u00f1o para el mundo\",\"inLanguage\":\"es-ES\",\"publisher\":{\"@id\":\"https:\\\/\\\/candas365.es\\\/noticias\\\/#organization\"}}]}\n\t\t<\/script>\n\t\t<!-- All in One SEO Pro -->\r\n\t\t<title>Selle la autocaravana para un calor confortable en invierno | Cand\u00e1s 365<\/title>\n\n","aioseo_head_json":{"title":"Selle la autocaravana para un calor confortable en invierno | Cand\u00e1s 365","description":"(dpa) - El camping en invierno tiene su encanto, e incluso m\u00e1s cuando se pasan vacaciones en un paisaje nevado entre cumbres monta\u00f1osas","canonical_url":"https:\/\/candas365.es\/noticias\/selle-la-autocaravana-para-un-calor-confortable-en-invierno\/","robots":"max-image-preview:large","keywords":"turismo","webmasterTools":{"google-site-verification":"UA-32230408-1","msvalidate.01":"354F3CDFB2DA171B47FBE9ABF1F88D5","miscellaneous":""},"schema":{"@context":"https:\/\/schema.org","@graph":[{"@type":"BreadcrumbList","@id":"https:\/\/candas365.es\/noticias\/selle-la-autocaravana-para-un-calor-confortable-en-invierno\/#breadcrumblist","itemListElement":[{"@type":"ListItem","@id":"https:\/\/candas365.es\/noticias#listItem","position":1,"name":"Home","item":"https:\/\/candas365.es\/noticias","nextItem":{"@type":"ListItem","@id":"https:\/\/candas365.es\/noticias\/category\/turismo\/#listItem","name":"Turismo"}},{"@type":"ListItem","@id":"https:\/\/candas365.es\/noticias\/category\/turismo\/#listItem","position":2,"name":"Turismo","item":"https:\/\/candas365.es\/noticias\/category\/turismo\/","nextItem":{"@type":"ListItem","@id":"https:\/\/candas365.es\/noticias\/selle-la-autocaravana-para-un-calor-confortable-en-invierno\/#listItem","name":"Selle la autocaravana para un calor confortable en invierno"},"previousItem":{"@type":"ListItem","@id":"https:\/\/candas365.es\/noticias#listItem","name":"Home"}},{"@type":"ListItem","@id":"https:\/\/candas365.es\/noticias\/selle-la-autocaravana-para-un-calor-confortable-en-invierno\/#listItem","position":3,"name":"Selle la autocaravana para un calor confortable en invierno","previousItem":{"@type":"ListItem","@id":"https:\/\/candas365.es\/noticias\/category\/turismo\/#listItem","name":"Turismo"}}]},{"@type":"NewsArticle","@id":"https:\/\/candas365.es\/noticias\/selle-la-autocaravana-para-un-calor-confortable-en-invierno\/#newsarticle","name":"Selle la autocaravana para un calor confortable en invierno | Cand\u00e1s 365","headline":"Selle la autocaravana para un calor confortable en invierno","author":{"@id":"https:\/\/candas365.es\/noticias\/author\/admin\/#author"},"publisher":{"@id":"https:\/\/candas365.es\/noticias\/#organization"},"image":{"@type":"ImageObject","url":"https:\/\/candas365.es\/noticias\/wp-content\/uploads\/2023\/01\/invierno.jpg","width":998,"height":653,"caption":"Un buen aislamiento t\u00e9rmico es esencial para el \"camping\" en autocaravana en invierno. Foto: Soeren Stache\/dpa"},"datePublished":"2023-01-01T02:16:57+01:00","dateModified":"2023-01-01T02:16:57+01:00","inLanguage":"es-ES","mainEntityOfPage":{"@id":"https:\/\/candas365.es\/noticias\/selle-la-autocaravana-para-un-calor-confortable-en-invierno\/#webpage"},"isPartOf":{"@id":"https:\/\/candas365.es\/noticias\/selle-la-autocaravana-para-un-calor-confortable-en-invierno\/#webpage"},"articleSection":"Turismo, El tiempo, turismo","dateline":"Publicado el enero 1, 2023."},{"@type":"Organization","@id":"https:\/\/candas365.es\/noticias\/#organization","name":"Cand\u00e1s 365","description":"Cand\u00e1s 365 es un diario digital independiente, fundado en 2012, con base en Asturias. Informamos con rigor sobre actualidad, sociedad, cultura y ocio, con una mirada local y global.","url":"https:\/\/candas365.es\/noticias\/","email":"info@candas365.es","telephone":"+34652131393","foundingDate":"2012-06-10","logo":{"@type":"ImageObject","url":"https:\/\/candas365.es\/noticias\/wp-content\/uploads\/2024\/09\/Candas-365-Redes.jpg","@id":"https:\/\/candas365.es\/noticias\/selle-la-autocaravana-para-un-calor-confortable-en-invierno\/#organizationLogo","width":1152,"height":864,"caption":"Cand\u00e1s 365 Redes"},"image":{"@id":"https:\/\/candas365.es\/noticias\/selle-la-autocaravana-para-un-calor-confortable-en-invierno\/#organizationLogo"},"sameAs":["https:\/\/www.facebook.com\/Nachofdezber","https:\/\/x.com\/NabercoDigital","https:\/\/www.instagram.com\/nachofdezber\/","https:\/\/www.youtube.com\/channel\/UCZP-2wLEB9Rv6erhFmqVnvg"],"address":{"@id":"https:\/\/candas365.es\/noticias\/#postaladdress","@type":"PostalAddress","streetAddress":"san antonio 4, san antonio 4","postalCode":"33430","addressLocality":"Cand\u00e1s","addressRegion":"Asturias","addressCountry":"ES"}},{"@type":"Person","@id":"https:\/\/candas365.es\/noticias\/author\/admin\/#author","url":"https:\/\/candas365.es\/noticias\/author\/admin\/","name":"Cand\u00e1s 365","image":{"@type":"ImageObject","@id":"https:\/\/candas365.es\/noticias\/selle-la-autocaravana-para-un-calor-confortable-en-invierno\/#authorImage","url":"https:\/\/secure.gravatar.com\/avatar\/496a8e03d0c493ede1718b7934145dbdf8d89be1036b0eec9544e1094c9de390?s=96&d=mm&r=g","width":96,"height":96,"caption":"Cand\u00e1s 365"},"sameAs":["https:\/\/www.facebook.com\/carrenoactualidad","https:\/\/twitter.com\/nbasturias","https:\/\/www.instagram.com\/nachofdezber\/","https:\/\/www.youtube.com\/channel\/UCZP-2wLEB9Rv6erhFmqVnvg"]},{"@type":"WebPage","@id":"https:\/\/candas365.es\/noticias\/selle-la-autocaravana-para-un-calor-confortable-en-invierno\/#webpage","url":"https:\/\/candas365.es\/noticias\/selle-la-autocaravana-para-un-calor-confortable-en-invierno\/","name":"Selle la autocaravana para un calor confortable en invierno | Cand\u00e1s 365","description":"(dpa) - El camping en invierno tiene su encanto, e incluso m\u00e1s cuando se pasan vacaciones en un paisaje nevado entre cumbres monta\u00f1osas","inLanguage":"es-ES","isPartOf":{"@id":"https:\/\/candas365.es\/noticias\/#website"},"breadcrumb":{"@id":"https:\/\/candas365.es\/noticias\/selle-la-autocaravana-para-un-calor-confortable-en-invierno\/#breadcrumblist"},"author":{"@id":"https:\/\/candas365.es\/noticias\/author\/admin\/#author"},"creator":{"@id":"https:\/\/candas365.es\/noticias\/author\/admin\/#author"},"image":{"@type":"ImageObject","url":"https:\/\/candas365.es\/noticias\/wp-content\/uploads\/2023\/01\/invierno.jpg","@id":"https:\/\/candas365.es\/noticias\/selle-la-autocaravana-para-un-calor-confortable-en-invierno\/#mainImage","width":998,"height":653,"caption":"Un buen aislamiento t\u00e9rmico es esencial para el \"camping\" en autocaravana en invierno. Foto: Soeren Stache\/dpa"},"primaryImageOfPage":{"@id":"https:\/\/candas365.es\/noticias\/selle-la-autocaravana-para-un-calor-confortable-en-invierno\/#mainImage"},"datePublished":"2023-01-01T02:16:57+01:00","dateModified":"2023-01-01T02:16:57+01:00"},{"@type":"WebSite","@id":"https:\/\/candas365.es\/noticias\/#website","url":"https:\/\/candas365.es\/noticias\/","name":"Cand\u00e1s 365","alternateName":"Cand\u00e1s 365 Noticias","description":"Actualidad desde Carre\u00f1o para el mundo","inLanguage":"es-ES","publisher":{"@id":"https:\/\/candas365.es\/noticias\/#organization"}}]},"og:locale":"es_ES","og:site_name":"Cand\u00e1s 365","og:type":"article","og:title":"Selle la autocaravana para un calor confortable en invierno | Cand\u00e1s 365","og:description":"(dpa) - El camping en invierno tiene su encanto, e incluso m\u00e1s cuando se pasan vacaciones en un paisaje nevado entre cumbres monta\u00f1osas","og:url":"https:\/\/candas365.es\/noticias\/selle-la-autocaravana-para-un-calor-confortable-en-invierno\/","og:image":"https:\/\/candas365.es\/noticias\/wp-content\/uploads\/2023\/01\/invierno.jpg","og:image:secure_url":"https:\/\/candas365.es\/noticias\/wp-content\/uploads\/2023\/01\/invierno.jpg","og:image:width":998,"og:image:height":653,"article:published_time":"2023-01-01T01:16:57+00:00","article:modified_time":"2023-01-01T01:16:57+00:00","article:publisher":"https:\/\/www.facebook.com\/Nachofdezber","article:author":"https:\/\/www.facebook.com\/carrenoactualidad","twitter:card":"summary_large_image","twitter:site":"@NabercoDigital","twitter:title":"Selle la autocaravana para un calor confortable en invierno | Cand\u00e1s 365","twitter:description":"(dpa) - El camping en invierno tiene su encanto, e incluso m\u00e1s cuando se pasan vacaciones en un paisaje nevado entre cumbres monta\u00f1osas","twitter:creator":"@nbasturias","twitter:image":"https:\/\/candas365.es\/noticias\/wp-content\/uploads\/2023\/01\/invierno.jpg","twitter:label1":"Escrito por","twitter:data1":"Cand\u00e1s 365","twitter:label2":"Tiempo de lectura estimado","twitter:data2":"2 minutos"},"aioseo_meta_data":{"post_id":"170496","title":null,"description":"(dpa) - El camping en invierno tiene su encanto, e incluso m\u00e1s cuando se pasan vacaciones en un paisaje nevado entre cumbres monta\u00f1osas","keywords":[],"keyphrases":{"focus":{"keyphrase":"invierno","score":93,"analysis":{"keyphraseInTitle":{"score":9,"maxScore":9,"error":0},"keyphraseInDescription":{"score":9,"maxScore":9,"error":0},"keyphraseLength":{"score":9,"maxScore":9,"error":0,"length":1},"keyphraseInURL":{"score":1,"maxScore":5,"error":1},"keyphraseInIntroduction":{"score":9,"maxScore":9,"error":0},"keyphraseInSubHeadings":{"score":9,"maxScore":9,"error":0},"keyphraseInImageAlt":{"score":9,"maxScore":9,"error":0}}},"additional":[{"keyphrase":"camping en invierno","score":83,"analysis":{"keyphraseInDescription":{"score":9,"maxScore":9,"error":0},"keyphraseLength":{"score":9,"maxScore":9,"error":0,"length":3},"keyphraseInIntroduction":{"score":9,"maxScore":9,"error":0},"keyphraseInImageAlt":{"score":3,"maxScore":9,"error":1}}},{"keyphrase":"invierno","score":100,"analysis":{"keyphraseInDescription":{"score":9,"maxScore":9,"error":0},"keyphraseLength":{"score":9,"maxScore":9,"error":0,"length":1},"keyphraseInIntroduction":{"score":9,"maxScore":9,"error":0},"keyphraseInImageAlt":{"score":9,"maxScore":9,"error":0}}}]},"primary_term":null,"canonical_url":null,"og_title":null,"og_description":null,"og_object_type":"default","og_image_type":"default","og_image_url":null,"og_image_width":null,"og_image_height":null,"og_image_custom_url":null,"og_image_custom_fields":null,"og_video":"","og_custom_url":null,"og_article_section":null,"og_article_tags":[],"twitter_use_og":false,"twitter_card":"default","twitter_image_type":"default","twitter_image_url":null,"twitter_image_custom_url":null,"twitter_image_custom_fields":null,"twitter_title":null,"twitter_description":null,"schema":{"blockGraphs":[],"customGraphs":[],"default":{"data":{"Article":[],"Course":[],"Dataset":[],"FAQPage":[],"Movie":[],"Person":[],"Product":[],"ProductReview":[],"Car":[],"Recipe":[],"Service":[],"SoftwareApplication":[],"WebPage":[]},"graphName":"Article","isEnabled":true},"graphs":[]},"schema_type":"default","schema_type_options":null,"pillar_content":false,"robots_default":true,"robots_noindex":false,"robots_noarchive":false,"robots_nosnippet":false,"robots_nofollow":false,"robots_noimageindex":false,"robots_noodp":false,"robots_notranslate":false,"robots_max_snippet":"-1","robots_max_videopreview":"-1","robots_max_imagepreview":"large","priority":null,"frequency":"default","location":null,"local_seo":null,"seo_analyzer_scan_date":"2025-09-01 17:29:12","breadcrumb_settings":null,"limit_modified_date":false,"reviewed_by":null,"open_ai":null,"ai":null,"created":"2023-01-01 01:11:16","updated":"2025-09-01 17:29:12"},"aioseo_breadcrumb":"<div class=\"aioseo-breadcrumbs\"><span class=\"aioseo-breadcrumb\">\n\t<a href=\"https:\/\/candas365.es\/noticias\" title=\"Home\">Home<\/a>\n<\/span><span class=\"aioseo-breadcrumb-separator\">&ndash;<\/span><span class=\"aioseo-breadcrumb\">\n\t<a href=\"https:\/\/candas365.es\/noticias\/category\/turismo\/\" title=\"Turismo\">Turismo<\/a>\n<\/span><span class=\"aioseo-breadcrumb-separator\">&ndash;<\/span><span class=\"aioseo-breadcrumb\">\n\tSelle la autocaravana para un calor confortable en invierno\n<\/span><\/div>","aioseo_breadcrumb_json":[{"label":"Home","link":"https:\/\/candas365.es\/noticias"},{"label":"Turismo","link":"https:\/\/candas365.es\/noticias\/category\/turismo\/"},{"label":"Selle la autocaravana para un calor confortable en invierno","link":"https:\/\/candas365.es\/noticias\/selle-la-autocaravana-para-un-calor-confortable-en-invierno\/"}],"_links":{"self":[{"href":"https:\/\/candas365.es\/noticias\/wp-json\/wp\/v2\/posts\/170496","targetHints":{"allow":["GET"]}}],"collection":[{"href":"https:\/\/candas365.es\/noticias\/wp-json\/wp\/v2\/posts"}],"about":[{"href":"https:\/\/candas365.es\/noticias\/wp-json\/wp\/v2\/types\/post"}],"author":[{"embeddable":true,"href":"https:\/\/candas365.es\/noticias\/wp-json\/wp\/v2\/users\/1"}],"replies":[{"embeddable":true,"href":"https:\/\/candas365.es\/noticias\/wp-json\/wp\/v2\/comments?post=170496"}],"version-history":[{"count":0,"href":"https:\/\/candas365.es\/noticias\/wp-json\/wp\/v2\/posts\/170496\/revisions"}],"wp:featuredmedia":[{"embeddable":true,"href":"https:\/\/candas365.es\/noticias\/wp-json\/wp\/v2\/media\/170497"}],"wp:attachment":[{"href":"https:\/\/candas365.es\/noticias\/wp-json\/wp\/v2\/media?parent=170496"}],"wp:term":[{"taxonomy":"category","embeddable":true,"href":"https:\/\/candas365.es\/noticias\/wp-json\/wp\/v2\/categories?post=170496"},{"taxonomy":"post_tag","embeddable":true,"href":"https:\/\/candas365.es\/noticias\/wp-json\/wp\/v2\/tags?post=170496"}],"curies":[{"name":"wp","href":"https:\/\/api.w.org\/{rel}","templated":true}]}}