{"id":170254,"date":"2022-12-20T08:00:11","date_gmt":"2022-12-20T07:00:11","guid":{"rendered":"https:\/\/candas365.es\/noticias\/?p=170254"},"modified":"2022-12-20T08:00:11","modified_gmt":"2022-12-20T07:00:11","slug":"guaido-pierde-apoyos-entre-los-partidos-de-la-oposicion-venezolana","status":"publish","type":"post","link":"https:\/\/candas365.es\/noticias\/guaido-pierde-apoyos-entre-los-partidos-de-la-oposicion-venezolana\/","title":{"rendered":"Guaid\u00f3 pierde apoyos entre los partidos de la oposici\u00f3n venezolana"},"content":{"rendered":"<p style=\"text-align: left;\">(EP) &#8211; Los partidos pol\u00edticos de <strong>la oposici\u00f3n venezolana<\/strong> est\u00e1n en fase de organizaci\u00f3n para sustituir al<strong> dirigente opositor venezolano<span style=\"color: #ff6600;\"> <a style=\"color: #ff6600;\" href=\"https:\/\/www.eldigitaldeasturias.com\/noticias\/juan-guaido-vamos-a-poner-el-pecho-venezuela-lo-vale\/\" target=\"_blank\" rel=\"noopener\">Juan Guaid\u00f3<\/a> <\/span><\/strong>como \u00abjefe del gobierno interino\u00bb del pa\u00eds latinoamericano.<\/p>\n<figure id=\"attachment_170255\" aria-describedby=\"caption-attachment-170255\" style=\"width: 650px\" class=\"wp-caption aligncenter\"><img fetchpriority=\"high\" decoding=\"async\" class=\"wp-image-170255 size-large\" src=\"https:\/\/candas365.es\/noticias\/wp-content\/uploads\/2022\/12\/Guaido-650x435.jpg\" alt=\"Guaid\u00f3\" width=\"650\" height=\"435\" srcset=\"https:\/\/candas365.es\/noticias\/wp-content\/uploads\/2022\/12\/Guaido-650x435.jpg 650w, https:\/\/candas365.es\/noticias\/wp-content\/uploads\/2022\/12\/Guaido-360x241.jpg 360w, https:\/\/candas365.es\/noticias\/wp-content\/uploads\/2022\/12\/Guaido-768x514.jpg 768w, https:\/\/candas365.es\/noticias\/wp-content\/uploads\/2022\/12\/Guaido-150x100.jpg 150w, https:\/\/candas365.es\/noticias\/wp-content\/uploads\/2022\/12\/Guaido-450x301.jpg 450w, https:\/\/candas365.es\/noticias\/wp-content\/uploads\/2022\/12\/Guaido.jpg 988w\" sizes=\"(max-width: 650px) 100vw, 650px\" \/><figcaption id=\"caption-attachment-170255\" class=\"wp-caption-text\">FOTO: CENTRO DE COMUNICACI\u00d3N NACIONAL \/ EP<\/figcaption><\/figure>\n<p>Seg\u00fan ha podido saber Bloomberg,<strong> dos de los cuatro principales partidos de la oposici\u00f3n estar\u00edan planeando el reemplazo de Guaid\u00f3<\/strong> por un comit\u00e9 de legisladores a trav\u00e9s de una propuesta conjunta, lo que pondr\u00eda en peligro la carrera del pol\u00edtico y dar\u00eda fin a la estrategia respaldada por Estados Unidos de forzar la salida del presidente Nicol\u00e1s Maduro.<\/p>\n<p>En este momento, Juan Guaid\u00f3 presiona para extender su mandato un a\u00f1o m\u00e1s convocando a la Asamblea Nacional de la oposici\u00f3n para discutir la idea este jueves. Mientras, los l\u00edderes de estos partidos pol\u00edticos plantean hacer la nueva propuesta para antes del 5 de enero del pr\u00f3ximo a\u00f1o.<\/p>\n<p>Seg\u00fan ha afirmado el medio citado,<strong> todav\u00eda no est\u00e1 claro si el partido Acci\u00f3n Democr\u00e1tica respaldar\u00e1 a Guaid\u00f3 o a un nuevo candidato<\/strong>. A diferencia de los otros partidos, que votan en bloque, los legisladores de este \u00faltimo lo har\u00e1n de forma individual.<\/p>\n<p>Guaid\u00f3, quien lleg\u00f3 a ser reconocido por m\u00e1s de medio centenar de pa\u00edses como \u00abpresidente interino\u00bb en 2019 al autoproclamarse con tal distinci\u00f3n tras no reconocer los resultados de las presidenciales de 2018,<strong> ha visto como su peso pol\u00edtico en el exterior ha ido menguando cada a\u00f1o<\/strong>, as\u00ed como su liderazgo dentro de la oposici\u00f3n interna al Gobierno del presidente, Nicol\u00e1s Maduro.<\/p>\n<p>Esta irrelevancia pol\u00edtica se hizo m\u00e1s evidente tras las elecciones de 2020, en las que el chavismo logr\u00f3 recuperar la mayor\u00eda en la Asamblea Nacional<\/p>\n","protected":false},"excerpt":{"rendered":"<p>(EP) &#8211; Los partidos pol\u00edticos de la oposici\u00f3n venezolana est\u00e1n en fase de organizaci\u00f3n para sustituir al dirigente opositor venezolano Juan Guaid\u00f3 como \u00abjefe del gobierno interino\u00bb del pa\u00eds latinoamericano. Seg\u00fan ha podido saber Bloomberg, dos de los cuatro principales partidos de la oposici\u00f3n estar\u00edan planeando el reemplazo de Guaid\u00f3 por un comit\u00e9 de legisladores<\/p>\n","protected":false},"author":1,"featured_media":170255,"comment_status":"closed","ping_status":"closed","sticky":false,"template":"","format":"standard","meta":{"footnotes":""},"categories":[485],"tags":[470,432],"class_list":{"0":"post-170254","1":"post","2":"type-post","3":"status-publish","4":"format-standard","5":"has-post-thumbnail","7":"category-internacional","8":"tag-politica","9":"tag-venezuela"},"aioseo_notices":[],"aioseo_head":"\n\t\t<!-- All in One SEO Pro 4.9.6.2 - aioseo.com -->\n\t<meta name=\"description\" content=\"(EP) - Los partidos pol\u00edticos de la oposici\u00f3n venezolana est\u00e1n en fase de organizaci\u00f3n para sustituir al dirigente opositor venezolano Juan Guaid\u00f3 como\" \/>\n\t<meta name=\"robots\" content=\"max-image-preview:large\" \/>\n\t<meta name=\"author\" content=\"Cand\u00e1s 365\"\/>\n\t<meta name=\"google-site-verification\" content=\"UA-32230408-1\" \/>\n\t<meta name=\"msvalidate.01\" content=\"354F3CDFB2DA171B47FBE9ABF1F88D5\" \/>\n\t<meta name=\"keywords\" content=\"internacional\" \/>\n\t<link rel=\"canonical\" href=\"https:\/\/candas365.es\/noticias\/guaido-pierde-apoyos-entre-los-partidos-de-la-oposicion-venezolana\/\" \/>\n\t<meta name=\"generator\" content=\"All in One SEO Pro (AIOSEO) 4.9.6.2\" \/>\n\t\t<meta property=\"og:locale\" content=\"es_ES\" \/>\n\t\t<meta property=\"og:site_name\" content=\"Cand\u00e1s 365\" \/>\n\t\t<meta property=\"og:type\" content=\"article\" \/>\n\t\t<meta property=\"og:title\" content=\"Guaid\u00f3 pierde apoyos entre los partidos de la oposici\u00f3n venezolana | Cand\u00e1s 365\" \/>\n\t\t<meta property=\"og:description\" content=\"(EP) - Los partidos pol\u00edticos de la oposici\u00f3n venezolana est\u00e1n en fase de organizaci\u00f3n para sustituir al dirigente opositor venezolano Juan Guaid\u00f3 como\" \/>\n\t\t<meta property=\"og:url\" content=\"https:\/\/candas365.es\/noticias\/guaido-pierde-apoyos-entre-los-partidos-de-la-oposicion-venezolana\/\" \/>\n\t\t<meta property=\"og:image\" content=\"https:\/\/candas365.es\/noticias\/wp-content\/uploads\/2022\/12\/Guaido.jpg\" \/>\n\t\t<meta property=\"og:image:secure_url\" content=\"https:\/\/candas365.es\/noticias\/wp-content\/uploads\/2022\/12\/Guaido.jpg\" \/>\n\t\t<meta property=\"og:image:width\" content=\"988\" \/>\n\t\t<meta property=\"og:image:height\" content=\"661\" \/>\n\t\t<meta property=\"article:published_time\" content=\"2022-12-20T07:00:11+00:00\" \/>\n\t\t<meta property=\"article:modified_time\" content=\"2022-12-20T07:00:11+00:00\" \/>\n\t\t<meta property=\"article:publisher\" content=\"https:\/\/www.facebook.com\/Nachofdezber\" \/>\n\t\t<meta property=\"article:author\" content=\"https:\/\/www.facebook.com\/carrenoactualidad\" \/>\n\t\t<meta name=\"twitter:card\" content=\"summary_large_image\" \/>\n\t\t<meta name=\"twitter:site\" content=\"@NabercoDigital\" \/>\n\t\t<meta name=\"twitter:title\" content=\"Guaid\u00f3 pierde apoyos entre los partidos de la oposici\u00f3n venezolana | Cand\u00e1s 365\" \/>\n\t\t<meta name=\"twitter:description\" content=\"(EP) - Los partidos pol\u00edticos de la oposici\u00f3n venezolana est\u00e1n en fase de organizaci\u00f3n para sustituir al dirigente opositor venezolano Juan Guaid\u00f3 como\" \/>\n\t\t<meta name=\"twitter:creator\" content=\"@nbasturias\" \/>\n\t\t<meta name=\"twitter:image\" content=\"https:\/\/candas365.es\/noticias\/wp-content\/uploads\/2022\/12\/Guaido.jpg\" \/>\n\t\t<meta name=\"twitter:label1\" content=\"Escrito por\" \/>\n\t\t<meta name=\"twitter:data1\" content=\"Cand\u00e1s 365\" \/>\n\t\t<meta name=\"twitter:label2\" content=\"Tiempo de lectura estimado\" \/>\n\t\t<meta name=\"twitter:data2\" content=\"2 minutos\" \/>\n\t\t<script type=\"application\/ld+json\" class=\"aioseo-schema\">\n\t\t\t{\"@context\":\"https:\\\/\\\/schema.org\",\"@graph\":[{\"@type\":\"BreadcrumbList\",\"@id\":\"https:\\\/\\\/candas365.es\\\/noticias\\\/guaido-pierde-apoyos-entre-los-partidos-de-la-oposicion-venezolana\\\/#breadcrumblist\",\"itemListElement\":[{\"@type\":\"ListItem\",\"@id\":\"https:\\\/\\\/candas365.es\\\/noticias#listItem\",\"position\":1,\"name\":\"Home\",\"item\":\"https:\\\/\\\/candas365.es\\\/noticias\",\"nextItem\":{\"@type\":\"ListItem\",\"@id\":\"https:\\\/\\\/candas365.es\\\/noticias\\\/category\\\/internacional\\\/#listItem\",\"name\":\"Internacional\"}},{\"@type\":\"ListItem\",\"@id\":\"https:\\\/\\\/candas365.es\\\/noticias\\\/category\\\/internacional\\\/#listItem\",\"position\":2,\"name\":\"Internacional\",\"item\":\"https:\\\/\\\/candas365.es\\\/noticias\\\/category\\\/internacional\\\/\",\"nextItem\":{\"@type\":\"ListItem\",\"@id\":\"https:\\\/\\\/candas365.es\\\/noticias\\\/guaido-pierde-apoyos-entre-los-partidos-de-la-oposicion-venezolana\\\/#listItem\",\"name\":\"Guaid\\u00f3 pierde apoyos entre los partidos de la oposici\\u00f3n venezolana\"},\"previousItem\":{\"@type\":\"ListItem\",\"@id\":\"https:\\\/\\\/candas365.es\\\/noticias#listItem\",\"name\":\"Home\"}},{\"@type\":\"ListItem\",\"@id\":\"https:\\\/\\\/candas365.es\\\/noticias\\\/guaido-pierde-apoyos-entre-los-partidos-de-la-oposicion-venezolana\\\/#listItem\",\"position\":3,\"name\":\"Guaid\\u00f3 pierde apoyos entre los partidos de la oposici\\u00f3n venezolana\",\"previousItem\":{\"@type\":\"ListItem\",\"@id\":\"https:\\\/\\\/candas365.es\\\/noticias\\\/category\\\/internacional\\\/#listItem\",\"name\":\"Internacional\"}}]},{\"@type\":\"NewsArticle\",\"@id\":\"https:\\\/\\\/candas365.es\\\/noticias\\\/guaido-pierde-apoyos-entre-los-partidos-de-la-oposicion-venezolana\\\/#newsarticle\",\"name\":\"Guaid\\u00f3 pierde apoyos entre los partidos de la oposici\\u00f3n venezolana | Cand\\u00e1s 365\",\"headline\":\"Guaid\\u00f3 pierde apoyos entre los partidos de la oposici\\u00f3n venezolana\",\"author\":{\"@id\":\"https:\\\/\\\/candas365.es\\\/noticias\\\/author\\\/admin\\\/#author\"},\"publisher\":{\"@id\":\"https:\\\/\\\/candas365.es\\\/noticias\\\/#organization\"},\"image\":{\"@type\":\"ImageObject\",\"url\":\"https:\\\/\\\/candas365.es\\\/noticias\\\/wp-content\\\/uploads\\\/2022\\\/12\\\/Guaido.jpg\",\"width\":988,\"height\":661,\"caption\":\"FOTO: CENTRO DE COMUNICACI\\u00d3N NACIONAL \\\/ EP\"},\"datePublished\":\"2022-12-20T08:00:11+01:00\",\"dateModified\":\"2022-12-20T08:00:11+01:00\",\"inLanguage\":\"es-ES\",\"mainEntityOfPage\":{\"@id\":\"https:\\\/\\\/candas365.es\\\/noticias\\\/guaido-pierde-apoyos-entre-los-partidos-de-la-oposicion-venezolana\\\/#webpage\"},\"isPartOf\":{\"@id\":\"https:\\\/\\\/candas365.es\\\/noticias\\\/guaido-pierde-apoyos-entre-los-partidos-de-la-oposicion-venezolana\\\/#webpage\"},\"articleSection\":\"Internacional, pol\\u00edtica, Venezuela\",\"dateline\":\"Publicado el diciembre 20, 2022.\"},{\"@type\":\"Organization\",\"@id\":\"https:\\\/\\\/candas365.es\\\/noticias\\\/#organization\",\"name\":\"Cand\\u00e1s 365\",\"description\":\"Cand\\u00e1s 365 es un diario digital independiente, fundado en 2012, con base en Asturias. Informamos con rigor sobre actualidad, sociedad, cultura y ocio, con una mirada local y global.\",\"url\":\"https:\\\/\\\/candas365.es\\\/noticias\\\/\",\"email\":\"info@candas365.es\",\"telephone\":\"+34652131393\",\"foundingDate\":\"2012-06-10\",\"logo\":{\"@type\":\"ImageObject\",\"url\":\"https:\\\/\\\/candas365.es\\\/noticias\\\/wp-content\\\/uploads\\\/2024\\\/09\\\/Candas-365-Redes.jpg\",\"@id\":\"https:\\\/\\\/candas365.es\\\/noticias\\\/guaido-pierde-apoyos-entre-los-partidos-de-la-oposicion-venezolana\\\/#organizationLogo\",\"width\":1152,\"height\":864,\"caption\":\"Cand\\u00e1s 365 Redes\"},\"image\":{\"@id\":\"https:\\\/\\\/candas365.es\\\/noticias\\\/guaido-pierde-apoyos-entre-los-partidos-de-la-oposicion-venezolana\\\/#organizationLogo\"},\"sameAs\":[\"https:\\\/\\\/www.facebook.com\\\/Nachofdezber\",\"https:\\\/\\\/x.com\\\/NabercoDigital\",\"https:\\\/\\\/www.instagram.com\\\/nachofdezber\\\/\",\"https:\\\/\\\/www.youtube.com\\\/channel\\\/UCZP-2wLEB9Rv6erhFmqVnvg\"],\"address\":{\"@id\":\"https:\\\/\\\/candas365.es\\\/noticias\\\/#postaladdress\",\"@type\":\"PostalAddress\",\"streetAddress\":\"san antonio 4, san antonio 4\",\"postalCode\":\"33430\",\"addressLocality\":\"Cand\\u00e1s\",\"addressRegion\":\"Asturias\",\"addressCountry\":\"ES\"}},{\"@type\":\"Person\",\"@id\":\"https:\\\/\\\/candas365.es\\\/noticias\\\/author\\\/admin\\\/#author\",\"url\":\"https:\\\/\\\/candas365.es\\\/noticias\\\/author\\\/admin\\\/\",\"name\":\"Cand\\u00e1s 365\",\"image\":{\"@type\":\"ImageObject\",\"@id\":\"https:\\\/\\\/candas365.es\\\/noticias\\\/guaido-pierde-apoyos-entre-los-partidos-de-la-oposicion-venezolana\\\/#authorImage\",\"url\":\"https:\\\/\\\/secure.gravatar.com\\\/avatar\\\/496a8e03d0c493ede1718b7934145dbdf8d89be1036b0eec9544e1094c9de390?s=96&d=mm&r=g\",\"width\":96,\"height\":96,\"caption\":\"Cand\\u00e1s 365\"},\"sameAs\":[\"https:\\\/\\\/www.facebook.com\\\/carrenoactualidad\",\"https:\\\/\\\/twitter.com\\\/nbasturias\",\"https:\\\/\\\/www.instagram.com\\\/nachofdezber\\\/\",\"https:\\\/\\\/www.youtube.com\\\/channel\\\/UCZP-2wLEB9Rv6erhFmqVnvg\"]},{\"@type\":\"WebPage\",\"@id\":\"https:\\\/\\\/candas365.es\\\/noticias\\\/guaido-pierde-apoyos-entre-los-partidos-de-la-oposicion-venezolana\\\/#webpage\",\"url\":\"https:\\\/\\\/candas365.es\\\/noticias\\\/guaido-pierde-apoyos-entre-los-partidos-de-la-oposicion-venezolana\\\/\",\"name\":\"Guaid\\u00f3 pierde apoyos entre los partidos de la oposici\\u00f3n venezolana | Cand\\u00e1s 365\",\"description\":\"(EP) - Los partidos pol\\u00edticos de la oposici\\u00f3n venezolana est\\u00e1n en fase de organizaci\\u00f3n para sustituir al dirigente opositor venezolano Juan Guaid\\u00f3 como\",\"inLanguage\":\"es-ES\",\"isPartOf\":{\"@id\":\"https:\\\/\\\/candas365.es\\\/noticias\\\/#website\"},\"breadcrumb\":{\"@id\":\"https:\\\/\\\/candas365.es\\\/noticias\\\/guaido-pierde-apoyos-entre-los-partidos-de-la-oposicion-venezolana\\\/#breadcrumblist\"},\"author\":{\"@id\":\"https:\\\/\\\/candas365.es\\\/noticias\\\/author\\\/admin\\\/#author\"},\"creator\":{\"@id\":\"https:\\\/\\\/candas365.es\\\/noticias\\\/author\\\/admin\\\/#author\"},\"image\":{\"@type\":\"ImageObject\",\"url\":\"https:\\\/\\\/candas365.es\\\/noticias\\\/wp-content\\\/uploads\\\/2022\\\/12\\\/Guaido.jpg\",\"@id\":\"https:\\\/\\\/candas365.es\\\/noticias\\\/guaido-pierde-apoyos-entre-los-partidos-de-la-oposicion-venezolana\\\/#mainImage\",\"width\":988,\"height\":661,\"caption\":\"FOTO: CENTRO DE COMUNICACI\\u00d3N NACIONAL \\\/ EP\"},\"primaryImageOfPage\":{\"@id\":\"https:\\\/\\\/candas365.es\\\/noticias\\\/guaido-pierde-apoyos-entre-los-partidos-de-la-oposicion-venezolana\\\/#mainImage\"},\"datePublished\":\"2022-12-20T08:00:11+01:00\",\"dateModified\":\"2022-12-20T08:00:11+01:00\"},{\"@type\":\"WebSite\",\"@id\":\"https:\\\/\\\/candas365.es\\\/noticias\\\/#website\",\"url\":\"https:\\\/\\\/candas365.es\\\/noticias\\\/\",\"name\":\"Cand\\u00e1s 365\",\"alternateName\":\"Cand\\u00e1s 365 Noticias\",\"description\":\"Actualidad desde Carre\\u00f1o para el mundo\",\"inLanguage\":\"es-ES\",\"publisher\":{\"@id\":\"https:\\\/\\\/candas365.es\\\/noticias\\\/#organization\"}}]}\n\t\t<\/script>\n\t\t<!-- All in One SEO Pro -->\r\n\t\t<title>Guaid\u00f3 pierde apoyos entre los partidos de la oposici\u00f3n venezolana | Cand\u00e1s 365<\/title>\n\n","aioseo_head_json":{"title":"Guaid\u00f3 pierde apoyos entre los partidos de la oposici\u00f3n venezolana | Cand\u00e1s 365","description":"(EP) - Los partidos pol\u00edticos de la oposici\u00f3n venezolana est\u00e1n en fase de organizaci\u00f3n para sustituir al dirigente opositor venezolano Juan Guaid\u00f3 como","canonical_url":"https:\/\/candas365.es\/noticias\/guaido-pierde-apoyos-entre-los-partidos-de-la-oposicion-venezolana\/","robots":"max-image-preview:large","keywords":"internacional","webmasterTools":{"google-site-verification":"UA-32230408-1","msvalidate.01":"354F3CDFB2DA171B47FBE9ABF1F88D5","miscellaneous":""},"schema":{"@context":"https:\/\/schema.org","@graph":[{"@type":"BreadcrumbList","@id":"https:\/\/candas365.es\/noticias\/guaido-pierde-apoyos-entre-los-partidos-de-la-oposicion-venezolana\/#breadcrumblist","itemListElement":[{"@type":"ListItem","@id":"https:\/\/candas365.es\/noticias#listItem","position":1,"name":"Home","item":"https:\/\/candas365.es\/noticias","nextItem":{"@type":"ListItem","@id":"https:\/\/candas365.es\/noticias\/category\/internacional\/#listItem","name":"Internacional"}},{"@type":"ListItem","@id":"https:\/\/candas365.es\/noticias\/category\/internacional\/#listItem","position":2,"name":"Internacional","item":"https:\/\/candas365.es\/noticias\/category\/internacional\/","nextItem":{"@type":"ListItem","@id":"https:\/\/candas365.es\/noticias\/guaido-pierde-apoyos-entre-los-partidos-de-la-oposicion-venezolana\/#listItem","name":"Guaid\u00f3 pierde apoyos entre los partidos de la oposici\u00f3n venezolana"},"previousItem":{"@type":"ListItem","@id":"https:\/\/candas365.es\/noticias#listItem","name":"Home"}},{"@type":"ListItem","@id":"https:\/\/candas365.es\/noticias\/guaido-pierde-apoyos-entre-los-partidos-de-la-oposicion-venezolana\/#listItem","position":3,"name":"Guaid\u00f3 pierde apoyos entre los partidos de la oposici\u00f3n venezolana","previousItem":{"@type":"ListItem","@id":"https:\/\/candas365.es\/noticias\/category\/internacional\/#listItem","name":"Internacional"}}]},{"@type":"NewsArticle","@id":"https:\/\/candas365.es\/noticias\/guaido-pierde-apoyos-entre-los-partidos-de-la-oposicion-venezolana\/#newsarticle","name":"Guaid\u00f3 pierde apoyos entre los partidos de la oposici\u00f3n venezolana | Cand\u00e1s 365","headline":"Guaid\u00f3 pierde apoyos entre los partidos de la oposici\u00f3n venezolana","author":{"@id":"https:\/\/candas365.es\/noticias\/author\/admin\/#author"},"publisher":{"@id":"https:\/\/candas365.es\/noticias\/#organization"},"image":{"@type":"ImageObject","url":"https:\/\/candas365.es\/noticias\/wp-content\/uploads\/2022\/12\/Guaido.jpg","width":988,"height":661,"caption":"FOTO: CENTRO DE COMUNICACI\u00d3N NACIONAL \/ EP"},"datePublished":"2022-12-20T08:00:11+01:00","dateModified":"2022-12-20T08:00:11+01:00","inLanguage":"es-ES","mainEntityOfPage":{"@id":"https:\/\/candas365.es\/noticias\/guaido-pierde-apoyos-entre-los-partidos-de-la-oposicion-venezolana\/#webpage"},"isPartOf":{"@id":"https:\/\/candas365.es\/noticias\/guaido-pierde-apoyos-entre-los-partidos-de-la-oposicion-venezolana\/#webpage"},"articleSection":"Internacional, pol\u00edtica, Venezuela","dateline":"Publicado el diciembre 20, 2022."},{"@type":"Organization","@id":"https:\/\/candas365.es\/noticias\/#organization","name":"Cand\u00e1s 365","description":"Cand\u00e1s 365 es un diario digital independiente, fundado en 2012, con base en Asturias. Informamos con rigor sobre actualidad, sociedad, cultura y ocio, con una mirada local y global.","url":"https:\/\/candas365.es\/noticias\/","email":"info@candas365.es","telephone":"+34652131393","foundingDate":"2012-06-10","logo":{"@type":"ImageObject","url":"https:\/\/candas365.es\/noticias\/wp-content\/uploads\/2024\/09\/Candas-365-Redes.jpg","@id":"https:\/\/candas365.es\/noticias\/guaido-pierde-apoyos-entre-los-partidos-de-la-oposicion-venezolana\/#organizationLogo","width":1152,"height":864,"caption":"Cand\u00e1s 365 Redes"},"image":{"@id":"https:\/\/candas365.es\/noticias\/guaido-pierde-apoyos-entre-los-partidos-de-la-oposicion-venezolana\/#organizationLogo"},"sameAs":["https:\/\/www.facebook.com\/Nachofdezber","https:\/\/x.com\/NabercoDigital","https:\/\/www.instagram.com\/nachofdezber\/","https:\/\/www.youtube.com\/channel\/UCZP-2wLEB9Rv6erhFmqVnvg"],"address":{"@id":"https:\/\/candas365.es\/noticias\/#postaladdress","@type":"PostalAddress","streetAddress":"san antonio 4, san antonio 4","postalCode":"33430","addressLocality":"Cand\u00e1s","addressRegion":"Asturias","addressCountry":"ES"}},{"@type":"Person","@id":"https:\/\/candas365.es\/noticias\/author\/admin\/#author","url":"https:\/\/candas365.es\/noticias\/author\/admin\/","name":"Cand\u00e1s 365","image":{"@type":"ImageObject","@id":"https:\/\/candas365.es\/noticias\/guaido-pierde-apoyos-entre-los-partidos-de-la-oposicion-venezolana\/#authorImage","url":"https:\/\/secure.gravatar.com\/avatar\/496a8e03d0c493ede1718b7934145dbdf8d89be1036b0eec9544e1094c9de390?s=96&d=mm&r=g","width":96,"height":96,"caption":"Cand\u00e1s 365"},"sameAs":["https:\/\/www.facebook.com\/carrenoactualidad","https:\/\/twitter.com\/nbasturias","https:\/\/www.instagram.com\/nachofdezber\/","https:\/\/www.youtube.com\/channel\/UCZP-2wLEB9Rv6erhFmqVnvg"]},{"@type":"WebPage","@id":"https:\/\/candas365.es\/noticias\/guaido-pierde-apoyos-entre-los-partidos-de-la-oposicion-venezolana\/#webpage","url":"https:\/\/candas365.es\/noticias\/guaido-pierde-apoyos-entre-los-partidos-de-la-oposicion-venezolana\/","name":"Guaid\u00f3 pierde apoyos entre los partidos de la oposici\u00f3n venezolana | Cand\u00e1s 365","description":"(EP) - Los partidos pol\u00edticos de la oposici\u00f3n venezolana est\u00e1n en fase de organizaci\u00f3n para sustituir al dirigente opositor venezolano Juan Guaid\u00f3 como","inLanguage":"es-ES","isPartOf":{"@id":"https:\/\/candas365.es\/noticias\/#website"},"breadcrumb":{"@id":"https:\/\/candas365.es\/noticias\/guaido-pierde-apoyos-entre-los-partidos-de-la-oposicion-venezolana\/#breadcrumblist"},"author":{"@id":"https:\/\/candas365.es\/noticias\/author\/admin\/#author"},"creator":{"@id":"https:\/\/candas365.es\/noticias\/author\/admin\/#author"},"image":{"@type":"ImageObject","url":"https:\/\/candas365.es\/noticias\/wp-content\/uploads\/2022\/12\/Guaido.jpg","@id":"https:\/\/candas365.es\/noticias\/guaido-pierde-apoyos-entre-los-partidos-de-la-oposicion-venezolana\/#mainImage","width":988,"height":661,"caption":"FOTO: CENTRO DE COMUNICACI\u00d3N NACIONAL \/ EP"},"primaryImageOfPage":{"@id":"https:\/\/candas365.es\/noticias\/guaido-pierde-apoyos-entre-los-partidos-de-la-oposicion-venezolana\/#mainImage"},"datePublished":"2022-12-20T08:00:11+01:00","dateModified":"2022-12-20T08:00:11+01:00"},{"@type":"WebSite","@id":"https:\/\/candas365.es\/noticias\/#website","url":"https:\/\/candas365.es\/noticias\/","name":"Cand\u00e1s 365","alternateName":"Cand\u00e1s 365 Noticias","description":"Actualidad desde Carre\u00f1o para el mundo","inLanguage":"es-ES","publisher":{"@id":"https:\/\/candas365.es\/noticias\/#organization"}}]},"og:locale":"es_ES","og:site_name":"Cand\u00e1s 365","og:type":"article","og:title":"Guaid\u00f3 pierde apoyos entre los partidos de la oposici\u00f3n venezolana | Cand\u00e1s 365","og:description":"(EP) - Los partidos pol\u00edticos de la oposici\u00f3n venezolana est\u00e1n en fase de organizaci\u00f3n para sustituir al dirigente opositor venezolano Juan Guaid\u00f3 como","og:url":"https:\/\/candas365.es\/noticias\/guaido-pierde-apoyos-entre-los-partidos-de-la-oposicion-venezolana\/","og:image":"https:\/\/candas365.es\/noticias\/wp-content\/uploads\/2022\/12\/Guaido.jpg","og:image:secure_url":"https:\/\/candas365.es\/noticias\/wp-content\/uploads\/2022\/12\/Guaido.jpg","og:image:width":988,"og:image:height":661,"article:published_time":"2022-12-20T07:00:11+00:00","article:modified_time":"2022-12-20T07:00:11+00:00","article:publisher":"https:\/\/www.facebook.com\/Nachofdezber","article:author":"https:\/\/www.facebook.com\/carrenoactualidad","twitter:card":"summary_large_image","twitter:site":"@NabercoDigital","twitter:title":"Guaid\u00f3 pierde apoyos entre los partidos de la oposici\u00f3n venezolana | Cand\u00e1s 365","twitter:description":"(EP) - Los partidos pol\u00edticos de la oposici\u00f3n venezolana est\u00e1n en fase de organizaci\u00f3n para sustituir al dirigente opositor venezolano Juan Guaid\u00f3 como","twitter:creator":"@nbasturias","twitter:image":"https:\/\/candas365.es\/noticias\/wp-content\/uploads\/2022\/12\/Guaido.jpg","twitter:label1":"Escrito por","twitter:data1":"Cand\u00e1s 365","twitter:label2":"Tiempo de lectura estimado","twitter:data2":"2 minutos"},"aioseo_meta_data":{"post_id":"170254","title":null,"description":"(EP) - Los partidos pol\u00edticos de la oposici\u00f3n venezolana est\u00e1n en fase de organizaci\u00f3n para sustituir al dirigente opositor venezolano Juan Guaid\u00f3 como","keywords":[],"keyphrases":{"focus":{"keyphrase":"Guaid\u00f3 ","score":92,"analysis":{"keyphraseInTitle":{"score":9,"maxScore":9,"error":0},"keyphraseInDescription":{"score":9,"maxScore":9,"error":0},"keyphraseLength":{"score":9,"maxScore":9,"error":0,"length":1},"keyphraseInURL":{"score":1,"maxScore":5,"error":1},"keyphraseInIntroduction":{"score":9,"maxScore":9,"error":0},"keyphraseInSubHeadings":[],"keyphraseInImageAlt":{"score":9,"maxScore":9,"error":0}}},"additional":[{"keyphrase":"Juan Guaid\u00f3 ","score":83,"analysis":{"keyphraseInDescription":{"score":9,"maxScore":9,"error":0},"keyphraseLength":{"score":9,"maxScore":9,"error":0,"length":2},"keyphraseInIntroduction":{"score":9,"maxScore":9,"error":0},"keyphraseInImageAlt":{"score":3,"maxScore":9,"error":1}}},{"keyphrase":"Guaid\u00f3 ","score":100,"analysis":{"keyphraseInDescription":{"score":9,"maxScore":9,"error":0},"keyphraseLength":{"score":9,"maxScore":9,"error":0,"length":1},"keyphraseInIntroduction":{"score":9,"maxScore":9,"error":0},"keyphraseInImageAlt":{"score":9,"maxScore":9,"error":0}}},{"keyphrase":" oposici\u00f3n venezolana","score":83,"analysis":{"keyphraseInDescription":{"score":9,"maxScore":9,"error":0},"keyphraseLength":{"score":9,"maxScore":9,"error":0,"length":2},"keyphraseInIntroduction":{"score":9,"maxScore":9,"error":0},"keyphraseInImageAlt":{"score":3,"maxScore":9,"error":1}}}]},"primary_term":null,"canonical_url":null,"og_title":null,"og_description":null,"og_object_type":"default","og_image_type":"default","og_image_url":null,"og_image_width":null,"og_image_height":null,"og_image_custom_url":null,"og_image_custom_fields":null,"og_video":"","og_custom_url":null,"og_article_section":null,"og_article_tags":[],"twitter_use_og":false,"twitter_card":"default","twitter_image_type":"default","twitter_image_url":null,"twitter_image_custom_url":null,"twitter_image_custom_fields":null,"twitter_title":null,"twitter_description":null,"schema":{"blockGraphs":[],"customGraphs":[],"default":{"data":{"Article":[],"Course":[],"Dataset":[],"FAQPage":[],"Movie":[],"Person":[],"Product":[],"ProductReview":[],"Car":[],"Recipe":[],"Service":[],"SoftwareApplication":[],"WebPage":[]},"graphName":"Article","isEnabled":true},"graphs":[]},"schema_type":"default","schema_type_options":null,"pillar_content":false,"robots_default":true,"robots_noindex":false,"robots_noarchive":false,"robots_nosnippet":false,"robots_nofollow":false,"robots_noimageindex":false,"robots_noodp":false,"robots_notranslate":false,"robots_max_snippet":"-1","robots_max_videopreview":"-1","robots_max_imagepreview":"large","priority":null,"frequency":"default","location":null,"local_seo":null,"seo_analyzer_scan_date":"2025-09-01 17:11:23","breadcrumb_settings":null,"limit_modified_date":false,"reviewed_by":null,"open_ai":null,"ai":null,"created":"2022-12-20 06:52:42","updated":"2025-09-01 17:11:23"},"aioseo_breadcrumb":"<div class=\"aioseo-breadcrumbs\"><span class=\"aioseo-breadcrumb\">\n\t<a href=\"https:\/\/candas365.es\/noticias\" title=\"Home\">Home<\/a>\n<\/span><span class=\"aioseo-breadcrumb-separator\">&ndash;<\/span><span class=\"aioseo-breadcrumb\">\n\t<a href=\"https:\/\/candas365.es\/noticias\/category\/internacional\/\" title=\"Internacional\">Internacional<\/a>\n<\/span><span class=\"aioseo-breadcrumb-separator\">&ndash;<\/span><span class=\"aioseo-breadcrumb\">\n\tGuaid\u00f3 pierde apoyos entre los partidos de la oposici\u00f3n venezolana\n<\/span><\/div>","aioseo_breadcrumb_json":[{"label":"Home","link":"https:\/\/candas365.es\/noticias"},{"label":"Internacional","link":"https:\/\/candas365.es\/noticias\/category\/internacional\/"},{"label":"Guaid\u00f3 pierde apoyos entre los partidos de la oposici\u00f3n venezolana","link":"https:\/\/candas365.es\/noticias\/guaido-pierde-apoyos-entre-los-partidos-de-la-oposicion-venezolana\/"}],"_links":{"self":[{"href":"https:\/\/candas365.es\/noticias\/wp-json\/wp\/v2\/posts\/170254","targetHints":{"allow":["GET"]}}],"collection":[{"href":"https:\/\/candas365.es\/noticias\/wp-json\/wp\/v2\/posts"}],"about":[{"href":"https:\/\/candas365.es\/noticias\/wp-json\/wp\/v2\/types\/post"}],"author":[{"embeddable":true,"href":"https:\/\/candas365.es\/noticias\/wp-json\/wp\/v2\/users\/1"}],"replies":[{"embeddable":true,"href":"https:\/\/candas365.es\/noticias\/wp-json\/wp\/v2\/comments?post=170254"}],"version-history":[{"count":0,"href":"https:\/\/candas365.es\/noticias\/wp-json\/wp\/v2\/posts\/170254\/revisions"}],"wp:featuredmedia":[{"embeddable":true,"href":"https:\/\/candas365.es\/noticias\/wp-json\/wp\/v2\/media\/170255"}],"wp:attachment":[{"href":"https:\/\/candas365.es\/noticias\/wp-json\/wp\/v2\/media?parent=170254"}],"wp:term":[{"taxonomy":"category","embeddable":true,"href":"https:\/\/candas365.es\/noticias\/wp-json\/wp\/v2\/categories?post=170254"},{"taxonomy":"post_tag","embeddable":true,"href":"https:\/\/candas365.es\/noticias\/wp-json\/wp\/v2\/tags?post=170254"}],"curies":[{"name":"wp","href":"https:\/\/api.w.org\/{rel}","templated":true}]}}