{"id":170213,"date":"2022-12-15T23:52:47","date_gmt":"2022-12-15T22:52:47","guid":{"rendered":"https:\/\/candas365.es\/noticias\/?p=170213"},"modified":"2022-12-15T23:52:47","modified_gmt":"2022-12-15T22:52:47","slug":"szymon-marciniak-dirigira-la-final-del-mundial-2022","status":"publish","type":"post","link":"https:\/\/candas365.es\/noticias\/szymon-marciniak-dirigira-la-final-del-mundial-2022\/","title":{"rendered":"Szymon Marciniak dirigir\u00e1 la final del Mundial 2022"},"content":{"rendered":"<p>(EP) &#8211; La FIFA anunci\u00f3 este jueves que el \u00e1rbitro polaco Szymon Marciniak dirigir\u00e1 la final del Mundial 2022 entre <a href=\"https:\/\/candas365.es\/noticias\/los-argentinos-de-barcelona-celebran-en-las-calles-ser-finalistas-de-catar-2022\/\"><span style=\"color: #ff6600;\"><strong>Francia y Argentina<\/strong><\/span><\/a> que se disputar\u00e1 el pr\u00f3ximo domingo (16.00 horas) en el estadio de Lusail, convirti\u00e9ndose as\u00ed en el primer colegiado de su pa\u00eds en pitar una final de la Copa del Mundo.<\/p>\n<p><img fetchpriority=\"high\" decoding=\"async\" class=\"aligncenter wp-image-170214 size-full\" src=\"https:\/\/candas365.es\/noticias\/wp-content\/uploads\/2022\/12\/Mundial-1.jpg\" alt=\"Mundial\" width=\"640\" height=\"425\" srcset=\"https:\/\/candas365.es\/noticias\/wp-content\/uploads\/2022\/12\/Mundial-1.jpg 640w, https:\/\/candas365.es\/noticias\/wp-content\/uploads\/2022\/12\/Mundial-1-360x239.jpg 360w, https:\/\/candas365.es\/noticias\/wp-content\/uploads\/2022\/12\/Mundial-1-150x100.jpg 150w, https:\/\/candas365.es\/noticias\/wp-content\/uploads\/2022\/12\/Mundial-1-450x299.jpg 450w\" sizes=\"(max-width: 640px) 100vw, 640px\" \/><\/p>\n<p>Sus compatriotas<strong> Pawel Sokolnicki y Tomasz Listkiewicz ejercer\u00e1n como \u00e1rbitros asistentes, el estadounidense Ismail Elfath ser\u00e1 el cuarto \u00e1rbitro y en la sala VAR<\/strong> estar\u00e1n el polaco Tomasz Kwiatkowski, como m\u00e1ximo responsable del VAR en el encuentro; el venezolano Juan Soto de asistente; el estadounidense Kyle Atkins como encargado de los fueras de juego; y el mexicano Fernando Guerrero en tareas de apoyo.<\/p>\n<p>Internacional desde 2011, Marciniak ya dirigi\u00f3 a Francia en la victoria por 2-1 sobre Dinamarca en la fase de grupos y tambi\u00e9n en la victoria de Argentina por 2-1 contra Australia en los octavos de final. <strong>\u00c1rbitro de la UEFA y habitual de la Liga de campeones, el polaco ya tiene experiencia en finales, tras dirigir la Supercopa de Europa de 2018 entre el Real Madrid y el Atl\u00e9tico de Madrid que se disput\u00f3 en Tallin.<\/strong><\/p>\n<p>En cuanto al f\u00fatbol de selecciones, arbitr\u00f3 en todos los torneos desde la Eurocopa de 2016, la primera en la que particip\u00f3. Por su parte, el catar\u00ed Abdulrahman Al Jassim ser\u00e1 el encargado de pitar el tercer y cuarto puesto entre <a href=\"https:\/\/www.eldigitaldeasturias.com\/noticias\/croacia-y-marruecos-afrontan-el-partido-que-nadie-quiere-jugar\/\" target=\"_blank\" rel=\"noopener\"><span style=\"color: #ff6600;\"><strong>Croacia y Marruecos<\/strong><\/span><\/a>, que se disputar\u00e1 el pr\u00f3ximo s\u00e1bado (16.00 horas) en el Khalifa International Stadium.<\/p>\n","protected":false},"excerpt":{"rendered":"<p>(EP) &#8211; La FIFA anunci\u00f3 este jueves que el \u00e1rbitro polaco Szymon Marciniak dirigir\u00e1 la final del Mundial 2022 entre Francia y Argentina que se disputar\u00e1 el pr\u00f3ximo domingo (16.00 horas) en el estadio de Lusail, convirti\u00e9ndose as\u00ed en el primer colegiado de su pa\u00eds en pitar una final de la Copa del Mundo. Sus<\/p>\n","protected":false},"author":1,"featured_media":170214,"comment_status":"closed","ping_status":"closed","sticky":false,"template":"","format":"standard","meta":{"footnotes":""},"categories":[319],"tags":[513,387],"class_list":{"0":"post-170213","1":"post","2":"type-post","3":"status-publish","4":"format-standard","5":"has-post-thumbnail","7":"category-deporte","8":"tag-catar-2022","9":"tag-deporte"},"aioseo_notices":[],"aioseo_head":"\n\t\t<!-- All in One SEO Pro 4.9.6.2 - aioseo.com -->\n\t<meta name=\"description\" content=\"(EP) - La FIFA anunci\u00f3 este jueves que el \u00e1rbitro polaco Szymon Marciniak dirigir\u00e1 la final del Mundial 2022 entre Francia y Argentina que se disputar\u00e1 el\" \/>\n\t<meta name=\"robots\" content=\"max-image-preview:large\" \/>\n\t<meta name=\"author\" content=\"Cand\u00e1s 365\"\/>\n\t<meta name=\"google-site-verification\" content=\"UA-32230408-1\" \/>\n\t<meta name=\"msvalidate.01\" content=\"354F3CDFB2DA171B47FBE9ABF1F88D5\" \/>\n\t<meta name=\"keywords\" content=\"deporte\" \/>\n\t<link rel=\"canonical\" href=\"https:\/\/candas365.es\/noticias\/szymon-marciniak-dirigira-la-final-del-mundial-2022\/\" \/>\n\t<meta name=\"generator\" content=\"All in One SEO Pro (AIOSEO) 4.9.6.2\" \/>\n\t\t<meta property=\"og:locale\" content=\"es_ES\" \/>\n\t\t<meta property=\"og:site_name\" content=\"Cand\u00e1s 365\" \/>\n\t\t<meta property=\"og:type\" content=\"article\" \/>\n\t\t<meta property=\"og:title\" content=\"Szymon Marciniak dirigir\u00e1 la final del Mundial 2022 | Cand\u00e1s 365\" \/>\n\t\t<meta property=\"og:description\" content=\"(EP) - La FIFA anunci\u00f3 este jueves que el \u00e1rbitro polaco Szymon Marciniak dirigir\u00e1 la final del Mundial 2022 entre Francia y Argentina que se disputar\u00e1 el\" \/>\n\t\t<meta property=\"og:url\" content=\"https:\/\/candas365.es\/noticias\/szymon-marciniak-dirigira-la-final-del-mundial-2022\/\" \/>\n\t\t<meta property=\"og:image\" content=\"https:\/\/candas365.es\/noticias\/wp-content\/uploads\/2022\/12\/Mundial-1.jpg\" \/>\n\t\t<meta property=\"og:image:secure_url\" content=\"https:\/\/candas365.es\/noticias\/wp-content\/uploads\/2022\/12\/Mundial-1.jpg\" \/>\n\t\t<meta property=\"og:image:width\" content=\"640\" \/>\n\t\t<meta property=\"og:image:height\" content=\"425\" \/>\n\t\t<meta property=\"article:published_time\" content=\"2022-12-15T22:52:47+00:00\" \/>\n\t\t<meta property=\"article:modified_time\" content=\"2022-12-15T22:52:47+00:00\" \/>\n\t\t<meta property=\"article:publisher\" content=\"https:\/\/www.facebook.com\/Nachofdezber\" \/>\n\t\t<meta property=\"article:author\" content=\"https:\/\/www.facebook.com\/carrenoactualidad\" \/>\n\t\t<meta name=\"twitter:card\" content=\"summary_large_image\" \/>\n\t\t<meta name=\"twitter:site\" content=\"@NabercoDigital\" \/>\n\t\t<meta name=\"twitter:title\" content=\"Szymon Marciniak dirigir\u00e1 la final del Mundial 2022 | Cand\u00e1s 365\" \/>\n\t\t<meta name=\"twitter:description\" content=\"(EP) - La FIFA anunci\u00f3 este jueves que el \u00e1rbitro polaco Szymon Marciniak dirigir\u00e1 la final del Mundial 2022 entre Francia y Argentina que se disputar\u00e1 el\" \/>\n\t\t<meta name=\"twitter:creator\" content=\"@nbasturias\" \/>\n\t\t<meta name=\"twitter:image\" content=\"https:\/\/candas365.es\/noticias\/wp-content\/uploads\/2022\/12\/Mundial-1.jpg\" \/>\n\t\t<meta name=\"twitter:label1\" content=\"Escrito por\" \/>\n\t\t<meta name=\"twitter:data1\" content=\"Cand\u00e1s 365\" \/>\n\t\t<meta name=\"twitter:label2\" content=\"Tiempo de lectura estimado\" \/>\n\t\t<meta name=\"twitter:data2\" content=\"1 minuto\" \/>\n\t\t<script type=\"application\/ld+json\" class=\"aioseo-schema\">\n\t\t\t{\"@context\":\"https:\\\/\\\/schema.org\",\"@graph\":[{\"@type\":\"BreadcrumbList\",\"@id\":\"https:\\\/\\\/candas365.es\\\/noticias\\\/szymon-marciniak-dirigira-la-final-del-mundial-2022\\\/#breadcrumblist\",\"itemListElement\":[{\"@type\":\"ListItem\",\"@id\":\"https:\\\/\\\/candas365.es\\\/noticias#listItem\",\"position\":1,\"name\":\"Home\",\"item\":\"https:\\\/\\\/candas365.es\\\/noticias\",\"nextItem\":{\"@type\":\"ListItem\",\"@id\":\"https:\\\/\\\/candas365.es\\\/noticias\\\/category\\\/deporte\\\/#listItem\",\"name\":\"Deporte\"}},{\"@type\":\"ListItem\",\"@id\":\"https:\\\/\\\/candas365.es\\\/noticias\\\/category\\\/deporte\\\/#listItem\",\"position\":2,\"name\":\"Deporte\",\"item\":\"https:\\\/\\\/candas365.es\\\/noticias\\\/category\\\/deporte\\\/\",\"nextItem\":{\"@type\":\"ListItem\",\"@id\":\"https:\\\/\\\/candas365.es\\\/noticias\\\/szymon-marciniak-dirigira-la-final-del-mundial-2022\\\/#listItem\",\"name\":\"Szymon Marciniak dirigir\\u00e1 la final del Mundial 2022\"},\"previousItem\":{\"@type\":\"ListItem\",\"@id\":\"https:\\\/\\\/candas365.es\\\/noticias#listItem\",\"name\":\"Home\"}},{\"@type\":\"ListItem\",\"@id\":\"https:\\\/\\\/candas365.es\\\/noticias\\\/szymon-marciniak-dirigira-la-final-del-mundial-2022\\\/#listItem\",\"position\":3,\"name\":\"Szymon Marciniak dirigir\\u00e1 la final del Mundial 2022\",\"previousItem\":{\"@type\":\"ListItem\",\"@id\":\"https:\\\/\\\/candas365.es\\\/noticias\\\/category\\\/deporte\\\/#listItem\",\"name\":\"Deporte\"}}]},{\"@type\":\"NewsArticle\",\"@id\":\"https:\\\/\\\/candas365.es\\\/noticias\\\/szymon-marciniak-dirigira-la-final-del-mundial-2022\\\/#newsarticle\",\"name\":\"Szymon Marciniak dirigir\\u00e1 la final del Mundial 2022 | Cand\\u00e1s 365\",\"headline\":\"Szymon Marciniak dirigir\\u00e1 la final del Mundial 2022\",\"author\":{\"@id\":\"https:\\\/\\\/candas365.es\\\/noticias\\\/author\\\/admin\\\/#author\"},\"publisher\":{\"@id\":\"https:\\\/\\\/candas365.es\\\/noticias\\\/#organization\"},\"image\":{\"@type\":\"ImageObject\",\"url\":\"https:\\\/\\\/candas365.es\\\/noticias\\\/wp-content\\\/uploads\\\/2022\\\/12\\\/Mundial-1.jpg\",\"width\":640,\"height\":425,\"caption\":\"Mundial\"},\"datePublished\":\"2022-12-15T23:52:47+01:00\",\"dateModified\":\"2022-12-15T23:52:47+01:00\",\"inLanguage\":\"es-ES\",\"mainEntityOfPage\":{\"@id\":\"https:\\\/\\\/candas365.es\\\/noticias\\\/szymon-marciniak-dirigira-la-final-del-mundial-2022\\\/#webpage\"},\"isPartOf\":{\"@id\":\"https:\\\/\\\/candas365.es\\\/noticias\\\/szymon-marciniak-dirigira-la-final-del-mundial-2022\\\/#webpage\"},\"articleSection\":\"Deporte, Catar 2022, deporte\",\"dateline\":\"Publicado el diciembre 15, 2022.\"},{\"@type\":\"Organization\",\"@id\":\"https:\\\/\\\/candas365.es\\\/noticias\\\/#organization\",\"name\":\"Cand\\u00e1s 365\",\"description\":\"Cand\\u00e1s 365 es un diario digital independiente, fundado en 2012, con base en Asturias. Informamos con rigor sobre actualidad, sociedad, cultura y ocio, con una mirada local y global.\",\"url\":\"https:\\\/\\\/candas365.es\\\/noticias\\\/\",\"email\":\"info@candas365.es\",\"telephone\":\"+34652131393\",\"foundingDate\":\"2012-06-10\",\"logo\":{\"@type\":\"ImageObject\",\"url\":\"https:\\\/\\\/candas365.es\\\/noticias\\\/wp-content\\\/uploads\\\/2024\\\/09\\\/Candas-365-Redes.jpg\",\"@id\":\"https:\\\/\\\/candas365.es\\\/noticias\\\/szymon-marciniak-dirigira-la-final-del-mundial-2022\\\/#organizationLogo\",\"width\":1152,\"height\":864,\"caption\":\"Cand\\u00e1s 365 Redes\"},\"image\":{\"@id\":\"https:\\\/\\\/candas365.es\\\/noticias\\\/szymon-marciniak-dirigira-la-final-del-mundial-2022\\\/#organizationLogo\"},\"sameAs\":[\"https:\\\/\\\/www.facebook.com\\\/Nachofdezber\",\"https:\\\/\\\/x.com\\\/NabercoDigital\",\"https:\\\/\\\/www.instagram.com\\\/nachofdezber\\\/\",\"https:\\\/\\\/www.youtube.com\\\/channel\\\/UCZP-2wLEB9Rv6erhFmqVnvg\"],\"address\":{\"@id\":\"https:\\\/\\\/candas365.es\\\/noticias\\\/#postaladdress\",\"@type\":\"PostalAddress\",\"streetAddress\":\"san antonio 4, san antonio 4\",\"postalCode\":\"33430\",\"addressLocality\":\"Cand\\u00e1s\",\"addressRegion\":\"Asturias\",\"addressCountry\":\"ES\"}},{\"@type\":\"Person\",\"@id\":\"https:\\\/\\\/candas365.es\\\/noticias\\\/author\\\/admin\\\/#author\",\"url\":\"https:\\\/\\\/candas365.es\\\/noticias\\\/author\\\/admin\\\/\",\"name\":\"Cand\\u00e1s 365\",\"image\":{\"@type\":\"ImageObject\",\"@id\":\"https:\\\/\\\/candas365.es\\\/noticias\\\/szymon-marciniak-dirigira-la-final-del-mundial-2022\\\/#authorImage\",\"url\":\"https:\\\/\\\/secure.gravatar.com\\\/avatar\\\/496a8e03d0c493ede1718b7934145dbdf8d89be1036b0eec9544e1094c9de390?s=96&d=mm&r=g\",\"width\":96,\"height\":96,\"caption\":\"Cand\\u00e1s 365\"},\"sameAs\":[\"https:\\\/\\\/www.facebook.com\\\/carrenoactualidad\",\"https:\\\/\\\/twitter.com\\\/nbasturias\",\"https:\\\/\\\/www.instagram.com\\\/nachofdezber\\\/\",\"https:\\\/\\\/www.youtube.com\\\/channel\\\/UCZP-2wLEB9Rv6erhFmqVnvg\"]},{\"@type\":\"WebPage\",\"@id\":\"https:\\\/\\\/candas365.es\\\/noticias\\\/szymon-marciniak-dirigira-la-final-del-mundial-2022\\\/#webpage\",\"url\":\"https:\\\/\\\/candas365.es\\\/noticias\\\/szymon-marciniak-dirigira-la-final-del-mundial-2022\\\/\",\"name\":\"Szymon Marciniak dirigir\\u00e1 la final del Mundial 2022 | Cand\\u00e1s 365\",\"description\":\"(EP) - La FIFA anunci\\u00f3 este jueves que el \\u00e1rbitro polaco Szymon Marciniak dirigir\\u00e1 la final del Mundial 2022 entre Francia y Argentina que se disputar\\u00e1 el\",\"inLanguage\":\"es-ES\",\"isPartOf\":{\"@id\":\"https:\\\/\\\/candas365.es\\\/noticias\\\/#website\"},\"breadcrumb\":{\"@id\":\"https:\\\/\\\/candas365.es\\\/noticias\\\/szymon-marciniak-dirigira-la-final-del-mundial-2022\\\/#breadcrumblist\"},\"author\":{\"@id\":\"https:\\\/\\\/candas365.es\\\/noticias\\\/author\\\/admin\\\/#author\"},\"creator\":{\"@id\":\"https:\\\/\\\/candas365.es\\\/noticias\\\/author\\\/admin\\\/#author\"},\"image\":{\"@type\":\"ImageObject\",\"url\":\"https:\\\/\\\/candas365.es\\\/noticias\\\/wp-content\\\/uploads\\\/2022\\\/12\\\/Mundial-1.jpg\",\"@id\":\"https:\\\/\\\/candas365.es\\\/noticias\\\/szymon-marciniak-dirigira-la-final-del-mundial-2022\\\/#mainImage\",\"width\":640,\"height\":425,\"caption\":\"Mundial\"},\"primaryImageOfPage\":{\"@id\":\"https:\\\/\\\/candas365.es\\\/noticias\\\/szymon-marciniak-dirigira-la-final-del-mundial-2022\\\/#mainImage\"},\"datePublished\":\"2022-12-15T23:52:47+01:00\",\"dateModified\":\"2022-12-15T23:52:47+01:00\"},{\"@type\":\"WebSite\",\"@id\":\"https:\\\/\\\/candas365.es\\\/noticias\\\/#website\",\"url\":\"https:\\\/\\\/candas365.es\\\/noticias\\\/\",\"name\":\"Cand\\u00e1s 365\",\"alternateName\":\"Cand\\u00e1s 365 Noticias\",\"description\":\"Actualidad desde Carre\\u00f1o para el mundo\",\"inLanguage\":\"es-ES\",\"publisher\":{\"@id\":\"https:\\\/\\\/candas365.es\\\/noticias\\\/#organization\"}}]}\n\t\t<\/script>\n\t\t<!-- All in One SEO Pro -->\r\n\t\t<title>Szymon Marciniak dirigir\u00e1 la final del Mundial 2022 | Cand\u00e1s 365<\/title>\n\n","aioseo_head_json":{"title":"Szymon Marciniak dirigir\u00e1 la final del Mundial 2022 | Cand\u00e1s 365","description":"(EP) - La FIFA anunci\u00f3 este jueves que el \u00e1rbitro polaco Szymon Marciniak dirigir\u00e1 la final del Mundial 2022 entre Francia y Argentina que se disputar\u00e1 el","canonical_url":"https:\/\/candas365.es\/noticias\/szymon-marciniak-dirigira-la-final-del-mundial-2022\/","robots":"max-image-preview:large","keywords":"deporte","webmasterTools":{"google-site-verification":"UA-32230408-1","msvalidate.01":"354F3CDFB2DA171B47FBE9ABF1F88D5","miscellaneous":""},"schema":{"@context":"https:\/\/schema.org","@graph":[{"@type":"BreadcrumbList","@id":"https:\/\/candas365.es\/noticias\/szymon-marciniak-dirigira-la-final-del-mundial-2022\/#breadcrumblist","itemListElement":[{"@type":"ListItem","@id":"https:\/\/candas365.es\/noticias#listItem","position":1,"name":"Home","item":"https:\/\/candas365.es\/noticias","nextItem":{"@type":"ListItem","@id":"https:\/\/candas365.es\/noticias\/category\/deporte\/#listItem","name":"Deporte"}},{"@type":"ListItem","@id":"https:\/\/candas365.es\/noticias\/category\/deporte\/#listItem","position":2,"name":"Deporte","item":"https:\/\/candas365.es\/noticias\/category\/deporte\/","nextItem":{"@type":"ListItem","@id":"https:\/\/candas365.es\/noticias\/szymon-marciniak-dirigira-la-final-del-mundial-2022\/#listItem","name":"Szymon Marciniak dirigir\u00e1 la final del Mundial 2022"},"previousItem":{"@type":"ListItem","@id":"https:\/\/candas365.es\/noticias#listItem","name":"Home"}},{"@type":"ListItem","@id":"https:\/\/candas365.es\/noticias\/szymon-marciniak-dirigira-la-final-del-mundial-2022\/#listItem","position":3,"name":"Szymon Marciniak dirigir\u00e1 la final del Mundial 2022","previousItem":{"@type":"ListItem","@id":"https:\/\/candas365.es\/noticias\/category\/deporte\/#listItem","name":"Deporte"}}]},{"@type":"NewsArticle","@id":"https:\/\/candas365.es\/noticias\/szymon-marciniak-dirigira-la-final-del-mundial-2022\/#newsarticle","name":"Szymon Marciniak dirigir\u00e1 la final del Mundial 2022 | Cand\u00e1s 365","headline":"Szymon Marciniak dirigir\u00e1 la final del Mundial 2022","author":{"@id":"https:\/\/candas365.es\/noticias\/author\/admin\/#author"},"publisher":{"@id":"https:\/\/candas365.es\/noticias\/#organization"},"image":{"@type":"ImageObject","url":"https:\/\/candas365.es\/noticias\/wp-content\/uploads\/2022\/12\/Mundial-1.jpg","width":640,"height":425,"caption":"Mundial"},"datePublished":"2022-12-15T23:52:47+01:00","dateModified":"2022-12-15T23:52:47+01:00","inLanguage":"es-ES","mainEntityOfPage":{"@id":"https:\/\/candas365.es\/noticias\/szymon-marciniak-dirigira-la-final-del-mundial-2022\/#webpage"},"isPartOf":{"@id":"https:\/\/candas365.es\/noticias\/szymon-marciniak-dirigira-la-final-del-mundial-2022\/#webpage"},"articleSection":"Deporte, Catar 2022, deporte","dateline":"Publicado el diciembre 15, 2022."},{"@type":"Organization","@id":"https:\/\/candas365.es\/noticias\/#organization","name":"Cand\u00e1s 365","description":"Cand\u00e1s 365 es un diario digital independiente, fundado en 2012, con base en Asturias. Informamos con rigor sobre actualidad, sociedad, cultura y ocio, con una mirada local y global.","url":"https:\/\/candas365.es\/noticias\/","email":"info@candas365.es","telephone":"+34652131393","foundingDate":"2012-06-10","logo":{"@type":"ImageObject","url":"https:\/\/candas365.es\/noticias\/wp-content\/uploads\/2024\/09\/Candas-365-Redes.jpg","@id":"https:\/\/candas365.es\/noticias\/szymon-marciniak-dirigira-la-final-del-mundial-2022\/#organizationLogo","width":1152,"height":864,"caption":"Cand\u00e1s 365 Redes"},"image":{"@id":"https:\/\/candas365.es\/noticias\/szymon-marciniak-dirigira-la-final-del-mundial-2022\/#organizationLogo"},"sameAs":["https:\/\/www.facebook.com\/Nachofdezber","https:\/\/x.com\/NabercoDigital","https:\/\/www.instagram.com\/nachofdezber\/","https:\/\/www.youtube.com\/channel\/UCZP-2wLEB9Rv6erhFmqVnvg"],"address":{"@id":"https:\/\/candas365.es\/noticias\/#postaladdress","@type":"PostalAddress","streetAddress":"san antonio 4, san antonio 4","postalCode":"33430","addressLocality":"Cand\u00e1s","addressRegion":"Asturias","addressCountry":"ES"}},{"@type":"Person","@id":"https:\/\/candas365.es\/noticias\/author\/admin\/#author","url":"https:\/\/candas365.es\/noticias\/author\/admin\/","name":"Cand\u00e1s 365","image":{"@type":"ImageObject","@id":"https:\/\/candas365.es\/noticias\/szymon-marciniak-dirigira-la-final-del-mundial-2022\/#authorImage","url":"https:\/\/secure.gravatar.com\/avatar\/496a8e03d0c493ede1718b7934145dbdf8d89be1036b0eec9544e1094c9de390?s=96&d=mm&r=g","width":96,"height":96,"caption":"Cand\u00e1s 365"},"sameAs":["https:\/\/www.facebook.com\/carrenoactualidad","https:\/\/twitter.com\/nbasturias","https:\/\/www.instagram.com\/nachofdezber\/","https:\/\/www.youtube.com\/channel\/UCZP-2wLEB9Rv6erhFmqVnvg"]},{"@type":"WebPage","@id":"https:\/\/candas365.es\/noticias\/szymon-marciniak-dirigira-la-final-del-mundial-2022\/#webpage","url":"https:\/\/candas365.es\/noticias\/szymon-marciniak-dirigira-la-final-del-mundial-2022\/","name":"Szymon Marciniak dirigir\u00e1 la final del Mundial 2022 | Cand\u00e1s 365","description":"(EP) - La FIFA anunci\u00f3 este jueves que el \u00e1rbitro polaco Szymon Marciniak dirigir\u00e1 la final del Mundial 2022 entre Francia y Argentina que se disputar\u00e1 el","inLanguage":"es-ES","isPartOf":{"@id":"https:\/\/candas365.es\/noticias\/#website"},"breadcrumb":{"@id":"https:\/\/candas365.es\/noticias\/szymon-marciniak-dirigira-la-final-del-mundial-2022\/#breadcrumblist"},"author":{"@id":"https:\/\/candas365.es\/noticias\/author\/admin\/#author"},"creator":{"@id":"https:\/\/candas365.es\/noticias\/author\/admin\/#author"},"image":{"@type":"ImageObject","url":"https:\/\/candas365.es\/noticias\/wp-content\/uploads\/2022\/12\/Mundial-1.jpg","@id":"https:\/\/candas365.es\/noticias\/szymon-marciniak-dirigira-la-final-del-mundial-2022\/#mainImage","width":640,"height":425,"caption":"Mundial"},"primaryImageOfPage":{"@id":"https:\/\/candas365.es\/noticias\/szymon-marciniak-dirigira-la-final-del-mundial-2022\/#mainImage"},"datePublished":"2022-12-15T23:52:47+01:00","dateModified":"2022-12-15T23:52:47+01:00"},{"@type":"WebSite","@id":"https:\/\/candas365.es\/noticias\/#website","url":"https:\/\/candas365.es\/noticias\/","name":"Cand\u00e1s 365","alternateName":"Cand\u00e1s 365 Noticias","description":"Actualidad desde Carre\u00f1o para el mundo","inLanguage":"es-ES","publisher":{"@id":"https:\/\/candas365.es\/noticias\/#organization"}}]},"og:locale":"es_ES","og:site_name":"Cand\u00e1s 365","og:type":"article","og:title":"Szymon Marciniak dirigir\u00e1 la final del Mundial 2022 | Cand\u00e1s 365","og:description":"(EP) - La FIFA anunci\u00f3 este jueves que el \u00e1rbitro polaco Szymon Marciniak dirigir\u00e1 la final del Mundial 2022 entre Francia y Argentina que se disputar\u00e1 el","og:url":"https:\/\/candas365.es\/noticias\/szymon-marciniak-dirigira-la-final-del-mundial-2022\/","og:image":"https:\/\/candas365.es\/noticias\/wp-content\/uploads\/2022\/12\/Mundial-1.jpg","og:image:secure_url":"https:\/\/candas365.es\/noticias\/wp-content\/uploads\/2022\/12\/Mundial-1.jpg","og:image:width":640,"og:image:height":425,"article:published_time":"2022-12-15T22:52:47+00:00","article:modified_time":"2022-12-15T22:52:47+00:00","article:publisher":"https:\/\/www.facebook.com\/Nachofdezber","article:author":"https:\/\/www.facebook.com\/carrenoactualidad","twitter:card":"summary_large_image","twitter:site":"@NabercoDigital","twitter:title":"Szymon Marciniak dirigir\u00e1 la final del Mundial 2022 | Cand\u00e1s 365","twitter:description":"(EP) - La FIFA anunci\u00f3 este jueves que el \u00e1rbitro polaco Szymon Marciniak dirigir\u00e1 la final del Mundial 2022 entre Francia y Argentina que se disputar\u00e1 el","twitter:creator":"@nbasturias","twitter:image":"https:\/\/candas365.es\/noticias\/wp-content\/uploads\/2022\/12\/Mundial-1.jpg","twitter:label1":"Escrito por","twitter:data1":"Cand\u00e1s 365","twitter:label2":"Tiempo de lectura estimado","twitter:data2":"1 minuto"},"aioseo_meta_data":{"post_id":"170213","title":null,"description":"(EP) - La FIFA anunci\u00f3 este jueves que el \u00e1rbitro polaco Szymon Marciniak dirigir\u00e1 la final del Mundial 2022 entre Francia y Argentina que se disputar\u00e1 el","keywords":[],"keyphrases":{"focus":{"keyphrase":"Mundial","score":92,"analysis":{"keyphraseInTitle":{"score":9,"maxScore":9,"error":0},"keyphraseInDescription":{"score":9,"maxScore":9,"error":0},"keyphraseLength":{"score":9,"maxScore":9,"error":0,"length":1},"keyphraseInURL":{"score":1,"maxScore":5,"error":1},"keyphraseInIntroduction":{"score":9,"maxScore":9,"error":0},"keyphraseInSubHeadings":[],"keyphraseInImageAlt":{"score":9,"maxScore":9,"error":0}}},"additional":[{"keyphrase":"Francia y Argentina","score":83,"analysis":{"keyphraseInDescription":{"score":9,"maxScore":9,"error":0},"keyphraseLength":{"score":9,"maxScore":9,"error":0,"length":3},"keyphraseInIntroduction":{"score":9,"maxScore":9,"error":0},"keyphraseInImageAlt":{"score":3,"maxScore":9,"error":1}}},{"keyphrase":"Mundial 2022","score":100,"analysis":{"keyphraseInDescription":{"score":9,"maxScore":9,"error":0},"keyphraseLength":{"score":9,"maxScore":9,"error":0,"length":1},"keyphraseInIntroduction":{"score":9,"maxScore":9,"error":0},"keyphraseInImageAlt":{"score":9,"maxScore":9,"error":0}}}]},"primary_term":null,"canonical_url":null,"og_title":null,"og_description":null,"og_object_type":"default","og_image_type":"default","og_image_url":null,"og_image_width":null,"og_image_height":null,"og_image_custom_url":null,"og_image_custom_fields":null,"og_video":"","og_custom_url":null,"og_article_section":null,"og_article_tags":[],"twitter_use_og":false,"twitter_card":"default","twitter_image_type":"default","twitter_image_url":null,"twitter_image_custom_url":null,"twitter_image_custom_fields":null,"twitter_title":null,"twitter_description":null,"schema":{"blockGraphs":[],"customGraphs":[],"default":{"data":{"Article":[],"Course":[],"Dataset":[],"FAQPage":[],"Movie":[],"Person":[],"Product":[],"ProductReview":[],"Car":[],"Recipe":[],"Service":[],"SoftwareApplication":[],"WebPage":[]},"graphName":"Article","isEnabled":true},"graphs":[]},"schema_type":"default","schema_type_options":null,"pillar_content":false,"robots_default":true,"robots_noindex":false,"robots_noarchive":false,"robots_nosnippet":false,"robots_nofollow":false,"robots_noimageindex":false,"robots_noodp":false,"robots_notranslate":false,"robots_max_snippet":"-1","robots_max_videopreview":"-1","robots_max_imagepreview":"large","priority":null,"frequency":"default","location":null,"local_seo":null,"seo_analyzer_scan_date":"2025-09-01 17:09:11","breadcrumb_settings":null,"limit_modified_date":false,"reviewed_by":null,"open_ai":null,"ai":null,"created":"2022-12-15 22:42:28","updated":"2025-09-01 17:09:11"},"aioseo_breadcrumb":"<div class=\"aioseo-breadcrumbs\"><span class=\"aioseo-breadcrumb\">\n\t<a href=\"https:\/\/candas365.es\/noticias\" title=\"Home\">Home<\/a>\n<\/span><span class=\"aioseo-breadcrumb-separator\">&ndash;<\/span><span class=\"aioseo-breadcrumb\">\n\t<a href=\"https:\/\/candas365.es\/noticias\/category\/deporte\/\" title=\"Deporte\">Deporte<\/a>\n<\/span><span class=\"aioseo-breadcrumb-separator\">&ndash;<\/span><span class=\"aioseo-breadcrumb\">\n\tSzymon Marciniak dirigir\u00e1 la final del Mundial 2022\n<\/span><\/div>","aioseo_breadcrumb_json":[{"label":"Home","link":"https:\/\/candas365.es\/noticias"},{"label":"Deporte","link":"https:\/\/candas365.es\/noticias\/category\/deporte\/"},{"label":"Szymon Marciniak dirigir\u00e1 la final del Mundial 2022","link":"https:\/\/candas365.es\/noticias\/szymon-marciniak-dirigira-la-final-del-mundial-2022\/"}],"_links":{"self":[{"href":"https:\/\/candas365.es\/noticias\/wp-json\/wp\/v2\/posts\/170213","targetHints":{"allow":["GET"]}}],"collection":[{"href":"https:\/\/candas365.es\/noticias\/wp-json\/wp\/v2\/posts"}],"about":[{"href":"https:\/\/candas365.es\/noticias\/wp-json\/wp\/v2\/types\/post"}],"author":[{"embeddable":true,"href":"https:\/\/candas365.es\/noticias\/wp-json\/wp\/v2\/users\/1"}],"replies":[{"embeddable":true,"href":"https:\/\/candas365.es\/noticias\/wp-json\/wp\/v2\/comments?post=170213"}],"version-history":[{"count":0,"href":"https:\/\/candas365.es\/noticias\/wp-json\/wp\/v2\/posts\/170213\/revisions"}],"wp:featuredmedia":[{"embeddable":true,"href":"https:\/\/candas365.es\/noticias\/wp-json\/wp\/v2\/media\/170214"}],"wp:attachment":[{"href":"https:\/\/candas365.es\/noticias\/wp-json\/wp\/v2\/media?parent=170213"}],"wp:term":[{"taxonomy":"category","embeddable":true,"href":"https:\/\/candas365.es\/noticias\/wp-json\/wp\/v2\/categories?post=170213"},{"taxonomy":"post_tag","embeddable":true,"href":"https:\/\/candas365.es\/noticias\/wp-json\/wp\/v2\/tags?post=170213"}],"curies":[{"name":"wp","href":"https:\/\/api.w.org\/{rel}","templated":true}]}}