{"id":170103,"date":"2022-12-12T22:59:32","date_gmt":"2022-12-12T21:59:32","guid":{"rendered":"https:\/\/candas365.es\/noticias\/?p=170103"},"modified":"2022-12-12T22:59:32","modified_gmt":"2022-12-12T21:59:32","slug":"el-astana-rescinde-el-contrato-de-superman-lopez","status":"publish","type":"post","link":"https:\/\/candas365.es\/noticias\/el-astana-rescinde-el-contrato-de-superman-lopez\/","title":{"rendered":"El Astana rescinde el contrato de \u00abSuperman\u00bb L\u00f3pez"},"content":{"rendered":"<p>(EP) &#8211; El equipo <strong>Astana Qazaqstan<\/strong> anunci\u00f3 este lunes la rescisi\u00f3n del contrato del <strong>ciclista colombiano Miguel \u00c1ngel L\u00f3pez por su \u00abprobable conexi\u00f3n\u00bb con el doctor espa\u00f1ol Marcos Maynar,<\/strong> detenido el pasado mes de mayo acusado de tr\u00e1fico de medicamentos no autorizados en Espa\u00f1a.<\/p>\n<figure id=\"attachment_170104\" aria-describedby=\"caption-attachment-170104\" style=\"width: 650px\" class=\"wp-caption aligncenter\"><img fetchpriority=\"high\" decoding=\"async\" class=\"wp-image-170104 size-large\" src=\"https:\/\/candas365.es\/noticias\/wp-content\/uploads\/2022\/12\/Lopez-650x374.jpg\" alt=\"L\u00f3pez\" width=\"650\" height=\"374\" srcset=\"https:\/\/candas365.es\/noticias\/wp-content\/uploads\/2022\/12\/Lopez-650x374.jpg 650w, https:\/\/candas365.es\/noticias\/wp-content\/uploads\/2022\/12\/Lopez-360x207.jpg 360w, https:\/\/candas365.es\/noticias\/wp-content\/uploads\/2022\/12\/Lopez-768x442.jpg 768w, https:\/\/candas365.es\/noticias\/wp-content\/uploads\/2022\/12\/Lopez-150x86.jpg 150w, https:\/\/candas365.es\/noticias\/wp-content\/uploads\/2022\/12\/Lopez-450x259.jpg 450w, https:\/\/candas365.es\/noticias\/wp-content\/uploads\/2022\/12\/Lopez.jpg 1104w\" sizes=\"(max-width: 650px) 100vw, 650px\" \/><figcaption id=\"caption-attachment-170104\" class=\"wp-caption-text\">FOTO: ASTANA QAZAQSTAN \/ Europa Press<\/figcaption><\/figure>\n<p>\u00abEl equipo Astana Qazaqstan descubri\u00f3 nuevos elementos que muestran la probable conexi\u00f3n de Miguel \u00c1ngel L\u00f3pez con el Doctor Marcos Maynar. En consecuencia, el equipo no tuvo otra soluci\u00f3n que rescindir el contrato entre equipo y corredor, basado en incumplimientos de dicho contrato y las normas internas del equipo, con efecto inmediato. Para preservar los derechos del equipo y del corredor, no se har\u00e1n m\u00e1s comentarios\u00bb, se\u00f1al\u00f3 el Astana en un comunicado.<\/p>\n<p><strong>&#8216;Superman&#8217; fich\u00f3 el a\u00f1o pasado por el conjunto kazajo, en el que ya hab\u00eda estado entre 2015 y 2020 antes de fichar por el Movistar Team<\/strong>, y ten\u00eda contrato hasta el final de la campa\u00f1a 2023. El pasado mes de julio fue suspendido por el Astana tras conocerse que estaba siendo investigado por un presunto delito de tr\u00e1fico de medicamentos y hasta que se aclarasen \u00abtodas las circunstancias del caso\u00bb, pero se la levant\u00f3 d\u00edas despu\u00e9s ante la \u00abausencia de cualquier hallazgo\u00bb.<\/p>\n<p>A los deportistas que captaba su red, <strong>Maynar les ofrec\u00eda la preparaci\u00f3n de los entrenamientos, complementaci\u00f3n nutricional, y el suministro para el consumo de medicamentos y sustancias prohibidas en el deporte<\/strong>. Estos deportistas, que abonaban una cuota anual de unos 3.000 euros, eran sometidos a un estudio previo mediante anal\u00edticas y pruebas de esfuerzo realizadas en las instalaciones de la Facultad de Ciencias del Deporte de Extremadura, en la que el m\u00e9dico desempe\u00f1a labores docentes.<\/p>\n","protected":false},"excerpt":{"rendered":"<p>(EP) &#8211; El equipo Astana Qazaqstan anunci\u00f3 este lunes la rescisi\u00f3n del contrato del ciclista colombiano Miguel \u00c1ngel L\u00f3pez por su \u00abprobable conexi\u00f3n\u00bb con el doctor espa\u00f1ol Marcos Maynar, detenido el pasado mes de mayo acusado de tr\u00e1fico de medicamentos no autorizados en Espa\u00f1a. \u00abEl equipo Astana Qazaqstan descubri\u00f3 nuevos elementos que muestran la probable<\/p>\n","protected":false},"author":1,"featured_media":170104,"comment_status":"closed","ping_status":"closed","sticky":false,"template":"","format":"standard","meta":{"footnotes":""},"categories":[319],"tags":[387],"class_list":{"0":"post-170103","1":"post","2":"type-post","3":"status-publish","4":"format-standard","5":"has-post-thumbnail","7":"category-deporte","8":"tag-deporte"},"aioseo_notices":[],"aioseo_head":"\n\t\t<!-- All in One SEO Pro 4.9.6.2 - aioseo.com -->\n\t<meta name=\"description\" content=\"(EP) - El equipo Astana Qazaqstan anunci\u00f3 este lunes la rescisi\u00f3n del contrato del ciclista colombiano Miguel \u00c1ngel L\u00f3pez por su &quot;probable conexi\u00f3n&quot;\" \/>\n\t<meta name=\"robots\" content=\"max-image-preview:large\" \/>\n\t<meta name=\"author\" content=\"Cand\u00e1s 365\"\/>\n\t<meta name=\"google-site-verification\" content=\"UA-32230408-1\" \/>\n\t<meta name=\"msvalidate.01\" content=\"354F3CDFB2DA171B47FBE9ABF1F88D5\" \/>\n\t<meta name=\"keywords\" content=\"deporte\" \/>\n\t<link rel=\"canonical\" href=\"https:\/\/candas365.es\/noticias\/el-astana-rescinde-el-contrato-de-superman-lopez\/\" \/>\n\t<meta name=\"generator\" content=\"All in One SEO Pro (AIOSEO) 4.9.6.2\" \/>\n\t\t<meta property=\"og:locale\" content=\"es_ES\" \/>\n\t\t<meta property=\"og:site_name\" content=\"Cand\u00e1s 365\" \/>\n\t\t<meta property=\"og:type\" content=\"article\" \/>\n\t\t<meta property=\"og:title\" content=\"El Astana rescinde el contrato de \u00abSuperman\u00bb L\u00f3pez | Cand\u00e1s 365\" \/>\n\t\t<meta property=\"og:description\" content=\"(EP) - El equipo Astana Qazaqstan anunci\u00f3 este lunes la rescisi\u00f3n del contrato del ciclista colombiano Miguel \u00c1ngel L\u00f3pez por su &quot;probable conexi\u00f3n&quot;\" \/>\n\t\t<meta property=\"og:url\" content=\"https:\/\/candas365.es\/noticias\/el-astana-rescinde-el-contrato-de-superman-lopez\/\" \/>\n\t\t<meta property=\"og:image\" content=\"https:\/\/candas365.es\/noticias\/wp-content\/uploads\/2022\/12\/Lopez.jpg\" \/>\n\t\t<meta property=\"og:image:secure_url\" content=\"https:\/\/candas365.es\/noticias\/wp-content\/uploads\/2022\/12\/Lopez.jpg\" \/>\n\t\t<meta property=\"og:image:width\" content=\"1104\" \/>\n\t\t<meta property=\"og:image:height\" content=\"636\" \/>\n\t\t<meta property=\"article:published_time\" content=\"2022-12-12T21:59:32+00:00\" \/>\n\t\t<meta property=\"article:modified_time\" content=\"2022-12-12T21:59:32+00:00\" \/>\n\t\t<meta property=\"article:publisher\" content=\"https:\/\/www.facebook.com\/Nachofdezber\" \/>\n\t\t<meta property=\"article:author\" content=\"https:\/\/www.facebook.com\/carrenoactualidad\" \/>\n\t\t<meta name=\"twitter:card\" content=\"summary_large_image\" \/>\n\t\t<meta name=\"twitter:site\" content=\"@NabercoDigital\" \/>\n\t\t<meta name=\"twitter:title\" content=\"El Astana rescinde el contrato de \u00abSuperman\u00bb L\u00f3pez | Cand\u00e1s 365\" \/>\n\t\t<meta name=\"twitter:description\" content=\"(EP) - El equipo Astana Qazaqstan anunci\u00f3 este lunes la rescisi\u00f3n del contrato del ciclista colombiano Miguel \u00c1ngel L\u00f3pez por su &quot;probable conexi\u00f3n&quot;\" \/>\n\t\t<meta name=\"twitter:creator\" content=\"@nbasturias\" \/>\n\t\t<meta name=\"twitter:image\" content=\"https:\/\/candas365.es\/noticias\/wp-content\/uploads\/2022\/12\/Lopez.jpg\" \/>\n\t\t<meta name=\"twitter:label1\" content=\"Escrito por\" \/>\n\t\t<meta name=\"twitter:data1\" content=\"Cand\u00e1s 365\" \/>\n\t\t<meta name=\"twitter:label2\" content=\"Tiempo de lectura estimado\" \/>\n\t\t<meta name=\"twitter:data2\" content=\"2 minutos\" \/>\n\t\t<script type=\"application\/ld+json\" class=\"aioseo-schema\">\n\t\t\t{\"@context\":\"https:\\\/\\\/schema.org\",\"@graph\":[{\"@type\":\"BreadcrumbList\",\"@id\":\"https:\\\/\\\/candas365.es\\\/noticias\\\/el-astana-rescinde-el-contrato-de-superman-lopez\\\/#breadcrumblist\",\"itemListElement\":[{\"@type\":\"ListItem\",\"@id\":\"https:\\\/\\\/candas365.es\\\/noticias#listItem\",\"position\":1,\"name\":\"Home\",\"item\":\"https:\\\/\\\/candas365.es\\\/noticias\",\"nextItem\":{\"@type\":\"ListItem\",\"@id\":\"https:\\\/\\\/candas365.es\\\/noticias\\\/category\\\/deporte\\\/#listItem\",\"name\":\"Deporte\"}},{\"@type\":\"ListItem\",\"@id\":\"https:\\\/\\\/candas365.es\\\/noticias\\\/category\\\/deporte\\\/#listItem\",\"position\":2,\"name\":\"Deporte\",\"item\":\"https:\\\/\\\/candas365.es\\\/noticias\\\/category\\\/deporte\\\/\",\"nextItem\":{\"@type\":\"ListItem\",\"@id\":\"https:\\\/\\\/candas365.es\\\/noticias\\\/el-astana-rescinde-el-contrato-de-superman-lopez\\\/#listItem\",\"name\":\"El Astana rescinde el contrato de \\u00abSuperman\\u00bb L\\u00f3pez\"},\"previousItem\":{\"@type\":\"ListItem\",\"@id\":\"https:\\\/\\\/candas365.es\\\/noticias#listItem\",\"name\":\"Home\"}},{\"@type\":\"ListItem\",\"@id\":\"https:\\\/\\\/candas365.es\\\/noticias\\\/el-astana-rescinde-el-contrato-de-superman-lopez\\\/#listItem\",\"position\":3,\"name\":\"El Astana rescinde el contrato de \\u00abSuperman\\u00bb L\\u00f3pez\",\"previousItem\":{\"@type\":\"ListItem\",\"@id\":\"https:\\\/\\\/candas365.es\\\/noticias\\\/category\\\/deporte\\\/#listItem\",\"name\":\"Deporte\"}}]},{\"@type\":\"NewsArticle\",\"@id\":\"https:\\\/\\\/candas365.es\\\/noticias\\\/el-astana-rescinde-el-contrato-de-superman-lopez\\\/#newsarticle\",\"name\":\"El Astana rescinde el contrato de \\u00abSuperman\\u00bb L\\u00f3pez | Cand\\u00e1s 365\",\"headline\":\"El Astana rescinde el contrato de \\u00abSuperman\\u00bb L\\u00f3pez\",\"author\":{\"@id\":\"https:\\\/\\\/candas365.es\\\/noticias\\\/author\\\/admin\\\/#author\"},\"publisher\":{\"@id\":\"https:\\\/\\\/candas365.es\\\/noticias\\\/#organization\"},\"image\":{\"@type\":\"ImageObject\",\"url\":\"https:\\\/\\\/candas365.es\\\/noticias\\\/wp-content\\\/uploads\\\/2022\\\/12\\\/Lopez.jpg\",\"width\":1104,\"height\":636,\"caption\":\"FOTO: ASTANA QAZAQSTAN \\\/ Europa Press\"},\"datePublished\":\"2022-12-12T22:59:32+01:00\",\"dateModified\":\"2022-12-12T22:59:32+01:00\",\"inLanguage\":\"es-ES\",\"mainEntityOfPage\":{\"@id\":\"https:\\\/\\\/candas365.es\\\/noticias\\\/el-astana-rescinde-el-contrato-de-superman-lopez\\\/#webpage\"},\"isPartOf\":{\"@id\":\"https:\\\/\\\/candas365.es\\\/noticias\\\/el-astana-rescinde-el-contrato-de-superman-lopez\\\/#webpage\"},\"articleSection\":\"Deporte, deporte\",\"dateline\":\"Publicado el diciembre 12, 2022.\"},{\"@type\":\"Organization\",\"@id\":\"https:\\\/\\\/candas365.es\\\/noticias\\\/#organization\",\"name\":\"Cand\\u00e1s 365\",\"description\":\"Cand\\u00e1s 365 es un diario digital independiente, fundado en 2012, con base en Asturias. Informamos con rigor sobre actualidad, sociedad, cultura y ocio, con una mirada local y global.\",\"url\":\"https:\\\/\\\/candas365.es\\\/noticias\\\/\",\"email\":\"info@candas365.es\",\"telephone\":\"+34652131393\",\"foundingDate\":\"2012-06-10\",\"logo\":{\"@type\":\"ImageObject\",\"url\":\"https:\\\/\\\/candas365.es\\\/noticias\\\/wp-content\\\/uploads\\\/2024\\\/09\\\/Candas-365-Redes.jpg\",\"@id\":\"https:\\\/\\\/candas365.es\\\/noticias\\\/el-astana-rescinde-el-contrato-de-superman-lopez\\\/#organizationLogo\",\"width\":1152,\"height\":864,\"caption\":\"Cand\\u00e1s 365 Redes\"},\"image\":{\"@id\":\"https:\\\/\\\/candas365.es\\\/noticias\\\/el-astana-rescinde-el-contrato-de-superman-lopez\\\/#organizationLogo\"},\"sameAs\":[\"https:\\\/\\\/www.facebook.com\\\/Nachofdezber\",\"https:\\\/\\\/x.com\\\/NabercoDigital\",\"https:\\\/\\\/www.instagram.com\\\/nachofdezber\\\/\",\"https:\\\/\\\/www.youtube.com\\\/channel\\\/UCZP-2wLEB9Rv6erhFmqVnvg\"],\"address\":{\"@id\":\"https:\\\/\\\/candas365.es\\\/noticias\\\/#postaladdress\",\"@type\":\"PostalAddress\",\"streetAddress\":\"san antonio 4, san antonio 4\",\"postalCode\":\"33430\",\"addressLocality\":\"Cand\\u00e1s\",\"addressRegion\":\"Asturias\",\"addressCountry\":\"ES\"}},{\"@type\":\"Person\",\"@id\":\"https:\\\/\\\/candas365.es\\\/noticias\\\/author\\\/admin\\\/#author\",\"url\":\"https:\\\/\\\/candas365.es\\\/noticias\\\/author\\\/admin\\\/\",\"name\":\"Cand\\u00e1s 365\",\"image\":{\"@type\":\"ImageObject\",\"@id\":\"https:\\\/\\\/candas365.es\\\/noticias\\\/el-astana-rescinde-el-contrato-de-superman-lopez\\\/#authorImage\",\"url\":\"https:\\\/\\\/secure.gravatar.com\\\/avatar\\\/496a8e03d0c493ede1718b7934145dbdf8d89be1036b0eec9544e1094c9de390?s=96&d=mm&r=g\",\"width\":96,\"height\":96,\"caption\":\"Cand\\u00e1s 365\"},\"sameAs\":[\"https:\\\/\\\/www.facebook.com\\\/carrenoactualidad\",\"https:\\\/\\\/twitter.com\\\/nbasturias\",\"https:\\\/\\\/www.instagram.com\\\/nachofdezber\\\/\",\"https:\\\/\\\/www.youtube.com\\\/channel\\\/UCZP-2wLEB9Rv6erhFmqVnvg\"]},{\"@type\":\"WebPage\",\"@id\":\"https:\\\/\\\/candas365.es\\\/noticias\\\/el-astana-rescinde-el-contrato-de-superman-lopez\\\/#webpage\",\"url\":\"https:\\\/\\\/candas365.es\\\/noticias\\\/el-astana-rescinde-el-contrato-de-superman-lopez\\\/\",\"name\":\"El Astana rescinde el contrato de \\u00abSuperman\\u00bb L\\u00f3pez | Cand\\u00e1s 365\",\"description\":\"(EP) - El equipo Astana Qazaqstan anunci\\u00f3 este lunes la rescisi\\u00f3n del contrato del ciclista colombiano Miguel \\u00c1ngel L\\u00f3pez por su \\\"probable conexi\\u00f3n\\\"\",\"inLanguage\":\"es-ES\",\"isPartOf\":{\"@id\":\"https:\\\/\\\/candas365.es\\\/noticias\\\/#website\"},\"breadcrumb\":{\"@id\":\"https:\\\/\\\/candas365.es\\\/noticias\\\/el-astana-rescinde-el-contrato-de-superman-lopez\\\/#breadcrumblist\"},\"author\":{\"@id\":\"https:\\\/\\\/candas365.es\\\/noticias\\\/author\\\/admin\\\/#author\"},\"creator\":{\"@id\":\"https:\\\/\\\/candas365.es\\\/noticias\\\/author\\\/admin\\\/#author\"},\"image\":{\"@type\":\"ImageObject\",\"url\":\"https:\\\/\\\/candas365.es\\\/noticias\\\/wp-content\\\/uploads\\\/2022\\\/12\\\/Lopez.jpg\",\"@id\":\"https:\\\/\\\/candas365.es\\\/noticias\\\/el-astana-rescinde-el-contrato-de-superman-lopez\\\/#mainImage\",\"width\":1104,\"height\":636,\"caption\":\"FOTO: ASTANA QAZAQSTAN \\\/ Europa Press\"},\"primaryImageOfPage\":{\"@id\":\"https:\\\/\\\/candas365.es\\\/noticias\\\/el-astana-rescinde-el-contrato-de-superman-lopez\\\/#mainImage\"},\"datePublished\":\"2022-12-12T22:59:32+01:00\",\"dateModified\":\"2022-12-12T22:59:32+01:00\"},{\"@type\":\"WebSite\",\"@id\":\"https:\\\/\\\/candas365.es\\\/noticias\\\/#website\",\"url\":\"https:\\\/\\\/candas365.es\\\/noticias\\\/\",\"name\":\"Cand\\u00e1s 365\",\"alternateName\":\"Cand\\u00e1s 365 Noticias\",\"description\":\"Actualidad desde Carre\\u00f1o para el mundo\",\"inLanguage\":\"es-ES\",\"publisher\":{\"@id\":\"https:\\\/\\\/candas365.es\\\/noticias\\\/#organization\"}}]}\n\t\t<\/script>\n\t\t<!-- All in One SEO Pro -->\r\n\t\t<title>El Astana rescinde el contrato de \u00abSuperman\u00bb L\u00f3pez | Cand\u00e1s 365<\/title>\n\n","aioseo_head_json":{"title":"El Astana rescinde el contrato de \u00abSuperman\u00bb L\u00f3pez | Cand\u00e1s 365","description":"(EP) - El equipo Astana Qazaqstan anunci\u00f3 este lunes la rescisi\u00f3n del contrato del ciclista colombiano Miguel \u00c1ngel L\u00f3pez por su \"probable conexi\u00f3n\"","canonical_url":"https:\/\/candas365.es\/noticias\/el-astana-rescinde-el-contrato-de-superman-lopez\/","robots":"max-image-preview:large","keywords":"deporte","webmasterTools":{"google-site-verification":"UA-32230408-1","msvalidate.01":"354F3CDFB2DA171B47FBE9ABF1F88D5","miscellaneous":""},"schema":{"@context":"https:\/\/schema.org","@graph":[{"@type":"BreadcrumbList","@id":"https:\/\/candas365.es\/noticias\/el-astana-rescinde-el-contrato-de-superman-lopez\/#breadcrumblist","itemListElement":[{"@type":"ListItem","@id":"https:\/\/candas365.es\/noticias#listItem","position":1,"name":"Home","item":"https:\/\/candas365.es\/noticias","nextItem":{"@type":"ListItem","@id":"https:\/\/candas365.es\/noticias\/category\/deporte\/#listItem","name":"Deporte"}},{"@type":"ListItem","@id":"https:\/\/candas365.es\/noticias\/category\/deporte\/#listItem","position":2,"name":"Deporte","item":"https:\/\/candas365.es\/noticias\/category\/deporte\/","nextItem":{"@type":"ListItem","@id":"https:\/\/candas365.es\/noticias\/el-astana-rescinde-el-contrato-de-superman-lopez\/#listItem","name":"El Astana rescinde el contrato de \u00abSuperman\u00bb L\u00f3pez"},"previousItem":{"@type":"ListItem","@id":"https:\/\/candas365.es\/noticias#listItem","name":"Home"}},{"@type":"ListItem","@id":"https:\/\/candas365.es\/noticias\/el-astana-rescinde-el-contrato-de-superman-lopez\/#listItem","position":3,"name":"El Astana rescinde el contrato de \u00abSuperman\u00bb L\u00f3pez","previousItem":{"@type":"ListItem","@id":"https:\/\/candas365.es\/noticias\/category\/deporte\/#listItem","name":"Deporte"}}]},{"@type":"NewsArticle","@id":"https:\/\/candas365.es\/noticias\/el-astana-rescinde-el-contrato-de-superman-lopez\/#newsarticle","name":"El Astana rescinde el contrato de \u00abSuperman\u00bb L\u00f3pez | Cand\u00e1s 365","headline":"El Astana rescinde el contrato de \u00abSuperman\u00bb L\u00f3pez","author":{"@id":"https:\/\/candas365.es\/noticias\/author\/admin\/#author"},"publisher":{"@id":"https:\/\/candas365.es\/noticias\/#organization"},"image":{"@type":"ImageObject","url":"https:\/\/candas365.es\/noticias\/wp-content\/uploads\/2022\/12\/Lopez.jpg","width":1104,"height":636,"caption":"FOTO: ASTANA QAZAQSTAN \/ Europa Press"},"datePublished":"2022-12-12T22:59:32+01:00","dateModified":"2022-12-12T22:59:32+01:00","inLanguage":"es-ES","mainEntityOfPage":{"@id":"https:\/\/candas365.es\/noticias\/el-astana-rescinde-el-contrato-de-superman-lopez\/#webpage"},"isPartOf":{"@id":"https:\/\/candas365.es\/noticias\/el-astana-rescinde-el-contrato-de-superman-lopez\/#webpage"},"articleSection":"Deporte, deporte","dateline":"Publicado el diciembre 12, 2022."},{"@type":"Organization","@id":"https:\/\/candas365.es\/noticias\/#organization","name":"Cand\u00e1s 365","description":"Cand\u00e1s 365 es un diario digital independiente, fundado en 2012, con base en Asturias. Informamos con rigor sobre actualidad, sociedad, cultura y ocio, con una mirada local y global.","url":"https:\/\/candas365.es\/noticias\/","email":"info@candas365.es","telephone":"+34652131393","foundingDate":"2012-06-10","logo":{"@type":"ImageObject","url":"https:\/\/candas365.es\/noticias\/wp-content\/uploads\/2024\/09\/Candas-365-Redes.jpg","@id":"https:\/\/candas365.es\/noticias\/el-astana-rescinde-el-contrato-de-superman-lopez\/#organizationLogo","width":1152,"height":864,"caption":"Cand\u00e1s 365 Redes"},"image":{"@id":"https:\/\/candas365.es\/noticias\/el-astana-rescinde-el-contrato-de-superman-lopez\/#organizationLogo"},"sameAs":["https:\/\/www.facebook.com\/Nachofdezber","https:\/\/x.com\/NabercoDigital","https:\/\/www.instagram.com\/nachofdezber\/","https:\/\/www.youtube.com\/channel\/UCZP-2wLEB9Rv6erhFmqVnvg"],"address":{"@id":"https:\/\/candas365.es\/noticias\/#postaladdress","@type":"PostalAddress","streetAddress":"san antonio 4, san antonio 4","postalCode":"33430","addressLocality":"Cand\u00e1s","addressRegion":"Asturias","addressCountry":"ES"}},{"@type":"Person","@id":"https:\/\/candas365.es\/noticias\/author\/admin\/#author","url":"https:\/\/candas365.es\/noticias\/author\/admin\/","name":"Cand\u00e1s 365","image":{"@type":"ImageObject","@id":"https:\/\/candas365.es\/noticias\/el-astana-rescinde-el-contrato-de-superman-lopez\/#authorImage","url":"https:\/\/secure.gravatar.com\/avatar\/496a8e03d0c493ede1718b7934145dbdf8d89be1036b0eec9544e1094c9de390?s=96&d=mm&r=g","width":96,"height":96,"caption":"Cand\u00e1s 365"},"sameAs":["https:\/\/www.facebook.com\/carrenoactualidad","https:\/\/twitter.com\/nbasturias","https:\/\/www.instagram.com\/nachofdezber\/","https:\/\/www.youtube.com\/channel\/UCZP-2wLEB9Rv6erhFmqVnvg"]},{"@type":"WebPage","@id":"https:\/\/candas365.es\/noticias\/el-astana-rescinde-el-contrato-de-superman-lopez\/#webpage","url":"https:\/\/candas365.es\/noticias\/el-astana-rescinde-el-contrato-de-superman-lopez\/","name":"El Astana rescinde el contrato de \u00abSuperman\u00bb L\u00f3pez | Cand\u00e1s 365","description":"(EP) - El equipo Astana Qazaqstan anunci\u00f3 este lunes la rescisi\u00f3n del contrato del ciclista colombiano Miguel \u00c1ngel L\u00f3pez por su \"probable conexi\u00f3n\"","inLanguage":"es-ES","isPartOf":{"@id":"https:\/\/candas365.es\/noticias\/#website"},"breadcrumb":{"@id":"https:\/\/candas365.es\/noticias\/el-astana-rescinde-el-contrato-de-superman-lopez\/#breadcrumblist"},"author":{"@id":"https:\/\/candas365.es\/noticias\/author\/admin\/#author"},"creator":{"@id":"https:\/\/candas365.es\/noticias\/author\/admin\/#author"},"image":{"@type":"ImageObject","url":"https:\/\/candas365.es\/noticias\/wp-content\/uploads\/2022\/12\/Lopez.jpg","@id":"https:\/\/candas365.es\/noticias\/el-astana-rescinde-el-contrato-de-superman-lopez\/#mainImage","width":1104,"height":636,"caption":"FOTO: ASTANA QAZAQSTAN \/ Europa Press"},"primaryImageOfPage":{"@id":"https:\/\/candas365.es\/noticias\/el-astana-rescinde-el-contrato-de-superman-lopez\/#mainImage"},"datePublished":"2022-12-12T22:59:32+01:00","dateModified":"2022-12-12T22:59:32+01:00"},{"@type":"WebSite","@id":"https:\/\/candas365.es\/noticias\/#website","url":"https:\/\/candas365.es\/noticias\/","name":"Cand\u00e1s 365","alternateName":"Cand\u00e1s 365 Noticias","description":"Actualidad desde Carre\u00f1o para el mundo","inLanguage":"es-ES","publisher":{"@id":"https:\/\/candas365.es\/noticias\/#organization"}}]},"og:locale":"es_ES","og:site_name":"Cand\u00e1s 365","og:type":"article","og:title":"El Astana rescinde el contrato de \u00abSuperman\u00bb L\u00f3pez | Cand\u00e1s 365","og:description":"(EP) - El equipo Astana Qazaqstan anunci\u00f3 este lunes la rescisi\u00f3n del contrato del ciclista colombiano Miguel \u00c1ngel L\u00f3pez por su &quot;probable conexi\u00f3n&quot;","og:url":"https:\/\/candas365.es\/noticias\/el-astana-rescinde-el-contrato-de-superman-lopez\/","og:image":"https:\/\/candas365.es\/noticias\/wp-content\/uploads\/2022\/12\/Lopez.jpg","og:image:secure_url":"https:\/\/candas365.es\/noticias\/wp-content\/uploads\/2022\/12\/Lopez.jpg","og:image:width":1104,"og:image:height":636,"article:published_time":"2022-12-12T21:59:32+00:00","article:modified_time":"2022-12-12T21:59:32+00:00","article:publisher":"https:\/\/www.facebook.com\/Nachofdezber","article:author":"https:\/\/www.facebook.com\/carrenoactualidad","twitter:card":"summary_large_image","twitter:site":"@NabercoDigital","twitter:title":"El Astana rescinde el contrato de \u00abSuperman\u00bb L\u00f3pez | Cand\u00e1s 365","twitter:description":"(EP) - El equipo Astana Qazaqstan anunci\u00f3 este lunes la rescisi\u00f3n del contrato del ciclista colombiano Miguel \u00c1ngel L\u00f3pez por su &quot;probable conexi\u00f3n&quot;","twitter:creator":"@nbasturias","twitter:image":"https:\/\/candas365.es\/noticias\/wp-content\/uploads\/2022\/12\/Lopez.jpg","twitter:label1":"Escrito por","twitter:data1":"Cand\u00e1s 365","twitter:label2":"Tiempo de lectura estimado","twitter:data2":"2 minutos"},"aioseo_meta_data":{"post_id":"170103","title":null,"description":"(EP) - El equipo Astana Qazaqstan anunci\u00f3 este lunes la rescisi\u00f3n del contrato del ciclista colombiano Miguel \u00c1ngel L\u00f3pez por su \"probable conexi\u00f3n\"","keywords":[],"keyphrases":{"focus":{"keyphrase":"L\u00f3pez ","score":92,"analysis":{"keyphraseInTitle":{"score":9,"maxScore":9,"error":0},"keyphraseInDescription":{"score":9,"maxScore":9,"error":0},"keyphraseLength":{"score":9,"maxScore":9,"error":0,"length":1},"keyphraseInURL":{"score":1,"maxScore":5,"error":1},"keyphraseInIntroduction":{"score":9,"maxScore":9,"error":0},"keyphraseInSubHeadings":[],"keyphraseInImageAlt":{"score":9,"maxScore":9,"error":0}}},"additional":[{"keyphrase":"Astana ","score":83,"analysis":{"keyphraseInDescription":{"score":9,"maxScore":9,"error":0},"keyphraseLength":{"score":9,"maxScore":9,"error":0,"length":1},"keyphraseInIntroduction":{"score":9,"maxScore":9,"error":0},"keyphraseInImageAlt":{"score":3,"maxScore":9,"error":1}}},{"keyphrase":"ciclista colombiano ","score":83,"analysis":{"keyphraseInDescription":{"score":9,"maxScore":9,"error":0},"keyphraseLength":{"score":9,"maxScore":9,"error":0,"length":2},"keyphraseInIntroduction":{"score":9,"maxScore":9,"error":0},"keyphraseInImageAlt":{"score":3,"maxScore":9,"error":1}}},{"keyphrase":"L\u00f3pez ","score":100,"analysis":{"keyphraseInDescription":{"score":9,"maxScore":9,"error":0},"keyphraseLength":{"score":9,"maxScore":9,"error":0,"length":1},"keyphraseInIntroduction":{"score":9,"maxScore":9,"error":0},"keyphraseInImageAlt":{"score":9,"maxScore":9,"error":0}}}]},"primary_term":null,"canonical_url":null,"og_title":null,"og_description":null,"og_object_type":"default","og_image_type":"default","og_image_url":null,"og_image_width":null,"og_image_height":null,"og_image_custom_url":null,"og_image_custom_fields":null,"og_video":"","og_custom_url":null,"og_article_section":null,"og_article_tags":[],"twitter_use_og":false,"twitter_card":"default","twitter_image_type":"default","twitter_image_url":null,"twitter_image_custom_url":null,"twitter_image_custom_fields":null,"twitter_title":null,"twitter_description":null,"schema":{"blockGraphs":[],"customGraphs":[],"default":{"data":{"Article":[],"Course":[],"Dataset":[],"FAQPage":[],"Movie":[],"Person":[],"Product":[],"ProductReview":[],"Car":[],"Recipe":[],"Service":[],"SoftwareApplication":[],"WebPage":[]},"graphName":"Article","isEnabled":true},"graphs":[]},"schema_type":"default","schema_type_options":null,"pillar_content":false,"robots_default":true,"robots_noindex":false,"robots_noarchive":false,"robots_nosnippet":false,"robots_nofollow":false,"robots_noimageindex":false,"robots_noodp":false,"robots_notranslate":false,"robots_max_snippet":"-1","robots_max_videopreview":"-1","robots_max_imagepreview":"large","priority":null,"frequency":"default","location":null,"local_seo":null,"seo_analyzer_scan_date":"2025-09-01 17:00:27","breadcrumb_settings":null,"limit_modified_date":false,"reviewed_by":null,"open_ai":null,"ai":null,"created":"2022-12-12 21:46:53","updated":"2025-09-01 17:00:27"},"aioseo_breadcrumb":"<div class=\"aioseo-breadcrumbs\"><span class=\"aioseo-breadcrumb\">\n\t<a href=\"https:\/\/candas365.es\/noticias\" title=\"Home\">Home<\/a>\n<\/span><span class=\"aioseo-breadcrumb-separator\">&ndash;<\/span><span class=\"aioseo-breadcrumb\">\n\t<a href=\"https:\/\/candas365.es\/noticias\/category\/deporte\/\" title=\"Deporte\">Deporte<\/a>\n<\/span><span class=\"aioseo-breadcrumb-separator\">&ndash;<\/span><span class=\"aioseo-breadcrumb\">\n\tEl Astana rescinde el contrato de \u00abSuperman\u00bb L\u00f3pez\n<\/span><\/div>","aioseo_breadcrumb_json":[{"label":"Home","link":"https:\/\/candas365.es\/noticias"},{"label":"Deporte","link":"https:\/\/candas365.es\/noticias\/category\/deporte\/"},{"label":"El Astana rescinde el contrato de \u00abSuperman\u00bb L\u00f3pez","link":"https:\/\/candas365.es\/noticias\/el-astana-rescinde-el-contrato-de-superman-lopez\/"}],"_links":{"self":[{"href":"https:\/\/candas365.es\/noticias\/wp-json\/wp\/v2\/posts\/170103","targetHints":{"allow":["GET"]}}],"collection":[{"href":"https:\/\/candas365.es\/noticias\/wp-json\/wp\/v2\/posts"}],"about":[{"href":"https:\/\/candas365.es\/noticias\/wp-json\/wp\/v2\/types\/post"}],"author":[{"embeddable":true,"href":"https:\/\/candas365.es\/noticias\/wp-json\/wp\/v2\/users\/1"}],"replies":[{"embeddable":true,"href":"https:\/\/candas365.es\/noticias\/wp-json\/wp\/v2\/comments?post=170103"}],"version-history":[{"count":0,"href":"https:\/\/candas365.es\/noticias\/wp-json\/wp\/v2\/posts\/170103\/revisions"}],"wp:featuredmedia":[{"embeddable":true,"href":"https:\/\/candas365.es\/noticias\/wp-json\/wp\/v2\/media\/170104"}],"wp:attachment":[{"href":"https:\/\/candas365.es\/noticias\/wp-json\/wp\/v2\/media?parent=170103"}],"wp:term":[{"taxonomy":"category","embeddable":true,"href":"https:\/\/candas365.es\/noticias\/wp-json\/wp\/v2\/categories?post=170103"},{"taxonomy":"post_tag","embeddable":true,"href":"https:\/\/candas365.es\/noticias\/wp-json\/wp\/v2\/tags?post=170103"}],"curies":[{"name":"wp","href":"https:\/\/api.w.org\/{rel}","templated":true}]}}