{"id":170086,"date":"2022-12-11T16:46:29","date_gmt":"2022-12-11T15:46:29","guid":{"rendered":"https:\/\/candas365.es\/noticias\/?p=170086"},"modified":"2022-12-11T16:46:29","modified_gmt":"2022-12-11T15:46:29","slug":"sandor-martin-cae-en-un-polemico-combate-en-el-madison-square-garden","status":"publish","type":"post","link":"https:\/\/candas365.es\/noticias\/sandor-martin-cae-en-un-polemico-combate-en-el-madison-square-garden\/","title":{"rendered":"Sandor Mart\u00edn cae en un pol\u00e9mico combate en el Madison Square Garden"},"content":{"rendered":"<p>(EP) &#8211; El boxeador espa\u00f1ol <strong>Sandor Mart\u00edn<\/strong> ha ca\u00eddo esta madrugada ante el estadounidense Te\u00f3fimo L\u00f3pez en el <strong>Madison Square Garden de Nueva York<\/strong> (Estados Unidos) en un pol\u00e9mico combate eliminatorio para disputar el Mundial del peso superligero del Consejo Mundial de Boxeo (CMB), en el que, <strong>a pesar de enviar dos veces a la lona a su rival, cay\u00f3 por decisi\u00f3n dividida (95-94, 93-96 y 92-97).<\/strong><\/p>\n<figure id=\"attachment_170087\" aria-describedby=\"caption-attachment-170087\" style=\"width: 650px\" class=\"wp-caption aligncenter\"><img fetchpriority=\"high\" decoding=\"async\" class=\"wp-image-170087 size-large\" src=\"https:\/\/candas365.es\/noticias\/wp-content\/uploads\/2022\/12\/Sandor-Martin-650x434.jpg\" alt=\"Sandor Mart\u00edn\" width=\"650\" height=\"434\" srcset=\"https:\/\/candas365.es\/noticias\/wp-content\/uploads\/2022\/12\/Sandor-Martin-650x434.jpg 650w, https:\/\/candas365.es\/noticias\/wp-content\/uploads\/2022\/12\/Sandor-Martin-360x240.jpg 360w, https:\/\/candas365.es\/noticias\/wp-content\/uploads\/2022\/12\/Sandor-Martin-768x513.jpg 768w, https:\/\/candas365.es\/noticias\/wp-content\/uploads\/2022\/12\/Sandor-Martin-150x100.jpg 150w, https:\/\/candas365.es\/noticias\/wp-content\/uploads\/2022\/12\/Sandor-Martin-450x300.jpg 450w, https:\/\/candas365.es\/noticias\/wp-content\/uploads\/2022\/12\/Sandor-Martin.jpg 1001w\" sizes=\"(max-width: 650px) 100vw, 650px\" \/><figcaption id=\"caption-attachment-170087\" class=\"wp-caption-text\">Foto: ED MULHOLLAND\/MATCHROOM \/ EP<\/figcaption><\/figure>\n<p>El barcelon\u00e9s, de 29 a\u00f1os (40-3-0, 13 KO), se recuper\u00f3 de un peque\u00f1o corte en la nariz por un cabezazo de su rival durante el primer asalto y ya en el segundo comput\u00f3 un &#8216;knock down&#8217; gracias a un potente golpe de derecha.<\/p>\n<p>Las fintas y los rectos del espa\u00f1ol iban decantando el combate a su favor, y una nueva derecha en el s\u00e9ptimo &#8216;round&#8217; que mand\u00f3 de nuevo a la lona al neoyorquino, excampe\u00f3n mundial del peso ligero, parec\u00eda decidirla por completo, pero uno de los jueces interpret\u00f3 la ca\u00edda como un resbal\u00f3n.<\/p>\n<p><strong>Las tarjetas de los jueces (95-94, 93-96 y 92-97) al final de los diez asaltos escandalizaron a Sandor y a gran parte del recinto<\/strong>, sorprendido por la decisi\u00f3n, que impedir\u00e1 al espa\u00f1ol luchar por el t\u00edtulo mundial del CMB.<\/p>\n","protected":false},"excerpt":{"rendered":"<p>(EP) &#8211; El boxeador espa\u00f1ol Sandor Mart\u00edn ha ca\u00eddo esta madrugada ante el estadounidense Te\u00f3fimo L\u00f3pez en el Madison Square Garden de Nueva York (Estados Unidos) en un pol\u00e9mico combate eliminatorio para disputar el Mundial del peso superligero del Consejo Mundial de Boxeo (CMB), en el que, a pesar de enviar dos veces a la<\/p>\n","protected":false},"author":1,"featured_media":170087,"comment_status":"closed","ping_status":"closed","sticky":false,"template":"","format":"standard","meta":{"footnotes":""},"categories":[319],"tags":[387],"class_list":{"0":"post-170086","1":"post","2":"type-post","3":"status-publish","4":"format-standard","5":"has-post-thumbnail","7":"category-deporte","8":"tag-deporte"},"aioseo_notices":[],"aioseo_head":"\n\t\t<!-- All in One SEO Pro 4.9.6.2 - aioseo.com -->\n\t<meta name=\"description\" content=\"(EP) - El boxeador espa\u00f1ol Sandor Mart\u00edn ha ca\u00eddo esta madrugada ante el estadounidense Te\u00f3fimo L\u00f3pez en el Madison Square Garden de Nueva York\" \/>\n\t<meta name=\"robots\" content=\"max-image-preview:large\" \/>\n\t<meta name=\"author\" content=\"Cand\u00e1s 365\"\/>\n\t<meta name=\"google-site-verification\" content=\"UA-32230408-1\" \/>\n\t<meta name=\"msvalidate.01\" content=\"354F3CDFB2DA171B47FBE9ABF1F88D5\" \/>\n\t<meta name=\"keywords\" content=\"deporte\" \/>\n\t<link rel=\"canonical\" href=\"https:\/\/candas365.es\/noticias\/sandor-martin-cae-en-un-polemico-combate-en-el-madison-square-garden\/\" \/>\n\t<meta name=\"generator\" content=\"All in One SEO Pro (AIOSEO) 4.9.6.2\" \/>\n\t\t<meta property=\"og:locale\" content=\"es_ES\" \/>\n\t\t<meta property=\"og:site_name\" content=\"Cand\u00e1s 365\" \/>\n\t\t<meta property=\"og:type\" content=\"article\" \/>\n\t\t<meta property=\"og:title\" content=\"Sandor Mart\u00edn cae en un pol\u00e9mico combate en el Madison Square Garden | Cand\u00e1s 365\" \/>\n\t\t<meta property=\"og:description\" content=\"(EP) - El boxeador espa\u00f1ol Sandor Mart\u00edn ha ca\u00eddo esta madrugada ante el estadounidense Te\u00f3fimo L\u00f3pez en el Madison Square Garden de Nueva York\" \/>\n\t\t<meta property=\"og:url\" content=\"https:\/\/candas365.es\/noticias\/sandor-martin-cae-en-un-polemico-combate-en-el-madison-square-garden\/\" \/>\n\t\t<meta property=\"og:image\" content=\"https:\/\/candas365.es\/noticias\/wp-content\/uploads\/2022\/12\/Sandor-Martin.jpg\" \/>\n\t\t<meta property=\"og:image:secure_url\" content=\"https:\/\/candas365.es\/noticias\/wp-content\/uploads\/2022\/12\/Sandor-Martin.jpg\" \/>\n\t\t<meta property=\"og:image:width\" content=\"1001\" \/>\n\t\t<meta property=\"og:image:height\" content=\"668\" \/>\n\t\t<meta property=\"article:published_time\" content=\"2022-12-11T15:46:29+00:00\" \/>\n\t\t<meta property=\"article:modified_time\" content=\"2022-12-11T15:46:29+00:00\" \/>\n\t\t<meta property=\"article:publisher\" content=\"https:\/\/www.facebook.com\/Nachofdezber\" \/>\n\t\t<meta property=\"article:author\" content=\"https:\/\/www.facebook.com\/carrenoactualidad\" \/>\n\t\t<meta name=\"twitter:card\" content=\"summary_large_image\" \/>\n\t\t<meta name=\"twitter:site\" content=\"@NabercoDigital\" \/>\n\t\t<meta name=\"twitter:title\" content=\"Sandor Mart\u00edn cae en un pol\u00e9mico combate en el Madison Square Garden | Cand\u00e1s 365\" \/>\n\t\t<meta name=\"twitter:description\" content=\"(EP) - El boxeador espa\u00f1ol Sandor Mart\u00edn ha ca\u00eddo esta madrugada ante el estadounidense Te\u00f3fimo L\u00f3pez en el Madison Square Garden de Nueva York\" \/>\n\t\t<meta name=\"twitter:creator\" content=\"@nbasturias\" \/>\n\t\t<meta name=\"twitter:image\" content=\"https:\/\/candas365.es\/noticias\/wp-content\/uploads\/2022\/12\/Sandor-Martin.jpg\" \/>\n\t\t<meta name=\"twitter:label1\" content=\"Escrito por\" \/>\n\t\t<meta name=\"twitter:data1\" content=\"Cand\u00e1s 365\" \/>\n\t\t<meta name=\"twitter:label2\" content=\"Tiempo de lectura estimado\" \/>\n\t\t<meta name=\"twitter:data2\" content=\"1 minuto\" \/>\n\t\t<script type=\"application\/ld+json\" class=\"aioseo-schema\">\n\t\t\t{\"@context\":\"https:\\\/\\\/schema.org\",\"@graph\":[{\"@type\":\"BreadcrumbList\",\"@id\":\"https:\\\/\\\/candas365.es\\\/noticias\\\/sandor-martin-cae-en-un-polemico-combate-en-el-madison-square-garden\\\/#breadcrumblist\",\"itemListElement\":[{\"@type\":\"ListItem\",\"@id\":\"https:\\\/\\\/candas365.es\\\/noticias#listItem\",\"position\":1,\"name\":\"Home\",\"item\":\"https:\\\/\\\/candas365.es\\\/noticias\",\"nextItem\":{\"@type\":\"ListItem\",\"@id\":\"https:\\\/\\\/candas365.es\\\/noticias\\\/category\\\/deporte\\\/#listItem\",\"name\":\"Deporte\"}},{\"@type\":\"ListItem\",\"@id\":\"https:\\\/\\\/candas365.es\\\/noticias\\\/category\\\/deporte\\\/#listItem\",\"position\":2,\"name\":\"Deporte\",\"item\":\"https:\\\/\\\/candas365.es\\\/noticias\\\/category\\\/deporte\\\/\",\"nextItem\":{\"@type\":\"ListItem\",\"@id\":\"https:\\\/\\\/candas365.es\\\/noticias\\\/sandor-martin-cae-en-un-polemico-combate-en-el-madison-square-garden\\\/#listItem\",\"name\":\"Sandor Mart\\u00edn cae en un pol\\u00e9mico combate en el Madison Square Garden\"},\"previousItem\":{\"@type\":\"ListItem\",\"@id\":\"https:\\\/\\\/candas365.es\\\/noticias#listItem\",\"name\":\"Home\"}},{\"@type\":\"ListItem\",\"@id\":\"https:\\\/\\\/candas365.es\\\/noticias\\\/sandor-martin-cae-en-un-polemico-combate-en-el-madison-square-garden\\\/#listItem\",\"position\":3,\"name\":\"Sandor Mart\\u00edn cae en un pol\\u00e9mico combate en el Madison Square Garden\",\"previousItem\":{\"@type\":\"ListItem\",\"@id\":\"https:\\\/\\\/candas365.es\\\/noticias\\\/category\\\/deporte\\\/#listItem\",\"name\":\"Deporte\"}}]},{\"@type\":\"NewsArticle\",\"@id\":\"https:\\\/\\\/candas365.es\\\/noticias\\\/sandor-martin-cae-en-un-polemico-combate-en-el-madison-square-garden\\\/#newsarticle\",\"name\":\"Sandor Mart\\u00edn cae en un pol\\u00e9mico combate en el Madison Square Garden | Cand\\u00e1s 365\",\"headline\":\"Sandor Mart\\u00edn cae en un pol\\u00e9mico combate en el Madison Square Garden\",\"author\":{\"@id\":\"https:\\\/\\\/candas365.es\\\/noticias\\\/author\\\/admin\\\/#author\"},\"publisher\":{\"@id\":\"https:\\\/\\\/candas365.es\\\/noticias\\\/#organization\"},\"image\":{\"@type\":\"ImageObject\",\"url\":\"https:\\\/\\\/candas365.es\\\/noticias\\\/wp-content\\\/uploads\\\/2022\\\/12\\\/Sandor-Martin.jpg\",\"width\":1001,\"height\":668,\"caption\":\"Foto: ED MULHOLLAND\\\/MATCHROOM \\\/ EP\"},\"datePublished\":\"2022-12-11T16:46:29+01:00\",\"dateModified\":\"2022-12-11T16:46:29+01:00\",\"inLanguage\":\"es-ES\",\"mainEntityOfPage\":{\"@id\":\"https:\\\/\\\/candas365.es\\\/noticias\\\/sandor-martin-cae-en-un-polemico-combate-en-el-madison-square-garden\\\/#webpage\"},\"isPartOf\":{\"@id\":\"https:\\\/\\\/candas365.es\\\/noticias\\\/sandor-martin-cae-en-un-polemico-combate-en-el-madison-square-garden\\\/#webpage\"},\"articleSection\":\"Deporte, deporte\",\"dateline\":\"Publicado el diciembre 11, 2022.\"},{\"@type\":\"Organization\",\"@id\":\"https:\\\/\\\/candas365.es\\\/noticias\\\/#organization\",\"name\":\"Cand\\u00e1s 365\",\"description\":\"Cand\\u00e1s 365 es un diario digital independiente, fundado en 2012, con base en Asturias. Informamos con rigor sobre actualidad, sociedad, cultura y ocio, con una mirada local y global.\",\"url\":\"https:\\\/\\\/candas365.es\\\/noticias\\\/\",\"email\":\"info@candas365.es\",\"telephone\":\"+34652131393\",\"foundingDate\":\"2012-06-10\",\"logo\":{\"@type\":\"ImageObject\",\"url\":\"https:\\\/\\\/candas365.es\\\/noticias\\\/wp-content\\\/uploads\\\/2024\\\/09\\\/Candas-365-Redes.jpg\",\"@id\":\"https:\\\/\\\/candas365.es\\\/noticias\\\/sandor-martin-cae-en-un-polemico-combate-en-el-madison-square-garden\\\/#organizationLogo\",\"width\":1152,\"height\":864,\"caption\":\"Cand\\u00e1s 365 Redes\"},\"image\":{\"@id\":\"https:\\\/\\\/candas365.es\\\/noticias\\\/sandor-martin-cae-en-un-polemico-combate-en-el-madison-square-garden\\\/#organizationLogo\"},\"sameAs\":[\"https:\\\/\\\/www.facebook.com\\\/Nachofdezber\",\"https:\\\/\\\/x.com\\\/NabercoDigital\",\"https:\\\/\\\/www.instagram.com\\\/nachofdezber\\\/\",\"https:\\\/\\\/www.youtube.com\\\/channel\\\/UCZP-2wLEB9Rv6erhFmqVnvg\"],\"address\":{\"@id\":\"https:\\\/\\\/candas365.es\\\/noticias\\\/#postaladdress\",\"@type\":\"PostalAddress\",\"streetAddress\":\"san antonio 4, san antonio 4\",\"postalCode\":\"33430\",\"addressLocality\":\"Cand\\u00e1s\",\"addressRegion\":\"Asturias\",\"addressCountry\":\"ES\"}},{\"@type\":\"Person\",\"@id\":\"https:\\\/\\\/candas365.es\\\/noticias\\\/author\\\/admin\\\/#author\",\"url\":\"https:\\\/\\\/candas365.es\\\/noticias\\\/author\\\/admin\\\/\",\"name\":\"Cand\\u00e1s 365\",\"image\":{\"@type\":\"ImageObject\",\"@id\":\"https:\\\/\\\/candas365.es\\\/noticias\\\/sandor-martin-cae-en-un-polemico-combate-en-el-madison-square-garden\\\/#authorImage\",\"url\":\"https:\\\/\\\/secure.gravatar.com\\\/avatar\\\/496a8e03d0c493ede1718b7934145dbdf8d89be1036b0eec9544e1094c9de390?s=96&d=mm&r=g\",\"width\":96,\"height\":96,\"caption\":\"Cand\\u00e1s 365\"},\"sameAs\":[\"https:\\\/\\\/www.facebook.com\\\/carrenoactualidad\",\"https:\\\/\\\/twitter.com\\\/nbasturias\",\"https:\\\/\\\/www.instagram.com\\\/nachofdezber\\\/\",\"https:\\\/\\\/www.youtube.com\\\/channel\\\/UCZP-2wLEB9Rv6erhFmqVnvg\"]},{\"@type\":\"WebPage\",\"@id\":\"https:\\\/\\\/candas365.es\\\/noticias\\\/sandor-martin-cae-en-un-polemico-combate-en-el-madison-square-garden\\\/#webpage\",\"url\":\"https:\\\/\\\/candas365.es\\\/noticias\\\/sandor-martin-cae-en-un-polemico-combate-en-el-madison-square-garden\\\/\",\"name\":\"Sandor Mart\\u00edn cae en un pol\\u00e9mico combate en el Madison Square Garden | Cand\\u00e1s 365\",\"description\":\"(EP) - El boxeador espa\\u00f1ol Sandor Mart\\u00edn ha ca\\u00eddo esta madrugada ante el estadounidense Te\\u00f3fimo L\\u00f3pez en el Madison Square Garden de Nueva York\",\"inLanguage\":\"es-ES\",\"isPartOf\":{\"@id\":\"https:\\\/\\\/candas365.es\\\/noticias\\\/#website\"},\"breadcrumb\":{\"@id\":\"https:\\\/\\\/candas365.es\\\/noticias\\\/sandor-martin-cae-en-un-polemico-combate-en-el-madison-square-garden\\\/#breadcrumblist\"},\"author\":{\"@id\":\"https:\\\/\\\/candas365.es\\\/noticias\\\/author\\\/admin\\\/#author\"},\"creator\":{\"@id\":\"https:\\\/\\\/candas365.es\\\/noticias\\\/author\\\/admin\\\/#author\"},\"image\":{\"@type\":\"ImageObject\",\"url\":\"https:\\\/\\\/candas365.es\\\/noticias\\\/wp-content\\\/uploads\\\/2022\\\/12\\\/Sandor-Martin.jpg\",\"@id\":\"https:\\\/\\\/candas365.es\\\/noticias\\\/sandor-martin-cae-en-un-polemico-combate-en-el-madison-square-garden\\\/#mainImage\",\"width\":1001,\"height\":668,\"caption\":\"Foto: ED MULHOLLAND\\\/MATCHROOM \\\/ EP\"},\"primaryImageOfPage\":{\"@id\":\"https:\\\/\\\/candas365.es\\\/noticias\\\/sandor-martin-cae-en-un-polemico-combate-en-el-madison-square-garden\\\/#mainImage\"},\"datePublished\":\"2022-12-11T16:46:29+01:00\",\"dateModified\":\"2022-12-11T16:46:29+01:00\"},{\"@type\":\"WebSite\",\"@id\":\"https:\\\/\\\/candas365.es\\\/noticias\\\/#website\",\"url\":\"https:\\\/\\\/candas365.es\\\/noticias\\\/\",\"name\":\"Cand\\u00e1s 365\",\"alternateName\":\"Cand\\u00e1s 365 Noticias\",\"description\":\"Actualidad desde Carre\\u00f1o para el mundo\",\"inLanguage\":\"es-ES\",\"publisher\":{\"@id\":\"https:\\\/\\\/candas365.es\\\/noticias\\\/#organization\"}}]}\n\t\t<\/script>\n\t\t<!-- All in One SEO Pro -->\r\n\t\t<title>Sandor Mart\u00edn cae en un pol\u00e9mico combate en el Madison Square Garden | Cand\u00e1s 365<\/title>\n\n","aioseo_head_json":{"title":"Sandor Mart\u00edn cae en un pol\u00e9mico combate en el Madison Square Garden | Cand\u00e1s 365","description":"(EP) - El boxeador espa\u00f1ol Sandor Mart\u00edn ha ca\u00eddo esta madrugada ante el estadounidense Te\u00f3fimo L\u00f3pez en el Madison Square Garden de Nueva York","canonical_url":"https:\/\/candas365.es\/noticias\/sandor-martin-cae-en-un-polemico-combate-en-el-madison-square-garden\/","robots":"max-image-preview:large","keywords":"deporte","webmasterTools":{"google-site-verification":"UA-32230408-1","msvalidate.01":"354F3CDFB2DA171B47FBE9ABF1F88D5","miscellaneous":""},"schema":{"@context":"https:\/\/schema.org","@graph":[{"@type":"BreadcrumbList","@id":"https:\/\/candas365.es\/noticias\/sandor-martin-cae-en-un-polemico-combate-en-el-madison-square-garden\/#breadcrumblist","itemListElement":[{"@type":"ListItem","@id":"https:\/\/candas365.es\/noticias#listItem","position":1,"name":"Home","item":"https:\/\/candas365.es\/noticias","nextItem":{"@type":"ListItem","@id":"https:\/\/candas365.es\/noticias\/category\/deporte\/#listItem","name":"Deporte"}},{"@type":"ListItem","@id":"https:\/\/candas365.es\/noticias\/category\/deporte\/#listItem","position":2,"name":"Deporte","item":"https:\/\/candas365.es\/noticias\/category\/deporte\/","nextItem":{"@type":"ListItem","@id":"https:\/\/candas365.es\/noticias\/sandor-martin-cae-en-un-polemico-combate-en-el-madison-square-garden\/#listItem","name":"Sandor Mart\u00edn cae en un pol\u00e9mico combate en el Madison Square Garden"},"previousItem":{"@type":"ListItem","@id":"https:\/\/candas365.es\/noticias#listItem","name":"Home"}},{"@type":"ListItem","@id":"https:\/\/candas365.es\/noticias\/sandor-martin-cae-en-un-polemico-combate-en-el-madison-square-garden\/#listItem","position":3,"name":"Sandor Mart\u00edn cae en un pol\u00e9mico combate en el Madison Square Garden","previousItem":{"@type":"ListItem","@id":"https:\/\/candas365.es\/noticias\/category\/deporte\/#listItem","name":"Deporte"}}]},{"@type":"NewsArticle","@id":"https:\/\/candas365.es\/noticias\/sandor-martin-cae-en-un-polemico-combate-en-el-madison-square-garden\/#newsarticle","name":"Sandor Mart\u00edn cae en un pol\u00e9mico combate en el Madison Square Garden | Cand\u00e1s 365","headline":"Sandor Mart\u00edn cae en un pol\u00e9mico combate en el Madison Square Garden","author":{"@id":"https:\/\/candas365.es\/noticias\/author\/admin\/#author"},"publisher":{"@id":"https:\/\/candas365.es\/noticias\/#organization"},"image":{"@type":"ImageObject","url":"https:\/\/candas365.es\/noticias\/wp-content\/uploads\/2022\/12\/Sandor-Martin.jpg","width":1001,"height":668,"caption":"Foto: ED MULHOLLAND\/MATCHROOM \/ EP"},"datePublished":"2022-12-11T16:46:29+01:00","dateModified":"2022-12-11T16:46:29+01:00","inLanguage":"es-ES","mainEntityOfPage":{"@id":"https:\/\/candas365.es\/noticias\/sandor-martin-cae-en-un-polemico-combate-en-el-madison-square-garden\/#webpage"},"isPartOf":{"@id":"https:\/\/candas365.es\/noticias\/sandor-martin-cae-en-un-polemico-combate-en-el-madison-square-garden\/#webpage"},"articleSection":"Deporte, deporte","dateline":"Publicado el diciembre 11, 2022."},{"@type":"Organization","@id":"https:\/\/candas365.es\/noticias\/#organization","name":"Cand\u00e1s 365","description":"Cand\u00e1s 365 es un diario digital independiente, fundado en 2012, con base en Asturias. Informamos con rigor sobre actualidad, sociedad, cultura y ocio, con una mirada local y global.","url":"https:\/\/candas365.es\/noticias\/","email":"info@candas365.es","telephone":"+34652131393","foundingDate":"2012-06-10","logo":{"@type":"ImageObject","url":"https:\/\/candas365.es\/noticias\/wp-content\/uploads\/2024\/09\/Candas-365-Redes.jpg","@id":"https:\/\/candas365.es\/noticias\/sandor-martin-cae-en-un-polemico-combate-en-el-madison-square-garden\/#organizationLogo","width":1152,"height":864,"caption":"Cand\u00e1s 365 Redes"},"image":{"@id":"https:\/\/candas365.es\/noticias\/sandor-martin-cae-en-un-polemico-combate-en-el-madison-square-garden\/#organizationLogo"},"sameAs":["https:\/\/www.facebook.com\/Nachofdezber","https:\/\/x.com\/NabercoDigital","https:\/\/www.instagram.com\/nachofdezber\/","https:\/\/www.youtube.com\/channel\/UCZP-2wLEB9Rv6erhFmqVnvg"],"address":{"@id":"https:\/\/candas365.es\/noticias\/#postaladdress","@type":"PostalAddress","streetAddress":"san antonio 4, san antonio 4","postalCode":"33430","addressLocality":"Cand\u00e1s","addressRegion":"Asturias","addressCountry":"ES"}},{"@type":"Person","@id":"https:\/\/candas365.es\/noticias\/author\/admin\/#author","url":"https:\/\/candas365.es\/noticias\/author\/admin\/","name":"Cand\u00e1s 365","image":{"@type":"ImageObject","@id":"https:\/\/candas365.es\/noticias\/sandor-martin-cae-en-un-polemico-combate-en-el-madison-square-garden\/#authorImage","url":"https:\/\/secure.gravatar.com\/avatar\/496a8e03d0c493ede1718b7934145dbdf8d89be1036b0eec9544e1094c9de390?s=96&d=mm&r=g","width":96,"height":96,"caption":"Cand\u00e1s 365"},"sameAs":["https:\/\/www.facebook.com\/carrenoactualidad","https:\/\/twitter.com\/nbasturias","https:\/\/www.instagram.com\/nachofdezber\/","https:\/\/www.youtube.com\/channel\/UCZP-2wLEB9Rv6erhFmqVnvg"]},{"@type":"WebPage","@id":"https:\/\/candas365.es\/noticias\/sandor-martin-cae-en-un-polemico-combate-en-el-madison-square-garden\/#webpage","url":"https:\/\/candas365.es\/noticias\/sandor-martin-cae-en-un-polemico-combate-en-el-madison-square-garden\/","name":"Sandor Mart\u00edn cae en un pol\u00e9mico combate en el Madison Square Garden | Cand\u00e1s 365","description":"(EP) - El boxeador espa\u00f1ol Sandor Mart\u00edn ha ca\u00eddo esta madrugada ante el estadounidense Te\u00f3fimo L\u00f3pez en el Madison Square Garden de Nueva York","inLanguage":"es-ES","isPartOf":{"@id":"https:\/\/candas365.es\/noticias\/#website"},"breadcrumb":{"@id":"https:\/\/candas365.es\/noticias\/sandor-martin-cae-en-un-polemico-combate-en-el-madison-square-garden\/#breadcrumblist"},"author":{"@id":"https:\/\/candas365.es\/noticias\/author\/admin\/#author"},"creator":{"@id":"https:\/\/candas365.es\/noticias\/author\/admin\/#author"},"image":{"@type":"ImageObject","url":"https:\/\/candas365.es\/noticias\/wp-content\/uploads\/2022\/12\/Sandor-Martin.jpg","@id":"https:\/\/candas365.es\/noticias\/sandor-martin-cae-en-un-polemico-combate-en-el-madison-square-garden\/#mainImage","width":1001,"height":668,"caption":"Foto: ED MULHOLLAND\/MATCHROOM \/ EP"},"primaryImageOfPage":{"@id":"https:\/\/candas365.es\/noticias\/sandor-martin-cae-en-un-polemico-combate-en-el-madison-square-garden\/#mainImage"},"datePublished":"2022-12-11T16:46:29+01:00","dateModified":"2022-12-11T16:46:29+01:00"},{"@type":"WebSite","@id":"https:\/\/candas365.es\/noticias\/#website","url":"https:\/\/candas365.es\/noticias\/","name":"Cand\u00e1s 365","alternateName":"Cand\u00e1s 365 Noticias","description":"Actualidad desde Carre\u00f1o para el mundo","inLanguage":"es-ES","publisher":{"@id":"https:\/\/candas365.es\/noticias\/#organization"}}]},"og:locale":"es_ES","og:site_name":"Cand\u00e1s 365","og:type":"article","og:title":"Sandor Mart\u00edn cae en un pol\u00e9mico combate en el Madison Square Garden | Cand\u00e1s 365","og:description":"(EP) - El boxeador espa\u00f1ol Sandor Mart\u00edn ha ca\u00eddo esta madrugada ante el estadounidense Te\u00f3fimo L\u00f3pez en el Madison Square Garden de Nueva York","og:url":"https:\/\/candas365.es\/noticias\/sandor-martin-cae-en-un-polemico-combate-en-el-madison-square-garden\/","og:image":"https:\/\/candas365.es\/noticias\/wp-content\/uploads\/2022\/12\/Sandor-Martin.jpg","og:image:secure_url":"https:\/\/candas365.es\/noticias\/wp-content\/uploads\/2022\/12\/Sandor-Martin.jpg","og:image:width":1001,"og:image:height":668,"article:published_time":"2022-12-11T15:46:29+00:00","article:modified_time":"2022-12-11T15:46:29+00:00","article:publisher":"https:\/\/www.facebook.com\/Nachofdezber","article:author":"https:\/\/www.facebook.com\/carrenoactualidad","twitter:card":"summary_large_image","twitter:site":"@NabercoDigital","twitter:title":"Sandor Mart\u00edn cae en un pol\u00e9mico combate en el Madison Square Garden | Cand\u00e1s 365","twitter:description":"(EP) - El boxeador espa\u00f1ol Sandor Mart\u00edn ha ca\u00eddo esta madrugada ante el estadounidense Te\u00f3fimo L\u00f3pez en el Madison Square Garden de Nueva York","twitter:creator":"@nbasturias","twitter:image":"https:\/\/candas365.es\/noticias\/wp-content\/uploads\/2022\/12\/Sandor-Martin.jpg","twitter:label1":"Escrito por","twitter:data1":"Cand\u00e1s 365","twitter:label2":"Tiempo de lectura estimado","twitter:data2":"1 minuto"},"aioseo_meta_data":{"post_id":"170086","title":null,"description":"(EP) - El boxeador espa\u00f1ol Sandor Mart\u00edn ha ca\u00eddo esta madrugada ante el estadounidense Te\u00f3fimo L\u00f3pez en el Madison Square Garden de Nueva York","keywords":[],"keyphrases":{"focus":{"keyphrase":"Sandor Mart\u00edn","score":92,"analysis":{"keyphraseInTitle":{"score":9,"maxScore":9,"error":0},"keyphraseInDescription":{"score":9,"maxScore":9,"error":0},"keyphraseLength":{"score":9,"maxScore":9,"error":0,"length":2},"keyphraseInURL":{"score":1,"maxScore":5,"error":1},"keyphraseInIntroduction":{"score":9,"maxScore":9,"error":0},"keyphraseInSubHeadings":[],"keyphraseInImageAlt":{"score":9,"maxScore":9,"error":0}}},"additional":[{"keyphrase":"Sandor Mart\u00edn","score":100,"analysis":{"keyphraseInDescription":{"score":9,"maxScore":9,"error":0},"keyphraseLength":{"score":9,"maxScore":9,"error":0,"length":2},"keyphraseInIntroduction":{"score":9,"maxScore":9,"error":0},"keyphraseInImageAlt":{"score":9,"maxScore":9,"error":0}}},{"keyphrase":"Madison","score":83,"analysis":{"keyphraseInDescription":{"score":9,"maxScore":9,"error":0},"keyphraseLength":{"score":9,"maxScore":9,"error":0,"length":1},"keyphraseInIntroduction":{"score":9,"maxScore":9,"error":0},"keyphraseInImageAlt":{"score":3,"maxScore":9,"error":1}}},{"keyphrase":" boxeador","score":83,"analysis":{"keyphraseInDescription":{"score":9,"maxScore":9,"error":0},"keyphraseLength":{"score":9,"maxScore":9,"error":0,"length":1},"keyphraseInIntroduction":{"score":9,"maxScore":9,"error":0},"keyphraseInImageAlt":{"score":3,"maxScore":9,"error":1}}}]},"primary_term":null,"canonical_url":null,"og_title":null,"og_description":null,"og_object_type":"default","og_image_type":"default","og_image_url":null,"og_image_width":null,"og_image_height":null,"og_image_custom_url":null,"og_image_custom_fields":null,"og_video":"","og_custom_url":null,"og_article_section":null,"og_article_tags":[],"twitter_use_og":false,"twitter_card":"default","twitter_image_type":"default","twitter_image_url":null,"twitter_image_custom_url":null,"twitter_image_custom_fields":null,"twitter_title":null,"twitter_description":null,"schema":{"blockGraphs":[],"customGraphs":[],"default":{"data":{"Article":[],"Course":[],"Dataset":[],"FAQPage":[],"Movie":[],"Person":[],"Product":[],"ProductReview":[],"Car":[],"Recipe":[],"Service":[],"SoftwareApplication":[],"WebPage":[]},"graphName":"Article","isEnabled":true},"graphs":[]},"schema_type":"default","schema_type_options":null,"pillar_content":false,"robots_default":true,"robots_noindex":false,"robots_noarchive":false,"robots_nosnippet":false,"robots_nofollow":false,"robots_noimageindex":false,"robots_noodp":false,"robots_notranslate":false,"robots_max_snippet":"-1","robots_max_videopreview":"-1","robots_max_imagepreview":"large","priority":null,"frequency":"default","location":null,"local_seo":null,"seo_analyzer_scan_date":"2025-09-01 16:59:12","breadcrumb_settings":null,"limit_modified_date":false,"reviewed_by":null,"open_ai":null,"ai":null,"created":"2022-12-11 15:36:05","updated":"2025-09-01 16:59:12"},"aioseo_breadcrumb":"<div class=\"aioseo-breadcrumbs\"><span class=\"aioseo-breadcrumb\">\n\t<a href=\"https:\/\/candas365.es\/noticias\" title=\"Home\">Home<\/a>\n<\/span><span class=\"aioseo-breadcrumb-separator\">&ndash;<\/span><span class=\"aioseo-breadcrumb\">\n\t<a href=\"https:\/\/candas365.es\/noticias\/category\/deporte\/\" title=\"Deporte\">Deporte<\/a>\n<\/span><span class=\"aioseo-breadcrumb-separator\">&ndash;<\/span><span class=\"aioseo-breadcrumb\">\n\tSandor Mart\u00edn cae en un pol\u00e9mico combate en el Madison Square Garden\n<\/span><\/div>","aioseo_breadcrumb_json":[{"label":"Home","link":"https:\/\/candas365.es\/noticias"},{"label":"Deporte","link":"https:\/\/candas365.es\/noticias\/category\/deporte\/"},{"label":"Sandor Mart\u00edn cae en un pol\u00e9mico combate en el Madison Square Garden","link":"https:\/\/candas365.es\/noticias\/sandor-martin-cae-en-un-polemico-combate-en-el-madison-square-garden\/"}],"_links":{"self":[{"href":"https:\/\/candas365.es\/noticias\/wp-json\/wp\/v2\/posts\/170086","targetHints":{"allow":["GET"]}}],"collection":[{"href":"https:\/\/candas365.es\/noticias\/wp-json\/wp\/v2\/posts"}],"about":[{"href":"https:\/\/candas365.es\/noticias\/wp-json\/wp\/v2\/types\/post"}],"author":[{"embeddable":true,"href":"https:\/\/candas365.es\/noticias\/wp-json\/wp\/v2\/users\/1"}],"replies":[{"embeddable":true,"href":"https:\/\/candas365.es\/noticias\/wp-json\/wp\/v2\/comments?post=170086"}],"version-history":[{"count":0,"href":"https:\/\/candas365.es\/noticias\/wp-json\/wp\/v2\/posts\/170086\/revisions"}],"wp:featuredmedia":[{"embeddable":true,"href":"https:\/\/candas365.es\/noticias\/wp-json\/wp\/v2\/media\/170087"}],"wp:attachment":[{"href":"https:\/\/candas365.es\/noticias\/wp-json\/wp\/v2\/media?parent=170086"}],"wp:term":[{"taxonomy":"category","embeddable":true,"href":"https:\/\/candas365.es\/noticias\/wp-json\/wp\/v2\/categories?post=170086"},{"taxonomy":"post_tag","embeddable":true,"href":"https:\/\/candas365.es\/noticias\/wp-json\/wp\/v2\/tags?post=170086"}],"curies":[{"name":"wp","href":"https:\/\/api.w.org\/{rel}","templated":true}]}}