{"id":170051,"date":"2022-12-10T02:16:24","date_gmt":"2022-12-10T01:16:24","guid":{"rendered":"https:\/\/candas365.es\/noticias\/?p=170051"},"modified":"2022-12-10T02:16:24","modified_gmt":"2022-12-10T01:16:24","slug":"van-gaal-no-seguire-como-entrenador-de-la-seleccion-holandesa","status":"publish","type":"post","link":"https:\/\/candas365.es\/noticias\/van-gaal-no-seguire-como-entrenador-de-la-seleccion-holandesa\/","title":{"rendered":"Van Gaal: \u00abNo seguir\u00e9 como entrenador de la selecci\u00f3n holandesa\u00bb"},"content":{"rendered":"<p>(EP) &#8211; El seleccionador de Pa\u00edses Bajos, <strong>Louis van Gaal, lament\u00f3 la eliminaci\u00f3n en el<a href=\"https:\/\/candas365.es\/noticias\/catar-2022-mateu-lahoz-dirigira-el-paises-bajos-vs-argentina\/\"><span style=\"color: #ff6600;\"> Mundial de Catar 2022<\/span><\/a><\/strong>, de nuevo a manos de Argentina y en otra tanda de penaltis, pero se mostr\u00f3 orgulloso del trabajo y de los j\u00f3venes que sum\u00f3 a la &#8216;Oranje&#8217; antes de despedirse.<\/p>\n<p><strong>\u00abNo seguir\u00e9 como entrenador de la selecci\u00f3n holandesa. Estoy muy orgulloso. Traje a muchos jugadores j\u00f3venes para aprender. Formamos un grupo y cuando miro hacia atr\u00e1s, veo algo muy positivo\u00bb, dijo en rueda de prensa<\/strong> despu\u00e9s de la eliminaci\u00f3n, poniendo fin a su tercera etapa en la &#8216;Oranje&#8217; sin perder ni un partido desde que se hizo cargo de la selecci\u00f3n tras la pasada EURO.<\/p>\n<p><strong>Pa\u00edses Bajos termin\u00f3 su andadura en Catar en cuartos de final, a pesar de forzar la pr\u00f3rroga con una espectacular acci\u00f3n de pizarra en el minuto 101.<\/strong> El billete a semifinales se decidi\u00f3 en una tanda de penaltis para la que se hab\u00edan preparado, m\u00e1s despu\u00e9s de ser eliminados de Brasil 2014 desde los 11 metros y tambi\u00e9n por Argentina aunque en semifinales.<\/p>\n<p>\u00abLlevamos todo el a\u00f1o practicando penaltis y luego las cosas se tuercen. Les ped\u00ed a los jugadores que lanzaran penaltis en su club y todos lo hicieron. Luego fallas los dos primeros penaltis y ya no puedes ganar\u00bb, dijo a la televisi\u00f3n p\u00fablica neerlandesa NOS.<\/p>\n<p><strong>Van Gaal lament\u00f3 alguna acci\u00f3n pol\u00e9mica, como el penalti del 0-2 de Messi, pero no puso la actuaci\u00f3n del espa\u00f1ol Mateu Lahoz como excusa<\/strong>. \u00abEse penalti, tengo curiosidad por saber c\u00f3mo fue exactamente. De todos modos, al final no pierdes por culpa del \u00e1rbitro. De hecho, incluso logramos un muy buen empate\u00bb, termin\u00f3.<\/p>\n","protected":false},"excerpt":{"rendered":"<p>(EP) &#8211; El seleccionador de Pa\u00edses Bajos, Louis van Gaal, lament\u00f3 la eliminaci\u00f3n en el Mundial de Catar 2022, de nuevo a manos de Argentina y en otra tanda de penaltis, pero se mostr\u00f3 orgulloso del trabajo y de los j\u00f3venes que sum\u00f3 a la &#8216;Oranje&#8217; antes de despedirse. \u00abNo seguir\u00e9 como entrenador de la<\/p>\n","protected":false},"author":1,"featured_media":169984,"comment_status":"closed","ping_status":"closed","sticky":false,"template":"","format":"standard","meta":{"footnotes":""},"categories":[319],"tags":[513,389],"class_list":{"0":"post-170051","1":"post","2":"type-post","3":"status-publish","4":"format-standard","5":"has-post-thumbnail","7":"category-deporte","8":"tag-catar-2022","9":"tag-futbol"},"aioseo_notices":[],"aioseo_head":"\n\t\t<!-- All in One SEO Pro 4.9.6.2 - aioseo.com -->\n\t<meta name=\"description\" content=\"(EP) - El seleccionador de Pa\u00edses Bajos, Louis van Gaal, lament\u00f3 la eliminaci\u00f3n en el Mundial de Catar 2022, de nuevo a manos de Argentina y en otra tanda\" \/>\n\t<meta name=\"robots\" content=\"max-image-preview:large\" \/>\n\t<meta name=\"author\" content=\"Cand\u00e1s 365\"\/>\n\t<meta name=\"google-site-verification\" content=\"UA-32230408-1\" \/>\n\t<meta name=\"msvalidate.01\" content=\"354F3CDFB2DA171B47FBE9ABF1F88D5\" \/>\n\t<meta name=\"keywords\" content=\"deporte\" \/>\n\t<link rel=\"canonical\" href=\"https:\/\/candas365.es\/noticias\/van-gaal-no-seguire-como-entrenador-de-la-seleccion-holandesa\/\" \/>\n\t<meta name=\"generator\" content=\"All in One SEO Pro (AIOSEO) 4.9.6.2\" \/>\n\t\t<meta property=\"og:locale\" content=\"es_ES\" \/>\n\t\t<meta property=\"og:site_name\" content=\"Cand\u00e1s 365\" \/>\n\t\t<meta property=\"og:type\" content=\"article\" \/>\n\t\t<meta property=\"og:title\" content=\"Van Gaal: \u00abNo seguir\u00e9 como entrenador de la selecci\u00f3n holandesa\u00bb | Cand\u00e1s 365\" \/>\n\t\t<meta property=\"og:description\" content=\"(EP) - El seleccionador de Pa\u00edses Bajos, Louis van Gaal, lament\u00f3 la eliminaci\u00f3n en el Mundial de Catar 2022, de nuevo a manos de Argentina y en otra tanda\" \/>\n\t\t<meta property=\"og:url\" content=\"https:\/\/candas365.es\/noticias\/van-gaal-no-seguire-como-entrenador-de-la-seleccion-holandesa\/\" \/>\n\t\t<meta property=\"og:image\" content=\"https:\/\/candas365.es\/noticias\/wp-content\/uploads\/2022\/12\/Mundial.jpg\" \/>\n\t\t<meta property=\"og:image:secure_url\" content=\"https:\/\/candas365.es\/noticias\/wp-content\/uploads\/2022\/12\/Mundial.jpg\" \/>\n\t\t<meta property=\"og:image:width\" content=\"640\" \/>\n\t\t<meta property=\"og:image:height\" content=\"425\" \/>\n\t\t<meta property=\"article:published_time\" content=\"2022-12-10T01:16:24+00:00\" \/>\n\t\t<meta property=\"article:modified_time\" content=\"2022-12-10T01:16:24+00:00\" \/>\n\t\t<meta property=\"article:publisher\" content=\"https:\/\/www.facebook.com\/Nachofdezber\" \/>\n\t\t<meta property=\"article:author\" content=\"https:\/\/www.facebook.com\/carrenoactualidad\" \/>\n\t\t<meta name=\"twitter:card\" content=\"summary_large_image\" \/>\n\t\t<meta name=\"twitter:site\" content=\"@NabercoDigital\" \/>\n\t\t<meta name=\"twitter:title\" content=\"Van Gaal: \u00abNo seguir\u00e9 como entrenador de la selecci\u00f3n holandesa\u00bb | Cand\u00e1s 365\" \/>\n\t\t<meta name=\"twitter:description\" content=\"(EP) - El seleccionador de Pa\u00edses Bajos, Louis van Gaal, lament\u00f3 la eliminaci\u00f3n en el Mundial de Catar 2022, de nuevo a manos de Argentina y en otra tanda\" \/>\n\t\t<meta name=\"twitter:creator\" content=\"@nbasturias\" \/>\n\t\t<meta name=\"twitter:image\" content=\"https:\/\/candas365.es\/noticias\/wp-content\/uploads\/2022\/12\/Mundial.jpg\" \/>\n\t\t<meta name=\"twitter:label1\" content=\"Escrito por\" \/>\n\t\t<meta name=\"twitter:data1\" content=\"Cand\u00e1s 365\" \/>\n\t\t<meta name=\"twitter:label2\" content=\"Tiempo de lectura estimado\" \/>\n\t\t<meta name=\"twitter:data2\" content=\"1 minuto\" \/>\n\t\t<script type=\"application\/ld+json\" class=\"aioseo-schema\">\n\t\t\t{\"@context\":\"https:\\\/\\\/schema.org\",\"@graph\":[{\"@type\":\"BreadcrumbList\",\"@id\":\"https:\\\/\\\/candas365.es\\\/noticias\\\/van-gaal-no-seguire-como-entrenador-de-la-seleccion-holandesa\\\/#breadcrumblist\",\"itemListElement\":[{\"@type\":\"ListItem\",\"@id\":\"https:\\\/\\\/candas365.es\\\/noticias#listItem\",\"position\":1,\"name\":\"Home\",\"item\":\"https:\\\/\\\/candas365.es\\\/noticias\",\"nextItem\":{\"@type\":\"ListItem\",\"@id\":\"https:\\\/\\\/candas365.es\\\/noticias\\\/category\\\/deporte\\\/#listItem\",\"name\":\"Deporte\"}},{\"@type\":\"ListItem\",\"@id\":\"https:\\\/\\\/candas365.es\\\/noticias\\\/category\\\/deporte\\\/#listItem\",\"position\":2,\"name\":\"Deporte\",\"item\":\"https:\\\/\\\/candas365.es\\\/noticias\\\/category\\\/deporte\\\/\",\"nextItem\":{\"@type\":\"ListItem\",\"@id\":\"https:\\\/\\\/candas365.es\\\/noticias\\\/van-gaal-no-seguire-como-entrenador-de-la-seleccion-holandesa\\\/#listItem\",\"name\":\"Van Gaal: \\u00abNo seguir\\u00e9 como entrenador de la selecci\\u00f3n holandesa\\u00bb\"},\"previousItem\":{\"@type\":\"ListItem\",\"@id\":\"https:\\\/\\\/candas365.es\\\/noticias#listItem\",\"name\":\"Home\"}},{\"@type\":\"ListItem\",\"@id\":\"https:\\\/\\\/candas365.es\\\/noticias\\\/van-gaal-no-seguire-como-entrenador-de-la-seleccion-holandesa\\\/#listItem\",\"position\":3,\"name\":\"Van Gaal: \\u00abNo seguir\\u00e9 como entrenador de la selecci\\u00f3n holandesa\\u00bb\",\"previousItem\":{\"@type\":\"ListItem\",\"@id\":\"https:\\\/\\\/candas365.es\\\/noticias\\\/category\\\/deporte\\\/#listItem\",\"name\":\"Deporte\"}}]},{\"@type\":\"NewsArticle\",\"@id\":\"https:\\\/\\\/candas365.es\\\/noticias\\\/van-gaal-no-seguire-como-entrenador-de-la-seleccion-holandesa\\\/#newsarticle\",\"name\":\"Van Gaal: \\u00abNo seguir\\u00e9 como entrenador de la selecci\\u00f3n holandesa\\u00bb | Cand\\u00e1s 365\",\"headline\":\"Van Gaal: \\u00abNo seguir\\u00e9 como entrenador de la selecci\\u00f3n holandesa\\u00bb\",\"author\":{\"@id\":\"https:\\\/\\\/candas365.es\\\/noticias\\\/author\\\/admin\\\/#author\"},\"publisher\":{\"@id\":\"https:\\\/\\\/candas365.es\\\/noticias\\\/#organization\"},\"image\":{\"@type\":\"ImageObject\",\"url\":\"https:\\\/\\\/candas365.es\\\/noticias\\\/wp-content\\\/uploads\\\/2022\\\/12\\\/Mundial.jpg\",\"width\":640,\"height\":425,\"caption\":\"Mundial\"},\"datePublished\":\"2022-12-10T02:16:24+01:00\",\"dateModified\":\"2022-12-10T02:16:24+01:00\",\"inLanguage\":\"es-ES\",\"mainEntityOfPage\":{\"@id\":\"https:\\\/\\\/candas365.es\\\/noticias\\\/van-gaal-no-seguire-como-entrenador-de-la-seleccion-holandesa\\\/#webpage\"},\"isPartOf\":{\"@id\":\"https:\\\/\\\/candas365.es\\\/noticias\\\/van-gaal-no-seguire-como-entrenador-de-la-seleccion-holandesa\\\/#webpage\"},\"articleSection\":\"Deporte, Catar 2022, f\\u00fatbol\",\"dateline\":\"Publicado el diciembre 10, 2022.\"},{\"@type\":\"Organization\",\"@id\":\"https:\\\/\\\/candas365.es\\\/noticias\\\/#organization\",\"name\":\"Cand\\u00e1s 365\",\"description\":\"Cand\\u00e1s 365 es un diario digital independiente, fundado en 2012, con base en Asturias. Informamos con rigor sobre actualidad, sociedad, cultura y ocio, con una mirada local y global.\",\"url\":\"https:\\\/\\\/candas365.es\\\/noticias\\\/\",\"email\":\"info@candas365.es\",\"telephone\":\"+34652131393\",\"foundingDate\":\"2012-06-10\",\"logo\":{\"@type\":\"ImageObject\",\"url\":\"https:\\\/\\\/candas365.es\\\/noticias\\\/wp-content\\\/uploads\\\/2024\\\/09\\\/Candas-365-Redes.jpg\",\"@id\":\"https:\\\/\\\/candas365.es\\\/noticias\\\/van-gaal-no-seguire-como-entrenador-de-la-seleccion-holandesa\\\/#organizationLogo\",\"width\":1152,\"height\":864,\"caption\":\"Cand\\u00e1s 365 Redes\"},\"image\":{\"@id\":\"https:\\\/\\\/candas365.es\\\/noticias\\\/van-gaal-no-seguire-como-entrenador-de-la-seleccion-holandesa\\\/#organizationLogo\"},\"sameAs\":[\"https:\\\/\\\/www.facebook.com\\\/Nachofdezber\",\"https:\\\/\\\/x.com\\\/NabercoDigital\",\"https:\\\/\\\/www.instagram.com\\\/nachofdezber\\\/\",\"https:\\\/\\\/www.youtube.com\\\/channel\\\/UCZP-2wLEB9Rv6erhFmqVnvg\"],\"address\":{\"@id\":\"https:\\\/\\\/candas365.es\\\/noticias\\\/#postaladdress\",\"@type\":\"PostalAddress\",\"streetAddress\":\"san antonio 4, san antonio 4\",\"postalCode\":\"33430\",\"addressLocality\":\"Cand\\u00e1s\",\"addressRegion\":\"Asturias\",\"addressCountry\":\"ES\"}},{\"@type\":\"Person\",\"@id\":\"https:\\\/\\\/candas365.es\\\/noticias\\\/author\\\/admin\\\/#author\",\"url\":\"https:\\\/\\\/candas365.es\\\/noticias\\\/author\\\/admin\\\/\",\"name\":\"Cand\\u00e1s 365\",\"image\":{\"@type\":\"ImageObject\",\"@id\":\"https:\\\/\\\/candas365.es\\\/noticias\\\/van-gaal-no-seguire-como-entrenador-de-la-seleccion-holandesa\\\/#authorImage\",\"url\":\"https:\\\/\\\/secure.gravatar.com\\\/avatar\\\/496a8e03d0c493ede1718b7934145dbdf8d89be1036b0eec9544e1094c9de390?s=96&d=mm&r=g\",\"width\":96,\"height\":96,\"caption\":\"Cand\\u00e1s 365\"},\"sameAs\":[\"https:\\\/\\\/www.facebook.com\\\/carrenoactualidad\",\"https:\\\/\\\/twitter.com\\\/nbasturias\",\"https:\\\/\\\/www.instagram.com\\\/nachofdezber\\\/\",\"https:\\\/\\\/www.youtube.com\\\/channel\\\/UCZP-2wLEB9Rv6erhFmqVnvg\"]},{\"@type\":\"WebPage\",\"@id\":\"https:\\\/\\\/candas365.es\\\/noticias\\\/van-gaal-no-seguire-como-entrenador-de-la-seleccion-holandesa\\\/#webpage\",\"url\":\"https:\\\/\\\/candas365.es\\\/noticias\\\/van-gaal-no-seguire-como-entrenador-de-la-seleccion-holandesa\\\/\",\"name\":\"Van Gaal: \\u00abNo seguir\\u00e9 como entrenador de la selecci\\u00f3n holandesa\\u00bb | Cand\\u00e1s 365\",\"description\":\"(EP) - El seleccionador de Pa\\u00edses Bajos, Louis van Gaal, lament\\u00f3 la eliminaci\\u00f3n en el Mundial de Catar 2022, de nuevo a manos de Argentina y en otra tanda\",\"inLanguage\":\"es-ES\",\"isPartOf\":{\"@id\":\"https:\\\/\\\/candas365.es\\\/noticias\\\/#website\"},\"breadcrumb\":{\"@id\":\"https:\\\/\\\/candas365.es\\\/noticias\\\/van-gaal-no-seguire-como-entrenador-de-la-seleccion-holandesa\\\/#breadcrumblist\"},\"author\":{\"@id\":\"https:\\\/\\\/candas365.es\\\/noticias\\\/author\\\/admin\\\/#author\"},\"creator\":{\"@id\":\"https:\\\/\\\/candas365.es\\\/noticias\\\/author\\\/admin\\\/#author\"},\"image\":{\"@type\":\"ImageObject\",\"url\":\"https:\\\/\\\/candas365.es\\\/noticias\\\/wp-content\\\/uploads\\\/2022\\\/12\\\/Mundial.jpg\",\"@id\":\"https:\\\/\\\/candas365.es\\\/noticias\\\/van-gaal-no-seguire-como-entrenador-de-la-seleccion-holandesa\\\/#mainImage\",\"width\":640,\"height\":425,\"caption\":\"Mundial\"},\"primaryImageOfPage\":{\"@id\":\"https:\\\/\\\/candas365.es\\\/noticias\\\/van-gaal-no-seguire-como-entrenador-de-la-seleccion-holandesa\\\/#mainImage\"},\"datePublished\":\"2022-12-10T02:16:24+01:00\",\"dateModified\":\"2022-12-10T02:16:24+01:00\"},{\"@type\":\"WebSite\",\"@id\":\"https:\\\/\\\/candas365.es\\\/noticias\\\/#website\",\"url\":\"https:\\\/\\\/candas365.es\\\/noticias\\\/\",\"name\":\"Cand\\u00e1s 365\",\"alternateName\":\"Cand\\u00e1s 365 Noticias\",\"description\":\"Actualidad desde Carre\\u00f1o para el mundo\",\"inLanguage\":\"es-ES\",\"publisher\":{\"@id\":\"https:\\\/\\\/candas365.es\\\/noticias\\\/#organization\"}}]}\n\t\t<\/script>\n\t\t<!-- All in One SEO Pro -->\r\n\t\t<title>Van Gaal: \u00abNo seguir\u00e9 como entrenador de la selecci\u00f3n holandesa\u00bb | Cand\u00e1s 365<\/title>\n\n","aioseo_head_json":{"title":"Van Gaal: \u00abNo seguir\u00e9 como entrenador de la selecci\u00f3n holandesa\u00bb | Cand\u00e1s 365","description":"(EP) - El seleccionador de Pa\u00edses Bajos, Louis van Gaal, lament\u00f3 la eliminaci\u00f3n en el Mundial de Catar 2022, de nuevo a manos de Argentina y en otra tanda","canonical_url":"https:\/\/candas365.es\/noticias\/van-gaal-no-seguire-como-entrenador-de-la-seleccion-holandesa\/","robots":"max-image-preview:large","keywords":"deporte","webmasterTools":{"google-site-verification":"UA-32230408-1","msvalidate.01":"354F3CDFB2DA171B47FBE9ABF1F88D5","miscellaneous":""},"schema":{"@context":"https:\/\/schema.org","@graph":[{"@type":"BreadcrumbList","@id":"https:\/\/candas365.es\/noticias\/van-gaal-no-seguire-como-entrenador-de-la-seleccion-holandesa\/#breadcrumblist","itemListElement":[{"@type":"ListItem","@id":"https:\/\/candas365.es\/noticias#listItem","position":1,"name":"Home","item":"https:\/\/candas365.es\/noticias","nextItem":{"@type":"ListItem","@id":"https:\/\/candas365.es\/noticias\/category\/deporte\/#listItem","name":"Deporte"}},{"@type":"ListItem","@id":"https:\/\/candas365.es\/noticias\/category\/deporte\/#listItem","position":2,"name":"Deporte","item":"https:\/\/candas365.es\/noticias\/category\/deporte\/","nextItem":{"@type":"ListItem","@id":"https:\/\/candas365.es\/noticias\/van-gaal-no-seguire-como-entrenador-de-la-seleccion-holandesa\/#listItem","name":"Van Gaal: \u00abNo seguir\u00e9 como entrenador de la selecci\u00f3n holandesa\u00bb"},"previousItem":{"@type":"ListItem","@id":"https:\/\/candas365.es\/noticias#listItem","name":"Home"}},{"@type":"ListItem","@id":"https:\/\/candas365.es\/noticias\/van-gaal-no-seguire-como-entrenador-de-la-seleccion-holandesa\/#listItem","position":3,"name":"Van Gaal: \u00abNo seguir\u00e9 como entrenador de la selecci\u00f3n holandesa\u00bb","previousItem":{"@type":"ListItem","@id":"https:\/\/candas365.es\/noticias\/category\/deporte\/#listItem","name":"Deporte"}}]},{"@type":"NewsArticle","@id":"https:\/\/candas365.es\/noticias\/van-gaal-no-seguire-como-entrenador-de-la-seleccion-holandesa\/#newsarticle","name":"Van Gaal: \u00abNo seguir\u00e9 como entrenador de la selecci\u00f3n holandesa\u00bb | Cand\u00e1s 365","headline":"Van Gaal: \u00abNo seguir\u00e9 como entrenador de la selecci\u00f3n holandesa\u00bb","author":{"@id":"https:\/\/candas365.es\/noticias\/author\/admin\/#author"},"publisher":{"@id":"https:\/\/candas365.es\/noticias\/#organization"},"image":{"@type":"ImageObject","url":"https:\/\/candas365.es\/noticias\/wp-content\/uploads\/2022\/12\/Mundial.jpg","width":640,"height":425,"caption":"Mundial"},"datePublished":"2022-12-10T02:16:24+01:00","dateModified":"2022-12-10T02:16:24+01:00","inLanguage":"es-ES","mainEntityOfPage":{"@id":"https:\/\/candas365.es\/noticias\/van-gaal-no-seguire-como-entrenador-de-la-seleccion-holandesa\/#webpage"},"isPartOf":{"@id":"https:\/\/candas365.es\/noticias\/van-gaal-no-seguire-como-entrenador-de-la-seleccion-holandesa\/#webpage"},"articleSection":"Deporte, Catar 2022, f\u00fatbol","dateline":"Publicado el diciembre 10, 2022."},{"@type":"Organization","@id":"https:\/\/candas365.es\/noticias\/#organization","name":"Cand\u00e1s 365","description":"Cand\u00e1s 365 es un diario digital independiente, fundado en 2012, con base en Asturias. Informamos con rigor sobre actualidad, sociedad, cultura y ocio, con una mirada local y global.","url":"https:\/\/candas365.es\/noticias\/","email":"info@candas365.es","telephone":"+34652131393","foundingDate":"2012-06-10","logo":{"@type":"ImageObject","url":"https:\/\/candas365.es\/noticias\/wp-content\/uploads\/2024\/09\/Candas-365-Redes.jpg","@id":"https:\/\/candas365.es\/noticias\/van-gaal-no-seguire-como-entrenador-de-la-seleccion-holandesa\/#organizationLogo","width":1152,"height":864,"caption":"Cand\u00e1s 365 Redes"},"image":{"@id":"https:\/\/candas365.es\/noticias\/van-gaal-no-seguire-como-entrenador-de-la-seleccion-holandesa\/#organizationLogo"},"sameAs":["https:\/\/www.facebook.com\/Nachofdezber","https:\/\/x.com\/NabercoDigital","https:\/\/www.instagram.com\/nachofdezber\/","https:\/\/www.youtube.com\/channel\/UCZP-2wLEB9Rv6erhFmqVnvg"],"address":{"@id":"https:\/\/candas365.es\/noticias\/#postaladdress","@type":"PostalAddress","streetAddress":"san antonio 4, san antonio 4","postalCode":"33430","addressLocality":"Cand\u00e1s","addressRegion":"Asturias","addressCountry":"ES"}},{"@type":"Person","@id":"https:\/\/candas365.es\/noticias\/author\/admin\/#author","url":"https:\/\/candas365.es\/noticias\/author\/admin\/","name":"Cand\u00e1s 365","image":{"@type":"ImageObject","@id":"https:\/\/candas365.es\/noticias\/van-gaal-no-seguire-como-entrenador-de-la-seleccion-holandesa\/#authorImage","url":"https:\/\/secure.gravatar.com\/avatar\/496a8e03d0c493ede1718b7934145dbdf8d89be1036b0eec9544e1094c9de390?s=96&d=mm&r=g","width":96,"height":96,"caption":"Cand\u00e1s 365"},"sameAs":["https:\/\/www.facebook.com\/carrenoactualidad","https:\/\/twitter.com\/nbasturias","https:\/\/www.instagram.com\/nachofdezber\/","https:\/\/www.youtube.com\/channel\/UCZP-2wLEB9Rv6erhFmqVnvg"]},{"@type":"WebPage","@id":"https:\/\/candas365.es\/noticias\/van-gaal-no-seguire-como-entrenador-de-la-seleccion-holandesa\/#webpage","url":"https:\/\/candas365.es\/noticias\/van-gaal-no-seguire-como-entrenador-de-la-seleccion-holandesa\/","name":"Van Gaal: \u00abNo seguir\u00e9 como entrenador de la selecci\u00f3n holandesa\u00bb | Cand\u00e1s 365","description":"(EP) - El seleccionador de Pa\u00edses Bajos, Louis van Gaal, lament\u00f3 la eliminaci\u00f3n en el Mundial de Catar 2022, de nuevo a manos de Argentina y en otra tanda","inLanguage":"es-ES","isPartOf":{"@id":"https:\/\/candas365.es\/noticias\/#website"},"breadcrumb":{"@id":"https:\/\/candas365.es\/noticias\/van-gaal-no-seguire-como-entrenador-de-la-seleccion-holandesa\/#breadcrumblist"},"author":{"@id":"https:\/\/candas365.es\/noticias\/author\/admin\/#author"},"creator":{"@id":"https:\/\/candas365.es\/noticias\/author\/admin\/#author"},"image":{"@type":"ImageObject","url":"https:\/\/candas365.es\/noticias\/wp-content\/uploads\/2022\/12\/Mundial.jpg","@id":"https:\/\/candas365.es\/noticias\/van-gaal-no-seguire-como-entrenador-de-la-seleccion-holandesa\/#mainImage","width":640,"height":425,"caption":"Mundial"},"primaryImageOfPage":{"@id":"https:\/\/candas365.es\/noticias\/van-gaal-no-seguire-como-entrenador-de-la-seleccion-holandesa\/#mainImage"},"datePublished":"2022-12-10T02:16:24+01:00","dateModified":"2022-12-10T02:16:24+01:00"},{"@type":"WebSite","@id":"https:\/\/candas365.es\/noticias\/#website","url":"https:\/\/candas365.es\/noticias\/","name":"Cand\u00e1s 365","alternateName":"Cand\u00e1s 365 Noticias","description":"Actualidad desde Carre\u00f1o para el mundo","inLanguage":"es-ES","publisher":{"@id":"https:\/\/candas365.es\/noticias\/#organization"}}]},"og:locale":"es_ES","og:site_name":"Cand\u00e1s 365","og:type":"article","og:title":"Van Gaal: \u00abNo seguir\u00e9 como entrenador de la selecci\u00f3n holandesa\u00bb | Cand\u00e1s 365","og:description":"(EP) - El seleccionador de Pa\u00edses Bajos, Louis van Gaal, lament\u00f3 la eliminaci\u00f3n en el Mundial de Catar 2022, de nuevo a manos de Argentina y en otra tanda","og:url":"https:\/\/candas365.es\/noticias\/van-gaal-no-seguire-como-entrenador-de-la-seleccion-holandesa\/","og:image":"https:\/\/candas365.es\/noticias\/wp-content\/uploads\/2022\/12\/Mundial.jpg","og:image:secure_url":"https:\/\/candas365.es\/noticias\/wp-content\/uploads\/2022\/12\/Mundial.jpg","og:image:width":640,"og:image:height":425,"article:published_time":"2022-12-10T01:16:24+00:00","article:modified_time":"2022-12-10T01:16:24+00:00","article:publisher":"https:\/\/www.facebook.com\/Nachofdezber","article:author":"https:\/\/www.facebook.com\/carrenoactualidad","twitter:card":"summary_large_image","twitter:site":"@NabercoDigital","twitter:title":"Van Gaal: \u00abNo seguir\u00e9 como entrenador de la selecci\u00f3n holandesa\u00bb | Cand\u00e1s 365","twitter:description":"(EP) - El seleccionador de Pa\u00edses Bajos, Louis van Gaal, lament\u00f3 la eliminaci\u00f3n en el Mundial de Catar 2022, de nuevo a manos de Argentina y en otra tanda","twitter:creator":"@nbasturias","twitter:image":"https:\/\/candas365.es\/noticias\/wp-content\/uploads\/2022\/12\/Mundial.jpg","twitter:label1":"Escrito por","twitter:data1":"Cand\u00e1s 365","twitter:label2":"Tiempo de lectura estimado","twitter:data2":"1 minuto"},"aioseo_meta_data":{"post_id":"170051","title":null,"description":"(EP) - El seleccionador de Pa\u00edses Bajos, Louis van Gaal, lament\u00f3 la eliminaci\u00f3n en el Mundial de Catar 2022, de nuevo a manos de Argentina y en otra tanda","keywords":[],"keyphrases":{"focus":{"keyphrase":" Mundial","score":76,"analysis":{"keyphraseInTitle":{"score":3,"maxScore":9,"error":1},"keyphraseInDescription":{"score":9,"maxScore":9,"error":0},"keyphraseLength":{"score":9,"maxScore":9,"error":0,"length":1},"keyphraseInURL":{"score":1,"maxScore":5,"error":1},"keyphraseInIntroduction":{"score":9,"maxScore":9,"error":0},"keyphraseInSubHeadings":[],"keyphraseInImageAlt":[]}},"additional":[{"keyphrase":"Louis van Gaal","score":100,"analysis":{"keyphraseInDescription":{"score":9,"maxScore":9,"error":0},"keyphraseLength":{"score":9,"maxScore":9,"error":0,"length":3},"keyphraseInIntroduction":{"score":9,"maxScore":9,"error":0},"keyphraseInImageAlt":[]}},{"keyphrase":"Mundial de Catar 2022","score":100,"analysis":{"keyphraseInDescription":{"score":9,"maxScore":9,"error":0},"keyphraseLength":{"score":9,"maxScore":9,"error":0,"length":3},"keyphraseInIntroduction":{"score":9,"maxScore":9,"error":0},"keyphraseInImageAlt":[]}}]},"primary_term":null,"canonical_url":null,"og_title":null,"og_description":null,"og_object_type":"default","og_image_type":"default","og_image_url":null,"og_image_width":null,"og_image_height":null,"og_image_custom_url":null,"og_image_custom_fields":null,"og_video":"","og_custom_url":null,"og_article_section":null,"og_article_tags":[],"twitter_use_og":false,"twitter_card":"default","twitter_image_type":"default","twitter_image_url":null,"twitter_image_custom_url":null,"twitter_image_custom_fields":null,"twitter_title":null,"twitter_description":null,"schema":{"blockGraphs":[],"customGraphs":[],"default":{"data":{"Article":[],"Course":[],"Dataset":[],"FAQPage":[],"Movie":[],"Person":[],"Product":[],"ProductReview":[],"Car":[],"Recipe":[],"Service":[],"SoftwareApplication":[],"WebPage":[]},"graphName":"Article","isEnabled":true},"graphs":[]},"schema_type":"default","schema_type_options":null,"pillar_content":false,"robots_default":true,"robots_noindex":false,"robots_noarchive":false,"robots_nosnippet":false,"robots_nofollow":false,"robots_noimageindex":false,"robots_noodp":false,"robots_notranslate":false,"robots_max_snippet":"-1","robots_max_videopreview":"-1","robots_max_imagepreview":"large","priority":null,"frequency":"default","location":null,"local_seo":null,"seo_analyzer_scan_date":"2025-09-01 16:57:13","breadcrumb_settings":null,"limit_modified_date":false,"reviewed_by":null,"open_ai":null,"ai":null,"created":"2022-12-10 01:12:40","updated":"2025-09-01 16:57:13"},"aioseo_breadcrumb":"<div class=\"aioseo-breadcrumbs\"><span class=\"aioseo-breadcrumb\">\n\t<a href=\"https:\/\/candas365.es\/noticias\" title=\"Home\">Home<\/a>\n<\/span><span class=\"aioseo-breadcrumb-separator\">&ndash;<\/span><span class=\"aioseo-breadcrumb\">\n\t<a href=\"https:\/\/candas365.es\/noticias\/category\/deporte\/\" title=\"Deporte\">Deporte<\/a>\n<\/span><span class=\"aioseo-breadcrumb-separator\">&ndash;<\/span><span class=\"aioseo-breadcrumb\">\n\tVan Gaal: \u00abNo seguir\u00e9 como entrenador de la selecci\u00f3n holandesa\u00bb\n<\/span><\/div>","aioseo_breadcrumb_json":[{"label":"Home","link":"https:\/\/candas365.es\/noticias"},{"label":"Deporte","link":"https:\/\/candas365.es\/noticias\/category\/deporte\/"},{"label":"Van Gaal: \u00abNo seguir\u00e9 como entrenador de la selecci\u00f3n holandesa\u00bb","link":"https:\/\/candas365.es\/noticias\/van-gaal-no-seguire-como-entrenador-de-la-seleccion-holandesa\/"}],"_links":{"self":[{"href":"https:\/\/candas365.es\/noticias\/wp-json\/wp\/v2\/posts\/170051","targetHints":{"allow":["GET"]}}],"collection":[{"href":"https:\/\/candas365.es\/noticias\/wp-json\/wp\/v2\/posts"}],"about":[{"href":"https:\/\/candas365.es\/noticias\/wp-json\/wp\/v2\/types\/post"}],"author":[{"embeddable":true,"href":"https:\/\/candas365.es\/noticias\/wp-json\/wp\/v2\/users\/1"}],"replies":[{"embeddable":true,"href":"https:\/\/candas365.es\/noticias\/wp-json\/wp\/v2\/comments?post=170051"}],"version-history":[{"count":0,"href":"https:\/\/candas365.es\/noticias\/wp-json\/wp\/v2\/posts\/170051\/revisions"}],"wp:featuredmedia":[{"embeddable":true,"href":"https:\/\/candas365.es\/noticias\/wp-json\/wp\/v2\/media\/169984"}],"wp:attachment":[{"href":"https:\/\/candas365.es\/noticias\/wp-json\/wp\/v2\/media?parent=170051"}],"wp:term":[{"taxonomy":"category","embeddable":true,"href":"https:\/\/candas365.es\/noticias\/wp-json\/wp\/v2\/categories?post=170051"},{"taxonomy":"post_tag","embeddable":true,"href":"https:\/\/candas365.es\/noticias\/wp-json\/wp\/v2\/tags?post=170051"}],"curies":[{"name":"wp","href":"https:\/\/api.w.org\/{rel}","templated":true}]}}