{"id":169928,"date":"2022-12-07T06:56:06","date_gmt":"2022-12-07T05:56:06","guid":{"rendered":"https:\/\/candas365.es\/noticias\/?p=169928"},"modified":"2022-12-07T06:56:06","modified_gmt":"2022-12-07T05:56:06","slug":"que-hacer-cuando-el-ambiente-laboral-es-toxico","status":"publish","type":"post","link":"https:\/\/candas365.es\/noticias\/que-hacer-cuando-el-ambiente-laboral-es-toxico\/","title":{"rendered":"\u00bfQu\u00e9 hacer cuando el ambiente laboral es t\u00f3xico?"},"content":{"rendered":"<p>(dpa) &#8211; \u00daltimamente, <strong>se habla de \u00abt\u00f3xico\u00bb en relaci\u00f3n con muchas cosas<\/strong>, tambi\u00e9n acerca de los <a href=\"https:\/\/candas365.es\/noticias\/category\/canal-empresas\/\"><span style=\"color: #ff6600;\"><strong>ambientes de trabajo<\/strong><\/span><\/a>. Los expertos afirman que malas condiciones laborales pueden generar un clima envenenado o t\u00f3xico, lo cual puede tener consecuencias para la salud f\u00edsica y ps\u00edquica de las personas.<\/p>\n<figure id=\"attachment_169929\" aria-describedby=\"caption-attachment-169929\" style=\"width: 650px\" class=\"wp-caption aligncenter\"><img fetchpriority=\"high\" decoding=\"async\" class=\"wp-image-169929 size-large\" src=\"https:\/\/candas365.es\/noticias\/wp-content\/uploads\/2022\/12\/toxico-650x437.jpg\" alt=\"t\u00f3xico\" width=\"650\" height=\"437\" srcset=\"https:\/\/candas365.es\/noticias\/wp-content\/uploads\/2022\/12\/toxico-650x437.jpg 650w, https:\/\/candas365.es\/noticias\/wp-content\/uploads\/2022\/12\/toxico-360x242.jpg 360w, https:\/\/candas365.es\/noticias\/wp-content\/uploads\/2022\/12\/toxico-768x516.jpg 768w, https:\/\/candas365.es\/noticias\/wp-content\/uploads\/2022\/12\/toxico-150x101.jpg 150w, https:\/\/candas365.es\/noticias\/wp-content\/uploads\/2022\/12\/toxico-450x302.jpg 450w, https:\/\/candas365.es\/noticias\/wp-content\/uploads\/2022\/12\/toxico.jpg 991w\" sizes=\"(max-width: 650px) 100vw, 650px\" \/><figcaption id=\"caption-attachment-169929\" class=\"wp-caption-text\">Si la presi\u00f3n emocional en el trabajo es muy alta, los empleados r\u00e1pidamente sufren el mal ambiente laboral. Foto: Christin Klose\/dpa<\/figcaption><\/figure>\n<p>Pero, \u00bfc\u00f3mo reconocer las estructuras t\u00f3xicas? <strong>Annina Hering, doctora en Ciencias Sociales y experta en mercado laboral del portal de empleo Indeed, aconseja a los trabajadores que presten atenci\u00f3n a ciertas se\u00f1ales de alarma<\/strong>. Una de ellas es la sobrecarga cr\u00f3nica en el equipo de trabajo debido a que el empleador hace sistem\u00e1ticamente planes con muy pocos trabajadores.<\/p>\n<p>Otra se\u00f1al es una<strong> presi\u00f3n emocional alta debido a amenazas abiertas y sanciones<\/strong>, as\u00ed como a jerarqu\u00edas y controles muy marcados. Otras cosas que suelen estar ausentes en los ambientes de trabajo t\u00f3xicos son la valoraci\u00f3n y la sensaci\u00f3n de seguridad.<\/p>\n<h2>Emprender acciones y encontrar aliados<\/h2>\n<p>\u00bfQu\u00e9 hacer cuando todo esto suena demasiado familiar? \u00abSi llevo a casa muy seguido la insatisfacci\u00f3n que siento en el trabajo, es hora de hacer algo\u00bb, se\u00f1ala Hering.<\/p>\n<p>En su opini\u00f3n, <strong>es importante <a href=\"https:\/\/www.eldigitaldeasturias.com\/noticias\/category\/sociedad\/\" target=\"_blank\" rel=\"noopener\"><span style=\"color: #ff6600;\">identificar la \u00abfuente t\u00f3xica\u00bb<\/span><\/a> y evaluar si se trata de un problema estructural o del comportamiento de un individuo en particular<\/strong>. Hering aconseja por eso buscar aliados y tratar de impulsar cambios juntos.<\/p>\n<p>\u00abAl mismo tiempo, uno deber\u00eda ser asimismo realista\u00bb, dice la economista. Seg\u00fan explica, es m\u00e1s f\u00e1cil hacer algo contra el comportamiento problem\u00e1tico de una sola persona que cambiar estructuras t\u00f3xicas. <strong>Y a\u00f1ade que no todos tienen la \u00abfuerza interior y de resistencia necesarias para luchar contra los cambios estructurales\u00bb<\/strong>. Seg\u00fan explica, a veces no queda m\u00e1s alternativa que cambiar de trabajo.<\/p>\n","protected":false},"excerpt":{"rendered":"<p>(dpa) &#8211; \u00daltimamente, se habla de \u00abt\u00f3xico\u00bb en relaci\u00f3n con muchas cosas, tambi\u00e9n acerca de los ambientes de trabajo. Los expertos afirman que malas condiciones laborales pueden generar un clima envenenado o t\u00f3xico, lo cual puede tener consecuencias para la salud f\u00edsica y ps\u00edquica de las personas. Pero, \u00bfc\u00f3mo reconocer las estructuras t\u00f3xicas? Annina Hering,<\/p>\n","protected":false},"author":1,"featured_media":169929,"comment_status":"closed","ping_status":"closed","sticky":false,"template":"","format":"standard","meta":{"footnotes":""},"categories":[143],"tags":[382,383,408],"class_list":{"0":"post-169928","1":"post","2":"type-post","3":"status-publish","4":"format-standard","5":"has-post-thumbnail","7":"category-sociedad","8":"tag-empleo","9":"tag-empresas","10":"tag-sociedad"},"aioseo_notices":[],"aioseo_head":"\n\t\t<!-- All in One SEO Pro 4.9.6.2 - aioseo.com -->\n\t<meta name=\"description\" content=\"(dpa) - \u00daltimamente, se habla de &quot;t\u00f3xico&quot; en relaci\u00f3n con muchas cosas, tambi\u00e9n acerca de los ambientes de trabajo. Los expertos afirman que malas\" \/>\n\t<meta name=\"robots\" content=\"max-image-preview:large\" \/>\n\t<meta name=\"author\" content=\"Cand\u00e1s 365\"\/>\n\t<meta name=\"google-site-verification\" content=\"UA-32230408-1\" \/>\n\t<meta name=\"msvalidate.01\" content=\"354F3CDFB2DA171B47FBE9ABF1F88D5\" \/>\n\t<meta name=\"keywords\" content=\"sociedad\" \/>\n\t<link rel=\"canonical\" href=\"https:\/\/candas365.es\/noticias\/que-hacer-cuando-el-ambiente-laboral-es-toxico\/\" \/>\n\t<meta name=\"generator\" content=\"All in One SEO Pro (AIOSEO) 4.9.6.2\" \/>\n\t\t<meta property=\"og:locale\" content=\"es_ES\" \/>\n\t\t<meta property=\"og:site_name\" content=\"Cand\u00e1s 365\" \/>\n\t\t<meta property=\"og:type\" content=\"article\" \/>\n\t\t<meta property=\"og:title\" content=\"\u00bfQu\u00e9 hacer cuando el ambiente laboral es t\u00f3xico? | Cand\u00e1s 365\" \/>\n\t\t<meta property=\"og:description\" content=\"(dpa) - \u00daltimamente, se habla de &quot;t\u00f3xico&quot; en relaci\u00f3n con muchas cosas, tambi\u00e9n acerca de los ambientes de trabajo. Los expertos afirman que malas\" \/>\n\t\t<meta property=\"og:url\" content=\"https:\/\/candas365.es\/noticias\/que-hacer-cuando-el-ambiente-laboral-es-toxico\/\" \/>\n\t\t<meta property=\"og:image\" content=\"https:\/\/candas365.es\/noticias\/wp-content\/uploads\/2022\/12\/toxico.jpg\" \/>\n\t\t<meta property=\"og:image:secure_url\" content=\"https:\/\/candas365.es\/noticias\/wp-content\/uploads\/2022\/12\/toxico.jpg\" \/>\n\t\t<meta property=\"og:image:width\" content=\"991\" \/>\n\t\t<meta property=\"og:image:height\" content=\"666\" \/>\n\t\t<meta property=\"article:published_time\" content=\"2022-12-07T05:56:06+00:00\" \/>\n\t\t<meta property=\"article:modified_time\" content=\"2022-12-07T05:56:06+00:00\" \/>\n\t\t<meta property=\"article:publisher\" content=\"https:\/\/www.facebook.com\/Nachofdezber\" \/>\n\t\t<meta property=\"article:author\" content=\"https:\/\/www.facebook.com\/carrenoactualidad\" \/>\n\t\t<meta name=\"twitter:card\" content=\"summary_large_image\" \/>\n\t\t<meta name=\"twitter:site\" content=\"@NabercoDigital\" \/>\n\t\t<meta name=\"twitter:title\" content=\"\u00bfQu\u00e9 hacer cuando el ambiente laboral es t\u00f3xico? | Cand\u00e1s 365\" \/>\n\t\t<meta name=\"twitter:description\" content=\"(dpa) - \u00daltimamente, se habla de &quot;t\u00f3xico&quot; en relaci\u00f3n con muchas cosas, tambi\u00e9n acerca de los ambientes de trabajo. Los expertos afirman que malas\" \/>\n\t\t<meta name=\"twitter:creator\" content=\"@nbasturias\" \/>\n\t\t<meta name=\"twitter:image\" content=\"https:\/\/candas365.es\/noticias\/wp-content\/uploads\/2022\/12\/toxico.jpg\" \/>\n\t\t<meta name=\"twitter:label1\" content=\"Escrito por\" \/>\n\t\t<meta name=\"twitter:data1\" content=\"Cand\u00e1s 365\" \/>\n\t\t<meta name=\"twitter:label2\" content=\"Tiempo de lectura estimado\" \/>\n\t\t<meta name=\"twitter:data2\" content=\"2 minutos\" \/>\n\t\t<script type=\"application\/ld+json\" class=\"aioseo-schema\">\n\t\t\t{\"@context\":\"https:\\\/\\\/schema.org\",\"@graph\":[{\"@type\":\"BreadcrumbList\",\"@id\":\"https:\\\/\\\/candas365.es\\\/noticias\\\/que-hacer-cuando-el-ambiente-laboral-es-toxico\\\/#breadcrumblist\",\"itemListElement\":[{\"@type\":\"ListItem\",\"@id\":\"https:\\\/\\\/candas365.es\\\/noticias#listItem\",\"position\":1,\"name\":\"Home\",\"item\":\"https:\\\/\\\/candas365.es\\\/noticias\",\"nextItem\":{\"@type\":\"ListItem\",\"@id\":\"https:\\\/\\\/candas365.es\\\/noticias\\\/category\\\/sociedad\\\/#listItem\",\"name\":\"Sociedad\"}},{\"@type\":\"ListItem\",\"@id\":\"https:\\\/\\\/candas365.es\\\/noticias\\\/category\\\/sociedad\\\/#listItem\",\"position\":2,\"name\":\"Sociedad\",\"item\":\"https:\\\/\\\/candas365.es\\\/noticias\\\/category\\\/sociedad\\\/\",\"nextItem\":{\"@type\":\"ListItem\",\"@id\":\"https:\\\/\\\/candas365.es\\\/noticias\\\/que-hacer-cuando-el-ambiente-laboral-es-toxico\\\/#listItem\",\"name\":\"\\u00bfQu\\u00e9 hacer cuando el ambiente laboral es t\\u00f3xico?\"},\"previousItem\":{\"@type\":\"ListItem\",\"@id\":\"https:\\\/\\\/candas365.es\\\/noticias#listItem\",\"name\":\"Home\"}},{\"@type\":\"ListItem\",\"@id\":\"https:\\\/\\\/candas365.es\\\/noticias\\\/que-hacer-cuando-el-ambiente-laboral-es-toxico\\\/#listItem\",\"position\":3,\"name\":\"\\u00bfQu\\u00e9 hacer cuando el ambiente laboral es t\\u00f3xico?\",\"previousItem\":{\"@type\":\"ListItem\",\"@id\":\"https:\\\/\\\/candas365.es\\\/noticias\\\/category\\\/sociedad\\\/#listItem\",\"name\":\"Sociedad\"}}]},{\"@type\":\"NewsArticle\",\"@id\":\"https:\\\/\\\/candas365.es\\\/noticias\\\/que-hacer-cuando-el-ambiente-laboral-es-toxico\\\/#newsarticle\",\"name\":\"\\u00bfQu\\u00e9 hacer cuando el ambiente laboral es t\\u00f3xico? | Cand\\u00e1s 365\",\"headline\":\"\\u00bfQu\\u00e9 hacer cuando el ambiente laboral es t\\u00f3xico?\",\"author\":{\"@id\":\"https:\\\/\\\/candas365.es\\\/noticias\\\/author\\\/admin\\\/#author\"},\"publisher\":{\"@id\":\"https:\\\/\\\/candas365.es\\\/noticias\\\/#organization\"},\"image\":{\"@type\":\"ImageObject\",\"url\":\"https:\\\/\\\/candas365.es\\\/noticias\\\/wp-content\\\/uploads\\\/2022\\\/12\\\/toxico.jpg\",\"width\":991,\"height\":666,\"caption\":\"Si la presi\\u00f3n emocional en el trabajo es muy alta, los empleados r\\u00e1pidamente sufren el mal ambiente laboral. Foto: Christin Klose\\\/dpa\"},\"datePublished\":\"2022-12-07T06:56:06+01:00\",\"dateModified\":\"2022-12-07T06:56:06+01:00\",\"inLanguage\":\"es-ES\",\"mainEntityOfPage\":{\"@id\":\"https:\\\/\\\/candas365.es\\\/noticias\\\/que-hacer-cuando-el-ambiente-laboral-es-toxico\\\/#webpage\"},\"isPartOf\":{\"@id\":\"https:\\\/\\\/candas365.es\\\/noticias\\\/que-hacer-cuando-el-ambiente-laboral-es-toxico\\\/#webpage\"},\"articleSection\":\"Sociedad, empleo, empresas, sociedad\",\"dateline\":\"Publicado el diciembre 7, 2022.\"},{\"@type\":\"Organization\",\"@id\":\"https:\\\/\\\/candas365.es\\\/noticias\\\/#organization\",\"name\":\"Cand\\u00e1s 365\",\"description\":\"Cand\\u00e1s 365 es un diario digital independiente, fundado en 2012, con base en Asturias. Informamos con rigor sobre actualidad, sociedad, cultura y ocio, con una mirada local y global.\",\"url\":\"https:\\\/\\\/candas365.es\\\/noticias\\\/\",\"email\":\"info@candas365.es\",\"telephone\":\"+34652131393\",\"foundingDate\":\"2012-06-10\",\"logo\":{\"@type\":\"ImageObject\",\"url\":\"https:\\\/\\\/candas365.es\\\/noticias\\\/wp-content\\\/uploads\\\/2024\\\/09\\\/Candas-365-Redes.jpg\",\"@id\":\"https:\\\/\\\/candas365.es\\\/noticias\\\/que-hacer-cuando-el-ambiente-laboral-es-toxico\\\/#organizationLogo\",\"width\":1152,\"height\":864,\"caption\":\"Cand\\u00e1s 365 Redes\"},\"image\":{\"@id\":\"https:\\\/\\\/candas365.es\\\/noticias\\\/que-hacer-cuando-el-ambiente-laboral-es-toxico\\\/#organizationLogo\"},\"sameAs\":[\"https:\\\/\\\/www.facebook.com\\\/Nachofdezber\",\"https:\\\/\\\/x.com\\\/NabercoDigital\",\"https:\\\/\\\/www.instagram.com\\\/nachofdezber\\\/\",\"https:\\\/\\\/www.youtube.com\\\/channel\\\/UCZP-2wLEB9Rv6erhFmqVnvg\"],\"address\":{\"@id\":\"https:\\\/\\\/candas365.es\\\/noticias\\\/#postaladdress\",\"@type\":\"PostalAddress\",\"streetAddress\":\"san antonio 4, san antonio 4\",\"postalCode\":\"33430\",\"addressLocality\":\"Cand\\u00e1s\",\"addressRegion\":\"Asturias\",\"addressCountry\":\"ES\"}},{\"@type\":\"Person\",\"@id\":\"https:\\\/\\\/candas365.es\\\/noticias\\\/author\\\/admin\\\/#author\",\"url\":\"https:\\\/\\\/candas365.es\\\/noticias\\\/author\\\/admin\\\/\",\"name\":\"Cand\\u00e1s 365\",\"image\":{\"@type\":\"ImageObject\",\"@id\":\"https:\\\/\\\/candas365.es\\\/noticias\\\/que-hacer-cuando-el-ambiente-laboral-es-toxico\\\/#authorImage\",\"url\":\"https:\\\/\\\/secure.gravatar.com\\\/avatar\\\/496a8e03d0c493ede1718b7934145dbdf8d89be1036b0eec9544e1094c9de390?s=96&d=mm&r=g\",\"width\":96,\"height\":96,\"caption\":\"Cand\\u00e1s 365\"},\"sameAs\":[\"https:\\\/\\\/www.facebook.com\\\/carrenoactualidad\",\"https:\\\/\\\/twitter.com\\\/nbasturias\",\"https:\\\/\\\/www.instagram.com\\\/nachofdezber\\\/\",\"https:\\\/\\\/www.youtube.com\\\/channel\\\/UCZP-2wLEB9Rv6erhFmqVnvg\"]},{\"@type\":\"WebPage\",\"@id\":\"https:\\\/\\\/candas365.es\\\/noticias\\\/que-hacer-cuando-el-ambiente-laboral-es-toxico\\\/#webpage\",\"url\":\"https:\\\/\\\/candas365.es\\\/noticias\\\/que-hacer-cuando-el-ambiente-laboral-es-toxico\\\/\",\"name\":\"\\u00bfQu\\u00e9 hacer cuando el ambiente laboral es t\\u00f3xico? | Cand\\u00e1s 365\",\"description\":\"(dpa) - \\u00daltimamente, se habla de \\\"t\\u00f3xico\\\" en relaci\\u00f3n con muchas cosas, tambi\\u00e9n acerca de los ambientes de trabajo. Los expertos afirman que malas\",\"inLanguage\":\"es-ES\",\"isPartOf\":{\"@id\":\"https:\\\/\\\/candas365.es\\\/noticias\\\/#website\"},\"breadcrumb\":{\"@id\":\"https:\\\/\\\/candas365.es\\\/noticias\\\/que-hacer-cuando-el-ambiente-laboral-es-toxico\\\/#breadcrumblist\"},\"author\":{\"@id\":\"https:\\\/\\\/candas365.es\\\/noticias\\\/author\\\/admin\\\/#author\"},\"creator\":{\"@id\":\"https:\\\/\\\/candas365.es\\\/noticias\\\/author\\\/admin\\\/#author\"},\"image\":{\"@type\":\"ImageObject\",\"url\":\"https:\\\/\\\/candas365.es\\\/noticias\\\/wp-content\\\/uploads\\\/2022\\\/12\\\/toxico.jpg\",\"@id\":\"https:\\\/\\\/candas365.es\\\/noticias\\\/que-hacer-cuando-el-ambiente-laboral-es-toxico\\\/#mainImage\",\"width\":991,\"height\":666,\"caption\":\"Si la presi\\u00f3n emocional en el trabajo es muy alta, los empleados r\\u00e1pidamente sufren el mal ambiente laboral. Foto: Christin Klose\\\/dpa\"},\"primaryImageOfPage\":{\"@id\":\"https:\\\/\\\/candas365.es\\\/noticias\\\/que-hacer-cuando-el-ambiente-laboral-es-toxico\\\/#mainImage\"},\"datePublished\":\"2022-12-07T06:56:06+01:00\",\"dateModified\":\"2022-12-07T06:56:06+01:00\"},{\"@type\":\"WebSite\",\"@id\":\"https:\\\/\\\/candas365.es\\\/noticias\\\/#website\",\"url\":\"https:\\\/\\\/candas365.es\\\/noticias\\\/\",\"name\":\"Cand\\u00e1s 365\",\"alternateName\":\"Cand\\u00e1s 365 Noticias\",\"description\":\"Actualidad desde Carre\\u00f1o para el mundo\",\"inLanguage\":\"es-ES\",\"publisher\":{\"@id\":\"https:\\\/\\\/candas365.es\\\/noticias\\\/#organization\"}}]}\n\t\t<\/script>\n\t\t<!-- All in One SEO Pro -->\r\n\t\t<title>\u00bfQu\u00e9 hacer cuando el ambiente laboral es t\u00f3xico? | Cand\u00e1s 365<\/title>\n\n","aioseo_head_json":{"title":"\u00bfQu\u00e9 hacer cuando el ambiente laboral es t\u00f3xico? | Cand\u00e1s 365","description":"(dpa) - \u00daltimamente, se habla de \"t\u00f3xico\" en relaci\u00f3n con muchas cosas, tambi\u00e9n acerca de los ambientes de trabajo. Los expertos afirman que malas","canonical_url":"https:\/\/candas365.es\/noticias\/que-hacer-cuando-el-ambiente-laboral-es-toxico\/","robots":"max-image-preview:large","keywords":"sociedad","webmasterTools":{"google-site-verification":"UA-32230408-1","msvalidate.01":"354F3CDFB2DA171B47FBE9ABF1F88D5","miscellaneous":""},"schema":{"@context":"https:\/\/schema.org","@graph":[{"@type":"BreadcrumbList","@id":"https:\/\/candas365.es\/noticias\/que-hacer-cuando-el-ambiente-laboral-es-toxico\/#breadcrumblist","itemListElement":[{"@type":"ListItem","@id":"https:\/\/candas365.es\/noticias#listItem","position":1,"name":"Home","item":"https:\/\/candas365.es\/noticias","nextItem":{"@type":"ListItem","@id":"https:\/\/candas365.es\/noticias\/category\/sociedad\/#listItem","name":"Sociedad"}},{"@type":"ListItem","@id":"https:\/\/candas365.es\/noticias\/category\/sociedad\/#listItem","position":2,"name":"Sociedad","item":"https:\/\/candas365.es\/noticias\/category\/sociedad\/","nextItem":{"@type":"ListItem","@id":"https:\/\/candas365.es\/noticias\/que-hacer-cuando-el-ambiente-laboral-es-toxico\/#listItem","name":"\u00bfQu\u00e9 hacer cuando el ambiente laboral es t\u00f3xico?"},"previousItem":{"@type":"ListItem","@id":"https:\/\/candas365.es\/noticias#listItem","name":"Home"}},{"@type":"ListItem","@id":"https:\/\/candas365.es\/noticias\/que-hacer-cuando-el-ambiente-laboral-es-toxico\/#listItem","position":3,"name":"\u00bfQu\u00e9 hacer cuando el ambiente laboral es t\u00f3xico?","previousItem":{"@type":"ListItem","@id":"https:\/\/candas365.es\/noticias\/category\/sociedad\/#listItem","name":"Sociedad"}}]},{"@type":"NewsArticle","@id":"https:\/\/candas365.es\/noticias\/que-hacer-cuando-el-ambiente-laboral-es-toxico\/#newsarticle","name":"\u00bfQu\u00e9 hacer cuando el ambiente laboral es t\u00f3xico? | Cand\u00e1s 365","headline":"\u00bfQu\u00e9 hacer cuando el ambiente laboral es t\u00f3xico?","author":{"@id":"https:\/\/candas365.es\/noticias\/author\/admin\/#author"},"publisher":{"@id":"https:\/\/candas365.es\/noticias\/#organization"},"image":{"@type":"ImageObject","url":"https:\/\/candas365.es\/noticias\/wp-content\/uploads\/2022\/12\/toxico.jpg","width":991,"height":666,"caption":"Si la presi\u00f3n emocional en el trabajo es muy alta, los empleados r\u00e1pidamente sufren el mal ambiente laboral. Foto: Christin Klose\/dpa"},"datePublished":"2022-12-07T06:56:06+01:00","dateModified":"2022-12-07T06:56:06+01:00","inLanguage":"es-ES","mainEntityOfPage":{"@id":"https:\/\/candas365.es\/noticias\/que-hacer-cuando-el-ambiente-laboral-es-toxico\/#webpage"},"isPartOf":{"@id":"https:\/\/candas365.es\/noticias\/que-hacer-cuando-el-ambiente-laboral-es-toxico\/#webpage"},"articleSection":"Sociedad, empleo, empresas, sociedad","dateline":"Publicado el diciembre 7, 2022."},{"@type":"Organization","@id":"https:\/\/candas365.es\/noticias\/#organization","name":"Cand\u00e1s 365","description":"Cand\u00e1s 365 es un diario digital independiente, fundado en 2012, con base en Asturias. Informamos con rigor sobre actualidad, sociedad, cultura y ocio, con una mirada local y global.","url":"https:\/\/candas365.es\/noticias\/","email":"info@candas365.es","telephone":"+34652131393","foundingDate":"2012-06-10","logo":{"@type":"ImageObject","url":"https:\/\/candas365.es\/noticias\/wp-content\/uploads\/2024\/09\/Candas-365-Redes.jpg","@id":"https:\/\/candas365.es\/noticias\/que-hacer-cuando-el-ambiente-laboral-es-toxico\/#organizationLogo","width":1152,"height":864,"caption":"Cand\u00e1s 365 Redes"},"image":{"@id":"https:\/\/candas365.es\/noticias\/que-hacer-cuando-el-ambiente-laboral-es-toxico\/#organizationLogo"},"sameAs":["https:\/\/www.facebook.com\/Nachofdezber","https:\/\/x.com\/NabercoDigital","https:\/\/www.instagram.com\/nachofdezber\/","https:\/\/www.youtube.com\/channel\/UCZP-2wLEB9Rv6erhFmqVnvg"],"address":{"@id":"https:\/\/candas365.es\/noticias\/#postaladdress","@type":"PostalAddress","streetAddress":"san antonio 4, san antonio 4","postalCode":"33430","addressLocality":"Cand\u00e1s","addressRegion":"Asturias","addressCountry":"ES"}},{"@type":"Person","@id":"https:\/\/candas365.es\/noticias\/author\/admin\/#author","url":"https:\/\/candas365.es\/noticias\/author\/admin\/","name":"Cand\u00e1s 365","image":{"@type":"ImageObject","@id":"https:\/\/candas365.es\/noticias\/que-hacer-cuando-el-ambiente-laboral-es-toxico\/#authorImage","url":"https:\/\/secure.gravatar.com\/avatar\/496a8e03d0c493ede1718b7934145dbdf8d89be1036b0eec9544e1094c9de390?s=96&d=mm&r=g","width":96,"height":96,"caption":"Cand\u00e1s 365"},"sameAs":["https:\/\/www.facebook.com\/carrenoactualidad","https:\/\/twitter.com\/nbasturias","https:\/\/www.instagram.com\/nachofdezber\/","https:\/\/www.youtube.com\/channel\/UCZP-2wLEB9Rv6erhFmqVnvg"]},{"@type":"WebPage","@id":"https:\/\/candas365.es\/noticias\/que-hacer-cuando-el-ambiente-laboral-es-toxico\/#webpage","url":"https:\/\/candas365.es\/noticias\/que-hacer-cuando-el-ambiente-laboral-es-toxico\/","name":"\u00bfQu\u00e9 hacer cuando el ambiente laboral es t\u00f3xico? | Cand\u00e1s 365","description":"(dpa) - \u00daltimamente, se habla de \"t\u00f3xico\" en relaci\u00f3n con muchas cosas, tambi\u00e9n acerca de los ambientes de trabajo. Los expertos afirman que malas","inLanguage":"es-ES","isPartOf":{"@id":"https:\/\/candas365.es\/noticias\/#website"},"breadcrumb":{"@id":"https:\/\/candas365.es\/noticias\/que-hacer-cuando-el-ambiente-laboral-es-toxico\/#breadcrumblist"},"author":{"@id":"https:\/\/candas365.es\/noticias\/author\/admin\/#author"},"creator":{"@id":"https:\/\/candas365.es\/noticias\/author\/admin\/#author"},"image":{"@type":"ImageObject","url":"https:\/\/candas365.es\/noticias\/wp-content\/uploads\/2022\/12\/toxico.jpg","@id":"https:\/\/candas365.es\/noticias\/que-hacer-cuando-el-ambiente-laboral-es-toxico\/#mainImage","width":991,"height":666,"caption":"Si la presi\u00f3n emocional en el trabajo es muy alta, los empleados r\u00e1pidamente sufren el mal ambiente laboral. Foto: Christin Klose\/dpa"},"primaryImageOfPage":{"@id":"https:\/\/candas365.es\/noticias\/que-hacer-cuando-el-ambiente-laboral-es-toxico\/#mainImage"},"datePublished":"2022-12-07T06:56:06+01:00","dateModified":"2022-12-07T06:56:06+01:00"},{"@type":"WebSite","@id":"https:\/\/candas365.es\/noticias\/#website","url":"https:\/\/candas365.es\/noticias\/","name":"Cand\u00e1s 365","alternateName":"Cand\u00e1s 365 Noticias","description":"Actualidad desde Carre\u00f1o para el mundo","inLanguage":"es-ES","publisher":{"@id":"https:\/\/candas365.es\/noticias\/#organization"}}]},"og:locale":"es_ES","og:site_name":"Cand\u00e1s 365","og:type":"article","og:title":"\u00bfQu\u00e9 hacer cuando el ambiente laboral es t\u00f3xico? | Cand\u00e1s 365","og:description":"(dpa) - \u00daltimamente, se habla de &quot;t\u00f3xico&quot; en relaci\u00f3n con muchas cosas, tambi\u00e9n acerca de los ambientes de trabajo. Los expertos afirman que malas","og:url":"https:\/\/candas365.es\/noticias\/que-hacer-cuando-el-ambiente-laboral-es-toxico\/","og:image":"https:\/\/candas365.es\/noticias\/wp-content\/uploads\/2022\/12\/toxico.jpg","og:image:secure_url":"https:\/\/candas365.es\/noticias\/wp-content\/uploads\/2022\/12\/toxico.jpg","og:image:width":991,"og:image:height":666,"article:published_time":"2022-12-07T05:56:06+00:00","article:modified_time":"2022-12-07T05:56:06+00:00","article:publisher":"https:\/\/www.facebook.com\/Nachofdezber","article:author":"https:\/\/www.facebook.com\/carrenoactualidad","twitter:card":"summary_large_image","twitter:site":"@NabercoDigital","twitter:title":"\u00bfQu\u00e9 hacer cuando el ambiente laboral es t\u00f3xico? | Cand\u00e1s 365","twitter:description":"(dpa) - \u00daltimamente, se habla de &quot;t\u00f3xico&quot; en relaci\u00f3n con muchas cosas, tambi\u00e9n acerca de los ambientes de trabajo. Los expertos afirman que malas","twitter:creator":"@nbasturias","twitter:image":"https:\/\/candas365.es\/noticias\/wp-content\/uploads\/2022\/12\/toxico.jpg","twitter:label1":"Escrito por","twitter:data1":"Cand\u00e1s 365","twitter:label2":"Tiempo de lectura estimado","twitter:data2":"2 minutos"},"aioseo_meta_data":{"post_id":"169928","title":null,"description":"(dpa) - \u00daltimamente, se habla de \"t\u00f3xico\" en relaci\u00f3n con muchas cosas, tambi\u00e9n acerca de los ambientes de trabajo. Los expertos afirman que malas","keywords":[],"keyphrases":{"focus":{"keyphrase":"t\u00f3xico","score":83,"analysis":{"keyphraseInTitle":{"score":9,"maxScore":9,"error":0},"keyphraseInDescription":{"score":9,"maxScore":9,"error":0},"keyphraseLength":{"score":9,"maxScore":9,"error":0,"length":1},"keyphraseInURL":{"score":1,"maxScore":5,"error":1},"keyphraseInIntroduction":{"score":9,"maxScore":9,"error":0},"keyphraseInSubHeadings":{"score":3,"maxScore":9,"error":1},"keyphraseInImageAlt":{"score":9,"maxScore":9,"error":0}}},"additional":[{"keyphrase":" Los expertos","score":83,"analysis":{"keyphraseInDescription":{"score":9,"maxScore":9,"error":0},"keyphraseLength":{"score":9,"maxScore":9,"error":0,"length":2},"keyphraseInIntroduction":{"score":9,"maxScore":9,"error":0},"keyphraseInImageAlt":{"score":3,"maxScore":9,"error":1}}},{"keyphrase":"t\u00f3xico","score":100,"analysis":{"keyphraseInDescription":{"score":9,"maxScore":9,"error":0},"keyphraseLength":{"score":9,"maxScore":9,"error":0,"length":1},"keyphraseInIntroduction":{"score":9,"maxScore":9,"error":0},"keyphraseInImageAlt":{"score":9,"maxScore":9,"error":0}}},{"keyphrase":"trabajo","score":83,"analysis":{"keyphraseInDescription":{"score":9,"maxScore":9,"error":0},"keyphraseLength":{"score":9,"maxScore":9,"error":0,"length":1},"keyphraseInIntroduction":{"score":9,"maxScore":9,"error":0},"keyphraseInImageAlt":{"score":3,"maxScore":9,"error":1}}}]},"primary_term":null,"canonical_url":null,"og_title":null,"og_description":null,"og_object_type":"default","og_image_type":"default","og_image_url":null,"og_image_width":null,"og_image_height":null,"og_image_custom_url":null,"og_image_custom_fields":null,"og_video":"","og_custom_url":null,"og_article_section":null,"og_article_tags":[],"twitter_use_og":false,"twitter_card":"default","twitter_image_type":"default","twitter_image_url":null,"twitter_image_custom_url":null,"twitter_image_custom_fields":null,"twitter_title":null,"twitter_description":null,"schema":{"blockGraphs":[],"customGraphs":[],"default":{"data":{"Article":[],"Course":[],"Dataset":[],"FAQPage":[],"Movie":[],"Person":[],"Product":[],"ProductReview":[],"Car":[],"Recipe":[],"Service":[],"SoftwareApplication":[],"WebPage":[]},"graphName":"Article","isEnabled":true},"graphs":[]},"schema_type":"default","schema_type_options":null,"pillar_content":false,"robots_default":true,"robots_noindex":false,"robots_noarchive":false,"robots_nosnippet":false,"robots_nofollow":false,"robots_noimageindex":false,"robots_noodp":false,"robots_notranslate":false,"robots_max_snippet":"-1","robots_max_videopreview":"-1","robots_max_imagepreview":"large","priority":null,"frequency":"default","location":null,"local_seo":null,"seo_analyzer_scan_date":"2025-09-01 16:48:29","breadcrumb_settings":null,"limit_modified_date":false,"reviewed_by":null,"open_ai":null,"ai":null,"created":"2022-12-07 05:49:22","updated":"2025-09-01 16:48:29"},"aioseo_breadcrumb":"<div class=\"aioseo-breadcrumbs\"><span class=\"aioseo-breadcrumb\">\n\t<a href=\"https:\/\/candas365.es\/noticias\" title=\"Home\">Home<\/a>\n<\/span><span class=\"aioseo-breadcrumb-separator\">&ndash;<\/span><span class=\"aioseo-breadcrumb\">\n\t<a href=\"https:\/\/candas365.es\/noticias\/category\/sociedad\/\" title=\"Sociedad\">Sociedad<\/a>\n<\/span><span class=\"aioseo-breadcrumb-separator\">&ndash;<\/span><span class=\"aioseo-breadcrumb\">\n\t\u00bfQu\u00e9 hacer cuando el ambiente laboral es t\u00f3xico?\n<\/span><\/div>","aioseo_breadcrumb_json":[{"label":"Home","link":"https:\/\/candas365.es\/noticias"},{"label":"Sociedad","link":"https:\/\/candas365.es\/noticias\/category\/sociedad\/"},{"label":"\u00bfQu\u00e9 hacer cuando el ambiente laboral es t\u00f3xico?","link":"https:\/\/candas365.es\/noticias\/que-hacer-cuando-el-ambiente-laboral-es-toxico\/"}],"_links":{"self":[{"href":"https:\/\/candas365.es\/noticias\/wp-json\/wp\/v2\/posts\/169928","targetHints":{"allow":["GET"]}}],"collection":[{"href":"https:\/\/candas365.es\/noticias\/wp-json\/wp\/v2\/posts"}],"about":[{"href":"https:\/\/candas365.es\/noticias\/wp-json\/wp\/v2\/types\/post"}],"author":[{"embeddable":true,"href":"https:\/\/candas365.es\/noticias\/wp-json\/wp\/v2\/users\/1"}],"replies":[{"embeddable":true,"href":"https:\/\/candas365.es\/noticias\/wp-json\/wp\/v2\/comments?post=169928"}],"version-history":[{"count":0,"href":"https:\/\/candas365.es\/noticias\/wp-json\/wp\/v2\/posts\/169928\/revisions"}],"wp:featuredmedia":[{"embeddable":true,"href":"https:\/\/candas365.es\/noticias\/wp-json\/wp\/v2\/media\/169929"}],"wp:attachment":[{"href":"https:\/\/candas365.es\/noticias\/wp-json\/wp\/v2\/media?parent=169928"}],"wp:term":[{"taxonomy":"category","embeddable":true,"href":"https:\/\/candas365.es\/noticias\/wp-json\/wp\/v2\/categories?post=169928"},{"taxonomy":"post_tag","embeddable":true,"href":"https:\/\/candas365.es\/noticias\/wp-json\/wp\/v2\/tags?post=169928"}],"curies":[{"name":"wp","href":"https:\/\/api.w.org\/{rel}","templated":true}]}}