{"id":169836,"date":"2022-12-05T10:40:26","date_gmt":"2022-12-05T09:40:26","guid":{"rendered":"https:\/\/candas365.es\/noticias\/?p=169836"},"modified":"2022-12-05T10:40:26","modified_gmt":"2022-12-05T09:40:26","slug":"mejoras-en-la-tribuna-principal-de-la-mata-en-candas","status":"publish","type":"post","link":"https:\/\/candas365.es\/noticias\/mejoras-en-la-tribuna-principal-de-la-mata-en-candas\/","title":{"rendered":"Mejoras en la tribuna principal de La Mata, en Cand\u00e1s"},"content":{"rendered":"<p>El <span style=\"color: #ff6600;\"><a style=\"color: #ff6600;\" href=\"https:\/\/www.ayto-carreno.es\/\" target=\"_blank\" rel=\"noopener\"><strong>Ayuntamiento de Carre\u00f1o<\/strong><\/a><\/span> ha informado de la renovaci\u00f3n de los pesebrones y bajantes de cubierta de la tribuna principal del campo de La Mata, en Cand\u00e1s.<\/p>\n<figure id=\"attachment_169837\" aria-describedby=\"caption-attachment-169837\" style=\"width: 650px\" class=\"wp-caption aligncenter\"><img fetchpriority=\"high\" decoding=\"async\" class=\"wp-image-169837 size-large\" src=\"https:\/\/candas365.es\/noticias\/wp-content\/uploads\/2022\/12\/La-Mata-650x455.jpg\" alt=\"La Mata\" width=\"650\" height=\"455\" srcset=\"https:\/\/candas365.es\/noticias\/wp-content\/uploads\/2022\/12\/La-Mata-650x455.jpg 650w, https:\/\/candas365.es\/noticias\/wp-content\/uploads\/2022\/12\/La-Mata-360x252.jpg 360w, https:\/\/candas365.es\/noticias\/wp-content\/uploads\/2022\/12\/La-Mata-768x537.jpg 768w, https:\/\/candas365.es\/noticias\/wp-content\/uploads\/2022\/12\/La-Mata-150x105.jpg 150w, https:\/\/candas365.es\/noticias\/wp-content\/uploads\/2022\/12\/La-Mata-450x315.jpg 450w, https:\/\/candas365.es\/noticias\/wp-content\/uploads\/2022\/12\/La-Mata.jpg 998w\" sizes=\"(max-width: 650px) 100vw, 650px\" \/><figcaption id=\"caption-attachment-169837\" class=\"wp-caption-text\">FOTO: AYUNTAMIENTO DE cARRE\u00d1O<\/figcaption><\/figure>\n<p>\u201cDicho campo as\u00ed como el de los edificios anexos al mismo y utilizados como vestuarios, oficinas est\u00e1 cedido su uso a la entidad deportiva <a href=\"https:\/\/www.facebook.com\/Candascanijo\" target=\"_blank\" rel=\"noopener\"><span style=\"color: #ff6600;\"><strong>Cand\u00e1s CF<\/strong><\/span><\/a>. En la firma del acuerdo de cesi\u00f3n se estableci\u00f3 que durante el plazo de ocupaci\u00f3n del bien cedido le corresponde a la entidad deportiva efectuar las reparaciones normales de conservaci\u00f3n y mantenimiento del campo, mientras que al Consistorio aquellas que exceden del \u00e1mbito de la conservaci\u00f3n y mantenimiento\u201d, han informado desde el Ayuntamiento.<\/p>\n<p>La cubierta objeto de la intervenci\u00f3n tiene una longitud de unos 46,00 m aproximadamente con un ancho de casi 16 m. Est\u00e1 constituida por un \u00fanico fald\u00f3n a un agua con un 5% de pendiente. La cobertura se resolvi\u00f3 mediante chapa de acero pre-lacada. Todo este sistema descansa sobre una estructura met\u00e1lica de acero constituida por correas y cerchas como elementos portantes.<\/p>\n<p>\u201cEn una de las visitas rutinarias de comprobaci\u00f3n del estado de la techumbre del grader\u00edo, de cara a posibles ciclos de fuertes lluvias, desde los servicios t\u00e9cnicos municipales se constat\u00f3 que, algunos de los pesebrones, realizados en chapa galvanizada, de la cubierta presentaban problemas de humedades\u201d, han dicho desde el Ayuntamiento en una nota remitida a nuestro diario digital.<\/p>\n<p>\u201cAs\u00ed en varios puntos donde confluyen los pesebrones con la chapa de acero, estos estaban podres provocando los consiguientes agujeros y la posible entrada de agua. A lo que hay que a\u00f1adir que, en la confluencia con las bajantes, la mayor\u00eda, debido al paso del tiempo y a la acci\u00f3n de la climatolog\u00eda, estaban sueltos, ya sea tanto en la embocadura del pesebr\u00f3n como en los enlaces inferiores\u201d, han comentado desde el Ayuntamiento.<\/p>\n<p>Por lo que se hac\u00eda necesaria la renovaci\u00f3n y reparaci\u00f3n de pesebrones y bajantes de la cubierta de la grada del <a href=\"https:\/\/candas365.es\/noticias\/primera-rffpa-candas-cf-vs-up-langreo-b-4-a-1\/\"><span style=\"color: #ff6600;\"><strong>campo de f\u00fatbol<\/strong><\/span><\/a>.<\/p>\n<p>Los trabajos consistieron en:<\/p>\n<ul>\n<li>Levantado de albardilla de remate entre pesebr\u00f3n y chapa de cubierta.<\/li>\n<li>Limpieza y saneado de canalones. Retirada de parcheados.<\/li>\n<li>Reparaci\u00f3n de cazoletas de bajantes.<\/li>\n<li>Reparaci\u00f3n de uniones de bajantes con canalones.<\/li>\n<li>Colocaci\u00f3n de manta autoadhesiva en la longitud del encuentro del pesebr\u00f3n con la cubierta de chapa.<\/li>\n<li>Aplicaci\u00f3n de una mano de imprimaci\u00f3n.<\/li>\n<li>Aplicaci\u00f3n de poliurea en fr\u00edo.<\/li>\n<li>Acabado con esmalte de poliuretano alif\u00e1tico.<\/li>\n<li>Colocaci\u00f3n de albardilla de remate entre pesebr\u00f3n y chapa cubierta.<\/li>\n<\/ul>\n<p>Tras el proceso de licitaci\u00f3n correspondiente, en el que participaron 3 empresas del sector, <strong>las labores de mejora en la cubierta del campo de f\u00fatbol de \u201cLa Mata\u201d se adjudicaron Aplimacor por un importe final de 4.446,75 \u20ac al ser la oferta m\u00e1s ventajosa <\/strong>en t\u00e9rminos de calidad-precio.<\/p>\n","protected":false},"excerpt":{"rendered":"<p>El Ayuntamiento de Carre\u00f1o ha informado de la renovaci\u00f3n de los pesebrones y bajantes de cubierta de la tribuna principal del campo de La Mata, en Cand\u00e1s. \u201cDicho campo as\u00ed como el de los edificios anexos al mismo y utilizados como vestuarios, oficinas est\u00e1 cedido su uso a la entidad deportiva Cand\u00e1s CF. En la<\/p>\n","protected":false},"author":1,"featured_media":169837,"comment_status":"closed","ping_status":"closed","sticky":false,"template":"","format":"standard","meta":{"footnotes":""},"categories":[2],"tags":[366,387],"class_list":{"0":"post-169836","1":"post","2":"type-post","3":"status-publish","4":"format-standard","5":"has-post-thumbnail","7":"category-noticias-carreno","8":"tag-candas","9":"tag-deporte"},"aioseo_notices":[],"aioseo_head":"\n\t\t<!-- All in One SEO Pro 4.9.6.2 - aioseo.com -->\n\t<meta name=\"description\" content=\"El Ayuntamiento de Carre\u00f1o ha informado de la renovaci\u00f3n de los pesebrones y bajantes de cubierta de la tribuna principal del campo de La Mata, en Cand\u00e1s.\" \/>\n\t<meta name=\"robots\" content=\"max-image-preview:large\" \/>\n\t<meta name=\"author\" content=\"Cand\u00e1s 365\"\/>\n\t<meta name=\"google-site-verification\" content=\"UA-32230408-1\" \/>\n\t<meta name=\"msvalidate.01\" content=\"354F3CDFB2DA171B47FBE9ABF1F88D5\" \/>\n\t<meta name=\"keywords\" content=\"noticias carre\u00f1o\" \/>\n\t<link rel=\"canonical\" href=\"https:\/\/candas365.es\/noticias\/mejoras-en-la-tribuna-principal-de-la-mata-en-candas\/\" \/>\n\t<meta name=\"generator\" content=\"All in One SEO Pro (AIOSEO) 4.9.6.2\" \/>\n\t\t<meta property=\"og:locale\" content=\"es_ES\" \/>\n\t\t<meta property=\"og:site_name\" content=\"Cand\u00e1s 365\" \/>\n\t\t<meta property=\"og:type\" content=\"article\" \/>\n\t\t<meta property=\"og:title\" content=\"Mejoras en la tribuna principal de La Mata, en Cand\u00e1s | Cand\u00e1s 365\" \/>\n\t\t<meta property=\"og:description\" content=\"El Ayuntamiento de Carre\u00f1o ha informado de la renovaci\u00f3n de los pesebrones y bajantes de cubierta de la tribuna principal del campo de La Mata, en Cand\u00e1s.\" \/>\n\t\t<meta property=\"og:url\" content=\"https:\/\/candas365.es\/noticias\/mejoras-en-la-tribuna-principal-de-la-mata-en-candas\/\" \/>\n\t\t<meta property=\"og:image\" content=\"https:\/\/candas365.es\/noticias\/wp-content\/uploads\/2022\/12\/La-Mata.jpg\" \/>\n\t\t<meta property=\"og:image:secure_url\" content=\"https:\/\/candas365.es\/noticias\/wp-content\/uploads\/2022\/12\/La-Mata.jpg\" \/>\n\t\t<meta property=\"og:image:width\" content=\"998\" \/>\n\t\t<meta property=\"og:image:height\" content=\"698\" \/>\n\t\t<meta property=\"article:published_time\" content=\"2022-12-05T09:40:26+00:00\" \/>\n\t\t<meta property=\"article:modified_time\" content=\"2022-12-05T09:40:26+00:00\" \/>\n\t\t<meta property=\"article:publisher\" content=\"https:\/\/www.facebook.com\/Nachofdezber\" \/>\n\t\t<meta property=\"article:author\" content=\"https:\/\/www.facebook.com\/carrenoactualidad\" \/>\n\t\t<meta name=\"twitter:card\" content=\"summary_large_image\" \/>\n\t\t<meta name=\"twitter:site\" content=\"@NabercoDigital\" \/>\n\t\t<meta name=\"twitter:title\" content=\"Mejoras en la tribuna principal de La Mata, en Cand\u00e1s | Cand\u00e1s 365\" \/>\n\t\t<meta name=\"twitter:description\" content=\"El Ayuntamiento de Carre\u00f1o ha informado de la renovaci\u00f3n de los pesebrones y bajantes de cubierta de la tribuna principal del campo de La Mata, en Cand\u00e1s.\" \/>\n\t\t<meta name=\"twitter:creator\" content=\"@nbasturias\" \/>\n\t\t<meta name=\"twitter:image\" content=\"https:\/\/candas365.es\/noticias\/wp-content\/uploads\/2022\/12\/La-Mata.jpg\" \/>\n\t\t<meta name=\"twitter:label1\" content=\"Escrito por\" \/>\n\t\t<meta name=\"twitter:data1\" content=\"Cand\u00e1s 365\" \/>\n\t\t<meta name=\"twitter:label2\" content=\"Tiempo de lectura estimado\" \/>\n\t\t<meta name=\"twitter:data2\" content=\"2 minutos\" \/>\n\t\t<script type=\"application\/ld+json\" class=\"aioseo-schema\">\n\t\t\t{\"@context\":\"https:\\\/\\\/schema.org\",\"@graph\":[{\"@type\":\"BreadcrumbList\",\"@id\":\"https:\\\/\\\/candas365.es\\\/noticias\\\/mejoras-en-la-tribuna-principal-de-la-mata-en-candas\\\/#breadcrumblist\",\"itemListElement\":[{\"@type\":\"ListItem\",\"@id\":\"https:\\\/\\\/candas365.es\\\/noticias#listItem\",\"position\":1,\"name\":\"Home\",\"item\":\"https:\\\/\\\/candas365.es\\\/noticias\",\"nextItem\":{\"@type\":\"ListItem\",\"@id\":\"https:\\\/\\\/candas365.es\\\/noticias\\\/category\\\/noticias-carreno\\\/#listItem\",\"name\":\"Noticias Carre\\u00f1o\"}},{\"@type\":\"ListItem\",\"@id\":\"https:\\\/\\\/candas365.es\\\/noticias\\\/category\\\/noticias-carreno\\\/#listItem\",\"position\":2,\"name\":\"Noticias Carre\\u00f1o\",\"item\":\"https:\\\/\\\/candas365.es\\\/noticias\\\/category\\\/noticias-carreno\\\/\",\"nextItem\":{\"@type\":\"ListItem\",\"@id\":\"https:\\\/\\\/candas365.es\\\/noticias\\\/mejoras-en-la-tribuna-principal-de-la-mata-en-candas\\\/#listItem\",\"name\":\"Mejoras en la tribuna principal de La Mata, en Cand\\u00e1s\"},\"previousItem\":{\"@type\":\"ListItem\",\"@id\":\"https:\\\/\\\/candas365.es\\\/noticias#listItem\",\"name\":\"Home\"}},{\"@type\":\"ListItem\",\"@id\":\"https:\\\/\\\/candas365.es\\\/noticias\\\/mejoras-en-la-tribuna-principal-de-la-mata-en-candas\\\/#listItem\",\"position\":3,\"name\":\"Mejoras en la tribuna principal de La Mata, en Cand\\u00e1s\",\"previousItem\":{\"@type\":\"ListItem\",\"@id\":\"https:\\\/\\\/candas365.es\\\/noticias\\\/category\\\/noticias-carreno\\\/#listItem\",\"name\":\"Noticias Carre\\u00f1o\"}}]},{\"@type\":\"NewsArticle\",\"@id\":\"https:\\\/\\\/candas365.es\\\/noticias\\\/mejoras-en-la-tribuna-principal-de-la-mata-en-candas\\\/#newsarticle\",\"name\":\"Mejoras en la tribuna principal de La Mata, en Cand\\u00e1s | Cand\\u00e1s 365\",\"headline\":\"Mejoras en la tribuna principal de La Mata, en Cand\\u00e1s\",\"author\":{\"@id\":\"https:\\\/\\\/candas365.es\\\/noticias\\\/author\\\/admin\\\/#author\"},\"publisher\":{\"@id\":\"https:\\\/\\\/candas365.es\\\/noticias\\\/#organization\"},\"image\":{\"@type\":\"ImageObject\",\"url\":\"https:\\\/\\\/candas365.es\\\/noticias\\\/wp-content\\\/uploads\\\/2022\\\/12\\\/La-Mata.jpg\",\"width\":998,\"height\":698,\"caption\":\"FOTO: AYUNTAMIENTO DE cARRE\\u00d1O\"},\"datePublished\":\"2022-12-05T10:40:26+01:00\",\"dateModified\":\"2022-12-05T10:40:26+01:00\",\"inLanguage\":\"es-ES\",\"mainEntityOfPage\":{\"@id\":\"https:\\\/\\\/candas365.es\\\/noticias\\\/mejoras-en-la-tribuna-principal-de-la-mata-en-candas\\\/#webpage\"},\"isPartOf\":{\"@id\":\"https:\\\/\\\/candas365.es\\\/noticias\\\/mejoras-en-la-tribuna-principal-de-la-mata-en-candas\\\/#webpage\"},\"articleSection\":\"Noticias Carre\\u00f1o, Cand\\u00e1s, deporte\",\"dateline\":\"Publicado el diciembre 5, 2022.\"},{\"@type\":\"Organization\",\"@id\":\"https:\\\/\\\/candas365.es\\\/noticias\\\/#organization\",\"name\":\"Cand\\u00e1s 365\",\"description\":\"Cand\\u00e1s 365 es un diario digital independiente, fundado en 2012, con base en Asturias. Informamos con rigor sobre actualidad, sociedad, cultura y ocio, con una mirada local y global.\",\"url\":\"https:\\\/\\\/candas365.es\\\/noticias\\\/\",\"email\":\"info@candas365.es\",\"telephone\":\"+34652131393\",\"foundingDate\":\"2012-06-10\",\"logo\":{\"@type\":\"ImageObject\",\"url\":\"https:\\\/\\\/candas365.es\\\/noticias\\\/wp-content\\\/uploads\\\/2024\\\/09\\\/Candas-365-Redes.jpg\",\"@id\":\"https:\\\/\\\/candas365.es\\\/noticias\\\/mejoras-en-la-tribuna-principal-de-la-mata-en-candas\\\/#organizationLogo\",\"width\":1152,\"height\":864,\"caption\":\"Cand\\u00e1s 365 Redes\"},\"image\":{\"@id\":\"https:\\\/\\\/candas365.es\\\/noticias\\\/mejoras-en-la-tribuna-principal-de-la-mata-en-candas\\\/#organizationLogo\"},\"sameAs\":[\"https:\\\/\\\/www.facebook.com\\\/Nachofdezber\",\"https:\\\/\\\/x.com\\\/NabercoDigital\",\"https:\\\/\\\/www.instagram.com\\\/nachofdezber\\\/\",\"https:\\\/\\\/www.youtube.com\\\/channel\\\/UCZP-2wLEB9Rv6erhFmqVnvg\"],\"address\":{\"@id\":\"https:\\\/\\\/candas365.es\\\/noticias\\\/#postaladdress\",\"@type\":\"PostalAddress\",\"streetAddress\":\"san antonio 4, san antonio 4\",\"postalCode\":\"33430\",\"addressLocality\":\"Cand\\u00e1s\",\"addressRegion\":\"Asturias\",\"addressCountry\":\"ES\"}},{\"@type\":\"Person\",\"@id\":\"https:\\\/\\\/candas365.es\\\/noticias\\\/author\\\/admin\\\/#author\",\"url\":\"https:\\\/\\\/candas365.es\\\/noticias\\\/author\\\/admin\\\/\",\"name\":\"Cand\\u00e1s 365\",\"image\":{\"@type\":\"ImageObject\",\"@id\":\"https:\\\/\\\/candas365.es\\\/noticias\\\/mejoras-en-la-tribuna-principal-de-la-mata-en-candas\\\/#authorImage\",\"url\":\"https:\\\/\\\/secure.gravatar.com\\\/avatar\\\/496a8e03d0c493ede1718b7934145dbdf8d89be1036b0eec9544e1094c9de390?s=96&d=mm&r=g\",\"width\":96,\"height\":96,\"caption\":\"Cand\\u00e1s 365\"},\"sameAs\":[\"https:\\\/\\\/www.facebook.com\\\/carrenoactualidad\",\"https:\\\/\\\/twitter.com\\\/nbasturias\",\"https:\\\/\\\/www.instagram.com\\\/nachofdezber\\\/\",\"https:\\\/\\\/www.youtube.com\\\/channel\\\/UCZP-2wLEB9Rv6erhFmqVnvg\"]},{\"@type\":\"WebPage\",\"@id\":\"https:\\\/\\\/candas365.es\\\/noticias\\\/mejoras-en-la-tribuna-principal-de-la-mata-en-candas\\\/#webpage\",\"url\":\"https:\\\/\\\/candas365.es\\\/noticias\\\/mejoras-en-la-tribuna-principal-de-la-mata-en-candas\\\/\",\"name\":\"Mejoras en la tribuna principal de La Mata, en Cand\\u00e1s | Cand\\u00e1s 365\",\"description\":\"El Ayuntamiento de Carre\\u00f1o ha informado de la renovaci\\u00f3n de los pesebrones y bajantes de cubierta de la tribuna principal del campo de La Mata, en Cand\\u00e1s.\",\"inLanguage\":\"es-ES\",\"isPartOf\":{\"@id\":\"https:\\\/\\\/candas365.es\\\/noticias\\\/#website\"},\"breadcrumb\":{\"@id\":\"https:\\\/\\\/candas365.es\\\/noticias\\\/mejoras-en-la-tribuna-principal-de-la-mata-en-candas\\\/#breadcrumblist\"},\"author\":{\"@id\":\"https:\\\/\\\/candas365.es\\\/noticias\\\/author\\\/admin\\\/#author\"},\"creator\":{\"@id\":\"https:\\\/\\\/candas365.es\\\/noticias\\\/author\\\/admin\\\/#author\"},\"image\":{\"@type\":\"ImageObject\",\"url\":\"https:\\\/\\\/candas365.es\\\/noticias\\\/wp-content\\\/uploads\\\/2022\\\/12\\\/La-Mata.jpg\",\"@id\":\"https:\\\/\\\/candas365.es\\\/noticias\\\/mejoras-en-la-tribuna-principal-de-la-mata-en-candas\\\/#mainImage\",\"width\":998,\"height\":698,\"caption\":\"FOTO: AYUNTAMIENTO DE cARRE\\u00d1O\"},\"primaryImageOfPage\":{\"@id\":\"https:\\\/\\\/candas365.es\\\/noticias\\\/mejoras-en-la-tribuna-principal-de-la-mata-en-candas\\\/#mainImage\"},\"datePublished\":\"2022-12-05T10:40:26+01:00\",\"dateModified\":\"2022-12-05T10:40:26+01:00\"},{\"@type\":\"WebSite\",\"@id\":\"https:\\\/\\\/candas365.es\\\/noticias\\\/#website\",\"url\":\"https:\\\/\\\/candas365.es\\\/noticias\\\/\",\"name\":\"Cand\\u00e1s 365\",\"alternateName\":\"Cand\\u00e1s 365 Noticias\",\"description\":\"Actualidad desde Carre\\u00f1o para el mundo\",\"inLanguage\":\"es-ES\",\"publisher\":{\"@id\":\"https:\\\/\\\/candas365.es\\\/noticias\\\/#organization\"}}]}\n\t\t<\/script>\n\t\t<!-- All in One SEO Pro -->\r\n\t\t<title>Mejoras en la tribuna principal de La Mata, en Cand\u00e1s | Cand\u00e1s 365<\/title>\n\n","aioseo_head_json":{"title":"Mejoras en la tribuna principal de La Mata, en Cand\u00e1s | Cand\u00e1s 365","description":"El Ayuntamiento de Carre\u00f1o ha informado de la renovaci\u00f3n de los pesebrones y bajantes de cubierta de la tribuna principal del campo de La Mata, en Cand\u00e1s.","canonical_url":"https:\/\/candas365.es\/noticias\/mejoras-en-la-tribuna-principal-de-la-mata-en-candas\/","robots":"max-image-preview:large","keywords":"noticias carre\u00f1o","webmasterTools":{"google-site-verification":"UA-32230408-1","msvalidate.01":"354F3CDFB2DA171B47FBE9ABF1F88D5","miscellaneous":""},"schema":{"@context":"https:\/\/schema.org","@graph":[{"@type":"BreadcrumbList","@id":"https:\/\/candas365.es\/noticias\/mejoras-en-la-tribuna-principal-de-la-mata-en-candas\/#breadcrumblist","itemListElement":[{"@type":"ListItem","@id":"https:\/\/candas365.es\/noticias#listItem","position":1,"name":"Home","item":"https:\/\/candas365.es\/noticias","nextItem":{"@type":"ListItem","@id":"https:\/\/candas365.es\/noticias\/category\/noticias-carreno\/#listItem","name":"Noticias Carre\u00f1o"}},{"@type":"ListItem","@id":"https:\/\/candas365.es\/noticias\/category\/noticias-carreno\/#listItem","position":2,"name":"Noticias Carre\u00f1o","item":"https:\/\/candas365.es\/noticias\/category\/noticias-carreno\/","nextItem":{"@type":"ListItem","@id":"https:\/\/candas365.es\/noticias\/mejoras-en-la-tribuna-principal-de-la-mata-en-candas\/#listItem","name":"Mejoras en la tribuna principal de La Mata, en Cand\u00e1s"},"previousItem":{"@type":"ListItem","@id":"https:\/\/candas365.es\/noticias#listItem","name":"Home"}},{"@type":"ListItem","@id":"https:\/\/candas365.es\/noticias\/mejoras-en-la-tribuna-principal-de-la-mata-en-candas\/#listItem","position":3,"name":"Mejoras en la tribuna principal de La Mata, en Cand\u00e1s","previousItem":{"@type":"ListItem","@id":"https:\/\/candas365.es\/noticias\/category\/noticias-carreno\/#listItem","name":"Noticias Carre\u00f1o"}}]},{"@type":"NewsArticle","@id":"https:\/\/candas365.es\/noticias\/mejoras-en-la-tribuna-principal-de-la-mata-en-candas\/#newsarticle","name":"Mejoras en la tribuna principal de La Mata, en Cand\u00e1s | Cand\u00e1s 365","headline":"Mejoras en la tribuna principal de La Mata, en Cand\u00e1s","author":{"@id":"https:\/\/candas365.es\/noticias\/author\/admin\/#author"},"publisher":{"@id":"https:\/\/candas365.es\/noticias\/#organization"},"image":{"@type":"ImageObject","url":"https:\/\/candas365.es\/noticias\/wp-content\/uploads\/2022\/12\/La-Mata.jpg","width":998,"height":698,"caption":"FOTO: AYUNTAMIENTO DE cARRE\u00d1O"},"datePublished":"2022-12-05T10:40:26+01:00","dateModified":"2022-12-05T10:40:26+01:00","inLanguage":"es-ES","mainEntityOfPage":{"@id":"https:\/\/candas365.es\/noticias\/mejoras-en-la-tribuna-principal-de-la-mata-en-candas\/#webpage"},"isPartOf":{"@id":"https:\/\/candas365.es\/noticias\/mejoras-en-la-tribuna-principal-de-la-mata-en-candas\/#webpage"},"articleSection":"Noticias Carre\u00f1o, Cand\u00e1s, deporte","dateline":"Publicado el diciembre 5, 2022."},{"@type":"Organization","@id":"https:\/\/candas365.es\/noticias\/#organization","name":"Cand\u00e1s 365","description":"Cand\u00e1s 365 es un diario digital independiente, fundado en 2012, con base en Asturias. Informamos con rigor sobre actualidad, sociedad, cultura y ocio, con una mirada local y global.","url":"https:\/\/candas365.es\/noticias\/","email":"info@candas365.es","telephone":"+34652131393","foundingDate":"2012-06-10","logo":{"@type":"ImageObject","url":"https:\/\/candas365.es\/noticias\/wp-content\/uploads\/2024\/09\/Candas-365-Redes.jpg","@id":"https:\/\/candas365.es\/noticias\/mejoras-en-la-tribuna-principal-de-la-mata-en-candas\/#organizationLogo","width":1152,"height":864,"caption":"Cand\u00e1s 365 Redes"},"image":{"@id":"https:\/\/candas365.es\/noticias\/mejoras-en-la-tribuna-principal-de-la-mata-en-candas\/#organizationLogo"},"sameAs":["https:\/\/www.facebook.com\/Nachofdezber","https:\/\/x.com\/NabercoDigital","https:\/\/www.instagram.com\/nachofdezber\/","https:\/\/www.youtube.com\/channel\/UCZP-2wLEB9Rv6erhFmqVnvg"],"address":{"@id":"https:\/\/candas365.es\/noticias\/#postaladdress","@type":"PostalAddress","streetAddress":"san antonio 4, san antonio 4","postalCode":"33430","addressLocality":"Cand\u00e1s","addressRegion":"Asturias","addressCountry":"ES"}},{"@type":"Person","@id":"https:\/\/candas365.es\/noticias\/author\/admin\/#author","url":"https:\/\/candas365.es\/noticias\/author\/admin\/","name":"Cand\u00e1s 365","image":{"@type":"ImageObject","@id":"https:\/\/candas365.es\/noticias\/mejoras-en-la-tribuna-principal-de-la-mata-en-candas\/#authorImage","url":"https:\/\/secure.gravatar.com\/avatar\/496a8e03d0c493ede1718b7934145dbdf8d89be1036b0eec9544e1094c9de390?s=96&d=mm&r=g","width":96,"height":96,"caption":"Cand\u00e1s 365"},"sameAs":["https:\/\/www.facebook.com\/carrenoactualidad","https:\/\/twitter.com\/nbasturias","https:\/\/www.instagram.com\/nachofdezber\/","https:\/\/www.youtube.com\/channel\/UCZP-2wLEB9Rv6erhFmqVnvg"]},{"@type":"WebPage","@id":"https:\/\/candas365.es\/noticias\/mejoras-en-la-tribuna-principal-de-la-mata-en-candas\/#webpage","url":"https:\/\/candas365.es\/noticias\/mejoras-en-la-tribuna-principal-de-la-mata-en-candas\/","name":"Mejoras en la tribuna principal de La Mata, en Cand\u00e1s | Cand\u00e1s 365","description":"El Ayuntamiento de Carre\u00f1o ha informado de la renovaci\u00f3n de los pesebrones y bajantes de cubierta de la tribuna principal del campo de La Mata, en Cand\u00e1s.","inLanguage":"es-ES","isPartOf":{"@id":"https:\/\/candas365.es\/noticias\/#website"},"breadcrumb":{"@id":"https:\/\/candas365.es\/noticias\/mejoras-en-la-tribuna-principal-de-la-mata-en-candas\/#breadcrumblist"},"author":{"@id":"https:\/\/candas365.es\/noticias\/author\/admin\/#author"},"creator":{"@id":"https:\/\/candas365.es\/noticias\/author\/admin\/#author"},"image":{"@type":"ImageObject","url":"https:\/\/candas365.es\/noticias\/wp-content\/uploads\/2022\/12\/La-Mata.jpg","@id":"https:\/\/candas365.es\/noticias\/mejoras-en-la-tribuna-principal-de-la-mata-en-candas\/#mainImage","width":998,"height":698,"caption":"FOTO: AYUNTAMIENTO DE cARRE\u00d1O"},"primaryImageOfPage":{"@id":"https:\/\/candas365.es\/noticias\/mejoras-en-la-tribuna-principal-de-la-mata-en-candas\/#mainImage"},"datePublished":"2022-12-05T10:40:26+01:00","dateModified":"2022-12-05T10:40:26+01:00"},{"@type":"WebSite","@id":"https:\/\/candas365.es\/noticias\/#website","url":"https:\/\/candas365.es\/noticias\/","name":"Cand\u00e1s 365","alternateName":"Cand\u00e1s 365 Noticias","description":"Actualidad desde Carre\u00f1o para el mundo","inLanguage":"es-ES","publisher":{"@id":"https:\/\/candas365.es\/noticias\/#organization"}}]},"og:locale":"es_ES","og:site_name":"Cand\u00e1s 365","og:type":"article","og:title":"Mejoras en la tribuna principal de La Mata, en Cand\u00e1s | Cand\u00e1s 365","og:description":"El Ayuntamiento de Carre\u00f1o ha informado de la renovaci\u00f3n de los pesebrones y bajantes de cubierta de la tribuna principal del campo de La Mata, en Cand\u00e1s.","og:url":"https:\/\/candas365.es\/noticias\/mejoras-en-la-tribuna-principal-de-la-mata-en-candas\/","og:image":"https:\/\/candas365.es\/noticias\/wp-content\/uploads\/2022\/12\/La-Mata.jpg","og:image:secure_url":"https:\/\/candas365.es\/noticias\/wp-content\/uploads\/2022\/12\/La-Mata.jpg","og:image:width":998,"og:image:height":698,"article:published_time":"2022-12-05T09:40:26+00:00","article:modified_time":"2022-12-05T09:40:26+00:00","article:publisher":"https:\/\/www.facebook.com\/Nachofdezber","article:author":"https:\/\/www.facebook.com\/carrenoactualidad","twitter:card":"summary_large_image","twitter:site":"@NabercoDigital","twitter:title":"Mejoras en la tribuna principal de La Mata, en Cand\u00e1s | Cand\u00e1s 365","twitter:description":"El Ayuntamiento de Carre\u00f1o ha informado de la renovaci\u00f3n de los pesebrones y bajantes de cubierta de la tribuna principal del campo de La Mata, en Cand\u00e1s.","twitter:creator":"@nbasturias","twitter:image":"https:\/\/candas365.es\/noticias\/wp-content\/uploads\/2022\/12\/La-Mata.jpg","twitter:label1":"Escrito por","twitter:data1":"Cand\u00e1s 365","twitter:label2":"Tiempo de lectura estimado","twitter:data2":"2 minutos"},"aioseo_meta_data":{"post_id":"169836","title":null,"description":"El Ayuntamiento de Carre\u00f1o ha informado de la renovaci\u00f3n de los pesebrones y bajantes de cubierta de la tribuna principal del campo de La Mata, en Cand\u00e1s.","keywords":[],"keyphrases":{"focus":{"keyphrase":"La Mata","score":100,"analysis":{"keyphraseInTitle":{"score":9,"maxScore":9,"error":0},"keyphraseInDescription":{"score":9,"maxScore":9,"error":0},"keyphraseLength":{"score":9,"maxScore":9,"error":0,"length":2},"keyphraseInURL":{"score":5,"maxScore":5,"error":0},"keyphraseInIntroduction":{"score":9,"maxScore":9,"error":0},"keyphraseInSubHeadings":[],"keyphraseInImageAlt":{"score":9,"maxScore":9,"error":0}}},"additional":[{"keyphrase":"Cand\u00e1s","score":83,"analysis":{"keyphraseInDescription":{"score":9,"maxScore":9,"error":0},"keyphraseLength":{"score":9,"maxScore":9,"error":0,"length":1},"keyphraseInIntroduction":{"score":9,"maxScore":9,"error":0},"keyphraseInImageAlt":{"score":3,"maxScore":9,"error":1}}},{"keyphrase":"La Mata","score":100,"analysis":{"keyphraseInDescription":{"score":9,"maxScore":9,"error":0},"keyphraseLength":{"score":9,"maxScore":9,"error":0,"length":2},"keyphraseInIntroduction":{"score":9,"maxScore":9,"error":0},"keyphraseInImageAlt":{"score":9,"maxScore":9,"error":0}}}]},"primary_term":null,"canonical_url":null,"og_title":null,"og_description":null,"og_object_type":"default","og_image_type":"default","og_image_url":null,"og_image_width":null,"og_image_height":null,"og_image_custom_url":null,"og_image_custom_fields":null,"og_video":"","og_custom_url":null,"og_article_section":null,"og_article_tags":[],"twitter_use_og":false,"twitter_card":"default","twitter_image_type":"default","twitter_image_url":null,"twitter_image_custom_url":null,"twitter_image_custom_fields":null,"twitter_title":null,"twitter_description":null,"schema":{"blockGraphs":[],"customGraphs":[],"default":{"data":{"Article":[],"Course":[],"Dataset":[],"FAQPage":[],"Movie":[],"Person":[],"Product":[],"ProductReview":[],"Car":[],"Recipe":[],"Service":[],"SoftwareApplication":[],"WebPage":[]},"graphName":"Article","isEnabled":true},"graphs":[]},"schema_type":"default","schema_type_options":null,"pillar_content":false,"robots_default":true,"robots_noindex":false,"robots_noarchive":false,"robots_nosnippet":false,"robots_nofollow":false,"robots_noimageindex":false,"robots_noodp":false,"robots_notranslate":false,"robots_max_snippet":"-1","robots_max_videopreview":"-1","robots_max_imagepreview":"large","priority":null,"frequency":"default","location":null,"local_seo":null,"seo_analyzer_scan_date":"2025-09-01 16:43:26","breadcrumb_settings":null,"limit_modified_date":true,"reviewed_by":null,"open_ai":null,"ai":null,"created":"2022-12-05 09:32:28","updated":"2025-09-01 16:43:26"},"aioseo_breadcrumb":"<div class=\"aioseo-breadcrumbs\"><span class=\"aioseo-breadcrumb\">\n\t<a href=\"https:\/\/candas365.es\/noticias\" title=\"Home\">Home<\/a>\n<\/span><span class=\"aioseo-breadcrumb-separator\">&ndash;<\/span><span class=\"aioseo-breadcrumb\">\n\t<a href=\"https:\/\/candas365.es\/noticias\/category\/noticias-carreno\/\" title=\"Noticias Carre\u00f1o\">Noticias Carre\u00f1o<\/a>\n<\/span><span class=\"aioseo-breadcrumb-separator\">&ndash;<\/span><span class=\"aioseo-breadcrumb\">\n\tMejoras en la tribuna principal de La Mata, en Cand\u00e1s\n<\/span><\/div>","aioseo_breadcrumb_json":[{"label":"Home","link":"https:\/\/candas365.es\/noticias"},{"label":"Noticias Carre\u00f1o","link":"https:\/\/candas365.es\/noticias\/category\/noticias-carreno\/"},{"label":"Mejoras en la tribuna principal de La Mata, en Cand\u00e1s","link":"https:\/\/candas365.es\/noticias\/mejoras-en-la-tribuna-principal-de-la-mata-en-candas\/"}],"_links":{"self":[{"href":"https:\/\/candas365.es\/noticias\/wp-json\/wp\/v2\/posts\/169836","targetHints":{"allow":["GET"]}}],"collection":[{"href":"https:\/\/candas365.es\/noticias\/wp-json\/wp\/v2\/posts"}],"about":[{"href":"https:\/\/candas365.es\/noticias\/wp-json\/wp\/v2\/types\/post"}],"author":[{"embeddable":true,"href":"https:\/\/candas365.es\/noticias\/wp-json\/wp\/v2\/users\/1"}],"replies":[{"embeddable":true,"href":"https:\/\/candas365.es\/noticias\/wp-json\/wp\/v2\/comments?post=169836"}],"version-history":[{"count":0,"href":"https:\/\/candas365.es\/noticias\/wp-json\/wp\/v2\/posts\/169836\/revisions"}],"wp:featuredmedia":[{"embeddable":true,"href":"https:\/\/candas365.es\/noticias\/wp-json\/wp\/v2\/media\/169837"}],"wp:attachment":[{"href":"https:\/\/candas365.es\/noticias\/wp-json\/wp\/v2\/media?parent=169836"}],"wp:term":[{"taxonomy":"category","embeddable":true,"href":"https:\/\/candas365.es\/noticias\/wp-json\/wp\/v2\/categories?post=169836"},{"taxonomy":"post_tag","embeddable":true,"href":"https:\/\/candas365.es\/noticias\/wp-json\/wp\/v2\/tags?post=169836"}],"curies":[{"name":"wp","href":"https:\/\/api.w.org\/{rel}","templated":true}]}}