{"id":169824,"date":"2022-12-04T21:07:02","date_gmt":"2022-12-04T20:07:02","guid":{"rendered":"https:\/\/candas365.es\/noticias\/?p=169824"},"modified":"2022-12-04T21:07:02","modified_gmt":"2022-12-04T20:07:02","slug":"tite-neymar-va-a-jugar-contra-corea-del-sur","status":"publish","type":"post","link":"https:\/\/candas365.es\/noticias\/tite-neymar-va-a-jugar-contra-corea-del-sur\/","title":{"rendered":"Tite: \u00abNeymar va a jugar contra Corea del Sur\u00bb"},"content":{"rendered":"<p>(EP) &#8211; El seleccionador de Brasil, Adenor Leonardo &#8216;Tite&#8217;, confirm\u00f3 que Neymar est\u00e1 recuperado para jugar este lunes los octavos de final del<a href=\"https:\/\/candas365.es\/noticias\/catar-2022-la-ultima-oportunidad-de-messi-cristiano-ronaldo-y-dani-alves\/\"><span style=\"color: #ff6600;\"><strong> Mundial de Catar 2022<\/strong><\/span><\/a> contra Corea del Sur.<\/p>\n<p><img fetchpriority=\"high\" decoding=\"async\" class=\"aligncenter wp-image-169825 size-full\" src=\"https:\/\/candas365.es\/noticias\/wp-content\/uploads\/2022\/12\/Futbol-1.jpg\" alt=\"F\u00fatbol\" width=\"640\" height=\"425\" srcset=\"https:\/\/candas365.es\/noticias\/wp-content\/uploads\/2022\/12\/Futbol-1.jpg 640w, https:\/\/candas365.es\/noticias\/wp-content\/uploads\/2022\/12\/Futbol-1-360x239.jpg 360w, https:\/\/candas365.es\/noticias\/wp-content\/uploads\/2022\/12\/Futbol-1-150x100.jpg 150w, https:\/\/candas365.es\/noticias\/wp-content\/uploads\/2022\/12\/Futbol-1-450x299.jpg 450w\" sizes=\"(max-width: 640px) 100vw, 640px\" \/><\/p>\n<p>La primera pregunta de la rueda de prensa previa fue sobre si Neymar estar\u00e1 sobre el c\u00e9sped del Estadio 974, aunque fue para Thiago Silva. El central mir\u00f3 a Tite y el m\u00edster respondi\u00f3 con un \u00abs\u00ed\u00bb. \u00abNeymar entrenar\u00e1 esta tarde, y si lo hace, jugar\u00e1 el partido. La decisi\u00f3n depende del entrenamiento espec\u00edfico. Si est\u00e1 bien estar\u00e1 en el campo, as\u00ed que veremos los otros 10\u00bb, dijo.<\/p>\n<p>El propio Neymar, autor de 75 goles en 122 partidos internacionales, afirm\u00f3 en su cuenta de Twitter el s\u00e1bado que se encontraba \u00abbien\u00bb, recuperado por tanto despu\u00e9s del esguince que sufri\u00f3 en el tobillo en el debut ante Serbia.<\/p>\n","protected":false},"excerpt":{"rendered":"<p>(EP) &#8211; El seleccionador de Brasil, Adenor Leonardo &#8216;Tite&#8217;, confirm\u00f3 que Neymar est\u00e1 recuperado para jugar este lunes los octavos de final del Mundial de Catar 2022 contra Corea del Sur. La primera pregunta de la rueda de prensa previa fue sobre si Neymar estar\u00e1 sobre el c\u00e9sped del Estadio 974, aunque fue para Thiago<\/p>\n","protected":false},"author":1,"featured_media":169825,"comment_status":"closed","ping_status":"closed","sticky":false,"template":"","format":"standard","meta":{"footnotes":""},"categories":[319],"tags":[513,389],"class_list":{"0":"post-169824","1":"post","2":"type-post","3":"status-publish","4":"format-standard","5":"has-post-thumbnail","7":"category-deporte","8":"tag-catar-2022","9":"tag-futbol"},"aioseo_notices":[],"aioseo_head":"\n\t\t<!-- All in One SEO Pro 4.9.6.2 - aioseo.com -->\n\t<meta name=\"description\" content=\"(EP) - El seleccionador de Brasil, Adenor Leonardo &#039;Tite&#039;, confirm\u00f3 que Neymar est\u00e1 recuperado para jugar este lunes los octavos de final del Mundial\" \/>\n\t<meta name=\"robots\" content=\"max-image-preview:large\" \/>\n\t<meta name=\"author\" content=\"Cand\u00e1s 365\"\/>\n\t<meta name=\"google-site-verification\" content=\"UA-32230408-1\" \/>\n\t<meta name=\"msvalidate.01\" content=\"354F3CDFB2DA171B47FBE9ABF1F88D5\" \/>\n\t<meta name=\"keywords\" content=\"deporte\" \/>\n\t<link rel=\"canonical\" href=\"https:\/\/candas365.es\/noticias\/tite-neymar-va-a-jugar-contra-corea-del-sur\/\" \/>\n\t<meta name=\"generator\" content=\"All in One SEO Pro (AIOSEO) 4.9.6.2\" \/>\n\t\t<meta property=\"og:locale\" content=\"es_ES\" \/>\n\t\t<meta property=\"og:site_name\" content=\"Cand\u00e1s 365\" \/>\n\t\t<meta property=\"og:type\" content=\"article\" \/>\n\t\t<meta property=\"og:title\" content=\"Tite: \u00abNeymar va a jugar contra Corea del Sur\u00bb | Cand\u00e1s 365\" \/>\n\t\t<meta property=\"og:description\" content=\"(EP) - El seleccionador de Brasil, Adenor Leonardo &#039;Tite&#039;, confirm\u00f3 que Neymar est\u00e1 recuperado para jugar este lunes los octavos de final del Mundial\" \/>\n\t\t<meta property=\"og:url\" content=\"https:\/\/candas365.es\/noticias\/tite-neymar-va-a-jugar-contra-corea-del-sur\/\" \/>\n\t\t<meta property=\"og:image\" content=\"https:\/\/candas365.es\/noticias\/wp-content\/uploads\/2022\/12\/Futbol-1.jpg\" \/>\n\t\t<meta property=\"og:image:secure_url\" content=\"https:\/\/candas365.es\/noticias\/wp-content\/uploads\/2022\/12\/Futbol-1.jpg\" \/>\n\t\t<meta property=\"og:image:width\" content=\"640\" \/>\n\t\t<meta property=\"og:image:height\" content=\"425\" \/>\n\t\t<meta property=\"article:published_time\" content=\"2022-12-04T20:07:02+00:00\" \/>\n\t\t<meta property=\"article:modified_time\" content=\"2022-12-04T20:07:02+00:00\" \/>\n\t\t<meta property=\"article:publisher\" content=\"https:\/\/www.facebook.com\/Nachofdezber\" \/>\n\t\t<meta property=\"article:author\" content=\"https:\/\/www.facebook.com\/carrenoactualidad\" \/>\n\t\t<meta name=\"twitter:card\" content=\"summary_large_image\" \/>\n\t\t<meta name=\"twitter:site\" content=\"@NabercoDigital\" \/>\n\t\t<meta name=\"twitter:title\" content=\"Tite: \u00abNeymar va a jugar contra Corea del Sur\u00bb | Cand\u00e1s 365\" \/>\n\t\t<meta name=\"twitter:description\" content=\"(EP) - El seleccionador de Brasil, Adenor Leonardo &#039;Tite&#039;, confirm\u00f3 que Neymar est\u00e1 recuperado para jugar este lunes los octavos de final del Mundial\" \/>\n\t\t<meta name=\"twitter:creator\" content=\"@nbasturias\" \/>\n\t\t<meta name=\"twitter:image\" content=\"https:\/\/candas365.es\/noticias\/wp-content\/uploads\/2022\/12\/Futbol-1.jpg\" \/>\n\t\t<meta name=\"twitter:label1\" content=\"Escrito por\" \/>\n\t\t<meta name=\"twitter:data1\" content=\"Cand\u00e1s 365\" \/>\n\t\t<meta name=\"twitter:label2\" content=\"Tiempo de lectura estimado\" \/>\n\t\t<meta name=\"twitter:data2\" content=\"1 minuto\" \/>\n\t\t<script type=\"application\/ld+json\" class=\"aioseo-schema\">\n\t\t\t{\"@context\":\"https:\\\/\\\/schema.org\",\"@graph\":[{\"@type\":\"BreadcrumbList\",\"@id\":\"https:\\\/\\\/candas365.es\\\/noticias\\\/tite-neymar-va-a-jugar-contra-corea-del-sur\\\/#breadcrumblist\",\"itemListElement\":[{\"@type\":\"ListItem\",\"@id\":\"https:\\\/\\\/candas365.es\\\/noticias#listItem\",\"position\":1,\"name\":\"Home\",\"item\":\"https:\\\/\\\/candas365.es\\\/noticias\",\"nextItem\":{\"@type\":\"ListItem\",\"@id\":\"https:\\\/\\\/candas365.es\\\/noticias\\\/category\\\/deporte\\\/#listItem\",\"name\":\"Deporte\"}},{\"@type\":\"ListItem\",\"@id\":\"https:\\\/\\\/candas365.es\\\/noticias\\\/category\\\/deporte\\\/#listItem\",\"position\":2,\"name\":\"Deporte\",\"item\":\"https:\\\/\\\/candas365.es\\\/noticias\\\/category\\\/deporte\\\/\",\"nextItem\":{\"@type\":\"ListItem\",\"@id\":\"https:\\\/\\\/candas365.es\\\/noticias\\\/tite-neymar-va-a-jugar-contra-corea-del-sur\\\/#listItem\",\"name\":\"Tite: \\u00abNeymar va a jugar contra Corea del Sur\\u00bb\"},\"previousItem\":{\"@type\":\"ListItem\",\"@id\":\"https:\\\/\\\/candas365.es\\\/noticias#listItem\",\"name\":\"Home\"}},{\"@type\":\"ListItem\",\"@id\":\"https:\\\/\\\/candas365.es\\\/noticias\\\/tite-neymar-va-a-jugar-contra-corea-del-sur\\\/#listItem\",\"position\":3,\"name\":\"Tite: \\u00abNeymar va a jugar contra Corea del Sur\\u00bb\",\"previousItem\":{\"@type\":\"ListItem\",\"@id\":\"https:\\\/\\\/candas365.es\\\/noticias\\\/category\\\/deporte\\\/#listItem\",\"name\":\"Deporte\"}}]},{\"@type\":\"NewsArticle\",\"@id\":\"https:\\\/\\\/candas365.es\\\/noticias\\\/tite-neymar-va-a-jugar-contra-corea-del-sur\\\/#newsarticle\",\"name\":\"Tite: \\u00abNeymar va a jugar contra Corea del Sur\\u00bb | Cand\\u00e1s 365\",\"headline\":\"Tite: \\u00abNeymar va a jugar contra Corea del Sur\\u00bb\",\"author\":{\"@id\":\"https:\\\/\\\/candas365.es\\\/noticias\\\/author\\\/admin\\\/#author\"},\"publisher\":{\"@id\":\"https:\\\/\\\/candas365.es\\\/noticias\\\/#organization\"},\"image\":{\"@type\":\"ImageObject\",\"url\":\"https:\\\/\\\/candas365.es\\\/noticias\\\/wp-content\\\/uploads\\\/2022\\\/12\\\/Futbol-1.jpg\",\"width\":640,\"height\":425,\"caption\":\"F\\u00fatbol\"},\"datePublished\":\"2022-12-04T21:07:02+01:00\",\"dateModified\":\"2022-12-04T21:07:02+01:00\",\"inLanguage\":\"es-ES\",\"mainEntityOfPage\":{\"@id\":\"https:\\\/\\\/candas365.es\\\/noticias\\\/tite-neymar-va-a-jugar-contra-corea-del-sur\\\/#webpage\"},\"isPartOf\":{\"@id\":\"https:\\\/\\\/candas365.es\\\/noticias\\\/tite-neymar-va-a-jugar-contra-corea-del-sur\\\/#webpage\"},\"articleSection\":\"Deporte, Catar 2022, f\\u00fatbol\",\"dateline\":\"Publicado el diciembre 4, 2022.\"},{\"@type\":\"Organization\",\"@id\":\"https:\\\/\\\/candas365.es\\\/noticias\\\/#organization\",\"name\":\"Cand\\u00e1s 365\",\"description\":\"Cand\\u00e1s 365 es un diario digital independiente, fundado en 2012, con base en Asturias. Informamos con rigor sobre actualidad, sociedad, cultura y ocio, con una mirada local y global.\",\"url\":\"https:\\\/\\\/candas365.es\\\/noticias\\\/\",\"email\":\"info@candas365.es\",\"telephone\":\"+34652131393\",\"foundingDate\":\"2012-06-10\",\"logo\":{\"@type\":\"ImageObject\",\"url\":\"https:\\\/\\\/candas365.es\\\/noticias\\\/wp-content\\\/uploads\\\/2024\\\/09\\\/Candas-365-Redes.jpg\",\"@id\":\"https:\\\/\\\/candas365.es\\\/noticias\\\/tite-neymar-va-a-jugar-contra-corea-del-sur\\\/#organizationLogo\",\"width\":1152,\"height\":864,\"caption\":\"Cand\\u00e1s 365 Redes\"},\"image\":{\"@id\":\"https:\\\/\\\/candas365.es\\\/noticias\\\/tite-neymar-va-a-jugar-contra-corea-del-sur\\\/#organizationLogo\"},\"sameAs\":[\"https:\\\/\\\/www.facebook.com\\\/Nachofdezber\",\"https:\\\/\\\/x.com\\\/NabercoDigital\",\"https:\\\/\\\/www.instagram.com\\\/nachofdezber\\\/\",\"https:\\\/\\\/www.youtube.com\\\/channel\\\/UCZP-2wLEB9Rv6erhFmqVnvg\"],\"address\":{\"@id\":\"https:\\\/\\\/candas365.es\\\/noticias\\\/#postaladdress\",\"@type\":\"PostalAddress\",\"streetAddress\":\"san antonio 4, san antonio 4\",\"postalCode\":\"33430\",\"addressLocality\":\"Cand\\u00e1s\",\"addressRegion\":\"Asturias\",\"addressCountry\":\"ES\"}},{\"@type\":\"Person\",\"@id\":\"https:\\\/\\\/candas365.es\\\/noticias\\\/author\\\/admin\\\/#author\",\"url\":\"https:\\\/\\\/candas365.es\\\/noticias\\\/author\\\/admin\\\/\",\"name\":\"Cand\\u00e1s 365\",\"image\":{\"@type\":\"ImageObject\",\"@id\":\"https:\\\/\\\/candas365.es\\\/noticias\\\/tite-neymar-va-a-jugar-contra-corea-del-sur\\\/#authorImage\",\"url\":\"https:\\\/\\\/secure.gravatar.com\\\/avatar\\\/496a8e03d0c493ede1718b7934145dbdf8d89be1036b0eec9544e1094c9de390?s=96&d=mm&r=g\",\"width\":96,\"height\":96,\"caption\":\"Cand\\u00e1s 365\"},\"sameAs\":[\"https:\\\/\\\/www.facebook.com\\\/carrenoactualidad\",\"https:\\\/\\\/twitter.com\\\/nbasturias\",\"https:\\\/\\\/www.instagram.com\\\/nachofdezber\\\/\",\"https:\\\/\\\/www.youtube.com\\\/channel\\\/UCZP-2wLEB9Rv6erhFmqVnvg\"]},{\"@type\":\"WebPage\",\"@id\":\"https:\\\/\\\/candas365.es\\\/noticias\\\/tite-neymar-va-a-jugar-contra-corea-del-sur\\\/#webpage\",\"url\":\"https:\\\/\\\/candas365.es\\\/noticias\\\/tite-neymar-va-a-jugar-contra-corea-del-sur\\\/\",\"name\":\"Tite: \\u00abNeymar va a jugar contra Corea del Sur\\u00bb | Cand\\u00e1s 365\",\"description\":\"(EP) - El seleccionador de Brasil, Adenor Leonardo 'Tite', confirm\\u00f3 que Neymar est\\u00e1 recuperado para jugar este lunes los octavos de final del Mundial\",\"inLanguage\":\"es-ES\",\"isPartOf\":{\"@id\":\"https:\\\/\\\/candas365.es\\\/noticias\\\/#website\"},\"breadcrumb\":{\"@id\":\"https:\\\/\\\/candas365.es\\\/noticias\\\/tite-neymar-va-a-jugar-contra-corea-del-sur\\\/#breadcrumblist\"},\"author\":{\"@id\":\"https:\\\/\\\/candas365.es\\\/noticias\\\/author\\\/admin\\\/#author\"},\"creator\":{\"@id\":\"https:\\\/\\\/candas365.es\\\/noticias\\\/author\\\/admin\\\/#author\"},\"image\":{\"@type\":\"ImageObject\",\"url\":\"https:\\\/\\\/candas365.es\\\/noticias\\\/wp-content\\\/uploads\\\/2022\\\/12\\\/Futbol-1.jpg\",\"@id\":\"https:\\\/\\\/candas365.es\\\/noticias\\\/tite-neymar-va-a-jugar-contra-corea-del-sur\\\/#mainImage\",\"width\":640,\"height\":425,\"caption\":\"F\\u00fatbol\"},\"primaryImageOfPage\":{\"@id\":\"https:\\\/\\\/candas365.es\\\/noticias\\\/tite-neymar-va-a-jugar-contra-corea-del-sur\\\/#mainImage\"},\"datePublished\":\"2022-12-04T21:07:02+01:00\",\"dateModified\":\"2022-12-04T21:07:02+01:00\"},{\"@type\":\"WebSite\",\"@id\":\"https:\\\/\\\/candas365.es\\\/noticias\\\/#website\",\"url\":\"https:\\\/\\\/candas365.es\\\/noticias\\\/\",\"name\":\"Cand\\u00e1s 365\",\"alternateName\":\"Cand\\u00e1s 365 Noticias\",\"description\":\"Actualidad desde Carre\\u00f1o para el mundo\",\"inLanguage\":\"es-ES\",\"publisher\":{\"@id\":\"https:\\\/\\\/candas365.es\\\/noticias\\\/#organization\"}}]}\n\t\t<\/script>\n\t\t<!-- All in One SEO Pro -->\r\n\t\t<title>Tite: \u00abNeymar va a jugar contra Corea del Sur\u00bb | Cand\u00e1s 365<\/title>\n\n","aioseo_head_json":{"title":"Tite: \u00abNeymar va a jugar contra Corea del Sur\u00bb | Cand\u00e1s 365","description":"(EP) - El seleccionador de Brasil, Adenor Leonardo 'Tite', confirm\u00f3 que Neymar est\u00e1 recuperado para jugar este lunes los octavos de final del Mundial","canonical_url":"https:\/\/candas365.es\/noticias\/tite-neymar-va-a-jugar-contra-corea-del-sur\/","robots":"max-image-preview:large","keywords":"deporte","webmasterTools":{"google-site-verification":"UA-32230408-1","msvalidate.01":"354F3CDFB2DA171B47FBE9ABF1F88D5","miscellaneous":""},"schema":{"@context":"https:\/\/schema.org","@graph":[{"@type":"BreadcrumbList","@id":"https:\/\/candas365.es\/noticias\/tite-neymar-va-a-jugar-contra-corea-del-sur\/#breadcrumblist","itemListElement":[{"@type":"ListItem","@id":"https:\/\/candas365.es\/noticias#listItem","position":1,"name":"Home","item":"https:\/\/candas365.es\/noticias","nextItem":{"@type":"ListItem","@id":"https:\/\/candas365.es\/noticias\/category\/deporte\/#listItem","name":"Deporte"}},{"@type":"ListItem","@id":"https:\/\/candas365.es\/noticias\/category\/deporte\/#listItem","position":2,"name":"Deporte","item":"https:\/\/candas365.es\/noticias\/category\/deporte\/","nextItem":{"@type":"ListItem","@id":"https:\/\/candas365.es\/noticias\/tite-neymar-va-a-jugar-contra-corea-del-sur\/#listItem","name":"Tite: \u00abNeymar va a jugar contra Corea del Sur\u00bb"},"previousItem":{"@type":"ListItem","@id":"https:\/\/candas365.es\/noticias#listItem","name":"Home"}},{"@type":"ListItem","@id":"https:\/\/candas365.es\/noticias\/tite-neymar-va-a-jugar-contra-corea-del-sur\/#listItem","position":3,"name":"Tite: \u00abNeymar va a jugar contra Corea del Sur\u00bb","previousItem":{"@type":"ListItem","@id":"https:\/\/candas365.es\/noticias\/category\/deporte\/#listItem","name":"Deporte"}}]},{"@type":"NewsArticle","@id":"https:\/\/candas365.es\/noticias\/tite-neymar-va-a-jugar-contra-corea-del-sur\/#newsarticle","name":"Tite: \u00abNeymar va a jugar contra Corea del Sur\u00bb | Cand\u00e1s 365","headline":"Tite: \u00abNeymar va a jugar contra Corea del Sur\u00bb","author":{"@id":"https:\/\/candas365.es\/noticias\/author\/admin\/#author"},"publisher":{"@id":"https:\/\/candas365.es\/noticias\/#organization"},"image":{"@type":"ImageObject","url":"https:\/\/candas365.es\/noticias\/wp-content\/uploads\/2022\/12\/Futbol-1.jpg","width":640,"height":425,"caption":"F\u00fatbol"},"datePublished":"2022-12-04T21:07:02+01:00","dateModified":"2022-12-04T21:07:02+01:00","inLanguage":"es-ES","mainEntityOfPage":{"@id":"https:\/\/candas365.es\/noticias\/tite-neymar-va-a-jugar-contra-corea-del-sur\/#webpage"},"isPartOf":{"@id":"https:\/\/candas365.es\/noticias\/tite-neymar-va-a-jugar-contra-corea-del-sur\/#webpage"},"articleSection":"Deporte, Catar 2022, f\u00fatbol","dateline":"Publicado el diciembre 4, 2022."},{"@type":"Organization","@id":"https:\/\/candas365.es\/noticias\/#organization","name":"Cand\u00e1s 365","description":"Cand\u00e1s 365 es un diario digital independiente, fundado en 2012, con base en Asturias. Informamos con rigor sobre actualidad, sociedad, cultura y ocio, con una mirada local y global.","url":"https:\/\/candas365.es\/noticias\/","email":"info@candas365.es","telephone":"+34652131393","foundingDate":"2012-06-10","logo":{"@type":"ImageObject","url":"https:\/\/candas365.es\/noticias\/wp-content\/uploads\/2024\/09\/Candas-365-Redes.jpg","@id":"https:\/\/candas365.es\/noticias\/tite-neymar-va-a-jugar-contra-corea-del-sur\/#organizationLogo","width":1152,"height":864,"caption":"Cand\u00e1s 365 Redes"},"image":{"@id":"https:\/\/candas365.es\/noticias\/tite-neymar-va-a-jugar-contra-corea-del-sur\/#organizationLogo"},"sameAs":["https:\/\/www.facebook.com\/Nachofdezber","https:\/\/x.com\/NabercoDigital","https:\/\/www.instagram.com\/nachofdezber\/","https:\/\/www.youtube.com\/channel\/UCZP-2wLEB9Rv6erhFmqVnvg"],"address":{"@id":"https:\/\/candas365.es\/noticias\/#postaladdress","@type":"PostalAddress","streetAddress":"san antonio 4, san antonio 4","postalCode":"33430","addressLocality":"Cand\u00e1s","addressRegion":"Asturias","addressCountry":"ES"}},{"@type":"Person","@id":"https:\/\/candas365.es\/noticias\/author\/admin\/#author","url":"https:\/\/candas365.es\/noticias\/author\/admin\/","name":"Cand\u00e1s 365","image":{"@type":"ImageObject","@id":"https:\/\/candas365.es\/noticias\/tite-neymar-va-a-jugar-contra-corea-del-sur\/#authorImage","url":"https:\/\/secure.gravatar.com\/avatar\/496a8e03d0c493ede1718b7934145dbdf8d89be1036b0eec9544e1094c9de390?s=96&d=mm&r=g","width":96,"height":96,"caption":"Cand\u00e1s 365"},"sameAs":["https:\/\/www.facebook.com\/carrenoactualidad","https:\/\/twitter.com\/nbasturias","https:\/\/www.instagram.com\/nachofdezber\/","https:\/\/www.youtube.com\/channel\/UCZP-2wLEB9Rv6erhFmqVnvg"]},{"@type":"WebPage","@id":"https:\/\/candas365.es\/noticias\/tite-neymar-va-a-jugar-contra-corea-del-sur\/#webpage","url":"https:\/\/candas365.es\/noticias\/tite-neymar-va-a-jugar-contra-corea-del-sur\/","name":"Tite: \u00abNeymar va a jugar contra Corea del Sur\u00bb | Cand\u00e1s 365","description":"(EP) - El seleccionador de Brasil, Adenor Leonardo 'Tite', confirm\u00f3 que Neymar est\u00e1 recuperado para jugar este lunes los octavos de final del Mundial","inLanguage":"es-ES","isPartOf":{"@id":"https:\/\/candas365.es\/noticias\/#website"},"breadcrumb":{"@id":"https:\/\/candas365.es\/noticias\/tite-neymar-va-a-jugar-contra-corea-del-sur\/#breadcrumblist"},"author":{"@id":"https:\/\/candas365.es\/noticias\/author\/admin\/#author"},"creator":{"@id":"https:\/\/candas365.es\/noticias\/author\/admin\/#author"},"image":{"@type":"ImageObject","url":"https:\/\/candas365.es\/noticias\/wp-content\/uploads\/2022\/12\/Futbol-1.jpg","@id":"https:\/\/candas365.es\/noticias\/tite-neymar-va-a-jugar-contra-corea-del-sur\/#mainImage","width":640,"height":425,"caption":"F\u00fatbol"},"primaryImageOfPage":{"@id":"https:\/\/candas365.es\/noticias\/tite-neymar-va-a-jugar-contra-corea-del-sur\/#mainImage"},"datePublished":"2022-12-04T21:07:02+01:00","dateModified":"2022-12-04T21:07:02+01:00"},{"@type":"WebSite","@id":"https:\/\/candas365.es\/noticias\/#website","url":"https:\/\/candas365.es\/noticias\/","name":"Cand\u00e1s 365","alternateName":"Cand\u00e1s 365 Noticias","description":"Actualidad desde Carre\u00f1o para el mundo","inLanguage":"es-ES","publisher":{"@id":"https:\/\/candas365.es\/noticias\/#organization"}}]},"og:locale":"es_ES","og:site_name":"Cand\u00e1s 365","og:type":"article","og:title":"Tite: \u00abNeymar va a jugar contra Corea del Sur\u00bb | Cand\u00e1s 365","og:description":"(EP) - El seleccionador de Brasil, Adenor Leonardo 'Tite', confirm\u00f3 que Neymar est\u00e1 recuperado para jugar este lunes los octavos de final del Mundial","og:url":"https:\/\/candas365.es\/noticias\/tite-neymar-va-a-jugar-contra-corea-del-sur\/","og:image":"https:\/\/candas365.es\/noticias\/wp-content\/uploads\/2022\/12\/Futbol-1.jpg","og:image:secure_url":"https:\/\/candas365.es\/noticias\/wp-content\/uploads\/2022\/12\/Futbol-1.jpg","og:image:width":640,"og:image:height":425,"article:published_time":"2022-12-04T20:07:02+00:00","article:modified_time":"2022-12-04T20:07:02+00:00","article:publisher":"https:\/\/www.facebook.com\/Nachofdezber","article:author":"https:\/\/www.facebook.com\/carrenoactualidad","twitter:card":"summary_large_image","twitter:site":"@NabercoDigital","twitter:title":"Tite: \u00abNeymar va a jugar contra Corea del Sur\u00bb | Cand\u00e1s 365","twitter:description":"(EP) - El seleccionador de Brasil, Adenor Leonardo 'Tite', confirm\u00f3 que Neymar est\u00e1 recuperado para jugar este lunes los octavos de final del Mundial","twitter:creator":"@nbasturias","twitter:image":"https:\/\/candas365.es\/noticias\/wp-content\/uploads\/2022\/12\/Futbol-1.jpg","twitter:label1":"Escrito por","twitter:data1":"Cand\u00e1s 365","twitter:label2":"Tiempo de lectura estimado","twitter:data2":"1 minuto"},"aioseo_meta_data":{"post_id":"169824","title":null,"description":"(EP) - El seleccionador de Brasil, Adenor Leonardo 'Tite', confirm\u00f3 que Neymar est\u00e1 recuperado para jugar este lunes los octavos de final del Mundial","keywords":[],"keyphrases":{"focus":{"keyphrase":"Mundial ","score":68,"analysis":{"keyphraseInTitle":{"score":3,"maxScore":9,"error":1},"keyphraseInDescription":{"score":9,"maxScore":9,"error":0},"keyphraseLength":{"score":9,"maxScore":9,"error":0,"length":1},"keyphraseInURL":{"score":1,"maxScore":5,"error":1},"keyphraseInIntroduction":{"score":9,"maxScore":9,"error":0},"keyphraseInSubHeadings":[],"keyphraseInImageAlt":{"score":3,"maxScore":9,"error":1}}},"additional":[{"keyphrase":"Neymar ","score":83,"analysis":{"keyphraseInDescription":{"score":9,"maxScore":9,"error":0},"keyphraseLength":{"score":9,"maxScore":9,"error":0,"length":1},"keyphraseInIntroduction":{"score":9,"maxScore":9,"error":0},"keyphraseInImageAlt":{"score":3,"maxScore":9,"error":1}}}]},"primary_term":null,"canonical_url":null,"og_title":null,"og_description":null,"og_object_type":"default","og_image_type":"default","og_image_url":null,"og_image_width":null,"og_image_height":null,"og_image_custom_url":null,"og_image_custom_fields":null,"og_video":"","og_custom_url":null,"og_article_section":null,"og_article_tags":[],"twitter_use_og":false,"twitter_card":"default","twitter_image_type":"default","twitter_image_url":null,"twitter_image_custom_url":null,"twitter_image_custom_fields":null,"twitter_title":null,"twitter_description":null,"schema":{"blockGraphs":[],"customGraphs":[],"default":{"data":{"Article":[],"Course":[],"Dataset":[],"FAQPage":[],"Movie":[],"Person":[],"Product":[],"ProductReview":[],"Car":[],"Recipe":[],"Service":[],"SoftwareApplication":[],"WebPage":[]},"graphName":"Article","isEnabled":true},"graphs":[]},"schema_type":"default","schema_type_options":null,"pillar_content":false,"robots_default":true,"robots_noindex":false,"robots_noarchive":false,"robots_nosnippet":false,"robots_nofollow":false,"robots_noimageindex":false,"robots_noodp":false,"robots_notranslate":false,"robots_max_snippet":"-1","robots_max_videopreview":"-1","robots_max_imagepreview":"large","priority":null,"frequency":"default","location":null,"local_seo":null,"seo_analyzer_scan_date":"2025-09-01 16:43:13","breadcrumb_settings":null,"limit_modified_date":false,"reviewed_by":null,"open_ai":null,"ai":null,"created":"2022-12-04 20:03:54","updated":"2025-09-01 16:43:13"},"aioseo_breadcrumb":"<div class=\"aioseo-breadcrumbs\"><span class=\"aioseo-breadcrumb\">\n\t<a href=\"https:\/\/candas365.es\/noticias\" title=\"Home\">Home<\/a>\n<\/span><span class=\"aioseo-breadcrumb-separator\">&ndash;<\/span><span class=\"aioseo-breadcrumb\">\n\t<a href=\"https:\/\/candas365.es\/noticias\/category\/deporte\/\" title=\"Deporte\">Deporte<\/a>\n<\/span><span class=\"aioseo-breadcrumb-separator\">&ndash;<\/span><span class=\"aioseo-breadcrumb\">\n\tTite: \u00abNeymar va a jugar contra Corea del Sur\u00bb\n<\/span><\/div>","aioseo_breadcrumb_json":[{"label":"Home","link":"https:\/\/candas365.es\/noticias"},{"label":"Deporte","link":"https:\/\/candas365.es\/noticias\/category\/deporte\/"},{"label":"Tite: \u00abNeymar va a jugar contra Corea del Sur\u00bb","link":"https:\/\/candas365.es\/noticias\/tite-neymar-va-a-jugar-contra-corea-del-sur\/"}],"_links":{"self":[{"href":"https:\/\/candas365.es\/noticias\/wp-json\/wp\/v2\/posts\/169824","targetHints":{"allow":["GET"]}}],"collection":[{"href":"https:\/\/candas365.es\/noticias\/wp-json\/wp\/v2\/posts"}],"about":[{"href":"https:\/\/candas365.es\/noticias\/wp-json\/wp\/v2\/types\/post"}],"author":[{"embeddable":true,"href":"https:\/\/candas365.es\/noticias\/wp-json\/wp\/v2\/users\/1"}],"replies":[{"embeddable":true,"href":"https:\/\/candas365.es\/noticias\/wp-json\/wp\/v2\/comments?post=169824"}],"version-history":[{"count":0,"href":"https:\/\/candas365.es\/noticias\/wp-json\/wp\/v2\/posts\/169824\/revisions"}],"wp:featuredmedia":[{"embeddable":true,"href":"https:\/\/candas365.es\/noticias\/wp-json\/wp\/v2\/media\/169825"}],"wp:attachment":[{"href":"https:\/\/candas365.es\/noticias\/wp-json\/wp\/v2\/media?parent=169824"}],"wp:term":[{"taxonomy":"category","embeddable":true,"href":"https:\/\/candas365.es\/noticias\/wp-json\/wp\/v2\/categories?post=169824"},{"taxonomy":"post_tag","embeddable":true,"href":"https:\/\/candas365.es\/noticias\/wp-json\/wp\/v2\/tags?post=169824"}],"curies":[{"name":"wp","href":"https:\/\/api.w.org\/{rel}","templated":true}]}}