{"id":169806,"date":"2022-12-03T23:54:39","date_gmt":"2022-12-03T22:54:39","guid":{"rendered":"https:\/\/candas365.es\/noticias\/?p=169806"},"modified":"2022-12-03T23:54:39","modified_gmt":"2022-12-03T22:54:39","slug":"neuendorf-tiene-en-sus-manos-el-futuro-de-flick","status":"publish","type":"post","link":"https:\/\/candas365.es\/noticias\/neuendorf-tiene-en-sus-manos-el-futuro-de-flick\/","title":{"rendered":"Neuendorf tiene en sus manos el futuro de Flick"},"content":{"rendered":"<p>Fr\u00e1ncfort, 3 dic (dpa) &#8211; El presidente de la Federaci\u00f3n Alemana de F\u00fatbol (DFB), Bernd Neuendorf, tiene en sus manos el futuro del seleccionador <a href=\"https:\/\/candas365.es\/noticias\/flick-no-piensa-en-renunciar-si-alemania-queda-eliminada-en-catar\/\"><span style=\"color: #ff6600;\"><strong>Hansi Flick<\/strong><\/span><\/a> y del director de la DFB, Oliver Bierfhoff, tras la frustrante eliminaci\u00f3n en la Copa del Mundo.<\/p>\n<figure id=\"attachment_169807\" aria-describedby=\"caption-attachment-169807\" style=\"width: 650px\" class=\"wp-caption aligncenter\"><img fetchpriority=\"high\" decoding=\"async\" class=\"wp-image-169807 size-large\" src=\"https:\/\/candas365.es\/noticias\/wp-content\/uploads\/2022\/12\/Neuendorf-650x431.jpg\" alt=\"Neuendorf\" width=\"650\" height=\"431\" srcset=\"https:\/\/candas365.es\/noticias\/wp-content\/uploads\/2022\/12\/Neuendorf-650x431.jpg 650w, https:\/\/candas365.es\/noticias\/wp-content\/uploads\/2022\/12\/Neuendorf-360x239.jpg 360w, https:\/\/candas365.es\/noticias\/wp-content\/uploads\/2022\/12\/Neuendorf-768x509.jpg 768w, https:\/\/candas365.es\/noticias\/wp-content\/uploads\/2022\/12\/Neuendorf-150x99.jpg 150w, https:\/\/candas365.es\/noticias\/wp-content\/uploads\/2022\/12\/Neuendorf-450x298.jpg 450w, https:\/\/candas365.es\/noticias\/wp-content\/uploads\/2022\/12\/Neuendorf.jpg 1006w\" sizes=\"(max-width: 650px) 100vw, 650px\" \/><figcaption id=\"caption-attachment-169807\" class=\"wp-caption-text\">El presidente de la Federaci\u00f3n Alemana de F\u00fatbol (DFB), Bernd Neuendorf (derecha) junto con el director de la DFB, Oliver Bierhoff. Foto: Christian Charisius\/dpa<\/figcaption><\/figure>\n<p>A pesar del fracaso en el Mundial, Flick y Bierhoff quieren seguir en sus puestos. Pero Neuendorf no es de los que toman decisiones apresuradas.<\/p>\n<p>El mensaje por ahora es que la decisi\u00f3n final es a\u00fan incierta, a pesar de que hay un coro cada vez m\u00e1s fuerte de expertos y exjugadores del seleccionado alem\u00e1n que piden un cambio radical.<\/p>\n<p>Neuendorf dej\u00f3 de lado su sello caracter\u00edstico durante su aparici\u00f3n p\u00fablica m\u00e1s importante como jefe de la DFB hasta la fecha. Se quit\u00f3 sus distintivas gafas negras, normalmente colocadas siempre sobre la calva, cuando present\u00f3 la primera etapa de su plan maestro para la superaci\u00f3n del trauma mundialista en el aeropuerto internacional Hamad de Doha.<\/p>\n<p>Sin embargo, una cosa est\u00e1 clara: el dirigente de 61 a\u00f1os seguir\u00e1 observando todo muy de cerca. Y escuchar\u00e1 cuando Flick y Bierhoff sean convocados a la primera reuni\u00f3n de crisis en Fr\u00e1ncfort la pr\u00f3xima semana.<\/p>\n<p>\u00abLo que espero de la direcci\u00f3n deportiva es que en esta reuni\u00f3n haga un primer an\u00e1lisis, un an\u00e1lisis deportivo del torneo. Pero que tambi\u00e9n desarrollen perspectivas para despu\u00e9s del torneo con vistas a la Eurocopa (2024) en nuestro pa\u00eds\u00bb, dijo Neuendorf. Palabras que suenan a hechos.<\/p>\n<p>El papel de poner en orden el desorden recae sobre un hombre que hace unos meses era una figura marginal en el negocio del f\u00fatbol alem\u00e1n. Mientras tanto, los hinchas alemanes oscilan entre la frustraci\u00f3n por la eliminaci\u00f3n en la frase de grupos y el rechazo a la selecci\u00f3n germana.<\/p>\n<p>Neuendorf es pol\u00edtico y fue exsecretario de Renania del Norte-Westfalia. Como tal, el actual presidente de la DFB es alguien acostumbrado a mirar los problemas de manera formal y a la vez orientado al poder. Habr\u00e1 que esperar a su decisi\u00f3n, que no estar\u00e1 en cualquier caso regida por las emociones.<\/p>\n<p><i class=\"lang-es\"><span class=\" readonly\" title=\"\">Por Arne Richter, Klaus Bergmann y Jan Mies (dpa)<\/span><\/i><\/p>\n","protected":false},"excerpt":{"rendered":"<p>Fr\u00e1ncfort, 3 dic (dpa) &#8211; El presidente de la Federaci\u00f3n Alemana de F\u00fatbol (DFB), Bernd Neuendorf, tiene en sus manos el futuro del seleccionador Hansi Flick y del director de la DFB, Oliver Bierfhoff, tras la frustrante eliminaci\u00f3n en la Copa del Mundo. A pesar del fracaso en el Mundial, Flick y Bierhoff quieren seguir<\/p>\n","protected":false},"author":1,"featured_media":169807,"comment_status":"closed","ping_status":"closed","sticky":false,"template":"","format":"standard","meta":{"footnotes":""},"categories":[319],"tags":[417,389],"class_list":{"0":"post-169806","1":"post","2":"type-post","3":"status-publish","4":"format-standard","5":"has-post-thumbnail","7":"category-deporte","8":"tag-alemania","9":"tag-futbol"},"aioseo_notices":[],"aioseo_head":"\n\t\t<!-- All in One SEO Pro 4.9.6.2 - aioseo.com -->\n\t<meta name=\"description\" content=\"Fr\u00e1ncfort, 3 dic (dpa) - El presidente de la Federaci\u00f3n Alemana de F\u00fatbol (DFB), Bernd Neuendorf, tiene en sus manos el futuro del seleccionador Hansi Flick\" \/>\n\t<meta name=\"robots\" content=\"max-image-preview:large\" \/>\n\t<meta name=\"author\" content=\"Cand\u00e1s 365\"\/>\n\t<meta name=\"google-site-verification\" content=\"UA-32230408-1\" \/>\n\t<meta name=\"msvalidate.01\" content=\"354F3CDFB2DA171B47FBE9ABF1F88D5\" \/>\n\t<meta name=\"keywords\" content=\"deporte\" \/>\n\t<link rel=\"canonical\" href=\"https:\/\/candas365.es\/noticias\/neuendorf-tiene-en-sus-manos-el-futuro-de-flick\/\" \/>\n\t<meta name=\"generator\" content=\"All in One SEO Pro (AIOSEO) 4.9.6.2\" \/>\n\t\t<meta property=\"og:locale\" content=\"es_ES\" \/>\n\t\t<meta property=\"og:site_name\" content=\"Cand\u00e1s 365\" \/>\n\t\t<meta property=\"og:type\" content=\"article\" \/>\n\t\t<meta property=\"og:title\" content=\"Neuendorf tiene en sus manos el futuro de Flick | Cand\u00e1s 365\" \/>\n\t\t<meta property=\"og:description\" content=\"Fr\u00e1ncfort, 3 dic (dpa) - El presidente de la Federaci\u00f3n Alemana de F\u00fatbol (DFB), Bernd Neuendorf, tiene en sus manos el futuro del seleccionador Hansi Flick\" \/>\n\t\t<meta property=\"og:url\" content=\"https:\/\/candas365.es\/noticias\/neuendorf-tiene-en-sus-manos-el-futuro-de-flick\/\" \/>\n\t\t<meta property=\"og:image\" content=\"https:\/\/candas365.es\/noticias\/wp-content\/uploads\/2022\/12\/Neuendorf.jpg\" \/>\n\t\t<meta property=\"og:image:secure_url\" content=\"https:\/\/candas365.es\/noticias\/wp-content\/uploads\/2022\/12\/Neuendorf.jpg\" \/>\n\t\t<meta property=\"og:image:width\" content=\"1006\" \/>\n\t\t<meta property=\"og:image:height\" content=\"667\" \/>\n\t\t<meta property=\"article:published_time\" content=\"2022-12-03T22:54:39+00:00\" \/>\n\t\t<meta property=\"article:modified_time\" content=\"2022-12-03T22:54:39+00:00\" \/>\n\t\t<meta property=\"article:publisher\" content=\"https:\/\/www.facebook.com\/Nachofdezber\" \/>\n\t\t<meta property=\"article:author\" content=\"https:\/\/www.facebook.com\/carrenoactualidad\" \/>\n\t\t<meta name=\"twitter:card\" content=\"summary_large_image\" \/>\n\t\t<meta name=\"twitter:site\" content=\"@NabercoDigital\" \/>\n\t\t<meta name=\"twitter:title\" content=\"Neuendorf tiene en sus manos el futuro de Flick | Cand\u00e1s 365\" \/>\n\t\t<meta name=\"twitter:description\" content=\"Fr\u00e1ncfort, 3 dic (dpa) - El presidente de la Federaci\u00f3n Alemana de F\u00fatbol (DFB), Bernd Neuendorf, tiene en sus manos el futuro del seleccionador Hansi Flick\" \/>\n\t\t<meta name=\"twitter:creator\" content=\"@nbasturias\" \/>\n\t\t<meta name=\"twitter:image\" content=\"https:\/\/candas365.es\/noticias\/wp-content\/uploads\/2022\/12\/Neuendorf.jpg\" \/>\n\t\t<meta name=\"twitter:label1\" content=\"Escrito por\" \/>\n\t\t<meta name=\"twitter:data1\" content=\"Cand\u00e1s 365\" \/>\n\t\t<meta name=\"twitter:label2\" content=\"Tiempo de lectura estimado\" \/>\n\t\t<meta name=\"twitter:data2\" content=\"2 minutos\" \/>\n\t\t<script type=\"application\/ld+json\" class=\"aioseo-schema\">\n\t\t\t{\"@context\":\"https:\\\/\\\/schema.org\",\"@graph\":[{\"@type\":\"BreadcrumbList\",\"@id\":\"https:\\\/\\\/candas365.es\\\/noticias\\\/neuendorf-tiene-en-sus-manos-el-futuro-de-flick\\\/#breadcrumblist\",\"itemListElement\":[{\"@type\":\"ListItem\",\"@id\":\"https:\\\/\\\/candas365.es\\\/noticias#listItem\",\"position\":1,\"name\":\"Home\",\"item\":\"https:\\\/\\\/candas365.es\\\/noticias\",\"nextItem\":{\"@type\":\"ListItem\",\"@id\":\"https:\\\/\\\/candas365.es\\\/noticias\\\/category\\\/deporte\\\/#listItem\",\"name\":\"Deporte\"}},{\"@type\":\"ListItem\",\"@id\":\"https:\\\/\\\/candas365.es\\\/noticias\\\/category\\\/deporte\\\/#listItem\",\"position\":2,\"name\":\"Deporte\",\"item\":\"https:\\\/\\\/candas365.es\\\/noticias\\\/category\\\/deporte\\\/\",\"nextItem\":{\"@type\":\"ListItem\",\"@id\":\"https:\\\/\\\/candas365.es\\\/noticias\\\/neuendorf-tiene-en-sus-manos-el-futuro-de-flick\\\/#listItem\",\"name\":\"Neuendorf tiene en sus manos el futuro de Flick\"},\"previousItem\":{\"@type\":\"ListItem\",\"@id\":\"https:\\\/\\\/candas365.es\\\/noticias#listItem\",\"name\":\"Home\"}},{\"@type\":\"ListItem\",\"@id\":\"https:\\\/\\\/candas365.es\\\/noticias\\\/neuendorf-tiene-en-sus-manos-el-futuro-de-flick\\\/#listItem\",\"position\":3,\"name\":\"Neuendorf tiene en sus manos el futuro de Flick\",\"previousItem\":{\"@type\":\"ListItem\",\"@id\":\"https:\\\/\\\/candas365.es\\\/noticias\\\/category\\\/deporte\\\/#listItem\",\"name\":\"Deporte\"}}]},{\"@type\":\"NewsArticle\",\"@id\":\"https:\\\/\\\/candas365.es\\\/noticias\\\/neuendorf-tiene-en-sus-manos-el-futuro-de-flick\\\/#newsarticle\",\"name\":\"Neuendorf tiene en sus manos el futuro de Flick | Cand\\u00e1s 365\",\"headline\":\"Neuendorf tiene en sus manos el futuro de Flick\",\"author\":{\"@id\":\"https:\\\/\\\/candas365.es\\\/noticias\\\/author\\\/admin\\\/#author\"},\"publisher\":{\"@id\":\"https:\\\/\\\/candas365.es\\\/noticias\\\/#organization\"},\"image\":{\"@type\":\"ImageObject\",\"url\":\"https:\\\/\\\/candas365.es\\\/noticias\\\/wp-content\\\/uploads\\\/2022\\\/12\\\/Neuendorf.jpg\",\"width\":1006,\"height\":667,\"caption\":\"El presidente de la Federaci\\u00f3n Alemana de F\\u00fatbol (DFB), Bernd Neuendorf (derecha) junto con el director de la DFB, Oliver Bierhoff. Foto: Christian Charisius\\\/dpa\"},\"datePublished\":\"2022-12-03T23:54:39+01:00\",\"dateModified\":\"2022-12-03T23:54:39+01:00\",\"inLanguage\":\"es-ES\",\"mainEntityOfPage\":{\"@id\":\"https:\\\/\\\/candas365.es\\\/noticias\\\/neuendorf-tiene-en-sus-manos-el-futuro-de-flick\\\/#webpage\"},\"isPartOf\":{\"@id\":\"https:\\\/\\\/candas365.es\\\/noticias\\\/neuendorf-tiene-en-sus-manos-el-futuro-de-flick\\\/#webpage\"},\"articleSection\":\"Deporte, Alemania, f\\u00fatbol\",\"dateline\":\"Publicado el diciembre 3, 2022.\"},{\"@type\":\"Organization\",\"@id\":\"https:\\\/\\\/candas365.es\\\/noticias\\\/#organization\",\"name\":\"Cand\\u00e1s 365\",\"description\":\"Cand\\u00e1s 365 es un diario digital independiente, fundado en 2012, con base en Asturias. Informamos con rigor sobre actualidad, sociedad, cultura y ocio, con una mirada local y global.\",\"url\":\"https:\\\/\\\/candas365.es\\\/noticias\\\/\",\"email\":\"info@candas365.es\",\"telephone\":\"+34652131393\",\"foundingDate\":\"2012-06-10\",\"logo\":{\"@type\":\"ImageObject\",\"url\":\"https:\\\/\\\/candas365.es\\\/noticias\\\/wp-content\\\/uploads\\\/2024\\\/09\\\/Candas-365-Redes.jpg\",\"@id\":\"https:\\\/\\\/candas365.es\\\/noticias\\\/neuendorf-tiene-en-sus-manos-el-futuro-de-flick\\\/#organizationLogo\",\"width\":1152,\"height\":864,\"caption\":\"Cand\\u00e1s 365 Redes\"},\"image\":{\"@id\":\"https:\\\/\\\/candas365.es\\\/noticias\\\/neuendorf-tiene-en-sus-manos-el-futuro-de-flick\\\/#organizationLogo\"},\"sameAs\":[\"https:\\\/\\\/www.facebook.com\\\/Nachofdezber\",\"https:\\\/\\\/x.com\\\/NabercoDigital\",\"https:\\\/\\\/www.instagram.com\\\/nachofdezber\\\/\",\"https:\\\/\\\/www.youtube.com\\\/channel\\\/UCZP-2wLEB9Rv6erhFmqVnvg\"],\"address\":{\"@id\":\"https:\\\/\\\/candas365.es\\\/noticias\\\/#postaladdress\",\"@type\":\"PostalAddress\",\"streetAddress\":\"san antonio 4, san antonio 4\",\"postalCode\":\"33430\",\"addressLocality\":\"Cand\\u00e1s\",\"addressRegion\":\"Asturias\",\"addressCountry\":\"ES\"}},{\"@type\":\"Person\",\"@id\":\"https:\\\/\\\/candas365.es\\\/noticias\\\/author\\\/admin\\\/#author\",\"url\":\"https:\\\/\\\/candas365.es\\\/noticias\\\/author\\\/admin\\\/\",\"name\":\"Cand\\u00e1s 365\",\"image\":{\"@type\":\"ImageObject\",\"@id\":\"https:\\\/\\\/candas365.es\\\/noticias\\\/neuendorf-tiene-en-sus-manos-el-futuro-de-flick\\\/#authorImage\",\"url\":\"https:\\\/\\\/secure.gravatar.com\\\/avatar\\\/496a8e03d0c493ede1718b7934145dbdf8d89be1036b0eec9544e1094c9de390?s=96&d=mm&r=g\",\"width\":96,\"height\":96,\"caption\":\"Cand\\u00e1s 365\"},\"sameAs\":[\"https:\\\/\\\/www.facebook.com\\\/carrenoactualidad\",\"https:\\\/\\\/twitter.com\\\/nbasturias\",\"https:\\\/\\\/www.instagram.com\\\/nachofdezber\\\/\",\"https:\\\/\\\/www.youtube.com\\\/channel\\\/UCZP-2wLEB9Rv6erhFmqVnvg\"]},{\"@type\":\"WebPage\",\"@id\":\"https:\\\/\\\/candas365.es\\\/noticias\\\/neuendorf-tiene-en-sus-manos-el-futuro-de-flick\\\/#webpage\",\"url\":\"https:\\\/\\\/candas365.es\\\/noticias\\\/neuendorf-tiene-en-sus-manos-el-futuro-de-flick\\\/\",\"name\":\"Neuendorf tiene en sus manos el futuro de Flick | Cand\\u00e1s 365\",\"description\":\"Fr\\u00e1ncfort, 3 dic (dpa) - El presidente de la Federaci\\u00f3n Alemana de F\\u00fatbol (DFB), Bernd Neuendorf, tiene en sus manos el futuro del seleccionador Hansi Flick\",\"inLanguage\":\"es-ES\",\"isPartOf\":{\"@id\":\"https:\\\/\\\/candas365.es\\\/noticias\\\/#website\"},\"breadcrumb\":{\"@id\":\"https:\\\/\\\/candas365.es\\\/noticias\\\/neuendorf-tiene-en-sus-manos-el-futuro-de-flick\\\/#breadcrumblist\"},\"author\":{\"@id\":\"https:\\\/\\\/candas365.es\\\/noticias\\\/author\\\/admin\\\/#author\"},\"creator\":{\"@id\":\"https:\\\/\\\/candas365.es\\\/noticias\\\/author\\\/admin\\\/#author\"},\"image\":{\"@type\":\"ImageObject\",\"url\":\"https:\\\/\\\/candas365.es\\\/noticias\\\/wp-content\\\/uploads\\\/2022\\\/12\\\/Neuendorf.jpg\",\"@id\":\"https:\\\/\\\/candas365.es\\\/noticias\\\/neuendorf-tiene-en-sus-manos-el-futuro-de-flick\\\/#mainImage\",\"width\":1006,\"height\":667,\"caption\":\"El presidente de la Federaci\\u00f3n Alemana de F\\u00fatbol (DFB), Bernd Neuendorf (derecha) junto con el director de la DFB, Oliver Bierhoff. Foto: Christian Charisius\\\/dpa\"},\"primaryImageOfPage\":{\"@id\":\"https:\\\/\\\/candas365.es\\\/noticias\\\/neuendorf-tiene-en-sus-manos-el-futuro-de-flick\\\/#mainImage\"},\"datePublished\":\"2022-12-03T23:54:39+01:00\",\"dateModified\":\"2022-12-03T23:54:39+01:00\"},{\"@type\":\"WebSite\",\"@id\":\"https:\\\/\\\/candas365.es\\\/noticias\\\/#website\",\"url\":\"https:\\\/\\\/candas365.es\\\/noticias\\\/\",\"name\":\"Cand\\u00e1s 365\",\"alternateName\":\"Cand\\u00e1s 365 Noticias\",\"description\":\"Actualidad desde Carre\\u00f1o para el mundo\",\"inLanguage\":\"es-ES\",\"publisher\":{\"@id\":\"https:\\\/\\\/candas365.es\\\/noticias\\\/#organization\"}}]}\n\t\t<\/script>\n\t\t<!-- All in One SEO Pro -->\r\n\t\t<title>Neuendorf tiene en sus manos el futuro de Flick | Cand\u00e1s 365<\/title>\n\n","aioseo_head_json":{"title":"Neuendorf tiene en sus manos el futuro de Flick | Cand\u00e1s 365","description":"Fr\u00e1ncfort, 3 dic (dpa) - El presidente de la Federaci\u00f3n Alemana de F\u00fatbol (DFB), Bernd Neuendorf, tiene en sus manos el futuro del seleccionador Hansi Flick","canonical_url":"https:\/\/candas365.es\/noticias\/neuendorf-tiene-en-sus-manos-el-futuro-de-flick\/","robots":"max-image-preview:large","keywords":"deporte","webmasterTools":{"google-site-verification":"UA-32230408-1","msvalidate.01":"354F3CDFB2DA171B47FBE9ABF1F88D5","miscellaneous":""},"schema":{"@context":"https:\/\/schema.org","@graph":[{"@type":"BreadcrumbList","@id":"https:\/\/candas365.es\/noticias\/neuendorf-tiene-en-sus-manos-el-futuro-de-flick\/#breadcrumblist","itemListElement":[{"@type":"ListItem","@id":"https:\/\/candas365.es\/noticias#listItem","position":1,"name":"Home","item":"https:\/\/candas365.es\/noticias","nextItem":{"@type":"ListItem","@id":"https:\/\/candas365.es\/noticias\/category\/deporte\/#listItem","name":"Deporte"}},{"@type":"ListItem","@id":"https:\/\/candas365.es\/noticias\/category\/deporte\/#listItem","position":2,"name":"Deporte","item":"https:\/\/candas365.es\/noticias\/category\/deporte\/","nextItem":{"@type":"ListItem","@id":"https:\/\/candas365.es\/noticias\/neuendorf-tiene-en-sus-manos-el-futuro-de-flick\/#listItem","name":"Neuendorf tiene en sus manos el futuro de Flick"},"previousItem":{"@type":"ListItem","@id":"https:\/\/candas365.es\/noticias#listItem","name":"Home"}},{"@type":"ListItem","@id":"https:\/\/candas365.es\/noticias\/neuendorf-tiene-en-sus-manos-el-futuro-de-flick\/#listItem","position":3,"name":"Neuendorf tiene en sus manos el futuro de Flick","previousItem":{"@type":"ListItem","@id":"https:\/\/candas365.es\/noticias\/category\/deporte\/#listItem","name":"Deporte"}}]},{"@type":"NewsArticle","@id":"https:\/\/candas365.es\/noticias\/neuendorf-tiene-en-sus-manos-el-futuro-de-flick\/#newsarticle","name":"Neuendorf tiene en sus manos el futuro de Flick | Cand\u00e1s 365","headline":"Neuendorf tiene en sus manos el futuro de Flick","author":{"@id":"https:\/\/candas365.es\/noticias\/author\/admin\/#author"},"publisher":{"@id":"https:\/\/candas365.es\/noticias\/#organization"},"image":{"@type":"ImageObject","url":"https:\/\/candas365.es\/noticias\/wp-content\/uploads\/2022\/12\/Neuendorf.jpg","width":1006,"height":667,"caption":"El presidente de la Federaci\u00f3n Alemana de F\u00fatbol (DFB), Bernd Neuendorf (derecha) junto con el director de la DFB, Oliver Bierhoff. Foto: Christian Charisius\/dpa"},"datePublished":"2022-12-03T23:54:39+01:00","dateModified":"2022-12-03T23:54:39+01:00","inLanguage":"es-ES","mainEntityOfPage":{"@id":"https:\/\/candas365.es\/noticias\/neuendorf-tiene-en-sus-manos-el-futuro-de-flick\/#webpage"},"isPartOf":{"@id":"https:\/\/candas365.es\/noticias\/neuendorf-tiene-en-sus-manos-el-futuro-de-flick\/#webpage"},"articleSection":"Deporte, Alemania, f\u00fatbol","dateline":"Publicado el diciembre 3, 2022."},{"@type":"Organization","@id":"https:\/\/candas365.es\/noticias\/#organization","name":"Cand\u00e1s 365","description":"Cand\u00e1s 365 es un diario digital independiente, fundado en 2012, con base en Asturias. Informamos con rigor sobre actualidad, sociedad, cultura y ocio, con una mirada local y global.","url":"https:\/\/candas365.es\/noticias\/","email":"info@candas365.es","telephone":"+34652131393","foundingDate":"2012-06-10","logo":{"@type":"ImageObject","url":"https:\/\/candas365.es\/noticias\/wp-content\/uploads\/2024\/09\/Candas-365-Redes.jpg","@id":"https:\/\/candas365.es\/noticias\/neuendorf-tiene-en-sus-manos-el-futuro-de-flick\/#organizationLogo","width":1152,"height":864,"caption":"Cand\u00e1s 365 Redes"},"image":{"@id":"https:\/\/candas365.es\/noticias\/neuendorf-tiene-en-sus-manos-el-futuro-de-flick\/#organizationLogo"},"sameAs":["https:\/\/www.facebook.com\/Nachofdezber","https:\/\/x.com\/NabercoDigital","https:\/\/www.instagram.com\/nachofdezber\/","https:\/\/www.youtube.com\/channel\/UCZP-2wLEB9Rv6erhFmqVnvg"],"address":{"@id":"https:\/\/candas365.es\/noticias\/#postaladdress","@type":"PostalAddress","streetAddress":"san antonio 4, san antonio 4","postalCode":"33430","addressLocality":"Cand\u00e1s","addressRegion":"Asturias","addressCountry":"ES"}},{"@type":"Person","@id":"https:\/\/candas365.es\/noticias\/author\/admin\/#author","url":"https:\/\/candas365.es\/noticias\/author\/admin\/","name":"Cand\u00e1s 365","image":{"@type":"ImageObject","@id":"https:\/\/candas365.es\/noticias\/neuendorf-tiene-en-sus-manos-el-futuro-de-flick\/#authorImage","url":"https:\/\/secure.gravatar.com\/avatar\/496a8e03d0c493ede1718b7934145dbdf8d89be1036b0eec9544e1094c9de390?s=96&d=mm&r=g","width":96,"height":96,"caption":"Cand\u00e1s 365"},"sameAs":["https:\/\/www.facebook.com\/carrenoactualidad","https:\/\/twitter.com\/nbasturias","https:\/\/www.instagram.com\/nachofdezber\/","https:\/\/www.youtube.com\/channel\/UCZP-2wLEB9Rv6erhFmqVnvg"]},{"@type":"WebPage","@id":"https:\/\/candas365.es\/noticias\/neuendorf-tiene-en-sus-manos-el-futuro-de-flick\/#webpage","url":"https:\/\/candas365.es\/noticias\/neuendorf-tiene-en-sus-manos-el-futuro-de-flick\/","name":"Neuendorf tiene en sus manos el futuro de Flick | Cand\u00e1s 365","description":"Fr\u00e1ncfort, 3 dic (dpa) - El presidente de la Federaci\u00f3n Alemana de F\u00fatbol (DFB), Bernd Neuendorf, tiene en sus manos el futuro del seleccionador Hansi Flick","inLanguage":"es-ES","isPartOf":{"@id":"https:\/\/candas365.es\/noticias\/#website"},"breadcrumb":{"@id":"https:\/\/candas365.es\/noticias\/neuendorf-tiene-en-sus-manos-el-futuro-de-flick\/#breadcrumblist"},"author":{"@id":"https:\/\/candas365.es\/noticias\/author\/admin\/#author"},"creator":{"@id":"https:\/\/candas365.es\/noticias\/author\/admin\/#author"},"image":{"@type":"ImageObject","url":"https:\/\/candas365.es\/noticias\/wp-content\/uploads\/2022\/12\/Neuendorf.jpg","@id":"https:\/\/candas365.es\/noticias\/neuendorf-tiene-en-sus-manos-el-futuro-de-flick\/#mainImage","width":1006,"height":667,"caption":"El presidente de la Federaci\u00f3n Alemana de F\u00fatbol (DFB), Bernd Neuendorf (derecha) junto con el director de la DFB, Oliver Bierhoff. Foto: Christian Charisius\/dpa"},"primaryImageOfPage":{"@id":"https:\/\/candas365.es\/noticias\/neuendorf-tiene-en-sus-manos-el-futuro-de-flick\/#mainImage"},"datePublished":"2022-12-03T23:54:39+01:00","dateModified":"2022-12-03T23:54:39+01:00"},{"@type":"WebSite","@id":"https:\/\/candas365.es\/noticias\/#website","url":"https:\/\/candas365.es\/noticias\/","name":"Cand\u00e1s 365","alternateName":"Cand\u00e1s 365 Noticias","description":"Actualidad desde Carre\u00f1o para el mundo","inLanguage":"es-ES","publisher":{"@id":"https:\/\/candas365.es\/noticias\/#organization"}}]},"og:locale":"es_ES","og:site_name":"Cand\u00e1s 365","og:type":"article","og:title":"Neuendorf tiene en sus manos el futuro de Flick | Cand\u00e1s 365","og:description":"Fr\u00e1ncfort, 3 dic (dpa) - El presidente de la Federaci\u00f3n Alemana de F\u00fatbol (DFB), Bernd Neuendorf, tiene en sus manos el futuro del seleccionador Hansi Flick","og:url":"https:\/\/candas365.es\/noticias\/neuendorf-tiene-en-sus-manos-el-futuro-de-flick\/","og:image":"https:\/\/candas365.es\/noticias\/wp-content\/uploads\/2022\/12\/Neuendorf.jpg","og:image:secure_url":"https:\/\/candas365.es\/noticias\/wp-content\/uploads\/2022\/12\/Neuendorf.jpg","og:image:width":1006,"og:image:height":667,"article:published_time":"2022-12-03T22:54:39+00:00","article:modified_time":"2022-12-03T22:54:39+00:00","article:publisher":"https:\/\/www.facebook.com\/Nachofdezber","article:author":"https:\/\/www.facebook.com\/carrenoactualidad","twitter:card":"summary_large_image","twitter:site":"@NabercoDigital","twitter:title":"Neuendorf tiene en sus manos el futuro de Flick | Cand\u00e1s 365","twitter:description":"Fr\u00e1ncfort, 3 dic (dpa) - El presidente de la Federaci\u00f3n Alemana de F\u00fatbol (DFB), Bernd Neuendorf, tiene en sus manos el futuro del seleccionador Hansi Flick","twitter:creator":"@nbasturias","twitter:image":"https:\/\/candas365.es\/noticias\/wp-content\/uploads\/2022\/12\/Neuendorf.jpg","twitter:label1":"Escrito por","twitter:data1":"Cand\u00e1s 365","twitter:label2":"Tiempo de lectura estimado","twitter:data2":"2 minutos"},"aioseo_meta_data":{"post_id":"169806","title":null,"description":"Fr\u00e1ncfort, 3 dic (dpa) - El presidente de la Federaci\u00f3n Alemana de F\u00fatbol (DFB), Bernd Neuendorf, tiene en sus manos el futuro del seleccionador Hansi Flick","keywords":[],"keyphrases":{"focus":{"keyphrase":"Neuendorf","score":92,"analysis":{"keyphraseInTitle":{"score":9,"maxScore":9,"error":0},"keyphraseInDescription":{"score":9,"maxScore":9,"error":0},"keyphraseLength":{"score":9,"maxScore":9,"error":0,"length":1},"keyphraseInURL":{"score":1,"maxScore":5,"error":1},"keyphraseInIntroduction":{"score":9,"maxScore":9,"error":0},"keyphraseInSubHeadings":[],"keyphraseInImageAlt":{"score":9,"maxScore":9,"error":0}}},"additional":[{"keyphrase":"Flick","score":83,"analysis":{"keyphraseInDescription":{"score":9,"maxScore":9,"error":0},"keyphraseLength":{"score":9,"maxScore":9,"error":0,"length":1},"keyphraseInIntroduction":{"score":9,"maxScore":9,"error":0},"keyphraseInImageAlt":{"score":3,"maxScore":9,"error":1}}},{"keyphrase":" Bernd Neuendorf","score":100,"analysis":{"keyphraseInDescription":{"score":9,"maxScore":9,"error":0},"keyphraseLength":{"score":9,"maxScore":9,"error":0,"length":2},"keyphraseInIntroduction":{"score":9,"maxScore":9,"error":0},"keyphraseInImageAlt":{"score":9,"maxScore":9,"error":0}}}]},"primary_term":null,"canonical_url":null,"og_title":null,"og_description":null,"og_object_type":"default","og_image_type":"default","og_image_url":null,"og_image_width":null,"og_image_height":null,"og_image_custom_url":null,"og_image_custom_fields":null,"og_video":"","og_custom_url":null,"og_article_section":null,"og_article_tags":[],"twitter_use_og":false,"twitter_card":"default","twitter_image_type":"default","twitter_image_url":null,"twitter_image_custom_url":null,"twitter_image_custom_fields":null,"twitter_title":null,"twitter_description":null,"schema":{"blockGraphs":[],"customGraphs":[],"default":{"data":{"Article":[],"Course":[],"Dataset":[],"FAQPage":[],"Movie":[],"Person":[],"Product":[],"ProductReview":[],"Car":[],"Recipe":[],"Service":[],"SoftwareApplication":[],"WebPage":[]},"graphName":"Article","isEnabled":true},"graphs":[]},"schema_type":"default","schema_type_options":null,"pillar_content":false,"robots_default":true,"robots_noindex":false,"robots_noarchive":false,"robots_nosnippet":false,"robots_nofollow":false,"robots_noimageindex":false,"robots_noodp":false,"robots_notranslate":false,"robots_max_snippet":"-1","robots_max_videopreview":"-1","robots_max_imagepreview":"large","priority":null,"frequency":"default","location":null,"local_seo":null,"seo_analyzer_scan_date":"2025-09-01 16:42:16","breadcrumb_settings":null,"limit_modified_date":false,"reviewed_by":null,"open_ai":null,"ai":null,"created":"2022-12-03 22:48:47","updated":"2025-09-01 16:42:16"},"aioseo_breadcrumb":"<div class=\"aioseo-breadcrumbs\"><span class=\"aioseo-breadcrumb\">\n\t<a href=\"https:\/\/candas365.es\/noticias\" title=\"Home\">Home<\/a>\n<\/span><span class=\"aioseo-breadcrumb-separator\">&ndash;<\/span><span class=\"aioseo-breadcrumb\">\n\t<a href=\"https:\/\/candas365.es\/noticias\/category\/deporte\/\" title=\"Deporte\">Deporte<\/a>\n<\/span><span class=\"aioseo-breadcrumb-separator\">&ndash;<\/span><span class=\"aioseo-breadcrumb\">\n\tNeuendorf tiene en sus manos el futuro de Flick\n<\/span><\/div>","aioseo_breadcrumb_json":[{"label":"Home","link":"https:\/\/candas365.es\/noticias"},{"label":"Deporte","link":"https:\/\/candas365.es\/noticias\/category\/deporte\/"},{"label":"Neuendorf tiene en sus manos el futuro de Flick","link":"https:\/\/candas365.es\/noticias\/neuendorf-tiene-en-sus-manos-el-futuro-de-flick\/"}],"_links":{"self":[{"href":"https:\/\/candas365.es\/noticias\/wp-json\/wp\/v2\/posts\/169806","targetHints":{"allow":["GET"]}}],"collection":[{"href":"https:\/\/candas365.es\/noticias\/wp-json\/wp\/v2\/posts"}],"about":[{"href":"https:\/\/candas365.es\/noticias\/wp-json\/wp\/v2\/types\/post"}],"author":[{"embeddable":true,"href":"https:\/\/candas365.es\/noticias\/wp-json\/wp\/v2\/users\/1"}],"replies":[{"embeddable":true,"href":"https:\/\/candas365.es\/noticias\/wp-json\/wp\/v2\/comments?post=169806"}],"version-history":[{"count":0,"href":"https:\/\/candas365.es\/noticias\/wp-json\/wp\/v2\/posts\/169806\/revisions"}],"wp:featuredmedia":[{"embeddable":true,"href":"https:\/\/candas365.es\/noticias\/wp-json\/wp\/v2\/media\/169807"}],"wp:attachment":[{"href":"https:\/\/candas365.es\/noticias\/wp-json\/wp\/v2\/media?parent=169806"}],"wp:term":[{"taxonomy":"category","embeddable":true,"href":"https:\/\/candas365.es\/noticias\/wp-json\/wp\/v2\/categories?post=169806"},{"taxonomy":"post_tag","embeddable":true,"href":"https:\/\/candas365.es\/noticias\/wp-json\/wp\/v2\/tags?post=169806"}],"curies":[{"name":"wp","href":"https:\/\/api.w.org\/{rel}","templated":true}]}}