{"id":169803,"date":"2022-12-03T23:47:01","date_gmt":"2022-12-03T22:47:01","guid":{"rendered":"https:\/\/candas365.es\/noticias\/?p=169803"},"modified":"2022-12-03T23:47:01","modified_gmt":"2022-12-03T22:47:01","slug":"catar-2022-messi-y-julian-alvarez-dan-el-triunfo-a-la-albiceleste","status":"publish","type":"post","link":"https:\/\/candas365.es\/noticias\/catar-2022-messi-y-julian-alvarez-dan-el-triunfo-a-la-albiceleste\/","title":{"rendered":"Catar 2022: Messi y Juli\u00e1n \u00c1lvarez dan el triunfo a la albiceleste"},"content":{"rendered":"<p>(EP) &#8211; Las selecci\u00f3n de Argentina continu\u00f3 con su crecimiento en el <a href=\"https:\/\/candas365.es\/noticias\/catar-2022-quien-se-llevara-la-copa-del-mundo-de-futbol\/\"><span style=\"color: #ff6600;\"><strong>Mundial de Catar<\/strong><\/span><\/a> y firm\u00f3 su pase a los cuartos de final este s\u00e1bado tras vencer (2-1) a Australia, gracias los goles de Leo Messi y Juli\u00e1n \u00c1lvarez, en un partido sufrido que los de Graham Arnold pudieron mandar a la pr\u00f3rroga en el \u00faltimo minuto, pero la mano salvadora del &#8216;Dibu&#8217; Mart\u00ednez evit\u00f3 el sonrojo.<\/p>\n<p><img fetchpriority=\"high\" decoding=\"async\" class=\"aligncenter wp-image-169804 size-full\" src=\"https:\/\/candas365.es\/noticias\/wp-content\/uploads\/2022\/12\/Futbol.jpg\" alt=\"F\u00fatbol\" width=\"640\" height=\"425\" srcset=\"https:\/\/candas365.es\/noticias\/wp-content\/uploads\/2022\/12\/Futbol.jpg 640w, https:\/\/candas365.es\/noticias\/wp-content\/uploads\/2022\/12\/Futbol-360x239.jpg 360w, https:\/\/candas365.es\/noticias\/wp-content\/uploads\/2022\/12\/Futbol-150x100.jpg 150w, https:\/\/candas365.es\/noticias\/wp-content\/uploads\/2022\/12\/Futbol-450x299.jpg 450w\" sizes=\"(max-width: 640px) 100vw, 640px\" \/><\/p>\n<p>El conjunto oce\u00e1nico lleg\u00f3 a meter el miedo en el cuerpo gracias al gol en propia puerta de Enzo Fern\u00e1ndez que supuso el 2-1 en el minuto 77. Adem\u00e1s, con el tiempo de a\u00f1adido casi cumplido, el portero argentino salv\u00f3 un disparo a bocajarro de Kuol, que hubiera supuesto el empate en el marcador.<\/p>\n<p>Ahora, el combinado que dirige Lionel Scaloni se enfrentar\u00e1 a Pa\u00edses Bajos en la siguiente ronda, en la que espera reeditar las semifinales del Mundial de 2014, cuando la albiceleste venci\u00f3 al conjunto neerland\u00e9s en la tanda de penaltis para hacerse con una plaza en la final, que terminar\u00eda perdiendo ante Alemania.<\/p>\n<p>Enzo Fern\u00e1ndez y Alexis Mac Allister volvieron a funcionar en la zona de creaci\u00f3n sudamericana, mientras que arriba, el &#8216;Papu&#8217; G\u00f3mez supli\u00f3 al lesionado Di Mar\u00eda, junto a Juli\u00e1n \u00c1lvarez y un extraordinario Leo Messi, que hizo las delicias de su afici\u00f3n liderando el juego de su equipo.<\/p>\n<p>Con los papeles bien definidos desde el principio, los &#8216;Socceroos&#8217; arrancaron con el objetivo de intentar alargar todo lo posible la emoci\u00f3n y apurar sus pocas opciones. Replegados en su propio campo, los de Graham Arnold dominaron por momentos el juego, hasta que una genialidad de Leo Messi acab\u00f3 por despejar las dudas de su selecci\u00f3n.<\/p>\n<p>El &#8217;10&#8217; de Argentina tir\u00f3 la diagonal en el \u00e1rea y busc\u00f3 el tiro cruzado al palo largo de Ryan. El portero, rodeado de jugadores, no pudo hacer nada para evitar el gol y el festejo de una grada te\u00f1ida de albiceleste. A partir de ah\u00ed, los de Scaloni dieron un paso al frente y, entonces s\u00ed, tiraron de galones para dominar el choque y llegar al descanso con ventaja en el marcador.<\/p>\n<p>Ya en la segunda mitad, los sudamericanos mantuvieron el mismo gui\u00f3n sobre el c\u00e9sped, sabedores de la necesidad de cerrar el partido para evitar cualquier susto. As\u00ed, con una presi\u00f3n m\u00e1s adelantada, los de Scaloni encontraron el premio a su insistencia provocando un error garrafal de Ryan.<\/p>\n<p>El meta australiano intent\u00f3 regatear a De Paul en su propia \u00e1rea, pero tras fallar en el control, Juli\u00e1n \u00c1lvarez, muy bien colocado, logr\u00f3 quitarle el bal\u00f3n para marcar a placer a porter\u00eda vac\u00eda. Buenos minutos de la albiceleste, que pis\u00f3 el acelerador y fue un rodillo sobre los australianos pero que, lejos de esconderse, supieron rehacerse y devolvieron el golpe.<\/p>\n<p>Goodwin conect\u00f3 un disparo desde media distancia que, tras rebotar en la cabeza de Enzo Fern\u00e1ndez, se col\u00f3 entre los tres palos ante la mirada at\u00f3nita del &#8216;Dibu&#8217; Mart\u00ednez. Australia lleg\u00f3 a so\u00f1ar por momentos con el empate, e incluso poco despu\u00e9s Behich tuvo en sus botas la pr\u00f3rroga. Sin embargo, los minutos finales dejaron ocasiones para ambos conjuntos, siendo la m\u00e1s clara el mano a mano de Kuol en el \u00faltimo suspiro que por poco logra el empate.<\/p>\n<h2>FICHA T\u00c9CNICA.<\/h2>\n<p>RESULTADO: ARGENTINA, 2 &#8211; AUSTRALIA, 1. (1-0 al descanso).<\/p>\n<p>ALINEACIONES.<\/p>\n<p>ARGENTINA: &#8216;Dibu&#8217; Mart\u00ednez; Molina (Montiel, min.80), Romero, Otamendi, Acu\u00f1a (Tagliafico, min.71); Enzo Fern\u00e1ndez, Mac Allister (Palacios, min.80), De Paul; &#8216;Papu&#8217; G\u00f3mez (Mart\u00ednez, min. 57), Messi y Juli\u00e1n \u00c1lvarez (Mart\u00ednez, min.71).<\/p>\n<p>AUSTRALIA: Ryan; Degenk (Karacic, min.72), Souttar, Rowles, Behich; Leckie (Kuol, min. 72), Mooy, Irvine, Baccus (Hrustic, min.58); McGree (Goodwin min,58) y Duke (Maclaren, min. 72).<\/p>\n<p>GOLES.<\/p>\n<p>1-0, min. 35: Messi.<\/p>\n<p>2-0, min. 57: Juli\u00e1n \u00c1lvarez.<\/p>\n<p>2-1, min. 77: Enzo Fern\u00e1ndez (PP).<\/p>\n<p>\u00c1RBITRO: Szymon Marciniak (POL). Amonest\u00f3 a Irvine (min.15) y Degenek (min.38) por parte de Australia.<\/p>\n<p>ESTADIO: Ahmad Bin Ali.<\/p>\n","protected":false},"excerpt":{"rendered":"<p>(EP) &#8211; Las selecci\u00f3n de Argentina continu\u00f3 con su crecimiento en el Mundial de Catar y firm\u00f3 su pase a los cuartos de final este s\u00e1bado tras vencer (2-1) a Australia, gracias los goles de Leo Messi y Juli\u00e1n \u00c1lvarez, en un partido sufrido que los de Graham Arnold pudieron mandar a la pr\u00f3rroga en<\/p>\n","protected":false},"author":1,"featured_media":169804,"comment_status":"closed","ping_status":"closed","sticky":false,"template":"","format":"standard","meta":{"footnotes":""},"categories":[319],"tags":[513,387],"class_list":{"0":"post-169803","1":"post","2":"type-post","3":"status-publish","4":"format-standard","5":"has-post-thumbnail","7":"category-deporte","8":"tag-catar-2022","9":"tag-deporte"},"aioseo_notices":[],"aioseo_head":"\n\t\t<!-- All in One SEO Pro 4.9.6.2 - aioseo.com -->\n\t<meta name=\"description\" content=\"(EP) - Las selecci\u00f3n de Argentina continu\u00f3 con su crecimiento en el Mundial de Catar y firm\u00f3 su pase a los cuartos de final este s\u00e1bado tras vencer\" \/>\n\t<meta name=\"robots\" content=\"max-image-preview:large\" \/>\n\t<meta name=\"author\" content=\"Cand\u00e1s 365\"\/>\n\t<meta name=\"google-site-verification\" content=\"UA-32230408-1\" \/>\n\t<meta name=\"msvalidate.01\" content=\"354F3CDFB2DA171B47FBE9ABF1F88D5\" \/>\n\t<meta name=\"keywords\" content=\"deporte\" \/>\n\t<link rel=\"canonical\" href=\"https:\/\/candas365.es\/noticias\/catar-2022-messi-y-julian-alvarez-dan-el-triunfo-a-la-albiceleste\/\" \/>\n\t<meta name=\"generator\" content=\"All in One SEO Pro (AIOSEO) 4.9.6.2\" \/>\n\t\t<meta property=\"og:locale\" content=\"es_ES\" \/>\n\t\t<meta property=\"og:site_name\" content=\"Cand\u00e1s 365\" \/>\n\t\t<meta property=\"og:type\" content=\"article\" \/>\n\t\t<meta property=\"og:title\" content=\"Catar 2022: Messi y Juli\u00e1n \u00c1lvarez dan el triunfo a la albiceleste | Cand\u00e1s 365\" \/>\n\t\t<meta property=\"og:description\" content=\"(EP) - Las selecci\u00f3n de Argentina continu\u00f3 con su crecimiento en el Mundial de Catar y firm\u00f3 su pase a los cuartos de final este s\u00e1bado tras vencer\" \/>\n\t\t<meta property=\"og:url\" content=\"https:\/\/candas365.es\/noticias\/catar-2022-messi-y-julian-alvarez-dan-el-triunfo-a-la-albiceleste\/\" \/>\n\t\t<meta property=\"og:image\" content=\"https:\/\/candas365.es\/noticias\/wp-content\/uploads\/2022\/12\/Futbol.jpg\" \/>\n\t\t<meta property=\"og:image:secure_url\" content=\"https:\/\/candas365.es\/noticias\/wp-content\/uploads\/2022\/12\/Futbol.jpg\" \/>\n\t\t<meta property=\"og:image:width\" content=\"640\" \/>\n\t\t<meta property=\"og:image:height\" content=\"425\" \/>\n\t\t<meta property=\"article:published_time\" content=\"2022-12-03T22:47:01+00:00\" \/>\n\t\t<meta property=\"article:modified_time\" content=\"2022-12-03T22:47:01+00:00\" \/>\n\t\t<meta property=\"article:publisher\" content=\"https:\/\/www.facebook.com\/Nachofdezber\" \/>\n\t\t<meta property=\"article:author\" content=\"https:\/\/www.facebook.com\/carrenoactualidad\" \/>\n\t\t<meta name=\"twitter:card\" content=\"summary_large_image\" \/>\n\t\t<meta name=\"twitter:site\" content=\"@NabercoDigital\" \/>\n\t\t<meta name=\"twitter:title\" content=\"Catar 2022: Messi y Juli\u00e1n \u00c1lvarez dan el triunfo a la albiceleste | Cand\u00e1s 365\" \/>\n\t\t<meta name=\"twitter:description\" content=\"(EP) - Las selecci\u00f3n de Argentina continu\u00f3 con su crecimiento en el Mundial de Catar y firm\u00f3 su pase a los cuartos de final este s\u00e1bado tras vencer\" \/>\n\t\t<meta name=\"twitter:creator\" content=\"@nbasturias\" \/>\n\t\t<meta name=\"twitter:image\" content=\"https:\/\/candas365.es\/noticias\/wp-content\/uploads\/2022\/12\/Futbol.jpg\" \/>\n\t\t<meta name=\"twitter:label1\" content=\"Escrito por\" \/>\n\t\t<meta name=\"twitter:data1\" content=\"Cand\u00e1s 365\" \/>\n\t\t<meta name=\"twitter:label2\" content=\"Tiempo de lectura estimado\" \/>\n\t\t<meta name=\"twitter:data2\" content=\"3 minutos\" \/>\n\t\t<script type=\"application\/ld+json\" class=\"aioseo-schema\">\n\t\t\t{\"@context\":\"https:\\\/\\\/schema.org\",\"@graph\":[{\"@type\":\"BreadcrumbList\",\"@id\":\"https:\\\/\\\/candas365.es\\\/noticias\\\/catar-2022-messi-y-julian-alvarez-dan-el-triunfo-a-la-albiceleste\\\/#breadcrumblist\",\"itemListElement\":[{\"@type\":\"ListItem\",\"@id\":\"https:\\\/\\\/candas365.es\\\/noticias#listItem\",\"position\":1,\"name\":\"Home\",\"item\":\"https:\\\/\\\/candas365.es\\\/noticias\",\"nextItem\":{\"@type\":\"ListItem\",\"@id\":\"https:\\\/\\\/candas365.es\\\/noticias\\\/category\\\/deporte\\\/#listItem\",\"name\":\"Deporte\"}},{\"@type\":\"ListItem\",\"@id\":\"https:\\\/\\\/candas365.es\\\/noticias\\\/category\\\/deporte\\\/#listItem\",\"position\":2,\"name\":\"Deporte\",\"item\":\"https:\\\/\\\/candas365.es\\\/noticias\\\/category\\\/deporte\\\/\",\"nextItem\":{\"@type\":\"ListItem\",\"@id\":\"https:\\\/\\\/candas365.es\\\/noticias\\\/catar-2022-messi-y-julian-alvarez-dan-el-triunfo-a-la-albiceleste\\\/#listItem\",\"name\":\"Catar 2022: Messi y Juli\\u00e1n \\u00c1lvarez dan el triunfo a la albiceleste\"},\"previousItem\":{\"@type\":\"ListItem\",\"@id\":\"https:\\\/\\\/candas365.es\\\/noticias#listItem\",\"name\":\"Home\"}},{\"@type\":\"ListItem\",\"@id\":\"https:\\\/\\\/candas365.es\\\/noticias\\\/catar-2022-messi-y-julian-alvarez-dan-el-triunfo-a-la-albiceleste\\\/#listItem\",\"position\":3,\"name\":\"Catar 2022: Messi y Juli\\u00e1n \\u00c1lvarez dan el triunfo a la albiceleste\",\"previousItem\":{\"@type\":\"ListItem\",\"@id\":\"https:\\\/\\\/candas365.es\\\/noticias\\\/category\\\/deporte\\\/#listItem\",\"name\":\"Deporte\"}}]},{\"@type\":\"NewsArticle\",\"@id\":\"https:\\\/\\\/candas365.es\\\/noticias\\\/catar-2022-messi-y-julian-alvarez-dan-el-triunfo-a-la-albiceleste\\\/#newsarticle\",\"name\":\"Catar 2022: Messi y Juli\\u00e1n \\u00c1lvarez dan el triunfo a la albiceleste | Cand\\u00e1s 365\",\"headline\":\"Catar 2022: Messi y Juli\\u00e1n \\u00c1lvarez dan el triunfo a la albiceleste\",\"author\":{\"@id\":\"https:\\\/\\\/candas365.es\\\/noticias\\\/author\\\/admin\\\/#author\"},\"publisher\":{\"@id\":\"https:\\\/\\\/candas365.es\\\/noticias\\\/#organization\"},\"image\":{\"@type\":\"ImageObject\",\"url\":\"https:\\\/\\\/candas365.es\\\/noticias\\\/wp-content\\\/uploads\\\/2022\\\/12\\\/Futbol.jpg\",\"width\":640,\"height\":425,\"caption\":\"F\\u00fatbol\"},\"datePublished\":\"2022-12-03T23:47:01+01:00\",\"dateModified\":\"2022-12-03T23:47:01+01:00\",\"inLanguage\":\"es-ES\",\"mainEntityOfPage\":{\"@id\":\"https:\\\/\\\/candas365.es\\\/noticias\\\/catar-2022-messi-y-julian-alvarez-dan-el-triunfo-a-la-albiceleste\\\/#webpage\"},\"isPartOf\":{\"@id\":\"https:\\\/\\\/candas365.es\\\/noticias\\\/catar-2022-messi-y-julian-alvarez-dan-el-triunfo-a-la-albiceleste\\\/#webpage\"},\"articleSection\":\"Deporte, Catar 2022, deporte\",\"dateline\":\"Publicado el diciembre 3, 2022.\"},{\"@type\":\"Organization\",\"@id\":\"https:\\\/\\\/candas365.es\\\/noticias\\\/#organization\",\"name\":\"Cand\\u00e1s 365\",\"description\":\"Cand\\u00e1s 365 es un diario digital independiente, fundado en 2012, con base en Asturias. Informamos con rigor sobre actualidad, sociedad, cultura y ocio, con una mirada local y global.\",\"url\":\"https:\\\/\\\/candas365.es\\\/noticias\\\/\",\"email\":\"info@candas365.es\",\"telephone\":\"+34652131393\",\"foundingDate\":\"2012-06-10\",\"logo\":{\"@type\":\"ImageObject\",\"url\":\"https:\\\/\\\/candas365.es\\\/noticias\\\/wp-content\\\/uploads\\\/2024\\\/09\\\/Candas-365-Redes.jpg\",\"@id\":\"https:\\\/\\\/candas365.es\\\/noticias\\\/catar-2022-messi-y-julian-alvarez-dan-el-triunfo-a-la-albiceleste\\\/#organizationLogo\",\"width\":1152,\"height\":864,\"caption\":\"Cand\\u00e1s 365 Redes\"},\"image\":{\"@id\":\"https:\\\/\\\/candas365.es\\\/noticias\\\/catar-2022-messi-y-julian-alvarez-dan-el-triunfo-a-la-albiceleste\\\/#organizationLogo\"},\"sameAs\":[\"https:\\\/\\\/www.facebook.com\\\/Nachofdezber\",\"https:\\\/\\\/x.com\\\/NabercoDigital\",\"https:\\\/\\\/www.instagram.com\\\/nachofdezber\\\/\",\"https:\\\/\\\/www.youtube.com\\\/channel\\\/UCZP-2wLEB9Rv6erhFmqVnvg\"],\"address\":{\"@id\":\"https:\\\/\\\/candas365.es\\\/noticias\\\/#postaladdress\",\"@type\":\"PostalAddress\",\"streetAddress\":\"san antonio 4, san antonio 4\",\"postalCode\":\"33430\",\"addressLocality\":\"Cand\\u00e1s\",\"addressRegion\":\"Asturias\",\"addressCountry\":\"ES\"}},{\"@type\":\"Person\",\"@id\":\"https:\\\/\\\/candas365.es\\\/noticias\\\/author\\\/admin\\\/#author\",\"url\":\"https:\\\/\\\/candas365.es\\\/noticias\\\/author\\\/admin\\\/\",\"name\":\"Cand\\u00e1s 365\",\"image\":{\"@type\":\"ImageObject\",\"@id\":\"https:\\\/\\\/candas365.es\\\/noticias\\\/catar-2022-messi-y-julian-alvarez-dan-el-triunfo-a-la-albiceleste\\\/#authorImage\",\"url\":\"https:\\\/\\\/secure.gravatar.com\\\/avatar\\\/496a8e03d0c493ede1718b7934145dbdf8d89be1036b0eec9544e1094c9de390?s=96&d=mm&r=g\",\"width\":96,\"height\":96,\"caption\":\"Cand\\u00e1s 365\"},\"sameAs\":[\"https:\\\/\\\/www.facebook.com\\\/carrenoactualidad\",\"https:\\\/\\\/twitter.com\\\/nbasturias\",\"https:\\\/\\\/www.instagram.com\\\/nachofdezber\\\/\",\"https:\\\/\\\/www.youtube.com\\\/channel\\\/UCZP-2wLEB9Rv6erhFmqVnvg\"]},{\"@type\":\"WebPage\",\"@id\":\"https:\\\/\\\/candas365.es\\\/noticias\\\/catar-2022-messi-y-julian-alvarez-dan-el-triunfo-a-la-albiceleste\\\/#webpage\",\"url\":\"https:\\\/\\\/candas365.es\\\/noticias\\\/catar-2022-messi-y-julian-alvarez-dan-el-triunfo-a-la-albiceleste\\\/\",\"name\":\"Catar 2022: Messi y Juli\\u00e1n \\u00c1lvarez dan el triunfo a la albiceleste | Cand\\u00e1s 365\",\"description\":\"(EP) - Las selecci\\u00f3n de Argentina continu\\u00f3 con su crecimiento en el Mundial de Catar y firm\\u00f3 su pase a los cuartos de final este s\\u00e1bado tras vencer\",\"inLanguage\":\"es-ES\",\"isPartOf\":{\"@id\":\"https:\\\/\\\/candas365.es\\\/noticias\\\/#website\"},\"breadcrumb\":{\"@id\":\"https:\\\/\\\/candas365.es\\\/noticias\\\/catar-2022-messi-y-julian-alvarez-dan-el-triunfo-a-la-albiceleste\\\/#breadcrumblist\"},\"author\":{\"@id\":\"https:\\\/\\\/candas365.es\\\/noticias\\\/author\\\/admin\\\/#author\"},\"creator\":{\"@id\":\"https:\\\/\\\/candas365.es\\\/noticias\\\/author\\\/admin\\\/#author\"},\"image\":{\"@type\":\"ImageObject\",\"url\":\"https:\\\/\\\/candas365.es\\\/noticias\\\/wp-content\\\/uploads\\\/2022\\\/12\\\/Futbol.jpg\",\"@id\":\"https:\\\/\\\/candas365.es\\\/noticias\\\/catar-2022-messi-y-julian-alvarez-dan-el-triunfo-a-la-albiceleste\\\/#mainImage\",\"width\":640,\"height\":425,\"caption\":\"F\\u00fatbol\"},\"primaryImageOfPage\":{\"@id\":\"https:\\\/\\\/candas365.es\\\/noticias\\\/catar-2022-messi-y-julian-alvarez-dan-el-triunfo-a-la-albiceleste\\\/#mainImage\"},\"datePublished\":\"2022-12-03T23:47:01+01:00\",\"dateModified\":\"2022-12-03T23:47:01+01:00\"},{\"@type\":\"WebSite\",\"@id\":\"https:\\\/\\\/candas365.es\\\/noticias\\\/#website\",\"url\":\"https:\\\/\\\/candas365.es\\\/noticias\\\/\",\"name\":\"Cand\\u00e1s 365\",\"alternateName\":\"Cand\\u00e1s 365 Noticias\",\"description\":\"Actualidad desde Carre\\u00f1o para el mundo\",\"inLanguage\":\"es-ES\",\"publisher\":{\"@id\":\"https:\\\/\\\/candas365.es\\\/noticias\\\/#organization\"}}]}\n\t\t<\/script>\n\t\t<!-- All in One SEO Pro -->\r\n\t\t<title>Catar 2022: Messi y Juli\u00e1n \u00c1lvarez dan el triunfo a la albiceleste | Cand\u00e1s 365<\/title>\n\n","aioseo_head_json":{"title":"Catar 2022: Messi y Juli\u00e1n \u00c1lvarez dan el triunfo a la albiceleste | Cand\u00e1s 365","description":"(EP) - Las selecci\u00f3n de Argentina continu\u00f3 con su crecimiento en el Mundial de Catar y firm\u00f3 su pase a los cuartos de final este s\u00e1bado tras vencer","canonical_url":"https:\/\/candas365.es\/noticias\/catar-2022-messi-y-julian-alvarez-dan-el-triunfo-a-la-albiceleste\/","robots":"max-image-preview:large","keywords":"deporte","webmasterTools":{"google-site-verification":"UA-32230408-1","msvalidate.01":"354F3CDFB2DA171B47FBE9ABF1F88D5","miscellaneous":""},"schema":{"@context":"https:\/\/schema.org","@graph":[{"@type":"BreadcrumbList","@id":"https:\/\/candas365.es\/noticias\/catar-2022-messi-y-julian-alvarez-dan-el-triunfo-a-la-albiceleste\/#breadcrumblist","itemListElement":[{"@type":"ListItem","@id":"https:\/\/candas365.es\/noticias#listItem","position":1,"name":"Home","item":"https:\/\/candas365.es\/noticias","nextItem":{"@type":"ListItem","@id":"https:\/\/candas365.es\/noticias\/category\/deporte\/#listItem","name":"Deporte"}},{"@type":"ListItem","@id":"https:\/\/candas365.es\/noticias\/category\/deporte\/#listItem","position":2,"name":"Deporte","item":"https:\/\/candas365.es\/noticias\/category\/deporte\/","nextItem":{"@type":"ListItem","@id":"https:\/\/candas365.es\/noticias\/catar-2022-messi-y-julian-alvarez-dan-el-triunfo-a-la-albiceleste\/#listItem","name":"Catar 2022: Messi y Juli\u00e1n \u00c1lvarez dan el triunfo a la albiceleste"},"previousItem":{"@type":"ListItem","@id":"https:\/\/candas365.es\/noticias#listItem","name":"Home"}},{"@type":"ListItem","@id":"https:\/\/candas365.es\/noticias\/catar-2022-messi-y-julian-alvarez-dan-el-triunfo-a-la-albiceleste\/#listItem","position":3,"name":"Catar 2022: Messi y Juli\u00e1n \u00c1lvarez dan el triunfo a la albiceleste","previousItem":{"@type":"ListItem","@id":"https:\/\/candas365.es\/noticias\/category\/deporte\/#listItem","name":"Deporte"}}]},{"@type":"NewsArticle","@id":"https:\/\/candas365.es\/noticias\/catar-2022-messi-y-julian-alvarez-dan-el-triunfo-a-la-albiceleste\/#newsarticle","name":"Catar 2022: Messi y Juli\u00e1n \u00c1lvarez dan el triunfo a la albiceleste | Cand\u00e1s 365","headline":"Catar 2022: Messi y Juli\u00e1n \u00c1lvarez dan el triunfo a la albiceleste","author":{"@id":"https:\/\/candas365.es\/noticias\/author\/admin\/#author"},"publisher":{"@id":"https:\/\/candas365.es\/noticias\/#organization"},"image":{"@type":"ImageObject","url":"https:\/\/candas365.es\/noticias\/wp-content\/uploads\/2022\/12\/Futbol.jpg","width":640,"height":425,"caption":"F\u00fatbol"},"datePublished":"2022-12-03T23:47:01+01:00","dateModified":"2022-12-03T23:47:01+01:00","inLanguage":"es-ES","mainEntityOfPage":{"@id":"https:\/\/candas365.es\/noticias\/catar-2022-messi-y-julian-alvarez-dan-el-triunfo-a-la-albiceleste\/#webpage"},"isPartOf":{"@id":"https:\/\/candas365.es\/noticias\/catar-2022-messi-y-julian-alvarez-dan-el-triunfo-a-la-albiceleste\/#webpage"},"articleSection":"Deporte, Catar 2022, deporte","dateline":"Publicado el diciembre 3, 2022."},{"@type":"Organization","@id":"https:\/\/candas365.es\/noticias\/#organization","name":"Cand\u00e1s 365","description":"Cand\u00e1s 365 es un diario digital independiente, fundado en 2012, con base en Asturias. Informamos con rigor sobre actualidad, sociedad, cultura y ocio, con una mirada local y global.","url":"https:\/\/candas365.es\/noticias\/","email":"info@candas365.es","telephone":"+34652131393","foundingDate":"2012-06-10","logo":{"@type":"ImageObject","url":"https:\/\/candas365.es\/noticias\/wp-content\/uploads\/2024\/09\/Candas-365-Redes.jpg","@id":"https:\/\/candas365.es\/noticias\/catar-2022-messi-y-julian-alvarez-dan-el-triunfo-a-la-albiceleste\/#organizationLogo","width":1152,"height":864,"caption":"Cand\u00e1s 365 Redes"},"image":{"@id":"https:\/\/candas365.es\/noticias\/catar-2022-messi-y-julian-alvarez-dan-el-triunfo-a-la-albiceleste\/#organizationLogo"},"sameAs":["https:\/\/www.facebook.com\/Nachofdezber","https:\/\/x.com\/NabercoDigital","https:\/\/www.instagram.com\/nachofdezber\/","https:\/\/www.youtube.com\/channel\/UCZP-2wLEB9Rv6erhFmqVnvg"],"address":{"@id":"https:\/\/candas365.es\/noticias\/#postaladdress","@type":"PostalAddress","streetAddress":"san antonio 4, san antonio 4","postalCode":"33430","addressLocality":"Cand\u00e1s","addressRegion":"Asturias","addressCountry":"ES"}},{"@type":"Person","@id":"https:\/\/candas365.es\/noticias\/author\/admin\/#author","url":"https:\/\/candas365.es\/noticias\/author\/admin\/","name":"Cand\u00e1s 365","image":{"@type":"ImageObject","@id":"https:\/\/candas365.es\/noticias\/catar-2022-messi-y-julian-alvarez-dan-el-triunfo-a-la-albiceleste\/#authorImage","url":"https:\/\/secure.gravatar.com\/avatar\/496a8e03d0c493ede1718b7934145dbdf8d89be1036b0eec9544e1094c9de390?s=96&d=mm&r=g","width":96,"height":96,"caption":"Cand\u00e1s 365"},"sameAs":["https:\/\/www.facebook.com\/carrenoactualidad","https:\/\/twitter.com\/nbasturias","https:\/\/www.instagram.com\/nachofdezber\/","https:\/\/www.youtube.com\/channel\/UCZP-2wLEB9Rv6erhFmqVnvg"]},{"@type":"WebPage","@id":"https:\/\/candas365.es\/noticias\/catar-2022-messi-y-julian-alvarez-dan-el-triunfo-a-la-albiceleste\/#webpage","url":"https:\/\/candas365.es\/noticias\/catar-2022-messi-y-julian-alvarez-dan-el-triunfo-a-la-albiceleste\/","name":"Catar 2022: Messi y Juli\u00e1n \u00c1lvarez dan el triunfo a la albiceleste | Cand\u00e1s 365","description":"(EP) - Las selecci\u00f3n de Argentina continu\u00f3 con su crecimiento en el Mundial de Catar y firm\u00f3 su pase a los cuartos de final este s\u00e1bado tras vencer","inLanguage":"es-ES","isPartOf":{"@id":"https:\/\/candas365.es\/noticias\/#website"},"breadcrumb":{"@id":"https:\/\/candas365.es\/noticias\/catar-2022-messi-y-julian-alvarez-dan-el-triunfo-a-la-albiceleste\/#breadcrumblist"},"author":{"@id":"https:\/\/candas365.es\/noticias\/author\/admin\/#author"},"creator":{"@id":"https:\/\/candas365.es\/noticias\/author\/admin\/#author"},"image":{"@type":"ImageObject","url":"https:\/\/candas365.es\/noticias\/wp-content\/uploads\/2022\/12\/Futbol.jpg","@id":"https:\/\/candas365.es\/noticias\/catar-2022-messi-y-julian-alvarez-dan-el-triunfo-a-la-albiceleste\/#mainImage","width":640,"height":425,"caption":"F\u00fatbol"},"primaryImageOfPage":{"@id":"https:\/\/candas365.es\/noticias\/catar-2022-messi-y-julian-alvarez-dan-el-triunfo-a-la-albiceleste\/#mainImage"},"datePublished":"2022-12-03T23:47:01+01:00","dateModified":"2022-12-03T23:47:01+01:00"},{"@type":"WebSite","@id":"https:\/\/candas365.es\/noticias\/#website","url":"https:\/\/candas365.es\/noticias\/","name":"Cand\u00e1s 365","alternateName":"Cand\u00e1s 365 Noticias","description":"Actualidad desde Carre\u00f1o para el mundo","inLanguage":"es-ES","publisher":{"@id":"https:\/\/candas365.es\/noticias\/#organization"}}]},"og:locale":"es_ES","og:site_name":"Cand\u00e1s 365","og:type":"article","og:title":"Catar 2022: Messi y Juli\u00e1n \u00c1lvarez dan el triunfo a la albiceleste | Cand\u00e1s 365","og:description":"(EP) - Las selecci\u00f3n de Argentina continu\u00f3 con su crecimiento en el Mundial de Catar y firm\u00f3 su pase a los cuartos de final este s\u00e1bado tras vencer","og:url":"https:\/\/candas365.es\/noticias\/catar-2022-messi-y-julian-alvarez-dan-el-triunfo-a-la-albiceleste\/","og:image":"https:\/\/candas365.es\/noticias\/wp-content\/uploads\/2022\/12\/Futbol.jpg","og:image:secure_url":"https:\/\/candas365.es\/noticias\/wp-content\/uploads\/2022\/12\/Futbol.jpg","og:image:width":640,"og:image:height":425,"article:published_time":"2022-12-03T22:47:01+00:00","article:modified_time":"2022-12-03T22:47:01+00:00","article:publisher":"https:\/\/www.facebook.com\/Nachofdezber","article:author":"https:\/\/www.facebook.com\/carrenoactualidad","twitter:card":"summary_large_image","twitter:site":"@NabercoDigital","twitter:title":"Catar 2022: Messi y Juli\u00e1n \u00c1lvarez dan el triunfo a la albiceleste | Cand\u00e1s 365","twitter:description":"(EP) - Las selecci\u00f3n de Argentina continu\u00f3 con su crecimiento en el Mundial de Catar y firm\u00f3 su pase a los cuartos de final este s\u00e1bado tras vencer","twitter:creator":"@nbasturias","twitter:image":"https:\/\/candas365.es\/noticias\/wp-content\/uploads\/2022\/12\/Futbol.jpg","twitter:label1":"Escrito por","twitter:data1":"Cand\u00e1s 365","twitter:label2":"Tiempo de lectura estimado","twitter:data2":"3 minutos"},"aioseo_meta_data":{"post_id":"169803","title":null,"description":"(EP) - Las selecci\u00f3n de Argentina continu\u00f3 con su crecimiento en el Mundial de Catar y firm\u00f3 su pase a los cuartos de final este s\u00e1bado tras vencer","keywords":[],"keyphrases":{"focus":{"keyphrase":"Catar ","score":73,"analysis":{"keyphraseInTitle":{"score":9,"maxScore":9,"error":0},"keyphraseInDescription":{"score":9,"maxScore":9,"error":0},"keyphraseLength":{"score":9,"maxScore":9,"error":0,"length":1},"keyphraseInURL":{"score":1,"maxScore":5,"error":1},"keyphraseInIntroduction":{"score":9,"maxScore":9,"error":0},"keyphraseInSubHeadings":{"score":3,"maxScore":9,"error":1},"keyphraseInImageAlt":{"score":3,"maxScore":9,"error":1}}},"additional":[{"keyphrase":" Mundial de Catar ","score":83,"analysis":{"keyphraseInDescription":{"score":9,"maxScore":9,"error":0},"keyphraseLength":{"score":9,"maxScore":9,"error":0,"length":3},"keyphraseInIntroduction":{"score":9,"maxScore":9,"error":0},"keyphraseInImageAlt":{"score":3,"maxScore":9,"error":1}}}]},"primary_term":null,"canonical_url":null,"og_title":null,"og_description":null,"og_object_type":"default","og_image_type":"default","og_image_url":null,"og_image_width":null,"og_image_height":null,"og_image_custom_url":null,"og_image_custom_fields":null,"og_video":"","og_custom_url":null,"og_article_section":null,"og_article_tags":[],"twitter_use_og":false,"twitter_card":"default","twitter_image_type":"default","twitter_image_url":null,"twitter_image_custom_url":null,"twitter_image_custom_fields":null,"twitter_title":null,"twitter_description":null,"schema":{"blockGraphs":[],"customGraphs":[],"default":{"data":{"Article":[],"Course":[],"Dataset":[],"FAQPage":[],"Movie":[],"Person":[],"Product":[],"ProductReview":[],"Car":[],"Recipe":[],"Service":[],"SoftwareApplication":[],"WebPage":[]},"graphName":"Article","isEnabled":true},"graphs":[]},"schema_type":"default","schema_type_options":null,"pillar_content":false,"robots_default":true,"robots_noindex":false,"robots_noarchive":false,"robots_nosnippet":false,"robots_nofollow":false,"robots_noimageindex":false,"robots_noodp":false,"robots_notranslate":false,"robots_max_snippet":"-1","robots_max_videopreview":"-1","robots_max_imagepreview":"large","priority":null,"frequency":"default","location":null,"local_seo":null,"seo_analyzer_scan_date":"2025-09-01 16:42:15","breadcrumb_settings":null,"limit_modified_date":false,"reviewed_by":null,"open_ai":null,"ai":null,"created":"2022-12-03 22:41:55","updated":"2025-09-01 16:42:15"},"aioseo_breadcrumb":"<div class=\"aioseo-breadcrumbs\"><span class=\"aioseo-breadcrumb\">\n\t<a href=\"https:\/\/candas365.es\/noticias\" title=\"Home\">Home<\/a>\n<\/span><span class=\"aioseo-breadcrumb-separator\">&ndash;<\/span><span class=\"aioseo-breadcrumb\">\n\t<a href=\"https:\/\/candas365.es\/noticias\/category\/deporte\/\" title=\"Deporte\">Deporte<\/a>\n<\/span><span class=\"aioseo-breadcrumb-separator\">&ndash;<\/span><span class=\"aioseo-breadcrumb\">\n\tCatar 2022: Messi y Juli\u00e1n \u00c1lvarez dan el triunfo a la albiceleste\n<\/span><\/div>","aioseo_breadcrumb_json":[{"label":"Home","link":"https:\/\/candas365.es\/noticias"},{"label":"Deporte","link":"https:\/\/candas365.es\/noticias\/category\/deporte\/"},{"label":"Catar 2022: Messi y Juli\u00e1n \u00c1lvarez dan el triunfo a la albiceleste","link":"https:\/\/candas365.es\/noticias\/catar-2022-messi-y-julian-alvarez-dan-el-triunfo-a-la-albiceleste\/"}],"_links":{"self":[{"href":"https:\/\/candas365.es\/noticias\/wp-json\/wp\/v2\/posts\/169803","targetHints":{"allow":["GET"]}}],"collection":[{"href":"https:\/\/candas365.es\/noticias\/wp-json\/wp\/v2\/posts"}],"about":[{"href":"https:\/\/candas365.es\/noticias\/wp-json\/wp\/v2\/types\/post"}],"author":[{"embeddable":true,"href":"https:\/\/candas365.es\/noticias\/wp-json\/wp\/v2\/users\/1"}],"replies":[{"embeddable":true,"href":"https:\/\/candas365.es\/noticias\/wp-json\/wp\/v2\/comments?post=169803"}],"version-history":[{"count":0,"href":"https:\/\/candas365.es\/noticias\/wp-json\/wp\/v2\/posts\/169803\/revisions"}],"wp:featuredmedia":[{"embeddable":true,"href":"https:\/\/candas365.es\/noticias\/wp-json\/wp\/v2\/media\/169804"}],"wp:attachment":[{"href":"https:\/\/candas365.es\/noticias\/wp-json\/wp\/v2\/media?parent=169803"}],"wp:term":[{"taxonomy":"category","embeddable":true,"href":"https:\/\/candas365.es\/noticias\/wp-json\/wp\/v2\/categories?post=169803"},{"taxonomy":"post_tag","embeddable":true,"href":"https:\/\/candas365.es\/noticias\/wp-json\/wp\/v2\/tags?post=169803"}],"curies":[{"name":"wp","href":"https:\/\/api.w.org\/{rel}","templated":true}]}}