{"id":169800,"date":"2022-12-03T23:39:10","date_gmt":"2022-12-03T22:39:10","guid":{"rendered":"https:\/\/candas365.es\/noticias\/?p=169800"},"modified":"2022-12-03T23:39:10","modified_gmt":"2022-12-03T22:39:10","slug":"pele-se-encuentra-estable-segun-el-ultimo-parte-medico","status":"publish","type":"post","link":"https:\/\/candas365.es\/noticias\/pele-se-encuentra-estable-segun-el-ultimo-parte-medico\/","title":{"rendered":"Pele se encuentra estable, seg\u00fan el \u00faltimo parte m\u00e9dico"},"content":{"rendered":"<p>(EP) &#8211; El exfutbolista Edson Arantes do Nascimento <strong>&#8216;Pele&#8217; se encuentra estable, sin empeoramiento en las \u00faltimas 24 horas, y respondiendo al tratamiento por una infecci\u00f3n respiratoria<\/strong>, seg\u00fan el \u00faltimo parte m\u00e9dico este s\u00e1bado del Hospital Israelita Albert Einstein de Sao Paulo (Brasil).<\/p>\n<p><img fetchpriority=\"high\" decoding=\"async\" class=\"aligncenter wp-image-169801 size-full\" src=\"https:\/\/candas365.es\/noticias\/wp-content\/uploads\/2022\/12\/Urgente.jpg\" alt=\"Urgente\" width=\"640\" height=\"400\" srcset=\"https:\/\/candas365.es\/noticias\/wp-content\/uploads\/2022\/12\/Urgente.jpg 640w, https:\/\/candas365.es\/noticias\/wp-content\/uploads\/2022\/12\/Urgente-360x225.jpg 360w, https:\/\/candas365.es\/noticias\/wp-content\/uploads\/2022\/12\/Urgente-150x94.jpg 150w, https:\/\/candas365.es\/noticias\/wp-content\/uploads\/2022\/12\/Urgente-450x281.jpg 450w\" sizes=\"(max-width: 640px) 100vw, 640px\" \/><\/p>\n<p>El astro brasile\u00f1o, considerado el mejor jugador de la historia, tiene al mundo del f\u00fatbol y del deporte en vilo desde que el pasado martes ingresara en dicho centro m\u00e9dico ante la preocupaci\u00f3n de los m\u00e9dicos por su respuesta del tratamiento con quimioterapia tras el tumor del colon que le extirparon en septiembre del a\u00f1o pasado.<\/p>\n<p>A primera hora de este s\u00e1bado en Brasil, el diario brasile\u00f1o &#8216;Folha de S.Paulo&#8217; hizo saltar las alarmas al informar que Pel\u00e9 estaba \u00abrecibiendo medidas de confort\u00bb para aliviar el dolor y la falta de aire provocados por el c\u00e1ncer, con met\u00e1stasis en su intestino, pulm\u00f3n e h\u00edgado.<\/p>\n<p>Sin embargo, el \u00faltimo parte del hospital, que publican O Globo y ESPN, habla de que Pel\u00e9, de 82 a\u00f1os, todav\u00eda \u00abest\u00e1 en tratamiento y su estado de salud se mantiene estable\u00bb. \u00abTambi\u00e9n ha tenido buena respuesta a la atenci\u00f3n de infecciones respiratorias, sin empeoramiento en las \u00faltimas 24 horas\u00bb, dice.<\/p>\n<p>El propio Pel\u00e9 lanz\u00f3 un mensaje de tranquilidad el viernes, a trav\u00e9s de las redes sociales, diciendo que su ingreso se trataba de una \u00abvisita mensual\u00bb. El \u00faltimo parte m\u00e9dico mantiene la esperanza en torno a la vida del tres veces campe\u00f3n del mundo, aunque sin duda su salud atraviesa el momento m\u00e1s delicado.<\/p>\n","protected":false},"excerpt":{"rendered":"<p>(EP) &#8211; El exfutbolista Edson Arantes do Nascimento &#8216;Pele&#8217; se encuentra estable, sin empeoramiento en las \u00faltimas 24 horas, y respondiendo al tratamiento por una infecci\u00f3n respiratoria, seg\u00fan el \u00faltimo parte m\u00e9dico este s\u00e1bado del Hospital Israelita Albert Einstein de Sao Paulo (Brasil). El astro brasile\u00f1o, considerado el mejor jugador de la historia, tiene al<\/p>\n","protected":false},"author":1,"featured_media":169801,"comment_status":"closed","ping_status":"closed","sticky":false,"template":"","format":"standard","meta":{"footnotes":""},"categories":[319],"tags":[],"class_list":{"0":"post-169800","1":"post","2":"type-post","3":"status-publish","4":"format-standard","5":"has-post-thumbnail","7":"category-deporte"},"aioseo_notices":[],"aioseo_head":"\n\t\t<!-- All in One SEO Pro 4.9.6.2 - aioseo.com -->\n\t<meta name=\"description\" content=\"(EP) - El exfutbolista Edson Arantes do Nascimento &#039;Pele&#039; se encuentra estable, sin empeoramiento en las \u00faltimas 24 horas, y respondiendo\" \/>\n\t<meta name=\"robots\" content=\"max-image-preview:large\" \/>\n\t<meta name=\"author\" content=\"Cand\u00e1s 365\"\/>\n\t<meta name=\"google-site-verification\" content=\"UA-32230408-1\" \/>\n\t<meta name=\"msvalidate.01\" content=\"354F3CDFB2DA171B47FBE9ABF1F88D5\" \/>\n\t<meta name=\"keywords\" content=\"deporte\" \/>\n\t<link rel=\"canonical\" href=\"https:\/\/candas365.es\/noticias\/pele-se-encuentra-estable-segun-el-ultimo-parte-medico\/\" \/>\n\t<meta name=\"generator\" content=\"All in One SEO Pro (AIOSEO) 4.9.6.2\" \/>\n\t\t<meta property=\"og:locale\" content=\"es_ES\" \/>\n\t\t<meta property=\"og:site_name\" content=\"Cand\u00e1s 365\" \/>\n\t\t<meta property=\"og:type\" content=\"article\" \/>\n\t\t<meta property=\"og:title\" content=\"Pele se encuentra estable, seg\u00fan el \u00faltimo parte m\u00e9dico | Cand\u00e1s 365\" \/>\n\t\t<meta property=\"og:description\" content=\"(EP) - El exfutbolista Edson Arantes do Nascimento &#039;Pele&#039; se encuentra estable, sin empeoramiento en las \u00faltimas 24 horas, y respondiendo\" \/>\n\t\t<meta property=\"og:url\" content=\"https:\/\/candas365.es\/noticias\/pele-se-encuentra-estable-segun-el-ultimo-parte-medico\/\" \/>\n\t\t<meta property=\"og:image\" content=\"https:\/\/candas365.es\/noticias\/wp-content\/uploads\/2022\/12\/Urgente.jpg\" \/>\n\t\t<meta property=\"og:image:secure_url\" content=\"https:\/\/candas365.es\/noticias\/wp-content\/uploads\/2022\/12\/Urgente.jpg\" \/>\n\t\t<meta property=\"og:image:width\" content=\"640\" \/>\n\t\t<meta property=\"og:image:height\" content=\"400\" \/>\n\t\t<meta property=\"article:published_time\" content=\"2022-12-03T22:39:10+00:00\" \/>\n\t\t<meta property=\"article:modified_time\" content=\"2022-12-03T22:39:10+00:00\" \/>\n\t\t<meta property=\"article:publisher\" content=\"https:\/\/www.facebook.com\/Nachofdezber\" \/>\n\t\t<meta property=\"article:author\" content=\"https:\/\/www.facebook.com\/carrenoactualidad\" \/>\n\t\t<meta name=\"twitter:card\" content=\"summary_large_image\" \/>\n\t\t<meta name=\"twitter:site\" content=\"@NabercoDigital\" \/>\n\t\t<meta name=\"twitter:title\" content=\"Pele se encuentra estable, seg\u00fan el \u00faltimo parte m\u00e9dico | Cand\u00e1s 365\" \/>\n\t\t<meta name=\"twitter:description\" content=\"(EP) - El exfutbolista Edson Arantes do Nascimento &#039;Pele&#039; se encuentra estable, sin empeoramiento en las \u00faltimas 24 horas, y respondiendo\" \/>\n\t\t<meta name=\"twitter:creator\" content=\"@nbasturias\" \/>\n\t\t<meta name=\"twitter:image\" content=\"https:\/\/candas365.es\/noticias\/wp-content\/uploads\/2022\/12\/Urgente.jpg\" \/>\n\t\t<meta name=\"twitter:label1\" content=\"Escrito por\" \/>\n\t\t<meta name=\"twitter:data1\" content=\"Cand\u00e1s 365\" \/>\n\t\t<meta name=\"twitter:label2\" content=\"Tiempo de lectura estimado\" \/>\n\t\t<meta name=\"twitter:data2\" content=\"1 minuto\" \/>\n\t\t<script type=\"application\/ld+json\" class=\"aioseo-schema\">\n\t\t\t{\"@context\":\"https:\\\/\\\/schema.org\",\"@graph\":[{\"@type\":\"BreadcrumbList\",\"@id\":\"https:\\\/\\\/candas365.es\\\/noticias\\\/pele-se-encuentra-estable-segun-el-ultimo-parte-medico\\\/#breadcrumblist\",\"itemListElement\":[{\"@type\":\"ListItem\",\"@id\":\"https:\\\/\\\/candas365.es\\\/noticias#listItem\",\"position\":1,\"name\":\"Home\",\"item\":\"https:\\\/\\\/candas365.es\\\/noticias\",\"nextItem\":{\"@type\":\"ListItem\",\"@id\":\"https:\\\/\\\/candas365.es\\\/noticias\\\/category\\\/deporte\\\/#listItem\",\"name\":\"Deporte\"}},{\"@type\":\"ListItem\",\"@id\":\"https:\\\/\\\/candas365.es\\\/noticias\\\/category\\\/deporte\\\/#listItem\",\"position\":2,\"name\":\"Deporte\",\"item\":\"https:\\\/\\\/candas365.es\\\/noticias\\\/category\\\/deporte\\\/\",\"nextItem\":{\"@type\":\"ListItem\",\"@id\":\"https:\\\/\\\/candas365.es\\\/noticias\\\/pele-se-encuentra-estable-segun-el-ultimo-parte-medico\\\/#listItem\",\"name\":\"Pele se encuentra estable, seg\\u00fan el \\u00faltimo parte m\\u00e9dico\"},\"previousItem\":{\"@type\":\"ListItem\",\"@id\":\"https:\\\/\\\/candas365.es\\\/noticias#listItem\",\"name\":\"Home\"}},{\"@type\":\"ListItem\",\"@id\":\"https:\\\/\\\/candas365.es\\\/noticias\\\/pele-se-encuentra-estable-segun-el-ultimo-parte-medico\\\/#listItem\",\"position\":3,\"name\":\"Pele se encuentra estable, seg\\u00fan el \\u00faltimo parte m\\u00e9dico\",\"previousItem\":{\"@type\":\"ListItem\",\"@id\":\"https:\\\/\\\/candas365.es\\\/noticias\\\/category\\\/deporte\\\/#listItem\",\"name\":\"Deporte\"}}]},{\"@type\":\"NewsArticle\",\"@id\":\"https:\\\/\\\/candas365.es\\\/noticias\\\/pele-se-encuentra-estable-segun-el-ultimo-parte-medico\\\/#newsarticle\",\"name\":\"Pele se encuentra estable, seg\\u00fan el \\u00faltimo parte m\\u00e9dico | Cand\\u00e1s 365\",\"headline\":\"Pele se encuentra estable, seg\\u00fan el \\u00faltimo parte m\\u00e9dico\",\"author\":{\"@id\":\"https:\\\/\\\/candas365.es\\\/noticias\\\/author\\\/admin\\\/#author\"},\"publisher\":{\"@id\":\"https:\\\/\\\/candas365.es\\\/noticias\\\/#organization\"},\"image\":{\"@type\":\"ImageObject\",\"url\":\"https:\\\/\\\/candas365.es\\\/noticias\\\/wp-content\\\/uploads\\\/2022\\\/12\\\/Urgente.jpg\",\"width\":640,\"height\":400,\"caption\":\"Urgente\"},\"datePublished\":\"2022-12-03T23:39:10+01:00\",\"dateModified\":\"2022-12-03T23:39:10+01:00\",\"inLanguage\":\"es-ES\",\"mainEntityOfPage\":{\"@id\":\"https:\\\/\\\/candas365.es\\\/noticias\\\/pele-se-encuentra-estable-segun-el-ultimo-parte-medico\\\/#webpage\"},\"isPartOf\":{\"@id\":\"https:\\\/\\\/candas365.es\\\/noticias\\\/pele-se-encuentra-estable-segun-el-ultimo-parte-medico\\\/#webpage\"},\"articleSection\":\"Deporte\",\"dateline\":\"Publicado el diciembre 3, 2022.\"},{\"@type\":\"Organization\",\"@id\":\"https:\\\/\\\/candas365.es\\\/noticias\\\/#organization\",\"name\":\"Cand\\u00e1s 365\",\"description\":\"Cand\\u00e1s 365 es un diario digital independiente, fundado en 2012, con base en Asturias. Informamos con rigor sobre actualidad, sociedad, cultura y ocio, con una mirada local y global.\",\"url\":\"https:\\\/\\\/candas365.es\\\/noticias\\\/\",\"email\":\"info@candas365.es\",\"telephone\":\"+34652131393\",\"foundingDate\":\"2012-06-10\",\"logo\":{\"@type\":\"ImageObject\",\"url\":\"https:\\\/\\\/candas365.es\\\/noticias\\\/wp-content\\\/uploads\\\/2024\\\/09\\\/Candas-365-Redes.jpg\",\"@id\":\"https:\\\/\\\/candas365.es\\\/noticias\\\/pele-se-encuentra-estable-segun-el-ultimo-parte-medico\\\/#organizationLogo\",\"width\":1152,\"height\":864,\"caption\":\"Cand\\u00e1s 365 Redes\"},\"image\":{\"@id\":\"https:\\\/\\\/candas365.es\\\/noticias\\\/pele-se-encuentra-estable-segun-el-ultimo-parte-medico\\\/#organizationLogo\"},\"sameAs\":[\"https:\\\/\\\/www.facebook.com\\\/Nachofdezber\",\"https:\\\/\\\/x.com\\\/NabercoDigital\",\"https:\\\/\\\/www.instagram.com\\\/nachofdezber\\\/\",\"https:\\\/\\\/www.youtube.com\\\/channel\\\/UCZP-2wLEB9Rv6erhFmqVnvg\"],\"address\":{\"@id\":\"https:\\\/\\\/candas365.es\\\/noticias\\\/#postaladdress\",\"@type\":\"PostalAddress\",\"streetAddress\":\"san antonio 4, san antonio 4\",\"postalCode\":\"33430\",\"addressLocality\":\"Cand\\u00e1s\",\"addressRegion\":\"Asturias\",\"addressCountry\":\"ES\"}},{\"@type\":\"Person\",\"@id\":\"https:\\\/\\\/candas365.es\\\/noticias\\\/author\\\/admin\\\/#author\",\"url\":\"https:\\\/\\\/candas365.es\\\/noticias\\\/author\\\/admin\\\/\",\"name\":\"Cand\\u00e1s 365\",\"image\":{\"@type\":\"ImageObject\",\"@id\":\"https:\\\/\\\/candas365.es\\\/noticias\\\/pele-se-encuentra-estable-segun-el-ultimo-parte-medico\\\/#authorImage\",\"url\":\"https:\\\/\\\/secure.gravatar.com\\\/avatar\\\/496a8e03d0c493ede1718b7934145dbdf8d89be1036b0eec9544e1094c9de390?s=96&d=mm&r=g\",\"width\":96,\"height\":96,\"caption\":\"Cand\\u00e1s 365\"},\"sameAs\":[\"https:\\\/\\\/www.facebook.com\\\/carrenoactualidad\",\"https:\\\/\\\/twitter.com\\\/nbasturias\",\"https:\\\/\\\/www.instagram.com\\\/nachofdezber\\\/\",\"https:\\\/\\\/www.youtube.com\\\/channel\\\/UCZP-2wLEB9Rv6erhFmqVnvg\"]},{\"@type\":\"WebPage\",\"@id\":\"https:\\\/\\\/candas365.es\\\/noticias\\\/pele-se-encuentra-estable-segun-el-ultimo-parte-medico\\\/#webpage\",\"url\":\"https:\\\/\\\/candas365.es\\\/noticias\\\/pele-se-encuentra-estable-segun-el-ultimo-parte-medico\\\/\",\"name\":\"Pele se encuentra estable, seg\\u00fan el \\u00faltimo parte m\\u00e9dico | Cand\\u00e1s 365\",\"description\":\"(EP) - El exfutbolista Edson Arantes do Nascimento 'Pele' se encuentra estable, sin empeoramiento en las \\u00faltimas 24 horas, y respondiendo\",\"inLanguage\":\"es-ES\",\"isPartOf\":{\"@id\":\"https:\\\/\\\/candas365.es\\\/noticias\\\/#website\"},\"breadcrumb\":{\"@id\":\"https:\\\/\\\/candas365.es\\\/noticias\\\/pele-se-encuentra-estable-segun-el-ultimo-parte-medico\\\/#breadcrumblist\"},\"author\":{\"@id\":\"https:\\\/\\\/candas365.es\\\/noticias\\\/author\\\/admin\\\/#author\"},\"creator\":{\"@id\":\"https:\\\/\\\/candas365.es\\\/noticias\\\/author\\\/admin\\\/#author\"},\"image\":{\"@type\":\"ImageObject\",\"url\":\"https:\\\/\\\/candas365.es\\\/noticias\\\/wp-content\\\/uploads\\\/2022\\\/12\\\/Urgente.jpg\",\"@id\":\"https:\\\/\\\/candas365.es\\\/noticias\\\/pele-se-encuentra-estable-segun-el-ultimo-parte-medico\\\/#mainImage\",\"width\":640,\"height\":400,\"caption\":\"Urgente\"},\"primaryImageOfPage\":{\"@id\":\"https:\\\/\\\/candas365.es\\\/noticias\\\/pele-se-encuentra-estable-segun-el-ultimo-parte-medico\\\/#mainImage\"},\"datePublished\":\"2022-12-03T23:39:10+01:00\",\"dateModified\":\"2022-12-03T23:39:10+01:00\"},{\"@type\":\"WebSite\",\"@id\":\"https:\\\/\\\/candas365.es\\\/noticias\\\/#website\",\"url\":\"https:\\\/\\\/candas365.es\\\/noticias\\\/\",\"name\":\"Cand\\u00e1s 365\",\"alternateName\":\"Cand\\u00e1s 365 Noticias\",\"description\":\"Actualidad desde Carre\\u00f1o para el mundo\",\"inLanguage\":\"es-ES\",\"publisher\":{\"@id\":\"https:\\\/\\\/candas365.es\\\/noticias\\\/#organization\"}}]}\n\t\t<\/script>\n\t\t<!-- All in One SEO Pro -->\r\n\t\t<title>Pele se encuentra estable, seg\u00fan el \u00faltimo parte m\u00e9dico | Cand\u00e1s 365<\/title>\n\n","aioseo_head_json":{"title":"Pele se encuentra estable, seg\u00fan el \u00faltimo parte m\u00e9dico | Cand\u00e1s 365","description":"(EP) - El exfutbolista Edson Arantes do Nascimento 'Pele' se encuentra estable, sin empeoramiento en las \u00faltimas 24 horas, y respondiendo","canonical_url":"https:\/\/candas365.es\/noticias\/pele-se-encuentra-estable-segun-el-ultimo-parte-medico\/","robots":"max-image-preview:large","keywords":"deporte","webmasterTools":{"google-site-verification":"UA-32230408-1","msvalidate.01":"354F3CDFB2DA171B47FBE9ABF1F88D5","miscellaneous":""},"schema":{"@context":"https:\/\/schema.org","@graph":[{"@type":"BreadcrumbList","@id":"https:\/\/candas365.es\/noticias\/pele-se-encuentra-estable-segun-el-ultimo-parte-medico\/#breadcrumblist","itemListElement":[{"@type":"ListItem","@id":"https:\/\/candas365.es\/noticias#listItem","position":1,"name":"Home","item":"https:\/\/candas365.es\/noticias","nextItem":{"@type":"ListItem","@id":"https:\/\/candas365.es\/noticias\/category\/deporte\/#listItem","name":"Deporte"}},{"@type":"ListItem","@id":"https:\/\/candas365.es\/noticias\/category\/deporte\/#listItem","position":2,"name":"Deporte","item":"https:\/\/candas365.es\/noticias\/category\/deporte\/","nextItem":{"@type":"ListItem","@id":"https:\/\/candas365.es\/noticias\/pele-se-encuentra-estable-segun-el-ultimo-parte-medico\/#listItem","name":"Pele se encuentra estable, seg\u00fan el \u00faltimo parte m\u00e9dico"},"previousItem":{"@type":"ListItem","@id":"https:\/\/candas365.es\/noticias#listItem","name":"Home"}},{"@type":"ListItem","@id":"https:\/\/candas365.es\/noticias\/pele-se-encuentra-estable-segun-el-ultimo-parte-medico\/#listItem","position":3,"name":"Pele se encuentra estable, seg\u00fan el \u00faltimo parte m\u00e9dico","previousItem":{"@type":"ListItem","@id":"https:\/\/candas365.es\/noticias\/category\/deporte\/#listItem","name":"Deporte"}}]},{"@type":"NewsArticle","@id":"https:\/\/candas365.es\/noticias\/pele-se-encuentra-estable-segun-el-ultimo-parte-medico\/#newsarticle","name":"Pele se encuentra estable, seg\u00fan el \u00faltimo parte m\u00e9dico | Cand\u00e1s 365","headline":"Pele se encuentra estable, seg\u00fan el \u00faltimo parte m\u00e9dico","author":{"@id":"https:\/\/candas365.es\/noticias\/author\/admin\/#author"},"publisher":{"@id":"https:\/\/candas365.es\/noticias\/#organization"},"image":{"@type":"ImageObject","url":"https:\/\/candas365.es\/noticias\/wp-content\/uploads\/2022\/12\/Urgente.jpg","width":640,"height":400,"caption":"Urgente"},"datePublished":"2022-12-03T23:39:10+01:00","dateModified":"2022-12-03T23:39:10+01:00","inLanguage":"es-ES","mainEntityOfPage":{"@id":"https:\/\/candas365.es\/noticias\/pele-se-encuentra-estable-segun-el-ultimo-parte-medico\/#webpage"},"isPartOf":{"@id":"https:\/\/candas365.es\/noticias\/pele-se-encuentra-estable-segun-el-ultimo-parte-medico\/#webpage"},"articleSection":"Deporte","dateline":"Publicado el diciembre 3, 2022."},{"@type":"Organization","@id":"https:\/\/candas365.es\/noticias\/#organization","name":"Cand\u00e1s 365","description":"Cand\u00e1s 365 es un diario digital independiente, fundado en 2012, con base en Asturias. Informamos con rigor sobre actualidad, sociedad, cultura y ocio, con una mirada local y global.","url":"https:\/\/candas365.es\/noticias\/","email":"info@candas365.es","telephone":"+34652131393","foundingDate":"2012-06-10","logo":{"@type":"ImageObject","url":"https:\/\/candas365.es\/noticias\/wp-content\/uploads\/2024\/09\/Candas-365-Redes.jpg","@id":"https:\/\/candas365.es\/noticias\/pele-se-encuentra-estable-segun-el-ultimo-parte-medico\/#organizationLogo","width":1152,"height":864,"caption":"Cand\u00e1s 365 Redes"},"image":{"@id":"https:\/\/candas365.es\/noticias\/pele-se-encuentra-estable-segun-el-ultimo-parte-medico\/#organizationLogo"},"sameAs":["https:\/\/www.facebook.com\/Nachofdezber","https:\/\/x.com\/NabercoDigital","https:\/\/www.instagram.com\/nachofdezber\/","https:\/\/www.youtube.com\/channel\/UCZP-2wLEB9Rv6erhFmqVnvg"],"address":{"@id":"https:\/\/candas365.es\/noticias\/#postaladdress","@type":"PostalAddress","streetAddress":"san antonio 4, san antonio 4","postalCode":"33430","addressLocality":"Cand\u00e1s","addressRegion":"Asturias","addressCountry":"ES"}},{"@type":"Person","@id":"https:\/\/candas365.es\/noticias\/author\/admin\/#author","url":"https:\/\/candas365.es\/noticias\/author\/admin\/","name":"Cand\u00e1s 365","image":{"@type":"ImageObject","@id":"https:\/\/candas365.es\/noticias\/pele-se-encuentra-estable-segun-el-ultimo-parte-medico\/#authorImage","url":"https:\/\/secure.gravatar.com\/avatar\/496a8e03d0c493ede1718b7934145dbdf8d89be1036b0eec9544e1094c9de390?s=96&d=mm&r=g","width":96,"height":96,"caption":"Cand\u00e1s 365"},"sameAs":["https:\/\/www.facebook.com\/carrenoactualidad","https:\/\/twitter.com\/nbasturias","https:\/\/www.instagram.com\/nachofdezber\/","https:\/\/www.youtube.com\/channel\/UCZP-2wLEB9Rv6erhFmqVnvg"]},{"@type":"WebPage","@id":"https:\/\/candas365.es\/noticias\/pele-se-encuentra-estable-segun-el-ultimo-parte-medico\/#webpage","url":"https:\/\/candas365.es\/noticias\/pele-se-encuentra-estable-segun-el-ultimo-parte-medico\/","name":"Pele se encuentra estable, seg\u00fan el \u00faltimo parte m\u00e9dico | Cand\u00e1s 365","description":"(EP) - El exfutbolista Edson Arantes do Nascimento 'Pele' se encuentra estable, sin empeoramiento en las \u00faltimas 24 horas, y respondiendo","inLanguage":"es-ES","isPartOf":{"@id":"https:\/\/candas365.es\/noticias\/#website"},"breadcrumb":{"@id":"https:\/\/candas365.es\/noticias\/pele-se-encuentra-estable-segun-el-ultimo-parte-medico\/#breadcrumblist"},"author":{"@id":"https:\/\/candas365.es\/noticias\/author\/admin\/#author"},"creator":{"@id":"https:\/\/candas365.es\/noticias\/author\/admin\/#author"},"image":{"@type":"ImageObject","url":"https:\/\/candas365.es\/noticias\/wp-content\/uploads\/2022\/12\/Urgente.jpg","@id":"https:\/\/candas365.es\/noticias\/pele-se-encuentra-estable-segun-el-ultimo-parte-medico\/#mainImage","width":640,"height":400,"caption":"Urgente"},"primaryImageOfPage":{"@id":"https:\/\/candas365.es\/noticias\/pele-se-encuentra-estable-segun-el-ultimo-parte-medico\/#mainImage"},"datePublished":"2022-12-03T23:39:10+01:00","dateModified":"2022-12-03T23:39:10+01:00"},{"@type":"WebSite","@id":"https:\/\/candas365.es\/noticias\/#website","url":"https:\/\/candas365.es\/noticias\/","name":"Cand\u00e1s 365","alternateName":"Cand\u00e1s 365 Noticias","description":"Actualidad desde Carre\u00f1o para el mundo","inLanguage":"es-ES","publisher":{"@id":"https:\/\/candas365.es\/noticias\/#organization"}}]},"og:locale":"es_ES","og:site_name":"Cand\u00e1s 365","og:type":"article","og:title":"Pele se encuentra estable, seg\u00fan el \u00faltimo parte m\u00e9dico | Cand\u00e1s 365","og:description":"(EP) - El exfutbolista Edson Arantes do Nascimento 'Pele' se encuentra estable, sin empeoramiento en las \u00faltimas 24 horas, y respondiendo","og:url":"https:\/\/candas365.es\/noticias\/pele-se-encuentra-estable-segun-el-ultimo-parte-medico\/","og:image":"https:\/\/candas365.es\/noticias\/wp-content\/uploads\/2022\/12\/Urgente.jpg","og:image:secure_url":"https:\/\/candas365.es\/noticias\/wp-content\/uploads\/2022\/12\/Urgente.jpg","og:image:width":640,"og:image:height":400,"article:published_time":"2022-12-03T22:39:10+00:00","article:modified_time":"2022-12-03T22:39:10+00:00","article:publisher":"https:\/\/www.facebook.com\/Nachofdezber","article:author":"https:\/\/www.facebook.com\/carrenoactualidad","twitter:card":"summary_large_image","twitter:site":"@NabercoDigital","twitter:title":"Pele se encuentra estable, seg\u00fan el \u00faltimo parte m\u00e9dico | Cand\u00e1s 365","twitter:description":"(EP) - El exfutbolista Edson Arantes do Nascimento 'Pele' se encuentra estable, sin empeoramiento en las \u00faltimas 24 horas, y respondiendo","twitter:creator":"@nbasturias","twitter:image":"https:\/\/candas365.es\/noticias\/wp-content\/uploads\/2022\/12\/Urgente.jpg","twitter:label1":"Escrito por","twitter:data1":"Cand\u00e1s 365","twitter:label2":"Tiempo de lectura estimado","twitter:data2":"1 minuto"},"aioseo_meta_data":{"post_id":"169800","title":null,"description":"(EP) - El exfutbolista Edson Arantes do Nascimento 'Pele' se encuentra estable, sin empeoramiento en las \u00faltimas 24 horas, y respondiendo","keywords":[],"keyphrases":{"focus":{"keyphrase":"Pele","score":80,"analysis":{"keyphraseInTitle":{"score":9,"maxScore":9,"error":0},"keyphraseInDescription":{"score":9,"maxScore":9,"error":0},"keyphraseLength":{"score":9,"maxScore":9,"error":0,"length":1},"keyphraseInURL":{"score":1,"maxScore":5,"error":1},"keyphraseInIntroduction":{"score":9,"maxScore":9,"error":0},"keyphraseInSubHeadings":[],"keyphraseInImageAlt":{"score":3,"maxScore":9,"error":1}}},"additional":[{"keyphrase":"Pele","score":83,"analysis":{"keyphraseInDescription":{"score":9,"maxScore":9,"error":0},"keyphraseLength":{"score":9,"maxScore":9,"error":0,"length":1},"keyphraseInIntroduction":{"score":9,"maxScore":9,"error":0},"keyphraseInImageAlt":{"score":3,"maxScore":9,"error":1}}}]},"primary_term":null,"canonical_url":null,"og_title":null,"og_description":null,"og_object_type":"default","og_image_type":"default","og_image_url":null,"og_image_width":null,"og_image_height":null,"og_image_custom_url":null,"og_image_custom_fields":null,"og_video":"","og_custom_url":null,"og_article_section":null,"og_article_tags":[],"twitter_use_og":false,"twitter_card":"default","twitter_image_type":"default","twitter_image_url":null,"twitter_image_custom_url":null,"twitter_image_custom_fields":null,"twitter_title":null,"twitter_description":null,"schema":{"blockGraphs":[],"customGraphs":[],"default":{"data":{"Article":[],"Course":[],"Dataset":[],"FAQPage":[],"Movie":[],"Person":[],"Product":[],"ProductReview":[],"Car":[],"Recipe":[],"Service":[],"SoftwareApplication":[],"WebPage":[]},"graphName":"Article","isEnabled":true},"graphs":[]},"schema_type":"default","schema_type_options":null,"pillar_content":false,"robots_default":true,"robots_noindex":false,"robots_noarchive":false,"robots_nosnippet":false,"robots_nofollow":false,"robots_noimageindex":false,"robots_noodp":false,"robots_notranslate":false,"robots_max_snippet":"-1","robots_max_videopreview":"-1","robots_max_imagepreview":"large","priority":null,"frequency":"default","location":null,"local_seo":null,"seo_analyzer_scan_date":"2025-09-01 16:41:17","breadcrumb_settings":null,"limit_modified_date":false,"reviewed_by":null,"open_ai":null,"ai":null,"created":"2022-12-03 22:30:27","updated":"2025-09-01 16:41:17"},"aioseo_breadcrumb":"<div class=\"aioseo-breadcrumbs\"><span class=\"aioseo-breadcrumb\">\n\t<a href=\"https:\/\/candas365.es\/noticias\" title=\"Home\">Home<\/a>\n<\/span><span class=\"aioseo-breadcrumb-separator\">&ndash;<\/span><span class=\"aioseo-breadcrumb\">\n\t<a href=\"https:\/\/candas365.es\/noticias\/category\/deporte\/\" title=\"Deporte\">Deporte<\/a>\n<\/span><span class=\"aioseo-breadcrumb-separator\">&ndash;<\/span><span class=\"aioseo-breadcrumb\">\n\tPele se encuentra estable, seg\u00fan el \u00faltimo parte m\u00e9dico\n<\/span><\/div>","aioseo_breadcrumb_json":[{"label":"Home","link":"https:\/\/candas365.es\/noticias"},{"label":"Deporte","link":"https:\/\/candas365.es\/noticias\/category\/deporte\/"},{"label":"Pele se encuentra estable, seg\u00fan el \u00faltimo parte m\u00e9dico","link":"https:\/\/candas365.es\/noticias\/pele-se-encuentra-estable-segun-el-ultimo-parte-medico\/"}],"_links":{"self":[{"href":"https:\/\/candas365.es\/noticias\/wp-json\/wp\/v2\/posts\/169800","targetHints":{"allow":["GET"]}}],"collection":[{"href":"https:\/\/candas365.es\/noticias\/wp-json\/wp\/v2\/posts"}],"about":[{"href":"https:\/\/candas365.es\/noticias\/wp-json\/wp\/v2\/types\/post"}],"author":[{"embeddable":true,"href":"https:\/\/candas365.es\/noticias\/wp-json\/wp\/v2\/users\/1"}],"replies":[{"embeddable":true,"href":"https:\/\/candas365.es\/noticias\/wp-json\/wp\/v2\/comments?post=169800"}],"version-history":[{"count":0,"href":"https:\/\/candas365.es\/noticias\/wp-json\/wp\/v2\/posts\/169800\/revisions"}],"wp:featuredmedia":[{"embeddable":true,"href":"https:\/\/candas365.es\/noticias\/wp-json\/wp\/v2\/media\/169801"}],"wp:attachment":[{"href":"https:\/\/candas365.es\/noticias\/wp-json\/wp\/v2\/media?parent=169800"}],"wp:term":[{"taxonomy":"category","embeddable":true,"href":"https:\/\/candas365.es\/noticias\/wp-json\/wp\/v2\/categories?post=169800"},{"taxonomy":"post_tag","embeddable":true,"href":"https:\/\/candas365.es\/noticias\/wp-json\/wp\/v2\/tags?post=169800"}],"curies":[{"name":"wp","href":"https:\/\/api.w.org\/{rel}","templated":true}]}}