{"id":169651,"date":"2022-11-30T14:39:29","date_gmt":"2022-11-30T13:39:29","guid":{"rendered":"https:\/\/candas365.es\/noticias\/?p=169651"},"modified":"2022-11-30T14:39:29","modified_gmt":"2022-11-30T13:39:29","slug":"el-cuento-del-mundial-de-futbol-climaticamente-neutro","status":"publish","type":"post","link":"https:\/\/candas365.es\/noticias\/el-cuento-del-mundial-de-futbol-climaticamente-neutro\/","title":{"rendered":"El \u00abcuento\u00bb del Mundial de F\u00fatbol clim\u00e1ticamente neutro"},"content":{"rendered":"<p>(fpa) &#8211; En ocasi\u00f3n del <strong>D\u00eda Mundial del Medio Ambiente,<\/strong> el presidente de la <a href=\"https:\/\/www.fifa.com\/\" target=\"_blank\" rel=\"noopener\"><span style=\"color: #ff6600;\"><strong>FIFA<\/strong><\/span><\/a>, <strong>Gianni Infantino<\/strong>, emiti\u00f3 un mensaje por v\u00eddeo alzando ante la c\u00e1mara una tarjeta verde, por el planeta. La Federaci\u00f3n Internacional de F\u00fatbol no se cansa de insistir en que la Copa <a href=\"https:\/\/candas365.es\/noticias\/catar-2022-quien-se-llevara-la-copa-del-mundo-de-futbol\/\" target=\"_blank\" rel=\"noopener\"><span style=\"color: #ff6600;\"><strong>Mundial Catar 2022<\/strong><\/span><\/a> es neutra desde el punto de vista clim\u00e1tico.<\/p>\n<figure id=\"attachment_169652\" aria-describedby=\"caption-attachment-169652\" style=\"width: 650px\" class=\"wp-caption aligncenter\"><img fetchpriority=\"high\" decoding=\"async\" class=\"wp-image-169652 size-large\" src=\"https:\/\/candas365.es\/noticias\/wp-content\/uploads\/2022\/11\/Mundial-1-650x435.jpg\" alt=\"Mundial\" width=\"650\" height=\"435\" srcset=\"https:\/\/candas365.es\/noticias\/wp-content\/uploads\/2022\/11\/Mundial-1-650x435.jpg 650w, https:\/\/candas365.es\/noticias\/wp-content\/uploads\/2022\/11\/Mundial-1-360x241.jpg 360w, https:\/\/candas365.es\/noticias\/wp-content\/uploads\/2022\/11\/Mundial-1-768x514.jpg 768w, https:\/\/candas365.es\/noticias\/wp-content\/uploads\/2022\/11\/Mundial-1-150x100.jpg 150w, https:\/\/candas365.es\/noticias\/wp-content\/uploads\/2022\/11\/Mundial-1-450x301.jpg 450w, https:\/\/candas365.es\/noticias\/wp-content\/uploads\/2022\/11\/Mundial-1.jpg 1000w\" sizes=\"(max-width: 650px) 100vw, 650px\" \/><figcaption id=\"caption-attachment-169652\" class=\"wp-caption-text\">Vista exterior del estadio Ic\u00f3nico de Lusail en Catar. Foto: Christian Charisius\/Deutsche Presse-Agentur GmbH\/dpa<\/figcaption><\/figure>\n<p>Esto es dif\u00edcil de creer,<strong> teniendo en cuenta que se trata de un megaevento para el que se han construido varios estadios nuevos y que lleva a decenas de miles de personas a trasladarse en aviones desde el otro extremo del mundo.<\/strong><\/p>\n<p>Pero, <strong>\u00bfqu\u00e9 significa la neutralidad clim\u00e1tica? Esta consiste en que debe existir un equilibrio entre las emisiones (de di\u00f3xido de carbono y otros gases) producidas y los gases de efecto invernadero retirados de la atm\u00f3sfera, explica Marcel Kruse, de la Oficina Alemana de Comercio de Emisiones de la Agencia Federal de Medio Ambiente.<\/strong> Concretamente, se trata de compensar la emisi\u00f3n de gases de efecto invernadero, por ejemplo, invirtiendo en proyectos de protecci\u00f3n del clima y recibiendo a cambio certificados de CO2.<\/p>\n<p>Lo m\u00e1s importante, sin embargo, es la reducci\u00f3n de emisiones.<strong> \u00abNuestro mantra es: lo primero es evitar las emisiones. Luego la reducci\u00f3n. Y si no hay otra forma: la compensaci\u00f3n\u00bb, se\u00f1ala Kruse.<\/strong><\/p>\n<p>El profesor Wolfgang Lucht, del Instituto de Investigaci\u00f3n del Impacto Clim\u00e1tico de la ciudad alemana de Potsdam, se\u00f1ala que muchos de los que afirman ser neutrales con respecto al clima no han reducido sus emisiones de forma significativa. \u00abLa gente prefiere mirar a su alrededor para ver si otros pueden reducir en lugar de hacerlo ellos mismos\u00bb, puntualiza.<\/p>\n<p>En un principio, prosigue, el t\u00e9rmino solo pretend\u00eda describir la compensaci\u00f3n de un \u00faltimo remanente de emisiones inevitables. Sin embargo, ahora tambi\u00e9n se utiliza cada vez m\u00e1s para las emisiones evitables, explica el experto en sostenibilidad.<\/p>\n<p>Antes de y durante un acontecimiento de alcance mundial como la Copa del Mundo se producen emisiones. Esto es un hecho. \u00bfPero cu\u00e1ntas? El an\u00e1lisis preliminar realizado por una agencia suiza por encargo de la FIFA llega a la nada despreciable cifra de 3,6 millones de toneladas equivalentes de CO2. <strong>La mayor parte corresponde a los viajes (a\u00e9reos), las infraestructuras (estadios) y el alojamiento. En comparaci\u00f3n, seg\u00fan los c\u00e1lculos de un grupo internacional de cient\u00edficos (Global Carbon Project), el peque\u00f1o pa\u00eds europeo de Montenegro emiti\u00f3 el a\u00f1o pasado 1,8 millones de toneladas de CO2.<\/strong><\/p>\n<p>Los partidos del Mundial de F\u00fatbol se disputan en ocho nuevos estadios, uno de ellos construido a partir de contenedores de transporte y, seg\u00fan los organizadores, solo temporal y completamente desmontable. Todos los recintos est\u00e1n equipados con aire acondicionado. La FIFA es \u00abplenamente consciente de que el cambio clim\u00e1tico es uno de los retos m\u00e1s urgentes de nuestro tiempo\u00bb y cree que \u00abcada uno de nosotros debe tomar medidas inmediatas y sostenibles para proteger el clima\u00bb, declar\u00f3 la asociaci\u00f3n en entrevista con dpa.<\/p>\n<p><strong>Si se observa la huella de carbono de los siete nuevos estadios permanentes de la Copa del Mundo, llama la atenci\u00f3n que las emisiones causadas durante la construcci\u00f3n se asignen a un supuesto tiempo de funcionamiento de 60 a\u00f1os<\/strong>. Adem\u00e1s, solo se incluyen en el c\u00e1lculo las emisiones de 70 d\u00edas (los del Mundial m\u00e1s dos Mundiales de Clubes), sin olvidar que se trata de estadios que no se habr\u00edan construido sin el Mundial. Para el acad\u00e9mico Lucht, esto no es m\u00e1s que \u00abgreenwashing\u00bb. Se denomina as\u00ed a una estrategia destinada a crear la impresi\u00f3n de que una empresa es m\u00e1s sostenible de lo que realmente es.<\/p>\n<blockquote><p>La asociaci\u00f3n Carbon Market Watch, por ejemplo, calcula que la huella de gases de efecto invernadero de los siete nuevos estadios permanentes podr\u00eda ser hasta ocho veces mayor. La organizaci\u00f3n sin \u00e1nimos de lucro hace campa\u00f1a, entre otras cosas, por una tarificaci\u00f3n adecuada del CO2.<\/p><\/blockquote>\n<p>Cient\u00edficos de la Universidad de Lancaster tambi\u00e9n examinaron el an\u00e1lisis preliminar, y el climat\u00f3logo Mike Berners-Lee, miembro de esta, declar\u00f3 recientemente al medio brit\u00e1nico BBC que la cifra es al menos tres veces superior para todo el Mundial.<\/p>\n<p><strong>La FIFA rechaza la validez de estos c\u00e1lculos<\/strong>, aduciendo que los suyos son una estimaci\u00f3n conservadora de acuerdo con el Protocolo de Gases de Efecto Invernadero. Este protocolo se considera la norma m\u00e1s utilizada para la elaboraci\u00f3n de balances de gases de efecto invernadero. Los cambios con respecto a estos supuestos \u00abse reflejar\u00e1n y compensar\u00e1n plenamente en el informe posterior\u00bb, afirma la FIFA.<\/p>\n<p>Hablando de compensaci\u00f3n: \u00abSi es posible, las emisiones deben compensarse cuando se producen\u00bb, se\u00f1ala Kruse en relaci\u00f3n con la construcci\u00f3n de los estadios, y a\u00f1ade que, si se apoyan, mediante compensaciones, proyectos de protecci\u00f3n del clima para recibir certificados por ellos, hay que asegurarse de que estos proyectos se lleven realmente a cabo y se trate de nuevos proyectos adicionales.<\/p>\n<p>Kruse explica que no se puede financiar como compensaci\u00f3n ning\u00fan proyecto que hubiera existido de todos modos, y menciona como ejemplo<strong> los proyectos de energ\u00edas renovables que se autofinancian.<\/strong><\/p>\n<p>Es precisamente esta adicionalidad la que se pone en duda en los proyectos que hasta ahora ha aprobado el programa de compensaci\u00f3n de carbono de Qatar, el Global Carbon Council, consejo con el que trabaja el comit\u00e9 organizador.<\/p>\n<p>El programa solo ha aceptado seis proyectos hasta ahora, entre ellos un proyecto solar en la India y un proyecto hidroel\u00e9ctrico en Turqu\u00eda. Sin embargo, la FIFA se\u00f1ala que los tres organizadores de la Copa del Mundo obtuvieron sus certificados de CO2 por separado, y que la federaci\u00f3n de f\u00fatbol misma no compensar\u00e1 las emisiones a trav\u00e9s del Global Carbon Council. <strong>\u00abEl proceso de licitaci\u00f3n est\u00e1 en su fase final\u00bb, inform\u00f3 la FIFA, que anunciar\u00e1 oportunamente su cartera de compensaciones de CO2.<\/strong><\/p>\n<p>El comit\u00e9 organizador respondi\u00f3 a las preguntas sobre la certificaci\u00f3n de los estadios y los proyectos de compensaci\u00f3n de emisiones de carbono con una declaraci\u00f3n general sobre proyectos de sostenibilidad. En esta, se\u00f1al\u00f3 que la etiqueta de sostenibilidad -otorgada por un instituto estrechamente vinculado al Estado catar\u00ed- hab\u00eda sido aprobada por la FIFA para los estadios de la Copa del Mundo.<\/p>\n<p>En opini\u00f3n del catedr\u00e1tico Lucht, <strong>el debate sobre el megaevento supuestamente neutro para el clima no llega a su debido tiempo, llega tarde, pero cree que es bueno que la responsabilidad por el clima sea tambi\u00e9n un tema en el mundo del deporte<\/strong>. \u00abNadie deber\u00eda verse privado de la alegr\u00eda de un acontecimiento as\u00ed. Pero en lo que respecta al clima, al final no lo conseguiremos solo con medidas t\u00e9cnicas: tambi\u00e9n tendremos que pensar en cambios de comportamiento\u00bb, afirma el acad\u00e9mico.<\/p>\n<p>\u00bfC\u00f3mo podr\u00eda organizarse una Copa del Mundo de forma diferente en cuanto a la protecci\u00f3n del clima? \u00abNo hay una respuesta indolora a esta pregunta\u00bb, responde Lucht. \u00abPero tenemos que afrontar el problema\u00bb, puntualiz\u00f3.<\/p>\n<p><i class=\"lang-es\"><span class=\" readonly\" title=\"\">Alexandra Stober (dpa)<\/span><\/i><\/p>\n","protected":false},"excerpt":{"rendered":"<p>(fpa) &#8211; En ocasi\u00f3n del D\u00eda Mundial del Medio Ambiente, el presidente de la FIFA, Gianni Infantino, emiti\u00f3 un mensaje por v\u00eddeo alzando ante la c\u00e1mara una tarjeta verde, por el planeta. La Federaci\u00f3n Internacional de F\u00fatbol no se cansa de insistir en que la Copa Mundial Catar 2022 es neutra desde el punto de<\/p>\n","protected":false},"author":1,"featured_media":169652,"comment_status":"closed","ping_status":"closed","sticky":false,"template":"","format":"standard","meta":{"footnotes":""},"categories":[319],"tags":[387,453,422],"class_list":{"0":"post-169651","1":"post","2":"type-post","3":"status-publish","4":"format-standard","5":"has-post-thumbnail","7":"category-deporte","8":"tag-deporte","9":"tag-naturaleza","10":"tag-reportajes"},"aioseo_notices":[],"aioseo_head":"\n\t\t<!-- All in One SEO Pro 4.9.6.2 - aioseo.com -->\n\t<meta name=\"description\" content=\"(dpa) - En ocasi\u00f3n del D\u00eda Mundial del Medio Ambiente, el presidente de la FIFA, Gianni Infantino, emiti\u00f3 un mensaje por v\u00eddeo alzando ante la c\u00e1mara\" \/>\n\t<meta name=\"robots\" content=\"max-image-preview:large\" \/>\n\t<meta name=\"author\" content=\"Cand\u00e1s 365\"\/>\n\t<meta name=\"google-site-verification\" content=\"UA-32230408-1\" \/>\n\t<meta name=\"msvalidate.01\" content=\"354F3CDFB2DA171B47FBE9ABF1F88D5\" \/>\n\t<meta name=\"keywords\" content=\"deporte\" \/>\n\t<link rel=\"canonical\" href=\"https:\/\/candas365.es\/noticias\/el-cuento-del-mundial-de-futbol-climaticamente-neutro\/\" \/>\n\t<meta name=\"generator\" content=\"All in One SEO Pro (AIOSEO) 4.9.6.2\" \/>\n\t\t<meta property=\"og:locale\" content=\"es_ES\" \/>\n\t\t<meta property=\"og:site_name\" content=\"Cand\u00e1s 365\" \/>\n\t\t<meta property=\"og:type\" content=\"article\" \/>\n\t\t<meta property=\"og:title\" content=\"El \u00abcuento\u00bb del Mundial de F\u00fatbol clim\u00e1ticamente neutro | Cand\u00e1s 365\" \/>\n\t\t<meta property=\"og:description\" content=\"(dpa) - En ocasi\u00f3n del D\u00eda Mundial del Medio Ambiente, el presidente de la FIFA, Gianni Infantino, emiti\u00f3 un mensaje por v\u00eddeo alzando ante la c\u00e1mara\" \/>\n\t\t<meta property=\"og:url\" content=\"https:\/\/candas365.es\/noticias\/el-cuento-del-mundial-de-futbol-climaticamente-neutro\/\" \/>\n\t\t<meta property=\"og:image\" content=\"https:\/\/candas365.es\/noticias\/wp-content\/uploads\/2022\/11\/Mundial-1.jpg\" \/>\n\t\t<meta property=\"og:image:secure_url\" content=\"https:\/\/candas365.es\/noticias\/wp-content\/uploads\/2022\/11\/Mundial-1.jpg\" \/>\n\t\t<meta property=\"og:image:width\" content=\"1000\" \/>\n\t\t<meta property=\"og:image:height\" content=\"669\" \/>\n\t\t<meta property=\"article:published_time\" content=\"2022-11-30T13:39:29+00:00\" \/>\n\t\t<meta property=\"article:modified_time\" content=\"2022-11-30T13:39:29+00:00\" \/>\n\t\t<meta property=\"article:publisher\" content=\"https:\/\/www.facebook.com\/Nachofdezber\" \/>\n\t\t<meta property=\"article:author\" content=\"https:\/\/www.facebook.com\/carrenoactualidad\" \/>\n\t\t<meta name=\"twitter:card\" content=\"summary_large_image\" \/>\n\t\t<meta name=\"twitter:site\" content=\"@NabercoDigital\" \/>\n\t\t<meta name=\"twitter:title\" content=\"El \u00abcuento\u00bb del Mundial de F\u00fatbol clim\u00e1ticamente neutro | Cand\u00e1s 365\" \/>\n\t\t<meta name=\"twitter:description\" content=\"(dpa) - En ocasi\u00f3n del D\u00eda Mundial del Medio Ambiente, el presidente de la FIFA, Gianni Infantino, emiti\u00f3 un mensaje por v\u00eddeo alzando ante la c\u00e1mara\" \/>\n\t\t<meta name=\"twitter:creator\" content=\"@nbasturias\" \/>\n\t\t<meta name=\"twitter:image\" content=\"https:\/\/candas365.es\/noticias\/wp-content\/uploads\/2022\/11\/Mundial-1.jpg\" \/>\n\t\t<meta name=\"twitter:label1\" content=\"Escrito por\" \/>\n\t\t<meta name=\"twitter:data1\" content=\"Cand\u00e1s 365\" \/>\n\t\t<meta name=\"twitter:label2\" content=\"Tiempo de lectura estimado\" \/>\n\t\t<meta name=\"twitter:data2\" content=\"6 minutos\" \/>\n\t\t<script type=\"application\/ld+json\" class=\"aioseo-schema\">\n\t\t\t{\"@context\":\"https:\\\/\\\/schema.org\",\"@graph\":[{\"@type\":\"BreadcrumbList\",\"@id\":\"https:\\\/\\\/candas365.es\\\/noticias\\\/el-cuento-del-mundial-de-futbol-climaticamente-neutro\\\/#breadcrumblist\",\"itemListElement\":[{\"@type\":\"ListItem\",\"@id\":\"https:\\\/\\\/candas365.es\\\/noticias#listItem\",\"position\":1,\"name\":\"Home\",\"item\":\"https:\\\/\\\/candas365.es\\\/noticias\",\"nextItem\":{\"@type\":\"ListItem\",\"@id\":\"https:\\\/\\\/candas365.es\\\/noticias\\\/category\\\/deporte\\\/#listItem\",\"name\":\"Deporte\"}},{\"@type\":\"ListItem\",\"@id\":\"https:\\\/\\\/candas365.es\\\/noticias\\\/category\\\/deporte\\\/#listItem\",\"position\":2,\"name\":\"Deporte\",\"item\":\"https:\\\/\\\/candas365.es\\\/noticias\\\/category\\\/deporte\\\/\",\"nextItem\":{\"@type\":\"ListItem\",\"@id\":\"https:\\\/\\\/candas365.es\\\/noticias\\\/el-cuento-del-mundial-de-futbol-climaticamente-neutro\\\/#listItem\",\"name\":\"El \\u00abcuento\\u00bb del Mundial de F\\u00fatbol clim\\u00e1ticamente neutro\"},\"previousItem\":{\"@type\":\"ListItem\",\"@id\":\"https:\\\/\\\/candas365.es\\\/noticias#listItem\",\"name\":\"Home\"}},{\"@type\":\"ListItem\",\"@id\":\"https:\\\/\\\/candas365.es\\\/noticias\\\/el-cuento-del-mundial-de-futbol-climaticamente-neutro\\\/#listItem\",\"position\":3,\"name\":\"El \\u00abcuento\\u00bb del Mundial de F\\u00fatbol clim\\u00e1ticamente neutro\",\"previousItem\":{\"@type\":\"ListItem\",\"@id\":\"https:\\\/\\\/candas365.es\\\/noticias\\\/category\\\/deporte\\\/#listItem\",\"name\":\"Deporte\"}}]},{\"@type\":\"NewsArticle\",\"@id\":\"https:\\\/\\\/candas365.es\\\/noticias\\\/el-cuento-del-mundial-de-futbol-climaticamente-neutro\\\/#newsarticle\",\"name\":\"El \\u00abcuento\\u00bb del Mundial de F\\u00fatbol clim\\u00e1ticamente neutro | Cand\\u00e1s 365\",\"headline\":\"El \\u00abcuento\\u00bb del Mundial de F\\u00fatbol clim\\u00e1ticamente neutro\",\"author\":{\"@id\":\"https:\\\/\\\/candas365.es\\\/noticias\\\/author\\\/admin\\\/#author\"},\"publisher\":{\"@id\":\"https:\\\/\\\/candas365.es\\\/noticias\\\/#organization\"},\"image\":{\"@type\":\"ImageObject\",\"url\":\"https:\\\/\\\/candas365.es\\\/noticias\\\/wp-content\\\/uploads\\\/2022\\\/11\\\/Mundial-1.jpg\",\"width\":1000,\"height\":669,\"caption\":\"Vista exterior del estadio Ic\\u00f3nico de Lusail en Catar. Foto: Christian Charisius\\\/Deutsche Presse-Agentur GmbH\\\/dpa\"},\"datePublished\":\"2022-11-30T14:39:29+01:00\",\"dateModified\":\"2022-11-30T14:39:29+01:00\",\"inLanguage\":\"es-ES\",\"mainEntityOfPage\":{\"@id\":\"https:\\\/\\\/candas365.es\\\/noticias\\\/el-cuento-del-mundial-de-futbol-climaticamente-neutro\\\/#webpage\"},\"isPartOf\":{\"@id\":\"https:\\\/\\\/candas365.es\\\/noticias\\\/el-cuento-del-mundial-de-futbol-climaticamente-neutro\\\/#webpage\"},\"articleSection\":\"Deporte, deporte, naturaleza, Reportajes\",\"dateline\":\"Publicado el noviembre 30, 2022.\"},{\"@type\":\"Organization\",\"@id\":\"https:\\\/\\\/candas365.es\\\/noticias\\\/#organization\",\"name\":\"Cand\\u00e1s 365\",\"description\":\"Cand\\u00e1s 365 es un diario digital independiente, fundado en 2012, con base en Asturias. Informamos con rigor sobre actualidad, sociedad, cultura y ocio, con una mirada local y global.\",\"url\":\"https:\\\/\\\/candas365.es\\\/noticias\\\/\",\"email\":\"info@candas365.es\",\"telephone\":\"+34652131393\",\"foundingDate\":\"2012-06-10\",\"logo\":{\"@type\":\"ImageObject\",\"url\":\"https:\\\/\\\/candas365.es\\\/noticias\\\/wp-content\\\/uploads\\\/2024\\\/09\\\/Candas-365-Redes.jpg\",\"@id\":\"https:\\\/\\\/candas365.es\\\/noticias\\\/el-cuento-del-mundial-de-futbol-climaticamente-neutro\\\/#organizationLogo\",\"width\":1152,\"height\":864,\"caption\":\"Cand\\u00e1s 365 Redes\"},\"image\":{\"@id\":\"https:\\\/\\\/candas365.es\\\/noticias\\\/el-cuento-del-mundial-de-futbol-climaticamente-neutro\\\/#organizationLogo\"},\"sameAs\":[\"https:\\\/\\\/www.facebook.com\\\/Nachofdezber\",\"https:\\\/\\\/x.com\\\/NabercoDigital\",\"https:\\\/\\\/www.instagram.com\\\/nachofdezber\\\/\",\"https:\\\/\\\/www.youtube.com\\\/channel\\\/UCZP-2wLEB9Rv6erhFmqVnvg\"],\"address\":{\"@id\":\"https:\\\/\\\/candas365.es\\\/noticias\\\/#postaladdress\",\"@type\":\"PostalAddress\",\"streetAddress\":\"san antonio 4, san antonio 4\",\"postalCode\":\"33430\",\"addressLocality\":\"Cand\\u00e1s\",\"addressRegion\":\"Asturias\",\"addressCountry\":\"ES\"}},{\"@type\":\"Person\",\"@id\":\"https:\\\/\\\/candas365.es\\\/noticias\\\/author\\\/admin\\\/#author\",\"url\":\"https:\\\/\\\/candas365.es\\\/noticias\\\/author\\\/admin\\\/\",\"name\":\"Cand\\u00e1s 365\",\"image\":{\"@type\":\"ImageObject\",\"@id\":\"https:\\\/\\\/candas365.es\\\/noticias\\\/el-cuento-del-mundial-de-futbol-climaticamente-neutro\\\/#authorImage\",\"url\":\"https:\\\/\\\/secure.gravatar.com\\\/avatar\\\/496a8e03d0c493ede1718b7934145dbdf8d89be1036b0eec9544e1094c9de390?s=96&d=mm&r=g\",\"width\":96,\"height\":96,\"caption\":\"Cand\\u00e1s 365\"},\"sameAs\":[\"https:\\\/\\\/www.facebook.com\\\/carrenoactualidad\",\"https:\\\/\\\/twitter.com\\\/nbasturias\",\"https:\\\/\\\/www.instagram.com\\\/nachofdezber\\\/\",\"https:\\\/\\\/www.youtube.com\\\/channel\\\/UCZP-2wLEB9Rv6erhFmqVnvg\"]},{\"@type\":\"WebPage\",\"@id\":\"https:\\\/\\\/candas365.es\\\/noticias\\\/el-cuento-del-mundial-de-futbol-climaticamente-neutro\\\/#webpage\",\"url\":\"https:\\\/\\\/candas365.es\\\/noticias\\\/el-cuento-del-mundial-de-futbol-climaticamente-neutro\\\/\",\"name\":\"El \\u00abcuento\\u00bb del Mundial de F\\u00fatbol clim\\u00e1ticamente neutro | Cand\\u00e1s 365\",\"description\":\"(dpa) - En ocasi\\u00f3n del D\\u00eda Mundial del Medio Ambiente, el presidente de la FIFA, Gianni Infantino, emiti\\u00f3 un mensaje por v\\u00eddeo alzando ante la c\\u00e1mara\",\"inLanguage\":\"es-ES\",\"isPartOf\":{\"@id\":\"https:\\\/\\\/candas365.es\\\/noticias\\\/#website\"},\"breadcrumb\":{\"@id\":\"https:\\\/\\\/candas365.es\\\/noticias\\\/el-cuento-del-mundial-de-futbol-climaticamente-neutro\\\/#breadcrumblist\"},\"author\":{\"@id\":\"https:\\\/\\\/candas365.es\\\/noticias\\\/author\\\/admin\\\/#author\"},\"creator\":{\"@id\":\"https:\\\/\\\/candas365.es\\\/noticias\\\/author\\\/admin\\\/#author\"},\"image\":{\"@type\":\"ImageObject\",\"url\":\"https:\\\/\\\/candas365.es\\\/noticias\\\/wp-content\\\/uploads\\\/2022\\\/11\\\/Mundial-1.jpg\",\"@id\":\"https:\\\/\\\/candas365.es\\\/noticias\\\/el-cuento-del-mundial-de-futbol-climaticamente-neutro\\\/#mainImage\",\"width\":1000,\"height\":669,\"caption\":\"Vista exterior del estadio Ic\\u00f3nico de Lusail en Catar. Foto: Christian Charisius\\\/Deutsche Presse-Agentur GmbH\\\/dpa\"},\"primaryImageOfPage\":{\"@id\":\"https:\\\/\\\/candas365.es\\\/noticias\\\/el-cuento-del-mundial-de-futbol-climaticamente-neutro\\\/#mainImage\"},\"datePublished\":\"2022-11-30T14:39:29+01:00\",\"dateModified\":\"2022-11-30T14:39:29+01:00\"},{\"@type\":\"WebSite\",\"@id\":\"https:\\\/\\\/candas365.es\\\/noticias\\\/#website\",\"url\":\"https:\\\/\\\/candas365.es\\\/noticias\\\/\",\"name\":\"Cand\\u00e1s 365\",\"alternateName\":\"Cand\\u00e1s 365 Noticias\",\"description\":\"Actualidad desde Carre\\u00f1o para el mundo\",\"inLanguage\":\"es-ES\",\"publisher\":{\"@id\":\"https:\\\/\\\/candas365.es\\\/noticias\\\/#organization\"}}]}\n\t\t<\/script>\n\t\t<!-- All in One SEO Pro -->\r\n\t\t<title>El \u00abcuento\u00bb del Mundial de F\u00fatbol clim\u00e1ticamente neutro | Cand\u00e1s 365<\/title>\n\n","aioseo_head_json":{"title":"El \u00abcuento\u00bb del Mundial de F\u00fatbol clim\u00e1ticamente neutro | Cand\u00e1s 365","description":"(dpa) - En ocasi\u00f3n del D\u00eda Mundial del Medio Ambiente, el presidente de la FIFA, Gianni Infantino, emiti\u00f3 un mensaje por v\u00eddeo alzando ante la c\u00e1mara","canonical_url":"https:\/\/candas365.es\/noticias\/el-cuento-del-mundial-de-futbol-climaticamente-neutro\/","robots":"max-image-preview:large","keywords":"deporte","webmasterTools":{"google-site-verification":"UA-32230408-1","msvalidate.01":"354F3CDFB2DA171B47FBE9ABF1F88D5","miscellaneous":""},"schema":{"@context":"https:\/\/schema.org","@graph":[{"@type":"BreadcrumbList","@id":"https:\/\/candas365.es\/noticias\/el-cuento-del-mundial-de-futbol-climaticamente-neutro\/#breadcrumblist","itemListElement":[{"@type":"ListItem","@id":"https:\/\/candas365.es\/noticias#listItem","position":1,"name":"Home","item":"https:\/\/candas365.es\/noticias","nextItem":{"@type":"ListItem","@id":"https:\/\/candas365.es\/noticias\/category\/deporte\/#listItem","name":"Deporte"}},{"@type":"ListItem","@id":"https:\/\/candas365.es\/noticias\/category\/deporte\/#listItem","position":2,"name":"Deporte","item":"https:\/\/candas365.es\/noticias\/category\/deporte\/","nextItem":{"@type":"ListItem","@id":"https:\/\/candas365.es\/noticias\/el-cuento-del-mundial-de-futbol-climaticamente-neutro\/#listItem","name":"El \u00abcuento\u00bb del Mundial de F\u00fatbol clim\u00e1ticamente neutro"},"previousItem":{"@type":"ListItem","@id":"https:\/\/candas365.es\/noticias#listItem","name":"Home"}},{"@type":"ListItem","@id":"https:\/\/candas365.es\/noticias\/el-cuento-del-mundial-de-futbol-climaticamente-neutro\/#listItem","position":3,"name":"El \u00abcuento\u00bb del Mundial de F\u00fatbol clim\u00e1ticamente neutro","previousItem":{"@type":"ListItem","@id":"https:\/\/candas365.es\/noticias\/category\/deporte\/#listItem","name":"Deporte"}}]},{"@type":"NewsArticle","@id":"https:\/\/candas365.es\/noticias\/el-cuento-del-mundial-de-futbol-climaticamente-neutro\/#newsarticle","name":"El \u00abcuento\u00bb del Mundial de F\u00fatbol clim\u00e1ticamente neutro | Cand\u00e1s 365","headline":"El \u00abcuento\u00bb del Mundial de F\u00fatbol clim\u00e1ticamente neutro","author":{"@id":"https:\/\/candas365.es\/noticias\/author\/admin\/#author"},"publisher":{"@id":"https:\/\/candas365.es\/noticias\/#organization"},"image":{"@type":"ImageObject","url":"https:\/\/candas365.es\/noticias\/wp-content\/uploads\/2022\/11\/Mundial-1.jpg","width":1000,"height":669,"caption":"Vista exterior del estadio Ic\u00f3nico de Lusail en Catar. Foto: Christian Charisius\/Deutsche Presse-Agentur GmbH\/dpa"},"datePublished":"2022-11-30T14:39:29+01:00","dateModified":"2022-11-30T14:39:29+01:00","inLanguage":"es-ES","mainEntityOfPage":{"@id":"https:\/\/candas365.es\/noticias\/el-cuento-del-mundial-de-futbol-climaticamente-neutro\/#webpage"},"isPartOf":{"@id":"https:\/\/candas365.es\/noticias\/el-cuento-del-mundial-de-futbol-climaticamente-neutro\/#webpage"},"articleSection":"Deporte, deporte, naturaleza, Reportajes","dateline":"Publicado el noviembre 30, 2022."},{"@type":"Organization","@id":"https:\/\/candas365.es\/noticias\/#organization","name":"Cand\u00e1s 365","description":"Cand\u00e1s 365 es un diario digital independiente, fundado en 2012, con base en Asturias. Informamos con rigor sobre actualidad, sociedad, cultura y ocio, con una mirada local y global.","url":"https:\/\/candas365.es\/noticias\/","email":"info@candas365.es","telephone":"+34652131393","foundingDate":"2012-06-10","logo":{"@type":"ImageObject","url":"https:\/\/candas365.es\/noticias\/wp-content\/uploads\/2024\/09\/Candas-365-Redes.jpg","@id":"https:\/\/candas365.es\/noticias\/el-cuento-del-mundial-de-futbol-climaticamente-neutro\/#organizationLogo","width":1152,"height":864,"caption":"Cand\u00e1s 365 Redes"},"image":{"@id":"https:\/\/candas365.es\/noticias\/el-cuento-del-mundial-de-futbol-climaticamente-neutro\/#organizationLogo"},"sameAs":["https:\/\/www.facebook.com\/Nachofdezber","https:\/\/x.com\/NabercoDigital","https:\/\/www.instagram.com\/nachofdezber\/","https:\/\/www.youtube.com\/channel\/UCZP-2wLEB9Rv6erhFmqVnvg"],"address":{"@id":"https:\/\/candas365.es\/noticias\/#postaladdress","@type":"PostalAddress","streetAddress":"san antonio 4, san antonio 4","postalCode":"33430","addressLocality":"Cand\u00e1s","addressRegion":"Asturias","addressCountry":"ES"}},{"@type":"Person","@id":"https:\/\/candas365.es\/noticias\/author\/admin\/#author","url":"https:\/\/candas365.es\/noticias\/author\/admin\/","name":"Cand\u00e1s 365","image":{"@type":"ImageObject","@id":"https:\/\/candas365.es\/noticias\/el-cuento-del-mundial-de-futbol-climaticamente-neutro\/#authorImage","url":"https:\/\/secure.gravatar.com\/avatar\/496a8e03d0c493ede1718b7934145dbdf8d89be1036b0eec9544e1094c9de390?s=96&d=mm&r=g","width":96,"height":96,"caption":"Cand\u00e1s 365"},"sameAs":["https:\/\/www.facebook.com\/carrenoactualidad","https:\/\/twitter.com\/nbasturias","https:\/\/www.instagram.com\/nachofdezber\/","https:\/\/www.youtube.com\/channel\/UCZP-2wLEB9Rv6erhFmqVnvg"]},{"@type":"WebPage","@id":"https:\/\/candas365.es\/noticias\/el-cuento-del-mundial-de-futbol-climaticamente-neutro\/#webpage","url":"https:\/\/candas365.es\/noticias\/el-cuento-del-mundial-de-futbol-climaticamente-neutro\/","name":"El \u00abcuento\u00bb del Mundial de F\u00fatbol clim\u00e1ticamente neutro | Cand\u00e1s 365","description":"(dpa) - En ocasi\u00f3n del D\u00eda Mundial del Medio Ambiente, el presidente de la FIFA, Gianni Infantino, emiti\u00f3 un mensaje por v\u00eddeo alzando ante la c\u00e1mara","inLanguage":"es-ES","isPartOf":{"@id":"https:\/\/candas365.es\/noticias\/#website"},"breadcrumb":{"@id":"https:\/\/candas365.es\/noticias\/el-cuento-del-mundial-de-futbol-climaticamente-neutro\/#breadcrumblist"},"author":{"@id":"https:\/\/candas365.es\/noticias\/author\/admin\/#author"},"creator":{"@id":"https:\/\/candas365.es\/noticias\/author\/admin\/#author"},"image":{"@type":"ImageObject","url":"https:\/\/candas365.es\/noticias\/wp-content\/uploads\/2022\/11\/Mundial-1.jpg","@id":"https:\/\/candas365.es\/noticias\/el-cuento-del-mundial-de-futbol-climaticamente-neutro\/#mainImage","width":1000,"height":669,"caption":"Vista exterior del estadio Ic\u00f3nico de Lusail en Catar. Foto: Christian Charisius\/Deutsche Presse-Agentur GmbH\/dpa"},"primaryImageOfPage":{"@id":"https:\/\/candas365.es\/noticias\/el-cuento-del-mundial-de-futbol-climaticamente-neutro\/#mainImage"},"datePublished":"2022-11-30T14:39:29+01:00","dateModified":"2022-11-30T14:39:29+01:00"},{"@type":"WebSite","@id":"https:\/\/candas365.es\/noticias\/#website","url":"https:\/\/candas365.es\/noticias\/","name":"Cand\u00e1s 365","alternateName":"Cand\u00e1s 365 Noticias","description":"Actualidad desde Carre\u00f1o para el mundo","inLanguage":"es-ES","publisher":{"@id":"https:\/\/candas365.es\/noticias\/#organization"}}]},"og:locale":"es_ES","og:site_name":"Cand\u00e1s 365","og:type":"article","og:title":"El \u00abcuento\u00bb del Mundial de F\u00fatbol clim\u00e1ticamente neutro | Cand\u00e1s 365","og:description":"(dpa) - En ocasi\u00f3n del D\u00eda Mundial del Medio Ambiente, el presidente de la FIFA, Gianni Infantino, emiti\u00f3 un mensaje por v\u00eddeo alzando ante la c\u00e1mara","og:url":"https:\/\/candas365.es\/noticias\/el-cuento-del-mundial-de-futbol-climaticamente-neutro\/","og:image":"https:\/\/candas365.es\/noticias\/wp-content\/uploads\/2022\/11\/Mundial-1.jpg","og:image:secure_url":"https:\/\/candas365.es\/noticias\/wp-content\/uploads\/2022\/11\/Mundial-1.jpg","og:image:width":1000,"og:image:height":669,"article:published_time":"2022-11-30T13:39:29+00:00","article:modified_time":"2022-11-30T13:39:29+00:00","article:publisher":"https:\/\/www.facebook.com\/Nachofdezber","article:author":"https:\/\/www.facebook.com\/carrenoactualidad","twitter:card":"summary_large_image","twitter:site":"@NabercoDigital","twitter:title":"El \u00abcuento\u00bb del Mundial de F\u00fatbol clim\u00e1ticamente neutro | Cand\u00e1s 365","twitter:description":"(dpa) - En ocasi\u00f3n del D\u00eda Mundial del Medio Ambiente, el presidente de la FIFA, Gianni Infantino, emiti\u00f3 un mensaje por v\u00eddeo alzando ante la c\u00e1mara","twitter:creator":"@nbasturias","twitter:image":"https:\/\/candas365.es\/noticias\/wp-content\/uploads\/2022\/11\/Mundial-1.jpg","twitter:label1":"Escrito por","twitter:data1":"Cand\u00e1s 365","twitter:label2":"Tiempo de lectura estimado","twitter:data2":"6 minutos"},"aioseo_meta_data":{"post_id":"169651","title":null,"description":"(dpa) - En ocasi\u00f3n del D\u00eda Mundial del Medio Ambiente, el presidente de la FIFA, Gianni Infantino, emiti\u00f3 un mensaje por v\u00eddeo alzando ante la c\u00e1mara","keywords":[],"keyphrases":{"focus":{"keyphrase":" Mundial","score":92,"analysis":{"keyphraseInTitle":{"score":9,"maxScore":9,"error":0},"keyphraseInDescription":{"score":9,"maxScore":9,"error":0},"keyphraseLength":{"score":9,"maxScore":9,"error":0,"length":1},"keyphraseInURL":{"score":1,"maxScore":5,"error":1},"keyphraseInIntroduction":{"score":9,"maxScore":9,"error":0},"keyphraseInSubHeadings":[],"keyphraseInImageAlt":{"score":9,"maxScore":9,"error":0}}},"additional":[{"keyphrase":"mensaje por v\u00eddeo ","score":83,"analysis":{"keyphraseInDescription":{"score":9,"maxScore":9,"error":0},"keyphraseLength":{"score":9,"maxScore":9,"error":0,"length":3},"keyphraseInIntroduction":{"score":9,"maxScore":9,"error":0},"keyphraseInImageAlt":{"score":3,"maxScore":9,"error":1}}},{"keyphrase":"FIFA","score":83,"analysis":{"keyphraseInDescription":{"score":9,"maxScore":9,"error":0},"keyphraseLength":{"score":9,"maxScore":9,"error":0,"length":1},"keyphraseInIntroduction":{"score":9,"maxScore":9,"error":0},"keyphraseInImageAlt":{"score":3,"maxScore":9,"error":1}}},{"keyphrase":"Mundial","score":100,"analysis":{"keyphraseInDescription":{"score":9,"maxScore":9,"error":0},"keyphraseLength":{"score":9,"maxScore":9,"error":0,"length":1},"keyphraseInIntroduction":{"score":9,"maxScore":9,"error":0},"keyphraseInImageAlt":{"score":9,"maxScore":9,"error":0}}}]},"primary_term":null,"canonical_url":null,"og_title":null,"og_description":null,"og_object_type":"default","og_image_type":"default","og_image_url":null,"og_image_width":null,"og_image_height":null,"og_image_custom_url":null,"og_image_custom_fields":null,"og_video":"","og_custom_url":null,"og_article_section":null,"og_article_tags":[],"twitter_use_og":false,"twitter_card":"default","twitter_image_type":"default","twitter_image_url":null,"twitter_image_custom_url":null,"twitter_image_custom_fields":null,"twitter_title":null,"twitter_description":null,"schema":{"blockGraphs":[],"customGraphs":[],"default":{"data":{"Article":[],"Course":[],"Dataset":[],"FAQPage":[],"Movie":[],"Person":[],"Product":[],"ProductReview":[],"Car":[],"Recipe":[],"Service":[],"SoftwareApplication":[],"WebPage":[]},"graphName":"Article","isEnabled":true},"graphs":[]},"schema_type":"default","schema_type_options":null,"pillar_content":false,"robots_default":true,"robots_noindex":false,"robots_noarchive":false,"robots_nosnippet":false,"robots_nofollow":false,"robots_noimageindex":false,"robots_noodp":false,"robots_notranslate":false,"robots_max_snippet":"-1","robots_max_videopreview":"-1","robots_max_imagepreview":"large","priority":null,"frequency":"default","location":null,"local_seo":null,"seo_analyzer_scan_date":"2025-09-01 16:33:11","breadcrumb_settings":null,"limit_modified_date":false,"reviewed_by":null,"open_ai":null,"ai":null,"created":"2022-11-30 13:25:30","updated":"2025-09-01 16:33:11"},"aioseo_breadcrumb":"<div class=\"aioseo-breadcrumbs\"><span class=\"aioseo-breadcrumb\">\n\t<a href=\"https:\/\/candas365.es\/noticias\" title=\"Home\">Home<\/a>\n<\/span><span class=\"aioseo-breadcrumb-separator\">&ndash;<\/span><span class=\"aioseo-breadcrumb\">\n\t<a href=\"https:\/\/candas365.es\/noticias\/category\/deporte\/\" title=\"Deporte\">Deporte<\/a>\n<\/span><span class=\"aioseo-breadcrumb-separator\">&ndash;<\/span><span class=\"aioseo-breadcrumb\">\n\tEl \u00abcuento\u00bb del Mundial de F\u00fatbol clim\u00e1ticamente neutro\n<\/span><\/div>","aioseo_breadcrumb_json":[{"label":"Home","link":"https:\/\/candas365.es\/noticias"},{"label":"Deporte","link":"https:\/\/candas365.es\/noticias\/category\/deporte\/"},{"label":"El \u00abcuento\u00bb del Mundial de F\u00fatbol clim\u00e1ticamente neutro","link":"https:\/\/candas365.es\/noticias\/el-cuento-del-mundial-de-futbol-climaticamente-neutro\/"}],"_links":{"self":[{"href":"https:\/\/candas365.es\/noticias\/wp-json\/wp\/v2\/posts\/169651","targetHints":{"allow":["GET"]}}],"collection":[{"href":"https:\/\/candas365.es\/noticias\/wp-json\/wp\/v2\/posts"}],"about":[{"href":"https:\/\/candas365.es\/noticias\/wp-json\/wp\/v2\/types\/post"}],"author":[{"embeddable":true,"href":"https:\/\/candas365.es\/noticias\/wp-json\/wp\/v2\/users\/1"}],"replies":[{"embeddable":true,"href":"https:\/\/candas365.es\/noticias\/wp-json\/wp\/v2\/comments?post=169651"}],"version-history":[{"count":0,"href":"https:\/\/candas365.es\/noticias\/wp-json\/wp\/v2\/posts\/169651\/revisions"}],"wp:featuredmedia":[{"embeddable":true,"href":"https:\/\/candas365.es\/noticias\/wp-json\/wp\/v2\/media\/169652"}],"wp:attachment":[{"href":"https:\/\/candas365.es\/noticias\/wp-json\/wp\/v2\/media?parent=169651"}],"wp:term":[{"taxonomy":"category","embeddable":true,"href":"https:\/\/candas365.es\/noticias\/wp-json\/wp\/v2\/categories?post=169651"},{"taxonomy":"post_tag","embeddable":true,"href":"https:\/\/candas365.es\/noticias\/wp-json\/wp\/v2\/tags?post=169651"}],"curies":[{"name":"wp","href":"https:\/\/api.w.org\/{rel}","templated":true}]}}