{"id":169641,"date":"2022-11-29T22:24:59","date_gmt":"2022-11-29T21:24:59","guid":{"rendered":"https:\/\/candas365.es\/noticias\/?p=169641"},"modified":"2022-11-29T22:24:59","modified_gmt":"2022-11-29T21:24:59","slug":"el-tiempo-en-candas-miercoles-30-de-noviembre-2022","status":"publish","type":"post","link":"https:\/\/candas365.es\/noticias\/el-tiempo-en-candas-miercoles-30-de-noviembre-2022\/","title":{"rendered":"El tiempo en Cand\u00e1s, mi\u00e9rcoles 30 de noviembre 2022"},"content":{"rendered":"<p><span style=\"color: #ff6600;\"><a style=\"color: #ff6600;\" href=\"https:\/\/www.aemet.es\/es\/\" target=\"_blank\" rel=\"noopener\"><strong>AEMET<\/strong><\/a><\/span> informa en su <span style=\"color: #ff6600;\"><a style=\"color: #ff6600;\" href=\"https:\/\/candas365.es\/noticias\/category\/noticias-carreno\/\"><strong>previsi\u00f3n del tiempo<\/strong><\/a><\/span> del mi\u00e9rcoles 30 de noviembre en Cand\u00e1s, <strong>Concejo de Carre\u00f1o<\/strong>, de cielo nuboso, sin descartar lluvia en durante el d\u00eda.<\/p>\n<figure id=\"attachment_169642\" aria-describedby=\"caption-attachment-169642\" style=\"width: 650px\" class=\"wp-caption aligncenter\"><img fetchpriority=\"high\" decoding=\"async\" class=\"wp-image-169642 size-large\" src=\"https:\/\/candas365.es\/noticias\/wp-content\/uploads\/2022\/11\/Candas-13-650x463.jpg\" alt=\"Cand\u00e1s\" width=\"650\" height=\"463\" srcset=\"https:\/\/candas365.es\/noticias\/wp-content\/uploads\/2022\/11\/Candas-13-650x463.jpg 650w, https:\/\/candas365.es\/noticias\/wp-content\/uploads\/2022\/11\/Candas-13-360x256.jpg 360w, https:\/\/candas365.es\/noticias\/wp-content\/uploads\/2022\/11\/Candas-13-768x547.jpg 768w, https:\/\/candas365.es\/noticias\/wp-content\/uploads\/2022\/11\/Candas-13-150x107.jpg 150w, https:\/\/candas365.es\/noticias\/wp-content\/uploads\/2022\/11\/Candas-13-450x321.jpg 450w, https:\/\/candas365.es\/noticias\/wp-content\/uploads\/2022\/11\/Candas-13.jpg 883w\" sizes=\"(max-width: 650px) 100vw, 650px\" \/><figcaption id=\"caption-attachment-169642\" class=\"wp-caption-text\">N.Berm\u00fadez \/ Cand\u00e1s 365<\/figcaption><\/figure>\n<p>Tendremos una bajada en las temperaturas m\u00ednimas medias,<strong> unos 9 grados, aunque durante la noche y primeras horas del d\u00eda podr\u00edan ser inferiores.<\/strong> Las m\u00e1ximas ser\u00e1n de unos 15 grados.<\/p>\n<p>Viento del Este durante la ma\u00f1ana y viento de componente al final del d\u00eda.<\/p>\n<p>En el resto de <strong><a href=\"https:\/\/www.eldigitaldeasturias.com\/noticias\/category\/el-tiempo\/\" target=\"_blank\" rel=\"noopener\"><span style=\"color: #ff6600;\">Asturias<\/span><\/a> nuboso o cubierto disminuyendo a mediod\u00eda de nordeste a suroeste a poco nuboso con intervalos de nubes altas<\/strong> y por la noche a poco nuboso con algunas nubes bajas en el litoral y zonas pr\u00f3ximas.<\/p>\n<p>Lluvias d\u00e9biles y alg\u00fan chubasco en el interior occidental por la ma\u00f1ana. <strong>Cota de nieve en torno a 1200-1400 metros subiendo por encima de 2000.<\/strong><\/p>\n<p><strong>Temperaturas m\u00ednimas en descenso y m\u00e1ximas sin cambios o en ligero ascenso algo m\u00e1s acusado en el sureste<\/strong>. Heladas d\u00e9biles en la Cordillera.<\/p>\n<p>Vientos de sur y sureste que en el litoral asturiano giran a este y arrecian por la tarde y en el interior tienden a mediod\u00eda a flojos variables.<\/p>\n","protected":false},"excerpt":{"rendered":"<p>AEMET informa en su previsi\u00f3n del tiempo del mi\u00e9rcoles 30 de noviembre en Cand\u00e1s, Concejo de Carre\u00f1o, de cielo nuboso, sin descartar lluvia en durante el d\u00eda. Tendremos una bajada en las temperaturas m\u00ednimas medias, unos 9 grados, aunque durante la noche y primeras horas del d\u00eda podr\u00edan ser inferiores. Las m\u00e1ximas ser\u00e1n de unos<\/p>\n","protected":false},"author":1,"featured_media":169642,"comment_status":"closed","ping_status":"closed","sticky":false,"template":"","format":"standard","meta":{"footnotes":""},"categories":[358],"tags":[366,365,429],"class_list":{"0":"post-169641","1":"post","2":"type-post","3":"status-publish","4":"format-standard","5":"has-post-thumbnail","7":"category-el-tiempo","8":"tag-candas","9":"tag-carreno","10":"tag-el-tiempo"},"aioseo_notices":[],"aioseo_head":"\n\t\t<!-- All in One SEO Pro 4.9.6.2 - aioseo.com -->\n\t<meta name=\"description\" content=\"AEMET informa en su previsi\u00f3n del tiempo del mi\u00e9rcoles 30 de noviembre en Cand\u00e1s, Concejo de Carre\u00f1o, de cielo nuboso, sin descartar lluvia en durante el d\u00eda.\" \/>\n\t<meta name=\"robots\" content=\"max-image-preview:large\" \/>\n\t<meta name=\"author\" content=\"Cand\u00e1s 365\"\/>\n\t<meta name=\"google-site-verification\" content=\"UA-32230408-1\" \/>\n\t<meta name=\"msvalidate.01\" content=\"354F3CDFB2DA171B47FBE9ABF1F88D5\" \/>\n\t<meta name=\"keywords\" content=\"el tiempo\" \/>\n\t<link rel=\"canonical\" href=\"https:\/\/candas365.es\/noticias\/el-tiempo-en-candas-miercoles-30-de-noviembre-2022\/\" \/>\n\t<meta name=\"generator\" content=\"All in One SEO Pro (AIOSEO) 4.9.6.2\" \/>\n\t\t<meta property=\"og:locale\" content=\"es_ES\" \/>\n\t\t<meta property=\"og:site_name\" content=\"Cand\u00e1s 365\" \/>\n\t\t<meta property=\"og:type\" content=\"article\" \/>\n\t\t<meta property=\"og:title\" content=\"El tiempo en Cand\u00e1s, mi\u00e9rcoles 30 de noviembre 2022 | Cand\u00e1s 365\" \/>\n\t\t<meta property=\"og:description\" content=\"AEMET informa en su previsi\u00f3n del tiempo del mi\u00e9rcoles 30 de noviembre en Cand\u00e1s, Concejo de Carre\u00f1o, de cielo nuboso, sin descartar lluvia en durante el d\u00eda.\" \/>\n\t\t<meta property=\"og:url\" content=\"https:\/\/candas365.es\/noticias\/el-tiempo-en-candas-miercoles-30-de-noviembre-2022\/\" \/>\n\t\t<meta property=\"og:image\" content=\"https:\/\/candas365.es\/noticias\/wp-content\/uploads\/2022\/11\/Candas-13.jpg\" \/>\n\t\t<meta property=\"og:image:secure_url\" content=\"https:\/\/candas365.es\/noticias\/wp-content\/uploads\/2022\/11\/Candas-13.jpg\" \/>\n\t\t<meta property=\"og:image:width\" content=\"883\" \/>\n\t\t<meta property=\"og:image:height\" content=\"629\" \/>\n\t\t<meta property=\"article:published_time\" content=\"2022-11-29T21:24:59+00:00\" \/>\n\t\t<meta property=\"article:modified_time\" content=\"2022-11-29T21:24:59+00:00\" \/>\n\t\t<meta property=\"article:publisher\" content=\"https:\/\/www.facebook.com\/Nachofdezber\" \/>\n\t\t<meta property=\"article:author\" content=\"https:\/\/www.facebook.com\/carrenoactualidad\" \/>\n\t\t<meta name=\"twitter:card\" content=\"summary_large_image\" \/>\n\t\t<meta name=\"twitter:site\" content=\"@NabercoDigital\" \/>\n\t\t<meta name=\"twitter:title\" content=\"El tiempo en Cand\u00e1s, mi\u00e9rcoles 30 de noviembre 2022 | Cand\u00e1s 365\" \/>\n\t\t<meta name=\"twitter:description\" content=\"AEMET informa en su previsi\u00f3n del tiempo del mi\u00e9rcoles 30 de noviembre en Cand\u00e1s, Concejo de Carre\u00f1o, de cielo nuboso, sin descartar lluvia en durante el d\u00eda.\" \/>\n\t\t<meta name=\"twitter:creator\" content=\"@nbasturias\" \/>\n\t\t<meta name=\"twitter:image\" content=\"https:\/\/candas365.es\/noticias\/wp-content\/uploads\/2022\/11\/Candas-13.jpg\" \/>\n\t\t<meta name=\"twitter:label1\" content=\"Escrito por\" \/>\n\t\t<meta name=\"twitter:data1\" content=\"Cand\u00e1s 365\" \/>\n\t\t<meta name=\"twitter:label2\" content=\"Tiempo de lectura estimado\" \/>\n\t\t<meta name=\"twitter:data2\" content=\"1 minuto\" \/>\n\t\t<script type=\"application\/ld+json\" class=\"aioseo-schema\">\n\t\t\t{\"@context\":\"https:\\\/\\\/schema.org\",\"@graph\":[{\"@type\":\"BreadcrumbList\",\"@id\":\"https:\\\/\\\/candas365.es\\\/noticias\\\/el-tiempo-en-candas-miercoles-30-de-noviembre-2022\\\/#breadcrumblist\",\"itemListElement\":[{\"@type\":\"ListItem\",\"@id\":\"https:\\\/\\\/candas365.es\\\/noticias#listItem\",\"position\":1,\"name\":\"Home\",\"item\":\"https:\\\/\\\/candas365.es\\\/noticias\",\"nextItem\":{\"@type\":\"ListItem\",\"@id\":\"https:\\\/\\\/candas365.es\\\/noticias\\\/category\\\/el-tiempo\\\/#listItem\",\"name\":\"El tiempo\"}},{\"@type\":\"ListItem\",\"@id\":\"https:\\\/\\\/candas365.es\\\/noticias\\\/category\\\/el-tiempo\\\/#listItem\",\"position\":2,\"name\":\"El tiempo\",\"item\":\"https:\\\/\\\/candas365.es\\\/noticias\\\/category\\\/el-tiempo\\\/\",\"nextItem\":{\"@type\":\"ListItem\",\"@id\":\"https:\\\/\\\/candas365.es\\\/noticias\\\/el-tiempo-en-candas-miercoles-30-de-noviembre-2022\\\/#listItem\",\"name\":\"El tiempo en Cand\\u00e1s, mi\\u00e9rcoles 30 de noviembre 2022\"},\"previousItem\":{\"@type\":\"ListItem\",\"@id\":\"https:\\\/\\\/candas365.es\\\/noticias#listItem\",\"name\":\"Home\"}},{\"@type\":\"ListItem\",\"@id\":\"https:\\\/\\\/candas365.es\\\/noticias\\\/el-tiempo-en-candas-miercoles-30-de-noviembre-2022\\\/#listItem\",\"position\":3,\"name\":\"El tiempo en Cand\\u00e1s, mi\\u00e9rcoles 30 de noviembre 2022\",\"previousItem\":{\"@type\":\"ListItem\",\"@id\":\"https:\\\/\\\/candas365.es\\\/noticias\\\/category\\\/el-tiempo\\\/#listItem\",\"name\":\"El tiempo\"}}]},{\"@type\":\"NewsArticle\",\"@id\":\"https:\\\/\\\/candas365.es\\\/noticias\\\/el-tiempo-en-candas-miercoles-30-de-noviembre-2022\\\/#newsarticle\",\"name\":\"El tiempo en Cand\\u00e1s, mi\\u00e9rcoles 30 de noviembre 2022 | Cand\\u00e1s 365\",\"headline\":\"El tiempo en Cand\\u00e1s, mi\\u00e9rcoles 30 de noviembre 2022\",\"author\":{\"@id\":\"https:\\\/\\\/candas365.es\\\/noticias\\\/author\\\/admin\\\/#author\"},\"publisher\":{\"@id\":\"https:\\\/\\\/candas365.es\\\/noticias\\\/#organization\"},\"image\":{\"@type\":\"ImageObject\",\"url\":\"https:\\\/\\\/candas365.es\\\/noticias\\\/wp-content\\\/uploads\\\/2022\\\/11\\\/Candas-13.jpg\",\"width\":883,\"height\":629,\"caption\":\"N.Berm\\u00fadez \\\/ Cand\\u00e1s 365\"},\"datePublished\":\"2022-11-29T22:24:59+01:00\",\"dateModified\":\"2022-11-29T22:24:59+01:00\",\"inLanguage\":\"es-ES\",\"mainEntityOfPage\":{\"@id\":\"https:\\\/\\\/candas365.es\\\/noticias\\\/el-tiempo-en-candas-miercoles-30-de-noviembre-2022\\\/#webpage\"},\"isPartOf\":{\"@id\":\"https:\\\/\\\/candas365.es\\\/noticias\\\/el-tiempo-en-candas-miercoles-30-de-noviembre-2022\\\/#webpage\"},\"articleSection\":\"El tiempo, Cand\\u00e1s, Carre\\u00f1o, El tiempo\",\"dateline\":\"Publicado el noviembre 29, 2022.\"},{\"@type\":\"Organization\",\"@id\":\"https:\\\/\\\/candas365.es\\\/noticias\\\/#organization\",\"name\":\"Cand\\u00e1s 365\",\"description\":\"Cand\\u00e1s 365 es un diario digital independiente, fundado en 2012, con base en Asturias. Informamos con rigor sobre actualidad, sociedad, cultura y ocio, con una mirada local y global.\",\"url\":\"https:\\\/\\\/candas365.es\\\/noticias\\\/\",\"email\":\"info@candas365.es\",\"telephone\":\"+34652131393\",\"foundingDate\":\"2012-06-10\",\"logo\":{\"@type\":\"ImageObject\",\"url\":\"https:\\\/\\\/candas365.es\\\/noticias\\\/wp-content\\\/uploads\\\/2024\\\/09\\\/Candas-365-Redes.jpg\",\"@id\":\"https:\\\/\\\/candas365.es\\\/noticias\\\/el-tiempo-en-candas-miercoles-30-de-noviembre-2022\\\/#organizationLogo\",\"width\":1152,\"height\":864,\"caption\":\"Cand\\u00e1s 365 Redes\"},\"image\":{\"@id\":\"https:\\\/\\\/candas365.es\\\/noticias\\\/el-tiempo-en-candas-miercoles-30-de-noviembre-2022\\\/#organizationLogo\"},\"sameAs\":[\"https:\\\/\\\/www.facebook.com\\\/Nachofdezber\",\"https:\\\/\\\/x.com\\\/NabercoDigital\",\"https:\\\/\\\/www.instagram.com\\\/nachofdezber\\\/\",\"https:\\\/\\\/www.youtube.com\\\/channel\\\/UCZP-2wLEB9Rv6erhFmqVnvg\"],\"address\":{\"@id\":\"https:\\\/\\\/candas365.es\\\/noticias\\\/#postaladdress\",\"@type\":\"PostalAddress\",\"streetAddress\":\"san antonio 4, san antonio 4\",\"postalCode\":\"33430\",\"addressLocality\":\"Cand\\u00e1s\",\"addressRegion\":\"Asturias\",\"addressCountry\":\"ES\"}},{\"@type\":\"Person\",\"@id\":\"https:\\\/\\\/candas365.es\\\/noticias\\\/author\\\/admin\\\/#author\",\"url\":\"https:\\\/\\\/candas365.es\\\/noticias\\\/author\\\/admin\\\/\",\"name\":\"Cand\\u00e1s 365\",\"image\":{\"@type\":\"ImageObject\",\"@id\":\"https:\\\/\\\/candas365.es\\\/noticias\\\/el-tiempo-en-candas-miercoles-30-de-noviembre-2022\\\/#authorImage\",\"url\":\"https:\\\/\\\/secure.gravatar.com\\\/avatar\\\/496a8e03d0c493ede1718b7934145dbdf8d89be1036b0eec9544e1094c9de390?s=96&d=mm&r=g\",\"width\":96,\"height\":96,\"caption\":\"Cand\\u00e1s 365\"},\"sameAs\":[\"https:\\\/\\\/www.facebook.com\\\/carrenoactualidad\",\"https:\\\/\\\/twitter.com\\\/nbasturias\",\"https:\\\/\\\/www.instagram.com\\\/nachofdezber\\\/\",\"https:\\\/\\\/www.youtube.com\\\/channel\\\/UCZP-2wLEB9Rv6erhFmqVnvg\"]},{\"@type\":\"WebPage\",\"@id\":\"https:\\\/\\\/candas365.es\\\/noticias\\\/el-tiempo-en-candas-miercoles-30-de-noviembre-2022\\\/#webpage\",\"url\":\"https:\\\/\\\/candas365.es\\\/noticias\\\/el-tiempo-en-candas-miercoles-30-de-noviembre-2022\\\/\",\"name\":\"El tiempo en Cand\\u00e1s, mi\\u00e9rcoles 30 de noviembre 2022 | Cand\\u00e1s 365\",\"description\":\"AEMET informa en su previsi\\u00f3n del tiempo del mi\\u00e9rcoles 30 de noviembre en Cand\\u00e1s, Concejo de Carre\\u00f1o, de cielo nuboso, sin descartar lluvia en durante el d\\u00eda.\",\"inLanguage\":\"es-ES\",\"isPartOf\":{\"@id\":\"https:\\\/\\\/candas365.es\\\/noticias\\\/#website\"},\"breadcrumb\":{\"@id\":\"https:\\\/\\\/candas365.es\\\/noticias\\\/el-tiempo-en-candas-miercoles-30-de-noviembre-2022\\\/#breadcrumblist\"},\"author\":{\"@id\":\"https:\\\/\\\/candas365.es\\\/noticias\\\/author\\\/admin\\\/#author\"},\"creator\":{\"@id\":\"https:\\\/\\\/candas365.es\\\/noticias\\\/author\\\/admin\\\/#author\"},\"image\":{\"@type\":\"ImageObject\",\"url\":\"https:\\\/\\\/candas365.es\\\/noticias\\\/wp-content\\\/uploads\\\/2022\\\/11\\\/Candas-13.jpg\",\"@id\":\"https:\\\/\\\/candas365.es\\\/noticias\\\/el-tiempo-en-candas-miercoles-30-de-noviembre-2022\\\/#mainImage\",\"width\":883,\"height\":629,\"caption\":\"N.Berm\\u00fadez \\\/ Cand\\u00e1s 365\"},\"primaryImageOfPage\":{\"@id\":\"https:\\\/\\\/candas365.es\\\/noticias\\\/el-tiempo-en-candas-miercoles-30-de-noviembre-2022\\\/#mainImage\"},\"datePublished\":\"2022-11-29T22:24:59+01:00\",\"dateModified\":\"2022-11-29T22:24:59+01:00\"},{\"@type\":\"WebSite\",\"@id\":\"https:\\\/\\\/candas365.es\\\/noticias\\\/#website\",\"url\":\"https:\\\/\\\/candas365.es\\\/noticias\\\/\",\"name\":\"Cand\\u00e1s 365\",\"alternateName\":\"Cand\\u00e1s 365 Noticias\",\"description\":\"Actualidad desde Carre\\u00f1o para el mundo\",\"inLanguage\":\"es-ES\",\"publisher\":{\"@id\":\"https:\\\/\\\/candas365.es\\\/noticias\\\/#organization\"}}]}\n\t\t<\/script>\n\t\t<!-- All in One SEO Pro -->\r\n\t\t<title>El tiempo en Cand\u00e1s, mi\u00e9rcoles 30 de noviembre 2022 | Cand\u00e1s 365<\/title>\n\n","aioseo_head_json":{"title":"El tiempo en Cand\u00e1s, mi\u00e9rcoles 30 de noviembre 2022 | Cand\u00e1s 365","description":"AEMET informa en su previsi\u00f3n del tiempo del mi\u00e9rcoles 30 de noviembre en Cand\u00e1s, Concejo de Carre\u00f1o, de cielo nuboso, sin descartar lluvia en durante el d\u00eda.","canonical_url":"https:\/\/candas365.es\/noticias\/el-tiempo-en-candas-miercoles-30-de-noviembre-2022\/","robots":"max-image-preview:large","keywords":"el tiempo","webmasterTools":{"google-site-verification":"UA-32230408-1","msvalidate.01":"354F3CDFB2DA171B47FBE9ABF1F88D5","miscellaneous":""},"schema":{"@context":"https:\/\/schema.org","@graph":[{"@type":"BreadcrumbList","@id":"https:\/\/candas365.es\/noticias\/el-tiempo-en-candas-miercoles-30-de-noviembre-2022\/#breadcrumblist","itemListElement":[{"@type":"ListItem","@id":"https:\/\/candas365.es\/noticias#listItem","position":1,"name":"Home","item":"https:\/\/candas365.es\/noticias","nextItem":{"@type":"ListItem","@id":"https:\/\/candas365.es\/noticias\/category\/el-tiempo\/#listItem","name":"El tiempo"}},{"@type":"ListItem","@id":"https:\/\/candas365.es\/noticias\/category\/el-tiempo\/#listItem","position":2,"name":"El tiempo","item":"https:\/\/candas365.es\/noticias\/category\/el-tiempo\/","nextItem":{"@type":"ListItem","@id":"https:\/\/candas365.es\/noticias\/el-tiempo-en-candas-miercoles-30-de-noviembre-2022\/#listItem","name":"El tiempo en Cand\u00e1s, mi\u00e9rcoles 30 de noviembre 2022"},"previousItem":{"@type":"ListItem","@id":"https:\/\/candas365.es\/noticias#listItem","name":"Home"}},{"@type":"ListItem","@id":"https:\/\/candas365.es\/noticias\/el-tiempo-en-candas-miercoles-30-de-noviembre-2022\/#listItem","position":3,"name":"El tiempo en Cand\u00e1s, mi\u00e9rcoles 30 de noviembre 2022","previousItem":{"@type":"ListItem","@id":"https:\/\/candas365.es\/noticias\/category\/el-tiempo\/#listItem","name":"El tiempo"}}]},{"@type":"NewsArticle","@id":"https:\/\/candas365.es\/noticias\/el-tiempo-en-candas-miercoles-30-de-noviembre-2022\/#newsarticle","name":"El tiempo en Cand\u00e1s, mi\u00e9rcoles 30 de noviembre 2022 | Cand\u00e1s 365","headline":"El tiempo en Cand\u00e1s, mi\u00e9rcoles 30 de noviembre 2022","author":{"@id":"https:\/\/candas365.es\/noticias\/author\/admin\/#author"},"publisher":{"@id":"https:\/\/candas365.es\/noticias\/#organization"},"image":{"@type":"ImageObject","url":"https:\/\/candas365.es\/noticias\/wp-content\/uploads\/2022\/11\/Candas-13.jpg","width":883,"height":629,"caption":"N.Berm\u00fadez \/ Cand\u00e1s 365"},"datePublished":"2022-11-29T22:24:59+01:00","dateModified":"2022-11-29T22:24:59+01:00","inLanguage":"es-ES","mainEntityOfPage":{"@id":"https:\/\/candas365.es\/noticias\/el-tiempo-en-candas-miercoles-30-de-noviembre-2022\/#webpage"},"isPartOf":{"@id":"https:\/\/candas365.es\/noticias\/el-tiempo-en-candas-miercoles-30-de-noviembre-2022\/#webpage"},"articleSection":"El tiempo, Cand\u00e1s, Carre\u00f1o, El tiempo","dateline":"Publicado el noviembre 29, 2022."},{"@type":"Organization","@id":"https:\/\/candas365.es\/noticias\/#organization","name":"Cand\u00e1s 365","description":"Cand\u00e1s 365 es un diario digital independiente, fundado en 2012, con base en Asturias. Informamos con rigor sobre actualidad, sociedad, cultura y ocio, con una mirada local y global.","url":"https:\/\/candas365.es\/noticias\/","email":"info@candas365.es","telephone":"+34652131393","foundingDate":"2012-06-10","logo":{"@type":"ImageObject","url":"https:\/\/candas365.es\/noticias\/wp-content\/uploads\/2024\/09\/Candas-365-Redes.jpg","@id":"https:\/\/candas365.es\/noticias\/el-tiempo-en-candas-miercoles-30-de-noviembre-2022\/#organizationLogo","width":1152,"height":864,"caption":"Cand\u00e1s 365 Redes"},"image":{"@id":"https:\/\/candas365.es\/noticias\/el-tiempo-en-candas-miercoles-30-de-noviembre-2022\/#organizationLogo"},"sameAs":["https:\/\/www.facebook.com\/Nachofdezber","https:\/\/x.com\/NabercoDigital","https:\/\/www.instagram.com\/nachofdezber\/","https:\/\/www.youtube.com\/channel\/UCZP-2wLEB9Rv6erhFmqVnvg"],"address":{"@id":"https:\/\/candas365.es\/noticias\/#postaladdress","@type":"PostalAddress","streetAddress":"san antonio 4, san antonio 4","postalCode":"33430","addressLocality":"Cand\u00e1s","addressRegion":"Asturias","addressCountry":"ES"}},{"@type":"Person","@id":"https:\/\/candas365.es\/noticias\/author\/admin\/#author","url":"https:\/\/candas365.es\/noticias\/author\/admin\/","name":"Cand\u00e1s 365","image":{"@type":"ImageObject","@id":"https:\/\/candas365.es\/noticias\/el-tiempo-en-candas-miercoles-30-de-noviembre-2022\/#authorImage","url":"https:\/\/secure.gravatar.com\/avatar\/496a8e03d0c493ede1718b7934145dbdf8d89be1036b0eec9544e1094c9de390?s=96&d=mm&r=g","width":96,"height":96,"caption":"Cand\u00e1s 365"},"sameAs":["https:\/\/www.facebook.com\/carrenoactualidad","https:\/\/twitter.com\/nbasturias","https:\/\/www.instagram.com\/nachofdezber\/","https:\/\/www.youtube.com\/channel\/UCZP-2wLEB9Rv6erhFmqVnvg"]},{"@type":"WebPage","@id":"https:\/\/candas365.es\/noticias\/el-tiempo-en-candas-miercoles-30-de-noviembre-2022\/#webpage","url":"https:\/\/candas365.es\/noticias\/el-tiempo-en-candas-miercoles-30-de-noviembre-2022\/","name":"El tiempo en Cand\u00e1s, mi\u00e9rcoles 30 de noviembre 2022 | Cand\u00e1s 365","description":"AEMET informa en su previsi\u00f3n del tiempo del mi\u00e9rcoles 30 de noviembre en Cand\u00e1s, Concejo de Carre\u00f1o, de cielo nuboso, sin descartar lluvia en durante el d\u00eda.","inLanguage":"es-ES","isPartOf":{"@id":"https:\/\/candas365.es\/noticias\/#website"},"breadcrumb":{"@id":"https:\/\/candas365.es\/noticias\/el-tiempo-en-candas-miercoles-30-de-noviembre-2022\/#breadcrumblist"},"author":{"@id":"https:\/\/candas365.es\/noticias\/author\/admin\/#author"},"creator":{"@id":"https:\/\/candas365.es\/noticias\/author\/admin\/#author"},"image":{"@type":"ImageObject","url":"https:\/\/candas365.es\/noticias\/wp-content\/uploads\/2022\/11\/Candas-13.jpg","@id":"https:\/\/candas365.es\/noticias\/el-tiempo-en-candas-miercoles-30-de-noviembre-2022\/#mainImage","width":883,"height":629,"caption":"N.Berm\u00fadez \/ Cand\u00e1s 365"},"primaryImageOfPage":{"@id":"https:\/\/candas365.es\/noticias\/el-tiempo-en-candas-miercoles-30-de-noviembre-2022\/#mainImage"},"datePublished":"2022-11-29T22:24:59+01:00","dateModified":"2022-11-29T22:24:59+01:00"},{"@type":"WebSite","@id":"https:\/\/candas365.es\/noticias\/#website","url":"https:\/\/candas365.es\/noticias\/","name":"Cand\u00e1s 365","alternateName":"Cand\u00e1s 365 Noticias","description":"Actualidad desde Carre\u00f1o para el mundo","inLanguage":"es-ES","publisher":{"@id":"https:\/\/candas365.es\/noticias\/#organization"}}]},"og:locale":"es_ES","og:site_name":"Cand\u00e1s 365","og:type":"article","og:title":"El tiempo en Cand\u00e1s, mi\u00e9rcoles 30 de noviembre 2022 | Cand\u00e1s 365","og:description":"AEMET informa en su previsi\u00f3n del tiempo del mi\u00e9rcoles 30 de noviembre en Cand\u00e1s, Concejo de Carre\u00f1o, de cielo nuboso, sin descartar lluvia en durante el d\u00eda.","og:url":"https:\/\/candas365.es\/noticias\/el-tiempo-en-candas-miercoles-30-de-noviembre-2022\/","og:image":"https:\/\/candas365.es\/noticias\/wp-content\/uploads\/2022\/11\/Candas-13.jpg","og:image:secure_url":"https:\/\/candas365.es\/noticias\/wp-content\/uploads\/2022\/11\/Candas-13.jpg","og:image:width":883,"og:image:height":629,"article:published_time":"2022-11-29T21:24:59+00:00","article:modified_time":"2022-11-29T21:24:59+00:00","article:publisher":"https:\/\/www.facebook.com\/Nachofdezber","article:author":"https:\/\/www.facebook.com\/carrenoactualidad","twitter:card":"summary_large_image","twitter:site":"@NabercoDigital","twitter:title":"El tiempo en Cand\u00e1s, mi\u00e9rcoles 30 de noviembre 2022 | Cand\u00e1s 365","twitter:description":"AEMET informa en su previsi\u00f3n del tiempo del mi\u00e9rcoles 30 de noviembre en Cand\u00e1s, Concejo de Carre\u00f1o, de cielo nuboso, sin descartar lluvia en durante el d\u00eda.","twitter:creator":"@nbasturias","twitter:image":"https:\/\/candas365.es\/noticias\/wp-content\/uploads\/2022\/11\/Candas-13.jpg","twitter:label1":"Escrito por","twitter:data1":"Cand\u00e1s 365","twitter:label2":"Tiempo de lectura estimado","twitter:data2":"1 minuto"},"aioseo_meta_data":{"post_id":"169641","title":null,"description":"AEMET informa en su previsi\u00f3n del tiempo del mi\u00e9rcoles 30 de noviembre en Cand\u00e1s, Concejo de Carre\u00f1o, de cielo nuboso, sin descartar lluvia en durante el d\u00eda.","keywords":[],"keyphrases":{"focus":{"keyphrase":"Cand\u00e1s","score":100,"analysis":{"keyphraseInTitle":{"score":9,"maxScore":9,"error":0},"keyphraseInDescription":{"score":9,"maxScore":9,"error":0},"keyphraseLength":{"score":9,"maxScore":9,"error":0,"length":1},"keyphraseInURL":{"score":5,"maxScore":5,"error":0},"keyphraseInIntroduction":{"score":9,"maxScore":9,"error":0},"keyphraseInSubHeadings":[],"keyphraseInImageAlt":{"score":9,"maxScore":9,"error":0}}},"additional":[{"keyphrase":"Concejo de Carre\u00f1o","score":83,"analysis":{"keyphraseInDescription":{"score":9,"maxScore":9,"error":0},"keyphraseLength":{"score":9,"maxScore":9,"error":0,"length":3},"keyphraseInIntroduction":{"score":9,"maxScore":9,"error":0},"keyphraseInImageAlt":{"score":3,"maxScore":9,"error":1}}},{"keyphrase":"de","score":83,"analysis":{"keyphraseInDescription":{"score":9,"maxScore":9,"error":0},"keyphraseLength":{"score":9,"maxScore":9,"error":0,"length":1},"keyphraseInIntroduction":{"score":9,"maxScore":9,"error":0},"keyphraseInImageAlt":{"score":3,"maxScore":9,"error":1}}},{"keyphrase":"tiempo","score":83,"analysis":{"keyphraseInDescription":{"score":9,"maxScore":9,"error":0},"keyphraseLength":{"score":9,"maxScore":9,"error":0,"length":1},"keyphraseInIntroduction":{"score":9,"maxScore":9,"error":0},"keyphraseInImageAlt":{"score":3,"maxScore":9,"error":1}}}]},"primary_term":null,"canonical_url":null,"og_title":null,"og_description":null,"og_object_type":"default","og_image_type":"default","og_image_url":null,"og_image_width":null,"og_image_height":null,"og_image_custom_url":null,"og_image_custom_fields":null,"og_video":"","og_custom_url":null,"og_article_section":null,"og_article_tags":[],"twitter_use_og":false,"twitter_card":"default","twitter_image_type":"default","twitter_image_url":null,"twitter_image_custom_url":null,"twitter_image_custom_fields":null,"twitter_title":null,"twitter_description":null,"schema":{"blockGraphs":[],"customGraphs":[],"default":{"data":{"Article":[],"Course":[],"Dataset":[],"FAQPage":[],"Movie":[],"Person":[],"Product":[],"ProductReview":[],"Car":[],"Recipe":[],"Service":[],"SoftwareApplication":[],"WebPage":[]},"graphName":"Article","isEnabled":true},"graphs":[]},"schema_type":"default","schema_type_options":null,"pillar_content":false,"robots_default":true,"robots_noindex":false,"robots_noarchive":false,"robots_nosnippet":false,"robots_nofollow":false,"robots_noimageindex":false,"robots_noodp":false,"robots_notranslate":false,"robots_max_snippet":"-1","robots_max_videopreview":"-1","robots_max_imagepreview":"large","priority":null,"frequency":"default","location":null,"local_seo":null,"seo_analyzer_scan_date":"2025-09-01 16:32:14","breadcrumb_settings":null,"limit_modified_date":false,"reviewed_by":null,"open_ai":null,"ai":null,"created":"2022-11-29 21:06:22","updated":"2025-09-01 16:32:14"},"aioseo_breadcrumb":"<div class=\"aioseo-breadcrumbs\"><span class=\"aioseo-breadcrumb\">\n\t<a href=\"https:\/\/candas365.es\/noticias\" title=\"Home\">Home<\/a>\n<\/span><span class=\"aioseo-breadcrumb-separator\">&ndash;<\/span><span class=\"aioseo-breadcrumb\">\n\t<a href=\"https:\/\/candas365.es\/noticias\/category\/el-tiempo\/\" title=\"El tiempo\">El tiempo<\/a>\n<\/span><span class=\"aioseo-breadcrumb-separator\">&ndash;<\/span><span class=\"aioseo-breadcrumb\">\n\tEl tiempo en Cand\u00e1s, mi\u00e9rcoles 30 de noviembre 2022\n<\/span><\/div>","aioseo_breadcrumb_json":[{"label":"Home","link":"https:\/\/candas365.es\/noticias"},{"label":"El tiempo","link":"https:\/\/candas365.es\/noticias\/category\/el-tiempo\/"},{"label":"El tiempo en Cand\u00e1s, mi\u00e9rcoles 30 de noviembre 2022","link":"https:\/\/candas365.es\/noticias\/el-tiempo-en-candas-miercoles-30-de-noviembre-2022\/"}],"_links":{"self":[{"href":"https:\/\/candas365.es\/noticias\/wp-json\/wp\/v2\/posts\/169641","targetHints":{"allow":["GET"]}}],"collection":[{"href":"https:\/\/candas365.es\/noticias\/wp-json\/wp\/v2\/posts"}],"about":[{"href":"https:\/\/candas365.es\/noticias\/wp-json\/wp\/v2\/types\/post"}],"author":[{"embeddable":true,"href":"https:\/\/candas365.es\/noticias\/wp-json\/wp\/v2\/users\/1"}],"replies":[{"embeddable":true,"href":"https:\/\/candas365.es\/noticias\/wp-json\/wp\/v2\/comments?post=169641"}],"version-history":[{"count":0,"href":"https:\/\/candas365.es\/noticias\/wp-json\/wp\/v2\/posts\/169641\/revisions"}],"wp:featuredmedia":[{"embeddable":true,"href":"https:\/\/candas365.es\/noticias\/wp-json\/wp\/v2\/media\/169642"}],"wp:attachment":[{"href":"https:\/\/candas365.es\/noticias\/wp-json\/wp\/v2\/media?parent=169641"}],"wp:term":[{"taxonomy":"category","embeddable":true,"href":"https:\/\/candas365.es\/noticias\/wp-json\/wp\/v2\/categories?post=169641"},{"taxonomy":"post_tag","embeddable":true,"href":"https:\/\/candas365.es\/noticias\/wp-json\/wp\/v2\/tags?post=169641"}],"curies":[{"name":"wp","href":"https:\/\/api.w.org\/{rel}","templated":true}]}}