{"id":169635,"date":"2022-11-29T21:20:47","date_gmt":"2022-11-29T20:20:47","guid":{"rendered":"https:\/\/candas365.es\/noticias\/?p=169635"},"modified":"2022-11-29T21:20:47","modified_gmt":"2022-11-29T20:20:47","slug":"tercera-mocion-de-censura-contra-castillo-en-peru","status":"publish","type":"post","link":"https:\/\/candas365.es\/noticias\/tercera-mocion-de-censura-contra-castillo-en-peru\/","title":{"rendered":"Tercera moci\u00f3n de censura contra Castillo en Per\u00fa"},"content":{"rendered":"<p>(EP) &#8211; El parlamentario peruano Edward M\u00e1laga ha presentado este martes una moci\u00f3n de censura contra el presidente de Per\u00fa, Pedro Castillo, por su \u00abincapacidad moral\u00bb para permanecer en el cargo en el que es ya el tercer intento para destituir al mandatario.<\/p>\n<figure id=\"attachment_169636\" aria-describedby=\"caption-attachment-169636\" style=\"width: 650px\" class=\"wp-caption aligncenter\"><img fetchpriority=\"high\" decoding=\"async\" class=\"wp-image-169636 size-large\" src=\"https:\/\/candas365.es\/noticias\/wp-content\/uploads\/2022\/11\/Castillo-650x435.jpg\" alt=\"Castillo\" width=\"650\" height=\"435\" srcset=\"https:\/\/candas365.es\/noticias\/wp-content\/uploads\/2022\/11\/Castillo-650x435.jpg 650w, https:\/\/candas365.es\/noticias\/wp-content\/uploads\/2022\/11\/Castillo-360x241.jpg 360w, https:\/\/candas365.es\/noticias\/wp-content\/uploads\/2022\/11\/Castillo-768x514.jpg 768w, https:\/\/candas365.es\/noticias\/wp-content\/uploads\/2022\/11\/Castillo-150x100.jpg 150w, https:\/\/candas365.es\/noticias\/wp-content\/uploads\/2022\/11\/Castillo-450x301.jpg 450w, https:\/\/candas365.es\/noticias\/wp-content\/uploads\/2022\/11\/Castillo.jpg 1000w\" sizes=\"(max-width: 650px) 100vw, 650px\" \/><figcaption id=\"caption-attachment-169636\" class=\"wp-caption-text\">PRESIDENCIA DE PER\u00da \/ Europa Press<\/figcaption><\/figure>\n<p>M\u00e1laga, diputado no agrupado, ya hab\u00eda adelantado anteriormente que la moci\u00f3n se presentar\u00eda esta semana. La iniciativa cuenta con la firma de 67 parlamentarios opositores, de partidos como Avanza Pa\u00eds o Somos Per\u00fa, aunque tendr\u00e1 que recabar al menos 87 apoyos para ser aprobada, seg\u00fan ha recogido el diario &#8216;La Rep\u00fablica&#8217;.<\/p>\n<p>El texto, de 102 p\u00e1ginas, argumenta la incapacidad de Castillo por los \u00abv\u00ednculos cada vez m\u00e1s evidentes con graves actos de corrupci\u00f3n\u00bb, as\u00ed como por el \u00abirresponsable desmantelamiento de la administraci\u00f3n p\u00fablica y el copamiento clientelista de las instituciones del Estado\u00bb.<\/p>\n<p>As\u00ed, los firmantes afirman que existen \u00abgraves faltas \u00e9ticas que atentan contra la dignidad de la figura presidencial\u00bb, incluida la vulneraci\u00f3n de \u00ablos principios de separaci\u00f3n y equilibrio de poderes\u00bb dentro del Legislativo, seg\u00fan ha informado RPP.<\/p>\n<p>Per\u00fa est\u00e1 sumido en una crisis pol\u00edtica tras los desencuentros entre los poderes del Estado, que han sido frecuentes en los \u00faltimos meses desde que en julio del a\u00f1o pasado Pedro Castillo tomase posesi\u00f3n como presidente tras vencer en las elecciones.<\/p>\n<p>Las tensiones en el Parlamento de Per\u00fa han llegado al punto de que la pasada semana el que por entonces fuera primer ministro, An\u00edbal Torres, present\u00f3 una cuesti\u00f3n de confianza que fue rechazada por la c\u00e1mara, tras lo que dimiti\u00f3 y fue sustituido en el cargo por Betssy Ch\u00e1vez, quien se convirti\u00f3 en la quinta primera ministra de Per\u00fa en los apenas 16 meses que Castillo lleva al frente de la Presidencia.<\/p>\n","protected":false},"excerpt":{"rendered":"<p>(EP) &#8211; El parlamentario peruano Edward M\u00e1laga ha presentado este martes una moci\u00f3n de censura contra el presidente de Per\u00fa, Pedro Castillo, por su \u00abincapacidad moral\u00bb para permanecer en el cargo en el que es ya el tercer intento para destituir al mandatario. M\u00e1laga, diputado no agrupado, ya hab\u00eda adelantado anteriormente que la moci\u00f3n se<\/p>\n","protected":false},"author":1,"featured_media":169636,"comment_status":"closed","ping_status":"closed","sticky":false,"template":"","format":"standard","meta":{"footnotes":""},"categories":[485],"tags":[482,470],"class_list":{"0":"post-169635","1":"post","2":"type-post","3":"status-publish","4":"format-standard","5":"has-post-thumbnail","7":"category-internacional","8":"tag-peru","9":"tag-politica"},"aioseo_notices":[],"aioseo_head":"\n\t\t<!-- All in One SEO Pro 4.9.6.2 - aioseo.com -->\n\t<meta name=\"description\" content=\"(EP) - El parlamentario peruano Edward M\u00e1laga ha presentado este martes una moci\u00f3n de censura contra el presidente de Per\u00fa, Pedro Castillo\" \/>\n\t<meta name=\"robots\" content=\"max-image-preview:large\" \/>\n\t<meta name=\"author\" content=\"Cand\u00e1s 365\"\/>\n\t<meta name=\"google-site-verification\" content=\"UA-32230408-1\" \/>\n\t<meta name=\"msvalidate.01\" content=\"354F3CDFB2DA171B47FBE9ABF1F88D5\" \/>\n\t<meta name=\"keywords\" content=\"internacional\" \/>\n\t<link rel=\"canonical\" href=\"https:\/\/candas365.es\/noticias\/tercera-mocion-de-censura-contra-castillo-en-peru\/\" \/>\n\t<meta name=\"generator\" content=\"All in One SEO Pro (AIOSEO) 4.9.6.2\" \/>\n\t\t<meta property=\"og:locale\" content=\"es_ES\" \/>\n\t\t<meta property=\"og:site_name\" content=\"Cand\u00e1s 365\" \/>\n\t\t<meta property=\"og:type\" content=\"article\" \/>\n\t\t<meta property=\"og:title\" content=\"Tercera moci\u00f3n de censura contra Castillo en Per\u00fa | Cand\u00e1s 365\" \/>\n\t\t<meta property=\"og:description\" content=\"(EP) - El parlamentario peruano Edward M\u00e1laga ha presentado este martes una moci\u00f3n de censura contra el presidente de Per\u00fa, Pedro Castillo\" \/>\n\t\t<meta property=\"og:url\" content=\"https:\/\/candas365.es\/noticias\/tercera-mocion-de-censura-contra-castillo-en-peru\/\" \/>\n\t\t<meta property=\"og:image\" content=\"https:\/\/candas365.es\/noticias\/wp-content\/uploads\/2022\/11\/Castillo.jpg\" \/>\n\t\t<meta property=\"og:image:secure_url\" content=\"https:\/\/candas365.es\/noticias\/wp-content\/uploads\/2022\/11\/Castillo.jpg\" \/>\n\t\t<meta property=\"og:image:width\" content=\"1000\" \/>\n\t\t<meta property=\"og:image:height\" content=\"669\" \/>\n\t\t<meta property=\"article:published_time\" content=\"2022-11-29T20:20:47+00:00\" \/>\n\t\t<meta property=\"article:modified_time\" content=\"2022-11-29T20:20:47+00:00\" \/>\n\t\t<meta property=\"article:publisher\" content=\"https:\/\/www.facebook.com\/Nachofdezber\" \/>\n\t\t<meta property=\"article:author\" content=\"https:\/\/www.facebook.com\/carrenoactualidad\" \/>\n\t\t<meta name=\"twitter:card\" content=\"summary_large_image\" \/>\n\t\t<meta name=\"twitter:site\" content=\"@NabercoDigital\" \/>\n\t\t<meta name=\"twitter:title\" content=\"Tercera moci\u00f3n de censura contra Castillo en Per\u00fa | Cand\u00e1s 365\" \/>\n\t\t<meta name=\"twitter:description\" content=\"(EP) - El parlamentario peruano Edward M\u00e1laga ha presentado este martes una moci\u00f3n de censura contra el presidente de Per\u00fa, Pedro Castillo\" \/>\n\t\t<meta name=\"twitter:creator\" content=\"@nbasturias\" \/>\n\t\t<meta name=\"twitter:image\" content=\"https:\/\/candas365.es\/noticias\/wp-content\/uploads\/2022\/11\/Castillo.jpg\" \/>\n\t\t<meta name=\"twitter:label1\" content=\"Escrito por\" \/>\n\t\t<meta name=\"twitter:data1\" content=\"Cand\u00e1s 365\" \/>\n\t\t<meta name=\"twitter:label2\" content=\"Tiempo de lectura estimado\" \/>\n\t\t<meta name=\"twitter:data2\" content=\"2 minutos\" \/>\n\t\t<script type=\"application\/ld+json\" class=\"aioseo-schema\">\n\t\t\t{\"@context\":\"https:\\\/\\\/schema.org\",\"@graph\":[{\"@type\":\"BreadcrumbList\",\"@id\":\"https:\\\/\\\/candas365.es\\\/noticias\\\/tercera-mocion-de-censura-contra-castillo-en-peru\\\/#breadcrumblist\",\"itemListElement\":[{\"@type\":\"ListItem\",\"@id\":\"https:\\\/\\\/candas365.es\\\/noticias#listItem\",\"position\":1,\"name\":\"Home\",\"item\":\"https:\\\/\\\/candas365.es\\\/noticias\",\"nextItem\":{\"@type\":\"ListItem\",\"@id\":\"https:\\\/\\\/candas365.es\\\/noticias\\\/category\\\/internacional\\\/#listItem\",\"name\":\"Internacional\"}},{\"@type\":\"ListItem\",\"@id\":\"https:\\\/\\\/candas365.es\\\/noticias\\\/category\\\/internacional\\\/#listItem\",\"position\":2,\"name\":\"Internacional\",\"item\":\"https:\\\/\\\/candas365.es\\\/noticias\\\/category\\\/internacional\\\/\",\"nextItem\":{\"@type\":\"ListItem\",\"@id\":\"https:\\\/\\\/candas365.es\\\/noticias\\\/tercera-mocion-de-censura-contra-castillo-en-peru\\\/#listItem\",\"name\":\"Tercera moci\\u00f3n de censura contra Castillo en Per\\u00fa\"},\"previousItem\":{\"@type\":\"ListItem\",\"@id\":\"https:\\\/\\\/candas365.es\\\/noticias#listItem\",\"name\":\"Home\"}},{\"@type\":\"ListItem\",\"@id\":\"https:\\\/\\\/candas365.es\\\/noticias\\\/tercera-mocion-de-censura-contra-castillo-en-peru\\\/#listItem\",\"position\":3,\"name\":\"Tercera moci\\u00f3n de censura contra Castillo en Per\\u00fa\",\"previousItem\":{\"@type\":\"ListItem\",\"@id\":\"https:\\\/\\\/candas365.es\\\/noticias\\\/category\\\/internacional\\\/#listItem\",\"name\":\"Internacional\"}}]},{\"@type\":\"NewsArticle\",\"@id\":\"https:\\\/\\\/candas365.es\\\/noticias\\\/tercera-mocion-de-censura-contra-castillo-en-peru\\\/#newsarticle\",\"name\":\"Tercera moci\\u00f3n de censura contra Castillo en Per\\u00fa | Cand\\u00e1s 365\",\"headline\":\"Tercera moci\\u00f3n de censura contra Castillo en Per\\u00fa\",\"author\":{\"@id\":\"https:\\\/\\\/candas365.es\\\/noticias\\\/author\\\/admin\\\/#author\"},\"publisher\":{\"@id\":\"https:\\\/\\\/candas365.es\\\/noticias\\\/#organization\"},\"image\":{\"@type\":\"ImageObject\",\"url\":\"https:\\\/\\\/candas365.es\\\/noticias\\\/wp-content\\\/uploads\\\/2022\\\/11\\\/Castillo.jpg\",\"width\":1000,\"height\":669,\"caption\":\"PRESIDENCIA DE PER\\u00da \\\/ Europa Press\"},\"datePublished\":\"2022-11-29T21:20:47+01:00\",\"dateModified\":\"2022-11-29T21:20:47+01:00\",\"inLanguage\":\"es-ES\",\"mainEntityOfPage\":{\"@id\":\"https:\\\/\\\/candas365.es\\\/noticias\\\/tercera-mocion-de-censura-contra-castillo-en-peru\\\/#webpage\"},\"isPartOf\":{\"@id\":\"https:\\\/\\\/candas365.es\\\/noticias\\\/tercera-mocion-de-censura-contra-castillo-en-peru\\\/#webpage\"},\"articleSection\":\"Internacional, Per\\u00fa, pol\\u00edtica\",\"dateline\":\"Publicado el noviembre 29, 2022.\"},{\"@type\":\"Organization\",\"@id\":\"https:\\\/\\\/candas365.es\\\/noticias\\\/#organization\",\"name\":\"Cand\\u00e1s 365\",\"description\":\"Cand\\u00e1s 365 es un diario digital independiente, fundado en 2012, con base en Asturias. Informamos con rigor sobre actualidad, sociedad, cultura y ocio, con una mirada local y global.\",\"url\":\"https:\\\/\\\/candas365.es\\\/noticias\\\/\",\"email\":\"info@candas365.es\",\"telephone\":\"+34652131393\",\"foundingDate\":\"2012-06-10\",\"logo\":{\"@type\":\"ImageObject\",\"url\":\"https:\\\/\\\/candas365.es\\\/noticias\\\/wp-content\\\/uploads\\\/2024\\\/09\\\/Candas-365-Redes.jpg\",\"@id\":\"https:\\\/\\\/candas365.es\\\/noticias\\\/tercera-mocion-de-censura-contra-castillo-en-peru\\\/#organizationLogo\",\"width\":1152,\"height\":864,\"caption\":\"Cand\\u00e1s 365 Redes\"},\"image\":{\"@id\":\"https:\\\/\\\/candas365.es\\\/noticias\\\/tercera-mocion-de-censura-contra-castillo-en-peru\\\/#organizationLogo\"},\"sameAs\":[\"https:\\\/\\\/www.facebook.com\\\/Nachofdezber\",\"https:\\\/\\\/x.com\\\/NabercoDigital\",\"https:\\\/\\\/www.instagram.com\\\/nachofdezber\\\/\",\"https:\\\/\\\/www.youtube.com\\\/channel\\\/UCZP-2wLEB9Rv6erhFmqVnvg\"],\"address\":{\"@id\":\"https:\\\/\\\/candas365.es\\\/noticias\\\/#postaladdress\",\"@type\":\"PostalAddress\",\"streetAddress\":\"san antonio 4, san antonio 4\",\"postalCode\":\"33430\",\"addressLocality\":\"Cand\\u00e1s\",\"addressRegion\":\"Asturias\",\"addressCountry\":\"ES\"}},{\"@type\":\"Person\",\"@id\":\"https:\\\/\\\/candas365.es\\\/noticias\\\/author\\\/admin\\\/#author\",\"url\":\"https:\\\/\\\/candas365.es\\\/noticias\\\/author\\\/admin\\\/\",\"name\":\"Cand\\u00e1s 365\",\"image\":{\"@type\":\"ImageObject\",\"@id\":\"https:\\\/\\\/candas365.es\\\/noticias\\\/tercera-mocion-de-censura-contra-castillo-en-peru\\\/#authorImage\",\"url\":\"https:\\\/\\\/secure.gravatar.com\\\/avatar\\\/496a8e03d0c493ede1718b7934145dbdf8d89be1036b0eec9544e1094c9de390?s=96&d=mm&r=g\",\"width\":96,\"height\":96,\"caption\":\"Cand\\u00e1s 365\"},\"sameAs\":[\"https:\\\/\\\/www.facebook.com\\\/carrenoactualidad\",\"https:\\\/\\\/twitter.com\\\/nbasturias\",\"https:\\\/\\\/www.instagram.com\\\/nachofdezber\\\/\",\"https:\\\/\\\/www.youtube.com\\\/channel\\\/UCZP-2wLEB9Rv6erhFmqVnvg\"]},{\"@type\":\"WebPage\",\"@id\":\"https:\\\/\\\/candas365.es\\\/noticias\\\/tercera-mocion-de-censura-contra-castillo-en-peru\\\/#webpage\",\"url\":\"https:\\\/\\\/candas365.es\\\/noticias\\\/tercera-mocion-de-censura-contra-castillo-en-peru\\\/\",\"name\":\"Tercera moci\\u00f3n de censura contra Castillo en Per\\u00fa | Cand\\u00e1s 365\",\"description\":\"(EP) - El parlamentario peruano Edward M\\u00e1laga ha presentado este martes una moci\\u00f3n de censura contra el presidente de Per\\u00fa, Pedro Castillo\",\"inLanguage\":\"es-ES\",\"isPartOf\":{\"@id\":\"https:\\\/\\\/candas365.es\\\/noticias\\\/#website\"},\"breadcrumb\":{\"@id\":\"https:\\\/\\\/candas365.es\\\/noticias\\\/tercera-mocion-de-censura-contra-castillo-en-peru\\\/#breadcrumblist\"},\"author\":{\"@id\":\"https:\\\/\\\/candas365.es\\\/noticias\\\/author\\\/admin\\\/#author\"},\"creator\":{\"@id\":\"https:\\\/\\\/candas365.es\\\/noticias\\\/author\\\/admin\\\/#author\"},\"image\":{\"@type\":\"ImageObject\",\"url\":\"https:\\\/\\\/candas365.es\\\/noticias\\\/wp-content\\\/uploads\\\/2022\\\/11\\\/Castillo.jpg\",\"@id\":\"https:\\\/\\\/candas365.es\\\/noticias\\\/tercera-mocion-de-censura-contra-castillo-en-peru\\\/#mainImage\",\"width\":1000,\"height\":669,\"caption\":\"PRESIDENCIA DE PER\\u00da \\\/ Europa Press\"},\"primaryImageOfPage\":{\"@id\":\"https:\\\/\\\/candas365.es\\\/noticias\\\/tercera-mocion-de-censura-contra-castillo-en-peru\\\/#mainImage\"},\"datePublished\":\"2022-11-29T21:20:47+01:00\",\"dateModified\":\"2022-11-29T21:20:47+01:00\"},{\"@type\":\"WebSite\",\"@id\":\"https:\\\/\\\/candas365.es\\\/noticias\\\/#website\",\"url\":\"https:\\\/\\\/candas365.es\\\/noticias\\\/\",\"name\":\"Cand\\u00e1s 365\",\"alternateName\":\"Cand\\u00e1s 365 Noticias\",\"description\":\"Actualidad desde Carre\\u00f1o para el mundo\",\"inLanguage\":\"es-ES\",\"publisher\":{\"@id\":\"https:\\\/\\\/candas365.es\\\/noticias\\\/#organization\"}}]}\n\t\t<\/script>\n\t\t<!-- All in One SEO Pro -->\r\n\t\t<title>Tercera moci\u00f3n de censura contra Castillo en Per\u00fa | Cand\u00e1s 365<\/title>\n\n","aioseo_head_json":{"title":"Tercera moci\u00f3n de censura contra Castillo en Per\u00fa | Cand\u00e1s 365","description":"(EP) - El parlamentario peruano Edward M\u00e1laga ha presentado este martes una moci\u00f3n de censura contra el presidente de Per\u00fa, Pedro Castillo","canonical_url":"https:\/\/candas365.es\/noticias\/tercera-mocion-de-censura-contra-castillo-en-peru\/","robots":"max-image-preview:large","keywords":"internacional","webmasterTools":{"google-site-verification":"UA-32230408-1","msvalidate.01":"354F3CDFB2DA171B47FBE9ABF1F88D5","miscellaneous":""},"schema":{"@context":"https:\/\/schema.org","@graph":[{"@type":"BreadcrumbList","@id":"https:\/\/candas365.es\/noticias\/tercera-mocion-de-censura-contra-castillo-en-peru\/#breadcrumblist","itemListElement":[{"@type":"ListItem","@id":"https:\/\/candas365.es\/noticias#listItem","position":1,"name":"Home","item":"https:\/\/candas365.es\/noticias","nextItem":{"@type":"ListItem","@id":"https:\/\/candas365.es\/noticias\/category\/internacional\/#listItem","name":"Internacional"}},{"@type":"ListItem","@id":"https:\/\/candas365.es\/noticias\/category\/internacional\/#listItem","position":2,"name":"Internacional","item":"https:\/\/candas365.es\/noticias\/category\/internacional\/","nextItem":{"@type":"ListItem","@id":"https:\/\/candas365.es\/noticias\/tercera-mocion-de-censura-contra-castillo-en-peru\/#listItem","name":"Tercera moci\u00f3n de censura contra Castillo en Per\u00fa"},"previousItem":{"@type":"ListItem","@id":"https:\/\/candas365.es\/noticias#listItem","name":"Home"}},{"@type":"ListItem","@id":"https:\/\/candas365.es\/noticias\/tercera-mocion-de-censura-contra-castillo-en-peru\/#listItem","position":3,"name":"Tercera moci\u00f3n de censura contra Castillo en Per\u00fa","previousItem":{"@type":"ListItem","@id":"https:\/\/candas365.es\/noticias\/category\/internacional\/#listItem","name":"Internacional"}}]},{"@type":"NewsArticle","@id":"https:\/\/candas365.es\/noticias\/tercera-mocion-de-censura-contra-castillo-en-peru\/#newsarticle","name":"Tercera moci\u00f3n de censura contra Castillo en Per\u00fa | Cand\u00e1s 365","headline":"Tercera moci\u00f3n de censura contra Castillo en Per\u00fa","author":{"@id":"https:\/\/candas365.es\/noticias\/author\/admin\/#author"},"publisher":{"@id":"https:\/\/candas365.es\/noticias\/#organization"},"image":{"@type":"ImageObject","url":"https:\/\/candas365.es\/noticias\/wp-content\/uploads\/2022\/11\/Castillo.jpg","width":1000,"height":669,"caption":"PRESIDENCIA DE PER\u00da \/ Europa Press"},"datePublished":"2022-11-29T21:20:47+01:00","dateModified":"2022-11-29T21:20:47+01:00","inLanguage":"es-ES","mainEntityOfPage":{"@id":"https:\/\/candas365.es\/noticias\/tercera-mocion-de-censura-contra-castillo-en-peru\/#webpage"},"isPartOf":{"@id":"https:\/\/candas365.es\/noticias\/tercera-mocion-de-censura-contra-castillo-en-peru\/#webpage"},"articleSection":"Internacional, Per\u00fa, pol\u00edtica","dateline":"Publicado el noviembre 29, 2022."},{"@type":"Organization","@id":"https:\/\/candas365.es\/noticias\/#organization","name":"Cand\u00e1s 365","description":"Cand\u00e1s 365 es un diario digital independiente, fundado en 2012, con base en Asturias. Informamos con rigor sobre actualidad, sociedad, cultura y ocio, con una mirada local y global.","url":"https:\/\/candas365.es\/noticias\/","email":"info@candas365.es","telephone":"+34652131393","foundingDate":"2012-06-10","logo":{"@type":"ImageObject","url":"https:\/\/candas365.es\/noticias\/wp-content\/uploads\/2024\/09\/Candas-365-Redes.jpg","@id":"https:\/\/candas365.es\/noticias\/tercera-mocion-de-censura-contra-castillo-en-peru\/#organizationLogo","width":1152,"height":864,"caption":"Cand\u00e1s 365 Redes"},"image":{"@id":"https:\/\/candas365.es\/noticias\/tercera-mocion-de-censura-contra-castillo-en-peru\/#organizationLogo"},"sameAs":["https:\/\/www.facebook.com\/Nachofdezber","https:\/\/x.com\/NabercoDigital","https:\/\/www.instagram.com\/nachofdezber\/","https:\/\/www.youtube.com\/channel\/UCZP-2wLEB9Rv6erhFmqVnvg"],"address":{"@id":"https:\/\/candas365.es\/noticias\/#postaladdress","@type":"PostalAddress","streetAddress":"san antonio 4, san antonio 4","postalCode":"33430","addressLocality":"Cand\u00e1s","addressRegion":"Asturias","addressCountry":"ES"}},{"@type":"Person","@id":"https:\/\/candas365.es\/noticias\/author\/admin\/#author","url":"https:\/\/candas365.es\/noticias\/author\/admin\/","name":"Cand\u00e1s 365","image":{"@type":"ImageObject","@id":"https:\/\/candas365.es\/noticias\/tercera-mocion-de-censura-contra-castillo-en-peru\/#authorImage","url":"https:\/\/secure.gravatar.com\/avatar\/496a8e03d0c493ede1718b7934145dbdf8d89be1036b0eec9544e1094c9de390?s=96&d=mm&r=g","width":96,"height":96,"caption":"Cand\u00e1s 365"},"sameAs":["https:\/\/www.facebook.com\/carrenoactualidad","https:\/\/twitter.com\/nbasturias","https:\/\/www.instagram.com\/nachofdezber\/","https:\/\/www.youtube.com\/channel\/UCZP-2wLEB9Rv6erhFmqVnvg"]},{"@type":"WebPage","@id":"https:\/\/candas365.es\/noticias\/tercera-mocion-de-censura-contra-castillo-en-peru\/#webpage","url":"https:\/\/candas365.es\/noticias\/tercera-mocion-de-censura-contra-castillo-en-peru\/","name":"Tercera moci\u00f3n de censura contra Castillo en Per\u00fa | Cand\u00e1s 365","description":"(EP) - El parlamentario peruano Edward M\u00e1laga ha presentado este martes una moci\u00f3n de censura contra el presidente de Per\u00fa, Pedro Castillo","inLanguage":"es-ES","isPartOf":{"@id":"https:\/\/candas365.es\/noticias\/#website"},"breadcrumb":{"@id":"https:\/\/candas365.es\/noticias\/tercera-mocion-de-censura-contra-castillo-en-peru\/#breadcrumblist"},"author":{"@id":"https:\/\/candas365.es\/noticias\/author\/admin\/#author"},"creator":{"@id":"https:\/\/candas365.es\/noticias\/author\/admin\/#author"},"image":{"@type":"ImageObject","url":"https:\/\/candas365.es\/noticias\/wp-content\/uploads\/2022\/11\/Castillo.jpg","@id":"https:\/\/candas365.es\/noticias\/tercera-mocion-de-censura-contra-castillo-en-peru\/#mainImage","width":1000,"height":669,"caption":"PRESIDENCIA DE PER\u00da \/ Europa Press"},"primaryImageOfPage":{"@id":"https:\/\/candas365.es\/noticias\/tercera-mocion-de-censura-contra-castillo-en-peru\/#mainImage"},"datePublished":"2022-11-29T21:20:47+01:00","dateModified":"2022-11-29T21:20:47+01:00"},{"@type":"WebSite","@id":"https:\/\/candas365.es\/noticias\/#website","url":"https:\/\/candas365.es\/noticias\/","name":"Cand\u00e1s 365","alternateName":"Cand\u00e1s 365 Noticias","description":"Actualidad desde Carre\u00f1o para el mundo","inLanguage":"es-ES","publisher":{"@id":"https:\/\/candas365.es\/noticias\/#organization"}}]},"og:locale":"es_ES","og:site_name":"Cand\u00e1s 365","og:type":"article","og:title":"Tercera moci\u00f3n de censura contra Castillo en Per\u00fa | Cand\u00e1s 365","og:description":"(EP) - El parlamentario peruano Edward M\u00e1laga ha presentado este martes una moci\u00f3n de censura contra el presidente de Per\u00fa, Pedro Castillo","og:url":"https:\/\/candas365.es\/noticias\/tercera-mocion-de-censura-contra-castillo-en-peru\/","og:image":"https:\/\/candas365.es\/noticias\/wp-content\/uploads\/2022\/11\/Castillo.jpg","og:image:secure_url":"https:\/\/candas365.es\/noticias\/wp-content\/uploads\/2022\/11\/Castillo.jpg","og:image:width":1000,"og:image:height":669,"article:published_time":"2022-11-29T20:20:47+00:00","article:modified_time":"2022-11-29T20:20:47+00:00","article:publisher":"https:\/\/www.facebook.com\/Nachofdezber","article:author":"https:\/\/www.facebook.com\/carrenoactualidad","twitter:card":"summary_large_image","twitter:site":"@NabercoDigital","twitter:title":"Tercera moci\u00f3n de censura contra Castillo en Per\u00fa | Cand\u00e1s 365","twitter:description":"(EP) - El parlamentario peruano Edward M\u00e1laga ha presentado este martes una moci\u00f3n de censura contra el presidente de Per\u00fa, Pedro Castillo","twitter:creator":"@nbasturias","twitter:image":"https:\/\/candas365.es\/noticias\/wp-content\/uploads\/2022\/11\/Castillo.jpg","twitter:label1":"Escrito por","twitter:data1":"Cand\u00e1s 365","twitter:label2":"Tiempo de lectura estimado","twitter:data2":"2 minutos"},"aioseo_meta_data":{"post_id":"169635","title":null,"description":"(EP) - El parlamentario peruano Edward M\u00e1laga ha presentado este martes una moci\u00f3n de censura contra el presidente de Per\u00fa, Pedro Castillo","keywords":[],"keyphrases":{"focus":{"keyphrase":"Castillo","score":92,"analysis":{"keyphraseInTitle":{"score":9,"maxScore":9,"error":0},"keyphraseInDescription":{"score":9,"maxScore":9,"error":0},"keyphraseLength":{"score":9,"maxScore":9,"error":0,"length":1},"keyphraseInURL":{"score":1,"maxScore":5,"error":1},"keyphraseInIntroduction":{"score":9,"maxScore":9,"error":0},"keyphraseInSubHeadings":[],"keyphraseInImageAlt":{"score":9,"maxScore":9,"error":0}}},"additional":[{"keyphrase":"Per\u00fa","score":83,"analysis":{"keyphraseInDescription":{"score":9,"maxScore":9,"error":0},"keyphraseLength":{"score":9,"maxScore":9,"error":0,"length":1},"keyphraseInIntroduction":{"score":9,"maxScore":9,"error":0},"keyphraseInImageAlt":{"score":3,"maxScore":9,"error":1}}},{"keyphrase":"Pedro Castillo","score":83,"analysis":{"keyphraseInDescription":{"score":9,"maxScore":9,"error":0},"keyphraseLength":{"score":9,"maxScore":9,"error":0,"length":2},"keyphraseInIntroduction":{"score":9,"maxScore":9,"error":0},"keyphraseInImageAlt":{"score":3,"maxScore":9,"error":1}}}]},"primary_term":null,"canonical_url":null,"og_title":null,"og_description":null,"og_object_type":"default","og_image_type":"default","og_image_url":null,"og_image_width":null,"og_image_height":null,"og_image_custom_url":null,"og_image_custom_fields":null,"og_video":"","og_custom_url":null,"og_article_section":null,"og_article_tags":[],"twitter_use_og":false,"twitter_card":"default","twitter_image_type":"default","twitter_image_url":null,"twitter_image_custom_url":null,"twitter_image_custom_fields":null,"twitter_title":null,"twitter_description":null,"schema":{"blockGraphs":[],"customGraphs":[],"default":{"data":{"Article":[],"Course":[],"Dataset":[],"FAQPage":[],"Movie":[],"Person":[],"Product":[],"ProductReview":[],"Car":[],"Recipe":[],"Service":[],"SoftwareApplication":[],"WebPage":[]},"graphName":"Article","isEnabled":true},"graphs":[]},"schema_type":"default","schema_type_options":null,"pillar_content":false,"robots_default":true,"robots_noindex":false,"robots_noarchive":false,"robots_nosnippet":false,"robots_nofollow":false,"robots_noimageindex":false,"robots_noodp":false,"robots_notranslate":false,"robots_max_snippet":"-1","robots_max_videopreview":"-1","robots_max_imagepreview":"large","priority":null,"frequency":"default","location":null,"local_seo":null,"seo_analyzer_scan_date":"2025-09-01 16:32:12","breadcrumb_settings":null,"limit_modified_date":false,"reviewed_by":null,"open_ai":null,"ai":null,"created":"2022-11-29 20:11:47","updated":"2025-09-01 16:32:12"},"aioseo_breadcrumb":"<div class=\"aioseo-breadcrumbs\"><span class=\"aioseo-breadcrumb\">\n\t<a href=\"https:\/\/candas365.es\/noticias\" title=\"Home\">Home<\/a>\n<\/span><span class=\"aioseo-breadcrumb-separator\">&ndash;<\/span><span class=\"aioseo-breadcrumb\">\n\t<a href=\"https:\/\/candas365.es\/noticias\/category\/internacional\/\" title=\"Internacional\">Internacional<\/a>\n<\/span><span class=\"aioseo-breadcrumb-separator\">&ndash;<\/span><span class=\"aioseo-breadcrumb\">\n\tTercera moci\u00f3n de censura contra Castillo en Per\u00fa\n<\/span><\/div>","aioseo_breadcrumb_json":[{"label":"Home","link":"https:\/\/candas365.es\/noticias"},{"label":"Internacional","link":"https:\/\/candas365.es\/noticias\/category\/internacional\/"},{"label":"Tercera moci\u00f3n de censura contra Castillo en Per\u00fa","link":"https:\/\/candas365.es\/noticias\/tercera-mocion-de-censura-contra-castillo-en-peru\/"}],"_links":{"self":[{"href":"https:\/\/candas365.es\/noticias\/wp-json\/wp\/v2\/posts\/169635","targetHints":{"allow":["GET"]}}],"collection":[{"href":"https:\/\/candas365.es\/noticias\/wp-json\/wp\/v2\/posts"}],"about":[{"href":"https:\/\/candas365.es\/noticias\/wp-json\/wp\/v2\/types\/post"}],"author":[{"embeddable":true,"href":"https:\/\/candas365.es\/noticias\/wp-json\/wp\/v2\/users\/1"}],"replies":[{"embeddable":true,"href":"https:\/\/candas365.es\/noticias\/wp-json\/wp\/v2\/comments?post=169635"}],"version-history":[{"count":0,"href":"https:\/\/candas365.es\/noticias\/wp-json\/wp\/v2\/posts\/169635\/revisions"}],"wp:featuredmedia":[{"embeddable":true,"href":"https:\/\/candas365.es\/noticias\/wp-json\/wp\/v2\/media\/169636"}],"wp:attachment":[{"href":"https:\/\/candas365.es\/noticias\/wp-json\/wp\/v2\/media?parent=169635"}],"wp:term":[{"taxonomy":"category","embeddable":true,"href":"https:\/\/candas365.es\/noticias\/wp-json\/wp\/v2\/categories?post=169635"},{"taxonomy":"post_tag","embeddable":true,"href":"https:\/\/candas365.es\/noticias\/wp-json\/wp\/v2\/tags?post=169635"}],"curies":[{"name":"wp","href":"https:\/\/api.w.org\/{rel}","templated":true}]}}