{"id":169480,"date":"2022-11-26T22:50:29","date_gmt":"2022-11-26T21:50:29","guid":{"rendered":"https:\/\/candas365.es\/noticias\/?p=169480"},"modified":"2022-11-26T22:50:29","modified_gmt":"2022-11-26T21:50:29","slug":"kuwait-confirma-el-primer-caso-de-colera-en-el-pais","status":"publish","type":"post","link":"https:\/\/candas365.es\/noticias\/kuwait-confirma-el-primer-caso-de-colera-en-el-pais\/","title":{"rendered":"Kuwait confirma el primer caso de c\u00f3lera en el pa\u00eds"},"content":{"rendered":"<p>(EP) &#8211; El Ministerio de Salud de Kuwait ha confirmado el primer <a href=\"https:\/\/candas365.es\/noticias\/siria-y-libano-amenazados-por-el-colera\/\"><span style=\"color: #ff6600;\"><strong>caso de c\u00f3lera<\/strong><\/span><\/a> en el pa\u00eds, seg\u00fan un comunicado publicado por la agencia oficial de noticias KUNA.<\/p>\n<p><img fetchpriority=\"high\" decoding=\"async\" class=\"aligncenter wp-image-168326 size-full\" src=\"https:\/\/candas365.es\/noticias\/wp-content\/uploads\/2022\/11\/salud.jpg\" alt=\"salud Asturias\" width=\"640\" height=\"360\" srcset=\"https:\/\/candas365.es\/noticias\/wp-content\/uploads\/2022\/11\/salud.jpg 640w, https:\/\/candas365.es\/noticias\/wp-content\/uploads\/2022\/11\/salud-360x203.jpg 360w, https:\/\/candas365.es\/noticias\/wp-content\/uploads\/2022\/11\/salud-150x84.jpg 150w, https:\/\/candas365.es\/noticias\/wp-content\/uploads\/2022\/11\/salud-450x253.jpg 450w\" sizes=\"(max-width: 640px) 100vw, 640px\" \/><\/p>\n<p>El Ministerio identifica el caso como un ciudadano \u00abque hab\u00eda regresado de un pa\u00eds vecino\u00bb, sin dar m\u00e1s detalles en este sentido, y que padec\u00eda \u00abs\u00edntomas de la enfermedad\u00bb.<\/p>\n<p>Las autoridades sanitarias han descartado en esta misma nota la posibilidad de un brote de c\u00f3lera en el pa\u00eds, como los que est\u00e1n ocurriendo en L\u00edbano y Siria o Irak, pa\u00eds este \u00faltimo lim\u00edtrofe con Kuwait.<\/p>\n<p>Con todo, llaman \u00aba tomar precauciones y precauciones para los ciudadanos y residentes, y asegurarse de evitar fuentes de agua y alimentos inseguros\u00bb.<\/p>\n<p>Las autoridades sirias han confirmado hasta la fecha 1.492 casos de c\u00f3lera, incluidas 49 muertes, seg\u00fan el \u00faltimo balance publicado por el Ministerio de Sanidad sirio en Facebook.<\/p>\n<p>Sin embargo, se teme que la cifra sea mucho mayor, debido a la r\u00e1pida propagaci\u00f3n de la enfermedad y a que varias zonas del pa\u00eds se encuentran fuera del control de las autoridades.<\/p>\n<p>De hecho, la Organizaci\u00f3n Mundial de la Salud (OMS) recoge en su \u00faltimo informe de situaci\u00f3n, datado el 14 de noviembre, que hasta el momento se han registrado 35.569 supuestos casos de c\u00f3lera, con 1.491 contagios confirmados y 92 fallecidos.<\/p>\n<p>El Ministerio de Salud de L\u00edbano, por su parte, ha confirmado este s\u00e1bado cinco nuevos casos de c\u00f3lera en el pa\u00eds hasta un total de 600 afectados y 20 fallecidos desde la declaraci\u00f3n, el pasado 5 de octubre, del primer caso en el norte del pa\u00eds.<\/p>\n<p>El viernes se vacunaron 15.549 personas, elevando el n\u00famero total a 391.666 personas desde el lanzamiento el 12 de noviembre de una campa\u00f1a de inoculaciones de tres semanas, seg\u00fan los datos recogidos por el &#8216;L&#8217;Orient le Jour&#8217;.<\/p>\n","protected":false},"excerpt":{"rendered":"<p>(EP) &#8211; El Ministerio de Salud de Kuwait ha confirmado el primer caso de c\u00f3lera en el pa\u00eds, seg\u00fan un comunicado publicado por la agencia oficial de noticias KUNA. El Ministerio identifica el caso como un ciudadano \u00abque hab\u00eda regresado de un pa\u00eds vecino\u00bb, sin dar m\u00e1s detalles en este sentido, y que padec\u00eda \u00abs\u00edntomas<\/p>\n","protected":false},"author":1,"featured_media":168326,"comment_status":"closed","ping_status":"closed","sticky":false,"template":"","format":"standard","meta":{"footnotes":""},"categories":[372],"tags":[378],"class_list":{"0":"post-169480","1":"post","2":"type-post","3":"status-publish","4":"format-standard","5":"has-post-thumbnail","7":"category-salud","8":"tag-salud"},"aioseo_notices":[],"aioseo_head":"\n\t\t<!-- All in One SEO Pro 4.9.6.2 - aioseo.com -->\n\t<meta name=\"description\" content=\"(EP) - El Ministerio de Salud de Kuwait ha confirmado el primer caso de c\u00f3lera en el pa\u00eds, seg\u00fan un comunicado publicado por la agencia oficial de noticias\" \/>\n\t<meta name=\"robots\" content=\"max-image-preview:large\" \/>\n\t<meta name=\"author\" content=\"Cand\u00e1s 365\"\/>\n\t<meta name=\"google-site-verification\" content=\"UA-32230408-1\" \/>\n\t<meta name=\"msvalidate.01\" content=\"354F3CDFB2DA171B47FBE9ABF1F88D5\" \/>\n\t<meta name=\"keywords\" content=\"salud\" \/>\n\t<link rel=\"canonical\" href=\"https:\/\/candas365.es\/noticias\/kuwait-confirma-el-primer-caso-de-colera-en-el-pais\/\" \/>\n\t<meta name=\"generator\" content=\"All in One SEO Pro (AIOSEO) 4.9.6.2\" \/>\n\t\t<meta property=\"og:locale\" content=\"es_ES\" \/>\n\t\t<meta property=\"og:site_name\" content=\"Cand\u00e1s 365\" \/>\n\t\t<meta property=\"og:type\" content=\"article\" \/>\n\t\t<meta property=\"og:title\" content=\"Kuwait confirma el primer caso de c\u00f3lera en el pa\u00eds | Cand\u00e1s 365\" \/>\n\t\t<meta property=\"og:description\" content=\"(EP) - El Ministerio de Salud de Kuwait ha confirmado el primer caso de c\u00f3lera en el pa\u00eds, seg\u00fan un comunicado publicado por la agencia oficial de noticias\" \/>\n\t\t<meta property=\"og:url\" content=\"https:\/\/candas365.es\/noticias\/kuwait-confirma-el-primer-caso-de-colera-en-el-pais\/\" \/>\n\t\t<meta property=\"og:image\" content=\"https:\/\/candas365.es\/noticias\/wp-content\/uploads\/2022\/11\/salud.jpg\" \/>\n\t\t<meta property=\"og:image:secure_url\" content=\"https:\/\/candas365.es\/noticias\/wp-content\/uploads\/2022\/11\/salud.jpg\" \/>\n\t\t<meta property=\"og:image:width\" content=\"640\" \/>\n\t\t<meta property=\"og:image:height\" content=\"360\" \/>\n\t\t<meta property=\"article:published_time\" content=\"2022-11-26T21:50:29+00:00\" \/>\n\t\t<meta property=\"article:modified_time\" content=\"2022-11-26T21:50:29+00:00\" \/>\n\t\t<meta property=\"article:publisher\" content=\"https:\/\/www.facebook.com\/Nachofdezber\" \/>\n\t\t<meta property=\"article:author\" content=\"https:\/\/www.facebook.com\/carrenoactualidad\" \/>\n\t\t<meta name=\"twitter:card\" content=\"summary_large_image\" \/>\n\t\t<meta name=\"twitter:site\" content=\"@NabercoDigital\" \/>\n\t\t<meta name=\"twitter:title\" content=\"Kuwait confirma el primer caso de c\u00f3lera en el pa\u00eds | Cand\u00e1s 365\" \/>\n\t\t<meta name=\"twitter:description\" content=\"(EP) - El Ministerio de Salud de Kuwait ha confirmado el primer caso de c\u00f3lera en el pa\u00eds, seg\u00fan un comunicado publicado por la agencia oficial de noticias\" \/>\n\t\t<meta name=\"twitter:creator\" content=\"@nbasturias\" \/>\n\t\t<meta name=\"twitter:image\" content=\"https:\/\/candas365.es\/noticias\/wp-content\/uploads\/2022\/11\/salud.jpg\" \/>\n\t\t<meta name=\"twitter:label1\" content=\"Escrito por\" \/>\n\t\t<meta name=\"twitter:data1\" content=\"Cand\u00e1s 365\" \/>\n\t\t<meta name=\"twitter:label2\" content=\"Tiempo de lectura estimado\" \/>\n\t\t<meta name=\"twitter:data2\" content=\"2 minutos\" \/>\n\t\t<script type=\"application\/ld+json\" class=\"aioseo-schema\">\n\t\t\t{\"@context\":\"https:\\\/\\\/schema.org\",\"@graph\":[{\"@type\":\"BreadcrumbList\",\"@id\":\"https:\\\/\\\/candas365.es\\\/noticias\\\/kuwait-confirma-el-primer-caso-de-colera-en-el-pais\\\/#breadcrumblist\",\"itemListElement\":[{\"@type\":\"ListItem\",\"@id\":\"https:\\\/\\\/candas365.es\\\/noticias#listItem\",\"position\":1,\"name\":\"Home\",\"item\":\"https:\\\/\\\/candas365.es\\\/noticias\",\"nextItem\":{\"@type\":\"ListItem\",\"@id\":\"https:\\\/\\\/candas365.es\\\/noticias\\\/category\\\/salud\\\/#listItem\",\"name\":\"Salud\"}},{\"@type\":\"ListItem\",\"@id\":\"https:\\\/\\\/candas365.es\\\/noticias\\\/category\\\/salud\\\/#listItem\",\"position\":2,\"name\":\"Salud\",\"item\":\"https:\\\/\\\/candas365.es\\\/noticias\\\/category\\\/salud\\\/\",\"nextItem\":{\"@type\":\"ListItem\",\"@id\":\"https:\\\/\\\/candas365.es\\\/noticias\\\/kuwait-confirma-el-primer-caso-de-colera-en-el-pais\\\/#listItem\",\"name\":\"Kuwait confirma el primer caso de c\\u00f3lera en el pa\\u00eds\"},\"previousItem\":{\"@type\":\"ListItem\",\"@id\":\"https:\\\/\\\/candas365.es\\\/noticias#listItem\",\"name\":\"Home\"}},{\"@type\":\"ListItem\",\"@id\":\"https:\\\/\\\/candas365.es\\\/noticias\\\/kuwait-confirma-el-primer-caso-de-colera-en-el-pais\\\/#listItem\",\"position\":3,\"name\":\"Kuwait confirma el primer caso de c\\u00f3lera en el pa\\u00eds\",\"previousItem\":{\"@type\":\"ListItem\",\"@id\":\"https:\\\/\\\/candas365.es\\\/noticias\\\/category\\\/salud\\\/#listItem\",\"name\":\"Salud\"}}]},{\"@type\":\"NewsArticle\",\"@id\":\"https:\\\/\\\/candas365.es\\\/noticias\\\/kuwait-confirma-el-primer-caso-de-colera-en-el-pais\\\/#newsarticle\",\"name\":\"Kuwait confirma el primer caso de c\\u00f3lera en el pa\\u00eds | Cand\\u00e1s 365\",\"headline\":\"Kuwait confirma el primer caso de c\\u00f3lera en el pa\\u00eds\",\"author\":{\"@id\":\"https:\\\/\\\/candas365.es\\\/noticias\\\/author\\\/admin\\\/#author\"},\"publisher\":{\"@id\":\"https:\\\/\\\/candas365.es\\\/noticias\\\/#organization\"},\"image\":{\"@type\":\"ImageObject\",\"url\":\"https:\\\/\\\/candas365.es\\\/noticias\\\/wp-content\\\/uploads\\\/2022\\\/11\\\/salud.jpg\",\"width\":640,\"height\":360,\"caption\":\"salud Asturias\"},\"datePublished\":\"2022-11-26T22:50:29+01:00\",\"dateModified\":\"2022-11-26T22:50:29+01:00\",\"inLanguage\":\"es-ES\",\"mainEntityOfPage\":{\"@id\":\"https:\\\/\\\/candas365.es\\\/noticias\\\/kuwait-confirma-el-primer-caso-de-colera-en-el-pais\\\/#webpage\"},\"isPartOf\":{\"@id\":\"https:\\\/\\\/candas365.es\\\/noticias\\\/kuwait-confirma-el-primer-caso-de-colera-en-el-pais\\\/#webpage\"},\"articleSection\":\"Salud, Salud\",\"dateline\":\"Publicado el noviembre 26, 2022.\"},{\"@type\":\"Organization\",\"@id\":\"https:\\\/\\\/candas365.es\\\/noticias\\\/#organization\",\"name\":\"Cand\\u00e1s 365\",\"description\":\"Cand\\u00e1s 365 es un diario digital independiente, fundado en 2012, con base en Asturias. Informamos con rigor sobre actualidad, sociedad, cultura y ocio, con una mirada local y global.\",\"url\":\"https:\\\/\\\/candas365.es\\\/noticias\\\/\",\"email\":\"info@candas365.es\",\"telephone\":\"+34652131393\",\"foundingDate\":\"2012-06-10\",\"logo\":{\"@type\":\"ImageObject\",\"url\":\"https:\\\/\\\/candas365.es\\\/noticias\\\/wp-content\\\/uploads\\\/2024\\\/09\\\/Candas-365-Redes.jpg\",\"@id\":\"https:\\\/\\\/candas365.es\\\/noticias\\\/kuwait-confirma-el-primer-caso-de-colera-en-el-pais\\\/#organizationLogo\",\"width\":1152,\"height\":864,\"caption\":\"Cand\\u00e1s 365 Redes\"},\"image\":{\"@id\":\"https:\\\/\\\/candas365.es\\\/noticias\\\/kuwait-confirma-el-primer-caso-de-colera-en-el-pais\\\/#organizationLogo\"},\"sameAs\":[\"https:\\\/\\\/www.facebook.com\\\/Nachofdezber\",\"https:\\\/\\\/x.com\\\/NabercoDigital\",\"https:\\\/\\\/www.instagram.com\\\/nachofdezber\\\/\",\"https:\\\/\\\/www.youtube.com\\\/channel\\\/UCZP-2wLEB9Rv6erhFmqVnvg\"],\"address\":{\"@id\":\"https:\\\/\\\/candas365.es\\\/noticias\\\/#postaladdress\",\"@type\":\"PostalAddress\",\"streetAddress\":\"san antonio 4, san antonio 4\",\"postalCode\":\"33430\",\"addressLocality\":\"Cand\\u00e1s\",\"addressRegion\":\"Asturias\",\"addressCountry\":\"ES\"}},{\"@type\":\"Person\",\"@id\":\"https:\\\/\\\/candas365.es\\\/noticias\\\/author\\\/admin\\\/#author\",\"url\":\"https:\\\/\\\/candas365.es\\\/noticias\\\/author\\\/admin\\\/\",\"name\":\"Cand\\u00e1s 365\",\"image\":{\"@type\":\"ImageObject\",\"@id\":\"https:\\\/\\\/candas365.es\\\/noticias\\\/kuwait-confirma-el-primer-caso-de-colera-en-el-pais\\\/#authorImage\",\"url\":\"https:\\\/\\\/secure.gravatar.com\\\/avatar\\\/496a8e03d0c493ede1718b7934145dbdf8d89be1036b0eec9544e1094c9de390?s=96&d=mm&r=g\",\"width\":96,\"height\":96,\"caption\":\"Cand\\u00e1s 365\"},\"sameAs\":[\"https:\\\/\\\/www.facebook.com\\\/carrenoactualidad\",\"https:\\\/\\\/twitter.com\\\/nbasturias\",\"https:\\\/\\\/www.instagram.com\\\/nachofdezber\\\/\",\"https:\\\/\\\/www.youtube.com\\\/channel\\\/UCZP-2wLEB9Rv6erhFmqVnvg\"]},{\"@type\":\"WebPage\",\"@id\":\"https:\\\/\\\/candas365.es\\\/noticias\\\/kuwait-confirma-el-primer-caso-de-colera-en-el-pais\\\/#webpage\",\"url\":\"https:\\\/\\\/candas365.es\\\/noticias\\\/kuwait-confirma-el-primer-caso-de-colera-en-el-pais\\\/\",\"name\":\"Kuwait confirma el primer caso de c\\u00f3lera en el pa\\u00eds | Cand\\u00e1s 365\",\"description\":\"(EP) - El Ministerio de Salud de Kuwait ha confirmado el primer caso de c\\u00f3lera en el pa\\u00eds, seg\\u00fan un comunicado publicado por la agencia oficial de noticias\",\"inLanguage\":\"es-ES\",\"isPartOf\":{\"@id\":\"https:\\\/\\\/candas365.es\\\/noticias\\\/#website\"},\"breadcrumb\":{\"@id\":\"https:\\\/\\\/candas365.es\\\/noticias\\\/kuwait-confirma-el-primer-caso-de-colera-en-el-pais\\\/#breadcrumblist\"},\"author\":{\"@id\":\"https:\\\/\\\/candas365.es\\\/noticias\\\/author\\\/admin\\\/#author\"},\"creator\":{\"@id\":\"https:\\\/\\\/candas365.es\\\/noticias\\\/author\\\/admin\\\/#author\"},\"image\":{\"@type\":\"ImageObject\",\"url\":\"https:\\\/\\\/candas365.es\\\/noticias\\\/wp-content\\\/uploads\\\/2022\\\/11\\\/salud.jpg\",\"@id\":\"https:\\\/\\\/candas365.es\\\/noticias\\\/kuwait-confirma-el-primer-caso-de-colera-en-el-pais\\\/#mainImage\",\"width\":640,\"height\":360,\"caption\":\"salud Asturias\"},\"primaryImageOfPage\":{\"@id\":\"https:\\\/\\\/candas365.es\\\/noticias\\\/kuwait-confirma-el-primer-caso-de-colera-en-el-pais\\\/#mainImage\"},\"datePublished\":\"2022-11-26T22:50:29+01:00\",\"dateModified\":\"2022-11-26T22:50:29+01:00\"},{\"@type\":\"WebSite\",\"@id\":\"https:\\\/\\\/candas365.es\\\/noticias\\\/#website\",\"url\":\"https:\\\/\\\/candas365.es\\\/noticias\\\/\",\"name\":\"Cand\\u00e1s 365\",\"alternateName\":\"Cand\\u00e1s 365 Noticias\",\"description\":\"Actualidad desde Carre\\u00f1o para el mundo\",\"inLanguage\":\"es-ES\",\"publisher\":{\"@id\":\"https:\\\/\\\/candas365.es\\\/noticias\\\/#organization\"}}]}\n\t\t<\/script>\n\t\t<!-- All in One SEO Pro -->\r\n\t\t<title>Kuwait confirma el primer caso de c\u00f3lera en el pa\u00eds | Cand\u00e1s 365<\/title>\n\n","aioseo_head_json":{"title":"Kuwait confirma el primer caso de c\u00f3lera en el pa\u00eds | Cand\u00e1s 365","description":"(EP) - El Ministerio de Salud de Kuwait ha confirmado el primer caso de c\u00f3lera en el pa\u00eds, seg\u00fan un comunicado publicado por la agencia oficial de noticias","canonical_url":"https:\/\/candas365.es\/noticias\/kuwait-confirma-el-primer-caso-de-colera-en-el-pais\/","robots":"max-image-preview:large","keywords":"salud","webmasterTools":{"google-site-verification":"UA-32230408-1","msvalidate.01":"354F3CDFB2DA171B47FBE9ABF1F88D5","miscellaneous":""},"schema":{"@context":"https:\/\/schema.org","@graph":[{"@type":"BreadcrumbList","@id":"https:\/\/candas365.es\/noticias\/kuwait-confirma-el-primer-caso-de-colera-en-el-pais\/#breadcrumblist","itemListElement":[{"@type":"ListItem","@id":"https:\/\/candas365.es\/noticias#listItem","position":1,"name":"Home","item":"https:\/\/candas365.es\/noticias","nextItem":{"@type":"ListItem","@id":"https:\/\/candas365.es\/noticias\/category\/salud\/#listItem","name":"Salud"}},{"@type":"ListItem","@id":"https:\/\/candas365.es\/noticias\/category\/salud\/#listItem","position":2,"name":"Salud","item":"https:\/\/candas365.es\/noticias\/category\/salud\/","nextItem":{"@type":"ListItem","@id":"https:\/\/candas365.es\/noticias\/kuwait-confirma-el-primer-caso-de-colera-en-el-pais\/#listItem","name":"Kuwait confirma el primer caso de c\u00f3lera en el pa\u00eds"},"previousItem":{"@type":"ListItem","@id":"https:\/\/candas365.es\/noticias#listItem","name":"Home"}},{"@type":"ListItem","@id":"https:\/\/candas365.es\/noticias\/kuwait-confirma-el-primer-caso-de-colera-en-el-pais\/#listItem","position":3,"name":"Kuwait confirma el primer caso de c\u00f3lera en el pa\u00eds","previousItem":{"@type":"ListItem","@id":"https:\/\/candas365.es\/noticias\/category\/salud\/#listItem","name":"Salud"}}]},{"@type":"NewsArticle","@id":"https:\/\/candas365.es\/noticias\/kuwait-confirma-el-primer-caso-de-colera-en-el-pais\/#newsarticle","name":"Kuwait confirma el primer caso de c\u00f3lera en el pa\u00eds | Cand\u00e1s 365","headline":"Kuwait confirma el primer caso de c\u00f3lera en el pa\u00eds","author":{"@id":"https:\/\/candas365.es\/noticias\/author\/admin\/#author"},"publisher":{"@id":"https:\/\/candas365.es\/noticias\/#organization"},"image":{"@type":"ImageObject","url":"https:\/\/candas365.es\/noticias\/wp-content\/uploads\/2022\/11\/salud.jpg","width":640,"height":360,"caption":"salud Asturias"},"datePublished":"2022-11-26T22:50:29+01:00","dateModified":"2022-11-26T22:50:29+01:00","inLanguage":"es-ES","mainEntityOfPage":{"@id":"https:\/\/candas365.es\/noticias\/kuwait-confirma-el-primer-caso-de-colera-en-el-pais\/#webpage"},"isPartOf":{"@id":"https:\/\/candas365.es\/noticias\/kuwait-confirma-el-primer-caso-de-colera-en-el-pais\/#webpage"},"articleSection":"Salud, Salud","dateline":"Publicado el noviembre 26, 2022."},{"@type":"Organization","@id":"https:\/\/candas365.es\/noticias\/#organization","name":"Cand\u00e1s 365","description":"Cand\u00e1s 365 es un diario digital independiente, fundado en 2012, con base en Asturias. Informamos con rigor sobre actualidad, sociedad, cultura y ocio, con una mirada local y global.","url":"https:\/\/candas365.es\/noticias\/","email":"info@candas365.es","telephone":"+34652131393","foundingDate":"2012-06-10","logo":{"@type":"ImageObject","url":"https:\/\/candas365.es\/noticias\/wp-content\/uploads\/2024\/09\/Candas-365-Redes.jpg","@id":"https:\/\/candas365.es\/noticias\/kuwait-confirma-el-primer-caso-de-colera-en-el-pais\/#organizationLogo","width":1152,"height":864,"caption":"Cand\u00e1s 365 Redes"},"image":{"@id":"https:\/\/candas365.es\/noticias\/kuwait-confirma-el-primer-caso-de-colera-en-el-pais\/#organizationLogo"},"sameAs":["https:\/\/www.facebook.com\/Nachofdezber","https:\/\/x.com\/NabercoDigital","https:\/\/www.instagram.com\/nachofdezber\/","https:\/\/www.youtube.com\/channel\/UCZP-2wLEB9Rv6erhFmqVnvg"],"address":{"@id":"https:\/\/candas365.es\/noticias\/#postaladdress","@type":"PostalAddress","streetAddress":"san antonio 4, san antonio 4","postalCode":"33430","addressLocality":"Cand\u00e1s","addressRegion":"Asturias","addressCountry":"ES"}},{"@type":"Person","@id":"https:\/\/candas365.es\/noticias\/author\/admin\/#author","url":"https:\/\/candas365.es\/noticias\/author\/admin\/","name":"Cand\u00e1s 365","image":{"@type":"ImageObject","@id":"https:\/\/candas365.es\/noticias\/kuwait-confirma-el-primer-caso-de-colera-en-el-pais\/#authorImage","url":"https:\/\/secure.gravatar.com\/avatar\/496a8e03d0c493ede1718b7934145dbdf8d89be1036b0eec9544e1094c9de390?s=96&d=mm&r=g","width":96,"height":96,"caption":"Cand\u00e1s 365"},"sameAs":["https:\/\/www.facebook.com\/carrenoactualidad","https:\/\/twitter.com\/nbasturias","https:\/\/www.instagram.com\/nachofdezber\/","https:\/\/www.youtube.com\/channel\/UCZP-2wLEB9Rv6erhFmqVnvg"]},{"@type":"WebPage","@id":"https:\/\/candas365.es\/noticias\/kuwait-confirma-el-primer-caso-de-colera-en-el-pais\/#webpage","url":"https:\/\/candas365.es\/noticias\/kuwait-confirma-el-primer-caso-de-colera-en-el-pais\/","name":"Kuwait confirma el primer caso de c\u00f3lera en el pa\u00eds | Cand\u00e1s 365","description":"(EP) - El Ministerio de Salud de Kuwait ha confirmado el primer caso de c\u00f3lera en el pa\u00eds, seg\u00fan un comunicado publicado por la agencia oficial de noticias","inLanguage":"es-ES","isPartOf":{"@id":"https:\/\/candas365.es\/noticias\/#website"},"breadcrumb":{"@id":"https:\/\/candas365.es\/noticias\/kuwait-confirma-el-primer-caso-de-colera-en-el-pais\/#breadcrumblist"},"author":{"@id":"https:\/\/candas365.es\/noticias\/author\/admin\/#author"},"creator":{"@id":"https:\/\/candas365.es\/noticias\/author\/admin\/#author"},"image":{"@type":"ImageObject","url":"https:\/\/candas365.es\/noticias\/wp-content\/uploads\/2022\/11\/salud.jpg","@id":"https:\/\/candas365.es\/noticias\/kuwait-confirma-el-primer-caso-de-colera-en-el-pais\/#mainImage","width":640,"height":360,"caption":"salud Asturias"},"primaryImageOfPage":{"@id":"https:\/\/candas365.es\/noticias\/kuwait-confirma-el-primer-caso-de-colera-en-el-pais\/#mainImage"},"datePublished":"2022-11-26T22:50:29+01:00","dateModified":"2022-11-26T22:50:29+01:00"},{"@type":"WebSite","@id":"https:\/\/candas365.es\/noticias\/#website","url":"https:\/\/candas365.es\/noticias\/","name":"Cand\u00e1s 365","alternateName":"Cand\u00e1s 365 Noticias","description":"Actualidad desde Carre\u00f1o para el mundo","inLanguage":"es-ES","publisher":{"@id":"https:\/\/candas365.es\/noticias\/#organization"}}]},"og:locale":"es_ES","og:site_name":"Cand\u00e1s 365","og:type":"article","og:title":"Kuwait confirma el primer caso de c\u00f3lera en el pa\u00eds | Cand\u00e1s 365","og:description":"(EP) - El Ministerio de Salud de Kuwait ha confirmado el primer caso de c\u00f3lera en el pa\u00eds, seg\u00fan un comunicado publicado por la agencia oficial de noticias","og:url":"https:\/\/candas365.es\/noticias\/kuwait-confirma-el-primer-caso-de-colera-en-el-pais\/","og:image":"https:\/\/candas365.es\/noticias\/wp-content\/uploads\/2022\/11\/salud.jpg","og:image:secure_url":"https:\/\/candas365.es\/noticias\/wp-content\/uploads\/2022\/11\/salud.jpg","og:image:width":640,"og:image:height":360,"article:published_time":"2022-11-26T21:50:29+00:00","article:modified_time":"2022-11-26T21:50:29+00:00","article:publisher":"https:\/\/www.facebook.com\/Nachofdezber","article:author":"https:\/\/www.facebook.com\/carrenoactualidad","twitter:card":"summary_large_image","twitter:site":"@NabercoDigital","twitter:title":"Kuwait confirma el primer caso de c\u00f3lera en el pa\u00eds | Cand\u00e1s 365","twitter:description":"(EP) - El Ministerio de Salud de Kuwait ha confirmado el primer caso de c\u00f3lera en el pa\u00eds, seg\u00fan un comunicado publicado por la agencia oficial de noticias","twitter:creator":"@nbasturias","twitter:image":"https:\/\/candas365.es\/noticias\/wp-content\/uploads\/2022\/11\/salud.jpg","twitter:label1":"Escrito por","twitter:data1":"Cand\u00e1s 365","twitter:label2":"Tiempo de lectura estimado","twitter:data2":"2 minutos"},"aioseo_meta_data":{"post_id":"169480","title":null,"description":"(EP) - El Ministerio de Salud de Kuwait ha confirmado el primer caso de c\u00f3lera en el pa\u00eds, seg\u00fan un comunicado publicado por la agencia oficial de noticias","keywords":[],"keyphrases":{"focus":{"keyphrase":"Salud ","score":80,"analysis":{"keyphraseInTitle":{"title":"Focus keyphrase in SEO title","description":"Focus keyphrase not found in SEO title.","score":3,"maxScore":9,"error":1},"keyphraseInDescription":{"title":"Focus keyphrase in meta description","description":"Focus keyphrase found in meta description.","score":9,"maxScore":9,"error":0},"keyphraseLength":{"title":"Focus keyphrase length","description":"Good job!","score":9,"maxScore":9,"error":0,"length":1},"keyphraseInURL":{"title":"Focus keyphrase in URL","description":"Focus keyphrase not found in the URL.","score":1,"maxScore":5,"error":1},"keyphraseInIntroduction":{"title":"Focus keyphrase in introduction","description":"Your Focus keyphrase appears in the first paragraph. Well done!","score":9,"maxScore":9,"error":0},"keyphraseInSubHeadings":[],"keyphraseInImageAlt":{"title":"Focus keyphrase in image alt attributes","description":"Focus keyphrase found in image alt attribute(s).","score":9,"maxScore":9,"error":0}}},"additional":[{"keyphrase":"Kuwait","score":83,"analysis":{"keyphraseInDescription":{"title":"Keyphrase in meta description","description":"Keyphrase found in meta description.","score":9,"maxScore":9,"error":0},"keyphraseLength":{"title":"Keyphrase length","description":"Good job!","score":9,"maxScore":9,"error":0,"length":1},"keyphraseInIntroduction":{"title":"Keyphrase in introduction","description":"Your Keyphrase appears in the first paragraph. Well done!","score":9,"maxScore":9,"error":0},"keyphraseInImageAlt":{"title":"Keyphrase in image alt attributes","description":"Keyphrase not found in image alt attribute(s). Add an image with your Keyphrase as alt text.","score":3,"maxScore":9,"error":1}}},{"keyphrase":"c\u00f3lera","score":83,"analysis":{"keyphraseInDescription":{"title":"Keyphrase in meta description","description":"Keyphrase found in meta description.","score":9,"maxScore":9,"error":0},"keyphraseLength":{"title":"Keyphrase length","description":"Good job!","score":9,"maxScore":9,"error":0,"length":1},"keyphraseInIntroduction":{"title":"Keyphrase in introduction","description":"Your Keyphrase appears in the first paragraph. Well done!","score":9,"maxScore":9,"error":0},"keyphraseInImageAlt":{"title":"Keyphrase in image alt attributes","description":"Keyphrase not found in image alt attribute(s). Add an image with your Keyphrase as alt text.","score":3,"maxScore":9,"error":1}}}]},"primary_term":null,"canonical_url":null,"og_title":null,"og_description":null,"og_object_type":"default","og_image_type":"default","og_image_url":null,"og_image_width":null,"og_image_height":null,"og_image_custom_url":null,"og_image_custom_fields":null,"og_video":"","og_custom_url":null,"og_article_section":null,"og_article_tags":[],"twitter_use_og":false,"twitter_card":"default","twitter_image_type":"default","twitter_image_url":null,"twitter_image_custom_url":null,"twitter_image_custom_fields":null,"twitter_title":null,"twitter_description":null,"schema":{"blockGraphs":[],"customGraphs":[],"default":{"data":{"Article":[],"Course":[],"Dataset":[],"FAQPage":[],"Movie":[],"Person":[],"Product":[],"ProductReview":[],"Car":[],"Recipe":[],"Service":[],"SoftwareApplication":[],"WebPage":[]},"graphName":"Article","isEnabled":true},"graphs":[]},"schema_type":"default","schema_type_options":null,"pillar_content":false,"robots_default":true,"robots_noindex":false,"robots_noarchive":false,"robots_nosnippet":false,"robots_nofollow":false,"robots_noimageindex":false,"robots_noodp":false,"robots_notranslate":false,"robots_max_snippet":"-1","robots_max_videopreview":"-1","robots_max_imagepreview":"large","priority":null,"frequency":"default","location":null,"local_seo":null,"seo_analyzer_scan_date":"2025-09-01 16:23:14","breadcrumb_settings":null,"limit_modified_date":false,"reviewed_by":null,"open_ai":null,"ai":null,"created":"2022-11-26 21:47:50","updated":"2025-09-01 16:23:14"},"aioseo_breadcrumb":"<div class=\"aioseo-breadcrumbs\"><span class=\"aioseo-breadcrumb\">\n\t<a href=\"https:\/\/candas365.es\/noticias\" title=\"Home\">Home<\/a>\n<\/span><span class=\"aioseo-breadcrumb-separator\">&ndash;<\/span><span class=\"aioseo-breadcrumb\">\n\t<a href=\"https:\/\/candas365.es\/noticias\/category\/salud\/\" title=\"Salud\">Salud<\/a>\n<\/span><span class=\"aioseo-breadcrumb-separator\">&ndash;<\/span><span class=\"aioseo-breadcrumb\">\n\tKuwait confirma el primer caso de c\u00f3lera en el pa\u00eds\n<\/span><\/div>","aioseo_breadcrumb_json":[{"label":"Home","link":"https:\/\/candas365.es\/noticias"},{"label":"Salud","link":"https:\/\/candas365.es\/noticias\/category\/salud\/"},{"label":"Kuwait confirma el primer caso de c\u00f3lera en el pa\u00eds","link":"https:\/\/candas365.es\/noticias\/kuwait-confirma-el-primer-caso-de-colera-en-el-pais\/"}],"_links":{"self":[{"href":"https:\/\/candas365.es\/noticias\/wp-json\/wp\/v2\/posts\/169480","targetHints":{"allow":["GET"]}}],"collection":[{"href":"https:\/\/candas365.es\/noticias\/wp-json\/wp\/v2\/posts"}],"about":[{"href":"https:\/\/candas365.es\/noticias\/wp-json\/wp\/v2\/types\/post"}],"author":[{"embeddable":true,"href":"https:\/\/candas365.es\/noticias\/wp-json\/wp\/v2\/users\/1"}],"replies":[{"embeddable":true,"href":"https:\/\/candas365.es\/noticias\/wp-json\/wp\/v2\/comments?post=169480"}],"version-history":[{"count":0,"href":"https:\/\/candas365.es\/noticias\/wp-json\/wp\/v2\/posts\/169480\/revisions"}],"wp:featuredmedia":[{"embeddable":true,"href":"https:\/\/candas365.es\/noticias\/wp-json\/wp\/v2\/media\/168326"}],"wp:attachment":[{"href":"https:\/\/candas365.es\/noticias\/wp-json\/wp\/v2\/media?parent=169480"}],"wp:term":[{"taxonomy":"category","embeddable":true,"href":"https:\/\/candas365.es\/noticias\/wp-json\/wp\/v2\/categories?post=169480"},{"taxonomy":"post_tag","embeddable":true,"href":"https:\/\/candas365.es\/noticias\/wp-json\/wp\/v2\/tags?post=169480"}],"curies":[{"name":"wp","href":"https:\/\/api.w.org\/{rel}","templated":true}]}}