{"id":169475,"date":"2022-11-26T22:40:53","date_gmt":"2022-11-26T21:40:53","guid":{"rendered":"https:\/\/candas365.es\/noticias\/?p=169475"},"modified":"2022-11-26T22:40:53","modified_gmt":"2022-11-26T21:40:53","slug":"el-moho-un-buen-motivo-para-limpiar-a-diario-la-cafetera","status":"publish","type":"post","link":"https:\/\/candas365.es\/noticias\/el-moho-un-buen-motivo-para-limpiar-a-diario-la-cafetera\/","title":{"rendered":"El moho, un buen motivo para limpiar a diario la cafetera"},"content":{"rendered":"<p>(dpa) &#8211; \u00bfTiene su caf\u00e9 esta ma\u00f1ana un sabor rancio? \u00bfSe presenta enmohecido? Esto no necesariamente tiene que ver con los granos de <a href=\"https:\/\/candas365.es\/noticias\/tostar-el-cafe-en-casa-tiene-un-riesgo-la-acrilamida\/\"><span style=\"color: #ff6600;\"><strong>caf\u00e9<\/strong><\/span><\/a>. <strong>La causa puede ser la cal o tambi\u00e9n los residuos de caf\u00e9 viejo en la cafetera<\/strong>. Existen otras dos buenas razones para limpiar la cafetera m\u00e1s seguido: la formaci\u00f3n de moho y los gastos de electricidad.<\/p>\n<figure id=\"attachment_169476\" aria-describedby=\"caption-attachment-169476\" style=\"width: 650px\" class=\"wp-caption aligncenter\"><img fetchpriority=\"high\" decoding=\"async\" class=\"wp-image-169476 size-large\" src=\"https:\/\/candas365.es\/noticias\/wp-content\/uploads\/2022\/11\/cafe-1-650x438.jpg\" alt=\"caf\u00e9\" width=\"650\" height=\"438\" srcset=\"https:\/\/candas365.es\/noticias\/wp-content\/uploads\/2022\/11\/cafe-1-650x438.jpg 650w, https:\/\/candas365.es\/noticias\/wp-content\/uploads\/2022\/11\/cafe-1-360x243.jpg 360w, https:\/\/candas365.es\/noticias\/wp-content\/uploads\/2022\/11\/cafe-1-768x518.jpg 768w, https:\/\/candas365.es\/noticias\/wp-content\/uploads\/2022\/11\/cafe-1-150x101.jpg 150w, https:\/\/candas365.es\/noticias\/wp-content\/uploads\/2022\/11\/cafe-1-450x303.jpg 450w, https:\/\/candas365.es\/noticias\/wp-content\/uploads\/2022\/11\/cafe-1.jpg 995w\" sizes=\"(max-width: 650px) 100vw, 650px\" \/><figcaption id=\"caption-attachment-169476\" class=\"wp-caption-text\">Los pads y c\u00e1psulas deben retirarse de la cafetera tras cada uso para evitar la formaci\u00f3n de moho. Foto: Christin Klose\/dpa<\/figcaption><\/figure>\n<h2>Usted deber\u00eda hacer lo siguiente a diario:<\/h2>\n<p>\u00abMuchas m\u00e1quinas con cal adherida producen agua demasiado caliente\u00bb, afirma Holger Preibisch, director ejecutivo de la asociaci\u00f3n alemana del sector del caf\u00e9. \u00abDebido a las sedimentaciones, ya no pueden mantener la temperatura del agua\u00bb. <strong>La cal se deposita en todas partes donde se procesa agua.<\/strong><\/p>\n<p>Por eso, tanto los expertos como los fabricantes de m\u00e1quinas de caf\u00e9 recomiendan vaciar y secar el dep\u00f3sito de agua al finalizar cada jornada. El cambio de agua, adem\u00e1s, presenta una ventaja: el agua fresca no posee un impacto negativo sobre el sabor del caf\u00e9.<\/p>\n<p>E incluso cuando el sabor del caf\u00e9 subjetivamente parezca lo m\u00e1s relevante, existe un motivo a\u00fan mucho m\u00e1s trascendente para meter mano a diario a la cafetera: que, de no hacerlo, se puede formar moho all\u00ed adentro y pueden multiplicarse los g\u00e9rmenes.<\/p>\n<blockquote><p>Los residuos de caf\u00e9 h\u00famedos se enmohecen, por ejemplo, en el contenedor de posos de caf\u00e9 y en la bandeja de goteo. Adem\u00e1s, all\u00ed se depositan aceites y grasas del caf\u00e9.<\/p><\/blockquote>\n<p>En el caso de m\u00e1quinas de c\u00e1psulas o pads, hay que vaciar el recipiente contenedor despu\u00e9s de cada uso, recomienda Theresa Seitz, asesora de peque\u00f1os electrodom\u00e9sticos de la federaci\u00f3n germana del sector ZVEI.<\/p>\n<p>Seg\u00fan explica Holger Preibisch, esto tambi\u00e9n se aplica a los filtros, que no deben dejarse en el soporte despu\u00e9s del proceso de <strong>elaboraci\u00f3n del caf\u00e9<\/strong>.<\/p>\n<p>Incluso las jarras de las m\u00e1quinas de filtro idealmente deben ser vaciadas a diario, cuando ya no se toma m\u00e1s caf\u00e9. Porque, de lo contrario, la infusi\u00f3n se seca all\u00ed adentro y se dificulta la limpieza de la jarra.<\/p>\n<p>La boquilla de leche, el tanque de leche y sus tubos son especialmente delicados. \u00abLos g\u00e9rmenes se desarrollan en lugares donde se utiliza leche y no se la retira\u00bb, alerta Preibisch.<\/p>\n<p>La boquilla de leche lateral de las m\u00e1quinas de espresso y de las m\u00e1quinas de caf\u00e9 autom\u00e1ticas, por ejemplo, puede desenroscarse, empaparse con un producto de limpieza y enjuagarse despu\u00e9s con agua limpia. <strong>Muchas de las m\u00e1quinas recuerdan muy regularmente que debe realizarse esta limpieza.<\/strong><\/p>\n<p>Pero el tanque de leche de la m\u00e1quina debe ser lavado a diario, recomiendan los expertos. Lo mismo sucede con los tubos, que con ayuda de la m\u00e1quina deben ser lavados con agua caliente.<\/p>\n<p>Adem\u00e1s, aproximadamente una vez al mes debe eliminarse la cal de la cafetera, algo que es bastante sencillo. Por lo general, se a\u00f1ade un producto de limpieza para la cal al dep\u00f3sito de agua lleno y se inicia un programa de limpieza o el programa de preparaci\u00f3n habitual.<\/p>\n<p><strong>Theresa Seitz desaconseja el vinagre y el \u00e1cido c\u00edtrico, m\u00e9todos hogare\u00f1os que suelen utilizarse para quitar la cal.<\/strong> \u00abEl \u00e1cido c\u00edtrico reduce el tiempo de vida \u00fatil de las m\u00e1quinas. El fuerte \u00e1cido puede da\u00f1ar las juntas y los tubos\u00bb, advierte.<\/p>\n<p>Pero tampoco el vinagre deber\u00eda usarse en la cafetera. \u00abEs demasiado corrosivo y puede da\u00f1ar los pl\u00e1sticos dentro del aparato\u00bb, explica.<\/p>\n<p>Las m\u00e1quinas totalmente autom\u00e1ticas y muchas otras cafeteras recuerdan a intervalos regulares que debe iniciarse una autolimpieza. \u00abProporcionan suficiente presi\u00f3n y temperatura para limpiar las m\u00e1quinas desde el interior\u00bb, dice Seitz.<\/p>\n<p>Sin embargo, tambi\u00e9n se necesitan productos de limpieza para disolver las grasas y los aceites. \u00abSeg\u00fan el fabricante, se trata de pastillas o de polvo que se disuelve previamente en agua\u00bb, explica Ansgar Pleye, de la Specialty Coffee Association Germany, una red de especialistas en caf\u00e9. Las m\u00e1quinas de caf\u00e9 totalmente autom\u00e1ticas disponen de una abertura para la pastilla. En una m\u00e1quina espresso, el polvo o la pastilla se coloca en el portafiltro.<\/p>\n<p>Sin embargo, hay que poner especial atenci\u00f3n, incluso cuando la m\u00e1quina asuma varios pasos de limpieza. Porque varios componentes requieren de una limpieza a mano.<\/p>\n<p>Por ejemplo, el grupo de cocci\u00f3n, el coraz\u00f3n del aparato. En muchas m\u00e1quinas puede retirarse y, seg\u00fan se\u00f1ala Pleye, sencillamente se lo puede enjuagar debajo de agua limpia. \u00abQuien haga esto de manera peri\u00f3dica, impide que permanezcan residuos\u00bb, precisa.<\/p>\n<p>En las m\u00e1quinas de espresso, el grupo de cocci\u00f3n puede limpiarse con un tamiz ciego. <strong>\u00abEste tipo de tamiz no tiene agujeros, por lo que el agua caliente que fluye a trav\u00e9s de \u00e9l se devuelve con presi\u00f3n\u00bb, explica el experto en caf\u00e9.<\/strong><\/p>\n<p>Una recomendaci\u00f3n para las m\u00e1quinas de espresso y las cafeteras de filtro: \u00abSi la grasa del tamiz y del portafiltro est\u00e1 muy pegada, pueden sumergirse ambos brevemente en un ba\u00f1o de agua caliente con limpiador de caf\u00e9\u00bb, indica Angsar Pleye.<\/p>\n<p>Preibisch a\u00f1ade que los dep\u00f3sitos en el tamiz pueden evitarse lav\u00e1ndolo regularmente con agua, preferiblemente incluso despu\u00e9s de cada uso.<\/p>\n<blockquote><p>La grasa asimismo se deposita en los contenedores para granos o caf\u00e9 molido. \u00abPuede retirar el recipiente de granos vac\u00edo de la m\u00e1quina y lavarlo por dentro con un pa\u00f1o ligeramente h\u00famedo\u00bb, sugiere Ansgar Pleye.<\/p><\/blockquote>\n<p>La mayor\u00eda de los recipientes no son aptos para su lavado en el lavavajillas, por el pl\u00e1stico. Tambi\u00e9n es importante, despu\u00e9s de su limpieza, permitir que el recipiente se seque por completo antes de volver a llenarlo.<\/p>\n<p><i class=\"lang-es\"><span class=\" readonly\" title=\"\">Por Evelyn Steinbach (dpa)<\/span><\/i><\/p>\n","protected":false},"excerpt":{"rendered":"<p>(dpa) &#8211; \u00bfTiene su caf\u00e9 esta ma\u00f1ana un sabor rancio? \u00bfSe presenta enmohecido? Esto no necesariamente tiene que ver con los granos de caf\u00e9. La causa puede ser la cal o tambi\u00e9n los residuos de caf\u00e9 viejo en la cafetera. Existen otras dos buenas razones para limpiar la cafetera m\u00e1s seguido: la formaci\u00f3n de moho<\/p>\n","protected":false},"author":1,"featured_media":169476,"comment_status":"closed","ping_status":"closed","sticky":false,"template":"","format":"standard","meta":{"footnotes":""},"categories":[143],"tags":[423,408],"class_list":{"0":"post-169475","1":"post","2":"type-post","3":"status-publish","4":"format-standard","5":"has-post-thumbnail","7":"category-sociedad","8":"tag-hogar","9":"tag-sociedad"},"aioseo_notices":[],"aioseo_head":"\n\t\t<!-- All in One SEO Pro 4.9.6.2 - aioseo.com -->\n\t<meta name=\"description\" content=\"(dpa) - \u00bfTiene su caf\u00e9 esta ma\u00f1ana un sabor rancio? \u00bfSe presenta enmohecido? Esto no necesariamente tiene que ver con los granos de caf\u00e9. La causa puede ser\" \/>\n\t<meta name=\"robots\" content=\"max-image-preview:large\" \/>\n\t<meta name=\"author\" content=\"Cand\u00e1s 365\"\/>\n\t<meta name=\"google-site-verification\" content=\"UA-32230408-1\" \/>\n\t<meta name=\"msvalidate.01\" content=\"354F3CDFB2DA171B47FBE9ABF1F88D5\" \/>\n\t<meta name=\"keywords\" content=\"sociedad\" \/>\n\t<link rel=\"canonical\" href=\"https:\/\/candas365.es\/noticias\/el-moho-un-buen-motivo-para-limpiar-a-diario-la-cafetera\/\" \/>\n\t<meta name=\"generator\" content=\"All in One SEO Pro (AIOSEO) 4.9.6.2\" \/>\n\t\t<meta property=\"og:locale\" content=\"es_ES\" \/>\n\t\t<meta property=\"og:site_name\" content=\"Cand\u00e1s 365\" \/>\n\t\t<meta property=\"og:type\" content=\"article\" \/>\n\t\t<meta property=\"og:title\" content=\"El moho, un buen motivo para limpiar a diario la cafetera | Cand\u00e1s 365\" \/>\n\t\t<meta property=\"og:description\" content=\"(dpa) - \u00bfTiene su caf\u00e9 esta ma\u00f1ana un sabor rancio? \u00bfSe presenta enmohecido? Esto no necesariamente tiene que ver con los granos de caf\u00e9. La causa puede ser\" \/>\n\t\t<meta property=\"og:url\" content=\"https:\/\/candas365.es\/noticias\/el-moho-un-buen-motivo-para-limpiar-a-diario-la-cafetera\/\" \/>\n\t\t<meta property=\"og:image\" content=\"https:\/\/candas365.es\/noticias\/wp-content\/uploads\/2022\/11\/cafe-1.jpg\" \/>\n\t\t<meta property=\"og:image:secure_url\" content=\"https:\/\/candas365.es\/noticias\/wp-content\/uploads\/2022\/11\/cafe-1.jpg\" \/>\n\t\t<meta property=\"og:image:width\" content=\"995\" \/>\n\t\t<meta property=\"og:image:height\" content=\"671\" \/>\n\t\t<meta property=\"article:published_time\" content=\"2022-11-26T21:40:53+00:00\" \/>\n\t\t<meta property=\"article:modified_time\" content=\"2022-11-26T21:40:53+00:00\" \/>\n\t\t<meta property=\"article:publisher\" content=\"https:\/\/www.facebook.com\/Nachofdezber\" \/>\n\t\t<meta property=\"article:author\" content=\"https:\/\/www.facebook.com\/carrenoactualidad\" \/>\n\t\t<meta name=\"twitter:card\" content=\"summary_large_image\" \/>\n\t\t<meta name=\"twitter:site\" content=\"@NabercoDigital\" \/>\n\t\t<meta name=\"twitter:title\" content=\"El moho, un buen motivo para limpiar a diario la cafetera | Cand\u00e1s 365\" \/>\n\t\t<meta name=\"twitter:description\" content=\"(dpa) - \u00bfTiene su caf\u00e9 esta ma\u00f1ana un sabor rancio? \u00bfSe presenta enmohecido? Esto no necesariamente tiene que ver con los granos de caf\u00e9. La causa puede ser\" \/>\n\t\t<meta name=\"twitter:creator\" content=\"@nbasturias\" \/>\n\t\t<meta name=\"twitter:image\" content=\"https:\/\/candas365.es\/noticias\/wp-content\/uploads\/2022\/11\/cafe-1.jpg\" \/>\n\t\t<meta name=\"twitter:label1\" content=\"Escrito por\" \/>\n\t\t<meta name=\"twitter:data1\" content=\"Cand\u00e1s 365\" \/>\n\t\t<meta name=\"twitter:label2\" content=\"Tiempo de lectura estimado\" \/>\n\t\t<meta name=\"twitter:data2\" content=\"5 minutos\" \/>\n\t\t<script type=\"application\/ld+json\" class=\"aioseo-schema\">\n\t\t\t{\"@context\":\"https:\\\/\\\/schema.org\",\"@graph\":[{\"@type\":\"BreadcrumbList\",\"@id\":\"https:\\\/\\\/candas365.es\\\/noticias\\\/el-moho-un-buen-motivo-para-limpiar-a-diario-la-cafetera\\\/#breadcrumblist\",\"itemListElement\":[{\"@type\":\"ListItem\",\"@id\":\"https:\\\/\\\/candas365.es\\\/noticias#listItem\",\"position\":1,\"name\":\"Home\",\"item\":\"https:\\\/\\\/candas365.es\\\/noticias\",\"nextItem\":{\"@type\":\"ListItem\",\"@id\":\"https:\\\/\\\/candas365.es\\\/noticias\\\/category\\\/sociedad\\\/#listItem\",\"name\":\"Sociedad\"}},{\"@type\":\"ListItem\",\"@id\":\"https:\\\/\\\/candas365.es\\\/noticias\\\/category\\\/sociedad\\\/#listItem\",\"position\":2,\"name\":\"Sociedad\",\"item\":\"https:\\\/\\\/candas365.es\\\/noticias\\\/category\\\/sociedad\\\/\",\"nextItem\":{\"@type\":\"ListItem\",\"@id\":\"https:\\\/\\\/candas365.es\\\/noticias\\\/el-moho-un-buen-motivo-para-limpiar-a-diario-la-cafetera\\\/#listItem\",\"name\":\"El moho, un buen motivo para limpiar a diario la cafetera\"},\"previousItem\":{\"@type\":\"ListItem\",\"@id\":\"https:\\\/\\\/candas365.es\\\/noticias#listItem\",\"name\":\"Home\"}},{\"@type\":\"ListItem\",\"@id\":\"https:\\\/\\\/candas365.es\\\/noticias\\\/el-moho-un-buen-motivo-para-limpiar-a-diario-la-cafetera\\\/#listItem\",\"position\":3,\"name\":\"El moho, un buen motivo para limpiar a diario la cafetera\",\"previousItem\":{\"@type\":\"ListItem\",\"@id\":\"https:\\\/\\\/candas365.es\\\/noticias\\\/category\\\/sociedad\\\/#listItem\",\"name\":\"Sociedad\"}}]},{\"@type\":\"NewsArticle\",\"@id\":\"https:\\\/\\\/candas365.es\\\/noticias\\\/el-moho-un-buen-motivo-para-limpiar-a-diario-la-cafetera\\\/#newsarticle\",\"name\":\"El moho, un buen motivo para limpiar a diario la cafetera | Cand\\u00e1s 365\",\"headline\":\"El moho, un buen motivo para limpiar a diario la cafetera\",\"author\":{\"@id\":\"https:\\\/\\\/candas365.es\\\/noticias\\\/author\\\/admin\\\/#author\"},\"publisher\":{\"@id\":\"https:\\\/\\\/candas365.es\\\/noticias\\\/#organization\"},\"image\":{\"@type\":\"ImageObject\",\"url\":\"https:\\\/\\\/candas365.es\\\/noticias\\\/wp-content\\\/uploads\\\/2022\\\/11\\\/cafe-1.jpg\",\"width\":995,\"height\":671,\"caption\":\"Los pads y c\\u00e1psulas deben retirarse de la cafetera tras cada uso para evitar la formaci\\u00f3n de moho. Foto: Christin Klose\\\/dpa\"},\"datePublished\":\"2022-11-26T22:40:53+01:00\",\"dateModified\":\"2022-11-26T22:40:53+01:00\",\"inLanguage\":\"es-ES\",\"mainEntityOfPage\":{\"@id\":\"https:\\\/\\\/candas365.es\\\/noticias\\\/el-moho-un-buen-motivo-para-limpiar-a-diario-la-cafetera\\\/#webpage\"},\"isPartOf\":{\"@id\":\"https:\\\/\\\/candas365.es\\\/noticias\\\/el-moho-un-buen-motivo-para-limpiar-a-diario-la-cafetera\\\/#webpage\"},\"articleSection\":\"Sociedad, Hogar, sociedad\",\"dateline\":\"Publicado el noviembre 26, 2022.\"},{\"@type\":\"Organization\",\"@id\":\"https:\\\/\\\/candas365.es\\\/noticias\\\/#organization\",\"name\":\"Cand\\u00e1s 365\",\"description\":\"Cand\\u00e1s 365 es un diario digital independiente, fundado en 2012, con base en Asturias. Informamos con rigor sobre actualidad, sociedad, cultura y ocio, con una mirada local y global.\",\"url\":\"https:\\\/\\\/candas365.es\\\/noticias\\\/\",\"email\":\"info@candas365.es\",\"telephone\":\"+34652131393\",\"foundingDate\":\"2012-06-10\",\"logo\":{\"@type\":\"ImageObject\",\"url\":\"https:\\\/\\\/candas365.es\\\/noticias\\\/wp-content\\\/uploads\\\/2024\\\/09\\\/Candas-365-Redes.jpg\",\"@id\":\"https:\\\/\\\/candas365.es\\\/noticias\\\/el-moho-un-buen-motivo-para-limpiar-a-diario-la-cafetera\\\/#organizationLogo\",\"width\":1152,\"height\":864,\"caption\":\"Cand\\u00e1s 365 Redes\"},\"image\":{\"@id\":\"https:\\\/\\\/candas365.es\\\/noticias\\\/el-moho-un-buen-motivo-para-limpiar-a-diario-la-cafetera\\\/#organizationLogo\"},\"sameAs\":[\"https:\\\/\\\/www.facebook.com\\\/Nachofdezber\",\"https:\\\/\\\/x.com\\\/NabercoDigital\",\"https:\\\/\\\/www.instagram.com\\\/nachofdezber\\\/\",\"https:\\\/\\\/www.youtube.com\\\/channel\\\/UCZP-2wLEB9Rv6erhFmqVnvg\"],\"address\":{\"@id\":\"https:\\\/\\\/candas365.es\\\/noticias\\\/#postaladdress\",\"@type\":\"PostalAddress\",\"streetAddress\":\"san antonio 4, san antonio 4\",\"postalCode\":\"33430\",\"addressLocality\":\"Cand\\u00e1s\",\"addressRegion\":\"Asturias\",\"addressCountry\":\"ES\"}},{\"@type\":\"Person\",\"@id\":\"https:\\\/\\\/candas365.es\\\/noticias\\\/author\\\/admin\\\/#author\",\"url\":\"https:\\\/\\\/candas365.es\\\/noticias\\\/author\\\/admin\\\/\",\"name\":\"Cand\\u00e1s 365\",\"image\":{\"@type\":\"ImageObject\",\"@id\":\"https:\\\/\\\/candas365.es\\\/noticias\\\/el-moho-un-buen-motivo-para-limpiar-a-diario-la-cafetera\\\/#authorImage\",\"url\":\"https:\\\/\\\/secure.gravatar.com\\\/avatar\\\/496a8e03d0c493ede1718b7934145dbdf8d89be1036b0eec9544e1094c9de390?s=96&d=mm&r=g\",\"width\":96,\"height\":96,\"caption\":\"Cand\\u00e1s 365\"},\"sameAs\":[\"https:\\\/\\\/www.facebook.com\\\/carrenoactualidad\",\"https:\\\/\\\/twitter.com\\\/nbasturias\",\"https:\\\/\\\/www.instagram.com\\\/nachofdezber\\\/\",\"https:\\\/\\\/www.youtube.com\\\/channel\\\/UCZP-2wLEB9Rv6erhFmqVnvg\"]},{\"@type\":\"WebPage\",\"@id\":\"https:\\\/\\\/candas365.es\\\/noticias\\\/el-moho-un-buen-motivo-para-limpiar-a-diario-la-cafetera\\\/#webpage\",\"url\":\"https:\\\/\\\/candas365.es\\\/noticias\\\/el-moho-un-buen-motivo-para-limpiar-a-diario-la-cafetera\\\/\",\"name\":\"El moho, un buen motivo para limpiar a diario la cafetera | Cand\\u00e1s 365\",\"description\":\"(dpa) - \\u00bfTiene su caf\\u00e9 esta ma\\u00f1ana un sabor rancio? \\u00bfSe presenta enmohecido? Esto no necesariamente tiene que ver con los granos de caf\\u00e9. La causa puede ser\",\"inLanguage\":\"es-ES\",\"isPartOf\":{\"@id\":\"https:\\\/\\\/candas365.es\\\/noticias\\\/#website\"},\"breadcrumb\":{\"@id\":\"https:\\\/\\\/candas365.es\\\/noticias\\\/el-moho-un-buen-motivo-para-limpiar-a-diario-la-cafetera\\\/#breadcrumblist\"},\"author\":{\"@id\":\"https:\\\/\\\/candas365.es\\\/noticias\\\/author\\\/admin\\\/#author\"},\"creator\":{\"@id\":\"https:\\\/\\\/candas365.es\\\/noticias\\\/author\\\/admin\\\/#author\"},\"image\":{\"@type\":\"ImageObject\",\"url\":\"https:\\\/\\\/candas365.es\\\/noticias\\\/wp-content\\\/uploads\\\/2022\\\/11\\\/cafe-1.jpg\",\"@id\":\"https:\\\/\\\/candas365.es\\\/noticias\\\/el-moho-un-buen-motivo-para-limpiar-a-diario-la-cafetera\\\/#mainImage\",\"width\":995,\"height\":671,\"caption\":\"Los pads y c\\u00e1psulas deben retirarse de la cafetera tras cada uso para evitar la formaci\\u00f3n de moho. Foto: Christin Klose\\\/dpa\"},\"primaryImageOfPage\":{\"@id\":\"https:\\\/\\\/candas365.es\\\/noticias\\\/el-moho-un-buen-motivo-para-limpiar-a-diario-la-cafetera\\\/#mainImage\"},\"datePublished\":\"2022-11-26T22:40:53+01:00\",\"dateModified\":\"2022-11-26T22:40:53+01:00\"},{\"@type\":\"WebSite\",\"@id\":\"https:\\\/\\\/candas365.es\\\/noticias\\\/#website\",\"url\":\"https:\\\/\\\/candas365.es\\\/noticias\\\/\",\"name\":\"Cand\\u00e1s 365\",\"alternateName\":\"Cand\\u00e1s 365 Noticias\",\"description\":\"Actualidad desde Carre\\u00f1o para el mundo\",\"inLanguage\":\"es-ES\",\"publisher\":{\"@id\":\"https:\\\/\\\/candas365.es\\\/noticias\\\/#organization\"}}]}\n\t\t<\/script>\n\t\t<!-- All in One SEO Pro -->\r\n\t\t<title>El moho, un buen motivo para limpiar a diario la cafetera | Cand\u00e1s 365<\/title>\n\n","aioseo_head_json":{"title":"El moho, un buen motivo para limpiar a diario la cafetera | Cand\u00e1s 365","description":"(dpa) - \u00bfTiene su caf\u00e9 esta ma\u00f1ana un sabor rancio? \u00bfSe presenta enmohecido? Esto no necesariamente tiene que ver con los granos de caf\u00e9. La causa puede ser","canonical_url":"https:\/\/candas365.es\/noticias\/el-moho-un-buen-motivo-para-limpiar-a-diario-la-cafetera\/","robots":"max-image-preview:large","keywords":"sociedad","webmasterTools":{"google-site-verification":"UA-32230408-1","msvalidate.01":"354F3CDFB2DA171B47FBE9ABF1F88D5","miscellaneous":""},"schema":{"@context":"https:\/\/schema.org","@graph":[{"@type":"BreadcrumbList","@id":"https:\/\/candas365.es\/noticias\/el-moho-un-buen-motivo-para-limpiar-a-diario-la-cafetera\/#breadcrumblist","itemListElement":[{"@type":"ListItem","@id":"https:\/\/candas365.es\/noticias#listItem","position":1,"name":"Home","item":"https:\/\/candas365.es\/noticias","nextItem":{"@type":"ListItem","@id":"https:\/\/candas365.es\/noticias\/category\/sociedad\/#listItem","name":"Sociedad"}},{"@type":"ListItem","@id":"https:\/\/candas365.es\/noticias\/category\/sociedad\/#listItem","position":2,"name":"Sociedad","item":"https:\/\/candas365.es\/noticias\/category\/sociedad\/","nextItem":{"@type":"ListItem","@id":"https:\/\/candas365.es\/noticias\/el-moho-un-buen-motivo-para-limpiar-a-diario-la-cafetera\/#listItem","name":"El moho, un buen motivo para limpiar a diario la cafetera"},"previousItem":{"@type":"ListItem","@id":"https:\/\/candas365.es\/noticias#listItem","name":"Home"}},{"@type":"ListItem","@id":"https:\/\/candas365.es\/noticias\/el-moho-un-buen-motivo-para-limpiar-a-diario-la-cafetera\/#listItem","position":3,"name":"El moho, un buen motivo para limpiar a diario la cafetera","previousItem":{"@type":"ListItem","@id":"https:\/\/candas365.es\/noticias\/category\/sociedad\/#listItem","name":"Sociedad"}}]},{"@type":"NewsArticle","@id":"https:\/\/candas365.es\/noticias\/el-moho-un-buen-motivo-para-limpiar-a-diario-la-cafetera\/#newsarticle","name":"El moho, un buen motivo para limpiar a diario la cafetera | Cand\u00e1s 365","headline":"El moho, un buen motivo para limpiar a diario la cafetera","author":{"@id":"https:\/\/candas365.es\/noticias\/author\/admin\/#author"},"publisher":{"@id":"https:\/\/candas365.es\/noticias\/#organization"},"image":{"@type":"ImageObject","url":"https:\/\/candas365.es\/noticias\/wp-content\/uploads\/2022\/11\/cafe-1.jpg","width":995,"height":671,"caption":"Los pads y c\u00e1psulas deben retirarse de la cafetera tras cada uso para evitar la formaci\u00f3n de moho. Foto: Christin Klose\/dpa"},"datePublished":"2022-11-26T22:40:53+01:00","dateModified":"2022-11-26T22:40:53+01:00","inLanguage":"es-ES","mainEntityOfPage":{"@id":"https:\/\/candas365.es\/noticias\/el-moho-un-buen-motivo-para-limpiar-a-diario-la-cafetera\/#webpage"},"isPartOf":{"@id":"https:\/\/candas365.es\/noticias\/el-moho-un-buen-motivo-para-limpiar-a-diario-la-cafetera\/#webpage"},"articleSection":"Sociedad, Hogar, sociedad","dateline":"Publicado el noviembre 26, 2022."},{"@type":"Organization","@id":"https:\/\/candas365.es\/noticias\/#organization","name":"Cand\u00e1s 365","description":"Cand\u00e1s 365 es un diario digital independiente, fundado en 2012, con base en Asturias. Informamos con rigor sobre actualidad, sociedad, cultura y ocio, con una mirada local y global.","url":"https:\/\/candas365.es\/noticias\/","email":"info@candas365.es","telephone":"+34652131393","foundingDate":"2012-06-10","logo":{"@type":"ImageObject","url":"https:\/\/candas365.es\/noticias\/wp-content\/uploads\/2024\/09\/Candas-365-Redes.jpg","@id":"https:\/\/candas365.es\/noticias\/el-moho-un-buen-motivo-para-limpiar-a-diario-la-cafetera\/#organizationLogo","width":1152,"height":864,"caption":"Cand\u00e1s 365 Redes"},"image":{"@id":"https:\/\/candas365.es\/noticias\/el-moho-un-buen-motivo-para-limpiar-a-diario-la-cafetera\/#organizationLogo"},"sameAs":["https:\/\/www.facebook.com\/Nachofdezber","https:\/\/x.com\/NabercoDigital","https:\/\/www.instagram.com\/nachofdezber\/","https:\/\/www.youtube.com\/channel\/UCZP-2wLEB9Rv6erhFmqVnvg"],"address":{"@id":"https:\/\/candas365.es\/noticias\/#postaladdress","@type":"PostalAddress","streetAddress":"san antonio 4, san antonio 4","postalCode":"33430","addressLocality":"Cand\u00e1s","addressRegion":"Asturias","addressCountry":"ES"}},{"@type":"Person","@id":"https:\/\/candas365.es\/noticias\/author\/admin\/#author","url":"https:\/\/candas365.es\/noticias\/author\/admin\/","name":"Cand\u00e1s 365","image":{"@type":"ImageObject","@id":"https:\/\/candas365.es\/noticias\/el-moho-un-buen-motivo-para-limpiar-a-diario-la-cafetera\/#authorImage","url":"https:\/\/secure.gravatar.com\/avatar\/496a8e03d0c493ede1718b7934145dbdf8d89be1036b0eec9544e1094c9de390?s=96&d=mm&r=g","width":96,"height":96,"caption":"Cand\u00e1s 365"},"sameAs":["https:\/\/www.facebook.com\/carrenoactualidad","https:\/\/twitter.com\/nbasturias","https:\/\/www.instagram.com\/nachofdezber\/","https:\/\/www.youtube.com\/channel\/UCZP-2wLEB9Rv6erhFmqVnvg"]},{"@type":"WebPage","@id":"https:\/\/candas365.es\/noticias\/el-moho-un-buen-motivo-para-limpiar-a-diario-la-cafetera\/#webpage","url":"https:\/\/candas365.es\/noticias\/el-moho-un-buen-motivo-para-limpiar-a-diario-la-cafetera\/","name":"El moho, un buen motivo para limpiar a diario la cafetera | Cand\u00e1s 365","description":"(dpa) - \u00bfTiene su caf\u00e9 esta ma\u00f1ana un sabor rancio? \u00bfSe presenta enmohecido? Esto no necesariamente tiene que ver con los granos de caf\u00e9. La causa puede ser","inLanguage":"es-ES","isPartOf":{"@id":"https:\/\/candas365.es\/noticias\/#website"},"breadcrumb":{"@id":"https:\/\/candas365.es\/noticias\/el-moho-un-buen-motivo-para-limpiar-a-diario-la-cafetera\/#breadcrumblist"},"author":{"@id":"https:\/\/candas365.es\/noticias\/author\/admin\/#author"},"creator":{"@id":"https:\/\/candas365.es\/noticias\/author\/admin\/#author"},"image":{"@type":"ImageObject","url":"https:\/\/candas365.es\/noticias\/wp-content\/uploads\/2022\/11\/cafe-1.jpg","@id":"https:\/\/candas365.es\/noticias\/el-moho-un-buen-motivo-para-limpiar-a-diario-la-cafetera\/#mainImage","width":995,"height":671,"caption":"Los pads y c\u00e1psulas deben retirarse de la cafetera tras cada uso para evitar la formaci\u00f3n de moho. Foto: Christin Klose\/dpa"},"primaryImageOfPage":{"@id":"https:\/\/candas365.es\/noticias\/el-moho-un-buen-motivo-para-limpiar-a-diario-la-cafetera\/#mainImage"},"datePublished":"2022-11-26T22:40:53+01:00","dateModified":"2022-11-26T22:40:53+01:00"},{"@type":"WebSite","@id":"https:\/\/candas365.es\/noticias\/#website","url":"https:\/\/candas365.es\/noticias\/","name":"Cand\u00e1s 365","alternateName":"Cand\u00e1s 365 Noticias","description":"Actualidad desde Carre\u00f1o para el mundo","inLanguage":"es-ES","publisher":{"@id":"https:\/\/candas365.es\/noticias\/#organization"}}]},"og:locale":"es_ES","og:site_name":"Cand\u00e1s 365","og:type":"article","og:title":"El moho, un buen motivo para limpiar a diario la cafetera | Cand\u00e1s 365","og:description":"(dpa) - \u00bfTiene su caf\u00e9 esta ma\u00f1ana un sabor rancio? \u00bfSe presenta enmohecido? Esto no necesariamente tiene que ver con los granos de caf\u00e9. La causa puede ser","og:url":"https:\/\/candas365.es\/noticias\/el-moho-un-buen-motivo-para-limpiar-a-diario-la-cafetera\/","og:image":"https:\/\/candas365.es\/noticias\/wp-content\/uploads\/2022\/11\/cafe-1.jpg","og:image:secure_url":"https:\/\/candas365.es\/noticias\/wp-content\/uploads\/2022\/11\/cafe-1.jpg","og:image:width":995,"og:image:height":671,"article:published_time":"2022-11-26T21:40:53+00:00","article:modified_time":"2022-11-26T21:40:53+00:00","article:publisher":"https:\/\/www.facebook.com\/Nachofdezber","article:author":"https:\/\/www.facebook.com\/carrenoactualidad","twitter:card":"summary_large_image","twitter:site":"@NabercoDigital","twitter:title":"El moho, un buen motivo para limpiar a diario la cafetera | Cand\u00e1s 365","twitter:description":"(dpa) - \u00bfTiene su caf\u00e9 esta ma\u00f1ana un sabor rancio? \u00bfSe presenta enmohecido? Esto no necesariamente tiene que ver con los granos de caf\u00e9. La causa puede ser","twitter:creator":"@nbasturias","twitter:image":"https:\/\/candas365.es\/noticias\/wp-content\/uploads\/2022\/11\/cafe-1.jpg","twitter:label1":"Escrito por","twitter:data1":"Cand\u00e1s 365","twitter:label2":"Tiempo de lectura estimado","twitter:data2":"5 minutos"},"aioseo_meta_data":{"post_id":"169475","title":null,"description":"(dpa) - \u00bfTiene su caf\u00e9 esta ma\u00f1ana un sabor rancio? \u00bfSe presenta enmohecido? Esto no necesariamente tiene que ver con los granos de caf\u00e9. La causa puede ser","keywords":[],"keyphrases":{"focus":{"keyphrase":"caf\u00e9","score":80,"analysis":{"keyphraseInTitle":{"title":"Focus keyphrase in SEO title","description":"Focus keyphrase not found in SEO title.","score":3,"maxScore":9,"error":1},"keyphraseInDescription":{"title":"Focus keyphrase in meta description","description":"Focus keyphrase found in meta description.","score":9,"maxScore":9,"error":0},"keyphraseLength":{"title":"Focus keyphrase length","description":"Good job!","score":9,"maxScore":9,"error":0,"length":1},"keyphraseInURL":{"title":"Focus keyphrase in URL","description":"Focus keyphrase used in the URL.","score":5,"maxScore":5,"error":0},"keyphraseInIntroduction":{"title":"Focus keyphrase in introduction","description":"Your Focus keyphrase appears in the first paragraph. Well done!","score":9,"maxScore":9,"error":0},"keyphraseInSubHeadings":{"title":"Focus keyphrase in Subheadings","description":"Use your focus keyphrase more in your H2 and H3 subheadings.","score":3,"maxScore":9,"error":1},"keyphraseInImageAlt":{"title":"Focus keyphrase in image alt attributes","description":"Focus keyphrase found in image alt attribute(s).","score":9,"maxScore":9,"error":0}}},"additional":[{"keyphrase":"granos de caf\u00e9","score":83,"analysis":{"keyphraseInDescription":{"title":"Keyphrase in meta description","description":"Keyphrase found in meta description.","score":9,"maxScore":9,"error":0},"keyphraseLength":{"title":"Keyphrase length","description":"Good job!","score":9,"maxScore":9,"error":0,"length":3},"keyphraseInIntroduction":{"title":"Keyphrase in introduction","description":"Your Keyphrase appears in the first paragraph. Well done!","score":9,"maxScore":9,"error":0},"keyphraseInImageAlt":{"title":"Keyphrase in image alt attributes","description":"Keyphrase not found in image alt attribute(s). Add an image with your Keyphrase as alt text.","score":3,"maxScore":9,"error":1}}},{"keyphrase":"caf\u00e9","score":100,"analysis":{"keyphraseInDescription":{"title":"Keyphrase in meta description","description":"Keyphrase found in meta description.","score":9,"maxScore":9,"error":0},"keyphraseLength":{"title":"Keyphrase length","description":"Good job!","score":9,"maxScore":9,"error":0,"length":1},"keyphraseInIntroduction":{"title":"Keyphrase in introduction","description":"Your Keyphrase appears in the first paragraph. Well done!","score":9,"maxScore":9,"error":0},"keyphraseInImageAlt":{"title":"Keyphrase in image alt attributes","description":"Keyphrase found in image alt attribute(s).","score":9,"maxScore":9,"error":0}}}]},"primary_term":null,"canonical_url":null,"og_title":null,"og_description":null,"og_object_type":"default","og_image_type":"default","og_image_url":null,"og_image_width":null,"og_image_height":null,"og_image_custom_url":null,"og_image_custom_fields":null,"og_video":"","og_custom_url":null,"og_article_section":null,"og_article_tags":[],"twitter_use_og":false,"twitter_card":"default","twitter_image_type":"default","twitter_image_url":null,"twitter_image_custom_url":null,"twitter_image_custom_fields":null,"twitter_title":null,"twitter_description":null,"schema":{"blockGraphs":[],"customGraphs":[],"default":{"data":{"Article":[],"Course":[],"Dataset":[],"FAQPage":[],"Movie":[],"Person":[],"Product":[],"ProductReview":[],"Car":[],"Recipe":[],"Service":[],"SoftwareApplication":[],"WebPage":[]},"graphName":"Article","isEnabled":true},"graphs":[]},"schema_type":"default","schema_type_options":null,"pillar_content":false,"robots_default":true,"robots_noindex":false,"robots_noarchive":false,"robots_nosnippet":false,"robots_nofollow":false,"robots_noimageindex":false,"robots_noodp":false,"robots_notranslate":false,"robots_max_snippet":"-1","robots_max_videopreview":"-1","robots_max_imagepreview":"large","priority":null,"frequency":"default","location":null,"local_seo":null,"seo_analyzer_scan_date":"2025-09-01 16:23:12","breadcrumb_settings":null,"limit_modified_date":true,"reviewed_by":null,"open_ai":null,"ai":null,"created":"2022-11-26 21:32:04","updated":"2025-09-01 16:23:12"},"aioseo_breadcrumb":"<div class=\"aioseo-breadcrumbs\"><span class=\"aioseo-breadcrumb\">\n\t<a href=\"https:\/\/candas365.es\/noticias\" title=\"Home\">Home<\/a>\n<\/span><span class=\"aioseo-breadcrumb-separator\">&ndash;<\/span><span class=\"aioseo-breadcrumb\">\n\t<a href=\"https:\/\/candas365.es\/noticias\/category\/sociedad\/\" title=\"Sociedad\">Sociedad<\/a>\n<\/span><span class=\"aioseo-breadcrumb-separator\">&ndash;<\/span><span class=\"aioseo-breadcrumb\">\n\tEl moho, un buen motivo para limpiar a diario la cafetera\n<\/span><\/div>","aioseo_breadcrumb_json":[{"label":"Home","link":"https:\/\/candas365.es\/noticias"},{"label":"Sociedad","link":"https:\/\/candas365.es\/noticias\/category\/sociedad\/"},{"label":"El moho, un buen motivo para limpiar a diario la cafetera","link":"https:\/\/candas365.es\/noticias\/el-moho-un-buen-motivo-para-limpiar-a-diario-la-cafetera\/"}],"_links":{"self":[{"href":"https:\/\/candas365.es\/noticias\/wp-json\/wp\/v2\/posts\/169475","targetHints":{"allow":["GET"]}}],"collection":[{"href":"https:\/\/candas365.es\/noticias\/wp-json\/wp\/v2\/posts"}],"about":[{"href":"https:\/\/candas365.es\/noticias\/wp-json\/wp\/v2\/types\/post"}],"author":[{"embeddable":true,"href":"https:\/\/candas365.es\/noticias\/wp-json\/wp\/v2\/users\/1"}],"replies":[{"embeddable":true,"href":"https:\/\/candas365.es\/noticias\/wp-json\/wp\/v2\/comments?post=169475"}],"version-history":[{"count":0,"href":"https:\/\/candas365.es\/noticias\/wp-json\/wp\/v2\/posts\/169475\/revisions"}],"wp:featuredmedia":[{"embeddable":true,"href":"https:\/\/candas365.es\/noticias\/wp-json\/wp\/v2\/media\/169476"}],"wp:attachment":[{"href":"https:\/\/candas365.es\/noticias\/wp-json\/wp\/v2\/media?parent=169475"}],"wp:term":[{"taxonomy":"category","embeddable":true,"href":"https:\/\/candas365.es\/noticias\/wp-json\/wp\/v2\/categories?post=169475"},{"taxonomy":"post_tag","embeddable":true,"href":"https:\/\/candas365.es\/noticias\/wp-json\/wp\/v2\/tags?post=169475"}],"curies":[{"name":"wp","href":"https:\/\/api.w.org\/{rel}","templated":true}]}}