{"id":169457,"date":"2022-11-26T16:12:46","date_gmt":"2022-11-26T15:12:46","guid":{"rendered":"https:\/\/candas365.es\/noticias\/?p=169457"},"modified":"2022-11-26T16:12:46","modified_gmt":"2022-11-26T15:12:46","slug":"flick-la-seleccion-alemana-sabe-lo-que-se-juega-contra-espana","status":"publish","type":"post","link":"https:\/\/candas365.es\/noticias\/flick-la-seleccion-alemana-sabe-lo-que-se-juega-contra-espana\/","title":{"rendered":"Flick: la selecci\u00f3n alemana \u00absabe lo que se juega\u00bb contra Espa\u00f1a"},"content":{"rendered":"<p>Al Rajjan (Catar), 26 nov (dpa) &#8211; El seleccionador alem\u00e1n, <a href=\"https:\/\/www.eldigitaldeasturias.com\/noticias\/mundial-de-catar-2022-flick-incluye-a-gotze-moukoko-y-fullkrug-en-la-convocatoria\/\" target=\"_blank\" rel=\"noopener\"><span style=\"color: #ff6600;\"><strong>Hansi Flick<\/strong><\/span><\/a>, asegur\u00f3 hoy que los jugadores est\u00e1n preparados para rendir ante Espa\u00f1a el domingo, en un partido decisivo para la supervivencia del conjunto germano en el <a href=\"https:\/\/candas365.es\/noticias\/helio-garcia-mundial-de-catar-cara-y-cruz\/\"><span style=\"color: #ff6600;\"><strong>Mundial de Catar<\/strong><\/span><\/a>.<\/p>\n<figure id=\"attachment_169463\" aria-describedby=\"caption-attachment-169463\" style=\"width: 650px\" class=\"wp-caption aligncenter\"><img fetchpriority=\"high\" decoding=\"async\" class=\"wp-image-169463 size-large\" src=\"https:\/\/candas365.es\/noticias\/wp-content\/uploads\/2022\/11\/Flick-1-650x425.jpg\" alt=\"Flick\" width=\"650\" height=\"425\" srcset=\"https:\/\/candas365.es\/noticias\/wp-content\/uploads\/2022\/11\/Flick-1-650x425.jpg 650w, https:\/\/candas365.es\/noticias\/wp-content\/uploads\/2022\/11\/Flick-1-360x235.jpg 360w, https:\/\/candas365.es\/noticias\/wp-content\/uploads\/2022\/11\/Flick-1-768x502.jpg 768w, https:\/\/candas365.es\/noticias\/wp-content\/uploads\/2022\/11\/Flick-1-150x98.jpg 150w, https:\/\/candas365.es\/noticias\/wp-content\/uploads\/2022\/11\/Flick-1-450x294.jpg 450w, https:\/\/candas365.es\/noticias\/wp-content\/uploads\/2022\/11\/Flick-1.jpg 999w\" sizes=\"(max-width: 650px) 100vw, 650px\" \/><figcaption id=\"caption-attachment-169463\" class=\"wp-caption-text\">El entrenador de Alemania, Hansi Flick, en la conferencia de prensa previa al partido del domingo contra Espa\u00f1a, por el Grupo E del Mundial de F\u00fatbol 2022. Foto: Christian Charisius\/dpa<\/figcaption><\/figure>\n<p>La tetracampeona del mundo cay\u00f3 por 2-1 en su estreno ante Jap\u00f3n y quedar\u00e1 fuera de la fase de grupos por segunda vez consecutiva si pierde contra Espa\u00f1a y Jap\u00f3n no cae ante Costa Rica unas horas antes.<\/p>\n<p>\u00abMa\u00f1ana veremos a un equipo que sabe lo que se juega y que lo dar\u00e1 todo para que tengamos la puerta abierta a los octavos de final en la \u00faltima jornada\u00bb, dijo Flick en una rueda de prensa a la que asisti\u00f3 solo, sin la presencia de alg\u00fan jugador alem\u00e1n.<\/p>\n<p>\u00abNecesitamos convicci\u00f3n, sobre todo contra Espa\u00f1a y estoy convencido de lo que estamos haciendo y de nuestra forma de jugar al f\u00fatbol. Estamos convencidos de que el equipo tiene la calidad necesaria para ponerlo en pr\u00e1ctica\u00bb, destac\u00f3.<\/p>\n<p>Alemania no ha ganado a Espa\u00f1a, campeona del mundo en 2010, en un gran torneo desde 1988, y perdi\u00f3 su \u00faltimo partido por 6-0 en la Liga de Naciones 2020.<\/p>\n<p>Flick destac\u00f3 la \u00abfant\u00e1stica calidad\u00bb de Espa\u00f1a. \u00abTengo en muy alta estima a Luis Enrique\u00bb, agreg\u00f3 el t\u00e9cnico germano, que asimismo elogi\u00f3 la \u00abenorme calidad\u00bb de las j\u00f3venes estrellas Gavi, de 18 a\u00f1os, y Pedri, de 20. Sin embargo, enfatiz\u00f3 que el \u00abcoraz\u00f3n\u00bb de la selecci\u00f3n espa\u00f1ola es el veterano Sergio Busquets, de 34 a\u00f1os.<\/p>\n<p>\u00abDesgraciadamente, mi jugador favorito no est\u00e1 aqu\u00ed: Thiago\u00bb, dijo Flick sobre su antiguo pupilo en el Bayern M\u00fanich.<\/p>\n<p>En cuanto a la alineaci\u00f3n del equipo germano, el seleccionador a\u00fan dej\u00f3 abierta la participaci\u00f3n de Leroy San\u00e9, quien se perdi\u00f3 el primer partido del Mundial por una lesi\u00f3n.<\/p>\n<p>\u00abYa es un placer que pueda entrenar con nosotros\u00bb, dijo Flick y elogi\u00f3 el trabajo del departamento m\u00e9dico y de los preparadores f\u00edsicos. Dijo que la \u00faltima sesi\u00f3n de entrenamiento del s\u00e1bado determinar\u00e1 si el extremo estar\u00e1 disponible.<\/p>\n<p>\u00abHay algunas posiciones que est\u00e1n abiertas, as\u00ed que lo consultar\u00e9 con la almohada, ver\u00e9 el \u00faltimo entrenamiento y ser\u00e9 algo m\u00e1s inteligente ma\u00f1ana\u00bb, coment\u00f3.<\/p>\n<p>Al presentarse \u00fanicamente el seleccionador germano a la obligada rueda de prensa, la Federaci\u00f3n Alemana de F\u00fatbol (DFB) infringi\u00f3 el reglamento de la FIFA.<\/p>\n<p>Una hora antes de la conferencia prevista para las 16:15 horas catar\u00ed (13:15 GMT)en el centro internacional de prensa de Doha, la DFB anunci\u00f3 que solo participar\u00e1 Flick. El motivo de la decisi\u00f3n es que el \u00faltimo entrenamiento de cara al importante duelo contra Espa\u00f1a fue programado para las 19:30 hora catar\u00ed en Al Shamal, no muy lejos del hotel del equipo, pero a una hora de viaje del centro de prensa.<\/p>\n<p>Es posible que la DFB deba enfrentar una multa, ya que seg\u00fan el reglamento de la FIFA los equipos est\u00e1n obligados a celebrar una rueda de prensa el d\u00eda anterior con el seleccionador y un jugador.<\/p>\n<p>Esta norma se establece en el art\u00edculo 44 del Reglamento del Torneo. Seg\u00fan confirm\u00f3 la FIFA a dpa, esto se comunic\u00f3 a los equipos a trav\u00e9s de una circular.<\/p>\n<p>\u00abNo quer\u00edamos que ning\u00fan jugador tuviera que desplazarse tanto tiempo hasta aqu\u00ed, son casi tres horas en total. Ma\u00f1ana es un partido muy importante para nosotros, as\u00ed que dije: &#8216;Lo har\u00e9 solo'\u00bb, se\u00f1al\u00f3.<\/p>\n<p>El domingo, la selecci\u00f3n solo se desplazar\u00e1 poco antes del encuentro al estadio Al Bait de Al Chaur, a unos 70 kil\u00f3metros de distancia del centro alem\u00e1n en Catar.<\/p>\n<p>A principios de semana, la prohibici\u00f3n de la FIFA de que Manuel Neuer pudiese llevar el brazalete con la leyenda \u00abOne Love\u00bb y un coraz\u00f3n multicolor provoc\u00f3 un gran conflicto entre la DFB y el organismo rector del f\u00fatbol mundial.<\/p>\n<p><i class=\"lang-es\"><span class=\" readonly\" title=\"\">Por Klaus Bergmann y Arne Richter (dpa)<\/span><\/i><\/p>\n","protected":false},"excerpt":{"rendered":"<p>Al Rajjan (Catar), 26 nov (dpa) &#8211; El seleccionador alem\u00e1n, Hansi Flick, asegur\u00f3 hoy que los jugadores est\u00e1n preparados para rendir ante Espa\u00f1a el domingo, en un partido decisivo para la supervivencia del conjunto germano en el Mundial de Catar. La tetracampeona del mundo cay\u00f3 por 2-1 en su estreno ante Jap\u00f3n y quedar\u00e1 fuera<\/p>\n","protected":false},"author":1,"featured_media":169463,"comment_status":"closed","ping_status":"closed","sticky":false,"template":"","format":"standard","meta":{"footnotes":""},"categories":[319,316],"tags":[417,513,387,389],"class_list":{"0":"post-169457","1":"post","2":"type-post","3":"status-publish","4":"format-standard","5":"has-post-thumbnail","7":"category-deporte","8":"category-destacadas","9":"tag-alemania","10":"tag-catar-2022","11":"tag-deporte","12":"tag-futbol"},"aioseo_notices":[],"aioseo_head":"\n\t\t<!-- All in One SEO Pro 4.9.6.2 - aioseo.com -->\n\t<meta name=\"description\" content=\"Al Rajjan (Catar), 26 nov (dpa) - El seleccionador alem\u00e1n, Hansi Flick, asegur\u00f3 hoy que los jugadores est\u00e1n preparados para rendir ante Espa\u00f1a el domingo\" \/>\n\t<meta name=\"robots\" content=\"max-image-preview:large\" \/>\n\t<meta name=\"author\" content=\"Cand\u00e1s 365\"\/>\n\t<meta name=\"google-site-verification\" content=\"UA-32230408-1\" \/>\n\t<meta name=\"msvalidate.01\" content=\"354F3CDFB2DA171B47FBE9ABF1F88D5\" \/>\n\t<meta name=\"keywords\" content=\"deporte,destacadas\" \/>\n\t<link rel=\"canonical\" href=\"https:\/\/candas365.es\/noticias\/flick-la-seleccion-alemana-sabe-lo-que-se-juega-contra-espana\/\" \/>\n\t<meta name=\"generator\" content=\"All in One SEO Pro (AIOSEO) 4.9.6.2\" \/>\n\t\t<meta property=\"og:locale\" content=\"es_ES\" \/>\n\t\t<meta property=\"og:site_name\" content=\"Cand\u00e1s 365\" \/>\n\t\t<meta property=\"og:type\" content=\"article\" \/>\n\t\t<meta property=\"og:title\" content=\"Flick: la selecci\u00f3n alemana \u00absabe lo que se juega\u00bb contra Espa\u00f1a | Cand\u00e1s 365\" \/>\n\t\t<meta property=\"og:description\" content=\"Al Rajjan (Catar), 26 nov (dpa) - El seleccionador alem\u00e1n, Hansi Flick, asegur\u00f3 hoy que los jugadores est\u00e1n preparados para rendir ante Espa\u00f1a el domingo\" \/>\n\t\t<meta property=\"og:url\" content=\"https:\/\/candas365.es\/noticias\/flick-la-seleccion-alemana-sabe-lo-que-se-juega-contra-espana\/\" \/>\n\t\t<meta property=\"og:image\" content=\"https:\/\/candas365.es\/noticias\/wp-content\/uploads\/2022\/11\/Flick-1.jpg\" \/>\n\t\t<meta property=\"og:image:secure_url\" content=\"https:\/\/candas365.es\/noticias\/wp-content\/uploads\/2022\/11\/Flick-1.jpg\" \/>\n\t\t<meta property=\"og:image:width\" content=\"999\" \/>\n\t\t<meta property=\"og:image:height\" content=\"653\" \/>\n\t\t<meta property=\"article:published_time\" content=\"2022-11-26T15:12:46+00:00\" \/>\n\t\t<meta property=\"article:modified_time\" content=\"2022-11-26T15:12:46+00:00\" \/>\n\t\t<meta property=\"article:publisher\" content=\"https:\/\/www.facebook.com\/Nachofdezber\" \/>\n\t\t<meta property=\"article:author\" content=\"https:\/\/www.facebook.com\/carrenoactualidad\" \/>\n\t\t<meta name=\"twitter:card\" content=\"summary_large_image\" \/>\n\t\t<meta name=\"twitter:site\" content=\"@NabercoDigital\" \/>\n\t\t<meta name=\"twitter:title\" content=\"Flick: la selecci\u00f3n alemana \u00absabe lo que se juega\u00bb contra Espa\u00f1a | Cand\u00e1s 365\" \/>\n\t\t<meta name=\"twitter:description\" content=\"Al Rajjan (Catar), 26 nov (dpa) - El seleccionador alem\u00e1n, Hansi Flick, asegur\u00f3 hoy que los jugadores est\u00e1n preparados para rendir ante Espa\u00f1a el domingo\" \/>\n\t\t<meta name=\"twitter:creator\" content=\"@nbasturias\" \/>\n\t\t<meta name=\"twitter:image\" content=\"https:\/\/candas365.es\/noticias\/wp-content\/uploads\/2022\/11\/Flick-1.jpg\" \/>\n\t\t<meta name=\"twitter:label1\" content=\"Escrito por\" \/>\n\t\t<meta name=\"twitter:data1\" content=\"Cand\u00e1s 365\" \/>\n\t\t<meta name=\"twitter:label2\" content=\"Tiempo de lectura estimado\" \/>\n\t\t<meta name=\"twitter:data2\" content=\"4 minutos\" \/>\n\t\t<script type=\"application\/ld+json\" class=\"aioseo-schema\">\n\t\t\t{\"@context\":\"https:\\\/\\\/schema.org\",\"@graph\":[{\"@type\":\"BreadcrumbList\",\"@id\":\"https:\\\/\\\/candas365.es\\\/noticias\\\/flick-la-seleccion-alemana-sabe-lo-que-se-juega-contra-espana\\\/#breadcrumblist\",\"itemListElement\":[{\"@type\":\"ListItem\",\"@id\":\"https:\\\/\\\/candas365.es\\\/noticias#listItem\",\"position\":1,\"name\":\"Home\",\"item\":\"https:\\\/\\\/candas365.es\\\/noticias\",\"nextItem\":{\"@type\":\"ListItem\",\"@id\":\"https:\\\/\\\/candas365.es\\\/noticias\\\/category\\\/destacadas\\\/#listItem\",\"name\":\"Destacadas\"}},{\"@type\":\"ListItem\",\"@id\":\"https:\\\/\\\/candas365.es\\\/noticias\\\/category\\\/destacadas\\\/#listItem\",\"position\":2,\"name\":\"Destacadas\",\"item\":\"https:\\\/\\\/candas365.es\\\/noticias\\\/category\\\/destacadas\\\/\",\"nextItem\":{\"@type\":\"ListItem\",\"@id\":\"https:\\\/\\\/candas365.es\\\/noticias\\\/flick-la-seleccion-alemana-sabe-lo-que-se-juega-contra-espana\\\/#listItem\",\"name\":\"Flick: la selecci\\u00f3n alemana \\u00absabe lo que se juega\\u00bb contra Espa\\u00f1a\"},\"previousItem\":{\"@type\":\"ListItem\",\"@id\":\"https:\\\/\\\/candas365.es\\\/noticias#listItem\",\"name\":\"Home\"}},{\"@type\":\"ListItem\",\"@id\":\"https:\\\/\\\/candas365.es\\\/noticias\\\/flick-la-seleccion-alemana-sabe-lo-que-se-juega-contra-espana\\\/#listItem\",\"position\":3,\"name\":\"Flick: la selecci\\u00f3n alemana \\u00absabe lo que se juega\\u00bb contra Espa\\u00f1a\",\"previousItem\":{\"@type\":\"ListItem\",\"@id\":\"https:\\\/\\\/candas365.es\\\/noticias\\\/category\\\/destacadas\\\/#listItem\",\"name\":\"Destacadas\"}}]},{\"@type\":\"NewsArticle\",\"@id\":\"https:\\\/\\\/candas365.es\\\/noticias\\\/flick-la-seleccion-alemana-sabe-lo-que-se-juega-contra-espana\\\/#newsarticle\",\"name\":\"Flick: la selecci\\u00f3n alemana \\u00absabe lo que se juega\\u00bb contra Espa\\u00f1a | Cand\\u00e1s 365\",\"headline\":\"Flick: la selecci\\u00f3n alemana \\u00absabe lo que se juega\\u00bb contra Espa\\u00f1a\",\"author\":{\"@id\":\"https:\\\/\\\/candas365.es\\\/noticias\\\/author\\\/admin\\\/#author\"},\"publisher\":{\"@id\":\"https:\\\/\\\/candas365.es\\\/noticias\\\/#organization\"},\"image\":{\"@type\":\"ImageObject\",\"url\":\"https:\\\/\\\/candas365.es\\\/noticias\\\/wp-content\\\/uploads\\\/2022\\\/11\\\/Flick-1.jpg\",\"width\":999,\"height\":653,\"caption\":\"El entrenador de Alemania, Hansi Flick, en la conferencia de prensa previa al partido del domingo contra Espa\\u00f1a, por el Grupo E del Mundial de F\\u00fatbol 2022. Foto: Christian Charisius\\\/dpa\"},\"datePublished\":\"2022-11-26T16:12:46+01:00\",\"dateModified\":\"2022-11-26T16:12:46+01:00\",\"inLanguage\":\"es-ES\",\"mainEntityOfPage\":{\"@id\":\"https:\\\/\\\/candas365.es\\\/noticias\\\/flick-la-seleccion-alemana-sabe-lo-que-se-juega-contra-espana\\\/#webpage\"},\"isPartOf\":{\"@id\":\"https:\\\/\\\/candas365.es\\\/noticias\\\/flick-la-seleccion-alemana-sabe-lo-que-se-juega-contra-espana\\\/#webpage\"},\"articleSection\":\"Deporte, Destacadas, Alemania, Catar 2022, deporte, f\\u00fatbol\",\"dateline\":\"Publicado el noviembre 26, 2022.\"},{\"@type\":\"Organization\",\"@id\":\"https:\\\/\\\/candas365.es\\\/noticias\\\/#organization\",\"name\":\"Cand\\u00e1s 365\",\"description\":\"Cand\\u00e1s 365 es un diario digital independiente, fundado en 2012, con base en Asturias. Informamos con rigor sobre actualidad, sociedad, cultura y ocio, con una mirada local y global.\",\"url\":\"https:\\\/\\\/candas365.es\\\/noticias\\\/\",\"email\":\"info@candas365.es\",\"telephone\":\"+34652131393\",\"foundingDate\":\"2012-06-10\",\"logo\":{\"@type\":\"ImageObject\",\"url\":\"https:\\\/\\\/candas365.es\\\/noticias\\\/wp-content\\\/uploads\\\/2024\\\/09\\\/Candas-365-Redes.jpg\",\"@id\":\"https:\\\/\\\/candas365.es\\\/noticias\\\/flick-la-seleccion-alemana-sabe-lo-que-se-juega-contra-espana\\\/#organizationLogo\",\"width\":1152,\"height\":864,\"caption\":\"Cand\\u00e1s 365 Redes\"},\"image\":{\"@id\":\"https:\\\/\\\/candas365.es\\\/noticias\\\/flick-la-seleccion-alemana-sabe-lo-que-se-juega-contra-espana\\\/#organizationLogo\"},\"sameAs\":[\"https:\\\/\\\/www.facebook.com\\\/Nachofdezber\",\"https:\\\/\\\/x.com\\\/NabercoDigital\",\"https:\\\/\\\/www.instagram.com\\\/nachofdezber\\\/\",\"https:\\\/\\\/www.youtube.com\\\/channel\\\/UCZP-2wLEB9Rv6erhFmqVnvg\"],\"address\":{\"@id\":\"https:\\\/\\\/candas365.es\\\/noticias\\\/#postaladdress\",\"@type\":\"PostalAddress\",\"streetAddress\":\"san antonio 4, san antonio 4\",\"postalCode\":\"33430\",\"addressLocality\":\"Cand\\u00e1s\",\"addressRegion\":\"Asturias\",\"addressCountry\":\"ES\"}},{\"@type\":\"Person\",\"@id\":\"https:\\\/\\\/candas365.es\\\/noticias\\\/author\\\/admin\\\/#author\",\"url\":\"https:\\\/\\\/candas365.es\\\/noticias\\\/author\\\/admin\\\/\",\"name\":\"Cand\\u00e1s 365\",\"image\":{\"@type\":\"ImageObject\",\"@id\":\"https:\\\/\\\/candas365.es\\\/noticias\\\/flick-la-seleccion-alemana-sabe-lo-que-se-juega-contra-espana\\\/#authorImage\",\"url\":\"https:\\\/\\\/secure.gravatar.com\\\/avatar\\\/496a8e03d0c493ede1718b7934145dbdf8d89be1036b0eec9544e1094c9de390?s=96&d=mm&r=g\",\"width\":96,\"height\":96,\"caption\":\"Cand\\u00e1s 365\"},\"sameAs\":[\"https:\\\/\\\/www.facebook.com\\\/carrenoactualidad\",\"https:\\\/\\\/twitter.com\\\/nbasturias\",\"https:\\\/\\\/www.instagram.com\\\/nachofdezber\\\/\",\"https:\\\/\\\/www.youtube.com\\\/channel\\\/UCZP-2wLEB9Rv6erhFmqVnvg\"]},{\"@type\":\"WebPage\",\"@id\":\"https:\\\/\\\/candas365.es\\\/noticias\\\/flick-la-seleccion-alemana-sabe-lo-que-se-juega-contra-espana\\\/#webpage\",\"url\":\"https:\\\/\\\/candas365.es\\\/noticias\\\/flick-la-seleccion-alemana-sabe-lo-que-se-juega-contra-espana\\\/\",\"name\":\"Flick: la selecci\\u00f3n alemana \\u00absabe lo que se juega\\u00bb contra Espa\\u00f1a | Cand\\u00e1s 365\",\"description\":\"Al Rajjan (Catar), 26 nov (dpa) - El seleccionador alem\\u00e1n, Hansi Flick, asegur\\u00f3 hoy que los jugadores est\\u00e1n preparados para rendir ante Espa\\u00f1a el domingo\",\"inLanguage\":\"es-ES\",\"isPartOf\":{\"@id\":\"https:\\\/\\\/candas365.es\\\/noticias\\\/#website\"},\"breadcrumb\":{\"@id\":\"https:\\\/\\\/candas365.es\\\/noticias\\\/flick-la-seleccion-alemana-sabe-lo-que-se-juega-contra-espana\\\/#breadcrumblist\"},\"author\":{\"@id\":\"https:\\\/\\\/candas365.es\\\/noticias\\\/author\\\/admin\\\/#author\"},\"creator\":{\"@id\":\"https:\\\/\\\/candas365.es\\\/noticias\\\/author\\\/admin\\\/#author\"},\"image\":{\"@type\":\"ImageObject\",\"url\":\"https:\\\/\\\/candas365.es\\\/noticias\\\/wp-content\\\/uploads\\\/2022\\\/11\\\/Flick-1.jpg\",\"@id\":\"https:\\\/\\\/candas365.es\\\/noticias\\\/flick-la-seleccion-alemana-sabe-lo-que-se-juega-contra-espana\\\/#mainImage\",\"width\":999,\"height\":653,\"caption\":\"El entrenador de Alemania, Hansi Flick, en la conferencia de prensa previa al partido del domingo contra Espa\\u00f1a, por el Grupo E del Mundial de F\\u00fatbol 2022. Foto: Christian Charisius\\\/dpa\"},\"primaryImageOfPage\":{\"@id\":\"https:\\\/\\\/candas365.es\\\/noticias\\\/flick-la-seleccion-alemana-sabe-lo-que-se-juega-contra-espana\\\/#mainImage\"},\"datePublished\":\"2022-11-26T16:12:46+01:00\",\"dateModified\":\"2022-11-26T16:12:46+01:00\"},{\"@type\":\"WebSite\",\"@id\":\"https:\\\/\\\/candas365.es\\\/noticias\\\/#website\",\"url\":\"https:\\\/\\\/candas365.es\\\/noticias\\\/\",\"name\":\"Cand\\u00e1s 365\",\"alternateName\":\"Cand\\u00e1s 365 Noticias\",\"description\":\"Actualidad desde Carre\\u00f1o para el mundo\",\"inLanguage\":\"es-ES\",\"publisher\":{\"@id\":\"https:\\\/\\\/candas365.es\\\/noticias\\\/#organization\"}}]}\n\t\t<\/script>\n\t\t<!-- All in One SEO Pro -->\r\n\t\t<title>Flick: la selecci\u00f3n alemana \u00absabe lo que se juega\u00bb contra Espa\u00f1a | Cand\u00e1s 365<\/title>\n\n","aioseo_head_json":{"title":"Flick: la selecci\u00f3n alemana \u00absabe lo que se juega\u00bb contra Espa\u00f1a | Cand\u00e1s 365","description":"Al Rajjan (Catar), 26 nov (dpa) - El seleccionador alem\u00e1n, Hansi Flick, asegur\u00f3 hoy que los jugadores est\u00e1n preparados para rendir ante Espa\u00f1a el domingo","canonical_url":"https:\/\/candas365.es\/noticias\/flick-la-seleccion-alemana-sabe-lo-que-se-juega-contra-espana\/","robots":"max-image-preview:large","keywords":"deporte,destacadas","webmasterTools":{"google-site-verification":"UA-32230408-1","msvalidate.01":"354F3CDFB2DA171B47FBE9ABF1F88D5","miscellaneous":""},"schema":{"@context":"https:\/\/schema.org","@graph":[{"@type":"BreadcrumbList","@id":"https:\/\/candas365.es\/noticias\/flick-la-seleccion-alemana-sabe-lo-que-se-juega-contra-espana\/#breadcrumblist","itemListElement":[{"@type":"ListItem","@id":"https:\/\/candas365.es\/noticias#listItem","position":1,"name":"Home","item":"https:\/\/candas365.es\/noticias","nextItem":{"@type":"ListItem","@id":"https:\/\/candas365.es\/noticias\/category\/destacadas\/#listItem","name":"Destacadas"}},{"@type":"ListItem","@id":"https:\/\/candas365.es\/noticias\/category\/destacadas\/#listItem","position":2,"name":"Destacadas","item":"https:\/\/candas365.es\/noticias\/category\/destacadas\/","nextItem":{"@type":"ListItem","@id":"https:\/\/candas365.es\/noticias\/flick-la-seleccion-alemana-sabe-lo-que-se-juega-contra-espana\/#listItem","name":"Flick: la selecci\u00f3n alemana \u00absabe lo que se juega\u00bb contra Espa\u00f1a"},"previousItem":{"@type":"ListItem","@id":"https:\/\/candas365.es\/noticias#listItem","name":"Home"}},{"@type":"ListItem","@id":"https:\/\/candas365.es\/noticias\/flick-la-seleccion-alemana-sabe-lo-que-se-juega-contra-espana\/#listItem","position":3,"name":"Flick: la selecci\u00f3n alemana \u00absabe lo que se juega\u00bb contra Espa\u00f1a","previousItem":{"@type":"ListItem","@id":"https:\/\/candas365.es\/noticias\/category\/destacadas\/#listItem","name":"Destacadas"}}]},{"@type":"NewsArticle","@id":"https:\/\/candas365.es\/noticias\/flick-la-seleccion-alemana-sabe-lo-que-se-juega-contra-espana\/#newsarticle","name":"Flick: la selecci\u00f3n alemana \u00absabe lo que se juega\u00bb contra Espa\u00f1a | Cand\u00e1s 365","headline":"Flick: la selecci\u00f3n alemana \u00absabe lo que se juega\u00bb contra Espa\u00f1a","author":{"@id":"https:\/\/candas365.es\/noticias\/author\/admin\/#author"},"publisher":{"@id":"https:\/\/candas365.es\/noticias\/#organization"},"image":{"@type":"ImageObject","url":"https:\/\/candas365.es\/noticias\/wp-content\/uploads\/2022\/11\/Flick-1.jpg","width":999,"height":653,"caption":"El entrenador de Alemania, Hansi Flick, en la conferencia de prensa previa al partido del domingo contra Espa\u00f1a, por el Grupo E del Mundial de F\u00fatbol 2022. Foto: Christian Charisius\/dpa"},"datePublished":"2022-11-26T16:12:46+01:00","dateModified":"2022-11-26T16:12:46+01:00","inLanguage":"es-ES","mainEntityOfPage":{"@id":"https:\/\/candas365.es\/noticias\/flick-la-seleccion-alemana-sabe-lo-que-se-juega-contra-espana\/#webpage"},"isPartOf":{"@id":"https:\/\/candas365.es\/noticias\/flick-la-seleccion-alemana-sabe-lo-que-se-juega-contra-espana\/#webpage"},"articleSection":"Deporte, Destacadas, Alemania, Catar 2022, deporte, f\u00fatbol","dateline":"Publicado el noviembre 26, 2022."},{"@type":"Organization","@id":"https:\/\/candas365.es\/noticias\/#organization","name":"Cand\u00e1s 365","description":"Cand\u00e1s 365 es un diario digital independiente, fundado en 2012, con base en Asturias. Informamos con rigor sobre actualidad, sociedad, cultura y ocio, con una mirada local y global.","url":"https:\/\/candas365.es\/noticias\/","email":"info@candas365.es","telephone":"+34652131393","foundingDate":"2012-06-10","logo":{"@type":"ImageObject","url":"https:\/\/candas365.es\/noticias\/wp-content\/uploads\/2024\/09\/Candas-365-Redes.jpg","@id":"https:\/\/candas365.es\/noticias\/flick-la-seleccion-alemana-sabe-lo-que-se-juega-contra-espana\/#organizationLogo","width":1152,"height":864,"caption":"Cand\u00e1s 365 Redes"},"image":{"@id":"https:\/\/candas365.es\/noticias\/flick-la-seleccion-alemana-sabe-lo-que-se-juega-contra-espana\/#organizationLogo"},"sameAs":["https:\/\/www.facebook.com\/Nachofdezber","https:\/\/x.com\/NabercoDigital","https:\/\/www.instagram.com\/nachofdezber\/","https:\/\/www.youtube.com\/channel\/UCZP-2wLEB9Rv6erhFmqVnvg"],"address":{"@id":"https:\/\/candas365.es\/noticias\/#postaladdress","@type":"PostalAddress","streetAddress":"san antonio 4, san antonio 4","postalCode":"33430","addressLocality":"Cand\u00e1s","addressRegion":"Asturias","addressCountry":"ES"}},{"@type":"Person","@id":"https:\/\/candas365.es\/noticias\/author\/admin\/#author","url":"https:\/\/candas365.es\/noticias\/author\/admin\/","name":"Cand\u00e1s 365","image":{"@type":"ImageObject","@id":"https:\/\/candas365.es\/noticias\/flick-la-seleccion-alemana-sabe-lo-que-se-juega-contra-espana\/#authorImage","url":"https:\/\/secure.gravatar.com\/avatar\/496a8e03d0c493ede1718b7934145dbdf8d89be1036b0eec9544e1094c9de390?s=96&d=mm&r=g","width":96,"height":96,"caption":"Cand\u00e1s 365"},"sameAs":["https:\/\/www.facebook.com\/carrenoactualidad","https:\/\/twitter.com\/nbasturias","https:\/\/www.instagram.com\/nachofdezber\/","https:\/\/www.youtube.com\/channel\/UCZP-2wLEB9Rv6erhFmqVnvg"]},{"@type":"WebPage","@id":"https:\/\/candas365.es\/noticias\/flick-la-seleccion-alemana-sabe-lo-que-se-juega-contra-espana\/#webpage","url":"https:\/\/candas365.es\/noticias\/flick-la-seleccion-alemana-sabe-lo-que-se-juega-contra-espana\/","name":"Flick: la selecci\u00f3n alemana \u00absabe lo que se juega\u00bb contra Espa\u00f1a | Cand\u00e1s 365","description":"Al Rajjan (Catar), 26 nov (dpa) - El seleccionador alem\u00e1n, Hansi Flick, asegur\u00f3 hoy que los jugadores est\u00e1n preparados para rendir ante Espa\u00f1a el domingo","inLanguage":"es-ES","isPartOf":{"@id":"https:\/\/candas365.es\/noticias\/#website"},"breadcrumb":{"@id":"https:\/\/candas365.es\/noticias\/flick-la-seleccion-alemana-sabe-lo-que-se-juega-contra-espana\/#breadcrumblist"},"author":{"@id":"https:\/\/candas365.es\/noticias\/author\/admin\/#author"},"creator":{"@id":"https:\/\/candas365.es\/noticias\/author\/admin\/#author"},"image":{"@type":"ImageObject","url":"https:\/\/candas365.es\/noticias\/wp-content\/uploads\/2022\/11\/Flick-1.jpg","@id":"https:\/\/candas365.es\/noticias\/flick-la-seleccion-alemana-sabe-lo-que-se-juega-contra-espana\/#mainImage","width":999,"height":653,"caption":"El entrenador de Alemania, Hansi Flick, en la conferencia de prensa previa al partido del domingo contra Espa\u00f1a, por el Grupo E del Mundial de F\u00fatbol 2022. Foto: Christian Charisius\/dpa"},"primaryImageOfPage":{"@id":"https:\/\/candas365.es\/noticias\/flick-la-seleccion-alemana-sabe-lo-que-se-juega-contra-espana\/#mainImage"},"datePublished":"2022-11-26T16:12:46+01:00","dateModified":"2022-11-26T16:12:46+01:00"},{"@type":"WebSite","@id":"https:\/\/candas365.es\/noticias\/#website","url":"https:\/\/candas365.es\/noticias\/","name":"Cand\u00e1s 365","alternateName":"Cand\u00e1s 365 Noticias","description":"Actualidad desde Carre\u00f1o para el mundo","inLanguage":"es-ES","publisher":{"@id":"https:\/\/candas365.es\/noticias\/#organization"}}]},"og:locale":"es_ES","og:site_name":"Cand\u00e1s 365","og:type":"article","og:title":"Flick: la selecci\u00f3n alemana \u00absabe lo que se juega\u00bb contra Espa\u00f1a | Cand\u00e1s 365","og:description":"Al Rajjan (Catar), 26 nov (dpa) - El seleccionador alem\u00e1n, Hansi Flick, asegur\u00f3 hoy que los jugadores est\u00e1n preparados para rendir ante Espa\u00f1a el domingo","og:url":"https:\/\/candas365.es\/noticias\/flick-la-seleccion-alemana-sabe-lo-que-se-juega-contra-espana\/","og:image":"https:\/\/candas365.es\/noticias\/wp-content\/uploads\/2022\/11\/Flick-1.jpg","og:image:secure_url":"https:\/\/candas365.es\/noticias\/wp-content\/uploads\/2022\/11\/Flick-1.jpg","og:image:width":999,"og:image:height":653,"article:published_time":"2022-11-26T15:12:46+00:00","article:modified_time":"2022-11-26T15:12:46+00:00","article:publisher":"https:\/\/www.facebook.com\/Nachofdezber","article:author":"https:\/\/www.facebook.com\/carrenoactualidad","twitter:card":"summary_large_image","twitter:site":"@NabercoDigital","twitter:title":"Flick: la selecci\u00f3n alemana \u00absabe lo que se juega\u00bb contra Espa\u00f1a | Cand\u00e1s 365","twitter:description":"Al Rajjan (Catar), 26 nov (dpa) - El seleccionador alem\u00e1n, Hansi Flick, asegur\u00f3 hoy que los jugadores est\u00e1n preparados para rendir ante Espa\u00f1a el domingo","twitter:creator":"@nbasturias","twitter:image":"https:\/\/candas365.es\/noticias\/wp-content\/uploads\/2022\/11\/Flick-1.jpg","twitter:label1":"Escrito por","twitter:data1":"Cand\u00e1s 365","twitter:label2":"Tiempo de lectura estimado","twitter:data2":"4 minutos"},"aioseo_meta_data":{"post_id":"169457","title":null,"description":"Al Rajjan (Catar), 26 nov (dpa) - El seleccionador alem\u00e1n, Hansi Flick, asegur\u00f3 hoy que los jugadores est\u00e1n preparados para rendir ante Espa\u00f1a el domingo","keywords":[],"keyphrases":{"focus":{"keyphrase":"Flick","score":100,"analysis":{"keyphraseInTitle":{"title":"Focus keyphrase in SEO title","description":"Focus keyphrase found in SEO title.","score":9,"maxScore":9,"error":0},"keyphraseInDescription":{"title":"Focus keyphrase in meta description","description":"Focus keyphrase found in meta description.","score":9,"maxScore":9,"error":0},"keyphraseLength":{"title":"Focus keyphrase length","description":"Good job!","score":9,"maxScore":9,"error":0,"length":1},"keyphraseInURL":{"title":"Focus keyphrase in URL","description":"Focus keyphrase used in the URL.","score":5,"maxScore":5,"error":0},"keyphraseInIntroduction":{"title":"Focus keyphrase in introduction","description":"Your Focus keyphrase appears in the first paragraph. Well done!","score":9,"maxScore":9,"error":0},"keyphraseInSubHeadings":[],"keyphraseInImageAlt":{"title":"Focus keyphrase in image alt attributes","description":"Focus keyphrase found in image alt attribute(s).","score":9,"maxScore":9,"error":0}}},"additional":[{"keyphrase":"Hansi Flick","score":83,"analysis":{"keyphraseInDescription":{"title":"Keyphrase in meta description","description":"Keyphrase found in meta description.","score":9,"maxScore":9,"error":0},"keyphraseLength":{"title":"Keyphrase length","description":"Good job!","score":9,"maxScore":9,"error":0,"length":2},"keyphraseInIntroduction":{"title":"Keyphrase in introduction","description":"Your Keyphrase appears in the first paragraph. Well done!","score":9,"maxScore":9,"error":0},"keyphraseInImageAlt":{"title":"Keyphrase in image alt attributes","description":"Keyphrase not found in image alt attribute(s). Add an image with your Keyphrase as alt text.","score":3,"maxScore":9,"error":1}}},{"keyphrase":" Espa\u00f1a","score":100,"analysis":{"keyphraseInDescription":{"title":"Keyphrase in meta description","description":"Keyphrase found in meta description.","score":9,"maxScore":9,"error":0},"keyphraseLength":{"title":"Keyphrase length","description":"Good job!","score":9,"maxScore":9,"error":0,"length":1},"keyphraseInIntroduction":{"title":"Keyphrase in introduction","description":"Your Keyphrase appears in the first paragraph. Well done!","score":9,"maxScore":9,"error":0},"keyphraseInImageAlt":{"title":"Keyphrase in image alt attributes","description":"Keyphrase found in image alt attribute(s).","score":9,"maxScore":9,"error":0}}}]},"primary_term":null,"canonical_url":null,"og_title":null,"og_description":null,"og_object_type":"default","og_image_type":"default","og_image_url":null,"og_image_width":null,"og_image_height":null,"og_image_custom_url":null,"og_image_custom_fields":null,"og_video":"","og_custom_url":null,"og_article_section":null,"og_article_tags":[],"twitter_use_og":false,"twitter_card":"default","twitter_image_type":"default","twitter_image_url":null,"twitter_image_custom_url":null,"twitter_image_custom_fields":null,"twitter_title":null,"twitter_description":null,"schema":{"blockGraphs":[],"customGraphs":[],"default":{"data":{"Article":[],"Course":[],"Dataset":[],"FAQPage":[],"Movie":[],"Person":[],"Product":[],"ProductReview":[],"Car":[],"Recipe":[],"Service":[],"SoftwareApplication":[],"WebPage":[]},"graphName":"Article","isEnabled":true},"graphs":[]},"schema_type":"default","schema_type_options":null,"pillar_content":false,"robots_default":true,"robots_noindex":false,"robots_noarchive":false,"robots_nosnippet":false,"robots_nofollow":false,"robots_noimageindex":false,"robots_noodp":false,"robots_notranslate":false,"robots_max_snippet":"-1","robots_max_videopreview":"-1","robots_max_imagepreview":"large","priority":null,"frequency":"default","location":null,"local_seo":null,"seo_analyzer_scan_date":"2025-09-01 16:21:50","breadcrumb_settings":null,"limit_modified_date":true,"reviewed_by":null,"open_ai":null,"ai":null,"created":"2022-11-26 15:07:53","updated":"2025-09-01 16:21:50"},"aioseo_breadcrumb":"<div class=\"aioseo-breadcrumbs\"><span class=\"aioseo-breadcrumb\">\n\t<a href=\"https:\/\/candas365.es\/noticias\" title=\"Home\">Home<\/a>\n<\/span><span class=\"aioseo-breadcrumb-separator\">&ndash;<\/span><span class=\"aioseo-breadcrumb\">\n\t<a href=\"https:\/\/candas365.es\/noticias\/category\/destacadas\/\" title=\"Destacadas\">Destacadas<\/a>\n<\/span><span class=\"aioseo-breadcrumb-separator\">&ndash;<\/span><span class=\"aioseo-breadcrumb\">\n\tFlick: la selecci\u00f3n alemana \u00absabe lo que se juega\u00bb contra Espa\u00f1a\n<\/span><\/div>","aioseo_breadcrumb_json":[{"label":"Home","link":"https:\/\/candas365.es\/noticias"},{"label":"Destacadas","link":"https:\/\/candas365.es\/noticias\/category\/destacadas\/"},{"label":"Flick: la selecci\u00f3n alemana \u00absabe lo que se juega\u00bb contra Espa\u00f1a","link":"https:\/\/candas365.es\/noticias\/flick-la-seleccion-alemana-sabe-lo-que-se-juega-contra-espana\/"}],"_links":{"self":[{"href":"https:\/\/candas365.es\/noticias\/wp-json\/wp\/v2\/posts\/169457","targetHints":{"allow":["GET"]}}],"collection":[{"href":"https:\/\/candas365.es\/noticias\/wp-json\/wp\/v2\/posts"}],"about":[{"href":"https:\/\/candas365.es\/noticias\/wp-json\/wp\/v2\/types\/post"}],"author":[{"embeddable":true,"href":"https:\/\/candas365.es\/noticias\/wp-json\/wp\/v2\/users\/1"}],"replies":[{"embeddable":true,"href":"https:\/\/candas365.es\/noticias\/wp-json\/wp\/v2\/comments?post=169457"}],"version-history":[{"count":0,"href":"https:\/\/candas365.es\/noticias\/wp-json\/wp\/v2\/posts\/169457\/revisions"}],"wp:featuredmedia":[{"embeddable":true,"href":"https:\/\/candas365.es\/noticias\/wp-json\/wp\/v2\/media\/169463"}],"wp:attachment":[{"href":"https:\/\/candas365.es\/noticias\/wp-json\/wp\/v2\/media?parent=169457"}],"wp:term":[{"taxonomy":"category","embeddable":true,"href":"https:\/\/candas365.es\/noticias\/wp-json\/wp\/v2\/categories?post=169457"},{"taxonomy":"post_tag","embeddable":true,"href":"https:\/\/candas365.es\/noticias\/wp-json\/wp\/v2\/tags?post=169457"}],"curies":[{"name":"wp","href":"https:\/\/api.w.org\/{rel}","templated":true}]}}