{"id":169423,"date":"2022-11-25T23:31:44","date_gmt":"2022-11-25T22:31:44","guid":{"rendered":"https:\/\/candas365.es\/noticias\/?p=169423"},"modified":"2022-11-25T23:31:44","modified_gmt":"2022-11-25T22:31:44","slug":"catar2022-enner-valencia-mantiene-viva-la-ilusion-de-ecuador","status":"publish","type":"post","link":"https:\/\/candas365.es\/noticias\/catar2022-enner-valencia-mantiene-viva-la-ilusion-de-ecuador\/","title":{"rendered":"Catar2022: Enner Valencia mantiene viva la ilusi\u00f3n de Ecuador"},"content":{"rendered":"<p><img fetchpriority=\"high\" decoding=\"async\" class=\"alignleft size-medium wp-image-169260\" src=\"https:\/\/candas365.es\/noticias\/wp-content\/uploads\/2022\/11\/Futbol-1-360x241.jpg\" alt=\"F\u00fatbol\" width=\"360\" height=\"241\" srcset=\"https:\/\/candas365.es\/noticias\/wp-content\/uploads\/2022\/11\/Futbol-1-360x241.jpg 360w, https:\/\/candas365.es\/noticias\/wp-content\/uploads\/2022\/11\/Futbol-1-150x100.jpg 150w, https:\/\/candas365.es\/noticias\/wp-content\/uploads\/2022\/11\/Futbol-1-450x301.jpg 450w, https:\/\/candas365.es\/noticias\/wp-content\/uploads\/2022\/11\/Futbol-1.jpg 640w\" sizes=\"(max-width: 360px) 100vw, 360px\" \/>(EP) &#8211; La selecci\u00f3n de Pa\u00edses Bajos no pudo pasar este viernes del empate (1-1) ante Ecuador, que igual\u00f3 el tanto de Gapko por medio del actual Bota de Oro del Mundial, Enner Valencia, y desaprovech\u00f3 la oportunidad de certificar matem\u00e1ticamente su plaza en los octavos de final, dejando a ambas selecciones con cuatro puntos y col\u00edderes del Grupo A.<\/p>\n<p>El gol inicial de los europeos no intimid\u00f3 a una selecci\u00f3n ecuatoriana que se lanz\u00f3 al ataque y lleg\u00f3 a poner contra las cuerdas a los naranjas en m\u00e1s una ocasi\u00f3n. Su capit\u00e1n encontr\u00f3 el premio a la insistencia nada m\u00e1s comenzar la segunda parte y, aunque merecieron la victoria, el Khalifa International presenci\u00f3 un empate que deja para la \u00faltima jornada el desenlace del grupo.<\/p>\n<p>Ahora, Pa\u00edses Bajos se lo jugar\u00e1 todo ante Catar, que con este empate queda fuera del Mundial, mientras que Ecuador tendr\u00e1 que hacer lo propio ante una Senegal que llega viva a la \u00faltima jornada tras sumar este mi\u00e9rcoles su primera victoria ante la anfitriona (1-3), en el otro partido del grupo.<\/p>\n<p>No tard\u00f3 en adelantarse la selecci\u00f3n &#8216;Oranje&#8217; fruto de la intensidad con la que saltaron al terreno de juego los pupilos de Louis Van Gaal. Otra vez Cody Gakpo adelant\u00f3 a los suyos con un zurdazo desde la frontal del \u00e1rea ante el que poco o nada pudo hacer el arquero ecuatoriano. Muy buen inicio de los europeos ante una Tri sorprendida en los primeros compases.<\/p>\n<p>Sin embargo, el golpe inicial pareci\u00f3 animar a los sudamericanos, que por medio de Pervis Estupi\u00f1\u00e1n y Gonzalo Plata hicieron sufrir a los Pa\u00edses Bajos con numerosas internadas por banda que no terminaron de concluir, pero que dejaron los primeros avisos. Enner Valencia pudo poner la igualada cumplida la media hora de juego pero una buena mano de Noppert despej\u00f3 el intento.<\/p>\n<p>As\u00ed, el equipo de Gustavo Alfaro dej\u00f3 las ocasiones y el juego, e incluso puso el empate antes de irse a vestuarios, pero un fuera de juego posicional de Porozo tras el desv\u00edo de Estupi\u00f1\u00e1n invalid\u00f3 el tanto. Hubo que esperar hasta la segunda mitad para que, esta vez s\u00ed, los sudamericanos subieran el primer gol al marcador.<\/p>\n<p>Enner Valencia, que no pudo finalizar el partido de nuevo tocado en su rodilla, aprovech\u00f3 un rechace en el \u00e1rea peque\u00f1a para batir al portero neerland\u00e9s y sumar su tercer tanto en dos partidos, convirti\u00e9ndose en el m\u00e1ximo goleador del Mundial hasta el momento. Merecido empate de los sudamericanos, que tras unos buenos minutos se encontraron con la recompensa a su esfuerzo.<\/p>\n<p>Pudieron culminar la remontada poco despu\u00e9s, pero el zurdazo de Gonzalo Plata se encontr\u00f3 con el larguero. Bloqueada por momentos, la selecci\u00f3n &#8216;Oranje&#8217; volc\u00f3 todo su juego en ataque y con toda la artiller\u00eda pesada sobre el terreno de juego, incluido el delantero del FC Barcelona Memphis Depay, apenas supo generar contra el muro ecuatoriano, sabedor de la importancia del empate.<\/p>\n<p>FICHA T\u00c9CNICA.<\/p>\n<p>RESULTADO: PA\u00cdSES BAJOS, 1 &#8211; ECUADOR, 1 (1-0 al descanso).<\/p>\n<p>ALINEACIONES.<\/p>\n<p>PA\u00cdSES BAJOS: Noopert; Timber, Van Dijk, Ak\u00e9; Dumfries, Klaassen (Berguis, min.68), De Jong, Koopmeiners (De Roon, min.70), Blind; Bergwijn (Depay, min. 46) y Gapko (Weghorst, min.70).<\/p>\n<p>ECUADOR: Gal\u00edndez; Preciado, Porozo, Torres, Hincapi\u00e9, Estupi\u00f1\u00e1n; Plata (Ibarra, min.90, M\u00e9ndez, Caicedo, Valencia (Rodr\u00edguez, min.90); Estrada (Sarmiento, min.73).<\/p>\n<p>GOLES:<\/p>\n<p>1-0, min.6: Gakpo.<\/p>\n<p>1-1, min.49: Enner Valencia.<\/p>\n<p>\u00c1RBITRO: Mustapha Ghorbal (ALG). Amonest\u00f3 a M\u00e9ndez (min.57) por parte de Ecuador.<\/p>\n<p>ESTADIO: Khalifa International<\/p>\n","protected":false},"excerpt":{"rendered":"<p>(EP) &#8211; La selecci\u00f3n de Pa\u00edses Bajos no pudo pasar este viernes del empate (1-1) ante Ecuador, que igual\u00f3 el tanto de Gapko por medio del actual Bota de Oro del Mundial, Enner Valencia, y desaprovech\u00f3 la oportunidad de certificar matem\u00e1ticamente su plaza en los octavos de final, dejando a ambas selecciones con cuatro puntos<\/p>\n","protected":false},"author":1,"featured_media":169260,"comment_status":"closed","ping_status":"closed","sticky":false,"template":"","format":"standard","meta":{"footnotes":""},"categories":[319],"tags":[513,389],"class_list":{"0":"post-169423","1":"post","2":"type-post","3":"status-publish","4":"format-standard","5":"has-post-thumbnail","7":"category-deporte","8":"tag-catar-2022","9":"tag-futbol"},"aioseo_notices":[],"aioseo_head":"\n\t\t<!-- All in One SEO Pro 4.9.6.2 - aioseo.com -->\n\t<meta name=\"description\" content=\"(EP) - La selecci\u00f3n de Pa\u00edses Bajos no pudo pasar este viernes del empate (1-1) ante Ecuador, que igual\u00f3 el tanto de Gapko por medio del actual Bota de Oro\" \/>\n\t<meta name=\"robots\" content=\"max-image-preview:large\" \/>\n\t<meta name=\"author\" content=\"Cand\u00e1s 365\"\/>\n\t<meta name=\"google-site-verification\" content=\"UA-32230408-1\" \/>\n\t<meta name=\"msvalidate.01\" content=\"354F3CDFB2DA171B47FBE9ABF1F88D5\" \/>\n\t<meta name=\"keywords\" content=\"deporte\" \/>\n\t<link rel=\"canonical\" href=\"https:\/\/candas365.es\/noticias\/catar2022-enner-valencia-mantiene-viva-la-ilusion-de-ecuador\/\" \/>\n\t<meta name=\"generator\" content=\"All in One SEO Pro (AIOSEO) 4.9.6.2\" \/>\n\t\t<meta property=\"og:locale\" content=\"es_ES\" \/>\n\t\t<meta property=\"og:site_name\" content=\"Cand\u00e1s 365\" \/>\n\t\t<meta property=\"og:type\" content=\"article\" \/>\n\t\t<meta property=\"og:title\" content=\"Catar2022: Enner Valencia mantiene viva la ilusi\u00f3n de Ecuador | Cand\u00e1s 365\" \/>\n\t\t<meta property=\"og:description\" content=\"(EP) - La selecci\u00f3n de Pa\u00edses Bajos no pudo pasar este viernes del empate (1-1) ante Ecuador, que igual\u00f3 el tanto de Gapko por medio del actual Bota de Oro\" \/>\n\t\t<meta property=\"og:url\" content=\"https:\/\/candas365.es\/noticias\/catar2022-enner-valencia-mantiene-viva-la-ilusion-de-ecuador\/\" \/>\n\t\t<meta property=\"og:image\" content=\"https:\/\/candas365.es\/noticias\/wp-content\/uploads\/2022\/11\/Futbol-1.jpg\" \/>\n\t\t<meta property=\"og:image:secure_url\" content=\"https:\/\/candas365.es\/noticias\/wp-content\/uploads\/2022\/11\/Futbol-1.jpg\" \/>\n\t\t<meta property=\"og:image:width\" content=\"640\" \/>\n\t\t<meta property=\"og:image:height\" content=\"428\" \/>\n\t\t<meta property=\"article:published_time\" content=\"2022-11-25T22:31:44+00:00\" \/>\n\t\t<meta property=\"article:modified_time\" content=\"2022-11-25T22:31:44+00:00\" \/>\n\t\t<meta property=\"article:publisher\" content=\"https:\/\/www.facebook.com\/Nachofdezber\" \/>\n\t\t<meta property=\"article:author\" content=\"https:\/\/www.facebook.com\/carrenoactualidad\" \/>\n\t\t<meta name=\"twitter:card\" content=\"summary_large_image\" \/>\n\t\t<meta name=\"twitter:site\" content=\"@NabercoDigital\" \/>\n\t\t<meta name=\"twitter:title\" content=\"Catar2022: Enner Valencia mantiene viva la ilusi\u00f3n de Ecuador | Cand\u00e1s 365\" \/>\n\t\t<meta name=\"twitter:description\" content=\"(EP) - La selecci\u00f3n de Pa\u00edses Bajos no pudo pasar este viernes del empate (1-1) ante Ecuador, que igual\u00f3 el tanto de Gapko por medio del actual Bota de Oro\" \/>\n\t\t<meta name=\"twitter:creator\" content=\"@nbasturias\" \/>\n\t\t<meta name=\"twitter:image\" content=\"https:\/\/candas365.es\/noticias\/wp-content\/uploads\/2022\/11\/Futbol-1.jpg\" \/>\n\t\t<meta name=\"twitter:label1\" content=\"Escrito por\" \/>\n\t\t<meta name=\"twitter:data1\" content=\"Cand\u00e1s 365\" \/>\n\t\t<meta name=\"twitter:label2\" content=\"Tiempo de lectura estimado\" \/>\n\t\t<meta name=\"twitter:data2\" content=\"3 minutos\" \/>\n\t\t<script type=\"application\/ld+json\" class=\"aioseo-schema\">\n\t\t\t{\"@context\":\"https:\\\/\\\/schema.org\",\"@graph\":[{\"@type\":\"BreadcrumbList\",\"@id\":\"https:\\\/\\\/candas365.es\\\/noticias\\\/catar2022-enner-valencia-mantiene-viva-la-ilusion-de-ecuador\\\/#breadcrumblist\",\"itemListElement\":[{\"@type\":\"ListItem\",\"@id\":\"https:\\\/\\\/candas365.es\\\/noticias#listItem\",\"position\":1,\"name\":\"Home\",\"item\":\"https:\\\/\\\/candas365.es\\\/noticias\",\"nextItem\":{\"@type\":\"ListItem\",\"@id\":\"https:\\\/\\\/candas365.es\\\/noticias\\\/category\\\/deporte\\\/#listItem\",\"name\":\"Deporte\"}},{\"@type\":\"ListItem\",\"@id\":\"https:\\\/\\\/candas365.es\\\/noticias\\\/category\\\/deporte\\\/#listItem\",\"position\":2,\"name\":\"Deporte\",\"item\":\"https:\\\/\\\/candas365.es\\\/noticias\\\/category\\\/deporte\\\/\",\"nextItem\":{\"@type\":\"ListItem\",\"@id\":\"https:\\\/\\\/candas365.es\\\/noticias\\\/catar2022-enner-valencia-mantiene-viva-la-ilusion-de-ecuador\\\/#listItem\",\"name\":\"Catar2022: Enner Valencia mantiene viva la ilusi\\u00f3n de Ecuador\"},\"previousItem\":{\"@type\":\"ListItem\",\"@id\":\"https:\\\/\\\/candas365.es\\\/noticias#listItem\",\"name\":\"Home\"}},{\"@type\":\"ListItem\",\"@id\":\"https:\\\/\\\/candas365.es\\\/noticias\\\/catar2022-enner-valencia-mantiene-viva-la-ilusion-de-ecuador\\\/#listItem\",\"position\":3,\"name\":\"Catar2022: Enner Valencia mantiene viva la ilusi\\u00f3n de Ecuador\",\"previousItem\":{\"@type\":\"ListItem\",\"@id\":\"https:\\\/\\\/candas365.es\\\/noticias\\\/category\\\/deporte\\\/#listItem\",\"name\":\"Deporte\"}}]},{\"@type\":\"NewsArticle\",\"@id\":\"https:\\\/\\\/candas365.es\\\/noticias\\\/catar2022-enner-valencia-mantiene-viva-la-ilusion-de-ecuador\\\/#newsarticle\",\"name\":\"Catar2022: Enner Valencia mantiene viva la ilusi\\u00f3n de Ecuador | Cand\\u00e1s 365\",\"headline\":\"Catar2022: Enner Valencia mantiene viva la ilusi\\u00f3n de Ecuador\",\"author\":{\"@id\":\"https:\\\/\\\/candas365.es\\\/noticias\\\/author\\\/admin\\\/#author\"},\"publisher\":{\"@id\":\"https:\\\/\\\/candas365.es\\\/noticias\\\/#organization\"},\"image\":{\"@type\":\"ImageObject\",\"url\":\"https:\\\/\\\/candas365.es\\\/noticias\\\/wp-content\\\/uploads\\\/2022\\\/11\\\/Futbol-1.jpg\",\"width\":640,\"height\":428,\"caption\":\"F\\u00fatbol\"},\"datePublished\":\"2022-11-25T23:31:44+01:00\",\"dateModified\":\"2022-11-25T23:31:44+01:00\",\"inLanguage\":\"es-ES\",\"mainEntityOfPage\":{\"@id\":\"https:\\\/\\\/candas365.es\\\/noticias\\\/catar2022-enner-valencia-mantiene-viva-la-ilusion-de-ecuador\\\/#webpage\"},\"isPartOf\":{\"@id\":\"https:\\\/\\\/candas365.es\\\/noticias\\\/catar2022-enner-valencia-mantiene-viva-la-ilusion-de-ecuador\\\/#webpage\"},\"articleSection\":\"Deporte, Catar 2022, f\\u00fatbol\",\"dateline\":\"Publicado el noviembre 25, 2022.\"},{\"@type\":\"Organization\",\"@id\":\"https:\\\/\\\/candas365.es\\\/noticias\\\/#organization\",\"name\":\"Cand\\u00e1s 365\",\"description\":\"Cand\\u00e1s 365 es un diario digital independiente, fundado en 2012, con base en Asturias. Informamos con rigor sobre actualidad, sociedad, cultura y ocio, con una mirada local y global.\",\"url\":\"https:\\\/\\\/candas365.es\\\/noticias\\\/\",\"email\":\"info@candas365.es\",\"telephone\":\"+34652131393\",\"foundingDate\":\"2012-06-10\",\"logo\":{\"@type\":\"ImageObject\",\"url\":\"https:\\\/\\\/candas365.es\\\/noticias\\\/wp-content\\\/uploads\\\/2024\\\/09\\\/Candas-365-Redes.jpg\",\"@id\":\"https:\\\/\\\/candas365.es\\\/noticias\\\/catar2022-enner-valencia-mantiene-viva-la-ilusion-de-ecuador\\\/#organizationLogo\",\"width\":1152,\"height\":864,\"caption\":\"Cand\\u00e1s 365 Redes\"},\"image\":{\"@id\":\"https:\\\/\\\/candas365.es\\\/noticias\\\/catar2022-enner-valencia-mantiene-viva-la-ilusion-de-ecuador\\\/#organizationLogo\"},\"sameAs\":[\"https:\\\/\\\/www.facebook.com\\\/Nachofdezber\",\"https:\\\/\\\/x.com\\\/NabercoDigital\",\"https:\\\/\\\/www.instagram.com\\\/nachofdezber\\\/\",\"https:\\\/\\\/www.youtube.com\\\/channel\\\/UCZP-2wLEB9Rv6erhFmqVnvg\"],\"address\":{\"@id\":\"https:\\\/\\\/candas365.es\\\/noticias\\\/#postaladdress\",\"@type\":\"PostalAddress\",\"streetAddress\":\"san antonio 4, san antonio 4\",\"postalCode\":\"33430\",\"addressLocality\":\"Cand\\u00e1s\",\"addressRegion\":\"Asturias\",\"addressCountry\":\"ES\"}},{\"@type\":\"Person\",\"@id\":\"https:\\\/\\\/candas365.es\\\/noticias\\\/author\\\/admin\\\/#author\",\"url\":\"https:\\\/\\\/candas365.es\\\/noticias\\\/author\\\/admin\\\/\",\"name\":\"Cand\\u00e1s 365\",\"image\":{\"@type\":\"ImageObject\",\"@id\":\"https:\\\/\\\/candas365.es\\\/noticias\\\/catar2022-enner-valencia-mantiene-viva-la-ilusion-de-ecuador\\\/#authorImage\",\"url\":\"https:\\\/\\\/secure.gravatar.com\\\/avatar\\\/496a8e03d0c493ede1718b7934145dbdf8d89be1036b0eec9544e1094c9de390?s=96&d=mm&r=g\",\"width\":96,\"height\":96,\"caption\":\"Cand\\u00e1s 365\"},\"sameAs\":[\"https:\\\/\\\/www.facebook.com\\\/carrenoactualidad\",\"https:\\\/\\\/twitter.com\\\/nbasturias\",\"https:\\\/\\\/www.instagram.com\\\/nachofdezber\\\/\",\"https:\\\/\\\/www.youtube.com\\\/channel\\\/UCZP-2wLEB9Rv6erhFmqVnvg\"]},{\"@type\":\"WebPage\",\"@id\":\"https:\\\/\\\/candas365.es\\\/noticias\\\/catar2022-enner-valencia-mantiene-viva-la-ilusion-de-ecuador\\\/#webpage\",\"url\":\"https:\\\/\\\/candas365.es\\\/noticias\\\/catar2022-enner-valencia-mantiene-viva-la-ilusion-de-ecuador\\\/\",\"name\":\"Catar2022: Enner Valencia mantiene viva la ilusi\\u00f3n de Ecuador | Cand\\u00e1s 365\",\"description\":\"(EP) - La selecci\\u00f3n de Pa\\u00edses Bajos no pudo pasar este viernes del empate (1-1) ante Ecuador, que igual\\u00f3 el tanto de Gapko por medio del actual Bota de Oro\",\"inLanguage\":\"es-ES\",\"isPartOf\":{\"@id\":\"https:\\\/\\\/candas365.es\\\/noticias\\\/#website\"},\"breadcrumb\":{\"@id\":\"https:\\\/\\\/candas365.es\\\/noticias\\\/catar2022-enner-valencia-mantiene-viva-la-ilusion-de-ecuador\\\/#breadcrumblist\"},\"author\":{\"@id\":\"https:\\\/\\\/candas365.es\\\/noticias\\\/author\\\/admin\\\/#author\"},\"creator\":{\"@id\":\"https:\\\/\\\/candas365.es\\\/noticias\\\/author\\\/admin\\\/#author\"},\"image\":{\"@type\":\"ImageObject\",\"url\":\"https:\\\/\\\/candas365.es\\\/noticias\\\/wp-content\\\/uploads\\\/2022\\\/11\\\/Futbol-1.jpg\",\"@id\":\"https:\\\/\\\/candas365.es\\\/noticias\\\/catar2022-enner-valencia-mantiene-viva-la-ilusion-de-ecuador\\\/#mainImage\",\"width\":640,\"height\":428,\"caption\":\"F\\u00fatbol\"},\"primaryImageOfPage\":{\"@id\":\"https:\\\/\\\/candas365.es\\\/noticias\\\/catar2022-enner-valencia-mantiene-viva-la-ilusion-de-ecuador\\\/#mainImage\"},\"datePublished\":\"2022-11-25T23:31:44+01:00\",\"dateModified\":\"2022-11-25T23:31:44+01:00\"},{\"@type\":\"WebSite\",\"@id\":\"https:\\\/\\\/candas365.es\\\/noticias\\\/#website\",\"url\":\"https:\\\/\\\/candas365.es\\\/noticias\\\/\",\"name\":\"Cand\\u00e1s 365\",\"alternateName\":\"Cand\\u00e1s 365 Noticias\",\"description\":\"Actualidad desde Carre\\u00f1o para el mundo\",\"inLanguage\":\"es-ES\",\"publisher\":{\"@id\":\"https:\\\/\\\/candas365.es\\\/noticias\\\/#organization\"}}]}\n\t\t<\/script>\n\t\t<!-- All in One SEO Pro -->\r\n\t\t<title>Catar2022: Enner Valencia mantiene viva la ilusi\u00f3n de Ecuador | Cand\u00e1s 365<\/title>\n\n","aioseo_head_json":{"title":"Catar2022: Enner Valencia mantiene viva la ilusi\u00f3n de Ecuador | Cand\u00e1s 365","description":"(EP) - La selecci\u00f3n de Pa\u00edses Bajos no pudo pasar este viernes del empate (1-1) ante Ecuador, que igual\u00f3 el tanto de Gapko por medio del actual Bota de Oro","canonical_url":"https:\/\/candas365.es\/noticias\/catar2022-enner-valencia-mantiene-viva-la-ilusion-de-ecuador\/","robots":"max-image-preview:large","keywords":"deporte","webmasterTools":{"google-site-verification":"UA-32230408-1","msvalidate.01":"354F3CDFB2DA171B47FBE9ABF1F88D5","miscellaneous":""},"schema":{"@context":"https:\/\/schema.org","@graph":[{"@type":"BreadcrumbList","@id":"https:\/\/candas365.es\/noticias\/catar2022-enner-valencia-mantiene-viva-la-ilusion-de-ecuador\/#breadcrumblist","itemListElement":[{"@type":"ListItem","@id":"https:\/\/candas365.es\/noticias#listItem","position":1,"name":"Home","item":"https:\/\/candas365.es\/noticias","nextItem":{"@type":"ListItem","@id":"https:\/\/candas365.es\/noticias\/category\/deporte\/#listItem","name":"Deporte"}},{"@type":"ListItem","@id":"https:\/\/candas365.es\/noticias\/category\/deporte\/#listItem","position":2,"name":"Deporte","item":"https:\/\/candas365.es\/noticias\/category\/deporte\/","nextItem":{"@type":"ListItem","@id":"https:\/\/candas365.es\/noticias\/catar2022-enner-valencia-mantiene-viva-la-ilusion-de-ecuador\/#listItem","name":"Catar2022: Enner Valencia mantiene viva la ilusi\u00f3n de Ecuador"},"previousItem":{"@type":"ListItem","@id":"https:\/\/candas365.es\/noticias#listItem","name":"Home"}},{"@type":"ListItem","@id":"https:\/\/candas365.es\/noticias\/catar2022-enner-valencia-mantiene-viva-la-ilusion-de-ecuador\/#listItem","position":3,"name":"Catar2022: Enner Valencia mantiene viva la ilusi\u00f3n de Ecuador","previousItem":{"@type":"ListItem","@id":"https:\/\/candas365.es\/noticias\/category\/deporte\/#listItem","name":"Deporte"}}]},{"@type":"NewsArticle","@id":"https:\/\/candas365.es\/noticias\/catar2022-enner-valencia-mantiene-viva-la-ilusion-de-ecuador\/#newsarticle","name":"Catar2022: Enner Valencia mantiene viva la ilusi\u00f3n de Ecuador | Cand\u00e1s 365","headline":"Catar2022: Enner Valencia mantiene viva la ilusi\u00f3n de Ecuador","author":{"@id":"https:\/\/candas365.es\/noticias\/author\/admin\/#author"},"publisher":{"@id":"https:\/\/candas365.es\/noticias\/#organization"},"image":{"@type":"ImageObject","url":"https:\/\/candas365.es\/noticias\/wp-content\/uploads\/2022\/11\/Futbol-1.jpg","width":640,"height":428,"caption":"F\u00fatbol"},"datePublished":"2022-11-25T23:31:44+01:00","dateModified":"2022-11-25T23:31:44+01:00","inLanguage":"es-ES","mainEntityOfPage":{"@id":"https:\/\/candas365.es\/noticias\/catar2022-enner-valencia-mantiene-viva-la-ilusion-de-ecuador\/#webpage"},"isPartOf":{"@id":"https:\/\/candas365.es\/noticias\/catar2022-enner-valencia-mantiene-viva-la-ilusion-de-ecuador\/#webpage"},"articleSection":"Deporte, Catar 2022, f\u00fatbol","dateline":"Publicado el noviembre 25, 2022."},{"@type":"Organization","@id":"https:\/\/candas365.es\/noticias\/#organization","name":"Cand\u00e1s 365","description":"Cand\u00e1s 365 es un diario digital independiente, fundado en 2012, con base en Asturias. Informamos con rigor sobre actualidad, sociedad, cultura y ocio, con una mirada local y global.","url":"https:\/\/candas365.es\/noticias\/","email":"info@candas365.es","telephone":"+34652131393","foundingDate":"2012-06-10","logo":{"@type":"ImageObject","url":"https:\/\/candas365.es\/noticias\/wp-content\/uploads\/2024\/09\/Candas-365-Redes.jpg","@id":"https:\/\/candas365.es\/noticias\/catar2022-enner-valencia-mantiene-viva-la-ilusion-de-ecuador\/#organizationLogo","width":1152,"height":864,"caption":"Cand\u00e1s 365 Redes"},"image":{"@id":"https:\/\/candas365.es\/noticias\/catar2022-enner-valencia-mantiene-viva-la-ilusion-de-ecuador\/#organizationLogo"},"sameAs":["https:\/\/www.facebook.com\/Nachofdezber","https:\/\/x.com\/NabercoDigital","https:\/\/www.instagram.com\/nachofdezber\/","https:\/\/www.youtube.com\/channel\/UCZP-2wLEB9Rv6erhFmqVnvg"],"address":{"@id":"https:\/\/candas365.es\/noticias\/#postaladdress","@type":"PostalAddress","streetAddress":"san antonio 4, san antonio 4","postalCode":"33430","addressLocality":"Cand\u00e1s","addressRegion":"Asturias","addressCountry":"ES"}},{"@type":"Person","@id":"https:\/\/candas365.es\/noticias\/author\/admin\/#author","url":"https:\/\/candas365.es\/noticias\/author\/admin\/","name":"Cand\u00e1s 365","image":{"@type":"ImageObject","@id":"https:\/\/candas365.es\/noticias\/catar2022-enner-valencia-mantiene-viva-la-ilusion-de-ecuador\/#authorImage","url":"https:\/\/secure.gravatar.com\/avatar\/496a8e03d0c493ede1718b7934145dbdf8d89be1036b0eec9544e1094c9de390?s=96&d=mm&r=g","width":96,"height":96,"caption":"Cand\u00e1s 365"},"sameAs":["https:\/\/www.facebook.com\/carrenoactualidad","https:\/\/twitter.com\/nbasturias","https:\/\/www.instagram.com\/nachofdezber\/","https:\/\/www.youtube.com\/channel\/UCZP-2wLEB9Rv6erhFmqVnvg"]},{"@type":"WebPage","@id":"https:\/\/candas365.es\/noticias\/catar2022-enner-valencia-mantiene-viva-la-ilusion-de-ecuador\/#webpage","url":"https:\/\/candas365.es\/noticias\/catar2022-enner-valencia-mantiene-viva-la-ilusion-de-ecuador\/","name":"Catar2022: Enner Valencia mantiene viva la ilusi\u00f3n de Ecuador | Cand\u00e1s 365","description":"(EP) - La selecci\u00f3n de Pa\u00edses Bajos no pudo pasar este viernes del empate (1-1) ante Ecuador, que igual\u00f3 el tanto de Gapko por medio del actual Bota de Oro","inLanguage":"es-ES","isPartOf":{"@id":"https:\/\/candas365.es\/noticias\/#website"},"breadcrumb":{"@id":"https:\/\/candas365.es\/noticias\/catar2022-enner-valencia-mantiene-viva-la-ilusion-de-ecuador\/#breadcrumblist"},"author":{"@id":"https:\/\/candas365.es\/noticias\/author\/admin\/#author"},"creator":{"@id":"https:\/\/candas365.es\/noticias\/author\/admin\/#author"},"image":{"@type":"ImageObject","url":"https:\/\/candas365.es\/noticias\/wp-content\/uploads\/2022\/11\/Futbol-1.jpg","@id":"https:\/\/candas365.es\/noticias\/catar2022-enner-valencia-mantiene-viva-la-ilusion-de-ecuador\/#mainImage","width":640,"height":428,"caption":"F\u00fatbol"},"primaryImageOfPage":{"@id":"https:\/\/candas365.es\/noticias\/catar2022-enner-valencia-mantiene-viva-la-ilusion-de-ecuador\/#mainImage"},"datePublished":"2022-11-25T23:31:44+01:00","dateModified":"2022-11-25T23:31:44+01:00"},{"@type":"WebSite","@id":"https:\/\/candas365.es\/noticias\/#website","url":"https:\/\/candas365.es\/noticias\/","name":"Cand\u00e1s 365","alternateName":"Cand\u00e1s 365 Noticias","description":"Actualidad desde Carre\u00f1o para el mundo","inLanguage":"es-ES","publisher":{"@id":"https:\/\/candas365.es\/noticias\/#organization"}}]},"og:locale":"es_ES","og:site_name":"Cand\u00e1s 365","og:type":"article","og:title":"Catar2022: Enner Valencia mantiene viva la ilusi\u00f3n de Ecuador | Cand\u00e1s 365","og:description":"(EP) - La selecci\u00f3n de Pa\u00edses Bajos no pudo pasar este viernes del empate (1-1) ante Ecuador, que igual\u00f3 el tanto de Gapko por medio del actual Bota de Oro","og:url":"https:\/\/candas365.es\/noticias\/catar2022-enner-valencia-mantiene-viva-la-ilusion-de-ecuador\/","og:image":"https:\/\/candas365.es\/noticias\/wp-content\/uploads\/2022\/11\/Futbol-1.jpg","og:image:secure_url":"https:\/\/candas365.es\/noticias\/wp-content\/uploads\/2022\/11\/Futbol-1.jpg","og:image:width":640,"og:image:height":428,"article:published_time":"2022-11-25T22:31:44+00:00","article:modified_time":"2022-11-25T22:31:44+00:00","article:publisher":"https:\/\/www.facebook.com\/Nachofdezber","article:author":"https:\/\/www.facebook.com\/carrenoactualidad","twitter:card":"summary_large_image","twitter:site":"@NabercoDigital","twitter:title":"Catar2022: Enner Valencia mantiene viva la ilusi\u00f3n de Ecuador | Cand\u00e1s 365","twitter:description":"(EP) - La selecci\u00f3n de Pa\u00edses Bajos no pudo pasar este viernes del empate (1-1) ante Ecuador, que igual\u00f3 el tanto de Gapko por medio del actual Bota de Oro","twitter:creator":"@nbasturias","twitter:image":"https:\/\/candas365.es\/noticias\/wp-content\/uploads\/2022\/11\/Futbol-1.jpg","twitter:label1":"Escrito por","twitter:data1":"Cand\u00e1s 365","twitter:label2":"Tiempo de lectura estimado","twitter:data2":"3 minutos"},"aioseo_meta_data":{"post_id":"169423","title":null,"description":"(EP) - La selecci\u00f3n de Pa\u00edses Bajos no pudo pasar este viernes del empate (1-1) ante Ecuador, que igual\u00f3 el tanto de Gapko por medio del actual Bota de Oro","keywords":[],"keyphrases":{"focus":{"keyphrase":"Ecuador","score":80,"analysis":{"keyphraseInTitle":{"title":"Focus keyphrase in SEO title","description":"Focus keyphrase found in SEO title.","score":9,"maxScore":9,"error":0},"keyphraseInDescription":{"title":"Focus keyphrase in meta description","description":"Focus keyphrase found in meta description.","score":9,"maxScore":9,"error":0},"keyphraseLength":{"title":"Focus keyphrase length","description":"Good job!","score":9,"maxScore":9,"error":0,"length":1},"keyphraseInURL":{"title":"Focus keyphrase in URL","description":"Focus keyphrase not found in the URL.","score":1,"maxScore":5,"error":1},"keyphraseInIntroduction":{"title":"Focus keyphrase in introduction","description":"Your Focus keyphrase appears in the first paragraph. Well done!","score":9,"maxScore":9,"error":0},"keyphraseInSubHeadings":[],"keyphraseInImageAlt":{"title":"Focus keyphrase in image alt attributes","description":"Focus keyphrase not found in image alt attribute(s). Add an image with your Focus keyphrase as alt text.","score":3,"maxScore":9,"error":1}}},"additional":[{"keyphrase":"Bota de Oro ","score":83,"analysis":{"keyphraseInDescription":{"title":"Keyphrase in meta description","description":"Keyphrase found in meta description.","score":9,"maxScore":9,"error":0},"keyphraseLength":{"title":"Keyphrase length","description":"Good job!","score":9,"maxScore":9,"error":0,"length":3},"keyphraseInIntroduction":{"title":"Keyphrase in introduction","description":"Your Keyphrase appears in the first paragraph. Well done!","score":9,"maxScore":9,"error":0},"keyphraseInImageAlt":{"title":"Keyphrase in image alt attributes","description":"Keyphrase not found in image alt attribute(s). Add an image with your Keyphrase as alt text.","score":3,"maxScore":9,"error":1}}}]},"primary_term":null,"canonical_url":null,"og_title":null,"og_description":null,"og_object_type":"default","og_image_type":"default","og_image_url":null,"og_image_width":null,"og_image_height":null,"og_image_custom_url":null,"og_image_custom_fields":null,"og_video":"","og_custom_url":null,"og_article_section":null,"og_article_tags":[],"twitter_use_og":false,"twitter_card":"default","twitter_image_type":"default","twitter_image_url":null,"twitter_image_custom_url":null,"twitter_image_custom_fields":null,"twitter_title":null,"twitter_description":null,"schema":{"blockGraphs":[],"customGraphs":[],"default":{"data":{"Article":[],"Course":[],"Dataset":[],"FAQPage":[],"Movie":[],"Person":[],"Product":[],"ProductReview":[],"Car":[],"Recipe":[],"Service":[],"SoftwareApplication":[],"WebPage":[]},"graphName":"Article","isEnabled":true},"graphs":[]},"schema_type":"default","schema_type_options":null,"pillar_content":false,"robots_default":true,"robots_noindex":false,"robots_noarchive":false,"robots_nosnippet":false,"robots_nofollow":false,"robots_noimageindex":false,"robots_noodp":false,"robots_notranslate":false,"robots_max_snippet":"-1","robots_max_videopreview":"-1","robots_max_imagepreview":"large","priority":null,"frequency":"default","location":null,"local_seo":null,"seo_analyzer_scan_date":"2025-09-01 16:19:37","breadcrumb_settings":null,"limit_modified_date":false,"reviewed_by":null,"open_ai":null,"ai":null,"created":"2022-11-25 22:27:16","updated":"2025-09-01 16:19:37"},"aioseo_breadcrumb":"<div class=\"aioseo-breadcrumbs\"><span class=\"aioseo-breadcrumb\">\n\t<a href=\"https:\/\/candas365.es\/noticias\" title=\"Home\">Home<\/a>\n<\/span><span class=\"aioseo-breadcrumb-separator\">&ndash;<\/span><span class=\"aioseo-breadcrumb\">\n\t<a href=\"https:\/\/candas365.es\/noticias\/category\/deporte\/\" title=\"Deporte\">Deporte<\/a>\n<\/span><span class=\"aioseo-breadcrumb-separator\">&ndash;<\/span><span class=\"aioseo-breadcrumb\">\n\tCatar2022: Enner Valencia mantiene viva la ilusi\u00f3n de Ecuador\n<\/span><\/div>","aioseo_breadcrumb_json":[{"label":"Home","link":"https:\/\/candas365.es\/noticias"},{"label":"Deporte","link":"https:\/\/candas365.es\/noticias\/category\/deporte\/"},{"label":"Catar2022: Enner Valencia mantiene viva la ilusi\u00f3n de Ecuador","link":"https:\/\/candas365.es\/noticias\/catar2022-enner-valencia-mantiene-viva-la-ilusion-de-ecuador\/"}],"_links":{"self":[{"href":"https:\/\/candas365.es\/noticias\/wp-json\/wp\/v2\/posts\/169423","targetHints":{"allow":["GET"]}}],"collection":[{"href":"https:\/\/candas365.es\/noticias\/wp-json\/wp\/v2\/posts"}],"about":[{"href":"https:\/\/candas365.es\/noticias\/wp-json\/wp\/v2\/types\/post"}],"author":[{"embeddable":true,"href":"https:\/\/candas365.es\/noticias\/wp-json\/wp\/v2\/users\/1"}],"replies":[{"embeddable":true,"href":"https:\/\/candas365.es\/noticias\/wp-json\/wp\/v2\/comments?post=169423"}],"version-history":[{"count":0,"href":"https:\/\/candas365.es\/noticias\/wp-json\/wp\/v2\/posts\/169423\/revisions"}],"wp:featuredmedia":[{"embeddable":true,"href":"https:\/\/candas365.es\/noticias\/wp-json\/wp\/v2\/media\/169260"}],"wp:attachment":[{"href":"https:\/\/candas365.es\/noticias\/wp-json\/wp\/v2\/media?parent=169423"}],"wp:term":[{"taxonomy":"category","embeddable":true,"href":"https:\/\/candas365.es\/noticias\/wp-json\/wp\/v2\/categories?post=169423"},{"taxonomy":"post_tag","embeddable":true,"href":"https:\/\/candas365.es\/noticias\/wp-json\/wp\/v2\/tags?post=169423"}],"curies":[{"name":"wp","href":"https:\/\/api.w.org\/{rel}","templated":true}]}}