{"id":169299,"date":"2022-11-22T22:58:48","date_gmt":"2022-11-22T21:58:48","guid":{"rendered":"https:\/\/candas365.es\/noticias\/?p=169299"},"modified":"2022-11-22T22:58:48","modified_gmt":"2022-11-22T21:58:48","slug":"el-visado-de-turista-de-cuba-permite-ahora-una-estancia-de-90-dias","status":"publish","type":"post","link":"https:\/\/candas365.es\/noticias\/el-visado-de-turista-de-cuba-permite-ahora-una-estancia-de-90-dias\/","title":{"rendered":"El visado de turista de Cuba permite ahora una estancia de 90 d\u00edas"},"content":{"rendered":"<p>(dpa) &#8211; El <strong>visado de <span style=\"color: #ff6600;\"><a style=\"color: #ff6600;\" href=\"https:\/\/candas365.es\/noticias\/category\/turismo\/\" target=\"_blank\" rel=\"noopener\">turista de Cuba<\/a><\/span><\/strong> permite a partir de ahora una estancia de 90 d\u00edas en la isla caribe\u00f1a, en lugar de los 30 d\u00edas que reg\u00edan hasta el momento, inform\u00f3 el ministro de Turismo cubano, Juan Carlos Garc\u00eda Granda, en la red social <a href=\"https:\/\/twitter.com\/\"><span style=\"color: #ff6600;\"><strong>Twitter<\/strong><\/span><\/a>.<\/p>\n<figure id=\"attachment_169300\" aria-describedby=\"caption-attachment-169300\" style=\"width: 650px\" class=\"wp-caption aligncenter\"><img fetchpriority=\"high\" decoding=\"async\" class=\"wp-image-169300 size-large\" src=\"https:\/\/candas365.es\/noticias\/wp-content\/uploads\/2022\/11\/Cuba-650x475.jpg\" alt=\"Cuba\" width=\"650\" height=\"475\" srcset=\"https:\/\/candas365.es\/noticias\/wp-content\/uploads\/2022\/11\/Cuba-650x475.jpg 650w, https:\/\/candas365.es\/noticias\/wp-content\/uploads\/2022\/11\/Cuba-360x263.jpg 360w, https:\/\/candas365.es\/noticias\/wp-content\/uploads\/2022\/11\/Cuba-768x561.jpg 768w, https:\/\/candas365.es\/noticias\/wp-content\/uploads\/2022\/11\/Cuba-150x110.jpg 150w, https:\/\/candas365.es\/noticias\/wp-content\/uploads\/2022\/11\/Cuba-450x329.jpg 450w, https:\/\/candas365.es\/noticias\/wp-content\/uploads\/2022\/11\/Cuba.jpg 886w\" sizes=\"(max-width: 650px) 100vw, 650px\" \/><figcaption id=\"caption-attachment-169300\" class=\"wp-caption-text\">Cuba ampli\u00f3 el visado de turista de 30 a 90 d\u00edas, con opci\u00f3n a una renovaci\u00f3n. Foto: Simone A. Mayer\/dpa<\/figcaption><\/figure>\n<p>Este visado se puede renovar una vez por otros 90 d\u00edas, de acuerdo a la informaci\u00f3n oficial.<\/p>\n<p>El Ministerio de Relaciones Exteriores alem\u00e1n indic\u00f3 que este visado debe tramitarse en las respectivas embajadas de Cuba antes de viajar<strong>. Tambi\u00e9n se puede tramitar a trav\u00e9s de algunas compa\u00f1\u00edas a\u00e9reas y agencias de viaje.<\/strong><\/p>\n<p>Un dato importante para los viajeros a Cuba es que <strong>ya no es necesario presentar una prueba de la vacuna contra el coronavirus o un test negativo para entrar<\/strong>.<\/p>\n<p>Sin embargo, la declaraci\u00f3n del estado de salud es obligatoria y debe presentarse con antelaci\u00f3n a trav\u00e9s del portal D&#8217;Viajeros, junto con otras informaciones requeridas en relaci\u00f3n al ingreso a ese pa\u00eds. Se puede obtener mayor informaci\u00f3n en la p\u00e1gina www.dviajeros.mitrans.gob.cu\/inicio.<\/p>\n","protected":false},"excerpt":{"rendered":"<p>(dpa) &#8211; El visado de turista de Cuba permite a partir de ahora una estancia de 90 d\u00edas en la isla caribe\u00f1a, en lugar de los 30 d\u00edas que reg\u00edan hasta el momento, inform\u00f3 el ministro de Turismo cubano, Juan Carlos Garc\u00eda Granda, en la red social Twitter. Este visado se puede renovar una vez<\/p>\n","protected":false},"author":1,"featured_media":169300,"comment_status":"closed","ping_status":"closed","sticky":false,"template":"","format":"standard","meta":{"footnotes":""},"categories":[359],"tags":[412,411],"class_list":{"0":"post-169299","1":"post","2":"type-post","3":"status-publish","4":"format-standard","5":"has-post-thumbnail","7":"category-turismo","8":"tag-turismo","9":"tag-viajes"},"aioseo_notices":[],"aioseo_head":"\n\t\t<!-- All in One SEO Pro 4.9.6.2 - aioseo.com -->\n\t<meta name=\"description\" content=\"(dpa) - El visado de turista de Cuba permite a partir de ahora una estancia de 90 d\u00edas en la isla caribe\u00f1a, en lugar de los 30 d\u00edas que reg\u00edan hasta el momento,\" \/>\n\t<meta name=\"robots\" content=\"max-image-preview:large\" \/>\n\t<meta name=\"author\" content=\"Cand\u00e1s 365\"\/>\n\t<meta name=\"google-site-verification\" content=\"UA-32230408-1\" \/>\n\t<meta name=\"msvalidate.01\" content=\"354F3CDFB2DA171B47FBE9ABF1F88D5\" \/>\n\t<meta name=\"keywords\" content=\"turismo\" \/>\n\t<link rel=\"canonical\" href=\"https:\/\/candas365.es\/noticias\/el-visado-de-turista-de-cuba-permite-ahora-una-estancia-de-90-dias\/\" \/>\n\t<meta name=\"generator\" content=\"All in One SEO Pro (AIOSEO) 4.9.6.2\" \/>\n\t\t<meta property=\"og:locale\" content=\"es_ES\" \/>\n\t\t<meta property=\"og:site_name\" content=\"Cand\u00e1s 365\" \/>\n\t\t<meta property=\"og:type\" content=\"article\" \/>\n\t\t<meta property=\"og:title\" content=\"El visado de turista de Cuba permite ahora una estancia de 90 d\u00edas | Cand\u00e1s 365\" \/>\n\t\t<meta property=\"og:description\" content=\"(dpa) - El visado de turista de Cuba permite a partir de ahora una estancia de 90 d\u00edas en la isla caribe\u00f1a, en lugar de los 30 d\u00edas que reg\u00edan hasta el momento,\" \/>\n\t\t<meta property=\"og:url\" content=\"https:\/\/candas365.es\/noticias\/el-visado-de-turista-de-cuba-permite-ahora-una-estancia-de-90-dias\/\" \/>\n\t\t<meta property=\"og:image\" content=\"https:\/\/candas365.es\/noticias\/wp-content\/uploads\/2022\/11\/Cuba.jpg\" \/>\n\t\t<meta property=\"og:image:secure_url\" content=\"https:\/\/candas365.es\/noticias\/wp-content\/uploads\/2022\/11\/Cuba.jpg\" \/>\n\t\t<meta property=\"og:image:width\" content=\"886\" \/>\n\t\t<meta property=\"og:image:height\" content=\"647\" \/>\n\t\t<meta property=\"article:published_time\" content=\"2022-11-22T21:58:48+00:00\" \/>\n\t\t<meta property=\"article:modified_time\" content=\"2022-11-22T21:58:48+00:00\" \/>\n\t\t<meta property=\"article:publisher\" content=\"https:\/\/www.facebook.com\/Nachofdezber\" \/>\n\t\t<meta property=\"article:author\" content=\"https:\/\/www.facebook.com\/carrenoactualidad\" \/>\n\t\t<meta name=\"twitter:card\" content=\"summary_large_image\" \/>\n\t\t<meta name=\"twitter:site\" content=\"@NabercoDigital\" \/>\n\t\t<meta name=\"twitter:title\" content=\"El visado de turista de Cuba permite ahora una estancia de 90 d\u00edas | Cand\u00e1s 365\" \/>\n\t\t<meta name=\"twitter:description\" content=\"(dpa) - El visado de turista de Cuba permite a partir de ahora una estancia de 90 d\u00edas en la isla caribe\u00f1a, en lugar de los 30 d\u00edas que reg\u00edan hasta el momento,\" \/>\n\t\t<meta name=\"twitter:creator\" content=\"@nbasturias\" \/>\n\t\t<meta name=\"twitter:image\" content=\"https:\/\/candas365.es\/noticias\/wp-content\/uploads\/2022\/11\/Cuba.jpg\" \/>\n\t\t<meta name=\"twitter:label1\" content=\"Escrito por\" \/>\n\t\t<meta name=\"twitter:data1\" content=\"Cand\u00e1s 365\" \/>\n\t\t<meta name=\"twitter:label2\" content=\"Tiempo de lectura estimado\" \/>\n\t\t<meta name=\"twitter:data2\" content=\"1 minuto\" \/>\n\t\t<script type=\"application\/ld+json\" class=\"aioseo-schema\">\n\t\t\t{\"@context\":\"https:\\\/\\\/schema.org\",\"@graph\":[{\"@type\":\"BreadcrumbList\",\"@id\":\"https:\\\/\\\/candas365.es\\\/noticias\\\/el-visado-de-turista-de-cuba-permite-ahora-una-estancia-de-90-dias\\\/#breadcrumblist\",\"itemListElement\":[{\"@type\":\"ListItem\",\"@id\":\"https:\\\/\\\/candas365.es\\\/noticias#listItem\",\"position\":1,\"name\":\"Home\",\"item\":\"https:\\\/\\\/candas365.es\\\/noticias\",\"nextItem\":{\"@type\":\"ListItem\",\"@id\":\"https:\\\/\\\/candas365.es\\\/noticias\\\/category\\\/turismo\\\/#listItem\",\"name\":\"Turismo\"}},{\"@type\":\"ListItem\",\"@id\":\"https:\\\/\\\/candas365.es\\\/noticias\\\/category\\\/turismo\\\/#listItem\",\"position\":2,\"name\":\"Turismo\",\"item\":\"https:\\\/\\\/candas365.es\\\/noticias\\\/category\\\/turismo\\\/\",\"nextItem\":{\"@type\":\"ListItem\",\"@id\":\"https:\\\/\\\/candas365.es\\\/noticias\\\/el-visado-de-turista-de-cuba-permite-ahora-una-estancia-de-90-dias\\\/#listItem\",\"name\":\"El visado de turista de Cuba permite ahora una estancia de 90 d\\u00edas\"},\"previousItem\":{\"@type\":\"ListItem\",\"@id\":\"https:\\\/\\\/candas365.es\\\/noticias#listItem\",\"name\":\"Home\"}},{\"@type\":\"ListItem\",\"@id\":\"https:\\\/\\\/candas365.es\\\/noticias\\\/el-visado-de-turista-de-cuba-permite-ahora-una-estancia-de-90-dias\\\/#listItem\",\"position\":3,\"name\":\"El visado de turista de Cuba permite ahora una estancia de 90 d\\u00edas\",\"previousItem\":{\"@type\":\"ListItem\",\"@id\":\"https:\\\/\\\/candas365.es\\\/noticias\\\/category\\\/turismo\\\/#listItem\",\"name\":\"Turismo\"}}]},{\"@type\":\"NewsArticle\",\"@id\":\"https:\\\/\\\/candas365.es\\\/noticias\\\/el-visado-de-turista-de-cuba-permite-ahora-una-estancia-de-90-dias\\\/#newsarticle\",\"name\":\"El visado de turista de Cuba permite ahora una estancia de 90 d\\u00edas | Cand\\u00e1s 365\",\"headline\":\"El visado de turista de Cuba permite ahora una estancia de 90 d\\u00edas\",\"author\":{\"@id\":\"https:\\\/\\\/candas365.es\\\/noticias\\\/author\\\/admin\\\/#author\"},\"publisher\":{\"@id\":\"https:\\\/\\\/candas365.es\\\/noticias\\\/#organization\"},\"image\":{\"@type\":\"ImageObject\",\"url\":\"https:\\\/\\\/candas365.es\\\/noticias\\\/wp-content\\\/uploads\\\/2022\\\/11\\\/Cuba.jpg\",\"width\":886,\"height\":647,\"caption\":\"Cuba ampli\\u00f3 el visado de turista de 30 a 90 d\\u00edas, con opci\\u00f3n a una renovaci\\u00f3n. Foto: Simone A. Mayer\\\/dpa\"},\"datePublished\":\"2022-11-22T22:58:48+01:00\",\"dateModified\":\"2022-11-22T22:58:48+01:00\",\"inLanguage\":\"es-ES\",\"mainEntityOfPage\":{\"@id\":\"https:\\\/\\\/candas365.es\\\/noticias\\\/el-visado-de-turista-de-cuba-permite-ahora-una-estancia-de-90-dias\\\/#webpage\"},\"isPartOf\":{\"@id\":\"https:\\\/\\\/candas365.es\\\/noticias\\\/el-visado-de-turista-de-cuba-permite-ahora-una-estancia-de-90-dias\\\/#webpage\"},\"articleSection\":\"Turismo, turismo, viajes\",\"dateline\":\"Publicado el noviembre 22, 2022.\"},{\"@type\":\"Organization\",\"@id\":\"https:\\\/\\\/candas365.es\\\/noticias\\\/#organization\",\"name\":\"Cand\\u00e1s 365\",\"description\":\"Cand\\u00e1s 365 es un diario digital independiente, fundado en 2012, con base en Asturias. Informamos con rigor sobre actualidad, sociedad, cultura y ocio, con una mirada local y global.\",\"url\":\"https:\\\/\\\/candas365.es\\\/noticias\\\/\",\"email\":\"info@candas365.es\",\"telephone\":\"+34652131393\",\"foundingDate\":\"2012-06-10\",\"logo\":{\"@type\":\"ImageObject\",\"url\":\"https:\\\/\\\/candas365.es\\\/noticias\\\/wp-content\\\/uploads\\\/2024\\\/09\\\/Candas-365-Redes.jpg\",\"@id\":\"https:\\\/\\\/candas365.es\\\/noticias\\\/el-visado-de-turista-de-cuba-permite-ahora-una-estancia-de-90-dias\\\/#organizationLogo\",\"width\":1152,\"height\":864,\"caption\":\"Cand\\u00e1s 365 Redes\"},\"image\":{\"@id\":\"https:\\\/\\\/candas365.es\\\/noticias\\\/el-visado-de-turista-de-cuba-permite-ahora-una-estancia-de-90-dias\\\/#organizationLogo\"},\"sameAs\":[\"https:\\\/\\\/www.facebook.com\\\/Nachofdezber\",\"https:\\\/\\\/x.com\\\/NabercoDigital\",\"https:\\\/\\\/www.instagram.com\\\/nachofdezber\\\/\",\"https:\\\/\\\/www.youtube.com\\\/channel\\\/UCZP-2wLEB9Rv6erhFmqVnvg\"],\"address\":{\"@id\":\"https:\\\/\\\/candas365.es\\\/noticias\\\/#postaladdress\",\"@type\":\"PostalAddress\",\"streetAddress\":\"san antonio 4, san antonio 4\",\"postalCode\":\"33430\",\"addressLocality\":\"Cand\\u00e1s\",\"addressRegion\":\"Asturias\",\"addressCountry\":\"ES\"}},{\"@type\":\"Person\",\"@id\":\"https:\\\/\\\/candas365.es\\\/noticias\\\/author\\\/admin\\\/#author\",\"url\":\"https:\\\/\\\/candas365.es\\\/noticias\\\/author\\\/admin\\\/\",\"name\":\"Cand\\u00e1s 365\",\"image\":{\"@type\":\"ImageObject\",\"@id\":\"https:\\\/\\\/candas365.es\\\/noticias\\\/el-visado-de-turista-de-cuba-permite-ahora-una-estancia-de-90-dias\\\/#authorImage\",\"url\":\"https:\\\/\\\/secure.gravatar.com\\\/avatar\\\/496a8e03d0c493ede1718b7934145dbdf8d89be1036b0eec9544e1094c9de390?s=96&d=mm&r=g\",\"width\":96,\"height\":96,\"caption\":\"Cand\\u00e1s 365\"},\"sameAs\":[\"https:\\\/\\\/www.facebook.com\\\/carrenoactualidad\",\"https:\\\/\\\/twitter.com\\\/nbasturias\",\"https:\\\/\\\/www.instagram.com\\\/nachofdezber\\\/\",\"https:\\\/\\\/www.youtube.com\\\/channel\\\/UCZP-2wLEB9Rv6erhFmqVnvg\"]},{\"@type\":\"WebPage\",\"@id\":\"https:\\\/\\\/candas365.es\\\/noticias\\\/el-visado-de-turista-de-cuba-permite-ahora-una-estancia-de-90-dias\\\/#webpage\",\"url\":\"https:\\\/\\\/candas365.es\\\/noticias\\\/el-visado-de-turista-de-cuba-permite-ahora-una-estancia-de-90-dias\\\/\",\"name\":\"El visado de turista de Cuba permite ahora una estancia de 90 d\\u00edas | Cand\\u00e1s 365\",\"description\":\"(dpa) - El visado de turista de Cuba permite a partir de ahora una estancia de 90 d\\u00edas en la isla caribe\\u00f1a, en lugar de los 30 d\\u00edas que reg\\u00edan hasta el momento,\",\"inLanguage\":\"es-ES\",\"isPartOf\":{\"@id\":\"https:\\\/\\\/candas365.es\\\/noticias\\\/#website\"},\"breadcrumb\":{\"@id\":\"https:\\\/\\\/candas365.es\\\/noticias\\\/el-visado-de-turista-de-cuba-permite-ahora-una-estancia-de-90-dias\\\/#breadcrumblist\"},\"author\":{\"@id\":\"https:\\\/\\\/candas365.es\\\/noticias\\\/author\\\/admin\\\/#author\"},\"creator\":{\"@id\":\"https:\\\/\\\/candas365.es\\\/noticias\\\/author\\\/admin\\\/#author\"},\"image\":{\"@type\":\"ImageObject\",\"url\":\"https:\\\/\\\/candas365.es\\\/noticias\\\/wp-content\\\/uploads\\\/2022\\\/11\\\/Cuba.jpg\",\"@id\":\"https:\\\/\\\/candas365.es\\\/noticias\\\/el-visado-de-turista-de-cuba-permite-ahora-una-estancia-de-90-dias\\\/#mainImage\",\"width\":886,\"height\":647,\"caption\":\"Cuba ampli\\u00f3 el visado de turista de 30 a 90 d\\u00edas, con opci\\u00f3n a una renovaci\\u00f3n. Foto: Simone A. Mayer\\\/dpa\"},\"primaryImageOfPage\":{\"@id\":\"https:\\\/\\\/candas365.es\\\/noticias\\\/el-visado-de-turista-de-cuba-permite-ahora-una-estancia-de-90-dias\\\/#mainImage\"},\"datePublished\":\"2022-11-22T22:58:48+01:00\",\"dateModified\":\"2022-11-22T22:58:48+01:00\"},{\"@type\":\"WebSite\",\"@id\":\"https:\\\/\\\/candas365.es\\\/noticias\\\/#website\",\"url\":\"https:\\\/\\\/candas365.es\\\/noticias\\\/\",\"name\":\"Cand\\u00e1s 365\",\"alternateName\":\"Cand\\u00e1s 365 Noticias\",\"description\":\"Actualidad desde Carre\\u00f1o para el mundo\",\"inLanguage\":\"es-ES\",\"publisher\":{\"@id\":\"https:\\\/\\\/candas365.es\\\/noticias\\\/#organization\"}}]}\n\t\t<\/script>\n\t\t<!-- All in One SEO Pro -->\r\n\t\t<title>El visado de turista de Cuba permite ahora una estancia de 90 d\u00edas | Cand\u00e1s 365<\/title>\n\n","aioseo_head_json":{"title":"El visado de turista de Cuba permite ahora una estancia de 90 d\u00edas | Cand\u00e1s 365","description":"(dpa) - El visado de turista de Cuba permite a partir de ahora una estancia de 90 d\u00edas en la isla caribe\u00f1a, en lugar de los 30 d\u00edas que reg\u00edan hasta el momento,","canonical_url":"https:\/\/candas365.es\/noticias\/el-visado-de-turista-de-cuba-permite-ahora-una-estancia-de-90-dias\/","robots":"max-image-preview:large","keywords":"turismo","webmasterTools":{"google-site-verification":"UA-32230408-1","msvalidate.01":"354F3CDFB2DA171B47FBE9ABF1F88D5","miscellaneous":""},"schema":{"@context":"https:\/\/schema.org","@graph":[{"@type":"BreadcrumbList","@id":"https:\/\/candas365.es\/noticias\/el-visado-de-turista-de-cuba-permite-ahora-una-estancia-de-90-dias\/#breadcrumblist","itemListElement":[{"@type":"ListItem","@id":"https:\/\/candas365.es\/noticias#listItem","position":1,"name":"Home","item":"https:\/\/candas365.es\/noticias","nextItem":{"@type":"ListItem","@id":"https:\/\/candas365.es\/noticias\/category\/turismo\/#listItem","name":"Turismo"}},{"@type":"ListItem","@id":"https:\/\/candas365.es\/noticias\/category\/turismo\/#listItem","position":2,"name":"Turismo","item":"https:\/\/candas365.es\/noticias\/category\/turismo\/","nextItem":{"@type":"ListItem","@id":"https:\/\/candas365.es\/noticias\/el-visado-de-turista-de-cuba-permite-ahora-una-estancia-de-90-dias\/#listItem","name":"El visado de turista de Cuba permite ahora una estancia de 90 d\u00edas"},"previousItem":{"@type":"ListItem","@id":"https:\/\/candas365.es\/noticias#listItem","name":"Home"}},{"@type":"ListItem","@id":"https:\/\/candas365.es\/noticias\/el-visado-de-turista-de-cuba-permite-ahora-una-estancia-de-90-dias\/#listItem","position":3,"name":"El visado de turista de Cuba permite ahora una estancia de 90 d\u00edas","previousItem":{"@type":"ListItem","@id":"https:\/\/candas365.es\/noticias\/category\/turismo\/#listItem","name":"Turismo"}}]},{"@type":"NewsArticle","@id":"https:\/\/candas365.es\/noticias\/el-visado-de-turista-de-cuba-permite-ahora-una-estancia-de-90-dias\/#newsarticle","name":"El visado de turista de Cuba permite ahora una estancia de 90 d\u00edas | Cand\u00e1s 365","headline":"El visado de turista de Cuba permite ahora una estancia de 90 d\u00edas","author":{"@id":"https:\/\/candas365.es\/noticias\/author\/admin\/#author"},"publisher":{"@id":"https:\/\/candas365.es\/noticias\/#organization"},"image":{"@type":"ImageObject","url":"https:\/\/candas365.es\/noticias\/wp-content\/uploads\/2022\/11\/Cuba.jpg","width":886,"height":647,"caption":"Cuba ampli\u00f3 el visado de turista de 30 a 90 d\u00edas, con opci\u00f3n a una renovaci\u00f3n. Foto: Simone A. Mayer\/dpa"},"datePublished":"2022-11-22T22:58:48+01:00","dateModified":"2022-11-22T22:58:48+01:00","inLanguage":"es-ES","mainEntityOfPage":{"@id":"https:\/\/candas365.es\/noticias\/el-visado-de-turista-de-cuba-permite-ahora-una-estancia-de-90-dias\/#webpage"},"isPartOf":{"@id":"https:\/\/candas365.es\/noticias\/el-visado-de-turista-de-cuba-permite-ahora-una-estancia-de-90-dias\/#webpage"},"articleSection":"Turismo, turismo, viajes","dateline":"Publicado el noviembre 22, 2022."},{"@type":"Organization","@id":"https:\/\/candas365.es\/noticias\/#organization","name":"Cand\u00e1s 365","description":"Cand\u00e1s 365 es un diario digital independiente, fundado en 2012, con base en Asturias. Informamos con rigor sobre actualidad, sociedad, cultura y ocio, con una mirada local y global.","url":"https:\/\/candas365.es\/noticias\/","email":"info@candas365.es","telephone":"+34652131393","foundingDate":"2012-06-10","logo":{"@type":"ImageObject","url":"https:\/\/candas365.es\/noticias\/wp-content\/uploads\/2024\/09\/Candas-365-Redes.jpg","@id":"https:\/\/candas365.es\/noticias\/el-visado-de-turista-de-cuba-permite-ahora-una-estancia-de-90-dias\/#organizationLogo","width":1152,"height":864,"caption":"Cand\u00e1s 365 Redes"},"image":{"@id":"https:\/\/candas365.es\/noticias\/el-visado-de-turista-de-cuba-permite-ahora-una-estancia-de-90-dias\/#organizationLogo"},"sameAs":["https:\/\/www.facebook.com\/Nachofdezber","https:\/\/x.com\/NabercoDigital","https:\/\/www.instagram.com\/nachofdezber\/","https:\/\/www.youtube.com\/channel\/UCZP-2wLEB9Rv6erhFmqVnvg"],"address":{"@id":"https:\/\/candas365.es\/noticias\/#postaladdress","@type":"PostalAddress","streetAddress":"san antonio 4, san antonio 4","postalCode":"33430","addressLocality":"Cand\u00e1s","addressRegion":"Asturias","addressCountry":"ES"}},{"@type":"Person","@id":"https:\/\/candas365.es\/noticias\/author\/admin\/#author","url":"https:\/\/candas365.es\/noticias\/author\/admin\/","name":"Cand\u00e1s 365","image":{"@type":"ImageObject","@id":"https:\/\/candas365.es\/noticias\/el-visado-de-turista-de-cuba-permite-ahora-una-estancia-de-90-dias\/#authorImage","url":"https:\/\/secure.gravatar.com\/avatar\/496a8e03d0c493ede1718b7934145dbdf8d89be1036b0eec9544e1094c9de390?s=96&d=mm&r=g","width":96,"height":96,"caption":"Cand\u00e1s 365"},"sameAs":["https:\/\/www.facebook.com\/carrenoactualidad","https:\/\/twitter.com\/nbasturias","https:\/\/www.instagram.com\/nachofdezber\/","https:\/\/www.youtube.com\/channel\/UCZP-2wLEB9Rv6erhFmqVnvg"]},{"@type":"WebPage","@id":"https:\/\/candas365.es\/noticias\/el-visado-de-turista-de-cuba-permite-ahora-una-estancia-de-90-dias\/#webpage","url":"https:\/\/candas365.es\/noticias\/el-visado-de-turista-de-cuba-permite-ahora-una-estancia-de-90-dias\/","name":"El visado de turista de Cuba permite ahora una estancia de 90 d\u00edas | Cand\u00e1s 365","description":"(dpa) - El visado de turista de Cuba permite a partir de ahora una estancia de 90 d\u00edas en la isla caribe\u00f1a, en lugar de los 30 d\u00edas que reg\u00edan hasta el momento,","inLanguage":"es-ES","isPartOf":{"@id":"https:\/\/candas365.es\/noticias\/#website"},"breadcrumb":{"@id":"https:\/\/candas365.es\/noticias\/el-visado-de-turista-de-cuba-permite-ahora-una-estancia-de-90-dias\/#breadcrumblist"},"author":{"@id":"https:\/\/candas365.es\/noticias\/author\/admin\/#author"},"creator":{"@id":"https:\/\/candas365.es\/noticias\/author\/admin\/#author"},"image":{"@type":"ImageObject","url":"https:\/\/candas365.es\/noticias\/wp-content\/uploads\/2022\/11\/Cuba.jpg","@id":"https:\/\/candas365.es\/noticias\/el-visado-de-turista-de-cuba-permite-ahora-una-estancia-de-90-dias\/#mainImage","width":886,"height":647,"caption":"Cuba ampli\u00f3 el visado de turista de 30 a 90 d\u00edas, con opci\u00f3n a una renovaci\u00f3n. Foto: Simone A. Mayer\/dpa"},"primaryImageOfPage":{"@id":"https:\/\/candas365.es\/noticias\/el-visado-de-turista-de-cuba-permite-ahora-una-estancia-de-90-dias\/#mainImage"},"datePublished":"2022-11-22T22:58:48+01:00","dateModified":"2022-11-22T22:58:48+01:00"},{"@type":"WebSite","@id":"https:\/\/candas365.es\/noticias\/#website","url":"https:\/\/candas365.es\/noticias\/","name":"Cand\u00e1s 365","alternateName":"Cand\u00e1s 365 Noticias","description":"Actualidad desde Carre\u00f1o para el mundo","inLanguage":"es-ES","publisher":{"@id":"https:\/\/candas365.es\/noticias\/#organization"}}]},"og:locale":"es_ES","og:site_name":"Cand\u00e1s 365","og:type":"article","og:title":"El visado de turista de Cuba permite ahora una estancia de 90 d\u00edas | Cand\u00e1s 365","og:description":"(dpa) - El visado de turista de Cuba permite a partir de ahora una estancia de 90 d\u00edas en la isla caribe\u00f1a, en lugar de los 30 d\u00edas que reg\u00edan hasta el momento,","og:url":"https:\/\/candas365.es\/noticias\/el-visado-de-turista-de-cuba-permite-ahora-una-estancia-de-90-dias\/","og:image":"https:\/\/candas365.es\/noticias\/wp-content\/uploads\/2022\/11\/Cuba.jpg","og:image:secure_url":"https:\/\/candas365.es\/noticias\/wp-content\/uploads\/2022\/11\/Cuba.jpg","og:image:width":886,"og:image:height":647,"article:published_time":"2022-11-22T21:58:48+00:00","article:modified_time":"2022-11-22T21:58:48+00:00","article:publisher":"https:\/\/www.facebook.com\/Nachofdezber","article:author":"https:\/\/www.facebook.com\/carrenoactualidad","twitter:card":"summary_large_image","twitter:site":"@NabercoDigital","twitter:title":"El visado de turista de Cuba permite ahora una estancia de 90 d\u00edas | Cand\u00e1s 365","twitter:description":"(dpa) - El visado de turista de Cuba permite a partir de ahora una estancia de 90 d\u00edas en la isla caribe\u00f1a, en lugar de los 30 d\u00edas que reg\u00edan hasta el momento,","twitter:creator":"@nbasturias","twitter:image":"https:\/\/candas365.es\/noticias\/wp-content\/uploads\/2022\/11\/Cuba.jpg","twitter:label1":"Escrito por","twitter:data1":"Cand\u00e1s 365","twitter:label2":"Tiempo de lectura estimado","twitter:data2":"1 minuto"},"aioseo_meta_data":{"post_id":"169299","title":null,"description":"(dpa) - El visado de turista de Cuba permite a partir de ahora una estancia de 90 d\u00edas en la isla caribe\u00f1a, en lugar de los 30 d\u00edas que reg\u00edan hasta el momento,","keywords":[],"keyphrases":{"focus":{"keyphrase":"Cuba ","score":92,"analysis":{"keyphraseInTitle":{"title":"Focus keyphrase in SEO title","description":"Focus keyphrase found in SEO title.","score":9,"maxScore":9,"error":0},"keyphraseInDescription":{"title":"Focus keyphrase in meta description","description":"Focus keyphrase found in meta description.","score":9,"maxScore":9,"error":0},"keyphraseLength":{"title":"Focus keyphrase length","description":"Good job!","score":9,"maxScore":9,"error":0,"length":1},"keyphraseInURL":{"title":"Focus keyphrase in URL","description":"Focus keyphrase not found in the URL.","score":1,"maxScore":5,"error":1},"keyphraseInIntroduction":{"title":"Focus keyphrase in introduction","description":"Your Focus keyphrase appears in the first paragraph. Well done!","score":9,"maxScore":9,"error":0},"keyphraseInSubHeadings":[],"keyphraseInImageAlt":{"title":"Focus keyphrase in image alt attributes","description":"Focus keyphrase found in image alt attribute(s).","score":9,"maxScore":9,"error":0}}},"additional":[{"keyphrase":"Cuba ","score":100,"analysis":{"keyphraseInDescription":{"title":"Keyphrase in meta description","description":"Keyphrase found in meta description.","score":9,"maxScore":9,"error":0},"keyphraseLength":{"title":"Keyphrase length","description":"Good job!","score":9,"maxScore":9,"error":0,"length":1},"keyphraseInIntroduction":{"title":"Keyphrase in introduction","description":"Your Keyphrase appears in the first paragraph. Well done!","score":9,"maxScore":9,"error":0},"keyphraseInImageAlt":{"title":"Keyphrase in image alt attributes","description":"Keyphrase found in image alt attribute(s).","score":9,"maxScore":9,"error":0}}},{"keyphrase":"visado de turista","score":83,"analysis":{"keyphraseInDescription":{"title":"Keyphrase in meta description","description":"Keyphrase found in meta description.","score":9,"maxScore":9,"error":0},"keyphraseLength":{"title":"Keyphrase length","description":"Good job!","score":9,"maxScore":9,"error":0,"length":3},"keyphraseInIntroduction":{"title":"Keyphrase in introduction","description":"Your Keyphrase appears in the first paragraph. Well done!","score":9,"maxScore":9,"error":0},"keyphraseInImageAlt":{"title":"Keyphrase in image alt attributes","description":"Keyphrase not found in image alt attribute(s). Add an image with your Keyphrase as alt text.","score":3,"maxScore":9,"error":1}}},{"keyphrase":"turista","score":83,"analysis":{"keyphraseInDescription":{"title":"Keyphrase in meta description","description":"Keyphrase found in meta description.","score":9,"maxScore":9,"error":0},"keyphraseLength":{"title":"Keyphrase length","description":"Good job!","score":9,"maxScore":9,"error":0,"length":1},"keyphraseInIntroduction":{"title":"Keyphrase in introduction","description":"Your Keyphrase appears in the first paragraph. Well done!","score":9,"maxScore":9,"error":0},"keyphraseInImageAlt":{"title":"Keyphrase in image alt attributes","description":"Keyphrase not found in image alt attribute(s). Add an image with your Keyphrase as alt text.","score":3,"maxScore":9,"error":1}}}]},"primary_term":null,"canonical_url":null,"og_title":null,"og_description":null,"og_object_type":"default","og_image_type":"default","og_image_url":null,"og_image_width":null,"og_image_height":null,"og_image_custom_url":null,"og_image_custom_fields":null,"og_video":"","og_custom_url":null,"og_article_section":null,"og_article_tags":[],"twitter_use_og":false,"twitter_card":"default","twitter_image_type":"default","twitter_image_url":null,"twitter_image_custom_url":null,"twitter_image_custom_fields":null,"twitter_title":null,"twitter_description":null,"schema":{"blockGraphs":[],"customGraphs":[],"default":{"data":{"Article":[],"Course":[],"Dataset":[],"FAQPage":[],"Movie":[],"Person":[],"Product":[],"ProductReview":[],"Car":[],"Recipe":[],"Service":[],"SoftwareApplication":[],"WebPage":[]},"graphName":"Article","isEnabled":true},"graphs":[]},"schema_type":"default","schema_type_options":null,"pillar_content":false,"robots_default":true,"robots_noindex":false,"robots_noarchive":false,"robots_nosnippet":false,"robots_nofollow":false,"robots_noimageindex":false,"robots_noodp":false,"robots_notranslate":false,"robots_max_snippet":"-1","robots_max_videopreview":"-1","robots_max_imagepreview":"large","priority":null,"frequency":"default","location":null,"local_seo":null,"seo_analyzer_scan_date":"2025-09-01 16:09:13","breadcrumb_settings":null,"limit_modified_date":false,"reviewed_by":null,"open_ai":null,"ai":null,"created":"2022-11-22 21:49:04","updated":"2025-09-01 16:09:13"},"aioseo_breadcrumb":"<div class=\"aioseo-breadcrumbs\"><span class=\"aioseo-breadcrumb\">\n\t<a href=\"https:\/\/candas365.es\/noticias\" title=\"Home\">Home<\/a>\n<\/span><span class=\"aioseo-breadcrumb-separator\">&ndash;<\/span><span class=\"aioseo-breadcrumb\">\n\t<a href=\"https:\/\/candas365.es\/noticias\/category\/turismo\/\" title=\"Turismo\">Turismo<\/a>\n<\/span><span class=\"aioseo-breadcrumb-separator\">&ndash;<\/span><span class=\"aioseo-breadcrumb\">\n\tEl visado de turista de Cuba permite ahora una estancia de 90 d\u00edas\n<\/span><\/div>","aioseo_breadcrumb_json":[{"label":"Home","link":"https:\/\/candas365.es\/noticias"},{"label":"Turismo","link":"https:\/\/candas365.es\/noticias\/category\/turismo\/"},{"label":"El visado de turista de Cuba permite ahora una estancia de 90 d\u00edas","link":"https:\/\/candas365.es\/noticias\/el-visado-de-turista-de-cuba-permite-ahora-una-estancia-de-90-dias\/"}],"_links":{"self":[{"href":"https:\/\/candas365.es\/noticias\/wp-json\/wp\/v2\/posts\/169299","targetHints":{"allow":["GET"]}}],"collection":[{"href":"https:\/\/candas365.es\/noticias\/wp-json\/wp\/v2\/posts"}],"about":[{"href":"https:\/\/candas365.es\/noticias\/wp-json\/wp\/v2\/types\/post"}],"author":[{"embeddable":true,"href":"https:\/\/candas365.es\/noticias\/wp-json\/wp\/v2\/users\/1"}],"replies":[{"embeddable":true,"href":"https:\/\/candas365.es\/noticias\/wp-json\/wp\/v2\/comments?post=169299"}],"version-history":[{"count":0,"href":"https:\/\/candas365.es\/noticias\/wp-json\/wp\/v2\/posts\/169299\/revisions"}],"wp:featuredmedia":[{"embeddable":true,"href":"https:\/\/candas365.es\/noticias\/wp-json\/wp\/v2\/media\/169300"}],"wp:attachment":[{"href":"https:\/\/candas365.es\/noticias\/wp-json\/wp\/v2\/media?parent=169299"}],"wp:term":[{"taxonomy":"category","embeddable":true,"href":"https:\/\/candas365.es\/noticias\/wp-json\/wp\/v2\/categories?post=169299"},{"taxonomy":"post_tag","embeddable":true,"href":"https:\/\/candas365.es\/noticias\/wp-json\/wp\/v2\/tags?post=169299"}],"curies":[{"name":"wp","href":"https:\/\/api.w.org\/{rel}","templated":true}]}}