{"id":169290,"date":"2022-11-22T18:54:56","date_gmt":"2022-11-22T17:54:56","guid":{"rendered":"https:\/\/candas365.es\/noticias\/?p=169290"},"modified":"2022-11-22T18:54:56","modified_gmt":"2022-11-22T17:54:56","slug":"la-nueva-joya-de-netflix-en-madrid","status":"publish","type":"post","link":"https:\/\/candas365.es\/noticias\/la-nueva-joya-de-netflix-en-madrid\/","title":{"rendered":"La nueva \u00abjoya\u00bb de Netflix en Madrid"},"content":{"rendered":"<p>(EP) &#8211; <a href=\"https:\/\/eldigitaldeasturias.com\/radio\/1899-la-nueva-serie-de-netflix\/\" target=\"_blank\" rel=\"noopener\"><span style=\"color: #ff6600;\"><strong>Netflix<\/strong><\/span><\/a> ha inaugurado este martes la <strong>segunda fase de su centro de producci\u00f3n y postproducci\u00f3n en Madrid Content City<\/strong> ubicada en Tres Cantos (Comunidad de Madrid), \u00abreforzando su compromiso con el entretenimiento y el sector audiovisual en Espa\u00f1a\u00bb.<\/p>\n<figure id=\"attachment_169291\" aria-describedby=\"caption-attachment-169291\" style=\"width: 650px\" class=\"wp-caption aligncenter\"><img fetchpriority=\"high\" decoding=\"async\" class=\"wp-image-169291 size-large\" src=\"https:\/\/candas365.es\/noticias\/wp-content\/uploads\/2022\/11\/Netflix-650x437.jpg\" alt=\"Netflix\" width=\"650\" height=\"437\" srcset=\"https:\/\/candas365.es\/noticias\/wp-content\/uploads\/2022\/11\/Netflix-650x437.jpg 650w, https:\/\/candas365.es\/noticias\/wp-content\/uploads\/2022\/11\/Netflix-360x242.jpg 360w, https:\/\/candas365.es\/noticias\/wp-content\/uploads\/2022\/11\/Netflix-768x516.jpg 768w, https:\/\/candas365.es\/noticias\/wp-content\/uploads\/2022\/11\/Netflix-150x101.jpg 150w, https:\/\/candas365.es\/noticias\/wp-content\/uploads\/2022\/11\/Netflix-450x302.jpg 450w, https:\/\/candas365.es\/noticias\/wp-content\/uploads\/2022\/11\/Netflix.jpg 972w\" sizes=\"(max-width: 650px) 100vw, 650px\" \/><figcaption id=\"caption-attachment-169291\" class=\"wp-caption-text\">FOTO; NETFLIX \/ Europa Press<\/figcaption><\/figure>\n<p>As\u00ed lo ha dado a conocer la compa\u00f1\u00eda, cuya nueva sede, tras doblar su capacidad, alberga la superficie de rodaje m\u00e1s extensa de Netflix en la Uni\u00f3n Europea e incorpora nuevas instalaciones de postproducci\u00f3n. <strong>La inauguraci\u00f3n ha contado con la presencia del ministro de Cultura y Deporte, Miquel Iceta, y la secretaria de Estado de Telecomunicaciones e Infraestructuras Digitales, Mar\u00eda Gonz\u00e1lez Veracruz.<\/strong><\/p>\n<p>De este modo, tres a\u00f1os despu\u00e9s de su apertura, el centro cuenta con diez plat\u00f3s (con un espacio polivalente de m\u00e1s de 22.000 m2 que incluye oficinas de producci\u00f3n, espacios de maquillaje, peluquer\u00eda y vestuario, etc.).<\/p>\n<p>La compa\u00f1\u00eda ha detallado que la expansi\u00f3n promueve la incorporaci\u00f3n de nuevas instalaciones pioneras como el primer sistema de edici\u00f3n remoto en Espa\u00f1a (con 30 nuevas salas que facilitar\u00e1n a los profesionales t\u00e9cnicos trabajar en proyectos desde cualquier lugar de Espa\u00f1a o Europa) o el primer laboratorio de postproducci\u00f3n en la nube de Netflix a nivel global.<\/p>\n<p>\u00abEstamos convencidos de las fortalezas y oportunidades que ofrece Espa\u00f1a como centro de producci\u00f3n y posproducci\u00f3n audiovisual en Europa y en el mundo. Esta sede se sit\u00faa como un punto de encuentro para el talento local y global. La innovaci\u00f3n de estas instalaciones permitir\u00e1 a los profesionales centrarse en la excelencia creativa de sus proyectos, para que los amantes del entretenimiento podamos seguir disfrutando de las mejores historias\u00bb, ha explicado Mar\u00eda Ferreras, Global Head of Partnership y Business Development en Netflix.<\/p>\n<p>Mary-Kathryn Kennedy, vicepresidenta de Producci\u00f3n de Netflix en Europa, ha a\u00f1adido que \u00abadem\u00e1s de las instalaciones en Tres Cantos, la inversi\u00f3n en las producciones de Netflix se extiende por toda la geograf\u00eda espa\u00f1ola\u00bb. \u00abLa compa\u00f1\u00eda, que ha rodado ya en todas las comunidades aut\u00f3nomas de la mano de m\u00e1s de 40 productoras locales (la mayor\u00eda de ellas PYMEs), ha estrenado desde su llegada numerosos t\u00edtulos hechos en Espa\u00f1a, generando m\u00e1s de 10.000 puestos de trabajo para reparto y equipos t\u00e9cnicos\u00bb, ha apuntado.<\/p>\n<p>\u00abSeguimos trayendo a nuestros suscriptores una gran variedad de series y pel\u00edculas hechas en Espa\u00f1a, incluyendo m\u00e1s de 30 t\u00edtulos en 2022, como Bienvenidos a Ed\u00e9n, Amor de madre, A trav\u00e9s de mi ventana o Sagrada familia\u00bb, ha indicado Mary-Kathryn Kennedy, vicepresidenta de Producci\u00f3n de Netflix en Europa.<\/p>\n<p><strong>La <span style=\"color: #ff6600;\">compa\u00f1\u00eda audiovisua<\/span>l ha asegurado que la apuesta se mantendr\u00e1 en 2023 con el estreno de nuevos t\u00edtulos originales &#8216;made in Spain&#8217;<\/strong>, entre los que se encuentran pel\u00edculas como &#8216;Hermana Muerte&#8217;, &#8216;Eres t\u00fa&#8217;, &#8216;Fen\u00f3menas&#8217;, &#8216;A trav\u00e9s del mar&#8217;; o series como &#8216;El silencio&#8217;, &#8216;El cuerpo en llamas&#8217;, &#8216;Berl\u00edn&#8217;, &#8216;Un cuento perfecto&#8217;; las nuevas temporadas de &#8216;Sky Rojo&#8217;, &#8216;Valeria&#8217; o &#8216;\u00c9lite&#8217;; o contenidos de no ficci\u00f3n como la nueva temporada de &#8216;Soy Georgina&#8217;.<\/p>\n<p>\u00abEs un orgullo continuar demostrando nuestro compromiso con la ficci\u00f3n espa\u00f1ola. Desde Netflix, seguiremos trabajando para impulsar de forma integral el desarrollo sostenible del audiovisual espa\u00f1ol, en toda su diversidad\u00bb, ha concluido Ver\u00f3nica Fern\u00e1ndez, directora de Ficci\u00f3n de Netflix en Espa\u00f1a.<\/p>\n<p>En su intervenci\u00f3n, el director y creador de &#8216;El Inocente&#8217; o &#8216;Los renglones torcidos de Dios&#8217;, Oriol Paulo, ha anunciado que est\u00e1 trabajando en un nuevo proyecto para Netflix que ser\u00e1 un thriller, un g\u00e9nero que, asegura, \u00abes una excusa maravillosa para explicar la condici\u00f3n humana y retar al espectador\u00bb. Paulo tambi\u00e9n ha remarcado la importancia de que todas sus colaboraciones con la compa\u00f1\u00eda hayan estado basadas en una apuesta \u00abpor la libertad creativa y el respeto a la figura del creador\u00bb.<\/p>\n<p>Asimismo, <strong>\u00c1lex Pina y Esther Mart\u00ednez Lobato han desvelado los primeros bocetos del refugio at\u00f3mico en el que se desarrollar\u00e1 su nueva serie<\/strong>: \u00abDurante la pandemia, nos inspiramos en la proliferaci\u00f3n de b\u00fankeres en todo el mundo. Imaginamos una urbanizaci\u00f3n subterr\u00e1nea en la que el foco de atenci\u00f3n, en lugar de en el apocalipsis, estaba en quienes viv\u00edan en este espacio. La gran pregunta que aborda este proyecto es: \u00bfsigue la vida incluso cuando el mundo se acaba?\u00bb.<\/p>\n<p>En relaci\u00f3n con el spin-off de &#8216;La casa de papel&#8217; que est\u00e1n produciendo actualmente, Esther Mart\u00ednez Lobato ha a\u00f1adido: \u00abDesarrollar Berl\u00edn es una responsabilidad. Sobre todo, porque parte de una conexi\u00f3n que ya existe con los espectadores y, como creadores, queremos seguir profundizando en esa emoci\u00f3n\u00bb.<\/p>\n<p>Carlos Montero, creador de &#8216;\u00c9lite&#8217;, &#8216;El desorden que dejas&#8217; y &#8216;Todas las veces que nos enamoramos&#8217;, ha expresado: \u00abLos creadores siempre so\u00f1amos a lo grande, por eso, cuando creas una serie quieres llegar al mundo. Conseguirlo antes era muy dif\u00edcil, pero cuando trabajas para una compa\u00f1\u00eda como Netflix, que llega a los cinco continentes, tienes un veh\u00edculo maravilloso\u00bb.<\/p>\n<p>Respecto al impacto de los t\u00edtulos en el servicio, Laura Sarmiento, creadora de &#8216;Intimidad&#8217; y &#8216;El cuerpo en llamas&#8217;, ha a\u00f1adido:<strong> \u00abNetflix es un enorme amplificador que lleva nuestras historias e inquietudes morales y personales como narradores, a m\u00e1s de 190 pa\u00edses. Como creadores, impulsamos modelos y debates y eso es un privilegio absoluto\u00bb.<\/strong><\/p>\n<p>Por su parte, los hermanos \u00c0lex y David Pastor, directores del spin-off de &#8216;Bird Box&#8217;, han adelantado que este nuevo t\u00edtulo \u00abser\u00e1 una gran historia global, en la que cada punto del mundo aportar\u00e1 su parte al relato. Gracias a Netflix, la posibilidad de poder contar este tipo de historias es m\u00e1s f\u00e1cil\u00bb.<\/p>\n<p>N\u00faria Valls, productora de &#8216;A trav\u00e9s del mar&#8217; y de &#8216;A trav\u00e9s de mi ventana&#8217;, ha hablado sobre los v\u00ednculos que se han establecido con los fans de este fen\u00f3meno: \u00abEn todo momento nos hemos sentido muy acompa\u00f1adas por las fans, que han sido cari\u00f1osas y atentas al m\u00e1s m\u00ednimo detalle, mientras \u00e9ramos testigos de c\u00f3mo el fen\u00f3meno tambi\u00e9n crec\u00eda en Espa\u00f1a, y de c\u00f3mo el libro y la pel\u00edcula se retroalimentaban\u00bb.<\/p>\n","protected":false},"excerpt":{"rendered":"<p>(EP) &#8211; Netflix ha inaugurado este martes la segunda fase de su centro de producci\u00f3n y postproducci\u00f3n en Madrid Content City ubicada en Tres Cantos (Comunidad de Madrid), \u00abreforzando su compromiso con el entretenimiento y el sector audiovisual en Espa\u00f1a\u00bb. As\u00ed lo ha dado a conocer la compa\u00f1\u00eda, cuya nueva sede, tras doblar su capacidad,<\/p>\n","protected":false},"author":1,"featured_media":169291,"comment_status":"closed","ping_status":"closed","sticky":false,"template":"","format":"standard","meta":{"footnotes":""},"categories":[151],"tags":[383,479],"class_list":{"0":"post-169290","1":"post","2":"type-post","3":"status-publish","4":"format-standard","5":"has-post-thumbnail","7":"category-canal-empresas","8":"tag-empresas","9":"tag-medios"},"aioseo_notices":[],"aioseo_head":"\n\t\t<!-- All in One SEO Pro 4.9.6.2 - aioseo.com -->\n\t<meta name=\"description\" content=\"(EP) - Netflix ha inaugurado este martes la segunda fase de su centro de producci\u00f3n y postproducci\u00f3n en Madrid Content City ubicada en Tres Cantos\" \/>\n\t<meta name=\"robots\" content=\"max-image-preview:large\" \/>\n\t<meta name=\"author\" content=\"Cand\u00e1s 365\"\/>\n\t<meta name=\"google-site-verification\" content=\"UA-32230408-1\" \/>\n\t<meta name=\"msvalidate.01\" content=\"354F3CDFB2DA171B47FBE9ABF1F88D5\" \/>\n\t<meta name=\"keywords\" content=\"canal empresas\" \/>\n\t<link rel=\"canonical\" href=\"https:\/\/candas365.es\/noticias\/la-nueva-joya-de-netflix-en-madrid\/\" \/>\n\t<meta name=\"generator\" content=\"All in One SEO Pro (AIOSEO) 4.9.6.2\" \/>\n\t\t<meta property=\"og:locale\" content=\"es_ES\" \/>\n\t\t<meta property=\"og:site_name\" content=\"Cand\u00e1s 365\" \/>\n\t\t<meta property=\"og:type\" content=\"article\" \/>\n\t\t<meta property=\"og:title\" content=\"La nueva \u00abjoya\u00bb de Netflix en Madrid | Cand\u00e1s 365\" \/>\n\t\t<meta property=\"og:description\" content=\"(EP) - Netflix ha inaugurado este martes la segunda fase de su centro de producci\u00f3n y postproducci\u00f3n en Madrid Content City ubicada en Tres Cantos\" \/>\n\t\t<meta property=\"og:url\" content=\"https:\/\/candas365.es\/noticias\/la-nueva-joya-de-netflix-en-madrid\/\" \/>\n\t\t<meta property=\"og:image\" content=\"https:\/\/candas365.es\/noticias\/wp-content\/uploads\/2022\/11\/Netflix.jpg\" \/>\n\t\t<meta property=\"og:image:secure_url\" content=\"https:\/\/candas365.es\/noticias\/wp-content\/uploads\/2022\/11\/Netflix.jpg\" \/>\n\t\t<meta property=\"og:image:width\" content=\"972\" \/>\n\t\t<meta property=\"og:image:height\" content=\"653\" \/>\n\t\t<meta property=\"article:published_time\" content=\"2022-11-22T17:54:56+00:00\" \/>\n\t\t<meta property=\"article:modified_time\" content=\"2022-11-22T17:54:56+00:00\" \/>\n\t\t<meta property=\"article:publisher\" content=\"https:\/\/www.facebook.com\/Nachofdezber\" \/>\n\t\t<meta property=\"article:author\" content=\"https:\/\/www.facebook.com\/carrenoactualidad\" \/>\n\t\t<meta name=\"twitter:card\" content=\"summary_large_image\" \/>\n\t\t<meta name=\"twitter:site\" content=\"@NabercoDigital\" \/>\n\t\t<meta name=\"twitter:title\" content=\"La nueva \u00abjoya\u00bb de Netflix en Madrid | Cand\u00e1s 365\" \/>\n\t\t<meta name=\"twitter:description\" content=\"(EP) - Netflix ha inaugurado este martes la segunda fase de su centro de producci\u00f3n y postproducci\u00f3n en Madrid Content City ubicada en Tres Cantos\" \/>\n\t\t<meta name=\"twitter:creator\" content=\"@nbasturias\" \/>\n\t\t<meta name=\"twitter:image\" content=\"https:\/\/candas365.es\/noticias\/wp-content\/uploads\/2022\/11\/Netflix.jpg\" \/>\n\t\t<meta name=\"twitter:label1\" content=\"Escrito por\" \/>\n\t\t<meta name=\"twitter:data1\" content=\"Cand\u00e1s 365\" \/>\n\t\t<meta name=\"twitter:label2\" content=\"Tiempo de lectura estimado\" \/>\n\t\t<meta name=\"twitter:data2\" content=\"5 minutos\" \/>\n\t\t<script type=\"application\/ld+json\" class=\"aioseo-schema\">\n\t\t\t{\"@context\":\"https:\\\/\\\/schema.org\",\"@graph\":[{\"@type\":\"BreadcrumbList\",\"@id\":\"https:\\\/\\\/candas365.es\\\/noticias\\\/la-nueva-joya-de-netflix-en-madrid\\\/#breadcrumblist\",\"itemListElement\":[{\"@type\":\"ListItem\",\"@id\":\"https:\\\/\\\/candas365.es\\\/noticias#listItem\",\"position\":1,\"name\":\"Home\",\"item\":\"https:\\\/\\\/candas365.es\\\/noticias\",\"nextItem\":{\"@type\":\"ListItem\",\"@id\":\"https:\\\/\\\/candas365.es\\\/noticias\\\/category\\\/canal-empresas\\\/#listItem\",\"name\":\"Canal Empresas\"}},{\"@type\":\"ListItem\",\"@id\":\"https:\\\/\\\/candas365.es\\\/noticias\\\/category\\\/canal-empresas\\\/#listItem\",\"position\":2,\"name\":\"Canal Empresas\",\"item\":\"https:\\\/\\\/candas365.es\\\/noticias\\\/category\\\/canal-empresas\\\/\",\"nextItem\":{\"@type\":\"ListItem\",\"@id\":\"https:\\\/\\\/candas365.es\\\/noticias\\\/la-nueva-joya-de-netflix-en-madrid\\\/#listItem\",\"name\":\"La nueva \\u00abjoya\\u00bb de Netflix en Madrid\"},\"previousItem\":{\"@type\":\"ListItem\",\"@id\":\"https:\\\/\\\/candas365.es\\\/noticias#listItem\",\"name\":\"Home\"}},{\"@type\":\"ListItem\",\"@id\":\"https:\\\/\\\/candas365.es\\\/noticias\\\/la-nueva-joya-de-netflix-en-madrid\\\/#listItem\",\"position\":3,\"name\":\"La nueva \\u00abjoya\\u00bb de Netflix en Madrid\",\"previousItem\":{\"@type\":\"ListItem\",\"@id\":\"https:\\\/\\\/candas365.es\\\/noticias\\\/category\\\/canal-empresas\\\/#listItem\",\"name\":\"Canal Empresas\"}}]},{\"@type\":\"NewsArticle\",\"@id\":\"https:\\\/\\\/candas365.es\\\/noticias\\\/la-nueva-joya-de-netflix-en-madrid\\\/#newsarticle\",\"name\":\"La nueva \\u00abjoya\\u00bb de Netflix en Madrid | Cand\\u00e1s 365\",\"headline\":\"La nueva \\u00abjoya\\u00bb de Netflix en Madrid\",\"author\":{\"@id\":\"https:\\\/\\\/candas365.es\\\/noticias\\\/author\\\/admin\\\/#author\"},\"publisher\":{\"@id\":\"https:\\\/\\\/candas365.es\\\/noticias\\\/#organization\"},\"image\":{\"@type\":\"ImageObject\",\"url\":\"https:\\\/\\\/candas365.es\\\/noticias\\\/wp-content\\\/uploads\\\/2022\\\/11\\\/Netflix.jpg\",\"width\":972,\"height\":653,\"caption\":\"FOTO; NETFLIX \\\/ Europa Press\"},\"datePublished\":\"2022-11-22T18:54:56+01:00\",\"dateModified\":\"2022-11-22T18:54:56+01:00\",\"inLanguage\":\"es-ES\",\"mainEntityOfPage\":{\"@id\":\"https:\\\/\\\/candas365.es\\\/noticias\\\/la-nueva-joya-de-netflix-en-madrid\\\/#webpage\"},\"isPartOf\":{\"@id\":\"https:\\\/\\\/candas365.es\\\/noticias\\\/la-nueva-joya-de-netflix-en-madrid\\\/#webpage\"},\"articleSection\":\"Canal Empresas, empresas, medios\",\"dateline\":\"Publicado el noviembre 22, 2022.\"},{\"@type\":\"Organization\",\"@id\":\"https:\\\/\\\/candas365.es\\\/noticias\\\/#organization\",\"name\":\"Cand\\u00e1s 365\",\"description\":\"Cand\\u00e1s 365 es un diario digital independiente, fundado en 2012, con base en Asturias. Informamos con rigor sobre actualidad, sociedad, cultura y ocio, con una mirada local y global.\",\"url\":\"https:\\\/\\\/candas365.es\\\/noticias\\\/\",\"email\":\"info@candas365.es\",\"telephone\":\"+34652131393\",\"foundingDate\":\"2012-06-10\",\"logo\":{\"@type\":\"ImageObject\",\"url\":\"https:\\\/\\\/candas365.es\\\/noticias\\\/wp-content\\\/uploads\\\/2024\\\/09\\\/Candas-365-Redes.jpg\",\"@id\":\"https:\\\/\\\/candas365.es\\\/noticias\\\/la-nueva-joya-de-netflix-en-madrid\\\/#organizationLogo\",\"width\":1152,\"height\":864,\"caption\":\"Cand\\u00e1s 365 Redes\"},\"image\":{\"@id\":\"https:\\\/\\\/candas365.es\\\/noticias\\\/la-nueva-joya-de-netflix-en-madrid\\\/#organizationLogo\"},\"sameAs\":[\"https:\\\/\\\/www.facebook.com\\\/Nachofdezber\",\"https:\\\/\\\/x.com\\\/NabercoDigital\",\"https:\\\/\\\/www.instagram.com\\\/nachofdezber\\\/\",\"https:\\\/\\\/www.youtube.com\\\/channel\\\/UCZP-2wLEB9Rv6erhFmqVnvg\"],\"address\":{\"@id\":\"https:\\\/\\\/candas365.es\\\/noticias\\\/#postaladdress\",\"@type\":\"PostalAddress\",\"streetAddress\":\"san antonio 4, san antonio 4\",\"postalCode\":\"33430\",\"addressLocality\":\"Cand\\u00e1s\",\"addressRegion\":\"Asturias\",\"addressCountry\":\"ES\"}},{\"@type\":\"Person\",\"@id\":\"https:\\\/\\\/candas365.es\\\/noticias\\\/author\\\/admin\\\/#author\",\"url\":\"https:\\\/\\\/candas365.es\\\/noticias\\\/author\\\/admin\\\/\",\"name\":\"Cand\\u00e1s 365\",\"image\":{\"@type\":\"ImageObject\",\"@id\":\"https:\\\/\\\/candas365.es\\\/noticias\\\/la-nueva-joya-de-netflix-en-madrid\\\/#authorImage\",\"url\":\"https:\\\/\\\/secure.gravatar.com\\\/avatar\\\/496a8e03d0c493ede1718b7934145dbdf8d89be1036b0eec9544e1094c9de390?s=96&d=mm&r=g\",\"width\":96,\"height\":96,\"caption\":\"Cand\\u00e1s 365\"},\"sameAs\":[\"https:\\\/\\\/www.facebook.com\\\/carrenoactualidad\",\"https:\\\/\\\/twitter.com\\\/nbasturias\",\"https:\\\/\\\/www.instagram.com\\\/nachofdezber\\\/\",\"https:\\\/\\\/www.youtube.com\\\/channel\\\/UCZP-2wLEB9Rv6erhFmqVnvg\"]},{\"@type\":\"WebPage\",\"@id\":\"https:\\\/\\\/candas365.es\\\/noticias\\\/la-nueva-joya-de-netflix-en-madrid\\\/#webpage\",\"url\":\"https:\\\/\\\/candas365.es\\\/noticias\\\/la-nueva-joya-de-netflix-en-madrid\\\/\",\"name\":\"La nueva \\u00abjoya\\u00bb de Netflix en Madrid | Cand\\u00e1s 365\",\"description\":\"(EP) - Netflix ha inaugurado este martes la segunda fase de su centro de producci\\u00f3n y postproducci\\u00f3n en Madrid Content City ubicada en Tres Cantos\",\"inLanguage\":\"es-ES\",\"isPartOf\":{\"@id\":\"https:\\\/\\\/candas365.es\\\/noticias\\\/#website\"},\"breadcrumb\":{\"@id\":\"https:\\\/\\\/candas365.es\\\/noticias\\\/la-nueva-joya-de-netflix-en-madrid\\\/#breadcrumblist\"},\"author\":{\"@id\":\"https:\\\/\\\/candas365.es\\\/noticias\\\/author\\\/admin\\\/#author\"},\"creator\":{\"@id\":\"https:\\\/\\\/candas365.es\\\/noticias\\\/author\\\/admin\\\/#author\"},\"image\":{\"@type\":\"ImageObject\",\"url\":\"https:\\\/\\\/candas365.es\\\/noticias\\\/wp-content\\\/uploads\\\/2022\\\/11\\\/Netflix.jpg\",\"@id\":\"https:\\\/\\\/candas365.es\\\/noticias\\\/la-nueva-joya-de-netflix-en-madrid\\\/#mainImage\",\"width\":972,\"height\":653,\"caption\":\"FOTO; NETFLIX \\\/ Europa Press\"},\"primaryImageOfPage\":{\"@id\":\"https:\\\/\\\/candas365.es\\\/noticias\\\/la-nueva-joya-de-netflix-en-madrid\\\/#mainImage\"},\"datePublished\":\"2022-11-22T18:54:56+01:00\",\"dateModified\":\"2022-11-22T18:54:56+01:00\"},{\"@type\":\"WebSite\",\"@id\":\"https:\\\/\\\/candas365.es\\\/noticias\\\/#website\",\"url\":\"https:\\\/\\\/candas365.es\\\/noticias\\\/\",\"name\":\"Cand\\u00e1s 365\",\"alternateName\":\"Cand\\u00e1s 365 Noticias\",\"description\":\"Actualidad desde Carre\\u00f1o para el mundo\",\"inLanguage\":\"es-ES\",\"publisher\":{\"@id\":\"https:\\\/\\\/candas365.es\\\/noticias\\\/#organization\"}}]}\n\t\t<\/script>\n\t\t<!-- All in One SEO Pro -->\r\n\t\t<title>La nueva \u00abjoya\u00bb de Netflix en Madrid | Cand\u00e1s 365<\/title>\n\n","aioseo_head_json":{"title":"La nueva \u00abjoya\u00bb de Netflix en Madrid | Cand\u00e1s 365","description":"(EP) - Netflix ha inaugurado este martes la segunda fase de su centro de producci\u00f3n y postproducci\u00f3n en Madrid Content City ubicada en Tres Cantos","canonical_url":"https:\/\/candas365.es\/noticias\/la-nueva-joya-de-netflix-en-madrid\/","robots":"max-image-preview:large","keywords":"canal empresas","webmasterTools":{"google-site-verification":"UA-32230408-1","msvalidate.01":"354F3CDFB2DA171B47FBE9ABF1F88D5","miscellaneous":""},"schema":{"@context":"https:\/\/schema.org","@graph":[{"@type":"BreadcrumbList","@id":"https:\/\/candas365.es\/noticias\/la-nueva-joya-de-netflix-en-madrid\/#breadcrumblist","itemListElement":[{"@type":"ListItem","@id":"https:\/\/candas365.es\/noticias#listItem","position":1,"name":"Home","item":"https:\/\/candas365.es\/noticias","nextItem":{"@type":"ListItem","@id":"https:\/\/candas365.es\/noticias\/category\/canal-empresas\/#listItem","name":"Canal Empresas"}},{"@type":"ListItem","@id":"https:\/\/candas365.es\/noticias\/category\/canal-empresas\/#listItem","position":2,"name":"Canal Empresas","item":"https:\/\/candas365.es\/noticias\/category\/canal-empresas\/","nextItem":{"@type":"ListItem","@id":"https:\/\/candas365.es\/noticias\/la-nueva-joya-de-netflix-en-madrid\/#listItem","name":"La nueva \u00abjoya\u00bb de Netflix en Madrid"},"previousItem":{"@type":"ListItem","@id":"https:\/\/candas365.es\/noticias#listItem","name":"Home"}},{"@type":"ListItem","@id":"https:\/\/candas365.es\/noticias\/la-nueva-joya-de-netflix-en-madrid\/#listItem","position":3,"name":"La nueva \u00abjoya\u00bb de Netflix en Madrid","previousItem":{"@type":"ListItem","@id":"https:\/\/candas365.es\/noticias\/category\/canal-empresas\/#listItem","name":"Canal Empresas"}}]},{"@type":"NewsArticle","@id":"https:\/\/candas365.es\/noticias\/la-nueva-joya-de-netflix-en-madrid\/#newsarticle","name":"La nueva \u00abjoya\u00bb de Netflix en Madrid | Cand\u00e1s 365","headline":"La nueva \u00abjoya\u00bb de Netflix en Madrid","author":{"@id":"https:\/\/candas365.es\/noticias\/author\/admin\/#author"},"publisher":{"@id":"https:\/\/candas365.es\/noticias\/#organization"},"image":{"@type":"ImageObject","url":"https:\/\/candas365.es\/noticias\/wp-content\/uploads\/2022\/11\/Netflix.jpg","width":972,"height":653,"caption":"FOTO; NETFLIX \/ Europa Press"},"datePublished":"2022-11-22T18:54:56+01:00","dateModified":"2022-11-22T18:54:56+01:00","inLanguage":"es-ES","mainEntityOfPage":{"@id":"https:\/\/candas365.es\/noticias\/la-nueva-joya-de-netflix-en-madrid\/#webpage"},"isPartOf":{"@id":"https:\/\/candas365.es\/noticias\/la-nueva-joya-de-netflix-en-madrid\/#webpage"},"articleSection":"Canal Empresas, empresas, medios","dateline":"Publicado el noviembre 22, 2022."},{"@type":"Organization","@id":"https:\/\/candas365.es\/noticias\/#organization","name":"Cand\u00e1s 365","description":"Cand\u00e1s 365 es un diario digital independiente, fundado en 2012, con base en Asturias. Informamos con rigor sobre actualidad, sociedad, cultura y ocio, con una mirada local y global.","url":"https:\/\/candas365.es\/noticias\/","email":"info@candas365.es","telephone":"+34652131393","foundingDate":"2012-06-10","logo":{"@type":"ImageObject","url":"https:\/\/candas365.es\/noticias\/wp-content\/uploads\/2024\/09\/Candas-365-Redes.jpg","@id":"https:\/\/candas365.es\/noticias\/la-nueva-joya-de-netflix-en-madrid\/#organizationLogo","width":1152,"height":864,"caption":"Cand\u00e1s 365 Redes"},"image":{"@id":"https:\/\/candas365.es\/noticias\/la-nueva-joya-de-netflix-en-madrid\/#organizationLogo"},"sameAs":["https:\/\/www.facebook.com\/Nachofdezber","https:\/\/x.com\/NabercoDigital","https:\/\/www.instagram.com\/nachofdezber\/","https:\/\/www.youtube.com\/channel\/UCZP-2wLEB9Rv6erhFmqVnvg"],"address":{"@id":"https:\/\/candas365.es\/noticias\/#postaladdress","@type":"PostalAddress","streetAddress":"san antonio 4, san antonio 4","postalCode":"33430","addressLocality":"Cand\u00e1s","addressRegion":"Asturias","addressCountry":"ES"}},{"@type":"Person","@id":"https:\/\/candas365.es\/noticias\/author\/admin\/#author","url":"https:\/\/candas365.es\/noticias\/author\/admin\/","name":"Cand\u00e1s 365","image":{"@type":"ImageObject","@id":"https:\/\/candas365.es\/noticias\/la-nueva-joya-de-netflix-en-madrid\/#authorImage","url":"https:\/\/secure.gravatar.com\/avatar\/496a8e03d0c493ede1718b7934145dbdf8d89be1036b0eec9544e1094c9de390?s=96&d=mm&r=g","width":96,"height":96,"caption":"Cand\u00e1s 365"},"sameAs":["https:\/\/www.facebook.com\/carrenoactualidad","https:\/\/twitter.com\/nbasturias","https:\/\/www.instagram.com\/nachofdezber\/","https:\/\/www.youtube.com\/channel\/UCZP-2wLEB9Rv6erhFmqVnvg"]},{"@type":"WebPage","@id":"https:\/\/candas365.es\/noticias\/la-nueva-joya-de-netflix-en-madrid\/#webpage","url":"https:\/\/candas365.es\/noticias\/la-nueva-joya-de-netflix-en-madrid\/","name":"La nueva \u00abjoya\u00bb de Netflix en Madrid | Cand\u00e1s 365","description":"(EP) - Netflix ha inaugurado este martes la segunda fase de su centro de producci\u00f3n y postproducci\u00f3n en Madrid Content City ubicada en Tres Cantos","inLanguage":"es-ES","isPartOf":{"@id":"https:\/\/candas365.es\/noticias\/#website"},"breadcrumb":{"@id":"https:\/\/candas365.es\/noticias\/la-nueva-joya-de-netflix-en-madrid\/#breadcrumblist"},"author":{"@id":"https:\/\/candas365.es\/noticias\/author\/admin\/#author"},"creator":{"@id":"https:\/\/candas365.es\/noticias\/author\/admin\/#author"},"image":{"@type":"ImageObject","url":"https:\/\/candas365.es\/noticias\/wp-content\/uploads\/2022\/11\/Netflix.jpg","@id":"https:\/\/candas365.es\/noticias\/la-nueva-joya-de-netflix-en-madrid\/#mainImage","width":972,"height":653,"caption":"FOTO; NETFLIX \/ Europa Press"},"primaryImageOfPage":{"@id":"https:\/\/candas365.es\/noticias\/la-nueva-joya-de-netflix-en-madrid\/#mainImage"},"datePublished":"2022-11-22T18:54:56+01:00","dateModified":"2022-11-22T18:54:56+01:00"},{"@type":"WebSite","@id":"https:\/\/candas365.es\/noticias\/#website","url":"https:\/\/candas365.es\/noticias\/","name":"Cand\u00e1s 365","alternateName":"Cand\u00e1s 365 Noticias","description":"Actualidad desde Carre\u00f1o para el mundo","inLanguage":"es-ES","publisher":{"@id":"https:\/\/candas365.es\/noticias\/#organization"}}]},"og:locale":"es_ES","og:site_name":"Cand\u00e1s 365","og:type":"article","og:title":"La nueva \u00abjoya\u00bb de Netflix en Madrid | Cand\u00e1s 365","og:description":"(EP) - Netflix ha inaugurado este martes la segunda fase de su centro de producci\u00f3n y postproducci\u00f3n en Madrid Content City ubicada en Tres Cantos","og:url":"https:\/\/candas365.es\/noticias\/la-nueva-joya-de-netflix-en-madrid\/","og:image":"https:\/\/candas365.es\/noticias\/wp-content\/uploads\/2022\/11\/Netflix.jpg","og:image:secure_url":"https:\/\/candas365.es\/noticias\/wp-content\/uploads\/2022\/11\/Netflix.jpg","og:image:width":972,"og:image:height":653,"article:published_time":"2022-11-22T17:54:56+00:00","article:modified_time":"2022-11-22T17:54:56+00:00","article:publisher":"https:\/\/www.facebook.com\/Nachofdezber","article:author":"https:\/\/www.facebook.com\/carrenoactualidad","twitter:card":"summary_large_image","twitter:site":"@NabercoDigital","twitter:title":"La nueva \u00abjoya\u00bb de Netflix en Madrid | Cand\u00e1s 365","twitter:description":"(EP) - Netflix ha inaugurado este martes la segunda fase de su centro de producci\u00f3n y postproducci\u00f3n en Madrid Content City ubicada en Tres Cantos","twitter:creator":"@nbasturias","twitter:image":"https:\/\/candas365.es\/noticias\/wp-content\/uploads\/2022\/11\/Netflix.jpg","twitter:label1":"Escrito por","twitter:data1":"Cand\u00e1s 365","twitter:label2":"Tiempo de lectura estimado","twitter:data2":"5 minutos"},"aioseo_meta_data":{"post_id":"169290","title":null,"description":"(EP) - Netflix ha inaugurado este martes la segunda fase de su centro de producci\u00f3n y postproducci\u00f3n en Madrid Content City ubicada en Tres Cantos","keywords":[],"keyphrases":{"focus":{"keyphrase":"Netflix ","score":92,"analysis":{"keyphraseInTitle":{"title":"Focus keyphrase in SEO title","description":"Focus keyphrase found in SEO title.","score":9,"maxScore":9,"error":0},"keyphraseInDescription":{"title":"Focus keyphrase in meta description","description":"Focus keyphrase found in meta description.","score":9,"maxScore":9,"error":0},"keyphraseLength":{"title":"Focus keyphrase length","description":"Good job!","score":9,"maxScore":9,"error":0,"length":1},"keyphraseInURL":{"title":"Focus keyphrase in URL","description":"Focus keyphrase not found in the URL.","score":1,"maxScore":5,"error":1},"keyphraseInIntroduction":{"title":"Focus keyphrase in introduction","description":"Your Focus keyphrase appears in the first paragraph. Well done!","score":9,"maxScore":9,"error":0},"keyphraseInSubHeadings":[],"keyphraseInImageAlt":{"title":"Focus keyphrase in image alt attributes","description":"Focus keyphrase found in image alt attribute(s).","score":9,"maxScore":9,"error":0}}},"additional":[{"keyphrase":"Netflix ","score":100,"analysis":{"keyphraseInDescription":{"title":"Keyphrase in meta description","description":"Keyphrase found in meta description.","score":9,"maxScore":9,"error":0},"keyphraseLength":{"title":"Keyphrase length","description":"Good job!","score":9,"maxScore":9,"error":0,"length":1},"keyphraseInIntroduction":{"title":"Keyphrase in introduction","description":"Your Keyphrase appears in the first paragraph. Well done!","score":9,"maxScore":9,"error":0},"keyphraseInImageAlt":{"title":"Keyphrase in image alt attributes","description":"Keyphrase found in image alt attribute(s).","score":9,"maxScore":9,"error":0}}}]},"primary_term":null,"canonical_url":null,"og_title":null,"og_description":null,"og_object_type":"default","og_image_type":"default","og_image_url":null,"og_image_width":null,"og_image_height":null,"og_image_custom_url":null,"og_image_custom_fields":null,"og_video":"","og_custom_url":null,"og_article_section":null,"og_article_tags":[],"twitter_use_og":false,"twitter_card":"default","twitter_image_type":"default","twitter_image_url":null,"twitter_image_custom_url":null,"twitter_image_custom_fields":null,"twitter_title":null,"twitter_description":null,"schema":{"blockGraphs":[],"customGraphs":[],"default":{"data":{"Article":[],"Course":[],"Dataset":[],"FAQPage":[],"Movie":[],"Person":[],"Product":[],"ProductReview":[],"Car":[],"Recipe":[],"Service":[],"SoftwareApplication":[],"WebPage":[]},"graphName":"Article","isEnabled":true},"graphs":[]},"schema_type":"default","schema_type_options":null,"pillar_content":false,"robots_default":true,"robots_noindex":false,"robots_noarchive":false,"robots_nosnippet":false,"robots_nofollow":false,"robots_noimageindex":false,"robots_noodp":false,"robots_notranslate":false,"robots_max_snippet":"-1","robots_max_videopreview":"-1","robots_max_imagepreview":"large","priority":null,"frequency":"default","location":null,"local_seo":null,"seo_analyzer_scan_date":"2025-09-01 16:09:09","breadcrumb_settings":null,"limit_modified_date":false,"reviewed_by":null,"open_ai":null,"ai":null,"created":"2022-11-22 17:11:54","updated":"2025-09-01 16:09:09"},"aioseo_breadcrumb":"<div class=\"aioseo-breadcrumbs\"><span class=\"aioseo-breadcrumb\">\n\t<a href=\"https:\/\/candas365.es\/noticias\" title=\"Home\">Home<\/a>\n<\/span><span class=\"aioseo-breadcrumb-separator\">&ndash;<\/span><span class=\"aioseo-breadcrumb\">\n\t<a href=\"https:\/\/candas365.es\/noticias\/category\/canal-empresas\/\" title=\"Canal Empresas\">Canal Empresas<\/a>\n<\/span><span class=\"aioseo-breadcrumb-separator\">&ndash;<\/span><span class=\"aioseo-breadcrumb\">\n\tLa nueva \u00abjoya\u00bb de Netflix en Madrid\n<\/span><\/div>","aioseo_breadcrumb_json":[{"label":"Home","link":"https:\/\/candas365.es\/noticias"},{"label":"Canal Empresas","link":"https:\/\/candas365.es\/noticias\/category\/canal-empresas\/"},{"label":"La nueva \u00abjoya\u00bb de Netflix en Madrid","link":"https:\/\/candas365.es\/noticias\/la-nueva-joya-de-netflix-en-madrid\/"}],"_links":{"self":[{"href":"https:\/\/candas365.es\/noticias\/wp-json\/wp\/v2\/posts\/169290","targetHints":{"allow":["GET"]}}],"collection":[{"href":"https:\/\/candas365.es\/noticias\/wp-json\/wp\/v2\/posts"}],"about":[{"href":"https:\/\/candas365.es\/noticias\/wp-json\/wp\/v2\/types\/post"}],"author":[{"embeddable":true,"href":"https:\/\/candas365.es\/noticias\/wp-json\/wp\/v2\/users\/1"}],"replies":[{"embeddable":true,"href":"https:\/\/candas365.es\/noticias\/wp-json\/wp\/v2\/comments?post=169290"}],"version-history":[{"count":0,"href":"https:\/\/candas365.es\/noticias\/wp-json\/wp\/v2\/posts\/169290\/revisions"}],"wp:featuredmedia":[{"embeddable":true,"href":"https:\/\/candas365.es\/noticias\/wp-json\/wp\/v2\/media\/169291"}],"wp:attachment":[{"href":"https:\/\/candas365.es\/noticias\/wp-json\/wp\/v2\/media?parent=169290"}],"wp:term":[{"taxonomy":"category","embeddable":true,"href":"https:\/\/candas365.es\/noticias\/wp-json\/wp\/v2\/categories?post=169290"},{"taxonomy":"post_tag","embeddable":true,"href":"https:\/\/candas365.es\/noticias\/wp-json\/wp\/v2\/tags?post=169290"}],"curies":[{"name":"wp","href":"https:\/\/api.w.org\/{rel}","templated":true}]}}