{"id":169284,"date":"2022-11-22T15:37:39","date_gmt":"2022-11-22T14:37:39","guid":{"rendered":"https:\/\/candas365.es\/noticias\/?p=169284"},"modified":"2022-11-22T15:37:39","modified_gmt":"2022-11-22T14:37:39","slug":"la-enesima-locura-de-los-ultrabikers-pujol-y-mato-la-across-andes-y-la-carretera-austral","status":"publish","type":"post","link":"https:\/\/candas365.es\/noticias\/la-enesima-locura-de-los-ultrabikers-pujol-y-mato-la-across-andes-y-la-carretera-austral\/","title":{"rendered":"La en\u00e9sima \u00ablocura\u00bb de los &#8216;ultrabikers&#8217; Pujol y Mato: La Across Andes y la carretera Austral"},"content":{"rendered":"<p>(ep) &#8211; Los &#8216;ultrabikers&#8217; vallisoletanos \u00d3scar Pujol y C\u00e9sar Mato est\u00e1n a punto de comenzar su en\u00e9sima \u00ablocura\u00bb.<strong> Esta vez tienen la intenci\u00f3n de recorrer m\u00e1s de 2.500 kil\u00f3metros y afrontar 33.600 metros de desnivel a trav\u00e9s de caminos, sendas y carreteras en Chile y Argentin<\/strong>a.<\/p>\n<figure id=\"attachment_169285\" aria-describedby=\"caption-attachment-169285\" style=\"width: 650px\" class=\"wp-caption aligncenter\"><img fetchpriority=\"high\" decoding=\"async\" class=\"wp-image-169285 size-large\" src=\"https:\/\/candas365.es\/noticias\/wp-content\/uploads\/2022\/11\/ultrabikers-650x441.jpg\" alt=\"ultrabikers\" width=\"650\" height=\"441\" srcset=\"https:\/\/candas365.es\/noticias\/wp-content\/uploads\/2022\/11\/ultrabikers-650x441.jpg 650w, https:\/\/candas365.es\/noticias\/wp-content\/uploads\/2022\/11\/ultrabikers-360x244.jpg 360w, https:\/\/candas365.es\/noticias\/wp-content\/uploads\/2022\/11\/ultrabikers-768x521.jpg 768w, https:\/\/candas365.es\/noticias\/wp-content\/uploads\/2022\/11\/ultrabikers-150x102.jpg 150w, https:\/\/candas365.es\/noticias\/wp-content\/uploads\/2022\/11\/ultrabikers-450x305.jpg 450w, https:\/\/candas365.es\/noticias\/wp-content\/uploads\/2022\/11\/ultrabikers.jpg 987w\" sizes=\"(max-width: 650px) 100vw, 650px\" \/><figcaption id=\"caption-attachment-169285\" class=\"wp-caption-text\">FOTO: ACROSS ANDES \/ Europa Press<\/figcaption><\/figure>\n<p>Arrancan cargados de \u00abganas e ilusi\u00f3n\u00bb este mi\u00e9rcoles para participar, ya desde el domingo, en una nueva edici\u00f3n de la Across Andes, que ya disputaron en 2019 y en la que finalizaron segundos.<\/p>\n<p><strong>\u00abFue nuestra primera gran prueba de bikepacking y solo la pandemia ha impedido que hayamos repetido desde entonces\u00bb, apunta Pujol<\/strong>, exprofesional de equipos como Cervelo y Lotto y que ahora se dedica a realizar pruebas de este tipo y a crear contenido vinculado a todas las disciplinas del ciclismo para su canal de youtube.<\/p>\n<p>Este a\u00f1o, el objetivo sigue siendo el mismo, apunta Mato que mira impaciente el calendario para cerrar el ordenador y colgar su particular cartel de &#8216;vacaciones&#8217;. \u00abSiempre hemos dicho que esto es un modo de vida y ahora es momento de desconectar y vivir\u00bb, se\u00f1ala en declaraciones recogidas por Europa Press.<\/p>\n<p>Salen con lo justo. <strong>Ropa, bicicleta y saco de dormir<\/strong>. A partir de ah\u00ed, 2.500 kil\u00f3metros y 33.000 metros de desnivel. Porque esta Across Andes no terminar\u00e1 en Melipueco y no ir\u00e1 por la zona norte, como hace a\u00f1os, sino que continuar\u00e1, una vez finalizada la prueba, con una aventura que llevar\u00e1 a los dos vallisoletanos a recorrer la carretera Austral, de m\u00e1s de 1.200 kil\u00f3metros que une el sur y el norte de Chile.<\/p>\n<p>En cuanto a la Across Andes, el recorrido, tal y como se\u00f1ala el de Laguna de Duero, ir\u00e1 por la zona sur. \u00abNo tiene nada que ver con el norte, m\u00e1s \u00e1rido. Aqu\u00ed recorreremos bosques milenarios, lagos&#8230; los paisajes brutales de la Patagonia chilena\u00bb, explica, algo que supone un acicate m\u00e1s para los vallisoletanos, apunta Pujol, que incide en que siempre es \u00abinteresante\u00bb conocer \u00abnuevos sitios\u00bb.<\/p>\n<p>\u00abVeremos lo que nos encontramos\u00bb, a\u00f1aden los dos, que recuerdan con brillo en los ojos su primera participaci\u00f3n hace dos a\u00f1os donde \u00abdisfrutaron sufriendo\u00bb de los paisajes y gentes de la zona. <strong>\u00abEl \u00fanico objetivo que nos marcamos aqu\u00ed es disfrutar\u00bb, insiste, pese a ser una de las parejas referencia que ya saben lo que es concluir en primera posici\u00f3n pruebas de este tipo, como la &#8216;Kil\u00f3metro 0&#8217;.<\/strong><\/p>\n<p>Una vez finalizada la prueba, los vallisoletanos continuar\u00e1n con su aventura, ahora sin agobios del crono o de lo que marque una clasificaci\u00f3n, bajar\u00e1n a San Carlos de Bariloche para, posteriormente, coger la carretera Austral direcci\u00f3n Puerto Montt, m\u00e1s de 1.200 kil\u00f3metros y 18.600 metros de desnivel por una zona \u00abpr\u00e1cticamente virgen\u00bb, la mayor parte sin asfaltar y que recorre reservas naturales y grandes parques.<\/p>\n<p><strong>\u00abNo s\u00e9 si llegaremos a comer el turr\u00f3n\u00bb, bromean los ultraciclistas, que no han querido perder la oportunidad de completar su aventura andina con este nuevo reto<\/strong>. \u00abNo sabemos qu\u00e9 es lo que nos vamos a encontrar, s\u00ed que lo vamos a disfrutar al m\u00e1ximo\u00bb, resumen \u00d3scar Pujol y C\u00e9sar Mato.<\/p>\n","protected":false},"excerpt":{"rendered":"<p>(ep) &#8211; Los &#8216;ultrabikers&#8217; vallisoletanos \u00d3scar Pujol y C\u00e9sar Mato est\u00e1n a punto de comenzar su en\u00e9sima \u00ablocura\u00bb. Esta vez tienen la intenci\u00f3n de recorrer m\u00e1s de 2.500 kil\u00f3metros y afrontar 33.600 metros de desnivel a trav\u00e9s de caminos, sendas y carreteras en Chile y Argentina. Arrancan cargados de \u00abganas e ilusi\u00f3n\u00bb este mi\u00e9rcoles para<\/p>\n","protected":false},"author":1,"featured_media":169285,"comment_status":"closed","ping_status":"closed","sticky":false,"template":"","format":"standard","meta":{"footnotes":""},"categories":[319],"tags":[387],"class_list":{"0":"post-169284","1":"post","2":"type-post","3":"status-publish","4":"format-standard","5":"has-post-thumbnail","7":"category-deporte","8":"tag-deporte"},"aioseo_notices":[],"aioseo_head":"\n\t\t<!-- All in One SEO Pro 4.9.6.2 - aioseo.com -->\n\t<meta name=\"description\" content=\"(EP) - Los &#039;ultrabikers&#039; vallisoletanos \u00d3scar Pujol y C\u00e9sar Mato est\u00e1n a punto de comenzar su en\u00e9sima &quot;locura&quot;. Esta vez tienen la intenci\u00f3n de recorrer\" \/>\n\t<meta name=\"robots\" content=\"max-image-preview:large\" \/>\n\t<meta name=\"author\" content=\"Cand\u00e1s 365\"\/>\n\t<meta name=\"google-site-verification\" content=\"UA-32230408-1\" \/>\n\t<meta name=\"msvalidate.01\" content=\"354F3CDFB2DA171B47FBE9ABF1F88D5\" \/>\n\t<meta name=\"keywords\" content=\"deporte\" \/>\n\t<link rel=\"canonical\" href=\"https:\/\/candas365.es\/noticias\/la-enesima-locura-de-los-ultrabikers-pujol-y-mato-la-across-andes-y-la-carretera-austral\/\" \/>\n\t<meta name=\"generator\" content=\"All in One SEO Pro (AIOSEO) 4.9.6.2\" \/>\n\t\t<meta property=\"og:locale\" content=\"es_ES\" \/>\n\t\t<meta property=\"og:site_name\" content=\"Cand\u00e1s 365\" \/>\n\t\t<meta property=\"og:type\" content=\"article\" \/>\n\t\t<meta property=\"og:title\" content=\"La en\u00e9sima \u00ablocura\u00bb de los \u2018ultrabikers\u2019 Pujol y Mato: La Across Andes y la carretera Austral | Cand\u00e1s 365\" \/>\n\t\t<meta property=\"og:description\" content=\"(EP) - Los &#039;ultrabikers&#039; vallisoletanos \u00d3scar Pujol y C\u00e9sar Mato est\u00e1n a punto de comenzar su en\u00e9sima &quot;locura&quot;. Esta vez tienen la intenci\u00f3n de recorrer\" \/>\n\t\t<meta property=\"og:url\" content=\"https:\/\/candas365.es\/noticias\/la-enesima-locura-de-los-ultrabikers-pujol-y-mato-la-across-andes-y-la-carretera-austral\/\" \/>\n\t\t<meta property=\"og:image\" content=\"https:\/\/candas365.es\/noticias\/wp-content\/uploads\/2022\/11\/ultrabikers.jpg\" \/>\n\t\t<meta property=\"og:image:secure_url\" content=\"https:\/\/candas365.es\/noticias\/wp-content\/uploads\/2022\/11\/ultrabikers.jpg\" \/>\n\t\t<meta property=\"og:image:width\" content=\"987\" \/>\n\t\t<meta property=\"og:image:height\" content=\"670\" \/>\n\t\t<meta property=\"article:published_time\" content=\"2022-11-22T14:37:39+00:00\" \/>\n\t\t<meta property=\"article:modified_time\" content=\"2022-11-22T14:37:39+00:00\" \/>\n\t\t<meta property=\"article:publisher\" content=\"https:\/\/www.facebook.com\/Nachofdezber\" \/>\n\t\t<meta property=\"article:author\" content=\"https:\/\/www.facebook.com\/carrenoactualidad\" \/>\n\t\t<meta name=\"twitter:card\" content=\"summary_large_image\" \/>\n\t\t<meta name=\"twitter:site\" content=\"@NabercoDigital\" \/>\n\t\t<meta name=\"twitter:title\" content=\"La en\u00e9sima \u00ablocura\u00bb de los \u2018ultrabikers\u2019 Pujol y Mato: La Across Andes y la carretera Austral | Cand\u00e1s 365\" \/>\n\t\t<meta name=\"twitter:description\" content=\"(EP) - Los &#039;ultrabikers&#039; vallisoletanos \u00d3scar Pujol y C\u00e9sar Mato est\u00e1n a punto de comenzar su en\u00e9sima &quot;locura&quot;. Esta vez tienen la intenci\u00f3n de recorrer\" \/>\n\t\t<meta name=\"twitter:creator\" content=\"@nbasturias\" \/>\n\t\t<meta name=\"twitter:image\" content=\"https:\/\/candas365.es\/noticias\/wp-content\/uploads\/2022\/11\/ultrabikers.jpg\" \/>\n\t\t<meta name=\"twitter:label1\" content=\"Escrito por\" \/>\n\t\t<meta name=\"twitter:data1\" content=\"Cand\u00e1s 365\" \/>\n\t\t<meta name=\"twitter:label2\" content=\"Tiempo de lectura estimado\" \/>\n\t\t<meta name=\"twitter:data2\" content=\"3 minutos\" \/>\n\t\t<script type=\"application\/ld+json\" class=\"aioseo-schema\">\n\t\t\t{\"@context\":\"https:\\\/\\\/schema.org\",\"@graph\":[{\"@type\":\"BreadcrumbList\",\"@id\":\"https:\\\/\\\/candas365.es\\\/noticias\\\/la-enesima-locura-de-los-ultrabikers-pujol-y-mato-la-across-andes-y-la-carretera-austral\\\/#breadcrumblist\",\"itemListElement\":[{\"@type\":\"ListItem\",\"@id\":\"https:\\\/\\\/candas365.es\\\/noticias#listItem\",\"position\":1,\"name\":\"Home\",\"item\":\"https:\\\/\\\/candas365.es\\\/noticias\",\"nextItem\":{\"@type\":\"ListItem\",\"@id\":\"https:\\\/\\\/candas365.es\\\/noticias\\\/category\\\/deporte\\\/#listItem\",\"name\":\"Deporte\"}},{\"@type\":\"ListItem\",\"@id\":\"https:\\\/\\\/candas365.es\\\/noticias\\\/category\\\/deporte\\\/#listItem\",\"position\":2,\"name\":\"Deporte\",\"item\":\"https:\\\/\\\/candas365.es\\\/noticias\\\/category\\\/deporte\\\/\",\"nextItem\":{\"@type\":\"ListItem\",\"@id\":\"https:\\\/\\\/candas365.es\\\/noticias\\\/la-enesima-locura-de-los-ultrabikers-pujol-y-mato-la-across-andes-y-la-carretera-austral\\\/#listItem\",\"name\":\"La en\\u00e9sima \\u00ablocura\\u00bb de los &#8216;ultrabikers&#8217; Pujol y Mato: La Across Andes y la carretera Austral\"},\"previousItem\":{\"@type\":\"ListItem\",\"@id\":\"https:\\\/\\\/candas365.es\\\/noticias#listItem\",\"name\":\"Home\"}},{\"@type\":\"ListItem\",\"@id\":\"https:\\\/\\\/candas365.es\\\/noticias\\\/la-enesima-locura-de-los-ultrabikers-pujol-y-mato-la-across-andes-y-la-carretera-austral\\\/#listItem\",\"position\":3,\"name\":\"La en\\u00e9sima \\u00ablocura\\u00bb de los &#8216;ultrabikers&#8217; Pujol y Mato: La Across Andes y la carretera Austral\",\"previousItem\":{\"@type\":\"ListItem\",\"@id\":\"https:\\\/\\\/candas365.es\\\/noticias\\\/category\\\/deporte\\\/#listItem\",\"name\":\"Deporte\"}}]},{\"@type\":\"NewsArticle\",\"@id\":\"https:\\\/\\\/candas365.es\\\/noticias\\\/la-enesima-locura-de-los-ultrabikers-pujol-y-mato-la-across-andes-y-la-carretera-austral\\\/#newsarticle\",\"name\":\"La en\\u00e9sima \\u00ablocura\\u00bb de los \\u2018ultrabikers\\u2019 Pujol y Mato: La Across Andes y la carretera Austral | Cand\\u00e1s 365\",\"headline\":\"La en\\u00e9sima \\u00ablocura\\u00bb de los &#8216;ultrabikers&#8217; Pujol y Mato: La Across Andes y la carretera Austral\",\"author\":{\"@id\":\"https:\\\/\\\/candas365.es\\\/noticias\\\/author\\\/admin\\\/#author\"},\"publisher\":{\"@id\":\"https:\\\/\\\/candas365.es\\\/noticias\\\/#organization\"},\"image\":{\"@type\":\"ImageObject\",\"url\":\"https:\\\/\\\/candas365.es\\\/noticias\\\/wp-content\\\/uploads\\\/2022\\\/11\\\/ultrabikers.jpg\",\"width\":987,\"height\":670,\"caption\":\"FOTO: ACROSS ANDES \\\/ Europa Press\"},\"datePublished\":\"2022-11-22T15:37:39+01:00\",\"dateModified\":\"2022-11-22T15:37:39+01:00\",\"inLanguage\":\"es-ES\",\"mainEntityOfPage\":{\"@id\":\"https:\\\/\\\/candas365.es\\\/noticias\\\/la-enesima-locura-de-los-ultrabikers-pujol-y-mato-la-across-andes-y-la-carretera-austral\\\/#webpage\"},\"isPartOf\":{\"@id\":\"https:\\\/\\\/candas365.es\\\/noticias\\\/la-enesima-locura-de-los-ultrabikers-pujol-y-mato-la-across-andes-y-la-carretera-austral\\\/#webpage\"},\"articleSection\":\"Deporte, deporte\",\"dateline\":\"Publicado el noviembre 22, 2022.\"},{\"@type\":\"Organization\",\"@id\":\"https:\\\/\\\/candas365.es\\\/noticias\\\/#organization\",\"name\":\"Cand\\u00e1s 365\",\"description\":\"Cand\\u00e1s 365 es un diario digital independiente, fundado en 2012, con base en Asturias. Informamos con rigor sobre actualidad, sociedad, cultura y ocio, con una mirada local y global.\",\"url\":\"https:\\\/\\\/candas365.es\\\/noticias\\\/\",\"email\":\"info@candas365.es\",\"telephone\":\"+34652131393\",\"foundingDate\":\"2012-06-10\",\"logo\":{\"@type\":\"ImageObject\",\"url\":\"https:\\\/\\\/candas365.es\\\/noticias\\\/wp-content\\\/uploads\\\/2024\\\/09\\\/Candas-365-Redes.jpg\",\"@id\":\"https:\\\/\\\/candas365.es\\\/noticias\\\/la-enesima-locura-de-los-ultrabikers-pujol-y-mato-la-across-andes-y-la-carretera-austral\\\/#organizationLogo\",\"width\":1152,\"height\":864,\"caption\":\"Cand\\u00e1s 365 Redes\"},\"image\":{\"@id\":\"https:\\\/\\\/candas365.es\\\/noticias\\\/la-enesima-locura-de-los-ultrabikers-pujol-y-mato-la-across-andes-y-la-carretera-austral\\\/#organizationLogo\"},\"sameAs\":[\"https:\\\/\\\/www.facebook.com\\\/Nachofdezber\",\"https:\\\/\\\/x.com\\\/NabercoDigital\",\"https:\\\/\\\/www.instagram.com\\\/nachofdezber\\\/\",\"https:\\\/\\\/www.youtube.com\\\/channel\\\/UCZP-2wLEB9Rv6erhFmqVnvg\"],\"address\":{\"@id\":\"https:\\\/\\\/candas365.es\\\/noticias\\\/#postaladdress\",\"@type\":\"PostalAddress\",\"streetAddress\":\"san antonio 4, san antonio 4\",\"postalCode\":\"33430\",\"addressLocality\":\"Cand\\u00e1s\",\"addressRegion\":\"Asturias\",\"addressCountry\":\"ES\"}},{\"@type\":\"Person\",\"@id\":\"https:\\\/\\\/candas365.es\\\/noticias\\\/author\\\/admin\\\/#author\",\"url\":\"https:\\\/\\\/candas365.es\\\/noticias\\\/author\\\/admin\\\/\",\"name\":\"Cand\\u00e1s 365\",\"image\":{\"@type\":\"ImageObject\",\"@id\":\"https:\\\/\\\/candas365.es\\\/noticias\\\/la-enesima-locura-de-los-ultrabikers-pujol-y-mato-la-across-andes-y-la-carretera-austral\\\/#authorImage\",\"url\":\"https:\\\/\\\/secure.gravatar.com\\\/avatar\\\/496a8e03d0c493ede1718b7934145dbdf8d89be1036b0eec9544e1094c9de390?s=96&d=mm&r=g\",\"width\":96,\"height\":96,\"caption\":\"Cand\\u00e1s 365\"},\"sameAs\":[\"https:\\\/\\\/www.facebook.com\\\/carrenoactualidad\",\"https:\\\/\\\/twitter.com\\\/nbasturias\",\"https:\\\/\\\/www.instagram.com\\\/nachofdezber\\\/\",\"https:\\\/\\\/www.youtube.com\\\/channel\\\/UCZP-2wLEB9Rv6erhFmqVnvg\"]},{\"@type\":\"WebPage\",\"@id\":\"https:\\\/\\\/candas365.es\\\/noticias\\\/la-enesima-locura-de-los-ultrabikers-pujol-y-mato-la-across-andes-y-la-carretera-austral\\\/#webpage\",\"url\":\"https:\\\/\\\/candas365.es\\\/noticias\\\/la-enesima-locura-de-los-ultrabikers-pujol-y-mato-la-across-andes-y-la-carretera-austral\\\/\",\"name\":\"La en\\u00e9sima \\u00ablocura\\u00bb de los \\u2018ultrabikers\\u2019 Pujol y Mato: La Across Andes y la carretera Austral | Cand\\u00e1s 365\",\"description\":\"(EP) - Los 'ultrabikers' vallisoletanos \\u00d3scar Pujol y C\\u00e9sar Mato est\\u00e1n a punto de comenzar su en\\u00e9sima \\\"locura\\\". Esta vez tienen la intenci\\u00f3n de recorrer\",\"inLanguage\":\"es-ES\",\"isPartOf\":{\"@id\":\"https:\\\/\\\/candas365.es\\\/noticias\\\/#website\"},\"breadcrumb\":{\"@id\":\"https:\\\/\\\/candas365.es\\\/noticias\\\/la-enesima-locura-de-los-ultrabikers-pujol-y-mato-la-across-andes-y-la-carretera-austral\\\/#breadcrumblist\"},\"author\":{\"@id\":\"https:\\\/\\\/candas365.es\\\/noticias\\\/author\\\/admin\\\/#author\"},\"creator\":{\"@id\":\"https:\\\/\\\/candas365.es\\\/noticias\\\/author\\\/admin\\\/#author\"},\"image\":{\"@type\":\"ImageObject\",\"url\":\"https:\\\/\\\/candas365.es\\\/noticias\\\/wp-content\\\/uploads\\\/2022\\\/11\\\/ultrabikers.jpg\",\"@id\":\"https:\\\/\\\/candas365.es\\\/noticias\\\/la-enesima-locura-de-los-ultrabikers-pujol-y-mato-la-across-andes-y-la-carretera-austral\\\/#mainImage\",\"width\":987,\"height\":670,\"caption\":\"FOTO: ACROSS ANDES \\\/ Europa Press\"},\"primaryImageOfPage\":{\"@id\":\"https:\\\/\\\/candas365.es\\\/noticias\\\/la-enesima-locura-de-los-ultrabikers-pujol-y-mato-la-across-andes-y-la-carretera-austral\\\/#mainImage\"},\"datePublished\":\"2022-11-22T15:37:39+01:00\",\"dateModified\":\"2022-11-22T15:37:39+01:00\"},{\"@type\":\"WebSite\",\"@id\":\"https:\\\/\\\/candas365.es\\\/noticias\\\/#website\",\"url\":\"https:\\\/\\\/candas365.es\\\/noticias\\\/\",\"name\":\"Cand\\u00e1s 365\",\"alternateName\":\"Cand\\u00e1s 365 Noticias\",\"description\":\"Actualidad desde Carre\\u00f1o para el mundo\",\"inLanguage\":\"es-ES\",\"publisher\":{\"@id\":\"https:\\\/\\\/candas365.es\\\/noticias\\\/#organization\"}}]}\n\t\t<\/script>\n\t\t<!-- All in One SEO Pro -->\r\n\t\t<title>La en\u00e9sima \u00ablocura\u00bb de los \u2018ultrabikers\u2019 Pujol y Mato: La Across Andes y la carretera Austral | Cand\u00e1s 365<\/title>\n\n","aioseo_head_json":{"title":"La en\u00e9sima \u00ablocura\u00bb de los \u2018ultrabikers\u2019 Pujol y Mato: La Across Andes y la carretera Austral | Cand\u00e1s 365","description":"(EP) - Los 'ultrabikers' vallisoletanos \u00d3scar Pujol y C\u00e9sar Mato est\u00e1n a punto de comenzar su en\u00e9sima \"locura\". Esta vez tienen la intenci\u00f3n de recorrer","canonical_url":"https:\/\/candas365.es\/noticias\/la-enesima-locura-de-los-ultrabikers-pujol-y-mato-la-across-andes-y-la-carretera-austral\/","robots":"max-image-preview:large","keywords":"deporte","webmasterTools":{"google-site-verification":"UA-32230408-1","msvalidate.01":"354F3CDFB2DA171B47FBE9ABF1F88D5","miscellaneous":""},"schema":{"@context":"https:\/\/schema.org","@graph":[{"@type":"BreadcrumbList","@id":"https:\/\/candas365.es\/noticias\/la-enesima-locura-de-los-ultrabikers-pujol-y-mato-la-across-andes-y-la-carretera-austral\/#breadcrumblist","itemListElement":[{"@type":"ListItem","@id":"https:\/\/candas365.es\/noticias#listItem","position":1,"name":"Home","item":"https:\/\/candas365.es\/noticias","nextItem":{"@type":"ListItem","@id":"https:\/\/candas365.es\/noticias\/category\/deporte\/#listItem","name":"Deporte"}},{"@type":"ListItem","@id":"https:\/\/candas365.es\/noticias\/category\/deporte\/#listItem","position":2,"name":"Deporte","item":"https:\/\/candas365.es\/noticias\/category\/deporte\/","nextItem":{"@type":"ListItem","@id":"https:\/\/candas365.es\/noticias\/la-enesima-locura-de-los-ultrabikers-pujol-y-mato-la-across-andes-y-la-carretera-austral\/#listItem","name":"La en\u00e9sima \u00ablocura\u00bb de los &#8216;ultrabikers&#8217; Pujol y Mato: La Across Andes y la carretera Austral"},"previousItem":{"@type":"ListItem","@id":"https:\/\/candas365.es\/noticias#listItem","name":"Home"}},{"@type":"ListItem","@id":"https:\/\/candas365.es\/noticias\/la-enesima-locura-de-los-ultrabikers-pujol-y-mato-la-across-andes-y-la-carretera-austral\/#listItem","position":3,"name":"La en\u00e9sima \u00ablocura\u00bb de los &#8216;ultrabikers&#8217; Pujol y Mato: La Across Andes y la carretera Austral","previousItem":{"@type":"ListItem","@id":"https:\/\/candas365.es\/noticias\/category\/deporte\/#listItem","name":"Deporte"}}]},{"@type":"NewsArticle","@id":"https:\/\/candas365.es\/noticias\/la-enesima-locura-de-los-ultrabikers-pujol-y-mato-la-across-andes-y-la-carretera-austral\/#newsarticle","name":"La en\u00e9sima \u00ablocura\u00bb de los \u2018ultrabikers\u2019 Pujol y Mato: La Across Andes y la carretera Austral | Cand\u00e1s 365","headline":"La en\u00e9sima \u00ablocura\u00bb de los &#8216;ultrabikers&#8217; Pujol y Mato: La Across Andes y la carretera Austral","author":{"@id":"https:\/\/candas365.es\/noticias\/author\/admin\/#author"},"publisher":{"@id":"https:\/\/candas365.es\/noticias\/#organization"},"image":{"@type":"ImageObject","url":"https:\/\/candas365.es\/noticias\/wp-content\/uploads\/2022\/11\/ultrabikers.jpg","width":987,"height":670,"caption":"FOTO: ACROSS ANDES \/ Europa Press"},"datePublished":"2022-11-22T15:37:39+01:00","dateModified":"2022-11-22T15:37:39+01:00","inLanguage":"es-ES","mainEntityOfPage":{"@id":"https:\/\/candas365.es\/noticias\/la-enesima-locura-de-los-ultrabikers-pujol-y-mato-la-across-andes-y-la-carretera-austral\/#webpage"},"isPartOf":{"@id":"https:\/\/candas365.es\/noticias\/la-enesima-locura-de-los-ultrabikers-pujol-y-mato-la-across-andes-y-la-carretera-austral\/#webpage"},"articleSection":"Deporte, deporte","dateline":"Publicado el noviembre 22, 2022."},{"@type":"Organization","@id":"https:\/\/candas365.es\/noticias\/#organization","name":"Cand\u00e1s 365","description":"Cand\u00e1s 365 es un diario digital independiente, fundado en 2012, con base en Asturias. Informamos con rigor sobre actualidad, sociedad, cultura y ocio, con una mirada local y global.","url":"https:\/\/candas365.es\/noticias\/","email":"info@candas365.es","telephone":"+34652131393","foundingDate":"2012-06-10","logo":{"@type":"ImageObject","url":"https:\/\/candas365.es\/noticias\/wp-content\/uploads\/2024\/09\/Candas-365-Redes.jpg","@id":"https:\/\/candas365.es\/noticias\/la-enesima-locura-de-los-ultrabikers-pujol-y-mato-la-across-andes-y-la-carretera-austral\/#organizationLogo","width":1152,"height":864,"caption":"Cand\u00e1s 365 Redes"},"image":{"@id":"https:\/\/candas365.es\/noticias\/la-enesima-locura-de-los-ultrabikers-pujol-y-mato-la-across-andes-y-la-carretera-austral\/#organizationLogo"},"sameAs":["https:\/\/www.facebook.com\/Nachofdezber","https:\/\/x.com\/NabercoDigital","https:\/\/www.instagram.com\/nachofdezber\/","https:\/\/www.youtube.com\/channel\/UCZP-2wLEB9Rv6erhFmqVnvg"],"address":{"@id":"https:\/\/candas365.es\/noticias\/#postaladdress","@type":"PostalAddress","streetAddress":"san antonio 4, san antonio 4","postalCode":"33430","addressLocality":"Cand\u00e1s","addressRegion":"Asturias","addressCountry":"ES"}},{"@type":"Person","@id":"https:\/\/candas365.es\/noticias\/author\/admin\/#author","url":"https:\/\/candas365.es\/noticias\/author\/admin\/","name":"Cand\u00e1s 365","image":{"@type":"ImageObject","@id":"https:\/\/candas365.es\/noticias\/la-enesima-locura-de-los-ultrabikers-pujol-y-mato-la-across-andes-y-la-carretera-austral\/#authorImage","url":"https:\/\/secure.gravatar.com\/avatar\/496a8e03d0c493ede1718b7934145dbdf8d89be1036b0eec9544e1094c9de390?s=96&d=mm&r=g","width":96,"height":96,"caption":"Cand\u00e1s 365"},"sameAs":["https:\/\/www.facebook.com\/carrenoactualidad","https:\/\/twitter.com\/nbasturias","https:\/\/www.instagram.com\/nachofdezber\/","https:\/\/www.youtube.com\/channel\/UCZP-2wLEB9Rv6erhFmqVnvg"]},{"@type":"WebPage","@id":"https:\/\/candas365.es\/noticias\/la-enesima-locura-de-los-ultrabikers-pujol-y-mato-la-across-andes-y-la-carretera-austral\/#webpage","url":"https:\/\/candas365.es\/noticias\/la-enesima-locura-de-los-ultrabikers-pujol-y-mato-la-across-andes-y-la-carretera-austral\/","name":"La en\u00e9sima \u00ablocura\u00bb de los \u2018ultrabikers\u2019 Pujol y Mato: La Across Andes y la carretera Austral | Cand\u00e1s 365","description":"(EP) - Los 'ultrabikers' vallisoletanos \u00d3scar Pujol y C\u00e9sar Mato est\u00e1n a punto de comenzar su en\u00e9sima \"locura\". Esta vez tienen la intenci\u00f3n de recorrer","inLanguage":"es-ES","isPartOf":{"@id":"https:\/\/candas365.es\/noticias\/#website"},"breadcrumb":{"@id":"https:\/\/candas365.es\/noticias\/la-enesima-locura-de-los-ultrabikers-pujol-y-mato-la-across-andes-y-la-carretera-austral\/#breadcrumblist"},"author":{"@id":"https:\/\/candas365.es\/noticias\/author\/admin\/#author"},"creator":{"@id":"https:\/\/candas365.es\/noticias\/author\/admin\/#author"},"image":{"@type":"ImageObject","url":"https:\/\/candas365.es\/noticias\/wp-content\/uploads\/2022\/11\/ultrabikers.jpg","@id":"https:\/\/candas365.es\/noticias\/la-enesima-locura-de-los-ultrabikers-pujol-y-mato-la-across-andes-y-la-carretera-austral\/#mainImage","width":987,"height":670,"caption":"FOTO: ACROSS ANDES \/ Europa Press"},"primaryImageOfPage":{"@id":"https:\/\/candas365.es\/noticias\/la-enesima-locura-de-los-ultrabikers-pujol-y-mato-la-across-andes-y-la-carretera-austral\/#mainImage"},"datePublished":"2022-11-22T15:37:39+01:00","dateModified":"2022-11-22T15:37:39+01:00"},{"@type":"WebSite","@id":"https:\/\/candas365.es\/noticias\/#website","url":"https:\/\/candas365.es\/noticias\/","name":"Cand\u00e1s 365","alternateName":"Cand\u00e1s 365 Noticias","description":"Actualidad desde Carre\u00f1o para el mundo","inLanguage":"es-ES","publisher":{"@id":"https:\/\/candas365.es\/noticias\/#organization"}}]},"og:locale":"es_ES","og:site_name":"Cand\u00e1s 365","og:type":"article","og:title":"La en\u00e9sima \u00ablocura\u00bb de los \u2018ultrabikers\u2019 Pujol y Mato: La Across Andes y la carretera Austral | Cand\u00e1s 365","og:description":"(EP) - Los 'ultrabikers' vallisoletanos \u00d3scar Pujol y C\u00e9sar Mato est\u00e1n a punto de comenzar su en\u00e9sima &quot;locura&quot;. Esta vez tienen la intenci\u00f3n de recorrer","og:url":"https:\/\/candas365.es\/noticias\/la-enesima-locura-de-los-ultrabikers-pujol-y-mato-la-across-andes-y-la-carretera-austral\/","og:image":"https:\/\/candas365.es\/noticias\/wp-content\/uploads\/2022\/11\/ultrabikers.jpg","og:image:secure_url":"https:\/\/candas365.es\/noticias\/wp-content\/uploads\/2022\/11\/ultrabikers.jpg","og:image:width":987,"og:image:height":670,"article:published_time":"2022-11-22T14:37:39+00:00","article:modified_time":"2022-11-22T14:37:39+00:00","article:publisher":"https:\/\/www.facebook.com\/Nachofdezber","article:author":"https:\/\/www.facebook.com\/carrenoactualidad","twitter:card":"summary_large_image","twitter:site":"@NabercoDigital","twitter:title":"La en\u00e9sima \u00ablocura\u00bb de los \u2018ultrabikers\u2019 Pujol y Mato: La Across Andes y la carretera Austral | Cand\u00e1s 365","twitter:description":"(EP) - Los 'ultrabikers' vallisoletanos \u00d3scar Pujol y C\u00e9sar Mato est\u00e1n a punto de comenzar su en\u00e9sima &quot;locura&quot;. Esta vez tienen la intenci\u00f3n de recorrer","twitter:creator":"@nbasturias","twitter:image":"https:\/\/candas365.es\/noticias\/wp-content\/uploads\/2022\/11\/ultrabikers.jpg","twitter:label1":"Escrito por","twitter:data1":"Cand\u00e1s 365","twitter:label2":"Tiempo de lectura estimado","twitter:data2":"3 minutos"},"aioseo_meta_data":{"post_id":"169284","title":null,"description":"(EP) - Los 'ultrabikers' vallisoletanos \u00d3scar Pujol y C\u00e9sar Mato est\u00e1n a punto de comenzar su en\u00e9sima \"locura\". Esta vez tienen la intenci\u00f3n de recorrer","keywords":[],"keyphrases":{"focus":{"keyphrase":"ultrabikers","score":92,"analysis":{"keyphraseInTitle":{"title":"Focus keyphrase in SEO title","description":"Focus keyphrase found in SEO title.","score":9,"maxScore":9,"error":0},"keyphraseInDescription":{"title":"Focus keyphrase in meta description","description":"Focus keyphrase found in meta description.","score":9,"maxScore":9,"error":0},"keyphraseLength":{"title":"Focus keyphrase length","description":"Good job!","score":9,"maxScore":9,"error":0,"length":1},"keyphraseInURL":{"title":"Focus keyphrase in URL","description":"Focus keyphrase not found in the URL.","score":1,"maxScore":5,"error":1},"keyphraseInIntroduction":{"title":"Focus keyphrase in introduction","description":"Your Focus keyphrase appears in the first paragraph. Well done!","score":9,"maxScore":9,"error":0},"keyphraseInSubHeadings":[],"keyphraseInImageAlt":{"title":"Focus keyphrase in image alt attributes","description":"Focus keyphrase found in image alt attribute(s).","score":9,"maxScore":9,"error":0}}},"additional":[{"keyphrase":"en\u00e9sima \"locura\"","score":83,"analysis":{"keyphraseInDescription":{"title":"Keyphrase in meta description","description":"Keyphrase found in meta description.","score":9,"maxScore":9,"error":0},"keyphraseLength":{"title":"Keyphrase length","description":"Good job!","score":9,"maxScore":9,"error":0,"length":2},"keyphraseInIntroduction":{"title":"Keyphrase in introduction","description":"Your Keyphrase appears in the first paragraph. Well done!","score":9,"maxScore":9,"error":0},"keyphraseInImageAlt":{"title":"Keyphrase in image alt attributes","description":"Keyphrase not found in image alt attribute(s). Add an image with your Keyphrase as alt text.","score":3,"maxScore":9,"error":1}}},{"keyphrase":"ultrabikers","score":100,"analysis":{"keyphraseInDescription":{"title":"Keyphrase in meta description","description":"Keyphrase found in meta description.","score":9,"maxScore":9,"error":0},"keyphraseLength":{"title":"Keyphrase length","description":"Good job!","score":9,"maxScore":9,"error":0,"length":1},"keyphraseInIntroduction":{"title":"Keyphrase in introduction","description":"Your Keyphrase appears in the first paragraph. Well done!","score":9,"maxScore":9,"error":0},"keyphraseInImageAlt":{"title":"Keyphrase in image alt attributes","description":"Keyphrase found in image alt attribute(s).","score":9,"maxScore":9,"error":0}}}]},"primary_term":null,"canonical_url":null,"og_title":null,"og_description":null,"og_object_type":"default","og_image_type":"default","og_image_url":null,"og_image_width":null,"og_image_height":null,"og_image_custom_url":null,"og_image_custom_fields":null,"og_video":"","og_custom_url":null,"og_article_section":null,"og_article_tags":[],"twitter_use_og":false,"twitter_card":"default","twitter_image_type":"default","twitter_image_url":null,"twitter_image_custom_url":null,"twitter_image_custom_fields":null,"twitter_title":null,"twitter_description":null,"schema":{"blockGraphs":[],"customGraphs":[],"default":{"data":{"Article":[],"Course":[],"Dataset":[],"FAQPage":[],"Movie":[],"Person":[],"Product":[],"ProductReview":[],"Car":[],"Recipe":[],"Service":[],"SoftwareApplication":[],"WebPage":[]},"graphName":"Article","isEnabled":true},"graphs":[]},"schema_type":"default","schema_type_options":null,"pillar_content":false,"robots_default":true,"robots_noindex":false,"robots_noarchive":false,"robots_nosnippet":false,"robots_nofollow":false,"robots_noimageindex":false,"robots_noodp":false,"robots_notranslate":false,"robots_max_snippet":"-1","robots_max_videopreview":"-1","robots_max_imagepreview":"large","priority":null,"frequency":"default","location":null,"local_seo":null,"seo_analyzer_scan_date":"2025-09-01 16:07:25","breadcrumb_settings":null,"limit_modified_date":false,"reviewed_by":null,"open_ai":null,"ai":null,"created":"2022-11-22 14:25:39","updated":"2025-09-01 16:07:25"},"aioseo_breadcrumb":"<div class=\"aioseo-breadcrumbs\"><span class=\"aioseo-breadcrumb\">\n\t<a href=\"https:\/\/candas365.es\/noticias\" title=\"Home\">Home<\/a>\n<\/span><span class=\"aioseo-breadcrumb-separator\">&ndash;<\/span><span class=\"aioseo-breadcrumb\">\n\t<a href=\"https:\/\/candas365.es\/noticias\/category\/deporte\/\" title=\"Deporte\">Deporte<\/a>\n<\/span><span class=\"aioseo-breadcrumb-separator\">&ndash;<\/span><span class=\"aioseo-breadcrumb\">\n\tLa en\u00e9sima \u00ablocura\u00bb de los \u2018ultrabikers\u2019 Pujol y Mato: La Across Andes y la carretera Austral\n<\/span><\/div>","aioseo_breadcrumb_json":[{"label":"Home","link":"https:\/\/candas365.es\/noticias"},{"label":"Deporte","link":"https:\/\/candas365.es\/noticias\/category\/deporte\/"},{"label":"La en\u00e9sima \u00ablocura\u00bb de los &#8216;ultrabikers&#8217; Pujol y Mato: La Across Andes y la carretera Austral","link":"https:\/\/candas365.es\/noticias\/la-enesima-locura-de-los-ultrabikers-pujol-y-mato-la-across-andes-y-la-carretera-austral\/"}],"_links":{"self":[{"href":"https:\/\/candas365.es\/noticias\/wp-json\/wp\/v2\/posts\/169284","targetHints":{"allow":["GET"]}}],"collection":[{"href":"https:\/\/candas365.es\/noticias\/wp-json\/wp\/v2\/posts"}],"about":[{"href":"https:\/\/candas365.es\/noticias\/wp-json\/wp\/v2\/types\/post"}],"author":[{"embeddable":true,"href":"https:\/\/candas365.es\/noticias\/wp-json\/wp\/v2\/users\/1"}],"replies":[{"embeddable":true,"href":"https:\/\/candas365.es\/noticias\/wp-json\/wp\/v2\/comments?post=169284"}],"version-history":[{"count":0,"href":"https:\/\/candas365.es\/noticias\/wp-json\/wp\/v2\/posts\/169284\/revisions"}],"wp:featuredmedia":[{"embeddable":true,"href":"https:\/\/candas365.es\/noticias\/wp-json\/wp\/v2\/media\/169285"}],"wp:attachment":[{"href":"https:\/\/candas365.es\/noticias\/wp-json\/wp\/v2\/media?parent=169284"}],"wp:term":[{"taxonomy":"category","embeddable":true,"href":"https:\/\/candas365.es\/noticias\/wp-json\/wp\/v2\/categories?post=169284"},{"taxonomy":"post_tag","embeddable":true,"href":"https:\/\/candas365.es\/noticias\/wp-json\/wp\/v2\/tags?post=169284"}],"curies":[{"name":"wp","href":"https:\/\/api.w.org\/{rel}","templated":true}]}}