{"id":169262,"date":"2022-11-22T12:11:49","date_gmt":"2022-11-22T11:11:49","guid":{"rendered":"https:\/\/candas365.es\/noticias\/?p=169262"},"modified":"2022-11-22T12:11:49","modified_gmt":"2022-11-22T11:11:49","slug":"navidad-2022-la-tradicion-es-tendencia-en-decoracion","status":"publish","type":"post","link":"https:\/\/candas365.es\/noticias\/navidad-2022-la-tradicion-es-tendencia-en-decoracion\/","title":{"rendered":"Navidad 2022: La tradici\u00f3n es tendencia en decoraci\u00f3n"},"content":{"rendered":"<p>(dpa) &#8211; Hay \u00e9pocas en las que anhelamos sentimientos del pasado: la alegr\u00eda, la calidez y la seguridad que experimentamos de ni\u00f1os en <a href=\"https:\/\/candas365.es\/noticias\/a-pescar-el-gordo-de-navidad-2022-en-candas\/\"><span style=\"color: #ff6600;\"><strong>Navidad<\/strong><\/span><\/a>, cuando la familia se reun\u00eda en un sal\u00f3n c\u00e1lido y adornado para la ocasi\u00f3n y uno recib\u00eda alg\u00fan regalo.<\/p>\n<figure id=\"attachment_169263\" aria-describedby=\"caption-attachment-169263\" style=\"width: 650px\" class=\"wp-caption aligncenter\"><img fetchpriority=\"high\" decoding=\"async\" class=\"wp-image-169263 size-large\" src=\"https:\/\/candas365.es\/noticias\/wp-content\/uploads\/2022\/11\/Navidad-650x414.jpg\" alt=\"Navidad\" width=\"650\" height=\"414\" srcset=\"https:\/\/candas365.es\/noticias\/wp-content\/uploads\/2022\/11\/Navidad-650x414.jpg 650w, https:\/\/candas365.es\/noticias\/wp-content\/uploads\/2022\/11\/Navidad-360x229.jpg 360w, https:\/\/candas365.es\/noticias\/wp-content\/uploads\/2022\/11\/Navidad-768x489.jpg 768w, https:\/\/candas365.es\/noticias\/wp-content\/uploads\/2022\/11\/Navidad-150x96.jpg 150w, https:\/\/candas365.es\/noticias\/wp-content\/uploads\/2022\/11\/Navidad-450x287.jpg 450w, https:\/\/candas365.es\/noticias\/wp-content\/uploads\/2022\/11\/Navidad.jpg 1061w\" sizes=\"(max-width: 650px) 100vw, 650px\" \/><figcaption id=\"caption-attachment-169263\" class=\"wp-caption-text\">Las figuras graciosas en el \u00e1rbol navide\u00f1o le otorgan un toque de humor a la celebraci\u00f3n. Foto: Butlers\/dpa<\/figcaption><\/figure>\n<p>En una \u00e9poca de crisis repleta de incertidumbres, preocupaciones y quiz\u00e1 tambi\u00e9n algo de enfado, un festejo de este tipo nos podr\u00eda hacer bien, \u00bfno?<\/p>\n<p>Justamente por eso, <strong>la Navidad es tendencia en este 2022<\/strong>. Los colores tradicionales verde, rojo y dorado est\u00e1n de <a href=\"https:\/\/eldigitaldeasturias.com\/magazine365\/category\/moda\/\" target=\"_blank\" rel=\"noopener\"><span style=\"color: #ff6600;\"><strong>moda<\/strong><\/span><\/a>. Y aparecen en decoraciones nost\u00e1lgicas, m\u00e1gicas y, hay que decirlo, un poco kitsch. El cascanueces est\u00e1 sobre la repisa de la chimenea, los renos decoran al alf\u00e9izar y del \u00e1rbol cuelgan peque\u00f1os caballos balancines junto a las bolas rojas.<\/p>\n<p>\u00a1Pero, momento! Lectoras y lectores atentos y todas aquellas personas que el a\u00f1o pasado hayan buscado decoraci\u00f3n navide\u00f1a recordar\u00e1n: as\u00ed fue ya en 2021.<\/p>\n<p>Eso tiene un buen motivo, dice Gabriela Kaiser. \u00abDado que las personas en este momento buscan mucha seguridad, en las tendencias no podemos esperar saltos revolucionarios. Lo que necesitamos en este momento es la certeza de que habr\u00e1 continuidad. De que simplemente todo seguir\u00e1 bien\u00bb, dice la analista de tendencias.<\/p>\n<h2>Lo nuevo es el negro y el blanco<\/h2>\n<p>De forma parecida lo ve <strong>Claudia Herke, quien analiza las tendencias en los productos para la feria Christmasworld (mundo navide\u00f1o) en Fr\u00e1ncfort<\/strong>: \u00abEn \u00e9pocas en las que las personas pierden su sost\u00e9n las cosas que tienen un valor emocional se vuelven extremadamente importantes. Son familiares, acogedoras y tienen un significado para nosotros\u00bb.<\/p>\n<p>Adem\u00e1s, los saltos muy fuertes en las tendencias nos pueden agobiar, se\u00f1ala Kaiser. \u00abY eso, justamente en este momento, no nos viene nada bien. Por eso, este a\u00f1o hay una evoluci\u00f3n de la misma tendencia\u00bb, explica.<\/p>\n<figure id=\"attachment_169264\" aria-describedby=\"caption-attachment-169264\" style=\"width: 650px\" class=\"wp-caption aligncenter\"><img decoding=\"async\" class=\"wp-image-169264 size-large\" src=\"https:\/\/candas365.es\/noticias\/wp-content\/uploads\/2022\/11\/Navidad-2022-650x362.jpg\" alt=\"Navidad 2022\" width=\"650\" height=\"362\" srcset=\"https:\/\/candas365.es\/noticias\/wp-content\/uploads\/2022\/11\/Navidad-2022-650x362.jpg 650w, https:\/\/candas365.es\/noticias\/wp-content\/uploads\/2022\/11\/Navidad-2022-360x200.jpg 360w, https:\/\/candas365.es\/noticias\/wp-content\/uploads\/2022\/11\/Navidad-2022-768x427.jpg 768w, https:\/\/candas365.es\/noticias\/wp-content\/uploads\/2022\/11\/Navidad-2022-150x83.jpg 150w, https:\/\/candas365.es\/noticias\/wp-content\/uploads\/2022\/11\/Navidad-2022-450x250.jpg 450w, https:\/\/candas365.es\/noticias\/wp-content\/uploads\/2022\/11\/Navidad-2022.jpg 1130w\" sizes=\"(max-width: 650px) 100vw, 650px\" \/><figcaption id=\"caption-attachment-169264\" class=\"wp-caption-text\">Los adornos navide\u00f1os tradicionales transmiten una sensaci\u00f3n de estabilidad en tiempos de crisis. Foto: Inter Ikea Systems B.V. 2022\/dpa<\/figcaption><\/figure>\n<p>Evoluci\u00f3n significa que hay algo nuevo. \u00abPor ejemplo, se suma mucho blanco a la imagen general de los colores cl\u00e1sicos rojo, verde y dorado\u00bb, precisa Kaiser, y recomienda recurrir alternativamente al negro como color para combinar, sobre todo si uno busca \u00abun poco m\u00e1s de dise\u00f1o\u00bb.<\/p>\n<blockquote><p>Eso puede resultar as\u00ed: \u00abPor ejemplo, se cuelgan las conocidas bolas rojas del \u00e1rbol verde y se a\u00f1aden algunas bolas con base blanca o negra\u00bb.<\/p><\/blockquote>\n<h2>Rosado para los rom\u00e1nticos navide\u00f1os<\/h2>\n<p>Una ampliaci\u00f3n similar del campo de productos se ofrece tambi\u00e9n a los rom\u00e1nticos navide\u00f1os. Es decir, para aquellas personas que en la \u00e9poca de adviento y durante el festejo optan por una decoraci\u00f3n conmovedora, muchas veces m\u00e1s tradicional, y hasta un tanto kitsch.<\/p>\n<p>Por cierto: no son tan pocos los rom\u00e1nticos navide\u00f1os, aclara Kaiser. \u00ab<strong>La Navidad es la fiesta de la familia, de los amigos, de la reuni\u00f3n. Uno quiere pasarla bien. Entonces la mayor\u00eda se pone m\u00e1s emotiva\u00bb, se\u00f1ala la investigadora de tendencias.<\/strong><\/p>\n<p>\u00abIncluso personas a las que en general les gustan las cosas m\u00e1s de dise\u00f1o y mininalistas, en Navidad se abren m\u00e1s y decoran su casa mucho m\u00e1s de lo que lo hacen habitualmente\u00bb, a\u00f1ade.<\/p>\n<p>\u00bfSe reconoce en lo que est\u00e1 leyendo? Quiz\u00e1 entonces le interese la siguiente tendencia: \u00abTengo la impresi\u00f3n de que el rom\u00e1ntico ya no se queda solo en ese mundo de colores pastel, sino que ahora le gustan las cosas con un poco m\u00e1s de fuerza, con m\u00e1s optimismo\u00bb, dice Kaiser. \u00abPor eso, por ejemplo, se est\u00e1 sumando un rosado intenso. Y decoraci\u00f3n que tambi\u00e9n incluye algo de humor\u00bb.<\/p>\n<p>Ya conoce esas bolas: <strong>Pap\u00e1s Noel que hacen yoga. Renos que esqu\u00edan. Una hamburguesa o un pepino como adorno en el \u00e1rbol. \u00abLos ni\u00f1os adoran eso\u00bb, subraya Kaiser.<\/strong><\/p>\n<p>\u00abEl cl\u00e1sico \u00e1rbol de Navidad es grandioso. Pero si tambi\u00e9n cuelgan de \u00e9l algunas bolas divertidas con formas graciosas para los ni\u00f1os es m\u00e1s bonito a\u00fan\u00bb, opina. Y tambi\u00e9n para los adultos. \u00abPor eso, mi recomendaci\u00f3n es: si uno quiere a\u00f1adir algunas bolas, es bueno buscar dise\u00f1os optimistas\u00bb, recomienda.<\/p>\n<figure id=\"attachment_169265\" aria-describedby=\"caption-attachment-169265\" style=\"width: 650px\" class=\"wp-caption aligncenter\"><img decoding=\"async\" class=\"wp-image-169265 size-large\" src=\"https:\/\/candas365.es\/noticias\/wp-content\/uploads\/2022\/11\/tendencia-Navidad-650x428.jpg\" alt=\"tendencia Navidad\" width=\"650\" height=\"428\" srcset=\"https:\/\/candas365.es\/noticias\/wp-content\/uploads\/2022\/11\/tendencia-Navidad-650x428.jpg 650w, https:\/\/candas365.es\/noticias\/wp-content\/uploads\/2022\/11\/tendencia-Navidad-360x237.jpg 360w, https:\/\/candas365.es\/noticias\/wp-content\/uploads\/2022\/11\/tendencia-Navidad-768x506.jpg 768w, https:\/\/candas365.es\/noticias\/wp-content\/uploads\/2022\/11\/tendencia-Navidad-150x99.jpg 150w, https:\/\/candas365.es\/noticias\/wp-content\/uploads\/2022\/11\/tendencia-Navidad-450x296.jpg 450w, https:\/\/candas365.es\/noticias\/wp-content\/uploads\/2022\/11\/tendencia-Navidad.jpg 999w\" sizes=\"(max-width: 650px) 100vw, 650px\" \/><figcaption id=\"caption-attachment-169265\" class=\"wp-caption-text\">Figura de moda para la Navidad: los gnomos. Pueden colgarse en el \u00e1rbol, colocarse en el alf\u00e9izar de la ventana o sentarlos en la estanter\u00eda. Foto: Franziska Gabbert\/dpa<\/figcaption><\/figure>\n<h2>El gnomo, la figura que es tendencia esta Navidad<\/h2>\n<p>Y en esto encajan bien los peque\u00f1os hombrecitos con gorro. <strong>\u00abLos gnomos son un gran tema actualmente. Realmente se los ve por todos lados para el invierno (europeo)\u00bb, dice Kaiser.<\/strong> \u00abSon tipos diminutos, a los cuales no se les ven los ojos. Tienen gorros que les tapan medio rostro. Solo asoma una nariz bulbosa\u00bb, describe.<\/p>\n<p>Estas figuras decorativas, tambi\u00e9n denominadas duendes, pueden colgar del \u00e1rbol, asomarse al alf\u00e9izar de la ventana o estar sentados en un estante. Decoran tazas, camisetas, simplemente todo lo que uno se pueda imaginar.<\/p>\n<p>\u00abSon totalmente adorables y tienen un efecto muy tierno. Y por eso son ideales para la Navidad. A la mayor\u00eda de las personas les gustan las cosas que tienen efecto tierno y son optimistas\u00bb, se\u00f1ala Kaiser.<\/p>\n<p>Tambi\u00e9n el equipo de analistas que elabor\u00f3 el informe de tendencias para la feria Christmasworld, que este a\u00f1o se suspendi\u00f3 por la pandemia, reconoci\u00f3 esta evoluci\u00f3n.<\/p>\n<p><strong>Claudia Herke<\/strong>, del estudio bora.herke.palmisano., sostiene: \u00abMuchos dise\u00f1adores crean con sus productos puntos de atenci\u00f3n y anclajes despreocupados, de buen humor, que nos roban una sonrisa y tienen un efecto positivo sobre nuestro \u00e1nimo\u00bb. <strong>Y el rom\u00e1ntico navide\u00f1o dir\u00eda: \u00abClaro, despu\u00e9s de todo \u00a1es Navidad!\u00bb.<\/strong><\/p>\n<p><i class=\"lang-es\"><span class=\" readonly\" title=\"\">Por Simone Andrea Mayer (dpa)<\/span><\/i><\/p>\n","protected":false},"excerpt":{"rendered":"<p>(dpa) &#8211; Hay \u00e9pocas en las que anhelamos sentimientos del pasado: la alegr\u00eda, la calidez y la seguridad que experimentamos de ni\u00f1os en Navidad, cuando la familia se reun\u00eda en un sal\u00f3n c\u00e1lido y adornado para la ocasi\u00f3n y uno recib\u00eda alg\u00fan regalo. En una \u00e9poca de crisis repleta de incertidumbres, preocupaciones y quiz\u00e1 tambi\u00e9n<\/p>\n","protected":false},"author":1,"featured_media":169263,"comment_status":"closed","ping_status":"closed","sticky":false,"template":"","format":"standard","meta":{"footnotes":""},"categories":[142],"tags":[478,465,421],"class_list":{"0":"post-169262","1":"post","2":"type-post","3":"status-publish","4":"format-standard","5":"has-post-thumbnail","7":"category-revista","8":"tag-navidad","9":"tag-ocio","10":"tag-revista"},"aioseo_notices":[],"aioseo_head":"\n\t\t<!-- All in One SEO Pro 4.9.6.2 - aioseo.com -->\n\t<meta name=\"description\" content=\"(dpa) - Hay \u00e9pocas en las que anhelamos sentimientos del pasado: la alegr\u00eda, la calidez y la seguridad que experimentamos de ni\u00f1os en Navidad, cuando la familia\" \/>\n\t<meta name=\"robots\" content=\"max-image-preview:large\" \/>\n\t<meta name=\"author\" content=\"Cand\u00e1s 365\"\/>\n\t<meta name=\"google-site-verification\" content=\"UA-32230408-1\" \/>\n\t<meta name=\"msvalidate.01\" content=\"354F3CDFB2DA171B47FBE9ABF1F88D5\" \/>\n\t<meta name=\"keywords\" content=\"revista\" \/>\n\t<link rel=\"canonical\" href=\"https:\/\/candas365.es\/noticias\/navidad-2022-la-tradicion-es-tendencia-en-decoracion\/\" \/>\n\t<meta name=\"generator\" content=\"All in One SEO Pro (AIOSEO) 4.9.6.2\" \/>\n\t\t<meta property=\"og:locale\" content=\"es_ES\" \/>\n\t\t<meta property=\"og:site_name\" content=\"Cand\u00e1s 365\" \/>\n\t\t<meta property=\"og:type\" content=\"article\" \/>\n\t\t<meta property=\"og:title\" content=\"Navidad 2022: La tradici\u00f3n es tendencia en decoraci\u00f3n | Cand\u00e1s 365\" \/>\n\t\t<meta property=\"og:description\" content=\"(dpa) - Hay \u00e9pocas en las que anhelamos sentimientos del pasado: la alegr\u00eda, la calidez y la seguridad que experimentamos de ni\u00f1os en Navidad, cuando la familia\" \/>\n\t\t<meta property=\"og:url\" content=\"https:\/\/candas365.es\/noticias\/navidad-2022-la-tradicion-es-tendencia-en-decoracion\/\" \/>\n\t\t<meta property=\"og:image\" content=\"https:\/\/candas365.es\/noticias\/wp-content\/uploads\/2022\/11\/Navidad.jpg\" \/>\n\t\t<meta property=\"og:image:secure_url\" content=\"https:\/\/candas365.es\/noticias\/wp-content\/uploads\/2022\/11\/Navidad.jpg\" \/>\n\t\t<meta property=\"og:image:width\" content=\"1061\" \/>\n\t\t<meta property=\"og:image:height\" content=\"676\" \/>\n\t\t<meta property=\"article:published_time\" content=\"2022-11-22T11:11:49+00:00\" \/>\n\t\t<meta property=\"article:modified_time\" content=\"2022-11-22T11:11:49+00:00\" \/>\n\t\t<meta property=\"article:publisher\" content=\"https:\/\/www.facebook.com\/Nachofdezber\" \/>\n\t\t<meta property=\"article:author\" content=\"https:\/\/www.facebook.com\/carrenoactualidad\" \/>\n\t\t<meta name=\"twitter:card\" content=\"summary_large_image\" \/>\n\t\t<meta name=\"twitter:site\" content=\"@NabercoDigital\" \/>\n\t\t<meta name=\"twitter:title\" content=\"Navidad 2022: La tradici\u00f3n es tendencia en decoraci\u00f3n | Cand\u00e1s 365\" \/>\n\t\t<meta name=\"twitter:description\" content=\"(dpa) - Hay \u00e9pocas en las que anhelamos sentimientos del pasado: la alegr\u00eda, la calidez y la seguridad que experimentamos de ni\u00f1os en Navidad, cuando la familia\" \/>\n\t\t<meta name=\"twitter:creator\" content=\"@nbasturias\" \/>\n\t\t<meta name=\"twitter:image\" content=\"https:\/\/candas365.es\/noticias\/wp-content\/uploads\/2022\/11\/Navidad.jpg\" \/>\n\t\t<meta name=\"twitter:label1\" content=\"Escrito por\" \/>\n\t\t<meta name=\"twitter:data1\" content=\"Cand\u00e1s 365\" \/>\n\t\t<meta name=\"twitter:label2\" content=\"Tiempo de lectura estimado\" \/>\n\t\t<meta name=\"twitter:data2\" content=\"5 minutos\" \/>\n\t\t<script type=\"application\/ld+json\" class=\"aioseo-schema\">\n\t\t\t{\"@context\":\"https:\\\/\\\/schema.org\",\"@graph\":[{\"@type\":\"BreadcrumbList\",\"@id\":\"https:\\\/\\\/candas365.es\\\/noticias\\\/navidad-2022-la-tradicion-es-tendencia-en-decoracion\\\/#breadcrumblist\",\"itemListElement\":[{\"@type\":\"ListItem\",\"@id\":\"https:\\\/\\\/candas365.es\\\/noticias#listItem\",\"position\":1,\"name\":\"Home\",\"item\":\"https:\\\/\\\/candas365.es\\\/noticias\",\"nextItem\":{\"@type\":\"ListItem\",\"@id\":\"https:\\\/\\\/candas365.es\\\/noticias\\\/category\\\/revista\\\/#listItem\",\"name\":\"Revista\"}},{\"@type\":\"ListItem\",\"@id\":\"https:\\\/\\\/candas365.es\\\/noticias\\\/category\\\/revista\\\/#listItem\",\"position\":2,\"name\":\"Revista\",\"item\":\"https:\\\/\\\/candas365.es\\\/noticias\\\/category\\\/revista\\\/\",\"nextItem\":{\"@type\":\"ListItem\",\"@id\":\"https:\\\/\\\/candas365.es\\\/noticias\\\/navidad-2022-la-tradicion-es-tendencia-en-decoracion\\\/#listItem\",\"name\":\"Navidad 2022: La tradici\\u00f3n es tendencia en decoraci\\u00f3n\"},\"previousItem\":{\"@type\":\"ListItem\",\"@id\":\"https:\\\/\\\/candas365.es\\\/noticias#listItem\",\"name\":\"Home\"}},{\"@type\":\"ListItem\",\"@id\":\"https:\\\/\\\/candas365.es\\\/noticias\\\/navidad-2022-la-tradicion-es-tendencia-en-decoracion\\\/#listItem\",\"position\":3,\"name\":\"Navidad 2022: La tradici\\u00f3n es tendencia en decoraci\\u00f3n\",\"previousItem\":{\"@type\":\"ListItem\",\"@id\":\"https:\\\/\\\/candas365.es\\\/noticias\\\/category\\\/revista\\\/#listItem\",\"name\":\"Revista\"}}]},{\"@type\":\"NewsArticle\",\"@id\":\"https:\\\/\\\/candas365.es\\\/noticias\\\/navidad-2022-la-tradicion-es-tendencia-en-decoracion\\\/#newsarticle\",\"name\":\"Navidad 2022: La tradici\\u00f3n es tendencia en decoraci\\u00f3n | Cand\\u00e1s 365\",\"headline\":\"Navidad 2022: La tradici\\u00f3n es tendencia en decoraci\\u00f3n\",\"author\":{\"@id\":\"https:\\\/\\\/candas365.es\\\/noticias\\\/author\\\/admin\\\/#author\"},\"publisher\":{\"@id\":\"https:\\\/\\\/candas365.es\\\/noticias\\\/#organization\"},\"image\":{\"@type\":\"ImageObject\",\"url\":\"https:\\\/\\\/candas365.es\\\/noticias\\\/wp-content\\\/uploads\\\/2022\\\/11\\\/Navidad.jpg\",\"width\":1061,\"height\":676,\"caption\":\"Las figuras graciosas en el \\u00e1rbol navide\\u00f1o le otorgan un toque de humor a la celebraci\\u00f3n. Foto: Butlers\\\/dpa\"},\"datePublished\":\"2022-11-22T12:11:49+01:00\",\"dateModified\":\"2022-11-22T12:11:49+01:00\",\"inLanguage\":\"es-ES\",\"mainEntityOfPage\":{\"@id\":\"https:\\\/\\\/candas365.es\\\/noticias\\\/navidad-2022-la-tradicion-es-tendencia-en-decoracion\\\/#webpage\"},\"isPartOf\":{\"@id\":\"https:\\\/\\\/candas365.es\\\/noticias\\\/navidad-2022-la-tradicion-es-tendencia-en-decoracion\\\/#webpage\"},\"articleSection\":\"Revista, Navidad, Ocio, Revista\",\"dateline\":\"Publicado el noviembre 22, 2022.\"},{\"@type\":\"Organization\",\"@id\":\"https:\\\/\\\/candas365.es\\\/noticias\\\/#organization\",\"name\":\"Cand\\u00e1s 365\",\"description\":\"Cand\\u00e1s 365 es un diario digital independiente, fundado en 2012, con base en Asturias. Informamos con rigor sobre actualidad, sociedad, cultura y ocio, con una mirada local y global.\",\"url\":\"https:\\\/\\\/candas365.es\\\/noticias\\\/\",\"email\":\"info@candas365.es\",\"telephone\":\"+34652131393\",\"foundingDate\":\"2012-06-10\",\"logo\":{\"@type\":\"ImageObject\",\"url\":\"https:\\\/\\\/candas365.es\\\/noticias\\\/wp-content\\\/uploads\\\/2024\\\/09\\\/Candas-365-Redes.jpg\",\"@id\":\"https:\\\/\\\/candas365.es\\\/noticias\\\/navidad-2022-la-tradicion-es-tendencia-en-decoracion\\\/#organizationLogo\",\"width\":1152,\"height\":864,\"caption\":\"Cand\\u00e1s 365 Redes\"},\"image\":{\"@id\":\"https:\\\/\\\/candas365.es\\\/noticias\\\/navidad-2022-la-tradicion-es-tendencia-en-decoracion\\\/#organizationLogo\"},\"sameAs\":[\"https:\\\/\\\/www.facebook.com\\\/Nachofdezber\",\"https:\\\/\\\/x.com\\\/NabercoDigital\",\"https:\\\/\\\/www.instagram.com\\\/nachofdezber\\\/\",\"https:\\\/\\\/www.youtube.com\\\/channel\\\/UCZP-2wLEB9Rv6erhFmqVnvg\"],\"address\":{\"@id\":\"https:\\\/\\\/candas365.es\\\/noticias\\\/#postaladdress\",\"@type\":\"PostalAddress\",\"streetAddress\":\"san antonio 4, san antonio 4\",\"postalCode\":\"33430\",\"addressLocality\":\"Cand\\u00e1s\",\"addressRegion\":\"Asturias\",\"addressCountry\":\"ES\"}},{\"@type\":\"Person\",\"@id\":\"https:\\\/\\\/candas365.es\\\/noticias\\\/author\\\/admin\\\/#author\",\"url\":\"https:\\\/\\\/candas365.es\\\/noticias\\\/author\\\/admin\\\/\",\"name\":\"Cand\\u00e1s 365\",\"image\":{\"@type\":\"ImageObject\",\"@id\":\"https:\\\/\\\/candas365.es\\\/noticias\\\/navidad-2022-la-tradicion-es-tendencia-en-decoracion\\\/#authorImage\",\"url\":\"https:\\\/\\\/secure.gravatar.com\\\/avatar\\\/496a8e03d0c493ede1718b7934145dbdf8d89be1036b0eec9544e1094c9de390?s=96&d=mm&r=g\",\"width\":96,\"height\":96,\"caption\":\"Cand\\u00e1s 365\"},\"sameAs\":[\"https:\\\/\\\/www.facebook.com\\\/carrenoactualidad\",\"https:\\\/\\\/twitter.com\\\/nbasturias\",\"https:\\\/\\\/www.instagram.com\\\/nachofdezber\\\/\",\"https:\\\/\\\/www.youtube.com\\\/channel\\\/UCZP-2wLEB9Rv6erhFmqVnvg\"]},{\"@type\":\"WebPage\",\"@id\":\"https:\\\/\\\/candas365.es\\\/noticias\\\/navidad-2022-la-tradicion-es-tendencia-en-decoracion\\\/#webpage\",\"url\":\"https:\\\/\\\/candas365.es\\\/noticias\\\/navidad-2022-la-tradicion-es-tendencia-en-decoracion\\\/\",\"name\":\"Navidad 2022: La tradici\\u00f3n es tendencia en decoraci\\u00f3n | Cand\\u00e1s 365\",\"description\":\"(dpa) - Hay \\u00e9pocas en las que anhelamos sentimientos del pasado: la alegr\\u00eda, la calidez y la seguridad que experimentamos de ni\\u00f1os en Navidad, cuando la familia\",\"inLanguage\":\"es-ES\",\"isPartOf\":{\"@id\":\"https:\\\/\\\/candas365.es\\\/noticias\\\/#website\"},\"breadcrumb\":{\"@id\":\"https:\\\/\\\/candas365.es\\\/noticias\\\/navidad-2022-la-tradicion-es-tendencia-en-decoracion\\\/#breadcrumblist\"},\"author\":{\"@id\":\"https:\\\/\\\/candas365.es\\\/noticias\\\/author\\\/admin\\\/#author\"},\"creator\":{\"@id\":\"https:\\\/\\\/candas365.es\\\/noticias\\\/author\\\/admin\\\/#author\"},\"image\":{\"@type\":\"ImageObject\",\"url\":\"https:\\\/\\\/candas365.es\\\/noticias\\\/wp-content\\\/uploads\\\/2022\\\/11\\\/Navidad.jpg\",\"@id\":\"https:\\\/\\\/candas365.es\\\/noticias\\\/navidad-2022-la-tradicion-es-tendencia-en-decoracion\\\/#mainImage\",\"width\":1061,\"height\":676,\"caption\":\"Las figuras graciosas en el \\u00e1rbol navide\\u00f1o le otorgan un toque de humor a la celebraci\\u00f3n. Foto: Butlers\\\/dpa\"},\"primaryImageOfPage\":{\"@id\":\"https:\\\/\\\/candas365.es\\\/noticias\\\/navidad-2022-la-tradicion-es-tendencia-en-decoracion\\\/#mainImage\"},\"datePublished\":\"2022-11-22T12:11:49+01:00\",\"dateModified\":\"2022-11-22T12:11:49+01:00\"},{\"@type\":\"WebSite\",\"@id\":\"https:\\\/\\\/candas365.es\\\/noticias\\\/#website\",\"url\":\"https:\\\/\\\/candas365.es\\\/noticias\\\/\",\"name\":\"Cand\\u00e1s 365\",\"alternateName\":\"Cand\\u00e1s 365 Noticias\",\"description\":\"Actualidad desde Carre\\u00f1o para el mundo\",\"inLanguage\":\"es-ES\",\"publisher\":{\"@id\":\"https:\\\/\\\/candas365.es\\\/noticias\\\/#organization\"}}]}\n\t\t<\/script>\n\t\t<!-- All in One SEO Pro -->\r\n\t\t<title>Navidad 2022: La tradici\u00f3n es tendencia en decoraci\u00f3n | Cand\u00e1s 365<\/title>\n\n","aioseo_head_json":{"title":"Navidad 2022: La tradici\u00f3n es tendencia en decoraci\u00f3n | Cand\u00e1s 365","description":"(dpa) - Hay \u00e9pocas en las que anhelamos sentimientos del pasado: la alegr\u00eda, la calidez y la seguridad que experimentamos de ni\u00f1os en Navidad, cuando la familia","canonical_url":"https:\/\/candas365.es\/noticias\/navidad-2022-la-tradicion-es-tendencia-en-decoracion\/","robots":"max-image-preview:large","keywords":"revista","webmasterTools":{"google-site-verification":"UA-32230408-1","msvalidate.01":"354F3CDFB2DA171B47FBE9ABF1F88D5","miscellaneous":""},"schema":{"@context":"https:\/\/schema.org","@graph":[{"@type":"BreadcrumbList","@id":"https:\/\/candas365.es\/noticias\/navidad-2022-la-tradicion-es-tendencia-en-decoracion\/#breadcrumblist","itemListElement":[{"@type":"ListItem","@id":"https:\/\/candas365.es\/noticias#listItem","position":1,"name":"Home","item":"https:\/\/candas365.es\/noticias","nextItem":{"@type":"ListItem","@id":"https:\/\/candas365.es\/noticias\/category\/revista\/#listItem","name":"Revista"}},{"@type":"ListItem","@id":"https:\/\/candas365.es\/noticias\/category\/revista\/#listItem","position":2,"name":"Revista","item":"https:\/\/candas365.es\/noticias\/category\/revista\/","nextItem":{"@type":"ListItem","@id":"https:\/\/candas365.es\/noticias\/navidad-2022-la-tradicion-es-tendencia-en-decoracion\/#listItem","name":"Navidad 2022: La tradici\u00f3n es tendencia en decoraci\u00f3n"},"previousItem":{"@type":"ListItem","@id":"https:\/\/candas365.es\/noticias#listItem","name":"Home"}},{"@type":"ListItem","@id":"https:\/\/candas365.es\/noticias\/navidad-2022-la-tradicion-es-tendencia-en-decoracion\/#listItem","position":3,"name":"Navidad 2022: La tradici\u00f3n es tendencia en decoraci\u00f3n","previousItem":{"@type":"ListItem","@id":"https:\/\/candas365.es\/noticias\/category\/revista\/#listItem","name":"Revista"}}]},{"@type":"NewsArticle","@id":"https:\/\/candas365.es\/noticias\/navidad-2022-la-tradicion-es-tendencia-en-decoracion\/#newsarticle","name":"Navidad 2022: La tradici\u00f3n es tendencia en decoraci\u00f3n | Cand\u00e1s 365","headline":"Navidad 2022: La tradici\u00f3n es tendencia en decoraci\u00f3n","author":{"@id":"https:\/\/candas365.es\/noticias\/author\/admin\/#author"},"publisher":{"@id":"https:\/\/candas365.es\/noticias\/#organization"},"image":{"@type":"ImageObject","url":"https:\/\/candas365.es\/noticias\/wp-content\/uploads\/2022\/11\/Navidad.jpg","width":1061,"height":676,"caption":"Las figuras graciosas en el \u00e1rbol navide\u00f1o le otorgan un toque de humor a la celebraci\u00f3n. Foto: Butlers\/dpa"},"datePublished":"2022-11-22T12:11:49+01:00","dateModified":"2022-11-22T12:11:49+01:00","inLanguage":"es-ES","mainEntityOfPage":{"@id":"https:\/\/candas365.es\/noticias\/navidad-2022-la-tradicion-es-tendencia-en-decoracion\/#webpage"},"isPartOf":{"@id":"https:\/\/candas365.es\/noticias\/navidad-2022-la-tradicion-es-tendencia-en-decoracion\/#webpage"},"articleSection":"Revista, Navidad, Ocio, Revista","dateline":"Publicado el noviembre 22, 2022."},{"@type":"Organization","@id":"https:\/\/candas365.es\/noticias\/#organization","name":"Cand\u00e1s 365","description":"Cand\u00e1s 365 es un diario digital independiente, fundado en 2012, con base en Asturias. Informamos con rigor sobre actualidad, sociedad, cultura y ocio, con una mirada local y global.","url":"https:\/\/candas365.es\/noticias\/","email":"info@candas365.es","telephone":"+34652131393","foundingDate":"2012-06-10","logo":{"@type":"ImageObject","url":"https:\/\/candas365.es\/noticias\/wp-content\/uploads\/2024\/09\/Candas-365-Redes.jpg","@id":"https:\/\/candas365.es\/noticias\/navidad-2022-la-tradicion-es-tendencia-en-decoracion\/#organizationLogo","width":1152,"height":864,"caption":"Cand\u00e1s 365 Redes"},"image":{"@id":"https:\/\/candas365.es\/noticias\/navidad-2022-la-tradicion-es-tendencia-en-decoracion\/#organizationLogo"},"sameAs":["https:\/\/www.facebook.com\/Nachofdezber","https:\/\/x.com\/NabercoDigital","https:\/\/www.instagram.com\/nachofdezber\/","https:\/\/www.youtube.com\/channel\/UCZP-2wLEB9Rv6erhFmqVnvg"],"address":{"@id":"https:\/\/candas365.es\/noticias\/#postaladdress","@type":"PostalAddress","streetAddress":"san antonio 4, san antonio 4","postalCode":"33430","addressLocality":"Cand\u00e1s","addressRegion":"Asturias","addressCountry":"ES"}},{"@type":"Person","@id":"https:\/\/candas365.es\/noticias\/author\/admin\/#author","url":"https:\/\/candas365.es\/noticias\/author\/admin\/","name":"Cand\u00e1s 365","image":{"@type":"ImageObject","@id":"https:\/\/candas365.es\/noticias\/navidad-2022-la-tradicion-es-tendencia-en-decoracion\/#authorImage","url":"https:\/\/secure.gravatar.com\/avatar\/496a8e03d0c493ede1718b7934145dbdf8d89be1036b0eec9544e1094c9de390?s=96&d=mm&r=g","width":96,"height":96,"caption":"Cand\u00e1s 365"},"sameAs":["https:\/\/www.facebook.com\/carrenoactualidad","https:\/\/twitter.com\/nbasturias","https:\/\/www.instagram.com\/nachofdezber\/","https:\/\/www.youtube.com\/channel\/UCZP-2wLEB9Rv6erhFmqVnvg"]},{"@type":"WebPage","@id":"https:\/\/candas365.es\/noticias\/navidad-2022-la-tradicion-es-tendencia-en-decoracion\/#webpage","url":"https:\/\/candas365.es\/noticias\/navidad-2022-la-tradicion-es-tendencia-en-decoracion\/","name":"Navidad 2022: La tradici\u00f3n es tendencia en decoraci\u00f3n | Cand\u00e1s 365","description":"(dpa) - Hay \u00e9pocas en las que anhelamos sentimientos del pasado: la alegr\u00eda, la calidez y la seguridad que experimentamos de ni\u00f1os en Navidad, cuando la familia","inLanguage":"es-ES","isPartOf":{"@id":"https:\/\/candas365.es\/noticias\/#website"},"breadcrumb":{"@id":"https:\/\/candas365.es\/noticias\/navidad-2022-la-tradicion-es-tendencia-en-decoracion\/#breadcrumblist"},"author":{"@id":"https:\/\/candas365.es\/noticias\/author\/admin\/#author"},"creator":{"@id":"https:\/\/candas365.es\/noticias\/author\/admin\/#author"},"image":{"@type":"ImageObject","url":"https:\/\/candas365.es\/noticias\/wp-content\/uploads\/2022\/11\/Navidad.jpg","@id":"https:\/\/candas365.es\/noticias\/navidad-2022-la-tradicion-es-tendencia-en-decoracion\/#mainImage","width":1061,"height":676,"caption":"Las figuras graciosas en el \u00e1rbol navide\u00f1o le otorgan un toque de humor a la celebraci\u00f3n. Foto: Butlers\/dpa"},"primaryImageOfPage":{"@id":"https:\/\/candas365.es\/noticias\/navidad-2022-la-tradicion-es-tendencia-en-decoracion\/#mainImage"},"datePublished":"2022-11-22T12:11:49+01:00","dateModified":"2022-11-22T12:11:49+01:00"},{"@type":"WebSite","@id":"https:\/\/candas365.es\/noticias\/#website","url":"https:\/\/candas365.es\/noticias\/","name":"Cand\u00e1s 365","alternateName":"Cand\u00e1s 365 Noticias","description":"Actualidad desde Carre\u00f1o para el mundo","inLanguage":"es-ES","publisher":{"@id":"https:\/\/candas365.es\/noticias\/#organization"}}]},"og:locale":"es_ES","og:site_name":"Cand\u00e1s 365","og:type":"article","og:title":"Navidad 2022: La tradici\u00f3n es tendencia en decoraci\u00f3n | Cand\u00e1s 365","og:description":"(dpa) - Hay \u00e9pocas en las que anhelamos sentimientos del pasado: la alegr\u00eda, la calidez y la seguridad que experimentamos de ni\u00f1os en Navidad, cuando la familia","og:url":"https:\/\/candas365.es\/noticias\/navidad-2022-la-tradicion-es-tendencia-en-decoracion\/","og:image":"https:\/\/candas365.es\/noticias\/wp-content\/uploads\/2022\/11\/Navidad.jpg","og:image:secure_url":"https:\/\/candas365.es\/noticias\/wp-content\/uploads\/2022\/11\/Navidad.jpg","og:image:width":1061,"og:image:height":676,"article:published_time":"2022-11-22T11:11:49+00:00","article:modified_time":"2022-11-22T11:11:49+00:00","article:publisher":"https:\/\/www.facebook.com\/Nachofdezber","article:author":"https:\/\/www.facebook.com\/carrenoactualidad","twitter:card":"summary_large_image","twitter:site":"@NabercoDigital","twitter:title":"Navidad 2022: La tradici\u00f3n es tendencia en decoraci\u00f3n | Cand\u00e1s 365","twitter:description":"(dpa) - Hay \u00e9pocas en las que anhelamos sentimientos del pasado: la alegr\u00eda, la calidez y la seguridad que experimentamos de ni\u00f1os en Navidad, cuando la familia","twitter:creator":"@nbasturias","twitter:image":"https:\/\/candas365.es\/noticias\/wp-content\/uploads\/2022\/11\/Navidad.jpg","twitter:label1":"Escrito por","twitter:data1":"Cand\u00e1s 365","twitter:label2":"Tiempo de lectura estimado","twitter:data2":"5 minutos"},"aioseo_meta_data":{"post_id":"169262","title":null,"description":"(dpa) - Hay \u00e9pocas en las que anhelamos sentimientos del pasado: la alegr\u00eda, la calidez y la seguridad que experimentamos de ni\u00f1os en Navidad, cuando la familia","keywords":[],"keyphrases":{"focus":{"keyphrase":"Navidad","score":93,"analysis":{"keyphraseInTitle":{"title":"Focus keyphrase in SEO title","description":"Focus keyphrase found in SEO title.","score":9,"maxScore":9,"error":0},"keyphraseInDescription":{"title":"Focus keyphrase in meta description","description":"Focus keyphrase found in meta description.","score":9,"maxScore":9,"error":0},"keyphraseLength":{"title":"Focus keyphrase length","description":"Good job!","score":9,"maxScore":9,"error":0,"length":1},"keyphraseInURL":{"title":"Focus keyphrase in URL","description":"Focus keyphrase not found in the URL.","score":1,"maxScore":5,"error":1},"keyphraseInIntroduction":{"title":"Focus keyphrase in introduction","description":"Your Focus keyphrase appears in the first paragraph. Well done!","score":9,"maxScore":9,"error":0},"keyphraseInSubHeadings":{"title":"Focus keyphrase in Subheadings","description":"Your H2 and H3 subheadings reflects the topic of your copy. Good job!","score":9,"maxScore":9,"error":0},"keyphraseInImageAlt":{"title":"Focus keyphrase in image alt attributes","description":"Focus keyphrase found in image alt attribute(s).","score":9,"maxScore":9,"error":0}}},"additional":[{"keyphrase":"sentimientos","score":83,"analysis":{"keyphraseInDescription":{"title":"Keyphrase in meta description","description":"Keyphrase found in meta description.","score":9,"maxScore":9,"error":0},"keyphraseLength":{"title":"Keyphrase length","description":"Good job!","score":9,"maxScore":9,"error":0,"length":1},"keyphraseInIntroduction":{"title":"Keyphrase in introduction","description":"Your Keyphrase appears in the first paragraph. Well done!","score":9,"maxScore":9,"error":0},"keyphraseInImageAlt":{"title":"Keyphrase in image alt attributes","description":"Keyphrase not found in image alt attribute(s). Add an image with your Keyphrase as alt text.","score":3,"maxScore":9,"error":1}}},{"keyphrase":"ni\u00f1os","score":83,"analysis":{"keyphraseInDescription":{"title":"Keyphrase in meta description","description":"Keyphrase found in meta description.","score":9,"maxScore":9,"error":0},"keyphraseLength":{"title":"Keyphrase length","description":"Good job!","score":9,"maxScore":9,"error":0,"length":1},"keyphraseInIntroduction":{"title":"Keyphrase in introduction","description":"Your Keyphrase appears in the first paragraph. Well done!","score":9,"maxScore":9,"error":0},"keyphraseInImageAlt":{"title":"Keyphrase in image alt attributes","description":"Keyphrase not found in image alt attribute(s). Add an image with your Keyphrase as alt text.","score":3,"maxScore":9,"error":1}}},{"keyphrase":"Navidad","score":100,"analysis":{"keyphraseInDescription":{"title":"Keyphrase in meta description","description":"Keyphrase found in meta description.","score":9,"maxScore":9,"error":0},"keyphraseLength":{"title":"Keyphrase length","description":"Good job!","score":9,"maxScore":9,"error":0,"length":1},"keyphraseInIntroduction":{"title":"Keyphrase in introduction","description":"Your Keyphrase appears in the first paragraph. Well done!","score":9,"maxScore":9,"error":0},"keyphraseInImageAlt":{"title":"Keyphrase in image alt attributes","description":"Keyphrase found in image alt attribute(s).","score":9,"maxScore":9,"error":0}}}]},"primary_term":null,"canonical_url":null,"og_title":null,"og_description":null,"og_object_type":"default","og_image_type":"default","og_image_url":null,"og_image_width":null,"og_image_height":null,"og_image_custom_url":null,"og_image_custom_fields":null,"og_video":"","og_custom_url":null,"og_article_section":null,"og_article_tags":[],"twitter_use_og":false,"twitter_card":"default","twitter_image_type":"default","twitter_image_url":null,"twitter_image_custom_url":null,"twitter_image_custom_fields":null,"twitter_title":null,"twitter_description":null,"schema":{"blockGraphs":[],"customGraphs":[],"default":{"data":{"Article":[],"Course":[],"Dataset":[],"FAQPage":[],"Movie":[],"Person":[],"Product":[],"ProductReview":[],"Car":[],"Recipe":[],"Service":[],"SoftwareApplication":[],"WebPage":[]},"graphName":"Article","isEnabled":true},"graphs":[]},"schema_type":"default","schema_type_options":null,"pillar_content":false,"robots_default":true,"robots_noindex":false,"robots_noarchive":false,"robots_nosnippet":false,"robots_nofollow":false,"robots_noimageindex":false,"robots_noodp":false,"robots_notranslate":false,"robots_max_snippet":"-1","robots_max_videopreview":"-1","robots_max_imagepreview":"large","priority":null,"frequency":"default","location":null,"local_seo":null,"seo_analyzer_scan_date":"2025-09-01 16:07:18","breadcrumb_settings":null,"limit_modified_date":false,"reviewed_by":null,"open_ai":null,"ai":null,"created":"2022-11-22 11:00:21","updated":"2025-09-01 16:07:18"},"aioseo_breadcrumb":"<div class=\"aioseo-breadcrumbs\"><span class=\"aioseo-breadcrumb\">\n\t<a href=\"https:\/\/candas365.es\/noticias\" title=\"Home\">Home<\/a>\n<\/span><span class=\"aioseo-breadcrumb-separator\">&ndash;<\/span><span class=\"aioseo-breadcrumb\">\n\t<a href=\"https:\/\/candas365.es\/noticias\/category\/revista\/\" title=\"Revista\">Revista<\/a>\n<\/span><span class=\"aioseo-breadcrumb-separator\">&ndash;<\/span><span class=\"aioseo-breadcrumb\">\n\tNavidad 2022: La tradici\u00f3n es tendencia en decoraci\u00f3n\n<\/span><\/div>","aioseo_breadcrumb_json":[{"label":"Home","link":"https:\/\/candas365.es\/noticias"},{"label":"Revista","link":"https:\/\/candas365.es\/noticias\/category\/revista\/"},{"label":"Navidad 2022: La tradici\u00f3n es tendencia en decoraci\u00f3n","link":"https:\/\/candas365.es\/noticias\/navidad-2022-la-tradicion-es-tendencia-en-decoracion\/"}],"_links":{"self":[{"href":"https:\/\/candas365.es\/noticias\/wp-json\/wp\/v2\/posts\/169262","targetHints":{"allow":["GET"]}}],"collection":[{"href":"https:\/\/candas365.es\/noticias\/wp-json\/wp\/v2\/posts"}],"about":[{"href":"https:\/\/candas365.es\/noticias\/wp-json\/wp\/v2\/types\/post"}],"author":[{"embeddable":true,"href":"https:\/\/candas365.es\/noticias\/wp-json\/wp\/v2\/users\/1"}],"replies":[{"embeddable":true,"href":"https:\/\/candas365.es\/noticias\/wp-json\/wp\/v2\/comments?post=169262"}],"version-history":[{"count":0,"href":"https:\/\/candas365.es\/noticias\/wp-json\/wp\/v2\/posts\/169262\/revisions"}],"wp:featuredmedia":[{"embeddable":true,"href":"https:\/\/candas365.es\/noticias\/wp-json\/wp\/v2\/media\/169263"}],"wp:attachment":[{"href":"https:\/\/candas365.es\/noticias\/wp-json\/wp\/v2\/media?parent=169262"}],"wp:term":[{"taxonomy":"category","embeddable":true,"href":"https:\/\/candas365.es\/noticias\/wp-json\/wp\/v2\/categories?post=169262"},{"taxonomy":"post_tag","embeddable":true,"href":"https:\/\/candas365.es\/noticias\/wp-json\/wp\/v2\/tags?post=169262"}],"curies":[{"name":"wp","href":"https:\/\/api.w.org\/{rel}","templated":true}]}}