{"id":169240,"date":"2022-11-21T19:19:28","date_gmt":"2022-11-21T18:19:28","guid":{"rendered":"https:\/\/candas365.es\/noticias\/?p=169240"},"modified":"2022-11-21T19:19:28","modified_gmt":"2022-11-21T18:19:28","slug":"el-chef-jose-andres-ya-tiene-su-placa-en-el-paseo-de-los-valientes-en-kiev","status":"publish","type":"post","link":"https:\/\/candas365.es\/noticias\/el-chef-jose-andres-ya-tiene-su-placa-en-el-paseo-de-los-valientes-en-kiev\/","title":{"rendered":"El chef Jos\u00e9 Andr\u00e9s ya tiene su placa en el Paseo de los Valientes en Kiev"},"content":{"rendered":"<p>(EP) &#8211; El presidente de Ucrania, <a href=\"https:\/\/www.eldigitaldeasturias.com\/noticias\/zelenski-liberaremos-todas-nuestras-ciudades-y-pueblos\/\" target=\"_blank\" rel=\"noopener\"><span style=\"color: #ff6600;\"><strong>Volodimir Zelenski<\/strong><\/span><\/a>, ha reconocido la ayuda brindada por <strong>el chef Jos\u00e9 Andr\u00e9s<\/strong> y su organizaci\u00f3n World Central Kitchen a los ucranianos tras la invasi\u00f3n rusa del pa\u00eds con una placa con su nombre en el llamado Paseo de los Valientes en la plaza de la Constituci\u00f3n de la capital.<\/p>\n<figure id=\"attachment_169241\" aria-describedby=\"caption-attachment-169241\" style=\"width: 650px\" class=\"wp-caption aligncenter\"><img fetchpriority=\"high\" decoding=\"async\" class=\"wp-image-169241 size-large\" src=\"https:\/\/candas365.es\/noticias\/wp-content\/uploads\/2022\/11\/Jose-Andres-650x430.jpg\" alt=\"Jos\u00e9 Andr\u00e9s\" width=\"650\" height=\"430\" srcset=\"https:\/\/candas365.es\/noticias\/wp-content\/uploads\/2022\/11\/Jose-Andres-650x430.jpg 650w, https:\/\/candas365.es\/noticias\/wp-content\/uploads\/2022\/11\/Jose-Andres-360x238.jpg 360w, https:\/\/candas365.es\/noticias\/wp-content\/uploads\/2022\/11\/Jose-Andres-768x508.jpg 768w, https:\/\/candas365.es\/noticias\/wp-content\/uploads\/2022\/11\/Jose-Andres-150x99.jpg 150w, https:\/\/candas365.es\/noticias\/wp-content\/uploads\/2022\/11\/Jose-Andres-450x298.jpg 450w, https:\/\/candas365.es\/noticias\/wp-content\/uploads\/2022\/11\/Jose-Andres.jpg 993w\" sizes=\"(max-width: 650px) 100vw, 650px\" \/><figcaption id=\"caption-attachment-169241\" class=\"wp-caption-text\">FOTO: PRESIDENCIA DE UCRANIA \/ Europa Press<\/figcaption><\/figure>\n<p><strong>\u00abGracias por todo lo que haces ahora. Ahora estar\u00e1 en la historia de nuestro pa\u00eds, en nuestra independencia. Nunca olvidaremos esto\u00bb, ha asegurado Zelenski<\/strong> al chef espa\u00f1ol residente en Estados Unidos durante el acto de presentaci\u00f3n de la placa, seg\u00fan ha informado la Presidencia ucraniana.<\/p>\n<p>Zelenski, que ha agradecido a Jos\u00e9 Andr\u00e9s el haber estado con los ucranianos \u00abdesde el principio de esta tragedia\u00bb, tambi\u00e9n le ha hecho entrega de la Orden del M\u00e9rito en segundo grado.<\/p>\n<p><strong>El fundador de World Central Kitchen<\/strong>, una organizaci\u00f3n que se encarga de repartir comida y alimentos en contextos de guerra o de desastres naturales entre otros, <strong>ha regresado a Ucrania recientemente tras la liberaci\u00f3n de la ciudad de Jers\u00f3n de las fuerzas rusas.<\/strong><\/p>\n<p>El Paseo de los Valientes de Kiev cuenta ya con placas en honor de la presidenta de la Comisi\u00f3n Europea, Ursula Von der Leyen, as\u00ed como varios mandatarios europeos, entre ellos el ya ex primer ministro brit\u00e1nico Boris Johnson, as\u00ed como el actor y director de cine Sean Penn.<\/p>\n","protected":false},"excerpt":{"rendered":"<p>(EP) &#8211; El presidente de Ucrania, Volodimir Zelenski, ha reconocido la ayuda brindada por el chef Jos\u00e9 Andr\u00e9s y su organizaci\u00f3n World Central Kitchen a los ucranianos tras la invasi\u00f3n rusa del pa\u00eds con una placa con su nombre en el llamado Paseo de los Valientes en la plaza de la Constituci\u00f3n de la capital.<\/p>\n","protected":false},"author":1,"featured_media":169241,"comment_status":"closed","ping_status":"closed","sticky":false,"template":"","format":"standard","meta":{"footnotes":""},"categories":[316,485],"tags":[464,418],"class_list":{"0":"post-169240","1":"post","2":"type-post","3":"status-publish","4":"format-standard","5":"has-post-thumbnail","7":"category-destacadas","8":"category-internacional","9":"tag-conflictos","10":"tag-internacional"},"aioseo_notices":[],"aioseo_head":"\n\t\t<!-- All in One SEO Pro 4.9.6.2 - aioseo.com -->\n\t<meta name=\"description\" content=\"(EP) - El presidente de Ucrania, Volodimir Zelenski, ha reconocido la ayuda brindada por el chef Jos\u00e9 Andr\u00e9s y su organizaci\u00f3n World Central Kitchen\" \/>\n\t<meta name=\"robots\" content=\"max-image-preview:large\" \/>\n\t<meta name=\"author\" content=\"Cand\u00e1s 365\"\/>\n\t<meta name=\"google-site-verification\" content=\"UA-32230408-1\" \/>\n\t<meta name=\"msvalidate.01\" content=\"354F3CDFB2DA171B47FBE9ABF1F88D5\" \/>\n\t<meta name=\"keywords\" content=\"destacadas,internacional\" \/>\n\t<link rel=\"canonical\" href=\"https:\/\/candas365.es\/noticias\/el-chef-jose-andres-ya-tiene-su-placa-en-el-paseo-de-los-valientes-en-kiev\/\" \/>\n\t<meta name=\"generator\" content=\"All in One SEO Pro (AIOSEO) 4.9.6.2\" \/>\n\t\t<meta property=\"og:locale\" content=\"es_ES\" \/>\n\t\t<meta property=\"og:site_name\" content=\"Cand\u00e1s 365\" \/>\n\t\t<meta property=\"og:type\" content=\"article\" \/>\n\t\t<meta property=\"og:title\" content=\"El chef Jos\u00e9 Andr\u00e9s ya tiene su placa en el Paseo de los Valientes en Kiev | Cand\u00e1s 365\" \/>\n\t\t<meta property=\"og:description\" content=\"(EP) - El presidente de Ucrania, Volodimir Zelenski, ha reconocido la ayuda brindada por el chef Jos\u00e9 Andr\u00e9s y su organizaci\u00f3n World Central Kitchen\" \/>\n\t\t<meta property=\"og:url\" content=\"https:\/\/candas365.es\/noticias\/el-chef-jose-andres-ya-tiene-su-placa-en-el-paseo-de-los-valientes-en-kiev\/\" \/>\n\t\t<meta property=\"og:image\" content=\"https:\/\/candas365.es\/noticias\/wp-content\/uploads\/2022\/11\/Jose-Andres.jpg\" \/>\n\t\t<meta property=\"og:image:secure_url\" content=\"https:\/\/candas365.es\/noticias\/wp-content\/uploads\/2022\/11\/Jose-Andres.jpg\" \/>\n\t\t<meta property=\"og:image:width\" content=\"993\" \/>\n\t\t<meta property=\"og:image:height\" content=\"657\" \/>\n\t\t<meta property=\"article:published_time\" content=\"2022-11-21T18:19:28+00:00\" \/>\n\t\t<meta property=\"article:modified_time\" content=\"2022-11-21T18:19:28+00:00\" \/>\n\t\t<meta property=\"article:publisher\" content=\"https:\/\/www.facebook.com\/Nachofdezber\" \/>\n\t\t<meta property=\"article:author\" content=\"https:\/\/www.facebook.com\/carrenoactualidad\" \/>\n\t\t<meta name=\"twitter:card\" content=\"summary_large_image\" \/>\n\t\t<meta name=\"twitter:site\" content=\"@NabercoDigital\" \/>\n\t\t<meta name=\"twitter:title\" content=\"El chef Jos\u00e9 Andr\u00e9s ya tiene su placa en el Paseo de los Valientes en Kiev | Cand\u00e1s 365\" \/>\n\t\t<meta name=\"twitter:description\" content=\"(EP) - El presidente de Ucrania, Volodimir Zelenski, ha reconocido la ayuda brindada por el chef Jos\u00e9 Andr\u00e9s y su organizaci\u00f3n World Central Kitchen\" \/>\n\t\t<meta name=\"twitter:creator\" content=\"@nbasturias\" \/>\n\t\t<meta name=\"twitter:image\" content=\"https:\/\/candas365.es\/noticias\/wp-content\/uploads\/2022\/11\/Jose-Andres.jpg\" \/>\n\t\t<meta name=\"twitter:label1\" content=\"Escrito por\" \/>\n\t\t<meta name=\"twitter:data1\" content=\"Cand\u00e1s 365\" \/>\n\t\t<meta name=\"twitter:label2\" content=\"Tiempo de lectura estimado\" \/>\n\t\t<meta name=\"twitter:data2\" content=\"1 minuto\" \/>\n\t\t<script type=\"application\/ld+json\" class=\"aioseo-schema\">\n\t\t\t{\"@context\":\"https:\\\/\\\/schema.org\",\"@graph\":[{\"@type\":\"BreadcrumbList\",\"@id\":\"https:\\\/\\\/candas365.es\\\/noticias\\\/el-chef-jose-andres-ya-tiene-su-placa-en-el-paseo-de-los-valientes-en-kiev\\\/#breadcrumblist\",\"itemListElement\":[{\"@type\":\"ListItem\",\"@id\":\"https:\\\/\\\/candas365.es\\\/noticias#listItem\",\"position\":1,\"name\":\"Home\",\"item\":\"https:\\\/\\\/candas365.es\\\/noticias\",\"nextItem\":{\"@type\":\"ListItem\",\"@id\":\"https:\\\/\\\/candas365.es\\\/noticias\\\/category\\\/destacadas\\\/#listItem\",\"name\":\"Destacadas\"}},{\"@type\":\"ListItem\",\"@id\":\"https:\\\/\\\/candas365.es\\\/noticias\\\/category\\\/destacadas\\\/#listItem\",\"position\":2,\"name\":\"Destacadas\",\"item\":\"https:\\\/\\\/candas365.es\\\/noticias\\\/category\\\/destacadas\\\/\",\"nextItem\":{\"@type\":\"ListItem\",\"@id\":\"https:\\\/\\\/candas365.es\\\/noticias\\\/el-chef-jose-andres-ya-tiene-su-placa-en-el-paseo-de-los-valientes-en-kiev\\\/#listItem\",\"name\":\"El chef Jos\\u00e9 Andr\\u00e9s ya tiene su placa en el Paseo de los Valientes en Kiev\"},\"previousItem\":{\"@type\":\"ListItem\",\"@id\":\"https:\\\/\\\/candas365.es\\\/noticias#listItem\",\"name\":\"Home\"}},{\"@type\":\"ListItem\",\"@id\":\"https:\\\/\\\/candas365.es\\\/noticias\\\/el-chef-jose-andres-ya-tiene-su-placa-en-el-paseo-de-los-valientes-en-kiev\\\/#listItem\",\"position\":3,\"name\":\"El chef Jos\\u00e9 Andr\\u00e9s ya tiene su placa en el Paseo de los Valientes en Kiev\",\"previousItem\":{\"@type\":\"ListItem\",\"@id\":\"https:\\\/\\\/candas365.es\\\/noticias\\\/category\\\/destacadas\\\/#listItem\",\"name\":\"Destacadas\"}}]},{\"@type\":\"NewsArticle\",\"@id\":\"https:\\\/\\\/candas365.es\\\/noticias\\\/el-chef-jose-andres-ya-tiene-su-placa-en-el-paseo-de-los-valientes-en-kiev\\\/#newsarticle\",\"name\":\"El chef Jos\\u00e9 Andr\\u00e9s ya tiene su placa en el Paseo de los Valientes en Kiev | Cand\\u00e1s 365\",\"headline\":\"El chef Jos\\u00e9 Andr\\u00e9s ya tiene su placa en el Paseo de los Valientes en Kiev\",\"author\":{\"@id\":\"https:\\\/\\\/candas365.es\\\/noticias\\\/author\\\/admin\\\/#author\"},\"publisher\":{\"@id\":\"https:\\\/\\\/candas365.es\\\/noticias\\\/#organization\"},\"image\":{\"@type\":\"ImageObject\",\"url\":\"https:\\\/\\\/candas365.es\\\/noticias\\\/wp-content\\\/uploads\\\/2022\\\/11\\\/Jose-Andres.jpg\",\"width\":993,\"height\":657,\"caption\":\"FOTO: PRESIDENCIA DE UCRANIA \\\/ Europa Press\"},\"datePublished\":\"2022-11-21T19:19:28+01:00\",\"dateModified\":\"2022-11-21T19:19:28+01:00\",\"inLanguage\":\"es-ES\",\"mainEntityOfPage\":{\"@id\":\"https:\\\/\\\/candas365.es\\\/noticias\\\/el-chef-jose-andres-ya-tiene-su-placa-en-el-paseo-de-los-valientes-en-kiev\\\/#webpage\"},\"isPartOf\":{\"@id\":\"https:\\\/\\\/candas365.es\\\/noticias\\\/el-chef-jose-andres-ya-tiene-su-placa-en-el-paseo-de-los-valientes-en-kiev\\\/#webpage\"},\"articleSection\":\"Destacadas, Internacional, conflictos, Internacional\",\"dateline\":\"Publicado el noviembre 21, 2022.\"},{\"@type\":\"Organization\",\"@id\":\"https:\\\/\\\/candas365.es\\\/noticias\\\/#organization\",\"name\":\"Cand\\u00e1s 365\",\"description\":\"Cand\\u00e1s 365 es un diario digital independiente, fundado en 2012, con base en Asturias. Informamos con rigor sobre actualidad, sociedad, cultura y ocio, con una mirada local y global.\",\"url\":\"https:\\\/\\\/candas365.es\\\/noticias\\\/\",\"email\":\"info@candas365.es\",\"telephone\":\"+34652131393\",\"foundingDate\":\"2012-06-10\",\"logo\":{\"@type\":\"ImageObject\",\"url\":\"https:\\\/\\\/candas365.es\\\/noticias\\\/wp-content\\\/uploads\\\/2024\\\/09\\\/Candas-365-Redes.jpg\",\"@id\":\"https:\\\/\\\/candas365.es\\\/noticias\\\/el-chef-jose-andres-ya-tiene-su-placa-en-el-paseo-de-los-valientes-en-kiev\\\/#organizationLogo\",\"width\":1152,\"height\":864,\"caption\":\"Cand\\u00e1s 365 Redes\"},\"image\":{\"@id\":\"https:\\\/\\\/candas365.es\\\/noticias\\\/el-chef-jose-andres-ya-tiene-su-placa-en-el-paseo-de-los-valientes-en-kiev\\\/#organizationLogo\"},\"sameAs\":[\"https:\\\/\\\/www.facebook.com\\\/Nachofdezber\",\"https:\\\/\\\/x.com\\\/NabercoDigital\",\"https:\\\/\\\/www.instagram.com\\\/nachofdezber\\\/\",\"https:\\\/\\\/www.youtube.com\\\/channel\\\/UCZP-2wLEB9Rv6erhFmqVnvg\"],\"address\":{\"@id\":\"https:\\\/\\\/candas365.es\\\/noticias\\\/#postaladdress\",\"@type\":\"PostalAddress\",\"streetAddress\":\"san antonio 4, san antonio 4\",\"postalCode\":\"33430\",\"addressLocality\":\"Cand\\u00e1s\",\"addressRegion\":\"Asturias\",\"addressCountry\":\"ES\"}},{\"@type\":\"Person\",\"@id\":\"https:\\\/\\\/candas365.es\\\/noticias\\\/author\\\/admin\\\/#author\",\"url\":\"https:\\\/\\\/candas365.es\\\/noticias\\\/author\\\/admin\\\/\",\"name\":\"Cand\\u00e1s 365\",\"image\":{\"@type\":\"ImageObject\",\"@id\":\"https:\\\/\\\/candas365.es\\\/noticias\\\/el-chef-jose-andres-ya-tiene-su-placa-en-el-paseo-de-los-valientes-en-kiev\\\/#authorImage\",\"url\":\"https:\\\/\\\/secure.gravatar.com\\\/avatar\\\/496a8e03d0c493ede1718b7934145dbdf8d89be1036b0eec9544e1094c9de390?s=96&d=mm&r=g\",\"width\":96,\"height\":96,\"caption\":\"Cand\\u00e1s 365\"},\"sameAs\":[\"https:\\\/\\\/www.facebook.com\\\/carrenoactualidad\",\"https:\\\/\\\/twitter.com\\\/nbasturias\",\"https:\\\/\\\/www.instagram.com\\\/nachofdezber\\\/\",\"https:\\\/\\\/www.youtube.com\\\/channel\\\/UCZP-2wLEB9Rv6erhFmqVnvg\"]},{\"@type\":\"WebPage\",\"@id\":\"https:\\\/\\\/candas365.es\\\/noticias\\\/el-chef-jose-andres-ya-tiene-su-placa-en-el-paseo-de-los-valientes-en-kiev\\\/#webpage\",\"url\":\"https:\\\/\\\/candas365.es\\\/noticias\\\/el-chef-jose-andres-ya-tiene-su-placa-en-el-paseo-de-los-valientes-en-kiev\\\/\",\"name\":\"El chef Jos\\u00e9 Andr\\u00e9s ya tiene su placa en el Paseo de los Valientes en Kiev | Cand\\u00e1s 365\",\"description\":\"(EP) - El presidente de Ucrania, Volodimir Zelenski, ha reconocido la ayuda brindada por el chef Jos\\u00e9 Andr\\u00e9s y su organizaci\\u00f3n World Central Kitchen\",\"inLanguage\":\"es-ES\",\"isPartOf\":{\"@id\":\"https:\\\/\\\/candas365.es\\\/noticias\\\/#website\"},\"breadcrumb\":{\"@id\":\"https:\\\/\\\/candas365.es\\\/noticias\\\/el-chef-jose-andres-ya-tiene-su-placa-en-el-paseo-de-los-valientes-en-kiev\\\/#breadcrumblist\"},\"author\":{\"@id\":\"https:\\\/\\\/candas365.es\\\/noticias\\\/author\\\/admin\\\/#author\"},\"creator\":{\"@id\":\"https:\\\/\\\/candas365.es\\\/noticias\\\/author\\\/admin\\\/#author\"},\"image\":{\"@type\":\"ImageObject\",\"url\":\"https:\\\/\\\/candas365.es\\\/noticias\\\/wp-content\\\/uploads\\\/2022\\\/11\\\/Jose-Andres.jpg\",\"@id\":\"https:\\\/\\\/candas365.es\\\/noticias\\\/el-chef-jose-andres-ya-tiene-su-placa-en-el-paseo-de-los-valientes-en-kiev\\\/#mainImage\",\"width\":993,\"height\":657,\"caption\":\"FOTO: PRESIDENCIA DE UCRANIA \\\/ Europa Press\"},\"primaryImageOfPage\":{\"@id\":\"https:\\\/\\\/candas365.es\\\/noticias\\\/el-chef-jose-andres-ya-tiene-su-placa-en-el-paseo-de-los-valientes-en-kiev\\\/#mainImage\"},\"datePublished\":\"2022-11-21T19:19:28+01:00\",\"dateModified\":\"2022-11-21T19:19:28+01:00\"},{\"@type\":\"WebSite\",\"@id\":\"https:\\\/\\\/candas365.es\\\/noticias\\\/#website\",\"url\":\"https:\\\/\\\/candas365.es\\\/noticias\\\/\",\"name\":\"Cand\\u00e1s 365\",\"alternateName\":\"Cand\\u00e1s 365 Noticias\",\"description\":\"Actualidad desde Carre\\u00f1o para el mundo\",\"inLanguage\":\"es-ES\",\"publisher\":{\"@id\":\"https:\\\/\\\/candas365.es\\\/noticias\\\/#organization\"}}]}\n\t\t<\/script>\n\t\t<!-- All in One SEO Pro -->\r\n\t\t<title>El chef Jos\u00e9 Andr\u00e9s ya tiene su placa en el Paseo de los Valientes en Kiev | Cand\u00e1s 365<\/title>\n\n","aioseo_head_json":{"title":"El chef Jos\u00e9 Andr\u00e9s ya tiene su placa en el Paseo de los Valientes en Kiev | Cand\u00e1s 365","description":"(EP) - El presidente de Ucrania, Volodimir Zelenski, ha reconocido la ayuda brindada por el chef Jos\u00e9 Andr\u00e9s y su organizaci\u00f3n World Central Kitchen","canonical_url":"https:\/\/candas365.es\/noticias\/el-chef-jose-andres-ya-tiene-su-placa-en-el-paseo-de-los-valientes-en-kiev\/","robots":"max-image-preview:large","keywords":"destacadas,internacional","webmasterTools":{"google-site-verification":"UA-32230408-1","msvalidate.01":"354F3CDFB2DA171B47FBE9ABF1F88D5","miscellaneous":""},"schema":{"@context":"https:\/\/schema.org","@graph":[{"@type":"BreadcrumbList","@id":"https:\/\/candas365.es\/noticias\/el-chef-jose-andres-ya-tiene-su-placa-en-el-paseo-de-los-valientes-en-kiev\/#breadcrumblist","itemListElement":[{"@type":"ListItem","@id":"https:\/\/candas365.es\/noticias#listItem","position":1,"name":"Home","item":"https:\/\/candas365.es\/noticias","nextItem":{"@type":"ListItem","@id":"https:\/\/candas365.es\/noticias\/category\/destacadas\/#listItem","name":"Destacadas"}},{"@type":"ListItem","@id":"https:\/\/candas365.es\/noticias\/category\/destacadas\/#listItem","position":2,"name":"Destacadas","item":"https:\/\/candas365.es\/noticias\/category\/destacadas\/","nextItem":{"@type":"ListItem","@id":"https:\/\/candas365.es\/noticias\/el-chef-jose-andres-ya-tiene-su-placa-en-el-paseo-de-los-valientes-en-kiev\/#listItem","name":"El chef Jos\u00e9 Andr\u00e9s ya tiene su placa en el Paseo de los Valientes en Kiev"},"previousItem":{"@type":"ListItem","@id":"https:\/\/candas365.es\/noticias#listItem","name":"Home"}},{"@type":"ListItem","@id":"https:\/\/candas365.es\/noticias\/el-chef-jose-andres-ya-tiene-su-placa-en-el-paseo-de-los-valientes-en-kiev\/#listItem","position":3,"name":"El chef Jos\u00e9 Andr\u00e9s ya tiene su placa en el Paseo de los Valientes en Kiev","previousItem":{"@type":"ListItem","@id":"https:\/\/candas365.es\/noticias\/category\/destacadas\/#listItem","name":"Destacadas"}}]},{"@type":"NewsArticle","@id":"https:\/\/candas365.es\/noticias\/el-chef-jose-andres-ya-tiene-su-placa-en-el-paseo-de-los-valientes-en-kiev\/#newsarticle","name":"El chef Jos\u00e9 Andr\u00e9s ya tiene su placa en el Paseo de los Valientes en Kiev | Cand\u00e1s 365","headline":"El chef Jos\u00e9 Andr\u00e9s ya tiene su placa en el Paseo de los Valientes en Kiev","author":{"@id":"https:\/\/candas365.es\/noticias\/author\/admin\/#author"},"publisher":{"@id":"https:\/\/candas365.es\/noticias\/#organization"},"image":{"@type":"ImageObject","url":"https:\/\/candas365.es\/noticias\/wp-content\/uploads\/2022\/11\/Jose-Andres.jpg","width":993,"height":657,"caption":"FOTO: PRESIDENCIA DE UCRANIA \/ Europa Press"},"datePublished":"2022-11-21T19:19:28+01:00","dateModified":"2022-11-21T19:19:28+01:00","inLanguage":"es-ES","mainEntityOfPage":{"@id":"https:\/\/candas365.es\/noticias\/el-chef-jose-andres-ya-tiene-su-placa-en-el-paseo-de-los-valientes-en-kiev\/#webpage"},"isPartOf":{"@id":"https:\/\/candas365.es\/noticias\/el-chef-jose-andres-ya-tiene-su-placa-en-el-paseo-de-los-valientes-en-kiev\/#webpage"},"articleSection":"Destacadas, Internacional, conflictos, Internacional","dateline":"Publicado el noviembre 21, 2022."},{"@type":"Organization","@id":"https:\/\/candas365.es\/noticias\/#organization","name":"Cand\u00e1s 365","description":"Cand\u00e1s 365 es un diario digital independiente, fundado en 2012, con base en Asturias. Informamos con rigor sobre actualidad, sociedad, cultura y ocio, con una mirada local y global.","url":"https:\/\/candas365.es\/noticias\/","email":"info@candas365.es","telephone":"+34652131393","foundingDate":"2012-06-10","logo":{"@type":"ImageObject","url":"https:\/\/candas365.es\/noticias\/wp-content\/uploads\/2024\/09\/Candas-365-Redes.jpg","@id":"https:\/\/candas365.es\/noticias\/el-chef-jose-andres-ya-tiene-su-placa-en-el-paseo-de-los-valientes-en-kiev\/#organizationLogo","width":1152,"height":864,"caption":"Cand\u00e1s 365 Redes"},"image":{"@id":"https:\/\/candas365.es\/noticias\/el-chef-jose-andres-ya-tiene-su-placa-en-el-paseo-de-los-valientes-en-kiev\/#organizationLogo"},"sameAs":["https:\/\/www.facebook.com\/Nachofdezber","https:\/\/x.com\/NabercoDigital","https:\/\/www.instagram.com\/nachofdezber\/","https:\/\/www.youtube.com\/channel\/UCZP-2wLEB9Rv6erhFmqVnvg"],"address":{"@id":"https:\/\/candas365.es\/noticias\/#postaladdress","@type":"PostalAddress","streetAddress":"san antonio 4, san antonio 4","postalCode":"33430","addressLocality":"Cand\u00e1s","addressRegion":"Asturias","addressCountry":"ES"}},{"@type":"Person","@id":"https:\/\/candas365.es\/noticias\/author\/admin\/#author","url":"https:\/\/candas365.es\/noticias\/author\/admin\/","name":"Cand\u00e1s 365","image":{"@type":"ImageObject","@id":"https:\/\/candas365.es\/noticias\/el-chef-jose-andres-ya-tiene-su-placa-en-el-paseo-de-los-valientes-en-kiev\/#authorImage","url":"https:\/\/secure.gravatar.com\/avatar\/496a8e03d0c493ede1718b7934145dbdf8d89be1036b0eec9544e1094c9de390?s=96&d=mm&r=g","width":96,"height":96,"caption":"Cand\u00e1s 365"},"sameAs":["https:\/\/www.facebook.com\/carrenoactualidad","https:\/\/twitter.com\/nbasturias","https:\/\/www.instagram.com\/nachofdezber\/","https:\/\/www.youtube.com\/channel\/UCZP-2wLEB9Rv6erhFmqVnvg"]},{"@type":"WebPage","@id":"https:\/\/candas365.es\/noticias\/el-chef-jose-andres-ya-tiene-su-placa-en-el-paseo-de-los-valientes-en-kiev\/#webpage","url":"https:\/\/candas365.es\/noticias\/el-chef-jose-andres-ya-tiene-su-placa-en-el-paseo-de-los-valientes-en-kiev\/","name":"El chef Jos\u00e9 Andr\u00e9s ya tiene su placa en el Paseo de los Valientes en Kiev | Cand\u00e1s 365","description":"(EP) - El presidente de Ucrania, Volodimir Zelenski, ha reconocido la ayuda brindada por el chef Jos\u00e9 Andr\u00e9s y su organizaci\u00f3n World Central Kitchen","inLanguage":"es-ES","isPartOf":{"@id":"https:\/\/candas365.es\/noticias\/#website"},"breadcrumb":{"@id":"https:\/\/candas365.es\/noticias\/el-chef-jose-andres-ya-tiene-su-placa-en-el-paseo-de-los-valientes-en-kiev\/#breadcrumblist"},"author":{"@id":"https:\/\/candas365.es\/noticias\/author\/admin\/#author"},"creator":{"@id":"https:\/\/candas365.es\/noticias\/author\/admin\/#author"},"image":{"@type":"ImageObject","url":"https:\/\/candas365.es\/noticias\/wp-content\/uploads\/2022\/11\/Jose-Andres.jpg","@id":"https:\/\/candas365.es\/noticias\/el-chef-jose-andres-ya-tiene-su-placa-en-el-paseo-de-los-valientes-en-kiev\/#mainImage","width":993,"height":657,"caption":"FOTO: PRESIDENCIA DE UCRANIA \/ Europa Press"},"primaryImageOfPage":{"@id":"https:\/\/candas365.es\/noticias\/el-chef-jose-andres-ya-tiene-su-placa-en-el-paseo-de-los-valientes-en-kiev\/#mainImage"},"datePublished":"2022-11-21T19:19:28+01:00","dateModified":"2022-11-21T19:19:28+01:00"},{"@type":"WebSite","@id":"https:\/\/candas365.es\/noticias\/#website","url":"https:\/\/candas365.es\/noticias\/","name":"Cand\u00e1s 365","alternateName":"Cand\u00e1s 365 Noticias","description":"Actualidad desde Carre\u00f1o para el mundo","inLanguage":"es-ES","publisher":{"@id":"https:\/\/candas365.es\/noticias\/#organization"}}]},"og:locale":"es_ES","og:site_name":"Cand\u00e1s 365","og:type":"article","og:title":"El chef Jos\u00e9 Andr\u00e9s ya tiene su placa en el Paseo de los Valientes en Kiev | Cand\u00e1s 365","og:description":"(EP) - El presidente de Ucrania, Volodimir Zelenski, ha reconocido la ayuda brindada por el chef Jos\u00e9 Andr\u00e9s y su organizaci\u00f3n World Central Kitchen","og:url":"https:\/\/candas365.es\/noticias\/el-chef-jose-andres-ya-tiene-su-placa-en-el-paseo-de-los-valientes-en-kiev\/","og:image":"https:\/\/candas365.es\/noticias\/wp-content\/uploads\/2022\/11\/Jose-Andres.jpg","og:image:secure_url":"https:\/\/candas365.es\/noticias\/wp-content\/uploads\/2022\/11\/Jose-Andres.jpg","og:image:width":993,"og:image:height":657,"article:published_time":"2022-11-21T18:19:28+00:00","article:modified_time":"2022-11-21T18:19:28+00:00","article:publisher":"https:\/\/www.facebook.com\/Nachofdezber","article:author":"https:\/\/www.facebook.com\/carrenoactualidad","twitter:card":"summary_large_image","twitter:site":"@NabercoDigital","twitter:title":"El chef Jos\u00e9 Andr\u00e9s ya tiene su placa en el Paseo de los Valientes en Kiev | Cand\u00e1s 365","twitter:description":"(EP) - El presidente de Ucrania, Volodimir Zelenski, ha reconocido la ayuda brindada por el chef Jos\u00e9 Andr\u00e9s y su organizaci\u00f3n World Central Kitchen","twitter:creator":"@nbasturias","twitter:image":"https:\/\/candas365.es\/noticias\/wp-content\/uploads\/2022\/11\/Jose-Andres.jpg","twitter:label1":"Escrito por","twitter:data1":"Cand\u00e1s 365","twitter:label2":"Tiempo de lectura estimado","twitter:data2":"1 minuto"},"aioseo_meta_data":{"post_id":"169240","title":null,"description":"(EP) - El presidente de Ucrania, Volodimir Zelenski, ha reconocido la ayuda brindada por el chef Jos\u00e9 Andr\u00e9s y su organizaci\u00f3n World Central Kitchen","keywords":[],"keyphrases":{"focus":{"keyphrase":"Jos\u00e9 Andr\u00e9s ","score":92,"analysis":{"keyphraseInTitle":{"title":"Focus keyphrase in SEO title","description":"Focus keyphrase found in SEO title.","score":9,"maxScore":9,"error":0},"keyphraseInDescription":{"title":"Focus keyphrase in meta description","description":"Focus keyphrase found in meta description.","score":9,"maxScore":9,"error":0},"keyphraseLength":{"title":"Focus keyphrase length","description":"Good job!","score":9,"maxScore":9,"error":0,"length":2},"keyphraseInURL":{"title":"Focus keyphrase in URL","description":"Focus keyphrase not found in the URL.","score":1,"maxScore":5,"error":1},"keyphraseInIntroduction":{"title":"Focus keyphrase in introduction","description":"Your Focus keyphrase appears in the first paragraph. Well done!","score":9,"maxScore":9,"error":0},"keyphraseInSubHeadings":[],"keyphraseInImageAlt":{"title":"Focus keyphrase in image alt attributes","description":"Focus keyphrase found in image alt attribute(s).","score":9,"maxScore":9,"error":0}}},"additional":[{"keyphrase":"Jos\u00e9 Andr\u00e9s ","score":100,"analysis":{"keyphraseInDescription":{"title":"Keyphrase in meta description","description":"Keyphrase found in meta description.","score":9,"maxScore":9,"error":0},"keyphraseLength":{"title":"Keyphrase length","description":"Good job!","score":9,"maxScore":9,"error":0,"length":2},"keyphraseInIntroduction":{"title":"Keyphrase in introduction","description":"Your Keyphrase appears in the first paragraph. Well done!","score":9,"maxScore":9,"error":0},"keyphraseInImageAlt":{"title":"Keyphrase in image alt attributes","description":"Keyphrase found in image alt attribute(s).","score":9,"maxScore":9,"error":0}}},{"keyphrase":"Zelenski","score":83,"analysis":{"keyphraseInDescription":{"title":"Keyphrase in meta description","description":"Keyphrase found in meta description.","score":9,"maxScore":9,"error":0},"keyphraseLength":{"title":"Keyphrase length","description":"Good job!","score":9,"maxScore":9,"error":0,"length":1},"keyphraseInIntroduction":{"title":"Keyphrase in introduction","description":"Your Keyphrase appears in the first paragraph. Well done!","score":9,"maxScore":9,"error":0},"keyphraseInImageAlt":{"title":"Keyphrase in image alt attributes","description":"Keyphrase not found in image alt attribute(s). Add an image with your Keyphrase as alt text.","score":3,"maxScore":9,"error":1}}}]},"primary_term":null,"canonical_url":null,"og_title":null,"og_description":null,"og_object_type":"default","og_image_type":"default","og_image_url":null,"og_image_width":null,"og_image_height":null,"og_image_custom_url":null,"og_image_custom_fields":null,"og_video":"","og_custom_url":null,"og_article_section":null,"og_article_tags":[],"twitter_use_og":false,"twitter_card":"default","twitter_image_type":"default","twitter_image_url":null,"twitter_image_custom_url":null,"twitter_image_custom_fields":null,"twitter_title":null,"twitter_description":null,"schema":{"blockGraphs":[],"customGraphs":[],"default":{"data":{"Article":[],"Course":[],"Dataset":[],"FAQPage":[],"Movie":[],"Person":[],"Product":[],"ProductReview":[],"Car":[],"Recipe":[],"Service":[],"SoftwareApplication":[],"WebPage":[]},"graphName":"Article","isEnabled":true},"graphs":[]},"schema_type":"default","schema_type_options":null,"pillar_content":false,"robots_default":true,"robots_noindex":false,"robots_noarchive":false,"robots_nosnippet":false,"robots_nofollow":false,"robots_noimageindex":false,"robots_noodp":false,"robots_notranslate":false,"robots_max_snippet":"-1","robots_max_videopreview":"-1","robots_max_imagepreview":"large","priority":null,"frequency":"default","location":null,"local_seo":null,"seo_analyzer_scan_date":"2025-09-01 16:05:44","breadcrumb_settings":null,"limit_modified_date":false,"reviewed_by":null,"open_ai":null,"ai":null,"created":"2022-11-21 18:12:47","updated":"2025-09-01 16:05:44"},"aioseo_breadcrumb":"<div class=\"aioseo-breadcrumbs\"><span class=\"aioseo-breadcrumb\">\n\t<a href=\"https:\/\/candas365.es\/noticias\" title=\"Home\">Home<\/a>\n<\/span><span class=\"aioseo-breadcrumb-separator\">&ndash;<\/span><span class=\"aioseo-breadcrumb\">\n\t<a href=\"https:\/\/candas365.es\/noticias\/category\/destacadas\/\" title=\"Destacadas\">Destacadas<\/a>\n<\/span><span class=\"aioseo-breadcrumb-separator\">&ndash;<\/span><span class=\"aioseo-breadcrumb\">\n\tEl chef Jos\u00e9 Andr\u00e9s ya tiene su placa en el Paseo de los Valientes en Kiev\n<\/span><\/div>","aioseo_breadcrumb_json":[{"label":"Home","link":"https:\/\/candas365.es\/noticias"},{"label":"Destacadas","link":"https:\/\/candas365.es\/noticias\/category\/destacadas\/"},{"label":"El chef Jos\u00e9 Andr\u00e9s ya tiene su placa en el Paseo de los Valientes en Kiev","link":"https:\/\/candas365.es\/noticias\/el-chef-jose-andres-ya-tiene-su-placa-en-el-paseo-de-los-valientes-en-kiev\/"}],"_links":{"self":[{"href":"https:\/\/candas365.es\/noticias\/wp-json\/wp\/v2\/posts\/169240","targetHints":{"allow":["GET"]}}],"collection":[{"href":"https:\/\/candas365.es\/noticias\/wp-json\/wp\/v2\/posts"}],"about":[{"href":"https:\/\/candas365.es\/noticias\/wp-json\/wp\/v2\/types\/post"}],"author":[{"embeddable":true,"href":"https:\/\/candas365.es\/noticias\/wp-json\/wp\/v2\/users\/1"}],"replies":[{"embeddable":true,"href":"https:\/\/candas365.es\/noticias\/wp-json\/wp\/v2\/comments?post=169240"}],"version-history":[{"count":0,"href":"https:\/\/candas365.es\/noticias\/wp-json\/wp\/v2\/posts\/169240\/revisions"}],"wp:featuredmedia":[{"embeddable":true,"href":"https:\/\/candas365.es\/noticias\/wp-json\/wp\/v2\/media\/169241"}],"wp:attachment":[{"href":"https:\/\/candas365.es\/noticias\/wp-json\/wp\/v2\/media?parent=169240"}],"wp:term":[{"taxonomy":"category","embeddable":true,"href":"https:\/\/candas365.es\/noticias\/wp-json\/wp\/v2\/categories?post=169240"},{"taxonomy":"post_tag","embeddable":true,"href":"https:\/\/candas365.es\/noticias\/wp-json\/wp\/v2\/tags?post=169240"}],"curies":[{"name":"wp","href":"https:\/\/api.w.org\/{rel}","templated":true}]}}