{"id":169194,"date":"2022-11-20T19:12:21","date_gmt":"2022-11-20T18:12:21","guid":{"rendered":"https:\/\/candas365.es\/noticias\/?p=169194"},"modified":"2022-11-20T19:12:21","modified_gmt":"2022-11-20T18:12:21","slug":"surf-contra-el-racismo-en-la-playa-de-rockaway","status":"publish","type":"post","link":"https:\/\/candas365.es\/noticias\/surf-contra-el-racismo-en-la-playa-de-rockaway\/","title":{"rendered":"Surf contra el racismo en la playa de Rockaway"},"content":{"rendered":"<p>(dpa) &#8211; El surf est\u00e1 en auge en Nueva York, pese a que no tenga palmeras ni olas gigantes y a las numerosas alertas por tiburones. <strong>Una de las estrellas locales es Lou Harris, que entrena gratis a ni\u00f1os, cre\u00f3 un club para surfers negros y lucha contra el racismo.<\/strong><\/p>\n<figure id=\"attachment_169195\" aria-describedby=\"caption-attachment-169195\" style=\"width: 650px\" class=\"wp-caption aligncenter\"><img fetchpriority=\"high\" decoding=\"async\" class=\"wp-image-169195 size-large\" src=\"https:\/\/candas365.es\/noticias\/wp-content\/uploads\/2022\/11\/surf-650x423.jpg\" alt=\"surf\" width=\"650\" height=\"423\" srcset=\"https:\/\/candas365.es\/noticias\/wp-content\/uploads\/2022\/11\/surf-650x423.jpg 650w, https:\/\/candas365.es\/noticias\/wp-content\/uploads\/2022\/11\/surf-360x234.jpg 360w, https:\/\/candas365.es\/noticias\/wp-content\/uploads\/2022\/11\/surf-768x500.jpg 768w, https:\/\/candas365.es\/noticias\/wp-content\/uploads\/2022\/11\/surf-150x98.jpg 150w, https:\/\/candas365.es\/noticias\/wp-content\/uploads\/2022\/11\/surf-450x293.jpg 450w, https:\/\/candas365.es\/noticias\/wp-content\/uploads\/2022\/11\/surf.jpg 1001w\" sizes=\"(max-width: 650px) 100vw, 650px\" \/><figcaption id=\"caption-attachment-169195\" class=\"wp-caption-text\">Lou Harris da clases de surf a ni\u00f1os en la playa de Rockaway. El surf tambi\u00e9n est\u00e1 en auge en Nueva York, a pesar de las numerosas advertencias sobre tiburones de este verano. Una de las estrellas locales es Lou Harris. Entrena gratuitamente a los ni\u00f1os, ha fundado una asociaci\u00f3n de surfistas negros y lucha contra el racismo. Foto: Christina Horsten\/dpa<\/figcaption><\/figure>\n<p>Harris lleg\u00f3 al surf casi por casualidad. \u00abTen\u00eda 33 a\u00f1os, justo hab\u00eda dejado ya la patineta y no sab\u00eda qu\u00e9 hacer porque me estaba poniendo viejo, mi cuerpo me fallaba. Y entonces llegu\u00e9 a las playas de Rockaway y vi como la gente hac\u00eda surf y de inmediato supe que tambi\u00e9n quer\u00eda hacer eso\u00bb.<\/p>\n<p>Harris se compr\u00f3 una tabla de surf usada, se sent\u00f3 en la playa con una cerveza en la mano y se puso a observar a los otros surfistas mientras tomaba notas. Y as\u00ed durante d\u00edas, semanas, hasta que sinti\u00f3 que hab\u00eda comprendido c\u00f3mo funcionaba el arte de domar las olas.<\/p>\n<blockquote><p>\u00abMi novia de entonces estaba totalmente celosa porque lo \u00fanico que me interesaba era surfear\u00bb, recuerda.<\/p><\/blockquote>\n<p>Entretanto, Harris tiene hoy 50 a\u00f1os y hace tiempo que se mud\u00f3 a Rockaway, una pen\u00ednsula de su Queens natal, cerca del aeropuerto John F. Kennedy. \u00abMe gustaba tanto que no quise tomar el metro de regreso\u00bb.<\/p>\n<p>Rockaway, severamente da\u00f1ado por el hurac\u00e1n Sandy en 2012, es uno de los barrios m\u00e1s pobres de la metr\u00f3poli. Hay muchos edificios de varios pisos y sencillas casas de maderas.<\/p>\n<p>Gracias a sus extensas playas de arena, Rockaway registra desde hace unos a\u00f1os un proceso cada vez m\u00e1s intenso de gentrificaci\u00f3n, con hoteles de lujo, elegantes puestos en la playa con tacos de pescado y \u00abiced latte\u00bb y coloridas bicicletas que circulan por su paseo mar\u00edtimo.<\/p>\n<p>Desde Manhattan hay que viajar cerca de una hora en la l\u00ednea A del metro hasta estas playas. Cuanto m\u00e1s cerca, m\u00e1s gente con tablas de surf sube al subterr\u00e1neo.<\/p>\n<p>El surf se practica en las olas frente a Rockaway, el \u00fanico lugar de Nueva York donde est\u00e1 oficialmente permitido, desde hace ya muchos a\u00f1os.<\/p>\n<p>Seg\u00fan relata la leyenda,<strong> Duke Kahanamoku, el inventor del surf moderno de Haw\u00e1i, pas\u00f3 por el barrio neoyorquino de Queens en 1912 y fue el primero en cabalgar las olas de la pen\u00ednsula.<\/strong><\/p>\n<p>En Rockaway no hay playas con palmeras ni olas gigantes. Es m\u00e1s, en invierno la arena se cubre de nieve. Pero seg\u00fan afirma Harris, \u00abes el \u00fanico lugar en el mundo en el que se puede ir a surfear un par de horas y luego tomar el metro para ir a ver una obra en Broadway\u00bb.<\/p>\n<blockquote><p>\u00abY la gente aqu\u00ed es muy ecl\u00e9ctica, una mezcla de todo\u00bb, asegura.<\/p><\/blockquote>\n<p>Cuando Harris comenz\u00f3 a surfear, raramente ve\u00eda a personas negras como \u00e9l en el agua.<\/p>\n<p>Cuando volv\u00eda a casa con su traje de neopreno y su tabla de surf bajo el brazo, siempre alguien -a menudo j\u00f3venes adolescentes afroamericanos- le gritaba: \u00abLos chicos negros no hacen surf\u00bb. Esto le molest\u00f3 al principio, dice Harris, pero tambi\u00e9n le hizo pensar.<\/p>\n<p>\u00ab\u00bfPor qu\u00e9 te enoja esto? Estos ni\u00f1os simplemente no tuvieron las mismas posibilidades que t\u00fa\u00bb, le dijo su madre, seg\u00fan recuerda. Harris creci\u00f3 en condiciones acomodadas, aprendi\u00f3 a nadar de muy peque\u00f1o y m\u00e1s tarde tuvo su piscina propia en casa.<\/p>\n<p>Las clases de nataci\u00f3n suelen ser muy caras en Estados Unidos y millones de ni\u00f1os no aprenden a nadar, las minor\u00edas \u00e9tnicas se ven afectadas de forma desproporcionada.<\/p>\n<p>Cuando Harris se entera de un incidente en el que un ni\u00f1o de 13 a\u00f1os prende fuego a un colch\u00f3n en Coney Island, un distrito playero de Brooklyn, alegando el aburrimiento como motivo y provocando un incendio que causa la muerte de un agente de polic\u00eda, su decisi\u00f3n est\u00e1 tomada: dar clases de nataci\u00f3n gratuitas para ni\u00f1os en Rockaways. \u00abSolo quer\u00eda mantener a los ni\u00f1os ocupados\u00bb.<\/p>\n<p>En esa misma \u00e9poca, Harris se entera de la existencia de un club para surfistas negros en la costa oeste y funda una filial en la costa este, \u00abBlack Surfing Association East Coast\u00bb.<\/p>\n<p>Harris dice que en los \u00faltimos 15 a\u00f1os ense\u00f1\u00f3 surf a m\u00e1s de 200 ni\u00f1os de toda Nueva York y m\u00e1s all\u00e1 y a muchos les proporcion\u00f3 sin coste tablas de surf, equipamiento y de vez en cuando tambi\u00e9n comida.<\/p>\n<p>\u00abA menudo he hecho tambi\u00e9n tareas escolares con ellos, y he hablado sobre la vida. Les digo a estos chicos: \u00a1no malgasten el dinero de vuestros padres! No se limiten a pasar el rato y a beber. Terminen su educaci\u00f3n y luego podr\u00e1n salir de fiesta y tomar una copa\u00bb, se\u00f1ala.<\/p>\n<p>Durante mucho tiempo, Harris trabaj\u00f3 a tiempo parcial como portero en el elegante Upper East Side de Manhattan, pero gracias a la atenci\u00f3n de los medios de comunicaci\u00f3n y a las donaciones, ahora puede centrarse en el entrenamiento de surf.<\/p>\n<p>Harris ha \u00abreinventado el surf\u00bb, escribi\u00f3 el \u00abNew York Times\u00bb. \u00abHa hecho que las olas de Nueva York sean m\u00e1s inclusivas\u00bb, coment\u00f3 la revista \u00abVice\u00bb.<\/p>\n<blockquote><p>Entretanto, Harris asegura que ahora ve m\u00e1s surfistas afroamericanos en el agua.<\/p><\/blockquote>\n<p>Cuando estallaron las protestas contra el racismo y la violencia policial en todo el pa\u00eds tras el asesinato de George Floyd, los miembros de su club de surf salieron en solidaridad al agua en un \u00abpaddle out\u00bb.<\/p>\n<p>Pese a sus problemas en las rodillas, Harris entra casi todos los d\u00edas al agua para dar clase, ahora casi siempre con su esposa y su hija.<\/p>\n<p>Este verano boreal, los avistamientos de tiburones han causado un gran revuelo en repetidas ocasiones y las playas de Rockaway y otras de la zona de Nueva York fueron cerradas por seguridad.<\/p>\n<p>Harris dice que esto les genera nervios a los ni\u00f1os, pero no a \u00e9l. \u00abEste es tambi\u00e9n el h\u00e1bitat de los tiburones, pero est\u00e1n mucho m\u00e1s afuera. No me preocupa eso\u00bb, asegura el veterano surfista. \u00abTrato de atrapar las olas y eso es como una terapia\u00bb.<\/p>\n<p><i class=\"lang-es\"><span class=\" readonly\" title=\"\">Por Christina Horsten (dpa)<\/span><\/i><\/p>\n","protected":false},"excerpt":{"rendered":"<p>(dpa) &#8211; El surf est\u00e1 en auge en Nueva York, pese a que no tenga palmeras ni olas gigantes y a las numerosas alertas por tiburones. Una de las estrellas locales es Lou Harris, que entrena gratis a ni\u00f1os, cre\u00f3 un club para surfers negros y lucha contra el racismo. Harris lleg\u00f3 al surf casi<\/p>\n","protected":false},"author":1,"featured_media":169195,"comment_status":"closed","ping_status":"closed","sticky":false,"template":"","format":"standard","meta":{"footnotes":""},"categories":[319],"tags":[387],"class_list":{"0":"post-169194","1":"post","2":"type-post","3":"status-publish","4":"format-standard","5":"has-post-thumbnail","7":"category-deporte","8":"tag-deporte"},"aioseo_notices":[],"aioseo_head":"\n\t\t<!-- All in One SEO Pro 4.9.6.2 - aioseo.com -->\n\t<meta name=\"description\" content=\"(dpa) - El surf est\u00e1 en auge en Nueva York, pese a que no tenga palmeras ni olas gigantes y a las numerosas alertas por tiburones. Una de las estrellas locales\" \/>\n\t<meta name=\"robots\" content=\"max-image-preview:large\" \/>\n\t<meta name=\"author\" content=\"Cand\u00e1s 365\"\/>\n\t<meta name=\"google-site-verification\" content=\"UA-32230408-1\" \/>\n\t<meta name=\"msvalidate.01\" content=\"354F3CDFB2DA171B47FBE9ABF1F88D5\" \/>\n\t<meta name=\"keywords\" content=\"deporte\" \/>\n\t<link rel=\"canonical\" href=\"https:\/\/candas365.es\/noticias\/surf-contra-el-racismo-en-la-playa-de-rockaway\/\" \/>\n\t<meta name=\"generator\" content=\"All in One SEO Pro (AIOSEO) 4.9.6.2\" \/>\n\t\t<meta property=\"og:locale\" content=\"es_ES\" \/>\n\t\t<meta property=\"og:site_name\" content=\"Cand\u00e1s 365\" \/>\n\t\t<meta property=\"og:type\" content=\"article\" \/>\n\t\t<meta property=\"og:title\" content=\"Surf contra el racismo en la playa de Rockaway | Cand\u00e1s 365\" \/>\n\t\t<meta property=\"og:description\" content=\"(dpa) - El surf est\u00e1 en auge en Nueva York, pese a que no tenga palmeras ni olas gigantes y a las numerosas alertas por tiburones. Una de las estrellas locales\" \/>\n\t\t<meta property=\"og:url\" content=\"https:\/\/candas365.es\/noticias\/surf-contra-el-racismo-en-la-playa-de-rockaway\/\" \/>\n\t\t<meta property=\"og:image\" content=\"https:\/\/candas365.es\/noticias\/wp-content\/uploads\/2022\/11\/surf.jpg\" \/>\n\t\t<meta property=\"og:image:secure_url\" content=\"https:\/\/candas365.es\/noticias\/wp-content\/uploads\/2022\/11\/surf.jpg\" \/>\n\t\t<meta property=\"og:image:width\" content=\"1001\" \/>\n\t\t<meta property=\"og:image:height\" content=\"652\" \/>\n\t\t<meta property=\"article:published_time\" content=\"2022-11-20T18:12:21+00:00\" \/>\n\t\t<meta property=\"article:modified_time\" content=\"2022-11-20T18:12:21+00:00\" \/>\n\t\t<meta property=\"article:publisher\" content=\"https:\/\/www.facebook.com\/Nachofdezber\" \/>\n\t\t<meta property=\"article:author\" content=\"https:\/\/www.facebook.com\/carrenoactualidad\" \/>\n\t\t<meta name=\"twitter:card\" content=\"summary_large_image\" \/>\n\t\t<meta name=\"twitter:site\" content=\"@NabercoDigital\" \/>\n\t\t<meta name=\"twitter:title\" content=\"Surf contra el racismo en la playa de Rockaway | Cand\u00e1s 365\" \/>\n\t\t<meta name=\"twitter:description\" content=\"(dpa) - El surf est\u00e1 en auge en Nueva York, pese a que no tenga palmeras ni olas gigantes y a las numerosas alertas por tiburones. Una de las estrellas locales\" \/>\n\t\t<meta name=\"twitter:creator\" content=\"@nbasturias\" \/>\n\t\t<meta name=\"twitter:image\" content=\"https:\/\/candas365.es\/noticias\/wp-content\/uploads\/2022\/11\/surf.jpg\" \/>\n\t\t<meta name=\"twitter:label1\" content=\"Escrito por\" \/>\n\t\t<meta name=\"twitter:data1\" content=\"Cand\u00e1s 365\" \/>\n\t\t<meta name=\"twitter:label2\" content=\"Tiempo de lectura estimado\" \/>\n\t\t<meta name=\"twitter:data2\" content=\"6 minutos\" \/>\n\t\t<script type=\"application\/ld+json\" class=\"aioseo-schema\">\n\t\t\t{\"@context\":\"https:\\\/\\\/schema.org\",\"@graph\":[{\"@type\":\"BreadcrumbList\",\"@id\":\"https:\\\/\\\/candas365.es\\\/noticias\\\/surf-contra-el-racismo-en-la-playa-de-rockaway\\\/#breadcrumblist\",\"itemListElement\":[{\"@type\":\"ListItem\",\"@id\":\"https:\\\/\\\/candas365.es\\\/noticias#listItem\",\"position\":1,\"name\":\"Home\",\"item\":\"https:\\\/\\\/candas365.es\\\/noticias\",\"nextItem\":{\"@type\":\"ListItem\",\"@id\":\"https:\\\/\\\/candas365.es\\\/noticias\\\/category\\\/deporte\\\/#listItem\",\"name\":\"Deporte\"}},{\"@type\":\"ListItem\",\"@id\":\"https:\\\/\\\/candas365.es\\\/noticias\\\/category\\\/deporte\\\/#listItem\",\"position\":2,\"name\":\"Deporte\",\"item\":\"https:\\\/\\\/candas365.es\\\/noticias\\\/category\\\/deporte\\\/\",\"nextItem\":{\"@type\":\"ListItem\",\"@id\":\"https:\\\/\\\/candas365.es\\\/noticias\\\/surf-contra-el-racismo-en-la-playa-de-rockaway\\\/#listItem\",\"name\":\"Surf contra el racismo en la playa de Rockaway\"},\"previousItem\":{\"@type\":\"ListItem\",\"@id\":\"https:\\\/\\\/candas365.es\\\/noticias#listItem\",\"name\":\"Home\"}},{\"@type\":\"ListItem\",\"@id\":\"https:\\\/\\\/candas365.es\\\/noticias\\\/surf-contra-el-racismo-en-la-playa-de-rockaway\\\/#listItem\",\"position\":3,\"name\":\"Surf contra el racismo en la playa de Rockaway\",\"previousItem\":{\"@type\":\"ListItem\",\"@id\":\"https:\\\/\\\/candas365.es\\\/noticias\\\/category\\\/deporte\\\/#listItem\",\"name\":\"Deporte\"}}]},{\"@type\":\"NewsArticle\",\"@id\":\"https:\\\/\\\/candas365.es\\\/noticias\\\/surf-contra-el-racismo-en-la-playa-de-rockaway\\\/#newsarticle\",\"name\":\"Surf contra el racismo en la playa de Rockaway | Cand\\u00e1s 365\",\"headline\":\"Surf contra el racismo en la playa de Rockaway\",\"author\":{\"@id\":\"https:\\\/\\\/candas365.es\\\/noticias\\\/author\\\/admin\\\/#author\"},\"publisher\":{\"@id\":\"https:\\\/\\\/candas365.es\\\/noticias\\\/#organization\"},\"image\":{\"@type\":\"ImageObject\",\"url\":\"https:\\\/\\\/candas365.es\\\/noticias\\\/wp-content\\\/uploads\\\/2022\\\/11\\\/surf.jpg\",\"width\":1001,\"height\":652,\"caption\":\"Lou Harris da clases de surf a ni\\u00f1os en la playa de Rockaway. El surf tambi\\u00e9n est\\u00e1 en auge en Nueva York, a pesar de las numerosas advertencias sobre tiburones de este verano. Una de las estrellas locales es Lou Harris. Entrena gratuitamente a los ni\\u00f1os, ha fundado una asociaci\\u00f3n de surfistas negros y lucha contra el racismo. Foto: Christina Horsten\\\/dpa\"},\"datePublished\":\"2022-11-20T19:12:21+01:00\",\"dateModified\":\"2022-11-20T19:12:21+01:00\",\"inLanguage\":\"es-ES\",\"mainEntityOfPage\":{\"@id\":\"https:\\\/\\\/candas365.es\\\/noticias\\\/surf-contra-el-racismo-en-la-playa-de-rockaway\\\/#webpage\"},\"isPartOf\":{\"@id\":\"https:\\\/\\\/candas365.es\\\/noticias\\\/surf-contra-el-racismo-en-la-playa-de-rockaway\\\/#webpage\"},\"articleSection\":\"Deporte, deporte\",\"dateline\":\"Publicado el noviembre 20, 2022.\"},{\"@type\":\"Organization\",\"@id\":\"https:\\\/\\\/candas365.es\\\/noticias\\\/#organization\",\"name\":\"Cand\\u00e1s 365\",\"description\":\"Cand\\u00e1s 365 es un diario digital independiente, fundado en 2012, con base en Asturias. Informamos con rigor sobre actualidad, sociedad, cultura y ocio, con una mirada local y global.\",\"url\":\"https:\\\/\\\/candas365.es\\\/noticias\\\/\",\"email\":\"info@candas365.es\",\"telephone\":\"+34652131393\",\"foundingDate\":\"2012-06-10\",\"logo\":{\"@type\":\"ImageObject\",\"url\":\"https:\\\/\\\/candas365.es\\\/noticias\\\/wp-content\\\/uploads\\\/2024\\\/09\\\/Candas-365-Redes.jpg\",\"@id\":\"https:\\\/\\\/candas365.es\\\/noticias\\\/surf-contra-el-racismo-en-la-playa-de-rockaway\\\/#organizationLogo\",\"width\":1152,\"height\":864,\"caption\":\"Cand\\u00e1s 365 Redes\"},\"image\":{\"@id\":\"https:\\\/\\\/candas365.es\\\/noticias\\\/surf-contra-el-racismo-en-la-playa-de-rockaway\\\/#organizationLogo\"},\"sameAs\":[\"https:\\\/\\\/www.facebook.com\\\/Nachofdezber\",\"https:\\\/\\\/x.com\\\/NabercoDigital\",\"https:\\\/\\\/www.instagram.com\\\/nachofdezber\\\/\",\"https:\\\/\\\/www.youtube.com\\\/channel\\\/UCZP-2wLEB9Rv6erhFmqVnvg\"],\"address\":{\"@id\":\"https:\\\/\\\/candas365.es\\\/noticias\\\/#postaladdress\",\"@type\":\"PostalAddress\",\"streetAddress\":\"san antonio 4, san antonio 4\",\"postalCode\":\"33430\",\"addressLocality\":\"Cand\\u00e1s\",\"addressRegion\":\"Asturias\",\"addressCountry\":\"ES\"}},{\"@type\":\"Person\",\"@id\":\"https:\\\/\\\/candas365.es\\\/noticias\\\/author\\\/admin\\\/#author\",\"url\":\"https:\\\/\\\/candas365.es\\\/noticias\\\/author\\\/admin\\\/\",\"name\":\"Cand\\u00e1s 365\",\"image\":{\"@type\":\"ImageObject\",\"@id\":\"https:\\\/\\\/candas365.es\\\/noticias\\\/surf-contra-el-racismo-en-la-playa-de-rockaway\\\/#authorImage\",\"url\":\"https:\\\/\\\/secure.gravatar.com\\\/avatar\\\/496a8e03d0c493ede1718b7934145dbdf8d89be1036b0eec9544e1094c9de390?s=96&d=mm&r=g\",\"width\":96,\"height\":96,\"caption\":\"Cand\\u00e1s 365\"},\"sameAs\":[\"https:\\\/\\\/www.facebook.com\\\/carrenoactualidad\",\"https:\\\/\\\/twitter.com\\\/nbasturias\",\"https:\\\/\\\/www.instagram.com\\\/nachofdezber\\\/\",\"https:\\\/\\\/www.youtube.com\\\/channel\\\/UCZP-2wLEB9Rv6erhFmqVnvg\"]},{\"@type\":\"WebPage\",\"@id\":\"https:\\\/\\\/candas365.es\\\/noticias\\\/surf-contra-el-racismo-en-la-playa-de-rockaway\\\/#webpage\",\"url\":\"https:\\\/\\\/candas365.es\\\/noticias\\\/surf-contra-el-racismo-en-la-playa-de-rockaway\\\/\",\"name\":\"Surf contra el racismo en la playa de Rockaway | Cand\\u00e1s 365\",\"description\":\"(dpa) - El surf est\\u00e1 en auge en Nueva York, pese a que no tenga palmeras ni olas gigantes y a las numerosas alertas por tiburones. Una de las estrellas locales\",\"inLanguage\":\"es-ES\",\"isPartOf\":{\"@id\":\"https:\\\/\\\/candas365.es\\\/noticias\\\/#website\"},\"breadcrumb\":{\"@id\":\"https:\\\/\\\/candas365.es\\\/noticias\\\/surf-contra-el-racismo-en-la-playa-de-rockaway\\\/#breadcrumblist\"},\"author\":{\"@id\":\"https:\\\/\\\/candas365.es\\\/noticias\\\/author\\\/admin\\\/#author\"},\"creator\":{\"@id\":\"https:\\\/\\\/candas365.es\\\/noticias\\\/author\\\/admin\\\/#author\"},\"image\":{\"@type\":\"ImageObject\",\"url\":\"https:\\\/\\\/candas365.es\\\/noticias\\\/wp-content\\\/uploads\\\/2022\\\/11\\\/surf.jpg\",\"@id\":\"https:\\\/\\\/candas365.es\\\/noticias\\\/surf-contra-el-racismo-en-la-playa-de-rockaway\\\/#mainImage\",\"width\":1001,\"height\":652,\"caption\":\"Lou Harris da clases de surf a ni\\u00f1os en la playa de Rockaway. El surf tambi\\u00e9n est\\u00e1 en auge en Nueva York, a pesar de las numerosas advertencias sobre tiburones de este verano. Una de las estrellas locales es Lou Harris. Entrena gratuitamente a los ni\\u00f1os, ha fundado una asociaci\\u00f3n de surfistas negros y lucha contra el racismo. Foto: Christina Horsten\\\/dpa\"},\"primaryImageOfPage\":{\"@id\":\"https:\\\/\\\/candas365.es\\\/noticias\\\/surf-contra-el-racismo-en-la-playa-de-rockaway\\\/#mainImage\"},\"datePublished\":\"2022-11-20T19:12:21+01:00\",\"dateModified\":\"2022-11-20T19:12:21+01:00\"},{\"@type\":\"WebSite\",\"@id\":\"https:\\\/\\\/candas365.es\\\/noticias\\\/#website\",\"url\":\"https:\\\/\\\/candas365.es\\\/noticias\\\/\",\"name\":\"Cand\\u00e1s 365\",\"alternateName\":\"Cand\\u00e1s 365 Noticias\",\"description\":\"Actualidad desde Carre\\u00f1o para el mundo\",\"inLanguage\":\"es-ES\",\"publisher\":{\"@id\":\"https:\\\/\\\/candas365.es\\\/noticias\\\/#organization\"}}]}\n\t\t<\/script>\n\t\t<!-- All in One SEO Pro -->\r\n\t\t<title>Surf contra el racismo en la playa de Rockaway | Cand\u00e1s 365<\/title>\n\n","aioseo_head_json":{"title":"Surf contra el racismo en la playa de Rockaway | Cand\u00e1s 365","description":"(dpa) - El surf est\u00e1 en auge en Nueva York, pese a que no tenga palmeras ni olas gigantes y a las numerosas alertas por tiburones. Una de las estrellas locales","canonical_url":"https:\/\/candas365.es\/noticias\/surf-contra-el-racismo-en-la-playa-de-rockaway\/","robots":"max-image-preview:large","keywords":"deporte","webmasterTools":{"google-site-verification":"UA-32230408-1","msvalidate.01":"354F3CDFB2DA171B47FBE9ABF1F88D5","miscellaneous":""},"schema":{"@context":"https:\/\/schema.org","@graph":[{"@type":"BreadcrumbList","@id":"https:\/\/candas365.es\/noticias\/surf-contra-el-racismo-en-la-playa-de-rockaway\/#breadcrumblist","itemListElement":[{"@type":"ListItem","@id":"https:\/\/candas365.es\/noticias#listItem","position":1,"name":"Home","item":"https:\/\/candas365.es\/noticias","nextItem":{"@type":"ListItem","@id":"https:\/\/candas365.es\/noticias\/category\/deporte\/#listItem","name":"Deporte"}},{"@type":"ListItem","@id":"https:\/\/candas365.es\/noticias\/category\/deporte\/#listItem","position":2,"name":"Deporte","item":"https:\/\/candas365.es\/noticias\/category\/deporte\/","nextItem":{"@type":"ListItem","@id":"https:\/\/candas365.es\/noticias\/surf-contra-el-racismo-en-la-playa-de-rockaway\/#listItem","name":"Surf contra el racismo en la playa de Rockaway"},"previousItem":{"@type":"ListItem","@id":"https:\/\/candas365.es\/noticias#listItem","name":"Home"}},{"@type":"ListItem","@id":"https:\/\/candas365.es\/noticias\/surf-contra-el-racismo-en-la-playa-de-rockaway\/#listItem","position":3,"name":"Surf contra el racismo en la playa de Rockaway","previousItem":{"@type":"ListItem","@id":"https:\/\/candas365.es\/noticias\/category\/deporte\/#listItem","name":"Deporte"}}]},{"@type":"NewsArticle","@id":"https:\/\/candas365.es\/noticias\/surf-contra-el-racismo-en-la-playa-de-rockaway\/#newsarticle","name":"Surf contra el racismo en la playa de Rockaway | Cand\u00e1s 365","headline":"Surf contra el racismo en la playa de Rockaway","author":{"@id":"https:\/\/candas365.es\/noticias\/author\/admin\/#author"},"publisher":{"@id":"https:\/\/candas365.es\/noticias\/#organization"},"image":{"@type":"ImageObject","url":"https:\/\/candas365.es\/noticias\/wp-content\/uploads\/2022\/11\/surf.jpg","width":1001,"height":652,"caption":"Lou Harris da clases de surf a ni\u00f1os en la playa de Rockaway. El surf tambi\u00e9n est\u00e1 en auge en Nueva York, a pesar de las numerosas advertencias sobre tiburones de este verano. Una de las estrellas locales es Lou Harris. Entrena gratuitamente a los ni\u00f1os, ha fundado una asociaci\u00f3n de surfistas negros y lucha contra el racismo. Foto: Christina Horsten\/dpa"},"datePublished":"2022-11-20T19:12:21+01:00","dateModified":"2022-11-20T19:12:21+01:00","inLanguage":"es-ES","mainEntityOfPage":{"@id":"https:\/\/candas365.es\/noticias\/surf-contra-el-racismo-en-la-playa-de-rockaway\/#webpage"},"isPartOf":{"@id":"https:\/\/candas365.es\/noticias\/surf-contra-el-racismo-en-la-playa-de-rockaway\/#webpage"},"articleSection":"Deporte, deporte","dateline":"Publicado el noviembre 20, 2022."},{"@type":"Organization","@id":"https:\/\/candas365.es\/noticias\/#organization","name":"Cand\u00e1s 365","description":"Cand\u00e1s 365 es un diario digital independiente, fundado en 2012, con base en Asturias. Informamos con rigor sobre actualidad, sociedad, cultura y ocio, con una mirada local y global.","url":"https:\/\/candas365.es\/noticias\/","email":"info@candas365.es","telephone":"+34652131393","foundingDate":"2012-06-10","logo":{"@type":"ImageObject","url":"https:\/\/candas365.es\/noticias\/wp-content\/uploads\/2024\/09\/Candas-365-Redes.jpg","@id":"https:\/\/candas365.es\/noticias\/surf-contra-el-racismo-en-la-playa-de-rockaway\/#organizationLogo","width":1152,"height":864,"caption":"Cand\u00e1s 365 Redes"},"image":{"@id":"https:\/\/candas365.es\/noticias\/surf-contra-el-racismo-en-la-playa-de-rockaway\/#organizationLogo"},"sameAs":["https:\/\/www.facebook.com\/Nachofdezber","https:\/\/x.com\/NabercoDigital","https:\/\/www.instagram.com\/nachofdezber\/","https:\/\/www.youtube.com\/channel\/UCZP-2wLEB9Rv6erhFmqVnvg"],"address":{"@id":"https:\/\/candas365.es\/noticias\/#postaladdress","@type":"PostalAddress","streetAddress":"san antonio 4, san antonio 4","postalCode":"33430","addressLocality":"Cand\u00e1s","addressRegion":"Asturias","addressCountry":"ES"}},{"@type":"Person","@id":"https:\/\/candas365.es\/noticias\/author\/admin\/#author","url":"https:\/\/candas365.es\/noticias\/author\/admin\/","name":"Cand\u00e1s 365","image":{"@type":"ImageObject","@id":"https:\/\/candas365.es\/noticias\/surf-contra-el-racismo-en-la-playa-de-rockaway\/#authorImage","url":"https:\/\/secure.gravatar.com\/avatar\/496a8e03d0c493ede1718b7934145dbdf8d89be1036b0eec9544e1094c9de390?s=96&d=mm&r=g","width":96,"height":96,"caption":"Cand\u00e1s 365"},"sameAs":["https:\/\/www.facebook.com\/carrenoactualidad","https:\/\/twitter.com\/nbasturias","https:\/\/www.instagram.com\/nachofdezber\/","https:\/\/www.youtube.com\/channel\/UCZP-2wLEB9Rv6erhFmqVnvg"]},{"@type":"WebPage","@id":"https:\/\/candas365.es\/noticias\/surf-contra-el-racismo-en-la-playa-de-rockaway\/#webpage","url":"https:\/\/candas365.es\/noticias\/surf-contra-el-racismo-en-la-playa-de-rockaway\/","name":"Surf contra el racismo en la playa de Rockaway | Cand\u00e1s 365","description":"(dpa) - El surf est\u00e1 en auge en Nueva York, pese a que no tenga palmeras ni olas gigantes y a las numerosas alertas por tiburones. Una de las estrellas locales","inLanguage":"es-ES","isPartOf":{"@id":"https:\/\/candas365.es\/noticias\/#website"},"breadcrumb":{"@id":"https:\/\/candas365.es\/noticias\/surf-contra-el-racismo-en-la-playa-de-rockaway\/#breadcrumblist"},"author":{"@id":"https:\/\/candas365.es\/noticias\/author\/admin\/#author"},"creator":{"@id":"https:\/\/candas365.es\/noticias\/author\/admin\/#author"},"image":{"@type":"ImageObject","url":"https:\/\/candas365.es\/noticias\/wp-content\/uploads\/2022\/11\/surf.jpg","@id":"https:\/\/candas365.es\/noticias\/surf-contra-el-racismo-en-la-playa-de-rockaway\/#mainImage","width":1001,"height":652,"caption":"Lou Harris da clases de surf a ni\u00f1os en la playa de Rockaway. El surf tambi\u00e9n est\u00e1 en auge en Nueva York, a pesar de las numerosas advertencias sobre tiburones de este verano. Una de las estrellas locales es Lou Harris. Entrena gratuitamente a los ni\u00f1os, ha fundado una asociaci\u00f3n de surfistas negros y lucha contra el racismo. Foto: Christina Horsten\/dpa"},"primaryImageOfPage":{"@id":"https:\/\/candas365.es\/noticias\/surf-contra-el-racismo-en-la-playa-de-rockaway\/#mainImage"},"datePublished":"2022-11-20T19:12:21+01:00","dateModified":"2022-11-20T19:12:21+01:00"},{"@type":"WebSite","@id":"https:\/\/candas365.es\/noticias\/#website","url":"https:\/\/candas365.es\/noticias\/","name":"Cand\u00e1s 365","alternateName":"Cand\u00e1s 365 Noticias","description":"Actualidad desde Carre\u00f1o para el mundo","inLanguage":"es-ES","publisher":{"@id":"https:\/\/candas365.es\/noticias\/#organization"}}]},"og:locale":"es_ES","og:site_name":"Cand\u00e1s 365","og:type":"article","og:title":"Surf contra el racismo en la playa de Rockaway | Cand\u00e1s 365","og:description":"(dpa) - El surf est\u00e1 en auge en Nueva York, pese a que no tenga palmeras ni olas gigantes y a las numerosas alertas por tiburones. Una de las estrellas locales","og:url":"https:\/\/candas365.es\/noticias\/surf-contra-el-racismo-en-la-playa-de-rockaway\/","og:image":"https:\/\/candas365.es\/noticias\/wp-content\/uploads\/2022\/11\/surf.jpg","og:image:secure_url":"https:\/\/candas365.es\/noticias\/wp-content\/uploads\/2022\/11\/surf.jpg","og:image:width":1001,"og:image:height":652,"article:published_time":"2022-11-20T18:12:21+00:00","article:modified_time":"2022-11-20T18:12:21+00:00","article:publisher":"https:\/\/www.facebook.com\/Nachofdezber","article:author":"https:\/\/www.facebook.com\/carrenoactualidad","twitter:card":"summary_large_image","twitter:site":"@NabercoDigital","twitter:title":"Surf contra el racismo en la playa de Rockaway | Cand\u00e1s 365","twitter:description":"(dpa) - El surf est\u00e1 en auge en Nueva York, pese a que no tenga palmeras ni olas gigantes y a las numerosas alertas por tiburones. Una de las estrellas locales","twitter:creator":"@nbasturias","twitter:image":"https:\/\/candas365.es\/noticias\/wp-content\/uploads\/2022\/11\/surf.jpg","twitter:label1":"Escrito por","twitter:data1":"Cand\u00e1s 365","twitter:label2":"Tiempo de lectura estimado","twitter:data2":"6 minutos"},"aioseo_meta_data":{"post_id":"169194","title":null,"description":"(dpa) - El surf est\u00e1 en auge en Nueva York, pese a que no tenga palmeras ni olas gigantes y a las numerosas alertas por tiburones. Una de las estrellas locales","keywords":[],"keyphrases":{"focus":{"keyphrase":"surf","score":92,"analysis":{"keyphraseInTitle":{"title":"Focus keyphrase in SEO title","description":"Focus keyphrase found in SEO title.","score":9,"maxScore":9,"error":0},"keyphraseInDescription":{"title":"Focus keyphrase in meta description","description":"Focus keyphrase found in meta description.","score":9,"maxScore":9,"error":0},"keyphraseLength":{"title":"Focus keyphrase length","description":"Good job!","score":9,"maxScore":9,"error":0,"length":1},"keyphraseInURL":{"title":"Focus keyphrase in URL","description":"Focus keyphrase not found in the URL.","score":1,"maxScore":5,"error":1},"keyphraseInIntroduction":{"title":"Focus keyphrase in introduction","description":"Your Focus keyphrase appears in the first paragraph. Well done!","score":9,"maxScore":9,"error":0},"keyphraseInSubHeadings":[],"keyphraseInImageAlt":{"title":"Focus keyphrase in image alt attributes","description":"Focus keyphrase found in image alt attribute(s).","score":9,"maxScore":9,"error":0}}},"additional":[{"keyphrase":"El surf","score":83,"analysis":{"keyphraseInDescription":{"title":"Keyphrase in meta description","description":"Keyphrase found in meta description.","score":9,"maxScore":9,"error":0},"keyphraseLength":{"title":"Keyphrase length","description":"Good job!","score":9,"maxScore":9,"error":0,"length":2},"keyphraseInIntroduction":{"title":"Keyphrase in introduction","description":"Your Keyphrase appears in the first paragraph. Well done!","score":9,"maxScore":9,"error":0},"keyphraseInImageAlt":{"title":"Keyphrase in image alt attributes","description":"Keyphrase not found in image alt attribute(s). Add an image with your Keyphrase as alt text.","score":3,"maxScore":9,"error":1}}}]},"primary_term":null,"canonical_url":null,"og_title":null,"og_description":null,"og_object_type":"default","og_image_type":"default","og_image_url":null,"og_image_width":null,"og_image_height":null,"og_image_custom_url":null,"og_image_custom_fields":null,"og_video":"","og_custom_url":null,"og_article_section":null,"og_article_tags":[],"twitter_use_og":false,"twitter_card":"default","twitter_image_type":"default","twitter_image_url":null,"twitter_image_custom_url":null,"twitter_image_custom_fields":null,"twitter_title":null,"twitter_description":null,"schema":{"blockGraphs":[],"customGraphs":[],"default":{"data":{"Article":[],"Course":[],"Dataset":[],"FAQPage":[],"Movie":[],"Person":[],"Product":[],"ProductReview":[],"Car":[],"Recipe":[],"Service":[],"SoftwareApplication":[],"WebPage":[]},"graphName":"Article","isEnabled":true},"graphs":[]},"schema_type":"default","schema_type_options":null,"pillar_content":false,"robots_default":true,"robots_noindex":false,"robots_noarchive":false,"robots_nosnippet":false,"robots_nofollow":false,"robots_noimageindex":false,"robots_noodp":false,"robots_notranslate":false,"robots_max_snippet":"-1","robots_max_videopreview":"-1","robots_max_imagepreview":"large","priority":null,"frequency":"default","location":null,"local_seo":null,"seo_analyzer_scan_date":"2025-09-01 16:03:20","breadcrumb_settings":null,"limit_modified_date":false,"reviewed_by":null,"open_ai":null,"ai":null,"created":"2022-11-20 18:05:59","updated":"2025-09-01 16:03:20"},"aioseo_breadcrumb":"<div class=\"aioseo-breadcrumbs\"><span class=\"aioseo-breadcrumb\">\n\t<a href=\"https:\/\/candas365.es\/noticias\" title=\"Home\">Home<\/a>\n<\/span><span class=\"aioseo-breadcrumb-separator\">&ndash;<\/span><span class=\"aioseo-breadcrumb\">\n\t<a href=\"https:\/\/candas365.es\/noticias\/category\/deporte\/\" title=\"Deporte\">Deporte<\/a>\n<\/span><span class=\"aioseo-breadcrumb-separator\">&ndash;<\/span><span class=\"aioseo-breadcrumb\">\n\tSurf contra el racismo en la playa de Rockaway\n<\/span><\/div>","aioseo_breadcrumb_json":[{"label":"Home","link":"https:\/\/candas365.es\/noticias"},{"label":"Deporte","link":"https:\/\/candas365.es\/noticias\/category\/deporte\/"},{"label":"Surf contra el racismo en la playa de Rockaway","link":"https:\/\/candas365.es\/noticias\/surf-contra-el-racismo-en-la-playa-de-rockaway\/"}],"_links":{"self":[{"href":"https:\/\/candas365.es\/noticias\/wp-json\/wp\/v2\/posts\/169194","targetHints":{"allow":["GET"]}}],"collection":[{"href":"https:\/\/candas365.es\/noticias\/wp-json\/wp\/v2\/posts"}],"about":[{"href":"https:\/\/candas365.es\/noticias\/wp-json\/wp\/v2\/types\/post"}],"author":[{"embeddable":true,"href":"https:\/\/candas365.es\/noticias\/wp-json\/wp\/v2\/users\/1"}],"replies":[{"embeddable":true,"href":"https:\/\/candas365.es\/noticias\/wp-json\/wp\/v2\/comments?post=169194"}],"version-history":[{"count":0,"href":"https:\/\/candas365.es\/noticias\/wp-json\/wp\/v2\/posts\/169194\/revisions"}],"wp:featuredmedia":[{"embeddable":true,"href":"https:\/\/candas365.es\/noticias\/wp-json\/wp\/v2\/media\/169195"}],"wp:attachment":[{"href":"https:\/\/candas365.es\/noticias\/wp-json\/wp\/v2\/media?parent=169194"}],"wp:term":[{"taxonomy":"category","embeddable":true,"href":"https:\/\/candas365.es\/noticias\/wp-json\/wp\/v2\/categories?post=169194"},{"taxonomy":"post_tag","embeddable":true,"href":"https:\/\/candas365.es\/noticias\/wp-json\/wp\/v2\/tags?post=169194"}],"curies":[{"name":"wp","href":"https:\/\/api.w.org\/{rel}","templated":true}]}}