{"id":169175,"date":"2022-11-20T12:05:55","date_gmt":"2022-11-20T11:05:55","guid":{"rendered":"https:\/\/candas365.es\/noticias\/?p=169175"},"modified":"2022-11-20T12:05:55","modified_gmt":"2022-11-20T11:05:55","slug":"adicap-se-ha-reunido-en-candas-para-analizar-y-proponer-ayudas-del-femp","status":"publish","type":"post","link":"https:\/\/candas365.es\/noticias\/adicap-se-ha-reunido-en-candas-para-analizar-y-proponer-ayudas-del-femp\/","title":{"rendered":"ADICAP se ha reunido en Cand\u00e1s para analizar y proponer ayudas del FEMP"},"content":{"rendered":"<p>La Comisi\u00f3n de Pesca ADICAP se ha reunido recientemente en Cand\u00e1s, y en ella participaron representantes de los ayuntamientos de <a href=\"https:\/\/candas365.es\/noticias\/category\/noticias-carreno\/\" target=\"_blank\" rel=\"noopener\"><span style=\"color: #ff6600;\"><strong>Carre\u00f1o<\/strong> <\/span><\/a>y Goz\u00f3n, C\u00e1mara de Comercio de Avil\u00e9s y Gij\u00f3n, movimientos asociativos de Carre\u00f1o y Goz\u00f3n y las Asociaciones de Mayoristas y Minorista de Pescado del Principado de Asturias (AMPPA y ASEMPA).<\/p>\n<figure id=\"attachment_169176\" aria-describedby=\"caption-attachment-169176\" style=\"width: 634px\" class=\"wp-caption aligncenter\"><img fetchpriority=\"high\" decoding=\"async\" class=\"wp-image-169176 size-large\" src=\"https:\/\/candas365.es\/noticias\/wp-content\/uploads\/2022\/11\/Candas-7-634x480.jpg\" alt=\"Cand\u00e1s\" width=\"634\" height=\"480\" srcset=\"https:\/\/candas365.es\/noticias\/wp-content\/uploads\/2022\/11\/Candas-7-634x480.jpg 634w, https:\/\/candas365.es\/noticias\/wp-content\/uploads\/2022\/11\/Candas-7-360x273.jpg 360w, https:\/\/candas365.es\/noticias\/wp-content\/uploads\/2022\/11\/Candas-7-768x582.jpg 768w, https:\/\/candas365.es\/noticias\/wp-content\/uploads\/2022\/11\/Candas-7-150x114.jpg 150w, https:\/\/candas365.es\/noticias\/wp-content\/uploads\/2022\/11\/Candas-7-450x341.jpg 450w, https:\/\/candas365.es\/noticias\/wp-content\/uploads\/2022\/11\/Candas-7.jpg 882w\" sizes=\"(max-width: 634px) 100vw, 634px\" \/><figcaption id=\"caption-attachment-169176\" class=\"wp-caption-text\">Foto: Cand\u00e1s 365<\/figcaption><\/figure>\n<p>Seg\u00fan ha informado el<a href=\"https:\/\/www.ayto-carreno.es\/\"><strong><span style=\"color: #ff6600;\"> Ayuntamiento de Carre\u00f1o<\/span><\/strong><\/a> se acord\u00f3 proponer a la Direcci\u00f3n General de Pesca Mar\u00edtima para su Resoluci\u00f3n definitiva, la concesi\u00f3n de las siguientes ayudas del Fondo Europeo Mar\u00edtimo y Pesquero (FEMP) con motivo de la convocatoria de ayudas dirigida a empresas privadas, publicada en el BOPA el pasado mes de septiembre, para la aplicaci\u00f3n de las Estrategias de desarrollo local participativo de los Grupos de Acci\u00f3n Local Pesquera (GALP) y que cuenta con un presupuesto total de 60.000 \u20ac con cargo a la anualidad 2023.<\/p>\n<p>Las ayudas concedidas corresponden a dos proyectos, l<strong>a modernizaci\u00f3n del restaurante ubicado en la Cofrad\u00eda de Pescadores de Cand\u00e1s con la instalaci\u00f3n de un chill out con una ayuda de 56.911,65 \u20ac<\/strong> y otra ayuda para la adquisici\u00f3n de equipamiento para una empresa que desarrolla actividades n\u00e1utico deportivas en el puerto de Luanco por un importe de 3.088,35 \u20ac al ser el cr\u00e9dito que qued\u00f3 disponible en la convocatoria. Con estas dos ayudas se ha comprometido el 100% de los fondos y se prev\u00e9 que la Direcci\u00f3n General de Pesca publique la resoluci\u00f3n de concesi\u00f3n de las ayudas en el Bopa en el mes de diciembre. El plazo para poder ejecutar y justificar las ayudas finalizar\u00e1 el 1 de octubre de 2023.<\/p>\n<p>Desde Adicap se est\u00e1 tramitando actualmente las solicitudes ayudas para las convocatorias de entidades locales y asociaciones sin \u00e1nimo de lucro cuyo plazo de presentaci\u00f3n de solicitudes finaliz\u00f3 hace unas semanas.<\/p>\n<p>En el caso de la convocatoria de entidades locales el presupuesto de la convocatoria es de 137.000 \u20ac y en entidades sin \u00e1nimo de lucro de 50.000 \u20ac. <strong>En las pr\u00f3ximas semanas quedar\u00e1n resueltas las propuestas de concesi\u00f3n de las ayudas.<\/strong><\/p>\n<p>En otro punto del orden del d\u00eda de la Comisi\u00f3n de Pesca de Adicap se trat\u00f3 tambi\u00e9n un primer avance de las diferentes objetivos, l\u00edneas de acci\u00f3n y medidas estrat\u00e9gicas que contemplar\u00e1 la pr\u00f3xima estrategia de desarrollo local participativo que permitir\u00e1 la gesti\u00f3n del nuevo \u201cFondo Europeo Mar\u00edtimo, de Pesca y de Acuicultura (FEMPA)\u201d para el siguiente periodo de programaci\u00f3n 2023-2027.<\/p>\n","protected":false},"excerpt":{"rendered":"<p>La Comisi\u00f3n de Pesca ADICAP se ha reunido recientemente en Cand\u00e1s, y en ella participaron representantes de los ayuntamientos de Carre\u00f1o y Goz\u00f3n, C\u00e1mara de Comercio de Avil\u00e9s y Gij\u00f3n, movimientos asociativos de Carre\u00f1o y Goz\u00f3n y las Asociaciones de Mayoristas y Minorista de Pescado del Principado de Asturias (AMPPA y ASEMPA). Seg\u00fan ha informado<\/p>\n","protected":false},"author":1,"featured_media":169176,"comment_status":"closed","ping_status":"closed","sticky":false,"template":"","format":"standard","meta":{"footnotes":""},"categories":[2],"tags":[366,365,367],"class_list":{"0":"post-169175","1":"post","2":"type-post","3":"status-publish","4":"format-standard","5":"has-post-thumbnail","7":"category-noticias-carreno","8":"tag-candas","9":"tag-carreno","10":"tag-mancomunidad"},"aioseo_notices":[],"aioseo_head":"\n\t\t<!-- All in One SEO Pro 4.9.6.2 - aioseo.com -->\n\t<meta name=\"description\" content=\"La Comisi\u00f3n de Pesca ADICAP se ha reunido recientemente en Cand\u00e1s, y en ella participaron representantes de los ayuntamientos de Carre\u00f1o y Goz\u00f3n\" \/>\n\t<meta name=\"robots\" content=\"max-image-preview:large\" \/>\n\t<meta name=\"author\" content=\"Cand\u00e1s 365\"\/>\n\t<meta name=\"google-site-verification\" content=\"UA-32230408-1\" \/>\n\t<meta name=\"msvalidate.01\" content=\"354F3CDFB2DA171B47FBE9ABF1F88D5\" \/>\n\t<meta name=\"keywords\" content=\"noticias carre\u00f1o\" \/>\n\t<link rel=\"canonical\" href=\"https:\/\/candas365.es\/noticias\/adicap-se-ha-reunido-en-candas-para-analizar-y-proponer-ayudas-del-femp\/\" \/>\n\t<meta name=\"generator\" content=\"All in One SEO Pro (AIOSEO) 4.9.6.2\" \/>\n\t\t<meta property=\"og:locale\" content=\"es_ES\" \/>\n\t\t<meta property=\"og:site_name\" content=\"Cand\u00e1s 365\" \/>\n\t\t<meta property=\"og:type\" content=\"article\" \/>\n\t\t<meta property=\"og:title\" content=\"ADICAP se ha reunido en Cand\u00e1s para analizar y proponer ayudas del FEMP | Cand\u00e1s 365\" \/>\n\t\t<meta property=\"og:description\" content=\"La Comisi\u00f3n de Pesca ADICAP se ha reunido recientemente en Cand\u00e1s, y en ella participaron representantes de los ayuntamientos de Carre\u00f1o y Goz\u00f3n\" \/>\n\t\t<meta property=\"og:url\" content=\"https:\/\/candas365.es\/noticias\/adicap-se-ha-reunido-en-candas-para-analizar-y-proponer-ayudas-del-femp\/\" \/>\n\t\t<meta property=\"og:image\" content=\"https:\/\/candas365.es\/noticias\/wp-content\/uploads\/2022\/11\/Candas-7.jpg\" \/>\n\t\t<meta property=\"og:image:secure_url\" content=\"https:\/\/candas365.es\/noticias\/wp-content\/uploads\/2022\/11\/Candas-7.jpg\" \/>\n\t\t<meta property=\"og:image:width\" content=\"882\" \/>\n\t\t<meta property=\"og:image:height\" content=\"668\" \/>\n\t\t<meta property=\"article:published_time\" content=\"2022-11-20T11:05:55+00:00\" \/>\n\t\t<meta property=\"article:modified_time\" content=\"2022-11-20T11:05:55+00:00\" \/>\n\t\t<meta property=\"article:publisher\" content=\"https:\/\/www.facebook.com\/Nachofdezber\" \/>\n\t\t<meta property=\"article:author\" content=\"https:\/\/www.facebook.com\/carrenoactualidad\" \/>\n\t\t<meta name=\"twitter:card\" content=\"summary_large_image\" \/>\n\t\t<meta name=\"twitter:site\" content=\"@NabercoDigital\" \/>\n\t\t<meta name=\"twitter:title\" content=\"ADICAP se ha reunido en Cand\u00e1s para analizar y proponer ayudas del FEMP | Cand\u00e1s 365\" \/>\n\t\t<meta name=\"twitter:description\" content=\"La Comisi\u00f3n de Pesca ADICAP se ha reunido recientemente en Cand\u00e1s, y en ella participaron representantes de los ayuntamientos de Carre\u00f1o y Goz\u00f3n\" \/>\n\t\t<meta name=\"twitter:creator\" content=\"@nbasturias\" \/>\n\t\t<meta name=\"twitter:image\" content=\"https:\/\/candas365.es\/noticias\/wp-content\/uploads\/2022\/11\/Candas-7.jpg\" \/>\n\t\t<meta name=\"twitter:label1\" content=\"Escrito por\" \/>\n\t\t<meta name=\"twitter:data1\" content=\"Cand\u00e1s 365\" \/>\n\t\t<meta name=\"twitter:label2\" content=\"Tiempo de lectura estimado\" \/>\n\t\t<meta name=\"twitter:data2\" content=\"2 minutos\" \/>\n\t\t<script type=\"application\/ld+json\" class=\"aioseo-schema\">\n\t\t\t{\"@context\":\"https:\\\/\\\/schema.org\",\"@graph\":[{\"@type\":\"BreadcrumbList\",\"@id\":\"https:\\\/\\\/candas365.es\\\/noticias\\\/adicap-se-ha-reunido-en-candas-para-analizar-y-proponer-ayudas-del-femp\\\/#breadcrumblist\",\"itemListElement\":[{\"@type\":\"ListItem\",\"@id\":\"https:\\\/\\\/candas365.es\\\/noticias#listItem\",\"position\":1,\"name\":\"Home\",\"item\":\"https:\\\/\\\/candas365.es\\\/noticias\",\"nextItem\":{\"@type\":\"ListItem\",\"@id\":\"https:\\\/\\\/candas365.es\\\/noticias\\\/category\\\/noticias-carreno\\\/#listItem\",\"name\":\"Noticias Carre\\u00f1o\"}},{\"@type\":\"ListItem\",\"@id\":\"https:\\\/\\\/candas365.es\\\/noticias\\\/category\\\/noticias-carreno\\\/#listItem\",\"position\":2,\"name\":\"Noticias Carre\\u00f1o\",\"item\":\"https:\\\/\\\/candas365.es\\\/noticias\\\/category\\\/noticias-carreno\\\/\",\"nextItem\":{\"@type\":\"ListItem\",\"@id\":\"https:\\\/\\\/candas365.es\\\/noticias\\\/adicap-se-ha-reunido-en-candas-para-analizar-y-proponer-ayudas-del-femp\\\/#listItem\",\"name\":\"ADICAP se ha reunido en Cand\\u00e1s para analizar y proponer ayudas del FEMP\"},\"previousItem\":{\"@type\":\"ListItem\",\"@id\":\"https:\\\/\\\/candas365.es\\\/noticias#listItem\",\"name\":\"Home\"}},{\"@type\":\"ListItem\",\"@id\":\"https:\\\/\\\/candas365.es\\\/noticias\\\/adicap-se-ha-reunido-en-candas-para-analizar-y-proponer-ayudas-del-femp\\\/#listItem\",\"position\":3,\"name\":\"ADICAP se ha reunido en Cand\\u00e1s para analizar y proponer ayudas del FEMP\",\"previousItem\":{\"@type\":\"ListItem\",\"@id\":\"https:\\\/\\\/candas365.es\\\/noticias\\\/category\\\/noticias-carreno\\\/#listItem\",\"name\":\"Noticias Carre\\u00f1o\"}}]},{\"@type\":\"NewsArticle\",\"@id\":\"https:\\\/\\\/candas365.es\\\/noticias\\\/adicap-se-ha-reunido-en-candas-para-analizar-y-proponer-ayudas-del-femp\\\/#newsarticle\",\"name\":\"ADICAP se ha reunido en Cand\\u00e1s para analizar y proponer ayudas del FEMP | Cand\\u00e1s 365\",\"headline\":\"ADICAP se ha reunido en Cand\\u00e1s para analizar y proponer ayudas del FEMP\",\"author\":{\"@id\":\"https:\\\/\\\/candas365.es\\\/noticias\\\/author\\\/admin\\\/#author\"},\"publisher\":{\"@id\":\"https:\\\/\\\/candas365.es\\\/noticias\\\/#organization\"},\"image\":{\"@type\":\"ImageObject\",\"url\":\"https:\\\/\\\/candas365.es\\\/noticias\\\/wp-content\\\/uploads\\\/2022\\\/11\\\/Candas-7.jpg\",\"width\":882,\"height\":668,\"caption\":\"Foto: Cand\\u00e1s 365\"},\"datePublished\":\"2022-11-20T12:05:55+01:00\",\"dateModified\":\"2022-11-20T12:05:55+01:00\",\"inLanguage\":\"es-ES\",\"mainEntityOfPage\":{\"@id\":\"https:\\\/\\\/candas365.es\\\/noticias\\\/adicap-se-ha-reunido-en-candas-para-analizar-y-proponer-ayudas-del-femp\\\/#webpage\"},\"isPartOf\":{\"@id\":\"https:\\\/\\\/candas365.es\\\/noticias\\\/adicap-se-ha-reunido-en-candas-para-analizar-y-proponer-ayudas-del-femp\\\/#webpage\"},\"articleSection\":\"Noticias Carre\\u00f1o, Cand\\u00e1s, Carre\\u00f1o, Mancomunidad\",\"dateline\":\"Publicado el noviembre 20, 2022.\"},{\"@type\":\"Organization\",\"@id\":\"https:\\\/\\\/candas365.es\\\/noticias\\\/#organization\",\"name\":\"Cand\\u00e1s 365\",\"description\":\"Cand\\u00e1s 365 es un diario digital independiente, fundado en 2012, con base en Asturias. Informamos con rigor sobre actualidad, sociedad, cultura y ocio, con una mirada local y global.\",\"url\":\"https:\\\/\\\/candas365.es\\\/noticias\\\/\",\"email\":\"info@candas365.es\",\"telephone\":\"+34652131393\",\"foundingDate\":\"2012-06-10\",\"logo\":{\"@type\":\"ImageObject\",\"url\":\"https:\\\/\\\/candas365.es\\\/noticias\\\/wp-content\\\/uploads\\\/2024\\\/09\\\/Candas-365-Redes.jpg\",\"@id\":\"https:\\\/\\\/candas365.es\\\/noticias\\\/adicap-se-ha-reunido-en-candas-para-analizar-y-proponer-ayudas-del-femp\\\/#organizationLogo\",\"width\":1152,\"height\":864,\"caption\":\"Cand\\u00e1s 365 Redes\"},\"image\":{\"@id\":\"https:\\\/\\\/candas365.es\\\/noticias\\\/adicap-se-ha-reunido-en-candas-para-analizar-y-proponer-ayudas-del-femp\\\/#organizationLogo\"},\"sameAs\":[\"https:\\\/\\\/www.facebook.com\\\/Nachofdezber\",\"https:\\\/\\\/x.com\\\/NabercoDigital\",\"https:\\\/\\\/www.instagram.com\\\/nachofdezber\\\/\",\"https:\\\/\\\/www.youtube.com\\\/channel\\\/UCZP-2wLEB9Rv6erhFmqVnvg\"],\"address\":{\"@id\":\"https:\\\/\\\/candas365.es\\\/noticias\\\/#postaladdress\",\"@type\":\"PostalAddress\",\"streetAddress\":\"san antonio 4, san antonio 4\",\"postalCode\":\"33430\",\"addressLocality\":\"Cand\\u00e1s\",\"addressRegion\":\"Asturias\",\"addressCountry\":\"ES\"}},{\"@type\":\"Person\",\"@id\":\"https:\\\/\\\/candas365.es\\\/noticias\\\/author\\\/admin\\\/#author\",\"url\":\"https:\\\/\\\/candas365.es\\\/noticias\\\/author\\\/admin\\\/\",\"name\":\"Cand\\u00e1s 365\",\"image\":{\"@type\":\"ImageObject\",\"@id\":\"https:\\\/\\\/candas365.es\\\/noticias\\\/adicap-se-ha-reunido-en-candas-para-analizar-y-proponer-ayudas-del-femp\\\/#authorImage\",\"url\":\"https:\\\/\\\/secure.gravatar.com\\\/avatar\\\/496a8e03d0c493ede1718b7934145dbdf8d89be1036b0eec9544e1094c9de390?s=96&d=mm&r=g\",\"width\":96,\"height\":96,\"caption\":\"Cand\\u00e1s 365\"},\"sameAs\":[\"https:\\\/\\\/www.facebook.com\\\/carrenoactualidad\",\"https:\\\/\\\/twitter.com\\\/nbasturias\",\"https:\\\/\\\/www.instagram.com\\\/nachofdezber\\\/\",\"https:\\\/\\\/www.youtube.com\\\/channel\\\/UCZP-2wLEB9Rv6erhFmqVnvg\"]},{\"@type\":\"WebPage\",\"@id\":\"https:\\\/\\\/candas365.es\\\/noticias\\\/adicap-se-ha-reunido-en-candas-para-analizar-y-proponer-ayudas-del-femp\\\/#webpage\",\"url\":\"https:\\\/\\\/candas365.es\\\/noticias\\\/adicap-se-ha-reunido-en-candas-para-analizar-y-proponer-ayudas-del-femp\\\/\",\"name\":\"ADICAP se ha reunido en Cand\\u00e1s para analizar y proponer ayudas del FEMP | Cand\\u00e1s 365\",\"description\":\"La Comisi\\u00f3n de Pesca ADICAP se ha reunido recientemente en Cand\\u00e1s, y en ella participaron representantes de los ayuntamientos de Carre\\u00f1o y Goz\\u00f3n\",\"inLanguage\":\"es-ES\",\"isPartOf\":{\"@id\":\"https:\\\/\\\/candas365.es\\\/noticias\\\/#website\"},\"breadcrumb\":{\"@id\":\"https:\\\/\\\/candas365.es\\\/noticias\\\/adicap-se-ha-reunido-en-candas-para-analizar-y-proponer-ayudas-del-femp\\\/#breadcrumblist\"},\"author\":{\"@id\":\"https:\\\/\\\/candas365.es\\\/noticias\\\/author\\\/admin\\\/#author\"},\"creator\":{\"@id\":\"https:\\\/\\\/candas365.es\\\/noticias\\\/author\\\/admin\\\/#author\"},\"image\":{\"@type\":\"ImageObject\",\"url\":\"https:\\\/\\\/candas365.es\\\/noticias\\\/wp-content\\\/uploads\\\/2022\\\/11\\\/Candas-7.jpg\",\"@id\":\"https:\\\/\\\/candas365.es\\\/noticias\\\/adicap-se-ha-reunido-en-candas-para-analizar-y-proponer-ayudas-del-femp\\\/#mainImage\",\"width\":882,\"height\":668,\"caption\":\"Foto: Cand\\u00e1s 365\"},\"primaryImageOfPage\":{\"@id\":\"https:\\\/\\\/candas365.es\\\/noticias\\\/adicap-se-ha-reunido-en-candas-para-analizar-y-proponer-ayudas-del-femp\\\/#mainImage\"},\"datePublished\":\"2022-11-20T12:05:55+01:00\",\"dateModified\":\"2022-11-20T12:05:55+01:00\"},{\"@type\":\"WebSite\",\"@id\":\"https:\\\/\\\/candas365.es\\\/noticias\\\/#website\",\"url\":\"https:\\\/\\\/candas365.es\\\/noticias\\\/\",\"name\":\"Cand\\u00e1s 365\",\"alternateName\":\"Cand\\u00e1s 365 Noticias\",\"description\":\"Actualidad desde Carre\\u00f1o para el mundo\",\"inLanguage\":\"es-ES\",\"publisher\":{\"@id\":\"https:\\\/\\\/candas365.es\\\/noticias\\\/#organization\"}}]}\n\t\t<\/script>\n\t\t<!-- All in One SEO Pro -->\r\n\t\t<title>ADICAP se ha reunido en Cand\u00e1s para analizar y proponer ayudas del FEMP | Cand\u00e1s 365<\/title>\n\n","aioseo_head_json":{"title":"ADICAP se ha reunido en Cand\u00e1s para analizar y proponer ayudas del FEMP | Cand\u00e1s 365","description":"La Comisi\u00f3n de Pesca ADICAP se ha reunido recientemente en Cand\u00e1s, y en ella participaron representantes de los ayuntamientos de Carre\u00f1o y Goz\u00f3n","canonical_url":"https:\/\/candas365.es\/noticias\/adicap-se-ha-reunido-en-candas-para-analizar-y-proponer-ayudas-del-femp\/","robots":"max-image-preview:large","keywords":"noticias carre\u00f1o","webmasterTools":{"google-site-verification":"UA-32230408-1","msvalidate.01":"354F3CDFB2DA171B47FBE9ABF1F88D5","miscellaneous":""},"schema":{"@context":"https:\/\/schema.org","@graph":[{"@type":"BreadcrumbList","@id":"https:\/\/candas365.es\/noticias\/adicap-se-ha-reunido-en-candas-para-analizar-y-proponer-ayudas-del-femp\/#breadcrumblist","itemListElement":[{"@type":"ListItem","@id":"https:\/\/candas365.es\/noticias#listItem","position":1,"name":"Home","item":"https:\/\/candas365.es\/noticias","nextItem":{"@type":"ListItem","@id":"https:\/\/candas365.es\/noticias\/category\/noticias-carreno\/#listItem","name":"Noticias Carre\u00f1o"}},{"@type":"ListItem","@id":"https:\/\/candas365.es\/noticias\/category\/noticias-carreno\/#listItem","position":2,"name":"Noticias Carre\u00f1o","item":"https:\/\/candas365.es\/noticias\/category\/noticias-carreno\/","nextItem":{"@type":"ListItem","@id":"https:\/\/candas365.es\/noticias\/adicap-se-ha-reunido-en-candas-para-analizar-y-proponer-ayudas-del-femp\/#listItem","name":"ADICAP se ha reunido en Cand\u00e1s para analizar y proponer ayudas del FEMP"},"previousItem":{"@type":"ListItem","@id":"https:\/\/candas365.es\/noticias#listItem","name":"Home"}},{"@type":"ListItem","@id":"https:\/\/candas365.es\/noticias\/adicap-se-ha-reunido-en-candas-para-analizar-y-proponer-ayudas-del-femp\/#listItem","position":3,"name":"ADICAP se ha reunido en Cand\u00e1s para analizar y proponer ayudas del FEMP","previousItem":{"@type":"ListItem","@id":"https:\/\/candas365.es\/noticias\/category\/noticias-carreno\/#listItem","name":"Noticias Carre\u00f1o"}}]},{"@type":"NewsArticle","@id":"https:\/\/candas365.es\/noticias\/adicap-se-ha-reunido-en-candas-para-analizar-y-proponer-ayudas-del-femp\/#newsarticle","name":"ADICAP se ha reunido en Cand\u00e1s para analizar y proponer ayudas del FEMP | Cand\u00e1s 365","headline":"ADICAP se ha reunido en Cand\u00e1s para analizar y proponer ayudas del FEMP","author":{"@id":"https:\/\/candas365.es\/noticias\/author\/admin\/#author"},"publisher":{"@id":"https:\/\/candas365.es\/noticias\/#organization"},"image":{"@type":"ImageObject","url":"https:\/\/candas365.es\/noticias\/wp-content\/uploads\/2022\/11\/Candas-7.jpg","width":882,"height":668,"caption":"Foto: Cand\u00e1s 365"},"datePublished":"2022-11-20T12:05:55+01:00","dateModified":"2022-11-20T12:05:55+01:00","inLanguage":"es-ES","mainEntityOfPage":{"@id":"https:\/\/candas365.es\/noticias\/adicap-se-ha-reunido-en-candas-para-analizar-y-proponer-ayudas-del-femp\/#webpage"},"isPartOf":{"@id":"https:\/\/candas365.es\/noticias\/adicap-se-ha-reunido-en-candas-para-analizar-y-proponer-ayudas-del-femp\/#webpage"},"articleSection":"Noticias Carre\u00f1o, Cand\u00e1s, Carre\u00f1o, Mancomunidad","dateline":"Publicado el noviembre 20, 2022."},{"@type":"Organization","@id":"https:\/\/candas365.es\/noticias\/#organization","name":"Cand\u00e1s 365","description":"Cand\u00e1s 365 es un diario digital independiente, fundado en 2012, con base en Asturias. Informamos con rigor sobre actualidad, sociedad, cultura y ocio, con una mirada local y global.","url":"https:\/\/candas365.es\/noticias\/","email":"info@candas365.es","telephone":"+34652131393","foundingDate":"2012-06-10","logo":{"@type":"ImageObject","url":"https:\/\/candas365.es\/noticias\/wp-content\/uploads\/2024\/09\/Candas-365-Redes.jpg","@id":"https:\/\/candas365.es\/noticias\/adicap-se-ha-reunido-en-candas-para-analizar-y-proponer-ayudas-del-femp\/#organizationLogo","width":1152,"height":864,"caption":"Cand\u00e1s 365 Redes"},"image":{"@id":"https:\/\/candas365.es\/noticias\/adicap-se-ha-reunido-en-candas-para-analizar-y-proponer-ayudas-del-femp\/#organizationLogo"},"sameAs":["https:\/\/www.facebook.com\/Nachofdezber","https:\/\/x.com\/NabercoDigital","https:\/\/www.instagram.com\/nachofdezber\/","https:\/\/www.youtube.com\/channel\/UCZP-2wLEB9Rv6erhFmqVnvg"],"address":{"@id":"https:\/\/candas365.es\/noticias\/#postaladdress","@type":"PostalAddress","streetAddress":"san antonio 4, san antonio 4","postalCode":"33430","addressLocality":"Cand\u00e1s","addressRegion":"Asturias","addressCountry":"ES"}},{"@type":"Person","@id":"https:\/\/candas365.es\/noticias\/author\/admin\/#author","url":"https:\/\/candas365.es\/noticias\/author\/admin\/","name":"Cand\u00e1s 365","image":{"@type":"ImageObject","@id":"https:\/\/candas365.es\/noticias\/adicap-se-ha-reunido-en-candas-para-analizar-y-proponer-ayudas-del-femp\/#authorImage","url":"https:\/\/secure.gravatar.com\/avatar\/496a8e03d0c493ede1718b7934145dbdf8d89be1036b0eec9544e1094c9de390?s=96&d=mm&r=g","width":96,"height":96,"caption":"Cand\u00e1s 365"},"sameAs":["https:\/\/www.facebook.com\/carrenoactualidad","https:\/\/twitter.com\/nbasturias","https:\/\/www.instagram.com\/nachofdezber\/","https:\/\/www.youtube.com\/channel\/UCZP-2wLEB9Rv6erhFmqVnvg"]},{"@type":"WebPage","@id":"https:\/\/candas365.es\/noticias\/adicap-se-ha-reunido-en-candas-para-analizar-y-proponer-ayudas-del-femp\/#webpage","url":"https:\/\/candas365.es\/noticias\/adicap-se-ha-reunido-en-candas-para-analizar-y-proponer-ayudas-del-femp\/","name":"ADICAP se ha reunido en Cand\u00e1s para analizar y proponer ayudas del FEMP | Cand\u00e1s 365","description":"La Comisi\u00f3n de Pesca ADICAP se ha reunido recientemente en Cand\u00e1s, y en ella participaron representantes de los ayuntamientos de Carre\u00f1o y Goz\u00f3n","inLanguage":"es-ES","isPartOf":{"@id":"https:\/\/candas365.es\/noticias\/#website"},"breadcrumb":{"@id":"https:\/\/candas365.es\/noticias\/adicap-se-ha-reunido-en-candas-para-analizar-y-proponer-ayudas-del-femp\/#breadcrumblist"},"author":{"@id":"https:\/\/candas365.es\/noticias\/author\/admin\/#author"},"creator":{"@id":"https:\/\/candas365.es\/noticias\/author\/admin\/#author"},"image":{"@type":"ImageObject","url":"https:\/\/candas365.es\/noticias\/wp-content\/uploads\/2022\/11\/Candas-7.jpg","@id":"https:\/\/candas365.es\/noticias\/adicap-se-ha-reunido-en-candas-para-analizar-y-proponer-ayudas-del-femp\/#mainImage","width":882,"height":668,"caption":"Foto: Cand\u00e1s 365"},"primaryImageOfPage":{"@id":"https:\/\/candas365.es\/noticias\/adicap-se-ha-reunido-en-candas-para-analizar-y-proponer-ayudas-del-femp\/#mainImage"},"datePublished":"2022-11-20T12:05:55+01:00","dateModified":"2022-11-20T12:05:55+01:00"},{"@type":"WebSite","@id":"https:\/\/candas365.es\/noticias\/#website","url":"https:\/\/candas365.es\/noticias\/","name":"Cand\u00e1s 365","alternateName":"Cand\u00e1s 365 Noticias","description":"Actualidad desde Carre\u00f1o para el mundo","inLanguage":"es-ES","publisher":{"@id":"https:\/\/candas365.es\/noticias\/#organization"}}]},"og:locale":"es_ES","og:site_name":"Cand\u00e1s 365","og:type":"article","og:title":"ADICAP se ha reunido en Cand\u00e1s para analizar y proponer ayudas del FEMP | Cand\u00e1s 365","og:description":"La Comisi\u00f3n de Pesca ADICAP se ha reunido recientemente en Cand\u00e1s, y en ella participaron representantes de los ayuntamientos de Carre\u00f1o y Goz\u00f3n","og:url":"https:\/\/candas365.es\/noticias\/adicap-se-ha-reunido-en-candas-para-analizar-y-proponer-ayudas-del-femp\/","og:image":"https:\/\/candas365.es\/noticias\/wp-content\/uploads\/2022\/11\/Candas-7.jpg","og:image:secure_url":"https:\/\/candas365.es\/noticias\/wp-content\/uploads\/2022\/11\/Candas-7.jpg","og:image:width":882,"og:image:height":668,"article:published_time":"2022-11-20T11:05:55+00:00","article:modified_time":"2022-11-20T11:05:55+00:00","article:publisher":"https:\/\/www.facebook.com\/Nachofdezber","article:author":"https:\/\/www.facebook.com\/carrenoactualidad","twitter:card":"summary_large_image","twitter:site":"@NabercoDigital","twitter:title":"ADICAP se ha reunido en Cand\u00e1s para analizar y proponer ayudas del FEMP | Cand\u00e1s 365","twitter:description":"La Comisi\u00f3n de Pesca ADICAP se ha reunido recientemente en Cand\u00e1s, y en ella participaron representantes de los ayuntamientos de Carre\u00f1o y Goz\u00f3n","twitter:creator":"@nbasturias","twitter:image":"https:\/\/candas365.es\/noticias\/wp-content\/uploads\/2022\/11\/Candas-7.jpg","twitter:label1":"Escrito por","twitter:data1":"Cand\u00e1s 365","twitter:label2":"Tiempo de lectura estimado","twitter:data2":"2 minutos"},"aioseo_meta_data":{"post_id":"169175","title":null,"description":"La Comisi\u00f3n de Pesca ADICAP se ha reunido recientemente en Cand\u00e1s, y en ella participaron representantes de los ayuntamientos de Carre\u00f1o y Goz\u00f3n","keywords":[],"keyphrases":{"focus":{"keyphrase":"Cand\u00e1s","score":100,"analysis":{"keyphraseInTitle":{"title":"Focus keyphrase in SEO title","description":"Focus keyphrase found in SEO title.","score":9,"maxScore":9,"error":0},"keyphraseInDescription":{"title":"Focus keyphrase in meta description","description":"Focus keyphrase found in meta description.","score":9,"maxScore":9,"error":0},"keyphraseLength":{"title":"Focus keyphrase length","description":"Good job!","score":9,"maxScore":9,"error":0,"length":1},"keyphraseInURL":{"title":"Focus keyphrase in URL","description":"Focus keyphrase used in the URL.","score":5,"maxScore":5,"error":0},"keyphraseInIntroduction":{"title":"Focus keyphrase in introduction","description":"Your Focus keyphrase appears in the first paragraph. Well done!","score":9,"maxScore":9,"error":0},"keyphraseInSubHeadings":[],"keyphraseInImageAlt":{"title":"Focus keyphrase in image alt attributes","description":"Focus keyphrase found in image alt attribute(s).","score":9,"maxScore":9,"error":0}}},"additional":[{"keyphrase":"ADICAP","score":83,"analysis":{"keyphraseInDescription":{"title":"Keyphrase in meta description","description":"Keyphrase found in meta description.","score":9,"maxScore":9,"error":0},"keyphraseLength":{"title":"Keyphrase length","description":"Good job!","score":9,"maxScore":9,"error":0,"length":1},"keyphraseInIntroduction":{"title":"Keyphrase in introduction","description":"Your Keyphrase appears in the first paragraph. Well done!","score":9,"maxScore":9,"error":0},"keyphraseInImageAlt":{"title":"Keyphrase in image alt attributes","description":"Keyphrase not found in image alt attribute(s). Add an image with your Keyphrase as alt text.","score":3,"maxScore":9,"error":1}}}]},"primary_term":null,"canonical_url":null,"og_title":null,"og_description":null,"og_object_type":"default","og_image_type":"default","og_image_url":null,"og_image_width":null,"og_image_height":null,"og_image_custom_url":null,"og_image_custom_fields":null,"og_video":"","og_custom_url":null,"og_article_section":null,"og_article_tags":[],"twitter_use_og":false,"twitter_card":"default","twitter_image_type":"default","twitter_image_url":null,"twitter_image_custom_url":null,"twitter_image_custom_fields":null,"twitter_title":null,"twitter_description":null,"schema":{"blockGraphs":[],"customGraphs":[],"default":{"data":{"Article":[],"Course":[],"Dataset":[],"FAQPage":[],"Movie":[],"Person":[],"Product":[],"ProductReview":[],"Car":[],"Recipe":[],"Service":[],"SoftwareApplication":[],"WebPage":[]},"graphName":"Article","isEnabled":true},"graphs":[]},"schema_type":"default","schema_type_options":null,"pillar_content":false,"robots_default":true,"robots_noindex":false,"robots_noarchive":false,"robots_nosnippet":false,"robots_nofollow":false,"robots_noimageindex":false,"robots_noodp":false,"robots_notranslate":false,"robots_max_snippet":"-1","robots_max_videopreview":"-1","robots_max_imagepreview":"large","priority":null,"frequency":"default","location":null,"local_seo":null,"seo_analyzer_scan_date":"2025-09-01 16:03:12","breadcrumb_settings":null,"limit_modified_date":false,"reviewed_by":null,"open_ai":null,"ai":null,"created":"2022-11-20 10:57:47","updated":"2025-09-01 16:03:12"},"aioseo_breadcrumb":"<div class=\"aioseo-breadcrumbs\"><span class=\"aioseo-breadcrumb\">\n\t<a href=\"https:\/\/candas365.es\/noticias\" title=\"Home\">Home<\/a>\n<\/span><span class=\"aioseo-breadcrumb-separator\">&ndash;<\/span><span class=\"aioseo-breadcrumb\">\n\t<a href=\"https:\/\/candas365.es\/noticias\/category\/noticias-carreno\/\" title=\"Noticias Carre\u00f1o\">Noticias Carre\u00f1o<\/a>\n<\/span><span class=\"aioseo-breadcrumb-separator\">&ndash;<\/span><span class=\"aioseo-breadcrumb\">\n\tADICAP se ha reunido en Cand\u00e1s para analizar y proponer ayudas del FEMP\n<\/span><\/div>","aioseo_breadcrumb_json":[{"label":"Home","link":"https:\/\/candas365.es\/noticias"},{"label":"Noticias Carre\u00f1o","link":"https:\/\/candas365.es\/noticias\/category\/noticias-carreno\/"},{"label":"ADICAP se ha reunido en Cand\u00e1s para analizar y proponer ayudas del FEMP","link":"https:\/\/candas365.es\/noticias\/adicap-se-ha-reunido-en-candas-para-analizar-y-proponer-ayudas-del-femp\/"}],"_links":{"self":[{"href":"https:\/\/candas365.es\/noticias\/wp-json\/wp\/v2\/posts\/169175","targetHints":{"allow":["GET"]}}],"collection":[{"href":"https:\/\/candas365.es\/noticias\/wp-json\/wp\/v2\/posts"}],"about":[{"href":"https:\/\/candas365.es\/noticias\/wp-json\/wp\/v2\/types\/post"}],"author":[{"embeddable":true,"href":"https:\/\/candas365.es\/noticias\/wp-json\/wp\/v2\/users\/1"}],"replies":[{"embeddable":true,"href":"https:\/\/candas365.es\/noticias\/wp-json\/wp\/v2\/comments?post=169175"}],"version-history":[{"count":0,"href":"https:\/\/candas365.es\/noticias\/wp-json\/wp\/v2\/posts\/169175\/revisions"}],"wp:featuredmedia":[{"embeddable":true,"href":"https:\/\/candas365.es\/noticias\/wp-json\/wp\/v2\/media\/169176"}],"wp:attachment":[{"href":"https:\/\/candas365.es\/noticias\/wp-json\/wp\/v2\/media?parent=169175"}],"wp:term":[{"taxonomy":"category","embeddable":true,"href":"https:\/\/candas365.es\/noticias\/wp-json\/wp\/v2\/categories?post=169175"},{"taxonomy":"post_tag","embeddable":true,"href":"https:\/\/candas365.es\/noticias\/wp-json\/wp\/v2\/tags?post=169175"}],"curies":[{"name":"wp","href":"https:\/\/api.w.org\/{rel}","templated":true}]}}