{"id":169127,"date":"2022-11-19T11:46:35","date_gmt":"2022-11-19T10:46:35","guid":{"rendered":"https:\/\/candas365.es\/noticias\/?p=169127"},"modified":"2022-11-19T11:46:35","modified_gmt":"2022-11-19T10:46:35","slug":"el-real-madrid-tendra-su-propio-parque-tematico-a-finales-de-2023","status":"publish","type":"post","link":"https:\/\/candas365.es\/noticias\/el-real-madrid-tendra-su-propio-parque-tematico-a-finales-de-2023\/","title":{"rendered":"El Real Madrid tendr\u00e1 su propio parque tem\u00e1tico a finales de 2023"},"content":{"rendered":"<p>(EP) &#8211; El Real Madrid tendr\u00e1 su propio <strong>parque tem\u00e1tico<\/strong> a finales del pr\u00f3ximo a\u00f1o 2023 despu\u00e9s de haber alcanzado un acuerdo con Dubai Parks and Resorts para abrir uno en Oriente Medio, lo que supone un paso m\u00e1s en la expansi\u00f3n internacional del club y para hacer \u00abdisfrutar de la cultura del mejor equipo de f\u00fatbol del mundo\u00bb.<\/p>\n<figure id=\"attachment_169128\" aria-describedby=\"caption-attachment-169128\" style=\"width: 650px\" class=\"wp-caption aligncenter\"><img fetchpriority=\"high\" decoding=\"async\" class=\"wp-image-169128 size-large\" src=\"https:\/\/candas365.es\/noticias\/wp-content\/uploads\/2022\/11\/Real-Madrid-650x377.jpg\" alt=\"Real Madrid\" width=\"650\" height=\"377\" srcset=\"https:\/\/candas365.es\/noticias\/wp-content\/uploads\/2022\/11\/Real-Madrid-650x377.jpg 650w, https:\/\/candas365.es\/noticias\/wp-content\/uploads\/2022\/11\/Real-Madrid-360x209.jpg 360w, https:\/\/candas365.es\/noticias\/wp-content\/uploads\/2022\/11\/Real-Madrid-768x445.jpg 768w, https:\/\/candas365.es\/noticias\/wp-content\/uploads\/2022\/11\/Real-Madrid-150x87.jpg 150w, https:\/\/candas365.es\/noticias\/wp-content\/uploads\/2022\/11\/Real-Madrid-450x261.jpg 450w, https:\/\/candas365.es\/noticias\/wp-content\/uploads\/2022\/11\/Real-Madrid.jpg 1091w\" sizes=\"(max-width: 650px) 100vw, 650px\" \/><figcaption id=\"caption-attachment-169128\" class=\"wp-caption-text\">Foto: DUBAI PARKS AND RESORTS<\/figcaption><\/figure>\n<p>\u00abEl Real Madrid y Dubai Parks and Resorts han firmado un acuerdo para la apertura en Oriente Medio del primer parque tem\u00e1tico del Real Madrid. Esta nueva experiencia permitir\u00e1 disfrutar a las familias y a todos los aficionados al f\u00fatbol y al deporte, independientemente de su edad, de la cultura del mejor equipo de f\u00fatbol del mundo\u00bb, se\u00f1al\u00f3 el Real Madrid en un comunicado.<\/p>\n<p>El 14 veces campe\u00f3n de Europa, que apunt\u00f3 que la apertura de este parque tem\u00e1tico \u00abest\u00e1 prevista para el cuarto trimestre de 2023\u00bb, subray\u00f3 que la instalaci\u00f3n l\u00fadica \u00abincluir\u00e1 diferentes atracciones relacionadas en el Real Madrid, como un museo, juegos mec\u00e1nicos y de habilidad futbol\u00edstica y puntos de venta de recuerdos de la gran historia\u00bb del equipo merengue.<\/p>\n<blockquote><p>\u00abLos visitantes tendr\u00e1n la oportunidad de vivir experiencias interactivas, disfrutando con juegos y atracciones \u00fanicas inspiradas en el esp\u00edritu, la pasi\u00f3n y el \u00e9xito que hacen del Real Madrid el mejor club del siglo XX\u00bb, a\u00f1adi\u00f3 al Real Madrid.<\/p><\/blockquote>\n<p>Por su parte, Fernando Eiroa, director general de Dubai Holding Entertainment, dej\u00f3 claro que est\u00e1n \u00abencantados\u00bb de que el club que preside Florentino P\u00e9rez haya elegido a Dubai Parks and Resorts \u00abcomo su socio\u00bb en su proceso \u00abde traer a las mejores marcas internacionales de entretenimiento a la regi\u00f3n\u00bb.<\/p>\n<p>\u00abEl Real Madrid es una megaestrella del f\u00fatbol mundial, con un historial de \u00e9xitos inigualable y millones de seguidores apasionados en todos los rincones del planeta\u00bb, record\u00f3 el directivo espa\u00f1ol.<\/p>\n<p><strong>Su apertura est\u00e1 prevista para el cuarto trimestre de 2023<\/strong> y ya se est\u00e1n ultimando todos los detalles. Incluir\u00e1 una serie de atracciones inspiradas en el Real Madrid, como un museo, atracciones, juegos de habilidad futbol\u00edstica, puntos de venta de comida y bebida, y opciones de venta \u00fanicas con elementos conmemorativos de la exitosa historia del Real Madrid.<\/p>\n<p>En los pr\u00f3ximos meses se anunciar\u00e1n nuevos detalles, incluyendo m\u00e1s informaci\u00f3n sobre las exclusivas monta\u00f1as rusas, los eventos \u00fanicos y emocionantes experiencias deportivas e interactivas que formar\u00e1n parte del nuevo destino.<\/p>\n","protected":false},"excerpt":{"rendered":"<p>(EP) &#8211; El Real Madrid tendr\u00e1 su propio parque tem\u00e1tico a finales del pr\u00f3ximo a\u00f1o 2023 despu\u00e9s de haber alcanzado un acuerdo con Dubai Parks and Resorts para abrir uno en Oriente Medio, lo que supone un paso m\u00e1s en la expansi\u00f3n internacional del club y para hacer \u00abdisfrutar de la cultura del mejor equipo<\/p>\n","protected":false},"author":1,"featured_media":169128,"comment_status":"closed","ping_status":"closed","sticky":false,"template":"","format":"standard","meta":{"footnotes":""},"categories":[319],"tags":[387],"class_list":{"0":"post-169127","1":"post","2":"type-post","3":"status-publish","4":"format-standard","5":"has-post-thumbnail","7":"category-deporte","8":"tag-deporte"},"aioseo_notices":[],"aioseo_head":"\n\t\t<!-- All in One SEO Pro 4.9.6.2 - aioseo.com -->\n\t<meta name=\"description\" content=\"(EP) - El Real Madrid tendr\u00e1 su propio parque tem\u00e1tico a finales del pr\u00f3ximo a\u00f1o 2023 despu\u00e9s de haber alcanzado un acuerdo con Dubai Parks and Resorts\" \/>\n\t<meta name=\"robots\" content=\"max-image-preview:large\" \/>\n\t<meta name=\"author\" content=\"Cand\u00e1s 365\"\/>\n\t<meta name=\"google-site-verification\" content=\"UA-32230408-1\" \/>\n\t<meta name=\"msvalidate.01\" content=\"354F3CDFB2DA171B47FBE9ABF1F88D5\" \/>\n\t<meta name=\"keywords\" content=\"deporte\" \/>\n\t<link rel=\"canonical\" href=\"https:\/\/candas365.es\/noticias\/el-real-madrid-tendra-su-propio-parque-tematico-a-finales-de-2023\/\" \/>\n\t<meta name=\"generator\" content=\"All in One SEO Pro (AIOSEO) 4.9.6.2\" \/>\n\t\t<meta property=\"og:locale\" content=\"es_ES\" \/>\n\t\t<meta property=\"og:site_name\" content=\"Cand\u00e1s 365\" \/>\n\t\t<meta property=\"og:type\" content=\"article\" \/>\n\t\t<meta property=\"og:title\" content=\"El Real Madrid tendr\u00e1 su propio parque tem\u00e1tico a finales de 2023 | Cand\u00e1s 365\" \/>\n\t\t<meta property=\"og:description\" content=\"(EP) - El Real Madrid tendr\u00e1 su propio parque tem\u00e1tico a finales del pr\u00f3ximo a\u00f1o 2023 despu\u00e9s de haber alcanzado un acuerdo con Dubai Parks and Resorts\" \/>\n\t\t<meta property=\"og:url\" content=\"https:\/\/candas365.es\/noticias\/el-real-madrid-tendra-su-propio-parque-tematico-a-finales-de-2023\/\" \/>\n\t\t<meta property=\"og:image\" content=\"https:\/\/candas365.es\/noticias\/wp-content\/uploads\/2022\/11\/Real-Madrid.jpg\" \/>\n\t\t<meta property=\"og:image:secure_url\" content=\"https:\/\/candas365.es\/noticias\/wp-content\/uploads\/2022\/11\/Real-Madrid.jpg\" \/>\n\t\t<meta property=\"og:image:width\" content=\"1091\" \/>\n\t\t<meta property=\"og:image:height\" content=\"632\" \/>\n\t\t<meta property=\"article:published_time\" content=\"2022-11-19T10:46:35+00:00\" \/>\n\t\t<meta property=\"article:modified_time\" content=\"2022-11-19T10:46:35+00:00\" \/>\n\t\t<meta property=\"article:publisher\" content=\"https:\/\/www.facebook.com\/Nachofdezber\" \/>\n\t\t<meta property=\"article:author\" content=\"https:\/\/www.facebook.com\/carrenoactualidad\" \/>\n\t\t<meta name=\"twitter:card\" content=\"summary_large_image\" \/>\n\t\t<meta name=\"twitter:site\" content=\"@NabercoDigital\" \/>\n\t\t<meta name=\"twitter:title\" content=\"El Real Madrid tendr\u00e1 su propio parque tem\u00e1tico a finales de 2023 | Cand\u00e1s 365\" \/>\n\t\t<meta name=\"twitter:description\" content=\"(EP) - El Real Madrid tendr\u00e1 su propio parque tem\u00e1tico a finales del pr\u00f3ximo a\u00f1o 2023 despu\u00e9s de haber alcanzado un acuerdo con Dubai Parks and Resorts\" \/>\n\t\t<meta name=\"twitter:creator\" content=\"@nbasturias\" \/>\n\t\t<meta name=\"twitter:image\" content=\"https:\/\/candas365.es\/noticias\/wp-content\/uploads\/2022\/11\/Real-Madrid.jpg\" \/>\n\t\t<meta name=\"twitter:label1\" content=\"Escrito por\" \/>\n\t\t<meta name=\"twitter:data1\" content=\"Cand\u00e1s 365\" \/>\n\t\t<meta name=\"twitter:label2\" content=\"Tiempo de lectura estimado\" \/>\n\t\t<meta name=\"twitter:data2\" content=\"2 minutos\" \/>\n\t\t<script type=\"application\/ld+json\" class=\"aioseo-schema\">\n\t\t\t{\"@context\":\"https:\\\/\\\/schema.org\",\"@graph\":[{\"@type\":\"BreadcrumbList\",\"@id\":\"https:\\\/\\\/candas365.es\\\/noticias\\\/el-real-madrid-tendra-su-propio-parque-tematico-a-finales-de-2023\\\/#breadcrumblist\",\"itemListElement\":[{\"@type\":\"ListItem\",\"@id\":\"https:\\\/\\\/candas365.es\\\/noticias#listItem\",\"position\":1,\"name\":\"Home\",\"item\":\"https:\\\/\\\/candas365.es\\\/noticias\",\"nextItem\":{\"@type\":\"ListItem\",\"@id\":\"https:\\\/\\\/candas365.es\\\/noticias\\\/category\\\/deporte\\\/#listItem\",\"name\":\"Deporte\"}},{\"@type\":\"ListItem\",\"@id\":\"https:\\\/\\\/candas365.es\\\/noticias\\\/category\\\/deporte\\\/#listItem\",\"position\":2,\"name\":\"Deporte\",\"item\":\"https:\\\/\\\/candas365.es\\\/noticias\\\/category\\\/deporte\\\/\",\"nextItem\":{\"@type\":\"ListItem\",\"@id\":\"https:\\\/\\\/candas365.es\\\/noticias\\\/el-real-madrid-tendra-su-propio-parque-tematico-a-finales-de-2023\\\/#listItem\",\"name\":\"El Real Madrid tendr\\u00e1 su propio parque tem\\u00e1tico a finales de 2023\"},\"previousItem\":{\"@type\":\"ListItem\",\"@id\":\"https:\\\/\\\/candas365.es\\\/noticias#listItem\",\"name\":\"Home\"}},{\"@type\":\"ListItem\",\"@id\":\"https:\\\/\\\/candas365.es\\\/noticias\\\/el-real-madrid-tendra-su-propio-parque-tematico-a-finales-de-2023\\\/#listItem\",\"position\":3,\"name\":\"El Real Madrid tendr\\u00e1 su propio parque tem\\u00e1tico a finales de 2023\",\"previousItem\":{\"@type\":\"ListItem\",\"@id\":\"https:\\\/\\\/candas365.es\\\/noticias\\\/category\\\/deporte\\\/#listItem\",\"name\":\"Deporte\"}}]},{\"@type\":\"NewsArticle\",\"@id\":\"https:\\\/\\\/candas365.es\\\/noticias\\\/el-real-madrid-tendra-su-propio-parque-tematico-a-finales-de-2023\\\/#newsarticle\",\"name\":\"El Real Madrid tendr\\u00e1 su propio parque tem\\u00e1tico a finales de 2023 | Cand\\u00e1s 365\",\"headline\":\"El Real Madrid tendr\\u00e1 su propio parque tem\\u00e1tico a finales de 2023\",\"author\":{\"@id\":\"https:\\\/\\\/candas365.es\\\/noticias\\\/author\\\/admin\\\/#author\"},\"publisher\":{\"@id\":\"https:\\\/\\\/candas365.es\\\/noticias\\\/#organization\"},\"image\":{\"@type\":\"ImageObject\",\"url\":\"https:\\\/\\\/candas365.es\\\/noticias\\\/wp-content\\\/uploads\\\/2022\\\/11\\\/Real-Madrid.jpg\",\"width\":1091,\"height\":632,\"caption\":\"Foto: DUBAI PARKS AND RESORTS\"},\"datePublished\":\"2022-11-19T11:46:35+01:00\",\"dateModified\":\"2022-11-19T11:46:35+01:00\",\"inLanguage\":\"es-ES\",\"mainEntityOfPage\":{\"@id\":\"https:\\\/\\\/candas365.es\\\/noticias\\\/el-real-madrid-tendra-su-propio-parque-tematico-a-finales-de-2023\\\/#webpage\"},\"isPartOf\":{\"@id\":\"https:\\\/\\\/candas365.es\\\/noticias\\\/el-real-madrid-tendra-su-propio-parque-tematico-a-finales-de-2023\\\/#webpage\"},\"articleSection\":\"Deporte, deporte\",\"dateline\":\"Publicado el noviembre 19, 2022.\"},{\"@type\":\"Organization\",\"@id\":\"https:\\\/\\\/candas365.es\\\/noticias\\\/#organization\",\"name\":\"Cand\\u00e1s 365\",\"description\":\"Cand\\u00e1s 365 es un diario digital independiente, fundado en 2012, con base en Asturias. Informamos con rigor sobre actualidad, sociedad, cultura y ocio, con una mirada local y global.\",\"url\":\"https:\\\/\\\/candas365.es\\\/noticias\\\/\",\"email\":\"info@candas365.es\",\"telephone\":\"+34652131393\",\"foundingDate\":\"2012-06-10\",\"logo\":{\"@type\":\"ImageObject\",\"url\":\"https:\\\/\\\/candas365.es\\\/noticias\\\/wp-content\\\/uploads\\\/2024\\\/09\\\/Candas-365-Redes.jpg\",\"@id\":\"https:\\\/\\\/candas365.es\\\/noticias\\\/el-real-madrid-tendra-su-propio-parque-tematico-a-finales-de-2023\\\/#organizationLogo\",\"width\":1152,\"height\":864,\"caption\":\"Cand\\u00e1s 365 Redes\"},\"image\":{\"@id\":\"https:\\\/\\\/candas365.es\\\/noticias\\\/el-real-madrid-tendra-su-propio-parque-tematico-a-finales-de-2023\\\/#organizationLogo\"},\"sameAs\":[\"https:\\\/\\\/www.facebook.com\\\/Nachofdezber\",\"https:\\\/\\\/x.com\\\/NabercoDigital\",\"https:\\\/\\\/www.instagram.com\\\/nachofdezber\\\/\",\"https:\\\/\\\/www.youtube.com\\\/channel\\\/UCZP-2wLEB9Rv6erhFmqVnvg\"],\"address\":{\"@id\":\"https:\\\/\\\/candas365.es\\\/noticias\\\/#postaladdress\",\"@type\":\"PostalAddress\",\"streetAddress\":\"san antonio 4, san antonio 4\",\"postalCode\":\"33430\",\"addressLocality\":\"Cand\\u00e1s\",\"addressRegion\":\"Asturias\",\"addressCountry\":\"ES\"}},{\"@type\":\"Person\",\"@id\":\"https:\\\/\\\/candas365.es\\\/noticias\\\/author\\\/admin\\\/#author\",\"url\":\"https:\\\/\\\/candas365.es\\\/noticias\\\/author\\\/admin\\\/\",\"name\":\"Cand\\u00e1s 365\",\"image\":{\"@type\":\"ImageObject\",\"@id\":\"https:\\\/\\\/candas365.es\\\/noticias\\\/el-real-madrid-tendra-su-propio-parque-tematico-a-finales-de-2023\\\/#authorImage\",\"url\":\"https:\\\/\\\/secure.gravatar.com\\\/avatar\\\/496a8e03d0c493ede1718b7934145dbdf8d89be1036b0eec9544e1094c9de390?s=96&d=mm&r=g\",\"width\":96,\"height\":96,\"caption\":\"Cand\\u00e1s 365\"},\"sameAs\":[\"https:\\\/\\\/www.facebook.com\\\/carrenoactualidad\",\"https:\\\/\\\/twitter.com\\\/nbasturias\",\"https:\\\/\\\/www.instagram.com\\\/nachofdezber\\\/\",\"https:\\\/\\\/www.youtube.com\\\/channel\\\/UCZP-2wLEB9Rv6erhFmqVnvg\"]},{\"@type\":\"WebPage\",\"@id\":\"https:\\\/\\\/candas365.es\\\/noticias\\\/el-real-madrid-tendra-su-propio-parque-tematico-a-finales-de-2023\\\/#webpage\",\"url\":\"https:\\\/\\\/candas365.es\\\/noticias\\\/el-real-madrid-tendra-su-propio-parque-tematico-a-finales-de-2023\\\/\",\"name\":\"El Real Madrid tendr\\u00e1 su propio parque tem\\u00e1tico a finales de 2023 | Cand\\u00e1s 365\",\"description\":\"(EP) - El Real Madrid tendr\\u00e1 su propio parque tem\\u00e1tico a finales del pr\\u00f3ximo a\\u00f1o 2023 despu\\u00e9s de haber alcanzado un acuerdo con Dubai Parks and Resorts\",\"inLanguage\":\"es-ES\",\"isPartOf\":{\"@id\":\"https:\\\/\\\/candas365.es\\\/noticias\\\/#website\"},\"breadcrumb\":{\"@id\":\"https:\\\/\\\/candas365.es\\\/noticias\\\/el-real-madrid-tendra-su-propio-parque-tematico-a-finales-de-2023\\\/#breadcrumblist\"},\"author\":{\"@id\":\"https:\\\/\\\/candas365.es\\\/noticias\\\/author\\\/admin\\\/#author\"},\"creator\":{\"@id\":\"https:\\\/\\\/candas365.es\\\/noticias\\\/author\\\/admin\\\/#author\"},\"image\":{\"@type\":\"ImageObject\",\"url\":\"https:\\\/\\\/candas365.es\\\/noticias\\\/wp-content\\\/uploads\\\/2022\\\/11\\\/Real-Madrid.jpg\",\"@id\":\"https:\\\/\\\/candas365.es\\\/noticias\\\/el-real-madrid-tendra-su-propio-parque-tematico-a-finales-de-2023\\\/#mainImage\",\"width\":1091,\"height\":632,\"caption\":\"Foto: DUBAI PARKS AND RESORTS\"},\"primaryImageOfPage\":{\"@id\":\"https:\\\/\\\/candas365.es\\\/noticias\\\/el-real-madrid-tendra-su-propio-parque-tematico-a-finales-de-2023\\\/#mainImage\"},\"datePublished\":\"2022-11-19T11:46:35+01:00\",\"dateModified\":\"2022-11-19T11:46:35+01:00\"},{\"@type\":\"WebSite\",\"@id\":\"https:\\\/\\\/candas365.es\\\/noticias\\\/#website\",\"url\":\"https:\\\/\\\/candas365.es\\\/noticias\\\/\",\"name\":\"Cand\\u00e1s 365\",\"alternateName\":\"Cand\\u00e1s 365 Noticias\",\"description\":\"Actualidad desde Carre\\u00f1o para el mundo\",\"inLanguage\":\"es-ES\",\"publisher\":{\"@id\":\"https:\\\/\\\/candas365.es\\\/noticias\\\/#organization\"}}]}\n\t\t<\/script>\n\t\t<!-- All in One SEO Pro -->\r\n\t\t<title>El Real Madrid tendr\u00e1 su propio parque tem\u00e1tico a finales de 2023 | Cand\u00e1s 365<\/title>\n\n","aioseo_head_json":{"title":"El Real Madrid tendr\u00e1 su propio parque tem\u00e1tico a finales de 2023 | Cand\u00e1s 365","description":"(EP) - El Real Madrid tendr\u00e1 su propio parque tem\u00e1tico a finales del pr\u00f3ximo a\u00f1o 2023 despu\u00e9s de haber alcanzado un acuerdo con Dubai Parks and Resorts","canonical_url":"https:\/\/candas365.es\/noticias\/el-real-madrid-tendra-su-propio-parque-tematico-a-finales-de-2023\/","robots":"max-image-preview:large","keywords":"deporte","webmasterTools":{"google-site-verification":"UA-32230408-1","msvalidate.01":"354F3CDFB2DA171B47FBE9ABF1F88D5","miscellaneous":""},"schema":{"@context":"https:\/\/schema.org","@graph":[{"@type":"BreadcrumbList","@id":"https:\/\/candas365.es\/noticias\/el-real-madrid-tendra-su-propio-parque-tematico-a-finales-de-2023\/#breadcrumblist","itemListElement":[{"@type":"ListItem","@id":"https:\/\/candas365.es\/noticias#listItem","position":1,"name":"Home","item":"https:\/\/candas365.es\/noticias","nextItem":{"@type":"ListItem","@id":"https:\/\/candas365.es\/noticias\/category\/deporte\/#listItem","name":"Deporte"}},{"@type":"ListItem","@id":"https:\/\/candas365.es\/noticias\/category\/deporte\/#listItem","position":2,"name":"Deporte","item":"https:\/\/candas365.es\/noticias\/category\/deporte\/","nextItem":{"@type":"ListItem","@id":"https:\/\/candas365.es\/noticias\/el-real-madrid-tendra-su-propio-parque-tematico-a-finales-de-2023\/#listItem","name":"El Real Madrid tendr\u00e1 su propio parque tem\u00e1tico a finales de 2023"},"previousItem":{"@type":"ListItem","@id":"https:\/\/candas365.es\/noticias#listItem","name":"Home"}},{"@type":"ListItem","@id":"https:\/\/candas365.es\/noticias\/el-real-madrid-tendra-su-propio-parque-tematico-a-finales-de-2023\/#listItem","position":3,"name":"El Real Madrid tendr\u00e1 su propio parque tem\u00e1tico a finales de 2023","previousItem":{"@type":"ListItem","@id":"https:\/\/candas365.es\/noticias\/category\/deporte\/#listItem","name":"Deporte"}}]},{"@type":"NewsArticle","@id":"https:\/\/candas365.es\/noticias\/el-real-madrid-tendra-su-propio-parque-tematico-a-finales-de-2023\/#newsarticle","name":"El Real Madrid tendr\u00e1 su propio parque tem\u00e1tico a finales de 2023 | Cand\u00e1s 365","headline":"El Real Madrid tendr\u00e1 su propio parque tem\u00e1tico a finales de 2023","author":{"@id":"https:\/\/candas365.es\/noticias\/author\/admin\/#author"},"publisher":{"@id":"https:\/\/candas365.es\/noticias\/#organization"},"image":{"@type":"ImageObject","url":"https:\/\/candas365.es\/noticias\/wp-content\/uploads\/2022\/11\/Real-Madrid.jpg","width":1091,"height":632,"caption":"Foto: DUBAI PARKS AND RESORTS"},"datePublished":"2022-11-19T11:46:35+01:00","dateModified":"2022-11-19T11:46:35+01:00","inLanguage":"es-ES","mainEntityOfPage":{"@id":"https:\/\/candas365.es\/noticias\/el-real-madrid-tendra-su-propio-parque-tematico-a-finales-de-2023\/#webpage"},"isPartOf":{"@id":"https:\/\/candas365.es\/noticias\/el-real-madrid-tendra-su-propio-parque-tematico-a-finales-de-2023\/#webpage"},"articleSection":"Deporte, deporte","dateline":"Publicado el noviembre 19, 2022."},{"@type":"Organization","@id":"https:\/\/candas365.es\/noticias\/#organization","name":"Cand\u00e1s 365","description":"Cand\u00e1s 365 es un diario digital independiente, fundado en 2012, con base en Asturias. Informamos con rigor sobre actualidad, sociedad, cultura y ocio, con una mirada local y global.","url":"https:\/\/candas365.es\/noticias\/","email":"info@candas365.es","telephone":"+34652131393","foundingDate":"2012-06-10","logo":{"@type":"ImageObject","url":"https:\/\/candas365.es\/noticias\/wp-content\/uploads\/2024\/09\/Candas-365-Redes.jpg","@id":"https:\/\/candas365.es\/noticias\/el-real-madrid-tendra-su-propio-parque-tematico-a-finales-de-2023\/#organizationLogo","width":1152,"height":864,"caption":"Cand\u00e1s 365 Redes"},"image":{"@id":"https:\/\/candas365.es\/noticias\/el-real-madrid-tendra-su-propio-parque-tematico-a-finales-de-2023\/#organizationLogo"},"sameAs":["https:\/\/www.facebook.com\/Nachofdezber","https:\/\/x.com\/NabercoDigital","https:\/\/www.instagram.com\/nachofdezber\/","https:\/\/www.youtube.com\/channel\/UCZP-2wLEB9Rv6erhFmqVnvg"],"address":{"@id":"https:\/\/candas365.es\/noticias\/#postaladdress","@type":"PostalAddress","streetAddress":"san antonio 4, san antonio 4","postalCode":"33430","addressLocality":"Cand\u00e1s","addressRegion":"Asturias","addressCountry":"ES"}},{"@type":"Person","@id":"https:\/\/candas365.es\/noticias\/author\/admin\/#author","url":"https:\/\/candas365.es\/noticias\/author\/admin\/","name":"Cand\u00e1s 365","image":{"@type":"ImageObject","@id":"https:\/\/candas365.es\/noticias\/el-real-madrid-tendra-su-propio-parque-tematico-a-finales-de-2023\/#authorImage","url":"https:\/\/secure.gravatar.com\/avatar\/496a8e03d0c493ede1718b7934145dbdf8d89be1036b0eec9544e1094c9de390?s=96&d=mm&r=g","width":96,"height":96,"caption":"Cand\u00e1s 365"},"sameAs":["https:\/\/www.facebook.com\/carrenoactualidad","https:\/\/twitter.com\/nbasturias","https:\/\/www.instagram.com\/nachofdezber\/","https:\/\/www.youtube.com\/channel\/UCZP-2wLEB9Rv6erhFmqVnvg"]},{"@type":"WebPage","@id":"https:\/\/candas365.es\/noticias\/el-real-madrid-tendra-su-propio-parque-tematico-a-finales-de-2023\/#webpage","url":"https:\/\/candas365.es\/noticias\/el-real-madrid-tendra-su-propio-parque-tematico-a-finales-de-2023\/","name":"El Real Madrid tendr\u00e1 su propio parque tem\u00e1tico a finales de 2023 | Cand\u00e1s 365","description":"(EP) - El Real Madrid tendr\u00e1 su propio parque tem\u00e1tico a finales del pr\u00f3ximo a\u00f1o 2023 despu\u00e9s de haber alcanzado un acuerdo con Dubai Parks and Resorts","inLanguage":"es-ES","isPartOf":{"@id":"https:\/\/candas365.es\/noticias\/#website"},"breadcrumb":{"@id":"https:\/\/candas365.es\/noticias\/el-real-madrid-tendra-su-propio-parque-tematico-a-finales-de-2023\/#breadcrumblist"},"author":{"@id":"https:\/\/candas365.es\/noticias\/author\/admin\/#author"},"creator":{"@id":"https:\/\/candas365.es\/noticias\/author\/admin\/#author"},"image":{"@type":"ImageObject","url":"https:\/\/candas365.es\/noticias\/wp-content\/uploads\/2022\/11\/Real-Madrid.jpg","@id":"https:\/\/candas365.es\/noticias\/el-real-madrid-tendra-su-propio-parque-tematico-a-finales-de-2023\/#mainImage","width":1091,"height":632,"caption":"Foto: DUBAI PARKS AND RESORTS"},"primaryImageOfPage":{"@id":"https:\/\/candas365.es\/noticias\/el-real-madrid-tendra-su-propio-parque-tematico-a-finales-de-2023\/#mainImage"},"datePublished":"2022-11-19T11:46:35+01:00","dateModified":"2022-11-19T11:46:35+01:00"},{"@type":"WebSite","@id":"https:\/\/candas365.es\/noticias\/#website","url":"https:\/\/candas365.es\/noticias\/","name":"Cand\u00e1s 365","alternateName":"Cand\u00e1s 365 Noticias","description":"Actualidad desde Carre\u00f1o para el mundo","inLanguage":"es-ES","publisher":{"@id":"https:\/\/candas365.es\/noticias\/#organization"}}]},"og:locale":"es_ES","og:site_name":"Cand\u00e1s 365","og:type":"article","og:title":"El Real Madrid tendr\u00e1 su propio parque tem\u00e1tico a finales de 2023 | Cand\u00e1s 365","og:description":"(EP) - El Real Madrid tendr\u00e1 su propio parque tem\u00e1tico a finales del pr\u00f3ximo a\u00f1o 2023 despu\u00e9s de haber alcanzado un acuerdo con Dubai Parks and Resorts","og:url":"https:\/\/candas365.es\/noticias\/el-real-madrid-tendra-su-propio-parque-tematico-a-finales-de-2023\/","og:image":"https:\/\/candas365.es\/noticias\/wp-content\/uploads\/2022\/11\/Real-Madrid.jpg","og:image:secure_url":"https:\/\/candas365.es\/noticias\/wp-content\/uploads\/2022\/11\/Real-Madrid.jpg","og:image:width":1091,"og:image:height":632,"article:published_time":"2022-11-19T10:46:35+00:00","article:modified_time":"2022-11-19T10:46:35+00:00","article:publisher":"https:\/\/www.facebook.com\/Nachofdezber","article:author":"https:\/\/www.facebook.com\/carrenoactualidad","twitter:card":"summary_large_image","twitter:site":"@NabercoDigital","twitter:title":"El Real Madrid tendr\u00e1 su propio parque tem\u00e1tico a finales de 2023 | Cand\u00e1s 365","twitter:description":"(EP) - El Real Madrid tendr\u00e1 su propio parque tem\u00e1tico a finales del pr\u00f3ximo a\u00f1o 2023 despu\u00e9s de haber alcanzado un acuerdo con Dubai Parks and Resorts","twitter:creator":"@nbasturias","twitter:image":"https:\/\/candas365.es\/noticias\/wp-content\/uploads\/2022\/11\/Real-Madrid.jpg","twitter:label1":"Escrito por","twitter:data1":"Cand\u00e1s 365","twitter:label2":"Tiempo de lectura estimado","twitter:data2":"2 minutos"},"aioseo_meta_data":{"post_id":"169127","title":null,"description":"(EP) - El Real Madrid tendr\u00e1 su propio parque tem\u00e1tico a finales del pr\u00f3ximo a\u00f1o 2023 despu\u00e9s de haber alcanzado un acuerdo con Dubai Parks and Resorts","keywords":[],"keyphrases":{"focus":{"keyphrase":"Real Madrid","score":92,"analysis":{"keyphraseInTitle":{"title":"Focus keyphrase in SEO title","description":"Focus keyphrase found in SEO title.","score":9,"maxScore":9,"error":0},"keyphraseInDescription":{"title":"Focus keyphrase in meta description","description":"Focus keyphrase found in meta description.","score":9,"maxScore":9,"error":0},"keyphraseLength":{"title":"Focus keyphrase length","description":"Good job!","score":9,"maxScore":9,"error":0,"length":2},"keyphraseInURL":{"title":"Focus keyphrase in URL","description":"Focus keyphrase not found in the URL.","score":1,"maxScore":5,"error":1},"keyphraseInIntroduction":{"title":"Focus keyphrase in introduction","description":"Your Focus keyphrase appears in the first paragraph. Well done!","score":9,"maxScore":9,"error":0},"keyphraseInSubHeadings":[],"keyphraseInImageAlt":{"title":"Focus keyphrase in image alt attributes","description":"Focus keyphrase found in image alt attribute(s).","score":9,"maxScore":9,"error":0}}},"additional":[{"keyphrase":"Real Madrid","score":100,"analysis":{"keyphraseInDescription":{"title":"Keyphrase in meta description","description":"Keyphrase found in meta description.","score":9,"maxScore":9,"error":0},"keyphraseLength":{"title":"Keyphrase length","description":"Good job!","score":9,"maxScore":9,"error":0,"length":2},"keyphraseInIntroduction":{"title":"Keyphrase in introduction","description":"Your Keyphrase appears in the first paragraph. Well done!","score":9,"maxScore":9,"error":0},"keyphraseInImageAlt":{"title":"Keyphrase in image alt attributes","description":"Keyphrase found in image alt attribute(s).","score":9,"maxScore":9,"error":0}}},{"keyphrase":"parque tem\u00e1tico","score":83,"analysis":{"keyphraseInDescription":{"title":"Keyphrase in meta description","description":"Keyphrase found in meta description.","score":9,"maxScore":9,"error":0},"keyphraseLength":{"title":"Keyphrase length","description":"Good job!","score":9,"maxScore":9,"error":0,"length":2},"keyphraseInIntroduction":{"title":"Keyphrase in introduction","description":"Your Keyphrase appears in the first paragraph. Well done!","score":9,"maxScore":9,"error":0},"keyphraseInImageAlt":{"title":"Keyphrase in image alt attributes","description":"Keyphrase not found in image alt attribute(s). Add an image with your Keyphrase as alt text.","score":3,"maxScore":9,"error":1}}}]},"primary_term":null,"canonical_url":null,"og_title":null,"og_description":null,"og_object_type":"default","og_image_type":"default","og_image_url":null,"og_image_width":null,"og_image_height":null,"og_image_custom_url":null,"og_image_custom_fields":null,"og_video":"","og_custom_url":null,"og_article_section":null,"og_article_tags":[],"twitter_use_og":false,"twitter_card":"default","twitter_image_type":"default","twitter_image_url":null,"twitter_image_custom_url":null,"twitter_image_custom_fields":null,"twitter_title":null,"twitter_description":null,"schema":{"blockGraphs":[],"customGraphs":[],"default":{"data":{"Article":[],"Course":[],"Dataset":[],"FAQPage":[],"Movie":[],"Person":[],"Product":[],"ProductReview":[],"Car":[],"Recipe":[],"Service":[],"SoftwareApplication":[],"WebPage":[]},"graphName":"Article","isEnabled":true},"graphs":[]},"schema_type":"default","schema_type_options":null,"pillar_content":false,"robots_default":true,"robots_noindex":false,"robots_noarchive":false,"robots_nosnippet":false,"robots_nofollow":false,"robots_noimageindex":false,"robots_noodp":false,"robots_notranslate":false,"robots_max_snippet":"-1","robots_max_videopreview":"-1","robots_max_imagepreview":"large","priority":null,"frequency":"default","location":null,"local_seo":null,"seo_analyzer_scan_date":"2025-09-01 15:59:44","breadcrumb_settings":null,"limit_modified_date":false,"reviewed_by":null,"open_ai":null,"ai":null,"created":"2022-11-19 10:41:24","updated":"2025-09-01 15:59:44"},"aioseo_breadcrumb":"<div class=\"aioseo-breadcrumbs\"><span class=\"aioseo-breadcrumb\">\n\t<a href=\"https:\/\/candas365.es\/noticias\" title=\"Home\">Home<\/a>\n<\/span><span class=\"aioseo-breadcrumb-separator\">&ndash;<\/span><span class=\"aioseo-breadcrumb\">\n\t<a href=\"https:\/\/candas365.es\/noticias\/category\/deporte\/\" title=\"Deporte\">Deporte<\/a>\n<\/span><span class=\"aioseo-breadcrumb-separator\">&ndash;<\/span><span class=\"aioseo-breadcrumb\">\n\tEl Real Madrid tendr\u00e1 su propio parque tem\u00e1tico a finales de 2023\n<\/span><\/div>","aioseo_breadcrumb_json":[{"label":"Home","link":"https:\/\/candas365.es\/noticias"},{"label":"Deporte","link":"https:\/\/candas365.es\/noticias\/category\/deporte\/"},{"label":"El Real Madrid tendr\u00e1 su propio parque tem\u00e1tico a finales de 2023","link":"https:\/\/candas365.es\/noticias\/el-real-madrid-tendra-su-propio-parque-tematico-a-finales-de-2023\/"}],"_links":{"self":[{"href":"https:\/\/candas365.es\/noticias\/wp-json\/wp\/v2\/posts\/169127","targetHints":{"allow":["GET"]}}],"collection":[{"href":"https:\/\/candas365.es\/noticias\/wp-json\/wp\/v2\/posts"}],"about":[{"href":"https:\/\/candas365.es\/noticias\/wp-json\/wp\/v2\/types\/post"}],"author":[{"embeddable":true,"href":"https:\/\/candas365.es\/noticias\/wp-json\/wp\/v2\/users\/1"}],"replies":[{"embeddable":true,"href":"https:\/\/candas365.es\/noticias\/wp-json\/wp\/v2\/comments?post=169127"}],"version-history":[{"count":0,"href":"https:\/\/candas365.es\/noticias\/wp-json\/wp\/v2\/posts\/169127\/revisions"}],"wp:featuredmedia":[{"embeddable":true,"href":"https:\/\/candas365.es\/noticias\/wp-json\/wp\/v2\/media\/169128"}],"wp:attachment":[{"href":"https:\/\/candas365.es\/noticias\/wp-json\/wp\/v2\/media?parent=169127"}],"wp:term":[{"taxonomy":"category","embeddable":true,"href":"https:\/\/candas365.es\/noticias\/wp-json\/wp\/v2\/categories?post=169127"},{"taxonomy":"post_tag","embeddable":true,"href":"https:\/\/candas365.es\/noticias\/wp-json\/wp\/v2\/tags?post=169127"}],"curies":[{"name":"wp","href":"https:\/\/api.w.org\/{rel}","templated":true}]}}