{"id":169083,"date":"2022-11-18T17:46:39","date_gmt":"2022-11-18T16:46:39","guid":{"rendered":"https:\/\/candas365.es\/noticias\/?p=169083"},"modified":"2022-11-18T17:46:39","modified_gmt":"2022-11-18T16:46:39","slug":"el-lado-menos-conocido-del-vaticano","status":"publish","type":"post","link":"https:\/\/candas365.es\/noticias\/el-lado-menos-conocido-del-vaticano\/","title":{"rendered":"El lado menos conocido del Vaticano"},"content":{"rendered":"<p>(dpa)\u00a0 &#8211; Cuando los <span style=\"color: #ff6600;\"><a style=\"color: #ff6600;\" href=\"https:\/\/candas365.es\/noticias\/category\/turismo\/\"><strong>turistas<\/strong><\/a><\/span> se abren camino por la<span style=\"color: #000000;\"> <strong>Plaza de San Pedro<\/strong><\/span> quedan envueltos r\u00e1pidamente por las espectaculares fachadas del <span style=\"color: #ff6600;\"><strong><a style=\"color: #ff6600;\" href=\"https:\/\/es.wikipedia.org\/wiki\/Ciudad_del_Vaticano\" target=\"_blank\" rel=\"noopener\">Vaticano<\/a><\/strong><\/span>. A primera vista es un desierto de piedra. Lo que no sabe la mayor\u00eda de los visitantes es que detr\u00e1s de la bas\u00edlica de San Pedro hay una especie de ed\u00e9n en forma de jard\u00edn.<\/p>\n<figure id=\"attachment_169086\" aria-describedby=\"caption-attachment-169086\" style=\"width: 645px\" class=\"wp-caption aligncenter\"><img fetchpriority=\"high\" decoding=\"async\" class=\"wp-image-169086 size-large\" src=\"https:\/\/candas365.es\/noticias\/wp-content\/uploads\/2022\/11\/Vaticano-645x480.jpg\" alt=\"Vaticano\" width=\"645\" height=\"480\" srcset=\"https:\/\/candas365.es\/noticias\/wp-content\/uploads\/2022\/11\/Vaticano-645x480.jpg 645w, https:\/\/candas365.es\/noticias\/wp-content\/uploads\/2022\/11\/Vaticano-360x268.jpg 360w, https:\/\/candas365.es\/noticias\/wp-content\/uploads\/2022\/11\/Vaticano-768x572.jpg 768w, https:\/\/candas365.es\/noticias\/wp-content\/uploads\/2022\/11\/Vaticano-150x112.jpg 150w, https:\/\/candas365.es\/noticias\/wp-content\/uploads\/2022\/11\/Vaticano-450x335.jpg 450w, https:\/\/candas365.es\/noticias\/wp-content\/uploads\/2022\/11\/Vaticano.jpg 897w\" sizes=\"(max-width: 645px) 100vw, 645px\" \/><figcaption id=\"caption-attachment-169086\" class=\"wp-caption-text\">La c\u00fapula de la bas\u00edlica del Vaticano siempre asoma sobre el horizonte de los Jardines del Vaticano. Foto: Christoph Driessen\/dpa<\/figcaption><\/figure>\n<p>La parte trasera del Vaticano es verde. <strong>M\u00e1s de la mitad de las 44 hect\u00e1reas de este Estado en el centro de Roma est\u00e1n ocupadas por la naturaleza<\/strong>. Se trata del misterioso jard\u00edn papal.<\/p>\n<p>Para llegar hasta all\u00ed hace falta registrarse, por lo general con unos cuantos meses de anticipaci\u00f3n, ya que el inter\u00e9s es enorme y la oferta limitada. Esto lo vuelve aun m\u00e1s especial.<\/p>\n<p>A diferencia de lo que sucede en los Museos Vaticanos, all\u00ed las personas no se agolpan por los pasillos y las salas como en la <strong>Capilla Sixtina<\/strong> de camino a los frescos de Miguel \u00c1ngel. <strong>La visita a los Jardines del Vaticano sigue teniendo un aire de exclusividad<\/strong>.<\/p>\n<p>En pocos minutos se pasa del barullo de voces de la por lo general repleta sala de boletos a un mundo completamente distinto, en el que solo se escucha el canto de los grillos. Una colina verde de calma.<strong> Los jardines se extienden por la Colina Vaticana que se encuentra detr\u00e1s de la Bas\u00edlica de San Pedro<\/strong>. Alguna vez, esta colina fue la zona en la que cazaban los papas, que se dedicaban a esta actividad al igual que cualquier pr\u00edncipe.<\/p>\n<blockquote><p>Hoy en d\u00eda no hay siquiera zorros en el Vaticano. Los altos muros que rodean el centro de la Iglesia cat\u00f3lica mundial representan una barrera insuperable.<\/p><\/blockquote>\n<p>Sin embargo, es posible encontrar tortugas acu\u00e1ticas nadando en un estanque de agua cristalina. Y por todas partes se oye el graznido de los loros que han hecho de este lugar su hogar. Pasan volando como proyectiles de color verde brillante y luego desaparecen en las copas de los \u00e1rboles centenarios. El mejor lugar para observarlos es cerca de una fuente. All\u00ed se los puede ver posando junto a peque\u00f1as esculturas de ranas de piedra que escupen agua.<\/p>\n<p>Una gruta artificial, un rosedal, una antigua villa y un bosque encantador con estatuas antiguas de la \u00e9poca romana garantizan que uno no se aburra nunca. <strong>Hacia el lado del T\u00edber se eleva por sobre las copas de las palmeras la poderosa c\u00fapula de la bas\u00edlica de San Pedro. Una vista espectacular.<\/strong><\/p>\n<h2>Posibles encuentros con el sumo pont\u00edfice<\/h2>\n<p>La verdadera atracci\u00f3n es lo que sucede en las mentes de los visitantes: la ilusi\u00f3n de que, en cualquier momento, puede aparecer el papa en persona a la vuelta de alguna esquina. Entre otras cosas porque el papa anterior, <strong>Benedicto XV<\/strong>I, decidi\u00f3 irse a vivir a los Jardines del Vaticano. Desde que renunci\u00f3 al papado en 2013, Joseph Ratzinger pasa sus d\u00edas en el monasterio Mater Ecclesiae, que se encuentra all\u00ed. Se trata de una villa amplia con capilla privada y con una huerta oculta tras un cerco de arbustos tupido y alto.<\/p>\n<p>La gu\u00eda tur\u00edstica Kinga cuenta que uno de sus colegas lo vio hace poco, recorriendo uno de los senderos en una silla de ruedas empujada por un grupo de monjas. \u00abDe inmediato, imparti\u00f3 su bendici\u00f3n a las personas presentes\u00bb, comenta.<\/p>\n<figure id=\"attachment_169084\" aria-describedby=\"caption-attachment-169084\" style=\"width: 650px\" class=\"wp-caption aligncenter\"><img decoding=\"async\" class=\"wp-image-169084 size-large\" src=\"https:\/\/candas365.es\/noticias\/wp-content\/uploads\/2022\/11\/Jardines-del-Vaticano-650x446.jpg\" alt=\"Jardines del Vaticano\" width=\"650\" height=\"446\" srcset=\"https:\/\/candas365.es\/noticias\/wp-content\/uploads\/2022\/11\/Jardines-del-Vaticano-650x446.jpg 650w, https:\/\/candas365.es\/noticias\/wp-content\/uploads\/2022\/11\/Jardines-del-Vaticano-360x247.jpg 360w, https:\/\/candas365.es\/noticias\/wp-content\/uploads\/2022\/11\/Jardines-del-Vaticano-768x526.jpg 768w, https:\/\/candas365.es\/noticias\/wp-content\/uploads\/2022\/11\/Jardines-del-Vaticano-150x103.jpg 150w, https:\/\/candas365.es\/noticias\/wp-content\/uploads\/2022\/11\/Jardines-del-Vaticano-450x308.jpg 450w, https:\/\/candas365.es\/noticias\/wp-content\/uploads\/2022\/11\/Jardines-del-Vaticano.jpg 906w\" sizes=\"(max-width: 650px) 100vw, 650px\" \/><figcaption id=\"caption-attachment-169084\" class=\"wp-caption-text\">Los Jardines del Vaticano ofrecen un remanso de tranquilidad. Foto: Christoph Driessen\/dpa<\/figcaption><\/figure>\n<p>Los jardines tambi\u00e9n son atractivos, entre otras cosas, porque permiten echar un que otro vistazo tras las bambalinas de este peque\u00f1o Estado, como los contenedores de basura que se alinean en el patio interno. Vista desde aqu\u00ed, la Capilla Sixtina, donde se re\u00fanen todos los cardenales para elegir a un nuevo l\u00edder de la Iglesia cat\u00f3lica tras la muerte de un papa, parece un viejo edificio fabril. Desde afuera, este famoso edificio se ve como una construcci\u00f3n de lo m\u00e1s com\u00fan.<\/p>\n<h2>La fortaleza que protegi\u00f3 a un papa<\/h2>\n<p>La visita contin\u00faa hasta el Castillo de Sant&#8217;Angelo, la tradicional fortaleza en la que pod\u00edan refugiarse los papas en caso de peligro. As\u00ed fue como se salv\u00f3 el papa Clemente VII en 1527, quien lleg\u00f3 hasta el castillo, considerado inexpugnable, huyendo a trav\u00e9s del pasaje Passetto di Borgo, que a\u00fan existe.<\/p>\n<p>En ese momento, Roma fue asaltada por un ej\u00e9rcito de mercenarios. Dos tercios de la Guardia Suiza perecieron al enfrentarse con valent\u00eda a unos atacantes muy superiores en fuerzas.<\/p>\n<p>El \u00abSacco di Roma\u00bb, el saqueo de Roma, fue uno de los acontecimientos m\u00e1s traum\u00e1ticos en la historia de la Ciudad Eterna. <strong>La Guardia Suiza recuerda hasta el d\u00eda de hoy a los 147 fallecidos con una ceremonia que se realiza todos los a\u00f1os el 6 de mayo.<\/strong><\/p>\n<p>Clemente resisti\u00f3 en la fortaleza siete meses, de lo que dan cuenta una letrina y una ba\u00f1era que siguen all\u00ed. Luego capitul\u00f3 y se convirti\u00f3 en prisionero del emperador Carlos V, que se consideraba un cat\u00f3lico fiel.<\/p>\n<p><strong>El Castillo de Sant&#8217;Angelo cuenta con una plataforma que brinda una vista inigualable sobre el Vaticano<\/strong> y, un piso m\u00e1s abajo, un caf\u00e9 m\u00e1gico con mesas al aire libre desde las cuales tambi\u00e9n es posible tener una vista espectacular.<\/p>\n<figure id=\"attachment_169085\" aria-describedby=\"caption-attachment-169085\" style=\"width: 650px\" class=\"wp-caption aligncenter\"><img decoding=\"async\" class=\"wp-image-169085 size-large\" src=\"https:\/\/candas365.es\/noticias\/wp-content\/uploads\/2022\/11\/Castel-SantAngelo-650x463.jpg\" alt=\"Castel Sant'Angelo\" width=\"650\" height=\"463\" srcset=\"https:\/\/candas365.es\/noticias\/wp-content\/uploads\/2022\/11\/Castel-SantAngelo-650x463.jpg 650w, https:\/\/candas365.es\/noticias\/wp-content\/uploads\/2022\/11\/Castel-SantAngelo-360x257.jpg 360w, https:\/\/candas365.es\/noticias\/wp-content\/uploads\/2022\/11\/Castel-SantAngelo-768x547.jpg 768w, https:\/\/candas365.es\/noticias\/wp-content\/uploads\/2022\/11\/Castel-SantAngelo-150x107.jpg 150w, https:\/\/candas365.es\/noticias\/wp-content\/uploads\/2022\/11\/Castel-SantAngelo-450x321.jpg 450w, https:\/\/candas365.es\/noticias\/wp-content\/uploads\/2022\/11\/Castel-SantAngelo.jpg 898w\" sizes=\"(max-width: 650px) 100vw, 650px\" \/><figcaption id=\"caption-attachment-169085\" class=\"wp-caption-text\">Vista sobre el Vaticano desde el Castel Sant&#8217;Angelo. Foto: Christoph Driessen\/dpa<\/figcaption><\/figure>\n<p>Otro buen punto para tener una vista panor\u00e1mica del Vaticano es la terraza sobre el techo del hotel Atlante Star. All\u00ed tambi\u00e9n corre una brisa refrescante, algo muy bienvenido en el caluroso verano.<\/p>\n<p>En el camino hacia all\u00ed se puede pasar por la Piazza della Citt\u00e0 Leonina: en la casa n\u00famero 1 vivi\u00f3 de 1982 hasta su elecci\u00f3n como papa en 2005 el cardenal Joseph Ratzinger, quien en ese entonces velaba por la pureza de la doctrina cat\u00f3lica como prefecto de la Congregaci\u00f3n para la Doctrina de la Fe.<\/p>\n<p>La vivienda, de 300 metros cuadrados, cuenta con una capilla propia. Todas las ma\u00f1anas sal\u00eda de all\u00ed, con su boina y un malet\u00edn negro desgastado, cruzaba la plaza de San Pedro y llegaba a su lugar de trabajo en la Prefectura, e<strong>n un imponente palacio en la Piazza del Sant&#8217;Uffizio.<\/strong><\/p>\n<h2>Una trappazini para seguir camino<\/h2>\n<p>Un lugar ideal para hacer una parada y recuperar fuerzas es el caf\u00e9-restaurante Il Sorpasso en la Via Properzio, al que se puede llegar en pocos minutos a pie desde el Vaticano. As\u00ed y todo, est\u00e1 lo suficientemente lejos del Vaticano como para escapar de las masas y mezclarse entre los locales. La especialidad de la casa es una especie de pizza doblada a la mitad llena de verduras llamada trappazini.<\/p>\n<p>\u00bfY luego? Solo queda cruzar el puente sobre el T\u00edber y perderse por las calles de Roma, que tiene a\u00fan m\u00e1s que ofrecer que la presencia del Estado m\u00e1s peque\u00f1o del mundo.<\/p>\n<h2>Informaci\u00f3n: siguiendo el rastro de los papas<\/h2>\n<p>Jardines del Vaticano: un ticket cuesta 17 euros o 16,60 d\u00f3lares (a precio reducido 8 euros), a lo que se a\u00f1ade el coste de los auriculares y el gu\u00eda. Hay que reservar primero en la p\u00e1gina de los Museos Vaticanos: www.museivaticani.va<\/p>\n<p>Castillo de Sant&#8217;Angelo: abre todos los d\u00edas de 9:00 a 19:30 horas. Para evitar largas filas conviene reservar antes las entradas online. Un ticket cuesta 17,50 euros. P\u00e1gina web: www.castel-sant-angelo-ticket.com\/<\/p>\n<p>Informaciones: Central Intaliana de Turismo (www.italia.it\/en)<\/p>\n<p><i class=\"lang-es\"><span class=\" readonly\" title=\"\">Por Christoph Driessen (dpa)<\/span><\/i><\/p>\n","protected":false},"excerpt":{"rendered":"<p>(dpa)\u00a0 &#8211; Cuando los turistas se abren camino por la Plaza de San Pedro quedan envueltos r\u00e1pidamente por las espectaculares fachadas del Vaticano. A primera vista es un desierto de piedra. Lo que no sabe la mayor\u00eda de los visitantes es que detr\u00e1s de la bas\u00edlica de San Pedro hay una especie de ed\u00e9n en<\/p>\n","protected":false},"author":1,"featured_media":169086,"comment_status":"closed","ping_status":"closed","sticky":false,"template":"","format":"standard","meta":{"footnotes":""},"categories":[359],"tags":[439,412,411],"class_list":{"0":"post-169083","1":"post","2":"type-post","3":"status-publish","4":"format-standard","5":"has-post-thumbnail","7":"category-turismo","8":"tag-religion","9":"tag-turismo","10":"tag-viajes"},"aioseo_notices":[],"aioseo_head":"\n\t\t<!-- All in One SEO Pro 4.9.6.2 - aioseo.com -->\n\t<meta name=\"description\" content=\"(dpa) - Cuando los turistas se abren camino por la Plaza de San Pedro quedan envueltos r\u00e1pidamente por las espectaculares fachadas del Vaticano\" \/>\n\t<meta name=\"robots\" content=\"max-image-preview:large\" \/>\n\t<meta name=\"author\" content=\"Cand\u00e1s 365\"\/>\n\t<meta name=\"google-site-verification\" content=\"UA-32230408-1\" \/>\n\t<meta name=\"msvalidate.01\" content=\"354F3CDFB2DA171B47FBE9ABF1F88D5\" \/>\n\t<meta name=\"keywords\" content=\"turismo\" \/>\n\t<link rel=\"canonical\" href=\"https:\/\/candas365.es\/noticias\/el-lado-menos-conocido-del-vaticano\/\" \/>\n\t<meta name=\"generator\" content=\"All in One SEO Pro (AIOSEO) 4.9.6.2\" \/>\n\t\t<meta property=\"og:locale\" content=\"es_ES\" \/>\n\t\t<meta property=\"og:site_name\" content=\"Cand\u00e1s 365\" \/>\n\t\t<meta property=\"og:type\" content=\"article\" \/>\n\t\t<meta property=\"og:title\" content=\"El lado menos conocido del Vaticano | Cand\u00e1s 365\" \/>\n\t\t<meta property=\"og:description\" content=\"(dpa) - Cuando los turistas se abren camino por la Plaza de San Pedro quedan envueltos r\u00e1pidamente por las espectaculares fachadas del Vaticano\" \/>\n\t\t<meta property=\"og:url\" content=\"https:\/\/candas365.es\/noticias\/el-lado-menos-conocido-del-vaticano\/\" \/>\n\t\t<meta property=\"og:image\" content=\"https:\/\/candas365.es\/noticias\/wp-content\/uploads\/2022\/11\/Vaticano.jpg\" \/>\n\t\t<meta property=\"og:image:secure_url\" content=\"https:\/\/candas365.es\/noticias\/wp-content\/uploads\/2022\/11\/Vaticano.jpg\" \/>\n\t\t<meta property=\"og:image:width\" content=\"897\" \/>\n\t\t<meta property=\"og:image:height\" content=\"668\" \/>\n\t\t<meta property=\"article:published_time\" content=\"2022-11-18T16:46:39+00:00\" \/>\n\t\t<meta property=\"article:modified_time\" content=\"2022-11-18T16:46:39+00:00\" \/>\n\t\t<meta property=\"article:publisher\" content=\"https:\/\/www.facebook.com\/Nachofdezber\" \/>\n\t\t<meta property=\"article:author\" content=\"https:\/\/www.facebook.com\/carrenoactualidad\" \/>\n\t\t<meta name=\"twitter:card\" content=\"summary_large_image\" \/>\n\t\t<meta name=\"twitter:site\" content=\"@NabercoDigital\" \/>\n\t\t<meta name=\"twitter:title\" content=\"El lado menos conocido del Vaticano | Cand\u00e1s 365\" \/>\n\t\t<meta name=\"twitter:description\" content=\"(dpa) - Cuando los turistas se abren camino por la Plaza de San Pedro quedan envueltos r\u00e1pidamente por las espectaculares fachadas del Vaticano\" \/>\n\t\t<meta name=\"twitter:creator\" content=\"@nbasturias\" \/>\n\t\t<meta name=\"twitter:image\" content=\"https:\/\/candas365.es\/noticias\/wp-content\/uploads\/2022\/11\/Vaticano.jpg\" \/>\n\t\t<meta name=\"twitter:label1\" content=\"Escrito por\" \/>\n\t\t<meta name=\"twitter:data1\" content=\"Cand\u00e1s 365\" \/>\n\t\t<meta name=\"twitter:label2\" content=\"Tiempo de lectura estimado\" \/>\n\t\t<meta name=\"twitter:data2\" content=\"7 minutos\" \/>\n\t\t<script type=\"application\/ld+json\" class=\"aioseo-schema\">\n\t\t\t{\"@context\":\"https:\\\/\\\/schema.org\",\"@graph\":[{\"@type\":\"BreadcrumbList\",\"@id\":\"https:\\\/\\\/candas365.es\\\/noticias\\\/el-lado-menos-conocido-del-vaticano\\\/#breadcrumblist\",\"itemListElement\":[{\"@type\":\"ListItem\",\"@id\":\"https:\\\/\\\/candas365.es\\\/noticias#listItem\",\"position\":1,\"name\":\"Home\",\"item\":\"https:\\\/\\\/candas365.es\\\/noticias\",\"nextItem\":{\"@type\":\"ListItem\",\"@id\":\"https:\\\/\\\/candas365.es\\\/noticias\\\/category\\\/turismo\\\/#listItem\",\"name\":\"Turismo\"}},{\"@type\":\"ListItem\",\"@id\":\"https:\\\/\\\/candas365.es\\\/noticias\\\/category\\\/turismo\\\/#listItem\",\"position\":2,\"name\":\"Turismo\",\"item\":\"https:\\\/\\\/candas365.es\\\/noticias\\\/category\\\/turismo\\\/\",\"nextItem\":{\"@type\":\"ListItem\",\"@id\":\"https:\\\/\\\/candas365.es\\\/noticias\\\/el-lado-menos-conocido-del-vaticano\\\/#listItem\",\"name\":\"El lado menos conocido del Vaticano\"},\"previousItem\":{\"@type\":\"ListItem\",\"@id\":\"https:\\\/\\\/candas365.es\\\/noticias#listItem\",\"name\":\"Home\"}},{\"@type\":\"ListItem\",\"@id\":\"https:\\\/\\\/candas365.es\\\/noticias\\\/el-lado-menos-conocido-del-vaticano\\\/#listItem\",\"position\":3,\"name\":\"El lado menos conocido del Vaticano\",\"previousItem\":{\"@type\":\"ListItem\",\"@id\":\"https:\\\/\\\/candas365.es\\\/noticias\\\/category\\\/turismo\\\/#listItem\",\"name\":\"Turismo\"}}]},{\"@type\":\"NewsArticle\",\"@id\":\"https:\\\/\\\/candas365.es\\\/noticias\\\/el-lado-menos-conocido-del-vaticano\\\/#newsarticle\",\"name\":\"El lado menos conocido del Vaticano | Cand\\u00e1s 365\",\"headline\":\"El lado menos conocido del Vaticano\",\"author\":{\"@id\":\"https:\\\/\\\/candas365.es\\\/noticias\\\/author\\\/admin\\\/#author\"},\"publisher\":{\"@id\":\"https:\\\/\\\/candas365.es\\\/noticias\\\/#organization\"},\"image\":{\"@type\":\"ImageObject\",\"url\":\"https:\\\/\\\/candas365.es\\\/noticias\\\/wp-content\\\/uploads\\\/2022\\\/11\\\/Vaticano.jpg\",\"width\":897,\"height\":668,\"caption\":\"La c\\u00fapula de la bas\\u00edlica del Vaticano siempre asoma sobre el horizonte de los Jardines del Vaticano. Foto: Christoph Driessen\\\/dpa\"},\"datePublished\":\"2022-11-18T17:46:39+01:00\",\"dateModified\":\"2022-11-18T17:46:39+01:00\",\"inLanguage\":\"es-ES\",\"mainEntityOfPage\":{\"@id\":\"https:\\\/\\\/candas365.es\\\/noticias\\\/el-lado-menos-conocido-del-vaticano\\\/#webpage\"},\"isPartOf\":{\"@id\":\"https:\\\/\\\/candas365.es\\\/noticias\\\/el-lado-menos-conocido-del-vaticano\\\/#webpage\"},\"articleSection\":\"Turismo, Religi\\u00f3n, turismo, viajes\",\"dateline\":\"Publicado el noviembre 18, 2022.\"},{\"@type\":\"Organization\",\"@id\":\"https:\\\/\\\/candas365.es\\\/noticias\\\/#organization\",\"name\":\"Cand\\u00e1s 365\",\"description\":\"Cand\\u00e1s 365 es un diario digital independiente, fundado en 2012, con base en Asturias. Informamos con rigor sobre actualidad, sociedad, cultura y ocio, con una mirada local y global.\",\"url\":\"https:\\\/\\\/candas365.es\\\/noticias\\\/\",\"email\":\"info@candas365.es\",\"telephone\":\"+34652131393\",\"foundingDate\":\"2012-06-10\",\"logo\":{\"@type\":\"ImageObject\",\"url\":\"https:\\\/\\\/candas365.es\\\/noticias\\\/wp-content\\\/uploads\\\/2024\\\/09\\\/Candas-365-Redes.jpg\",\"@id\":\"https:\\\/\\\/candas365.es\\\/noticias\\\/el-lado-menos-conocido-del-vaticano\\\/#organizationLogo\",\"width\":1152,\"height\":864,\"caption\":\"Cand\\u00e1s 365 Redes\"},\"image\":{\"@id\":\"https:\\\/\\\/candas365.es\\\/noticias\\\/el-lado-menos-conocido-del-vaticano\\\/#organizationLogo\"},\"sameAs\":[\"https:\\\/\\\/www.facebook.com\\\/Nachofdezber\",\"https:\\\/\\\/x.com\\\/NabercoDigital\",\"https:\\\/\\\/www.instagram.com\\\/nachofdezber\\\/\",\"https:\\\/\\\/www.youtube.com\\\/channel\\\/UCZP-2wLEB9Rv6erhFmqVnvg\"],\"address\":{\"@id\":\"https:\\\/\\\/candas365.es\\\/noticias\\\/#postaladdress\",\"@type\":\"PostalAddress\",\"streetAddress\":\"san antonio 4, san antonio 4\",\"postalCode\":\"33430\",\"addressLocality\":\"Cand\\u00e1s\",\"addressRegion\":\"Asturias\",\"addressCountry\":\"ES\"}},{\"@type\":\"Person\",\"@id\":\"https:\\\/\\\/candas365.es\\\/noticias\\\/author\\\/admin\\\/#author\",\"url\":\"https:\\\/\\\/candas365.es\\\/noticias\\\/author\\\/admin\\\/\",\"name\":\"Cand\\u00e1s 365\",\"image\":{\"@type\":\"ImageObject\",\"@id\":\"https:\\\/\\\/candas365.es\\\/noticias\\\/el-lado-menos-conocido-del-vaticano\\\/#authorImage\",\"url\":\"https:\\\/\\\/secure.gravatar.com\\\/avatar\\\/496a8e03d0c493ede1718b7934145dbdf8d89be1036b0eec9544e1094c9de390?s=96&d=mm&r=g\",\"width\":96,\"height\":96,\"caption\":\"Cand\\u00e1s 365\"},\"sameAs\":[\"https:\\\/\\\/www.facebook.com\\\/carrenoactualidad\",\"https:\\\/\\\/twitter.com\\\/nbasturias\",\"https:\\\/\\\/www.instagram.com\\\/nachofdezber\\\/\",\"https:\\\/\\\/www.youtube.com\\\/channel\\\/UCZP-2wLEB9Rv6erhFmqVnvg\"]},{\"@type\":\"WebPage\",\"@id\":\"https:\\\/\\\/candas365.es\\\/noticias\\\/el-lado-menos-conocido-del-vaticano\\\/#webpage\",\"url\":\"https:\\\/\\\/candas365.es\\\/noticias\\\/el-lado-menos-conocido-del-vaticano\\\/\",\"name\":\"El lado menos conocido del Vaticano | Cand\\u00e1s 365\",\"description\":\"(dpa) - Cuando los turistas se abren camino por la Plaza de San Pedro quedan envueltos r\\u00e1pidamente por las espectaculares fachadas del Vaticano\",\"inLanguage\":\"es-ES\",\"isPartOf\":{\"@id\":\"https:\\\/\\\/candas365.es\\\/noticias\\\/#website\"},\"breadcrumb\":{\"@id\":\"https:\\\/\\\/candas365.es\\\/noticias\\\/el-lado-menos-conocido-del-vaticano\\\/#breadcrumblist\"},\"author\":{\"@id\":\"https:\\\/\\\/candas365.es\\\/noticias\\\/author\\\/admin\\\/#author\"},\"creator\":{\"@id\":\"https:\\\/\\\/candas365.es\\\/noticias\\\/author\\\/admin\\\/#author\"},\"image\":{\"@type\":\"ImageObject\",\"url\":\"https:\\\/\\\/candas365.es\\\/noticias\\\/wp-content\\\/uploads\\\/2022\\\/11\\\/Vaticano.jpg\",\"@id\":\"https:\\\/\\\/candas365.es\\\/noticias\\\/el-lado-menos-conocido-del-vaticano\\\/#mainImage\",\"width\":897,\"height\":668,\"caption\":\"La c\\u00fapula de la bas\\u00edlica del Vaticano siempre asoma sobre el horizonte de los Jardines del Vaticano. Foto: Christoph Driessen\\\/dpa\"},\"primaryImageOfPage\":{\"@id\":\"https:\\\/\\\/candas365.es\\\/noticias\\\/el-lado-menos-conocido-del-vaticano\\\/#mainImage\"},\"datePublished\":\"2022-11-18T17:46:39+01:00\",\"dateModified\":\"2022-11-18T17:46:39+01:00\"},{\"@type\":\"WebSite\",\"@id\":\"https:\\\/\\\/candas365.es\\\/noticias\\\/#website\",\"url\":\"https:\\\/\\\/candas365.es\\\/noticias\\\/\",\"name\":\"Cand\\u00e1s 365\",\"alternateName\":\"Cand\\u00e1s 365 Noticias\",\"description\":\"Actualidad desde Carre\\u00f1o para el mundo\",\"inLanguage\":\"es-ES\",\"publisher\":{\"@id\":\"https:\\\/\\\/candas365.es\\\/noticias\\\/#organization\"}}]}\n\t\t<\/script>\n\t\t<!-- All in One SEO Pro -->\r\n\t\t<title>El lado menos conocido del Vaticano | Cand\u00e1s 365<\/title>\n\n","aioseo_head_json":{"title":"El lado menos conocido del Vaticano | Cand\u00e1s 365","description":"(dpa) - Cuando los turistas se abren camino por la Plaza de San Pedro quedan envueltos r\u00e1pidamente por las espectaculares fachadas del Vaticano","canonical_url":"https:\/\/candas365.es\/noticias\/el-lado-menos-conocido-del-vaticano\/","robots":"max-image-preview:large","keywords":"turismo","webmasterTools":{"google-site-verification":"UA-32230408-1","msvalidate.01":"354F3CDFB2DA171B47FBE9ABF1F88D5","miscellaneous":""},"schema":{"@context":"https:\/\/schema.org","@graph":[{"@type":"BreadcrumbList","@id":"https:\/\/candas365.es\/noticias\/el-lado-menos-conocido-del-vaticano\/#breadcrumblist","itemListElement":[{"@type":"ListItem","@id":"https:\/\/candas365.es\/noticias#listItem","position":1,"name":"Home","item":"https:\/\/candas365.es\/noticias","nextItem":{"@type":"ListItem","@id":"https:\/\/candas365.es\/noticias\/category\/turismo\/#listItem","name":"Turismo"}},{"@type":"ListItem","@id":"https:\/\/candas365.es\/noticias\/category\/turismo\/#listItem","position":2,"name":"Turismo","item":"https:\/\/candas365.es\/noticias\/category\/turismo\/","nextItem":{"@type":"ListItem","@id":"https:\/\/candas365.es\/noticias\/el-lado-menos-conocido-del-vaticano\/#listItem","name":"El lado menos conocido del Vaticano"},"previousItem":{"@type":"ListItem","@id":"https:\/\/candas365.es\/noticias#listItem","name":"Home"}},{"@type":"ListItem","@id":"https:\/\/candas365.es\/noticias\/el-lado-menos-conocido-del-vaticano\/#listItem","position":3,"name":"El lado menos conocido del Vaticano","previousItem":{"@type":"ListItem","@id":"https:\/\/candas365.es\/noticias\/category\/turismo\/#listItem","name":"Turismo"}}]},{"@type":"NewsArticle","@id":"https:\/\/candas365.es\/noticias\/el-lado-menos-conocido-del-vaticano\/#newsarticle","name":"El lado menos conocido del Vaticano | Cand\u00e1s 365","headline":"El lado menos conocido del Vaticano","author":{"@id":"https:\/\/candas365.es\/noticias\/author\/admin\/#author"},"publisher":{"@id":"https:\/\/candas365.es\/noticias\/#organization"},"image":{"@type":"ImageObject","url":"https:\/\/candas365.es\/noticias\/wp-content\/uploads\/2022\/11\/Vaticano.jpg","width":897,"height":668,"caption":"La c\u00fapula de la bas\u00edlica del Vaticano siempre asoma sobre el horizonte de los Jardines del Vaticano. Foto: Christoph Driessen\/dpa"},"datePublished":"2022-11-18T17:46:39+01:00","dateModified":"2022-11-18T17:46:39+01:00","inLanguage":"es-ES","mainEntityOfPage":{"@id":"https:\/\/candas365.es\/noticias\/el-lado-menos-conocido-del-vaticano\/#webpage"},"isPartOf":{"@id":"https:\/\/candas365.es\/noticias\/el-lado-menos-conocido-del-vaticano\/#webpage"},"articleSection":"Turismo, Religi\u00f3n, turismo, viajes","dateline":"Publicado el noviembre 18, 2022."},{"@type":"Organization","@id":"https:\/\/candas365.es\/noticias\/#organization","name":"Cand\u00e1s 365","description":"Cand\u00e1s 365 es un diario digital independiente, fundado en 2012, con base en Asturias. Informamos con rigor sobre actualidad, sociedad, cultura y ocio, con una mirada local y global.","url":"https:\/\/candas365.es\/noticias\/","email":"info@candas365.es","telephone":"+34652131393","foundingDate":"2012-06-10","logo":{"@type":"ImageObject","url":"https:\/\/candas365.es\/noticias\/wp-content\/uploads\/2024\/09\/Candas-365-Redes.jpg","@id":"https:\/\/candas365.es\/noticias\/el-lado-menos-conocido-del-vaticano\/#organizationLogo","width":1152,"height":864,"caption":"Cand\u00e1s 365 Redes"},"image":{"@id":"https:\/\/candas365.es\/noticias\/el-lado-menos-conocido-del-vaticano\/#organizationLogo"},"sameAs":["https:\/\/www.facebook.com\/Nachofdezber","https:\/\/x.com\/NabercoDigital","https:\/\/www.instagram.com\/nachofdezber\/","https:\/\/www.youtube.com\/channel\/UCZP-2wLEB9Rv6erhFmqVnvg"],"address":{"@id":"https:\/\/candas365.es\/noticias\/#postaladdress","@type":"PostalAddress","streetAddress":"san antonio 4, san antonio 4","postalCode":"33430","addressLocality":"Cand\u00e1s","addressRegion":"Asturias","addressCountry":"ES"}},{"@type":"Person","@id":"https:\/\/candas365.es\/noticias\/author\/admin\/#author","url":"https:\/\/candas365.es\/noticias\/author\/admin\/","name":"Cand\u00e1s 365","image":{"@type":"ImageObject","@id":"https:\/\/candas365.es\/noticias\/el-lado-menos-conocido-del-vaticano\/#authorImage","url":"https:\/\/secure.gravatar.com\/avatar\/496a8e03d0c493ede1718b7934145dbdf8d89be1036b0eec9544e1094c9de390?s=96&d=mm&r=g","width":96,"height":96,"caption":"Cand\u00e1s 365"},"sameAs":["https:\/\/www.facebook.com\/carrenoactualidad","https:\/\/twitter.com\/nbasturias","https:\/\/www.instagram.com\/nachofdezber\/","https:\/\/www.youtube.com\/channel\/UCZP-2wLEB9Rv6erhFmqVnvg"]},{"@type":"WebPage","@id":"https:\/\/candas365.es\/noticias\/el-lado-menos-conocido-del-vaticano\/#webpage","url":"https:\/\/candas365.es\/noticias\/el-lado-menos-conocido-del-vaticano\/","name":"El lado menos conocido del Vaticano | Cand\u00e1s 365","description":"(dpa) - Cuando los turistas se abren camino por la Plaza de San Pedro quedan envueltos r\u00e1pidamente por las espectaculares fachadas del Vaticano","inLanguage":"es-ES","isPartOf":{"@id":"https:\/\/candas365.es\/noticias\/#website"},"breadcrumb":{"@id":"https:\/\/candas365.es\/noticias\/el-lado-menos-conocido-del-vaticano\/#breadcrumblist"},"author":{"@id":"https:\/\/candas365.es\/noticias\/author\/admin\/#author"},"creator":{"@id":"https:\/\/candas365.es\/noticias\/author\/admin\/#author"},"image":{"@type":"ImageObject","url":"https:\/\/candas365.es\/noticias\/wp-content\/uploads\/2022\/11\/Vaticano.jpg","@id":"https:\/\/candas365.es\/noticias\/el-lado-menos-conocido-del-vaticano\/#mainImage","width":897,"height":668,"caption":"La c\u00fapula de la bas\u00edlica del Vaticano siempre asoma sobre el horizonte de los Jardines del Vaticano. Foto: Christoph Driessen\/dpa"},"primaryImageOfPage":{"@id":"https:\/\/candas365.es\/noticias\/el-lado-menos-conocido-del-vaticano\/#mainImage"},"datePublished":"2022-11-18T17:46:39+01:00","dateModified":"2022-11-18T17:46:39+01:00"},{"@type":"WebSite","@id":"https:\/\/candas365.es\/noticias\/#website","url":"https:\/\/candas365.es\/noticias\/","name":"Cand\u00e1s 365","alternateName":"Cand\u00e1s 365 Noticias","description":"Actualidad desde Carre\u00f1o para el mundo","inLanguage":"es-ES","publisher":{"@id":"https:\/\/candas365.es\/noticias\/#organization"}}]},"og:locale":"es_ES","og:site_name":"Cand\u00e1s 365","og:type":"article","og:title":"El lado menos conocido del Vaticano | Cand\u00e1s 365","og:description":"(dpa) - Cuando los turistas se abren camino por la Plaza de San Pedro quedan envueltos r\u00e1pidamente por las espectaculares fachadas del Vaticano","og:url":"https:\/\/candas365.es\/noticias\/el-lado-menos-conocido-del-vaticano\/","og:image":"https:\/\/candas365.es\/noticias\/wp-content\/uploads\/2022\/11\/Vaticano.jpg","og:image:secure_url":"https:\/\/candas365.es\/noticias\/wp-content\/uploads\/2022\/11\/Vaticano.jpg","og:image:width":897,"og:image:height":668,"article:published_time":"2022-11-18T16:46:39+00:00","article:modified_time":"2022-11-18T16:46:39+00:00","article:publisher":"https:\/\/www.facebook.com\/Nachofdezber","article:author":"https:\/\/www.facebook.com\/carrenoactualidad","twitter:card":"summary_large_image","twitter:site":"@NabercoDigital","twitter:title":"El lado menos conocido del Vaticano | Cand\u00e1s 365","twitter:description":"(dpa) - Cuando los turistas se abren camino por la Plaza de San Pedro quedan envueltos r\u00e1pidamente por las espectaculares fachadas del Vaticano","twitter:creator":"@nbasturias","twitter:image":"https:\/\/candas365.es\/noticias\/wp-content\/uploads\/2022\/11\/Vaticano.jpg","twitter:label1":"Escrito por","twitter:data1":"Cand\u00e1s 365","twitter:label2":"Tiempo de lectura estimado","twitter:data2":"7 minutos"},"aioseo_meta_data":{"post_id":"169083","title":null,"description":"(dpa) - Cuando los turistas se abren camino por la Plaza de San Pedro quedan envueltos r\u00e1pidamente por las espectaculares fachadas del Vaticano","keywords":[],"keyphrases":{"focus":{"keyphrase":"Vaticano","score":83,"analysis":{"keyphraseInTitle":{"title":"Focus keyphrase in SEO title","description":"Focus keyphrase found in SEO title.","score":9,"maxScore":9,"error":0},"keyphraseInDescription":{"title":"Focus keyphrase in meta description","description":"Focus keyphrase found in meta description.","score":9,"maxScore":9,"error":0},"keyphraseLength":{"title":"Focus keyphrase length","description":"Good job!","score":9,"maxScore":9,"error":0,"length":1},"keyphraseInURL":{"title":"Focus keyphrase in URL","description":"Focus keyphrase not found in the URL.","score":1,"maxScore":5,"error":1},"keyphraseInIntroduction":{"title":"Focus keyphrase in introduction","description":"Your Focus keyphrase appears in the first paragraph. Well done!","score":9,"maxScore":9,"error":0},"keyphraseInSubHeadings":{"title":"Focus keyphrase in Subheadings","description":"Use your focus keyphrase more in your H2 and H3 subheadings.","score":3,"maxScore":9,"error":1},"keyphraseInImageAlt":{"title":"Focus keyphrase in image alt attributes","description":"Focus keyphrase found in image alt attribute(s).","score":9,"maxScore":9,"error":0}}},"additional":[{"keyphrase":"Plaza de San Pedro ","score":83,"analysis":{"keyphraseInDescription":{"title":"Keyphrase in meta description","description":"Keyphrase found in meta description.","score":9,"maxScore":9,"error":0},"keyphraseLength":{"title":"Keyphrase length","description":"Good job!","score":9,"maxScore":9,"error":0,"length":4},"keyphraseInIntroduction":{"title":"Keyphrase in introduction","description":"Your Keyphrase appears in the first paragraph. Well done!","score":9,"maxScore":9,"error":0},"keyphraseInImageAlt":{"title":"Keyphrase in image alt attributes","description":"Keyphrase not found in image alt attribute(s). Add an image with your Keyphrase as alt text.","score":3,"maxScore":9,"error":1}}},{"keyphrase":"turistas","score":83,"analysis":{"keyphraseInDescription":{"title":"Keyphrase in meta description","description":"Keyphrase found in meta description.","score":9,"maxScore":9,"error":0},"keyphraseLength":{"title":"Keyphrase length","description":"Good job!","score":9,"maxScore":9,"error":0,"length":1},"keyphraseInIntroduction":{"title":"Keyphrase in introduction","description":"Your Keyphrase appears in the first paragraph. Well done!","score":9,"maxScore":9,"error":0},"keyphraseInImageAlt":{"title":"Keyphrase in image alt attributes","description":"Keyphrase not found in image alt attribute(s). Add an image with your Keyphrase as alt text.","score":3,"maxScore":9,"error":1}}},{"keyphrase":"Vaticano","score":100,"analysis":{"keyphraseInDescription":{"title":"Keyphrase in meta description","description":"Keyphrase found in meta description.","score":9,"maxScore":9,"error":0},"keyphraseLength":{"title":"Keyphrase length","description":"Good job!","score":9,"maxScore":9,"error":0,"length":1},"keyphraseInIntroduction":{"title":"Keyphrase in introduction","description":"Your Keyphrase appears in the first paragraph. Well done!","score":9,"maxScore":9,"error":0},"keyphraseInImageAlt":{"title":"Keyphrase in image alt attributes","description":"Keyphrase found in image alt attribute(s).","score":9,"maxScore":9,"error":0}}}]},"primary_term":null,"canonical_url":null,"og_title":null,"og_description":null,"og_object_type":"default","og_image_type":"default","og_image_url":null,"og_image_width":null,"og_image_height":null,"og_image_custom_url":null,"og_image_custom_fields":null,"og_video":"","og_custom_url":null,"og_article_section":null,"og_article_tags":[],"twitter_use_og":false,"twitter_card":"default","twitter_image_type":"default","twitter_image_url":null,"twitter_image_custom_url":null,"twitter_image_custom_fields":null,"twitter_title":null,"twitter_description":null,"schema":{"blockGraphs":[],"customGraphs":[],"default":{"data":{"Article":[],"Course":[],"Dataset":[],"FAQPage":[],"Movie":[],"Person":[],"Product":[],"ProductReview":[],"Car":[],"Recipe":[],"Service":[],"SoftwareApplication":[],"WebPage":[]},"graphName":"Article","isEnabled":true},"graphs":[]},"schema_type":"default","schema_type_options":null,"pillar_content":false,"robots_default":true,"robots_noindex":false,"robots_noarchive":false,"robots_nosnippet":false,"robots_nofollow":false,"robots_noimageindex":false,"robots_noodp":false,"robots_notranslate":false,"robots_max_snippet":"-1","robots_max_videopreview":"-1","robots_max_imagepreview":"large","priority":null,"frequency":"default","location":null,"local_seo":null,"seo_analyzer_scan_date":"2025-09-01 15:57:14","breadcrumb_settings":null,"limit_modified_date":false,"reviewed_by":null,"open_ai":null,"ai":null,"created":"2022-11-18 16:31:01","updated":"2025-09-01 15:57:14"},"aioseo_breadcrumb":"<div class=\"aioseo-breadcrumbs\"><span class=\"aioseo-breadcrumb\">\n\t<a href=\"https:\/\/candas365.es\/noticias\" title=\"Home\">Home<\/a>\n<\/span><span class=\"aioseo-breadcrumb-separator\">&ndash;<\/span><span class=\"aioseo-breadcrumb\">\n\t<a href=\"https:\/\/candas365.es\/noticias\/category\/turismo\/\" title=\"Turismo\">Turismo<\/a>\n<\/span><span class=\"aioseo-breadcrumb-separator\">&ndash;<\/span><span class=\"aioseo-breadcrumb\">\n\tEl lado menos conocido del Vaticano\n<\/span><\/div>","aioseo_breadcrumb_json":[{"label":"Home","link":"https:\/\/candas365.es\/noticias"},{"label":"Turismo","link":"https:\/\/candas365.es\/noticias\/category\/turismo\/"},{"label":"El lado menos conocido del Vaticano","link":"https:\/\/candas365.es\/noticias\/el-lado-menos-conocido-del-vaticano\/"}],"_links":{"self":[{"href":"https:\/\/candas365.es\/noticias\/wp-json\/wp\/v2\/posts\/169083","targetHints":{"allow":["GET"]}}],"collection":[{"href":"https:\/\/candas365.es\/noticias\/wp-json\/wp\/v2\/posts"}],"about":[{"href":"https:\/\/candas365.es\/noticias\/wp-json\/wp\/v2\/types\/post"}],"author":[{"embeddable":true,"href":"https:\/\/candas365.es\/noticias\/wp-json\/wp\/v2\/users\/1"}],"replies":[{"embeddable":true,"href":"https:\/\/candas365.es\/noticias\/wp-json\/wp\/v2\/comments?post=169083"}],"version-history":[{"count":0,"href":"https:\/\/candas365.es\/noticias\/wp-json\/wp\/v2\/posts\/169083\/revisions"}],"wp:featuredmedia":[{"embeddable":true,"href":"https:\/\/candas365.es\/noticias\/wp-json\/wp\/v2\/media\/169086"}],"wp:attachment":[{"href":"https:\/\/candas365.es\/noticias\/wp-json\/wp\/v2\/media?parent=169083"}],"wp:term":[{"taxonomy":"category","embeddable":true,"href":"https:\/\/candas365.es\/noticias\/wp-json\/wp\/v2\/categories?post=169083"},{"taxonomy":"post_tag","embeddable":true,"href":"https:\/\/candas365.es\/noticias\/wp-json\/wp\/v2\/tags?post=169083"}],"curies":[{"name":"wp","href":"https:\/\/api.w.org\/{rel}","templated":true}]}}