{"id":168864,"date":"2022-11-14T06:20:10","date_gmt":"2022-11-14T05:20:10","guid":{"rendered":"https:\/\/candas365.es\/noticias\/?p=168864"},"modified":"2022-11-14T06:20:10","modified_gmt":"2022-11-14T05:20:10","slug":"los-pijamas-que-causaran-tendencia-este-invierno","status":"publish","type":"post","link":"https:\/\/candas365.es\/noticias\/los-pijamas-que-causaran-tendencia-este-invierno\/","title":{"rendered":"Los pijamas que causar\u00e1n tendencia este invierno"},"content":{"rendered":"<p><span style=\"font-weight: 400;\">\u00bfTe gusta dormir c\u00f3modo? Si es as\u00ed, seguramente tienes un pijama favorito. Probablemente ya sea momento de renovarla, as\u00ed que en <\/span><span style=\"color: #ff6600;\"><strong><a style=\"color: #ff6600;\" href=\"https:\/\/reviewsbird.es\/\" target=\"_blank\" rel=\"noopener\">reviewsbird.es<\/a><\/strong><\/span><span style=\"font-weight: 400;\"> te contamos sobre los modelos de pijama que ser\u00e1n tendencia durante la temporada de invierno y que puedes comprar en oferta durante el Black Friday.<\/span><\/p>\n<p><img fetchpriority=\"high\" decoding=\"async\" class=\"aligncenter wp-image-168865 size-large\" src=\"https:\/\/candas365.es\/noticias\/wp-content\/uploads\/2022\/11\/pijama-650x393.jpg\" alt=\"pijama\" width=\"650\" height=\"393\" srcset=\"https:\/\/candas365.es\/noticias\/wp-content\/uploads\/2022\/11\/pijama-650x393.jpg 650w, https:\/\/candas365.es\/noticias\/wp-content\/uploads\/2022\/11\/pijama-360x218.jpg 360w, https:\/\/candas365.es\/noticias\/wp-content\/uploads\/2022\/11\/pijama-768x465.jpg 768w, https:\/\/candas365.es\/noticias\/wp-content\/uploads\/2022\/11\/pijama-150x91.jpg 150w, https:\/\/candas365.es\/noticias\/wp-content\/uploads\/2022\/11\/pijama-450x272.jpg 450w, https:\/\/candas365.es\/noticias\/wp-content\/uploads\/2022\/11\/pijama.jpg 970w\" sizes=\"(max-width: 650px) 100vw, 650px\" \/><\/p>\n<p><span style=\"font-weight: 400;\">Las tendencias en cuanto a la moda van cambiando, pero tambi\u00e9n es cierto que muchas regresan. Un ejemplo de eso es la <\/span><span style=\"color: #ff6600;\"><strong><a style=\"color: #ff6600;\" href=\"https:\/\/www.que.es\/2022\/07\/18\/estaba-moda-90-ha-vuelto-tendencia\/\" target=\"_blank\" rel=\"noopener\">moda de los 90<\/a><\/strong><\/span><span style=\"font-weight: 400;\">, la cual parece estar muy a la vanguardia debido a las colecciones de ropa oversize o tallas grandes que se usaban en la \u00e9poca y que hoy se pueden ver en las principales pasarelas.<\/span><\/p>\n<p><span style=\"font-weight: 400;\">Antes, la ropa de dormir era sin\u00f3nimo de prendas de vestir viejas o feas, pero ya no es necesariamente as\u00ed. Hoy en el mercado es posible encontrar pijamas modernos, c\u00f3modos e incluso hasta sexy, dependiendo de tus gustos y necesidades.<\/span><\/p>\n<p><span style=\"font-weight: 400;\">Cuando llega la temporada de fr\u00edo, ya no puedes seguir usando tus pijamas frescas y ligeras, por lo que no est\u00e1 de m\u00e1s consultar los pijamas en tendencia durante el invierno para que no solo puedas dormir c\u00f3modo, sino tambi\u00e9n a la moda.<\/span><\/p>\n<p><span style=\"font-weight: 400;\">Por supuesto, con la llegada del invierno, viene tambi\u00e9n la tan esperada temporada de ofertas Black Friday, la cual puedes aprovechar para cambiar tu ropa de dormir. Durante el <\/span><a href=\"https:\/\/reviewsbird.es\/comprar-online\/oysho-black-friday\" target=\"_blank\" rel=\"noopener\"><span style=\"font-weight: 400;\"><span style=\"color: #ff6600;\"><strong>oysho black friday<\/strong><\/span><\/span><\/a><span style=\"font-weight: 400;\"> por ejemplo, es muy com\u00fan que para esa fecha, los usuarios pregunten por su cat\u00e1logo de pijamas.<\/span><\/p>\n<p><span style=\"font-weight: 400;\">Si est\u00e1s decidido a aprovechar las ofertas de Black Friday en pijamas, entonces sigue leyendo para que conozcas cu\u00e1les son las que causar\u00e1n tendencia durante la temporada de invierno.<\/span><\/p>\n<h2><b>Pijamas a cuadros<\/b><\/h2>\n<p><span style=\"font-weight: 400;\">\u00bfSabes que viene despu\u00e9s de la temporada de Black Friday? \u00a1Navidad! As\u00ed es, muchos aprovechan los d\u00edas de descuento para adelantarse a las compras navide\u00f1as y por supuesto, los pijamas a cuadros seguir\u00e1n siendo tendencia durante el 2022.<\/span><\/p>\n<p><span style=\"font-weight: 400;\">No hay algo que inspire tanto esp\u00edritu navide\u00f1o como este tipo de pijamas, sobre todo los pijamas a cuadros rojo y verde. Incluso, est\u00e1 la tendencia de usar pijamas para nochebuena y toda la familia se combina.<\/span><\/p>\n<h2><b>Pijamas de seda<\/b><\/h2>\n<p><span style=\"font-weight: 400;\">Aunque llegue la temporada de fr\u00edo, las pijamas de seda siempre est\u00e1n en tendencia y en los cat\u00e1logos de ofertas en pijamas de Black Friday. Aunque no son tan c\u00e1lidas, son muy elegantes y \u00fatiles si tienes buena calefacci\u00f3n en el dormitorio.<\/span><\/p>\n<p><span style=\"font-weight: 400;\">Generalmente son de dos piezas y vienen en colores sobrios, por los que muchas marcas de moda de lujo han sacado su propia colecci\u00f3n para diversificar su cat\u00e1logo y ofrecer ropa de dormir de buen gusto.<\/span><\/p>\n<h2><b>Pijamas tipo ch\u00e1ndal<\/b><\/h2>\n<p><span style=\"font-weight: 400;\">Si hay una caracter\u00edstica que debe resaltar al momento de comprar pijamas en ofertas Black Friday, es que sean c\u00f3modas. La tendencia \u201c<\/span><b>confy<\/b><span style=\"font-weight: 400;\">\u201d tambi\u00e9n aplicar\u00e1 a los pijamas, por lo cual conseguir\u00e1s en el mercado muchas de estas tipo ch\u00e1ndal.<\/span><\/p>\n<p><span style=\"font-weight: 400;\">Estos pijamas son parecidas a la ropa de ejercicio ancha, compuesta por una sudadera o joggers con corte ajustado. Estos est\u00e1n en tendencia porque sirven para dormir, para salir a pasear el perro temprano en la ma\u00f1ana o para recoger el peri\u00f3dico sin problema.<\/span><\/p>\n<p><span style=\"font-weight: 400;\">Los pijamas tipo ch\u00e1ndal son confeccionados generalmente en algod\u00f3n y con muchos colores, sin embargo, las tendencias en moda parecen indicar que ser\u00e1n los colores pasteles los m\u00e1s usados durante el invierno. Muchos de estos modelos usan capucha y puedes usarlos para hacer otras actividades.<\/span><\/p>\n<h2><b>Conclusi\u00f3n<\/b><\/h2>\n<p><span style=\"font-weight: 400;\">Tal y como dijimos anteriormente, los pijamas no tienen por qu\u00e9 ser feos o aburridos para que sean c\u00f3modos. Afortunadamente, hay muchos modelos en el mercado que adem\u00e1s de ser c\u00f3modos, son muy modernos y te permiten estar a la vanguardia.<\/span><\/p>\n<p><span style=\"font-weight: 400;\">Esta temporada de descuentos vienen con muchas ofertas Black Friday en pijamas que te recomendamos revisar y as\u00ed darle un cambio a tu ropa de dormir y verte bien, sin sacrificar tu comodidad al dormir o estar en casa.<\/span><\/p>\n","protected":false},"excerpt":{"rendered":"<p>\u00bfTe gusta dormir c\u00f3modo? Si es as\u00ed, seguramente tienes un pijama favorito. Probablemente ya sea momento de renovarla, as\u00ed que en reviewsbird.es te contamos sobre los modelos de pijama que ser\u00e1n tendencia durante la temporada de invierno y que puedes comprar en oferta durante el Black Friday. Las tendencias en cuanto a la moda van<\/p>\n","protected":false},"author":1,"featured_media":168865,"comment_status":"closed","ping_status":"closed","sticky":false,"template":"","format":"standard","meta":{"footnotes":""},"categories":[142],"tags":[435],"class_list":{"0":"post-168864","1":"post","2":"type-post","3":"status-publish","4":"format-standard","5":"has-post-thumbnail","7":"category-revista","8":"tag-moda"},"aioseo_notices":[],"aioseo_head":"\n\t\t<!-- All in One SEO Pro 4.9.6.2 - aioseo.com -->\n\t<meta name=\"description\" content=\"\u00bfTe gusta dormir c\u00f3modo? Si es as\u00ed, seguramente tienes un pijama favorito. Probablemente ya sea momento de renovarla, as\u00ed que en reviewsbird.es\" \/>\n\t<meta name=\"robots\" content=\"max-image-preview:large\" \/>\n\t<meta name=\"author\" content=\"Cand\u00e1s 365\"\/>\n\t<meta name=\"google-site-verification\" content=\"UA-32230408-1\" \/>\n\t<meta name=\"msvalidate.01\" content=\"354F3CDFB2DA171B47FBE9ABF1F88D5\" \/>\n\t<meta name=\"keywords\" content=\"revista\" \/>\n\t<link rel=\"canonical\" href=\"https:\/\/candas365.es\/noticias\/los-pijamas-que-causaran-tendencia-este-invierno\/\" \/>\n\t<meta name=\"generator\" content=\"All in One SEO Pro (AIOSEO) 4.9.6.2\" \/>\n\t\t<meta property=\"og:locale\" content=\"es_ES\" \/>\n\t\t<meta property=\"og:site_name\" content=\"Cand\u00e1s 365\" \/>\n\t\t<meta property=\"og:type\" content=\"article\" \/>\n\t\t<meta property=\"og:title\" content=\"Los pijamas que causar\u00e1n tendencia este invierno | Cand\u00e1s 365\" \/>\n\t\t<meta property=\"og:description\" content=\"\u00bfTe gusta dormir c\u00f3modo? Si es as\u00ed, seguramente tienes un pijama favorito. Probablemente ya sea momento de renovarla, as\u00ed que en reviewsbird.es\" \/>\n\t\t<meta property=\"og:url\" content=\"https:\/\/candas365.es\/noticias\/los-pijamas-que-causaran-tendencia-este-invierno\/\" \/>\n\t\t<meta property=\"og:image\" content=\"https:\/\/candas365.es\/noticias\/wp-content\/uploads\/2022\/11\/pijama.jpg\" \/>\n\t\t<meta property=\"og:image:secure_url\" content=\"https:\/\/candas365.es\/noticias\/wp-content\/uploads\/2022\/11\/pijama.jpg\" \/>\n\t\t<meta property=\"og:image:width\" content=\"970\" \/>\n\t\t<meta property=\"og:image:height\" content=\"587\" \/>\n\t\t<meta property=\"article:published_time\" content=\"2022-11-14T05:20:10+00:00\" \/>\n\t\t<meta property=\"article:modified_time\" content=\"2022-11-14T05:20:10+00:00\" \/>\n\t\t<meta property=\"article:publisher\" content=\"https:\/\/www.facebook.com\/Nachofdezber\" \/>\n\t\t<meta property=\"article:author\" content=\"https:\/\/www.facebook.com\/carrenoactualidad\" \/>\n\t\t<meta name=\"twitter:card\" content=\"summary_large_image\" \/>\n\t\t<meta name=\"twitter:site\" content=\"@NabercoDigital\" \/>\n\t\t<meta name=\"twitter:title\" content=\"Los pijamas que causar\u00e1n tendencia este invierno | Cand\u00e1s 365\" \/>\n\t\t<meta name=\"twitter:description\" content=\"\u00bfTe gusta dormir c\u00f3modo? Si es as\u00ed, seguramente tienes un pijama favorito. Probablemente ya sea momento de renovarla, as\u00ed que en reviewsbird.es\" \/>\n\t\t<meta name=\"twitter:creator\" content=\"@nbasturias\" \/>\n\t\t<meta name=\"twitter:image\" content=\"https:\/\/candas365.es\/noticias\/wp-content\/uploads\/2022\/11\/pijama.jpg\" \/>\n\t\t<meta name=\"twitter:label1\" content=\"Escrito por\" \/>\n\t\t<meta name=\"twitter:data1\" content=\"Cand\u00e1s 365\" \/>\n\t\t<meta name=\"twitter:label2\" content=\"Tiempo de lectura estimado\" \/>\n\t\t<meta name=\"twitter:data2\" content=\"3 minutos\" \/>\n\t\t<script type=\"application\/ld+json\" class=\"aioseo-schema\">\n\t\t\t{\"@context\":\"https:\\\/\\\/schema.org\",\"@graph\":[{\"@type\":\"BreadcrumbList\",\"@id\":\"https:\\\/\\\/candas365.es\\\/noticias\\\/los-pijamas-que-causaran-tendencia-este-invierno\\\/#breadcrumblist\",\"itemListElement\":[{\"@type\":\"ListItem\",\"@id\":\"https:\\\/\\\/candas365.es\\\/noticias#listItem\",\"position\":1,\"name\":\"Home\",\"item\":\"https:\\\/\\\/candas365.es\\\/noticias\",\"nextItem\":{\"@type\":\"ListItem\",\"@id\":\"https:\\\/\\\/candas365.es\\\/noticias\\\/category\\\/revista\\\/#listItem\",\"name\":\"Revista\"}},{\"@type\":\"ListItem\",\"@id\":\"https:\\\/\\\/candas365.es\\\/noticias\\\/category\\\/revista\\\/#listItem\",\"position\":2,\"name\":\"Revista\",\"item\":\"https:\\\/\\\/candas365.es\\\/noticias\\\/category\\\/revista\\\/\",\"nextItem\":{\"@type\":\"ListItem\",\"@id\":\"https:\\\/\\\/candas365.es\\\/noticias\\\/los-pijamas-que-causaran-tendencia-este-invierno\\\/#listItem\",\"name\":\"Los pijamas que causar\\u00e1n tendencia este invierno\"},\"previousItem\":{\"@type\":\"ListItem\",\"@id\":\"https:\\\/\\\/candas365.es\\\/noticias#listItem\",\"name\":\"Home\"}},{\"@type\":\"ListItem\",\"@id\":\"https:\\\/\\\/candas365.es\\\/noticias\\\/los-pijamas-que-causaran-tendencia-este-invierno\\\/#listItem\",\"position\":3,\"name\":\"Los pijamas que causar\\u00e1n tendencia este invierno\",\"previousItem\":{\"@type\":\"ListItem\",\"@id\":\"https:\\\/\\\/candas365.es\\\/noticias\\\/category\\\/revista\\\/#listItem\",\"name\":\"Revista\"}}]},{\"@type\":\"NewsArticle\",\"@id\":\"https:\\\/\\\/candas365.es\\\/noticias\\\/los-pijamas-que-causaran-tendencia-este-invierno\\\/#newsarticle\",\"name\":\"Los pijamas que causar\\u00e1n tendencia este invierno | Cand\\u00e1s 365\",\"headline\":\"Los pijamas que causar\\u00e1n tendencia este invierno\",\"author\":{\"@id\":\"https:\\\/\\\/candas365.es\\\/noticias\\\/author\\\/admin\\\/#author\"},\"publisher\":{\"@id\":\"https:\\\/\\\/candas365.es\\\/noticias\\\/#organization\"},\"image\":{\"@type\":\"ImageObject\",\"url\":\"https:\\\/\\\/candas365.es\\\/noticias\\\/wp-content\\\/uploads\\\/2022\\\/11\\\/pijama.jpg\",\"width\":970,\"height\":587,\"caption\":\"pijama\"},\"datePublished\":\"2022-11-14T06:20:10+01:00\",\"dateModified\":\"2022-11-14T06:20:10+01:00\",\"inLanguage\":\"es-ES\",\"mainEntityOfPage\":{\"@id\":\"https:\\\/\\\/candas365.es\\\/noticias\\\/los-pijamas-que-causaran-tendencia-este-invierno\\\/#webpage\"},\"isPartOf\":{\"@id\":\"https:\\\/\\\/candas365.es\\\/noticias\\\/los-pijamas-que-causaran-tendencia-este-invierno\\\/#webpage\"},\"articleSection\":\"Revista, moda\",\"dateline\":\"Publicado el noviembre 14, 2022.\"},{\"@type\":\"Organization\",\"@id\":\"https:\\\/\\\/candas365.es\\\/noticias\\\/#organization\",\"name\":\"Cand\\u00e1s 365\",\"description\":\"Cand\\u00e1s 365 es un diario digital independiente, fundado en 2012, con base en Asturias. Informamos con rigor sobre actualidad, sociedad, cultura y ocio, con una mirada local y global.\",\"url\":\"https:\\\/\\\/candas365.es\\\/noticias\\\/\",\"email\":\"info@candas365.es\",\"telephone\":\"+34652131393\",\"foundingDate\":\"2012-06-10\",\"logo\":{\"@type\":\"ImageObject\",\"url\":\"https:\\\/\\\/candas365.es\\\/noticias\\\/wp-content\\\/uploads\\\/2024\\\/09\\\/Candas-365-Redes.jpg\",\"@id\":\"https:\\\/\\\/candas365.es\\\/noticias\\\/los-pijamas-que-causaran-tendencia-este-invierno\\\/#organizationLogo\",\"width\":1152,\"height\":864,\"caption\":\"Cand\\u00e1s 365 Redes\"},\"image\":{\"@id\":\"https:\\\/\\\/candas365.es\\\/noticias\\\/los-pijamas-que-causaran-tendencia-este-invierno\\\/#organizationLogo\"},\"sameAs\":[\"https:\\\/\\\/www.facebook.com\\\/Nachofdezber\",\"https:\\\/\\\/x.com\\\/NabercoDigital\",\"https:\\\/\\\/www.instagram.com\\\/nachofdezber\\\/\",\"https:\\\/\\\/www.youtube.com\\\/channel\\\/UCZP-2wLEB9Rv6erhFmqVnvg\"],\"address\":{\"@id\":\"https:\\\/\\\/candas365.es\\\/noticias\\\/#postaladdress\",\"@type\":\"PostalAddress\",\"streetAddress\":\"san antonio 4, san antonio 4\",\"postalCode\":\"33430\",\"addressLocality\":\"Cand\\u00e1s\",\"addressRegion\":\"Asturias\",\"addressCountry\":\"ES\"}},{\"@type\":\"Person\",\"@id\":\"https:\\\/\\\/candas365.es\\\/noticias\\\/author\\\/admin\\\/#author\",\"url\":\"https:\\\/\\\/candas365.es\\\/noticias\\\/author\\\/admin\\\/\",\"name\":\"Cand\\u00e1s 365\",\"image\":{\"@type\":\"ImageObject\",\"@id\":\"https:\\\/\\\/candas365.es\\\/noticias\\\/los-pijamas-que-causaran-tendencia-este-invierno\\\/#authorImage\",\"url\":\"https:\\\/\\\/secure.gravatar.com\\\/avatar\\\/496a8e03d0c493ede1718b7934145dbdf8d89be1036b0eec9544e1094c9de390?s=96&d=mm&r=g\",\"width\":96,\"height\":96,\"caption\":\"Cand\\u00e1s 365\"},\"sameAs\":[\"https:\\\/\\\/www.facebook.com\\\/carrenoactualidad\",\"https:\\\/\\\/twitter.com\\\/nbasturias\",\"https:\\\/\\\/www.instagram.com\\\/nachofdezber\\\/\",\"https:\\\/\\\/www.youtube.com\\\/channel\\\/UCZP-2wLEB9Rv6erhFmqVnvg\"]},{\"@type\":\"WebPage\",\"@id\":\"https:\\\/\\\/candas365.es\\\/noticias\\\/los-pijamas-que-causaran-tendencia-este-invierno\\\/#webpage\",\"url\":\"https:\\\/\\\/candas365.es\\\/noticias\\\/los-pijamas-que-causaran-tendencia-este-invierno\\\/\",\"name\":\"Los pijamas que causar\\u00e1n tendencia este invierno | Cand\\u00e1s 365\",\"description\":\"\\u00bfTe gusta dormir c\\u00f3modo? Si es as\\u00ed, seguramente tienes un pijama favorito. Probablemente ya sea momento de renovarla, as\\u00ed que en reviewsbird.es\",\"inLanguage\":\"es-ES\",\"isPartOf\":{\"@id\":\"https:\\\/\\\/candas365.es\\\/noticias\\\/#website\"},\"breadcrumb\":{\"@id\":\"https:\\\/\\\/candas365.es\\\/noticias\\\/los-pijamas-que-causaran-tendencia-este-invierno\\\/#breadcrumblist\"},\"author\":{\"@id\":\"https:\\\/\\\/candas365.es\\\/noticias\\\/author\\\/admin\\\/#author\"},\"creator\":{\"@id\":\"https:\\\/\\\/candas365.es\\\/noticias\\\/author\\\/admin\\\/#author\"},\"image\":{\"@type\":\"ImageObject\",\"url\":\"https:\\\/\\\/candas365.es\\\/noticias\\\/wp-content\\\/uploads\\\/2022\\\/11\\\/pijama.jpg\",\"@id\":\"https:\\\/\\\/candas365.es\\\/noticias\\\/los-pijamas-que-causaran-tendencia-este-invierno\\\/#mainImage\",\"width\":970,\"height\":587,\"caption\":\"pijama\"},\"primaryImageOfPage\":{\"@id\":\"https:\\\/\\\/candas365.es\\\/noticias\\\/los-pijamas-que-causaran-tendencia-este-invierno\\\/#mainImage\"},\"datePublished\":\"2022-11-14T06:20:10+01:00\",\"dateModified\":\"2022-11-14T06:20:10+01:00\"},{\"@type\":\"WebSite\",\"@id\":\"https:\\\/\\\/candas365.es\\\/noticias\\\/#website\",\"url\":\"https:\\\/\\\/candas365.es\\\/noticias\\\/\",\"name\":\"Cand\\u00e1s 365\",\"alternateName\":\"Cand\\u00e1s 365 Noticias\",\"description\":\"Actualidad desde Carre\\u00f1o para el mundo\",\"inLanguage\":\"es-ES\",\"publisher\":{\"@id\":\"https:\\\/\\\/candas365.es\\\/noticias\\\/#organization\"}}]}\n\t\t<\/script>\n\t\t<!-- All in One SEO Pro -->\r\n\t\t<title>Los pijamas que causar\u00e1n tendencia este invierno | Cand\u00e1s 365<\/title>\n\n","aioseo_head_json":{"title":"Los pijamas que causar\u00e1n tendencia este invierno | Cand\u00e1s 365","description":"\u00bfTe gusta dormir c\u00f3modo? Si es as\u00ed, seguramente tienes un pijama favorito. Probablemente ya sea momento de renovarla, as\u00ed que en reviewsbird.es","canonical_url":"https:\/\/candas365.es\/noticias\/los-pijamas-que-causaran-tendencia-este-invierno\/","robots":"max-image-preview:large","keywords":"revista","webmasterTools":{"google-site-verification":"UA-32230408-1","msvalidate.01":"354F3CDFB2DA171B47FBE9ABF1F88D5","miscellaneous":""},"schema":{"@context":"https:\/\/schema.org","@graph":[{"@type":"BreadcrumbList","@id":"https:\/\/candas365.es\/noticias\/los-pijamas-que-causaran-tendencia-este-invierno\/#breadcrumblist","itemListElement":[{"@type":"ListItem","@id":"https:\/\/candas365.es\/noticias#listItem","position":1,"name":"Home","item":"https:\/\/candas365.es\/noticias","nextItem":{"@type":"ListItem","@id":"https:\/\/candas365.es\/noticias\/category\/revista\/#listItem","name":"Revista"}},{"@type":"ListItem","@id":"https:\/\/candas365.es\/noticias\/category\/revista\/#listItem","position":2,"name":"Revista","item":"https:\/\/candas365.es\/noticias\/category\/revista\/","nextItem":{"@type":"ListItem","@id":"https:\/\/candas365.es\/noticias\/los-pijamas-que-causaran-tendencia-este-invierno\/#listItem","name":"Los pijamas que causar\u00e1n tendencia este invierno"},"previousItem":{"@type":"ListItem","@id":"https:\/\/candas365.es\/noticias#listItem","name":"Home"}},{"@type":"ListItem","@id":"https:\/\/candas365.es\/noticias\/los-pijamas-que-causaran-tendencia-este-invierno\/#listItem","position":3,"name":"Los pijamas que causar\u00e1n tendencia este invierno","previousItem":{"@type":"ListItem","@id":"https:\/\/candas365.es\/noticias\/category\/revista\/#listItem","name":"Revista"}}]},{"@type":"NewsArticle","@id":"https:\/\/candas365.es\/noticias\/los-pijamas-que-causaran-tendencia-este-invierno\/#newsarticle","name":"Los pijamas que causar\u00e1n tendencia este invierno | Cand\u00e1s 365","headline":"Los pijamas que causar\u00e1n tendencia este invierno","author":{"@id":"https:\/\/candas365.es\/noticias\/author\/admin\/#author"},"publisher":{"@id":"https:\/\/candas365.es\/noticias\/#organization"},"image":{"@type":"ImageObject","url":"https:\/\/candas365.es\/noticias\/wp-content\/uploads\/2022\/11\/pijama.jpg","width":970,"height":587,"caption":"pijama"},"datePublished":"2022-11-14T06:20:10+01:00","dateModified":"2022-11-14T06:20:10+01:00","inLanguage":"es-ES","mainEntityOfPage":{"@id":"https:\/\/candas365.es\/noticias\/los-pijamas-que-causaran-tendencia-este-invierno\/#webpage"},"isPartOf":{"@id":"https:\/\/candas365.es\/noticias\/los-pijamas-que-causaran-tendencia-este-invierno\/#webpage"},"articleSection":"Revista, moda","dateline":"Publicado el noviembre 14, 2022."},{"@type":"Organization","@id":"https:\/\/candas365.es\/noticias\/#organization","name":"Cand\u00e1s 365","description":"Cand\u00e1s 365 es un diario digital independiente, fundado en 2012, con base en Asturias. Informamos con rigor sobre actualidad, sociedad, cultura y ocio, con una mirada local y global.","url":"https:\/\/candas365.es\/noticias\/","email":"info@candas365.es","telephone":"+34652131393","foundingDate":"2012-06-10","logo":{"@type":"ImageObject","url":"https:\/\/candas365.es\/noticias\/wp-content\/uploads\/2024\/09\/Candas-365-Redes.jpg","@id":"https:\/\/candas365.es\/noticias\/los-pijamas-que-causaran-tendencia-este-invierno\/#organizationLogo","width":1152,"height":864,"caption":"Cand\u00e1s 365 Redes"},"image":{"@id":"https:\/\/candas365.es\/noticias\/los-pijamas-que-causaran-tendencia-este-invierno\/#organizationLogo"},"sameAs":["https:\/\/www.facebook.com\/Nachofdezber","https:\/\/x.com\/NabercoDigital","https:\/\/www.instagram.com\/nachofdezber\/","https:\/\/www.youtube.com\/channel\/UCZP-2wLEB9Rv6erhFmqVnvg"],"address":{"@id":"https:\/\/candas365.es\/noticias\/#postaladdress","@type":"PostalAddress","streetAddress":"san antonio 4, san antonio 4","postalCode":"33430","addressLocality":"Cand\u00e1s","addressRegion":"Asturias","addressCountry":"ES"}},{"@type":"Person","@id":"https:\/\/candas365.es\/noticias\/author\/admin\/#author","url":"https:\/\/candas365.es\/noticias\/author\/admin\/","name":"Cand\u00e1s 365","image":{"@type":"ImageObject","@id":"https:\/\/candas365.es\/noticias\/los-pijamas-que-causaran-tendencia-este-invierno\/#authorImage","url":"https:\/\/secure.gravatar.com\/avatar\/496a8e03d0c493ede1718b7934145dbdf8d89be1036b0eec9544e1094c9de390?s=96&d=mm&r=g","width":96,"height":96,"caption":"Cand\u00e1s 365"},"sameAs":["https:\/\/www.facebook.com\/carrenoactualidad","https:\/\/twitter.com\/nbasturias","https:\/\/www.instagram.com\/nachofdezber\/","https:\/\/www.youtube.com\/channel\/UCZP-2wLEB9Rv6erhFmqVnvg"]},{"@type":"WebPage","@id":"https:\/\/candas365.es\/noticias\/los-pijamas-que-causaran-tendencia-este-invierno\/#webpage","url":"https:\/\/candas365.es\/noticias\/los-pijamas-que-causaran-tendencia-este-invierno\/","name":"Los pijamas que causar\u00e1n tendencia este invierno | Cand\u00e1s 365","description":"\u00bfTe gusta dormir c\u00f3modo? Si es as\u00ed, seguramente tienes un pijama favorito. Probablemente ya sea momento de renovarla, as\u00ed que en reviewsbird.es","inLanguage":"es-ES","isPartOf":{"@id":"https:\/\/candas365.es\/noticias\/#website"},"breadcrumb":{"@id":"https:\/\/candas365.es\/noticias\/los-pijamas-que-causaran-tendencia-este-invierno\/#breadcrumblist"},"author":{"@id":"https:\/\/candas365.es\/noticias\/author\/admin\/#author"},"creator":{"@id":"https:\/\/candas365.es\/noticias\/author\/admin\/#author"},"image":{"@type":"ImageObject","url":"https:\/\/candas365.es\/noticias\/wp-content\/uploads\/2022\/11\/pijama.jpg","@id":"https:\/\/candas365.es\/noticias\/los-pijamas-que-causaran-tendencia-este-invierno\/#mainImage","width":970,"height":587,"caption":"pijama"},"primaryImageOfPage":{"@id":"https:\/\/candas365.es\/noticias\/los-pijamas-que-causaran-tendencia-este-invierno\/#mainImage"},"datePublished":"2022-11-14T06:20:10+01:00","dateModified":"2022-11-14T06:20:10+01:00"},{"@type":"WebSite","@id":"https:\/\/candas365.es\/noticias\/#website","url":"https:\/\/candas365.es\/noticias\/","name":"Cand\u00e1s 365","alternateName":"Cand\u00e1s 365 Noticias","description":"Actualidad desde Carre\u00f1o para el mundo","inLanguage":"es-ES","publisher":{"@id":"https:\/\/candas365.es\/noticias\/#organization"}}]},"og:locale":"es_ES","og:site_name":"Cand\u00e1s 365","og:type":"article","og:title":"Los pijamas que causar\u00e1n tendencia este invierno | Cand\u00e1s 365","og:description":"\u00bfTe gusta dormir c\u00f3modo? Si es as\u00ed, seguramente tienes un pijama favorito. Probablemente ya sea momento de renovarla, as\u00ed que en reviewsbird.es","og:url":"https:\/\/candas365.es\/noticias\/los-pijamas-que-causaran-tendencia-este-invierno\/","og:image":"https:\/\/candas365.es\/noticias\/wp-content\/uploads\/2022\/11\/pijama.jpg","og:image:secure_url":"https:\/\/candas365.es\/noticias\/wp-content\/uploads\/2022\/11\/pijama.jpg","og:image:width":970,"og:image:height":587,"article:published_time":"2022-11-14T05:20:10+00:00","article:modified_time":"2022-11-14T05:20:10+00:00","article:publisher":"https:\/\/www.facebook.com\/Nachofdezber","article:author":"https:\/\/www.facebook.com\/carrenoactualidad","twitter:card":"summary_large_image","twitter:site":"@NabercoDigital","twitter:title":"Los pijamas que causar\u00e1n tendencia este invierno | Cand\u00e1s 365","twitter:description":"\u00bfTe gusta dormir c\u00f3modo? Si es as\u00ed, seguramente tienes un pijama favorito. Probablemente ya sea momento de renovarla, as\u00ed que en reviewsbird.es","twitter:creator":"@nbasturias","twitter:image":"https:\/\/candas365.es\/noticias\/wp-content\/uploads\/2022\/11\/pijama.jpg","twitter:label1":"Escrito por","twitter:data1":"Cand\u00e1s 365","twitter:label2":"Tiempo de lectura estimado","twitter:data2":"3 minutos"},"aioseo_meta_data":{"post_id":"168864","title":null,"description":"\u00bfTe gusta dormir c\u00f3modo? Si es as\u00ed, seguramente tienes un pijama favorito. Probablemente ya sea momento de renovarla, as\u00ed que en reviewsbird.es","keywords":[],"keyphrases":{"focus":{"keyphrase":" pijama","score":73,"analysis":{"keyphraseInTitle":{"title":"Focus keyphrase in SEO title","description":"Focus keyphrase not found in SEO title.","score":3,"maxScore":9,"error":1},"keyphraseInDescription":{"title":"Focus keyphrase in meta description","description":"Focus keyphrase found in meta description.","score":9,"maxScore":9,"error":0},"keyphraseLength":{"title":"Focus keyphrase length","description":"Good job!","score":9,"maxScore":9,"error":0,"length":1},"keyphraseInURL":{"title":"Focus keyphrase in URL","description":"Focus keyphrase not found in the URL.","score":1,"maxScore":5,"error":1},"keyphraseInIntroduction":{"title":"Focus keyphrase in introduction","description":"Your Focus keyphrase appears in the first paragraph. Well done!","score":9,"maxScore":9,"error":0},"keyphraseInSubHeadings":{"title":"Focus keyphrase in Subheadings","description":"Use your focus keyphrase more in your H2 and H3 subheadings.","score":3,"maxScore":9,"error":1},"keyphraseInImageAlt":{"title":"Focus keyphrase in image alt attributes","description":"Focus keyphrase found in image alt attribute(s).","score":9,"maxScore":9,"error":0}}},"additional":[{"keyphrase":" pijama favorito","score":83,"analysis":{"keyphraseInDescription":{"title":"Keyphrase in meta description","description":"Keyphrase found in meta description.","score":9,"maxScore":9,"error":0},"keyphraseLength":{"title":"Keyphrase length","description":"Good job!","score":9,"maxScore":9,"error":0,"length":2},"keyphraseInIntroduction":{"title":"Keyphrase in introduction","description":"Your Keyphrase appears in the first paragraph. Well done!","score":9,"maxScore":9,"error":0},"keyphraseInImageAlt":{"title":"Keyphrase in image alt attributes","description":"Keyphrase not found in image alt attribute(s). Add an image with your Keyphrase as alt text.","score":3,"maxScore":9,"error":1}}},{"keyphrase":" pijama","score":100,"analysis":{"keyphraseInDescription":{"title":"Keyphrase in meta description","description":"Keyphrase found in meta description.","score":9,"maxScore":9,"error":0},"keyphraseLength":{"title":"Keyphrase length","description":"Good job!","score":9,"maxScore":9,"error":0,"length":1},"keyphraseInIntroduction":{"title":"Keyphrase in introduction","description":"Your Keyphrase appears in the first paragraph. Well done!","score":9,"maxScore":9,"error":0},"keyphraseInImageAlt":{"title":"Keyphrase in image alt attributes","description":"Keyphrase found in image alt attribute(s).","score":9,"maxScore":9,"error":0}}}]},"primary_term":null,"canonical_url":null,"og_title":null,"og_description":null,"og_object_type":"default","og_image_type":"default","og_image_url":null,"og_image_width":null,"og_image_height":null,"og_image_custom_url":null,"og_image_custom_fields":null,"og_video":"","og_custom_url":null,"og_article_section":null,"og_article_tags":[],"twitter_use_og":false,"twitter_card":"default","twitter_image_type":"default","twitter_image_url":null,"twitter_image_custom_url":null,"twitter_image_custom_fields":null,"twitter_title":null,"twitter_description":null,"schema":{"blockGraphs":[],"customGraphs":[],"default":{"data":{"Article":[],"Course":[],"Dataset":[],"FAQPage":[],"Movie":[],"Person":[],"Product":[],"ProductReview":[],"Car":[],"Recipe":[],"Service":[],"SoftwareApplication":[],"WebPage":[]},"graphName":"Article","isEnabled":true},"graphs":[]},"schema_type":"default","schema_type_options":null,"pillar_content":false,"robots_default":true,"robots_noindex":false,"robots_noarchive":false,"robots_nosnippet":false,"robots_nofollow":false,"robots_noimageindex":false,"robots_noodp":false,"robots_notranslate":false,"robots_max_snippet":"-1","robots_max_videopreview":"-1","robots_max_imagepreview":"large","priority":null,"frequency":"default","location":null,"local_seo":null,"seo_analyzer_scan_date":"2025-09-01 15:41:14","breadcrumb_settings":null,"limit_modified_date":false,"reviewed_by":null,"open_ai":null,"ai":null,"created":"2022-11-14 05:16:53","updated":"2025-09-01 15:41:14"},"aioseo_breadcrumb":"<div class=\"aioseo-breadcrumbs\"><span class=\"aioseo-breadcrumb\">\n\t<a href=\"https:\/\/candas365.es\/noticias\" title=\"Home\">Home<\/a>\n<\/span><span class=\"aioseo-breadcrumb-separator\">&ndash;<\/span><span class=\"aioseo-breadcrumb\">\n\t<a href=\"https:\/\/candas365.es\/noticias\/category\/revista\/\" title=\"Revista\">Revista<\/a>\n<\/span><span class=\"aioseo-breadcrumb-separator\">&ndash;<\/span><span class=\"aioseo-breadcrumb\">\n\tLos pijamas que causar\u00e1n tendencia este invierno\n<\/span><\/div>","aioseo_breadcrumb_json":[{"label":"Home","link":"https:\/\/candas365.es\/noticias"},{"label":"Revista","link":"https:\/\/candas365.es\/noticias\/category\/revista\/"},{"label":"Los pijamas que causar\u00e1n tendencia este invierno","link":"https:\/\/candas365.es\/noticias\/los-pijamas-que-causaran-tendencia-este-invierno\/"}],"_links":{"self":[{"href":"https:\/\/candas365.es\/noticias\/wp-json\/wp\/v2\/posts\/168864","targetHints":{"allow":["GET"]}}],"collection":[{"href":"https:\/\/candas365.es\/noticias\/wp-json\/wp\/v2\/posts"}],"about":[{"href":"https:\/\/candas365.es\/noticias\/wp-json\/wp\/v2\/types\/post"}],"author":[{"embeddable":true,"href":"https:\/\/candas365.es\/noticias\/wp-json\/wp\/v2\/users\/1"}],"replies":[{"embeddable":true,"href":"https:\/\/candas365.es\/noticias\/wp-json\/wp\/v2\/comments?post=168864"}],"version-history":[{"count":0,"href":"https:\/\/candas365.es\/noticias\/wp-json\/wp\/v2\/posts\/168864\/revisions"}],"wp:featuredmedia":[{"embeddable":true,"href":"https:\/\/candas365.es\/noticias\/wp-json\/wp\/v2\/media\/168865"}],"wp:attachment":[{"href":"https:\/\/candas365.es\/noticias\/wp-json\/wp\/v2\/media?parent=168864"}],"wp:term":[{"taxonomy":"category","embeddable":true,"href":"https:\/\/candas365.es\/noticias\/wp-json\/wp\/v2\/categories?post=168864"},{"taxonomy":"post_tag","embeddable":true,"href":"https:\/\/candas365.es\/noticias\/wp-json\/wp\/v2\/tags?post=168864"}],"curies":[{"name":"wp","href":"https:\/\/api.w.org\/{rel}","templated":true}]}}