{"id":168712,"date":"2022-11-11T13:01:08","date_gmt":"2022-11-11T12:01:08","guid":{"rendered":"https:\/\/candas365.es\/noticias\/?p=168712"},"modified":"2022-11-11T13:01:08","modified_gmt":"2022-11-11T12:01:08","slug":"candas-sera-villa-europea-del-deporte-2023","status":"publish","type":"post","link":"https:\/\/candas365.es\/noticias\/candas-sera-villa-europea-del-deporte-2023\/","title":{"rendered":"Cand\u00e1s ser\u00e1 Villa Europea del Deporte 2023"},"content":{"rendered":"<p>El presidente y fundador de ACES Europe, Gian Francesco Lupatelli, ha comunicado a la alcaldesa, Amelia Fern\u00e1ndez, que <strong>Cand\u00e1s ser\u00e1 Villa Europea del Deporte 2023.<\/strong> La noticia llega una semana despu\u00e9s de recibir al comit\u00e9 evaluador en el municipio y tras valorar este los m\u00e9ritos de la villa candasina para recibir dicha distinci\u00f3n.<\/p>\n<figure id=\"attachment_168713\" aria-describedby=\"caption-attachment-168713\" style=\"width: 638px\" class=\"wp-caption aligncenter\"><img fetchpriority=\"high\" decoding=\"async\" class=\"wp-image-168713 size-large\" src=\"https:\/\/candas365.es\/noticias\/wp-content\/uploads\/2022\/11\/Candas-638x480.jpg\" alt=\"Cand\u00e1s\" width=\"638\" height=\"480\" srcset=\"https:\/\/candas365.es\/noticias\/wp-content\/uploads\/2022\/11\/Candas-638x480.jpg 638w, https:\/\/candas365.es\/noticias\/wp-content\/uploads\/2022\/11\/Candas-360x271.jpg 360w, https:\/\/candas365.es\/noticias\/wp-content\/uploads\/2022\/11\/Candas-768x578.jpg 768w, https:\/\/candas365.es\/noticias\/wp-content\/uploads\/2022\/11\/Candas-150x113.jpg 150w, https:\/\/candas365.es\/noticias\/wp-content\/uploads\/2022\/11\/Candas-450x339.jpg 450w, https:\/\/candas365.es\/noticias\/wp-content\/uploads\/2022\/11\/Candas.jpg 888w\" sizes=\"(max-width: 638px) 100vw, 638px\" \/><figcaption id=\"caption-attachment-168713\" class=\"wp-caption-text\">Foto: Cand\u00e1s365<\/figcaption><\/figure>\n<p>Es un reconocimiento otorgado por la Asociaci\u00f3n de Capitales Europeas del Deporte (ACES) a municipios menores de 25.000 habitantes que desarrollen una pol\u00edtica deportiva local basada en el concepto de deporte como instrumento de integraci\u00f3n y mejora de la calidad de vida. Se concede en base a la evaluaci\u00f3n de sus pol\u00edticas en materia deportiva, as\u00ed como de la implicaci\u00f3n de toda la ciudadan\u00eda en esa gesti\u00f3n deportiva. Este reconocimiento tiene una duraci\u00f3n de un a\u00f1o en el que se har\u00eda un esfuerzo organizativo de actividades para mostrar la imagen de Cand\u00e1s hacia el exterior como Villa Europea del Deporte.<\/p>\n<p>El t\u00edtulo de \u2018Cand\u00e1s, villa Europea del Deporte 2023\u2019 mejorar\u00e1 el posicionamiento a nivel internacional con otras ciudades y villas que ya poseen este t\u00edtulo, y nos dar\u00e1n posibilidades de crear sinergias, tejer alianzas con otros territorios y poder optar a nuevos fondos europeos.<\/p>\n<p>\u201cEsta distinci\u00f3n honor\u00edfica no cabe duda que nos reportar\u00e1 beneficios, en cuanto a la proyecci\u00f3n de imagen internacional, pero adem\u00e1s nos permitir\u00e1 colaborar en proyectos deportivos con otras ciudades y villas europeas del deporte. Nuevas oportunidades que iremos explorando que con el patronato deportivo local al frente\u201d, se\u00f1al\u00f3 la alcaldesa.<\/p>\n<p>Los diferentes aspectos que eval\u00faan para la distinci\u00f3n son los siguientes:<\/p>\n<ul>\n<li>Infraestructuras deportivas.<\/li>\n<li>Acceso y facilidades para la realizaci\u00f3n de deporte y actividades deportivas.<\/li>\n<li>Clubes, asociaciones, entidades dedicadas al mundo del deporte.<\/li>\n<li>Iniciativas deportivas, eventos, proyectos que vayan ligados a promocionar el deporte por parte del Ayuntamiento.<\/li>\n<li>Medidas para promocionarla salud y la integraci\u00f3n social a trav\u00e9s del deporte.<\/li>\n<li>Ratios de poblaci\u00f3n, actividad deportiva y \u00e9xitos deportivos.<\/li>\n<li>Relaci\u00f3n institucional y con empresas privadas en materia deportiva. Actividades conjuntas y patrocinio deportivo.<\/li>\n<li>Actividades como villa del deporte.<\/li>\n<li>Previsiones de inversiones futuras.<\/li>\n<\/ul>\n<p>Lo otorga ACES Europa (Asociaci\u00f3n Europea de Ciudades del Deporte), una asociaci\u00f3n sin \u00e1nimo de lucro con sede en Bruselas que asigna todos los a\u00f1os desde 2001 los reconocimientos de Capital Europea, Ciudad, Comunidad y Villa del Deporte. ACES Europe est\u00e1 reconocida por la Comisi\u00f3n Europea en el Libro Blanco (Art.50) as\u00ed como el partenariado de la UNESCO. ACES Europe cuenta con una red de 3.000 ciudades en todo el mundo, concede esta distinci\u00f3n en varias categor\u00edas en funci\u00f3n del n\u00famero de habitantes. La distinci\u00f3n ser\u00e1 concedida en el Parlamento Europeo el pr\u00f3ximo 6 de diciembre y all\u00ed est\u00e1n invitados 80 alcaldes y alcaldesas de todo el mundo para recoger su bandera de ciudad-villa europea del deporte.<\/p>\n<p>La concesi\u00f3n de Villa Europea del Deporte es para la Alcaldesa, \u201cuna oportunidad para demostrar lo que son nuestros clubes, nuestros deportistas y nuestra gente, as\u00ed como el esfuerzo que han desarrollado las Corporaciones Municipales a lo largo de los a\u00f1os por promocionar la actividad deportiva. Refrenda tambi\u00e9n los logros alcanzados por nuestros deportistas ol\u00edmpicos\u201d.<\/p>\n<p>La regidora agradeci\u00f3 expresamente el esfuerzo \u201cde clubes locales, entidades deportivas, deportistas y familias implicadas, as\u00ed como del personal del patronato deportivo y de la piscina mancomunada, del servicio de medicina deportiva, de la gerencia del patronato municipal y de la concejal\u00eda de deportes. Estas entidades y personas son las que empujan, d\u00eda a d\u00eda, al equipo de Gobierno para desarrollar pol\u00edticas deportivas y sostenibles para el vecindario \u201c.<\/p>\n","protected":false},"excerpt":{"rendered":"<p>El presidente y fundador de ACES Europe, Gian Francesco Lupatelli, ha comunicado a la alcaldesa, Amelia Fern\u00e1ndez, que Cand\u00e1s ser\u00e1 Villa Europea del Deporte 2023. La noticia llega una semana despu\u00e9s de recibir al comit\u00e9 evaluador en el municipio y tras valorar este los m\u00e9ritos de la villa candasina para recibir dicha distinci\u00f3n. Es un<\/p>\n","protected":false},"author":1,"featured_media":168713,"comment_status":"closed","ping_status":"closed","sticky":false,"template":"","format":"standard","meta":{"footnotes":""},"categories":[316,2],"tags":[366,387],"class_list":{"0":"post-168712","1":"post","2":"type-post","3":"status-publish","4":"format-standard","5":"has-post-thumbnail","7":"category-destacadas","8":"category-noticias-carreno","9":"tag-candas","10":"tag-deporte"},"aioseo_notices":[],"aioseo_head":"\n\t\t<!-- All in One SEO Pro 4.9.6.2 - aioseo.com -->\n\t<meta name=\"description\" content=\"El presidente y fundador de ACES Europe, Gian Francesco Lupatelli, ha comunicado a la alcaldesa, Amelia Fern\u00e1ndez, que Cand\u00e1s ser\u00e1 Villa Europea\" \/>\n\t<meta name=\"robots\" content=\"max-image-preview:large\" \/>\n\t<meta name=\"author\" content=\"Cand\u00e1s 365\"\/>\n\t<meta name=\"google-site-verification\" content=\"UA-32230408-1\" \/>\n\t<meta name=\"msvalidate.01\" content=\"354F3CDFB2DA171B47FBE9ABF1F88D5\" \/>\n\t<meta name=\"keywords\" content=\"destacadas,noticias carre\u00f1o\" \/>\n\t<link rel=\"canonical\" href=\"https:\/\/candas365.es\/noticias\/candas-sera-villa-europea-del-deporte-2023\/\" \/>\n\t<meta name=\"generator\" content=\"All in One SEO Pro (AIOSEO) 4.9.6.2\" \/>\n\t\t<meta property=\"og:locale\" content=\"es_ES\" \/>\n\t\t<meta property=\"og:site_name\" content=\"Cand\u00e1s 365\" \/>\n\t\t<meta property=\"og:type\" content=\"article\" \/>\n\t\t<meta property=\"og:title\" content=\"Cand\u00e1s ser\u00e1 Villa Europea del Deporte 2023 | Cand\u00e1s 365\" \/>\n\t\t<meta property=\"og:description\" content=\"El presidente y fundador de ACES Europe, Gian Francesco Lupatelli, ha comunicado a la alcaldesa, Amelia Fern\u00e1ndez, que Cand\u00e1s ser\u00e1 Villa Europea\" \/>\n\t\t<meta property=\"og:url\" content=\"https:\/\/candas365.es\/noticias\/candas-sera-villa-europea-del-deporte-2023\/\" \/>\n\t\t<meta property=\"og:image\" content=\"https:\/\/candas365.es\/noticias\/wp-content\/uploads\/2022\/11\/Candas.jpg\" \/>\n\t\t<meta property=\"og:image:secure_url\" content=\"https:\/\/candas365.es\/noticias\/wp-content\/uploads\/2022\/11\/Candas.jpg\" \/>\n\t\t<meta property=\"og:image:width\" content=\"888\" \/>\n\t\t<meta property=\"og:image:height\" content=\"668\" \/>\n\t\t<meta property=\"article:published_time\" content=\"2022-11-11T12:01:08+00:00\" \/>\n\t\t<meta property=\"article:modified_time\" content=\"2022-11-11T12:01:08+00:00\" \/>\n\t\t<meta property=\"article:publisher\" content=\"https:\/\/www.facebook.com\/Nachofdezber\" \/>\n\t\t<meta property=\"article:author\" content=\"https:\/\/www.facebook.com\/carrenoactualidad\" \/>\n\t\t<meta name=\"twitter:card\" content=\"summary_large_image\" \/>\n\t\t<meta name=\"twitter:site\" content=\"@NabercoDigital\" \/>\n\t\t<meta name=\"twitter:title\" content=\"Cand\u00e1s ser\u00e1 Villa Europea del Deporte 2023 | Cand\u00e1s 365\" \/>\n\t\t<meta name=\"twitter:description\" content=\"El presidente y fundador de ACES Europe, Gian Francesco Lupatelli, ha comunicado a la alcaldesa, Amelia Fern\u00e1ndez, que Cand\u00e1s ser\u00e1 Villa Europea\" \/>\n\t\t<meta name=\"twitter:creator\" content=\"@nbasturias\" \/>\n\t\t<meta name=\"twitter:image\" content=\"https:\/\/candas365.es\/noticias\/wp-content\/uploads\/2022\/11\/Candas.jpg\" \/>\n\t\t<meta name=\"twitter:label1\" content=\"Escrito por\" \/>\n\t\t<meta name=\"twitter:data1\" content=\"Cand\u00e1s 365\" \/>\n\t\t<meta name=\"twitter:label2\" content=\"Tiempo de lectura estimado\" \/>\n\t\t<meta name=\"twitter:data2\" content=\"3 minutos\" \/>\n\t\t<script type=\"application\/ld+json\" class=\"aioseo-schema\">\n\t\t\t{\"@context\":\"https:\\\/\\\/schema.org\",\"@graph\":[{\"@type\":\"BreadcrumbList\",\"@id\":\"https:\\\/\\\/candas365.es\\\/noticias\\\/candas-sera-villa-europea-del-deporte-2023\\\/#breadcrumblist\",\"itemListElement\":[{\"@type\":\"ListItem\",\"@id\":\"https:\\\/\\\/candas365.es\\\/noticias#listItem\",\"position\":1,\"name\":\"Home\",\"item\":\"https:\\\/\\\/candas365.es\\\/noticias\",\"nextItem\":{\"@type\":\"ListItem\",\"@id\":\"https:\\\/\\\/candas365.es\\\/noticias\\\/category\\\/noticias-carreno\\\/#listItem\",\"name\":\"Noticias Carre\\u00f1o\"}},{\"@type\":\"ListItem\",\"@id\":\"https:\\\/\\\/candas365.es\\\/noticias\\\/category\\\/noticias-carreno\\\/#listItem\",\"position\":2,\"name\":\"Noticias Carre\\u00f1o\",\"item\":\"https:\\\/\\\/candas365.es\\\/noticias\\\/category\\\/noticias-carreno\\\/\",\"nextItem\":{\"@type\":\"ListItem\",\"@id\":\"https:\\\/\\\/candas365.es\\\/noticias\\\/candas-sera-villa-europea-del-deporte-2023\\\/#listItem\",\"name\":\"Cand\\u00e1s ser\\u00e1 Villa Europea del Deporte 2023\"},\"previousItem\":{\"@type\":\"ListItem\",\"@id\":\"https:\\\/\\\/candas365.es\\\/noticias#listItem\",\"name\":\"Home\"}},{\"@type\":\"ListItem\",\"@id\":\"https:\\\/\\\/candas365.es\\\/noticias\\\/candas-sera-villa-europea-del-deporte-2023\\\/#listItem\",\"position\":3,\"name\":\"Cand\\u00e1s ser\\u00e1 Villa Europea del Deporte 2023\",\"previousItem\":{\"@type\":\"ListItem\",\"@id\":\"https:\\\/\\\/candas365.es\\\/noticias\\\/category\\\/noticias-carreno\\\/#listItem\",\"name\":\"Noticias Carre\\u00f1o\"}}]},{\"@type\":\"NewsArticle\",\"@id\":\"https:\\\/\\\/candas365.es\\\/noticias\\\/candas-sera-villa-europea-del-deporte-2023\\\/#newsarticle\",\"name\":\"Cand\\u00e1s ser\\u00e1 Villa Europea del Deporte 2023 | Cand\\u00e1s 365\",\"headline\":\"Cand\\u00e1s ser\\u00e1 Villa Europea del Deporte 2023\",\"author\":{\"@id\":\"https:\\\/\\\/candas365.es\\\/noticias\\\/author\\\/admin\\\/#author\"},\"publisher\":{\"@id\":\"https:\\\/\\\/candas365.es\\\/noticias\\\/#organization\"},\"image\":{\"@type\":\"ImageObject\",\"url\":\"https:\\\/\\\/candas365.es\\\/noticias\\\/wp-content\\\/uploads\\\/2022\\\/11\\\/Candas.jpg\",\"width\":888,\"height\":668,\"caption\":\"Foto: Cand\\u00e1s365\"},\"datePublished\":\"2022-11-11T13:01:08+01:00\",\"dateModified\":\"2022-11-11T13:01:08+01:00\",\"inLanguage\":\"es-ES\",\"mainEntityOfPage\":{\"@id\":\"https:\\\/\\\/candas365.es\\\/noticias\\\/candas-sera-villa-europea-del-deporte-2023\\\/#webpage\"},\"isPartOf\":{\"@id\":\"https:\\\/\\\/candas365.es\\\/noticias\\\/candas-sera-villa-europea-del-deporte-2023\\\/#webpage\"},\"articleSection\":\"Destacadas, Noticias Carre\\u00f1o, Cand\\u00e1s, deporte\",\"dateline\":\"Publicado el noviembre 11, 2022.\"},{\"@type\":\"Organization\",\"@id\":\"https:\\\/\\\/candas365.es\\\/noticias\\\/#organization\",\"name\":\"Cand\\u00e1s 365\",\"description\":\"Cand\\u00e1s 365 es un diario digital independiente, fundado en 2012, con base en Asturias. Informamos con rigor sobre actualidad, sociedad, cultura y ocio, con una mirada local y global.\",\"url\":\"https:\\\/\\\/candas365.es\\\/noticias\\\/\",\"email\":\"info@candas365.es\",\"telephone\":\"+34652131393\",\"foundingDate\":\"2012-06-10\",\"logo\":{\"@type\":\"ImageObject\",\"url\":\"https:\\\/\\\/candas365.es\\\/noticias\\\/wp-content\\\/uploads\\\/2024\\\/09\\\/Candas-365-Redes.jpg\",\"@id\":\"https:\\\/\\\/candas365.es\\\/noticias\\\/candas-sera-villa-europea-del-deporte-2023\\\/#organizationLogo\",\"width\":1152,\"height\":864,\"caption\":\"Cand\\u00e1s 365 Redes\"},\"image\":{\"@id\":\"https:\\\/\\\/candas365.es\\\/noticias\\\/candas-sera-villa-europea-del-deporte-2023\\\/#organizationLogo\"},\"sameAs\":[\"https:\\\/\\\/www.facebook.com\\\/Nachofdezber\",\"https:\\\/\\\/x.com\\\/NabercoDigital\",\"https:\\\/\\\/www.instagram.com\\\/nachofdezber\\\/\",\"https:\\\/\\\/www.youtube.com\\\/channel\\\/UCZP-2wLEB9Rv6erhFmqVnvg\"],\"address\":{\"@id\":\"https:\\\/\\\/candas365.es\\\/noticias\\\/#postaladdress\",\"@type\":\"PostalAddress\",\"streetAddress\":\"san antonio 4, san antonio 4\",\"postalCode\":\"33430\",\"addressLocality\":\"Cand\\u00e1s\",\"addressRegion\":\"Asturias\",\"addressCountry\":\"ES\"}},{\"@type\":\"Person\",\"@id\":\"https:\\\/\\\/candas365.es\\\/noticias\\\/author\\\/admin\\\/#author\",\"url\":\"https:\\\/\\\/candas365.es\\\/noticias\\\/author\\\/admin\\\/\",\"name\":\"Cand\\u00e1s 365\",\"image\":{\"@type\":\"ImageObject\",\"@id\":\"https:\\\/\\\/candas365.es\\\/noticias\\\/candas-sera-villa-europea-del-deporte-2023\\\/#authorImage\",\"url\":\"https:\\\/\\\/secure.gravatar.com\\\/avatar\\\/496a8e03d0c493ede1718b7934145dbdf8d89be1036b0eec9544e1094c9de390?s=96&d=mm&r=g\",\"width\":96,\"height\":96,\"caption\":\"Cand\\u00e1s 365\"},\"sameAs\":[\"https:\\\/\\\/www.facebook.com\\\/carrenoactualidad\",\"https:\\\/\\\/twitter.com\\\/nbasturias\",\"https:\\\/\\\/www.instagram.com\\\/nachofdezber\\\/\",\"https:\\\/\\\/www.youtube.com\\\/channel\\\/UCZP-2wLEB9Rv6erhFmqVnvg\"]},{\"@type\":\"WebPage\",\"@id\":\"https:\\\/\\\/candas365.es\\\/noticias\\\/candas-sera-villa-europea-del-deporte-2023\\\/#webpage\",\"url\":\"https:\\\/\\\/candas365.es\\\/noticias\\\/candas-sera-villa-europea-del-deporte-2023\\\/\",\"name\":\"Cand\\u00e1s ser\\u00e1 Villa Europea del Deporte 2023 | Cand\\u00e1s 365\",\"description\":\"El presidente y fundador de ACES Europe, Gian Francesco Lupatelli, ha comunicado a la alcaldesa, Amelia Fern\\u00e1ndez, que Cand\\u00e1s ser\\u00e1 Villa Europea\",\"inLanguage\":\"es-ES\",\"isPartOf\":{\"@id\":\"https:\\\/\\\/candas365.es\\\/noticias\\\/#website\"},\"breadcrumb\":{\"@id\":\"https:\\\/\\\/candas365.es\\\/noticias\\\/candas-sera-villa-europea-del-deporte-2023\\\/#breadcrumblist\"},\"author\":{\"@id\":\"https:\\\/\\\/candas365.es\\\/noticias\\\/author\\\/admin\\\/#author\"},\"creator\":{\"@id\":\"https:\\\/\\\/candas365.es\\\/noticias\\\/author\\\/admin\\\/#author\"},\"image\":{\"@type\":\"ImageObject\",\"url\":\"https:\\\/\\\/candas365.es\\\/noticias\\\/wp-content\\\/uploads\\\/2022\\\/11\\\/Candas.jpg\",\"@id\":\"https:\\\/\\\/candas365.es\\\/noticias\\\/candas-sera-villa-europea-del-deporte-2023\\\/#mainImage\",\"width\":888,\"height\":668,\"caption\":\"Foto: Cand\\u00e1s365\"},\"primaryImageOfPage\":{\"@id\":\"https:\\\/\\\/candas365.es\\\/noticias\\\/candas-sera-villa-europea-del-deporte-2023\\\/#mainImage\"},\"datePublished\":\"2022-11-11T13:01:08+01:00\",\"dateModified\":\"2022-11-11T13:01:08+01:00\"},{\"@type\":\"WebSite\",\"@id\":\"https:\\\/\\\/candas365.es\\\/noticias\\\/#website\",\"url\":\"https:\\\/\\\/candas365.es\\\/noticias\\\/\",\"name\":\"Cand\\u00e1s 365\",\"alternateName\":\"Cand\\u00e1s 365 Noticias\",\"description\":\"Actualidad desde Carre\\u00f1o para el mundo\",\"inLanguage\":\"es-ES\",\"publisher\":{\"@id\":\"https:\\\/\\\/candas365.es\\\/noticias\\\/#organization\"}}]}\n\t\t<\/script>\n\t\t<!-- All in One SEO Pro -->\r\n\t\t<title>Cand\u00e1s ser\u00e1 Villa Europea del Deporte 2023 | Cand\u00e1s 365<\/title>\n\n","aioseo_head_json":{"title":"Cand\u00e1s ser\u00e1 Villa Europea del Deporte 2023 | Cand\u00e1s 365","description":"El presidente y fundador de ACES Europe, Gian Francesco Lupatelli, ha comunicado a la alcaldesa, Amelia Fern\u00e1ndez, que Cand\u00e1s ser\u00e1 Villa Europea","canonical_url":"https:\/\/candas365.es\/noticias\/candas-sera-villa-europea-del-deporte-2023\/","robots":"max-image-preview:large","keywords":"destacadas,noticias carre\u00f1o","webmasterTools":{"google-site-verification":"UA-32230408-1","msvalidate.01":"354F3CDFB2DA171B47FBE9ABF1F88D5","miscellaneous":""},"schema":{"@context":"https:\/\/schema.org","@graph":[{"@type":"BreadcrumbList","@id":"https:\/\/candas365.es\/noticias\/candas-sera-villa-europea-del-deporte-2023\/#breadcrumblist","itemListElement":[{"@type":"ListItem","@id":"https:\/\/candas365.es\/noticias#listItem","position":1,"name":"Home","item":"https:\/\/candas365.es\/noticias","nextItem":{"@type":"ListItem","@id":"https:\/\/candas365.es\/noticias\/category\/noticias-carreno\/#listItem","name":"Noticias Carre\u00f1o"}},{"@type":"ListItem","@id":"https:\/\/candas365.es\/noticias\/category\/noticias-carreno\/#listItem","position":2,"name":"Noticias Carre\u00f1o","item":"https:\/\/candas365.es\/noticias\/category\/noticias-carreno\/","nextItem":{"@type":"ListItem","@id":"https:\/\/candas365.es\/noticias\/candas-sera-villa-europea-del-deporte-2023\/#listItem","name":"Cand\u00e1s ser\u00e1 Villa Europea del Deporte 2023"},"previousItem":{"@type":"ListItem","@id":"https:\/\/candas365.es\/noticias#listItem","name":"Home"}},{"@type":"ListItem","@id":"https:\/\/candas365.es\/noticias\/candas-sera-villa-europea-del-deporte-2023\/#listItem","position":3,"name":"Cand\u00e1s ser\u00e1 Villa Europea del Deporte 2023","previousItem":{"@type":"ListItem","@id":"https:\/\/candas365.es\/noticias\/category\/noticias-carreno\/#listItem","name":"Noticias Carre\u00f1o"}}]},{"@type":"NewsArticle","@id":"https:\/\/candas365.es\/noticias\/candas-sera-villa-europea-del-deporte-2023\/#newsarticle","name":"Cand\u00e1s ser\u00e1 Villa Europea del Deporte 2023 | Cand\u00e1s 365","headline":"Cand\u00e1s ser\u00e1 Villa Europea del Deporte 2023","author":{"@id":"https:\/\/candas365.es\/noticias\/author\/admin\/#author"},"publisher":{"@id":"https:\/\/candas365.es\/noticias\/#organization"},"image":{"@type":"ImageObject","url":"https:\/\/candas365.es\/noticias\/wp-content\/uploads\/2022\/11\/Candas.jpg","width":888,"height":668,"caption":"Foto: Cand\u00e1s365"},"datePublished":"2022-11-11T13:01:08+01:00","dateModified":"2022-11-11T13:01:08+01:00","inLanguage":"es-ES","mainEntityOfPage":{"@id":"https:\/\/candas365.es\/noticias\/candas-sera-villa-europea-del-deporte-2023\/#webpage"},"isPartOf":{"@id":"https:\/\/candas365.es\/noticias\/candas-sera-villa-europea-del-deporte-2023\/#webpage"},"articleSection":"Destacadas, Noticias Carre\u00f1o, Cand\u00e1s, deporte","dateline":"Publicado el noviembre 11, 2022."},{"@type":"Organization","@id":"https:\/\/candas365.es\/noticias\/#organization","name":"Cand\u00e1s 365","description":"Cand\u00e1s 365 es un diario digital independiente, fundado en 2012, con base en Asturias. Informamos con rigor sobre actualidad, sociedad, cultura y ocio, con una mirada local y global.","url":"https:\/\/candas365.es\/noticias\/","email":"info@candas365.es","telephone":"+34652131393","foundingDate":"2012-06-10","logo":{"@type":"ImageObject","url":"https:\/\/candas365.es\/noticias\/wp-content\/uploads\/2024\/09\/Candas-365-Redes.jpg","@id":"https:\/\/candas365.es\/noticias\/candas-sera-villa-europea-del-deporte-2023\/#organizationLogo","width":1152,"height":864,"caption":"Cand\u00e1s 365 Redes"},"image":{"@id":"https:\/\/candas365.es\/noticias\/candas-sera-villa-europea-del-deporte-2023\/#organizationLogo"},"sameAs":["https:\/\/www.facebook.com\/Nachofdezber","https:\/\/x.com\/NabercoDigital","https:\/\/www.instagram.com\/nachofdezber\/","https:\/\/www.youtube.com\/channel\/UCZP-2wLEB9Rv6erhFmqVnvg"],"address":{"@id":"https:\/\/candas365.es\/noticias\/#postaladdress","@type":"PostalAddress","streetAddress":"san antonio 4, san antonio 4","postalCode":"33430","addressLocality":"Cand\u00e1s","addressRegion":"Asturias","addressCountry":"ES"}},{"@type":"Person","@id":"https:\/\/candas365.es\/noticias\/author\/admin\/#author","url":"https:\/\/candas365.es\/noticias\/author\/admin\/","name":"Cand\u00e1s 365","image":{"@type":"ImageObject","@id":"https:\/\/candas365.es\/noticias\/candas-sera-villa-europea-del-deporte-2023\/#authorImage","url":"https:\/\/secure.gravatar.com\/avatar\/496a8e03d0c493ede1718b7934145dbdf8d89be1036b0eec9544e1094c9de390?s=96&d=mm&r=g","width":96,"height":96,"caption":"Cand\u00e1s 365"},"sameAs":["https:\/\/www.facebook.com\/carrenoactualidad","https:\/\/twitter.com\/nbasturias","https:\/\/www.instagram.com\/nachofdezber\/","https:\/\/www.youtube.com\/channel\/UCZP-2wLEB9Rv6erhFmqVnvg"]},{"@type":"WebPage","@id":"https:\/\/candas365.es\/noticias\/candas-sera-villa-europea-del-deporte-2023\/#webpage","url":"https:\/\/candas365.es\/noticias\/candas-sera-villa-europea-del-deporte-2023\/","name":"Cand\u00e1s ser\u00e1 Villa Europea del Deporte 2023 | Cand\u00e1s 365","description":"El presidente y fundador de ACES Europe, Gian Francesco Lupatelli, ha comunicado a la alcaldesa, Amelia Fern\u00e1ndez, que Cand\u00e1s ser\u00e1 Villa Europea","inLanguage":"es-ES","isPartOf":{"@id":"https:\/\/candas365.es\/noticias\/#website"},"breadcrumb":{"@id":"https:\/\/candas365.es\/noticias\/candas-sera-villa-europea-del-deporte-2023\/#breadcrumblist"},"author":{"@id":"https:\/\/candas365.es\/noticias\/author\/admin\/#author"},"creator":{"@id":"https:\/\/candas365.es\/noticias\/author\/admin\/#author"},"image":{"@type":"ImageObject","url":"https:\/\/candas365.es\/noticias\/wp-content\/uploads\/2022\/11\/Candas.jpg","@id":"https:\/\/candas365.es\/noticias\/candas-sera-villa-europea-del-deporte-2023\/#mainImage","width":888,"height":668,"caption":"Foto: Cand\u00e1s365"},"primaryImageOfPage":{"@id":"https:\/\/candas365.es\/noticias\/candas-sera-villa-europea-del-deporte-2023\/#mainImage"},"datePublished":"2022-11-11T13:01:08+01:00","dateModified":"2022-11-11T13:01:08+01:00"},{"@type":"WebSite","@id":"https:\/\/candas365.es\/noticias\/#website","url":"https:\/\/candas365.es\/noticias\/","name":"Cand\u00e1s 365","alternateName":"Cand\u00e1s 365 Noticias","description":"Actualidad desde Carre\u00f1o para el mundo","inLanguage":"es-ES","publisher":{"@id":"https:\/\/candas365.es\/noticias\/#organization"}}]},"og:locale":"es_ES","og:site_name":"Cand\u00e1s 365","og:type":"article","og:title":"Cand\u00e1s ser\u00e1 Villa Europea del Deporte 2023 | Cand\u00e1s 365","og:description":"El presidente y fundador de ACES Europe, Gian Francesco Lupatelli, ha comunicado a la alcaldesa, Amelia Fern\u00e1ndez, que Cand\u00e1s ser\u00e1 Villa Europea","og:url":"https:\/\/candas365.es\/noticias\/candas-sera-villa-europea-del-deporte-2023\/","og:image":"https:\/\/candas365.es\/noticias\/wp-content\/uploads\/2022\/11\/Candas.jpg","og:image:secure_url":"https:\/\/candas365.es\/noticias\/wp-content\/uploads\/2022\/11\/Candas.jpg","og:image:width":888,"og:image:height":668,"article:published_time":"2022-11-11T12:01:08+00:00","article:modified_time":"2022-11-11T12:01:08+00:00","article:publisher":"https:\/\/www.facebook.com\/Nachofdezber","article:author":"https:\/\/www.facebook.com\/carrenoactualidad","twitter:card":"summary_large_image","twitter:site":"@NabercoDigital","twitter:title":"Cand\u00e1s ser\u00e1 Villa Europea del Deporte 2023 | Cand\u00e1s 365","twitter:description":"El presidente y fundador de ACES Europe, Gian Francesco Lupatelli, ha comunicado a la alcaldesa, Amelia Fern\u00e1ndez, que Cand\u00e1s ser\u00e1 Villa Europea","twitter:creator":"@nbasturias","twitter:image":"https:\/\/candas365.es\/noticias\/wp-content\/uploads\/2022\/11\/Candas.jpg","twitter:label1":"Escrito por","twitter:data1":"Cand\u00e1s 365","twitter:label2":"Tiempo de lectura estimado","twitter:data2":"3 minutos"},"aioseo_meta_data":{"post_id":"168712","title":null,"description":"El presidente y fundador de ACES Europe, Gian Francesco Lupatelli, ha comunicado a la alcaldesa, Amelia Fern\u00e1ndez, que Cand\u00e1s ser\u00e1 Villa Europea","keywords":[],"keyphrases":{"focus":{"keyphrase":"Cand\u00e1s","score":100,"analysis":{"keyphraseInTitle":{"title":"Focus keyphrase in SEO title","description":"Focus keyphrase found in SEO title.","score":9,"maxScore":9,"error":0},"keyphraseInDescription":{"title":"Focus keyphrase in meta description","description":"Focus keyphrase found in meta description.","score":9,"maxScore":9,"error":0},"keyphraseLength":{"title":"Focus keyphrase length","description":"Good job!","score":9,"maxScore":9,"error":0,"length":1},"keyphraseInURL":{"title":"Focus keyphrase in URL","description":"Focus keyphrase used in the URL.","score":5,"maxScore":5,"error":0},"keyphraseInIntroduction":{"title":"Focus keyphrase in introduction","description":"Your Focus keyphrase appears in the first paragraph. Well done!","score":9,"maxScore":9,"error":0},"keyphraseInSubHeadings":[],"keyphraseInImageAlt":{"title":"Focus keyphrase in image alt attributes","description":"Focus keyphrase found in image alt attribute(s).","score":9,"maxScore":9,"error":0}}},"additional":[{"keyphrase":"Villa Europea","score":83,"analysis":{"keyphraseInDescription":{"title":"Keyphrase in meta description","description":"Keyphrase found in meta description.","score":9,"maxScore":9,"error":0},"keyphraseLength":{"title":"Keyphrase length","description":"Good job!","score":9,"maxScore":9,"error":0,"length":2},"keyphraseInIntroduction":{"title":"Keyphrase in introduction","description":"Your Keyphrase appears in the first paragraph. Well done!","score":9,"maxScore":9,"error":0},"keyphraseInImageAlt":{"title":"Keyphrase in image alt attributes","description":"Keyphrase not found in image alt attribute(s). Add an image with your Keyphrase as alt text.","score":3,"maxScore":9,"error":1}}}]},"primary_term":null,"canonical_url":null,"og_title":null,"og_description":null,"og_object_type":"default","og_image_type":"default","og_image_url":null,"og_image_width":null,"og_image_height":null,"og_image_custom_url":null,"og_image_custom_fields":null,"og_video":"","og_custom_url":null,"og_article_section":null,"og_article_tags":[],"twitter_use_og":false,"twitter_card":"default","twitter_image_type":"default","twitter_image_url":null,"twitter_image_custom_url":null,"twitter_image_custom_fields":null,"twitter_title":null,"twitter_description":null,"schema":{"blockGraphs":[],"customGraphs":[],"default":{"data":{"Article":[],"Course":[],"Dataset":[],"FAQPage":[],"Movie":[],"Person":[],"Product":[],"ProductReview":[],"Car":[],"Recipe":[],"Service":[],"SoftwareApplication":[],"WebPage":[]},"graphName":"Article","isEnabled":true},"graphs":[]},"schema_type":"default","schema_type_options":null,"pillar_content":false,"robots_default":true,"robots_noindex":false,"robots_noarchive":false,"robots_nosnippet":false,"robots_nofollow":false,"robots_noimageindex":false,"robots_noodp":false,"robots_notranslate":false,"robots_max_snippet":"-1","robots_max_videopreview":"-1","robots_max_imagepreview":"large","priority":null,"frequency":"default","location":null,"local_seo":null,"seo_analyzer_scan_date":"2025-09-01 15:31:23","breadcrumb_settings":null,"limit_modified_date":false,"reviewed_by":null,"open_ai":null,"ai":null,"created":"2022-11-11 11:54:40","updated":"2025-09-01 15:31:23"},"aioseo_breadcrumb":"<div class=\"aioseo-breadcrumbs\"><span class=\"aioseo-breadcrumb\">\n\t<a href=\"https:\/\/candas365.es\/noticias\" title=\"Home\">Home<\/a>\n<\/span><span class=\"aioseo-breadcrumb-separator\">&ndash;<\/span><span class=\"aioseo-breadcrumb\">\n\t<a href=\"https:\/\/candas365.es\/noticias\/category\/noticias-carreno\/\" title=\"Noticias Carre\u00f1o\">Noticias Carre\u00f1o<\/a>\n<\/span><span class=\"aioseo-breadcrumb-separator\">&ndash;<\/span><span class=\"aioseo-breadcrumb\">\n\tCand\u00e1s ser\u00e1 Villa Europea del Deporte 2023\n<\/span><\/div>","aioseo_breadcrumb_json":[{"label":"Home","link":"https:\/\/candas365.es\/noticias"},{"label":"Noticias Carre\u00f1o","link":"https:\/\/candas365.es\/noticias\/category\/noticias-carreno\/"},{"label":"Cand\u00e1s ser\u00e1 Villa Europea del Deporte 2023","link":"https:\/\/candas365.es\/noticias\/candas-sera-villa-europea-del-deporte-2023\/"}],"_links":{"self":[{"href":"https:\/\/candas365.es\/noticias\/wp-json\/wp\/v2\/posts\/168712","targetHints":{"allow":["GET"]}}],"collection":[{"href":"https:\/\/candas365.es\/noticias\/wp-json\/wp\/v2\/posts"}],"about":[{"href":"https:\/\/candas365.es\/noticias\/wp-json\/wp\/v2\/types\/post"}],"author":[{"embeddable":true,"href":"https:\/\/candas365.es\/noticias\/wp-json\/wp\/v2\/users\/1"}],"replies":[{"embeddable":true,"href":"https:\/\/candas365.es\/noticias\/wp-json\/wp\/v2\/comments?post=168712"}],"version-history":[{"count":0,"href":"https:\/\/candas365.es\/noticias\/wp-json\/wp\/v2\/posts\/168712\/revisions"}],"wp:featuredmedia":[{"embeddable":true,"href":"https:\/\/candas365.es\/noticias\/wp-json\/wp\/v2\/media\/168713"}],"wp:attachment":[{"href":"https:\/\/candas365.es\/noticias\/wp-json\/wp\/v2\/media?parent=168712"}],"wp:term":[{"taxonomy":"category","embeddable":true,"href":"https:\/\/candas365.es\/noticias\/wp-json\/wp\/v2\/categories?post=168712"},{"taxonomy":"post_tag","embeddable":true,"href":"https:\/\/candas365.es\/noticias\/wp-json\/wp\/v2\/tags?post=168712"}],"curies":[{"name":"wp","href":"https:\/\/api.w.org\/{rel}","templated":true}]}}