{"id":168674,"date":"2022-11-10T23:02:08","date_gmt":"2022-11-10T22:02:08","guid":{"rendered":"https:\/\/candas365.es\/noticias\/?p=168674"},"modified":"2022-11-10T23:02:08","modified_gmt":"2022-11-10T22:02:08","slug":"moda-femenina-en-otono-e-invierno-comoda-de-dia-y-chic-de-noche","status":"publish","type":"post","link":"https:\/\/candas365.es\/noticias\/moda-femenina-en-otono-e-invierno-comoda-de-dia-y-chic-de-noche\/","title":{"rendered":"Moda femenina en oto\u00f1o e invierno: c\u00f3moda de d\u00eda y chic de noche"},"content":{"rendered":"<p>(dpa) &#8211; Durante la pandemia, la <a href=\"https:\/\/eldigitaldeasturias.com\/magazine365\/category\/moda\/\" target=\"_blank\" rel=\"noopener\"><span style=\"color: #ff6600;\"><strong>moda<\/strong><\/span><\/a> se volc\u00f3 hacia el confort y la comodidad, con cortes amplios y telas suaves. Y este oto\u00f1o e invierno, la moda femenina en el hemisferio norte registra dos tendencias: una para el d\u00eda y otra para la noche.<\/p>\n<figure id=\"attachment_168675\" aria-describedby=\"caption-attachment-168675\" style=\"width: 650px\" class=\"wp-caption aligncenter\"><img fetchpriority=\"high\" decoding=\"async\" class=\"wp-image-168675 size-large\" src=\"https:\/\/candas365.es\/noticias\/wp-content\/uploads\/2022\/11\/moda-650x432.jpg\" alt=\"moda\" width=\"650\" height=\"432\" srcset=\"https:\/\/candas365.es\/noticias\/wp-content\/uploads\/2022\/11\/moda-650x432.jpg 650w, https:\/\/candas365.es\/noticias\/wp-content\/uploads\/2022\/11\/moda-360x239.jpg 360w, https:\/\/candas365.es\/noticias\/wp-content\/uploads\/2022\/11\/moda-768x510.jpg 768w, https:\/\/candas365.es\/noticias\/wp-content\/uploads\/2022\/11\/moda-150x100.jpg 150w, https:\/\/candas365.es\/noticias\/wp-content\/uploads\/2022\/11\/moda-450x299.jpg 450w, https:\/\/candas365.es\/noticias\/wp-content\/uploads\/2022\/11\/moda.jpg 1006w\" sizes=\"(max-width: 650px) 100vw, 650px\" \/><figcaption id=\"caption-attachment-168675\" class=\"wp-caption-text\">Las faldas cortas ofrecen mucho espacio para las botas: esta combinaci\u00f3n est\u00e1 volviendo este invierno, como en este ejemplo de Fabienne Chapot. Foto: Fabienne Chapot\/dpa<\/figcaption><\/figure>\n<p>\u00abExiste una muy fuerte polarizaci\u00f3n entre la ropa para la vida cotidiana y nuestra vestimenta para acontecimientos extraordinarios\u00bb, comenta Carl Tillessen, analista de tendencias del Instituto Alem\u00e1n de la Moda. \u00abTodo lo que est\u00e1 entremedio resulta realmente poco interesante\u00bb, a\u00f1ade.<\/p>\n<h2>La tendencia de d\u00eda: la comodidad<\/h2>\n<p>\u00abNos quedamos con mucho del &#8216;home office&#8217; y del &#8216;lockdown&#8217; en nuestra cotidianediad postpand\u00e9mica\u00bb, comenta Tillesen sobre las razones para este desarrollo de la moda. \u00abJustamente esa comodidad, ese desenfado al que nos acostumbramos\u00bb, a\u00f1ade.<\/p>\n<p>Por eso, en las tiendas se siguen viendo pantalones c\u00f3modos, cortes amplios y telas acogedoras. Y esto por el momento continuar\u00e1 de esta forma.<\/p>\n<p>Porque entre las modificaciones que experimentaron muchos durante el teletrabajo se cuenta tambi\u00e9n que pudieron dejar de lado la ropa m\u00e1s formal, como los blazers, las blusas -que requieren un planchado con esmero- y los trajes ajustados.<\/p>\n<p>Estas comodidades \u00abno se dejan de lado as\u00ed como as\u00ed\u00bb, afirma el analista de moda Tillessen. Sobre todo porque este desarrollo ya se ven\u00eda perfilando, pero ahora definitivamente se aceler\u00f3. \u00abLo que en circunstancias normales habr\u00eda tardado diez a\u00f1os, ahora demor\u00f3 dos\u00bb, se\u00f1ala.<\/p>\n<p>Los pantalones de jogging de moda para salir son otros diferentes de los que usan para ver series o pasar el rato tirado en el sof\u00e1, precisa Tillessen. El jogging para salir es m\u00e1s chic, \u00abcon una elegancia casi sorprendente\u00bb.<\/p>\n<p>Y esto tiene que ver con las telas y tambi\u00e9n con los cortes. O con los colores, con los que se suelen confeccionar los abrigos elegantes o las combinaciones de trajes y blazers. As\u00ed, le brindan al pantal\u00f3n de jogging un toque de elegancia y valor. Por ejemplo, el camel, el negro y el azul oscuro.<\/p>\n<h2>Estos son los \u00abmust\u00bb en materia de comodidad en la temporada:<\/h2>\n<h3>1. Tela de peluche<\/h3>\n<p>Si hay una tela que es verdadera tendencia en este momento, es la teddy o tela de peluche. Se ve sobre todo en los abrigos. Y ah\u00ed, por cierto, es notablemente frecuente en colores adecuados para salir, como rosa fuerte y azul brillante.<\/p>\n<p>Asimismo, otra prenda que es tentadora por lo acogedora y calentita es la chaqueta inflada. Tambi\u00e9n se la ve frecuentemente en colores fuertes y a gran tama\u00f1o, as\u00ed como \u00abcropped\u00bb, es decir, en versi\u00f3n s\u00faper corta.<\/p>\n<h3>2. Prendas de punto llamativas<\/h3>\n<p>Coloridos, con modelos fuertes, y hasta con todo un paisaje completo en la parte delantera: los jerseys de punto se destacan en esta temporada.<\/p>\n<h3>3. Grandes anuncios<\/h3>\n<p>Qui\u00e9nes somos, qu\u00e9 representamos&#8230; eso es lo que muestra ahora la ropa de forma muy llamativa: con grandes caracteres, a veces en estilo grafiti, pero sobre todo en c\u00f3modos jerseys y sudaderas con capucha.<\/p>\n<h2>La tendencia nocturna y de eventos: lo chic<\/h2>\n<p>Y tambi\u00e9n est\u00e1 la moda de salir, en fuerte contraste con el \u00ablook\u00bb de la comodidad. Muchas personas sienten la necesidad de recuperar la elegancia, comenta Tillessen.<\/p>\n<p>\u00abQuieren volver a estar chic, quieren volver a mostrarse, volver a ser glamurosos. Pero esto solo se practica por la noche o en ocasiones especiales\u00bb, especifica.<\/p>\n<p>Por ejemplo, durante el d\u00eda se usan las c\u00f3modas sneakers. Pero, \u00abcuando se quiere salir, se utilizan los tacos de 15 cent\u00edmetros para los pocos pasos del taxi hasta el bar\u00bb, pone Tillessen como ejemplo.<\/p>\n<p>De esta manera, ya no se est\u00e1 lidiando todo el d\u00eda con unos zapatos negros de tac\u00f3n de altura media, que luego tambi\u00e9n se usan a la hora de salir. \u00abTe cambias de ropa para salir y no te quedas con un jersey en la discoteca, como se habr\u00eda hecho hace un par de a\u00f1os\u00bb, observa el experto en moda.<\/p>\n<p>Esta moda genera ganas de vivir, es extrovertida, llamativa y sexy. \u00abDebido a la gran necesidad de recuperar la corporalidad, vuelve con fuerza a la moda una sensualidad que en realidad cre\u00edamos haber dejado atr\u00e1s\u00bb, escribe la publicaci\u00f3n especializada \u00abTextile Network\u00bb (online) sobre esta tendencia.<\/p>\n<p>Los atuendos demuestran que hay ganas de divertirse en la vida y que la moda tambi\u00e9n puede ser un factor de diversi\u00f3n. Pero esto solamente ocurre cuando uno se siente bien con la ropa corta y que no cubre demasiado.<\/p>\n<p>Y, en caso de que no, existen muchos otros \u00ablooks\u00bb que tambi\u00e9n pueden divertir con una mayor porci\u00f3n de tela. Prendas que brillan o tienen colores fuertes. \u00abEsto suele ir acompa\u00f1ado de una alegr\u00eda traviesa e infantil, que se refleja en motivos infantiles de c\u00f3mic en la ropa\u00bb, dice el analista de tendencias.<\/p>\n<h2>Estos son los \u00abmust\u00bb en materia chic en la temporada:<\/h2>\n<h3>1. Las minis<\/h3>\n<p>La revista \u00abVogue\u00bb lo califica como \u00abel debut m\u00e1s sorprendente\u00bb en su top ten de la temporada: la mini de invierno. Durante los d\u00edas fr\u00edos, las minifaldas, as\u00ed como los minivestidos y los minishorts, son tendencia, seg\u00fan el Instituto Alem\u00e1n de la Moda (DMI, por sus siglas en alem\u00e1n). Tapando justo lo necesario o hasta apenas por encima de la rodilla, toda la variedad de cortos est\u00e1 de moda.<\/p>\n<p>Esto deja mucho espacio para una buena bota alta y a menudo de corte recto. \u00abCuanto m\u00e1s gruesa o ancha sea la ca\u00f1a de la bota, m\u00e1s delgada se ver\u00e1 la pierna\u00bb, aconseja el DMI. La mini tambi\u00e9n da cabida a una prenda m\u00e1s que reaparece: las llamativas medias panti.<\/p>\n<h3>2. El traje elegante y ex\u00f3tico<\/h3>\n<p>El Instituto Alem\u00e1n de la Moda lo llama \u00abpower suiting\u00bb. Hablamos de combinaciones inusuales de blazers con colores expresivos o estampados llamativos. Tambi\u00e9n los cortes pueden destacar, por ejemplo, a trav\u00e9s de perneras de pantal\u00f3n especialmente anchas, hombreras bien cuadradas y blazers demasiado largos.<\/p>\n<h3>3. Vestidos con un toque especial<\/h3>\n<p>El vestido estar\u00e1 a la moda este oto\u00f1o si tiene algo que destaque: mangas abullonadas, volantes, lazos, estampados especiales. Y seg\u00fan el DMI, deber\u00eda ser minicorto o midi. La revista Vogue, por su parte, apuesta por los maxi vestidos en su panorama de tendencias. Al menos en los desfiles de esta temporada, tienen un \u00abpapel realmente preponderante\u00bb.<\/p>\n<p><i class=\"lang-es\"><span class=\" readonly\" title=\"\">Por Simone Andrea Mayer (dpa)<\/span><\/i><\/p>\n","protected":false},"excerpt":{"rendered":"<p>(dpa) &#8211; Durante la pandemia, la moda se volc\u00f3 hacia el confort y la comodidad, con cortes amplios y telas suaves. Y este oto\u00f1o e invierno, la moda femenina en el hemisferio norte registra dos tendencias: una para el d\u00eda y otra para la noche. \u00abExiste una muy fuerte polarizaci\u00f3n entre la ropa para la<\/p>\n","protected":false},"author":1,"featured_media":168675,"comment_status":"closed","ping_status":"closed","sticky":false,"template":"","format":"standard","meta":{"footnotes":""},"categories":[142],"tags":[435],"class_list":{"0":"post-168674","1":"post","2":"type-post","3":"status-publish","4":"format-standard","5":"has-post-thumbnail","7":"category-revista","8":"tag-moda"},"aioseo_notices":[],"aioseo_head":"\n\t\t<!-- All in One SEO Pro 4.9.6.2 - aioseo.com -->\n\t<meta name=\"description\" content=\"(dpa) - Durante la pandemia, la moda se volc\u00f3 hacia el confort y la comodidad, con cortes amplios y telas suaves. Y este oto\u00f1o e invierno, la moda femenina\" \/>\n\t<meta name=\"robots\" content=\"max-image-preview:large\" \/>\n\t<meta name=\"author\" content=\"Cand\u00e1s 365\"\/>\n\t<meta name=\"google-site-verification\" content=\"UA-32230408-1\" \/>\n\t<meta name=\"msvalidate.01\" content=\"354F3CDFB2DA171B47FBE9ABF1F88D5\" \/>\n\t<meta name=\"keywords\" content=\"revista\" \/>\n\t<link rel=\"canonical\" href=\"https:\/\/candas365.es\/noticias\/moda-femenina-en-otono-e-invierno-comoda-de-dia-y-chic-de-noche\/\" \/>\n\t<meta name=\"generator\" content=\"All in One SEO Pro (AIOSEO) 4.9.6.2\" \/>\n\t\t<meta property=\"og:locale\" content=\"es_ES\" \/>\n\t\t<meta property=\"og:site_name\" content=\"Cand\u00e1s 365\" \/>\n\t\t<meta property=\"og:type\" content=\"article\" \/>\n\t\t<meta property=\"og:title\" content=\"Moda femenina en oto\u00f1o e invierno: c\u00f3moda de d\u00eda y chic de noche | Cand\u00e1s 365\" \/>\n\t\t<meta property=\"og:description\" content=\"(dpa) - Durante la pandemia, la moda se volc\u00f3 hacia el confort y la comodidad, con cortes amplios y telas suaves. Y este oto\u00f1o e invierno, la moda femenina\" \/>\n\t\t<meta property=\"og:url\" content=\"https:\/\/candas365.es\/noticias\/moda-femenina-en-otono-e-invierno-comoda-de-dia-y-chic-de-noche\/\" \/>\n\t\t<meta property=\"og:image\" content=\"https:\/\/candas365.es\/noticias\/wp-content\/uploads\/2022\/11\/moda.jpg\" \/>\n\t\t<meta property=\"og:image:secure_url\" content=\"https:\/\/candas365.es\/noticias\/wp-content\/uploads\/2022\/11\/moda.jpg\" \/>\n\t\t<meta property=\"og:image:width\" content=\"1006\" \/>\n\t\t<meta property=\"og:image:height\" content=\"668\" \/>\n\t\t<meta property=\"article:published_time\" content=\"2022-11-10T22:02:08+00:00\" \/>\n\t\t<meta property=\"article:modified_time\" content=\"2022-11-10T22:02:08+00:00\" \/>\n\t\t<meta property=\"article:publisher\" content=\"https:\/\/www.facebook.com\/Nachofdezber\" \/>\n\t\t<meta property=\"article:author\" content=\"https:\/\/www.facebook.com\/carrenoactualidad\" \/>\n\t\t<meta name=\"twitter:card\" content=\"summary_large_image\" \/>\n\t\t<meta name=\"twitter:site\" content=\"@NabercoDigital\" \/>\n\t\t<meta name=\"twitter:title\" content=\"Moda femenina en oto\u00f1o e invierno: c\u00f3moda de d\u00eda y chic de noche | Cand\u00e1s 365\" \/>\n\t\t<meta name=\"twitter:description\" content=\"(dpa) - Durante la pandemia, la moda se volc\u00f3 hacia el confort y la comodidad, con cortes amplios y telas suaves. Y este oto\u00f1o e invierno, la moda femenina\" \/>\n\t\t<meta name=\"twitter:creator\" content=\"@nbasturias\" \/>\n\t\t<meta name=\"twitter:image\" content=\"https:\/\/candas365.es\/noticias\/wp-content\/uploads\/2022\/11\/moda.jpg\" \/>\n\t\t<meta name=\"twitter:label1\" content=\"Escrito por\" \/>\n\t\t<meta name=\"twitter:data1\" content=\"Cand\u00e1s 365\" \/>\n\t\t<meta name=\"twitter:label2\" content=\"Tiempo de lectura estimado\" \/>\n\t\t<meta name=\"twitter:data2\" content=\"6 minutos\" \/>\n\t\t<script type=\"application\/ld+json\" class=\"aioseo-schema\">\n\t\t\t{\"@context\":\"https:\\\/\\\/schema.org\",\"@graph\":[{\"@type\":\"BreadcrumbList\",\"@id\":\"https:\\\/\\\/candas365.es\\\/noticias\\\/moda-femenina-en-otono-e-invierno-comoda-de-dia-y-chic-de-noche\\\/#breadcrumblist\",\"itemListElement\":[{\"@type\":\"ListItem\",\"@id\":\"https:\\\/\\\/candas365.es\\\/noticias#listItem\",\"position\":1,\"name\":\"Home\",\"item\":\"https:\\\/\\\/candas365.es\\\/noticias\",\"nextItem\":{\"@type\":\"ListItem\",\"@id\":\"https:\\\/\\\/candas365.es\\\/noticias\\\/category\\\/revista\\\/#listItem\",\"name\":\"Revista\"}},{\"@type\":\"ListItem\",\"@id\":\"https:\\\/\\\/candas365.es\\\/noticias\\\/category\\\/revista\\\/#listItem\",\"position\":2,\"name\":\"Revista\",\"item\":\"https:\\\/\\\/candas365.es\\\/noticias\\\/category\\\/revista\\\/\",\"nextItem\":{\"@type\":\"ListItem\",\"@id\":\"https:\\\/\\\/candas365.es\\\/noticias\\\/moda-femenina-en-otono-e-invierno-comoda-de-dia-y-chic-de-noche\\\/#listItem\",\"name\":\"Moda femenina en oto\\u00f1o e invierno: c\\u00f3moda de d\\u00eda y chic de noche\"},\"previousItem\":{\"@type\":\"ListItem\",\"@id\":\"https:\\\/\\\/candas365.es\\\/noticias#listItem\",\"name\":\"Home\"}},{\"@type\":\"ListItem\",\"@id\":\"https:\\\/\\\/candas365.es\\\/noticias\\\/moda-femenina-en-otono-e-invierno-comoda-de-dia-y-chic-de-noche\\\/#listItem\",\"position\":3,\"name\":\"Moda femenina en oto\\u00f1o e invierno: c\\u00f3moda de d\\u00eda y chic de noche\",\"previousItem\":{\"@type\":\"ListItem\",\"@id\":\"https:\\\/\\\/candas365.es\\\/noticias\\\/category\\\/revista\\\/#listItem\",\"name\":\"Revista\"}}]},{\"@type\":\"NewsArticle\",\"@id\":\"https:\\\/\\\/candas365.es\\\/noticias\\\/moda-femenina-en-otono-e-invierno-comoda-de-dia-y-chic-de-noche\\\/#newsarticle\",\"name\":\"Moda femenina en oto\\u00f1o e invierno: c\\u00f3moda de d\\u00eda y chic de noche | Cand\\u00e1s 365\",\"headline\":\"Moda femenina en oto\\u00f1o e invierno: c\\u00f3moda de d\\u00eda y chic de noche\",\"author\":{\"@id\":\"https:\\\/\\\/candas365.es\\\/noticias\\\/author\\\/admin\\\/#author\"},\"publisher\":{\"@id\":\"https:\\\/\\\/candas365.es\\\/noticias\\\/#organization\"},\"image\":{\"@type\":\"ImageObject\",\"url\":\"https:\\\/\\\/candas365.es\\\/noticias\\\/wp-content\\\/uploads\\\/2022\\\/11\\\/moda.jpg\",\"width\":1006,\"height\":668,\"caption\":\"Las faldas cortas ofrecen mucho espacio para las botas: esta combinaci\\u00f3n est\\u00e1 volviendo este invierno, como en este ejemplo de Fabienne Chapot. Foto: Fabienne Chapot\\\/dpa\"},\"datePublished\":\"2022-11-10T23:02:08+01:00\",\"dateModified\":\"2022-11-10T23:02:08+01:00\",\"inLanguage\":\"es-ES\",\"mainEntityOfPage\":{\"@id\":\"https:\\\/\\\/candas365.es\\\/noticias\\\/moda-femenina-en-otono-e-invierno-comoda-de-dia-y-chic-de-noche\\\/#webpage\"},\"isPartOf\":{\"@id\":\"https:\\\/\\\/candas365.es\\\/noticias\\\/moda-femenina-en-otono-e-invierno-comoda-de-dia-y-chic-de-noche\\\/#webpage\"},\"articleSection\":\"Revista, moda\",\"dateline\":\"Publicado el noviembre 10, 2022.\"},{\"@type\":\"Organization\",\"@id\":\"https:\\\/\\\/candas365.es\\\/noticias\\\/#organization\",\"name\":\"Cand\\u00e1s 365\",\"description\":\"Cand\\u00e1s 365 es un diario digital independiente, fundado en 2012, con base en Asturias. Informamos con rigor sobre actualidad, sociedad, cultura y ocio, con una mirada local y global.\",\"url\":\"https:\\\/\\\/candas365.es\\\/noticias\\\/\",\"email\":\"info@candas365.es\",\"telephone\":\"+34652131393\",\"foundingDate\":\"2012-06-10\",\"logo\":{\"@type\":\"ImageObject\",\"url\":\"https:\\\/\\\/candas365.es\\\/noticias\\\/wp-content\\\/uploads\\\/2024\\\/09\\\/Candas-365-Redes.jpg\",\"@id\":\"https:\\\/\\\/candas365.es\\\/noticias\\\/moda-femenina-en-otono-e-invierno-comoda-de-dia-y-chic-de-noche\\\/#organizationLogo\",\"width\":1152,\"height\":864,\"caption\":\"Cand\\u00e1s 365 Redes\"},\"image\":{\"@id\":\"https:\\\/\\\/candas365.es\\\/noticias\\\/moda-femenina-en-otono-e-invierno-comoda-de-dia-y-chic-de-noche\\\/#organizationLogo\"},\"sameAs\":[\"https:\\\/\\\/www.facebook.com\\\/Nachofdezber\",\"https:\\\/\\\/x.com\\\/NabercoDigital\",\"https:\\\/\\\/www.instagram.com\\\/nachofdezber\\\/\",\"https:\\\/\\\/www.youtube.com\\\/channel\\\/UCZP-2wLEB9Rv6erhFmqVnvg\"],\"address\":{\"@id\":\"https:\\\/\\\/candas365.es\\\/noticias\\\/#postaladdress\",\"@type\":\"PostalAddress\",\"streetAddress\":\"san antonio 4, san antonio 4\",\"postalCode\":\"33430\",\"addressLocality\":\"Cand\\u00e1s\",\"addressRegion\":\"Asturias\",\"addressCountry\":\"ES\"}},{\"@type\":\"Person\",\"@id\":\"https:\\\/\\\/candas365.es\\\/noticias\\\/author\\\/admin\\\/#author\",\"url\":\"https:\\\/\\\/candas365.es\\\/noticias\\\/author\\\/admin\\\/\",\"name\":\"Cand\\u00e1s 365\",\"image\":{\"@type\":\"ImageObject\",\"@id\":\"https:\\\/\\\/candas365.es\\\/noticias\\\/moda-femenina-en-otono-e-invierno-comoda-de-dia-y-chic-de-noche\\\/#authorImage\",\"url\":\"https:\\\/\\\/secure.gravatar.com\\\/avatar\\\/496a8e03d0c493ede1718b7934145dbdf8d89be1036b0eec9544e1094c9de390?s=96&d=mm&r=g\",\"width\":96,\"height\":96,\"caption\":\"Cand\\u00e1s 365\"},\"sameAs\":[\"https:\\\/\\\/www.facebook.com\\\/carrenoactualidad\",\"https:\\\/\\\/twitter.com\\\/nbasturias\",\"https:\\\/\\\/www.instagram.com\\\/nachofdezber\\\/\",\"https:\\\/\\\/www.youtube.com\\\/channel\\\/UCZP-2wLEB9Rv6erhFmqVnvg\"]},{\"@type\":\"WebPage\",\"@id\":\"https:\\\/\\\/candas365.es\\\/noticias\\\/moda-femenina-en-otono-e-invierno-comoda-de-dia-y-chic-de-noche\\\/#webpage\",\"url\":\"https:\\\/\\\/candas365.es\\\/noticias\\\/moda-femenina-en-otono-e-invierno-comoda-de-dia-y-chic-de-noche\\\/\",\"name\":\"Moda femenina en oto\\u00f1o e invierno: c\\u00f3moda de d\\u00eda y chic de noche | Cand\\u00e1s 365\",\"description\":\"(dpa) - Durante la pandemia, la moda se volc\\u00f3 hacia el confort y la comodidad, con cortes amplios y telas suaves. Y este oto\\u00f1o e invierno, la moda femenina\",\"inLanguage\":\"es-ES\",\"isPartOf\":{\"@id\":\"https:\\\/\\\/candas365.es\\\/noticias\\\/#website\"},\"breadcrumb\":{\"@id\":\"https:\\\/\\\/candas365.es\\\/noticias\\\/moda-femenina-en-otono-e-invierno-comoda-de-dia-y-chic-de-noche\\\/#breadcrumblist\"},\"author\":{\"@id\":\"https:\\\/\\\/candas365.es\\\/noticias\\\/author\\\/admin\\\/#author\"},\"creator\":{\"@id\":\"https:\\\/\\\/candas365.es\\\/noticias\\\/author\\\/admin\\\/#author\"},\"image\":{\"@type\":\"ImageObject\",\"url\":\"https:\\\/\\\/candas365.es\\\/noticias\\\/wp-content\\\/uploads\\\/2022\\\/11\\\/moda.jpg\",\"@id\":\"https:\\\/\\\/candas365.es\\\/noticias\\\/moda-femenina-en-otono-e-invierno-comoda-de-dia-y-chic-de-noche\\\/#mainImage\",\"width\":1006,\"height\":668,\"caption\":\"Las faldas cortas ofrecen mucho espacio para las botas: esta combinaci\\u00f3n est\\u00e1 volviendo este invierno, como en este ejemplo de Fabienne Chapot. Foto: Fabienne Chapot\\\/dpa\"},\"primaryImageOfPage\":{\"@id\":\"https:\\\/\\\/candas365.es\\\/noticias\\\/moda-femenina-en-otono-e-invierno-comoda-de-dia-y-chic-de-noche\\\/#mainImage\"},\"datePublished\":\"2022-11-10T23:02:08+01:00\",\"dateModified\":\"2022-11-10T23:02:08+01:00\"},{\"@type\":\"WebSite\",\"@id\":\"https:\\\/\\\/candas365.es\\\/noticias\\\/#website\",\"url\":\"https:\\\/\\\/candas365.es\\\/noticias\\\/\",\"name\":\"Cand\\u00e1s 365\",\"alternateName\":\"Cand\\u00e1s 365 Noticias\",\"description\":\"Actualidad desde Carre\\u00f1o para el mundo\",\"inLanguage\":\"es-ES\",\"publisher\":{\"@id\":\"https:\\\/\\\/candas365.es\\\/noticias\\\/#organization\"}}]}\n\t\t<\/script>\n\t\t<!-- All in One SEO Pro -->\r\n\t\t<title>Moda femenina en oto\u00f1o e invierno: c\u00f3moda de d\u00eda y chic de noche | Cand\u00e1s 365<\/title>\n\n","aioseo_head_json":{"title":"Moda femenina en oto\u00f1o e invierno: c\u00f3moda de d\u00eda y chic de noche | Cand\u00e1s 365","description":"(dpa) - Durante la pandemia, la moda se volc\u00f3 hacia el confort y la comodidad, con cortes amplios y telas suaves. Y este oto\u00f1o e invierno, la moda femenina","canonical_url":"https:\/\/candas365.es\/noticias\/moda-femenina-en-otono-e-invierno-comoda-de-dia-y-chic-de-noche\/","robots":"max-image-preview:large","keywords":"revista","webmasterTools":{"google-site-verification":"UA-32230408-1","msvalidate.01":"354F3CDFB2DA171B47FBE9ABF1F88D5","miscellaneous":""},"schema":{"@context":"https:\/\/schema.org","@graph":[{"@type":"BreadcrumbList","@id":"https:\/\/candas365.es\/noticias\/moda-femenina-en-otono-e-invierno-comoda-de-dia-y-chic-de-noche\/#breadcrumblist","itemListElement":[{"@type":"ListItem","@id":"https:\/\/candas365.es\/noticias#listItem","position":1,"name":"Home","item":"https:\/\/candas365.es\/noticias","nextItem":{"@type":"ListItem","@id":"https:\/\/candas365.es\/noticias\/category\/revista\/#listItem","name":"Revista"}},{"@type":"ListItem","@id":"https:\/\/candas365.es\/noticias\/category\/revista\/#listItem","position":2,"name":"Revista","item":"https:\/\/candas365.es\/noticias\/category\/revista\/","nextItem":{"@type":"ListItem","@id":"https:\/\/candas365.es\/noticias\/moda-femenina-en-otono-e-invierno-comoda-de-dia-y-chic-de-noche\/#listItem","name":"Moda femenina en oto\u00f1o e invierno: c\u00f3moda de d\u00eda y chic de noche"},"previousItem":{"@type":"ListItem","@id":"https:\/\/candas365.es\/noticias#listItem","name":"Home"}},{"@type":"ListItem","@id":"https:\/\/candas365.es\/noticias\/moda-femenina-en-otono-e-invierno-comoda-de-dia-y-chic-de-noche\/#listItem","position":3,"name":"Moda femenina en oto\u00f1o e invierno: c\u00f3moda de d\u00eda y chic de noche","previousItem":{"@type":"ListItem","@id":"https:\/\/candas365.es\/noticias\/category\/revista\/#listItem","name":"Revista"}}]},{"@type":"NewsArticle","@id":"https:\/\/candas365.es\/noticias\/moda-femenina-en-otono-e-invierno-comoda-de-dia-y-chic-de-noche\/#newsarticle","name":"Moda femenina en oto\u00f1o e invierno: c\u00f3moda de d\u00eda y chic de noche | Cand\u00e1s 365","headline":"Moda femenina en oto\u00f1o e invierno: c\u00f3moda de d\u00eda y chic de noche","author":{"@id":"https:\/\/candas365.es\/noticias\/author\/admin\/#author"},"publisher":{"@id":"https:\/\/candas365.es\/noticias\/#organization"},"image":{"@type":"ImageObject","url":"https:\/\/candas365.es\/noticias\/wp-content\/uploads\/2022\/11\/moda.jpg","width":1006,"height":668,"caption":"Las faldas cortas ofrecen mucho espacio para las botas: esta combinaci\u00f3n est\u00e1 volviendo este invierno, como en este ejemplo de Fabienne Chapot. Foto: Fabienne Chapot\/dpa"},"datePublished":"2022-11-10T23:02:08+01:00","dateModified":"2022-11-10T23:02:08+01:00","inLanguage":"es-ES","mainEntityOfPage":{"@id":"https:\/\/candas365.es\/noticias\/moda-femenina-en-otono-e-invierno-comoda-de-dia-y-chic-de-noche\/#webpage"},"isPartOf":{"@id":"https:\/\/candas365.es\/noticias\/moda-femenina-en-otono-e-invierno-comoda-de-dia-y-chic-de-noche\/#webpage"},"articleSection":"Revista, moda","dateline":"Publicado el noviembre 10, 2022."},{"@type":"Organization","@id":"https:\/\/candas365.es\/noticias\/#organization","name":"Cand\u00e1s 365","description":"Cand\u00e1s 365 es un diario digital independiente, fundado en 2012, con base en Asturias. Informamos con rigor sobre actualidad, sociedad, cultura y ocio, con una mirada local y global.","url":"https:\/\/candas365.es\/noticias\/","email":"info@candas365.es","telephone":"+34652131393","foundingDate":"2012-06-10","logo":{"@type":"ImageObject","url":"https:\/\/candas365.es\/noticias\/wp-content\/uploads\/2024\/09\/Candas-365-Redes.jpg","@id":"https:\/\/candas365.es\/noticias\/moda-femenina-en-otono-e-invierno-comoda-de-dia-y-chic-de-noche\/#organizationLogo","width":1152,"height":864,"caption":"Cand\u00e1s 365 Redes"},"image":{"@id":"https:\/\/candas365.es\/noticias\/moda-femenina-en-otono-e-invierno-comoda-de-dia-y-chic-de-noche\/#organizationLogo"},"sameAs":["https:\/\/www.facebook.com\/Nachofdezber","https:\/\/x.com\/NabercoDigital","https:\/\/www.instagram.com\/nachofdezber\/","https:\/\/www.youtube.com\/channel\/UCZP-2wLEB9Rv6erhFmqVnvg"],"address":{"@id":"https:\/\/candas365.es\/noticias\/#postaladdress","@type":"PostalAddress","streetAddress":"san antonio 4, san antonio 4","postalCode":"33430","addressLocality":"Cand\u00e1s","addressRegion":"Asturias","addressCountry":"ES"}},{"@type":"Person","@id":"https:\/\/candas365.es\/noticias\/author\/admin\/#author","url":"https:\/\/candas365.es\/noticias\/author\/admin\/","name":"Cand\u00e1s 365","image":{"@type":"ImageObject","@id":"https:\/\/candas365.es\/noticias\/moda-femenina-en-otono-e-invierno-comoda-de-dia-y-chic-de-noche\/#authorImage","url":"https:\/\/secure.gravatar.com\/avatar\/496a8e03d0c493ede1718b7934145dbdf8d89be1036b0eec9544e1094c9de390?s=96&d=mm&r=g","width":96,"height":96,"caption":"Cand\u00e1s 365"},"sameAs":["https:\/\/www.facebook.com\/carrenoactualidad","https:\/\/twitter.com\/nbasturias","https:\/\/www.instagram.com\/nachofdezber\/","https:\/\/www.youtube.com\/channel\/UCZP-2wLEB9Rv6erhFmqVnvg"]},{"@type":"WebPage","@id":"https:\/\/candas365.es\/noticias\/moda-femenina-en-otono-e-invierno-comoda-de-dia-y-chic-de-noche\/#webpage","url":"https:\/\/candas365.es\/noticias\/moda-femenina-en-otono-e-invierno-comoda-de-dia-y-chic-de-noche\/","name":"Moda femenina en oto\u00f1o e invierno: c\u00f3moda de d\u00eda y chic de noche | Cand\u00e1s 365","description":"(dpa) - Durante la pandemia, la moda se volc\u00f3 hacia el confort y la comodidad, con cortes amplios y telas suaves. Y este oto\u00f1o e invierno, la moda femenina","inLanguage":"es-ES","isPartOf":{"@id":"https:\/\/candas365.es\/noticias\/#website"},"breadcrumb":{"@id":"https:\/\/candas365.es\/noticias\/moda-femenina-en-otono-e-invierno-comoda-de-dia-y-chic-de-noche\/#breadcrumblist"},"author":{"@id":"https:\/\/candas365.es\/noticias\/author\/admin\/#author"},"creator":{"@id":"https:\/\/candas365.es\/noticias\/author\/admin\/#author"},"image":{"@type":"ImageObject","url":"https:\/\/candas365.es\/noticias\/wp-content\/uploads\/2022\/11\/moda.jpg","@id":"https:\/\/candas365.es\/noticias\/moda-femenina-en-otono-e-invierno-comoda-de-dia-y-chic-de-noche\/#mainImage","width":1006,"height":668,"caption":"Las faldas cortas ofrecen mucho espacio para las botas: esta combinaci\u00f3n est\u00e1 volviendo este invierno, como en este ejemplo de Fabienne Chapot. Foto: Fabienne Chapot\/dpa"},"primaryImageOfPage":{"@id":"https:\/\/candas365.es\/noticias\/moda-femenina-en-otono-e-invierno-comoda-de-dia-y-chic-de-noche\/#mainImage"},"datePublished":"2022-11-10T23:02:08+01:00","dateModified":"2022-11-10T23:02:08+01:00"},{"@type":"WebSite","@id":"https:\/\/candas365.es\/noticias\/#website","url":"https:\/\/candas365.es\/noticias\/","name":"Cand\u00e1s 365","alternateName":"Cand\u00e1s 365 Noticias","description":"Actualidad desde Carre\u00f1o para el mundo","inLanguage":"es-ES","publisher":{"@id":"https:\/\/candas365.es\/noticias\/#organization"}}]},"og:locale":"es_ES","og:site_name":"Cand\u00e1s 365","og:type":"article","og:title":"Moda femenina en oto\u00f1o e invierno: c\u00f3moda de d\u00eda y chic de noche | Cand\u00e1s 365","og:description":"(dpa) - Durante la pandemia, la moda se volc\u00f3 hacia el confort y la comodidad, con cortes amplios y telas suaves. Y este oto\u00f1o e invierno, la moda femenina","og:url":"https:\/\/candas365.es\/noticias\/moda-femenina-en-otono-e-invierno-comoda-de-dia-y-chic-de-noche\/","og:image":"https:\/\/candas365.es\/noticias\/wp-content\/uploads\/2022\/11\/moda.jpg","og:image:secure_url":"https:\/\/candas365.es\/noticias\/wp-content\/uploads\/2022\/11\/moda.jpg","og:image:width":1006,"og:image:height":668,"article:published_time":"2022-11-10T22:02:08+00:00","article:modified_time":"2022-11-10T22:02:08+00:00","article:publisher":"https:\/\/www.facebook.com\/Nachofdezber","article:author":"https:\/\/www.facebook.com\/carrenoactualidad","twitter:card":"summary_large_image","twitter:site":"@NabercoDigital","twitter:title":"Moda femenina en oto\u00f1o e invierno: c\u00f3moda de d\u00eda y chic de noche | Cand\u00e1s 365","twitter:description":"(dpa) - Durante la pandemia, la moda se volc\u00f3 hacia el confort y la comodidad, con cortes amplios y telas suaves. Y este oto\u00f1o e invierno, la moda femenina","twitter:creator":"@nbasturias","twitter:image":"https:\/\/candas365.es\/noticias\/wp-content\/uploads\/2022\/11\/moda.jpg","twitter:label1":"Escrito por","twitter:data1":"Cand\u00e1s 365","twitter:label2":"Tiempo de lectura estimado","twitter:data2":"6 minutos"},"aioseo_meta_data":{"post_id":"168674","title":null,"description":"(dpa) - Durante la pandemia, la moda se volc\u00f3 hacia el confort y la comodidad, con cortes amplios y telas suaves. Y este oto\u00f1o e invierno, la moda femenina","keywords":[],"keyphrases":{"focus":{"keyphrase":"moda","score":83,"analysis":{"keyphraseInTitle":{"title":"Focus keyphrase in SEO title","description":"Focus keyphrase found in SEO title.","score":9,"maxScore":9,"error":0},"keyphraseInDescription":{"title":"Focus keyphrase in meta description","description":"Focus keyphrase found in meta description.","score":9,"maxScore":9,"error":0},"keyphraseLength":{"title":"Focus keyphrase length","description":"Good job!","score":9,"maxScore":9,"error":0,"length":1},"keyphraseInURL":{"title":"Focus keyphrase in URL","description":"Focus keyphrase not found in the URL.","score":1,"maxScore":5,"error":1},"keyphraseInIntroduction":{"title":"Focus keyphrase in introduction","description":"Your Focus keyphrase appears in the first paragraph. Well done!","score":9,"maxScore":9,"error":0},"keyphraseInSubHeadings":{"title":"Focus keyphrase in Subheadings","description":"Use your focus keyphrase more in your H2 and H3 subheadings.","score":3,"maxScore":9,"error":1},"keyphraseInImageAlt":{"title":"Focus keyphrase in image alt attributes","description":"Focus keyphrase found in image alt attribute(s).","score":9,"maxScore":9,"error":0}}},"additional":[{"keyphrase":" la moda ","score":100,"analysis":{"keyphraseInDescription":{"title":"Keyphrase in meta description","description":"Keyphrase found in meta description.","score":9,"maxScore":9,"error":0},"keyphraseLength":{"title":"Keyphrase length","description":"Good job!","score":9,"maxScore":9,"error":0,"length":2},"keyphraseInIntroduction":{"title":"Keyphrase in introduction","description":"Your Keyphrase appears in the first paragraph. Well done!","score":9,"maxScore":9,"error":0},"keyphraseInImageAlt":{"title":"Keyphrase in image alt attributes","description":"Keyphrase found in image alt attribute(s).","score":9,"maxScore":9,"error":0}}},{"keyphrase":"moda femenina ","score":83,"analysis":{"keyphraseInDescription":{"title":"Keyphrase in meta description","description":"Keyphrase found in meta description.","score":9,"maxScore":9,"error":0},"keyphraseLength":{"title":"Keyphrase length","description":"Good job!","score":9,"maxScore":9,"error":0,"length":2},"keyphraseInIntroduction":{"title":"Keyphrase in introduction","description":"Your Keyphrase appears in the first paragraph. Well done!","score":9,"maxScore":9,"error":0},"keyphraseInImageAlt":{"title":"Keyphrase in image alt attributes","description":"Keyphrase not found in image alt attribute(s). Add an image with your Keyphrase as alt text.","score":3,"maxScore":9,"error":1}}},{"keyphrase":"moda","score":100,"analysis":{"keyphraseInDescription":{"title":"Keyphrase in meta description","description":"Keyphrase found in meta description.","score":9,"maxScore":9,"error":0},"keyphraseLength":{"title":"Keyphrase length","description":"Good job!","score":9,"maxScore":9,"error":0,"length":1},"keyphraseInIntroduction":{"title":"Keyphrase in introduction","description":"Your Keyphrase appears in the first paragraph. Well done!","score":9,"maxScore":9,"error":0},"keyphraseInImageAlt":{"title":"Keyphrase in image alt attributes","description":"Keyphrase found in image alt attribute(s).","score":9,"maxScore":9,"error":0}}}]},"primary_term":null,"canonical_url":null,"og_title":null,"og_description":null,"og_object_type":"default","og_image_type":"default","og_image_url":null,"og_image_width":null,"og_image_height":null,"og_image_custom_url":null,"og_image_custom_fields":null,"og_video":"","og_custom_url":null,"og_article_section":null,"og_article_tags":[],"twitter_use_og":false,"twitter_card":"default","twitter_image_type":"default","twitter_image_url":null,"twitter_image_custom_url":null,"twitter_image_custom_fields":null,"twitter_title":null,"twitter_description":null,"schema":{"blockGraphs":[],"customGraphs":[],"default":{"data":{"Article":[],"Course":[],"Dataset":[],"FAQPage":[],"Movie":[],"Person":[],"Product":[],"ProductReview":[],"Car":[],"Recipe":[],"Service":[],"SoftwareApplication":[],"WebPage":[]},"graphName":"Article","isEnabled":true},"graphs":[]},"schema_type":"default","schema_type_options":null,"pillar_content":false,"robots_default":true,"robots_noindex":false,"robots_noarchive":false,"robots_nosnippet":false,"robots_nofollow":false,"robots_noimageindex":false,"robots_noodp":false,"robots_notranslate":false,"robots_max_snippet":"-1","robots_max_videopreview":"-1","robots_max_imagepreview":"large","priority":null,"frequency":"default","location":null,"local_seo":null,"seo_analyzer_scan_date":"2025-09-01 15:29:49","breadcrumb_settings":null,"limit_modified_date":false,"reviewed_by":null,"open_ai":null,"ai":null,"created":"2022-11-10 21:54:38","updated":"2025-09-01 15:29:49"},"aioseo_breadcrumb":"<div class=\"aioseo-breadcrumbs\"><span class=\"aioseo-breadcrumb\">\n\t<a href=\"https:\/\/candas365.es\/noticias\" title=\"Home\">Home<\/a>\n<\/span><span class=\"aioseo-breadcrumb-separator\">&ndash;<\/span><span class=\"aioseo-breadcrumb\">\n\t<a href=\"https:\/\/candas365.es\/noticias\/category\/revista\/\" title=\"Revista\">Revista<\/a>\n<\/span><span class=\"aioseo-breadcrumb-separator\">&ndash;<\/span><span class=\"aioseo-breadcrumb\">\n\tModa femenina en oto\u00f1o e invierno: c\u00f3moda de d\u00eda y chic de noche\n<\/span><\/div>","aioseo_breadcrumb_json":[{"label":"Home","link":"https:\/\/candas365.es\/noticias"},{"label":"Revista","link":"https:\/\/candas365.es\/noticias\/category\/revista\/"},{"label":"Moda femenina en oto\u00f1o e invierno: c\u00f3moda de d\u00eda y chic de noche","link":"https:\/\/candas365.es\/noticias\/moda-femenina-en-otono-e-invierno-comoda-de-dia-y-chic-de-noche\/"}],"_links":{"self":[{"href":"https:\/\/candas365.es\/noticias\/wp-json\/wp\/v2\/posts\/168674","targetHints":{"allow":["GET"]}}],"collection":[{"href":"https:\/\/candas365.es\/noticias\/wp-json\/wp\/v2\/posts"}],"about":[{"href":"https:\/\/candas365.es\/noticias\/wp-json\/wp\/v2\/types\/post"}],"author":[{"embeddable":true,"href":"https:\/\/candas365.es\/noticias\/wp-json\/wp\/v2\/users\/1"}],"replies":[{"embeddable":true,"href":"https:\/\/candas365.es\/noticias\/wp-json\/wp\/v2\/comments?post=168674"}],"version-history":[{"count":0,"href":"https:\/\/candas365.es\/noticias\/wp-json\/wp\/v2\/posts\/168674\/revisions"}],"wp:featuredmedia":[{"embeddable":true,"href":"https:\/\/candas365.es\/noticias\/wp-json\/wp\/v2\/media\/168675"}],"wp:attachment":[{"href":"https:\/\/candas365.es\/noticias\/wp-json\/wp\/v2\/media?parent=168674"}],"wp:term":[{"taxonomy":"category","embeddable":true,"href":"https:\/\/candas365.es\/noticias\/wp-json\/wp\/v2\/categories?post=168674"},{"taxonomy":"post_tag","embeddable":true,"href":"https:\/\/candas365.es\/noticias\/wp-json\/wp\/v2\/tags?post=168674"}],"curies":[{"name":"wp","href":"https:\/\/api.w.org\/{rel}","templated":true}]}}