{"id":168286,"date":"2022-11-01T18:48:19","date_gmt":"2022-11-01T17:48:19","guid":{"rendered":"https:\/\/candas365.es\/noticias\/?p=168286"},"modified":"2022-11-01T18:48:19","modified_gmt":"2022-11-01T17:48:19","slug":"espana-estara-en-la-final-por-equipos-del-mundial-de-gimnasia-artistica","status":"publish","type":"post","link":"https:\/\/candas365.es\/noticias\/espana-estara-en-la-final-por-equipos-del-mundial-de-gimnasia-artistica\/","title":{"rendered":"Espa\u00f1a estar\u00e1 en la final por equipos del Mundial de gimnasia art\u00edstica"},"content":{"rendered":"<p>(EP) &#8211; El equipo espa\u00f1ol, compuesto por Joel Plata, N\u00e9stor Abad, Nicolau Mir, Thierno Diallo y Ray Zapata, se ha clasificado para la <strong>final por equipos del Mundial de gimnasia art\u00edstica<\/strong>, que se disputa en la ciudad brit\u00e1nica de Liverpool, tras lograr la sexta mejor marca.<\/p>\n<figure id=\"attachment_168287\" aria-describedby=\"caption-attachment-168287\" style=\"width: 650px\" class=\"wp-caption aligncenter\"><img fetchpriority=\"high\" decoding=\"async\" class=\"wp-image-168287 size-large\" src=\"https:\/\/candas365.es\/noticias\/wp-content\/uploads\/2022\/11\/Mundial-650x473.jpg\" alt=\"Mundial\" width=\"650\" height=\"473\" srcset=\"https:\/\/candas365.es\/noticias\/wp-content\/uploads\/2022\/11\/Mundial-650x473.jpg 650w, https:\/\/candas365.es\/noticias\/wp-content\/uploads\/2022\/11\/Mundial-360x262.jpg 360w, https:\/\/candas365.es\/noticias\/wp-content\/uploads\/2022\/11\/Mundial-768x558.jpg 768w, https:\/\/candas365.es\/noticias\/wp-content\/uploads\/2022\/11\/Mundial-150x109.jpg 150w, https:\/\/candas365.es\/noticias\/wp-content\/uploads\/2022\/11\/Mundial-450x327.jpg 450w, https:\/\/candas365.es\/noticias\/wp-content\/uploads\/2022\/11\/Mundial.jpg 890w\" sizes=\"(max-width: 650px) 100vw, 650px\" \/><figcaption id=\"caption-attachment-168287\" class=\"wp-caption-text\">El equipo espa\u00f1ol de gimnasia art\u00edstica (Joel Plata, N\u00e9stor Abad, Nicolau Mir, Thierno Diallo y Ray Zapata), en el Mundial de Liverpool &#8211; Foto: RFEG \/ Europa Press<\/figcaption><\/figure>\n<p>En la prueba, Jap\u00f3n accedi\u00f3 a la ronda final con la mejor puntuaci\u00f3n (260,695) y confirm\u00f3 su papel de favorito tras su plata en los Juegos de Tokio y con la ausencia de la de la sancionada Rusia. Reino Unido fue segundo con 252,793 puntos y Estados Unidos, tercero con 252,295. Espa\u00f1a, ya clasificada para los siguientes Mundiales, logr\u00f3 esa meritoria sexta plaza para luchar por las medallas, gracias a su marca de 245,594, quince puntos menos que el equipo nip\u00f3n.<\/p>\n<p>Adem\u00e1s, Joel Plata, que complet\u00f3 una actuaci\u00f3n m\u00e1s que notable en la competici\u00f3n por equipos, tambi\u00e9n consigui\u00f3 el billete para la final del concurso completo, donde tendr\u00e1 el objetivo de igualar y mejorar su s\u00e9ptima plaza cosechada el a\u00f1o pasado en el Mundial celebrado en la ciudad japonesa de Kitakyushu.<\/p>\n<p>Plata fue s\u00e9ptimo con un total de 82,799 puntos, con el nip\u00f3n Wataru Tanigawa en primera posici\u00f3n gracias a su nota de 84,731, por delante de su compatriota Daiki Hashimoto, vigente campe\u00f3n ol\u00edmpico, y el filipino Carlos Edriel Yulio, completando el &#8216;podio&#8217; en la ronda preliminar.<\/p>\n<p>Finalmente, el tambi\u00e9n espa\u00f1ol N\u00e9stor Abad se qued\u00f3 como primer reserva de la final despu\u00e9s de finalizar 25\u00ba, rozando los 80 puntos totales. As\u00ed, no pudo repetir final, despu\u00e9s de s\u00ed clasificarse en Kitakyushu, con un notable d\u00e9cimo puesto.<\/p>\n","protected":false},"excerpt":{"rendered":"<p>(EP) &#8211; El equipo espa\u00f1ol, compuesto por Joel Plata, N\u00e9stor Abad, Nicolau Mir, Thierno Diallo y Ray Zapata, se ha clasificado para la final por equipos del Mundial de gimnasia art\u00edstica, que se disputa en la ciudad brit\u00e1nica de Liverpool, tras lograr la sexta mejor marca. En la prueba, Jap\u00f3n accedi\u00f3 a la ronda final<\/p>\n","protected":false},"author":1,"featured_media":168287,"comment_status":"closed","ping_status":"closed","sticky":false,"template":"","format":"standard","meta":{"footnotes":""},"categories":[319],"tags":[387],"class_list":{"0":"post-168286","1":"post","2":"type-post","3":"status-publish","4":"format-standard","5":"has-post-thumbnail","7":"category-deporte","8":"tag-deporte"},"aioseo_notices":[],"aioseo_head":"\n\t\t<!-- All in One SEO Pro 4.9.6.2 - aioseo.com -->\n\t<meta name=\"description\" content=\"(EP) - El equipo espa\u00f1ol, compuesto por Joel Plata, N\u00e9stor Abad, Nicolau Mir, Thierno Diallo y Ray Zapata, se ha clasificado para la final por equipo del Mundial\" \/>\n\t<meta name=\"robots\" content=\"max-image-preview:large\" \/>\n\t<meta name=\"author\" content=\"Cand\u00e1s 365\"\/>\n\t<meta name=\"google-site-verification\" content=\"UA-32230408-1\" \/>\n\t<meta name=\"msvalidate.01\" content=\"354F3CDFB2DA171B47FBE9ABF1F88D5\" \/>\n\t<meta name=\"keywords\" content=\"deporte\" \/>\n\t<link rel=\"canonical\" href=\"https:\/\/candas365.es\/noticias\/espana-estara-en-la-final-por-equipos-del-mundial-de-gimnasia-artistica\/\" \/>\n\t<meta name=\"generator\" content=\"All in One SEO Pro (AIOSEO) 4.9.6.2\" \/>\n\t\t<meta property=\"og:locale\" content=\"es_ES\" \/>\n\t\t<meta property=\"og:site_name\" content=\"Cand\u00e1s 365\" \/>\n\t\t<meta property=\"og:type\" content=\"article\" \/>\n\t\t<meta property=\"og:title\" content=\"Espa\u00f1a estar\u00e1 en la final por equipos del Mundial de gimnasia art\u00edstica | Cand\u00e1s 365\" \/>\n\t\t<meta property=\"og:description\" content=\"(EP) - El equipo espa\u00f1ol, compuesto por Joel Plata, N\u00e9stor Abad, Nicolau Mir, Thierno Diallo y Ray Zapata, se ha clasificado para la final por equipo del Mundial\" \/>\n\t\t<meta property=\"og:url\" content=\"https:\/\/candas365.es\/noticias\/espana-estara-en-la-final-por-equipos-del-mundial-de-gimnasia-artistica\/\" \/>\n\t\t<meta property=\"og:image\" content=\"https:\/\/candas365.es\/noticias\/wp-content\/uploads\/2022\/11\/Mundial.jpg\" \/>\n\t\t<meta property=\"og:image:secure_url\" content=\"https:\/\/candas365.es\/noticias\/wp-content\/uploads\/2022\/11\/Mundial.jpg\" \/>\n\t\t<meta property=\"og:image:width\" content=\"890\" \/>\n\t\t<meta property=\"og:image:height\" content=\"647\" \/>\n\t\t<meta property=\"article:published_time\" content=\"2022-11-01T17:48:19+00:00\" \/>\n\t\t<meta property=\"article:modified_time\" content=\"2022-11-01T17:48:19+00:00\" \/>\n\t\t<meta property=\"article:publisher\" content=\"https:\/\/www.facebook.com\/Nachofdezber\" \/>\n\t\t<meta property=\"article:author\" content=\"https:\/\/www.facebook.com\/carrenoactualidad\" \/>\n\t\t<meta name=\"twitter:card\" content=\"summary_large_image\" \/>\n\t\t<meta name=\"twitter:site\" content=\"@NabercoDigital\" \/>\n\t\t<meta name=\"twitter:title\" content=\"Espa\u00f1a estar\u00e1 en la final por equipos del Mundial de gimnasia art\u00edstica | Cand\u00e1s 365\" \/>\n\t\t<meta name=\"twitter:description\" content=\"(EP) - El equipo espa\u00f1ol, compuesto por Joel Plata, N\u00e9stor Abad, Nicolau Mir, Thierno Diallo y Ray Zapata, se ha clasificado para la final por equipo del Mundial\" \/>\n\t\t<meta name=\"twitter:creator\" content=\"@nbasturias\" \/>\n\t\t<meta name=\"twitter:image\" content=\"https:\/\/candas365.es\/noticias\/wp-content\/uploads\/2022\/11\/Mundial.jpg\" \/>\n\t\t<meta name=\"twitter:label1\" content=\"Escrito por\" \/>\n\t\t<meta name=\"twitter:data1\" content=\"Cand\u00e1s 365\" \/>\n\t\t<meta name=\"twitter:label2\" content=\"Tiempo de lectura estimado\" \/>\n\t\t<meta name=\"twitter:data2\" content=\"2 minutos\" \/>\n\t\t<script type=\"application\/ld+json\" class=\"aioseo-schema\">\n\t\t\t{\"@context\":\"https:\\\/\\\/schema.org\",\"@graph\":[{\"@type\":\"BreadcrumbList\",\"@id\":\"https:\\\/\\\/candas365.es\\\/noticias\\\/espana-estara-en-la-final-por-equipos-del-mundial-de-gimnasia-artistica\\\/#breadcrumblist\",\"itemListElement\":[{\"@type\":\"ListItem\",\"@id\":\"https:\\\/\\\/candas365.es\\\/noticias#listItem\",\"position\":1,\"name\":\"Home\",\"item\":\"https:\\\/\\\/candas365.es\\\/noticias\",\"nextItem\":{\"@type\":\"ListItem\",\"@id\":\"https:\\\/\\\/candas365.es\\\/noticias\\\/category\\\/deporte\\\/#listItem\",\"name\":\"Deporte\"}},{\"@type\":\"ListItem\",\"@id\":\"https:\\\/\\\/candas365.es\\\/noticias\\\/category\\\/deporte\\\/#listItem\",\"position\":2,\"name\":\"Deporte\",\"item\":\"https:\\\/\\\/candas365.es\\\/noticias\\\/category\\\/deporte\\\/\",\"nextItem\":{\"@type\":\"ListItem\",\"@id\":\"https:\\\/\\\/candas365.es\\\/noticias\\\/espana-estara-en-la-final-por-equipos-del-mundial-de-gimnasia-artistica\\\/#listItem\",\"name\":\"Espa\\u00f1a estar\\u00e1 en la final por equipos del Mundial de gimnasia art\\u00edstica\"},\"previousItem\":{\"@type\":\"ListItem\",\"@id\":\"https:\\\/\\\/candas365.es\\\/noticias#listItem\",\"name\":\"Home\"}},{\"@type\":\"ListItem\",\"@id\":\"https:\\\/\\\/candas365.es\\\/noticias\\\/espana-estara-en-la-final-por-equipos-del-mundial-de-gimnasia-artistica\\\/#listItem\",\"position\":3,\"name\":\"Espa\\u00f1a estar\\u00e1 en la final por equipos del Mundial de gimnasia art\\u00edstica\",\"previousItem\":{\"@type\":\"ListItem\",\"@id\":\"https:\\\/\\\/candas365.es\\\/noticias\\\/category\\\/deporte\\\/#listItem\",\"name\":\"Deporte\"}}]},{\"@type\":\"NewsArticle\",\"@id\":\"https:\\\/\\\/candas365.es\\\/noticias\\\/espana-estara-en-la-final-por-equipos-del-mundial-de-gimnasia-artistica\\\/#newsarticle\",\"name\":\"Espa\\u00f1a estar\\u00e1 en la final por equipos del Mundial de gimnasia art\\u00edstica | Cand\\u00e1s 365\",\"headline\":\"Espa\\u00f1a estar\\u00e1 en la final por equipos del Mundial de gimnasia art\\u00edstica\",\"author\":{\"@id\":\"https:\\\/\\\/candas365.es\\\/noticias\\\/author\\\/admin\\\/#author\"},\"publisher\":{\"@id\":\"https:\\\/\\\/candas365.es\\\/noticias\\\/#organization\"},\"image\":{\"@type\":\"ImageObject\",\"url\":\"https:\\\/\\\/candas365.es\\\/noticias\\\/wp-content\\\/uploads\\\/2022\\\/11\\\/Mundial.jpg\",\"width\":890,\"height\":647,\"caption\":\"El equipo espa\\u00f1ol de gimnasia art\\u00edstica (Joel Plata, N\\u00e9stor Abad, Nicolau Mir, Thierno Diallo y Ray Zapata), en el Mundial de Liverpool - Foto:  RFEG \\\/ Europa Press\"},\"datePublished\":\"2022-11-01T18:48:19+01:00\",\"dateModified\":\"2022-11-01T18:48:19+01:00\",\"inLanguage\":\"es-ES\",\"mainEntityOfPage\":{\"@id\":\"https:\\\/\\\/candas365.es\\\/noticias\\\/espana-estara-en-la-final-por-equipos-del-mundial-de-gimnasia-artistica\\\/#webpage\"},\"isPartOf\":{\"@id\":\"https:\\\/\\\/candas365.es\\\/noticias\\\/espana-estara-en-la-final-por-equipos-del-mundial-de-gimnasia-artistica\\\/#webpage\"},\"articleSection\":\"Deporte, deporte\",\"dateline\":\"Publicado el noviembre 1, 2022.\"},{\"@type\":\"Organization\",\"@id\":\"https:\\\/\\\/candas365.es\\\/noticias\\\/#organization\",\"name\":\"Cand\\u00e1s 365\",\"description\":\"Cand\\u00e1s 365 es un diario digital independiente, fundado en 2012, con base en Asturias. Informamos con rigor sobre actualidad, sociedad, cultura y ocio, con una mirada local y global.\",\"url\":\"https:\\\/\\\/candas365.es\\\/noticias\\\/\",\"email\":\"info@candas365.es\",\"telephone\":\"+34652131393\",\"foundingDate\":\"2012-06-10\",\"logo\":{\"@type\":\"ImageObject\",\"url\":\"https:\\\/\\\/candas365.es\\\/noticias\\\/wp-content\\\/uploads\\\/2024\\\/09\\\/Candas-365-Redes.jpg\",\"@id\":\"https:\\\/\\\/candas365.es\\\/noticias\\\/espana-estara-en-la-final-por-equipos-del-mundial-de-gimnasia-artistica\\\/#organizationLogo\",\"width\":1152,\"height\":864,\"caption\":\"Cand\\u00e1s 365 Redes\"},\"image\":{\"@id\":\"https:\\\/\\\/candas365.es\\\/noticias\\\/espana-estara-en-la-final-por-equipos-del-mundial-de-gimnasia-artistica\\\/#organizationLogo\"},\"sameAs\":[\"https:\\\/\\\/www.facebook.com\\\/Nachofdezber\",\"https:\\\/\\\/x.com\\\/NabercoDigital\",\"https:\\\/\\\/www.instagram.com\\\/nachofdezber\\\/\",\"https:\\\/\\\/www.youtube.com\\\/channel\\\/UCZP-2wLEB9Rv6erhFmqVnvg\"],\"address\":{\"@id\":\"https:\\\/\\\/candas365.es\\\/noticias\\\/#postaladdress\",\"@type\":\"PostalAddress\",\"streetAddress\":\"san antonio 4, san antonio 4\",\"postalCode\":\"33430\",\"addressLocality\":\"Cand\\u00e1s\",\"addressRegion\":\"Asturias\",\"addressCountry\":\"ES\"}},{\"@type\":\"Person\",\"@id\":\"https:\\\/\\\/candas365.es\\\/noticias\\\/author\\\/admin\\\/#author\",\"url\":\"https:\\\/\\\/candas365.es\\\/noticias\\\/author\\\/admin\\\/\",\"name\":\"Cand\\u00e1s 365\",\"image\":{\"@type\":\"ImageObject\",\"@id\":\"https:\\\/\\\/candas365.es\\\/noticias\\\/espana-estara-en-la-final-por-equipos-del-mundial-de-gimnasia-artistica\\\/#authorImage\",\"url\":\"https:\\\/\\\/secure.gravatar.com\\\/avatar\\\/496a8e03d0c493ede1718b7934145dbdf8d89be1036b0eec9544e1094c9de390?s=96&d=mm&r=g\",\"width\":96,\"height\":96,\"caption\":\"Cand\\u00e1s 365\"},\"sameAs\":[\"https:\\\/\\\/www.facebook.com\\\/carrenoactualidad\",\"https:\\\/\\\/twitter.com\\\/nbasturias\",\"https:\\\/\\\/www.instagram.com\\\/nachofdezber\\\/\",\"https:\\\/\\\/www.youtube.com\\\/channel\\\/UCZP-2wLEB9Rv6erhFmqVnvg\"]},{\"@type\":\"WebPage\",\"@id\":\"https:\\\/\\\/candas365.es\\\/noticias\\\/espana-estara-en-la-final-por-equipos-del-mundial-de-gimnasia-artistica\\\/#webpage\",\"url\":\"https:\\\/\\\/candas365.es\\\/noticias\\\/espana-estara-en-la-final-por-equipos-del-mundial-de-gimnasia-artistica\\\/\",\"name\":\"Espa\\u00f1a estar\\u00e1 en la final por equipos del Mundial de gimnasia art\\u00edstica | Cand\\u00e1s 365\",\"description\":\"(EP) - El equipo espa\\u00f1ol, compuesto por Joel Plata, N\\u00e9stor Abad, Nicolau Mir, Thierno Diallo y Ray Zapata, se ha clasificado para la final por equipo del Mundial\",\"inLanguage\":\"es-ES\",\"isPartOf\":{\"@id\":\"https:\\\/\\\/candas365.es\\\/noticias\\\/#website\"},\"breadcrumb\":{\"@id\":\"https:\\\/\\\/candas365.es\\\/noticias\\\/espana-estara-en-la-final-por-equipos-del-mundial-de-gimnasia-artistica\\\/#breadcrumblist\"},\"author\":{\"@id\":\"https:\\\/\\\/candas365.es\\\/noticias\\\/author\\\/admin\\\/#author\"},\"creator\":{\"@id\":\"https:\\\/\\\/candas365.es\\\/noticias\\\/author\\\/admin\\\/#author\"},\"image\":{\"@type\":\"ImageObject\",\"url\":\"https:\\\/\\\/candas365.es\\\/noticias\\\/wp-content\\\/uploads\\\/2022\\\/11\\\/Mundial.jpg\",\"@id\":\"https:\\\/\\\/candas365.es\\\/noticias\\\/espana-estara-en-la-final-por-equipos-del-mundial-de-gimnasia-artistica\\\/#mainImage\",\"width\":890,\"height\":647,\"caption\":\"El equipo espa\\u00f1ol de gimnasia art\\u00edstica (Joel Plata, N\\u00e9stor Abad, Nicolau Mir, Thierno Diallo y Ray Zapata), en el Mundial de Liverpool - Foto:  RFEG \\\/ Europa Press\"},\"primaryImageOfPage\":{\"@id\":\"https:\\\/\\\/candas365.es\\\/noticias\\\/espana-estara-en-la-final-por-equipos-del-mundial-de-gimnasia-artistica\\\/#mainImage\"},\"datePublished\":\"2022-11-01T18:48:19+01:00\",\"dateModified\":\"2022-11-01T18:48:19+01:00\"},{\"@type\":\"WebSite\",\"@id\":\"https:\\\/\\\/candas365.es\\\/noticias\\\/#website\",\"url\":\"https:\\\/\\\/candas365.es\\\/noticias\\\/\",\"name\":\"Cand\\u00e1s 365\",\"alternateName\":\"Cand\\u00e1s 365 Noticias\",\"description\":\"Actualidad desde Carre\\u00f1o para el mundo\",\"inLanguage\":\"es-ES\",\"publisher\":{\"@id\":\"https:\\\/\\\/candas365.es\\\/noticias\\\/#organization\"}}]}\n\t\t<\/script>\n\t\t<!-- All in One SEO Pro -->\r\n\t\t<title>Espa\u00f1a estar\u00e1 en la final por equipos del Mundial de gimnasia art\u00edstica | Cand\u00e1s 365<\/title>\n\n","aioseo_head_json":{"title":"Espa\u00f1a estar\u00e1 en la final por equipos del Mundial de gimnasia art\u00edstica | Cand\u00e1s 365","description":"(EP) - El equipo espa\u00f1ol, compuesto por Joel Plata, N\u00e9stor Abad, Nicolau Mir, Thierno Diallo y Ray Zapata, se ha clasificado para la final por equipo del Mundial","canonical_url":"https:\/\/candas365.es\/noticias\/espana-estara-en-la-final-por-equipos-del-mundial-de-gimnasia-artistica\/","robots":"max-image-preview:large","keywords":"deporte","webmasterTools":{"google-site-verification":"UA-32230408-1","msvalidate.01":"354F3CDFB2DA171B47FBE9ABF1F88D5","miscellaneous":""},"schema":{"@context":"https:\/\/schema.org","@graph":[{"@type":"BreadcrumbList","@id":"https:\/\/candas365.es\/noticias\/espana-estara-en-la-final-por-equipos-del-mundial-de-gimnasia-artistica\/#breadcrumblist","itemListElement":[{"@type":"ListItem","@id":"https:\/\/candas365.es\/noticias#listItem","position":1,"name":"Home","item":"https:\/\/candas365.es\/noticias","nextItem":{"@type":"ListItem","@id":"https:\/\/candas365.es\/noticias\/category\/deporte\/#listItem","name":"Deporte"}},{"@type":"ListItem","@id":"https:\/\/candas365.es\/noticias\/category\/deporte\/#listItem","position":2,"name":"Deporte","item":"https:\/\/candas365.es\/noticias\/category\/deporte\/","nextItem":{"@type":"ListItem","@id":"https:\/\/candas365.es\/noticias\/espana-estara-en-la-final-por-equipos-del-mundial-de-gimnasia-artistica\/#listItem","name":"Espa\u00f1a estar\u00e1 en la final por equipos del Mundial de gimnasia art\u00edstica"},"previousItem":{"@type":"ListItem","@id":"https:\/\/candas365.es\/noticias#listItem","name":"Home"}},{"@type":"ListItem","@id":"https:\/\/candas365.es\/noticias\/espana-estara-en-la-final-por-equipos-del-mundial-de-gimnasia-artistica\/#listItem","position":3,"name":"Espa\u00f1a estar\u00e1 en la final por equipos del Mundial de gimnasia art\u00edstica","previousItem":{"@type":"ListItem","@id":"https:\/\/candas365.es\/noticias\/category\/deporte\/#listItem","name":"Deporte"}}]},{"@type":"NewsArticle","@id":"https:\/\/candas365.es\/noticias\/espana-estara-en-la-final-por-equipos-del-mundial-de-gimnasia-artistica\/#newsarticle","name":"Espa\u00f1a estar\u00e1 en la final por equipos del Mundial de gimnasia art\u00edstica | Cand\u00e1s 365","headline":"Espa\u00f1a estar\u00e1 en la final por equipos del Mundial de gimnasia art\u00edstica","author":{"@id":"https:\/\/candas365.es\/noticias\/author\/admin\/#author"},"publisher":{"@id":"https:\/\/candas365.es\/noticias\/#organization"},"image":{"@type":"ImageObject","url":"https:\/\/candas365.es\/noticias\/wp-content\/uploads\/2022\/11\/Mundial.jpg","width":890,"height":647,"caption":"El equipo espa\u00f1ol de gimnasia art\u00edstica (Joel Plata, N\u00e9stor Abad, Nicolau Mir, Thierno Diallo y Ray Zapata), en el Mundial de Liverpool - Foto:  RFEG \/ Europa Press"},"datePublished":"2022-11-01T18:48:19+01:00","dateModified":"2022-11-01T18:48:19+01:00","inLanguage":"es-ES","mainEntityOfPage":{"@id":"https:\/\/candas365.es\/noticias\/espana-estara-en-la-final-por-equipos-del-mundial-de-gimnasia-artistica\/#webpage"},"isPartOf":{"@id":"https:\/\/candas365.es\/noticias\/espana-estara-en-la-final-por-equipos-del-mundial-de-gimnasia-artistica\/#webpage"},"articleSection":"Deporte, deporte","dateline":"Publicado el noviembre 1, 2022."},{"@type":"Organization","@id":"https:\/\/candas365.es\/noticias\/#organization","name":"Cand\u00e1s 365","description":"Cand\u00e1s 365 es un diario digital independiente, fundado en 2012, con base en Asturias. Informamos con rigor sobre actualidad, sociedad, cultura y ocio, con una mirada local y global.","url":"https:\/\/candas365.es\/noticias\/","email":"info@candas365.es","telephone":"+34652131393","foundingDate":"2012-06-10","logo":{"@type":"ImageObject","url":"https:\/\/candas365.es\/noticias\/wp-content\/uploads\/2024\/09\/Candas-365-Redes.jpg","@id":"https:\/\/candas365.es\/noticias\/espana-estara-en-la-final-por-equipos-del-mundial-de-gimnasia-artistica\/#organizationLogo","width":1152,"height":864,"caption":"Cand\u00e1s 365 Redes"},"image":{"@id":"https:\/\/candas365.es\/noticias\/espana-estara-en-la-final-por-equipos-del-mundial-de-gimnasia-artistica\/#organizationLogo"},"sameAs":["https:\/\/www.facebook.com\/Nachofdezber","https:\/\/x.com\/NabercoDigital","https:\/\/www.instagram.com\/nachofdezber\/","https:\/\/www.youtube.com\/channel\/UCZP-2wLEB9Rv6erhFmqVnvg"],"address":{"@id":"https:\/\/candas365.es\/noticias\/#postaladdress","@type":"PostalAddress","streetAddress":"san antonio 4, san antonio 4","postalCode":"33430","addressLocality":"Cand\u00e1s","addressRegion":"Asturias","addressCountry":"ES"}},{"@type":"Person","@id":"https:\/\/candas365.es\/noticias\/author\/admin\/#author","url":"https:\/\/candas365.es\/noticias\/author\/admin\/","name":"Cand\u00e1s 365","image":{"@type":"ImageObject","@id":"https:\/\/candas365.es\/noticias\/espana-estara-en-la-final-por-equipos-del-mundial-de-gimnasia-artistica\/#authorImage","url":"https:\/\/secure.gravatar.com\/avatar\/496a8e03d0c493ede1718b7934145dbdf8d89be1036b0eec9544e1094c9de390?s=96&d=mm&r=g","width":96,"height":96,"caption":"Cand\u00e1s 365"},"sameAs":["https:\/\/www.facebook.com\/carrenoactualidad","https:\/\/twitter.com\/nbasturias","https:\/\/www.instagram.com\/nachofdezber\/","https:\/\/www.youtube.com\/channel\/UCZP-2wLEB9Rv6erhFmqVnvg"]},{"@type":"WebPage","@id":"https:\/\/candas365.es\/noticias\/espana-estara-en-la-final-por-equipos-del-mundial-de-gimnasia-artistica\/#webpage","url":"https:\/\/candas365.es\/noticias\/espana-estara-en-la-final-por-equipos-del-mundial-de-gimnasia-artistica\/","name":"Espa\u00f1a estar\u00e1 en la final por equipos del Mundial de gimnasia art\u00edstica | Cand\u00e1s 365","description":"(EP) - El equipo espa\u00f1ol, compuesto por Joel Plata, N\u00e9stor Abad, Nicolau Mir, Thierno Diallo y Ray Zapata, se ha clasificado para la final por equipo del Mundial","inLanguage":"es-ES","isPartOf":{"@id":"https:\/\/candas365.es\/noticias\/#website"},"breadcrumb":{"@id":"https:\/\/candas365.es\/noticias\/espana-estara-en-la-final-por-equipos-del-mundial-de-gimnasia-artistica\/#breadcrumblist"},"author":{"@id":"https:\/\/candas365.es\/noticias\/author\/admin\/#author"},"creator":{"@id":"https:\/\/candas365.es\/noticias\/author\/admin\/#author"},"image":{"@type":"ImageObject","url":"https:\/\/candas365.es\/noticias\/wp-content\/uploads\/2022\/11\/Mundial.jpg","@id":"https:\/\/candas365.es\/noticias\/espana-estara-en-la-final-por-equipos-del-mundial-de-gimnasia-artistica\/#mainImage","width":890,"height":647,"caption":"El equipo espa\u00f1ol de gimnasia art\u00edstica (Joel Plata, N\u00e9stor Abad, Nicolau Mir, Thierno Diallo y Ray Zapata), en el Mundial de Liverpool - Foto:  RFEG \/ Europa Press"},"primaryImageOfPage":{"@id":"https:\/\/candas365.es\/noticias\/espana-estara-en-la-final-por-equipos-del-mundial-de-gimnasia-artistica\/#mainImage"},"datePublished":"2022-11-01T18:48:19+01:00","dateModified":"2022-11-01T18:48:19+01:00"},{"@type":"WebSite","@id":"https:\/\/candas365.es\/noticias\/#website","url":"https:\/\/candas365.es\/noticias\/","name":"Cand\u00e1s 365","alternateName":"Cand\u00e1s 365 Noticias","description":"Actualidad desde Carre\u00f1o para el mundo","inLanguage":"es-ES","publisher":{"@id":"https:\/\/candas365.es\/noticias\/#organization"}}]},"og:locale":"es_ES","og:site_name":"Cand\u00e1s 365","og:type":"article","og:title":"Espa\u00f1a estar\u00e1 en la final por equipos del Mundial de gimnasia art\u00edstica | Cand\u00e1s 365","og:description":"(EP) - El equipo espa\u00f1ol, compuesto por Joel Plata, N\u00e9stor Abad, Nicolau Mir, Thierno Diallo y Ray Zapata, se ha clasificado para la final por equipo del Mundial","og:url":"https:\/\/candas365.es\/noticias\/espana-estara-en-la-final-por-equipos-del-mundial-de-gimnasia-artistica\/","og:image":"https:\/\/candas365.es\/noticias\/wp-content\/uploads\/2022\/11\/Mundial.jpg","og:image:secure_url":"https:\/\/candas365.es\/noticias\/wp-content\/uploads\/2022\/11\/Mundial.jpg","og:image:width":890,"og:image:height":647,"article:published_time":"2022-11-01T17:48:19+00:00","article:modified_time":"2022-11-01T17:48:19+00:00","article:publisher":"https:\/\/www.facebook.com\/Nachofdezber","article:author":"https:\/\/www.facebook.com\/carrenoactualidad","twitter:card":"summary_large_image","twitter:site":"@NabercoDigital","twitter:title":"Espa\u00f1a estar\u00e1 en la final por equipos del Mundial de gimnasia art\u00edstica | Cand\u00e1s 365","twitter:description":"(EP) - El equipo espa\u00f1ol, compuesto por Joel Plata, N\u00e9stor Abad, Nicolau Mir, Thierno Diallo y Ray Zapata, se ha clasificado para la final por equipo del Mundial","twitter:creator":"@nbasturias","twitter:image":"https:\/\/candas365.es\/noticias\/wp-content\/uploads\/2022\/11\/Mundial.jpg","twitter:label1":"Escrito por","twitter:data1":"Cand\u00e1s 365","twitter:label2":"Tiempo de lectura estimado","twitter:data2":"2 minutos"},"aioseo_meta_data":{"post_id":"168286","title":null,"description":"(EP) - El equipo espa\u00f1ol, compuesto por Joel Plata, N\u00e9stor Abad, Nicolau Mir, Thierno Diallo y Ray Zapata, se ha clasificado para la final por equipo del Mundial","keywords":[],"keyphrases":{"focus":{"keyphrase":"Mundial","score":92,"analysis":{"keyphraseInTitle":{"title":"Focus keyphrase in SEO title","description":"Focus keyphrase found in SEO title.","score":9,"maxScore":9,"error":0},"keyphraseInDescription":{"title":"Focus keyphrase in meta description","description":"Focus keyphrase found in meta description.","score":9,"maxScore":9,"error":0},"keyphraseLength":{"title":"Focus keyphrase length","description":"Good job!","score":9,"maxScore":9,"error":0,"length":1},"keyphraseInURL":{"title":"Focus keyphrase in URL","description":"Focus keyphrase not found in the URL.","score":1,"maxScore":5,"error":1},"keyphraseInIntroduction":{"title":"Focus keyphrase in introduction","description":"Your Focus keyphrase appears in the first paragraph. Well done!","score":9,"maxScore":9,"error":0},"keyphraseInSubHeadings":[],"keyphraseInImageAlt":{"title":"Focus keyphrase in image alt attributes","description":"Focus keyphrase found in image alt attribute(s).","score":9,"maxScore":9,"error":0}}},"additional":[{"keyphrase":"equipo espa\u00f1ol","score":83,"analysis":{"keyphraseInDescription":{"title":"Keyphrase in meta description","description":"Keyphrase found in meta description.","score":9,"maxScore":9,"error":0},"keyphraseLength":{"title":"Keyphrase length","description":"Good job!","score":9,"maxScore":9,"error":0,"length":2},"keyphraseInIntroduction":{"title":"Keyphrase in introduction","description":"Your Keyphrase appears in the first paragraph. Well done!","score":9,"maxScore":9,"error":0},"keyphraseInImageAlt":{"title":"Keyphrase in image alt attributes","description":"Keyphrase not found in image alt attribute(s). Add an image with your Keyphrase as alt text.","score":3,"maxScore":9,"error":1}}}]},"primary_term":null,"canonical_url":null,"og_title":null,"og_description":null,"og_object_type":"default","og_image_type":"default","og_image_url":null,"og_image_width":null,"og_image_height":null,"og_image_custom_url":null,"og_image_custom_fields":null,"og_video":"","og_custom_url":null,"og_article_section":null,"og_article_tags":[],"twitter_use_og":false,"twitter_card":"default","twitter_image_type":"default","twitter_image_url":null,"twitter_image_custom_url":null,"twitter_image_custom_fields":null,"twitter_title":null,"twitter_description":null,"schema":{"blockGraphs":[],"customGraphs":[],"default":{"data":{"Article":[],"Course":[],"Dataset":[],"FAQPage":[],"Movie":[],"Person":[],"Product":[],"ProductReview":[],"Car":[],"Recipe":[],"Service":[],"SoftwareApplication":[],"WebPage":[]},"graphName":"Article","isEnabled":true},"graphs":[]},"schema_type":"default","schema_type_options":null,"pillar_content":false,"robots_default":true,"robots_noindex":false,"robots_noarchive":false,"robots_nosnippet":false,"robots_nofollow":false,"robots_noimageindex":false,"robots_noodp":false,"robots_notranslate":false,"robots_max_snippet":"-1","robots_max_videopreview":"-1","robots_max_imagepreview":"large","priority":null,"frequency":"default","location":null,"local_seo":null,"seo_analyzer_scan_date":"2025-09-01 14:57:22","breadcrumb_settings":null,"limit_modified_date":false,"reviewed_by":null,"open_ai":null,"ai":null,"created":"2022-11-01 17:44:14","updated":"2025-09-01 14:57:22"},"aioseo_breadcrumb":"<div class=\"aioseo-breadcrumbs\"><span class=\"aioseo-breadcrumb\">\n\t<a href=\"https:\/\/candas365.es\/noticias\" title=\"Home\">Home<\/a>\n<\/span><span class=\"aioseo-breadcrumb-separator\">&ndash;<\/span><span class=\"aioseo-breadcrumb\">\n\t<a href=\"https:\/\/candas365.es\/noticias\/category\/deporte\/\" title=\"Deporte\">Deporte<\/a>\n<\/span><span class=\"aioseo-breadcrumb-separator\">&ndash;<\/span><span class=\"aioseo-breadcrumb\">\n\tEspa\u00f1a estar\u00e1 en la final por equipos del Mundial de gimnasia art\u00edstica\n<\/span><\/div>","aioseo_breadcrumb_json":[{"label":"Home","link":"https:\/\/candas365.es\/noticias"},{"label":"Deporte","link":"https:\/\/candas365.es\/noticias\/category\/deporte\/"},{"label":"Espa\u00f1a estar\u00e1 en la final por equipos del Mundial de gimnasia art\u00edstica","link":"https:\/\/candas365.es\/noticias\/espana-estara-en-la-final-por-equipos-del-mundial-de-gimnasia-artistica\/"}],"_links":{"self":[{"href":"https:\/\/candas365.es\/noticias\/wp-json\/wp\/v2\/posts\/168286","targetHints":{"allow":["GET"]}}],"collection":[{"href":"https:\/\/candas365.es\/noticias\/wp-json\/wp\/v2\/posts"}],"about":[{"href":"https:\/\/candas365.es\/noticias\/wp-json\/wp\/v2\/types\/post"}],"author":[{"embeddable":true,"href":"https:\/\/candas365.es\/noticias\/wp-json\/wp\/v2\/users\/1"}],"replies":[{"embeddable":true,"href":"https:\/\/candas365.es\/noticias\/wp-json\/wp\/v2\/comments?post=168286"}],"version-history":[{"count":0,"href":"https:\/\/candas365.es\/noticias\/wp-json\/wp\/v2\/posts\/168286\/revisions"}],"wp:featuredmedia":[{"embeddable":true,"href":"https:\/\/candas365.es\/noticias\/wp-json\/wp\/v2\/media\/168287"}],"wp:attachment":[{"href":"https:\/\/candas365.es\/noticias\/wp-json\/wp\/v2\/media?parent=168286"}],"wp:term":[{"taxonomy":"category","embeddable":true,"href":"https:\/\/candas365.es\/noticias\/wp-json\/wp\/v2\/categories?post=168286"},{"taxonomy":"post_tag","embeddable":true,"href":"https:\/\/candas365.es\/noticias\/wp-json\/wp\/v2\/tags?post=168286"}],"curies":[{"name":"wp","href":"https:\/\/api.w.org\/{rel}","templated":true}]}}