{"id":168277,"date":"2022-11-01T18:28:17","date_gmt":"2022-11-01T17:28:17","guid":{"rendered":"https:\/\/candas365.es\/noticias\/?p=168277"},"modified":"2022-11-01T18:28:17","modified_gmt":"2022-11-01T17:28:17","slug":"matias-buhler-debutara-en-la-copa-america","status":"publish","type":"post","link":"https:\/\/candas365.es\/noticias\/matias-buhler-debutara-en-la-copa-america\/","title":{"rendered":"Mat\u00edas B\u00fchler debutar\u00e1 en la Copa Am\u00e9rica"},"content":{"rendered":"<p>(EP) &#8211; El tripulante argentino nacionalizado suizo Mat\u00edas B\u00fchler, uno de los pocos integrantes del Alinghi Red Bull Racing no nacido en Suiza, asegur\u00f3 que afronta la 37\u00aa Copa Am\u00e9rica con salida en Barcelona con la ilusi\u00f3n de haber cumplido un sue\u00f1o y con la alegr\u00eda de formar parte de un grupo que deber\u00e1 \u00abdomar el toro\u00bb para conquistar la prestigiosa regata.<\/p>\n<figure id=\"attachment_168278\" aria-describedby=\"caption-attachment-168278\" style=\"width: 650px\" class=\"wp-caption aligncenter\"><img fetchpriority=\"high\" decoding=\"async\" class=\"wp-image-168278 size-large\" src=\"https:\/\/candas365.es\/noticias\/wp-content\/uploads\/2022\/11\/Buhler-650x427.jpg\" alt=\"B\u00fchler\" width=\"650\" height=\"427\" srcset=\"https:\/\/candas365.es\/noticias\/wp-content\/uploads\/2022\/11\/Buhler-650x427.jpg 650w, https:\/\/candas365.es\/noticias\/wp-content\/uploads\/2022\/11\/Buhler-360x237.jpg 360w, https:\/\/candas365.es\/noticias\/wp-content\/uploads\/2022\/11\/Buhler-768x505.jpg 768w, https:\/\/candas365.es\/noticias\/wp-content\/uploads\/2022\/11\/Buhler-150x99.jpg 150w, https:\/\/candas365.es\/noticias\/wp-content\/uploads\/2022\/11\/Buhler-450x296.jpg 450w, https:\/\/candas365.es\/noticias\/wp-content\/uploads\/2022\/11\/Buhler.jpg 995w\" sizes=\"(max-width: 650px) 100vw, 650px\" \/><figcaption id=\"caption-attachment-168278\" class=\"wp-caption-text\">FOTO: ALINGHI RED BULL RACING \/ Europa Press<\/figcaption><\/figure>\n<p>\u00abLos equipos van a llegar con una preparaci\u00f3n parecida y un factor determinante ser\u00e1 el barco, el instrumento. El Alinghi Red Bull Racing es un toro que hay que domar, es una bestia que entender y no tenerle miedo, respeto s\u00ed. Tambi\u00e9n disfrutarla, sin duda\u00bb, asegur\u00f3 en una entrevista a Europa Press.<\/p>\n<p>B\u00fchler, con pasado ol\u00edmpico, debutar\u00e1 en una Copa Am\u00e9rica pero forma parte importante de un grupo de navegantes con experiencia. \u00abNo somos una banda de parados. Hay mucho talento y experiencia, y del lado de dise\u00f1o e ingenier\u00eda no partimos de cero. Tenemos la suerte de tener probablemente el &#8216;Dream Team&#8217; de dise\u00f1adores de barcos. Los dem\u00e1s equipos nos deber\u00edan envidiar\u00bb, argument\u00f3.<\/p>\n<p>En este sentido, cree que los barcos de la categor\u00eda son lo m\u00e1s parecido a lo que es un F\u00f3rmula 1 en el mundo del motor. \u00abEs muy parecido a la F\u00f3rmula 1, supongamos que Alonso es el mejor piloto, si no le das el mejor coche, no ganar\u00e1. Se lo das a un piloto de media fila y probablemente gane. Aqu\u00ed es muy parecido\u00bb, valor\u00f3.<\/p>\n<p>A nivel personal, no esconde que poder estar en la Copa Am\u00e9rica ser\u00e1 un \u00absue\u00f1o cumplido\u00bb. \u00abFui a los \u00faltimos cuatro Juegos Ol\u00edmpicos en diferentes versiones, como deportista o entrenador. Llegar a la Copa Am\u00e9rica es uno de los sue\u00f1os de cualquier navegante de competici\u00f3n. Hace un a\u00f1o, cuando me confirmaron que entraba en el equipo fue sin duda un sue\u00f1o cumplido\u00bb, reconoci\u00f3.<\/p>\n<p>\u00abLa Copa Am\u00e9rica es algo con lo que hab\u00eda so\u00f1ado. Y tenemos en el equipo de navegantes gente con mucha experiencia y con un &#8216;background&#8217; de estar en desarrollo de equipos y vela ol\u00edmpica, tenemos talento y experiencia de sobra para estar al nivel\u00bb, manifest\u00f3 al respecto.<\/p>\n<p>Adem\u00e1s, no quiere que se compare la vela ol\u00edmpica con la regata transoce\u00e1nica. \u00abNo creo que sea necesario compararlas, pero no tengo dudas de que en la vela hay algunas \u00e9lites de la vela. Para m\u00ed saltar de una a la otra es un privilegio enorme\u00bb, se\u00f1al\u00f3.<\/p>\n<h2>BARCELONA COMO \u00abDOBLE BONUS\u00bb<\/h2>\n<p>Para el navegante suizo-argentino, Barcelona es un \u00abdoble bonus\u00bb dentro de la siguiente Copa Am\u00e9rica, que el Alinghi ha ganado en dos ocasiones anteriores (2003 y 2007). \u00abQue mi familia siga aqu\u00ed y vivir la experiencia desde casa es algo \u00fanico. Barcelona aporta muchas cosas, m\u00e1s all\u00e1 de la vela, pero a nivel n\u00e1utico ser\u00e1 bonito las fechas de la Copa Am\u00e9rica en septiembre y octubre, son meses de transici\u00f3n\u00bb, valor\u00f3 el regatista, que vive en El Maresme (Barcelona).<\/p>\n<p>\u00abBarcelona le puede agregar ese toque de una gran ciudad, potente a nivel mundial, de poder dar m\u00e1s atracci\u00f3n medi\u00e1tica a la Copa Am\u00e9rica, m\u00e1s espect\u00e1culo porque pueden ir muy bien de la mano. Una ciudad tan bonita y est\u00e9tica, con una de las \u00e9lites de la vela que si algo tiene es est\u00e9tica\u00bb, se\u00f1al\u00f3 sobre qu\u00e9 puede aportar la capital catalana a la regata m\u00e1s dura y famosa del mundo de la vela.<\/p>\n<p>En este sentido, cree que la ciudad podr\u00eda vivir \u00abun poco m\u00e1s de cara al mar y navegar m\u00e1s\u00bb tras el paso de la Copa Am\u00e9rica. \u00abAyudar\u00e1 a atraer la atenci\u00f3n a los catalanes y el resto de Espa\u00f1a para las oportunidades que tiene para disfrutar de este deporte. La Copa puede ayudar a que mucha gente descubra la vela y vea de lo que se trata; los recursos est\u00e1n. Quiz\u00e1s solo falta un poco de difusi\u00f3n, estar\u00e1 ligado a cu\u00e1n bien juegue las cartas la ciudad para atraer gente al mar y a la vela\u00bb, manifest\u00f3 B\u00fchler, que debutar\u00e1 en una Copa Am\u00e9rica que pretende conquistar a bordo de un Alinghi &#8216;domado&#8217;.<\/p>\n","protected":false},"excerpt":{"rendered":"<p>(EP) &#8211; El tripulante argentino nacionalizado suizo Mat\u00edas B\u00fchler, uno de los pocos integrantes del Alinghi Red Bull Racing no nacido en Suiza, asegur\u00f3 que afronta la 37\u00aa Copa Am\u00e9rica con salida en Barcelona con la ilusi\u00f3n de haber cumplido un sue\u00f1o y con la alegr\u00eda de formar parte de un grupo que deber\u00e1 \u00abdomar<\/p>\n","protected":false},"author":1,"featured_media":168278,"comment_status":"closed","ping_status":"closed","sticky":false,"template":"","format":"standard","meta":{"footnotes":""},"categories":[319],"tags":[387],"class_list":{"0":"post-168277","1":"post","2":"type-post","3":"status-publish","4":"format-standard","5":"has-post-thumbnail","7":"category-deporte","8":"tag-deporte"},"aioseo_notices":[],"aioseo_head":"\n\t\t<!-- All in One SEO Pro 4.9.6.2 - aioseo.com -->\n\t<meta name=\"description\" content=\"(EP) - El tripulante argentino nacionalizado suizo Mat\u00edas B\u00fchler, uno de los pocos integrantes del Alinghi Red Bull Racing no nacido en Suiza\" \/>\n\t<meta name=\"robots\" content=\"max-image-preview:large\" \/>\n\t<meta name=\"author\" content=\"Cand\u00e1s 365\"\/>\n\t<meta name=\"google-site-verification\" content=\"UA-32230408-1\" \/>\n\t<meta name=\"msvalidate.01\" content=\"354F3CDFB2DA171B47FBE9ABF1F88D5\" \/>\n\t<meta name=\"keywords\" content=\"deporte\" \/>\n\t<link rel=\"canonical\" href=\"https:\/\/candas365.es\/noticias\/matias-buhler-debutara-en-la-copa-america\/\" \/>\n\t<meta name=\"generator\" content=\"All in One SEO Pro (AIOSEO) 4.9.6.2\" \/>\n\t\t<meta property=\"og:locale\" content=\"es_ES\" \/>\n\t\t<meta property=\"og:site_name\" content=\"Cand\u00e1s 365\" \/>\n\t\t<meta property=\"og:type\" content=\"article\" \/>\n\t\t<meta property=\"og:title\" content=\"Mat\u00edas B\u00fchler debutar\u00e1 en la Copa Am\u00e9rica | Cand\u00e1s 365\" \/>\n\t\t<meta property=\"og:description\" content=\"(EP) - El tripulante argentino nacionalizado suizo Mat\u00edas B\u00fchler, uno de los pocos integrantes del Alinghi Red Bull Racing no nacido en Suiza\" \/>\n\t\t<meta property=\"og:url\" content=\"https:\/\/candas365.es\/noticias\/matias-buhler-debutara-en-la-copa-america\/\" \/>\n\t\t<meta property=\"og:image\" content=\"https:\/\/candas365.es\/noticias\/wp-content\/uploads\/2022\/11\/Buhler.jpg\" \/>\n\t\t<meta property=\"og:image:secure_url\" content=\"https:\/\/candas365.es\/noticias\/wp-content\/uploads\/2022\/11\/Buhler.jpg\" \/>\n\t\t<meta property=\"og:image:width\" content=\"995\" \/>\n\t\t<meta property=\"og:image:height\" content=\"654\" \/>\n\t\t<meta property=\"article:published_time\" content=\"2022-11-01T17:28:17+00:00\" \/>\n\t\t<meta property=\"article:modified_time\" content=\"2022-11-01T17:28:17+00:00\" \/>\n\t\t<meta property=\"article:publisher\" content=\"https:\/\/www.facebook.com\/Nachofdezber\" \/>\n\t\t<meta property=\"article:author\" content=\"https:\/\/www.facebook.com\/carrenoactualidad\" \/>\n\t\t<meta name=\"twitter:card\" content=\"summary_large_image\" \/>\n\t\t<meta name=\"twitter:site\" content=\"@NabercoDigital\" \/>\n\t\t<meta name=\"twitter:title\" content=\"Mat\u00edas B\u00fchler debutar\u00e1 en la Copa Am\u00e9rica | Cand\u00e1s 365\" \/>\n\t\t<meta name=\"twitter:description\" content=\"(EP) - El tripulante argentino nacionalizado suizo Mat\u00edas B\u00fchler, uno de los pocos integrantes del Alinghi Red Bull Racing no nacido en Suiza\" \/>\n\t\t<meta name=\"twitter:creator\" content=\"@nbasturias\" \/>\n\t\t<meta name=\"twitter:image\" content=\"https:\/\/candas365.es\/noticias\/wp-content\/uploads\/2022\/11\/Buhler.jpg\" \/>\n\t\t<meta name=\"twitter:label1\" content=\"Escrito por\" \/>\n\t\t<meta name=\"twitter:data1\" content=\"Cand\u00e1s 365\" \/>\n\t\t<meta name=\"twitter:label2\" content=\"Tiempo de lectura estimado\" \/>\n\t\t<meta name=\"twitter:data2\" content=\"4 minutos\" \/>\n\t\t<script type=\"application\/ld+json\" class=\"aioseo-schema\">\n\t\t\t{\"@context\":\"https:\\\/\\\/schema.org\",\"@graph\":[{\"@type\":\"BreadcrumbList\",\"@id\":\"https:\\\/\\\/candas365.es\\\/noticias\\\/matias-buhler-debutara-en-la-copa-america\\\/#breadcrumblist\",\"itemListElement\":[{\"@type\":\"ListItem\",\"@id\":\"https:\\\/\\\/candas365.es\\\/noticias#listItem\",\"position\":1,\"name\":\"Home\",\"item\":\"https:\\\/\\\/candas365.es\\\/noticias\",\"nextItem\":{\"@type\":\"ListItem\",\"@id\":\"https:\\\/\\\/candas365.es\\\/noticias\\\/category\\\/deporte\\\/#listItem\",\"name\":\"Deporte\"}},{\"@type\":\"ListItem\",\"@id\":\"https:\\\/\\\/candas365.es\\\/noticias\\\/category\\\/deporte\\\/#listItem\",\"position\":2,\"name\":\"Deporte\",\"item\":\"https:\\\/\\\/candas365.es\\\/noticias\\\/category\\\/deporte\\\/\",\"nextItem\":{\"@type\":\"ListItem\",\"@id\":\"https:\\\/\\\/candas365.es\\\/noticias\\\/matias-buhler-debutara-en-la-copa-america\\\/#listItem\",\"name\":\"Mat\\u00edas B\\u00fchler debutar\\u00e1 en la Copa Am\\u00e9rica\"},\"previousItem\":{\"@type\":\"ListItem\",\"@id\":\"https:\\\/\\\/candas365.es\\\/noticias#listItem\",\"name\":\"Home\"}},{\"@type\":\"ListItem\",\"@id\":\"https:\\\/\\\/candas365.es\\\/noticias\\\/matias-buhler-debutara-en-la-copa-america\\\/#listItem\",\"position\":3,\"name\":\"Mat\\u00edas B\\u00fchler debutar\\u00e1 en la Copa Am\\u00e9rica\",\"previousItem\":{\"@type\":\"ListItem\",\"@id\":\"https:\\\/\\\/candas365.es\\\/noticias\\\/category\\\/deporte\\\/#listItem\",\"name\":\"Deporte\"}}]},{\"@type\":\"NewsArticle\",\"@id\":\"https:\\\/\\\/candas365.es\\\/noticias\\\/matias-buhler-debutara-en-la-copa-america\\\/#newsarticle\",\"name\":\"Mat\\u00edas B\\u00fchler debutar\\u00e1 en la Copa Am\\u00e9rica | Cand\\u00e1s 365\",\"headline\":\"Mat\\u00edas B\\u00fchler debutar\\u00e1 en la Copa Am\\u00e9rica\",\"author\":{\"@id\":\"https:\\\/\\\/candas365.es\\\/noticias\\\/author\\\/admin\\\/#author\"},\"publisher\":{\"@id\":\"https:\\\/\\\/candas365.es\\\/noticias\\\/#organization\"},\"image\":{\"@type\":\"ImageObject\",\"url\":\"https:\\\/\\\/candas365.es\\\/noticias\\\/wp-content\\\/uploads\\\/2022\\\/11\\\/Buhler.jpg\",\"width\":995,\"height\":654,\"caption\":\"FOTO: ALINGHI RED BULL RACING \\\/ Europa Press\"},\"datePublished\":\"2022-11-01T18:28:17+01:00\",\"dateModified\":\"2022-11-01T18:28:17+01:00\",\"inLanguage\":\"es-ES\",\"mainEntityOfPage\":{\"@id\":\"https:\\\/\\\/candas365.es\\\/noticias\\\/matias-buhler-debutara-en-la-copa-america\\\/#webpage\"},\"isPartOf\":{\"@id\":\"https:\\\/\\\/candas365.es\\\/noticias\\\/matias-buhler-debutara-en-la-copa-america\\\/#webpage\"},\"articleSection\":\"Deporte, deporte\",\"dateline\":\"Publicado el noviembre 1, 2022.\"},{\"@type\":\"Organization\",\"@id\":\"https:\\\/\\\/candas365.es\\\/noticias\\\/#organization\",\"name\":\"Cand\\u00e1s 365\",\"description\":\"Cand\\u00e1s 365 es un diario digital independiente, fundado en 2012, con base en Asturias. Informamos con rigor sobre actualidad, sociedad, cultura y ocio, con una mirada local y global.\",\"url\":\"https:\\\/\\\/candas365.es\\\/noticias\\\/\",\"email\":\"info@candas365.es\",\"telephone\":\"+34652131393\",\"foundingDate\":\"2012-06-10\",\"logo\":{\"@type\":\"ImageObject\",\"url\":\"https:\\\/\\\/candas365.es\\\/noticias\\\/wp-content\\\/uploads\\\/2024\\\/09\\\/Candas-365-Redes.jpg\",\"@id\":\"https:\\\/\\\/candas365.es\\\/noticias\\\/matias-buhler-debutara-en-la-copa-america\\\/#organizationLogo\",\"width\":1152,\"height\":864,\"caption\":\"Cand\\u00e1s 365 Redes\"},\"image\":{\"@id\":\"https:\\\/\\\/candas365.es\\\/noticias\\\/matias-buhler-debutara-en-la-copa-america\\\/#organizationLogo\"},\"sameAs\":[\"https:\\\/\\\/www.facebook.com\\\/Nachofdezber\",\"https:\\\/\\\/x.com\\\/NabercoDigital\",\"https:\\\/\\\/www.instagram.com\\\/nachofdezber\\\/\",\"https:\\\/\\\/www.youtube.com\\\/channel\\\/UCZP-2wLEB9Rv6erhFmqVnvg\"],\"address\":{\"@id\":\"https:\\\/\\\/candas365.es\\\/noticias\\\/#postaladdress\",\"@type\":\"PostalAddress\",\"streetAddress\":\"san antonio 4, san antonio 4\",\"postalCode\":\"33430\",\"addressLocality\":\"Cand\\u00e1s\",\"addressRegion\":\"Asturias\",\"addressCountry\":\"ES\"}},{\"@type\":\"Person\",\"@id\":\"https:\\\/\\\/candas365.es\\\/noticias\\\/author\\\/admin\\\/#author\",\"url\":\"https:\\\/\\\/candas365.es\\\/noticias\\\/author\\\/admin\\\/\",\"name\":\"Cand\\u00e1s 365\",\"image\":{\"@type\":\"ImageObject\",\"@id\":\"https:\\\/\\\/candas365.es\\\/noticias\\\/matias-buhler-debutara-en-la-copa-america\\\/#authorImage\",\"url\":\"https:\\\/\\\/secure.gravatar.com\\\/avatar\\\/496a8e03d0c493ede1718b7934145dbdf8d89be1036b0eec9544e1094c9de390?s=96&d=mm&r=g\",\"width\":96,\"height\":96,\"caption\":\"Cand\\u00e1s 365\"},\"sameAs\":[\"https:\\\/\\\/www.facebook.com\\\/carrenoactualidad\",\"https:\\\/\\\/twitter.com\\\/nbasturias\",\"https:\\\/\\\/www.instagram.com\\\/nachofdezber\\\/\",\"https:\\\/\\\/www.youtube.com\\\/channel\\\/UCZP-2wLEB9Rv6erhFmqVnvg\"]},{\"@type\":\"WebPage\",\"@id\":\"https:\\\/\\\/candas365.es\\\/noticias\\\/matias-buhler-debutara-en-la-copa-america\\\/#webpage\",\"url\":\"https:\\\/\\\/candas365.es\\\/noticias\\\/matias-buhler-debutara-en-la-copa-america\\\/\",\"name\":\"Mat\\u00edas B\\u00fchler debutar\\u00e1 en la Copa Am\\u00e9rica | Cand\\u00e1s 365\",\"description\":\"(EP) - El tripulante argentino nacionalizado suizo Mat\\u00edas B\\u00fchler, uno de los pocos integrantes del Alinghi Red Bull Racing no nacido en Suiza\",\"inLanguage\":\"es-ES\",\"isPartOf\":{\"@id\":\"https:\\\/\\\/candas365.es\\\/noticias\\\/#website\"},\"breadcrumb\":{\"@id\":\"https:\\\/\\\/candas365.es\\\/noticias\\\/matias-buhler-debutara-en-la-copa-america\\\/#breadcrumblist\"},\"author\":{\"@id\":\"https:\\\/\\\/candas365.es\\\/noticias\\\/author\\\/admin\\\/#author\"},\"creator\":{\"@id\":\"https:\\\/\\\/candas365.es\\\/noticias\\\/author\\\/admin\\\/#author\"},\"image\":{\"@type\":\"ImageObject\",\"url\":\"https:\\\/\\\/candas365.es\\\/noticias\\\/wp-content\\\/uploads\\\/2022\\\/11\\\/Buhler.jpg\",\"@id\":\"https:\\\/\\\/candas365.es\\\/noticias\\\/matias-buhler-debutara-en-la-copa-america\\\/#mainImage\",\"width\":995,\"height\":654,\"caption\":\"FOTO: ALINGHI RED BULL RACING \\\/ Europa Press\"},\"primaryImageOfPage\":{\"@id\":\"https:\\\/\\\/candas365.es\\\/noticias\\\/matias-buhler-debutara-en-la-copa-america\\\/#mainImage\"},\"datePublished\":\"2022-11-01T18:28:17+01:00\",\"dateModified\":\"2022-11-01T18:28:17+01:00\"},{\"@type\":\"WebSite\",\"@id\":\"https:\\\/\\\/candas365.es\\\/noticias\\\/#website\",\"url\":\"https:\\\/\\\/candas365.es\\\/noticias\\\/\",\"name\":\"Cand\\u00e1s 365\",\"alternateName\":\"Cand\\u00e1s 365 Noticias\",\"description\":\"Actualidad desde Carre\\u00f1o para el mundo\",\"inLanguage\":\"es-ES\",\"publisher\":{\"@id\":\"https:\\\/\\\/candas365.es\\\/noticias\\\/#organization\"}}]}\n\t\t<\/script>\n\t\t<!-- All in One SEO Pro -->\r\n\t\t<title>Mat\u00edas B\u00fchler debutar\u00e1 en la Copa Am\u00e9rica | Cand\u00e1s 365<\/title>\n\n","aioseo_head_json":{"title":"Mat\u00edas B\u00fchler debutar\u00e1 en la Copa Am\u00e9rica | Cand\u00e1s 365","description":"(EP) - El tripulante argentino nacionalizado suizo Mat\u00edas B\u00fchler, uno de los pocos integrantes del Alinghi Red Bull Racing no nacido en Suiza","canonical_url":"https:\/\/candas365.es\/noticias\/matias-buhler-debutara-en-la-copa-america\/","robots":"max-image-preview:large","keywords":"deporte","webmasterTools":{"google-site-verification":"UA-32230408-1","msvalidate.01":"354F3CDFB2DA171B47FBE9ABF1F88D5","miscellaneous":""},"schema":{"@context":"https:\/\/schema.org","@graph":[{"@type":"BreadcrumbList","@id":"https:\/\/candas365.es\/noticias\/matias-buhler-debutara-en-la-copa-america\/#breadcrumblist","itemListElement":[{"@type":"ListItem","@id":"https:\/\/candas365.es\/noticias#listItem","position":1,"name":"Home","item":"https:\/\/candas365.es\/noticias","nextItem":{"@type":"ListItem","@id":"https:\/\/candas365.es\/noticias\/category\/deporte\/#listItem","name":"Deporte"}},{"@type":"ListItem","@id":"https:\/\/candas365.es\/noticias\/category\/deporte\/#listItem","position":2,"name":"Deporte","item":"https:\/\/candas365.es\/noticias\/category\/deporte\/","nextItem":{"@type":"ListItem","@id":"https:\/\/candas365.es\/noticias\/matias-buhler-debutara-en-la-copa-america\/#listItem","name":"Mat\u00edas B\u00fchler debutar\u00e1 en la Copa Am\u00e9rica"},"previousItem":{"@type":"ListItem","@id":"https:\/\/candas365.es\/noticias#listItem","name":"Home"}},{"@type":"ListItem","@id":"https:\/\/candas365.es\/noticias\/matias-buhler-debutara-en-la-copa-america\/#listItem","position":3,"name":"Mat\u00edas B\u00fchler debutar\u00e1 en la Copa Am\u00e9rica","previousItem":{"@type":"ListItem","@id":"https:\/\/candas365.es\/noticias\/category\/deporte\/#listItem","name":"Deporte"}}]},{"@type":"NewsArticle","@id":"https:\/\/candas365.es\/noticias\/matias-buhler-debutara-en-la-copa-america\/#newsarticle","name":"Mat\u00edas B\u00fchler debutar\u00e1 en la Copa Am\u00e9rica | Cand\u00e1s 365","headline":"Mat\u00edas B\u00fchler debutar\u00e1 en la Copa Am\u00e9rica","author":{"@id":"https:\/\/candas365.es\/noticias\/author\/admin\/#author"},"publisher":{"@id":"https:\/\/candas365.es\/noticias\/#organization"},"image":{"@type":"ImageObject","url":"https:\/\/candas365.es\/noticias\/wp-content\/uploads\/2022\/11\/Buhler.jpg","width":995,"height":654,"caption":"FOTO: ALINGHI RED BULL RACING \/ Europa Press"},"datePublished":"2022-11-01T18:28:17+01:00","dateModified":"2022-11-01T18:28:17+01:00","inLanguage":"es-ES","mainEntityOfPage":{"@id":"https:\/\/candas365.es\/noticias\/matias-buhler-debutara-en-la-copa-america\/#webpage"},"isPartOf":{"@id":"https:\/\/candas365.es\/noticias\/matias-buhler-debutara-en-la-copa-america\/#webpage"},"articleSection":"Deporte, deporte","dateline":"Publicado el noviembre 1, 2022."},{"@type":"Organization","@id":"https:\/\/candas365.es\/noticias\/#organization","name":"Cand\u00e1s 365","description":"Cand\u00e1s 365 es un diario digital independiente, fundado en 2012, con base en Asturias. Informamos con rigor sobre actualidad, sociedad, cultura y ocio, con una mirada local y global.","url":"https:\/\/candas365.es\/noticias\/","email":"info@candas365.es","telephone":"+34652131393","foundingDate":"2012-06-10","logo":{"@type":"ImageObject","url":"https:\/\/candas365.es\/noticias\/wp-content\/uploads\/2024\/09\/Candas-365-Redes.jpg","@id":"https:\/\/candas365.es\/noticias\/matias-buhler-debutara-en-la-copa-america\/#organizationLogo","width":1152,"height":864,"caption":"Cand\u00e1s 365 Redes"},"image":{"@id":"https:\/\/candas365.es\/noticias\/matias-buhler-debutara-en-la-copa-america\/#organizationLogo"},"sameAs":["https:\/\/www.facebook.com\/Nachofdezber","https:\/\/x.com\/NabercoDigital","https:\/\/www.instagram.com\/nachofdezber\/","https:\/\/www.youtube.com\/channel\/UCZP-2wLEB9Rv6erhFmqVnvg"],"address":{"@id":"https:\/\/candas365.es\/noticias\/#postaladdress","@type":"PostalAddress","streetAddress":"san antonio 4, san antonio 4","postalCode":"33430","addressLocality":"Cand\u00e1s","addressRegion":"Asturias","addressCountry":"ES"}},{"@type":"Person","@id":"https:\/\/candas365.es\/noticias\/author\/admin\/#author","url":"https:\/\/candas365.es\/noticias\/author\/admin\/","name":"Cand\u00e1s 365","image":{"@type":"ImageObject","@id":"https:\/\/candas365.es\/noticias\/matias-buhler-debutara-en-la-copa-america\/#authorImage","url":"https:\/\/secure.gravatar.com\/avatar\/496a8e03d0c493ede1718b7934145dbdf8d89be1036b0eec9544e1094c9de390?s=96&d=mm&r=g","width":96,"height":96,"caption":"Cand\u00e1s 365"},"sameAs":["https:\/\/www.facebook.com\/carrenoactualidad","https:\/\/twitter.com\/nbasturias","https:\/\/www.instagram.com\/nachofdezber\/","https:\/\/www.youtube.com\/channel\/UCZP-2wLEB9Rv6erhFmqVnvg"]},{"@type":"WebPage","@id":"https:\/\/candas365.es\/noticias\/matias-buhler-debutara-en-la-copa-america\/#webpage","url":"https:\/\/candas365.es\/noticias\/matias-buhler-debutara-en-la-copa-america\/","name":"Mat\u00edas B\u00fchler debutar\u00e1 en la Copa Am\u00e9rica | Cand\u00e1s 365","description":"(EP) - El tripulante argentino nacionalizado suizo Mat\u00edas B\u00fchler, uno de los pocos integrantes del Alinghi Red Bull Racing no nacido en Suiza","inLanguage":"es-ES","isPartOf":{"@id":"https:\/\/candas365.es\/noticias\/#website"},"breadcrumb":{"@id":"https:\/\/candas365.es\/noticias\/matias-buhler-debutara-en-la-copa-america\/#breadcrumblist"},"author":{"@id":"https:\/\/candas365.es\/noticias\/author\/admin\/#author"},"creator":{"@id":"https:\/\/candas365.es\/noticias\/author\/admin\/#author"},"image":{"@type":"ImageObject","url":"https:\/\/candas365.es\/noticias\/wp-content\/uploads\/2022\/11\/Buhler.jpg","@id":"https:\/\/candas365.es\/noticias\/matias-buhler-debutara-en-la-copa-america\/#mainImage","width":995,"height":654,"caption":"FOTO: ALINGHI RED BULL RACING \/ Europa Press"},"primaryImageOfPage":{"@id":"https:\/\/candas365.es\/noticias\/matias-buhler-debutara-en-la-copa-america\/#mainImage"},"datePublished":"2022-11-01T18:28:17+01:00","dateModified":"2022-11-01T18:28:17+01:00"},{"@type":"WebSite","@id":"https:\/\/candas365.es\/noticias\/#website","url":"https:\/\/candas365.es\/noticias\/","name":"Cand\u00e1s 365","alternateName":"Cand\u00e1s 365 Noticias","description":"Actualidad desde Carre\u00f1o para el mundo","inLanguage":"es-ES","publisher":{"@id":"https:\/\/candas365.es\/noticias\/#organization"}}]},"og:locale":"es_ES","og:site_name":"Cand\u00e1s 365","og:type":"article","og:title":"Mat\u00edas B\u00fchler debutar\u00e1 en la Copa Am\u00e9rica | Cand\u00e1s 365","og:description":"(EP) - El tripulante argentino nacionalizado suizo Mat\u00edas B\u00fchler, uno de los pocos integrantes del Alinghi Red Bull Racing no nacido en Suiza","og:url":"https:\/\/candas365.es\/noticias\/matias-buhler-debutara-en-la-copa-america\/","og:image":"https:\/\/candas365.es\/noticias\/wp-content\/uploads\/2022\/11\/Buhler.jpg","og:image:secure_url":"https:\/\/candas365.es\/noticias\/wp-content\/uploads\/2022\/11\/Buhler.jpg","og:image:width":995,"og:image:height":654,"article:published_time":"2022-11-01T17:28:17+00:00","article:modified_time":"2022-11-01T17:28:17+00:00","article:publisher":"https:\/\/www.facebook.com\/Nachofdezber","article:author":"https:\/\/www.facebook.com\/carrenoactualidad","twitter:card":"summary_large_image","twitter:site":"@NabercoDigital","twitter:title":"Mat\u00edas B\u00fchler debutar\u00e1 en la Copa Am\u00e9rica | Cand\u00e1s 365","twitter:description":"(EP) - El tripulante argentino nacionalizado suizo Mat\u00edas B\u00fchler, uno de los pocos integrantes del Alinghi Red Bull Racing no nacido en Suiza","twitter:creator":"@nbasturias","twitter:image":"https:\/\/candas365.es\/noticias\/wp-content\/uploads\/2022\/11\/Buhler.jpg","twitter:label1":"Escrito por","twitter:data1":"Cand\u00e1s 365","twitter:label2":"Tiempo de lectura estimado","twitter:data2":"4 minutos"},"aioseo_meta_data":{"post_id":"168277","title":null,"description":"(EP) - El tripulante argentino nacionalizado suizo Mat\u00edas B\u00fchler, uno de los pocos integrantes del Alinghi Red Bull Racing no nacido en Suiza","keywords":[],"keyphrases":{"focus":{"keyphrase":"B\u00fchler","score":83,"analysis":{"keyphraseInTitle":{"title":"Focus keyphrase in SEO title","description":"Focus keyphrase found in SEO title.","score":9,"maxScore":9,"error":0},"keyphraseInDescription":{"title":"Focus keyphrase in meta description","description":"Focus keyphrase found in meta description.","score":9,"maxScore":9,"error":0},"keyphraseLength":{"title":"Focus keyphrase length","description":"Good job!","score":9,"maxScore":9,"error":0,"length":1},"keyphraseInURL":{"title":"Focus keyphrase in URL","description":"Focus keyphrase not found in the URL.","score":1,"maxScore":5,"error":1},"keyphraseInIntroduction":{"title":"Focus keyphrase in introduction","description":"Your Focus keyphrase appears in the first paragraph. Well done!","score":9,"maxScore":9,"error":0},"keyphraseInSubHeadings":{"title":"Focus keyphrase in Subheadings","description":"Use your focus keyphrase more in your H2 and H3 subheadings.","score":3,"maxScore":9,"error":1},"keyphraseInImageAlt":{"title":"Focus keyphrase in image alt attributes","description":"Focus keyphrase found in image alt attribute(s).","score":9,"maxScore":9,"error":0}}},"additional":[{"keyphrase":"Mat\u00edas B\u00fchler","score":83,"analysis":{"keyphraseInDescription":{"title":"Keyphrase in meta description","description":"Keyphrase found in meta description.","score":9,"maxScore":9,"error":0},"keyphraseLength":{"title":"Keyphrase length","description":"Good job!","score":9,"maxScore":9,"error":0,"length":2},"keyphraseInIntroduction":{"title":"Keyphrase in introduction","description":"Your Keyphrase appears in the first paragraph. Well done!","score":9,"maxScore":9,"error":0},"keyphraseInImageAlt":{"title":"Keyphrase in image alt attributes","description":"Keyphrase not found in image alt attribute(s). Add an image with your Keyphrase as alt text.","score":3,"maxScore":9,"error":1}}},{"keyphrase":"B\u00fchler","score":100,"analysis":{"keyphraseInDescription":{"title":"Keyphrase in meta description","description":"Keyphrase found in meta description.","score":9,"maxScore":9,"error":0},"keyphraseLength":{"title":"Keyphrase length","description":"Good job!","score":9,"maxScore":9,"error":0,"length":1},"keyphraseInIntroduction":{"title":"Keyphrase in introduction","description":"Your Keyphrase appears in the first paragraph. Well done!","score":9,"maxScore":9,"error":0},"keyphraseInImageAlt":{"title":"Keyphrase in image alt attributes","description":"Keyphrase found in image alt attribute(s).","score":9,"maxScore":9,"error":0}}}]},"primary_term":null,"canonical_url":null,"og_title":null,"og_description":null,"og_object_type":"default","og_image_type":"default","og_image_url":null,"og_image_width":null,"og_image_height":null,"og_image_custom_url":null,"og_image_custom_fields":null,"og_video":"","og_custom_url":null,"og_article_section":null,"og_article_tags":[],"twitter_use_og":false,"twitter_card":"default","twitter_image_type":"default","twitter_image_url":null,"twitter_image_custom_url":null,"twitter_image_custom_fields":null,"twitter_title":null,"twitter_description":null,"schema":{"blockGraphs":[],"customGraphs":[],"default":{"data":{"Article":[],"Course":[],"Dataset":[],"FAQPage":[],"Movie":[],"Person":[],"Product":[],"ProductReview":[],"Car":[],"Recipe":[],"Service":[],"SoftwareApplication":[],"WebPage":[]},"graphName":"Article","isEnabled":true},"graphs":[]},"schema_type":"default","schema_type_options":null,"pillar_content":false,"robots_default":true,"robots_noindex":false,"robots_noarchive":false,"robots_nosnippet":false,"robots_nofollow":false,"robots_noimageindex":false,"robots_noodp":false,"robots_notranslate":false,"robots_max_snippet":"-1","robots_max_videopreview":"-1","robots_max_imagepreview":"large","priority":null,"frequency":"default","location":null,"local_seo":null,"seo_analyzer_scan_date":"2025-09-01 14:57:18","breadcrumb_settings":null,"limit_modified_date":false,"reviewed_by":null,"open_ai":null,"ai":null,"created":"2022-11-01 17:23:41","updated":"2025-09-01 14:57:18"},"aioseo_breadcrumb":"<div class=\"aioseo-breadcrumbs\"><span class=\"aioseo-breadcrumb\">\n\t<a href=\"https:\/\/candas365.es\/noticias\" title=\"Home\">Home<\/a>\n<\/span><span class=\"aioseo-breadcrumb-separator\">&ndash;<\/span><span class=\"aioseo-breadcrumb\">\n\t<a href=\"https:\/\/candas365.es\/noticias\/category\/deporte\/\" title=\"Deporte\">Deporte<\/a>\n<\/span><span class=\"aioseo-breadcrumb-separator\">&ndash;<\/span><span class=\"aioseo-breadcrumb\">\n\tMat\u00edas B\u00fchler debutar\u00e1 en la Copa Am\u00e9rica\n<\/span><\/div>","aioseo_breadcrumb_json":[{"label":"Home","link":"https:\/\/candas365.es\/noticias"},{"label":"Deporte","link":"https:\/\/candas365.es\/noticias\/category\/deporte\/"},{"label":"Mat\u00edas B\u00fchler debutar\u00e1 en la Copa Am\u00e9rica","link":"https:\/\/candas365.es\/noticias\/matias-buhler-debutara-en-la-copa-america\/"}],"_links":{"self":[{"href":"https:\/\/candas365.es\/noticias\/wp-json\/wp\/v2\/posts\/168277","targetHints":{"allow":["GET"]}}],"collection":[{"href":"https:\/\/candas365.es\/noticias\/wp-json\/wp\/v2\/posts"}],"about":[{"href":"https:\/\/candas365.es\/noticias\/wp-json\/wp\/v2\/types\/post"}],"author":[{"embeddable":true,"href":"https:\/\/candas365.es\/noticias\/wp-json\/wp\/v2\/users\/1"}],"replies":[{"embeddable":true,"href":"https:\/\/candas365.es\/noticias\/wp-json\/wp\/v2\/comments?post=168277"}],"version-history":[{"count":0,"href":"https:\/\/candas365.es\/noticias\/wp-json\/wp\/v2\/posts\/168277\/revisions"}],"wp:featuredmedia":[{"embeddable":true,"href":"https:\/\/candas365.es\/noticias\/wp-json\/wp\/v2\/media\/168278"}],"wp:attachment":[{"href":"https:\/\/candas365.es\/noticias\/wp-json\/wp\/v2\/media?parent=168277"}],"wp:term":[{"taxonomy":"category","embeddable":true,"href":"https:\/\/candas365.es\/noticias\/wp-json\/wp\/v2\/categories?post=168277"},{"taxonomy":"post_tag","embeddable":true,"href":"https:\/\/candas365.es\/noticias\/wp-json\/wp\/v2\/tags?post=168277"}],"curies":[{"name":"wp","href":"https:\/\/api.w.org\/{rel}","templated":true}]}}