{"id":168275,"date":"2022-11-01T18:22:46","date_gmt":"2022-11-01T17:22:46","guid":{"rendered":"https:\/\/candas365.es\/noticias\/?p=168275"},"modified":"2022-11-01T18:22:46","modified_gmt":"2022-11-01T17:22:46","slug":"de-paul-contra-el-oporto-es-como-una-final","status":"publish","type":"post","link":"https:\/\/candas365.es\/noticias\/de-paul-contra-el-oporto-es-como-una-final\/","title":{"rendered":"De Paul: \u00abContra el Oporto es como una final\u00bb"},"content":{"rendered":"<p>(EP) &#8211; El futbolista argentino del Atl\u00e9tico de Madrid Rodrigo de Paul afirm\u00f3 que el \u00faltimo encuentro del grupo B de la fase de grupos de la Liga de Campeones contra el Oporto, que se disputa este martes en el Estadio Do Dragao, es \u00abcomo una final\u00bb y asegur\u00f3 que la plantilla tiene \u00abmucha confianza\u00bb pese a los \u00faltimos resultados.<\/p>\n<p>\u00abNos tomamos tiempo para procesar lo que pas\u00f3. Afrontamos con mucha ilusi\u00f3n este partido, es muy importante. El grupo tiene mucha confianza y sabe de lo que somos capaces. Del lado de la confianza el equipo est\u00e1 muy bien. Es sumamente importante, es como una final\u00bb, dijo en rueda de prensa en el Estadio Do Dragao.<\/p>\n<p>De Paul record\u00f3 que este martes el Atl\u00e9tico de Madrid tiene la posibilidad de jugar una competici\u00f3n europea que le ha dado \u00abmuchas alegr\u00edas\u00bb. \u00abLa mejor manera de llegar a una Copa del Mundo es compitiendo. Hay cosas que no te las da los entrenamientos, el gimnasio y en estos cuatro partidos hay que competir al cien por cien\u00bb, destac\u00f3.<\/p>\n<p>El jugador argentino compar\u00f3 esta situaci\u00f3n con la que vivieron el pasado curso. \u00abHemos vivido algo similar el a\u00f1o pasado. El Porto es un gran equipo y seguramente ser\u00e1 un partido lindo porque los dos necesitamos ganar. Siempre hay cosas para mejorar en todos los aspectos, pero seguramente ser\u00e1 un gran a\u00f1o para nosotros\u00bb, asegur\u00f3.<\/p>\n<p>A su juicio, al Atl\u00e9tico les ha faltado una \u00abpizca de suerte\u00bb. \u00abEl f\u00fatbol se mide por resultados. Muchas noches los \u00faltimos minutos nos han ayudado a ganar, pero esta vez no. Nos sentimos bien, pero hay que demostrarlo en el campo\u00bb, dese\u00f3.<\/p>\n","protected":false},"excerpt":{"rendered":"<p>(EP) &#8211; El futbolista argentino del Atl\u00e9tico de Madrid Rodrigo de Paul afirm\u00f3 que el \u00faltimo encuentro del grupo B de la fase de grupos de la Liga de Campeones contra el Oporto, que se disputa este martes en el Estadio Do Dragao, es \u00abcomo una final\u00bb y asegur\u00f3 que la plantilla tiene \u00abmucha confianza\u00bb<\/p>\n","protected":false},"author":1,"featured_media":157395,"comment_status":"closed","ping_status":"closed","sticky":false,"template":"","format":"standard","meta":{"footnotes":""},"categories":[319],"tags":[],"class_list":{"0":"post-168275","1":"post","2":"type-post","3":"status-publish","4":"format-standard","5":"has-post-thumbnail","7":"category-deporte"},"aioseo_notices":[],"aioseo_head":"\n\t\t<!-- All in One SEO Pro 4.9.6.2 - aioseo.com -->\n\t<meta name=\"description\" content=\"(EP) - El futbolista argentino del Atl\u00e9tico de Madrid Rodrigo de Paul afirm\u00f3 que el \u00faltimo encuentro del grupo B de la fase de grupos de la Liga de Campeones\" \/>\n\t<meta name=\"robots\" content=\"max-image-preview:large\" \/>\n\t<meta name=\"author\" content=\"Cand\u00e1s 365\"\/>\n\t<meta name=\"google-site-verification\" content=\"UA-32230408-1\" \/>\n\t<meta name=\"msvalidate.01\" content=\"354F3CDFB2DA171B47FBE9ABF1F88D5\" \/>\n\t<meta name=\"keywords\" content=\"deporte\" \/>\n\t<link rel=\"canonical\" href=\"https:\/\/candas365.es\/noticias\/de-paul-contra-el-oporto-es-como-una-final\/\" \/>\n\t<meta name=\"generator\" content=\"All in One SEO Pro (AIOSEO) 4.9.6.2\" \/>\n\t\t<meta property=\"og:locale\" content=\"es_ES\" \/>\n\t\t<meta property=\"og:site_name\" content=\"Cand\u00e1s 365\" \/>\n\t\t<meta property=\"og:type\" content=\"article\" \/>\n\t\t<meta property=\"og:title\" content=\"De Paul: \u00abContra el Oporto es como una final\u00bb | Cand\u00e1s 365\" \/>\n\t\t<meta property=\"og:description\" content=\"(EP) - El futbolista argentino del Atl\u00e9tico de Madrid Rodrigo de Paul afirm\u00f3 que el \u00faltimo encuentro del grupo B de la fase de grupos de la Liga de Campeones\" \/>\n\t\t<meta property=\"og:url\" content=\"https:\/\/candas365.es\/noticias\/de-paul-contra-el-oporto-es-como-una-final\/\" \/>\n\t\t<meta property=\"og:image\" content=\"https:\/\/candas365.es\/noticias\/wp-content\/uploads\/2021\/08\/futbol.jpg\" \/>\n\t\t<meta property=\"og:image:secure_url\" content=\"https:\/\/candas365.es\/noticias\/wp-content\/uploads\/2021\/08\/futbol.jpg\" \/>\n\t\t<meta property=\"og:image:width\" content=\"640\" \/>\n\t\t<meta property=\"og:image:height\" content=\"428\" \/>\n\t\t<meta property=\"article:published_time\" content=\"2022-11-01T17:22:46+00:00\" \/>\n\t\t<meta property=\"article:modified_time\" content=\"2022-11-01T17:22:46+00:00\" \/>\n\t\t<meta property=\"article:publisher\" content=\"https:\/\/www.facebook.com\/Nachofdezber\" \/>\n\t\t<meta property=\"article:author\" content=\"https:\/\/www.facebook.com\/carrenoactualidad\" \/>\n\t\t<meta name=\"twitter:card\" content=\"summary_large_image\" \/>\n\t\t<meta name=\"twitter:site\" content=\"@NabercoDigital\" \/>\n\t\t<meta name=\"twitter:title\" content=\"De Paul: \u00abContra el Oporto es como una final\u00bb | Cand\u00e1s 365\" \/>\n\t\t<meta name=\"twitter:description\" content=\"(EP) - El futbolista argentino del Atl\u00e9tico de Madrid Rodrigo de Paul afirm\u00f3 que el \u00faltimo encuentro del grupo B de la fase de grupos de la Liga de Campeones\" \/>\n\t\t<meta name=\"twitter:creator\" content=\"@nbasturias\" \/>\n\t\t<meta name=\"twitter:image\" content=\"https:\/\/candas365.es\/noticias\/wp-content\/uploads\/2021\/08\/futbol.jpg\" \/>\n\t\t<meta name=\"twitter:label1\" content=\"Escrito por\" \/>\n\t\t<meta name=\"twitter:data1\" content=\"Cand\u00e1s 365\" \/>\n\t\t<meta name=\"twitter:label2\" content=\"Tiempo de lectura estimado\" \/>\n\t\t<meta name=\"twitter:data2\" content=\"1 minuto\" \/>\n\t\t<script type=\"application\/ld+json\" class=\"aioseo-schema\">\n\t\t\t{\"@context\":\"https:\\\/\\\/schema.org\",\"@graph\":[{\"@type\":\"BreadcrumbList\",\"@id\":\"https:\\\/\\\/candas365.es\\\/noticias\\\/de-paul-contra-el-oporto-es-como-una-final\\\/#breadcrumblist\",\"itemListElement\":[{\"@type\":\"ListItem\",\"@id\":\"https:\\\/\\\/candas365.es\\\/noticias#listItem\",\"position\":1,\"name\":\"Home\",\"item\":\"https:\\\/\\\/candas365.es\\\/noticias\",\"nextItem\":{\"@type\":\"ListItem\",\"@id\":\"https:\\\/\\\/candas365.es\\\/noticias\\\/category\\\/deporte\\\/#listItem\",\"name\":\"Deporte\"}},{\"@type\":\"ListItem\",\"@id\":\"https:\\\/\\\/candas365.es\\\/noticias\\\/category\\\/deporte\\\/#listItem\",\"position\":2,\"name\":\"Deporte\",\"item\":\"https:\\\/\\\/candas365.es\\\/noticias\\\/category\\\/deporte\\\/\",\"nextItem\":{\"@type\":\"ListItem\",\"@id\":\"https:\\\/\\\/candas365.es\\\/noticias\\\/de-paul-contra-el-oporto-es-como-una-final\\\/#listItem\",\"name\":\"De Paul: \\u00abContra el Oporto es como una final\\u00bb\"},\"previousItem\":{\"@type\":\"ListItem\",\"@id\":\"https:\\\/\\\/candas365.es\\\/noticias#listItem\",\"name\":\"Home\"}},{\"@type\":\"ListItem\",\"@id\":\"https:\\\/\\\/candas365.es\\\/noticias\\\/de-paul-contra-el-oporto-es-como-una-final\\\/#listItem\",\"position\":3,\"name\":\"De Paul: \\u00abContra el Oporto es como una final\\u00bb\",\"previousItem\":{\"@type\":\"ListItem\",\"@id\":\"https:\\\/\\\/candas365.es\\\/noticias\\\/category\\\/deporte\\\/#listItem\",\"name\":\"Deporte\"}}]},{\"@type\":\"NewsArticle\",\"@id\":\"https:\\\/\\\/candas365.es\\\/noticias\\\/de-paul-contra-el-oporto-es-como-una-final\\\/#newsarticle\",\"name\":\"De Paul: \\u00abContra el Oporto es como una final\\u00bb | Cand\\u00e1s 365\",\"headline\":\"De Paul: \\u00abContra el Oporto es como una final\\u00bb\",\"author\":{\"@id\":\"https:\\\/\\\/candas365.es\\\/noticias\\\/author\\\/admin\\\/#author\"},\"publisher\":{\"@id\":\"https:\\\/\\\/candas365.es\\\/noticias\\\/#organization\"},\"image\":{\"@type\":\"ImageObject\",\"url\":\"https:\\\/\\\/candas365.es\\\/noticias\\\/wp-content\\\/uploads\\\/2021\\\/08\\\/futbol.jpg\",\"width\":640,\"height\":428,\"caption\":\"f\\u00fatbol\"},\"datePublished\":\"2022-11-01T18:22:46+01:00\",\"dateModified\":\"2022-11-01T18:22:46+01:00\",\"inLanguage\":\"es-ES\",\"mainEntityOfPage\":{\"@id\":\"https:\\\/\\\/candas365.es\\\/noticias\\\/de-paul-contra-el-oporto-es-como-una-final\\\/#webpage\"},\"isPartOf\":{\"@id\":\"https:\\\/\\\/candas365.es\\\/noticias\\\/de-paul-contra-el-oporto-es-como-una-final\\\/#webpage\"},\"articleSection\":\"Deporte\",\"dateline\":\"Publicado el noviembre 1, 2022.\"},{\"@type\":\"Organization\",\"@id\":\"https:\\\/\\\/candas365.es\\\/noticias\\\/#organization\",\"name\":\"Cand\\u00e1s 365\",\"description\":\"Cand\\u00e1s 365 es un diario digital independiente, fundado en 2012, con base en Asturias. Informamos con rigor sobre actualidad, sociedad, cultura y ocio, con una mirada local y global.\",\"url\":\"https:\\\/\\\/candas365.es\\\/noticias\\\/\",\"email\":\"info@candas365.es\",\"telephone\":\"+34652131393\",\"foundingDate\":\"2012-06-10\",\"logo\":{\"@type\":\"ImageObject\",\"url\":\"https:\\\/\\\/candas365.es\\\/noticias\\\/wp-content\\\/uploads\\\/2024\\\/09\\\/Candas-365-Redes.jpg\",\"@id\":\"https:\\\/\\\/candas365.es\\\/noticias\\\/de-paul-contra-el-oporto-es-como-una-final\\\/#organizationLogo\",\"width\":1152,\"height\":864,\"caption\":\"Cand\\u00e1s 365 Redes\"},\"image\":{\"@id\":\"https:\\\/\\\/candas365.es\\\/noticias\\\/de-paul-contra-el-oporto-es-como-una-final\\\/#organizationLogo\"},\"sameAs\":[\"https:\\\/\\\/www.facebook.com\\\/Nachofdezber\",\"https:\\\/\\\/x.com\\\/NabercoDigital\",\"https:\\\/\\\/www.instagram.com\\\/nachofdezber\\\/\",\"https:\\\/\\\/www.youtube.com\\\/channel\\\/UCZP-2wLEB9Rv6erhFmqVnvg\"],\"address\":{\"@id\":\"https:\\\/\\\/candas365.es\\\/noticias\\\/#postaladdress\",\"@type\":\"PostalAddress\",\"streetAddress\":\"san antonio 4, san antonio 4\",\"postalCode\":\"33430\",\"addressLocality\":\"Cand\\u00e1s\",\"addressRegion\":\"Asturias\",\"addressCountry\":\"ES\"}},{\"@type\":\"Person\",\"@id\":\"https:\\\/\\\/candas365.es\\\/noticias\\\/author\\\/admin\\\/#author\",\"url\":\"https:\\\/\\\/candas365.es\\\/noticias\\\/author\\\/admin\\\/\",\"name\":\"Cand\\u00e1s 365\",\"image\":{\"@type\":\"ImageObject\",\"@id\":\"https:\\\/\\\/candas365.es\\\/noticias\\\/de-paul-contra-el-oporto-es-como-una-final\\\/#authorImage\",\"url\":\"https:\\\/\\\/secure.gravatar.com\\\/avatar\\\/496a8e03d0c493ede1718b7934145dbdf8d89be1036b0eec9544e1094c9de390?s=96&d=mm&r=g\",\"width\":96,\"height\":96,\"caption\":\"Cand\\u00e1s 365\"},\"sameAs\":[\"https:\\\/\\\/www.facebook.com\\\/carrenoactualidad\",\"https:\\\/\\\/twitter.com\\\/nbasturias\",\"https:\\\/\\\/www.instagram.com\\\/nachofdezber\\\/\",\"https:\\\/\\\/www.youtube.com\\\/channel\\\/UCZP-2wLEB9Rv6erhFmqVnvg\"]},{\"@type\":\"WebPage\",\"@id\":\"https:\\\/\\\/candas365.es\\\/noticias\\\/de-paul-contra-el-oporto-es-como-una-final\\\/#webpage\",\"url\":\"https:\\\/\\\/candas365.es\\\/noticias\\\/de-paul-contra-el-oporto-es-como-una-final\\\/\",\"name\":\"De Paul: \\u00abContra el Oporto es como una final\\u00bb | Cand\\u00e1s 365\",\"description\":\"(EP) - El futbolista argentino del Atl\\u00e9tico de Madrid Rodrigo de Paul afirm\\u00f3 que el \\u00faltimo encuentro del grupo B de la fase de grupos de la Liga de Campeones\",\"inLanguage\":\"es-ES\",\"isPartOf\":{\"@id\":\"https:\\\/\\\/candas365.es\\\/noticias\\\/#website\"},\"breadcrumb\":{\"@id\":\"https:\\\/\\\/candas365.es\\\/noticias\\\/de-paul-contra-el-oporto-es-como-una-final\\\/#breadcrumblist\"},\"author\":{\"@id\":\"https:\\\/\\\/candas365.es\\\/noticias\\\/author\\\/admin\\\/#author\"},\"creator\":{\"@id\":\"https:\\\/\\\/candas365.es\\\/noticias\\\/author\\\/admin\\\/#author\"},\"image\":{\"@type\":\"ImageObject\",\"url\":\"https:\\\/\\\/candas365.es\\\/noticias\\\/wp-content\\\/uploads\\\/2021\\\/08\\\/futbol.jpg\",\"@id\":\"https:\\\/\\\/candas365.es\\\/noticias\\\/de-paul-contra-el-oporto-es-como-una-final\\\/#mainImage\",\"width\":640,\"height\":428,\"caption\":\"f\\u00fatbol\"},\"primaryImageOfPage\":{\"@id\":\"https:\\\/\\\/candas365.es\\\/noticias\\\/de-paul-contra-el-oporto-es-como-una-final\\\/#mainImage\"},\"datePublished\":\"2022-11-01T18:22:46+01:00\",\"dateModified\":\"2022-11-01T18:22:46+01:00\"},{\"@type\":\"WebSite\",\"@id\":\"https:\\\/\\\/candas365.es\\\/noticias\\\/#website\",\"url\":\"https:\\\/\\\/candas365.es\\\/noticias\\\/\",\"name\":\"Cand\\u00e1s 365\",\"alternateName\":\"Cand\\u00e1s 365 Noticias\",\"description\":\"Actualidad desde Carre\\u00f1o para el mundo\",\"inLanguage\":\"es-ES\",\"publisher\":{\"@id\":\"https:\\\/\\\/candas365.es\\\/noticias\\\/#organization\"}}]}\n\t\t<\/script>\n\t\t<!-- All in One SEO Pro -->\r\n\t\t<title>De Paul: \u00abContra el Oporto es como una final\u00bb | Cand\u00e1s 365<\/title>\n\n","aioseo_head_json":{"title":"De Paul: \u00abContra el Oporto es como una final\u00bb | Cand\u00e1s 365","description":"(EP) - El futbolista argentino del Atl\u00e9tico de Madrid Rodrigo de Paul afirm\u00f3 que el \u00faltimo encuentro del grupo B de la fase de grupos de la Liga de Campeones","canonical_url":"https:\/\/candas365.es\/noticias\/de-paul-contra-el-oporto-es-como-una-final\/","robots":"max-image-preview:large","keywords":"deporte","webmasterTools":{"google-site-verification":"UA-32230408-1","msvalidate.01":"354F3CDFB2DA171B47FBE9ABF1F88D5","miscellaneous":""},"schema":{"@context":"https:\/\/schema.org","@graph":[{"@type":"BreadcrumbList","@id":"https:\/\/candas365.es\/noticias\/de-paul-contra-el-oporto-es-como-una-final\/#breadcrumblist","itemListElement":[{"@type":"ListItem","@id":"https:\/\/candas365.es\/noticias#listItem","position":1,"name":"Home","item":"https:\/\/candas365.es\/noticias","nextItem":{"@type":"ListItem","@id":"https:\/\/candas365.es\/noticias\/category\/deporte\/#listItem","name":"Deporte"}},{"@type":"ListItem","@id":"https:\/\/candas365.es\/noticias\/category\/deporte\/#listItem","position":2,"name":"Deporte","item":"https:\/\/candas365.es\/noticias\/category\/deporte\/","nextItem":{"@type":"ListItem","@id":"https:\/\/candas365.es\/noticias\/de-paul-contra-el-oporto-es-como-una-final\/#listItem","name":"De Paul: \u00abContra el Oporto es como una final\u00bb"},"previousItem":{"@type":"ListItem","@id":"https:\/\/candas365.es\/noticias#listItem","name":"Home"}},{"@type":"ListItem","@id":"https:\/\/candas365.es\/noticias\/de-paul-contra-el-oporto-es-como-una-final\/#listItem","position":3,"name":"De Paul: \u00abContra el Oporto es como una final\u00bb","previousItem":{"@type":"ListItem","@id":"https:\/\/candas365.es\/noticias\/category\/deporte\/#listItem","name":"Deporte"}}]},{"@type":"NewsArticle","@id":"https:\/\/candas365.es\/noticias\/de-paul-contra-el-oporto-es-como-una-final\/#newsarticle","name":"De Paul: \u00abContra el Oporto es como una final\u00bb | Cand\u00e1s 365","headline":"De Paul: \u00abContra el Oporto es como una final\u00bb","author":{"@id":"https:\/\/candas365.es\/noticias\/author\/admin\/#author"},"publisher":{"@id":"https:\/\/candas365.es\/noticias\/#organization"},"image":{"@type":"ImageObject","url":"https:\/\/candas365.es\/noticias\/wp-content\/uploads\/2021\/08\/futbol.jpg","width":640,"height":428,"caption":"f\u00fatbol"},"datePublished":"2022-11-01T18:22:46+01:00","dateModified":"2022-11-01T18:22:46+01:00","inLanguage":"es-ES","mainEntityOfPage":{"@id":"https:\/\/candas365.es\/noticias\/de-paul-contra-el-oporto-es-como-una-final\/#webpage"},"isPartOf":{"@id":"https:\/\/candas365.es\/noticias\/de-paul-contra-el-oporto-es-como-una-final\/#webpage"},"articleSection":"Deporte","dateline":"Publicado el noviembre 1, 2022."},{"@type":"Organization","@id":"https:\/\/candas365.es\/noticias\/#organization","name":"Cand\u00e1s 365","description":"Cand\u00e1s 365 es un diario digital independiente, fundado en 2012, con base en Asturias. Informamos con rigor sobre actualidad, sociedad, cultura y ocio, con una mirada local y global.","url":"https:\/\/candas365.es\/noticias\/","email":"info@candas365.es","telephone":"+34652131393","foundingDate":"2012-06-10","logo":{"@type":"ImageObject","url":"https:\/\/candas365.es\/noticias\/wp-content\/uploads\/2024\/09\/Candas-365-Redes.jpg","@id":"https:\/\/candas365.es\/noticias\/de-paul-contra-el-oporto-es-como-una-final\/#organizationLogo","width":1152,"height":864,"caption":"Cand\u00e1s 365 Redes"},"image":{"@id":"https:\/\/candas365.es\/noticias\/de-paul-contra-el-oporto-es-como-una-final\/#organizationLogo"},"sameAs":["https:\/\/www.facebook.com\/Nachofdezber","https:\/\/x.com\/NabercoDigital","https:\/\/www.instagram.com\/nachofdezber\/","https:\/\/www.youtube.com\/channel\/UCZP-2wLEB9Rv6erhFmqVnvg"],"address":{"@id":"https:\/\/candas365.es\/noticias\/#postaladdress","@type":"PostalAddress","streetAddress":"san antonio 4, san antonio 4","postalCode":"33430","addressLocality":"Cand\u00e1s","addressRegion":"Asturias","addressCountry":"ES"}},{"@type":"Person","@id":"https:\/\/candas365.es\/noticias\/author\/admin\/#author","url":"https:\/\/candas365.es\/noticias\/author\/admin\/","name":"Cand\u00e1s 365","image":{"@type":"ImageObject","@id":"https:\/\/candas365.es\/noticias\/de-paul-contra-el-oporto-es-como-una-final\/#authorImage","url":"https:\/\/secure.gravatar.com\/avatar\/496a8e03d0c493ede1718b7934145dbdf8d89be1036b0eec9544e1094c9de390?s=96&d=mm&r=g","width":96,"height":96,"caption":"Cand\u00e1s 365"},"sameAs":["https:\/\/www.facebook.com\/carrenoactualidad","https:\/\/twitter.com\/nbasturias","https:\/\/www.instagram.com\/nachofdezber\/","https:\/\/www.youtube.com\/channel\/UCZP-2wLEB9Rv6erhFmqVnvg"]},{"@type":"WebPage","@id":"https:\/\/candas365.es\/noticias\/de-paul-contra-el-oporto-es-como-una-final\/#webpage","url":"https:\/\/candas365.es\/noticias\/de-paul-contra-el-oporto-es-como-una-final\/","name":"De Paul: \u00abContra el Oporto es como una final\u00bb | Cand\u00e1s 365","description":"(EP) - El futbolista argentino del Atl\u00e9tico de Madrid Rodrigo de Paul afirm\u00f3 que el \u00faltimo encuentro del grupo B de la fase de grupos de la Liga de Campeones","inLanguage":"es-ES","isPartOf":{"@id":"https:\/\/candas365.es\/noticias\/#website"},"breadcrumb":{"@id":"https:\/\/candas365.es\/noticias\/de-paul-contra-el-oporto-es-como-una-final\/#breadcrumblist"},"author":{"@id":"https:\/\/candas365.es\/noticias\/author\/admin\/#author"},"creator":{"@id":"https:\/\/candas365.es\/noticias\/author\/admin\/#author"},"image":{"@type":"ImageObject","url":"https:\/\/candas365.es\/noticias\/wp-content\/uploads\/2021\/08\/futbol.jpg","@id":"https:\/\/candas365.es\/noticias\/de-paul-contra-el-oporto-es-como-una-final\/#mainImage","width":640,"height":428,"caption":"f\u00fatbol"},"primaryImageOfPage":{"@id":"https:\/\/candas365.es\/noticias\/de-paul-contra-el-oporto-es-como-una-final\/#mainImage"},"datePublished":"2022-11-01T18:22:46+01:00","dateModified":"2022-11-01T18:22:46+01:00"},{"@type":"WebSite","@id":"https:\/\/candas365.es\/noticias\/#website","url":"https:\/\/candas365.es\/noticias\/","name":"Cand\u00e1s 365","alternateName":"Cand\u00e1s 365 Noticias","description":"Actualidad desde Carre\u00f1o para el mundo","inLanguage":"es-ES","publisher":{"@id":"https:\/\/candas365.es\/noticias\/#organization"}}]},"og:locale":"es_ES","og:site_name":"Cand\u00e1s 365","og:type":"article","og:title":"De Paul: \u00abContra el Oporto es como una final\u00bb | Cand\u00e1s 365","og:description":"(EP) - El futbolista argentino del Atl\u00e9tico de Madrid Rodrigo de Paul afirm\u00f3 que el \u00faltimo encuentro del grupo B de la fase de grupos de la Liga de Campeones","og:url":"https:\/\/candas365.es\/noticias\/de-paul-contra-el-oporto-es-como-una-final\/","og:image":"https:\/\/candas365.es\/noticias\/wp-content\/uploads\/2021\/08\/futbol.jpg","og:image:secure_url":"https:\/\/candas365.es\/noticias\/wp-content\/uploads\/2021\/08\/futbol.jpg","og:image:width":640,"og:image:height":428,"article:published_time":"2022-11-01T17:22:46+00:00","article:modified_time":"2022-11-01T17:22:46+00:00","article:publisher":"https:\/\/www.facebook.com\/Nachofdezber","article:author":"https:\/\/www.facebook.com\/carrenoactualidad","twitter:card":"summary_large_image","twitter:site":"@NabercoDigital","twitter:title":"De Paul: \u00abContra el Oporto es como una final\u00bb | Cand\u00e1s 365","twitter:description":"(EP) - El futbolista argentino del Atl\u00e9tico de Madrid Rodrigo de Paul afirm\u00f3 que el \u00faltimo encuentro del grupo B de la fase de grupos de la Liga de Campeones","twitter:creator":"@nbasturias","twitter:image":"https:\/\/candas365.es\/noticias\/wp-content\/uploads\/2021\/08\/futbol.jpg","twitter:label1":"Escrito por","twitter:data1":"Cand\u00e1s 365","twitter:label2":"Tiempo de lectura estimado","twitter:data2":"1 minuto"},"aioseo_meta_data":{"post_id":"168275","title":null,"description":"(EP) - El futbolista argentino del Atl\u00e9tico de Madrid Rodrigo de Paul afirm\u00f3 que el \u00faltimo encuentro del grupo B de la fase de grupos de la Liga de Campeones","keywords":[],"keyphrases":{"focus":{"keyphrase":"Rodrigo de Paul ","score":83,"analysis":{"keyphraseInTitle":{"title":"Focus keyphrase in SEO title","description":"Focus keyphrase not found in SEO title.","score":3,"maxScore":9,"error":1},"keyphraseInDescription":{"title":"Focus keyphrase in meta description","description":"Focus keyphrase found in meta description.","score":9,"maxScore":9,"error":0},"keyphraseLength":{"title":"Focus keyphrase length","description":"Good job!","score":9,"maxScore":9,"error":0,"length":3},"keyphraseInURL":[],"keyphraseInIntroduction":{"title":"Focus keyphrase in introduction","description":"Your Focus keyphrase appears in the first paragraph. Well done!","score":9,"maxScore":9,"error":0},"keyphraseInSubHeadings":[],"keyphraseInImageAlt":[]}},"additional":[{"keyphrase":"Atl\u00e9tico de Madrid ","score":100,"analysis":{"keyphraseInDescription":{"title":"Keyphrase in meta description","description":"Keyphrase found in meta description.","score":9,"maxScore":9,"error":0},"keyphraseLength":{"title":"Keyphrase length","description":"Good job!","score":9,"maxScore":9,"error":0,"length":3},"keyphraseInIntroduction":{"title":"Keyphrase in introduction","description":"Your Keyphrase appears in the first paragraph. Well done!","score":9,"maxScore":9,"error":0},"keyphraseInImageAlt":[]}}]},"primary_term":null,"canonical_url":null,"og_title":null,"og_description":null,"og_object_type":"default","og_image_type":"default","og_image_url":null,"og_image_width":null,"og_image_height":null,"og_image_custom_url":null,"og_image_custom_fields":null,"og_video":"","og_custom_url":null,"og_article_section":null,"og_article_tags":[],"twitter_use_og":false,"twitter_card":"default","twitter_image_type":"default","twitter_image_url":null,"twitter_image_custom_url":null,"twitter_image_custom_fields":null,"twitter_title":null,"twitter_description":null,"schema":{"blockGraphs":[],"customGraphs":[],"default":{"data":{"Article":[],"Course":[],"Dataset":[],"FAQPage":[],"Movie":[],"Person":[],"Product":[],"ProductReview":[],"Car":[],"Recipe":[],"Service":[],"SoftwareApplication":[],"WebPage":[]},"graphName":"Article","isEnabled":true},"graphs":[]},"schema_type":"default","schema_type_options":null,"pillar_content":false,"robots_default":true,"robots_noindex":false,"robots_noarchive":false,"robots_nosnippet":false,"robots_nofollow":false,"robots_noimageindex":false,"robots_noodp":false,"robots_notranslate":false,"robots_max_snippet":"-1","robots_max_videopreview":"-1","robots_max_imagepreview":"large","priority":null,"frequency":"default","location":null,"local_seo":null,"seo_analyzer_scan_date":"2025-09-01 14:57:17","breadcrumb_settings":null,"limit_modified_date":false,"reviewed_by":null,"open_ai":null,"ai":null,"created":"2022-11-01 17:21:06","updated":"2025-09-01 14:57:17"},"aioseo_breadcrumb":"<div class=\"aioseo-breadcrumbs\"><span class=\"aioseo-breadcrumb\">\n\t<a href=\"https:\/\/candas365.es\/noticias\" title=\"Home\">Home<\/a>\n<\/span><span class=\"aioseo-breadcrumb-separator\">&ndash;<\/span><span class=\"aioseo-breadcrumb\">\n\t<a href=\"https:\/\/candas365.es\/noticias\/category\/deporte\/\" title=\"Deporte\">Deporte<\/a>\n<\/span><span class=\"aioseo-breadcrumb-separator\">&ndash;<\/span><span class=\"aioseo-breadcrumb\">\n\tDe Paul: \u00abContra el Oporto es como una final\u00bb\n<\/span><\/div>","aioseo_breadcrumb_json":[{"label":"Home","link":"https:\/\/candas365.es\/noticias"},{"label":"Deporte","link":"https:\/\/candas365.es\/noticias\/category\/deporte\/"},{"label":"De Paul: \u00abContra el Oporto es como una final\u00bb","link":"https:\/\/candas365.es\/noticias\/de-paul-contra-el-oporto-es-como-una-final\/"}],"_links":{"self":[{"href":"https:\/\/candas365.es\/noticias\/wp-json\/wp\/v2\/posts\/168275","targetHints":{"allow":["GET"]}}],"collection":[{"href":"https:\/\/candas365.es\/noticias\/wp-json\/wp\/v2\/posts"}],"about":[{"href":"https:\/\/candas365.es\/noticias\/wp-json\/wp\/v2\/types\/post"}],"author":[{"embeddable":true,"href":"https:\/\/candas365.es\/noticias\/wp-json\/wp\/v2\/users\/1"}],"replies":[{"embeddable":true,"href":"https:\/\/candas365.es\/noticias\/wp-json\/wp\/v2\/comments?post=168275"}],"version-history":[{"count":0,"href":"https:\/\/candas365.es\/noticias\/wp-json\/wp\/v2\/posts\/168275\/revisions"}],"wp:featuredmedia":[{"embeddable":true,"href":"https:\/\/candas365.es\/noticias\/wp-json\/wp\/v2\/media\/157395"}],"wp:attachment":[{"href":"https:\/\/candas365.es\/noticias\/wp-json\/wp\/v2\/media?parent=168275"}],"wp:term":[{"taxonomy":"category","embeddable":true,"href":"https:\/\/candas365.es\/noticias\/wp-json\/wp\/v2\/categories?post=168275"},{"taxonomy":"post_tag","embeddable":true,"href":"https:\/\/candas365.es\/noticias\/wp-json\/wp\/v2\/tags?post=168275"}],"curies":[{"name":"wp","href":"https:\/\/api.w.org\/{rel}","templated":true}]}}