{"id":168007,"date":"2022-10-27T09:24:33","date_gmt":"2022-10-27T07:24:33","guid":{"rendered":"https:\/\/candas365.es\/noticias\/?p=168007"},"modified":"2022-10-27T09:24:33","modified_gmt":"2022-10-27T07:24:33","slug":"espana-cerro-septiembre-de-2022-con-2-980-200-personas-en-paro","status":"publish","type":"post","link":"https:\/\/candas365.es\/noticias\/espana-cerro-septiembre-de-2022-con-2-980-200-personas-en-paro\/","title":{"rendered":"Espa\u00f1a cerr\u00f3 septiembre de 2022 con 2.980.200 personas en paro"},"content":{"rendered":"<p>(EP) &#8211; El paro subi\u00f3 en 60.800 personas entre julio y <strong>septiembre de 2022<\/strong>, lo que supone casi <strong>un 2,1% m\u00e1s que en el trimestre anterior<\/strong>, mientras que la ocupaci\u00f3n se increment\u00f3 en 77.700 puestos de trabajo (+0,4%), situ\u00e1ndose el n\u00famero total de ocupados por encima de los 20,5 millones de personas, ha informado este jueves el <strong><span style=\"color: #ff6600;\"><a style=\"color: #ff6600;\" href=\"https:\/\/www.ine.es\/\" target=\"_blank\" rel=\"noopener\">Instituto Nacional de Estad\u00edstica<\/a><\/span><\/strong> (INE).<\/p>\n<figure id=\"attachment_168008\" aria-describedby=\"caption-attachment-168008\" style=\"width: 650px\" class=\"wp-caption aligncenter\"><img fetchpriority=\"high\" decoding=\"async\" class=\"wp-image-168008 size-large\" src=\"https:\/\/candas365.es\/noticias\/wp-content\/uploads\/2022\/10\/paro-650x431.jpg\" alt=\"paro\" width=\"650\" height=\"431\" srcset=\"https:\/\/candas365.es\/noticias\/wp-content\/uploads\/2022\/10\/paro-650x431.jpg 650w, https:\/\/candas365.es\/noticias\/wp-content\/uploads\/2022\/10\/paro-360x238.jpg 360w, https:\/\/candas365.es\/noticias\/wp-content\/uploads\/2022\/10\/paro-768x509.jpg 768w, https:\/\/candas365.es\/noticias\/wp-content\/uploads\/2022\/10\/paro-150x99.jpg 150w, https:\/\/candas365.es\/noticias\/wp-content\/uploads\/2022\/10\/paro-450x298.jpg 450w, https:\/\/candas365.es\/noticias\/wp-content\/uploads\/2022\/10\/paro.jpg 995w\" sizes=\"(max-width: 650px) 100vw, 650px\" \/><figcaption id=\"caption-attachment-168008\" class=\"wp-caption-text\">Foto: David Zorrakino &#8211; Europa Press<\/figcaption><\/figure>\n<p>En concreto, <strong>al finalizar septiembre, el <a href=\"https:\/\/candas365.es\/noticias\/paro-en-la-eurozona-espana-a-la-cabeza\/\"><span style=\"color: #ff6600;\">n\u00famero total de parados se situ\u00f3 en 2.980.200 personas<\/span><\/a> y el de ocupados, en 20.545.700 personas<\/strong>, su mayor cifra desde el tercer trimestre de 2008, cuando se superaron los 20,55 millones de trabajadores.<\/p>\n<p>Exceptuando 2020, cuando la pandemia dispar\u00f3 el paro en el tercer trimestre en 355.000 personas, el repunte del desempleo registrado este verano es el peor dato en un tercer trimestre desde 2012, cuando creci\u00f3 en 93.200 personas.<strong> En el verano de 2021 se registr\u00f3 un descenso del desempleo de 127.100 personas.<\/strong><\/p>\n<p>De esta forma, la tasa de paro repunt\u00f3 casi dos d\u00e9cimas en el tercer trimestre de este a\u00f1o, hasta el 12,67%, mientras que la tasa de actividad subi\u00f3 algo m\u00e1s de una d\u00e9cima, hasta el 58,86%, tras aumentar el n\u00famero de activos en 138.500 personas entre julio y septiembre (+0,6%).<\/p>\n<p>En lo que respecta a la creaci\u00f3n de empleo, los 77.700 puestos de trabajo generados en el tercer trimestre contrastan con los fuertes repuntes que se registraron en el mismo periodo de 2020 (+569.600 empleos) y 2021 (+359.300), en los que el fin de las restricciones impuls\u00f3 la creaci\u00f3n de empleo. En comparaci\u00f3n con el tercer trimestre de 2019, antes de la pandemia, la cifra de nuevos ocupados registrada este a\u00f1o es algo superior.<\/p>\n","protected":false},"excerpt":{"rendered":"<p>(EP) &#8211; El paro subi\u00f3 en 60.800 personas entre julio y septiembre de 2022, lo que supone casi un 2,1% m\u00e1s que en el trimestre anterior, mientras que la ocupaci\u00f3n se increment\u00f3 en 77.700 puestos de trabajo (+0,4%), situ\u00e1ndose el n\u00famero total de ocupados por encima de los 20,5 millones de personas, ha informado este<\/p>\n","protected":false},"author":1,"featured_media":168008,"comment_status":"closed","ping_status":"closed","sticky":false,"template":"","format":"standard","meta":{"footnotes":""},"categories":[486],"tags":[437,382],"class_list":{"0":"post-168007","1":"post","2":"type-post","3":"status-publish","4":"format-standard","5":"has-post-thumbnail","7":"category-economia","8":"tag-economia","9":"tag-empleo"},"aioseo_notices":[],"aioseo_head":"\n\t\t<!-- All in One SEO Pro 4.9.6.2 - aioseo.com -->\n\t<meta name=\"description\" content=\"(EP) - El paro subi\u00f3 en 60.800 personas entre julio y septiembre de 2022, lo que supone casi un 2,1% m\u00e1s que en el trimestre anterior, mientras que la ocupaci\u00f3n\" \/>\n\t<meta name=\"robots\" content=\"max-image-preview:large\" \/>\n\t<meta name=\"author\" content=\"Cand\u00e1s 365\"\/>\n\t<meta name=\"google-site-verification\" content=\"UA-32230408-1\" \/>\n\t<meta name=\"msvalidate.01\" content=\"354F3CDFB2DA171B47FBE9ABF1F88D5\" \/>\n\t<meta name=\"keywords\" content=\"econom\u00eda\" \/>\n\t<link rel=\"canonical\" href=\"https:\/\/candas365.es\/noticias\/espana-cerro-septiembre-de-2022-con-2-980-200-personas-en-paro\/\" \/>\n\t<meta name=\"generator\" content=\"All in One SEO Pro (AIOSEO) 4.9.6.2\" \/>\n\t\t<meta property=\"og:locale\" content=\"es_ES\" \/>\n\t\t<meta property=\"og:site_name\" content=\"Cand\u00e1s 365\" \/>\n\t\t<meta property=\"og:type\" content=\"article\" \/>\n\t\t<meta property=\"og:title\" content=\"Espa\u00f1a cerr\u00f3 septiembre de 2022 con 2.980.200 personas en paro | Cand\u00e1s 365\" \/>\n\t\t<meta property=\"og:description\" content=\"(EP) - El paro subi\u00f3 en 60.800 personas entre julio y septiembre de 2022, lo que supone casi un 2,1% m\u00e1s que en el trimestre anterior, mientras que la ocupaci\u00f3n\" \/>\n\t\t<meta property=\"og:url\" content=\"https:\/\/candas365.es\/noticias\/espana-cerro-septiembre-de-2022-con-2-980-200-personas-en-paro\/\" \/>\n\t\t<meta property=\"og:image\" content=\"https:\/\/candas365.es\/noticias\/wp-content\/uploads\/2022\/10\/paro.jpg\" \/>\n\t\t<meta property=\"og:image:secure_url\" content=\"https:\/\/candas365.es\/noticias\/wp-content\/uploads\/2022\/10\/paro.jpg\" \/>\n\t\t<meta property=\"og:image:width\" content=\"995\" \/>\n\t\t<meta property=\"og:image:height\" content=\"659\" \/>\n\t\t<meta property=\"article:published_time\" content=\"2022-10-27T07:24:33+00:00\" \/>\n\t\t<meta property=\"article:modified_time\" content=\"2022-10-27T07:24:33+00:00\" \/>\n\t\t<meta property=\"article:publisher\" content=\"https:\/\/www.facebook.com\/Nachofdezber\" \/>\n\t\t<meta property=\"article:author\" content=\"https:\/\/www.facebook.com\/carrenoactualidad\" \/>\n\t\t<meta name=\"twitter:card\" content=\"summary_large_image\" \/>\n\t\t<meta name=\"twitter:site\" content=\"@NabercoDigital\" \/>\n\t\t<meta name=\"twitter:title\" content=\"Espa\u00f1a cerr\u00f3 septiembre de 2022 con 2.980.200 personas en paro | Cand\u00e1s 365\" \/>\n\t\t<meta name=\"twitter:description\" content=\"(EP) - El paro subi\u00f3 en 60.800 personas entre julio y septiembre de 2022, lo que supone casi un 2,1% m\u00e1s que en el trimestre anterior, mientras que la ocupaci\u00f3n\" \/>\n\t\t<meta name=\"twitter:creator\" content=\"@nbasturias\" \/>\n\t\t<meta name=\"twitter:image\" content=\"https:\/\/candas365.es\/noticias\/wp-content\/uploads\/2022\/10\/paro.jpg\" \/>\n\t\t<meta name=\"twitter:label1\" content=\"Escrito por\" \/>\n\t\t<meta name=\"twitter:data1\" content=\"Cand\u00e1s 365\" \/>\n\t\t<meta name=\"twitter:label2\" content=\"Tiempo de lectura estimado\" \/>\n\t\t<meta name=\"twitter:data2\" content=\"1 minuto\" \/>\n\t\t<script type=\"application\/ld+json\" class=\"aioseo-schema\">\n\t\t\t{\"@context\":\"https:\\\/\\\/schema.org\",\"@graph\":[{\"@type\":\"BreadcrumbList\",\"@id\":\"https:\\\/\\\/candas365.es\\\/noticias\\\/espana-cerro-septiembre-de-2022-con-2-980-200-personas-en-paro\\\/#breadcrumblist\",\"itemListElement\":[{\"@type\":\"ListItem\",\"@id\":\"https:\\\/\\\/candas365.es\\\/noticias#listItem\",\"position\":1,\"name\":\"Home\",\"item\":\"https:\\\/\\\/candas365.es\\\/noticias\",\"nextItem\":{\"@type\":\"ListItem\",\"@id\":\"https:\\\/\\\/candas365.es\\\/noticias\\\/category\\\/economia\\\/#listItem\",\"name\":\"Econom\\u00eda\"}},{\"@type\":\"ListItem\",\"@id\":\"https:\\\/\\\/candas365.es\\\/noticias\\\/category\\\/economia\\\/#listItem\",\"position\":2,\"name\":\"Econom\\u00eda\",\"item\":\"https:\\\/\\\/candas365.es\\\/noticias\\\/category\\\/economia\\\/\",\"nextItem\":{\"@type\":\"ListItem\",\"@id\":\"https:\\\/\\\/candas365.es\\\/noticias\\\/espana-cerro-septiembre-de-2022-con-2-980-200-personas-en-paro\\\/#listItem\",\"name\":\"Espa\\u00f1a cerr\\u00f3 septiembre de 2022 con 2.980.200 personas en paro\"},\"previousItem\":{\"@type\":\"ListItem\",\"@id\":\"https:\\\/\\\/candas365.es\\\/noticias#listItem\",\"name\":\"Home\"}},{\"@type\":\"ListItem\",\"@id\":\"https:\\\/\\\/candas365.es\\\/noticias\\\/espana-cerro-septiembre-de-2022-con-2-980-200-personas-en-paro\\\/#listItem\",\"position\":3,\"name\":\"Espa\\u00f1a cerr\\u00f3 septiembre de 2022 con 2.980.200 personas en paro\",\"previousItem\":{\"@type\":\"ListItem\",\"@id\":\"https:\\\/\\\/candas365.es\\\/noticias\\\/category\\\/economia\\\/#listItem\",\"name\":\"Econom\\u00eda\"}}]},{\"@type\":\"NewsArticle\",\"@id\":\"https:\\\/\\\/candas365.es\\\/noticias\\\/espana-cerro-septiembre-de-2022-con-2-980-200-personas-en-paro\\\/#newsarticle\",\"name\":\"Espa\\u00f1a cerr\\u00f3 septiembre de 2022 con 2.980.200 personas en paro | Cand\\u00e1s 365\",\"headline\":\"Espa\\u00f1a cerr\\u00f3 septiembre de 2022 con 2.980.200 personas en paro\",\"author\":{\"@id\":\"https:\\\/\\\/candas365.es\\\/noticias\\\/author\\\/admin\\\/#author\"},\"publisher\":{\"@id\":\"https:\\\/\\\/candas365.es\\\/noticias\\\/#organization\"},\"image\":{\"@type\":\"ImageObject\",\"url\":\"https:\\\/\\\/candas365.es\\\/noticias\\\/wp-content\\\/uploads\\\/2022\\\/10\\\/paro.jpg\",\"width\":995,\"height\":659,\"caption\":\"Foto: David Zorrakino - Europa Press\"},\"datePublished\":\"2022-10-27T09:24:33+02:00\",\"dateModified\":\"2022-10-27T09:24:33+02:00\",\"inLanguage\":\"es-ES\",\"mainEntityOfPage\":{\"@id\":\"https:\\\/\\\/candas365.es\\\/noticias\\\/espana-cerro-septiembre-de-2022-con-2-980-200-personas-en-paro\\\/#webpage\"},\"isPartOf\":{\"@id\":\"https:\\\/\\\/candas365.es\\\/noticias\\\/espana-cerro-septiembre-de-2022-con-2-980-200-personas-en-paro\\\/#webpage\"},\"articleSection\":\"Econom\\u00eda, Econom\\u00eda, empleo\",\"dateline\":\"Publicado el octubre 27, 2022.\"},{\"@type\":\"Organization\",\"@id\":\"https:\\\/\\\/candas365.es\\\/noticias\\\/#organization\",\"name\":\"Cand\\u00e1s 365\",\"description\":\"Cand\\u00e1s 365 es un diario digital independiente, fundado en 2012, con base en Asturias. Informamos con rigor sobre actualidad, sociedad, cultura y ocio, con una mirada local y global.\",\"url\":\"https:\\\/\\\/candas365.es\\\/noticias\\\/\",\"email\":\"info@candas365.es\",\"telephone\":\"+34652131393\",\"foundingDate\":\"2012-06-10\",\"logo\":{\"@type\":\"ImageObject\",\"url\":\"https:\\\/\\\/candas365.es\\\/noticias\\\/wp-content\\\/uploads\\\/2024\\\/09\\\/Candas-365-Redes.jpg\",\"@id\":\"https:\\\/\\\/candas365.es\\\/noticias\\\/espana-cerro-septiembre-de-2022-con-2-980-200-personas-en-paro\\\/#organizationLogo\",\"width\":1152,\"height\":864,\"caption\":\"Cand\\u00e1s 365 Redes\"},\"image\":{\"@id\":\"https:\\\/\\\/candas365.es\\\/noticias\\\/espana-cerro-septiembre-de-2022-con-2-980-200-personas-en-paro\\\/#organizationLogo\"},\"sameAs\":[\"https:\\\/\\\/www.facebook.com\\\/Nachofdezber\",\"https:\\\/\\\/x.com\\\/NabercoDigital\",\"https:\\\/\\\/www.instagram.com\\\/nachofdezber\\\/\",\"https:\\\/\\\/www.youtube.com\\\/channel\\\/UCZP-2wLEB9Rv6erhFmqVnvg\"],\"address\":{\"@id\":\"https:\\\/\\\/candas365.es\\\/noticias\\\/#postaladdress\",\"@type\":\"PostalAddress\",\"streetAddress\":\"san antonio 4, san antonio 4\",\"postalCode\":\"33430\",\"addressLocality\":\"Cand\\u00e1s\",\"addressRegion\":\"Asturias\",\"addressCountry\":\"ES\"}},{\"@type\":\"Person\",\"@id\":\"https:\\\/\\\/candas365.es\\\/noticias\\\/author\\\/admin\\\/#author\",\"url\":\"https:\\\/\\\/candas365.es\\\/noticias\\\/author\\\/admin\\\/\",\"name\":\"Cand\\u00e1s 365\",\"image\":{\"@type\":\"ImageObject\",\"@id\":\"https:\\\/\\\/candas365.es\\\/noticias\\\/espana-cerro-septiembre-de-2022-con-2-980-200-personas-en-paro\\\/#authorImage\",\"url\":\"https:\\\/\\\/secure.gravatar.com\\\/avatar\\\/496a8e03d0c493ede1718b7934145dbdf8d89be1036b0eec9544e1094c9de390?s=96&d=mm&r=g\",\"width\":96,\"height\":96,\"caption\":\"Cand\\u00e1s 365\"},\"sameAs\":[\"https:\\\/\\\/www.facebook.com\\\/carrenoactualidad\",\"https:\\\/\\\/twitter.com\\\/nbasturias\",\"https:\\\/\\\/www.instagram.com\\\/nachofdezber\\\/\",\"https:\\\/\\\/www.youtube.com\\\/channel\\\/UCZP-2wLEB9Rv6erhFmqVnvg\"]},{\"@type\":\"WebPage\",\"@id\":\"https:\\\/\\\/candas365.es\\\/noticias\\\/espana-cerro-septiembre-de-2022-con-2-980-200-personas-en-paro\\\/#webpage\",\"url\":\"https:\\\/\\\/candas365.es\\\/noticias\\\/espana-cerro-septiembre-de-2022-con-2-980-200-personas-en-paro\\\/\",\"name\":\"Espa\\u00f1a cerr\\u00f3 septiembre de 2022 con 2.980.200 personas en paro | Cand\\u00e1s 365\",\"description\":\"(EP) - El paro subi\\u00f3 en 60.800 personas entre julio y septiembre de 2022, lo que supone casi un 2,1% m\\u00e1s que en el trimestre anterior, mientras que la ocupaci\\u00f3n\",\"inLanguage\":\"es-ES\",\"isPartOf\":{\"@id\":\"https:\\\/\\\/candas365.es\\\/noticias\\\/#website\"},\"breadcrumb\":{\"@id\":\"https:\\\/\\\/candas365.es\\\/noticias\\\/espana-cerro-septiembre-de-2022-con-2-980-200-personas-en-paro\\\/#breadcrumblist\"},\"author\":{\"@id\":\"https:\\\/\\\/candas365.es\\\/noticias\\\/author\\\/admin\\\/#author\"},\"creator\":{\"@id\":\"https:\\\/\\\/candas365.es\\\/noticias\\\/author\\\/admin\\\/#author\"},\"image\":{\"@type\":\"ImageObject\",\"url\":\"https:\\\/\\\/candas365.es\\\/noticias\\\/wp-content\\\/uploads\\\/2022\\\/10\\\/paro.jpg\",\"@id\":\"https:\\\/\\\/candas365.es\\\/noticias\\\/espana-cerro-septiembre-de-2022-con-2-980-200-personas-en-paro\\\/#mainImage\",\"width\":995,\"height\":659,\"caption\":\"Foto: David Zorrakino - Europa Press\"},\"primaryImageOfPage\":{\"@id\":\"https:\\\/\\\/candas365.es\\\/noticias\\\/espana-cerro-septiembre-de-2022-con-2-980-200-personas-en-paro\\\/#mainImage\"},\"datePublished\":\"2022-10-27T09:24:33+02:00\",\"dateModified\":\"2022-10-27T09:24:33+02:00\"},{\"@type\":\"WebSite\",\"@id\":\"https:\\\/\\\/candas365.es\\\/noticias\\\/#website\",\"url\":\"https:\\\/\\\/candas365.es\\\/noticias\\\/\",\"name\":\"Cand\\u00e1s 365\",\"alternateName\":\"Cand\\u00e1s 365 Noticias\",\"description\":\"Actualidad desde Carre\\u00f1o para el mundo\",\"inLanguage\":\"es-ES\",\"publisher\":{\"@id\":\"https:\\\/\\\/candas365.es\\\/noticias\\\/#organization\"}}]}\n\t\t<\/script>\n\t\t<!-- All in One SEO Pro -->\r\n\t\t<title>Espa\u00f1a cerr\u00f3 septiembre de 2022 con 2.980.200 personas en paro | Cand\u00e1s 365<\/title>\n\n","aioseo_head_json":{"title":"Espa\u00f1a cerr\u00f3 septiembre de 2022 con 2.980.200 personas en paro | Cand\u00e1s 365","description":"(EP) - El paro subi\u00f3 en 60.800 personas entre julio y septiembre de 2022, lo que supone casi un 2,1% m\u00e1s que en el trimestre anterior, mientras que la ocupaci\u00f3n","canonical_url":"https:\/\/candas365.es\/noticias\/espana-cerro-septiembre-de-2022-con-2-980-200-personas-en-paro\/","robots":"max-image-preview:large","keywords":"econom\u00eda","webmasterTools":{"google-site-verification":"UA-32230408-1","msvalidate.01":"354F3CDFB2DA171B47FBE9ABF1F88D5","miscellaneous":""},"schema":{"@context":"https:\/\/schema.org","@graph":[{"@type":"BreadcrumbList","@id":"https:\/\/candas365.es\/noticias\/espana-cerro-septiembre-de-2022-con-2-980-200-personas-en-paro\/#breadcrumblist","itemListElement":[{"@type":"ListItem","@id":"https:\/\/candas365.es\/noticias#listItem","position":1,"name":"Home","item":"https:\/\/candas365.es\/noticias","nextItem":{"@type":"ListItem","@id":"https:\/\/candas365.es\/noticias\/category\/economia\/#listItem","name":"Econom\u00eda"}},{"@type":"ListItem","@id":"https:\/\/candas365.es\/noticias\/category\/economia\/#listItem","position":2,"name":"Econom\u00eda","item":"https:\/\/candas365.es\/noticias\/category\/economia\/","nextItem":{"@type":"ListItem","@id":"https:\/\/candas365.es\/noticias\/espana-cerro-septiembre-de-2022-con-2-980-200-personas-en-paro\/#listItem","name":"Espa\u00f1a cerr\u00f3 septiembre de 2022 con 2.980.200 personas en paro"},"previousItem":{"@type":"ListItem","@id":"https:\/\/candas365.es\/noticias#listItem","name":"Home"}},{"@type":"ListItem","@id":"https:\/\/candas365.es\/noticias\/espana-cerro-septiembre-de-2022-con-2-980-200-personas-en-paro\/#listItem","position":3,"name":"Espa\u00f1a cerr\u00f3 septiembre de 2022 con 2.980.200 personas en paro","previousItem":{"@type":"ListItem","@id":"https:\/\/candas365.es\/noticias\/category\/economia\/#listItem","name":"Econom\u00eda"}}]},{"@type":"NewsArticle","@id":"https:\/\/candas365.es\/noticias\/espana-cerro-septiembre-de-2022-con-2-980-200-personas-en-paro\/#newsarticle","name":"Espa\u00f1a cerr\u00f3 septiembre de 2022 con 2.980.200 personas en paro | Cand\u00e1s 365","headline":"Espa\u00f1a cerr\u00f3 septiembre de 2022 con 2.980.200 personas en paro","author":{"@id":"https:\/\/candas365.es\/noticias\/author\/admin\/#author"},"publisher":{"@id":"https:\/\/candas365.es\/noticias\/#organization"},"image":{"@type":"ImageObject","url":"https:\/\/candas365.es\/noticias\/wp-content\/uploads\/2022\/10\/paro.jpg","width":995,"height":659,"caption":"Foto: David Zorrakino - Europa Press"},"datePublished":"2022-10-27T09:24:33+02:00","dateModified":"2022-10-27T09:24:33+02:00","inLanguage":"es-ES","mainEntityOfPage":{"@id":"https:\/\/candas365.es\/noticias\/espana-cerro-septiembre-de-2022-con-2-980-200-personas-en-paro\/#webpage"},"isPartOf":{"@id":"https:\/\/candas365.es\/noticias\/espana-cerro-septiembre-de-2022-con-2-980-200-personas-en-paro\/#webpage"},"articleSection":"Econom\u00eda, Econom\u00eda, empleo","dateline":"Publicado el octubre 27, 2022."},{"@type":"Organization","@id":"https:\/\/candas365.es\/noticias\/#organization","name":"Cand\u00e1s 365","description":"Cand\u00e1s 365 es un diario digital independiente, fundado en 2012, con base en Asturias. Informamos con rigor sobre actualidad, sociedad, cultura y ocio, con una mirada local y global.","url":"https:\/\/candas365.es\/noticias\/","email":"info@candas365.es","telephone":"+34652131393","foundingDate":"2012-06-10","logo":{"@type":"ImageObject","url":"https:\/\/candas365.es\/noticias\/wp-content\/uploads\/2024\/09\/Candas-365-Redes.jpg","@id":"https:\/\/candas365.es\/noticias\/espana-cerro-septiembre-de-2022-con-2-980-200-personas-en-paro\/#organizationLogo","width":1152,"height":864,"caption":"Cand\u00e1s 365 Redes"},"image":{"@id":"https:\/\/candas365.es\/noticias\/espana-cerro-septiembre-de-2022-con-2-980-200-personas-en-paro\/#organizationLogo"},"sameAs":["https:\/\/www.facebook.com\/Nachofdezber","https:\/\/x.com\/NabercoDigital","https:\/\/www.instagram.com\/nachofdezber\/","https:\/\/www.youtube.com\/channel\/UCZP-2wLEB9Rv6erhFmqVnvg"],"address":{"@id":"https:\/\/candas365.es\/noticias\/#postaladdress","@type":"PostalAddress","streetAddress":"san antonio 4, san antonio 4","postalCode":"33430","addressLocality":"Cand\u00e1s","addressRegion":"Asturias","addressCountry":"ES"}},{"@type":"Person","@id":"https:\/\/candas365.es\/noticias\/author\/admin\/#author","url":"https:\/\/candas365.es\/noticias\/author\/admin\/","name":"Cand\u00e1s 365","image":{"@type":"ImageObject","@id":"https:\/\/candas365.es\/noticias\/espana-cerro-septiembre-de-2022-con-2-980-200-personas-en-paro\/#authorImage","url":"https:\/\/secure.gravatar.com\/avatar\/496a8e03d0c493ede1718b7934145dbdf8d89be1036b0eec9544e1094c9de390?s=96&d=mm&r=g","width":96,"height":96,"caption":"Cand\u00e1s 365"},"sameAs":["https:\/\/www.facebook.com\/carrenoactualidad","https:\/\/twitter.com\/nbasturias","https:\/\/www.instagram.com\/nachofdezber\/","https:\/\/www.youtube.com\/channel\/UCZP-2wLEB9Rv6erhFmqVnvg"]},{"@type":"WebPage","@id":"https:\/\/candas365.es\/noticias\/espana-cerro-septiembre-de-2022-con-2-980-200-personas-en-paro\/#webpage","url":"https:\/\/candas365.es\/noticias\/espana-cerro-septiembre-de-2022-con-2-980-200-personas-en-paro\/","name":"Espa\u00f1a cerr\u00f3 septiembre de 2022 con 2.980.200 personas en paro | Cand\u00e1s 365","description":"(EP) - El paro subi\u00f3 en 60.800 personas entre julio y septiembre de 2022, lo que supone casi un 2,1% m\u00e1s que en el trimestre anterior, mientras que la ocupaci\u00f3n","inLanguage":"es-ES","isPartOf":{"@id":"https:\/\/candas365.es\/noticias\/#website"},"breadcrumb":{"@id":"https:\/\/candas365.es\/noticias\/espana-cerro-septiembre-de-2022-con-2-980-200-personas-en-paro\/#breadcrumblist"},"author":{"@id":"https:\/\/candas365.es\/noticias\/author\/admin\/#author"},"creator":{"@id":"https:\/\/candas365.es\/noticias\/author\/admin\/#author"},"image":{"@type":"ImageObject","url":"https:\/\/candas365.es\/noticias\/wp-content\/uploads\/2022\/10\/paro.jpg","@id":"https:\/\/candas365.es\/noticias\/espana-cerro-septiembre-de-2022-con-2-980-200-personas-en-paro\/#mainImage","width":995,"height":659,"caption":"Foto: David Zorrakino - Europa Press"},"primaryImageOfPage":{"@id":"https:\/\/candas365.es\/noticias\/espana-cerro-septiembre-de-2022-con-2-980-200-personas-en-paro\/#mainImage"},"datePublished":"2022-10-27T09:24:33+02:00","dateModified":"2022-10-27T09:24:33+02:00"},{"@type":"WebSite","@id":"https:\/\/candas365.es\/noticias\/#website","url":"https:\/\/candas365.es\/noticias\/","name":"Cand\u00e1s 365","alternateName":"Cand\u00e1s 365 Noticias","description":"Actualidad desde Carre\u00f1o para el mundo","inLanguage":"es-ES","publisher":{"@id":"https:\/\/candas365.es\/noticias\/#organization"}}]},"og:locale":"es_ES","og:site_name":"Cand\u00e1s 365","og:type":"article","og:title":"Espa\u00f1a cerr\u00f3 septiembre de 2022 con 2.980.200 personas en paro | Cand\u00e1s 365","og:description":"(EP) - El paro subi\u00f3 en 60.800 personas entre julio y septiembre de 2022, lo que supone casi un 2,1% m\u00e1s que en el trimestre anterior, mientras que la ocupaci\u00f3n","og:url":"https:\/\/candas365.es\/noticias\/espana-cerro-septiembre-de-2022-con-2-980-200-personas-en-paro\/","og:image":"https:\/\/candas365.es\/noticias\/wp-content\/uploads\/2022\/10\/paro.jpg","og:image:secure_url":"https:\/\/candas365.es\/noticias\/wp-content\/uploads\/2022\/10\/paro.jpg","og:image:width":995,"og:image:height":659,"article:published_time":"2022-10-27T07:24:33+00:00","article:modified_time":"2022-10-27T07:24:33+00:00","article:publisher":"https:\/\/www.facebook.com\/Nachofdezber","article:author":"https:\/\/www.facebook.com\/carrenoactualidad","twitter:card":"summary_large_image","twitter:site":"@NabercoDigital","twitter:title":"Espa\u00f1a cerr\u00f3 septiembre de 2022 con 2.980.200 personas en paro | Cand\u00e1s 365","twitter:description":"(EP) - El paro subi\u00f3 en 60.800 personas entre julio y septiembre de 2022, lo que supone casi un 2,1% m\u00e1s que en el trimestre anterior, mientras que la ocupaci\u00f3n","twitter:creator":"@nbasturias","twitter:image":"https:\/\/candas365.es\/noticias\/wp-content\/uploads\/2022\/10\/paro.jpg","twitter:label1":"Escrito por","twitter:data1":"Cand\u00e1s 365","twitter:label2":"Tiempo de lectura estimado","twitter:data2":"1 minuto"},"aioseo_meta_data":{"post_id":"168007","title":null,"description":"(EP) - El paro subi\u00f3 en 60.800 personas entre julio y septiembre de 2022, lo que supone casi un 2,1% m\u00e1s que en el trimestre anterior, mientras que la ocupaci\u00f3n","keywords":[],"keyphrases":{"focus":{"keyphrase":"paro ","score":92,"analysis":{"keyphraseInTitle":{"title":"Focus keyphrase in SEO title","description":"Focus keyphrase found in SEO title.","score":9,"maxScore":9,"error":0},"keyphraseInDescription":{"title":"Focus keyphrase in meta description","description":"Focus keyphrase found in meta description.","score":9,"maxScore":9,"error":0},"keyphraseLength":{"title":"Focus keyphrase length","description":"Good job!","score":9,"maxScore":9,"error":0,"length":1},"keyphraseInURL":{"title":"Focus keyphrase in URL","description":"Focus keyphrase not found in the URL.","score":1,"maxScore":5,"error":1},"keyphraseInIntroduction":{"title":"Focus keyphrase in introduction","description":"Your Focus keyphrase appears in the first paragraph. Well done!","score":9,"maxScore":9,"error":0},"keyphraseInSubHeadings":[],"keyphraseInImageAlt":{"title":"Focus keyphrase in image alt attributes","description":"Focus keyphrase found in image alt attribute(s).","score":9,"maxScore":9,"error":0}}},"additional":[{"keyphrase":"El paro ","score":83,"analysis":{"keyphraseInDescription":{"title":"Keyphrase in meta description","description":"Keyphrase found in meta description.","score":9,"maxScore":9,"error":0},"keyphraseLength":{"title":"Keyphrase length","description":"Good job!","score":9,"maxScore":9,"error":0,"length":2},"keyphraseInIntroduction":{"title":"Keyphrase in introduction","description":"Your Keyphrase appears in the first paragraph. Well done!","score":9,"maxScore":9,"error":0},"keyphraseInImageAlt":{"title":"Keyphrase in image alt attributes","description":"Keyphrase not found in image alt attribute(s). Add an image with your Keyphrase as alt text.","score":3,"maxScore":9,"error":1}}},{"keyphrase":"paro ","score":100,"analysis":{"keyphraseInDescription":{"title":"Keyphrase in meta description","description":"Keyphrase found in meta description.","score":9,"maxScore":9,"error":0},"keyphraseLength":{"title":"Keyphrase length","description":"Good job!","score":9,"maxScore":9,"error":0,"length":1},"keyphraseInIntroduction":{"title":"Keyphrase in introduction","description":"Your Keyphrase appears in the first paragraph. Well done!","score":9,"maxScore":9,"error":0},"keyphraseInImageAlt":{"title":"Keyphrase in image alt attributes","description":"Keyphrase found in image alt attribute(s).","score":9,"maxScore":9,"error":0}}},{"keyphrase":"septiembre de 2022","score":83,"analysis":{"keyphraseInDescription":{"title":"Keyphrase in meta description","description":"Keyphrase found in meta description.","score":9,"maxScore":9,"error":0},"keyphraseLength":{"title":"Keyphrase length","description":"Good job!","score":9,"maxScore":9,"error":0,"length":2},"keyphraseInIntroduction":{"title":"Keyphrase in introduction","description":"Your Keyphrase appears in the first paragraph. Well done!","score":9,"maxScore":9,"error":0},"keyphraseInImageAlt":{"title":"Keyphrase in image alt attributes","description":"Keyphrase not found in image alt attribute(s). Add an image with your Keyphrase as alt text.","score":3,"maxScore":9,"error":1}}}]},"primary_term":null,"canonical_url":null,"og_title":null,"og_description":null,"og_object_type":"default","og_image_type":"default","og_image_url":null,"og_image_width":null,"og_image_height":null,"og_image_custom_url":null,"og_image_custom_fields":null,"og_video":"","og_custom_url":null,"og_article_section":null,"og_article_tags":[],"twitter_use_og":false,"twitter_card":"default","twitter_image_type":"default","twitter_image_url":null,"twitter_image_custom_url":null,"twitter_image_custom_fields":null,"twitter_title":null,"twitter_description":null,"schema":{"blockGraphs":[],"customGraphs":[],"default":{"data":{"Article":[],"Course":[],"Dataset":[],"FAQPage":[],"Movie":[],"Person":[],"Product":[],"ProductReview":[],"Car":[],"Recipe":[],"Service":[],"SoftwareApplication":[],"WebPage":[]},"graphName":"Article","isEnabled":true},"graphs":[]},"schema_type":"default","schema_type_options":null,"pillar_content":false,"robots_default":true,"robots_noindex":false,"robots_noarchive":false,"robots_nosnippet":false,"robots_nofollow":false,"robots_noimageindex":false,"robots_noodp":false,"robots_notranslate":false,"robots_max_snippet":"-1","robots_max_videopreview":"-1","robots_max_imagepreview":"large","priority":null,"frequency":"default","location":null,"local_seo":null,"seo_analyzer_scan_date":"2025-09-01 14:37:12","breadcrumb_settings":null,"limit_modified_date":false,"reviewed_by":null,"open_ai":null,"ai":null,"created":"2022-10-27 07:12:08","updated":"2025-09-01 14:37:12"},"aioseo_breadcrumb":"<div class=\"aioseo-breadcrumbs\"><span class=\"aioseo-breadcrumb\">\n\t<a href=\"https:\/\/candas365.es\/noticias\" title=\"Home\">Home<\/a>\n<\/span><span class=\"aioseo-breadcrumb-separator\">&ndash;<\/span><span class=\"aioseo-breadcrumb\">\n\t<a href=\"https:\/\/candas365.es\/noticias\/category\/economia\/\" title=\"Econom\u00eda\">Econom\u00eda<\/a>\n<\/span><span class=\"aioseo-breadcrumb-separator\">&ndash;<\/span><span class=\"aioseo-breadcrumb\">\n\tEspa\u00f1a cerr\u00f3 septiembre de 2022 con 2.980.200 personas en paro\n<\/span><\/div>","aioseo_breadcrumb_json":[{"label":"Home","link":"https:\/\/candas365.es\/noticias"},{"label":"Econom\u00eda","link":"https:\/\/candas365.es\/noticias\/category\/economia\/"},{"label":"Espa\u00f1a cerr\u00f3 septiembre de 2022 con 2.980.200 personas en paro","link":"https:\/\/candas365.es\/noticias\/espana-cerro-septiembre-de-2022-con-2-980-200-personas-en-paro\/"}],"_links":{"self":[{"href":"https:\/\/candas365.es\/noticias\/wp-json\/wp\/v2\/posts\/168007","targetHints":{"allow":["GET"]}}],"collection":[{"href":"https:\/\/candas365.es\/noticias\/wp-json\/wp\/v2\/posts"}],"about":[{"href":"https:\/\/candas365.es\/noticias\/wp-json\/wp\/v2\/types\/post"}],"author":[{"embeddable":true,"href":"https:\/\/candas365.es\/noticias\/wp-json\/wp\/v2\/users\/1"}],"replies":[{"embeddable":true,"href":"https:\/\/candas365.es\/noticias\/wp-json\/wp\/v2\/comments?post=168007"}],"version-history":[{"count":0,"href":"https:\/\/candas365.es\/noticias\/wp-json\/wp\/v2\/posts\/168007\/revisions"}],"wp:featuredmedia":[{"embeddable":true,"href":"https:\/\/candas365.es\/noticias\/wp-json\/wp\/v2\/media\/168008"}],"wp:attachment":[{"href":"https:\/\/candas365.es\/noticias\/wp-json\/wp\/v2\/media?parent=168007"}],"wp:term":[{"taxonomy":"category","embeddable":true,"href":"https:\/\/candas365.es\/noticias\/wp-json\/wp\/v2\/categories?post=168007"},{"taxonomy":"post_tag","embeddable":true,"href":"https:\/\/candas365.es\/noticias\/wp-json\/wp\/v2\/tags?post=168007"}],"curies":[{"name":"wp","href":"https:\/\/api.w.org\/{rel}","templated":true}]}}