{"id":167776,"date":"2022-10-23T11:38:14","date_gmt":"2022-10-23T09:38:14","guid":{"rendered":"https:\/\/candas365.es\/noticias\/?p=167776"},"modified":"2022-10-23T11:38:14","modified_gmt":"2022-10-23T09:38:14","slug":"nzero-y-la-federacio-catalana-de-ciclisme-comprometidos-con-la-sostenibilidad","status":"publish","type":"post","link":"https:\/\/candas365.es\/noticias\/nzero-y-la-federacio-catalana-de-ciclisme-comprometidos-con-la-sostenibilidad\/","title":{"rendered":"NZERO y la Federaci\u00f3 Catalana de Ciclisme, comprometidos con la sostenibilidad"},"content":{"rendered":"<p><b>La innovadora marca de lubricantes y ceras org\u00e1nicas, <\/b><a href=\"https:\/\/nzerowax.com\/es\" target=\"_blank\" rel=\"nofollow noopener\"><b><span style=\"color: #ff6600;\">NZERO<\/span>,<\/b><\/a><b> establece un marco colaborativo con el objetivo de beneficiar a los competidores, socios\/as y mec\u00e1nicos de la federaci\u00f3n, y que refuerza el compromiso medioambiental de ambas organizaciones.<\/b><\/p>\n<p><img fetchpriority=\"high\" decoding=\"async\" class=\"aligncenter wp-image-167777 size-large\" src=\"https:\/\/candas365.es\/noticias\/wp-content\/uploads\/2022\/10\/NZERO-650x422.jpg\" alt=\"NZERO\" width=\"650\" height=\"422\" srcset=\"https:\/\/candas365.es\/noticias\/wp-content\/uploads\/2022\/10\/NZERO-650x422.jpg 650w, https:\/\/candas365.es\/noticias\/wp-content\/uploads\/2022\/10\/NZERO-360x234.jpg 360w, https:\/\/candas365.es\/noticias\/wp-content\/uploads\/2022\/10\/NZERO-768x499.jpg 768w, https:\/\/candas365.es\/noticias\/wp-content\/uploads\/2022\/10\/NZERO-150x97.jpg 150w, https:\/\/candas365.es\/noticias\/wp-content\/uploads\/2022\/10\/NZERO-450x292.jpg 450w, https:\/\/candas365.es\/noticias\/wp-content\/uploads\/2022\/10\/NZERO.jpg 813w\" sizes=\"(max-width: 650px) 100vw, 650px\" \/><\/p>\n<p><span style=\"font-weight: 400;\">La marca NZERO, empresa barcelonesa que desarrolla y comercializa ceras y lubricantes 100\u202f% org\u00e1nicos, y la Federaci\u00f3n Catalana de Ciclismo, han llegado a un acuerdo de colaboraci\u00f3n por el que Nzero se convierte en el proveedor oficial de los veh\u00edculos de asistencia utilizados en competiciones y salidas organizadas por la Federaci\u00f3n. El Acuerdo tambi\u00e9n permitir\u00e1 la promoci\u00f3n de la marca NZero en diversas competiciones organizadas por la Federaci\u00f3n, as\u00ed como entre todos los federados, los cuales, si est\u00e1n adscritos a la plataforma de ventajas Club Per Ser Tu, podr\u00e1n disfrutar de un 23\u202f% de descuento en todos sus productos. Adem\u00e1s, el equipo de mec\u00e1nicos de la Federaci\u00f3n tambi\u00e9n dispondr\u00e1 de la gama de productos NZERO para sus diferentes actividades.<\/span><\/p>\n<h2><b>NZERO: Performance y sostenibilidad.<\/b><\/h2>\n<p><span style=\"font-weight: 400;\">NZERO es marca de Marteen Sports World (MSW) fundada en 2015. Una empresa con sede en Barcelona que como resultado de su investigaci\u00f3n t\u00e9cnica permite a deportistas (ciclismo y esqu\u00ed) disponer de la 1.\u00aa gama de lubricantes de alto rendimiento y m\u00e1ximo respeto con la naturaleza.<\/span><\/p>\n<p><span style=\"font-weight: 400;\">El modelo de \u00e9xito de NZERO basa su compromiso en la sostenibilidad, el uso de ingredientes vegetales, naturales y nunca provenientes de recursos minerales. Esta din\u00e1mica de investigaci\u00f3n establece una operativa de b\u00fasqueda constante de f\u00f3rmulas que puedan potenciar la funcionalidad y la efectividad, pero siempre evitando uso de aquellos productos que no sean biodegradables y que no sean absorbidos por el entorno de forma natural.<\/span><\/p>\n<p><b>Guillem Capellades, fundador de NZERO<\/b><span style=\"font-weight: 400;\">, precisa:<\/span><i><span style=\"font-weight: 400;\"> \u201cEl ciclismo es uno de los deportes que m\u00e1s ha crecido en los dos \u00faltimos a\u00f1os. Un deporte que realiza gran parte de su actividad en la naturaleza, por lo que es de vital importancia reducir al m\u00e1ximo el impacto\u00bb.<\/span><\/i><span style=\"font-weight: 400;\"> A la misma vez, <\/span><b>Richard Croyle, Director de Innovaci\u00f3n de NZERO <\/b><span style=\"font-weight: 400;\">matiza que: <\/span><i><span style=\"font-weight: 400;\">\u201cNZERO no solo es sostenibilidad, tambi\u00e9n y por primera vez podemos hablar de rendimiento. En laboratorio y con ingenieros qu\u00edmicos hemos desarrollado una serie de productos de prestaciones alt\u00edsimas con mezclas de compuestos bio y org\u00e1nicos especificos que estamos patentando.\u201d<\/span><\/i><span style=\"font-weight: 400;\"> La raz\u00f3n es que uno de los principales motivos por los que se utilizaban lubricantes t\u00f3xicos provenientes del petr\u00f3leo era el rendimiento, lo que limitaba la entrada de f\u00f3rmulas sostenibles.<\/span><\/p>\n<p><span style=\"font-weight: 400;\">Con este acuerdo, Federaci\u00f3 Catalana de Ciclisme y NZERO, dejan claro su compromiso de dar continuidad de forma sostenible a un deporte que cada d\u00eda gana m\u00e1s adeptos, y que <\/span><b>en muchas ciudades ya se ha convertido en uno de los medios preferidos para la movilidad<\/b><span style=\"font-weight: 400;\">.<\/span><\/p>\n<p><span style=\"font-weight: 400;\">Agencia Comunicaci\u00f3n<\/span><\/p>\n<p><span style=\"font-weight: 400;\">Kellenf\u00f6l Ad.<\/span><\/p>\n","protected":false},"excerpt":{"rendered":"<p>La innovadora marca de lubricantes y ceras org\u00e1nicas, NZERO, establece un marco colaborativo con el objetivo de beneficiar a los competidores, socios\/as y mec\u00e1nicos de la federaci\u00f3n, y que refuerza el compromiso medioambiental de ambas organizaciones. La marca NZERO, empresa barcelonesa que desarrolla y comercializa ceras y lubricantes 100\u202f% org\u00e1nicos, y la Federaci\u00f3n Catalana de<\/p>\n","protected":false},"author":1,"featured_media":167777,"comment_status":"closed","ping_status":"closed","sticky":false,"template":"","format":"standard","meta":{"footnotes":""},"categories":[319],"tags":[387,383],"class_list":{"0":"post-167776","1":"post","2":"type-post","3":"status-publish","4":"format-standard","5":"has-post-thumbnail","7":"category-deporte","8":"tag-deporte","9":"tag-empresas"},"aioseo_notices":[],"aioseo_head":"\n\t\t<!-- All in One SEO Pro 4.9.6.2 - aioseo.com -->\n\t<meta name=\"description\" content=\"La innovadora marca de lubricantes y ceras org\u00e1nicas, NZERO, establece un marco colaborativo con el objetivo de beneficiar a los competidores, socios\/as\" \/>\n\t<meta name=\"robots\" content=\"max-image-preview:large\" \/>\n\t<meta name=\"author\" content=\"Cand\u00e1s 365\"\/>\n\t<meta name=\"google-site-verification\" content=\"UA-32230408-1\" \/>\n\t<meta name=\"msvalidate.01\" content=\"354F3CDFB2DA171B47FBE9ABF1F88D5\" \/>\n\t<meta name=\"keywords\" content=\"deporte\" \/>\n\t<link rel=\"canonical\" href=\"https:\/\/candas365.es\/noticias\/nzero-y-la-federacio-catalana-de-ciclisme-comprometidos-con-la-sostenibilidad\/\" \/>\n\t<meta name=\"generator\" content=\"All in One SEO Pro (AIOSEO) 4.9.6.2\" \/>\n\t\t<meta property=\"og:locale\" content=\"es_ES\" \/>\n\t\t<meta property=\"og:site_name\" content=\"Cand\u00e1s 365\" \/>\n\t\t<meta property=\"og:type\" content=\"article\" \/>\n\t\t<meta property=\"og:title\" content=\"NZERO y la Federaci\u00f3 Catalana de Ciclisme, comprometidos con la sostenibilidad | Cand\u00e1s 365\" \/>\n\t\t<meta property=\"og:description\" content=\"La innovadora marca de lubricantes y ceras org\u00e1nicas, NZERO, establece un marco colaborativo con el objetivo de beneficiar a los competidores, socios\/as\" \/>\n\t\t<meta property=\"og:url\" content=\"https:\/\/candas365.es\/noticias\/nzero-y-la-federacio-catalana-de-ciclisme-comprometidos-con-la-sostenibilidad\/\" \/>\n\t\t<meta property=\"og:image\" content=\"https:\/\/candas365.es\/noticias\/wp-content\/uploads\/2022\/10\/NZERO.jpg\" \/>\n\t\t<meta property=\"og:image:secure_url\" content=\"https:\/\/candas365.es\/noticias\/wp-content\/uploads\/2022\/10\/NZERO.jpg\" \/>\n\t\t<meta property=\"og:image:width\" content=\"813\" \/>\n\t\t<meta property=\"og:image:height\" content=\"528\" \/>\n\t\t<meta property=\"article:published_time\" content=\"2022-10-23T09:38:14+00:00\" \/>\n\t\t<meta property=\"article:modified_time\" content=\"2022-10-23T09:38:14+00:00\" \/>\n\t\t<meta property=\"article:publisher\" content=\"https:\/\/www.facebook.com\/Nachofdezber\" \/>\n\t\t<meta property=\"article:author\" content=\"https:\/\/www.facebook.com\/carrenoactualidad\" \/>\n\t\t<meta name=\"twitter:card\" content=\"summary_large_image\" \/>\n\t\t<meta name=\"twitter:site\" content=\"@NabercoDigital\" \/>\n\t\t<meta name=\"twitter:title\" content=\"NZERO y la Federaci\u00f3 Catalana de Ciclisme, comprometidos con la sostenibilidad | Cand\u00e1s 365\" \/>\n\t\t<meta name=\"twitter:description\" content=\"La innovadora marca de lubricantes y ceras org\u00e1nicas, NZERO, establece un marco colaborativo con el objetivo de beneficiar a los competidores, socios\/as\" \/>\n\t\t<meta name=\"twitter:creator\" content=\"@nbasturias\" \/>\n\t\t<meta name=\"twitter:image\" content=\"https:\/\/candas365.es\/noticias\/wp-content\/uploads\/2022\/10\/NZERO.jpg\" \/>\n\t\t<meta name=\"twitter:label1\" content=\"Escrito por\" \/>\n\t\t<meta name=\"twitter:data1\" content=\"Cand\u00e1s 365\" \/>\n\t\t<meta name=\"twitter:label2\" content=\"Tiempo de lectura estimado\" \/>\n\t\t<meta name=\"twitter:data2\" content=\"2 minutos\" \/>\n\t\t<script type=\"application\/ld+json\" class=\"aioseo-schema\">\n\t\t\t{\"@context\":\"https:\\\/\\\/schema.org\",\"@graph\":[{\"@type\":\"BreadcrumbList\",\"@id\":\"https:\\\/\\\/candas365.es\\\/noticias\\\/nzero-y-la-federacio-catalana-de-ciclisme-comprometidos-con-la-sostenibilidad\\\/#breadcrumblist\",\"itemListElement\":[{\"@type\":\"ListItem\",\"@id\":\"https:\\\/\\\/candas365.es\\\/noticias#listItem\",\"position\":1,\"name\":\"Home\",\"item\":\"https:\\\/\\\/candas365.es\\\/noticias\",\"nextItem\":{\"@type\":\"ListItem\",\"@id\":\"https:\\\/\\\/candas365.es\\\/noticias\\\/category\\\/deporte\\\/#listItem\",\"name\":\"Deporte\"}},{\"@type\":\"ListItem\",\"@id\":\"https:\\\/\\\/candas365.es\\\/noticias\\\/category\\\/deporte\\\/#listItem\",\"position\":2,\"name\":\"Deporte\",\"item\":\"https:\\\/\\\/candas365.es\\\/noticias\\\/category\\\/deporte\\\/\",\"nextItem\":{\"@type\":\"ListItem\",\"@id\":\"https:\\\/\\\/candas365.es\\\/noticias\\\/nzero-y-la-federacio-catalana-de-ciclisme-comprometidos-con-la-sostenibilidad\\\/#listItem\",\"name\":\"NZERO y la Federaci\\u00f3 Catalana de Ciclisme, comprometidos con la sostenibilidad\"},\"previousItem\":{\"@type\":\"ListItem\",\"@id\":\"https:\\\/\\\/candas365.es\\\/noticias#listItem\",\"name\":\"Home\"}},{\"@type\":\"ListItem\",\"@id\":\"https:\\\/\\\/candas365.es\\\/noticias\\\/nzero-y-la-federacio-catalana-de-ciclisme-comprometidos-con-la-sostenibilidad\\\/#listItem\",\"position\":3,\"name\":\"NZERO y la Federaci\\u00f3 Catalana de Ciclisme, comprometidos con la sostenibilidad\",\"previousItem\":{\"@type\":\"ListItem\",\"@id\":\"https:\\\/\\\/candas365.es\\\/noticias\\\/category\\\/deporte\\\/#listItem\",\"name\":\"Deporte\"}}]},{\"@type\":\"NewsArticle\",\"@id\":\"https:\\\/\\\/candas365.es\\\/noticias\\\/nzero-y-la-federacio-catalana-de-ciclisme-comprometidos-con-la-sostenibilidad\\\/#newsarticle\",\"name\":\"NZERO y la Federaci\\u00f3 Catalana de Ciclisme, comprometidos con la sostenibilidad | Cand\\u00e1s 365\",\"headline\":\"NZERO y la Federaci\\u00f3 Catalana de Ciclisme, comprometidos con la sostenibilidad\",\"author\":{\"@id\":\"https:\\\/\\\/candas365.es\\\/noticias\\\/author\\\/admin\\\/#author\"},\"publisher\":{\"@id\":\"https:\\\/\\\/candas365.es\\\/noticias\\\/#organization\"},\"image\":{\"@type\":\"ImageObject\",\"url\":\"https:\\\/\\\/candas365.es\\\/noticias\\\/wp-content\\\/uploads\\\/2022\\\/10\\\/NZERO.jpg\",\"width\":813,\"height\":528,\"caption\":\"NZERO\"},\"datePublished\":\"2022-10-23T11:38:14+02:00\",\"dateModified\":\"2022-10-23T11:38:14+02:00\",\"inLanguage\":\"es-ES\",\"mainEntityOfPage\":{\"@id\":\"https:\\\/\\\/candas365.es\\\/noticias\\\/nzero-y-la-federacio-catalana-de-ciclisme-comprometidos-con-la-sostenibilidad\\\/#webpage\"},\"isPartOf\":{\"@id\":\"https:\\\/\\\/candas365.es\\\/noticias\\\/nzero-y-la-federacio-catalana-de-ciclisme-comprometidos-con-la-sostenibilidad\\\/#webpage\"},\"articleSection\":\"Deporte, deporte, empresas\",\"dateline\":\"Publicado el octubre 23, 2022.\"},{\"@type\":\"Organization\",\"@id\":\"https:\\\/\\\/candas365.es\\\/noticias\\\/#organization\",\"name\":\"Cand\\u00e1s 365\",\"description\":\"Cand\\u00e1s 365 es un diario digital independiente, fundado en 2012, con base en Asturias. Informamos con rigor sobre actualidad, sociedad, cultura y ocio, con una mirada local y global.\",\"url\":\"https:\\\/\\\/candas365.es\\\/noticias\\\/\",\"email\":\"info@candas365.es\",\"telephone\":\"+34652131393\",\"foundingDate\":\"2012-06-10\",\"logo\":{\"@type\":\"ImageObject\",\"url\":\"https:\\\/\\\/candas365.es\\\/noticias\\\/wp-content\\\/uploads\\\/2024\\\/09\\\/Candas-365-Redes.jpg\",\"@id\":\"https:\\\/\\\/candas365.es\\\/noticias\\\/nzero-y-la-federacio-catalana-de-ciclisme-comprometidos-con-la-sostenibilidad\\\/#organizationLogo\",\"width\":1152,\"height\":864,\"caption\":\"Cand\\u00e1s 365 Redes\"},\"image\":{\"@id\":\"https:\\\/\\\/candas365.es\\\/noticias\\\/nzero-y-la-federacio-catalana-de-ciclisme-comprometidos-con-la-sostenibilidad\\\/#organizationLogo\"},\"sameAs\":[\"https:\\\/\\\/www.facebook.com\\\/Nachofdezber\",\"https:\\\/\\\/x.com\\\/NabercoDigital\",\"https:\\\/\\\/www.instagram.com\\\/nachofdezber\\\/\",\"https:\\\/\\\/www.youtube.com\\\/channel\\\/UCZP-2wLEB9Rv6erhFmqVnvg\"],\"address\":{\"@id\":\"https:\\\/\\\/candas365.es\\\/noticias\\\/#postaladdress\",\"@type\":\"PostalAddress\",\"streetAddress\":\"san antonio 4, san antonio 4\",\"postalCode\":\"33430\",\"addressLocality\":\"Cand\\u00e1s\",\"addressRegion\":\"Asturias\",\"addressCountry\":\"ES\"}},{\"@type\":\"Person\",\"@id\":\"https:\\\/\\\/candas365.es\\\/noticias\\\/author\\\/admin\\\/#author\",\"url\":\"https:\\\/\\\/candas365.es\\\/noticias\\\/author\\\/admin\\\/\",\"name\":\"Cand\\u00e1s 365\",\"image\":{\"@type\":\"ImageObject\",\"@id\":\"https:\\\/\\\/candas365.es\\\/noticias\\\/nzero-y-la-federacio-catalana-de-ciclisme-comprometidos-con-la-sostenibilidad\\\/#authorImage\",\"url\":\"https:\\\/\\\/secure.gravatar.com\\\/avatar\\\/496a8e03d0c493ede1718b7934145dbdf8d89be1036b0eec9544e1094c9de390?s=96&d=mm&r=g\",\"width\":96,\"height\":96,\"caption\":\"Cand\\u00e1s 365\"},\"sameAs\":[\"https:\\\/\\\/www.facebook.com\\\/carrenoactualidad\",\"https:\\\/\\\/twitter.com\\\/nbasturias\",\"https:\\\/\\\/www.instagram.com\\\/nachofdezber\\\/\",\"https:\\\/\\\/www.youtube.com\\\/channel\\\/UCZP-2wLEB9Rv6erhFmqVnvg\"]},{\"@type\":\"WebPage\",\"@id\":\"https:\\\/\\\/candas365.es\\\/noticias\\\/nzero-y-la-federacio-catalana-de-ciclisme-comprometidos-con-la-sostenibilidad\\\/#webpage\",\"url\":\"https:\\\/\\\/candas365.es\\\/noticias\\\/nzero-y-la-federacio-catalana-de-ciclisme-comprometidos-con-la-sostenibilidad\\\/\",\"name\":\"NZERO y la Federaci\\u00f3 Catalana de Ciclisme, comprometidos con la sostenibilidad | Cand\\u00e1s 365\",\"description\":\"La innovadora marca de lubricantes y ceras org\\u00e1nicas, NZERO, establece un marco colaborativo con el objetivo de beneficiar a los competidores, socios\\\/as\",\"inLanguage\":\"es-ES\",\"isPartOf\":{\"@id\":\"https:\\\/\\\/candas365.es\\\/noticias\\\/#website\"},\"breadcrumb\":{\"@id\":\"https:\\\/\\\/candas365.es\\\/noticias\\\/nzero-y-la-federacio-catalana-de-ciclisme-comprometidos-con-la-sostenibilidad\\\/#breadcrumblist\"},\"author\":{\"@id\":\"https:\\\/\\\/candas365.es\\\/noticias\\\/author\\\/admin\\\/#author\"},\"creator\":{\"@id\":\"https:\\\/\\\/candas365.es\\\/noticias\\\/author\\\/admin\\\/#author\"},\"image\":{\"@type\":\"ImageObject\",\"url\":\"https:\\\/\\\/candas365.es\\\/noticias\\\/wp-content\\\/uploads\\\/2022\\\/10\\\/NZERO.jpg\",\"@id\":\"https:\\\/\\\/candas365.es\\\/noticias\\\/nzero-y-la-federacio-catalana-de-ciclisme-comprometidos-con-la-sostenibilidad\\\/#mainImage\",\"width\":813,\"height\":528,\"caption\":\"NZERO\"},\"primaryImageOfPage\":{\"@id\":\"https:\\\/\\\/candas365.es\\\/noticias\\\/nzero-y-la-federacio-catalana-de-ciclisme-comprometidos-con-la-sostenibilidad\\\/#mainImage\"},\"datePublished\":\"2022-10-23T11:38:14+02:00\",\"dateModified\":\"2022-10-23T11:38:14+02:00\"},{\"@type\":\"WebSite\",\"@id\":\"https:\\\/\\\/candas365.es\\\/noticias\\\/#website\",\"url\":\"https:\\\/\\\/candas365.es\\\/noticias\\\/\",\"name\":\"Cand\\u00e1s 365\",\"alternateName\":\"Cand\\u00e1s 365 Noticias\",\"description\":\"Actualidad desde Carre\\u00f1o para el mundo\",\"inLanguage\":\"es-ES\",\"publisher\":{\"@id\":\"https:\\\/\\\/candas365.es\\\/noticias\\\/#organization\"}}]}\n\t\t<\/script>\n\t\t<!-- All in One SEO Pro -->\r\n\t\t<title>NZERO y la Federaci\u00f3 Catalana de Ciclisme, comprometidos con la sostenibilidad | Cand\u00e1s 365<\/title>\n\n","aioseo_head_json":{"title":"NZERO y la Federaci\u00f3 Catalana de Ciclisme, comprometidos con la sostenibilidad | Cand\u00e1s 365","description":"La innovadora marca de lubricantes y ceras org\u00e1nicas, NZERO, establece un marco colaborativo con el objetivo de beneficiar a los competidores, socios\/as","canonical_url":"https:\/\/candas365.es\/noticias\/nzero-y-la-federacio-catalana-de-ciclisme-comprometidos-con-la-sostenibilidad\/","robots":"max-image-preview:large","keywords":"deporte","webmasterTools":{"google-site-verification":"UA-32230408-1","msvalidate.01":"354F3CDFB2DA171B47FBE9ABF1F88D5","miscellaneous":""},"schema":{"@context":"https:\/\/schema.org","@graph":[{"@type":"BreadcrumbList","@id":"https:\/\/candas365.es\/noticias\/nzero-y-la-federacio-catalana-de-ciclisme-comprometidos-con-la-sostenibilidad\/#breadcrumblist","itemListElement":[{"@type":"ListItem","@id":"https:\/\/candas365.es\/noticias#listItem","position":1,"name":"Home","item":"https:\/\/candas365.es\/noticias","nextItem":{"@type":"ListItem","@id":"https:\/\/candas365.es\/noticias\/category\/deporte\/#listItem","name":"Deporte"}},{"@type":"ListItem","@id":"https:\/\/candas365.es\/noticias\/category\/deporte\/#listItem","position":2,"name":"Deporte","item":"https:\/\/candas365.es\/noticias\/category\/deporte\/","nextItem":{"@type":"ListItem","@id":"https:\/\/candas365.es\/noticias\/nzero-y-la-federacio-catalana-de-ciclisme-comprometidos-con-la-sostenibilidad\/#listItem","name":"NZERO y la Federaci\u00f3 Catalana de Ciclisme, comprometidos con la sostenibilidad"},"previousItem":{"@type":"ListItem","@id":"https:\/\/candas365.es\/noticias#listItem","name":"Home"}},{"@type":"ListItem","@id":"https:\/\/candas365.es\/noticias\/nzero-y-la-federacio-catalana-de-ciclisme-comprometidos-con-la-sostenibilidad\/#listItem","position":3,"name":"NZERO y la Federaci\u00f3 Catalana de Ciclisme, comprometidos con la sostenibilidad","previousItem":{"@type":"ListItem","@id":"https:\/\/candas365.es\/noticias\/category\/deporte\/#listItem","name":"Deporte"}}]},{"@type":"NewsArticle","@id":"https:\/\/candas365.es\/noticias\/nzero-y-la-federacio-catalana-de-ciclisme-comprometidos-con-la-sostenibilidad\/#newsarticle","name":"NZERO y la Federaci\u00f3 Catalana de Ciclisme, comprometidos con la sostenibilidad | Cand\u00e1s 365","headline":"NZERO y la Federaci\u00f3 Catalana de Ciclisme, comprometidos con la sostenibilidad","author":{"@id":"https:\/\/candas365.es\/noticias\/author\/admin\/#author"},"publisher":{"@id":"https:\/\/candas365.es\/noticias\/#organization"},"image":{"@type":"ImageObject","url":"https:\/\/candas365.es\/noticias\/wp-content\/uploads\/2022\/10\/NZERO.jpg","width":813,"height":528,"caption":"NZERO"},"datePublished":"2022-10-23T11:38:14+02:00","dateModified":"2022-10-23T11:38:14+02:00","inLanguage":"es-ES","mainEntityOfPage":{"@id":"https:\/\/candas365.es\/noticias\/nzero-y-la-federacio-catalana-de-ciclisme-comprometidos-con-la-sostenibilidad\/#webpage"},"isPartOf":{"@id":"https:\/\/candas365.es\/noticias\/nzero-y-la-federacio-catalana-de-ciclisme-comprometidos-con-la-sostenibilidad\/#webpage"},"articleSection":"Deporte, deporte, empresas","dateline":"Publicado el octubre 23, 2022."},{"@type":"Organization","@id":"https:\/\/candas365.es\/noticias\/#organization","name":"Cand\u00e1s 365","description":"Cand\u00e1s 365 es un diario digital independiente, fundado en 2012, con base en Asturias. Informamos con rigor sobre actualidad, sociedad, cultura y ocio, con una mirada local y global.","url":"https:\/\/candas365.es\/noticias\/","email":"info@candas365.es","telephone":"+34652131393","foundingDate":"2012-06-10","logo":{"@type":"ImageObject","url":"https:\/\/candas365.es\/noticias\/wp-content\/uploads\/2024\/09\/Candas-365-Redes.jpg","@id":"https:\/\/candas365.es\/noticias\/nzero-y-la-federacio-catalana-de-ciclisme-comprometidos-con-la-sostenibilidad\/#organizationLogo","width":1152,"height":864,"caption":"Cand\u00e1s 365 Redes"},"image":{"@id":"https:\/\/candas365.es\/noticias\/nzero-y-la-federacio-catalana-de-ciclisme-comprometidos-con-la-sostenibilidad\/#organizationLogo"},"sameAs":["https:\/\/www.facebook.com\/Nachofdezber","https:\/\/x.com\/NabercoDigital","https:\/\/www.instagram.com\/nachofdezber\/","https:\/\/www.youtube.com\/channel\/UCZP-2wLEB9Rv6erhFmqVnvg"],"address":{"@id":"https:\/\/candas365.es\/noticias\/#postaladdress","@type":"PostalAddress","streetAddress":"san antonio 4, san antonio 4","postalCode":"33430","addressLocality":"Cand\u00e1s","addressRegion":"Asturias","addressCountry":"ES"}},{"@type":"Person","@id":"https:\/\/candas365.es\/noticias\/author\/admin\/#author","url":"https:\/\/candas365.es\/noticias\/author\/admin\/","name":"Cand\u00e1s 365","image":{"@type":"ImageObject","@id":"https:\/\/candas365.es\/noticias\/nzero-y-la-federacio-catalana-de-ciclisme-comprometidos-con-la-sostenibilidad\/#authorImage","url":"https:\/\/secure.gravatar.com\/avatar\/496a8e03d0c493ede1718b7934145dbdf8d89be1036b0eec9544e1094c9de390?s=96&d=mm&r=g","width":96,"height":96,"caption":"Cand\u00e1s 365"},"sameAs":["https:\/\/www.facebook.com\/carrenoactualidad","https:\/\/twitter.com\/nbasturias","https:\/\/www.instagram.com\/nachofdezber\/","https:\/\/www.youtube.com\/channel\/UCZP-2wLEB9Rv6erhFmqVnvg"]},{"@type":"WebPage","@id":"https:\/\/candas365.es\/noticias\/nzero-y-la-federacio-catalana-de-ciclisme-comprometidos-con-la-sostenibilidad\/#webpage","url":"https:\/\/candas365.es\/noticias\/nzero-y-la-federacio-catalana-de-ciclisme-comprometidos-con-la-sostenibilidad\/","name":"NZERO y la Federaci\u00f3 Catalana de Ciclisme, comprometidos con la sostenibilidad | Cand\u00e1s 365","description":"La innovadora marca de lubricantes y ceras org\u00e1nicas, NZERO, establece un marco colaborativo con el objetivo de beneficiar a los competidores, socios\/as","inLanguage":"es-ES","isPartOf":{"@id":"https:\/\/candas365.es\/noticias\/#website"},"breadcrumb":{"@id":"https:\/\/candas365.es\/noticias\/nzero-y-la-federacio-catalana-de-ciclisme-comprometidos-con-la-sostenibilidad\/#breadcrumblist"},"author":{"@id":"https:\/\/candas365.es\/noticias\/author\/admin\/#author"},"creator":{"@id":"https:\/\/candas365.es\/noticias\/author\/admin\/#author"},"image":{"@type":"ImageObject","url":"https:\/\/candas365.es\/noticias\/wp-content\/uploads\/2022\/10\/NZERO.jpg","@id":"https:\/\/candas365.es\/noticias\/nzero-y-la-federacio-catalana-de-ciclisme-comprometidos-con-la-sostenibilidad\/#mainImage","width":813,"height":528,"caption":"NZERO"},"primaryImageOfPage":{"@id":"https:\/\/candas365.es\/noticias\/nzero-y-la-federacio-catalana-de-ciclisme-comprometidos-con-la-sostenibilidad\/#mainImage"},"datePublished":"2022-10-23T11:38:14+02:00","dateModified":"2022-10-23T11:38:14+02:00"},{"@type":"WebSite","@id":"https:\/\/candas365.es\/noticias\/#website","url":"https:\/\/candas365.es\/noticias\/","name":"Cand\u00e1s 365","alternateName":"Cand\u00e1s 365 Noticias","description":"Actualidad desde Carre\u00f1o para el mundo","inLanguage":"es-ES","publisher":{"@id":"https:\/\/candas365.es\/noticias\/#organization"}}]},"og:locale":"es_ES","og:site_name":"Cand\u00e1s 365","og:type":"article","og:title":"NZERO y la Federaci\u00f3 Catalana de Ciclisme, comprometidos con la sostenibilidad | Cand\u00e1s 365","og:description":"La innovadora marca de lubricantes y ceras org\u00e1nicas, NZERO, establece un marco colaborativo con el objetivo de beneficiar a los competidores, socios\/as","og:url":"https:\/\/candas365.es\/noticias\/nzero-y-la-federacio-catalana-de-ciclisme-comprometidos-con-la-sostenibilidad\/","og:image":"https:\/\/candas365.es\/noticias\/wp-content\/uploads\/2022\/10\/NZERO.jpg","og:image:secure_url":"https:\/\/candas365.es\/noticias\/wp-content\/uploads\/2022\/10\/NZERO.jpg","og:image:width":813,"og:image:height":528,"article:published_time":"2022-10-23T09:38:14+00:00","article:modified_time":"2022-10-23T09:38:14+00:00","article:publisher":"https:\/\/www.facebook.com\/Nachofdezber","article:author":"https:\/\/www.facebook.com\/carrenoactualidad","twitter:card":"summary_large_image","twitter:site":"@NabercoDigital","twitter:title":"NZERO y la Federaci\u00f3 Catalana de Ciclisme, comprometidos con la sostenibilidad | Cand\u00e1s 365","twitter:description":"La innovadora marca de lubricantes y ceras org\u00e1nicas, NZERO, establece un marco colaborativo con el objetivo de beneficiar a los competidores, socios\/as","twitter:creator":"@nbasturias","twitter:image":"https:\/\/candas365.es\/noticias\/wp-content\/uploads\/2022\/10\/NZERO.jpg","twitter:label1":"Escrito por","twitter:data1":"Cand\u00e1s 365","twitter:label2":"Tiempo de lectura estimado","twitter:data2":"2 minutos"},"aioseo_meta_data":{"post_id":"167776","title":null,"description":"La innovadora marca de lubricantes y ceras org\u00e1nicas, NZERO, establece un marco colaborativo con el objetivo de beneficiar a los competidores, socios\/as","keywords":[],"keyphrases":{"focus":{"keyphrase":"NZERO","score":93,"analysis":{"keyphraseInTitle":{"title":"Focus keyphrase in SEO title","description":"Focus keyphrase found in SEO title.","score":9,"maxScore":9,"error":0},"keyphraseInDescription":{"title":"Focus keyphrase in meta description","description":"Focus keyphrase found in meta description.","score":9,"maxScore":9,"error":0},"keyphraseLength":{"title":"Focus keyphrase length","description":"Good job!","score":9,"maxScore":9,"error":0,"length":1},"keyphraseInURL":{"title":"Focus keyphrase in URL","description":"Focus keyphrase not found in the URL.","score":1,"maxScore":5,"error":1},"keyphraseInIntroduction":{"title":"Focus keyphrase in introduction","description":"Your Focus keyphrase appears in the first paragraph. Well done!","score":9,"maxScore":9,"error":0},"keyphraseInSubHeadings":{"title":"Focus keyphrase in Subheadings","description":"Your H2 or H3 subheading reflects the topic of your copy. Good job!","score":9,"maxScore":9,"error":0},"keyphraseInImageAlt":{"title":"Focus keyphrase in image alt attributes","description":"Focus keyphrase found in image alt attribute(s).","score":9,"maxScore":9,"error":0}}},"additional":[{"keyphrase":" lubricantes","score":100,"analysis":{"keyphraseInDescription":{"title":"Keyphrase in meta description","description":"Keyphrase found in meta description.","score":9,"maxScore":9,"error":0},"keyphraseLength":{"title":"Keyphrase length","description":"Good job!","score":9,"maxScore":9,"error":0,"length":1},"keyphraseInIntroduction":{"title":"Keyphrase in introduction","description":"Your Keyphrase appears in the first paragraph. Well done!","score":9,"maxScore":9,"error":0},"keyphraseInImageAlt":{"title":"Keyphrase in image alt attributes","description":"Keyphrase found in image alt attribute(s).","score":9,"maxScore":9,"error":0}}},{"keyphrase":"competidores","score":83,"analysis":{"keyphraseInDescription":{"title":"Keyphrase in meta description","description":"Keyphrase found in meta description.","score":9,"maxScore":9,"error":0},"keyphraseLength":{"title":"Keyphrase length","description":"Good job!","score":9,"maxScore":9,"error":0,"length":1},"keyphraseInIntroduction":{"title":"Keyphrase in introduction","description":"Your Keyphrase appears in the first paragraph. Well done!","score":9,"maxScore":9,"error":0},"keyphraseInImageAlt":{"title":"Keyphrase in image alt attributes","description":"Keyphrase not found in image alt attribute(s). Add an image with your Keyphrase as alt text.","score":3,"maxScore":9,"error":1}}}]},"primary_term":null,"canonical_url":null,"og_title":null,"og_description":null,"og_object_type":"default","og_image_type":"default","og_image_url":null,"og_image_width":null,"og_image_height":null,"og_image_custom_url":null,"og_image_custom_fields":null,"og_video":"","og_custom_url":null,"og_article_section":null,"og_article_tags":[],"twitter_use_og":false,"twitter_card":"default","twitter_image_type":"default","twitter_image_url":null,"twitter_image_custom_url":null,"twitter_image_custom_fields":null,"twitter_title":null,"twitter_description":null,"schema":{"blockGraphs":[],"customGraphs":[],"default":{"data":{"Article":[],"Course":[],"Dataset":[],"FAQPage":[],"Movie":[],"Person":[],"Product":[],"ProductReview":[],"Car":[],"Recipe":[],"Service":[],"SoftwareApplication":[],"WebPage":[]},"graphName":"Article","isEnabled":true},"graphs":[]},"schema_type":"default","schema_type_options":null,"pillar_content":false,"robots_default":true,"robots_noindex":false,"robots_noarchive":false,"robots_nosnippet":false,"robots_nofollow":false,"robots_noimageindex":false,"robots_noodp":false,"robots_notranslate":false,"robots_max_snippet":"-1","robots_max_videopreview":"-1","robots_max_imagepreview":"large","priority":null,"frequency":"default","location":null,"local_seo":null,"seo_analyzer_scan_date":"2025-09-01 14:17:45","breadcrumb_settings":null,"limit_modified_date":false,"reviewed_by":null,"open_ai":null,"ai":null,"created":"2022-10-23 09:29:23","updated":"2025-09-01 14:17:45"},"aioseo_breadcrumb":"<div class=\"aioseo-breadcrumbs\"><span class=\"aioseo-breadcrumb\">\n\t<a href=\"https:\/\/candas365.es\/noticias\" title=\"Home\">Home<\/a>\n<\/span><span class=\"aioseo-breadcrumb-separator\">&ndash;<\/span><span class=\"aioseo-breadcrumb\">\n\t<a href=\"https:\/\/candas365.es\/noticias\/category\/deporte\/\" title=\"Deporte\">Deporte<\/a>\n<\/span><span class=\"aioseo-breadcrumb-separator\">&ndash;<\/span><span class=\"aioseo-breadcrumb\">\n\tNZERO y la Federaci\u00f3 Catalana de Ciclisme, comprometidos con la sostenibilidad\n<\/span><\/div>","aioseo_breadcrumb_json":[{"label":"Home","link":"https:\/\/candas365.es\/noticias"},{"label":"Deporte","link":"https:\/\/candas365.es\/noticias\/category\/deporte\/"},{"label":"NZERO y la Federaci\u00f3 Catalana de Ciclisme, comprometidos con la sostenibilidad","link":"https:\/\/candas365.es\/noticias\/nzero-y-la-federacio-catalana-de-ciclisme-comprometidos-con-la-sostenibilidad\/"}],"_links":{"self":[{"href":"https:\/\/candas365.es\/noticias\/wp-json\/wp\/v2\/posts\/167776","targetHints":{"allow":["GET"]}}],"collection":[{"href":"https:\/\/candas365.es\/noticias\/wp-json\/wp\/v2\/posts"}],"about":[{"href":"https:\/\/candas365.es\/noticias\/wp-json\/wp\/v2\/types\/post"}],"author":[{"embeddable":true,"href":"https:\/\/candas365.es\/noticias\/wp-json\/wp\/v2\/users\/1"}],"replies":[{"embeddable":true,"href":"https:\/\/candas365.es\/noticias\/wp-json\/wp\/v2\/comments?post=167776"}],"version-history":[{"count":0,"href":"https:\/\/candas365.es\/noticias\/wp-json\/wp\/v2\/posts\/167776\/revisions"}],"wp:featuredmedia":[{"embeddable":true,"href":"https:\/\/candas365.es\/noticias\/wp-json\/wp\/v2\/media\/167777"}],"wp:attachment":[{"href":"https:\/\/candas365.es\/noticias\/wp-json\/wp\/v2\/media?parent=167776"}],"wp:term":[{"taxonomy":"category","embeddable":true,"href":"https:\/\/candas365.es\/noticias\/wp-json\/wp\/v2\/categories?post=167776"},{"taxonomy":"post_tag","embeddable":true,"href":"https:\/\/candas365.es\/noticias\/wp-json\/wp\/v2\/tags?post=167776"}],"curies":[{"name":"wp","href":"https:\/\/api.w.org\/{rel}","templated":true}]}}