{"id":167194,"date":"2022-10-07T03:08:08","date_gmt":"2022-10-07T01:08:08","guid":{"rendered":"https:\/\/candas365.es\/noticias\/?p=167194"},"modified":"2022-10-07T03:08:08","modified_gmt":"2022-10-07T01:08:08","slug":"eliminados-dos-altos-mandos-de-ei-en-el-norte-de-siria","status":"publish","type":"post","link":"https:\/\/candas365.es\/noticias\/eliminados-dos-altos-mandos-de-ei-en-el-norte-de-siria\/","title":{"rendered":"Eliminados dos altos mandos de EI en el norte de Siria"},"content":{"rendered":"<p>(EP) &#8211; Las Fuerzas Armadas estadounidenses han llevado a cabo este jueves un <strong>ataque a\u00e9reo en el norte de Siria,<\/strong> cerca de la ciudad de Qamishli, en el que <strong>han matado a dos altos mandos de Estado Isl\u00e1mico<\/strong> en una operaci\u00f3n que la Casa Blanca ha calificado como \u00ab\u00e9xito\u00bb.<\/p>\n<figure id=\"attachment_167195\" aria-describedby=\"caption-attachment-167195\" style=\"width: 650px\" class=\"wp-caption aligncenter\"><img fetchpriority=\"high\" decoding=\"async\" class=\"wp-image-167195 size-large\" src=\"https:\/\/candas365.es\/noticias\/wp-content\/uploads\/2022\/10\/Siria-650x432.jpg\" alt=\"Siria\" width=\"650\" height=\"432\" srcset=\"https:\/\/candas365.es\/noticias\/wp-content\/uploads\/2022\/10\/Siria-650x432.jpg 650w, https:\/\/candas365.es\/noticias\/wp-content\/uploads\/2022\/10\/Siria-360x239.jpg 360w, https:\/\/candas365.es\/noticias\/wp-content\/uploads\/2022\/10\/Siria-768x511.jpg 768w, https:\/\/candas365.es\/noticias\/wp-content\/uploads\/2022\/10\/Siria-150x100.jpg 150w, https:\/\/candas365.es\/noticias\/wp-content\/uploads\/2022\/10\/Siria-450x299.jpg 450w, https:\/\/candas365.es\/noticias\/wp-content\/uploads\/2022\/10\/Siria.jpg 991w\" sizes=\"(max-width: 650px) 100vw, 650px\" \/><figcaption id=\"caption-attachment-167195\" class=\"wp-caption-text\">FOTO: STAFF SGT. SHAWN NICKEL \/ Europa Press<\/figcaption><\/figure>\n<p>Alrededor de las 18.32 horas local (19.32 hora peninsular espa\u00f1ola), el Ej\u00e9rcito estadounidense ha lanzado un ataque a\u00e9reo en el que han perdido la vida Abu Hashum al Umawi, un wali (gobernador) de Siria y otro alto funcionario de Estado Isl\u00e1mico asociado con \u00e9l, seg\u00fan ha informado en un comunicado el Mando Central de Estados Unidos (CENTCOM)<\/p>\n<blockquote><p>Durante el ataque, seg\u00fan Estados Unidos, no se han registrado civiles muertos ni heridos. Asimismo, las fuerzas estadounidense no habr\u00edan sufrido ning\u00fan tipo de da\u00f1o o p\u00e9rdida.<\/p><\/blockquote>\n<p>\u00abEste ataque degradar\u00e1 la capacidad de Estado Isl\u00e1mico para desestabilizar la regi\u00f3n y atacar a nuestras fuerzas y socios\u00bb, ha asegurado el comandante del CENTCOM, Michael Kurilla, asegurado que las Fuerzas Armadas estadounidenses contin\u00faan en la regi\u00f3n para \u00abasegurar la derrota duradera de Estado Isl\u00e1mico\u00bb.<\/p>\n","protected":false},"excerpt":{"rendered":"<p>(EP) &#8211; Las Fuerzas Armadas estadounidenses han llevado a cabo este jueves un ataque a\u00e9reo en el norte de Siria, cerca de la ciudad de Qamishli, en el que han matado a dos altos mandos de Estado Isl\u00e1mico en una operaci\u00f3n que la Casa Blanca ha calificado como \u00ab\u00e9xito\u00bb. Alrededor de las 18.32 horas local<\/p>\n","protected":false},"author":1,"featured_media":167195,"comment_status":"closed","ping_status":"closed","sticky":false,"template":"","format":"standard","meta":{"footnotes":""},"categories":[485],"tags":[464,418],"class_list":{"0":"post-167194","1":"post","2":"type-post","3":"status-publish","4":"format-standard","5":"has-post-thumbnail","7":"category-internacional","8":"tag-conflictos","9":"tag-internacional"},"aioseo_notices":[],"aioseo_head":"\n\t\t<!-- All in One SEO Pro 4.9.6.2 - aioseo.com -->\n\t<meta name=\"description\" content=\"(EP) - Las Fuerzas Armadas estadounidenses han llevado a cabo este jueves un ataque a\u00e9reo en el norte de Siria, cerca de la ciudad de Qamishli\" \/>\n\t<meta name=\"robots\" content=\"max-image-preview:large\" \/>\n\t<meta name=\"author\" content=\"Cand\u00e1s 365\"\/>\n\t<meta name=\"google-site-verification\" content=\"UA-32230408-1\" \/>\n\t<meta name=\"msvalidate.01\" content=\"354F3CDFB2DA171B47FBE9ABF1F88D5\" \/>\n\t<meta name=\"keywords\" content=\"internacional\" \/>\n\t<link rel=\"canonical\" href=\"https:\/\/candas365.es\/noticias\/eliminados-dos-altos-mandos-de-ei-en-el-norte-de-siria\/\" \/>\n\t<meta name=\"generator\" content=\"All in One SEO Pro (AIOSEO) 4.9.6.2\" \/>\n\t\t<meta property=\"og:locale\" content=\"es_ES\" \/>\n\t\t<meta property=\"og:site_name\" content=\"Cand\u00e1s 365\" \/>\n\t\t<meta property=\"og:type\" content=\"article\" \/>\n\t\t<meta property=\"og:title\" content=\"Eliminados dos altos mandos de EI en el norte de Siria | Cand\u00e1s 365\" \/>\n\t\t<meta property=\"og:description\" content=\"(EP) - Las Fuerzas Armadas estadounidenses han llevado a cabo este jueves un ataque a\u00e9reo en el norte de Siria, cerca de la ciudad de Qamishli\" \/>\n\t\t<meta property=\"og:url\" content=\"https:\/\/candas365.es\/noticias\/eliminados-dos-altos-mandos-de-ei-en-el-norte-de-siria\/\" \/>\n\t\t<meta property=\"og:image\" content=\"https:\/\/candas365.es\/noticias\/wp-content\/uploads\/2022\/10\/Siria.jpg\" \/>\n\t\t<meta property=\"og:image:secure_url\" content=\"https:\/\/candas365.es\/noticias\/wp-content\/uploads\/2022\/10\/Siria.jpg\" \/>\n\t\t<meta property=\"og:image:width\" content=\"991\" \/>\n\t\t<meta property=\"og:image:height\" content=\"659\" \/>\n\t\t<meta property=\"article:published_time\" content=\"2022-10-07T01:08:08+00:00\" \/>\n\t\t<meta property=\"article:modified_time\" content=\"2022-10-07T01:08:08+00:00\" \/>\n\t\t<meta property=\"article:publisher\" content=\"https:\/\/www.facebook.com\/Nachofdezber\" \/>\n\t\t<meta property=\"article:author\" content=\"https:\/\/www.facebook.com\/carrenoactualidad\" \/>\n\t\t<meta name=\"twitter:card\" content=\"summary_large_image\" \/>\n\t\t<meta name=\"twitter:site\" content=\"@NabercoDigital\" \/>\n\t\t<meta name=\"twitter:title\" content=\"Eliminados dos altos mandos de EI en el norte de Siria | Cand\u00e1s 365\" \/>\n\t\t<meta name=\"twitter:description\" content=\"(EP) - Las Fuerzas Armadas estadounidenses han llevado a cabo este jueves un ataque a\u00e9reo en el norte de Siria, cerca de la ciudad de Qamishli\" \/>\n\t\t<meta name=\"twitter:creator\" content=\"@nbasturias\" \/>\n\t\t<meta name=\"twitter:image\" content=\"https:\/\/candas365.es\/noticias\/wp-content\/uploads\/2022\/10\/Siria.jpg\" \/>\n\t\t<meta name=\"twitter:label1\" content=\"Escrito por\" \/>\n\t\t<meta name=\"twitter:data1\" content=\"Cand\u00e1s 365\" \/>\n\t\t<meta name=\"twitter:label2\" content=\"Tiempo de lectura estimado\" \/>\n\t\t<meta name=\"twitter:data2\" content=\"1 minuto\" \/>\n\t\t<script type=\"application\/ld+json\" class=\"aioseo-schema\">\n\t\t\t{\"@context\":\"https:\\\/\\\/schema.org\",\"@graph\":[{\"@type\":\"BreadcrumbList\",\"@id\":\"https:\\\/\\\/candas365.es\\\/noticias\\\/eliminados-dos-altos-mandos-de-ei-en-el-norte-de-siria\\\/#breadcrumblist\",\"itemListElement\":[{\"@type\":\"ListItem\",\"@id\":\"https:\\\/\\\/candas365.es\\\/noticias#listItem\",\"position\":1,\"name\":\"Home\",\"item\":\"https:\\\/\\\/candas365.es\\\/noticias\",\"nextItem\":{\"@type\":\"ListItem\",\"@id\":\"https:\\\/\\\/candas365.es\\\/noticias\\\/category\\\/internacional\\\/#listItem\",\"name\":\"Internacional\"}},{\"@type\":\"ListItem\",\"@id\":\"https:\\\/\\\/candas365.es\\\/noticias\\\/category\\\/internacional\\\/#listItem\",\"position\":2,\"name\":\"Internacional\",\"item\":\"https:\\\/\\\/candas365.es\\\/noticias\\\/category\\\/internacional\\\/\",\"nextItem\":{\"@type\":\"ListItem\",\"@id\":\"https:\\\/\\\/candas365.es\\\/noticias\\\/eliminados-dos-altos-mandos-de-ei-en-el-norte-de-siria\\\/#listItem\",\"name\":\"Eliminados dos altos mandos de EI en el norte de Siria\"},\"previousItem\":{\"@type\":\"ListItem\",\"@id\":\"https:\\\/\\\/candas365.es\\\/noticias#listItem\",\"name\":\"Home\"}},{\"@type\":\"ListItem\",\"@id\":\"https:\\\/\\\/candas365.es\\\/noticias\\\/eliminados-dos-altos-mandos-de-ei-en-el-norte-de-siria\\\/#listItem\",\"position\":3,\"name\":\"Eliminados dos altos mandos de EI en el norte de Siria\",\"previousItem\":{\"@type\":\"ListItem\",\"@id\":\"https:\\\/\\\/candas365.es\\\/noticias\\\/category\\\/internacional\\\/#listItem\",\"name\":\"Internacional\"}}]},{\"@type\":\"NewsArticle\",\"@id\":\"https:\\\/\\\/candas365.es\\\/noticias\\\/eliminados-dos-altos-mandos-de-ei-en-el-norte-de-siria\\\/#newsarticle\",\"name\":\"Eliminados dos altos mandos de EI en el norte de Siria | Cand\\u00e1s 365\",\"headline\":\"Eliminados dos altos mandos de EI en el norte de Siria\",\"author\":{\"@id\":\"https:\\\/\\\/candas365.es\\\/noticias\\\/author\\\/admin\\\/#author\"},\"publisher\":{\"@id\":\"https:\\\/\\\/candas365.es\\\/noticias\\\/#organization\"},\"image\":{\"@type\":\"ImageObject\",\"url\":\"https:\\\/\\\/candas365.es\\\/noticias\\\/wp-content\\\/uploads\\\/2022\\\/10\\\/Siria.jpg\",\"width\":991,\"height\":659,\"caption\":\"FOTO: STAFF SGT. SHAWN NICKEL \\\/ Europa Press\"},\"datePublished\":\"2022-10-07T03:08:08+02:00\",\"dateModified\":\"2022-10-07T03:08:08+02:00\",\"inLanguage\":\"es-ES\",\"mainEntityOfPage\":{\"@id\":\"https:\\\/\\\/candas365.es\\\/noticias\\\/eliminados-dos-altos-mandos-de-ei-en-el-norte-de-siria\\\/#webpage\"},\"isPartOf\":{\"@id\":\"https:\\\/\\\/candas365.es\\\/noticias\\\/eliminados-dos-altos-mandos-de-ei-en-el-norte-de-siria\\\/#webpage\"},\"articleSection\":\"Internacional, conflictos, Internacional\",\"dateline\":\"Publicado el octubre 7, 2022.\"},{\"@type\":\"Organization\",\"@id\":\"https:\\\/\\\/candas365.es\\\/noticias\\\/#organization\",\"name\":\"Cand\\u00e1s 365\",\"description\":\"Cand\\u00e1s 365 es un diario digital independiente, fundado en 2012, con base en Asturias. Informamos con rigor sobre actualidad, sociedad, cultura y ocio, con una mirada local y global.\",\"url\":\"https:\\\/\\\/candas365.es\\\/noticias\\\/\",\"email\":\"info@candas365.es\",\"telephone\":\"+34652131393\",\"foundingDate\":\"2012-06-10\",\"logo\":{\"@type\":\"ImageObject\",\"url\":\"https:\\\/\\\/candas365.es\\\/noticias\\\/wp-content\\\/uploads\\\/2024\\\/09\\\/Candas-365-Redes.jpg\",\"@id\":\"https:\\\/\\\/candas365.es\\\/noticias\\\/eliminados-dos-altos-mandos-de-ei-en-el-norte-de-siria\\\/#organizationLogo\",\"width\":1152,\"height\":864,\"caption\":\"Cand\\u00e1s 365 Redes\"},\"image\":{\"@id\":\"https:\\\/\\\/candas365.es\\\/noticias\\\/eliminados-dos-altos-mandos-de-ei-en-el-norte-de-siria\\\/#organizationLogo\"},\"sameAs\":[\"https:\\\/\\\/www.facebook.com\\\/Nachofdezber\",\"https:\\\/\\\/x.com\\\/NabercoDigital\",\"https:\\\/\\\/www.instagram.com\\\/nachofdezber\\\/\",\"https:\\\/\\\/www.youtube.com\\\/channel\\\/UCZP-2wLEB9Rv6erhFmqVnvg\"],\"address\":{\"@id\":\"https:\\\/\\\/candas365.es\\\/noticias\\\/#postaladdress\",\"@type\":\"PostalAddress\",\"streetAddress\":\"san antonio 4, san antonio 4\",\"postalCode\":\"33430\",\"addressLocality\":\"Cand\\u00e1s\",\"addressRegion\":\"Asturias\",\"addressCountry\":\"ES\"}},{\"@type\":\"Person\",\"@id\":\"https:\\\/\\\/candas365.es\\\/noticias\\\/author\\\/admin\\\/#author\",\"url\":\"https:\\\/\\\/candas365.es\\\/noticias\\\/author\\\/admin\\\/\",\"name\":\"Cand\\u00e1s 365\",\"image\":{\"@type\":\"ImageObject\",\"@id\":\"https:\\\/\\\/candas365.es\\\/noticias\\\/eliminados-dos-altos-mandos-de-ei-en-el-norte-de-siria\\\/#authorImage\",\"url\":\"https:\\\/\\\/secure.gravatar.com\\\/avatar\\\/496a8e03d0c493ede1718b7934145dbdf8d89be1036b0eec9544e1094c9de390?s=96&d=mm&r=g\",\"width\":96,\"height\":96,\"caption\":\"Cand\\u00e1s 365\"},\"sameAs\":[\"https:\\\/\\\/www.facebook.com\\\/carrenoactualidad\",\"https:\\\/\\\/twitter.com\\\/nbasturias\",\"https:\\\/\\\/www.instagram.com\\\/nachofdezber\\\/\",\"https:\\\/\\\/www.youtube.com\\\/channel\\\/UCZP-2wLEB9Rv6erhFmqVnvg\"]},{\"@type\":\"WebPage\",\"@id\":\"https:\\\/\\\/candas365.es\\\/noticias\\\/eliminados-dos-altos-mandos-de-ei-en-el-norte-de-siria\\\/#webpage\",\"url\":\"https:\\\/\\\/candas365.es\\\/noticias\\\/eliminados-dos-altos-mandos-de-ei-en-el-norte-de-siria\\\/\",\"name\":\"Eliminados dos altos mandos de EI en el norte de Siria | Cand\\u00e1s 365\",\"description\":\"(EP) - Las Fuerzas Armadas estadounidenses han llevado a cabo este jueves un ataque a\\u00e9reo en el norte de Siria, cerca de la ciudad de Qamishli\",\"inLanguage\":\"es-ES\",\"isPartOf\":{\"@id\":\"https:\\\/\\\/candas365.es\\\/noticias\\\/#website\"},\"breadcrumb\":{\"@id\":\"https:\\\/\\\/candas365.es\\\/noticias\\\/eliminados-dos-altos-mandos-de-ei-en-el-norte-de-siria\\\/#breadcrumblist\"},\"author\":{\"@id\":\"https:\\\/\\\/candas365.es\\\/noticias\\\/author\\\/admin\\\/#author\"},\"creator\":{\"@id\":\"https:\\\/\\\/candas365.es\\\/noticias\\\/author\\\/admin\\\/#author\"},\"image\":{\"@type\":\"ImageObject\",\"url\":\"https:\\\/\\\/candas365.es\\\/noticias\\\/wp-content\\\/uploads\\\/2022\\\/10\\\/Siria.jpg\",\"@id\":\"https:\\\/\\\/candas365.es\\\/noticias\\\/eliminados-dos-altos-mandos-de-ei-en-el-norte-de-siria\\\/#mainImage\",\"width\":991,\"height\":659,\"caption\":\"FOTO: STAFF SGT. SHAWN NICKEL \\\/ Europa Press\"},\"primaryImageOfPage\":{\"@id\":\"https:\\\/\\\/candas365.es\\\/noticias\\\/eliminados-dos-altos-mandos-de-ei-en-el-norte-de-siria\\\/#mainImage\"},\"datePublished\":\"2022-10-07T03:08:08+02:00\",\"dateModified\":\"2022-10-07T03:08:08+02:00\"},{\"@type\":\"WebSite\",\"@id\":\"https:\\\/\\\/candas365.es\\\/noticias\\\/#website\",\"url\":\"https:\\\/\\\/candas365.es\\\/noticias\\\/\",\"name\":\"Cand\\u00e1s 365\",\"alternateName\":\"Cand\\u00e1s 365 Noticias\",\"description\":\"Actualidad desde Carre\\u00f1o para el mundo\",\"inLanguage\":\"es-ES\",\"publisher\":{\"@id\":\"https:\\\/\\\/candas365.es\\\/noticias\\\/#organization\"}}]}\n\t\t<\/script>\n\t\t<!-- All in One SEO Pro -->\r\n\t\t<title>Eliminados dos altos mandos de EI en el norte de Siria | Cand\u00e1s 365<\/title>\n\n","aioseo_head_json":{"title":"Eliminados dos altos mandos de EI en el norte de Siria | Cand\u00e1s 365","description":"(EP) - Las Fuerzas Armadas estadounidenses han llevado a cabo este jueves un ataque a\u00e9reo en el norte de Siria, cerca de la ciudad de Qamishli","canonical_url":"https:\/\/candas365.es\/noticias\/eliminados-dos-altos-mandos-de-ei-en-el-norte-de-siria\/","robots":"max-image-preview:large","keywords":"internacional","webmasterTools":{"google-site-verification":"UA-32230408-1","msvalidate.01":"354F3CDFB2DA171B47FBE9ABF1F88D5","miscellaneous":""},"schema":{"@context":"https:\/\/schema.org","@graph":[{"@type":"BreadcrumbList","@id":"https:\/\/candas365.es\/noticias\/eliminados-dos-altos-mandos-de-ei-en-el-norte-de-siria\/#breadcrumblist","itemListElement":[{"@type":"ListItem","@id":"https:\/\/candas365.es\/noticias#listItem","position":1,"name":"Home","item":"https:\/\/candas365.es\/noticias","nextItem":{"@type":"ListItem","@id":"https:\/\/candas365.es\/noticias\/category\/internacional\/#listItem","name":"Internacional"}},{"@type":"ListItem","@id":"https:\/\/candas365.es\/noticias\/category\/internacional\/#listItem","position":2,"name":"Internacional","item":"https:\/\/candas365.es\/noticias\/category\/internacional\/","nextItem":{"@type":"ListItem","@id":"https:\/\/candas365.es\/noticias\/eliminados-dos-altos-mandos-de-ei-en-el-norte-de-siria\/#listItem","name":"Eliminados dos altos mandos de EI en el norte de Siria"},"previousItem":{"@type":"ListItem","@id":"https:\/\/candas365.es\/noticias#listItem","name":"Home"}},{"@type":"ListItem","@id":"https:\/\/candas365.es\/noticias\/eliminados-dos-altos-mandos-de-ei-en-el-norte-de-siria\/#listItem","position":3,"name":"Eliminados dos altos mandos de EI en el norte de Siria","previousItem":{"@type":"ListItem","@id":"https:\/\/candas365.es\/noticias\/category\/internacional\/#listItem","name":"Internacional"}}]},{"@type":"NewsArticle","@id":"https:\/\/candas365.es\/noticias\/eliminados-dos-altos-mandos-de-ei-en-el-norte-de-siria\/#newsarticle","name":"Eliminados dos altos mandos de EI en el norte de Siria | Cand\u00e1s 365","headline":"Eliminados dos altos mandos de EI en el norte de Siria","author":{"@id":"https:\/\/candas365.es\/noticias\/author\/admin\/#author"},"publisher":{"@id":"https:\/\/candas365.es\/noticias\/#organization"},"image":{"@type":"ImageObject","url":"https:\/\/candas365.es\/noticias\/wp-content\/uploads\/2022\/10\/Siria.jpg","width":991,"height":659,"caption":"FOTO: STAFF SGT. SHAWN NICKEL \/ Europa Press"},"datePublished":"2022-10-07T03:08:08+02:00","dateModified":"2022-10-07T03:08:08+02:00","inLanguage":"es-ES","mainEntityOfPage":{"@id":"https:\/\/candas365.es\/noticias\/eliminados-dos-altos-mandos-de-ei-en-el-norte-de-siria\/#webpage"},"isPartOf":{"@id":"https:\/\/candas365.es\/noticias\/eliminados-dos-altos-mandos-de-ei-en-el-norte-de-siria\/#webpage"},"articleSection":"Internacional, conflictos, Internacional","dateline":"Publicado el octubre 7, 2022."},{"@type":"Organization","@id":"https:\/\/candas365.es\/noticias\/#organization","name":"Cand\u00e1s 365","description":"Cand\u00e1s 365 es un diario digital independiente, fundado en 2012, con base en Asturias. Informamos con rigor sobre actualidad, sociedad, cultura y ocio, con una mirada local y global.","url":"https:\/\/candas365.es\/noticias\/","email":"info@candas365.es","telephone":"+34652131393","foundingDate":"2012-06-10","logo":{"@type":"ImageObject","url":"https:\/\/candas365.es\/noticias\/wp-content\/uploads\/2024\/09\/Candas-365-Redes.jpg","@id":"https:\/\/candas365.es\/noticias\/eliminados-dos-altos-mandos-de-ei-en-el-norte-de-siria\/#organizationLogo","width":1152,"height":864,"caption":"Cand\u00e1s 365 Redes"},"image":{"@id":"https:\/\/candas365.es\/noticias\/eliminados-dos-altos-mandos-de-ei-en-el-norte-de-siria\/#organizationLogo"},"sameAs":["https:\/\/www.facebook.com\/Nachofdezber","https:\/\/x.com\/NabercoDigital","https:\/\/www.instagram.com\/nachofdezber\/","https:\/\/www.youtube.com\/channel\/UCZP-2wLEB9Rv6erhFmqVnvg"],"address":{"@id":"https:\/\/candas365.es\/noticias\/#postaladdress","@type":"PostalAddress","streetAddress":"san antonio 4, san antonio 4","postalCode":"33430","addressLocality":"Cand\u00e1s","addressRegion":"Asturias","addressCountry":"ES"}},{"@type":"Person","@id":"https:\/\/candas365.es\/noticias\/author\/admin\/#author","url":"https:\/\/candas365.es\/noticias\/author\/admin\/","name":"Cand\u00e1s 365","image":{"@type":"ImageObject","@id":"https:\/\/candas365.es\/noticias\/eliminados-dos-altos-mandos-de-ei-en-el-norte-de-siria\/#authorImage","url":"https:\/\/secure.gravatar.com\/avatar\/496a8e03d0c493ede1718b7934145dbdf8d89be1036b0eec9544e1094c9de390?s=96&d=mm&r=g","width":96,"height":96,"caption":"Cand\u00e1s 365"},"sameAs":["https:\/\/www.facebook.com\/carrenoactualidad","https:\/\/twitter.com\/nbasturias","https:\/\/www.instagram.com\/nachofdezber\/","https:\/\/www.youtube.com\/channel\/UCZP-2wLEB9Rv6erhFmqVnvg"]},{"@type":"WebPage","@id":"https:\/\/candas365.es\/noticias\/eliminados-dos-altos-mandos-de-ei-en-el-norte-de-siria\/#webpage","url":"https:\/\/candas365.es\/noticias\/eliminados-dos-altos-mandos-de-ei-en-el-norte-de-siria\/","name":"Eliminados dos altos mandos de EI en el norte de Siria | Cand\u00e1s 365","description":"(EP) - Las Fuerzas Armadas estadounidenses han llevado a cabo este jueves un ataque a\u00e9reo en el norte de Siria, cerca de la ciudad de Qamishli","inLanguage":"es-ES","isPartOf":{"@id":"https:\/\/candas365.es\/noticias\/#website"},"breadcrumb":{"@id":"https:\/\/candas365.es\/noticias\/eliminados-dos-altos-mandos-de-ei-en-el-norte-de-siria\/#breadcrumblist"},"author":{"@id":"https:\/\/candas365.es\/noticias\/author\/admin\/#author"},"creator":{"@id":"https:\/\/candas365.es\/noticias\/author\/admin\/#author"},"image":{"@type":"ImageObject","url":"https:\/\/candas365.es\/noticias\/wp-content\/uploads\/2022\/10\/Siria.jpg","@id":"https:\/\/candas365.es\/noticias\/eliminados-dos-altos-mandos-de-ei-en-el-norte-de-siria\/#mainImage","width":991,"height":659,"caption":"FOTO: STAFF SGT. SHAWN NICKEL \/ Europa Press"},"primaryImageOfPage":{"@id":"https:\/\/candas365.es\/noticias\/eliminados-dos-altos-mandos-de-ei-en-el-norte-de-siria\/#mainImage"},"datePublished":"2022-10-07T03:08:08+02:00","dateModified":"2022-10-07T03:08:08+02:00"},{"@type":"WebSite","@id":"https:\/\/candas365.es\/noticias\/#website","url":"https:\/\/candas365.es\/noticias\/","name":"Cand\u00e1s 365","alternateName":"Cand\u00e1s 365 Noticias","description":"Actualidad desde Carre\u00f1o para el mundo","inLanguage":"es-ES","publisher":{"@id":"https:\/\/candas365.es\/noticias\/#organization"}}]},"og:locale":"es_ES","og:site_name":"Cand\u00e1s 365","og:type":"article","og:title":"Eliminados dos altos mandos de EI en el norte de Siria | Cand\u00e1s 365","og:description":"(EP) - Las Fuerzas Armadas estadounidenses han llevado a cabo este jueves un ataque a\u00e9reo en el norte de Siria, cerca de la ciudad de Qamishli","og:url":"https:\/\/candas365.es\/noticias\/eliminados-dos-altos-mandos-de-ei-en-el-norte-de-siria\/","og:image":"https:\/\/candas365.es\/noticias\/wp-content\/uploads\/2022\/10\/Siria.jpg","og:image:secure_url":"https:\/\/candas365.es\/noticias\/wp-content\/uploads\/2022\/10\/Siria.jpg","og:image:width":991,"og:image:height":659,"article:published_time":"2022-10-07T01:08:08+00:00","article:modified_time":"2022-10-07T01:08:08+00:00","article:publisher":"https:\/\/www.facebook.com\/Nachofdezber","article:author":"https:\/\/www.facebook.com\/carrenoactualidad","twitter:card":"summary_large_image","twitter:site":"@NabercoDigital","twitter:title":"Eliminados dos altos mandos de EI en el norte de Siria | Cand\u00e1s 365","twitter:description":"(EP) - Las Fuerzas Armadas estadounidenses han llevado a cabo este jueves un ataque a\u00e9reo en el norte de Siria, cerca de la ciudad de Qamishli","twitter:creator":"@nbasturias","twitter:image":"https:\/\/candas365.es\/noticias\/wp-content\/uploads\/2022\/10\/Siria.jpg","twitter:label1":"Escrito por","twitter:data1":"Cand\u00e1s 365","twitter:label2":"Tiempo de lectura estimado","twitter:data2":"1 minuto"},"aioseo_meta_data":{"post_id":"167194","title":null,"description":"(EP) - Las Fuerzas Armadas estadounidenses han llevado a cabo este jueves un ataque a\u00e9reo en el norte de Siria, cerca de la ciudad de Qamishli","keywords":[],"keyphrases":{"focus":{"keyphrase":"Siria","score":92,"analysis":{"keyphraseInTitle":{"title":"Focus keyphrase in SEO title","description":"Focus keyphrase found in SEO title.","score":9,"maxScore":9,"error":0},"keyphraseInDescription":{"title":"Focus keyphrase in meta description","description":"Focus keyphrase found in meta description.","score":9,"maxScore":9,"error":0},"keyphraseLength":{"title":"Focus keyphrase length","description":"Good job!","score":9,"maxScore":9,"error":0,"length":1},"keyphraseInURL":{"title":"Focus keyphrase in URL","description":"Focus keyphrase not found in the URL.","score":1,"maxScore":5,"error":1},"keyphraseInIntroduction":{"title":"Focus keyphrase in introduction","description":"Your Focus keyphrase appears in the first paragraph. Well done!","score":9,"maxScore":9,"error":0},"keyphraseInSubHeadings":[],"keyphraseInImageAlt":{"title":"Focus keyphrase in image alt attributes","description":"Focus keyphrase found in image alt attribute(s).","score":9,"maxScore":9,"error":0}}},"additional":[{"keyphrase":"ataque a\u00e9reo","score":83,"analysis":{"keyphraseInDescription":{"title":"Keyphrase in meta description","description":"Keyphrase found in meta description.","score":9,"maxScore":9,"error":0},"keyphraseLength":{"title":"Keyphrase length","description":"Good job!","score":9,"maxScore":9,"error":0,"length":2},"keyphraseInIntroduction":{"title":"Keyphrase in introduction","description":"Your Keyphrase appears in the first paragraph. Well done!","score":9,"maxScore":9,"error":0},"keyphraseInImageAlt":{"title":"Keyphrase in image alt attributes","description":"Keyphrase not found in image alt attribute(s). Add an image with your Keyphrase as alt text.","score":3,"maxScore":9,"error":1}}}]},"primary_term":null,"canonical_url":null,"og_title":null,"og_description":null,"og_object_type":"default","og_image_type":"default","og_image_url":null,"og_image_width":null,"og_image_height":null,"og_image_custom_url":null,"og_image_custom_fields":null,"og_video":"","og_custom_url":null,"og_article_section":null,"og_article_tags":[],"twitter_use_og":false,"twitter_card":"default","twitter_image_type":"default","twitter_image_url":null,"twitter_image_custom_url":null,"twitter_image_custom_fields":null,"twitter_title":null,"twitter_description":null,"schema":{"blockGraphs":[],"customGraphs":[],"default":{"data":{"Article":[],"Course":[],"Dataset":[],"FAQPage":[],"Movie":[],"Person":[],"Product":[],"ProductReview":[],"Car":[],"Recipe":[],"Service":[],"SoftwareApplication":[],"WebPage":[]},"graphName":"Article","isEnabled":true},"graphs":[]},"schema_type":"default","schema_type_options":null,"pillar_content":false,"robots_default":true,"robots_noindex":false,"robots_noarchive":false,"robots_nosnippet":false,"robots_nofollow":false,"robots_noimageindex":false,"robots_noodp":false,"robots_notranslate":false,"robots_max_snippet":"-1","robots_max_videopreview":"-1","robots_max_imagepreview":"large","priority":null,"frequency":"default","location":null,"local_seo":null,"seo_analyzer_scan_date":"2025-09-01 13:28:11","breadcrumb_settings":null,"limit_modified_date":false,"reviewed_by":null,"open_ai":null,"ai":null,"created":"2022-10-07 01:01:33","updated":"2025-09-01 13:28:11"},"aioseo_breadcrumb":"<div class=\"aioseo-breadcrumbs\"><span class=\"aioseo-breadcrumb\">\n\t<a href=\"https:\/\/candas365.es\/noticias\" title=\"Home\">Home<\/a>\n<\/span><span class=\"aioseo-breadcrumb-separator\">&ndash;<\/span><span class=\"aioseo-breadcrumb\">\n\t<a href=\"https:\/\/candas365.es\/noticias\/category\/internacional\/\" title=\"Internacional\">Internacional<\/a>\n<\/span><span class=\"aioseo-breadcrumb-separator\">&ndash;<\/span><span class=\"aioseo-breadcrumb\">\n\tEliminados dos altos mandos de EI en el norte de Siria\n<\/span><\/div>","aioseo_breadcrumb_json":[{"label":"Home","link":"https:\/\/candas365.es\/noticias"},{"label":"Internacional","link":"https:\/\/candas365.es\/noticias\/category\/internacional\/"},{"label":"Eliminados dos altos mandos de EI en el norte de Siria","link":"https:\/\/candas365.es\/noticias\/eliminados-dos-altos-mandos-de-ei-en-el-norte-de-siria\/"}],"_links":{"self":[{"href":"https:\/\/candas365.es\/noticias\/wp-json\/wp\/v2\/posts\/167194","targetHints":{"allow":["GET"]}}],"collection":[{"href":"https:\/\/candas365.es\/noticias\/wp-json\/wp\/v2\/posts"}],"about":[{"href":"https:\/\/candas365.es\/noticias\/wp-json\/wp\/v2\/types\/post"}],"author":[{"embeddable":true,"href":"https:\/\/candas365.es\/noticias\/wp-json\/wp\/v2\/users\/1"}],"replies":[{"embeddable":true,"href":"https:\/\/candas365.es\/noticias\/wp-json\/wp\/v2\/comments?post=167194"}],"version-history":[{"count":0,"href":"https:\/\/candas365.es\/noticias\/wp-json\/wp\/v2\/posts\/167194\/revisions"}],"wp:featuredmedia":[{"embeddable":true,"href":"https:\/\/candas365.es\/noticias\/wp-json\/wp\/v2\/media\/167195"}],"wp:attachment":[{"href":"https:\/\/candas365.es\/noticias\/wp-json\/wp\/v2\/media?parent=167194"}],"wp:term":[{"taxonomy":"category","embeddable":true,"href":"https:\/\/candas365.es\/noticias\/wp-json\/wp\/v2\/categories?post=167194"},{"taxonomy":"post_tag","embeddable":true,"href":"https:\/\/candas365.es\/noticias\/wp-json\/wp\/v2\/tags?post=167194"}],"curies":[{"name":"wp","href":"https:\/\/api.w.org\/{rel}","templated":true}]}}